{"id":4286,"date":"2020-08-26T19:58:46","date_gmt":"2020-08-26T22:58:46","guid":{"rendered":"https:\/\/renatodias.online\/movimento\/?p=4286"},"modified":"2020-08-26T19:59:55","modified_gmt":"2020-08-26T22:59:55","slug":"psol-lanca-mandata-coletiva","status":"publish","type":"post","link":"https:\/\/renatodias.online\/movimento\/2020\/08\/26\/psol-lanca-mandata-coletiva\/","title":{"rendered":"Psol lan\u00e7a \u2018Mandata Coletiva\u2019"},"content":{"rendered":"<p><span style=\"color: #ff0000;\"><strong>Exclusivo<\/strong><\/span><\/p>\n<h1><strong>Psol lan\u00e7a <\/strong><strong>\u2018<\/strong><strong>Mandata Coletiva<\/strong><strong>\u2019<\/strong><\/h1>\n<p><strong>C\u00edntia Dias, graduada em Ci\u00eancias Sociais; Cristiane Lemos, docente do curso de Odontologia da UFG; Beth Caline, mulher trans; e Val\u00e9ria da Congada, do Movimento Negro, inovam<\/strong><\/p>\n<p>&nbsp;<\/p>\n<p><strong>\u00a0<\/strong><strong>Renato Dias<\/strong><\/p>\n<p>Antirracista, feminista, em defesa da diversidade, contra o sexismo, a misoginia e a homofobia, com uma plataforma anticapitalista, socialista e democr\u00e1tica, o Psol [Partido Socialismo e Liberdade] lan\u00e7a, nas elei\u00e7\u00f5es \u00e0 C\u00e2mara Municipal de Goi\u00e2nia, programadas para 15 de novembro de 2020, o que classifica como \u2018<strong>Mandata Coletiva<\/strong><strong>\u2019<\/strong>. Um coletivo insubmisso com quatro mulheres. Elas concorrer\u00e3o nas urnas eletr\u00f4nicas. Integram a lista <strong>C\u00edntia Dias<\/strong>, graduada em Ci\u00eancias Sociais, na Universidade Federal de Goi\u00e1s; <strong>Cristiane Lemos<\/strong>, professora do curso de Odontologia da UFG; <strong>Beth Caline<\/strong>, mulher trans, l\u00edder dos movimentos LGBTQIA+ e ecossocialista; al\u00e9m de <strong>Val\u00e9ria da Congada<\/strong>, m\u00e3e de duas filhas e ativista do Movimento Negro<\/p>\n<p>&nbsp;<\/p>\n<p><strong>_ O nome inscrito no Tribunal Regional Eleitoral de Goi\u00e1s \u00e9 o de Cintia Dias. Feminista. Radical. <\/strong><\/p>\n<p>&nbsp;<\/p>\n<p><strong>Pol\u00edticas de inclus\u00e3o<\/strong><\/p>\n<p><strong>C\u00edntia Dias<\/strong> informa, com exclusividade, que a Legisla\u00e7\u00e3o Eleitoral permite a constru\u00e7\u00e3o coletiva. Observa\u00e7\u00e3o: uma pessoa, entre as participantes do mandato coletivo, deve registrar o seu nome, t\u00edtulo de eleitor, CPF, Cid e CNPJ Eleitoral no TRE.\u00a0Se eleitas, seremos covereadoras, relata. O mandato ser\u00e1 exercido pelas quatro, pontua. N\u00e3o existe a inten\u00e7\u00e3o de personalizar, dispara. A proposta quebra o imagin\u00e1rio do her\u00f3i, \u00fanico e salvador, que alimenta uma ilus\u00e3o que n\u00e3o resolve a vida real, explica.\u00a0As mudan\u00e7as estruturais que defendemos somente\u00a0 podem ocorrer com a a\u00e7\u00e3o das trabalhadoras conscientes e organizadas em multifacetados espa\u00e7os, metralha. Pol\u00edticas p\u00fablicas de inclus\u00e3o e participa\u00e7\u00e3o social atraentes, fuzila ela.<\/p>\n<p>&nbsp;<\/p>\n<p><strong>_ O que nos une \u00e9 que somos mulheres das lutas de classes, dos movimentos sociais. <\/strong><\/p>\n<p>&nbsp;<\/p>\n","protected":false},"excerpt":{"rendered":"<p>Exclusivo Psol lan\u00e7a \u2018Mandata Coletiva\u2019 C\u00edntia Dias, graduada em Ci\u00eancias Sociais; Cristiane Lemos, docente do curso de Odontologia da UFG; Beth Caline, mulher trans; e Val\u00e9ria da Congada, do Movimento Negro, inovam &nbsp; \u00a0Renato Dias Antirracista, feminista, em defesa da diversidade, contra o sexismo, a misoginia e a homofobia, com uma plataforma anticapitalista, socialista e<\/p>\n","protected":false},"author":2,"featured_media":4287,"comment_status":"open","ping_status":"open","sticky":false,"template":"","format":"standard","meta":{"_acf_changed":false,"_monsterinsights_skip_tracking":false,"_monsterinsights_sitenote_active":false,"_monsterinsights_sitenote_note":"","_monsterinsights_sitenote_category":0,"footnotes":""},"categories":[4],"tags":[],"class_list":["post-4286","post","type-post","status-publish","format-standard","has-post-thumbnail","hentry","category-politica"],"acf":[],"yoast_head":"<!-- This site is optimized with the Yoast SEO plugin v27.4 - https:\/\/yoast.com\/product\/yoast-seo-wordpress\/ -->\n<title>Psol lan\u00e7a \u2018Mandata Coletiva\u2019 -<\/title>\n<meta name=\"robots\" content=\"index, follow, max-snippet:-1, max-image-preview:large, max-video-preview:-1\" \/>\n<link rel=\"canonical\" href=\"https:\/\/renatodias.online\/movimento\/2020\/08\/26\/psol-lanca-mandata-coletiva\/\" \/>\n<meta property=\"og:locale\" content=\"pt_BR\" \/>\n<meta property=\"og:type\" content=\"article\" \/>\n<meta property=\"og:title\" content=\"Psol lan\u00e7a \u2018Mandata Coletiva\u2019 -\" \/>\n<meta property=\"og:description\" content=\"Exclusivo Psol lan\u00e7a \u2018Mandata Coletiva\u2019 C\u00edntia Dias, graduada em Ci\u00eancias Sociais; Cristiane Lemos, docente do curso de Odontologia da UFG; Beth Caline, mulher trans; e Val\u00e9ria da Congada, do Movimento Negro, inovam &nbsp; \u00a0Renato Dias Antirracista, feminista, em defesa da diversidade, contra o sexismo, a misoginia e a homofobia, com uma plataforma anticapitalista, socialista e\" \/>\n<meta property=\"og:url\" content=\"https:\/\/renatodias.online\/movimento\/2020\/08\/26\/psol-lanca-mandata-coletiva\/\" \/>\n<meta property=\"article:publisher\" content=\"https:\/\/www.facebook.com\/renato.dias.37\" \/>\n<meta property=\"article:author\" content=\"https:\/\/www.facebook.com\/renato.dias.37\" \/>\n<meta property=\"article:published_time\" content=\"2020-08-26T22:58:46+00:00\" \/>\n<meta property=\"article:modified_time\" content=\"2020-08-26T22:59:55+00:00\" \/>\n<meta property=\"og:image\" content=\"https:\/\/renatodias.online\/movimento\/wp-content\/uploads\/2020\/08\/WhatsApp-Image-2020-08-26-at-19.42.14.jpeg\" \/>\n\t<meta property=\"og:image:width\" content=\"853\" \/>\n\t<meta property=\"og:image:height\" content=\"853\" \/>\n\t<meta property=\"og:image:type\" content=\"image\/jpeg\" \/>\n<meta name=\"author\" content=\"Renato Dias\" \/>\n<meta name=\"twitter:card\" content=\"summary_large_image\" \/>\n<meta name=\"twitter:creator\" content=\"@RenatoDiasBat\" \/>\n<meta name=\"twitter:site\" content=\"@RenatoDiasBat\" \/>\n<meta name=\"twitter:label1\" content=\"Escrito por\" \/>\n\t<meta name=\"twitter:data1\" content=\"Renato Dias\" \/>\n\t<meta name=\"twitter:label2\" content=\"Est. tempo de leitura\" \/>\n\t<meta name=\"twitter:data2\" content=\"2 minutos\" \/>\n<script type=\"application\/ld+json\" class=\"yoast-schema-graph\">{\"@context\":\"https:\\\/\\\/schema.org\",\"@graph\":[{\"@type\":\"Article\",\"@id\":\"https:\\\/\\\/renatodias.online\\\/movimento\\\/2020\\\/08\\\/26\\\/psol-lanca-mandata-coletiva\\\/#article\",\"isPartOf\":{\"@id\":\"https:\\\/\\\/renatodias.online\\\/movimento\\\/2020\\\/08\\\/26\\\/psol-lanca-mandata-coletiva\\\/\"},\"author\":{\"name\":\"Renato Dias\",\"@id\":\"https:\\\/\\\/renatodias.online\\\/movimento\\\/#\\\/schema\\\/person\\\/bbab28833b1725a20f4083f49f1fb2a9\"},\"headline\":\"Psol lan\u00e7a \u2018Mandata Coletiva\u2019\",\"datePublished\":\"2020-08-26T22:58:46+00:00\",\"dateModified\":\"2020-08-26T22:59:55+00:00\",\"mainEntityOfPage\":{\"@id\":\"https:\\\/\\\/renatodias.online\\\/movimento\\\/2020\\\/08\\\/26\\\/psol-lanca-mandata-coletiva\\\/\"},\"wordCount\":325,\"commentCount\":0,\"publisher\":{\"@id\":\"https:\\\/\\\/renatodias.online\\\/movimento\\\/#\\\/schema\\\/person\\\/bbab28833b1725a20f4083f49f1fb2a9\"},\"image\":{\"@id\":\"https:\\\/\\\/renatodias.online\\\/movimento\\\/2020\\\/08\\\/26\\\/psol-lanca-mandata-coletiva\\\/#primaryimage\"},\"thumbnailUrl\":\"https:\\\/\\\/renatodias.online\\\/movimento\\\/wp-content\\\/uploads\\\/2020\\\/08\\\/WhatsApp-Image-2020-08-26-at-19.42.14.jpeg\",\"articleSection\":[\"Pol\u00edtica\"],\"inLanguage\":\"pt-BR\",\"potentialAction\":[{\"@type\":\"CommentAction\",\"name\":\"Comment\",\"target\":[\"https:\\\/\\\/renatodias.online\\\/movimento\\\/2020\\\/08\\\/26\\\/psol-lanca-mandata-coletiva\\\/#respond\"]}]},{\"@type\":\"WebPage\",\"@id\":\"https:\\\/\\\/renatodias.online\\\/movimento\\\/2020\\\/08\\\/26\\\/psol-lanca-mandata-coletiva\\\/\",\"url\":\"https:\\\/\\\/renatodias.online\\\/movimento\\\/2020\\\/08\\\/26\\\/psol-lanca-mandata-coletiva\\\/\",\"name\":\"Psol lan\u00e7a \u2018Mandata Coletiva\u2019 -\",\"isPartOf\":{\"@id\":\"https:\\\/\\\/renatodias.online\\\/movimento\\\/#website\"},\"primaryImageOfPage\":{\"@id\":\"https:\\\/\\\/renatodias.online\\\/movimento\\\/2020\\\/08\\\/26\\\/psol-lanca-mandata-coletiva\\\/#primaryimage\"},\"image\":{\"@id\":\"https:\\\/\\\/renatodias.online\\\/movimento\\\/2020\\\/08\\\/26\\\/psol-lanca-mandata-coletiva\\\/#primaryimage\"},\"thumbnailUrl\":\"https:\\\/\\\/renatodias.online\\\/movimento\\\/wp-content\\\/uploads\\\/2020\\\/08\\\/WhatsApp-Image-2020-08-26-at-19.42.14.jpeg\",\"datePublished\":\"2020-08-26T22:58:46+00:00\",\"dateModified\":\"2020-08-26T22:59:55+00:00\",\"breadcrumb\":{\"@id\":\"https:\\\/\\\/renatodias.online\\\/movimento\\\/2020\\\/08\\\/26\\\/psol-lanca-mandata-coletiva\\\/#breadcrumb\"},\"inLanguage\":\"pt-BR\",\"potentialAction\":[{\"@type\":\"ReadAction\",\"target\":[\"https:\\\/\\\/renatodias.online\\\/movimento\\\/2020\\\/08\\\/26\\\/psol-lanca-mandata-coletiva\\\/\"]}]},{\"@type\":\"ImageObject\",\"inLanguage\":\"pt-BR\",\"@id\":\"https:\\\/\\\/renatodias.online\\\/movimento\\\/2020\\\/08\\\/26\\\/psol-lanca-mandata-coletiva\\\/#primaryimage\",\"url\":\"https:\\\/\\\/renatodias.online\\\/movimento\\\/wp-content\\\/uploads\\\/2020\\\/08\\\/WhatsApp-Image-2020-08-26-at-19.42.14.jpeg\",\"contentUrl\":\"https:\\\/\\\/renatodias.online\\\/movimento\\\/wp-content\\\/uploads\\\/2020\\\/08\\\/WhatsApp-Image-2020-08-26-at-19.42.14.jpeg\",\"width\":853,\"height\":853,\"caption\":\"\u00a0\u00a0C\u00edntia Dias, Beth Caline, Val\u00e9ria da Congada e Cristiane Lemos\"},{\"@type\":\"BreadcrumbList\",\"@id\":\"https:\\\/\\\/renatodias.online\\\/movimento\\\/2020\\\/08\\\/26\\\/psol-lanca-mandata-coletiva\\\/#breadcrumb\",\"itemListElement\":[{\"@type\":\"ListItem\",\"position\":1,\"name\":\"In\u00edcio\",\"item\":\"https:\\\/\\\/renatodias.online\\\/movimento\\\/\"},{\"@type\":\"ListItem\",\"position\":2,\"name\":\"Psol lan\u00e7a \u2018Mandata Coletiva\u2019\"}]},{\"@type\":\"WebSite\",\"@id\":\"https:\\\/\\\/renatodias.online\\\/movimento\\\/#website\",\"url\":\"https:\\\/\\\/renatodias.online\\\/movimento\\\/\",\"name\":\"\",\"description\":\"\",\"publisher\":{\"@id\":\"https:\\\/\\\/renatodias.online\\\/movimento\\\/#\\\/schema\\\/person\\\/bbab28833b1725a20f4083f49f1fb2a9\"},\"potentialAction\":[{\"@type\":\"SearchAction\",\"target\":{\"@type\":\"EntryPoint\",\"urlTemplate\":\"https:\\\/\\\/renatodias.online\\\/movimento\\\/?s={search_term_string}\"},\"query-input\":{\"@type\":\"PropertyValueSpecification\",\"valueRequired\":true,\"valueName\":\"search_term_string\"}}],\"inLanguage\":\"pt-BR\"},{\"@type\":[\"Person\",\"Organization\"],\"@id\":\"https:\\\/\\\/renatodias.online\\\/movimento\\\/#\\\/schema\\\/person\\\/bbab28833b1725a20f4083f49f1fb2a9\",\"name\":\"Renato Dias\",\"image\":{\"@type\":\"ImageObject\",\"inLanguage\":\"pt-BR\",\"@id\":\"https:\\\/\\\/renatodias.online\\\/movimento\\\/wp-content\\\/uploads\\\/2023\\\/03\\\/cropped-cropped-cropped-logofinal.jpeg\",\"url\":\"https:\\\/\\\/renatodias.online\\\/movimento\\\/wp-content\\\/uploads\\\/2023\\\/03\\\/cropped-cropped-cropped-logofinal.jpeg\",\"contentUrl\":\"https:\\\/\\\/renatodias.online\\\/movimento\\\/wp-content\\\/uploads\\\/2023\\\/03\\\/cropped-cropped-cropped-logofinal.jpeg\",\"width\":1280,\"height\":219,\"caption\":\"Renato Dias\"},\"logo\":{\"@id\":\"https:\\\/\\\/renatodias.online\\\/movimento\\\/wp-content\\\/uploads\\\/2023\\\/03\\\/cropped-cropped-cropped-logofinal.jpeg\"},\"description\":\"Renato Dias, 58 anos, \u00e9 graduado em Jornalismo, formado em Ci\u00eancias Sociais, com p\u00f3s-gradua\u00e7\u00e3o em Pol\u00edticas P\u00fablicas, mestre em Direito e Rela\u00e7\u00f5es Internacionais, ex-aluno extraordin\u00e1rio do Doutorado em Psicologia Social, ex-estudante do Curso de Psican\u00e1lise do Centro de Estudos Psicanal\u00edticos do Estado de Goi\u00e1s, ministrado pelo m\u00e9dico psiquiatra e psicanalista Daniel Em\u00eddio de Souza. \u00c9 autor de 30 livros-reportagem, oito document\u00e1rios, ganhou 30 pr\u00eamios e \u00e9 torcedor apaixonado do maior do Centro-Oeste, o Vila Nova Futebol Clube. Casado com Meirilane Dias, \u00e9 pai de Juliana Dias, jornalista; Daniel Dias, economista; e Maria Rosa Dias, estudante antifascista, socialista e trotskista.\u00a0Com tr\u00eas pets: Porquinho [Bull Dog Franc\u00eas], Dalila [Basset Hound] e Geleia [Basset Hound]. Al\u00e9m do eterno gato Tutuquinho, que virou estrela.\",\"sameAs\":[\"https:\\\/\\\/www.facebook.com\\\/renato.dias.37\",\"#breve\",\"https:\\\/\\\/renatodias.tumblr.com\\\/\"],\"url\":\"https:\\\/\\\/renatodias.online\\\/movimento\\\/author\\\/renatodias\\\/\"}]}<\/script>\n<!-- \/ Yoast SEO plugin. -->","yoast_head_json":{"title":"Psol lan\u00e7a \u2018Mandata Coletiva\u2019 -","robots":{"index":"index","follow":"follow","max-snippet":"max-snippet:-1","max-image-preview":"max-image-preview:large","max-video-preview":"max-video-preview:-1"},"canonical":"https:\/\/renatodias.online\/movimento\/2020\/08\/26\/psol-lanca-mandata-coletiva\/","og_locale":"pt_BR","og_type":"article","og_title":"Psol lan\u00e7a \u2018Mandata Coletiva\u2019 -","og_description":"Exclusivo Psol lan\u00e7a \u2018Mandata Coletiva\u2019 C\u00edntia Dias, graduada em Ci\u00eancias Sociais; Cristiane Lemos, docente do curso de Odontologia da UFG; Beth Caline, mulher trans; e Val\u00e9ria da Congada, do Movimento Negro, inovam &nbsp; \u00a0Renato Dias Antirracista, feminista, em defesa da diversidade, contra o sexismo, a misoginia e a homofobia, com uma plataforma anticapitalista, socialista e","og_url":"https:\/\/renatodias.online\/movimento\/2020\/08\/26\/psol-lanca-mandata-coletiva\/","article_publisher":"https:\/\/www.facebook.com\/renato.dias.37","article_author":"https:\/\/www.facebook.com\/renato.dias.37","article_published_time":"2020-08-26T22:58:46+00:00","article_modified_time":"2020-08-26T22:59:55+00:00","og_image":[{"width":853,"height":853,"url":"https:\/\/renatodias.online\/movimento\/wp-content\/uploads\/2020\/08\/WhatsApp-Image-2020-08-26-at-19.42.14.jpeg","type":"image\/jpeg"}],"author":"Renato Dias","twitter_card":"summary_large_image","twitter_creator":"@RenatoDiasBat","twitter_site":"@RenatoDiasBat","twitter_misc":{"Escrito por":"Renato Dias","Est. tempo de leitura":"2 minutos"},"schema":{"@context":"https:\/\/schema.org","@graph":[{"@type":"Article","@id":"https:\/\/renatodias.online\/movimento\/2020\/08\/26\/psol-lanca-mandata-coletiva\/#article","isPartOf":{"@id":"https:\/\/renatodias.online\/movimento\/2020\/08\/26\/psol-lanca-mandata-coletiva\/"},"author":{"name":"Renato Dias","@id":"https:\/\/renatodias.online\/movimento\/#\/schema\/person\/bbab28833b1725a20f4083f49f1fb2a9"},"headline":"Psol lan\u00e7a \u2018Mandata Coletiva\u2019","datePublished":"2020-08-26T22:58:46+00:00","dateModified":"2020-08-26T22:59:55+00:00","mainEntityOfPage":{"@id":"https:\/\/renatodias.online\/movimento\/2020\/08\/26\/psol-lanca-mandata-coletiva\/"},"wordCount":325,"commentCount":0,"publisher":{"@id":"https:\/\/renatodias.online\/movimento\/#\/schema\/person\/bbab28833b1725a20f4083f49f1fb2a9"},"image":{"@id":"https:\/\/renatodias.online\/movimento\/2020\/08\/26\/psol-lanca-mandata-coletiva\/#primaryimage"},"thumbnailUrl":"https:\/\/renatodias.online\/movimento\/wp-content\/uploads\/2020\/08\/WhatsApp-Image-2020-08-26-at-19.42.14.jpeg","articleSection":["Pol\u00edtica"],"inLanguage":"pt-BR","potentialAction":[{"@type":"CommentAction","name":"Comment","target":["https:\/\/renatodias.online\/movimento\/2020\/08\/26\/psol-lanca-mandata-coletiva\/#respond"]}]},{"@type":"WebPage","@id":"https:\/\/renatodias.online\/movimento\/2020\/08\/26\/psol-lanca-mandata-coletiva\/","url":"https:\/\/renatodias.online\/movimento\/2020\/08\/26\/psol-lanca-mandata-coletiva\/","name":"Psol lan\u00e7a \u2018Mandata Coletiva\u2019 -","isPartOf":{"@id":"https:\/\/renatodias.online\/movimento\/#website"},"primaryImageOfPage":{"@id":"https:\/\/renatodias.online\/movimento\/2020\/08\/26\/psol-lanca-mandata-coletiva\/#primaryimage"},"image":{"@id":"https:\/\/renatodias.online\/movimento\/2020\/08\/26\/psol-lanca-mandata-coletiva\/#primaryimage"},"thumbnailUrl":"https:\/\/renatodias.online\/movimento\/wp-content\/uploads\/2020\/08\/WhatsApp-Image-2020-08-26-at-19.42.14.jpeg","datePublished":"2020-08-26T22:58:46+00:00","dateModified":"2020-08-26T22:59:55+00:00","breadcrumb":{"@id":"https:\/\/renatodias.online\/movimento\/2020\/08\/26\/psol-lanca-mandata-coletiva\/#breadcrumb"},"inLanguage":"pt-BR","potentialAction":[{"@type":"ReadAction","target":["https:\/\/renatodias.online\/movimento\/2020\/08\/26\/psol-lanca-mandata-coletiva\/"]}]},{"@type":"ImageObject","inLanguage":"pt-BR","@id":"https:\/\/renatodias.online\/movimento\/2020\/08\/26\/psol-lanca-mandata-coletiva\/#primaryimage","url":"https:\/\/renatodias.online\/movimento\/wp-content\/uploads\/2020\/08\/WhatsApp-Image-2020-08-26-at-19.42.14.jpeg","contentUrl":"https:\/\/renatodias.online\/movimento\/wp-content\/uploads\/2020\/08\/WhatsApp-Image-2020-08-26-at-19.42.14.jpeg","width":853,"height":853,"caption":"\u00a0\u00a0C\u00edntia Dias, Beth Caline, Val\u00e9ria da Congada e Cristiane Lemos"},{"@type":"BreadcrumbList","@id":"https:\/\/renatodias.online\/movimento\/2020\/08\/26\/psol-lanca-mandata-coletiva\/#breadcrumb","itemListElement":[{"@type":"ListItem","position":1,"name":"In\u00edcio","item":"https:\/\/renatodias.online\/movimento\/"},{"@type":"ListItem","position":2,"name":"Psol lan\u00e7a \u2018Mandata Coletiva\u2019"}]},{"@type":"WebSite","@id":"https:\/\/renatodias.online\/movimento\/#website","url":"https:\/\/renatodias.online\/movimento\/","name":"","description":"","publisher":{"@id":"https:\/\/renatodias.online\/movimento\/#\/schema\/person\/bbab28833b1725a20f4083f49f1fb2a9"},"potentialAction":[{"@type":"SearchAction","target":{"@type":"EntryPoint","urlTemplate":"https:\/\/renatodias.online\/movimento\/?s={search_term_string}"},"query-input":{"@type":"PropertyValueSpecification","valueRequired":true,"valueName":"search_term_string"}}],"inLanguage":"pt-BR"},{"@type":["Person","Organization"],"@id":"https:\/\/renatodias.online\/movimento\/#\/schema\/person\/bbab28833b1725a20f4083f49f1fb2a9","name":"Renato Dias","image":{"@type":"ImageObject","inLanguage":"pt-BR","@id":"https:\/\/renatodias.online\/movimento\/wp-content\/uploads\/2023\/03\/cropped-cropped-cropped-logofinal.jpeg","url":"https:\/\/renatodias.online\/movimento\/wp-content\/uploads\/2023\/03\/cropped-cropped-cropped-logofinal.jpeg","contentUrl":"https:\/\/renatodias.online\/movimento\/wp-content\/uploads\/2023\/03\/cropped-cropped-cropped-logofinal.jpeg","width":1280,"height":219,"caption":"Renato Dias"},"logo":{"@id":"https:\/\/renatodias.online\/movimento\/wp-content\/uploads\/2023\/03\/cropped-cropped-cropped-logofinal.jpeg"},"description":"Renato Dias, 58 anos, \u00e9 graduado em Jornalismo, formado em Ci\u00eancias Sociais, com p\u00f3s-gradua\u00e7\u00e3o em Pol\u00edticas P\u00fablicas, mestre em Direito e Rela\u00e7\u00f5es Internacionais, ex-aluno extraordin\u00e1rio do Doutorado em Psicologia Social, ex-estudante do Curso de Psican\u00e1lise do Centro de Estudos Psicanal\u00edticos do Estado de Goi\u00e1s, ministrado pelo m\u00e9dico psiquiatra e psicanalista Daniel Em\u00eddio de Souza. \u00c9 autor de 30 livros-reportagem, oito document\u00e1rios, ganhou 30 pr\u00eamios e \u00e9 torcedor apaixonado do maior do Centro-Oeste, o Vila Nova Futebol Clube. Casado com Meirilane Dias, \u00e9 pai de Juliana Dias, jornalista; Daniel Dias, economista; e Maria Rosa Dias, estudante antifascista, socialista e trotskista.\u00a0Com tr\u00eas pets: Porquinho [Bull Dog Franc\u00eas], Dalila [Basset Hound] e Geleia [Basset Hound]. Al\u00e9m do eterno gato Tutuquinho, que virou estrela.","sameAs":["https:\/\/www.facebook.com\/renato.dias.37","#breve","https:\/\/renatodias.tumblr.com\/"],"url":"https:\/\/renatodias.online\/movimento\/author\/renatodias\/"}]}},"_links":{"self":[{"href":"https:\/\/renatodias.online\/movimento\/wp-json\/wp\/v2\/posts\/4286","targetHints":{"allow":["GET"]}}],"collection":[{"href":"https:\/\/renatodias.online\/movimento\/wp-json\/wp\/v2\/posts"}],"about":[{"href":"https:\/\/renatodias.online\/movimento\/wp-json\/wp\/v2\/types\/post"}],"author":[{"embeddable":true,"href":"https:\/\/renatodias.online\/movimento\/wp-json\/wp\/v2\/users\/2"}],"replies":[{"embeddable":true,"href":"https:\/\/renatodias.online\/movimento\/wp-json\/wp\/v2\/comments?post=4286"}],"version-history":[{"count":2,"href":"https:\/\/renatodias.online\/movimento\/wp-json\/wp\/v2\/posts\/4286\/revisions"}],"predecessor-version":[{"id":4289,"href":"https:\/\/renatodias.online\/movimento\/wp-json\/wp\/v2\/posts\/4286\/revisions\/4289"}],"wp:featuredmedia":[{"embeddable":true,"href":"https:\/\/renatodias.online\/movimento\/wp-json\/wp\/v2\/media\/4287"}],"wp:attachment":[{"href":"https:\/\/renatodias.online\/movimento\/wp-json\/wp\/v2\/media?parent=4286"}],"wp:term":[{"taxonomy":"category","embeddable":true,"href":"https:\/\/renatodias.online\/movimento\/wp-json\/wp\/v2\/categories?post=4286"},{"taxonomy":"post_tag","embeddable":true,"href":"https:\/\/renatodias.online\/movimento\/wp-json\/wp\/v2\/tags?post=4286"}],"curies":[{"name":"wp","href":"https:\/\/api.w.org\/{rel}","templated":true}]}}