{"id":4274,"date":"2020-08-26T18:59:30","date_gmt":"2020-08-26T21:59:30","guid":{"rendered":"https:\/\/renatodias.online\/movimento\/?p=4274"},"modified":"2020-08-26T21:12:01","modified_gmt":"2020-08-27T00:12:01","slug":"caos-na-saude-sob-a-pandemia","status":"publish","type":"post","link":"https:\/\/renatodias.online\/movimento\/2020\/08\/26\/caos-na-saude-sob-a-pandemia\/","title":{"rendered":"Caos na Sa\u00fade sob a Pandemia"},"content":{"rendered":"<p><strong>Coronav\u00edrus<\/strong><\/p>\n<h1><strong>Caos na Sa\u00fade sob a Pandemia<\/strong><\/h1>\n<p><strong>M\u00e9dico diz que sistema est\u00e1 em colapso, lamenta a falta de aten\u00e7\u00e3o aos portadores de comorbidades, analisa tratamentos e vacinas e aponta o conceito de <\/strong><strong>\u2018banaliza\u00e7\u00e3o da morte<\/strong><strong>\u2019<\/strong><\/p>\n<p>Podcast Jardel Sebba<\/p>\n<!--[if lt IE 9]><script>document.createElement('audio');<\/script><![endif]-->\n<audio class=\"wp-audio-shortcode\" id=\"audio-4274-1\" preload=\"none\" style=\"width: 100%;\" controls=\"controls\"><source type=\"audio\/ogg\" src=\"https:\/\/renatodias.online\/movimento\/wp-content\/uploads\/2020\/08\/jardelsebba2020-08-26a.ogg?_=1\" \/><a href=\"https:\/\/renatodias.online\/movimento\/wp-content\/uploads\/2020\/08\/jardelsebba2020-08-26a.ogg\">https:\/\/renatodias.online\/movimento\/wp-content\/uploads\/2020\/08\/jardelsebba2020-08-26a.ogg<\/a><\/audio>\n<audio class=\"wp-audio-shortcode\" id=\"audio-4274-2\" preload=\"none\" style=\"width: 100%;\" controls=\"controls\"><source type=\"audio\/ogg\" src=\"https:\/\/renatodias.online\/movimento\/wp-content\/uploads\/2020\/08\/jardelsebba2020-08-26b.ogg?_=2\" \/><a href=\"https:\/\/renatodias.online\/movimento\/wp-content\/uploads\/2020\/08\/jardelsebba2020-08-26b.ogg\">https:\/\/renatodias.online\/movimento\/wp-content\/uploads\/2020\/08\/jardelsebba2020-08-26b.ogg<\/a><\/audio>\n<audio class=\"wp-audio-shortcode\" id=\"audio-4274-3\" preload=\"none\" style=\"width: 100%;\" controls=\"controls\"><source type=\"audio\/ogg\" src=\"https:\/\/renatodias.online\/movimento\/wp-content\/uploads\/2020\/08\/jardelsebba2020-08-26c.ogg?_=3\" \/><a href=\"https:\/\/renatodias.online\/movimento\/wp-content\/uploads\/2020\/08\/jardelsebba2020-08-26c.ogg\">https:\/\/renatodias.online\/movimento\/wp-content\/uploads\/2020\/08\/jardelsebba2020-08-26c.ogg<\/a><\/audio>\n<p><strong>\u00a0<\/strong><strong>\u00a0<\/strong><\/p>\n<p><strong>Renato Dias<\/strong><\/p>\n<p>O Brasil e Goi\u00e1s apresentam, hoje, curvas de acelera\u00e7\u00e3o de casos e de \u00f3bitos pela Pandemia do Coronav\u00edrus Covid 19, denuncia o m\u00e9dico <strong>Jardel Sebba<\/strong>. O Pa\u00eds j\u00e1 atingiu a tr\u00e1gica marca de 115 mil mortos,\u00a0 pontua. A segunda maior do mundo,\u00a0 lamenta. O ex-presidente da Assembleia Legislativa do Estado de Goi\u00e1s critica o Judici\u00e1rio, o Supremo Tribunal Federal [STF], e defende a centraliza\u00e7\u00e3o das pol\u00edticas p\u00fablicas de sa\u00fade e sanit\u00e1rias na Uni\u00e3o, sob o controle do Minist\u00e9rio da Sa\u00fade. A transfer\u00eancia de poder a munic\u00edpios e estados foi um erro grave, ataca.<\/p>\n<p><strong>_ A verdade \u00e9 que na \u00e1rea m\u00e9dica pairam mais d\u00favidas do que certezas absolutas.<\/strong><\/p>\n<p>&nbsp;<\/p>\n<p><strong>Tr\u00eas vacinas<\/strong><\/p>\n<figure id=\"attachment_4276\" aria-describedby=\"caption-attachment-4276\" style=\"width: 360px\" class=\"wp-caption aligncenter\"><img loading=\"lazy\" decoding=\"async\" class=\"wp-image-4276 \" src=\"https:\/\/renatodias.online\/movimento\/wp-content\/uploads\/2020\/08\/covid19imgsebbab-300x204.jpeg\" alt=\"Vacina\" width=\"360\" height=\"245\" srcset=\"https:\/\/renatodias.online\/movimento\/wp-content\/uploads\/2020\/08\/covid19imgsebbab-300x204.jpeg 300w, https:\/\/renatodias.online\/movimento\/wp-content\/uploads\/2020\/08\/covid19imgsebbab-768x522.jpeg 768w, https:\/\/renatodias.online\/movimento\/wp-content\/uploads\/2020\/08\/covid19imgsebbab-750x510.jpeg 750w, https:\/\/renatodias.online\/movimento\/wp-content\/uploads\/2020\/08\/covid19imgsebbab.jpeg 984w\" sizes=\"auto, (max-width: 360px) 100vw, 360px\" \/><figcaption id=\"caption-attachment-4276\" class=\"wp-caption-text\">Vacina<\/figcaption><\/figure>\n<p>Oxford, R\u00fassia e China anunciaram a produ\u00e7\u00e3o de vacinas, sublinha. N\u00e3o \u00e9 poss\u00edvel saber se chegar\u00e3o ao Brasil ainda no ano de 2020, chuta de primeira o ex-prefeito de Catal\u00e3o. Tudo indica, pelas muta\u00e7\u00f5es do v\u00edrus, que a vacina poder\u00e1 ser anual, explica. Como a da gripe, destaca. Trata-se de um tempo de incertezas, relata. N\u00e3o h\u00e1 alternativa, por enquanto, diz. A receita \u00e9 ficar em casa, usar \u00e1lcool-gel, evitar frequentar aglomera\u00e7\u00f5es, manter, como h\u00e1bito, o distanciamento de dois metros e usar m\u00e1scaras, recomenda o profissional da \u00e1rea de Sa\u00fade.<\/p>\n<p><strong>_ O caminho para a redu\u00e7\u00e3o substancial de mortes \u00e9 a estrita obedi\u00eancia \u00e0s orienta\u00e7\u00f5es estabelecidas pela Organiza\u00e7\u00e3o Mundial de Sa\u00fade, a OMS.<\/strong><\/p>\n<p>Quem tiver os sintomas como gripe, dor de cabe\u00e7a, n\u00e1usea, diarreia, febre, perda do olfato, falta de ar o caminho \u00e9 procurar orienta\u00e7\u00e3o m\u00e9dica, afirma. Pesquisas apontam resultados positivos com a associa\u00e7\u00e3o, nos primeiros dias, para o tratamento do Coronav\u00edrus Covid 19, de Azitromicina, Hidroxicloroquina, Ivermectina\u00a0 associado a um corticoide e a um anticoagulante, registra. Levantamento com a participa\u00e7\u00e3o da m\u00e9dica <strong>Eveline Sebba<\/strong>, frisa. As pessoas n\u00e3o acreditam que podem morrer, critica. O \u2018negacionismo\u2019 est\u00e1 em alta, fuzila.<\/p>\n<figure id=\"attachment_4277\" aria-describedby=\"caption-attachment-4277\" style=\"width: 450px\" class=\"wp-caption aligncenter\"><img loading=\"lazy\" decoding=\"async\" class=\"wp-image-4277 size-full\" src=\"https:\/\/renatodias.online\/movimento\/wp-content\/uploads\/2020\/08\/covid19imgsebbabc.jpeg\" alt=\"Mortos\" width=\"450\" height=\"450\" srcset=\"https:\/\/renatodias.online\/movimento\/wp-content\/uploads\/2020\/08\/covid19imgsebbabc.jpeg 450w, https:\/\/renatodias.online\/movimento\/wp-content\/uploads\/2020\/08\/covid19imgsebbabc-300x300.jpeg 300w, https:\/\/renatodias.online\/movimento\/wp-content\/uploads\/2020\/08\/covid19imgsebbabc-150x150.jpeg 150w, https:\/\/renatodias.online\/movimento\/wp-content\/uploads\/2020\/08\/covid19imgsebbabc-50x50.jpeg 50w, https:\/\/renatodias.online\/movimento\/wp-content\/uploads\/2020\/08\/covid19imgsebbabc-125x125.jpeg 125w, https:\/\/renatodias.online\/movimento\/wp-content\/uploads\/2020\/08\/covid19imgsebbabc-100x100.jpeg 100w, https:\/\/renatodias.online\/movimento\/wp-content\/uploads\/2020\/08\/covid19imgsebbabc-250x250.jpeg 250w\" sizes=\"auto, (max-width: 450px) 100vw, 450px\" \/><figcaption id=\"caption-attachment-4277\" class=\"wp-caption-text\">Mortos<\/figcaption><\/figure>\n<p><strong>_ A morte est\u00e1 banalizada. Al\u00e9m disso, os que saem curados apresentam sequelas p\u00f3s-tratamento.<\/strong><\/p>\n<p><strong>Fechamento<\/strong><\/p>\n<p>O sistema de sa\u00fade do munic\u00edpio de Catal\u00e3o entrou em colapso, desabafa o ex-deputado estadual por quatro mandatos consecutivos. O sistema de sa\u00fade de Catal\u00e3o \u00e9 uma \u2018porcaria\u2019, avalia. A UPA, que j\u00e1 possuiu seis m\u00e9dicos plantonistas na minha gest\u00e3o, tem, hoje, dois e est\u00e1 congestionada, reclama.\u00a0 J\u00e1 a Santa Casa fechou o seu Pronto-Socorro, informa. O Hospital de Campanha ficou sem meses sem ser aberto e est\u00e1 sobrecarregado, vocifera. Velomar Rios n\u00e3o entende do ramo, o n\u00famero de mortes chega a 50 e o de contaminados \u00e9 alto, insiste ele.<\/p>\n<p><strong>_ Faltam testes em massa e cuidados especiais com os portadores de comorbidades, como hipertens\u00e3o, enfisema pulmonar [Dpoc], obesidade, diabetes, doen\u00e7as respirat\u00f3rias. <\/strong><\/p>\n","protected":false},"excerpt":{"rendered":"<p>Coronav\u00edrus Caos na Sa\u00fade sob a Pandemia M\u00e9dico diz que sistema est\u00e1 em colapso, lamenta a falta de aten\u00e7\u00e3o aos portadores de comorbidades, analisa tratamentos e vacinas e aponta o conceito de \u2018banaliza\u00e7\u00e3o da morte\u2019 Podcast Jardel Sebba \u00a0\u00a0 Renato Dias O Brasil e Goi\u00e1s apresentam, hoje, curvas de acelera\u00e7\u00e3o de casos e de \u00f3bitos<\/p>\n","protected":false},"author":2,"featured_media":4275,"comment_status":"open","ping_status":"open","sticky":false,"template":"","format":"standard","meta":{"_acf_changed":false,"_monsterinsights_skip_tracking":false,"_monsterinsights_sitenote_active":false,"_monsterinsights_sitenote_note":"","_monsterinsights_sitenote_category":0,"footnotes":""},"categories":[58,82,4],"tags":[],"class_list":["post-4274","post","type-post","status-publish","format-standard","has-post-thumbnail","hentry","category-medicina-e-saude","category-podcast","category-politica"],"acf":[],"yoast_head":"<!-- This site is optimized with the Yoast SEO plugin v27.4 - https:\/\/yoast.com\/product\/yoast-seo-wordpress\/ -->\n<title>Caos na Sa\u00fade sob a Pandemia -<\/title>\n<meta name=\"robots\" content=\"index, follow, max-snippet:-1, max-image-preview:large, max-video-preview:-1\" \/>\n<link rel=\"canonical\" href=\"https:\/\/renatodias.online\/movimento\/2020\/08\/26\/caos-na-saude-sob-a-pandemia\/\" \/>\n<meta property=\"og:locale\" content=\"pt_BR\" \/>\n<meta property=\"og:type\" content=\"article\" \/>\n<meta property=\"og:title\" content=\"Caos na Sa\u00fade sob a Pandemia -\" \/>\n<meta property=\"og:description\" content=\"Coronav\u00edrus Caos na Sa\u00fade sob a Pandemia M\u00e9dico diz que sistema est\u00e1 em colapso, lamenta a falta de aten\u00e7\u00e3o aos portadores de comorbidades, analisa tratamentos e vacinas e aponta o conceito de \u2018banaliza\u00e7\u00e3o da morte\u2019 Podcast Jardel Sebba \u00a0\u00a0 Renato Dias O Brasil e Goi\u00e1s apresentam, hoje, curvas de acelera\u00e7\u00e3o de casos e de \u00f3bitos\" \/>\n<meta property=\"og:url\" content=\"https:\/\/renatodias.online\/movimento\/2020\/08\/26\/caos-na-saude-sob-a-pandemia\/\" \/>\n<meta property=\"article:publisher\" content=\"https:\/\/www.facebook.com\/renato.dias.37\" \/>\n<meta property=\"article:author\" content=\"https:\/\/www.facebook.com\/renato.dias.37\" \/>\n<meta property=\"article:published_time\" content=\"2020-08-26T21:59:30+00:00\" \/>\n<meta property=\"article:modified_time\" content=\"2020-08-27T00:12:01+00:00\" \/>\n<meta property=\"og:image\" content=\"https:\/\/renatodias.online\/movimento\/wp-content\/uploads\/2020\/08\/covid19imgsebba.jpeg\" \/>\n\t<meta property=\"og:image:width\" content=\"660\" \/>\n\t<meta property=\"og:image:height\" content=\"290\" \/>\n\t<meta property=\"og:image:type\" content=\"image\/jpeg\" \/>\n<meta name=\"author\" content=\"Renato Dias\" \/>\n<meta name=\"twitter:card\" content=\"summary_large_image\" \/>\n<meta name=\"twitter:creator\" content=\"@RenatoDiasBat\" \/>\n<meta name=\"twitter:site\" content=\"@RenatoDiasBat\" \/>\n<meta name=\"twitter:label1\" content=\"Escrito por\" \/>\n\t<meta name=\"twitter:data1\" content=\"Renato Dias\" \/>\n\t<meta name=\"twitter:label2\" content=\"Est. tempo de leitura\" \/>\n\t<meta name=\"twitter:data2\" content=\"3 minutos\" \/>\n<script type=\"application\/ld+json\" class=\"yoast-schema-graph\">{\"@context\":\"https:\\\/\\\/schema.org\",\"@graph\":[{\"@type\":\"Article\",\"@id\":\"https:\\\/\\\/renatodias.online\\\/movimento\\\/2020\\\/08\\\/26\\\/caos-na-saude-sob-a-pandemia\\\/#article\",\"isPartOf\":{\"@id\":\"https:\\\/\\\/renatodias.online\\\/movimento\\\/2020\\\/08\\\/26\\\/caos-na-saude-sob-a-pandemia\\\/\"},\"author\":{\"name\":\"Renato Dias\",\"@id\":\"https:\\\/\\\/renatodias.online\\\/movimento\\\/#\\\/schema\\\/person\\\/bbab28833b1725a20f4083f49f1fb2a9\"},\"headline\":\"Caos na Sa\u00fade sob a Pandemia\",\"datePublished\":\"2020-08-26T21:59:30+00:00\",\"dateModified\":\"2020-08-27T00:12:01+00:00\",\"mainEntityOfPage\":{\"@id\":\"https:\\\/\\\/renatodias.online\\\/movimento\\\/2020\\\/08\\\/26\\\/caos-na-saude-sob-a-pandemia\\\/\"},\"wordCount\":586,\"commentCount\":0,\"publisher\":{\"@id\":\"https:\\\/\\\/renatodias.online\\\/movimento\\\/#\\\/schema\\\/person\\\/bbab28833b1725a20f4083f49f1fb2a9\"},\"image\":{\"@id\":\"https:\\\/\\\/renatodias.online\\\/movimento\\\/2020\\\/08\\\/26\\\/caos-na-saude-sob-a-pandemia\\\/#primaryimage\"},\"thumbnailUrl\":\"https:\\\/\\\/renatodias.online\\\/movimento\\\/wp-content\\\/uploads\\\/2020\\\/08\\\/covid19imgsebba.jpeg\",\"articleSection\":[\"Medicina e Sa\u00fade\",\"PodCast\",\"Pol\u00edtica\"],\"inLanguage\":\"pt-BR\",\"potentialAction\":[{\"@type\":\"CommentAction\",\"name\":\"Comment\",\"target\":[\"https:\\\/\\\/renatodias.online\\\/movimento\\\/2020\\\/08\\\/26\\\/caos-na-saude-sob-a-pandemia\\\/#respond\"]}]},{\"@type\":\"WebPage\",\"@id\":\"https:\\\/\\\/renatodias.online\\\/movimento\\\/2020\\\/08\\\/26\\\/caos-na-saude-sob-a-pandemia\\\/\",\"url\":\"https:\\\/\\\/renatodias.online\\\/movimento\\\/2020\\\/08\\\/26\\\/caos-na-saude-sob-a-pandemia\\\/\",\"name\":\"Caos na Sa\u00fade sob a Pandemia -\",\"isPartOf\":{\"@id\":\"https:\\\/\\\/renatodias.online\\\/movimento\\\/#website\"},\"primaryImageOfPage\":{\"@id\":\"https:\\\/\\\/renatodias.online\\\/movimento\\\/2020\\\/08\\\/26\\\/caos-na-saude-sob-a-pandemia\\\/#primaryimage\"},\"image\":{\"@id\":\"https:\\\/\\\/renatodias.online\\\/movimento\\\/2020\\\/08\\\/26\\\/caos-na-saude-sob-a-pandemia\\\/#primaryimage\"},\"thumbnailUrl\":\"https:\\\/\\\/renatodias.online\\\/movimento\\\/wp-content\\\/uploads\\\/2020\\\/08\\\/covid19imgsebba.jpeg\",\"datePublished\":\"2020-08-26T21:59:30+00:00\",\"dateModified\":\"2020-08-27T00:12:01+00:00\",\"breadcrumb\":{\"@id\":\"https:\\\/\\\/renatodias.online\\\/movimento\\\/2020\\\/08\\\/26\\\/caos-na-saude-sob-a-pandemia\\\/#breadcrumb\"},\"inLanguage\":\"pt-BR\",\"potentialAction\":[{\"@type\":\"ReadAction\",\"target\":[\"https:\\\/\\\/renatodias.online\\\/movimento\\\/2020\\\/08\\\/26\\\/caos-na-saude-sob-a-pandemia\\\/\"]}]},{\"@type\":\"ImageObject\",\"inLanguage\":\"pt-BR\",\"@id\":\"https:\\\/\\\/renatodias.online\\\/movimento\\\/2020\\\/08\\\/26\\\/caos-na-saude-sob-a-pandemia\\\/#primaryimage\",\"url\":\"https:\\\/\\\/renatodias.online\\\/movimento\\\/wp-content\\\/uploads\\\/2020\\\/08\\\/covid19imgsebba.jpeg\",\"contentUrl\":\"https:\\\/\\\/renatodias.online\\\/movimento\\\/wp-content\\\/uploads\\\/2020\\\/08\\\/covid19imgsebba.jpeg\",\"width\":660,\"height\":290,\"caption\":\"Coronav\u00edrus\"},{\"@type\":\"BreadcrumbList\",\"@id\":\"https:\\\/\\\/renatodias.online\\\/movimento\\\/2020\\\/08\\\/26\\\/caos-na-saude-sob-a-pandemia\\\/#breadcrumb\",\"itemListElement\":[{\"@type\":\"ListItem\",\"position\":1,\"name\":\"In\u00edcio\",\"item\":\"https:\\\/\\\/renatodias.online\\\/movimento\\\/\"},{\"@type\":\"ListItem\",\"position\":2,\"name\":\"Caos na Sa\u00fade sob a Pandemia\"}]},{\"@type\":\"WebSite\",\"@id\":\"https:\\\/\\\/renatodias.online\\\/movimento\\\/#website\",\"url\":\"https:\\\/\\\/renatodias.online\\\/movimento\\\/\",\"name\":\"\",\"description\":\"\",\"publisher\":{\"@id\":\"https:\\\/\\\/renatodias.online\\\/movimento\\\/#\\\/schema\\\/person\\\/bbab28833b1725a20f4083f49f1fb2a9\"},\"potentialAction\":[{\"@type\":\"SearchAction\",\"target\":{\"@type\":\"EntryPoint\",\"urlTemplate\":\"https:\\\/\\\/renatodias.online\\\/movimento\\\/?s={search_term_string}\"},\"query-input\":{\"@type\":\"PropertyValueSpecification\",\"valueRequired\":true,\"valueName\":\"search_term_string\"}}],\"inLanguage\":\"pt-BR\"},{\"@type\":[\"Person\",\"Organization\"],\"@id\":\"https:\\\/\\\/renatodias.online\\\/movimento\\\/#\\\/schema\\\/person\\\/bbab28833b1725a20f4083f49f1fb2a9\",\"name\":\"Renato Dias\",\"image\":{\"@type\":\"ImageObject\",\"inLanguage\":\"pt-BR\",\"@id\":\"https:\\\/\\\/renatodias.online\\\/movimento\\\/wp-content\\\/uploads\\\/2023\\\/03\\\/cropped-cropped-cropped-logofinal.jpeg\",\"url\":\"https:\\\/\\\/renatodias.online\\\/movimento\\\/wp-content\\\/uploads\\\/2023\\\/03\\\/cropped-cropped-cropped-logofinal.jpeg\",\"contentUrl\":\"https:\\\/\\\/renatodias.online\\\/movimento\\\/wp-content\\\/uploads\\\/2023\\\/03\\\/cropped-cropped-cropped-logofinal.jpeg\",\"width\":1280,\"height\":219,\"caption\":\"Renato Dias\"},\"logo\":{\"@id\":\"https:\\\/\\\/renatodias.online\\\/movimento\\\/wp-content\\\/uploads\\\/2023\\\/03\\\/cropped-cropped-cropped-logofinal.jpeg\"},\"description\":\"Renato Dias, 58 anos, \u00e9 graduado em Jornalismo, formado em Ci\u00eancias Sociais, com p\u00f3s-gradua\u00e7\u00e3o em Pol\u00edticas P\u00fablicas, mestre em Direito e Rela\u00e7\u00f5es Internacionais, ex-aluno extraordin\u00e1rio do Doutorado em Psicologia Social, ex-estudante do Curso de Psican\u00e1lise do Centro de Estudos Psicanal\u00edticos do Estado de Goi\u00e1s, ministrado pelo m\u00e9dico psiquiatra e psicanalista Daniel Em\u00eddio de Souza. \u00c9 autor de 30 livros-reportagem, oito document\u00e1rios, ganhou 30 pr\u00eamios e \u00e9 torcedor apaixonado do maior do Centro-Oeste, o Vila Nova Futebol Clube. Casado com Meirilane Dias, \u00e9 pai de Juliana Dias, jornalista; Daniel Dias, economista; e Maria Rosa Dias, estudante antifascista, socialista e trotskista.\u00a0Com tr\u00eas pets: Porquinho [Bull Dog Franc\u00eas], Dalila [Basset Hound] e Geleia [Basset Hound]. Al\u00e9m do eterno gato Tutuquinho, que virou estrela.\",\"sameAs\":[\"https:\\\/\\\/www.facebook.com\\\/renato.dias.37\",\"#breve\",\"https:\\\/\\\/renatodias.tumblr.com\\\/\"],\"url\":\"https:\\\/\\\/renatodias.online\\\/movimento\\\/author\\\/renatodias\\\/\"}]}<\/script>\n<!-- \/ Yoast SEO plugin. -->","yoast_head_json":{"title":"Caos na Sa\u00fade sob a Pandemia -","robots":{"index":"index","follow":"follow","max-snippet":"max-snippet:-1","max-image-preview":"max-image-preview:large","max-video-preview":"max-video-preview:-1"},"canonical":"https:\/\/renatodias.online\/movimento\/2020\/08\/26\/caos-na-saude-sob-a-pandemia\/","og_locale":"pt_BR","og_type":"article","og_title":"Caos na Sa\u00fade sob a Pandemia -","og_description":"Coronav\u00edrus Caos na Sa\u00fade sob a Pandemia M\u00e9dico diz que sistema est\u00e1 em colapso, lamenta a falta de aten\u00e7\u00e3o aos portadores de comorbidades, analisa tratamentos e vacinas e aponta o conceito de \u2018banaliza\u00e7\u00e3o da morte\u2019 Podcast Jardel Sebba \u00a0\u00a0 Renato Dias O Brasil e Goi\u00e1s apresentam, hoje, curvas de acelera\u00e7\u00e3o de casos e de \u00f3bitos","og_url":"https:\/\/renatodias.online\/movimento\/2020\/08\/26\/caos-na-saude-sob-a-pandemia\/","article_publisher":"https:\/\/www.facebook.com\/renato.dias.37","article_author":"https:\/\/www.facebook.com\/renato.dias.37","article_published_time":"2020-08-26T21:59:30+00:00","article_modified_time":"2020-08-27T00:12:01+00:00","og_image":[{"width":660,"height":290,"url":"https:\/\/renatodias.online\/movimento\/wp-content\/uploads\/2020\/08\/covid19imgsebba.jpeg","type":"image\/jpeg"}],"author":"Renato Dias","twitter_card":"summary_large_image","twitter_creator":"@RenatoDiasBat","twitter_site":"@RenatoDiasBat","twitter_misc":{"Escrito por":"Renato Dias","Est. tempo de leitura":"3 minutos"},"schema":{"@context":"https:\/\/schema.org","@graph":[{"@type":"Article","@id":"https:\/\/renatodias.online\/movimento\/2020\/08\/26\/caos-na-saude-sob-a-pandemia\/#article","isPartOf":{"@id":"https:\/\/renatodias.online\/movimento\/2020\/08\/26\/caos-na-saude-sob-a-pandemia\/"},"author":{"name":"Renato Dias","@id":"https:\/\/renatodias.online\/movimento\/#\/schema\/person\/bbab28833b1725a20f4083f49f1fb2a9"},"headline":"Caos na Sa\u00fade sob a Pandemia","datePublished":"2020-08-26T21:59:30+00:00","dateModified":"2020-08-27T00:12:01+00:00","mainEntityOfPage":{"@id":"https:\/\/renatodias.online\/movimento\/2020\/08\/26\/caos-na-saude-sob-a-pandemia\/"},"wordCount":586,"commentCount":0,"publisher":{"@id":"https:\/\/renatodias.online\/movimento\/#\/schema\/person\/bbab28833b1725a20f4083f49f1fb2a9"},"image":{"@id":"https:\/\/renatodias.online\/movimento\/2020\/08\/26\/caos-na-saude-sob-a-pandemia\/#primaryimage"},"thumbnailUrl":"https:\/\/renatodias.online\/movimento\/wp-content\/uploads\/2020\/08\/covid19imgsebba.jpeg","articleSection":["Medicina e Sa\u00fade","PodCast","Pol\u00edtica"],"inLanguage":"pt-BR","potentialAction":[{"@type":"CommentAction","name":"Comment","target":["https:\/\/renatodias.online\/movimento\/2020\/08\/26\/caos-na-saude-sob-a-pandemia\/#respond"]}]},{"@type":"WebPage","@id":"https:\/\/renatodias.online\/movimento\/2020\/08\/26\/caos-na-saude-sob-a-pandemia\/","url":"https:\/\/renatodias.online\/movimento\/2020\/08\/26\/caos-na-saude-sob-a-pandemia\/","name":"Caos na Sa\u00fade sob a Pandemia -","isPartOf":{"@id":"https:\/\/renatodias.online\/movimento\/#website"},"primaryImageOfPage":{"@id":"https:\/\/renatodias.online\/movimento\/2020\/08\/26\/caos-na-saude-sob-a-pandemia\/#primaryimage"},"image":{"@id":"https:\/\/renatodias.online\/movimento\/2020\/08\/26\/caos-na-saude-sob-a-pandemia\/#primaryimage"},"thumbnailUrl":"https:\/\/renatodias.online\/movimento\/wp-content\/uploads\/2020\/08\/covid19imgsebba.jpeg","datePublished":"2020-08-26T21:59:30+00:00","dateModified":"2020-08-27T00:12:01+00:00","breadcrumb":{"@id":"https:\/\/renatodias.online\/movimento\/2020\/08\/26\/caos-na-saude-sob-a-pandemia\/#breadcrumb"},"inLanguage":"pt-BR","potentialAction":[{"@type":"ReadAction","target":["https:\/\/renatodias.online\/movimento\/2020\/08\/26\/caos-na-saude-sob-a-pandemia\/"]}]},{"@type":"ImageObject","inLanguage":"pt-BR","@id":"https:\/\/renatodias.online\/movimento\/2020\/08\/26\/caos-na-saude-sob-a-pandemia\/#primaryimage","url":"https:\/\/renatodias.online\/movimento\/wp-content\/uploads\/2020\/08\/covid19imgsebba.jpeg","contentUrl":"https:\/\/renatodias.online\/movimento\/wp-content\/uploads\/2020\/08\/covid19imgsebba.jpeg","width":660,"height":290,"caption":"Coronav\u00edrus"},{"@type":"BreadcrumbList","@id":"https:\/\/renatodias.online\/movimento\/2020\/08\/26\/caos-na-saude-sob-a-pandemia\/#breadcrumb","itemListElement":[{"@type":"ListItem","position":1,"name":"In\u00edcio","item":"https:\/\/renatodias.online\/movimento\/"},{"@type":"ListItem","position":2,"name":"Caos na Sa\u00fade sob a Pandemia"}]},{"@type":"WebSite","@id":"https:\/\/renatodias.online\/movimento\/#website","url":"https:\/\/renatodias.online\/movimento\/","name":"","description":"","publisher":{"@id":"https:\/\/renatodias.online\/movimento\/#\/schema\/person\/bbab28833b1725a20f4083f49f1fb2a9"},"potentialAction":[{"@type":"SearchAction","target":{"@type":"EntryPoint","urlTemplate":"https:\/\/renatodias.online\/movimento\/?s={search_term_string}"},"query-input":{"@type":"PropertyValueSpecification","valueRequired":true,"valueName":"search_term_string"}}],"inLanguage":"pt-BR"},{"@type":["Person","Organization"],"@id":"https:\/\/renatodias.online\/movimento\/#\/schema\/person\/bbab28833b1725a20f4083f49f1fb2a9","name":"Renato Dias","image":{"@type":"ImageObject","inLanguage":"pt-BR","@id":"https:\/\/renatodias.online\/movimento\/wp-content\/uploads\/2023\/03\/cropped-cropped-cropped-logofinal.jpeg","url":"https:\/\/renatodias.online\/movimento\/wp-content\/uploads\/2023\/03\/cropped-cropped-cropped-logofinal.jpeg","contentUrl":"https:\/\/renatodias.online\/movimento\/wp-content\/uploads\/2023\/03\/cropped-cropped-cropped-logofinal.jpeg","width":1280,"height":219,"caption":"Renato Dias"},"logo":{"@id":"https:\/\/renatodias.online\/movimento\/wp-content\/uploads\/2023\/03\/cropped-cropped-cropped-logofinal.jpeg"},"description":"Renato Dias, 58 anos, \u00e9 graduado em Jornalismo, formado em Ci\u00eancias Sociais, com p\u00f3s-gradua\u00e7\u00e3o em Pol\u00edticas P\u00fablicas, mestre em Direito e Rela\u00e7\u00f5es Internacionais, ex-aluno extraordin\u00e1rio do Doutorado em Psicologia Social, ex-estudante do Curso de Psican\u00e1lise do Centro de Estudos Psicanal\u00edticos do Estado de Goi\u00e1s, ministrado pelo m\u00e9dico psiquiatra e psicanalista Daniel Em\u00eddio de Souza. \u00c9 autor de 30 livros-reportagem, oito document\u00e1rios, ganhou 30 pr\u00eamios e \u00e9 torcedor apaixonado do maior do Centro-Oeste, o Vila Nova Futebol Clube. Casado com Meirilane Dias, \u00e9 pai de Juliana Dias, jornalista; Daniel Dias, economista; e Maria Rosa Dias, estudante antifascista, socialista e trotskista.\u00a0Com tr\u00eas pets: Porquinho [Bull Dog Franc\u00eas], Dalila [Basset Hound] e Geleia [Basset Hound]. Al\u00e9m do eterno gato Tutuquinho, que virou estrela.","sameAs":["https:\/\/www.facebook.com\/renato.dias.37","#breve","https:\/\/renatodias.tumblr.com\/"],"url":"https:\/\/renatodias.online\/movimento\/author\/renatodias\/"}]}},"_links":{"self":[{"href":"https:\/\/renatodias.online\/movimento\/wp-json\/wp\/v2\/posts\/4274","targetHints":{"allow":["GET"]}}],"collection":[{"href":"https:\/\/renatodias.online\/movimento\/wp-json\/wp\/v2\/posts"}],"about":[{"href":"https:\/\/renatodias.online\/movimento\/wp-json\/wp\/v2\/types\/post"}],"author":[{"embeddable":true,"href":"https:\/\/renatodias.online\/movimento\/wp-json\/wp\/v2\/users\/2"}],"replies":[{"embeddable":true,"href":"https:\/\/renatodias.online\/movimento\/wp-json\/wp\/v2\/comments?post=4274"}],"version-history":[{"count":5,"href":"https:\/\/renatodias.online\/movimento\/wp-json\/wp\/v2\/posts\/4274\/revisions"}],"predecessor-version":[{"id":4293,"href":"https:\/\/renatodias.online\/movimento\/wp-json\/wp\/v2\/posts\/4274\/revisions\/4293"}],"wp:featuredmedia":[{"embeddable":true,"href":"https:\/\/renatodias.online\/movimento\/wp-json\/wp\/v2\/media\/4275"}],"wp:attachment":[{"href":"https:\/\/renatodias.online\/movimento\/wp-json\/wp\/v2\/media?parent=4274"}],"wp:term":[{"taxonomy":"category","embeddable":true,"href":"https:\/\/renatodias.online\/movimento\/wp-json\/wp\/v2\/categories?post=4274"},{"taxonomy":"post_tag","embeddable":true,"href":"https:\/\/renatodias.online\/movimento\/wp-json\/wp\/v2\/tags?post=4274"}],"curies":[{"name":"wp","href":"https:\/\/api.w.org\/{rel}","templated":true}]}}