{"id":4174,"date":"2020-08-07T23:46:04","date_gmt":"2020-08-08T02:46:04","guid":{"rendered":"https:\/\/renatodias.online\/movimento\/?p=4174"},"modified":"2020-08-07T23:50:01","modified_gmt":"2020-08-08T02:50:01","slug":"um-pai-legal-para-caramba","status":"publish","type":"post","link":"https:\/\/renatodias.online\/movimento\/2020\/08\/07\/um-pai-legal-para-caramba\/","title":{"rendered":"Um pai legal para caramba"},"content":{"rendered":"<p><strong>E X C L U S I V O<\/strong><\/p>\n<p><strong>Domingo _ 9 de agosto de 2020<\/strong><\/p>\n<h1><strong>Um pai legal para caramba<\/strong><\/h1>\n<p><strong>Perfis de Jardel Sebba, Haendel Bittes, S\u00e9rgio Borges Lucas, Hermes Traldi, Silvino Ant\u00f4nio Dias Batista, Geraldo do Esp\u00edrito Santo Foga\u00e7a de Almeida, Fausto Jaime, Euler Ivo Vieira,\u00a0 Reinaldo Assis Pantale\u00e3o, Abr\u00e3o Amisy Neto, Paulo Diniz,\u00a0 Edilberto Dias e Jos\u00e9 Martins Neto<\/strong><\/p>\n<p>&nbsp;<\/p>\n<p><strong>Renato Dias\u00a0\u00a0\u00a0\u00a0\u00a0\u00a0\u00a0\u00a0\u00a0\u00a0\u00a0\u00a0\u00a0\u00a0\u00a0 <\/strong><\/p>\n<p><strong>\u00a0<\/strong><\/p>\n<p><strong>_ O meu \u2018beb\u00ea\u2019.<\/strong><\/p>\n<p>Assim o ex-presidente da Assembleia Legislativa do Estado de Goi\u00e1s, deputado estadual por quatro mandatos consecutivos, ex-prefeito de Catal\u00e3o, ex-secret\u00e1rio de Estado de Gabinete, governador de Goi\u00e1s interino, m\u00e9dico e produtor rural <strong>Jardel Sebba<\/strong>, um cardeal tucano, se refere ao m\u00e9dico, deputado estadual no exerc\u00edcio do segundo mandato, pr\u00e9-candidato a prefeito de Catal\u00e3o, Gustavo Sebba. O seu filho. Ex-jogador de basquete do Clube de Regatas Flamengo, consumidor voraz de \u2018O Pasquim\u2019, desde o seu n\u00famero um, lan\u00e7ado em 26 de junho de 1969, sob a ditadura civil e militar, exato um ano ap\u00f3s a passeata dos 100 mil, de 1968,\u00a0 no Rio de Janeiro, \u00e9 o que pode ser classificado como um pai \u2018legal e coruja\u2019. Extrovertido, conta ter quatro filhos. Jardel Sebba Filho \u00e9 jornalista, com passagens pelo <a href=\"http:\/\/www.uol.com.br\">www.uol.com.br<\/a>; <a href=\"http:\/\/www.ig.com.br\">www.ig.com.br<\/a>; Playboy; mora, hoje, em S\u00e3o Paulo. Cult, gauche e ilustrado. Gustavo Sebba, adepto do ide\u00e1rio da socialdemocracia do PSDB. Mar\u00edlia Sebba \u00e9 m\u00e9dica veterin\u00e1ria. Eveline Sebba, dermatologista. O homem nutre uma paix\u00e3o ardente por Anna Sebba. Com o sorriso estampado no rosto, de origem \u00e1rabe, o filho de Jamil Sebba \u00e9 fan\u00e1tico pelo Meng\u00e3o.<\/p>\n<p><strong>_ Campe\u00e3o da Supercopa do Brasil, Recopa Sul-Americana, Ta\u00e7a Guanabara e Campeonato Carioca, em 2020. \u00c9 favorito para chegar \u00e0s finais do Campeonato Brasileiro S\u00e9rie A<\/strong>.<\/p>\n<p>&nbsp;<\/p>\n<figure id=\"attachment_4176\" aria-describedby=\"caption-attachment-4176\" style=\"width: 600px\" class=\"wp-caption alignnone\"><img loading=\"lazy\" decoding=\"async\" class=\"wp-image-4176\" src=\"https:\/\/renatodias.online\/movimento\/wp-content\/uploads\/2020\/08\/Anna-Sebba-Jardel-Sebba-e-Gustavo-Sebba-1.jpg\" alt=\"Anna Sebba, Jardel Sebba e Gustavo Sebba\" width=\"600\" height=\"331\" srcset=\"https:\/\/renatodias.online\/movimento\/wp-content\/uploads\/2020\/08\/Anna-Sebba-Jardel-Sebba-e-Gustavo-Sebba-1.jpg 1103w, https:\/\/renatodias.online\/movimento\/wp-content\/uploads\/2020\/08\/Anna-Sebba-Jardel-Sebba-e-Gustavo-Sebba-1-300x166.jpg 300w, https:\/\/renatodias.online\/movimento\/wp-content\/uploads\/2020\/08\/Anna-Sebba-Jardel-Sebba-e-Gustavo-Sebba-1-1024x565.jpg 1024w, https:\/\/renatodias.online\/movimento\/wp-content\/uploads\/2020\/08\/Anna-Sebba-Jardel-Sebba-e-Gustavo-Sebba-1-768x424.jpg 768w, https:\/\/renatodias.online\/movimento\/wp-content\/uploads\/2020\/08\/Anna-Sebba-Jardel-Sebba-e-Gustavo-Sebba-1-750x414.jpg 750w\" sizes=\"auto, (max-width: 600px) 100vw, 600px\" \/><figcaption id=\"caption-attachment-4176\" class=\"wp-caption-text\">Anna Sebba, Jardel Sebba e Gustavo Sebba<\/figcaption><\/figure>\n<p>&nbsp;<\/p>\n<p>Zagueiro, torcedor do Vila Nova Futebol Clube, a maior paix\u00e3o do Centro-Oeste do Brasil, e do Clube de Regatas Flamengo, amigo de Roni 7 ou Roni Gol, \u00eddolo das duas na\u00e7\u00f5es, torcidas, o empres\u00e1rio <strong>Haendel Bittes<\/strong> tem tr\u00eas filhos. Dois homens e uma garota. O engra\u00e7ado \u00e9 que os tr\u00eas filhos, no passado, classificavam a atividade produtiva do genitor como normal. O empres\u00e1rio \u00e9 propriet\u00e1rio de uma funer\u00e1ria tradicional em Goi\u00e2nia. Um homem que lida com a morte 365 dias por ano. \u00c9 o curso natural da vida. Na capital do Estado de Goi\u00e1s. Fundada em 1933. Por Pedro Ludovico Teixeira. Sob a inspira\u00e7\u00e3o na \u2018Art D\u00e9co\u2019. De Paris, Fran\u00e7a, Velho Mundo. Projeto do arquiteto e urbanista Att\u00edlio Correia Lima. De h\u00e1bitos simples, Haendel Bittes bate uma pelada, gosta de ganhar at\u00e9 nos treinos e consome a tradicional cerveja gelada. A mania n\u00famero um nas Terras Brazilis. Divorciado, revela namorar por atacado. Menos com o advento da Pandemia do Coranav\u00edrus Covid 19, que alarma o Planeta Terra. A queda no Produto Interno Bruto, o PIB, a soma de todas as riquezas produzidas no e pelo Brasil, a recess\u00e3o econ\u00f4mica e crise global afetaram tamb\u00e9m a sua \u00e1rea, ele informa.<\/p>\n<p><strong>_ A vida \u00e9 trabalho, sa\u00fade, fam\u00edlia, lutas, alegrias e tristezas.<\/strong><\/p>\n<p>&nbsp;<\/p>\n<figure id=\"attachment_4177\" aria-describedby=\"caption-attachment-4177\" style=\"width: 600px\" class=\"wp-caption alignnone\"><img loading=\"lazy\" decoding=\"async\" class=\"wp-image-4177\" src=\"https:\/\/renatodias.online\/movimento\/wp-content\/uploads\/2020\/08\/Haendel-Bittes-2.jpg\" alt=\"Haendel Bittes\" width=\"600\" height=\"444\" srcset=\"https:\/\/renatodias.online\/movimento\/wp-content\/uploads\/2020\/08\/Haendel-Bittes-2.jpg 1273w, https:\/\/renatodias.online\/movimento\/wp-content\/uploads\/2020\/08\/Haendel-Bittes-2-300x222.jpg 300w, https:\/\/renatodias.online\/movimento\/wp-content\/uploads\/2020\/08\/Haendel-Bittes-2-1024x757.jpg 1024w, https:\/\/renatodias.online\/movimento\/wp-content\/uploads\/2020\/08\/Haendel-Bittes-2-768x568.jpg 768w, https:\/\/renatodias.online\/movimento\/wp-content\/uploads\/2020\/08\/Haendel-Bittes-2-750x554.jpg 750w\" sizes=\"auto, (max-width: 600px) 100vw, 600px\" \/><figcaption id=\"caption-attachment-4177\" class=\"wp-caption-text\">Haendel Bittes<\/figcaption><\/figure>\n<p>Engenheiro civil, com especializa\u00e7\u00e3o em Sa\u00fade P\u00fablica, graduado em Seguran\u00e7a no Trabalho, <strong>Silvino Ant\u00f4nio Dias Batista<\/strong> \u00e9 um pai e av\u00f4 feliz. Marcos Roberto Dias Batista, seu rebento, \u00e9 doutor em Biologia. Com t\u00edtulo da Unicamp. A Universidade Estadual de Campinas. Um jovem apaixonado pelo Palmeiras. Farmac\u00eautica e bioqu\u00edmica, Mariane Batista, casada com o oficial do Corpo de Bombeiros, Paulinelli Damasceno, lhe deu dois beb\u00eas lindos _ Marcos Felipe &amp; Pedro. Companheira de jornadas de alegrias e tristezas, como \u00e9 a vida, a advogada Herm\u00ednia Maria Batista, completa o cen\u00e1rio de uma fam\u00edlia que luta e atinge a felicidade poss\u00edvel. Mais jovem, \u00a0Silvino Dias Batista era goleador do Autom\u00f3vel Clube de Goi\u00e1s, circulava pelas piscinas do Ja\u00f3 e passou a jogar peteca, at\u00e9 em disputas oficiais. Com perfil atl\u00e9tico e elegante, ele acabou descoberto por ag\u00eancias de publicidade. O que lhe rendeu propagandas at\u00e9 com a atriz da TV Globo Fl\u00e1via Alessandra, musa de gera\u00e7\u00f5es. Cin\u00e9filo, curtia sair com os sobrinhos para as telonas em lan\u00e7amentos da ind\u00fastria cinematogr\u00e1fica. O que lhe alegra, hoje, \u00e9 paparicar os dois netinhos. O melhor filho aos pais de oito, de Maria de Campos Baptista e Waldomiro Dias.<\/p>\n<figure id=\"attachment_4178\" aria-describedby=\"caption-attachment-4178\" style=\"width: 600px\" class=\"wp-caption alignnone\"><img loading=\"lazy\" decoding=\"async\" class=\"wp-image-4178\" src=\"https:\/\/renatodias.online\/movimento\/wp-content\/uploads\/2020\/08\/Silvino-Ant\u00f4nio-Dias-3.jpg\" alt=\"Silvino Ant\u00f4nio Dias Batista\" width=\"600\" height=\"798\" srcset=\"https:\/\/renatodias.online\/movimento\/wp-content\/uploads\/2020\/08\/Silvino-Ant\u00f4nio-Dias-3.jpg 770w, https:\/\/renatodias.online\/movimento\/wp-content\/uploads\/2020\/08\/Silvino-Ant\u00f4nio-Dias-3-226x300.jpg 226w, https:\/\/renatodias.online\/movimento\/wp-content\/uploads\/2020\/08\/Silvino-Ant\u00f4nio-Dias-3-768x1021.jpg 768w, https:\/\/renatodias.online\/movimento\/wp-content\/uploads\/2020\/08\/Silvino-Ant\u00f4nio-Dias-3-750x997.jpg 750w\" sizes=\"auto, (max-width: 600px) 100vw, 600px\" \/><figcaption id=\"caption-attachment-4178\" class=\"wp-caption-text\">Silvino Ant\u00f4nio Dias Batista<\/figcaption><\/figure>\n<p><strong>_ Em nome da revolu\u00e7\u00e3o.<\/strong><\/p>\n<p>&nbsp;<\/p>\n<p>&nbsp;<\/p>\n<figure id=\"attachment_4179\" aria-describedby=\"caption-attachment-4179\" style=\"width: 400px\" class=\"wp-caption alignnone\"><img loading=\"lazy\" decoding=\"async\" class=\"size-full wp-image-4179\" src=\"https:\/\/renatodias.online\/movimento\/wp-content\/uploads\/2020\/08\/Fausto-Jaime-4.jpg\" alt=\"Fausto Jaime\" width=\"400\" height=\"400\" srcset=\"https:\/\/renatodias.online\/movimento\/wp-content\/uploads\/2020\/08\/Fausto-Jaime-4.jpg 400w, https:\/\/renatodias.online\/movimento\/wp-content\/uploads\/2020\/08\/Fausto-Jaime-4-300x300.jpg 300w, https:\/\/renatodias.online\/movimento\/wp-content\/uploads\/2020\/08\/Fausto-Jaime-4-150x150.jpg 150w, https:\/\/renatodias.online\/movimento\/wp-content\/uploads\/2020\/08\/Fausto-Jaime-4-50x50.jpg 50w, https:\/\/renatodias.online\/movimento\/wp-content\/uploads\/2020\/08\/Fausto-Jaime-4-125x125.jpg 125w, https:\/\/renatodias.online\/movimento\/wp-content\/uploads\/2020\/08\/Fausto-Jaime-4-100x100.jpg 100w, https:\/\/renatodias.online\/movimento\/wp-content\/uploads\/2020\/08\/Fausto-Jaime-4-250x250.jpg 250w\" sizes=\"auto, (max-width: 400px) 100vw, 400px\" \/><figcaption id=\"caption-attachment-4179\" class=\"wp-caption-text\">Fausto Jaime<\/figcaption><\/figure>\n<p>M\u00e9dico, sanitarista, intensivista, mestre em Medicina Tropical, doutorando em Bio\u00e9tica, em Portugal, <strong>Fausto Jaime<\/strong> \u00e9 personagem da esquerda latino-americana. Membro da A\u00e7\u00e3o Liberta\u00addo\u00adra Nacional, a ALN, fundada por Carlos Marighella, o <em>enfant terrible<\/em> estava no dia da ocupa\u00ad\u00e7\u00e3o do Ex\u00e9rcito, em 1968, o ano que n\u00e3o terminou, da Universidade de Bras\u00edlia. A UnB. Na ca\u00adpi\u00adtal da Rep\u00fablica. O revolucion\u00e1rio acabou preso. Um estudante de Medicina \u00e0 \u00e9poca. Antes, o jovem de Piren\u00f3polis havia passado por Porto Alegre. Rio Grande do Sul. Na casa de seus parentes. O seu tio, Ant\u00f4nio Carvalho Expedito Perera, \u00a0ingressou na VPR, com Carlos Lamarca, o capit\u00e3o da Guerrilha, foi banido do Brasil, e se ligou, na Europa, a Carlos, o Chacal. Codinome do venezuelano Ilich Ram\u00edrez S\u00e1nchez. Prefeito eleito de Cumari, perto de Catal\u00e3o, Goi\u00e1s, \u00e9 um dos fundadores do PT. Em 10 de fevereiro de 1980. A legenda de Luiz In\u00e1cio Lula da Silva. Dono da Gr\u00e1fica Liberta\u00e7\u00e3o, uma refer\u00eancia expl\u00edcita \u00e0 maior organiza\u00e7\u00e3o de luta armada no Brasil, presidiu o PT, ocupou os cargos p\u00fablicos de diretor-geral do IDRH e de secret\u00e1rio de Adminis\u00adtra\u00e7\u00e3o. \u00c9 o pai de Demiane Jaime, Luana Jaime, Tatiana Jaime e Andrey Jaime [In memorian].<\/p>\n<p><strong>Educa\u00e7\u00e3o P\u00fablica <\/strong><\/p>\n<p>&nbsp;<\/p>\n<figure id=\"attachment_4180\" aria-describedby=\"caption-attachment-4180\" style=\"width: 600px\" class=\"wp-caption alignnone\"><img loading=\"lazy\" decoding=\"async\" class=\"wp-image-4180\" src=\"https:\/\/renatodias.online\/movimento\/wp-content\/uploads\/2020\/08\/Geraldo-do-Esp\u00edrito-Santo-5.jpg\" alt=\"\" width=\"600\" height=\"900\" srcset=\"https:\/\/renatodias.online\/movimento\/wp-content\/uploads\/2020\/08\/Geraldo-do-Esp\u00edrito-Santo-5.jpg 853w, https:\/\/renatodias.online\/movimento\/wp-content\/uploads\/2020\/08\/Geraldo-do-Esp\u00edrito-Santo-5-200x300.jpg 200w, https:\/\/renatodias.online\/movimento\/wp-content\/uploads\/2020\/08\/Geraldo-do-Esp\u00edrito-Santo-5-682x1024.jpg 682w, https:\/\/renatodias.online\/movimento\/wp-content\/uploads\/2020\/08\/Geraldo-do-Esp\u00edrito-Santo-5-768x1152.jpg 768w, https:\/\/renatodias.online\/movimento\/wp-content\/uploads\/2020\/08\/Geraldo-do-Esp\u00edrito-Santo-5-750x1125.jpg 750w\" sizes=\"auto, (max-width: 600px) 100vw, 600px\" \/><figcaption id=\"caption-attachment-4180\" class=\"wp-caption-text\">Geraldo do Esp\u00edrito Santo Foga\u00e7a de Almeida<\/figcaption><\/figure>\n<p>Graduado em Pedagogia e Direito, um torcedor apaixonado do Corinthians, a segunda maior torcida do Brasil, <strong>Geraldo do Esp\u00edrito Santo Foga\u00e7a de Almeida<\/strong> \u00e9 um pai a ser reverenciado. Um \u00edcone da Educa\u00e7\u00e3o. Tanto no Estado de S\u00e3o Paulo, regi\u00e3o Sudeste, quanto no restante do Brasil Tropical. Lembran\u00e7as afetivas que guarda na mem\u00f3ria a sua vi\u00fava Miriam C\u00e9sar Baptista. Uma linda professora aposentada, escritora, que pesquisou e lan\u00e7ou, em formato de livro f\u00edsico, a Hist\u00f3ria de Salto de Pirapora. Assim como os seus filhos Laura de Almeida, Fl\u00e1via de Almeida, Geraldinho C\u00e9sar de Almeida e Miriam Helena de Almeida.\u00a0 A fam\u00edlia morava \u00e0 Avenida General Carneiro, em Sorocaba. A 100 quil\u00f4metros de S\u00e3o Paulo, Capital. \u00c9tico, chegou a exercer o mandato de vereador e de presidente da C\u00e2mara Municipal local. Bem-humorado, ele deu forma\u00e7\u00e3o ilustrada aos quatro rebentos. Duas viraram professoras: Laura Almeida e Miriam Helena, que obteve o t\u00edtulo de mestre e \u00e9 refer\u00eancia intelectual em Mo\u00e7ambique, \u00c1frica. Geraldinho C\u00e9sar de Almeida, economista e advogado. Fl\u00e1via Almeida, jornalista, premiada, com passagem pela Rede Globo e que teve forte inser\u00e7\u00e3o em Portugal.<\/p>\n<p><strong>Rock, futebol e pol\u00edtica<\/strong><\/p>\n<p>Pensa em um cara legal? Divertido. Bem-humorado. Pai de tr\u00eas filhas \u2013 Aline Lucas, Maria Eduarda e Maria Fernanda. \u00c9 o advogado, com especializa\u00e7\u00e3o na Escola Superior de Guerra [ESG], diretor eleito, pela Assembleia Legislativa do Estado de Goi\u00e1s, com mandato, da Ag\u00eancia Goiana de Regula\u00e7\u00e3o, a AGR, <strong>S\u00e9rgio Borges Lucas<\/strong>. Com gosto refinado para o rock, diz curtir motocicletas. De vez em quando deixa as madeixas longas e esvoa\u00e7antes e barba por fazer. No \u2018Estilo Woodstock\u2019. Perfil da juventude das d\u00e9cadas de 1960, 1970 e 1980. Jogador de futebol de sal\u00e3o, vibrava com os gola\u00e7os de Rivelino, o \u2018Reizinho do Parque\u2019, campe\u00e3o mundial no M\u00e9xico, com Pel\u00e9, em 1970, e que depois vestiu as camisas de Fluminense, do Rio de Janeiro, e do\u00a0 Vila Nova Futebol Clube, detentor de dois campeonatos brasileiros da S\u00e9rie C, 15 estaduais, duas divis\u00f5es de Acesso,\u00a0 brasileiro e sul-americano de Basquetebol.\u00a0 Ex-presidente do PP, ele teve passagem pela diretoria-financeira da extinta Agetop. Homem de h\u00e1bitos austeros.Liberal em economia. Defensor do Estado M\u00ednimo. Trata-se de um adepto das escolas de Economia de Chicago e da \u00c1ustria. Um advers\u00e1rio intelectual do italiano morto em 1937: Ant\u00f4nio Gramsci.<\/p>\n<p><strong>_ Ideias em disputa na sociedade brasileira de 2020.<\/strong><\/p>\n<p>&nbsp;<\/p>\n<figure id=\"attachment_4181\" aria-describedby=\"caption-attachment-4181\" style=\"width: 223px\" class=\"wp-caption alignnone\"><img loading=\"lazy\" decoding=\"async\" class=\"wp-image-4181 size-full\" src=\"https:\/\/renatodias.online\/movimento\/wp-content\/uploads\/2020\/08\/S\u00e9rgio-Borges-Lucas-6.jpg\" alt=\"S\u00e9rgio Borges Lucas\u00a0\u00a0\u00a0\u00a0\u00a0\u00a0\u00a0\" width=\"223\" height=\"226\" srcset=\"https:\/\/renatodias.online\/movimento\/wp-content\/uploads\/2020\/08\/S\u00e9rgio-Borges-Lucas-6.jpg 223w, https:\/\/renatodias.online\/movimento\/wp-content\/uploads\/2020\/08\/S\u00e9rgio-Borges-Lucas-6-50x50.jpg 50w, https:\/\/renatodias.online\/movimento\/wp-content\/uploads\/2020\/08\/S\u00e9rgio-Borges-Lucas-6-100x100.jpg 100w\" sizes=\"auto, (max-width: 223px) 100vw, 223px\" \/><figcaption id=\"caption-attachment-4181\" class=\"wp-caption-text\">S\u00e9rgio Borges Lucas<\/figcaption><\/figure>\n<p><strong>\u00a0 \u00a0 \u00a0 \u00a0 \u00a0 \u00a0 \u00a0 \u00a0 \u00a0 \u00a0 \u00a0 \u00a0 \u00a0 \u00a0 \u00a0 \u00a0\u00a0<\/strong><\/p>\n<p>De Piracanjuba para a China. Uma hist\u00f3ria espetacular. A de <strong>Euler Ivo Vieira<\/strong>. Presidente do Gr\u00eamio Livre Pedro Gomes, ap\u00f3s o golpe de Estado civil e militar de 2 de abril de 1964, integrou a nacional Uni\u00e3o Brasileira dos Estudantes [UBES], parou atr\u00e1s das grades, em 1968, e casou-se tr\u00eas vezes, com documentos diferentes, com a mesma mulher. Para driblar a vigil\u00e2ncia. Da repress\u00e3o pol\u00edtica e militar. Tempos Sombrios. Anos de Chumbo e de Ouro. A sua companheira de longas jornadas \u00e9 Isaura Lemos. O casal teve tr\u00eas filhas. Elenira Tatiana Lemos nasceu no Acre. Sob a hegemonia dos homens de farda verde e oliva e do mercado. O primeiro nome \u00e9 uma homenagem \u00e0 guerrilheira morta no Araguaia: Helenira Rezende. O conflito organizado pelo PC do B e liquidado, em grave viola\u00e7\u00e3o do direito internacional dos Direitos Humanos, pelas For\u00e7as Armadas _ Ex\u00e9rcito, Marinha, Aeron\u00e1utica _,PM e Dops. Ma\u00edra Lemos \u00e9 cantora de M\u00fasica Popular Brasileira, Pop, Rock. Celebrada no mercado nacional. J\u00falia Lemos \u00e9 graduada em Jornalismo, mestre em Filosofia e doutora em Filosofia, com tese sobre \u2018O Jovem Karl Marx\u2019 [1818-1883], fundador do socialismo cient\u00edfico e do materialismo hist\u00f3rico-dial\u00e9tico<\/p>\n<p>&nbsp;<\/p>\n<figure id=\"attachment_4182\" aria-describedby=\"caption-attachment-4182\" style=\"width: 600px\" class=\"wp-caption alignnone\"><img loading=\"lazy\" decoding=\"async\" class=\"wp-image-4182\" src=\"https:\/\/renatodias.online\/movimento\/wp-content\/uploads\/2020\/08\/Ma\u00edra-Lemos-Tatiana-Lemos-Euler-Ivo-Isaura-Lemos-e-J\u00falia-Lemos-7.jpg\" alt=\"\" width=\"600\" height=\"375\" \/><figcaption id=\"caption-attachment-4182\" class=\"wp-caption-text\">Ma\u00edra-Lemos-Tatiana-Lemos-Euler-Ivo-Isaura-Lemos-e-J\u00falia-Lemos<\/figcaption><\/figure>\n<p><strong>Eterno rebelde<\/strong><\/p>\n<p>Historiador, poeta, escritor, <strong>Reinaldo Pantale\u00e3o<\/strong> \u00e9 uma figura da Hist\u00f3ria de Goi\u00e1s e de sua capital, Goi\u00e2nia, fundada em 1933, por Pedro Ludovico Teixeira. Pai de tr\u00eas filhos _ Plano Lenine, Marcelo Assis e Cejana Uiara _ comp\u00f4s o PCB, ALN, a Ala dos Aut\u00eanticos do MDB, o Comit\u00ea Goiano Pela Anistia, fundou o PT, migrou ao PC do B e integra, hoje, o Psol. Com um visual revolucion\u00e1rio. Barba ao estilo Karl Marx, torcedor do Galo Carij\u00f3, o Goi\u00e2nia Esporte Clube, nascido em 1938, que disputa, em 2020 a S\u00e9rie D. Procurador de Justi\u00e7a do Minist\u00e9rio P\u00fablico de Goi\u00e1s, graduado em Direito com dois mestrados, em Portugal e Espanha, <strong>Abr\u00e3o Amisy Neto<\/strong> possui tr\u00eas paix\u00f5es. Laudelina Campanholo, sua mulher, promotora de Justi\u00e7a; Sofia Amisy, sua filha, estudante do segundo ano do Ensino M\u00e9dio; e o Vila Nova Futebol Clube. Os tr\u00eas lhes d\u00e3o alegrias. \u00c9 um pai do \u2018balacobaco\u2019. Contempor\u00e2neo da modernidade. Cult, gauche &amp; refinado. Advogado tributarista conceituado, ex-diretor da Receita Estadual, ex-secret\u00e1rio de Estado da Fazenda interino, ex-Ouvidor do Estado, fiscal da receita aposentado, ex-presidente executivo e do Conselho Deliberativo do \u00a0Vila\u00a0 Nova Futebol Clube, <strong>Paulo Miguel Diniz<\/strong> \u00e9 um pai que dorme o \u2018sono dos justos\u2019. Com a consci\u00eancia tranquila. Com a palavra Paulo J\u00fanior e Ludmila Diniz, seus filhos. <strong>Edilberto de Castro Dias<\/strong> \u00e9 pai de Hennedy Dias, arquiteta, e dos estudantes Bruna Dias e Vitor Dias, um \u2018digital influencer\u2019. Graduado em Direito, exerceu os cargos de procurador da Prefei\u00adtura de Goi\u00e2nia, Controlador-Geral do Munic\u00edpio, presidente da Comurg e assessor\u00a0 jur\u00eddico da Assembleia Legislativa do Estado de Goi\u00e1s. \u00c9 apaixonado no Vila Nova Futebol Clube. Graduado em Agronomia, ex-prefeito de Goiatuba, suplente de deputado federal, produtor rural, empres\u00e1rio, <strong>Hermes Traldi<\/strong> \u00e9 um liberal de forma\u00e7\u00e3o enciclop\u00e9dica e gestor moderno. O seu filho, Lauro Traldi, \u00e9 piloto de ponta da modalidade Stock Light. Al\u00e9m de um empres\u00e1rio com voca\u00e7\u00e3o para Wall Street. Agricultor familiar, <strong>Jos\u00e9 Martins Neto<\/strong>, nascido em Minas Gerais e radicado em Naz\u00e1rio, Goi\u00e1s, casou-se com a artista pl\u00e1stica Rosa Domingues, teve tr\u00eas filhos \u2013 Meirilane Domingues, graduada em Direito; S\u00edlvia Domingues, qu\u00edmica e farmac\u00eautica; e Marcelo Domingues, administrador em Inform\u00e1tica. Aos 83 anos, \u00e9 o centro do cl\u00e3. Ex-zagueiro do S\u00e3o Lu\u00eds [GO].<\/p>\n<div id='gallery-1' class='gallery galleryid-4174 gallery-columns-3 gallery-size-thumbnail'><figure class='gallery-item'>\n\t\t\t<div class='gallery-icon landscape'>\n\t\t\t\t<a href='https:\/\/renatodias.online\/movimento\/2020\/08\/07\/um-pai-legal-para-caramba\/reinaldo-pantaleao-8\/'><img loading=\"lazy\" decoding=\"async\" width=\"150\" height=\"150\" src=\"https:\/\/renatodias.online\/movimento\/wp-content\/uploads\/2020\/08\/Reinaldo-Pantale\u00e3o-8-e1706569390889-150x150.jpg\" class=\"attachment-thumbnail size-thumbnail\" alt=\"Reinaldo Pantale\u00e3o\" aria-describedby=\"gallery-1-4183\" \/><\/a>\n\t\t\t<\/div>\n\t\t\t\t<figcaption class='wp-caption-text gallery-caption' id='gallery-1-4183'>\n\t\t\t\tReinaldo Pantale\u00e3o\n\t\t\t\t<\/figcaption><\/figure><figure class='gallery-item'>\n\t\t\t<div class='gallery-icon landscape'>\n\t\t\t\t<a href='https:\/\/renatodias.online\/movimento\/2020\/08\/07\/um-pai-legal-para-caramba\/abrao-amisy-neto-9\/'><img loading=\"lazy\" decoding=\"async\" width=\"150\" height=\"150\" src=\"https:\/\/renatodias.online\/movimento\/wp-content\/uploads\/2020\/08\/Abr\u00e3o-Amisy-Neto-9-150x150.jpeg\" class=\"attachment-thumbnail size-thumbnail\" alt=\"Abr\u00e3o-Amisy-Neto-\" aria-describedby=\"gallery-1-4184\" \/><\/a>\n\t\t\t<\/div>\n\t\t\t\t<figcaption class='wp-caption-text gallery-caption' id='gallery-1-4184'>\n\t\t\t\tAbr\u00e3o Amisy Neto\n\t\t\t\t<\/figcaption><\/figure><figure class='gallery-item'>\n\t\t\t<div class='gallery-icon landscape'>\n\t\t\t\t<a href='https:\/\/renatodias.online\/movimento\/2020\/08\/07\/um-pai-legal-para-caramba\/paulo-miguel-diniz-10\/'><img loading=\"lazy\" decoding=\"async\" width=\"150\" height=\"150\" src=\"https:\/\/renatodias.online\/movimento\/wp-content\/uploads\/2020\/08\/Paulo-Miguel-Diniz-10-150x150.jpg\" class=\"attachment-thumbnail size-thumbnail\" alt=\"Paulo Miguel Diniz\" aria-describedby=\"gallery-1-4185\" \/><\/a>\n\t\t\t<\/div>\n\t\t\t\t<figcaption class='wp-caption-text gallery-caption' id='gallery-1-4185'>\n\t\t\t\tPaulo Miguel Diniz \n\t\t\t\t<\/figcaption><\/figure><figure class='gallery-item'>\n\t\t\t<div class='gallery-icon landscape'>\n\t\t\t\t<a href='https:\/\/renatodias.online\/movimento\/2020\/08\/07\/um-pai-legal-para-caramba\/edilberto-de-castro-dias-11\/'><img loading=\"lazy\" decoding=\"async\" width=\"150\" height=\"150\" src=\"https:\/\/renatodias.online\/movimento\/wp-content\/uploads\/2020\/08\/Edilberto-de-Castro-Dias-11-150x150.jpg\" class=\"attachment-thumbnail size-thumbnail\" alt=\"Edilberto de Castro Dias\" aria-describedby=\"gallery-1-4186\" \/><\/a>\n\t\t\t<\/div>\n\t\t\t\t<figcaption class='wp-caption-text gallery-caption' id='gallery-1-4186'>\n\t\t\t\tEdilberto de Castro Dias \n\t\t\t\t<\/figcaption><\/figure><figure class='gallery-item'>\n\t\t\t<div class='gallery-icon landscape'>\n\t\t\t\t<a href='https:\/\/renatodias.online\/movimento\/2020\/08\/07\/um-pai-legal-para-caramba\/hermes-traldi-12\/'><img loading=\"lazy\" decoding=\"async\" width=\"150\" height=\"85\" src=\"https:\/\/renatodias.online\/movimento\/wp-content\/uploads\/2020\/08\/Hermes-Traldi-12.png\" class=\"attachment-thumbnail size-thumbnail\" alt=\"Hermes Traldi -\" aria-describedby=\"gallery-1-4187\" \/><\/a>\n\t\t\t<\/div>\n\t\t\t\t<figcaption class='wp-caption-text gallery-caption' id='gallery-1-4187'>\n\t\t\t\tHermes Traldi \n\t\t\t\t<\/figcaption><\/figure><figure class='gallery-item'>\n\t\t\t<div class='gallery-icon landscape'>\n\t\t\t\t<a href='https:\/\/renatodias.online\/movimento\/2020\/08\/07\/um-pai-legal-para-caramba\/jose-martins-neto-13\/'><img loading=\"lazy\" decoding=\"async\" width=\"150\" height=\"150\" src=\"https:\/\/renatodias.online\/movimento\/wp-content\/uploads\/2020\/08\/Jos\u00e9-Martins-Neto-13-150x150.jpg\" class=\"attachment-thumbnail size-thumbnail\" alt=\"Jos\u00e9 Martins Neto\" aria-describedby=\"gallery-1-4188\" \/><\/a>\n\t\t\t<\/div>\n\t\t\t\t<figcaption class='wp-caption-text gallery-caption' id='gallery-1-4188'>\n\t\t\t\tJos\u00e9 Martins Neto \n\t\t\t\t<\/figcaption><\/figure>\n\t\t<\/div>\n\n<p>&nbsp;<\/p>\n<p>&nbsp;<\/p>\n","protected":false},"excerpt":{"rendered":"<p>E X C L U S I V O Domingo _ 9 de agosto de 2020 Um pai legal para caramba Perfis de Jardel Sebba, Haendel Bittes, S\u00e9rgio Borges Lucas, Hermes Traldi, Silvino Ant\u00f4nio Dias Batista, Geraldo do Esp\u00edrito Santo Foga\u00e7a de Almeida, Fausto Jaime, Euler Ivo Vieira,\u00a0 Reinaldo Assis Pantale\u00e3o, Abr\u00e3o Amisy Neto, Paulo<\/p>\n","protected":false},"author":2,"featured_media":4175,"comment_status":"open","ping_status":"open","sticky":false,"template":"","format":"standard","meta":{"_acf_changed":false,"_monsterinsights_skip_tracking":false,"_monsterinsights_sitenote_active":false,"_monsterinsights_sitenote_note":"","_monsterinsights_sitenote_category":0,"footnotes":""},"categories":[15,83],"tags":[],"class_list":["post-4174","post","type-post","status-publish","format-standard","has-post-thumbnail","hentry","category-estilo-de-vida","category-opiniao"],"acf":[],"yoast_head":"<!-- This site is optimized with the Yoast SEO plugin v27.4 - https:\/\/yoast.com\/product\/yoast-seo-wordpress\/ -->\n<title>Um pai legal para caramba -<\/title>\n<meta name=\"robots\" content=\"index, follow, max-snippet:-1, max-image-preview:large, max-video-preview:-1\" \/>\n<link rel=\"canonical\" href=\"https:\/\/renatodias.online\/movimento\/2020\/08\/07\/um-pai-legal-para-caramba\/\" \/>\n<meta property=\"og:locale\" content=\"pt_BR\" \/>\n<meta property=\"og:type\" content=\"article\" \/>\n<meta property=\"og:title\" content=\"Um pai legal para caramba -\" \/>\n<meta property=\"og:description\" content=\"E X C L U S I V O Domingo _ 9 de agosto de 2020 Um pai legal para caramba Perfis de Jardel Sebba, Haendel Bittes, S\u00e9rgio Borges Lucas, Hermes Traldi, Silvino Ant\u00f4nio Dias Batista, Geraldo do Esp\u00edrito Santo Foga\u00e7a de Almeida, Fausto Jaime, Euler Ivo Vieira,\u00a0 Reinaldo Assis Pantale\u00e3o, Abr\u00e3o Amisy Neto, Paulo\" \/>\n<meta property=\"og:url\" content=\"https:\/\/renatodias.online\/movimento\/2020\/08\/07\/um-pai-legal-para-caramba\/\" \/>\n<meta property=\"article:publisher\" content=\"https:\/\/www.facebook.com\/renato.dias.37\" \/>\n<meta property=\"article:author\" content=\"https:\/\/www.facebook.com\/renato.dias.37\" \/>\n<meta property=\"article:published_time\" content=\"2020-08-08T02:46:04+00:00\" \/>\n<meta property=\"article:modified_time\" content=\"2020-08-08T02:50:01+00:00\" \/>\n<meta property=\"og:image\" content=\"https:\/\/renatodias.online\/movimento\/wp-content\/uploads\/2020\/08\/Exclusivo-Logo-de-capa.jpg\" \/>\n\t<meta property=\"og:image:width\" content=\"512\" \/>\n\t<meta property=\"og:image:height\" content=\"470\" \/>\n\t<meta property=\"og:image:type\" content=\"image\/jpeg\" \/>\n<meta name=\"author\" content=\"Renato Dias\" \/>\n<meta name=\"twitter:card\" content=\"summary_large_image\" \/>\n<meta name=\"twitter:creator\" content=\"@RenatoDiasBat\" \/>\n<meta name=\"twitter:site\" content=\"@RenatoDiasBat\" \/>\n<meta name=\"twitter:label1\" content=\"Escrito por\" \/>\n\t<meta name=\"twitter:data1\" content=\"Renato Dias\" \/>\n\t<meta name=\"twitter:label2\" content=\"Est. tempo de leitura\" \/>\n\t<meta name=\"twitter:data2\" content=\"10 minutos\" \/>\n<script type=\"application\/ld+json\" class=\"yoast-schema-graph\">{\"@context\":\"https:\\\/\\\/schema.org\",\"@graph\":[{\"@type\":\"Article\",\"@id\":\"https:\\\/\\\/renatodias.online\\\/movimento\\\/2020\\\/08\\\/07\\\/um-pai-legal-para-caramba\\\/#article\",\"isPartOf\":{\"@id\":\"https:\\\/\\\/renatodias.online\\\/movimento\\\/2020\\\/08\\\/07\\\/um-pai-legal-para-caramba\\\/\"},\"author\":{\"name\":\"Renato Dias\",\"@id\":\"https:\\\/\\\/renatodias.online\\\/movimento\\\/#\\\/schema\\\/person\\\/bbab28833b1725a20f4083f49f1fb2a9\"},\"headline\":\"Um pai legal para caramba\",\"datePublished\":\"2020-08-08T02:46:04+00:00\",\"dateModified\":\"2020-08-08T02:50:01+00:00\",\"mainEntityOfPage\":{\"@id\":\"https:\\\/\\\/renatodias.online\\\/movimento\\\/2020\\\/08\\\/07\\\/um-pai-legal-para-caramba\\\/\"},\"wordCount\":2084,\"commentCount\":0,\"publisher\":{\"@id\":\"https:\\\/\\\/renatodias.online\\\/movimento\\\/#\\\/schema\\\/person\\\/bbab28833b1725a20f4083f49f1fb2a9\"},\"image\":{\"@id\":\"https:\\\/\\\/renatodias.online\\\/movimento\\\/2020\\\/08\\\/07\\\/um-pai-legal-para-caramba\\\/#primaryimage\"},\"thumbnailUrl\":\"https:\\\/\\\/renatodias.online\\\/movimento\\\/wp-content\\\/uploads\\\/2020\\\/08\\\/Exclusivo-Logo-de-capa.jpg\",\"articleSection\":[\"Estilo de Vida\",\"Opini\u00e3o\"],\"inLanguage\":\"pt-BR\",\"potentialAction\":[{\"@type\":\"CommentAction\",\"name\":\"Comment\",\"target\":[\"https:\\\/\\\/renatodias.online\\\/movimento\\\/2020\\\/08\\\/07\\\/um-pai-legal-para-caramba\\\/#respond\"]}]},{\"@type\":\"WebPage\",\"@id\":\"https:\\\/\\\/renatodias.online\\\/movimento\\\/2020\\\/08\\\/07\\\/um-pai-legal-para-caramba\\\/\",\"url\":\"https:\\\/\\\/renatodias.online\\\/movimento\\\/2020\\\/08\\\/07\\\/um-pai-legal-para-caramba\\\/\",\"name\":\"Um pai legal para caramba -\",\"isPartOf\":{\"@id\":\"https:\\\/\\\/renatodias.online\\\/movimento\\\/#website\"},\"primaryImageOfPage\":{\"@id\":\"https:\\\/\\\/renatodias.online\\\/movimento\\\/2020\\\/08\\\/07\\\/um-pai-legal-para-caramba\\\/#primaryimage\"},\"image\":{\"@id\":\"https:\\\/\\\/renatodias.online\\\/movimento\\\/2020\\\/08\\\/07\\\/um-pai-legal-para-caramba\\\/#primaryimage\"},\"thumbnailUrl\":\"https:\\\/\\\/renatodias.online\\\/movimento\\\/wp-content\\\/uploads\\\/2020\\\/08\\\/Exclusivo-Logo-de-capa.jpg\",\"datePublished\":\"2020-08-08T02:46:04+00:00\",\"dateModified\":\"2020-08-08T02:50:01+00:00\",\"breadcrumb\":{\"@id\":\"https:\\\/\\\/renatodias.online\\\/movimento\\\/2020\\\/08\\\/07\\\/um-pai-legal-para-caramba\\\/#breadcrumb\"},\"inLanguage\":\"pt-BR\",\"potentialAction\":[{\"@type\":\"ReadAction\",\"target\":[\"https:\\\/\\\/renatodias.online\\\/movimento\\\/2020\\\/08\\\/07\\\/um-pai-legal-para-caramba\\\/\"]}]},{\"@type\":\"ImageObject\",\"inLanguage\":\"pt-BR\",\"@id\":\"https:\\\/\\\/renatodias.online\\\/movimento\\\/2020\\\/08\\\/07\\\/um-pai-legal-para-caramba\\\/#primaryimage\",\"url\":\"https:\\\/\\\/renatodias.online\\\/movimento\\\/wp-content\\\/uploads\\\/2020\\\/08\\\/Exclusivo-Logo-de-capa.jpg\",\"contentUrl\":\"https:\\\/\\\/renatodias.online\\\/movimento\\\/wp-content\\\/uploads\\\/2020\\\/08\\\/Exclusivo-Logo-de-capa.jpg\",\"width\":512,\"height\":470},{\"@type\":\"BreadcrumbList\",\"@id\":\"https:\\\/\\\/renatodias.online\\\/movimento\\\/2020\\\/08\\\/07\\\/um-pai-legal-para-caramba\\\/#breadcrumb\",\"itemListElement\":[{\"@type\":\"ListItem\",\"position\":1,\"name\":\"In\u00edcio\",\"item\":\"https:\\\/\\\/renatodias.online\\\/movimento\\\/\"},{\"@type\":\"ListItem\",\"position\":2,\"name\":\"Um pai legal para caramba\"}]},{\"@type\":\"WebSite\",\"@id\":\"https:\\\/\\\/renatodias.online\\\/movimento\\\/#website\",\"url\":\"https:\\\/\\\/renatodias.online\\\/movimento\\\/\",\"name\":\"\",\"description\":\"\",\"publisher\":{\"@id\":\"https:\\\/\\\/renatodias.online\\\/movimento\\\/#\\\/schema\\\/person\\\/bbab28833b1725a20f4083f49f1fb2a9\"},\"potentialAction\":[{\"@type\":\"SearchAction\",\"target\":{\"@type\":\"EntryPoint\",\"urlTemplate\":\"https:\\\/\\\/renatodias.online\\\/movimento\\\/?s={search_term_string}\"},\"query-input\":{\"@type\":\"PropertyValueSpecification\",\"valueRequired\":true,\"valueName\":\"search_term_string\"}}],\"inLanguage\":\"pt-BR\"},{\"@type\":[\"Person\",\"Organization\"],\"@id\":\"https:\\\/\\\/renatodias.online\\\/movimento\\\/#\\\/schema\\\/person\\\/bbab28833b1725a20f4083f49f1fb2a9\",\"name\":\"Renato Dias\",\"image\":{\"@type\":\"ImageObject\",\"inLanguage\":\"pt-BR\",\"@id\":\"https:\\\/\\\/renatodias.online\\\/movimento\\\/wp-content\\\/uploads\\\/2023\\\/03\\\/cropped-cropped-cropped-logofinal.jpeg\",\"url\":\"https:\\\/\\\/renatodias.online\\\/movimento\\\/wp-content\\\/uploads\\\/2023\\\/03\\\/cropped-cropped-cropped-logofinal.jpeg\",\"contentUrl\":\"https:\\\/\\\/renatodias.online\\\/movimento\\\/wp-content\\\/uploads\\\/2023\\\/03\\\/cropped-cropped-cropped-logofinal.jpeg\",\"width\":1280,\"height\":219,\"caption\":\"Renato Dias\"},\"logo\":{\"@id\":\"https:\\\/\\\/renatodias.online\\\/movimento\\\/wp-content\\\/uploads\\\/2023\\\/03\\\/cropped-cropped-cropped-logofinal.jpeg\"},\"description\":\"Renato Dias, 58 anos, \u00e9 graduado em Jornalismo, formado em Ci\u00eancias Sociais, com p\u00f3s-gradua\u00e7\u00e3o em Pol\u00edticas P\u00fablicas, mestre em Direito e Rela\u00e7\u00f5es Internacionais, ex-aluno extraordin\u00e1rio do Doutorado em Psicologia Social, ex-estudante do Curso de Psican\u00e1lise do Centro de Estudos Psicanal\u00edticos do Estado de Goi\u00e1s, ministrado pelo m\u00e9dico psiquiatra e psicanalista Daniel Em\u00eddio de Souza. \u00c9 autor de 30 livros-reportagem, oito document\u00e1rios, ganhou 30 pr\u00eamios e \u00e9 torcedor apaixonado do maior do Centro-Oeste, o Vila Nova Futebol Clube. Casado com Meirilane Dias, \u00e9 pai de Juliana Dias, jornalista; Daniel Dias, economista; e Maria Rosa Dias, estudante antifascista, socialista e trotskista.\u00a0Com tr\u00eas pets: Porquinho [Bull Dog Franc\u00eas], Dalila [Basset Hound] e Geleia [Basset Hound]. Al\u00e9m do eterno gato Tutuquinho, que virou estrela.\",\"sameAs\":[\"https:\\\/\\\/www.facebook.com\\\/renato.dias.37\",\"#breve\",\"https:\\\/\\\/renatodias.tumblr.com\\\/\"],\"url\":\"https:\\\/\\\/renatodias.online\\\/movimento\\\/author\\\/renatodias\\\/\"}]}<\/script>\n<!-- \/ Yoast SEO plugin. -->","yoast_head_json":{"title":"Um pai legal para caramba -","robots":{"index":"index","follow":"follow","max-snippet":"max-snippet:-1","max-image-preview":"max-image-preview:large","max-video-preview":"max-video-preview:-1"},"canonical":"https:\/\/renatodias.online\/movimento\/2020\/08\/07\/um-pai-legal-para-caramba\/","og_locale":"pt_BR","og_type":"article","og_title":"Um pai legal para caramba -","og_description":"E X C L U S I V O Domingo _ 9 de agosto de 2020 Um pai legal para caramba Perfis de Jardel Sebba, Haendel Bittes, S\u00e9rgio Borges Lucas, Hermes Traldi, Silvino Ant\u00f4nio Dias Batista, Geraldo do Esp\u00edrito Santo Foga\u00e7a de Almeida, Fausto Jaime, Euler Ivo Vieira,\u00a0 Reinaldo Assis Pantale\u00e3o, Abr\u00e3o Amisy Neto, Paulo","og_url":"https:\/\/renatodias.online\/movimento\/2020\/08\/07\/um-pai-legal-para-caramba\/","article_publisher":"https:\/\/www.facebook.com\/renato.dias.37","article_author":"https:\/\/www.facebook.com\/renato.dias.37","article_published_time":"2020-08-08T02:46:04+00:00","article_modified_time":"2020-08-08T02:50:01+00:00","og_image":[{"width":512,"height":470,"url":"https:\/\/renatodias.online\/movimento\/wp-content\/uploads\/2020\/08\/Exclusivo-Logo-de-capa.jpg","type":"image\/jpeg"}],"author":"Renato Dias","twitter_card":"summary_large_image","twitter_creator":"@RenatoDiasBat","twitter_site":"@RenatoDiasBat","twitter_misc":{"Escrito por":"Renato Dias","Est. tempo de leitura":"10 minutos"},"schema":{"@context":"https:\/\/schema.org","@graph":[{"@type":"Article","@id":"https:\/\/renatodias.online\/movimento\/2020\/08\/07\/um-pai-legal-para-caramba\/#article","isPartOf":{"@id":"https:\/\/renatodias.online\/movimento\/2020\/08\/07\/um-pai-legal-para-caramba\/"},"author":{"name":"Renato Dias","@id":"https:\/\/renatodias.online\/movimento\/#\/schema\/person\/bbab28833b1725a20f4083f49f1fb2a9"},"headline":"Um pai legal para caramba","datePublished":"2020-08-08T02:46:04+00:00","dateModified":"2020-08-08T02:50:01+00:00","mainEntityOfPage":{"@id":"https:\/\/renatodias.online\/movimento\/2020\/08\/07\/um-pai-legal-para-caramba\/"},"wordCount":2084,"commentCount":0,"publisher":{"@id":"https:\/\/renatodias.online\/movimento\/#\/schema\/person\/bbab28833b1725a20f4083f49f1fb2a9"},"image":{"@id":"https:\/\/renatodias.online\/movimento\/2020\/08\/07\/um-pai-legal-para-caramba\/#primaryimage"},"thumbnailUrl":"https:\/\/renatodias.online\/movimento\/wp-content\/uploads\/2020\/08\/Exclusivo-Logo-de-capa.jpg","articleSection":["Estilo de Vida","Opini\u00e3o"],"inLanguage":"pt-BR","potentialAction":[{"@type":"CommentAction","name":"Comment","target":["https:\/\/renatodias.online\/movimento\/2020\/08\/07\/um-pai-legal-para-caramba\/#respond"]}]},{"@type":"WebPage","@id":"https:\/\/renatodias.online\/movimento\/2020\/08\/07\/um-pai-legal-para-caramba\/","url":"https:\/\/renatodias.online\/movimento\/2020\/08\/07\/um-pai-legal-para-caramba\/","name":"Um pai legal para caramba -","isPartOf":{"@id":"https:\/\/renatodias.online\/movimento\/#website"},"primaryImageOfPage":{"@id":"https:\/\/renatodias.online\/movimento\/2020\/08\/07\/um-pai-legal-para-caramba\/#primaryimage"},"image":{"@id":"https:\/\/renatodias.online\/movimento\/2020\/08\/07\/um-pai-legal-para-caramba\/#primaryimage"},"thumbnailUrl":"https:\/\/renatodias.online\/movimento\/wp-content\/uploads\/2020\/08\/Exclusivo-Logo-de-capa.jpg","datePublished":"2020-08-08T02:46:04+00:00","dateModified":"2020-08-08T02:50:01+00:00","breadcrumb":{"@id":"https:\/\/renatodias.online\/movimento\/2020\/08\/07\/um-pai-legal-para-caramba\/#breadcrumb"},"inLanguage":"pt-BR","potentialAction":[{"@type":"ReadAction","target":["https:\/\/renatodias.online\/movimento\/2020\/08\/07\/um-pai-legal-para-caramba\/"]}]},{"@type":"ImageObject","inLanguage":"pt-BR","@id":"https:\/\/renatodias.online\/movimento\/2020\/08\/07\/um-pai-legal-para-caramba\/#primaryimage","url":"https:\/\/renatodias.online\/movimento\/wp-content\/uploads\/2020\/08\/Exclusivo-Logo-de-capa.jpg","contentUrl":"https:\/\/renatodias.online\/movimento\/wp-content\/uploads\/2020\/08\/Exclusivo-Logo-de-capa.jpg","width":512,"height":470},{"@type":"BreadcrumbList","@id":"https:\/\/renatodias.online\/movimento\/2020\/08\/07\/um-pai-legal-para-caramba\/#breadcrumb","itemListElement":[{"@type":"ListItem","position":1,"name":"In\u00edcio","item":"https:\/\/renatodias.online\/movimento\/"},{"@type":"ListItem","position":2,"name":"Um pai legal para caramba"}]},{"@type":"WebSite","@id":"https:\/\/renatodias.online\/movimento\/#website","url":"https:\/\/renatodias.online\/movimento\/","name":"","description":"","publisher":{"@id":"https:\/\/renatodias.online\/movimento\/#\/schema\/person\/bbab28833b1725a20f4083f49f1fb2a9"},"potentialAction":[{"@type":"SearchAction","target":{"@type":"EntryPoint","urlTemplate":"https:\/\/renatodias.online\/movimento\/?s={search_term_string}"},"query-input":{"@type":"PropertyValueSpecification","valueRequired":true,"valueName":"search_term_string"}}],"inLanguage":"pt-BR"},{"@type":["Person","Organization"],"@id":"https:\/\/renatodias.online\/movimento\/#\/schema\/person\/bbab28833b1725a20f4083f49f1fb2a9","name":"Renato Dias","image":{"@type":"ImageObject","inLanguage":"pt-BR","@id":"https:\/\/renatodias.online\/movimento\/wp-content\/uploads\/2023\/03\/cropped-cropped-cropped-logofinal.jpeg","url":"https:\/\/renatodias.online\/movimento\/wp-content\/uploads\/2023\/03\/cropped-cropped-cropped-logofinal.jpeg","contentUrl":"https:\/\/renatodias.online\/movimento\/wp-content\/uploads\/2023\/03\/cropped-cropped-cropped-logofinal.jpeg","width":1280,"height":219,"caption":"Renato Dias"},"logo":{"@id":"https:\/\/renatodias.online\/movimento\/wp-content\/uploads\/2023\/03\/cropped-cropped-cropped-logofinal.jpeg"},"description":"Renato Dias, 58 anos, \u00e9 graduado em Jornalismo, formado em Ci\u00eancias Sociais, com p\u00f3s-gradua\u00e7\u00e3o em Pol\u00edticas P\u00fablicas, mestre em Direito e Rela\u00e7\u00f5es Internacionais, ex-aluno extraordin\u00e1rio do Doutorado em Psicologia Social, ex-estudante do Curso de Psican\u00e1lise do Centro de Estudos Psicanal\u00edticos do Estado de Goi\u00e1s, ministrado pelo m\u00e9dico psiquiatra e psicanalista Daniel Em\u00eddio de Souza. \u00c9 autor de 30 livros-reportagem, oito document\u00e1rios, ganhou 30 pr\u00eamios e \u00e9 torcedor apaixonado do maior do Centro-Oeste, o Vila Nova Futebol Clube. Casado com Meirilane Dias, \u00e9 pai de Juliana Dias, jornalista; Daniel Dias, economista; e Maria Rosa Dias, estudante antifascista, socialista e trotskista.\u00a0Com tr\u00eas pets: Porquinho [Bull Dog Franc\u00eas], Dalila [Basset Hound] e Geleia [Basset Hound]. Al\u00e9m do eterno gato Tutuquinho, que virou estrela.","sameAs":["https:\/\/www.facebook.com\/renato.dias.37","#breve","https:\/\/renatodias.tumblr.com\/"],"url":"https:\/\/renatodias.online\/movimento\/author\/renatodias\/"}]}},"_links":{"self":[{"href":"https:\/\/renatodias.online\/movimento\/wp-json\/wp\/v2\/posts\/4174","targetHints":{"allow":["GET"]}}],"collection":[{"href":"https:\/\/renatodias.online\/movimento\/wp-json\/wp\/v2\/posts"}],"about":[{"href":"https:\/\/renatodias.online\/movimento\/wp-json\/wp\/v2\/types\/post"}],"author":[{"embeddable":true,"href":"https:\/\/renatodias.online\/movimento\/wp-json\/wp\/v2\/users\/2"}],"replies":[{"embeddable":true,"href":"https:\/\/renatodias.online\/movimento\/wp-json\/wp\/v2\/comments?post=4174"}],"version-history":[{"count":1,"href":"https:\/\/renatodias.online\/movimento\/wp-json\/wp\/v2\/posts\/4174\/revisions"}],"predecessor-version":[{"id":4189,"href":"https:\/\/renatodias.online\/movimento\/wp-json\/wp\/v2\/posts\/4174\/revisions\/4189"}],"wp:featuredmedia":[{"embeddable":true,"href":"https:\/\/renatodias.online\/movimento\/wp-json\/wp\/v2\/media\/4175"}],"wp:attachment":[{"href":"https:\/\/renatodias.online\/movimento\/wp-json\/wp\/v2\/media?parent=4174"}],"wp:term":[{"taxonomy":"category","embeddable":true,"href":"https:\/\/renatodias.online\/movimento\/wp-json\/wp\/v2\/categories?post=4174"},{"taxonomy":"post_tag","embeddable":true,"href":"https:\/\/renatodias.online\/movimento\/wp-json\/wp\/v2\/tags?post=4174"}],"curies":[{"name":"wp","href":"https:\/\/api.w.org\/{rel}","templated":true}]}}