{"id":4133,"date":"2020-07-26T19:28:47","date_gmt":"2020-07-26T22:28:47","guid":{"rendered":"https:\/\/renatodias.online\/movimento\/?p=4133"},"modified":"2020-07-26T19:31:15","modified_gmt":"2020-07-26T22:31:15","slug":"otoni-quer-taxar-mais-ricos","status":"publish","type":"post","link":"https:\/\/renatodias.online\/movimento\/2020\/07\/26\/otoni-quer-taxar-mais-ricos\/","title":{"rendered":"Otoni quer taxar mais ricos"},"content":{"rendered":"<p><strong>Reforma Tribut\u00e1ria<\/strong><\/p>\n<h1><strong>Otoni quer taxar mais ricos<\/strong><\/h1>\n<p><strong>Taxa\u00e7\u00e3o das fortunas, dos lucros do capital, das heran\u00e7as estratosf\u00e9ricas e de bens de luxo. Assim como criar novas faixas no Imposto de Renda. \u00c9 o que defende o deputado federal<\/strong><\/p>\n<figure id=\"attachment_3490\" aria-describedby=\"caption-attachment-3490\" style=\"width: 450px\" class=\"wp-caption alignnone\"><img loading=\"lazy\" decoding=\"async\" class=\"wp-image-3490\" src=\"https:\/\/renatodias.online\/movimento\/wp-content\/uploads\/2020\/05\/Rubens-Otoni-Gomide-1.jpg\" alt=\"\" width=\"450\" height=\"300\" srcset=\"https:\/\/renatodias.online\/movimento\/wp-content\/uploads\/2020\/05\/Rubens-Otoni-Gomide-1.jpg 750w, https:\/\/renatodias.online\/movimento\/wp-content\/uploads\/2020\/05\/Rubens-Otoni-Gomide-1-300x200.jpg 300w, https:\/\/renatodias.online\/movimento\/wp-content\/uploads\/2020\/05\/Rubens-Otoni-Gomide-1-360x240.jpg 360w\" sizes=\"auto, (max-width: 450px) 100vw, 450px\" \/><figcaption id=\"caption-attachment-3490\" class=\"wp-caption-text\">Rubens Otoni Gomide. &#8211; Divulgal\u00e7\u00e3o<\/figcaption><\/figure>\n<p><strong>Renato Dias<\/strong><\/p>\n<p>Taxa\u00e7\u00e3o das fortunas, dos lucros do capital, das heran\u00e7as estratosf\u00e9ricas e de bens de luxo. Assim como criar novas faixas no Imposto de Renda. Para a boca do Le\u00e3o da Receita Federal morder quem ganhar mais. Longe do projeto de Estado M\u00ednimo, de austeridade fiscal e de cortes nos gastos p\u00fablicos. Sem o\u00a0 contingenciamento para \u00e1reas estrat\u00e9gicas da economia nacional. Como Sa\u00fade, Educa\u00e7\u00e3o, \u00c1rea Social, Emprego e Renda, Infraestrutura. \u00c9 a proposta de Reforma Tribut\u00e1ria defendida pelo deputado federal do PT de Goi\u00e1s <strong>Rubens Otoni Gomide<\/strong>.<\/p>\n<p>Fundado em uma Reforma Tribut\u00e1ria _ Justa, Solid\u00e1ria e Sustent\u00e1vel. O Projeto de Emenda \u00a0Constitucional j\u00e1 tramita no Congresso Nacional como uma emenda substitutiva global \u00e0 PEC n\u00ba45\/2019. A proposta possui o suporte das bancadas do <a rel=\"noopener noreferrer\" href=\"https:\/\/pt.org.br\/tag\/pt\/\" target=\"_blank\">PT<\/a>, <a rel=\"noopener noreferrer\" href=\"https:\/\/pt.org.br\/tag\/psb\/\" target=\"_blank\">PSB<\/a>, <a rel=\"noopener noreferrer\" href=\"https:\/\/pt.org.br\/tag\/pdt\/\" target=\"_blank\">PDT<\/a>, <a rel=\"noopener noreferrer\" href=\"https:\/\/pt.org.br\/tag\/psol\/\" target=\"_blank\">PSOL<\/a>, <a rel=\"noopener noreferrer\" href=\"https:\/\/pt.org.br\/tag\/pcdob-2\/\" target=\"_blank\">PCdoB<\/a> e <a rel=\"noopener noreferrer\" href=\"https:\/\/pt.org.br\/tag\/rede\/\" target=\"_blank\">REDE<\/a> no Senado e na C\u00e2mara Federal. O parlamentar cr\u00ea que a Reforma Tribut\u00e1ria n\u00e3o deve se resumir \u00e0 simplifica\u00e7\u00e3o tribut\u00e1ria. A ideia \u00e9 a desonera\u00e7\u00e3o dos pobres, do trabalhador e a garantia do equil\u00edbrio das contas p\u00fablicas. Com a taxa\u00e7\u00e3o das corpora\u00e7\u00f5es \u00a0e de quem pode pagar mais.<\/p>\n<p>O conceito institui uma tributa\u00e7\u00e3o justa e solid\u00e1ria. Al\u00e9m da sustentabilidade ambiental. Com foco, em tempos sombrios da Pandemia do Coronav\u00edrus Covid 19, no Brasil, na prote\u00e7\u00e3o \u00e0 <a rel=\"noopener noreferrer\" href=\"https:\/\/pt.org.br\/tag\/saude\/\" target=\"_blank\">sa\u00fade<\/a> humana. A estrat\u00e9gia \u00e9 promover o desenvolvimento com o financiamento da <a rel=\"noopener noreferrer\" href=\"https:\/\/pt.org.br\/tag\/educacao-2\/\" target=\"_blank\">educa\u00e7\u00e3o<\/a> p\u00fablica. Gratuita e de qualidade.\u00a0 Registro: com a garantia da preserva\u00e7\u00e3o da Seguridade Social. Rubens Otoni Gomide informa, com exclusividade, que quer o restabelecimento do pacto federativo e <a rel=\"noopener noreferrer\" href=\"https:\/\/pt.org.br\/tag\/desenvolvimento-2\/\" target=\"_blank\">desenvolvimento<\/a> regional. Com simplifica\u00e7\u00e3o e efici\u00eancia tribut\u00e1ria.<\/p>\n<p>O Brasil \u00e9 dos primeiros no ranking mundial de desigualdade econ\u00f4mica, social, educacional e cultural. O Instituto Brasileiro de Geografia e Estat\u00edstica [<a rel=\"noopener noreferrer\" href=\"https:\/\/pt.org.br\/tag\/ibge\/\" target=\"_blank\">IBGE<\/a>] apontou, em 2018, que 40% da renda do Pa\u00eds estaria concentrada nas m\u00e3os dos 10% \u00a0mais ricos. Mais: metade da popu\u00adla\u00e7\u00e3o, hoje 211 milh\u00f5es de habitantes, sobrevivia com R$ 413 por m\u00eas. Um dos instru\u00admen\u00ad\u00adtos de manuten\u00e7\u00e3o e reprodu\u00e7\u00e3o da desigualdade \u00e9 o sistema tribut\u00e1rio. O maior peso dos tribu\u00adtos recai nos ombros dos mais pobres. Com aa cobran\u00e7a de impostos de sal\u00e1rios e o consumo<\/p>\n<figure id=\"attachment_4135\" aria-describedby=\"caption-attachment-4135\" style=\"width: 850px\" class=\"wp-caption alignnone\"><img loading=\"lazy\" decoding=\"async\" class=\"size-full wp-image-4135\" src=\"https:\/\/renatodias.online\/movimento\/wp-content\/uploads\/2020\/07\/A-riqueza-extrema-no-Brasil-Cr\u00e9dito-da-imagem-Examed.jpg\" alt=\"\" width=\"850\" height=\"566\" srcset=\"https:\/\/renatodias.online\/movimento\/wp-content\/uploads\/2020\/07\/A-riqueza-extrema-no-Brasil-Cr\u00e9dito-da-imagem-Examed.jpg 850w, https:\/\/renatodias.online\/movimento\/wp-content\/uploads\/2020\/07\/A-riqueza-extrema-no-Brasil-Cr\u00e9dito-da-imagem-Examed-300x200.jpg 300w, https:\/\/renatodias.online\/movimento\/wp-content\/uploads\/2020\/07\/A-riqueza-extrema-no-Brasil-Cr\u00e9dito-da-imagem-Examed-768x511.jpg 768w, https:\/\/renatodias.online\/movimento\/wp-content\/uploads\/2020\/07\/A-riqueza-extrema-no-Brasil-Cr\u00e9dito-da-imagem-Examed-360x240.jpg 360w, https:\/\/renatodias.online\/movimento\/wp-content\/uploads\/2020\/07\/A-riqueza-extrema-no-Brasil-Cr\u00e9dito-da-imagem-Examed-750x499.jpg 750w\" sizes=\"auto, (max-width: 850px) 100vw, 850px\" \/><figcaption id=\"caption-attachment-4135\" class=\"wp-caption-text\">A riqueza extrema no Brasil &#8211; Cr\u00e9dito da imagem Exame<\/figcaption><\/figure>\n<p><strong>Agenda econ\u00f4mica<\/strong><\/p>\n<p>O receitu\u00e1rio neoliberal, inaugurado por Margareth Thatcher, no Reino Unido, em 1979, e por Ronald Reagan, dos Estados Unidos das Am\u00e9ricas [EUA], \u00a0em 1981, imposto \u00e0 Am\u00e9rica Latina, e ao Brasil, em particular, sob Fernando Collor de Mello, Itamar Franco, Fernando Henrique Cardoso, Michel Temer e Jair Messias Bolsonaro \u00e9 um contraponto \u00e0 ideia de igualdade social e de desenvolvimento humano. O Brasil tem um verdadeiro abismo entre ricos e pobres.\u00a0 Com 63 milh\u00f5es de pessoas em condi\u00e7\u00f5es de vulnerabilidade social. De pobreza e mis\u00e9ria absoluta.<\/p>\n","protected":false},"excerpt":{"rendered":"<p>Reforma Tribut\u00e1ria Otoni quer taxar mais ricos Taxa\u00e7\u00e3o das fortunas, dos lucros do capital, das heran\u00e7as estratosf\u00e9ricas e de bens de luxo. Assim como criar novas faixas no Imposto de Renda. \u00c9 o que defende o deputado federal Renato Dias Taxa\u00e7\u00e3o das fortunas, dos lucros do capital, das heran\u00e7as estratosf\u00e9ricas e de bens de luxo.<\/p>\n","protected":false},"author":2,"featured_media":4134,"comment_status":"open","ping_status":"open","sticky":false,"template":"","format":"standard","meta":{"_acf_changed":false,"_monsterinsights_skip_tracking":false,"_monsterinsights_sitenote_active":false,"_monsterinsights_sitenote_note":"","_monsterinsights_sitenote_category":0,"footnotes":""},"categories":[4],"tags":[],"class_list":["post-4133","post","type-post","status-publish","format-standard","has-post-thumbnail","hentry","category-politica"],"acf":[],"yoast_head":"<!-- This site is optimized with the Yoast SEO plugin v27.4 - https:\/\/yoast.com\/product\/yoast-seo-wordpress\/ -->\n<title>Otoni quer taxar mais ricos -<\/title>\n<meta name=\"robots\" content=\"index, follow, max-snippet:-1, max-image-preview:large, max-video-preview:-1\" \/>\n<link rel=\"canonical\" href=\"https:\/\/renatodias.online\/movimento\/2020\/07\/26\/otoni-quer-taxar-mais-ricos\/\" \/>\n<meta property=\"og:locale\" content=\"pt_BR\" \/>\n<meta property=\"og:type\" content=\"article\" \/>\n<meta property=\"og:title\" content=\"Otoni quer taxar mais ricos -\" \/>\n<meta property=\"og:description\" content=\"Reforma Tribut\u00e1ria Otoni quer taxar mais ricos Taxa\u00e7\u00e3o das fortunas, dos lucros do capital, das heran\u00e7as estratosf\u00e9ricas e de bens de luxo. Assim como criar novas faixas no Imposto de Renda. \u00c9 o que defende o deputado federal Renato Dias Taxa\u00e7\u00e3o das fortunas, dos lucros do capital, das heran\u00e7as estratosf\u00e9ricas e de bens de luxo.\" \/>\n<meta property=\"og:url\" content=\"https:\/\/renatodias.online\/movimento\/2020\/07\/26\/otoni-quer-taxar-mais-ricos\/\" \/>\n<meta property=\"article:publisher\" content=\"https:\/\/www.facebook.com\/renato.dias.37\" \/>\n<meta property=\"article:author\" content=\"https:\/\/www.facebook.com\/renato.dias.37\" \/>\n<meta property=\"article:published_time\" content=\"2020-07-26T22:28:47+00:00\" \/>\n<meta property=\"article:modified_time\" content=\"2020-07-26T22:31:15+00:00\" \/>\n<meta property=\"og:image\" content=\"https:\/\/renatodias.online\/movimento\/wp-content\/uploads\/2020\/07\/A-mis\u00e9ria-extrema-no-Brasil-Cr\u00e9dito-G1-Globo-1.jpg\" \/>\n\t<meta property=\"og:image:width\" content=\"994\" \/>\n\t<meta property=\"og:image:height\" content=\"728\" \/>\n\t<meta property=\"og:image:type\" content=\"image\/jpeg\" \/>\n<meta name=\"author\" content=\"Renato Dias\" \/>\n<meta name=\"twitter:card\" content=\"summary_large_image\" \/>\n<meta name=\"twitter:creator\" content=\"@RenatoDiasBat\" \/>\n<meta name=\"twitter:site\" content=\"@RenatoDiasBat\" \/>\n<meta name=\"twitter:label1\" content=\"Escrito por\" \/>\n\t<meta name=\"twitter:data1\" content=\"Renato Dias\" \/>\n\t<meta name=\"twitter:label2\" content=\"Est. tempo de leitura\" \/>\n\t<meta name=\"twitter:data2\" content=\"3 minutos\" \/>\n<script type=\"application\/ld+json\" class=\"yoast-schema-graph\">{\"@context\":\"https:\\\/\\\/schema.org\",\"@graph\":[{\"@type\":\"Article\",\"@id\":\"https:\\\/\\\/renatodias.online\\\/movimento\\\/2020\\\/07\\\/26\\\/otoni-quer-taxar-mais-ricos\\\/#article\",\"isPartOf\":{\"@id\":\"https:\\\/\\\/renatodias.online\\\/movimento\\\/2020\\\/07\\\/26\\\/otoni-quer-taxar-mais-ricos\\\/\"},\"author\":{\"name\":\"Renato Dias\",\"@id\":\"https:\\\/\\\/renatodias.online\\\/movimento\\\/#\\\/schema\\\/person\\\/bbab28833b1725a20f4083f49f1fb2a9\"},\"headline\":\"Otoni quer taxar mais ricos\",\"datePublished\":\"2020-07-26T22:28:47+00:00\",\"dateModified\":\"2020-07-26T22:31:15+00:00\",\"mainEntityOfPage\":{\"@id\":\"https:\\\/\\\/renatodias.online\\\/movimento\\\/2020\\\/07\\\/26\\\/otoni-quer-taxar-mais-ricos\\\/\"},\"wordCount\":548,\"commentCount\":0,\"publisher\":{\"@id\":\"https:\\\/\\\/renatodias.online\\\/movimento\\\/#\\\/schema\\\/person\\\/bbab28833b1725a20f4083f49f1fb2a9\"},\"image\":{\"@id\":\"https:\\\/\\\/renatodias.online\\\/movimento\\\/2020\\\/07\\\/26\\\/otoni-quer-taxar-mais-ricos\\\/#primaryimage\"},\"thumbnailUrl\":\"https:\\\/\\\/renatodias.online\\\/movimento\\\/wp-content\\\/uploads\\\/2020\\\/07\\\/A-mis\u00e9ria-extrema-no-Brasil-Cr\u00e9dito-G1-Globo-1.jpg\",\"articleSection\":[\"Pol\u00edtica\"],\"inLanguage\":\"pt-BR\",\"potentialAction\":[{\"@type\":\"CommentAction\",\"name\":\"Comment\",\"target\":[\"https:\\\/\\\/renatodias.online\\\/movimento\\\/2020\\\/07\\\/26\\\/otoni-quer-taxar-mais-ricos\\\/#respond\"]}]},{\"@type\":\"WebPage\",\"@id\":\"https:\\\/\\\/renatodias.online\\\/movimento\\\/2020\\\/07\\\/26\\\/otoni-quer-taxar-mais-ricos\\\/\",\"url\":\"https:\\\/\\\/renatodias.online\\\/movimento\\\/2020\\\/07\\\/26\\\/otoni-quer-taxar-mais-ricos\\\/\",\"name\":\"Otoni quer taxar mais ricos -\",\"isPartOf\":{\"@id\":\"https:\\\/\\\/renatodias.online\\\/movimento\\\/#website\"},\"primaryImageOfPage\":{\"@id\":\"https:\\\/\\\/renatodias.online\\\/movimento\\\/2020\\\/07\\\/26\\\/otoni-quer-taxar-mais-ricos\\\/#primaryimage\"},\"image\":{\"@id\":\"https:\\\/\\\/renatodias.online\\\/movimento\\\/2020\\\/07\\\/26\\\/otoni-quer-taxar-mais-ricos\\\/#primaryimage\"},\"thumbnailUrl\":\"https:\\\/\\\/renatodias.online\\\/movimento\\\/wp-content\\\/uploads\\\/2020\\\/07\\\/A-mis\u00e9ria-extrema-no-Brasil-Cr\u00e9dito-G1-Globo-1.jpg\",\"datePublished\":\"2020-07-26T22:28:47+00:00\",\"dateModified\":\"2020-07-26T22:31:15+00:00\",\"breadcrumb\":{\"@id\":\"https:\\\/\\\/renatodias.online\\\/movimento\\\/2020\\\/07\\\/26\\\/otoni-quer-taxar-mais-ricos\\\/#breadcrumb\"},\"inLanguage\":\"pt-BR\",\"potentialAction\":[{\"@type\":\"ReadAction\",\"target\":[\"https:\\\/\\\/renatodias.online\\\/movimento\\\/2020\\\/07\\\/26\\\/otoni-quer-taxar-mais-ricos\\\/\"]}]},{\"@type\":\"ImageObject\",\"inLanguage\":\"pt-BR\",\"@id\":\"https:\\\/\\\/renatodias.online\\\/movimento\\\/2020\\\/07\\\/26\\\/otoni-quer-taxar-mais-ricos\\\/#primaryimage\",\"url\":\"https:\\\/\\\/renatodias.online\\\/movimento\\\/wp-content\\\/uploads\\\/2020\\\/07\\\/A-mis\u00e9ria-extrema-no-Brasil-Cr\u00e9dito-G1-Globo-1.jpg\",\"contentUrl\":\"https:\\\/\\\/renatodias.online\\\/movimento\\\/wp-content\\\/uploads\\\/2020\\\/07\\\/A-mis\u00e9ria-extrema-no-Brasil-Cr\u00e9dito-G1-Globo-1.jpg\",\"width\":994,\"height\":728,\"caption\":\"A mis\u00e9ria extrema no Brasil - Cr\u00e9dito - G1 Globo\"},{\"@type\":\"BreadcrumbList\",\"@id\":\"https:\\\/\\\/renatodias.online\\\/movimento\\\/2020\\\/07\\\/26\\\/otoni-quer-taxar-mais-ricos\\\/#breadcrumb\",\"itemListElement\":[{\"@type\":\"ListItem\",\"position\":1,\"name\":\"In\u00edcio\",\"item\":\"https:\\\/\\\/renatodias.online\\\/movimento\\\/\"},{\"@type\":\"ListItem\",\"position\":2,\"name\":\"Otoni quer taxar mais ricos\"}]},{\"@type\":\"WebSite\",\"@id\":\"https:\\\/\\\/renatodias.online\\\/movimento\\\/#website\",\"url\":\"https:\\\/\\\/renatodias.online\\\/movimento\\\/\",\"name\":\"\",\"description\":\"\",\"publisher\":{\"@id\":\"https:\\\/\\\/renatodias.online\\\/movimento\\\/#\\\/schema\\\/person\\\/bbab28833b1725a20f4083f49f1fb2a9\"},\"potentialAction\":[{\"@type\":\"SearchAction\",\"target\":{\"@type\":\"EntryPoint\",\"urlTemplate\":\"https:\\\/\\\/renatodias.online\\\/movimento\\\/?s={search_term_string}\"},\"query-input\":{\"@type\":\"PropertyValueSpecification\",\"valueRequired\":true,\"valueName\":\"search_term_string\"}}],\"inLanguage\":\"pt-BR\"},{\"@type\":[\"Person\",\"Organization\"],\"@id\":\"https:\\\/\\\/renatodias.online\\\/movimento\\\/#\\\/schema\\\/person\\\/bbab28833b1725a20f4083f49f1fb2a9\",\"name\":\"Renato Dias\",\"image\":{\"@type\":\"ImageObject\",\"inLanguage\":\"pt-BR\",\"@id\":\"https:\\\/\\\/renatodias.online\\\/movimento\\\/wp-content\\\/uploads\\\/2023\\\/03\\\/cropped-cropped-cropped-logofinal.jpeg\",\"url\":\"https:\\\/\\\/renatodias.online\\\/movimento\\\/wp-content\\\/uploads\\\/2023\\\/03\\\/cropped-cropped-cropped-logofinal.jpeg\",\"contentUrl\":\"https:\\\/\\\/renatodias.online\\\/movimento\\\/wp-content\\\/uploads\\\/2023\\\/03\\\/cropped-cropped-cropped-logofinal.jpeg\",\"width\":1280,\"height\":219,\"caption\":\"Renato Dias\"},\"logo\":{\"@id\":\"https:\\\/\\\/renatodias.online\\\/movimento\\\/wp-content\\\/uploads\\\/2023\\\/03\\\/cropped-cropped-cropped-logofinal.jpeg\"},\"description\":\"Renato Dias, 58 anos, \u00e9 graduado em Jornalismo, formado em Ci\u00eancias Sociais, com p\u00f3s-gradua\u00e7\u00e3o em Pol\u00edticas P\u00fablicas, mestre em Direito e Rela\u00e7\u00f5es Internacionais, ex-aluno extraordin\u00e1rio do Doutorado em Psicologia Social, ex-estudante do Curso de Psican\u00e1lise do Centro de Estudos Psicanal\u00edticos do Estado de Goi\u00e1s, ministrado pelo m\u00e9dico psiquiatra e psicanalista Daniel Em\u00eddio de Souza. \u00c9 autor de 30 livros-reportagem, oito document\u00e1rios, ganhou 30 pr\u00eamios e \u00e9 torcedor apaixonado do maior do Centro-Oeste, o Vila Nova Futebol Clube. Casado com Meirilane Dias, \u00e9 pai de Juliana Dias, jornalista; Daniel Dias, economista; e Maria Rosa Dias, estudante antifascista, socialista e trotskista.\u00a0Com tr\u00eas pets: Porquinho [Bull Dog Franc\u00eas], Dalila [Basset Hound] e Geleia [Basset Hound]. Al\u00e9m do eterno gato Tutuquinho, que virou estrela.\",\"sameAs\":[\"https:\\\/\\\/www.facebook.com\\\/renato.dias.37\",\"#breve\",\"https:\\\/\\\/renatodias.tumblr.com\\\/\"],\"url\":\"https:\\\/\\\/renatodias.online\\\/movimento\\\/author\\\/renatodias\\\/\"}]}<\/script>\n<!-- \/ Yoast SEO plugin. -->","yoast_head_json":{"title":"Otoni quer taxar mais ricos -","robots":{"index":"index","follow":"follow","max-snippet":"max-snippet:-1","max-image-preview":"max-image-preview:large","max-video-preview":"max-video-preview:-1"},"canonical":"https:\/\/renatodias.online\/movimento\/2020\/07\/26\/otoni-quer-taxar-mais-ricos\/","og_locale":"pt_BR","og_type":"article","og_title":"Otoni quer taxar mais ricos -","og_description":"Reforma Tribut\u00e1ria Otoni quer taxar mais ricos Taxa\u00e7\u00e3o das fortunas, dos lucros do capital, das heran\u00e7as estratosf\u00e9ricas e de bens de luxo. Assim como criar novas faixas no Imposto de Renda. \u00c9 o que defende o deputado federal Renato Dias Taxa\u00e7\u00e3o das fortunas, dos lucros do capital, das heran\u00e7as estratosf\u00e9ricas e de bens de luxo.","og_url":"https:\/\/renatodias.online\/movimento\/2020\/07\/26\/otoni-quer-taxar-mais-ricos\/","article_publisher":"https:\/\/www.facebook.com\/renato.dias.37","article_author":"https:\/\/www.facebook.com\/renato.dias.37","article_published_time":"2020-07-26T22:28:47+00:00","article_modified_time":"2020-07-26T22:31:15+00:00","og_image":[{"width":994,"height":728,"url":"https:\/\/renatodias.online\/movimento\/wp-content\/uploads\/2020\/07\/A-mis\u00e9ria-extrema-no-Brasil-Cr\u00e9dito-G1-Globo-1.jpg","type":"image\/jpeg"}],"author":"Renato Dias","twitter_card":"summary_large_image","twitter_creator":"@RenatoDiasBat","twitter_site":"@RenatoDiasBat","twitter_misc":{"Escrito por":"Renato Dias","Est. tempo de leitura":"3 minutos"},"schema":{"@context":"https:\/\/schema.org","@graph":[{"@type":"Article","@id":"https:\/\/renatodias.online\/movimento\/2020\/07\/26\/otoni-quer-taxar-mais-ricos\/#article","isPartOf":{"@id":"https:\/\/renatodias.online\/movimento\/2020\/07\/26\/otoni-quer-taxar-mais-ricos\/"},"author":{"name":"Renato Dias","@id":"https:\/\/renatodias.online\/movimento\/#\/schema\/person\/bbab28833b1725a20f4083f49f1fb2a9"},"headline":"Otoni quer taxar mais ricos","datePublished":"2020-07-26T22:28:47+00:00","dateModified":"2020-07-26T22:31:15+00:00","mainEntityOfPage":{"@id":"https:\/\/renatodias.online\/movimento\/2020\/07\/26\/otoni-quer-taxar-mais-ricos\/"},"wordCount":548,"commentCount":0,"publisher":{"@id":"https:\/\/renatodias.online\/movimento\/#\/schema\/person\/bbab28833b1725a20f4083f49f1fb2a9"},"image":{"@id":"https:\/\/renatodias.online\/movimento\/2020\/07\/26\/otoni-quer-taxar-mais-ricos\/#primaryimage"},"thumbnailUrl":"https:\/\/renatodias.online\/movimento\/wp-content\/uploads\/2020\/07\/A-mis\u00e9ria-extrema-no-Brasil-Cr\u00e9dito-G1-Globo-1.jpg","articleSection":["Pol\u00edtica"],"inLanguage":"pt-BR","potentialAction":[{"@type":"CommentAction","name":"Comment","target":["https:\/\/renatodias.online\/movimento\/2020\/07\/26\/otoni-quer-taxar-mais-ricos\/#respond"]}]},{"@type":"WebPage","@id":"https:\/\/renatodias.online\/movimento\/2020\/07\/26\/otoni-quer-taxar-mais-ricos\/","url":"https:\/\/renatodias.online\/movimento\/2020\/07\/26\/otoni-quer-taxar-mais-ricos\/","name":"Otoni quer taxar mais ricos -","isPartOf":{"@id":"https:\/\/renatodias.online\/movimento\/#website"},"primaryImageOfPage":{"@id":"https:\/\/renatodias.online\/movimento\/2020\/07\/26\/otoni-quer-taxar-mais-ricos\/#primaryimage"},"image":{"@id":"https:\/\/renatodias.online\/movimento\/2020\/07\/26\/otoni-quer-taxar-mais-ricos\/#primaryimage"},"thumbnailUrl":"https:\/\/renatodias.online\/movimento\/wp-content\/uploads\/2020\/07\/A-mis\u00e9ria-extrema-no-Brasil-Cr\u00e9dito-G1-Globo-1.jpg","datePublished":"2020-07-26T22:28:47+00:00","dateModified":"2020-07-26T22:31:15+00:00","breadcrumb":{"@id":"https:\/\/renatodias.online\/movimento\/2020\/07\/26\/otoni-quer-taxar-mais-ricos\/#breadcrumb"},"inLanguage":"pt-BR","potentialAction":[{"@type":"ReadAction","target":["https:\/\/renatodias.online\/movimento\/2020\/07\/26\/otoni-quer-taxar-mais-ricos\/"]}]},{"@type":"ImageObject","inLanguage":"pt-BR","@id":"https:\/\/renatodias.online\/movimento\/2020\/07\/26\/otoni-quer-taxar-mais-ricos\/#primaryimage","url":"https:\/\/renatodias.online\/movimento\/wp-content\/uploads\/2020\/07\/A-mis\u00e9ria-extrema-no-Brasil-Cr\u00e9dito-G1-Globo-1.jpg","contentUrl":"https:\/\/renatodias.online\/movimento\/wp-content\/uploads\/2020\/07\/A-mis\u00e9ria-extrema-no-Brasil-Cr\u00e9dito-G1-Globo-1.jpg","width":994,"height":728,"caption":"A mis\u00e9ria extrema no Brasil - Cr\u00e9dito - G1 Globo"},{"@type":"BreadcrumbList","@id":"https:\/\/renatodias.online\/movimento\/2020\/07\/26\/otoni-quer-taxar-mais-ricos\/#breadcrumb","itemListElement":[{"@type":"ListItem","position":1,"name":"In\u00edcio","item":"https:\/\/renatodias.online\/movimento\/"},{"@type":"ListItem","position":2,"name":"Otoni quer taxar mais ricos"}]},{"@type":"WebSite","@id":"https:\/\/renatodias.online\/movimento\/#website","url":"https:\/\/renatodias.online\/movimento\/","name":"","description":"","publisher":{"@id":"https:\/\/renatodias.online\/movimento\/#\/schema\/person\/bbab28833b1725a20f4083f49f1fb2a9"},"potentialAction":[{"@type":"SearchAction","target":{"@type":"EntryPoint","urlTemplate":"https:\/\/renatodias.online\/movimento\/?s={search_term_string}"},"query-input":{"@type":"PropertyValueSpecification","valueRequired":true,"valueName":"search_term_string"}}],"inLanguage":"pt-BR"},{"@type":["Person","Organization"],"@id":"https:\/\/renatodias.online\/movimento\/#\/schema\/person\/bbab28833b1725a20f4083f49f1fb2a9","name":"Renato Dias","image":{"@type":"ImageObject","inLanguage":"pt-BR","@id":"https:\/\/renatodias.online\/movimento\/wp-content\/uploads\/2023\/03\/cropped-cropped-cropped-logofinal.jpeg","url":"https:\/\/renatodias.online\/movimento\/wp-content\/uploads\/2023\/03\/cropped-cropped-cropped-logofinal.jpeg","contentUrl":"https:\/\/renatodias.online\/movimento\/wp-content\/uploads\/2023\/03\/cropped-cropped-cropped-logofinal.jpeg","width":1280,"height":219,"caption":"Renato Dias"},"logo":{"@id":"https:\/\/renatodias.online\/movimento\/wp-content\/uploads\/2023\/03\/cropped-cropped-cropped-logofinal.jpeg"},"description":"Renato Dias, 58 anos, \u00e9 graduado em Jornalismo, formado em Ci\u00eancias Sociais, com p\u00f3s-gradua\u00e7\u00e3o em Pol\u00edticas P\u00fablicas, mestre em Direito e Rela\u00e7\u00f5es Internacionais, ex-aluno extraordin\u00e1rio do Doutorado em Psicologia Social, ex-estudante do Curso de Psican\u00e1lise do Centro de Estudos Psicanal\u00edticos do Estado de Goi\u00e1s, ministrado pelo m\u00e9dico psiquiatra e psicanalista Daniel Em\u00eddio de Souza. \u00c9 autor de 30 livros-reportagem, oito document\u00e1rios, ganhou 30 pr\u00eamios e \u00e9 torcedor apaixonado do maior do Centro-Oeste, o Vila Nova Futebol Clube. Casado com Meirilane Dias, \u00e9 pai de Juliana Dias, jornalista; Daniel Dias, economista; e Maria Rosa Dias, estudante antifascista, socialista e trotskista.\u00a0Com tr\u00eas pets: Porquinho [Bull Dog Franc\u00eas], Dalila [Basset Hound] e Geleia [Basset Hound]. Al\u00e9m do eterno gato Tutuquinho, que virou estrela.","sameAs":["https:\/\/www.facebook.com\/renato.dias.37","#breve","https:\/\/renatodias.tumblr.com\/"],"url":"https:\/\/renatodias.online\/movimento\/author\/renatodias\/"}]}},"_links":{"self":[{"href":"https:\/\/renatodias.online\/movimento\/wp-json\/wp\/v2\/posts\/4133","targetHints":{"allow":["GET"]}}],"collection":[{"href":"https:\/\/renatodias.online\/movimento\/wp-json\/wp\/v2\/posts"}],"about":[{"href":"https:\/\/renatodias.online\/movimento\/wp-json\/wp\/v2\/types\/post"}],"author":[{"embeddable":true,"href":"https:\/\/renatodias.online\/movimento\/wp-json\/wp\/v2\/users\/2"}],"replies":[{"embeddable":true,"href":"https:\/\/renatodias.online\/movimento\/wp-json\/wp\/v2\/comments?post=4133"}],"version-history":[{"count":3,"href":"https:\/\/renatodias.online\/movimento\/wp-json\/wp\/v2\/posts\/4133\/revisions"}],"predecessor-version":[{"id":4138,"href":"https:\/\/renatodias.online\/movimento\/wp-json\/wp\/v2\/posts\/4133\/revisions\/4138"}],"wp:featuredmedia":[{"embeddable":true,"href":"https:\/\/renatodias.online\/movimento\/wp-json\/wp\/v2\/media\/4134"}],"wp:attachment":[{"href":"https:\/\/renatodias.online\/movimento\/wp-json\/wp\/v2\/media?parent=4133"}],"wp:term":[{"taxonomy":"category","embeddable":true,"href":"https:\/\/renatodias.online\/movimento\/wp-json\/wp\/v2\/categories?post=4133"},{"taxonomy":"post_tag","embeddable":true,"href":"https:\/\/renatodias.online\/movimento\/wp-json\/wp\/v2\/tags?post=4133"}],"curies":[{"name":"wp","href":"https:\/\/api.w.org\/{rel}","templated":true}]}}