{"id":4129,"date":"2020-07-23T21:31:48","date_gmt":"2020-07-24T00:31:48","guid":{"rendered":"https:\/\/renatodias.online\/movimento\/?p=4129"},"modified":"2020-07-23T21:31:48","modified_gmt":"2020-07-24T00:31:48","slug":"camara-federal-aprova-medidas-emergenciais","status":"publish","type":"post","link":"https:\/\/renatodias.online\/movimento\/2020\/07\/23\/camara-federal-aprova-medidas-emergenciais\/","title":{"rendered":"C\u00e2mara Federal aprova\u00a0 medidas emergenciais"},"content":{"rendered":"<p><strong>Agricultura familiar<\/strong><\/p>\n<h1><strong>C\u00e2mara Federal aprova\u00a0 medidas emergenciais<\/strong><\/h1>\n<p><strong>Deputado federal Rubens Otoni Gomide [PT-GO] informa que ideia original \u00e9 minimizar os efeitos da Pandemia do Coronav\u00edrus Covid 19, crise sanit\u00e1ria e de sa\u00fade que assola o Brasil<\/strong><\/p>\n<p><strong>\u00a0<\/strong><\/p>\n<p><strong>Renato Dias<\/strong><\/p>\n<p>O deputado federal <strong>Rubens Otoni Gomide<\/strong> anuncia a aprova\u00e7\u00e3o, em primeira e\u00a0 segunda vota\u00e7\u00f5es, na C\u00e2mara dos Deputados, em Bras\u00edlia, capital da Rep\u00fablica, do Projeto de Lei N\u00famero 735-A, do exerc\u00edcio parlamentar de 2020, que estabelece a ado\u00e7\u00e3o de medidas emergenciais aos agricultores familiares de baixa renda no Brasil. A ideia original \u00e9 minimizar os efeitos da Pandemia do Coronav\u00edrus Covid 19. Crise sanit\u00e1ria e de sa\u00fade que assola o Pa\u00eds.<\/p>\n<figure id=\"attachment_3370\" aria-describedby=\"caption-attachment-3370\" style=\"width: 750px\" class=\"wp-caption alignnone\"><img loading=\"lazy\" decoding=\"async\" class=\"wp-image-3370 size-full\" src=\"https:\/\/renatodias.online\/movimento\/wp-content\/uploads\/2020\/04\/Rubens-Otoni-Gomide-deputado-federal.jpg\" alt=\"\" width=\"750\" height=\"500\" srcset=\"https:\/\/renatodias.online\/movimento\/wp-content\/uploads\/2020\/04\/Rubens-Otoni-Gomide-deputado-federal.jpg 750w, https:\/\/renatodias.online\/movimento\/wp-content\/uploads\/2020\/04\/Rubens-Otoni-Gomide-deputado-federal-300x200.jpg 300w, https:\/\/renatodias.online\/movimento\/wp-content\/uploads\/2020\/04\/Rubens-Otoni-Gomide-deputado-federal-360x240.jpg 360w\" sizes=\"auto, (max-width: 750px) 100vw, 750px\" \/><figcaption id=\"caption-attachment-3370\" class=\"wp-caption-text\">Rubens Otoni Gomide<\/figcaption><\/figure>\n<p>A Uni\u00e3o disponibilizar\u00e1 recursos n\u00e3o reembols\u00e1veis no valor total de R$ 3 mil. O montante dever\u00e1 ser dividido em cinco parcelas de R$ 600. A agricultores familiares que n\u00e3o receberam o aux\u00edlio emergencial. A estrat\u00e9gia \u00e9 garantir condi\u00e7\u00f5es materiais de subsist\u00eancia e para fomentar atividades produtivas rurais. Registro: a mulher agricultura familiar, provedora de fam\u00edlia monoparental, receber\u00e1 duas cotas dos recursos econ\u00f4micos e financeiros, prev\u00ea a lei.<\/p>\n<p>\u00c9 necess\u00e1rio o cadastramento pr\u00e9vio na institui\u00e7\u00e3o de assist\u00eancia t\u00e9cnica e extens\u00e3o rural credenciada na Anater. A Ag\u00eancia Nacional de Assist\u00eancia T\u00e9cnica e Extens\u00e3o Rural. Como pr\u00e9-requisito \u00e9 preciso ser maior de 18 anos de idade. Mais: n\u00e3o possuir emprego formal ativo. Assim como n\u00e3o receber benef\u00edcio previdenci\u00e1rio ou assistencial. Al\u00e9m de seguro desemprego. Registro: n\u00e3o ter recebido,\u00a0 no ano de 2018, rendimentos tribut\u00e1veis acima de R$ 28.559,70.<\/p>\n<p><strong>Institui\u00e7\u00f5es financeiras<\/strong><\/p>\n<p>As institui\u00e7\u00f5es financeiras p\u00fablicas federais ir\u00e3o operacionalizar o pagamento das medidas emergenciais. Em uma conta do tipo Poupan\u00e7a Social Digital. De abertura autom\u00e1tica. Em nome dos benefici\u00e1rios. Com dispensa de apresenta\u00e7\u00e3o de documentos, isen\u00e7\u00e3o de cobran\u00e7a de tarifas de manuten\u00e7\u00e3o, n\u00e3o pass\u00edvel de emiss\u00e3o de cart\u00e3o f\u00edsico. A lei veda tamb\u00e9m \u00e0s institui\u00e7\u00f5es financeiras efetuar descontos ou compensa\u00e7\u00f5es que impliquem redu\u00e7\u00e3o do valor.<\/p>\n","protected":false},"excerpt":{"rendered":"<p>Agricultura familiar C\u00e2mara Federal aprova\u00a0 medidas emergenciais Deputado federal Rubens Otoni Gomide [PT-GO] informa que ideia original \u00e9 minimizar os efeitos da Pandemia do Coronav\u00edrus Covid 19, crise sanit\u00e1ria e de sa\u00fade que assola o Brasil \u00a0 Renato Dias O deputado federal Rubens Otoni Gomide anuncia a aprova\u00e7\u00e3o, em primeira e\u00a0 segunda vota\u00e7\u00f5es, na C\u00e2mara<\/p>\n","protected":false},"author":2,"featured_media":4130,"comment_status":"open","ping_status":"open","sticky":false,"template":"","format":"standard","meta":{"_acf_changed":false,"_monsterinsights_skip_tracking":false,"_monsterinsights_sitenote_active":false,"_monsterinsights_sitenote_note":"","_monsterinsights_sitenote_category":0,"footnotes":""},"categories":[58,35,4],"tags":[],"class_list":["post-4129","post","type-post","status-publish","format-standard","has-post-thumbnail","hentry","category-medicina-e-saude","category-nacional","category-politica"],"acf":[],"yoast_head":"<!-- This site is optimized with the Yoast SEO plugin v27.4 - https:\/\/yoast.com\/product\/yoast-seo-wordpress\/ -->\n<title>C\u00e2mara Federal aprova\u00a0 medidas emergenciais -<\/title>\n<meta name=\"robots\" content=\"index, follow, max-snippet:-1, max-image-preview:large, max-video-preview:-1\" \/>\n<link rel=\"canonical\" href=\"https:\/\/renatodias.online\/movimento\/2020\/07\/23\/camara-federal-aprova-medidas-emergenciais\/\" \/>\n<meta property=\"og:locale\" content=\"pt_BR\" \/>\n<meta property=\"og:type\" content=\"article\" \/>\n<meta property=\"og:title\" content=\"C\u00e2mara Federal aprova\u00a0 medidas emergenciais -\" \/>\n<meta property=\"og:description\" content=\"Agricultura familiar C\u00e2mara Federal aprova\u00a0 medidas emergenciais Deputado federal Rubens Otoni Gomide [PT-GO] informa que ideia original \u00e9 minimizar os efeitos da Pandemia do Coronav\u00edrus Covid 19, crise sanit\u00e1ria e de sa\u00fade que assola o Brasil \u00a0 Renato Dias O deputado federal Rubens Otoni Gomide anuncia a aprova\u00e7\u00e3o, em primeira e\u00a0 segunda vota\u00e7\u00f5es, na C\u00e2mara\" \/>\n<meta property=\"og:url\" content=\"https:\/\/renatodias.online\/movimento\/2020\/07\/23\/camara-federal-aprova-medidas-emergenciais\/\" \/>\n<meta property=\"article:publisher\" content=\"https:\/\/www.facebook.com\/renato.dias.37\" \/>\n<meta property=\"article:author\" content=\"https:\/\/www.facebook.com\/renato.dias.37\" \/>\n<meta property=\"article:published_time\" content=\"2020-07-24T00:31:48+00:00\" \/>\n<meta property=\"og:image\" content=\"https:\/\/renatodias.online\/movimento\/wp-content\/uploads\/2020\/07\/Agricultura-familiar-no-Brasil-_-1.jpg\" \/>\n\t<meta property=\"og:image:width\" content=\"603\" \/>\n\t<meta property=\"og:image:height\" content=\"408\" \/>\n\t<meta property=\"og:image:type\" content=\"image\/jpeg\" \/>\n<meta name=\"author\" content=\"Renato Dias\" \/>\n<meta name=\"twitter:card\" content=\"summary_large_image\" \/>\n<meta name=\"twitter:creator\" content=\"@RenatoDiasBat\" \/>\n<meta name=\"twitter:site\" content=\"@RenatoDiasBat\" \/>\n<meta name=\"twitter:label1\" content=\"Escrito por\" \/>\n\t<meta name=\"twitter:data1\" content=\"Renato Dias\" \/>\n\t<meta name=\"twitter:label2\" content=\"Est. tempo de leitura\" \/>\n\t<meta name=\"twitter:data2\" content=\"2 minutos\" \/>\n<script type=\"application\/ld+json\" class=\"yoast-schema-graph\">{\"@context\":\"https:\\\/\\\/schema.org\",\"@graph\":[{\"@type\":\"Article\",\"@id\":\"https:\\\/\\\/renatodias.online\\\/movimento\\\/2020\\\/07\\\/23\\\/camara-federal-aprova-medidas-emergenciais\\\/#article\",\"isPartOf\":{\"@id\":\"https:\\\/\\\/renatodias.online\\\/movimento\\\/2020\\\/07\\\/23\\\/camara-federal-aprova-medidas-emergenciais\\\/\"},\"author\":{\"name\":\"Renato Dias\",\"@id\":\"https:\\\/\\\/renatodias.online\\\/movimento\\\/#\\\/schema\\\/person\\\/bbab28833b1725a20f4083f49f1fb2a9\"},\"headline\":\"C\u00e2mara Federal aprova\u00a0 medidas emergenciais\",\"datePublished\":\"2020-07-24T00:31:48+00:00\",\"mainEntityOfPage\":{\"@id\":\"https:\\\/\\\/renatodias.online\\\/movimento\\\/2020\\\/07\\\/23\\\/camara-federal-aprova-medidas-emergenciais\\\/\"},\"wordCount\":376,\"commentCount\":0,\"publisher\":{\"@id\":\"https:\\\/\\\/renatodias.online\\\/movimento\\\/#\\\/schema\\\/person\\\/bbab28833b1725a20f4083f49f1fb2a9\"},\"image\":{\"@id\":\"https:\\\/\\\/renatodias.online\\\/movimento\\\/2020\\\/07\\\/23\\\/camara-federal-aprova-medidas-emergenciais\\\/#primaryimage\"},\"thumbnailUrl\":\"https:\\\/\\\/renatodias.online\\\/movimento\\\/wp-content\\\/uploads\\\/2020\\\/07\\\/Agricultura-familiar-no-Brasil-_-1.jpg\",\"articleSection\":[\"Medicina e Sa\u00fade\",\"Nacional\",\"Pol\u00edtica\"],\"inLanguage\":\"pt-BR\",\"potentialAction\":[{\"@type\":\"CommentAction\",\"name\":\"Comment\",\"target\":[\"https:\\\/\\\/renatodias.online\\\/movimento\\\/2020\\\/07\\\/23\\\/camara-federal-aprova-medidas-emergenciais\\\/#respond\"]}]},{\"@type\":\"WebPage\",\"@id\":\"https:\\\/\\\/renatodias.online\\\/movimento\\\/2020\\\/07\\\/23\\\/camara-federal-aprova-medidas-emergenciais\\\/\",\"url\":\"https:\\\/\\\/renatodias.online\\\/movimento\\\/2020\\\/07\\\/23\\\/camara-federal-aprova-medidas-emergenciais\\\/\",\"name\":\"C\u00e2mara Federal aprova\u00a0 medidas emergenciais -\",\"isPartOf\":{\"@id\":\"https:\\\/\\\/renatodias.online\\\/movimento\\\/#website\"},\"primaryImageOfPage\":{\"@id\":\"https:\\\/\\\/renatodias.online\\\/movimento\\\/2020\\\/07\\\/23\\\/camara-federal-aprova-medidas-emergenciais\\\/#primaryimage\"},\"image\":{\"@id\":\"https:\\\/\\\/renatodias.online\\\/movimento\\\/2020\\\/07\\\/23\\\/camara-federal-aprova-medidas-emergenciais\\\/#primaryimage\"},\"thumbnailUrl\":\"https:\\\/\\\/renatodias.online\\\/movimento\\\/wp-content\\\/uploads\\\/2020\\\/07\\\/Agricultura-familiar-no-Brasil-_-1.jpg\",\"datePublished\":\"2020-07-24T00:31:48+00:00\",\"breadcrumb\":{\"@id\":\"https:\\\/\\\/renatodias.online\\\/movimento\\\/2020\\\/07\\\/23\\\/camara-federal-aprova-medidas-emergenciais\\\/#breadcrumb\"},\"inLanguage\":\"pt-BR\",\"potentialAction\":[{\"@type\":\"ReadAction\",\"target\":[\"https:\\\/\\\/renatodias.online\\\/movimento\\\/2020\\\/07\\\/23\\\/camara-federal-aprova-medidas-emergenciais\\\/\"]}]},{\"@type\":\"ImageObject\",\"inLanguage\":\"pt-BR\",\"@id\":\"https:\\\/\\\/renatodias.online\\\/movimento\\\/2020\\\/07\\\/23\\\/camara-federal-aprova-medidas-emergenciais\\\/#primaryimage\",\"url\":\"https:\\\/\\\/renatodias.online\\\/movimento\\\/wp-content\\\/uploads\\\/2020\\\/07\\\/Agricultura-familiar-no-Brasil-_-1.jpg\",\"contentUrl\":\"https:\\\/\\\/renatodias.online\\\/movimento\\\/wp-content\\\/uploads\\\/2020\\\/07\\\/Agricultura-familiar-no-Brasil-_-1.jpg\",\"width\":603,\"height\":408,\"caption\":\"Agricultura familiar, no Brasil\"},{\"@type\":\"BreadcrumbList\",\"@id\":\"https:\\\/\\\/renatodias.online\\\/movimento\\\/2020\\\/07\\\/23\\\/camara-federal-aprova-medidas-emergenciais\\\/#breadcrumb\",\"itemListElement\":[{\"@type\":\"ListItem\",\"position\":1,\"name\":\"In\u00edcio\",\"item\":\"https:\\\/\\\/renatodias.online\\\/movimento\\\/\"},{\"@type\":\"ListItem\",\"position\":2,\"name\":\"C\u00e2mara Federal aprova\u00a0 medidas emergenciais\"}]},{\"@type\":\"WebSite\",\"@id\":\"https:\\\/\\\/renatodias.online\\\/movimento\\\/#website\",\"url\":\"https:\\\/\\\/renatodias.online\\\/movimento\\\/\",\"name\":\"\",\"description\":\"\",\"publisher\":{\"@id\":\"https:\\\/\\\/renatodias.online\\\/movimento\\\/#\\\/schema\\\/person\\\/bbab28833b1725a20f4083f49f1fb2a9\"},\"potentialAction\":[{\"@type\":\"SearchAction\",\"target\":{\"@type\":\"EntryPoint\",\"urlTemplate\":\"https:\\\/\\\/renatodias.online\\\/movimento\\\/?s={search_term_string}\"},\"query-input\":{\"@type\":\"PropertyValueSpecification\",\"valueRequired\":true,\"valueName\":\"search_term_string\"}}],\"inLanguage\":\"pt-BR\"},{\"@type\":[\"Person\",\"Organization\"],\"@id\":\"https:\\\/\\\/renatodias.online\\\/movimento\\\/#\\\/schema\\\/person\\\/bbab28833b1725a20f4083f49f1fb2a9\",\"name\":\"Renato Dias\",\"image\":{\"@type\":\"ImageObject\",\"inLanguage\":\"pt-BR\",\"@id\":\"https:\\\/\\\/renatodias.online\\\/movimento\\\/wp-content\\\/uploads\\\/2023\\\/03\\\/cropped-cropped-cropped-logofinal.jpeg\",\"url\":\"https:\\\/\\\/renatodias.online\\\/movimento\\\/wp-content\\\/uploads\\\/2023\\\/03\\\/cropped-cropped-cropped-logofinal.jpeg\",\"contentUrl\":\"https:\\\/\\\/renatodias.online\\\/movimento\\\/wp-content\\\/uploads\\\/2023\\\/03\\\/cropped-cropped-cropped-logofinal.jpeg\",\"width\":1280,\"height\":219,\"caption\":\"Renato Dias\"},\"logo\":{\"@id\":\"https:\\\/\\\/renatodias.online\\\/movimento\\\/wp-content\\\/uploads\\\/2023\\\/03\\\/cropped-cropped-cropped-logofinal.jpeg\"},\"description\":\"Renato Dias, 58 anos, \u00e9 graduado em Jornalismo, formado em Ci\u00eancias Sociais, com p\u00f3s-gradua\u00e7\u00e3o em Pol\u00edticas P\u00fablicas, mestre em Direito e Rela\u00e7\u00f5es Internacionais, ex-aluno extraordin\u00e1rio do Doutorado em Psicologia Social, ex-estudante do Curso de Psican\u00e1lise do Centro de Estudos Psicanal\u00edticos do Estado de Goi\u00e1s, ministrado pelo m\u00e9dico psiquiatra e psicanalista Daniel Em\u00eddio de Souza. \u00c9 autor de 30 livros-reportagem, oito document\u00e1rios, ganhou 30 pr\u00eamios e \u00e9 torcedor apaixonado do maior do Centro-Oeste, o Vila Nova Futebol Clube. Casado com Meirilane Dias, \u00e9 pai de Juliana Dias, jornalista; Daniel Dias, economista; e Maria Rosa Dias, estudante antifascista, socialista e trotskista.\u00a0Com tr\u00eas pets: Porquinho [Bull Dog Franc\u00eas], Dalila [Basset Hound] e Geleia [Basset Hound]. Al\u00e9m do eterno gato Tutuquinho, que virou estrela.\",\"sameAs\":[\"https:\\\/\\\/www.facebook.com\\\/renato.dias.37\",\"#breve\",\"https:\\\/\\\/renatodias.tumblr.com\\\/\"],\"url\":\"https:\\\/\\\/renatodias.online\\\/movimento\\\/author\\\/renatodias\\\/\"}]}<\/script>\n<!-- \/ Yoast SEO plugin. -->","yoast_head_json":{"title":"C\u00e2mara Federal aprova\u00a0 medidas emergenciais -","robots":{"index":"index","follow":"follow","max-snippet":"max-snippet:-1","max-image-preview":"max-image-preview:large","max-video-preview":"max-video-preview:-1"},"canonical":"https:\/\/renatodias.online\/movimento\/2020\/07\/23\/camara-federal-aprova-medidas-emergenciais\/","og_locale":"pt_BR","og_type":"article","og_title":"C\u00e2mara Federal aprova\u00a0 medidas emergenciais -","og_description":"Agricultura familiar C\u00e2mara Federal aprova\u00a0 medidas emergenciais Deputado federal Rubens Otoni Gomide [PT-GO] informa que ideia original \u00e9 minimizar os efeitos da Pandemia do Coronav\u00edrus Covid 19, crise sanit\u00e1ria e de sa\u00fade que assola o Brasil \u00a0 Renato Dias O deputado federal Rubens Otoni Gomide anuncia a aprova\u00e7\u00e3o, em primeira e\u00a0 segunda vota\u00e7\u00f5es, na C\u00e2mara","og_url":"https:\/\/renatodias.online\/movimento\/2020\/07\/23\/camara-federal-aprova-medidas-emergenciais\/","article_publisher":"https:\/\/www.facebook.com\/renato.dias.37","article_author":"https:\/\/www.facebook.com\/renato.dias.37","article_published_time":"2020-07-24T00:31:48+00:00","og_image":[{"width":603,"height":408,"url":"https:\/\/renatodias.online\/movimento\/wp-content\/uploads\/2020\/07\/Agricultura-familiar-no-Brasil-_-1.jpg","type":"image\/jpeg"}],"author":"Renato Dias","twitter_card":"summary_large_image","twitter_creator":"@RenatoDiasBat","twitter_site":"@RenatoDiasBat","twitter_misc":{"Escrito por":"Renato Dias","Est. tempo de leitura":"2 minutos"},"schema":{"@context":"https:\/\/schema.org","@graph":[{"@type":"Article","@id":"https:\/\/renatodias.online\/movimento\/2020\/07\/23\/camara-federal-aprova-medidas-emergenciais\/#article","isPartOf":{"@id":"https:\/\/renatodias.online\/movimento\/2020\/07\/23\/camara-federal-aprova-medidas-emergenciais\/"},"author":{"name":"Renato Dias","@id":"https:\/\/renatodias.online\/movimento\/#\/schema\/person\/bbab28833b1725a20f4083f49f1fb2a9"},"headline":"C\u00e2mara Federal aprova\u00a0 medidas emergenciais","datePublished":"2020-07-24T00:31:48+00:00","mainEntityOfPage":{"@id":"https:\/\/renatodias.online\/movimento\/2020\/07\/23\/camara-federal-aprova-medidas-emergenciais\/"},"wordCount":376,"commentCount":0,"publisher":{"@id":"https:\/\/renatodias.online\/movimento\/#\/schema\/person\/bbab28833b1725a20f4083f49f1fb2a9"},"image":{"@id":"https:\/\/renatodias.online\/movimento\/2020\/07\/23\/camara-federal-aprova-medidas-emergenciais\/#primaryimage"},"thumbnailUrl":"https:\/\/renatodias.online\/movimento\/wp-content\/uploads\/2020\/07\/Agricultura-familiar-no-Brasil-_-1.jpg","articleSection":["Medicina e Sa\u00fade","Nacional","Pol\u00edtica"],"inLanguage":"pt-BR","potentialAction":[{"@type":"CommentAction","name":"Comment","target":["https:\/\/renatodias.online\/movimento\/2020\/07\/23\/camara-federal-aprova-medidas-emergenciais\/#respond"]}]},{"@type":"WebPage","@id":"https:\/\/renatodias.online\/movimento\/2020\/07\/23\/camara-federal-aprova-medidas-emergenciais\/","url":"https:\/\/renatodias.online\/movimento\/2020\/07\/23\/camara-federal-aprova-medidas-emergenciais\/","name":"C\u00e2mara Federal aprova\u00a0 medidas emergenciais -","isPartOf":{"@id":"https:\/\/renatodias.online\/movimento\/#website"},"primaryImageOfPage":{"@id":"https:\/\/renatodias.online\/movimento\/2020\/07\/23\/camara-federal-aprova-medidas-emergenciais\/#primaryimage"},"image":{"@id":"https:\/\/renatodias.online\/movimento\/2020\/07\/23\/camara-federal-aprova-medidas-emergenciais\/#primaryimage"},"thumbnailUrl":"https:\/\/renatodias.online\/movimento\/wp-content\/uploads\/2020\/07\/Agricultura-familiar-no-Brasil-_-1.jpg","datePublished":"2020-07-24T00:31:48+00:00","breadcrumb":{"@id":"https:\/\/renatodias.online\/movimento\/2020\/07\/23\/camara-federal-aprova-medidas-emergenciais\/#breadcrumb"},"inLanguage":"pt-BR","potentialAction":[{"@type":"ReadAction","target":["https:\/\/renatodias.online\/movimento\/2020\/07\/23\/camara-federal-aprova-medidas-emergenciais\/"]}]},{"@type":"ImageObject","inLanguage":"pt-BR","@id":"https:\/\/renatodias.online\/movimento\/2020\/07\/23\/camara-federal-aprova-medidas-emergenciais\/#primaryimage","url":"https:\/\/renatodias.online\/movimento\/wp-content\/uploads\/2020\/07\/Agricultura-familiar-no-Brasil-_-1.jpg","contentUrl":"https:\/\/renatodias.online\/movimento\/wp-content\/uploads\/2020\/07\/Agricultura-familiar-no-Brasil-_-1.jpg","width":603,"height":408,"caption":"Agricultura familiar, no Brasil"},{"@type":"BreadcrumbList","@id":"https:\/\/renatodias.online\/movimento\/2020\/07\/23\/camara-federal-aprova-medidas-emergenciais\/#breadcrumb","itemListElement":[{"@type":"ListItem","position":1,"name":"In\u00edcio","item":"https:\/\/renatodias.online\/movimento\/"},{"@type":"ListItem","position":2,"name":"C\u00e2mara Federal aprova\u00a0 medidas emergenciais"}]},{"@type":"WebSite","@id":"https:\/\/renatodias.online\/movimento\/#website","url":"https:\/\/renatodias.online\/movimento\/","name":"","description":"","publisher":{"@id":"https:\/\/renatodias.online\/movimento\/#\/schema\/person\/bbab28833b1725a20f4083f49f1fb2a9"},"potentialAction":[{"@type":"SearchAction","target":{"@type":"EntryPoint","urlTemplate":"https:\/\/renatodias.online\/movimento\/?s={search_term_string}"},"query-input":{"@type":"PropertyValueSpecification","valueRequired":true,"valueName":"search_term_string"}}],"inLanguage":"pt-BR"},{"@type":["Person","Organization"],"@id":"https:\/\/renatodias.online\/movimento\/#\/schema\/person\/bbab28833b1725a20f4083f49f1fb2a9","name":"Renato Dias","image":{"@type":"ImageObject","inLanguage":"pt-BR","@id":"https:\/\/renatodias.online\/movimento\/wp-content\/uploads\/2023\/03\/cropped-cropped-cropped-logofinal.jpeg","url":"https:\/\/renatodias.online\/movimento\/wp-content\/uploads\/2023\/03\/cropped-cropped-cropped-logofinal.jpeg","contentUrl":"https:\/\/renatodias.online\/movimento\/wp-content\/uploads\/2023\/03\/cropped-cropped-cropped-logofinal.jpeg","width":1280,"height":219,"caption":"Renato Dias"},"logo":{"@id":"https:\/\/renatodias.online\/movimento\/wp-content\/uploads\/2023\/03\/cropped-cropped-cropped-logofinal.jpeg"},"description":"Renato Dias, 58 anos, \u00e9 graduado em Jornalismo, formado em Ci\u00eancias Sociais, com p\u00f3s-gradua\u00e7\u00e3o em Pol\u00edticas P\u00fablicas, mestre em Direito e Rela\u00e7\u00f5es Internacionais, ex-aluno extraordin\u00e1rio do Doutorado em Psicologia Social, ex-estudante do Curso de Psican\u00e1lise do Centro de Estudos Psicanal\u00edticos do Estado de Goi\u00e1s, ministrado pelo m\u00e9dico psiquiatra e psicanalista Daniel Em\u00eddio de Souza. \u00c9 autor de 30 livros-reportagem, oito document\u00e1rios, ganhou 30 pr\u00eamios e \u00e9 torcedor apaixonado do maior do Centro-Oeste, o Vila Nova Futebol Clube. Casado com Meirilane Dias, \u00e9 pai de Juliana Dias, jornalista; Daniel Dias, economista; e Maria Rosa Dias, estudante antifascista, socialista e trotskista.\u00a0Com tr\u00eas pets: Porquinho [Bull Dog Franc\u00eas], Dalila [Basset Hound] e Geleia [Basset Hound]. Al\u00e9m do eterno gato Tutuquinho, que virou estrela.","sameAs":["https:\/\/www.facebook.com\/renato.dias.37","#breve","https:\/\/renatodias.tumblr.com\/"],"url":"https:\/\/renatodias.online\/movimento\/author\/renatodias\/"}]}},"_links":{"self":[{"href":"https:\/\/renatodias.online\/movimento\/wp-json\/wp\/v2\/posts\/4129","targetHints":{"allow":["GET"]}}],"collection":[{"href":"https:\/\/renatodias.online\/movimento\/wp-json\/wp\/v2\/posts"}],"about":[{"href":"https:\/\/renatodias.online\/movimento\/wp-json\/wp\/v2\/types\/post"}],"author":[{"embeddable":true,"href":"https:\/\/renatodias.online\/movimento\/wp-json\/wp\/v2\/users\/2"}],"replies":[{"embeddable":true,"href":"https:\/\/renatodias.online\/movimento\/wp-json\/wp\/v2\/comments?post=4129"}],"version-history":[{"count":1,"href":"https:\/\/renatodias.online\/movimento\/wp-json\/wp\/v2\/posts\/4129\/revisions"}],"predecessor-version":[{"id":4131,"href":"https:\/\/renatodias.online\/movimento\/wp-json\/wp\/v2\/posts\/4129\/revisions\/4131"}],"wp:featuredmedia":[{"embeddable":true,"href":"https:\/\/renatodias.online\/movimento\/wp-json\/wp\/v2\/media\/4130"}],"wp:attachment":[{"href":"https:\/\/renatodias.online\/movimento\/wp-json\/wp\/v2\/media?parent=4129"}],"wp:term":[{"taxonomy":"category","embeddable":true,"href":"https:\/\/renatodias.online\/movimento\/wp-json\/wp\/v2\/categories?post=4129"},{"taxonomy":"post_tag","embeddable":true,"href":"https:\/\/renatodias.online\/movimento\/wp-json\/wp\/v2\/tags?post=4129"}],"curies":[{"name":"wp","href":"https:\/\/api.w.org\/{rel}","templated":true}]}}