{"id":4026,"date":"2020-06-18T00:09:52","date_gmt":"2020-06-18T03:09:52","guid":{"rendered":"https:\/\/renatodias.online\/movimento\/?p=4026"},"modified":"2020-06-18T00:13:08","modified_gmt":"2020-06-18T03:13:08","slug":"brasil-nao-vive-hoje-sob-o-fascismo","status":"publish","type":"post","link":"https:\/\/renatodias.online\/movimento\/2020\/06\/18\/brasil-nao-vive-hoje-sob-o-fascismo\/","title":{"rendered":"\u2018Brasil n\u00e3o vive, hoje, sob o fascismo\u2019"},"content":{"rendered":"<p><span style=\"color: #ff0000;\"><strong>Na pr\u00f3xima, vire \u00e0 esquerda<\/strong><\/span><\/p>\n<p><strong>\u2018<\/strong><strong>Brasil n\u00e3o vive, hoje, sob o fascismo<\/strong><strong>\u2019<\/strong><\/p>\n<p><strong>Ex &#8211; oper\u00e1rio metal\u00fargico preso, em 1977, com Nahuel Moreno e a Liga Oper\u00e1ria, e no ano de 1980, ao lado de Lula, descarta compara\u00e7\u00f5es com regimes de Benito Mussolini e Adolf Hitler<\/strong><\/p>\n<figure id=\"attachment_4010\" aria-describedby=\"caption-attachment-4010\" style=\"width: 615px\" class=\"wp-caption alignnone\"><img loading=\"lazy\" decoding=\"async\" class=\"size-full wp-image-4010\" src=\"https:\/\/renatodias.online\/movimento\/wp-content\/uploads\/2020\/06\/Jos\u00e9-Maria-de-Almeida-1-PSTU.jpg\" alt=\"\" width=\"615\" height=\"300\" \/><figcaption id=\"caption-attachment-4010\" class=\"wp-caption-text\">Jos\u00e9 Maria de Almeida<\/figcaption><\/figure>\n<!--[if lt IE 9]><script>document.createElement('audio');<\/script><![endif]-->\n<audio class=\"wp-audio-shortcode\" id=\"audio-4026-1\" preload=\"none\" style=\"width: 100%;\" controls=\"controls\"><source type=\"audio\/ogg\" src=\"https:\/\/renatodias.online\/movimento\/wp-content\/uploads\/2020\/06\/pcjosemaria.ogg?_=1\" \/><a href=\"https:\/\/renatodias.online\/movimento\/wp-content\/uploads\/2020\/06\/pcjosemaria.ogg\">https:\/\/renatodias.online\/movimento\/wp-content\/uploads\/2020\/06\/pcjosemaria.ogg<\/a><\/audio>\n<p><strong>\u00a0<\/strong><\/p>\n<p><strong>Renato Dias<\/strong><\/p>\n<p><strong>\u00a0<\/strong><strong>_ A palavra <\/strong><strong>\u2018fascismo<\/strong><strong>\u2019 est\u00e1 na moda e at\u00e9 virou arroz de festa.<\/strong><\/p>\n<p>A an\u00e1lise \u00e9 de <strong>Jos\u00e9 Maria de Almeida<\/strong>. Adepto das ideias de Liev Davidovich Bronstein. \u2018Nom de Guerre\u2019 de Leon Trotski [1879-1940]. Ex-oper\u00e1rio metal\u00fargico, preso em 1977, por liga\u00e7\u00f5es com a clandestina Liga Oper\u00e1ria [LO]. Mais: ao lado do revolucion\u00e1rio argentino Nahuel More\u00adno, deportado \u00e0 \u00e9poca para a Venezuela. Depois, em abril de 1980, detido pelo Departamento Especial de Ordem Pol\u00edtica e Social [Deops-SP], sob a tutela do delegado de Pol\u00edcia Romeu Tuma, com Luiz In\u00e1cio Lula da Silva. Presos, eles iniciaram greve de fome. Acabaram libertados.<\/p>\n<p><strong>_ \u00c9 preciso impedir que a revolta, sob a Pandemia do Coronav\u00edrus Covid 19, a crise pol\u00edtica, a recess\u00e3o global, nos leve a n\u00e3o apreender a realidade hist\u00f3rica, pol\u00edtica, social e econ\u00f4mica<\/strong>.<\/p>\n<p>O fascismo nascido, em 1919, que leva Benito Mussolini ao poder do Estado, em 1922, na It\u00e1\u00adlia, \u00e9 autorit\u00e1rio e se apoia em mil\u00edcias armadas que impedem a auto-organiza\u00e7\u00e3o dos tra\u00adba\u00adlha\u00ad\u00addo\u00adres, frisa. Benito Mussolini, 1922, e Adolf Hitler, 1933, na Alemanha, tamb\u00e9m na Eu\u00adro\u00adpa, chegaram assim ao poder, diz. \u201cDepois, trocaram as mil\u00edcias armadas pelo apoio institu\u00adcio\u00adnal do aparelho policial do Estado, as For\u00e7as Armadas\u201d. Did\u00e1tica, \u00e9 a explica\u00e7\u00e3o do presidente na\u00adcio\u00adnal do Partido Socialista dos Trabalhadores Unificado [PSTU]. Dissid\u00eancia \u00e0 esquerda do PT.<\/p>\n<figure id=\"attachment_4013\" aria-describedby=\"caption-attachment-4013\" style=\"width: 300px\" class=\"wp-caption alignnone\"><img loading=\"lazy\" decoding=\"async\" class=\"wp-image-4013 size-medium\" src=\"https:\/\/renatodias.online\/movimento\/wp-content\/uploads\/2020\/06\/Karl-Marx-2-300x154.jpg\" alt=\"\" width=\"300\" height=\"154\" srcset=\"https:\/\/renatodias.online\/movimento\/wp-content\/uploads\/2020\/06\/Karl-Marx-2-300x154.jpg 300w, https:\/\/renatodias.online\/movimento\/wp-content\/uploads\/2020\/06\/Karl-Marx-2-768x394.jpg 768w, https:\/\/renatodias.online\/movimento\/wp-content\/uploads\/2020\/06\/Karl-Marx-2-750x385.jpg 750w, https:\/\/renatodias.online\/movimento\/wp-content\/uploads\/2020\/06\/Karl-Marx-2.jpg 780w\" sizes=\"auto, (max-width: 300px) 100vw, 300px\" \/><figcaption id=\"caption-attachment-4013\" class=\"wp-caption-text\">Karl Marx<\/figcaption><\/figure>\n<p><strong>_ Jair Bolsonaro foi eleito em um sistema democr\u00e1tico e burgu\u00eas. O Brasil n\u00e3o vive, hoje, uma ditadura ainda<\/strong>.<\/p>\n<p>O l\u00edder socialista acredita, por\u00e9m, em uma escalada conservadora. De criminaliza\u00e7\u00e3o dos movi\u00admen\u00adtos sociais. Urbanos e rurais. O que poder\u00e1 se elevar, afirma. Com mais redu\u00e7\u00f5es dos di\u00adrei\u00adtos trabalhistas, pontua. Os trabalhadores ir\u00e3o estabelecer resist\u00eancias, anuncia. \u00a0O Pal\u00e1cio do Pla\u00adnalto poder\u00e1 adotar o expediente da GLO, dispara. A Garantia da Lei e da Ordem, a Lei An\u00adti\u00adterrorismo, fuzila. Medidas criadas sob a presid\u00eancia da Rep\u00fablica de Dilma Rousseff, \u00a0recorda-se.\u00a0 Mantida por Michel Temer e usada pelo capit\u00e3o reformado do Ex\u00e9rcito Brasileiro, atira.<\/p>\n<figure id=\"attachment_4012\" aria-describedby=\"caption-attachment-4012\" style=\"width: 212px\" class=\"wp-caption alignnone\"><img loading=\"lazy\" decoding=\"async\" class=\"wp-image-4012 size-medium\" src=\"https:\/\/renatodias.online\/movimento\/wp-content\/uploads\/2020\/06\/Friedrich-Engels-3-212x300.jpg\" alt=\"\" width=\"212\" height=\"300\" srcset=\"https:\/\/renatodias.online\/movimento\/wp-content\/uploads\/2020\/06\/Friedrich-Engels-3-212x300.jpg 212w, https:\/\/renatodias.online\/movimento\/wp-content\/uploads\/2020\/06\/Friedrich-Engels-3.jpg 460w\" sizes=\"auto, (max-width: 212px) 100vw, 212px\" \/><figcaption id=\"caption-attachment-4012\" class=\"wp-caption-text\">Friedrich Engels<\/figcaption><\/figure>\n<p><strong>_ O capitalismo do s\u00e9culo 21 ser\u00e1 assim daqui pela frente. <\/strong><\/p>\n<p><strong>Bonapartismo <\/strong><\/p>\n<p>Jos\u00e9 Maria de Almeida admite que a vontade pessoal de Jair Messias Bolsonaro \u00e9 a de instalar uma ditadura, de corte \u2018bonapartista\u2019, com o suporte das institui\u00e7\u00f5es do Estado, como as For\u00e7as Armadas \u2013 Ex\u00e9rcito, Marinha e Aeron\u00e1utica. O imperialismo e o capital _ financeiro, agroneg\u00f3cio, ind\u00fastria e servi\u00e7os _ n\u00e3o querem entregar o Pa\u00eds de porteira fechada ao inquilino do Pal\u00e1cio do Planalto, metralha o trotskista. N\u00e3o existem condi\u00e7\u00f5es pol\u00edticas para a deflagra\u00e7\u00e3o de um golpe, cr\u00ea. O cl\u00e3 Bolsonaro mant\u00e9m, sim, liga\u00e7\u00f5es, com mil\u00edcias, explica.<\/p>\n<figure id=\"attachment_4014\" aria-describedby=\"caption-attachment-4014\" style=\"width: 224px\" class=\"wp-caption alignnone\"><img loading=\"lazy\" decoding=\"async\" class=\"wp-image-4014 size-medium\" src=\"https:\/\/renatodias.online\/movimento\/wp-content\/uploads\/2020\/06\/Vladimir-Ilich-Ulianov-L\u00eanin-4-224x300.jpg\" alt=\"\" width=\"224\" height=\"300\" \/><figcaption id=\"caption-attachment-4014\" class=\"wp-caption-text\">ladimir Ilich Ulianov \u2013 L\u00eanin<\/figcaption><\/figure>\n<p><strong>_ J\u00e1 que n\u00e3o existe amea\u00e7a ao controle da burguesia na Economia, no Estado e nas Rela\u00e7\u00f5es Exteriores. O quadro da burguesia, em 2020, \u00e9 de total zona de <\/strong><strong>\u2018conforto<\/strong><strong>\u2019. <\/strong><\/p>\n<p>De linhagem ideol\u00f3gica materialista e dial\u00e9tica, sob a inspira\u00e7\u00e3o nas ideias de Karl Marx [1818-1883], Friedrich Engels [1820-1895], Vladimir Ilich Ulianov, \u2018codinome L\u00eanin\u2019 [1870-1924], de Le\u00adon Trotski [1879-1940], al\u00e9m de Nahuel Moreno [1924-1987], o revolucion\u00e1rio observa que com alto grau, em junho de 2020, de polariza\u00e7\u00e3o pol\u00edtica e ideol\u00f3gica entre as classes sociais em movimento, \u00e9 estrat\u00e9gica a autodefesa dos trabalhadores. Se o cen\u00e1rio, hoje, fosse classifi\u00adca\u00ad\u00addo de fascismo, como ir\u00edamos educar os trabalhadores quando o fascismo chegar, questiona.<\/p>\n<p>[row]<\/p>\n<figure id=\"attachment_4016\" aria-describedby=\"caption-attachment-4016\" style=\"width: 300px\" class=\"wp-caption alignnone\"><img loading=\"lazy\" decoding=\"async\" class=\"wp-image-4016 size-medium\" src=\"https:\/\/renatodias.online\/movimento\/wp-content\/uploads\/2020\/06\/Nahuel-Moreno-6-300x183.jpeg\" alt=\"Nahuel Moreno\" width=\"300\" height=\"183\" srcset=\"https:\/\/renatodias.online\/movimento\/wp-content\/uploads\/2020\/06\/Nahuel-Moreno-6-300x183.jpeg 300w, https:\/\/renatodias.online\/movimento\/wp-content\/uploads\/2020\/06\/Nahuel-Moreno-6-768x469.jpeg 768w, https:\/\/renatodias.online\/movimento\/wp-content\/uploads\/2020\/06\/Nahuel-Moreno-6-750x458.jpeg 750w, https:\/\/renatodias.online\/movimento\/wp-content\/uploads\/2020\/06\/Nahuel-Moreno-6.jpeg 770w\" sizes=\"auto, (max-width: 300px) 100vw, 300px\" \/><figcaption id=\"caption-attachment-4016\" class=\"wp-caption-text\">Nahuel Moreno<\/figcaption><\/figure>\n<p>[column size=&#8217;1\/2&#8242;][\/column]<\/p>\n<p>[column size=&#8217;1\/2&#8242;]<\/p>\n<figure id=\"attachment_4015\" aria-describedby=\"caption-attachment-4015\" style=\"width: 222px\" class=\"wp-caption alignnone\"><img loading=\"lazy\" decoding=\"async\" class=\"wp-image-4015 size-medium\" src=\"https:\/\/renatodias.online\/movimento\/wp-content\/uploads\/2020\/06\/Leon-Trotski-5-222x300.jpg\" alt=\"Nahuel Moreno\" width=\"222\" height=\"300\" srcset=\"https:\/\/renatodias.online\/movimento\/wp-content\/uploads\/2020\/06\/Leon-Trotski-5-222x300.jpg 222w, https:\/\/renatodias.online\/movimento\/wp-content\/uploads\/2020\/06\/Leon-Trotski-5.jpg 549w\" sizes=\"auto, (max-width: 222px) 100vw, 222px\" \/><figcaption id=\"caption-attachment-4015\" class=\"wp-caption-text\">Leon Trotski<\/figcaption><\/figure>\n<p>[\/column]<\/p>\n<p>[\/row]<\/p>\n<p><strong>_ Ditadura nunca mais. Para a classe trabalhadora importa, sim, mesmo que limitadas, as liberdades.<\/strong><\/p>\n","protected":false},"excerpt":{"rendered":"<p>Na pr\u00f3xima, vire \u00e0 esquerda \u2018Brasil n\u00e3o vive, hoje, sob o fascismo\u2019 Ex &#8211; oper\u00e1rio metal\u00fargico preso, em 1977, com Nahuel Moreno e a Liga Oper\u00e1ria, e no ano de 1980, ao lado de Lula, descarta compara\u00e7\u00f5es com regimes de Benito Mussolini e Adolf Hitler \u00a0 Renato Dias \u00a0_ A palavra \u2018fascismo\u2019 est\u00e1 na moda<\/p>\n","protected":false},"author":2,"featured_media":4025,"comment_status":"open","ping_status":"open","sticky":false,"template":"","format":"audio","meta":{"_acf_changed":false,"_monsterinsights_skip_tracking":false,"_monsterinsights_sitenote_active":false,"_monsterinsights_sitenote_note":"","_monsterinsights_sitenote_category":0,"footnotes":""},"categories":[82,4],"tags":[],"class_list":["post-4026","post","type-post","status-publish","format-audio","has-post-thumbnail","hentry","category-podcast","category-politica","post_format-post-format-audio"],"acf":[],"yoast_head":"<!-- This site is optimized with the Yoast SEO plugin v27.4 - https:\/\/yoast.com\/product\/yoast-seo-wordpress\/ -->\n<title>\u2018Brasil n\u00e3o vive, hoje, sob o fascismo\u2019 -<\/title>\n<meta name=\"robots\" content=\"index, follow, max-snippet:-1, max-image-preview:large, max-video-preview:-1\" \/>\n<link rel=\"canonical\" href=\"https:\/\/renatodias.online\/movimento\/2020\/06\/18\/brasil-nao-vive-hoje-sob-o-fascismo\/\" \/>\n<meta property=\"og:locale\" content=\"pt_BR\" \/>\n<meta property=\"og:type\" content=\"article\" \/>\n<meta property=\"og:title\" content=\"\u2018Brasil n\u00e3o vive, hoje, sob o fascismo\u2019 -\" \/>\n<meta property=\"og:description\" content=\"Na pr\u00f3xima, vire \u00e0 esquerda \u2018Brasil n\u00e3o vive, hoje, sob o fascismo\u2019 Ex &#8211; oper\u00e1rio metal\u00fargico preso, em 1977, com Nahuel Moreno e a Liga Oper\u00e1ria, e no ano de 1980, ao lado de Lula, descarta compara\u00e7\u00f5es com regimes de Benito Mussolini e Adolf Hitler \u00a0 Renato Dias \u00a0_ A palavra \u2018fascismo\u2019 est\u00e1 na moda\" \/>\n<meta property=\"og:url\" content=\"https:\/\/renatodias.online\/movimento\/2020\/06\/18\/brasil-nao-vive-hoje-sob-o-fascismo\/\" \/>\n<meta property=\"article:publisher\" content=\"https:\/\/www.facebook.com\/renato.dias.37\" \/>\n<meta property=\"article:author\" content=\"https:\/\/www.facebook.com\/renato.dias.37\" \/>\n<meta property=\"article:published_time\" content=\"2020-06-18T03:09:52+00:00\" \/>\n<meta property=\"article:modified_time\" content=\"2020-06-18T03:13:08+00:00\" \/>\n<meta property=\"og:image\" content=\"https:\/\/renatodias.online\/movimento\/wp-content\/uploads\/2020\/06\/jmariapstu.jpg\" \/>\n\t<meta property=\"og:image:width\" content=\"340\" \/>\n\t<meta property=\"og:image:height\" content=\"363\" \/>\n\t<meta property=\"og:image:type\" content=\"image\/jpeg\" \/>\n<meta name=\"author\" content=\"Renato Dias\" \/>\n<meta name=\"twitter:card\" content=\"summary_large_image\" \/>\n<meta name=\"twitter:creator\" content=\"@RenatoDiasBat\" \/>\n<meta name=\"twitter:site\" content=\"@RenatoDiasBat\" \/>\n<meta name=\"twitter:label1\" content=\"Escrito por\" \/>\n\t<meta name=\"twitter:data1\" content=\"Renato Dias\" \/>\n\t<meta name=\"twitter:label2\" content=\"Est. tempo de leitura\" \/>\n\t<meta name=\"twitter:data2\" content=\"4 minutos\" \/>\n<script type=\"application\/ld+json\" class=\"yoast-schema-graph\">{\"@context\":\"https:\\\/\\\/schema.org\",\"@graph\":[{\"@type\":\"Article\",\"@id\":\"https:\\\/\\\/renatodias.online\\\/movimento\\\/2020\\\/06\\\/18\\\/brasil-nao-vive-hoje-sob-o-fascismo\\\/#article\",\"isPartOf\":{\"@id\":\"https:\\\/\\\/renatodias.online\\\/movimento\\\/2020\\\/06\\\/18\\\/brasil-nao-vive-hoje-sob-o-fascismo\\\/\"},\"author\":{\"name\":\"Renato Dias\",\"@id\":\"https:\\\/\\\/renatodias.online\\\/movimento\\\/#\\\/schema\\\/person\\\/bbab28833b1725a20f4083f49f1fb2a9\"},\"headline\":\"\u2018Brasil n\u00e3o vive, hoje, sob o fascismo\u2019\",\"datePublished\":\"2020-06-18T03:09:52+00:00\",\"dateModified\":\"2020-06-18T03:13:08+00:00\",\"mainEntityOfPage\":{\"@id\":\"https:\\\/\\\/renatodias.online\\\/movimento\\\/2020\\\/06\\\/18\\\/brasil-nao-vive-hoje-sob-o-fascismo\\\/\"},\"wordCount\":742,\"commentCount\":0,\"publisher\":{\"@id\":\"https:\\\/\\\/renatodias.online\\\/movimento\\\/#\\\/schema\\\/person\\\/bbab28833b1725a20f4083f49f1fb2a9\"},\"image\":{\"@id\":\"https:\\\/\\\/renatodias.online\\\/movimento\\\/2020\\\/06\\\/18\\\/brasil-nao-vive-hoje-sob-o-fascismo\\\/#primaryimage\"},\"thumbnailUrl\":\"https:\\\/\\\/renatodias.online\\\/movimento\\\/wp-content\\\/uploads\\\/2020\\\/06\\\/jmariapstu.jpg\",\"articleSection\":[\"PodCast\",\"Pol\u00edtica\"],\"inLanguage\":\"pt-BR\",\"potentialAction\":[{\"@type\":\"CommentAction\",\"name\":\"Comment\",\"target\":[\"https:\\\/\\\/renatodias.online\\\/movimento\\\/2020\\\/06\\\/18\\\/brasil-nao-vive-hoje-sob-o-fascismo\\\/#respond\"]}]},{\"@type\":\"WebPage\",\"@id\":\"https:\\\/\\\/renatodias.online\\\/movimento\\\/2020\\\/06\\\/18\\\/brasil-nao-vive-hoje-sob-o-fascismo\\\/\",\"url\":\"https:\\\/\\\/renatodias.online\\\/movimento\\\/2020\\\/06\\\/18\\\/brasil-nao-vive-hoje-sob-o-fascismo\\\/\",\"name\":\"\u2018Brasil n\u00e3o vive, hoje, sob o fascismo\u2019 -\",\"isPartOf\":{\"@id\":\"https:\\\/\\\/renatodias.online\\\/movimento\\\/#website\"},\"primaryImageOfPage\":{\"@id\":\"https:\\\/\\\/renatodias.online\\\/movimento\\\/2020\\\/06\\\/18\\\/brasil-nao-vive-hoje-sob-o-fascismo\\\/#primaryimage\"},\"image\":{\"@id\":\"https:\\\/\\\/renatodias.online\\\/movimento\\\/2020\\\/06\\\/18\\\/brasil-nao-vive-hoje-sob-o-fascismo\\\/#primaryimage\"},\"thumbnailUrl\":\"https:\\\/\\\/renatodias.online\\\/movimento\\\/wp-content\\\/uploads\\\/2020\\\/06\\\/jmariapstu.jpg\",\"datePublished\":\"2020-06-18T03:09:52+00:00\",\"dateModified\":\"2020-06-18T03:13:08+00:00\",\"breadcrumb\":{\"@id\":\"https:\\\/\\\/renatodias.online\\\/movimento\\\/2020\\\/06\\\/18\\\/brasil-nao-vive-hoje-sob-o-fascismo\\\/#breadcrumb\"},\"inLanguage\":\"pt-BR\",\"potentialAction\":[{\"@type\":\"ReadAction\",\"target\":[\"https:\\\/\\\/renatodias.online\\\/movimento\\\/2020\\\/06\\\/18\\\/brasil-nao-vive-hoje-sob-o-fascismo\\\/\"]}]},{\"@type\":\"ImageObject\",\"inLanguage\":\"pt-BR\",\"@id\":\"https:\\\/\\\/renatodias.online\\\/movimento\\\/2020\\\/06\\\/18\\\/brasil-nao-vive-hoje-sob-o-fascismo\\\/#primaryimage\",\"url\":\"https:\\\/\\\/renatodias.online\\\/movimento\\\/wp-content\\\/uploads\\\/2020\\\/06\\\/jmariapstu.jpg\",\"contentUrl\":\"https:\\\/\\\/renatodias.online\\\/movimento\\\/wp-content\\\/uploads\\\/2020\\\/06\\\/jmariapstu.jpg\",\"width\":340,\"height\":363,\"caption\":\"Jos\u00e9 Maria de Almeida\"},{\"@type\":\"BreadcrumbList\",\"@id\":\"https:\\\/\\\/renatodias.online\\\/movimento\\\/2020\\\/06\\\/18\\\/brasil-nao-vive-hoje-sob-o-fascismo\\\/#breadcrumb\",\"itemListElement\":[{\"@type\":\"ListItem\",\"position\":1,\"name\":\"In\u00edcio\",\"item\":\"https:\\\/\\\/renatodias.online\\\/movimento\\\/\"},{\"@type\":\"ListItem\",\"position\":2,\"name\":\"\u2018Brasil n\u00e3o vive, hoje, sob o fascismo\u2019\"}]},{\"@type\":\"WebSite\",\"@id\":\"https:\\\/\\\/renatodias.online\\\/movimento\\\/#website\",\"url\":\"https:\\\/\\\/renatodias.online\\\/movimento\\\/\",\"name\":\"\",\"description\":\"\",\"publisher\":{\"@id\":\"https:\\\/\\\/renatodias.online\\\/movimento\\\/#\\\/schema\\\/person\\\/bbab28833b1725a20f4083f49f1fb2a9\"},\"potentialAction\":[{\"@type\":\"SearchAction\",\"target\":{\"@type\":\"EntryPoint\",\"urlTemplate\":\"https:\\\/\\\/renatodias.online\\\/movimento\\\/?s={search_term_string}\"},\"query-input\":{\"@type\":\"PropertyValueSpecification\",\"valueRequired\":true,\"valueName\":\"search_term_string\"}}],\"inLanguage\":\"pt-BR\"},{\"@type\":[\"Person\",\"Organization\"],\"@id\":\"https:\\\/\\\/renatodias.online\\\/movimento\\\/#\\\/schema\\\/person\\\/bbab28833b1725a20f4083f49f1fb2a9\",\"name\":\"Renato Dias\",\"image\":{\"@type\":\"ImageObject\",\"inLanguage\":\"pt-BR\",\"@id\":\"https:\\\/\\\/renatodias.online\\\/movimento\\\/wp-content\\\/uploads\\\/2023\\\/03\\\/cropped-cropped-cropped-logofinal.jpeg\",\"url\":\"https:\\\/\\\/renatodias.online\\\/movimento\\\/wp-content\\\/uploads\\\/2023\\\/03\\\/cropped-cropped-cropped-logofinal.jpeg\",\"contentUrl\":\"https:\\\/\\\/renatodias.online\\\/movimento\\\/wp-content\\\/uploads\\\/2023\\\/03\\\/cropped-cropped-cropped-logofinal.jpeg\",\"width\":1280,\"height\":219,\"caption\":\"Renato Dias\"},\"logo\":{\"@id\":\"https:\\\/\\\/renatodias.online\\\/movimento\\\/wp-content\\\/uploads\\\/2023\\\/03\\\/cropped-cropped-cropped-logofinal.jpeg\"},\"description\":\"Renato Dias, 58 anos, \u00e9 graduado em Jornalismo, formado em Ci\u00eancias Sociais, com p\u00f3s-gradua\u00e7\u00e3o em Pol\u00edticas P\u00fablicas, mestre em Direito e Rela\u00e7\u00f5es Internacionais, ex-aluno extraordin\u00e1rio do Doutorado em Psicologia Social, ex-estudante do Curso de Psican\u00e1lise do Centro de Estudos Psicanal\u00edticos do Estado de Goi\u00e1s, ministrado pelo m\u00e9dico psiquiatra e psicanalista Daniel Em\u00eddio de Souza. \u00c9 autor de 30 livros-reportagem, oito document\u00e1rios, ganhou 30 pr\u00eamios e \u00e9 torcedor apaixonado do maior do Centro-Oeste, o Vila Nova Futebol Clube. Casado com Meirilane Dias, \u00e9 pai de Juliana Dias, jornalista; Daniel Dias, economista; e Maria Rosa Dias, estudante antifascista, socialista e trotskista.\u00a0Com tr\u00eas pets: Porquinho [Bull Dog Franc\u00eas], Dalila [Basset Hound] e Geleia [Basset Hound]. Al\u00e9m do eterno gato Tutuquinho, que virou estrela.\",\"sameAs\":[\"https:\\\/\\\/www.facebook.com\\\/renato.dias.37\",\"#breve\",\"https:\\\/\\\/renatodias.tumblr.com\\\/\"],\"url\":\"https:\\\/\\\/renatodias.online\\\/movimento\\\/author\\\/renatodias\\\/\"}]}<\/script>\n<!-- \/ Yoast SEO plugin. -->","yoast_head_json":{"title":"\u2018Brasil n\u00e3o vive, hoje, sob o fascismo\u2019 -","robots":{"index":"index","follow":"follow","max-snippet":"max-snippet:-1","max-image-preview":"max-image-preview:large","max-video-preview":"max-video-preview:-1"},"canonical":"https:\/\/renatodias.online\/movimento\/2020\/06\/18\/brasil-nao-vive-hoje-sob-o-fascismo\/","og_locale":"pt_BR","og_type":"article","og_title":"\u2018Brasil n\u00e3o vive, hoje, sob o fascismo\u2019 -","og_description":"Na pr\u00f3xima, vire \u00e0 esquerda \u2018Brasil n\u00e3o vive, hoje, sob o fascismo\u2019 Ex &#8211; oper\u00e1rio metal\u00fargico preso, em 1977, com Nahuel Moreno e a Liga Oper\u00e1ria, e no ano de 1980, ao lado de Lula, descarta compara\u00e7\u00f5es com regimes de Benito Mussolini e Adolf Hitler \u00a0 Renato Dias \u00a0_ A palavra \u2018fascismo\u2019 est\u00e1 na moda","og_url":"https:\/\/renatodias.online\/movimento\/2020\/06\/18\/brasil-nao-vive-hoje-sob-o-fascismo\/","article_publisher":"https:\/\/www.facebook.com\/renato.dias.37","article_author":"https:\/\/www.facebook.com\/renato.dias.37","article_published_time":"2020-06-18T03:09:52+00:00","article_modified_time":"2020-06-18T03:13:08+00:00","og_image":[{"width":340,"height":363,"url":"https:\/\/renatodias.online\/movimento\/wp-content\/uploads\/2020\/06\/jmariapstu.jpg","type":"image\/jpeg"}],"author":"Renato Dias","twitter_card":"summary_large_image","twitter_creator":"@RenatoDiasBat","twitter_site":"@RenatoDiasBat","twitter_misc":{"Escrito por":"Renato Dias","Est. tempo de leitura":"4 minutos"},"schema":{"@context":"https:\/\/schema.org","@graph":[{"@type":"Article","@id":"https:\/\/renatodias.online\/movimento\/2020\/06\/18\/brasil-nao-vive-hoje-sob-o-fascismo\/#article","isPartOf":{"@id":"https:\/\/renatodias.online\/movimento\/2020\/06\/18\/brasil-nao-vive-hoje-sob-o-fascismo\/"},"author":{"name":"Renato Dias","@id":"https:\/\/renatodias.online\/movimento\/#\/schema\/person\/bbab28833b1725a20f4083f49f1fb2a9"},"headline":"\u2018Brasil n\u00e3o vive, hoje, sob o fascismo\u2019","datePublished":"2020-06-18T03:09:52+00:00","dateModified":"2020-06-18T03:13:08+00:00","mainEntityOfPage":{"@id":"https:\/\/renatodias.online\/movimento\/2020\/06\/18\/brasil-nao-vive-hoje-sob-o-fascismo\/"},"wordCount":742,"commentCount":0,"publisher":{"@id":"https:\/\/renatodias.online\/movimento\/#\/schema\/person\/bbab28833b1725a20f4083f49f1fb2a9"},"image":{"@id":"https:\/\/renatodias.online\/movimento\/2020\/06\/18\/brasil-nao-vive-hoje-sob-o-fascismo\/#primaryimage"},"thumbnailUrl":"https:\/\/renatodias.online\/movimento\/wp-content\/uploads\/2020\/06\/jmariapstu.jpg","articleSection":["PodCast","Pol\u00edtica"],"inLanguage":"pt-BR","potentialAction":[{"@type":"CommentAction","name":"Comment","target":["https:\/\/renatodias.online\/movimento\/2020\/06\/18\/brasil-nao-vive-hoje-sob-o-fascismo\/#respond"]}]},{"@type":"WebPage","@id":"https:\/\/renatodias.online\/movimento\/2020\/06\/18\/brasil-nao-vive-hoje-sob-o-fascismo\/","url":"https:\/\/renatodias.online\/movimento\/2020\/06\/18\/brasil-nao-vive-hoje-sob-o-fascismo\/","name":"\u2018Brasil n\u00e3o vive, hoje, sob o fascismo\u2019 -","isPartOf":{"@id":"https:\/\/renatodias.online\/movimento\/#website"},"primaryImageOfPage":{"@id":"https:\/\/renatodias.online\/movimento\/2020\/06\/18\/brasil-nao-vive-hoje-sob-o-fascismo\/#primaryimage"},"image":{"@id":"https:\/\/renatodias.online\/movimento\/2020\/06\/18\/brasil-nao-vive-hoje-sob-o-fascismo\/#primaryimage"},"thumbnailUrl":"https:\/\/renatodias.online\/movimento\/wp-content\/uploads\/2020\/06\/jmariapstu.jpg","datePublished":"2020-06-18T03:09:52+00:00","dateModified":"2020-06-18T03:13:08+00:00","breadcrumb":{"@id":"https:\/\/renatodias.online\/movimento\/2020\/06\/18\/brasil-nao-vive-hoje-sob-o-fascismo\/#breadcrumb"},"inLanguage":"pt-BR","potentialAction":[{"@type":"ReadAction","target":["https:\/\/renatodias.online\/movimento\/2020\/06\/18\/brasil-nao-vive-hoje-sob-o-fascismo\/"]}]},{"@type":"ImageObject","inLanguage":"pt-BR","@id":"https:\/\/renatodias.online\/movimento\/2020\/06\/18\/brasil-nao-vive-hoje-sob-o-fascismo\/#primaryimage","url":"https:\/\/renatodias.online\/movimento\/wp-content\/uploads\/2020\/06\/jmariapstu.jpg","contentUrl":"https:\/\/renatodias.online\/movimento\/wp-content\/uploads\/2020\/06\/jmariapstu.jpg","width":340,"height":363,"caption":"Jos\u00e9 Maria de Almeida"},{"@type":"BreadcrumbList","@id":"https:\/\/renatodias.online\/movimento\/2020\/06\/18\/brasil-nao-vive-hoje-sob-o-fascismo\/#breadcrumb","itemListElement":[{"@type":"ListItem","position":1,"name":"In\u00edcio","item":"https:\/\/renatodias.online\/movimento\/"},{"@type":"ListItem","position":2,"name":"\u2018Brasil n\u00e3o vive, hoje, sob o fascismo\u2019"}]},{"@type":"WebSite","@id":"https:\/\/renatodias.online\/movimento\/#website","url":"https:\/\/renatodias.online\/movimento\/","name":"","description":"","publisher":{"@id":"https:\/\/renatodias.online\/movimento\/#\/schema\/person\/bbab28833b1725a20f4083f49f1fb2a9"},"potentialAction":[{"@type":"SearchAction","target":{"@type":"EntryPoint","urlTemplate":"https:\/\/renatodias.online\/movimento\/?s={search_term_string}"},"query-input":{"@type":"PropertyValueSpecification","valueRequired":true,"valueName":"search_term_string"}}],"inLanguage":"pt-BR"},{"@type":["Person","Organization"],"@id":"https:\/\/renatodias.online\/movimento\/#\/schema\/person\/bbab28833b1725a20f4083f49f1fb2a9","name":"Renato Dias","image":{"@type":"ImageObject","inLanguage":"pt-BR","@id":"https:\/\/renatodias.online\/movimento\/wp-content\/uploads\/2023\/03\/cropped-cropped-cropped-logofinal.jpeg","url":"https:\/\/renatodias.online\/movimento\/wp-content\/uploads\/2023\/03\/cropped-cropped-cropped-logofinal.jpeg","contentUrl":"https:\/\/renatodias.online\/movimento\/wp-content\/uploads\/2023\/03\/cropped-cropped-cropped-logofinal.jpeg","width":1280,"height":219,"caption":"Renato Dias"},"logo":{"@id":"https:\/\/renatodias.online\/movimento\/wp-content\/uploads\/2023\/03\/cropped-cropped-cropped-logofinal.jpeg"},"description":"Renato Dias, 58 anos, \u00e9 graduado em Jornalismo, formado em Ci\u00eancias Sociais, com p\u00f3s-gradua\u00e7\u00e3o em Pol\u00edticas P\u00fablicas, mestre em Direito e Rela\u00e7\u00f5es Internacionais, ex-aluno extraordin\u00e1rio do Doutorado em Psicologia Social, ex-estudante do Curso de Psican\u00e1lise do Centro de Estudos Psicanal\u00edticos do Estado de Goi\u00e1s, ministrado pelo m\u00e9dico psiquiatra e psicanalista Daniel Em\u00eddio de Souza. \u00c9 autor de 30 livros-reportagem, oito document\u00e1rios, ganhou 30 pr\u00eamios e \u00e9 torcedor apaixonado do maior do Centro-Oeste, o Vila Nova Futebol Clube. Casado com Meirilane Dias, \u00e9 pai de Juliana Dias, jornalista; Daniel Dias, economista; e Maria Rosa Dias, estudante antifascista, socialista e trotskista.\u00a0Com tr\u00eas pets: Porquinho [Bull Dog Franc\u00eas], Dalila [Basset Hound] e Geleia [Basset Hound]. Al\u00e9m do eterno gato Tutuquinho, que virou estrela.","sameAs":["https:\/\/www.facebook.com\/renato.dias.37","#breve","https:\/\/renatodias.tumblr.com\/"],"url":"https:\/\/renatodias.online\/movimento\/author\/renatodias\/"}]}},"_links":{"self":[{"href":"https:\/\/renatodias.online\/movimento\/wp-json\/wp\/v2\/posts\/4026","targetHints":{"allow":["GET"]}}],"collection":[{"href":"https:\/\/renatodias.online\/movimento\/wp-json\/wp\/v2\/posts"}],"about":[{"href":"https:\/\/renatodias.online\/movimento\/wp-json\/wp\/v2\/types\/post"}],"author":[{"embeddable":true,"href":"https:\/\/renatodias.online\/movimento\/wp-json\/wp\/v2\/users\/2"}],"replies":[{"embeddable":true,"href":"https:\/\/renatodias.online\/movimento\/wp-json\/wp\/v2\/comments?post=4026"}],"version-history":[{"count":2,"href":"https:\/\/renatodias.online\/movimento\/wp-json\/wp\/v2\/posts\/4026\/revisions"}],"predecessor-version":[{"id":4028,"href":"https:\/\/renatodias.online\/movimento\/wp-json\/wp\/v2\/posts\/4026\/revisions\/4028"}],"wp:featuredmedia":[{"embeddable":true,"href":"https:\/\/renatodias.online\/movimento\/wp-json\/wp\/v2\/media\/4025"}],"wp:attachment":[{"href":"https:\/\/renatodias.online\/movimento\/wp-json\/wp\/v2\/media?parent=4026"}],"wp:term":[{"taxonomy":"category","embeddable":true,"href":"https:\/\/renatodias.online\/movimento\/wp-json\/wp\/v2\/categories?post=4026"},{"taxonomy":"post_tag","embeddable":true,"href":"https:\/\/renatodias.online\/movimento\/wp-json\/wp\/v2\/tags?post=4026"}],"curies":[{"name":"wp","href":"https:\/\/api.w.org\/{rel}","templated":true}]}}