{"id":3850,"date":"2020-06-03T22:36:26","date_gmt":"2020-06-04T01:36:26","guid":{"rendered":"https:\/\/renatodias.online\/movimento\/?p=3850"},"modified":"2020-06-03T22:36:26","modified_gmt":"2020-06-04T01:36:26","slug":"gustavo-cruvinel-defende-autorizacao","status":"publish","type":"post","link":"https:\/\/renatodias.online\/movimento\/2020\/06\/03\/gustavo-cruvinel-defende-autorizacao\/","title":{"rendered":"Gustavo Cruvinel defende autoriza\u00e7\u00e3o"},"content":{"rendered":"<p><strong>Gera\u00e7\u00e3o de emprego e renda<\/strong><\/p>\n<h1><strong>Gustavo Cruvinel defende autoriza\u00e7\u00e3o<\/strong><\/h1>\n<p><strong>Projeto de lei quer permitir uso do transporte complementar em Goi\u00e2nia sob a Pandemia<\/strong><\/p>\n<p>&nbsp;<\/p>\n<p><strong>Renato Dias<\/strong><\/p>\n<p>O vereador <strong>Gustavo Cruvinel<\/strong>\u00a0 anuncia, hoje, ser favor\u00e1vel ao projeto de lei que prop\u00f5e autorizar o transporte complementar em Goi\u00e2nia. A capital do Estado de Goi\u00e1s fundada em 1933, por Pedro Ludovico Teixeira. Uma metr\u00f3pole com 1,5 milh\u00e3o de habitantes. No ano de 2020. Dados do Instituto Brasileiro de Geografia e Estat\u00edstica [IBGE]. \u00a0Al\u00e9m disso, 17 munic\u00edpios comp\u00f5em a Regi\u00e3o Metropolitana da Capital. O servi\u00e7o ser\u00e1 prestado pelas vans do transporte escolar. Os ve\u00edculos est\u00e3o parados. <strong>Gustavo Cruvinel<\/strong> diz ter protocolado a\u00e7\u00e3o judicial para\u00a0 conseguir o objetivo formulado.\u00a0 O transporte complementar ajudar\u00e1 a evitar aglomera\u00e7\u00f5es em pontos e terminais e geraria renda para a categoria,\u00a0 que est\u00e1 parada desde mar\u00e7o, revela.<\/p>\n","protected":false},"excerpt":{"rendered":"<p>Gera\u00e7\u00e3o de emprego e renda Gustavo Cruvinel defende autoriza\u00e7\u00e3o Projeto de lei quer permitir uso do transporte complementar em Goi\u00e2nia sob a Pandemia &nbsp; Renato Dias O vereador Gustavo Cruvinel\u00a0 anuncia, hoje, ser favor\u00e1vel ao projeto de lei que prop\u00f5e autorizar o transporte complementar em Goi\u00e2nia. A capital do Estado de Goi\u00e1s fundada em 1933,<\/p>\n","protected":false},"author":2,"featured_media":3677,"comment_status":"open","ping_status":"open","sticky":false,"template":"","format":"standard","meta":{"_acf_changed":false,"_monsterinsights_skip_tracking":false,"_monsterinsights_sitenote_active":false,"_monsterinsights_sitenote_note":"","_monsterinsights_sitenote_category":0,"footnotes":""},"categories":[4],"tags":[],"class_list":["post-3850","post","type-post","status-publish","format-standard","has-post-thumbnail","hentry","category-politica"],"acf":[],"yoast_head":"<!-- This site is optimized with the Yoast SEO plugin v27.4 - https:\/\/yoast.com\/product\/yoast-seo-wordpress\/ -->\n<title>Gustavo Cruvinel defende autoriza\u00e7\u00e3o -<\/title>\n<meta name=\"robots\" content=\"index, follow, max-snippet:-1, max-image-preview:large, max-video-preview:-1\" \/>\n<link rel=\"canonical\" href=\"https:\/\/renatodias.online\/movimento\/2020\/06\/03\/gustavo-cruvinel-defende-autorizacao\/\" \/>\n<meta property=\"og:locale\" content=\"pt_BR\" \/>\n<meta property=\"og:type\" content=\"article\" \/>\n<meta property=\"og:title\" content=\"Gustavo Cruvinel defende autoriza\u00e7\u00e3o -\" \/>\n<meta property=\"og:description\" content=\"Gera\u00e7\u00e3o de emprego e renda Gustavo Cruvinel defende autoriza\u00e7\u00e3o Projeto de lei quer permitir uso do transporte complementar em Goi\u00e2nia sob a Pandemia &nbsp; Renato Dias O vereador Gustavo Cruvinel\u00a0 anuncia, hoje, ser favor\u00e1vel ao projeto de lei que prop\u00f5e autorizar o transporte complementar em Goi\u00e2nia. A capital do Estado de Goi\u00e1s fundada em 1933,\" \/>\n<meta property=\"og:url\" content=\"https:\/\/renatodias.online\/movimento\/2020\/06\/03\/gustavo-cruvinel-defende-autorizacao\/\" \/>\n<meta property=\"article:publisher\" content=\"https:\/\/www.facebook.com\/renato.dias.37\" \/>\n<meta property=\"article:author\" content=\"https:\/\/www.facebook.com\/renato.dias.37\" \/>\n<meta property=\"article:published_time\" content=\"2020-06-04T01:36:26+00:00\" \/>\n<meta property=\"og:image\" content=\"https:\/\/renatodias.online\/movimento\/wp-content\/uploads\/2020\/05\/Vereador-Gustavo-Cruvinel-1.jpeg\" \/>\n\t<meta property=\"og:image:width\" content=\"1200\" \/>\n\t<meta property=\"og:image:height\" content=\"800\" \/>\n\t<meta property=\"og:image:type\" content=\"image\/jpeg\" \/>\n<meta name=\"author\" content=\"Renato Dias\" \/>\n<meta name=\"twitter:card\" content=\"summary_large_image\" \/>\n<meta name=\"twitter:creator\" content=\"@RenatoDiasBat\" \/>\n<meta name=\"twitter:site\" content=\"@RenatoDiasBat\" \/>\n<meta name=\"twitter:label1\" content=\"Escrito por\" \/>\n\t<meta name=\"twitter:data1\" content=\"Renato Dias\" \/>\n\t<meta name=\"twitter:label2\" content=\"Est. tempo de leitura\" \/>\n\t<meta name=\"twitter:data2\" content=\"1 minuto\" \/>\n<script type=\"application\/ld+json\" class=\"yoast-schema-graph\">{\"@context\":\"https:\\\/\\\/schema.org\",\"@graph\":[{\"@type\":\"Article\",\"@id\":\"https:\\\/\\\/renatodias.online\\\/movimento\\\/2020\\\/06\\\/03\\\/gustavo-cruvinel-defende-autorizacao\\\/#article\",\"isPartOf\":{\"@id\":\"https:\\\/\\\/renatodias.online\\\/movimento\\\/2020\\\/06\\\/03\\\/gustavo-cruvinel-defende-autorizacao\\\/\"},\"author\":{\"name\":\"Renato Dias\",\"@id\":\"https:\\\/\\\/renatodias.online\\\/movimento\\\/#\\\/schema\\\/person\\\/bbab28833b1725a20f4083f49f1fb2a9\"},\"headline\":\"Gustavo Cruvinel defende autoriza\u00e7\u00e3o\",\"datePublished\":\"2020-06-04T01:36:26+00:00\",\"mainEntityOfPage\":{\"@id\":\"https:\\\/\\\/renatodias.online\\\/movimento\\\/2020\\\/06\\\/03\\\/gustavo-cruvinel-defende-autorizacao\\\/\"},\"wordCount\":158,\"commentCount\":0,\"publisher\":{\"@id\":\"https:\\\/\\\/renatodias.online\\\/movimento\\\/#\\\/schema\\\/person\\\/bbab28833b1725a20f4083f49f1fb2a9\"},\"image\":{\"@id\":\"https:\\\/\\\/renatodias.online\\\/movimento\\\/2020\\\/06\\\/03\\\/gustavo-cruvinel-defende-autorizacao\\\/#primaryimage\"},\"thumbnailUrl\":\"https:\\\/\\\/renatodias.online\\\/movimento\\\/wp-content\\\/uploads\\\/2020\\\/05\\\/Vereador-Gustavo-Cruvinel-1.jpeg\",\"articleSection\":[\"Pol\u00edtica\"],\"inLanguage\":\"pt-BR\",\"potentialAction\":[{\"@type\":\"CommentAction\",\"name\":\"Comment\",\"target\":[\"https:\\\/\\\/renatodias.online\\\/movimento\\\/2020\\\/06\\\/03\\\/gustavo-cruvinel-defende-autorizacao\\\/#respond\"]}]},{\"@type\":\"WebPage\",\"@id\":\"https:\\\/\\\/renatodias.online\\\/movimento\\\/2020\\\/06\\\/03\\\/gustavo-cruvinel-defende-autorizacao\\\/\",\"url\":\"https:\\\/\\\/renatodias.online\\\/movimento\\\/2020\\\/06\\\/03\\\/gustavo-cruvinel-defende-autorizacao\\\/\",\"name\":\"Gustavo Cruvinel defende autoriza\u00e7\u00e3o -\",\"isPartOf\":{\"@id\":\"https:\\\/\\\/renatodias.online\\\/movimento\\\/#website\"},\"primaryImageOfPage\":{\"@id\":\"https:\\\/\\\/renatodias.online\\\/movimento\\\/2020\\\/06\\\/03\\\/gustavo-cruvinel-defende-autorizacao\\\/#primaryimage\"},\"image\":{\"@id\":\"https:\\\/\\\/renatodias.online\\\/movimento\\\/2020\\\/06\\\/03\\\/gustavo-cruvinel-defende-autorizacao\\\/#primaryimage\"},\"thumbnailUrl\":\"https:\\\/\\\/renatodias.online\\\/movimento\\\/wp-content\\\/uploads\\\/2020\\\/05\\\/Vereador-Gustavo-Cruvinel-1.jpeg\",\"datePublished\":\"2020-06-04T01:36:26+00:00\",\"breadcrumb\":{\"@id\":\"https:\\\/\\\/renatodias.online\\\/movimento\\\/2020\\\/06\\\/03\\\/gustavo-cruvinel-defende-autorizacao\\\/#breadcrumb\"},\"inLanguage\":\"pt-BR\",\"potentialAction\":[{\"@type\":\"ReadAction\",\"target\":[\"https:\\\/\\\/renatodias.online\\\/movimento\\\/2020\\\/06\\\/03\\\/gustavo-cruvinel-defende-autorizacao\\\/\"]}]},{\"@type\":\"ImageObject\",\"inLanguage\":\"pt-BR\",\"@id\":\"https:\\\/\\\/renatodias.online\\\/movimento\\\/2020\\\/06\\\/03\\\/gustavo-cruvinel-defende-autorizacao\\\/#primaryimage\",\"url\":\"https:\\\/\\\/renatodias.online\\\/movimento\\\/wp-content\\\/uploads\\\/2020\\\/05\\\/Vereador-Gustavo-Cruvinel-1.jpeg\",\"contentUrl\":\"https:\\\/\\\/renatodias.online\\\/movimento\\\/wp-content\\\/uploads\\\/2020\\\/05\\\/Vereador-Gustavo-Cruvinel-1.jpeg\",\"width\":1200,\"height\":800,\"caption\":\"Gustavo Cruvinel\"},{\"@type\":\"BreadcrumbList\",\"@id\":\"https:\\\/\\\/renatodias.online\\\/movimento\\\/2020\\\/06\\\/03\\\/gustavo-cruvinel-defende-autorizacao\\\/#breadcrumb\",\"itemListElement\":[{\"@type\":\"ListItem\",\"position\":1,\"name\":\"In\u00edcio\",\"item\":\"https:\\\/\\\/renatodias.online\\\/movimento\\\/\"},{\"@type\":\"ListItem\",\"position\":2,\"name\":\"Gustavo Cruvinel defende autoriza\u00e7\u00e3o\"}]},{\"@type\":\"WebSite\",\"@id\":\"https:\\\/\\\/renatodias.online\\\/movimento\\\/#website\",\"url\":\"https:\\\/\\\/renatodias.online\\\/movimento\\\/\",\"name\":\"\",\"description\":\"\",\"publisher\":{\"@id\":\"https:\\\/\\\/renatodias.online\\\/movimento\\\/#\\\/schema\\\/person\\\/bbab28833b1725a20f4083f49f1fb2a9\"},\"potentialAction\":[{\"@type\":\"SearchAction\",\"target\":{\"@type\":\"EntryPoint\",\"urlTemplate\":\"https:\\\/\\\/renatodias.online\\\/movimento\\\/?s={search_term_string}\"},\"query-input\":{\"@type\":\"PropertyValueSpecification\",\"valueRequired\":true,\"valueName\":\"search_term_string\"}}],\"inLanguage\":\"pt-BR\"},{\"@type\":[\"Person\",\"Organization\"],\"@id\":\"https:\\\/\\\/renatodias.online\\\/movimento\\\/#\\\/schema\\\/person\\\/bbab28833b1725a20f4083f49f1fb2a9\",\"name\":\"Renato Dias\",\"image\":{\"@type\":\"ImageObject\",\"inLanguage\":\"pt-BR\",\"@id\":\"https:\\\/\\\/renatodias.online\\\/movimento\\\/wp-content\\\/uploads\\\/2023\\\/03\\\/cropped-cropped-cropped-logofinal.jpeg\",\"url\":\"https:\\\/\\\/renatodias.online\\\/movimento\\\/wp-content\\\/uploads\\\/2023\\\/03\\\/cropped-cropped-cropped-logofinal.jpeg\",\"contentUrl\":\"https:\\\/\\\/renatodias.online\\\/movimento\\\/wp-content\\\/uploads\\\/2023\\\/03\\\/cropped-cropped-cropped-logofinal.jpeg\",\"width\":1280,\"height\":219,\"caption\":\"Renato Dias\"},\"logo\":{\"@id\":\"https:\\\/\\\/renatodias.online\\\/movimento\\\/wp-content\\\/uploads\\\/2023\\\/03\\\/cropped-cropped-cropped-logofinal.jpeg\"},\"description\":\"Renato Dias, 58 anos, \u00e9 graduado em Jornalismo, formado em Ci\u00eancias Sociais, com p\u00f3s-gradua\u00e7\u00e3o em Pol\u00edticas P\u00fablicas, mestre em Direito e Rela\u00e7\u00f5es Internacionais, ex-aluno extraordin\u00e1rio do Doutorado em Psicologia Social, ex-estudante do Curso de Psican\u00e1lise do Centro de Estudos Psicanal\u00edticos do Estado de Goi\u00e1s, ministrado pelo m\u00e9dico psiquiatra e psicanalista Daniel Em\u00eddio de Souza. \u00c9 autor de 30 livros-reportagem, oito document\u00e1rios, ganhou 30 pr\u00eamios e \u00e9 torcedor apaixonado do maior do Centro-Oeste, o Vila Nova Futebol Clube. Casado com Meirilane Dias, \u00e9 pai de Juliana Dias, jornalista; Daniel Dias, economista; e Maria Rosa Dias, estudante antifascista, socialista e trotskista.\u00a0Com tr\u00eas pets: Porquinho [Bull Dog Franc\u00eas], Dalila [Basset Hound] e Geleia [Basset Hound]. Al\u00e9m do eterno gato Tutuquinho, que virou estrela.\",\"sameAs\":[\"https:\\\/\\\/www.facebook.com\\\/renato.dias.37\",\"#breve\",\"https:\\\/\\\/renatodias.tumblr.com\\\/\"],\"url\":\"https:\\\/\\\/renatodias.online\\\/movimento\\\/author\\\/renatodias\\\/\"}]}<\/script>\n<!-- \/ Yoast SEO plugin. -->","yoast_head_json":{"title":"Gustavo Cruvinel defende autoriza\u00e7\u00e3o -","robots":{"index":"index","follow":"follow","max-snippet":"max-snippet:-1","max-image-preview":"max-image-preview:large","max-video-preview":"max-video-preview:-1"},"canonical":"https:\/\/renatodias.online\/movimento\/2020\/06\/03\/gustavo-cruvinel-defende-autorizacao\/","og_locale":"pt_BR","og_type":"article","og_title":"Gustavo Cruvinel defende autoriza\u00e7\u00e3o -","og_description":"Gera\u00e7\u00e3o de emprego e renda Gustavo Cruvinel defende autoriza\u00e7\u00e3o Projeto de lei quer permitir uso do transporte complementar em Goi\u00e2nia sob a Pandemia &nbsp; Renato Dias O vereador Gustavo Cruvinel\u00a0 anuncia, hoje, ser favor\u00e1vel ao projeto de lei que prop\u00f5e autorizar o transporte complementar em Goi\u00e2nia. A capital do Estado de Goi\u00e1s fundada em 1933,","og_url":"https:\/\/renatodias.online\/movimento\/2020\/06\/03\/gustavo-cruvinel-defende-autorizacao\/","article_publisher":"https:\/\/www.facebook.com\/renato.dias.37","article_author":"https:\/\/www.facebook.com\/renato.dias.37","article_published_time":"2020-06-04T01:36:26+00:00","og_image":[{"width":1200,"height":800,"url":"https:\/\/renatodias.online\/movimento\/wp-content\/uploads\/2020\/05\/Vereador-Gustavo-Cruvinel-1.jpeg","type":"image\/jpeg"}],"author":"Renato Dias","twitter_card":"summary_large_image","twitter_creator":"@RenatoDiasBat","twitter_site":"@RenatoDiasBat","twitter_misc":{"Escrito por":"Renato Dias","Est. tempo de leitura":"1 minuto"},"schema":{"@context":"https:\/\/schema.org","@graph":[{"@type":"Article","@id":"https:\/\/renatodias.online\/movimento\/2020\/06\/03\/gustavo-cruvinel-defende-autorizacao\/#article","isPartOf":{"@id":"https:\/\/renatodias.online\/movimento\/2020\/06\/03\/gustavo-cruvinel-defende-autorizacao\/"},"author":{"name":"Renato Dias","@id":"https:\/\/renatodias.online\/movimento\/#\/schema\/person\/bbab28833b1725a20f4083f49f1fb2a9"},"headline":"Gustavo Cruvinel defende autoriza\u00e7\u00e3o","datePublished":"2020-06-04T01:36:26+00:00","mainEntityOfPage":{"@id":"https:\/\/renatodias.online\/movimento\/2020\/06\/03\/gustavo-cruvinel-defende-autorizacao\/"},"wordCount":158,"commentCount":0,"publisher":{"@id":"https:\/\/renatodias.online\/movimento\/#\/schema\/person\/bbab28833b1725a20f4083f49f1fb2a9"},"image":{"@id":"https:\/\/renatodias.online\/movimento\/2020\/06\/03\/gustavo-cruvinel-defende-autorizacao\/#primaryimage"},"thumbnailUrl":"https:\/\/renatodias.online\/movimento\/wp-content\/uploads\/2020\/05\/Vereador-Gustavo-Cruvinel-1.jpeg","articleSection":["Pol\u00edtica"],"inLanguage":"pt-BR","potentialAction":[{"@type":"CommentAction","name":"Comment","target":["https:\/\/renatodias.online\/movimento\/2020\/06\/03\/gustavo-cruvinel-defende-autorizacao\/#respond"]}]},{"@type":"WebPage","@id":"https:\/\/renatodias.online\/movimento\/2020\/06\/03\/gustavo-cruvinel-defende-autorizacao\/","url":"https:\/\/renatodias.online\/movimento\/2020\/06\/03\/gustavo-cruvinel-defende-autorizacao\/","name":"Gustavo Cruvinel defende autoriza\u00e7\u00e3o -","isPartOf":{"@id":"https:\/\/renatodias.online\/movimento\/#website"},"primaryImageOfPage":{"@id":"https:\/\/renatodias.online\/movimento\/2020\/06\/03\/gustavo-cruvinel-defende-autorizacao\/#primaryimage"},"image":{"@id":"https:\/\/renatodias.online\/movimento\/2020\/06\/03\/gustavo-cruvinel-defende-autorizacao\/#primaryimage"},"thumbnailUrl":"https:\/\/renatodias.online\/movimento\/wp-content\/uploads\/2020\/05\/Vereador-Gustavo-Cruvinel-1.jpeg","datePublished":"2020-06-04T01:36:26+00:00","breadcrumb":{"@id":"https:\/\/renatodias.online\/movimento\/2020\/06\/03\/gustavo-cruvinel-defende-autorizacao\/#breadcrumb"},"inLanguage":"pt-BR","potentialAction":[{"@type":"ReadAction","target":["https:\/\/renatodias.online\/movimento\/2020\/06\/03\/gustavo-cruvinel-defende-autorizacao\/"]}]},{"@type":"ImageObject","inLanguage":"pt-BR","@id":"https:\/\/renatodias.online\/movimento\/2020\/06\/03\/gustavo-cruvinel-defende-autorizacao\/#primaryimage","url":"https:\/\/renatodias.online\/movimento\/wp-content\/uploads\/2020\/05\/Vereador-Gustavo-Cruvinel-1.jpeg","contentUrl":"https:\/\/renatodias.online\/movimento\/wp-content\/uploads\/2020\/05\/Vereador-Gustavo-Cruvinel-1.jpeg","width":1200,"height":800,"caption":"Gustavo Cruvinel"},{"@type":"BreadcrumbList","@id":"https:\/\/renatodias.online\/movimento\/2020\/06\/03\/gustavo-cruvinel-defende-autorizacao\/#breadcrumb","itemListElement":[{"@type":"ListItem","position":1,"name":"In\u00edcio","item":"https:\/\/renatodias.online\/movimento\/"},{"@type":"ListItem","position":2,"name":"Gustavo Cruvinel defende autoriza\u00e7\u00e3o"}]},{"@type":"WebSite","@id":"https:\/\/renatodias.online\/movimento\/#website","url":"https:\/\/renatodias.online\/movimento\/","name":"","description":"","publisher":{"@id":"https:\/\/renatodias.online\/movimento\/#\/schema\/person\/bbab28833b1725a20f4083f49f1fb2a9"},"potentialAction":[{"@type":"SearchAction","target":{"@type":"EntryPoint","urlTemplate":"https:\/\/renatodias.online\/movimento\/?s={search_term_string}"},"query-input":{"@type":"PropertyValueSpecification","valueRequired":true,"valueName":"search_term_string"}}],"inLanguage":"pt-BR"},{"@type":["Person","Organization"],"@id":"https:\/\/renatodias.online\/movimento\/#\/schema\/person\/bbab28833b1725a20f4083f49f1fb2a9","name":"Renato Dias","image":{"@type":"ImageObject","inLanguage":"pt-BR","@id":"https:\/\/renatodias.online\/movimento\/wp-content\/uploads\/2023\/03\/cropped-cropped-cropped-logofinal.jpeg","url":"https:\/\/renatodias.online\/movimento\/wp-content\/uploads\/2023\/03\/cropped-cropped-cropped-logofinal.jpeg","contentUrl":"https:\/\/renatodias.online\/movimento\/wp-content\/uploads\/2023\/03\/cropped-cropped-cropped-logofinal.jpeg","width":1280,"height":219,"caption":"Renato Dias"},"logo":{"@id":"https:\/\/renatodias.online\/movimento\/wp-content\/uploads\/2023\/03\/cropped-cropped-cropped-logofinal.jpeg"},"description":"Renato Dias, 58 anos, \u00e9 graduado em Jornalismo, formado em Ci\u00eancias Sociais, com p\u00f3s-gradua\u00e7\u00e3o em Pol\u00edticas P\u00fablicas, mestre em Direito e Rela\u00e7\u00f5es Internacionais, ex-aluno extraordin\u00e1rio do Doutorado em Psicologia Social, ex-estudante do Curso de Psican\u00e1lise do Centro de Estudos Psicanal\u00edticos do Estado de Goi\u00e1s, ministrado pelo m\u00e9dico psiquiatra e psicanalista Daniel Em\u00eddio de Souza. \u00c9 autor de 30 livros-reportagem, oito document\u00e1rios, ganhou 30 pr\u00eamios e \u00e9 torcedor apaixonado do maior do Centro-Oeste, o Vila Nova Futebol Clube. Casado com Meirilane Dias, \u00e9 pai de Juliana Dias, jornalista; Daniel Dias, economista; e Maria Rosa Dias, estudante antifascista, socialista e trotskista.\u00a0Com tr\u00eas pets: Porquinho [Bull Dog Franc\u00eas], Dalila [Basset Hound] e Geleia [Basset Hound]. Al\u00e9m do eterno gato Tutuquinho, que virou estrela.","sameAs":["https:\/\/www.facebook.com\/renato.dias.37","#breve","https:\/\/renatodias.tumblr.com\/"],"url":"https:\/\/renatodias.online\/movimento\/author\/renatodias\/"}]}},"_links":{"self":[{"href":"https:\/\/renatodias.online\/movimento\/wp-json\/wp\/v2\/posts\/3850","targetHints":{"allow":["GET"]}}],"collection":[{"href":"https:\/\/renatodias.online\/movimento\/wp-json\/wp\/v2\/posts"}],"about":[{"href":"https:\/\/renatodias.online\/movimento\/wp-json\/wp\/v2\/types\/post"}],"author":[{"embeddable":true,"href":"https:\/\/renatodias.online\/movimento\/wp-json\/wp\/v2\/users\/2"}],"replies":[{"embeddable":true,"href":"https:\/\/renatodias.online\/movimento\/wp-json\/wp\/v2\/comments?post=3850"}],"version-history":[{"count":4,"href":"https:\/\/renatodias.online\/movimento\/wp-json\/wp\/v2\/posts\/3850\/revisions"}],"predecessor-version":[{"id":3854,"href":"https:\/\/renatodias.online\/movimento\/wp-json\/wp\/v2\/posts\/3850\/revisions\/3854"}],"wp:featuredmedia":[{"embeddable":true,"href":"https:\/\/renatodias.online\/movimento\/wp-json\/wp\/v2\/media\/3677"}],"wp:attachment":[{"href":"https:\/\/renatodias.online\/movimento\/wp-json\/wp\/v2\/media?parent=3850"}],"wp:term":[{"taxonomy":"category","embeddable":true,"href":"https:\/\/renatodias.online\/movimento\/wp-json\/wp\/v2\/categories?post=3850"},{"taxonomy":"post_tag","embeddable":true,"href":"https:\/\/renatodias.online\/movimento\/wp-json\/wp\/v2\/tags?post=3850"}],"curies":[{"name":"wp","href":"https:\/\/api.w.org\/{rel}","templated":true}]}}