{"id":3785,"date":"2020-06-01T15:55:54","date_gmt":"2020-06-01T18:55:54","guid":{"rendered":"https:\/\/renatodias.online\/movimento\/?p=3785"},"modified":"2020-06-01T16:14:49","modified_gmt":"2020-06-01T19:14:49","slug":"um-jornal-a-favor-do-contra","status":"publish","type":"post","link":"https:\/\/renatodias.online\/movimento\/2020\/06\/01\/um-jornal-a-favor-do-contra\/","title":{"rendered":"Um jornal a favor do contra"},"content":{"rendered":"<p><span style=\"color: #ff0000;\"><strong>O Pasquim<\/strong><\/span><\/p>\n<h1><strong>Um jornal a favor do contra<\/strong><\/h1>\n<p><strong>Tarso de Castro, Paulo Francis, Mill\u00f4r Fernandes, Jaguar, Ziraldo, Henfil abusavam da irrever\u00eancia, cutucavam a ditadura civil e militar e sobreviveu exatos 22 anos [1969-1991]<\/strong><\/p>\n<p><strong>Renato Dias<\/strong><\/p>\n<p>\u00danico. Singular. Irreverente. Abusado. Assim era \u2018O Pasquim\u2019. Seman\u00e1rio. Um tabloide lan\u00e7ado no Rio de Janeiro que chegou a obter uma tiragem de 250 mil exemplares. Com uma turma do \u2018balacobaco\u2019. Tarso de Castro, Paulo Francis, Mill\u00f4r Fernandes, Jaguar, Ziraldo. Sob a ditadura civil e militar que, com um golpe de Estado, derrubou o nacional-estatista, em sua vers\u00e3o trabalhista, Jo\u00e3o Belchior Marques Goulart. Ga\u00facho de S\u00e3o Borja. Uma noite que durou 21 anos.<\/p>\n<p><img loading=\"lazy\" decoding=\"async\" class=\"alignnone wp-image-3786\" src=\"https:\/\/renatodias.online\/movimento\/wp-content\/uploads\/2020\/06\/WhatsApp-Image-2020-06-01-at-15.13.14.jpeg\" alt=\"\" width=\"500\" height=\"667\" srcset=\"https:\/\/renatodias.online\/movimento\/wp-content\/uploads\/2020\/06\/WhatsApp-Image-2020-06-01-at-15.13.14.jpeg 780w, https:\/\/renatodias.online\/movimento\/wp-content\/uploads\/2020\/06\/WhatsApp-Image-2020-06-01-at-15.13.14-225x300.jpeg 225w, https:\/\/renatodias.online\/movimento\/wp-content\/uploads\/2020\/06\/WhatsApp-Image-2020-06-01-at-15.13.14-768x1024.jpeg 768w, https:\/\/renatodias.online\/movimento\/wp-content\/uploads\/2020\/06\/WhatsApp-Image-2020-06-01-at-15.13.14-750x1000.jpeg 750w\" sizes=\"auto, (max-width: 500px) 100vw, 500px\" \/><\/p>\n<p><strong>_ Um jornal a favor do contra.<\/strong><\/p>\n<p>Esse era um de seus bord\u00f5es antol\u00f3gicos. Um ve\u00edculo que ri de si mesmo. Os jornalistas que integravam a multifacetada reda\u00e7\u00e3o destilavam ironias. Uma parte parou atr\u00e1s das grades.\u00a0 A ideia era desdenhar das conven\u00e7\u00f5es e topar correr riscos, dizia um cartunista. \u00c9 poss\u00edvel, sim, conceitua-lo como um tabloide especializado em humor corrosivo. Um sopro revigorante. N\u00e3o custa lembrar, como anota a Mostra 50 anos do Pasquim, com linguagem e formas inventivas.<\/p>\n<p><img loading=\"lazy\" decoding=\"async\" class=\"alignnone wp-image-3787\" src=\"https:\/\/renatodias.online\/movimento\/wp-content\/uploads\/2020\/06\/WhatsApp-Image-2020-06-01-at-15.13.15-1.jpeg\" alt=\"\" width=\"500\" height=\"667\" srcset=\"https:\/\/renatodias.online\/movimento\/wp-content\/uploads\/2020\/06\/WhatsApp-Image-2020-06-01-at-15.13.15-1.jpeg 780w, https:\/\/renatodias.online\/movimento\/wp-content\/uploads\/2020\/06\/WhatsApp-Image-2020-06-01-at-15.13.15-1-225x300.jpeg 225w, https:\/\/renatodias.online\/movimento\/wp-content\/uploads\/2020\/06\/WhatsApp-Image-2020-06-01-at-15.13.15-1-768x1024.jpeg 768w, https:\/\/renatodias.online\/movimento\/wp-content\/uploads\/2020\/06\/WhatsApp-Image-2020-06-01-at-15.13.15-1-750x1000.jpeg 750w\" sizes=\"auto, (max-width: 500px) 100vw, 500px\" \/><\/p>\n<p><strong>_ O Pasquim, corajoso como um rato. Um contra &#8211; atributo estampado na capa. Do seman\u00e1rio.<\/strong><\/p>\n<p>Doutor da Universidade de S\u00e3o Paulo, o professor Bernardo Kucinski, autor de frase seminal que aponta que a m\u00eddia latino-americana possui um DNA golpista, escreveu \u2018Jornalistas e Revolucion\u00e1rios\u2019. O livro relata a hist\u00f3ria e o papel da imprensa alternativa ou nanica. Nos Anos de Chumbo e de Ouro. De repress\u00e3o pol\u00edtica e militar. Com censura \u00e0 imprensa, artes e espet\u00e1culos. Sob o Milagre Econ\u00f4mico. A obra aborda os tempos de revolu\u00e7\u00e3o na imprensa no Brasil.<\/p>\n<p><img loading=\"lazy\" decoding=\"async\" class=\"alignnone wp-image-3788\" src=\"https:\/\/renatodias.online\/movimento\/wp-content\/uploads\/2020\/06\/WhatsApp-Image-2020-06-01-at-15.13.15-2.jpeg\" alt=\"\" width=\"500\" height=\"667\" srcset=\"https:\/\/renatodias.online\/movimento\/wp-content\/uploads\/2020\/06\/WhatsApp-Image-2020-06-01-at-15.13.15-2.jpeg 780w, https:\/\/renatodias.online\/movimento\/wp-content\/uploads\/2020\/06\/WhatsApp-Image-2020-06-01-at-15.13.15-2-225x300.jpeg 225w, https:\/\/renatodias.online\/movimento\/wp-content\/uploads\/2020\/06\/WhatsApp-Image-2020-06-01-at-15.13.15-2-768x1024.jpeg 768w, https:\/\/renatodias.online\/movimento\/wp-content\/uploads\/2020\/06\/WhatsApp-Image-2020-06-01-at-15.13.15-2-750x1000.jpeg 750w\" sizes=\"auto, (max-width: 500px) 100vw, 500px\" \/><\/p>\n<p><strong>_ Um sopro revigorante. Consci\u00eancia critica. Liberdade de express\u00e3o. Livre pensar? <\/strong>[Tempos Interessantes, uma express\u00e3o do historiador marxista ingl\u00eas Eric Hobsbawn]<\/p>\n<p>Henfil \u00e9 o criador dos termos Putzgrila! eTop top top! Mem\u00f3ria hist\u00f3rica. O N\u00famero 1 de \u2018O Pasquim\u2019 chegou \u00e0s bancas no dia 26 de junho do ano de 1969. Um ano ap\u00f3s a passeata dos 100 mil, em 26 de junho de 1968, no Rio de Janeiro. Detalhe: com 14 mil exemplares. Depois, \u00e0s pressas, mais 14 mil. Ah! O primeiro entrevistado? Ibrahim Sued. Com um furo de reportagem. O general linha-dura do Ex\u00e9rcito, Em\u00edlio Garrastazu M\u00e9dici, ser\u00e1 o pr\u00f3ximo presidente.<\/p>\n<p><img loading=\"lazy\" decoding=\"async\" class=\"alignnone wp-image-3789\" src=\"https:\/\/renatodias.online\/movimento\/wp-content\/uploads\/2020\/06\/WhatsApp-Image-2020-06-01-at-15.13.15.jpeg\" alt=\"\" width=\"500\" height=\"667\" srcset=\"https:\/\/renatodias.online\/movimento\/wp-content\/uploads\/2020\/06\/WhatsApp-Image-2020-06-01-at-15.13.15.jpeg 780w, https:\/\/renatodias.online\/movimento\/wp-content\/uploads\/2020\/06\/WhatsApp-Image-2020-06-01-at-15.13.15-225x300.jpeg 225w, https:\/\/renatodias.online\/movimento\/wp-content\/uploads\/2020\/06\/WhatsApp-Image-2020-06-01-at-15.13.15-768x1024.jpeg 768w, https:\/\/renatodias.online\/movimento\/wp-content\/uploads\/2020\/06\/WhatsApp-Image-2020-06-01-at-15.13.15-750x1000.jpeg 750w\" sizes=\"auto, (max-width: 500px) 100vw, 500px\" \/><\/p>\n<p><strong>_ Da Rep\u00fablica, no Brasil. De 1969 a 15 de mar\u00e7o de 1974. <\/strong>[Ibrahin Sued era colunista social]<\/p>\n<p>\u2018O Pasquim\u2019 sobreviveu, com dificuldades, \u00e0 censura e de caixa, exatos 22 anos. De 1969 a outubro de 1991. Nada mais nada menos do que 1072 edi\u00e7\u00f5es. O tabloide insurreicional, incendi\u00e1rio, carbon\u00e1rio, enfrentou, sem se curvar, tr\u00eas generais-presidentes da Rep\u00fablica: Em\u00edlio Garrastazu M\u00e9dici, Ernesto Geisel, Jo\u00e3o Baptista de Oliveira Figueiredo. Dois civis: Jos\u00e9 Ribamar Sarney, autor do livro \u2018Marimbondos de Fogos\u2019, e Fernando Collor de Mello, ex-PRN.<\/p>\n<p><img loading=\"lazy\" decoding=\"async\" class=\"alignnone wp-image-3790\" src=\"https:\/\/renatodias.online\/movimento\/wp-content\/uploads\/2020\/06\/WhatsApp-Image-2020-06-01-at-15.13.16-1.jpeg\" alt=\"\" width=\"500\" height=\"667\" srcset=\"https:\/\/renatodias.online\/movimento\/wp-content\/uploads\/2020\/06\/WhatsApp-Image-2020-06-01-at-15.13.16-1.jpeg 780w, https:\/\/renatodias.online\/movimento\/wp-content\/uploads\/2020\/06\/WhatsApp-Image-2020-06-01-at-15.13.16-1-225x300.jpeg 225w, https:\/\/renatodias.online\/movimento\/wp-content\/uploads\/2020\/06\/WhatsApp-Image-2020-06-01-at-15.13.16-1-768x1024.jpeg 768w, https:\/\/renatodias.online\/movimento\/wp-content\/uploads\/2020\/06\/WhatsApp-Image-2020-06-01-at-15.13.16-1-750x1000.jpeg 750w\" sizes=\"auto, (max-width: 500px) 100vw, 500px\" \/><\/p>\n<p><strong>_ O suposto <\/strong><strong>\u2018Ca\u00e7ador de Maraj\u00e1s<\/strong><strong>\u2019, que acabou alvo de impeachment, em outubro de 1992. <\/strong><\/p>\n<p>\u2018O Pasquim\u2019, n\u00famero 22, de 20 de novembro de 1969, traz na capa Leila Diniz. Em 14 de janeiro de 1971, Jorge Amado,\u00a0 o entrevistado. Edi\u00e7\u00e3o de 6 de novembro de 1973, \u00c2ngela Gillian, antrop\u00f3loga, dos EUA, personagem entrevistada. Racismo no Brasil \u00e9 denunciado. O censor do jornal \u00e9 demitido. <strong>N\u00famero 300 _Censurado!<\/strong> Motivo: ironia de Mill\u00f4r Fernandes. \u2018O Pasquim\u2019, n\u00famero 409, 29 de abril de 1977, entrevista com o advogado, a lenda do Brasil, Sobral Pinto.<\/p>\n<p><img loading=\"lazy\" decoding=\"async\" class=\"alignnone wp-image-3791\" src=\"https:\/\/renatodias.online\/movimento\/wp-content\/uploads\/2020\/06\/WhatsApp-Image-2020-06-01-at-15.13.16-2.jpeg\" alt=\"\" width=\"500\" height=\"667\" srcset=\"https:\/\/renatodias.online\/movimento\/wp-content\/uploads\/2020\/06\/WhatsApp-Image-2020-06-01-at-15.13.16-2.jpeg 780w, https:\/\/renatodias.online\/movimento\/wp-content\/uploads\/2020\/06\/WhatsApp-Image-2020-06-01-at-15.13.16-2-225x300.jpeg 225w, https:\/\/renatodias.online\/movimento\/wp-content\/uploads\/2020\/06\/WhatsApp-Image-2020-06-01-at-15.13.16-2-768x1024.jpeg 768w, https:\/\/renatodias.online\/movimento\/wp-content\/uploads\/2020\/06\/WhatsApp-Image-2020-06-01-at-15.13.16-2-750x1000.jpeg 750w\" sizes=\"auto, (max-width: 500px) 100vw, 500px\" \/><\/p>\n<p><strong>_ 60 anos de resist\u00eancia.<\/strong><\/p>\n<p>\u2018O Pasquim\u2019, n\u00famero 456, 24 de mar\u00e7o de 1978: Lula _ Sal\u00e1rio m\u00ednimo \u00e9 isso a\u00ed!\u00a0 A edi\u00e7\u00e3o especial de n\u00famero 473, data de 21 de julho de 1978, o tema da pauta \u00e9 Anistia. J\u00e1 em 2 de novembro de 1979 a manchete de capa \u00e9 \u2018Prestes para o Pasquim\u2019.\u00a0 O Pasquim, n\u00famero 1.072, aborda o acelerado processo de abertura ao capital externo, a desnacionaliza\u00e7\u00e3o da economia, desmonte do Estado Nacional, heran\u00e7a de Get\u00falio Vargas e de Jo\u00e3o Belchior Marques Goulart.<\/p>\n<p><img loading=\"lazy\" decoding=\"async\" class=\"alignnone wp-image-3792\" src=\"https:\/\/renatodias.online\/movimento\/wp-content\/uploads\/2020\/06\/WhatsApp-Image-2020-06-01-at-15.13.16-3.jpeg\" alt=\"\" width=\"500\" height=\"667\" srcset=\"https:\/\/renatodias.online\/movimento\/wp-content\/uploads\/2020\/06\/WhatsApp-Image-2020-06-01-at-15.13.16-3.jpeg 780w, https:\/\/renatodias.online\/movimento\/wp-content\/uploads\/2020\/06\/WhatsApp-Image-2020-06-01-at-15.13.16-3-225x300.jpeg 225w, https:\/\/renatodias.online\/movimento\/wp-content\/uploads\/2020\/06\/WhatsApp-Image-2020-06-01-at-15.13.16-3-768x1024.jpeg 768w, https:\/\/renatodias.online\/movimento\/wp-content\/uploads\/2020\/06\/WhatsApp-Image-2020-06-01-at-15.13.16-3-750x1000.jpeg 750w\" sizes=\"auto, (max-width: 500px) 100vw, 500px\" \/><\/p>\n<p><strong>_ Usiminas, Petrobras, Vale do Rio Doce. Privatiza\u00e7\u00e3o \u00e9 o cacete!<\/strong><\/p>\n<p><img loading=\"lazy\" decoding=\"async\" class=\"alignnone wp-image-3794\" src=\"https:\/\/renatodias.online\/movimento\/wp-content\/uploads\/2020\/06\/WhatsApp-Image-2020-06-01-at-15.13.17-1.jpeg\" alt=\"\" width=\"500\" height=\"667\" srcset=\"https:\/\/renatodias.online\/movimento\/wp-content\/uploads\/2020\/06\/WhatsApp-Image-2020-06-01-at-15.13.17-1.jpeg 780w, https:\/\/renatodias.online\/movimento\/wp-content\/uploads\/2020\/06\/WhatsApp-Image-2020-06-01-at-15.13.17-1-225x300.jpeg 225w, https:\/\/renatodias.online\/movimento\/wp-content\/uploads\/2020\/06\/WhatsApp-Image-2020-06-01-at-15.13.17-1-768x1024.jpeg 768w, https:\/\/renatodias.online\/movimento\/wp-content\/uploads\/2020\/06\/WhatsApp-Image-2020-06-01-at-15.13.17-1-750x1000.jpeg 750w\" sizes=\"auto, (max-width: 500px) 100vw, 500px\" \/><\/p>\n","protected":false},"excerpt":{"rendered":"<p>O Pasquim Um jornal a favor do contra Tarso de Castro, Paulo Francis, Mill\u00f4r Fernandes, Jaguar, Ziraldo, Henfil abusavam da irrever\u00eancia, cutucavam a ditadura civil e militar e sobreviveu exatos 22 anos [1969-1991] Renato Dias \u00danico. Singular. Irreverente. Abusado. Assim era \u2018O Pasquim\u2019. Seman\u00e1rio. Um tabloide lan\u00e7ado no Rio de Janeiro que chegou a obter<\/p>\n","protected":false},"author":2,"featured_media":3796,"comment_status":"open","ping_status":"open","sticky":false,"template":"","format":"standard","meta":{"_acf_changed":false,"_monsterinsights_skip_tracking":false,"_monsterinsights_sitenote_active":false,"_monsterinsights_sitenote_note":"","_monsterinsights_sitenote_category":0,"footnotes":""},"categories":[2,28,35],"tags":[],"class_list":["post-3785","post","type-post","status-publish","format-standard","has-post-thumbnail","hentry","category-arte","category-cultura","category-nacional"],"acf":[],"yoast_head":"<!-- This site is optimized with the Yoast SEO plugin v27.4 - https:\/\/yoast.com\/product\/yoast-seo-wordpress\/ -->\n<title>Um jornal a favor do contra -<\/title>\n<meta name=\"robots\" content=\"index, follow, max-snippet:-1, max-image-preview:large, max-video-preview:-1\" \/>\n<link rel=\"canonical\" href=\"https:\/\/renatodias.online\/movimento\/2020\/06\/01\/um-jornal-a-favor-do-contra\/\" \/>\n<meta property=\"og:locale\" content=\"pt_BR\" \/>\n<meta property=\"og:type\" content=\"article\" \/>\n<meta property=\"og:title\" content=\"Um jornal a favor do contra -\" \/>\n<meta property=\"og:description\" content=\"O Pasquim Um jornal a favor do contra Tarso de Castro, Paulo Francis, Mill\u00f4r Fernandes, Jaguar, Ziraldo, Henfil abusavam da irrever\u00eancia, cutucavam a ditadura civil e militar e sobreviveu exatos 22 anos [1969-1991] Renato Dias \u00danico. Singular. Irreverente. Abusado. Assim era \u2018O Pasquim\u2019. Seman\u00e1rio. Um tabloide lan\u00e7ado no Rio de Janeiro que chegou a obter\" \/>\n<meta property=\"og:url\" content=\"https:\/\/renatodias.online\/movimento\/2020\/06\/01\/um-jornal-a-favor-do-contra\/\" \/>\n<meta property=\"article:publisher\" content=\"https:\/\/www.facebook.com\/renato.dias.37\" \/>\n<meta property=\"article:author\" content=\"https:\/\/www.facebook.com\/renato.dias.37\" \/>\n<meta property=\"article:published_time\" content=\"2020-06-01T18:55:54+00:00\" \/>\n<meta property=\"article:modified_time\" content=\"2020-06-01T19:14:49+00:00\" \/>\n<meta property=\"og:image\" content=\"https:\/\/renatodias.online\/movimento\/wp-content\/uploads\/2020\/06\/WhatsApp-Image-2020-06-01-at-15.13.18.jpeg\" \/>\n\t<meta property=\"og:image:width\" content=\"780\" \/>\n\t<meta property=\"og:image:height\" content=\"1040\" \/>\n\t<meta property=\"og:image:type\" content=\"image\/jpeg\" \/>\n<meta name=\"author\" content=\"Renato Dias\" \/>\n<meta name=\"twitter:card\" content=\"summary_large_image\" \/>\n<meta name=\"twitter:creator\" content=\"@RenatoDiasBat\" \/>\n<meta name=\"twitter:site\" content=\"@RenatoDiasBat\" \/>\n<meta name=\"twitter:label1\" content=\"Escrito por\" \/>\n\t<meta name=\"twitter:data1\" content=\"Renato Dias\" \/>\n\t<meta name=\"twitter:label2\" content=\"Est. tempo de leitura\" \/>\n\t<meta name=\"twitter:data2\" content=\"3 minutos\" \/>\n<script type=\"application\/ld+json\" class=\"yoast-schema-graph\">{\"@context\":\"https:\\\/\\\/schema.org\",\"@graph\":[{\"@type\":\"Article\",\"@id\":\"https:\\\/\\\/renatodias.online\\\/movimento\\\/2020\\\/06\\\/01\\\/um-jornal-a-favor-do-contra\\\/#article\",\"isPartOf\":{\"@id\":\"https:\\\/\\\/renatodias.online\\\/movimento\\\/2020\\\/06\\\/01\\\/um-jornal-a-favor-do-contra\\\/\"},\"author\":{\"name\":\"Renato Dias\",\"@id\":\"https:\\\/\\\/renatodias.online\\\/movimento\\\/#\\\/schema\\\/person\\\/bbab28833b1725a20f4083f49f1fb2a9\"},\"headline\":\"Um jornal a favor do contra\",\"datePublished\":\"2020-06-01T18:55:54+00:00\",\"dateModified\":\"2020-06-01T19:14:49+00:00\",\"mainEntityOfPage\":{\"@id\":\"https:\\\/\\\/renatodias.online\\\/movimento\\\/2020\\\/06\\\/01\\\/um-jornal-a-favor-do-contra\\\/\"},\"wordCount\":673,\"commentCount\":0,\"publisher\":{\"@id\":\"https:\\\/\\\/renatodias.online\\\/movimento\\\/#\\\/schema\\\/person\\\/bbab28833b1725a20f4083f49f1fb2a9\"},\"image\":{\"@id\":\"https:\\\/\\\/renatodias.online\\\/movimento\\\/2020\\\/06\\\/01\\\/um-jornal-a-favor-do-contra\\\/#primaryimage\"},\"thumbnailUrl\":\"https:\\\/\\\/renatodias.online\\\/movimento\\\/wp-content\\\/uploads\\\/2020\\\/06\\\/WhatsApp-Image-2020-06-01-at-15.13.18.jpeg\",\"articleSection\":[\"Arte\",\"Cultura\",\"Nacional\"],\"inLanguage\":\"pt-BR\",\"potentialAction\":[{\"@type\":\"CommentAction\",\"name\":\"Comment\",\"target\":[\"https:\\\/\\\/renatodias.online\\\/movimento\\\/2020\\\/06\\\/01\\\/um-jornal-a-favor-do-contra\\\/#respond\"]}]},{\"@type\":\"WebPage\",\"@id\":\"https:\\\/\\\/renatodias.online\\\/movimento\\\/2020\\\/06\\\/01\\\/um-jornal-a-favor-do-contra\\\/\",\"url\":\"https:\\\/\\\/renatodias.online\\\/movimento\\\/2020\\\/06\\\/01\\\/um-jornal-a-favor-do-contra\\\/\",\"name\":\"Um jornal a favor do contra -\",\"isPartOf\":{\"@id\":\"https:\\\/\\\/renatodias.online\\\/movimento\\\/#website\"},\"primaryImageOfPage\":{\"@id\":\"https:\\\/\\\/renatodias.online\\\/movimento\\\/2020\\\/06\\\/01\\\/um-jornal-a-favor-do-contra\\\/#primaryimage\"},\"image\":{\"@id\":\"https:\\\/\\\/renatodias.online\\\/movimento\\\/2020\\\/06\\\/01\\\/um-jornal-a-favor-do-contra\\\/#primaryimage\"},\"thumbnailUrl\":\"https:\\\/\\\/renatodias.online\\\/movimento\\\/wp-content\\\/uploads\\\/2020\\\/06\\\/WhatsApp-Image-2020-06-01-at-15.13.18.jpeg\",\"datePublished\":\"2020-06-01T18:55:54+00:00\",\"dateModified\":\"2020-06-01T19:14:49+00:00\",\"breadcrumb\":{\"@id\":\"https:\\\/\\\/renatodias.online\\\/movimento\\\/2020\\\/06\\\/01\\\/um-jornal-a-favor-do-contra\\\/#breadcrumb\"},\"inLanguage\":\"pt-BR\",\"potentialAction\":[{\"@type\":\"ReadAction\",\"target\":[\"https:\\\/\\\/renatodias.online\\\/movimento\\\/2020\\\/06\\\/01\\\/um-jornal-a-favor-do-contra\\\/\"]}]},{\"@type\":\"ImageObject\",\"inLanguage\":\"pt-BR\",\"@id\":\"https:\\\/\\\/renatodias.online\\\/movimento\\\/2020\\\/06\\\/01\\\/um-jornal-a-favor-do-contra\\\/#primaryimage\",\"url\":\"https:\\\/\\\/renatodias.online\\\/movimento\\\/wp-content\\\/uploads\\\/2020\\\/06\\\/WhatsApp-Image-2020-06-01-at-15.13.18.jpeg\",\"contentUrl\":\"https:\\\/\\\/renatodias.online\\\/movimento\\\/wp-content\\\/uploads\\\/2020\\\/06\\\/WhatsApp-Image-2020-06-01-at-15.13.18.jpeg\",\"width\":780,\"height\":1040},{\"@type\":\"BreadcrumbList\",\"@id\":\"https:\\\/\\\/renatodias.online\\\/movimento\\\/2020\\\/06\\\/01\\\/um-jornal-a-favor-do-contra\\\/#breadcrumb\",\"itemListElement\":[{\"@type\":\"ListItem\",\"position\":1,\"name\":\"In\u00edcio\",\"item\":\"https:\\\/\\\/renatodias.online\\\/movimento\\\/\"},{\"@type\":\"ListItem\",\"position\":2,\"name\":\"Um jornal a favor do contra\"}]},{\"@type\":\"WebSite\",\"@id\":\"https:\\\/\\\/renatodias.online\\\/movimento\\\/#website\",\"url\":\"https:\\\/\\\/renatodias.online\\\/movimento\\\/\",\"name\":\"\",\"description\":\"\",\"publisher\":{\"@id\":\"https:\\\/\\\/renatodias.online\\\/movimento\\\/#\\\/schema\\\/person\\\/bbab28833b1725a20f4083f49f1fb2a9\"},\"potentialAction\":[{\"@type\":\"SearchAction\",\"target\":{\"@type\":\"EntryPoint\",\"urlTemplate\":\"https:\\\/\\\/renatodias.online\\\/movimento\\\/?s={search_term_string}\"},\"query-input\":{\"@type\":\"PropertyValueSpecification\",\"valueRequired\":true,\"valueName\":\"search_term_string\"}}],\"inLanguage\":\"pt-BR\"},{\"@type\":[\"Person\",\"Organization\"],\"@id\":\"https:\\\/\\\/renatodias.online\\\/movimento\\\/#\\\/schema\\\/person\\\/bbab28833b1725a20f4083f49f1fb2a9\",\"name\":\"Renato Dias\",\"image\":{\"@type\":\"ImageObject\",\"inLanguage\":\"pt-BR\",\"@id\":\"https:\\\/\\\/renatodias.online\\\/movimento\\\/wp-content\\\/uploads\\\/2023\\\/03\\\/cropped-cropped-cropped-logofinal.jpeg\",\"url\":\"https:\\\/\\\/renatodias.online\\\/movimento\\\/wp-content\\\/uploads\\\/2023\\\/03\\\/cropped-cropped-cropped-logofinal.jpeg\",\"contentUrl\":\"https:\\\/\\\/renatodias.online\\\/movimento\\\/wp-content\\\/uploads\\\/2023\\\/03\\\/cropped-cropped-cropped-logofinal.jpeg\",\"width\":1280,\"height\":219,\"caption\":\"Renato Dias\"},\"logo\":{\"@id\":\"https:\\\/\\\/renatodias.online\\\/movimento\\\/wp-content\\\/uploads\\\/2023\\\/03\\\/cropped-cropped-cropped-logofinal.jpeg\"},\"description\":\"Renato Dias, 58 anos, \u00e9 graduado em Jornalismo, formado em Ci\u00eancias Sociais, com p\u00f3s-gradua\u00e7\u00e3o em Pol\u00edticas P\u00fablicas, mestre em Direito e Rela\u00e7\u00f5es Internacionais, ex-aluno extraordin\u00e1rio do Doutorado em Psicologia Social, ex-estudante do Curso de Psican\u00e1lise do Centro de Estudos Psicanal\u00edticos do Estado de Goi\u00e1s, ministrado pelo m\u00e9dico psiquiatra e psicanalista Daniel Em\u00eddio de Souza. \u00c9 autor de 30 livros-reportagem, oito document\u00e1rios, ganhou 30 pr\u00eamios e \u00e9 torcedor apaixonado do maior do Centro-Oeste, o Vila Nova Futebol Clube. Casado com Meirilane Dias, \u00e9 pai de Juliana Dias, jornalista; Daniel Dias, economista; e Maria Rosa Dias, estudante antifascista, socialista e trotskista.\u00a0Com tr\u00eas pets: Porquinho [Bull Dog Franc\u00eas], Dalila [Basset Hound] e Geleia [Basset Hound]. Al\u00e9m do eterno gato Tutuquinho, que virou estrela.\",\"sameAs\":[\"https:\\\/\\\/www.facebook.com\\\/renato.dias.37\",\"#breve\",\"https:\\\/\\\/renatodias.tumblr.com\\\/\"],\"url\":\"https:\\\/\\\/renatodias.online\\\/movimento\\\/author\\\/renatodias\\\/\"}]}<\/script>\n<!-- \/ Yoast SEO plugin. -->","yoast_head_json":{"title":"Um jornal a favor do contra -","robots":{"index":"index","follow":"follow","max-snippet":"max-snippet:-1","max-image-preview":"max-image-preview:large","max-video-preview":"max-video-preview:-1"},"canonical":"https:\/\/renatodias.online\/movimento\/2020\/06\/01\/um-jornal-a-favor-do-contra\/","og_locale":"pt_BR","og_type":"article","og_title":"Um jornal a favor do contra -","og_description":"O Pasquim Um jornal a favor do contra Tarso de Castro, Paulo Francis, Mill\u00f4r Fernandes, Jaguar, Ziraldo, Henfil abusavam da irrever\u00eancia, cutucavam a ditadura civil e militar e sobreviveu exatos 22 anos [1969-1991] Renato Dias \u00danico. Singular. Irreverente. Abusado. Assim era \u2018O Pasquim\u2019. Seman\u00e1rio. Um tabloide lan\u00e7ado no Rio de Janeiro que chegou a obter","og_url":"https:\/\/renatodias.online\/movimento\/2020\/06\/01\/um-jornal-a-favor-do-contra\/","article_publisher":"https:\/\/www.facebook.com\/renato.dias.37","article_author":"https:\/\/www.facebook.com\/renato.dias.37","article_published_time":"2020-06-01T18:55:54+00:00","article_modified_time":"2020-06-01T19:14:49+00:00","og_image":[{"width":780,"height":1040,"url":"https:\/\/renatodias.online\/movimento\/wp-content\/uploads\/2020\/06\/WhatsApp-Image-2020-06-01-at-15.13.18.jpeg","type":"image\/jpeg"}],"author":"Renato Dias","twitter_card":"summary_large_image","twitter_creator":"@RenatoDiasBat","twitter_site":"@RenatoDiasBat","twitter_misc":{"Escrito por":"Renato Dias","Est. tempo de leitura":"3 minutos"},"schema":{"@context":"https:\/\/schema.org","@graph":[{"@type":"Article","@id":"https:\/\/renatodias.online\/movimento\/2020\/06\/01\/um-jornal-a-favor-do-contra\/#article","isPartOf":{"@id":"https:\/\/renatodias.online\/movimento\/2020\/06\/01\/um-jornal-a-favor-do-contra\/"},"author":{"name":"Renato Dias","@id":"https:\/\/renatodias.online\/movimento\/#\/schema\/person\/bbab28833b1725a20f4083f49f1fb2a9"},"headline":"Um jornal a favor do contra","datePublished":"2020-06-01T18:55:54+00:00","dateModified":"2020-06-01T19:14:49+00:00","mainEntityOfPage":{"@id":"https:\/\/renatodias.online\/movimento\/2020\/06\/01\/um-jornal-a-favor-do-contra\/"},"wordCount":673,"commentCount":0,"publisher":{"@id":"https:\/\/renatodias.online\/movimento\/#\/schema\/person\/bbab28833b1725a20f4083f49f1fb2a9"},"image":{"@id":"https:\/\/renatodias.online\/movimento\/2020\/06\/01\/um-jornal-a-favor-do-contra\/#primaryimage"},"thumbnailUrl":"https:\/\/renatodias.online\/movimento\/wp-content\/uploads\/2020\/06\/WhatsApp-Image-2020-06-01-at-15.13.18.jpeg","articleSection":["Arte","Cultura","Nacional"],"inLanguage":"pt-BR","potentialAction":[{"@type":"CommentAction","name":"Comment","target":["https:\/\/renatodias.online\/movimento\/2020\/06\/01\/um-jornal-a-favor-do-contra\/#respond"]}]},{"@type":"WebPage","@id":"https:\/\/renatodias.online\/movimento\/2020\/06\/01\/um-jornal-a-favor-do-contra\/","url":"https:\/\/renatodias.online\/movimento\/2020\/06\/01\/um-jornal-a-favor-do-contra\/","name":"Um jornal a favor do contra -","isPartOf":{"@id":"https:\/\/renatodias.online\/movimento\/#website"},"primaryImageOfPage":{"@id":"https:\/\/renatodias.online\/movimento\/2020\/06\/01\/um-jornal-a-favor-do-contra\/#primaryimage"},"image":{"@id":"https:\/\/renatodias.online\/movimento\/2020\/06\/01\/um-jornal-a-favor-do-contra\/#primaryimage"},"thumbnailUrl":"https:\/\/renatodias.online\/movimento\/wp-content\/uploads\/2020\/06\/WhatsApp-Image-2020-06-01-at-15.13.18.jpeg","datePublished":"2020-06-01T18:55:54+00:00","dateModified":"2020-06-01T19:14:49+00:00","breadcrumb":{"@id":"https:\/\/renatodias.online\/movimento\/2020\/06\/01\/um-jornal-a-favor-do-contra\/#breadcrumb"},"inLanguage":"pt-BR","potentialAction":[{"@type":"ReadAction","target":["https:\/\/renatodias.online\/movimento\/2020\/06\/01\/um-jornal-a-favor-do-contra\/"]}]},{"@type":"ImageObject","inLanguage":"pt-BR","@id":"https:\/\/renatodias.online\/movimento\/2020\/06\/01\/um-jornal-a-favor-do-contra\/#primaryimage","url":"https:\/\/renatodias.online\/movimento\/wp-content\/uploads\/2020\/06\/WhatsApp-Image-2020-06-01-at-15.13.18.jpeg","contentUrl":"https:\/\/renatodias.online\/movimento\/wp-content\/uploads\/2020\/06\/WhatsApp-Image-2020-06-01-at-15.13.18.jpeg","width":780,"height":1040},{"@type":"BreadcrumbList","@id":"https:\/\/renatodias.online\/movimento\/2020\/06\/01\/um-jornal-a-favor-do-contra\/#breadcrumb","itemListElement":[{"@type":"ListItem","position":1,"name":"In\u00edcio","item":"https:\/\/renatodias.online\/movimento\/"},{"@type":"ListItem","position":2,"name":"Um jornal a favor do contra"}]},{"@type":"WebSite","@id":"https:\/\/renatodias.online\/movimento\/#website","url":"https:\/\/renatodias.online\/movimento\/","name":"","description":"","publisher":{"@id":"https:\/\/renatodias.online\/movimento\/#\/schema\/person\/bbab28833b1725a20f4083f49f1fb2a9"},"potentialAction":[{"@type":"SearchAction","target":{"@type":"EntryPoint","urlTemplate":"https:\/\/renatodias.online\/movimento\/?s={search_term_string}"},"query-input":{"@type":"PropertyValueSpecification","valueRequired":true,"valueName":"search_term_string"}}],"inLanguage":"pt-BR"},{"@type":["Person","Organization"],"@id":"https:\/\/renatodias.online\/movimento\/#\/schema\/person\/bbab28833b1725a20f4083f49f1fb2a9","name":"Renato Dias","image":{"@type":"ImageObject","inLanguage":"pt-BR","@id":"https:\/\/renatodias.online\/movimento\/wp-content\/uploads\/2023\/03\/cropped-cropped-cropped-logofinal.jpeg","url":"https:\/\/renatodias.online\/movimento\/wp-content\/uploads\/2023\/03\/cropped-cropped-cropped-logofinal.jpeg","contentUrl":"https:\/\/renatodias.online\/movimento\/wp-content\/uploads\/2023\/03\/cropped-cropped-cropped-logofinal.jpeg","width":1280,"height":219,"caption":"Renato Dias"},"logo":{"@id":"https:\/\/renatodias.online\/movimento\/wp-content\/uploads\/2023\/03\/cropped-cropped-cropped-logofinal.jpeg"},"description":"Renato Dias, 58 anos, \u00e9 graduado em Jornalismo, formado em Ci\u00eancias Sociais, com p\u00f3s-gradua\u00e7\u00e3o em Pol\u00edticas P\u00fablicas, mestre em Direito e Rela\u00e7\u00f5es Internacionais, ex-aluno extraordin\u00e1rio do Doutorado em Psicologia Social, ex-estudante do Curso de Psican\u00e1lise do Centro de Estudos Psicanal\u00edticos do Estado de Goi\u00e1s, ministrado pelo m\u00e9dico psiquiatra e psicanalista Daniel Em\u00eddio de Souza. \u00c9 autor de 30 livros-reportagem, oito document\u00e1rios, ganhou 30 pr\u00eamios e \u00e9 torcedor apaixonado do maior do Centro-Oeste, o Vila Nova Futebol Clube. Casado com Meirilane Dias, \u00e9 pai de Juliana Dias, jornalista; Daniel Dias, economista; e Maria Rosa Dias, estudante antifascista, socialista e trotskista.\u00a0Com tr\u00eas pets: Porquinho [Bull Dog Franc\u00eas], Dalila [Basset Hound] e Geleia [Basset Hound]. Al\u00e9m do eterno gato Tutuquinho, que virou estrela.","sameAs":["https:\/\/www.facebook.com\/renato.dias.37","#breve","https:\/\/renatodias.tumblr.com\/"],"url":"https:\/\/renatodias.online\/movimento\/author\/renatodias\/"}]}},"_links":{"self":[{"href":"https:\/\/renatodias.online\/movimento\/wp-json\/wp\/v2\/posts\/3785","targetHints":{"allow":["GET"]}}],"collection":[{"href":"https:\/\/renatodias.online\/movimento\/wp-json\/wp\/v2\/posts"}],"about":[{"href":"https:\/\/renatodias.online\/movimento\/wp-json\/wp\/v2\/types\/post"}],"author":[{"embeddable":true,"href":"https:\/\/renatodias.online\/movimento\/wp-json\/wp\/v2\/users\/2"}],"replies":[{"embeddable":true,"href":"https:\/\/renatodias.online\/movimento\/wp-json\/wp\/v2\/comments?post=3785"}],"version-history":[{"count":5,"href":"https:\/\/renatodias.online\/movimento\/wp-json\/wp\/v2\/posts\/3785\/revisions"}],"predecessor-version":[{"id":3805,"href":"https:\/\/renatodias.online\/movimento\/wp-json\/wp\/v2\/posts\/3785\/revisions\/3805"}],"wp:featuredmedia":[{"embeddable":true,"href":"https:\/\/renatodias.online\/movimento\/wp-json\/wp\/v2\/media\/3796"}],"wp:attachment":[{"href":"https:\/\/renatodias.online\/movimento\/wp-json\/wp\/v2\/media?parent=3785"}],"wp:term":[{"taxonomy":"category","embeddable":true,"href":"https:\/\/renatodias.online\/movimento\/wp-json\/wp\/v2\/categories?post=3785"},{"taxonomy":"post_tag","embeddable":true,"href":"https:\/\/renatodias.online\/movimento\/wp-json\/wp\/v2\/tags?post=3785"}],"curies":[{"name":"wp","href":"https:\/\/api.w.org\/{rel}","templated":true}]}}