{"id":3703,"date":"2020-05-26T21:11:07","date_gmt":"2020-05-27T00:11:07","guid":{"rendered":"https:\/\/renatodias.online\/movimento\/?p=3703"},"modified":"2020-05-26T21:32:50","modified_gmt":"2020-05-27T00:32:50","slug":"horizonte-do-pl-e-faixa-propria","status":"publish","type":"post","link":"https:\/\/renatodias.online\/movimento\/2020\/05\/26\/horizonte-do-pl-e-faixa-propria\/","title":{"rendered":"\u2018Horizonte do PL \u00e9 faixa pr\u00f3pria\u2019"},"content":{"rendered":"<p><span style=\"color: #ff0000;\"><strong>Elei\u00e7\u00f5es de 2020<\/strong><\/span><\/p>\n<h1><strong>\u2018<\/strong><strong>Horizonte do PL \u00e9 faixa pr\u00f3pria<\/strong><strong>\u2019<\/strong><\/h1>\n<p><strong>Cristina Lopes quer m\u00faltiplos modais de transportes, cooperativas de catadores, limites \u00e0 expans\u00e3o urbana, conservar a arboriza\u00e7\u00e3o e investir em saneamento b\u00e1sico na metr\u00f3pole<\/strong><\/p>\n<p>&nbsp;<\/p>\n<blockquote><p><strong>O cen\u00e1rio \u00e9 incerto<\/strong><\/p><\/blockquote>\n<p><strong>Cristina Lope<\/strong><\/p>\n<blockquote><p><strong>\u00a0<\/strong><strong>A crise \u00e9 sem precedentes<\/strong><\/p><\/blockquote>\n<p style=\"text-align: left;\"><strong>Cristina Lopes<\/strong><\/p>\n<blockquote><p><strong>\u00a0<\/strong><strong>\u00c9 urgente a transpar\u00eancia nos n\u00fameros<\/strong><\/p><\/blockquote>\n<p><strong>Cristina Lopes<\/strong><\/p>\n<blockquote><p><strong>\u00a0<\/strong><strong>M\u00faltiplos modais de transportes<\/strong><\/p><\/blockquote>\n<p><strong>Cristina Lopes<\/strong><\/p>\n<p><strong>\u00a0<\/strong><\/p>\n<p><strong>Leia a \u00edntegra da entrevista:<\/strong><\/p>\n<p><strong>\u00a0<\/strong><\/p>\n<p><strong>Renato Dias<\/strong><\/p>\n<p>A multiplica\u00e7\u00e3o de modais de transportes, a cria\u00e7\u00e3o de cooperativas de trabalhadores, para ampliar a gera\u00e7\u00e3o de emprego, trabalho e renda, para os catadores de papel e lixo, por exemplo, assim como estabelecer limites r\u00edgidos, concretos, na lei, para a expans\u00e3o urbana. \u00c9 o que prop\u00f5e, hoje, a vereadora <strong>Cristina Lopes<\/strong>. A pr\u00e9-candidata do PL, o Partido Liberal, ao Pa\u00e7o Municipal. Leia-se: Prefeitura Municipal de Goi\u00e2nia. Cidade fundada em 1933. Por Pedro Ludovico Teixeira. Com base na Art D\u00e9co. Mulher, fisioterapeuta, feminista, defensora radical dos direitos humanos, em uma luta cotidiana visceral contra o racismo, a homofobia, a mis\u00e9ria social e o crescimento desordenado, n\u00e3o planejado, da capital, hoje com 1,5 milh\u00e3o de habi\u00adtan\u00adtes. Sob a Pandemia do Coronav\u00edrus Covid 19, em franca expans\u00e3o, com efeitos na econo\u00admia local, com o crescimento do desemprego e a escalada conservadora. Tempos Sombrios.<\/p>\n<figure id=\"attachment_3706\" aria-describedby=\"caption-attachment-3706\" style=\"width: 600px\" class=\"wp-caption alignnone\"><img loading=\"lazy\" decoding=\"async\" class=\"wp-image-3706\" src=\"https:\/\/renatodias.online\/movimento\/wp-content\/uploads\/2020\/05\/Cristina-Lopes-3.jpg\" alt=\"Cristina Lopes\" width=\"600\" height=\"400\" srcset=\"https:\/\/renatodias.online\/movimento\/wp-content\/uploads\/2020\/05\/Cristina-Lopes-3.jpg 1200w, https:\/\/renatodias.online\/movimento\/wp-content\/uploads\/2020\/05\/Cristina-Lopes-3-300x200.jpg 300w, https:\/\/renatodias.online\/movimento\/wp-content\/uploads\/2020\/05\/Cristina-Lopes-3-768x512.jpg 768w, https:\/\/renatodias.online\/movimento\/wp-content\/uploads\/2020\/05\/Cristina-Lopes-3-1024x683.jpg 1024w, https:\/\/renatodias.online\/movimento\/wp-content\/uploads\/2020\/05\/Cristina-Lopes-3-360x240.jpg 360w, https:\/\/renatodias.online\/movimento\/wp-content\/uploads\/2020\/05\/Cristina-Lopes-3-750x500.jpg 750w\" sizes=\"auto, (max-width: 600px) 100vw, 600px\" \/><figcaption id=\"caption-attachment-3706\" class=\"wp-caption-text\">Cristina Lopes<\/figcaption><\/figure>\n<p><strong>O PL sai em faixa pr\u00f3pria nas elei\u00e7\u00f5es de 2020, em Goi\u00e2nia?<\/strong><\/p>\n<p><strong>Cristina Lopes _<\/strong> Sim, \u00a0temos trabalhado com esse horizonte. Conseguimos formar uma chapa de pr\u00e9-candidatos a vereador plural, com nomes fortes e propostas s\u00f3lidas. O PL \u00e9 um partido que quer maior participa\u00e7\u00e3o no debate, fortalecer chapas e pessoas com compromisso s\u00e9rio com a pol\u00edtica.<\/p>\n<p><strong>Qual a sua plataforma pol\u00edtica e eleitoral?<\/strong><\/p>\n<p><strong>Cristina Lopes _<\/strong>A nossa plataforma gira em torno de uma cidade para as pessoas, com desenvolvimento nas suas distintas dimens\u00f5es: pol\u00edtica, econ\u00f4mica, social, ambiental e cultural. Todas essas frentes importam quando queremos, de fato, uma cidade justa e acess\u00edvel \u00e0 todas as pessoas.<\/p>\n<figure id=\"attachment_3707\" aria-describedby=\"caption-attachment-3707\" style=\"width: 512px\" class=\"wp-caption alignnone\"><img loading=\"lazy\" decoding=\"async\" class=\"wp-image-3707 size-full\" src=\"https:\/\/renatodias.online\/movimento\/wp-content\/uploads\/2020\/05\/Cristina-Lopes-4.jpg\" alt=\"Cristina Lopes\" width=\"512\" height=\"341\" \/><figcaption id=\"caption-attachment-3707\" class=\"wp-caption-text\">Cristina Lopes<\/figcaption><\/figure>\n<p><strong>Alian\u00e7as? \u00c9 poss\u00edvel ampliar o leque de aliados?<\/strong><\/p>\n<p><strong>Cristina Lopes _ <\/strong>\u00c9 sempre poss\u00edvel fazer alian\u00e7as pol\u00edticas, desde que a \u00e9tica e a responsabilidade sejam o norte. Aprendi que a pol\u00edtica n\u00e3o \u00e9 a defesa apenas dos meus, pois vivemos em uma sociedade complexa e que exige o di\u00e1logo com os diferentes. Fazer pol\u00edtica \u00e9 alcan\u00e7ar as melhores sa\u00eddas. Para todos.<\/p>\n<p><strong>Bolsa das cota\u00e7\u00f5es: nomes para vice?<\/strong><\/p>\n<p><strong>Cristina Lopes _ <\/strong>Ainda \u00e9 cedo para falar em vice, pois o cen\u00e1rio ainda \u00e9 muito incerto. A crise do coronav\u00edrus est\u00e1 trazendo mudan\u00e7as na maneira de se organizar uma campanha. Tudo ainda \u00e9 uma novidade. Nossa preocupa\u00e7\u00e3o, por enquanto, \u00e9 em construir um projeto s\u00f3lido, com uma base de apoio que nos d\u00ea condi\u00e7\u00f5es de debater Goi\u00e2nia e propor solu\u00e7\u00f5es vi\u00e1veis para os problemas que afligem a capital.<\/p>\n<p><strong>Mudan\u00e7a na data das elei\u00e7\u00f5es para novembro: obje\u00e7\u00f5es ou n\u00e3o?<\/strong><\/p>\n<p><strong>Cristina Lopes _ <\/strong>Acredito que esse debate deve ser feito com responsabilidade, levantando todos os pontos importantes. N\u00e3o podemos apenas mudar o calend\u00e1rio ou manter, \u00e9 preciso um consenso dos atores sociais e pol\u00edticos do que \u00e9 melhor para o pa\u00eds. Estamos no meio de uma crise sem precedentes e uma elei\u00e7\u00e3o nesse momento precisa ser tratada com bastante luz.<\/p>\n<p><strong>Qual o programa para enfrentar a Pandemia do Coronav\u00edrus Covid-19?<\/strong><\/p>\n<p><strong>Cristina Lopes _ <\/strong>A Prefeitura de Goi\u00e2nia errou bastante, mais uma vez, com esse tema. As primeiras notifica\u00e7\u00f5es demoraram a ocorrer por aqui, e j\u00e1 t\u00ednhamos exemplos no mundo do que deveria ter sido feito. A princ\u00edpio, uma equipe especializada para treinar todos os profissionais com procedimentos b\u00e1sicos de como colocar e retirar EPIs. Depois, a pr\u00f3pria compra e distribui\u00e7\u00e3o de equipamentos adequados, diferentes das m\u00e1scaras que est\u00e3o sendo entregues e que causam, no m\u00ednimo, alergia nos servidores. A gest\u00e3o da sa\u00fade no munic\u00edpio, h\u00e1 muito tem demonstrado ser ineficiente e despreparada. Hoje, precisamos de um plano mais coeso, com regras claras. Al\u00e9m de transpar\u00eancia nos n\u00fameros, pois as pessoas n\u00e3o sabem muito bem qual \u00e9 o nosso cen\u00e1rio.<\/p>\n<figure id=\"attachment_3705\" aria-describedby=\"caption-attachment-3705\" style=\"width: 228px\" class=\"wp-caption alignnone\"><img loading=\"lazy\" decoding=\"async\" class=\"wp-image-3705 size-full\" src=\"https:\/\/renatodias.online\/movimento\/wp-content\/uploads\/2020\/05\/Cristina-Lopes-2.jpg\" alt=\"Cristina Lopes\" width=\"228\" height=\"312\" srcset=\"https:\/\/renatodias.online\/movimento\/wp-content\/uploads\/2020\/05\/Cristina-Lopes-2.jpg 228w, https:\/\/renatodias.online\/movimento\/wp-content\/uploads\/2020\/05\/Cristina-Lopes-2-219x300.jpg 219w\" sizes=\"auto, (max-width: 228px) 100vw, 228px\" \/><figcaption id=\"caption-attachment-3705\" class=\"wp-caption-text\">Cristina Lopes<\/figcaption><\/figure>\n<p><strong>Mobilidade urbana: o que fazer?<\/strong><\/p>\n<p><strong>Cristina Lopes _ \u00c9<\/strong> preciso fortalecer uma gest\u00e3o metropolitana em que os munic\u00edpios aumentem sua participa\u00e7\u00e3o econ\u00f4mica no transporte. Goi\u00e2nia n\u00e3o tem conseguido disputar melhorias no transporte p\u00fablico e essa incapacidade \u00e9 pela maneira como o desenho atual est\u00e1 configurado. Temos bons exemplos de contratos e desenhos pelo Brasil e precisamos ponderar qual a melhor solu\u00e7\u00e3o. Niter\u00f3i, por exemplo, tem um sistema que agrada bastante a popula\u00e7\u00e3o e t\u00eam verdadeiros BRTs. Goi\u00e2nia necessita criar modelos alternativos e complementares. Hoje, as boas experi\u00eancias no mundo s\u00e3o de cidades que apostaram em m\u00faltiplos modais de transporte. N\u00e3o podemos mais ficar atrasados.<\/p>\n<p><strong>Como construir uma cidade sustent\u00e1vel?<\/strong><\/p>\n<p><strong>Cristina Lopes _ <\/strong>Esse n\u00e3o \u00e9 um tema f\u00e1cil, mas \u00e9 extremamente necess\u00e1rio. Nos \u00faltimos anos Goi\u00e2nia perdeu muito sua qualidade ambiental. A expans\u00e3o urbana, a impermeabilidade do solo, o rebaixamento dos len\u00e7\u00f3is fre\u00e1ticos e a n\u00e3o conserva\u00e7\u00e3o da arboriza\u00e7\u00e3o causaram uma mudan\u00e7a significativa na nossa qualidade de vida. A Prefeitura de Goi\u00e2nia, infelizmente, continuou errando nesse \u00faltimo mandato, com obras que, visivelmente, n\u00e3o respeitam as quest\u00f5es ambientais. Precisamos fortalecer cooperativas de catadores, investir em saneamento b\u00e1sico, criar uma pol\u00edtica de mudan\u00e7a social, com valoriza\u00e7\u00e3o de pr\u00e1ticas mais conscientes. Esse trabalho \u00e9 urgente!<\/p>\n<figure id=\"attachment_3708\" aria-describedby=\"caption-attachment-3708\" style=\"width: 1024px\" class=\"wp-caption aligncenter\"><img loading=\"lazy\" decoding=\"async\" class=\"wp-image-3708 size-full\" src=\"https:\/\/renatodias.online\/movimento\/wp-content\/uploads\/2020\/05\/Goi\u00e2nia-5.jpg\" alt=\"Goi\u00e2nia\" width=\"1024\" height=\"681\" \/><figcaption id=\"caption-attachment-3708\" class=\"wp-caption-text\">Goi\u00e2nia<\/figcaption><\/figure>\n","protected":false},"excerpt":{"rendered":"<p>Elei\u00e7\u00f5es de 2020 \u2018Horizonte do PL \u00e9 faixa pr\u00f3pria\u2019 Cristina Lopes quer m\u00faltiplos modais de transportes, cooperativas de catadores, limites \u00e0 expans\u00e3o urbana, conservar a arboriza\u00e7\u00e3o e investir em saneamento b\u00e1sico na metr\u00f3pole &nbsp; O cen\u00e1rio \u00e9 incerto Cristina Lope \u00a0A crise \u00e9 sem precedentes Cristina Lopes \u00a0\u00c9 urgente a transpar\u00eancia nos n\u00fameros Cristina Lopes<\/p>\n","protected":false},"author":2,"featured_media":3704,"comment_status":"open","ping_status":"open","sticky":false,"template":"","format":"standard","meta":{"_acf_changed":false,"_monsterinsights_skip_tracking":false,"_monsterinsights_sitenote_active":false,"_monsterinsights_sitenote_note":"","_monsterinsights_sitenote_category":0,"footnotes":""},"categories":[9,57,4],"tags":[],"class_list":["post-3703","post","type-post","status-publish","format-standard","has-post-thumbnail","hentry","category-cidade","category-entrevista","category-politica"],"acf":[],"yoast_head":"<!-- This site is optimized with the Yoast SEO plugin v27.4 - https:\/\/yoast.com\/product\/yoast-seo-wordpress\/ -->\n<title>\u2018Horizonte do PL \u00e9 faixa pr\u00f3pria\u2019 -<\/title>\n<meta name=\"robots\" content=\"index, follow, max-snippet:-1, max-image-preview:large, max-video-preview:-1\" \/>\n<link rel=\"canonical\" href=\"https:\/\/renatodias.online\/movimento\/2020\/05\/26\/horizonte-do-pl-e-faixa-propria\/\" \/>\n<meta property=\"og:locale\" content=\"pt_BR\" \/>\n<meta property=\"og:type\" content=\"article\" \/>\n<meta property=\"og:title\" content=\"\u2018Horizonte do PL \u00e9 faixa pr\u00f3pria\u2019 -\" \/>\n<meta property=\"og:description\" content=\"Elei\u00e7\u00f5es de 2020 \u2018Horizonte do PL \u00e9 faixa pr\u00f3pria\u2019 Cristina Lopes quer m\u00faltiplos modais de transportes, cooperativas de catadores, limites \u00e0 expans\u00e3o urbana, conservar a arboriza\u00e7\u00e3o e investir em saneamento b\u00e1sico na metr\u00f3pole &nbsp; O cen\u00e1rio \u00e9 incerto Cristina Lope \u00a0A crise \u00e9 sem precedentes Cristina Lopes \u00a0\u00c9 urgente a transpar\u00eancia nos n\u00fameros Cristina Lopes\" \/>\n<meta property=\"og:url\" content=\"https:\/\/renatodias.online\/movimento\/2020\/05\/26\/horizonte-do-pl-e-faixa-propria\/\" \/>\n<meta property=\"article:publisher\" content=\"https:\/\/www.facebook.com\/renato.dias.37\" \/>\n<meta property=\"article:author\" content=\"https:\/\/www.facebook.com\/renato.dias.37\" \/>\n<meta property=\"article:published_time\" content=\"2020-05-27T00:11:07+00:00\" \/>\n<meta property=\"article:modified_time\" content=\"2020-05-27T00:32:50+00:00\" \/>\n<meta property=\"og:image\" content=\"https:\/\/renatodias.online\/movimento\/wp-content\/uploads\/2020\/05\/Cristina-Lopes-1.jpg\" \/>\n\t<meta property=\"og:image:width\" content=\"512\" \/>\n\t<meta property=\"og:image:height\" content=\"341\" \/>\n\t<meta property=\"og:image:type\" content=\"image\/jpeg\" \/>\n<meta name=\"author\" content=\"Renato Dias\" \/>\n<meta name=\"twitter:card\" content=\"summary_large_image\" \/>\n<meta name=\"twitter:creator\" content=\"@RenatoDiasBat\" \/>\n<meta name=\"twitter:site\" content=\"@RenatoDiasBat\" \/>\n<meta name=\"twitter:label1\" content=\"Escrito por\" \/>\n\t<meta name=\"twitter:data1\" content=\"Renato Dias\" \/>\n\t<meta name=\"twitter:label2\" content=\"Est. tempo de leitura\" \/>\n\t<meta name=\"twitter:data2\" content=\"5 minutos\" \/>\n<script type=\"application\/ld+json\" class=\"yoast-schema-graph\">{\"@context\":\"https:\\\/\\\/schema.org\",\"@graph\":[{\"@type\":\"Article\",\"@id\":\"https:\\\/\\\/renatodias.online\\\/movimento\\\/2020\\\/05\\\/26\\\/horizonte-do-pl-e-faixa-propria\\\/#article\",\"isPartOf\":{\"@id\":\"https:\\\/\\\/renatodias.online\\\/movimento\\\/2020\\\/05\\\/26\\\/horizonte-do-pl-e-faixa-propria\\\/\"},\"author\":{\"name\":\"Renato Dias\",\"@id\":\"https:\\\/\\\/renatodias.online\\\/movimento\\\/#\\\/schema\\\/person\\\/bbab28833b1725a20f4083f49f1fb2a9\"},\"headline\":\"\u2018Horizonte do PL \u00e9 faixa pr\u00f3pria\u2019\",\"datePublished\":\"2020-05-27T00:11:07+00:00\",\"dateModified\":\"2020-05-27T00:32:50+00:00\",\"mainEntityOfPage\":{\"@id\":\"https:\\\/\\\/renatodias.online\\\/movimento\\\/2020\\\/05\\\/26\\\/horizonte-do-pl-e-faixa-propria\\\/\"},\"wordCount\":985,\"commentCount\":0,\"publisher\":{\"@id\":\"https:\\\/\\\/renatodias.online\\\/movimento\\\/#\\\/schema\\\/person\\\/bbab28833b1725a20f4083f49f1fb2a9\"},\"image\":{\"@id\":\"https:\\\/\\\/renatodias.online\\\/movimento\\\/2020\\\/05\\\/26\\\/horizonte-do-pl-e-faixa-propria\\\/#primaryimage\"},\"thumbnailUrl\":\"https:\\\/\\\/renatodias.online\\\/movimento\\\/wp-content\\\/uploads\\\/2020\\\/05\\\/Cristina-Lopes-1.jpg\",\"articleSection\":[\"Cidade\",\"Entrevista\",\"Pol\u00edtica\"],\"inLanguage\":\"pt-BR\",\"potentialAction\":[{\"@type\":\"CommentAction\",\"name\":\"Comment\",\"target\":[\"https:\\\/\\\/renatodias.online\\\/movimento\\\/2020\\\/05\\\/26\\\/horizonte-do-pl-e-faixa-propria\\\/#respond\"]}]},{\"@type\":\"WebPage\",\"@id\":\"https:\\\/\\\/renatodias.online\\\/movimento\\\/2020\\\/05\\\/26\\\/horizonte-do-pl-e-faixa-propria\\\/\",\"url\":\"https:\\\/\\\/renatodias.online\\\/movimento\\\/2020\\\/05\\\/26\\\/horizonte-do-pl-e-faixa-propria\\\/\",\"name\":\"\u2018Horizonte do PL \u00e9 faixa pr\u00f3pria\u2019 -\",\"isPartOf\":{\"@id\":\"https:\\\/\\\/renatodias.online\\\/movimento\\\/#website\"},\"primaryImageOfPage\":{\"@id\":\"https:\\\/\\\/renatodias.online\\\/movimento\\\/2020\\\/05\\\/26\\\/horizonte-do-pl-e-faixa-propria\\\/#primaryimage\"},\"image\":{\"@id\":\"https:\\\/\\\/renatodias.online\\\/movimento\\\/2020\\\/05\\\/26\\\/horizonte-do-pl-e-faixa-propria\\\/#primaryimage\"},\"thumbnailUrl\":\"https:\\\/\\\/renatodias.online\\\/movimento\\\/wp-content\\\/uploads\\\/2020\\\/05\\\/Cristina-Lopes-1.jpg\",\"datePublished\":\"2020-05-27T00:11:07+00:00\",\"dateModified\":\"2020-05-27T00:32:50+00:00\",\"breadcrumb\":{\"@id\":\"https:\\\/\\\/renatodias.online\\\/movimento\\\/2020\\\/05\\\/26\\\/horizonte-do-pl-e-faixa-propria\\\/#breadcrumb\"},\"inLanguage\":\"pt-BR\",\"potentialAction\":[{\"@type\":\"ReadAction\",\"target\":[\"https:\\\/\\\/renatodias.online\\\/movimento\\\/2020\\\/05\\\/26\\\/horizonte-do-pl-e-faixa-propria\\\/\"]}]},{\"@type\":\"ImageObject\",\"inLanguage\":\"pt-BR\",\"@id\":\"https:\\\/\\\/renatodias.online\\\/movimento\\\/2020\\\/05\\\/26\\\/horizonte-do-pl-e-faixa-propria\\\/#primaryimage\",\"url\":\"https:\\\/\\\/renatodias.online\\\/movimento\\\/wp-content\\\/uploads\\\/2020\\\/05\\\/Cristina-Lopes-1.jpg\",\"contentUrl\":\"https:\\\/\\\/renatodias.online\\\/movimento\\\/wp-content\\\/uploads\\\/2020\\\/05\\\/Cristina-Lopes-1.jpg\",\"width\":512,\"height\":341,\"caption\":\"Cristina Lopes\"},{\"@type\":\"BreadcrumbList\",\"@id\":\"https:\\\/\\\/renatodias.online\\\/movimento\\\/2020\\\/05\\\/26\\\/horizonte-do-pl-e-faixa-propria\\\/#breadcrumb\",\"itemListElement\":[{\"@type\":\"ListItem\",\"position\":1,\"name\":\"In\u00edcio\",\"item\":\"https:\\\/\\\/renatodias.online\\\/movimento\\\/\"},{\"@type\":\"ListItem\",\"position\":2,\"name\":\"\u2018Horizonte do PL \u00e9 faixa pr\u00f3pria\u2019\"}]},{\"@type\":\"WebSite\",\"@id\":\"https:\\\/\\\/renatodias.online\\\/movimento\\\/#website\",\"url\":\"https:\\\/\\\/renatodias.online\\\/movimento\\\/\",\"name\":\"\",\"description\":\"\",\"publisher\":{\"@id\":\"https:\\\/\\\/renatodias.online\\\/movimento\\\/#\\\/schema\\\/person\\\/bbab28833b1725a20f4083f49f1fb2a9\"},\"potentialAction\":[{\"@type\":\"SearchAction\",\"target\":{\"@type\":\"EntryPoint\",\"urlTemplate\":\"https:\\\/\\\/renatodias.online\\\/movimento\\\/?s={search_term_string}\"},\"query-input\":{\"@type\":\"PropertyValueSpecification\",\"valueRequired\":true,\"valueName\":\"search_term_string\"}}],\"inLanguage\":\"pt-BR\"},{\"@type\":[\"Person\",\"Organization\"],\"@id\":\"https:\\\/\\\/renatodias.online\\\/movimento\\\/#\\\/schema\\\/person\\\/bbab28833b1725a20f4083f49f1fb2a9\",\"name\":\"Renato Dias\",\"image\":{\"@type\":\"ImageObject\",\"inLanguage\":\"pt-BR\",\"@id\":\"https:\\\/\\\/renatodias.online\\\/movimento\\\/wp-content\\\/uploads\\\/2023\\\/03\\\/cropped-cropped-cropped-logofinal.jpeg\",\"url\":\"https:\\\/\\\/renatodias.online\\\/movimento\\\/wp-content\\\/uploads\\\/2023\\\/03\\\/cropped-cropped-cropped-logofinal.jpeg\",\"contentUrl\":\"https:\\\/\\\/renatodias.online\\\/movimento\\\/wp-content\\\/uploads\\\/2023\\\/03\\\/cropped-cropped-cropped-logofinal.jpeg\",\"width\":1280,\"height\":219,\"caption\":\"Renato Dias\"},\"logo\":{\"@id\":\"https:\\\/\\\/renatodias.online\\\/movimento\\\/wp-content\\\/uploads\\\/2023\\\/03\\\/cropped-cropped-cropped-logofinal.jpeg\"},\"description\":\"Renato Dias, 58 anos, \u00e9 graduado em Jornalismo, formado em Ci\u00eancias Sociais, com p\u00f3s-gradua\u00e7\u00e3o em Pol\u00edticas P\u00fablicas, mestre em Direito e Rela\u00e7\u00f5es Internacionais, ex-aluno extraordin\u00e1rio do Doutorado em Psicologia Social, ex-estudante do Curso de Psican\u00e1lise do Centro de Estudos Psicanal\u00edticos do Estado de Goi\u00e1s, ministrado pelo m\u00e9dico psiquiatra e psicanalista Daniel Em\u00eddio de Souza. \u00c9 autor de 30 livros-reportagem, oito document\u00e1rios, ganhou 30 pr\u00eamios e \u00e9 torcedor apaixonado do maior do Centro-Oeste, o Vila Nova Futebol Clube. Casado com Meirilane Dias, \u00e9 pai de Juliana Dias, jornalista; Daniel Dias, economista; e Maria Rosa Dias, estudante antifascista, socialista e trotskista.\u00a0Com tr\u00eas pets: Porquinho [Bull Dog Franc\u00eas], Dalila [Basset Hound] e Geleia [Basset Hound]. Al\u00e9m do eterno gato Tutuquinho, que virou estrela.\",\"sameAs\":[\"https:\\\/\\\/www.facebook.com\\\/renato.dias.37\",\"#breve\",\"https:\\\/\\\/renatodias.tumblr.com\\\/\"],\"url\":\"https:\\\/\\\/renatodias.online\\\/movimento\\\/author\\\/renatodias\\\/\"}]}<\/script>\n<!-- \/ Yoast SEO plugin. -->","yoast_head_json":{"title":"\u2018Horizonte do PL \u00e9 faixa pr\u00f3pria\u2019 -","robots":{"index":"index","follow":"follow","max-snippet":"max-snippet:-1","max-image-preview":"max-image-preview:large","max-video-preview":"max-video-preview:-1"},"canonical":"https:\/\/renatodias.online\/movimento\/2020\/05\/26\/horizonte-do-pl-e-faixa-propria\/","og_locale":"pt_BR","og_type":"article","og_title":"\u2018Horizonte do PL \u00e9 faixa pr\u00f3pria\u2019 -","og_description":"Elei\u00e7\u00f5es de 2020 \u2018Horizonte do PL \u00e9 faixa pr\u00f3pria\u2019 Cristina Lopes quer m\u00faltiplos modais de transportes, cooperativas de catadores, limites \u00e0 expans\u00e3o urbana, conservar a arboriza\u00e7\u00e3o e investir em saneamento b\u00e1sico na metr\u00f3pole &nbsp; O cen\u00e1rio \u00e9 incerto Cristina Lope \u00a0A crise \u00e9 sem precedentes Cristina Lopes \u00a0\u00c9 urgente a transpar\u00eancia nos n\u00fameros Cristina Lopes","og_url":"https:\/\/renatodias.online\/movimento\/2020\/05\/26\/horizonte-do-pl-e-faixa-propria\/","article_publisher":"https:\/\/www.facebook.com\/renato.dias.37","article_author":"https:\/\/www.facebook.com\/renato.dias.37","article_published_time":"2020-05-27T00:11:07+00:00","article_modified_time":"2020-05-27T00:32:50+00:00","og_image":[{"width":512,"height":341,"url":"https:\/\/renatodias.online\/movimento\/wp-content\/uploads\/2020\/05\/Cristina-Lopes-1.jpg","type":"image\/jpeg"}],"author":"Renato Dias","twitter_card":"summary_large_image","twitter_creator":"@RenatoDiasBat","twitter_site":"@RenatoDiasBat","twitter_misc":{"Escrito por":"Renato Dias","Est. tempo de leitura":"5 minutos"},"schema":{"@context":"https:\/\/schema.org","@graph":[{"@type":"Article","@id":"https:\/\/renatodias.online\/movimento\/2020\/05\/26\/horizonte-do-pl-e-faixa-propria\/#article","isPartOf":{"@id":"https:\/\/renatodias.online\/movimento\/2020\/05\/26\/horizonte-do-pl-e-faixa-propria\/"},"author":{"name":"Renato Dias","@id":"https:\/\/renatodias.online\/movimento\/#\/schema\/person\/bbab28833b1725a20f4083f49f1fb2a9"},"headline":"\u2018Horizonte do PL \u00e9 faixa pr\u00f3pria\u2019","datePublished":"2020-05-27T00:11:07+00:00","dateModified":"2020-05-27T00:32:50+00:00","mainEntityOfPage":{"@id":"https:\/\/renatodias.online\/movimento\/2020\/05\/26\/horizonte-do-pl-e-faixa-propria\/"},"wordCount":985,"commentCount":0,"publisher":{"@id":"https:\/\/renatodias.online\/movimento\/#\/schema\/person\/bbab28833b1725a20f4083f49f1fb2a9"},"image":{"@id":"https:\/\/renatodias.online\/movimento\/2020\/05\/26\/horizonte-do-pl-e-faixa-propria\/#primaryimage"},"thumbnailUrl":"https:\/\/renatodias.online\/movimento\/wp-content\/uploads\/2020\/05\/Cristina-Lopes-1.jpg","articleSection":["Cidade","Entrevista","Pol\u00edtica"],"inLanguage":"pt-BR","potentialAction":[{"@type":"CommentAction","name":"Comment","target":["https:\/\/renatodias.online\/movimento\/2020\/05\/26\/horizonte-do-pl-e-faixa-propria\/#respond"]}]},{"@type":"WebPage","@id":"https:\/\/renatodias.online\/movimento\/2020\/05\/26\/horizonte-do-pl-e-faixa-propria\/","url":"https:\/\/renatodias.online\/movimento\/2020\/05\/26\/horizonte-do-pl-e-faixa-propria\/","name":"\u2018Horizonte do PL \u00e9 faixa pr\u00f3pria\u2019 -","isPartOf":{"@id":"https:\/\/renatodias.online\/movimento\/#website"},"primaryImageOfPage":{"@id":"https:\/\/renatodias.online\/movimento\/2020\/05\/26\/horizonte-do-pl-e-faixa-propria\/#primaryimage"},"image":{"@id":"https:\/\/renatodias.online\/movimento\/2020\/05\/26\/horizonte-do-pl-e-faixa-propria\/#primaryimage"},"thumbnailUrl":"https:\/\/renatodias.online\/movimento\/wp-content\/uploads\/2020\/05\/Cristina-Lopes-1.jpg","datePublished":"2020-05-27T00:11:07+00:00","dateModified":"2020-05-27T00:32:50+00:00","breadcrumb":{"@id":"https:\/\/renatodias.online\/movimento\/2020\/05\/26\/horizonte-do-pl-e-faixa-propria\/#breadcrumb"},"inLanguage":"pt-BR","potentialAction":[{"@type":"ReadAction","target":["https:\/\/renatodias.online\/movimento\/2020\/05\/26\/horizonte-do-pl-e-faixa-propria\/"]}]},{"@type":"ImageObject","inLanguage":"pt-BR","@id":"https:\/\/renatodias.online\/movimento\/2020\/05\/26\/horizonte-do-pl-e-faixa-propria\/#primaryimage","url":"https:\/\/renatodias.online\/movimento\/wp-content\/uploads\/2020\/05\/Cristina-Lopes-1.jpg","contentUrl":"https:\/\/renatodias.online\/movimento\/wp-content\/uploads\/2020\/05\/Cristina-Lopes-1.jpg","width":512,"height":341,"caption":"Cristina Lopes"},{"@type":"BreadcrumbList","@id":"https:\/\/renatodias.online\/movimento\/2020\/05\/26\/horizonte-do-pl-e-faixa-propria\/#breadcrumb","itemListElement":[{"@type":"ListItem","position":1,"name":"In\u00edcio","item":"https:\/\/renatodias.online\/movimento\/"},{"@type":"ListItem","position":2,"name":"\u2018Horizonte do PL \u00e9 faixa pr\u00f3pria\u2019"}]},{"@type":"WebSite","@id":"https:\/\/renatodias.online\/movimento\/#website","url":"https:\/\/renatodias.online\/movimento\/","name":"","description":"","publisher":{"@id":"https:\/\/renatodias.online\/movimento\/#\/schema\/person\/bbab28833b1725a20f4083f49f1fb2a9"},"potentialAction":[{"@type":"SearchAction","target":{"@type":"EntryPoint","urlTemplate":"https:\/\/renatodias.online\/movimento\/?s={search_term_string}"},"query-input":{"@type":"PropertyValueSpecification","valueRequired":true,"valueName":"search_term_string"}}],"inLanguage":"pt-BR"},{"@type":["Person","Organization"],"@id":"https:\/\/renatodias.online\/movimento\/#\/schema\/person\/bbab28833b1725a20f4083f49f1fb2a9","name":"Renato Dias","image":{"@type":"ImageObject","inLanguage":"pt-BR","@id":"https:\/\/renatodias.online\/movimento\/wp-content\/uploads\/2023\/03\/cropped-cropped-cropped-logofinal.jpeg","url":"https:\/\/renatodias.online\/movimento\/wp-content\/uploads\/2023\/03\/cropped-cropped-cropped-logofinal.jpeg","contentUrl":"https:\/\/renatodias.online\/movimento\/wp-content\/uploads\/2023\/03\/cropped-cropped-cropped-logofinal.jpeg","width":1280,"height":219,"caption":"Renato Dias"},"logo":{"@id":"https:\/\/renatodias.online\/movimento\/wp-content\/uploads\/2023\/03\/cropped-cropped-cropped-logofinal.jpeg"},"description":"Renato Dias, 58 anos, \u00e9 graduado em Jornalismo, formado em Ci\u00eancias Sociais, com p\u00f3s-gradua\u00e7\u00e3o em Pol\u00edticas P\u00fablicas, mestre em Direito e Rela\u00e7\u00f5es Internacionais, ex-aluno extraordin\u00e1rio do Doutorado em Psicologia Social, ex-estudante do Curso de Psican\u00e1lise do Centro de Estudos Psicanal\u00edticos do Estado de Goi\u00e1s, ministrado pelo m\u00e9dico psiquiatra e psicanalista Daniel Em\u00eddio de Souza. \u00c9 autor de 30 livros-reportagem, oito document\u00e1rios, ganhou 30 pr\u00eamios e \u00e9 torcedor apaixonado do maior do Centro-Oeste, o Vila Nova Futebol Clube. Casado com Meirilane Dias, \u00e9 pai de Juliana Dias, jornalista; Daniel Dias, economista; e Maria Rosa Dias, estudante antifascista, socialista e trotskista.\u00a0Com tr\u00eas pets: Porquinho [Bull Dog Franc\u00eas], Dalila [Basset Hound] e Geleia [Basset Hound]. Al\u00e9m do eterno gato Tutuquinho, que virou estrela.","sameAs":["https:\/\/www.facebook.com\/renato.dias.37","#breve","https:\/\/renatodias.tumblr.com\/"],"url":"https:\/\/renatodias.online\/movimento\/author\/renatodias\/"}]}},"_links":{"self":[{"href":"https:\/\/renatodias.online\/movimento\/wp-json\/wp\/v2\/posts\/3703","targetHints":{"allow":["GET"]}}],"collection":[{"href":"https:\/\/renatodias.online\/movimento\/wp-json\/wp\/v2\/posts"}],"about":[{"href":"https:\/\/renatodias.online\/movimento\/wp-json\/wp\/v2\/types\/post"}],"author":[{"embeddable":true,"href":"https:\/\/renatodias.online\/movimento\/wp-json\/wp\/v2\/users\/2"}],"replies":[{"embeddable":true,"href":"https:\/\/renatodias.online\/movimento\/wp-json\/wp\/v2\/comments?post=3703"}],"version-history":[{"count":3,"href":"https:\/\/renatodias.online\/movimento\/wp-json\/wp\/v2\/posts\/3703\/revisions"}],"predecessor-version":[{"id":3711,"href":"https:\/\/renatodias.online\/movimento\/wp-json\/wp\/v2\/posts\/3703\/revisions\/3711"}],"wp:featuredmedia":[{"embeddable":true,"href":"https:\/\/renatodias.online\/movimento\/wp-json\/wp\/v2\/media\/3704"}],"wp:attachment":[{"href":"https:\/\/renatodias.online\/movimento\/wp-json\/wp\/v2\/media?parent=3703"}],"wp:term":[{"taxonomy":"category","embeddable":true,"href":"https:\/\/renatodias.online\/movimento\/wp-json\/wp\/v2\/categories?post=3703"},{"taxonomy":"post_tag","embeddable":true,"href":"https:\/\/renatodias.online\/movimento\/wp-json\/wp\/v2\/tags?post=3703"}],"curies":[{"name":"wp","href":"https:\/\/api.w.org\/{rel}","templated":true}]}}