{"id":3503,"date":"2020-05-12T18:17:45","date_gmt":"2020-05-12T21:17:45","guid":{"rendered":"https:\/\/renatodias.online\/movimento\/?p=3503"},"modified":"2020-05-12T18:25:11","modified_gmt":"2020-05-12T21:25:11","slug":"pc-do-b-quer-frente-de-salvacao-nacional","status":"publish","type":"post","link":"https:\/\/renatodias.online\/movimento\/2020\/05\/12\/pc-do-b-quer-frente-de-salvacao-nacional\/","title":{"rendered":"PC do B quer Frente de Salva\u00e7\u00e3o Nacional"},"content":{"rendered":"<p><strong>Explosivo<\/strong><\/p>\n<h1><strong>PC do B quer Frente de Salva\u00e7\u00e3o Nacional<\/strong><\/h1>\n<p><strong>Aldo Arantes prop\u00f5e lutar pela vida, aumento de sal\u00e1rios, prote\u00e7\u00e3o da economia nacional,\u00a0 plataforma emer\u00adgen\u00adcial dos estudantes, suspens\u00e3o do pagamento da d\u00edvida<\/strong><\/p>\n<p><strong>\u00a0<\/strong><\/p>\n<blockquote><p><strong>A hora \u00e9 de poiar os governadores no Brasil<\/strong><\/p><\/blockquote>\n<p>Aldo Arantes<\/p>\n<p>&nbsp;<\/p>\n<blockquote><p><strong>Tempos Sombrios de escalada conservadora, da Pandemia do Coronav\u00edrus Covid 19, com 11 mortos no Brasil<\/strong><\/p><\/blockquote>\n<p>Aldo Arantes<\/p>\n<p><strong>Podcast com Aldo Arantes<\/strong><\/p>\n<!--[if lt IE 9]><script>document.createElement('audio');<\/script><![endif]-->\n<audio class=\"wp-audio-shortcode\" id=\"audio-3503-1\" preload=\"none\" style=\"width: 100%;\" controls=\"controls\"><source type=\"audio\/mpeg\" src=\"https:\/\/renatodias.online\/movimento\/wp-content\/uploads\/2020\/05\/audioaldo2.mp3?_=1\" \/><a href=\"https:\/\/renatodias.online\/movimento\/wp-content\/uploads\/2020\/05\/audioaldo2.mp3\">https:\/\/renatodias.online\/movimento\/wp-content\/uploads\/2020\/05\/audioaldo2.mp3<\/a><\/audio>\n<p>&nbsp;<\/p>\n<p><strong>Renato Dias<\/strong><\/p>\n<p>A articula\u00e7\u00e3o de uma ampla Frente de Salva\u00e7\u00e3o Nacional em defesa da vida, da democracia e do emprego no Brasil. \u00c9 o que afirma o ex-deputado federal <strong>Aldo Arantes<\/strong>, graduado, em di\u00adrei\u00adto, mestre em Ci\u00eancias Pol\u00edticas. \u00c9 a resolu\u00e7\u00e3o do Comit\u00ea Central do Partido Comunista do Bra\u00adsil. O PC do B nasceu em 1962. Uma dissid\u00eancia do Partido Comunista Brasileiro. Fundado por Jo\u00e3o Amazonas, Di\u00f3genes Arruda, Pedro Pomar e \u00c2ngelo Arroyo. O presidente da Rep\u00fa\u00adblica, Jair Messias Bolsonaro, agride a democracia, as institui\u00e7\u00f5es e a sa\u00fade p\u00fablica no Brasil, atira.<\/p>\n<p>&#8211; <strong>Em Tempos Sombrios de escalada conservadora, da Pandemia do Coronav\u00edrus Covid 19, com 11 mortos no Brasil, al\u00e9m de uma grave crise econ\u00f4mica e a recess\u00e3o global anunciada<\/strong>.<\/p>\n<p><strong>Orienta\u00e7\u00e3o pol\u00edtica<\/strong><\/p>\n<p>A orienta\u00e7\u00e3o aponta para a integra\u00e7\u00e3o, em um movimento plural, republicano e democr\u00e1tico,\u00a0 do Congresso Nacional, Supremo Tribunal Federal [STF], governadores de Estado, prefeitos municipais, centrais sindicais, UNE, UBES, parlamentares dos m\u00faltiplos espectros pol\u00edticos e ideol\u00f3gicos, explica o intelectual e \u2018band leader\u2019 comunista. A esquerda sozinha \u00e9 fr\u00e1gil para derrotar o capit\u00e3o reformado do Ex\u00e9rcito Brasil, sublinha. Com um programa em defesa do Sistema \u00danico de Sa\u00fade, por pleno emprego e do respeito \u00e0s institui\u00e7\u00f5es do Brasil, destaca.<\/p>\n<figure id=\"attachment_3505\" aria-describedby=\"caption-attachment-3505\" style=\"width: 281px\" class=\"wp-caption alignnone\"><img loading=\"lazy\" decoding=\"async\" class=\"wp-image-3505 size-full\" src=\"https:\/\/renatodias.online\/movimento\/wp-content\/uploads\/2020\/05\/Jair-Bolsonaro_caricatura.jpg\" alt=\"Presidente Jair Bolsonaro\" width=\"281\" height=\"179\" \/><figcaption id=\"caption-attachment-3505\" class=\"wp-caption-text\">Presidente Jair Bolsonaro<\/figcaption><\/figure>\n<p><strong>&#8211; Lutar pela vida. Aumento de sal\u00e1rios. Proteger a economia nacional. Uma plataforma emer\u00adgen\u00adcial dos estudantes. Suspender o pagamento da d\u00edvida. Apoiar os governadores<\/strong>.<\/p>\n<p>&nbsp;<\/p>\n","protected":false},"excerpt":{"rendered":"<p>Explosivo PC do B quer Frente de Salva\u00e7\u00e3o Nacional Aldo Arantes prop\u00f5e lutar pela vida, aumento de sal\u00e1rios, prote\u00e7\u00e3o da economia nacional,\u00a0 plataforma emer\u00adgen\u00adcial dos estudantes, suspens\u00e3o do pagamento da d\u00edvida \u00a0 A hora \u00e9 de poiar os governadores no Brasil Aldo Arantes &nbsp; Tempos Sombrios de escalada conservadora, da Pandemia do Coronav\u00edrus Covid 19,<\/p>\n","protected":false},"author":2,"featured_media":3504,"comment_status":"open","ping_status":"open","sticky":false,"template":"","format":"standard","meta":{"_acf_changed":false,"_monsterinsights_skip_tracking":false,"_monsterinsights_sitenote_active":false,"_monsterinsights_sitenote_note":"","_monsterinsights_sitenote_category":0,"footnotes":""},"categories":[35,4],"tags":[],"class_list":["post-3503","post","type-post","status-publish","format-standard","has-post-thumbnail","hentry","category-nacional","category-politica"],"acf":[],"yoast_head":"<!-- This site is optimized with the Yoast SEO plugin v27.4 - https:\/\/yoast.com\/product\/yoast-seo-wordpress\/ -->\n<title>PC do B quer Frente de Salva\u00e7\u00e3o Nacional -<\/title>\n<meta name=\"robots\" content=\"index, follow, max-snippet:-1, max-image-preview:large, max-video-preview:-1\" \/>\n<link rel=\"canonical\" href=\"https:\/\/renatodias.online\/movimento\/2020\/05\/12\/pc-do-b-quer-frente-de-salvacao-nacional\/\" \/>\n<meta property=\"og:locale\" content=\"pt_BR\" \/>\n<meta property=\"og:type\" content=\"article\" \/>\n<meta property=\"og:title\" content=\"PC do B quer Frente de Salva\u00e7\u00e3o Nacional -\" \/>\n<meta property=\"og:description\" content=\"Explosivo PC do B quer Frente de Salva\u00e7\u00e3o Nacional Aldo Arantes prop\u00f5e lutar pela vida, aumento de sal\u00e1rios, prote\u00e7\u00e3o da economia nacional,\u00a0 plataforma emer\u00adgen\u00adcial dos estudantes, suspens\u00e3o do pagamento da d\u00edvida \u00a0 A hora \u00e9 de poiar os governadores no Brasil Aldo Arantes &nbsp; Tempos Sombrios de escalada conservadora, da Pandemia do Coronav\u00edrus Covid 19,\" \/>\n<meta property=\"og:url\" content=\"https:\/\/renatodias.online\/movimento\/2020\/05\/12\/pc-do-b-quer-frente-de-salvacao-nacional\/\" \/>\n<meta property=\"article:publisher\" content=\"https:\/\/www.facebook.com\/renato.dias.37\" \/>\n<meta property=\"article:author\" content=\"https:\/\/www.facebook.com\/renato.dias.37\" \/>\n<meta property=\"article:published_time\" content=\"2020-05-12T21:17:45+00:00\" \/>\n<meta property=\"article:modified_time\" content=\"2020-05-12T21:25:11+00:00\" \/>\n<meta property=\"og:image\" content=\"https:\/\/renatodias.online\/movimento\/wp-content\/uploads\/2020\/05\/Aldo-Arantes-PC-do-B.jpg\" \/>\n\t<meta property=\"og:image:width\" content=\"472\" \/>\n\t<meta property=\"og:image:height\" content=\"332\" \/>\n\t<meta property=\"og:image:type\" content=\"image\/jpeg\" \/>\n<meta name=\"author\" content=\"Renato Dias\" \/>\n<meta name=\"twitter:card\" content=\"summary_large_image\" \/>\n<meta name=\"twitter:creator\" content=\"@RenatoDiasBat\" \/>\n<meta name=\"twitter:site\" content=\"@RenatoDiasBat\" \/>\n<meta name=\"twitter:label1\" content=\"Escrito por\" \/>\n\t<meta name=\"twitter:data1\" content=\"Renato Dias\" \/>\n\t<meta name=\"twitter:label2\" content=\"Est. tempo de leitura\" \/>\n\t<meta name=\"twitter:data2\" content=\"2 minutos\" \/>\n<script type=\"application\/ld+json\" class=\"yoast-schema-graph\">{\"@context\":\"https:\\\/\\\/schema.org\",\"@graph\":[{\"@type\":\"Article\",\"@id\":\"https:\\\/\\\/renatodias.online\\\/movimento\\\/2020\\\/05\\\/12\\\/pc-do-b-quer-frente-de-salvacao-nacional\\\/#article\",\"isPartOf\":{\"@id\":\"https:\\\/\\\/renatodias.online\\\/movimento\\\/2020\\\/05\\\/12\\\/pc-do-b-quer-frente-de-salvacao-nacional\\\/\"},\"author\":{\"name\":\"Renato Dias\",\"@id\":\"https:\\\/\\\/renatodias.online\\\/movimento\\\/#\\\/schema\\\/person\\\/bbab28833b1725a20f4083f49f1fb2a9\"},\"headline\":\"PC do B quer Frente de Salva\u00e7\u00e3o Nacional\",\"datePublished\":\"2020-05-12T21:17:45+00:00\",\"dateModified\":\"2020-05-12T21:25:11+00:00\",\"mainEntityOfPage\":{\"@id\":\"https:\\\/\\\/renatodias.online\\\/movimento\\\/2020\\\/05\\\/12\\\/pc-do-b-quer-frente-de-salvacao-nacional\\\/\"},\"wordCount\":358,\"commentCount\":0,\"publisher\":{\"@id\":\"https:\\\/\\\/renatodias.online\\\/movimento\\\/#\\\/schema\\\/person\\\/bbab28833b1725a20f4083f49f1fb2a9\"},\"image\":{\"@id\":\"https:\\\/\\\/renatodias.online\\\/movimento\\\/2020\\\/05\\\/12\\\/pc-do-b-quer-frente-de-salvacao-nacional\\\/#primaryimage\"},\"thumbnailUrl\":\"https:\\\/\\\/renatodias.online\\\/movimento\\\/wp-content\\\/uploads\\\/2020\\\/05\\\/Aldo-Arantes-PC-do-B.jpg\",\"articleSection\":[\"Nacional\",\"Pol\u00edtica\"],\"inLanguage\":\"pt-BR\",\"potentialAction\":[{\"@type\":\"CommentAction\",\"name\":\"Comment\",\"target\":[\"https:\\\/\\\/renatodias.online\\\/movimento\\\/2020\\\/05\\\/12\\\/pc-do-b-quer-frente-de-salvacao-nacional\\\/#respond\"]}]},{\"@type\":\"WebPage\",\"@id\":\"https:\\\/\\\/renatodias.online\\\/movimento\\\/2020\\\/05\\\/12\\\/pc-do-b-quer-frente-de-salvacao-nacional\\\/\",\"url\":\"https:\\\/\\\/renatodias.online\\\/movimento\\\/2020\\\/05\\\/12\\\/pc-do-b-quer-frente-de-salvacao-nacional\\\/\",\"name\":\"PC do B quer Frente de Salva\u00e7\u00e3o Nacional -\",\"isPartOf\":{\"@id\":\"https:\\\/\\\/renatodias.online\\\/movimento\\\/#website\"},\"primaryImageOfPage\":{\"@id\":\"https:\\\/\\\/renatodias.online\\\/movimento\\\/2020\\\/05\\\/12\\\/pc-do-b-quer-frente-de-salvacao-nacional\\\/#primaryimage\"},\"image\":{\"@id\":\"https:\\\/\\\/renatodias.online\\\/movimento\\\/2020\\\/05\\\/12\\\/pc-do-b-quer-frente-de-salvacao-nacional\\\/#primaryimage\"},\"thumbnailUrl\":\"https:\\\/\\\/renatodias.online\\\/movimento\\\/wp-content\\\/uploads\\\/2020\\\/05\\\/Aldo-Arantes-PC-do-B.jpg\",\"datePublished\":\"2020-05-12T21:17:45+00:00\",\"dateModified\":\"2020-05-12T21:25:11+00:00\",\"breadcrumb\":{\"@id\":\"https:\\\/\\\/renatodias.online\\\/movimento\\\/2020\\\/05\\\/12\\\/pc-do-b-quer-frente-de-salvacao-nacional\\\/#breadcrumb\"},\"inLanguage\":\"pt-BR\",\"potentialAction\":[{\"@type\":\"ReadAction\",\"target\":[\"https:\\\/\\\/renatodias.online\\\/movimento\\\/2020\\\/05\\\/12\\\/pc-do-b-quer-frente-de-salvacao-nacional\\\/\"]}]},{\"@type\":\"ImageObject\",\"inLanguage\":\"pt-BR\",\"@id\":\"https:\\\/\\\/renatodias.online\\\/movimento\\\/2020\\\/05\\\/12\\\/pc-do-b-quer-frente-de-salvacao-nacional\\\/#primaryimage\",\"url\":\"https:\\\/\\\/renatodias.online\\\/movimento\\\/wp-content\\\/uploads\\\/2020\\\/05\\\/Aldo-Arantes-PC-do-B.jpg\",\"contentUrl\":\"https:\\\/\\\/renatodias.online\\\/movimento\\\/wp-content\\\/uploads\\\/2020\\\/05\\\/Aldo-Arantes-PC-do-B.jpg\",\"width\":472,\"height\":332,\"caption\":\"Aldo Arantes\"},{\"@type\":\"BreadcrumbList\",\"@id\":\"https:\\\/\\\/renatodias.online\\\/movimento\\\/2020\\\/05\\\/12\\\/pc-do-b-quer-frente-de-salvacao-nacional\\\/#breadcrumb\",\"itemListElement\":[{\"@type\":\"ListItem\",\"position\":1,\"name\":\"In\u00edcio\",\"item\":\"https:\\\/\\\/renatodias.online\\\/movimento\\\/\"},{\"@type\":\"ListItem\",\"position\":2,\"name\":\"PC do B quer Frente de Salva\u00e7\u00e3o Nacional\"}]},{\"@type\":\"WebSite\",\"@id\":\"https:\\\/\\\/renatodias.online\\\/movimento\\\/#website\",\"url\":\"https:\\\/\\\/renatodias.online\\\/movimento\\\/\",\"name\":\"\",\"description\":\"\",\"publisher\":{\"@id\":\"https:\\\/\\\/renatodias.online\\\/movimento\\\/#\\\/schema\\\/person\\\/bbab28833b1725a20f4083f49f1fb2a9\"},\"potentialAction\":[{\"@type\":\"SearchAction\",\"target\":{\"@type\":\"EntryPoint\",\"urlTemplate\":\"https:\\\/\\\/renatodias.online\\\/movimento\\\/?s={search_term_string}\"},\"query-input\":{\"@type\":\"PropertyValueSpecification\",\"valueRequired\":true,\"valueName\":\"search_term_string\"}}],\"inLanguage\":\"pt-BR\"},{\"@type\":[\"Person\",\"Organization\"],\"@id\":\"https:\\\/\\\/renatodias.online\\\/movimento\\\/#\\\/schema\\\/person\\\/bbab28833b1725a20f4083f49f1fb2a9\",\"name\":\"Renato Dias\",\"image\":{\"@type\":\"ImageObject\",\"inLanguage\":\"pt-BR\",\"@id\":\"https:\\\/\\\/renatodias.online\\\/movimento\\\/wp-content\\\/uploads\\\/2023\\\/03\\\/cropped-cropped-cropped-logofinal.jpeg\",\"url\":\"https:\\\/\\\/renatodias.online\\\/movimento\\\/wp-content\\\/uploads\\\/2023\\\/03\\\/cropped-cropped-cropped-logofinal.jpeg\",\"contentUrl\":\"https:\\\/\\\/renatodias.online\\\/movimento\\\/wp-content\\\/uploads\\\/2023\\\/03\\\/cropped-cropped-cropped-logofinal.jpeg\",\"width\":1280,\"height\":219,\"caption\":\"Renato Dias\"},\"logo\":{\"@id\":\"https:\\\/\\\/renatodias.online\\\/movimento\\\/wp-content\\\/uploads\\\/2023\\\/03\\\/cropped-cropped-cropped-logofinal.jpeg\"},\"description\":\"Renato Dias, 58 anos, \u00e9 graduado em Jornalismo, formado em Ci\u00eancias Sociais, com p\u00f3s-gradua\u00e7\u00e3o em Pol\u00edticas P\u00fablicas, mestre em Direito e Rela\u00e7\u00f5es Internacionais, ex-aluno extraordin\u00e1rio do Doutorado em Psicologia Social, ex-estudante do Curso de Psican\u00e1lise do Centro de Estudos Psicanal\u00edticos do Estado de Goi\u00e1s, ministrado pelo m\u00e9dico psiquiatra e psicanalista Daniel Em\u00eddio de Souza. \u00c9 autor de 30 livros-reportagem, oito document\u00e1rios, ganhou 30 pr\u00eamios e \u00e9 torcedor apaixonado do maior do Centro-Oeste, o Vila Nova Futebol Clube. Casado com Meirilane Dias, \u00e9 pai de Juliana Dias, jornalista; Daniel Dias, economista; e Maria Rosa Dias, estudante antifascista, socialista e trotskista.\u00a0Com tr\u00eas pets: Porquinho [Bull Dog Franc\u00eas], Dalila [Basset Hound] e Geleia [Basset Hound]. Al\u00e9m do eterno gato Tutuquinho, que virou estrela.\",\"sameAs\":[\"https:\\\/\\\/www.facebook.com\\\/renato.dias.37\",\"#breve\",\"https:\\\/\\\/renatodias.tumblr.com\\\/\"],\"url\":\"https:\\\/\\\/renatodias.online\\\/movimento\\\/author\\\/renatodias\\\/\"}]}<\/script>\n<!-- \/ Yoast SEO plugin. -->","yoast_head_json":{"title":"PC do B quer Frente de Salva\u00e7\u00e3o Nacional -","robots":{"index":"index","follow":"follow","max-snippet":"max-snippet:-1","max-image-preview":"max-image-preview:large","max-video-preview":"max-video-preview:-1"},"canonical":"https:\/\/renatodias.online\/movimento\/2020\/05\/12\/pc-do-b-quer-frente-de-salvacao-nacional\/","og_locale":"pt_BR","og_type":"article","og_title":"PC do B quer Frente de Salva\u00e7\u00e3o Nacional -","og_description":"Explosivo PC do B quer Frente de Salva\u00e7\u00e3o Nacional Aldo Arantes prop\u00f5e lutar pela vida, aumento de sal\u00e1rios, prote\u00e7\u00e3o da economia nacional,\u00a0 plataforma emer\u00adgen\u00adcial dos estudantes, suspens\u00e3o do pagamento da d\u00edvida \u00a0 A hora \u00e9 de poiar os governadores no Brasil Aldo Arantes &nbsp; Tempos Sombrios de escalada conservadora, da Pandemia do Coronav\u00edrus Covid 19,","og_url":"https:\/\/renatodias.online\/movimento\/2020\/05\/12\/pc-do-b-quer-frente-de-salvacao-nacional\/","article_publisher":"https:\/\/www.facebook.com\/renato.dias.37","article_author":"https:\/\/www.facebook.com\/renato.dias.37","article_published_time":"2020-05-12T21:17:45+00:00","article_modified_time":"2020-05-12T21:25:11+00:00","og_image":[{"width":472,"height":332,"url":"https:\/\/renatodias.online\/movimento\/wp-content\/uploads\/2020\/05\/Aldo-Arantes-PC-do-B.jpg","type":"image\/jpeg"}],"author":"Renato Dias","twitter_card":"summary_large_image","twitter_creator":"@RenatoDiasBat","twitter_site":"@RenatoDiasBat","twitter_misc":{"Escrito por":"Renato Dias","Est. tempo de leitura":"2 minutos"},"schema":{"@context":"https:\/\/schema.org","@graph":[{"@type":"Article","@id":"https:\/\/renatodias.online\/movimento\/2020\/05\/12\/pc-do-b-quer-frente-de-salvacao-nacional\/#article","isPartOf":{"@id":"https:\/\/renatodias.online\/movimento\/2020\/05\/12\/pc-do-b-quer-frente-de-salvacao-nacional\/"},"author":{"name":"Renato Dias","@id":"https:\/\/renatodias.online\/movimento\/#\/schema\/person\/bbab28833b1725a20f4083f49f1fb2a9"},"headline":"PC do B quer Frente de Salva\u00e7\u00e3o Nacional","datePublished":"2020-05-12T21:17:45+00:00","dateModified":"2020-05-12T21:25:11+00:00","mainEntityOfPage":{"@id":"https:\/\/renatodias.online\/movimento\/2020\/05\/12\/pc-do-b-quer-frente-de-salvacao-nacional\/"},"wordCount":358,"commentCount":0,"publisher":{"@id":"https:\/\/renatodias.online\/movimento\/#\/schema\/person\/bbab28833b1725a20f4083f49f1fb2a9"},"image":{"@id":"https:\/\/renatodias.online\/movimento\/2020\/05\/12\/pc-do-b-quer-frente-de-salvacao-nacional\/#primaryimage"},"thumbnailUrl":"https:\/\/renatodias.online\/movimento\/wp-content\/uploads\/2020\/05\/Aldo-Arantes-PC-do-B.jpg","articleSection":["Nacional","Pol\u00edtica"],"inLanguage":"pt-BR","potentialAction":[{"@type":"CommentAction","name":"Comment","target":["https:\/\/renatodias.online\/movimento\/2020\/05\/12\/pc-do-b-quer-frente-de-salvacao-nacional\/#respond"]}]},{"@type":"WebPage","@id":"https:\/\/renatodias.online\/movimento\/2020\/05\/12\/pc-do-b-quer-frente-de-salvacao-nacional\/","url":"https:\/\/renatodias.online\/movimento\/2020\/05\/12\/pc-do-b-quer-frente-de-salvacao-nacional\/","name":"PC do B quer Frente de Salva\u00e7\u00e3o Nacional -","isPartOf":{"@id":"https:\/\/renatodias.online\/movimento\/#website"},"primaryImageOfPage":{"@id":"https:\/\/renatodias.online\/movimento\/2020\/05\/12\/pc-do-b-quer-frente-de-salvacao-nacional\/#primaryimage"},"image":{"@id":"https:\/\/renatodias.online\/movimento\/2020\/05\/12\/pc-do-b-quer-frente-de-salvacao-nacional\/#primaryimage"},"thumbnailUrl":"https:\/\/renatodias.online\/movimento\/wp-content\/uploads\/2020\/05\/Aldo-Arantes-PC-do-B.jpg","datePublished":"2020-05-12T21:17:45+00:00","dateModified":"2020-05-12T21:25:11+00:00","breadcrumb":{"@id":"https:\/\/renatodias.online\/movimento\/2020\/05\/12\/pc-do-b-quer-frente-de-salvacao-nacional\/#breadcrumb"},"inLanguage":"pt-BR","potentialAction":[{"@type":"ReadAction","target":["https:\/\/renatodias.online\/movimento\/2020\/05\/12\/pc-do-b-quer-frente-de-salvacao-nacional\/"]}]},{"@type":"ImageObject","inLanguage":"pt-BR","@id":"https:\/\/renatodias.online\/movimento\/2020\/05\/12\/pc-do-b-quer-frente-de-salvacao-nacional\/#primaryimage","url":"https:\/\/renatodias.online\/movimento\/wp-content\/uploads\/2020\/05\/Aldo-Arantes-PC-do-B.jpg","contentUrl":"https:\/\/renatodias.online\/movimento\/wp-content\/uploads\/2020\/05\/Aldo-Arantes-PC-do-B.jpg","width":472,"height":332,"caption":"Aldo Arantes"},{"@type":"BreadcrumbList","@id":"https:\/\/renatodias.online\/movimento\/2020\/05\/12\/pc-do-b-quer-frente-de-salvacao-nacional\/#breadcrumb","itemListElement":[{"@type":"ListItem","position":1,"name":"In\u00edcio","item":"https:\/\/renatodias.online\/movimento\/"},{"@type":"ListItem","position":2,"name":"PC do B quer Frente de Salva\u00e7\u00e3o Nacional"}]},{"@type":"WebSite","@id":"https:\/\/renatodias.online\/movimento\/#website","url":"https:\/\/renatodias.online\/movimento\/","name":"","description":"","publisher":{"@id":"https:\/\/renatodias.online\/movimento\/#\/schema\/person\/bbab28833b1725a20f4083f49f1fb2a9"},"potentialAction":[{"@type":"SearchAction","target":{"@type":"EntryPoint","urlTemplate":"https:\/\/renatodias.online\/movimento\/?s={search_term_string}"},"query-input":{"@type":"PropertyValueSpecification","valueRequired":true,"valueName":"search_term_string"}}],"inLanguage":"pt-BR"},{"@type":["Person","Organization"],"@id":"https:\/\/renatodias.online\/movimento\/#\/schema\/person\/bbab28833b1725a20f4083f49f1fb2a9","name":"Renato Dias","image":{"@type":"ImageObject","inLanguage":"pt-BR","@id":"https:\/\/renatodias.online\/movimento\/wp-content\/uploads\/2023\/03\/cropped-cropped-cropped-logofinal.jpeg","url":"https:\/\/renatodias.online\/movimento\/wp-content\/uploads\/2023\/03\/cropped-cropped-cropped-logofinal.jpeg","contentUrl":"https:\/\/renatodias.online\/movimento\/wp-content\/uploads\/2023\/03\/cropped-cropped-cropped-logofinal.jpeg","width":1280,"height":219,"caption":"Renato Dias"},"logo":{"@id":"https:\/\/renatodias.online\/movimento\/wp-content\/uploads\/2023\/03\/cropped-cropped-cropped-logofinal.jpeg"},"description":"Renato Dias, 58 anos, \u00e9 graduado em Jornalismo, formado em Ci\u00eancias Sociais, com p\u00f3s-gradua\u00e7\u00e3o em Pol\u00edticas P\u00fablicas, mestre em Direito e Rela\u00e7\u00f5es Internacionais, ex-aluno extraordin\u00e1rio do Doutorado em Psicologia Social, ex-estudante do Curso de Psican\u00e1lise do Centro de Estudos Psicanal\u00edticos do Estado de Goi\u00e1s, ministrado pelo m\u00e9dico psiquiatra e psicanalista Daniel Em\u00eddio de Souza. \u00c9 autor de 30 livros-reportagem, oito document\u00e1rios, ganhou 30 pr\u00eamios e \u00e9 torcedor apaixonado do maior do Centro-Oeste, o Vila Nova Futebol Clube. Casado com Meirilane Dias, \u00e9 pai de Juliana Dias, jornalista; Daniel Dias, economista; e Maria Rosa Dias, estudante antifascista, socialista e trotskista.\u00a0Com tr\u00eas pets: Porquinho [Bull Dog Franc\u00eas], Dalila [Basset Hound] e Geleia [Basset Hound]. Al\u00e9m do eterno gato Tutuquinho, que virou estrela.","sameAs":["https:\/\/www.facebook.com\/renato.dias.37","#breve","https:\/\/renatodias.tumblr.com\/"],"url":"https:\/\/renatodias.online\/movimento\/author\/renatodias\/"}]}},"_links":{"self":[{"href":"https:\/\/renatodias.online\/movimento\/wp-json\/wp\/v2\/posts\/3503","targetHints":{"allow":["GET"]}}],"collection":[{"href":"https:\/\/renatodias.online\/movimento\/wp-json\/wp\/v2\/posts"}],"about":[{"href":"https:\/\/renatodias.online\/movimento\/wp-json\/wp\/v2\/types\/post"}],"author":[{"embeddable":true,"href":"https:\/\/renatodias.online\/movimento\/wp-json\/wp\/v2\/users\/2"}],"replies":[{"embeddable":true,"href":"https:\/\/renatodias.online\/movimento\/wp-json\/wp\/v2\/comments?post=3503"}],"version-history":[{"count":3,"href":"https:\/\/renatodias.online\/movimento\/wp-json\/wp\/v2\/posts\/3503\/revisions"}],"predecessor-version":[{"id":3509,"href":"https:\/\/renatodias.online\/movimento\/wp-json\/wp\/v2\/posts\/3503\/revisions\/3509"}],"wp:featuredmedia":[{"embeddable":true,"href":"https:\/\/renatodias.online\/movimento\/wp-json\/wp\/v2\/media\/3504"}],"wp:attachment":[{"href":"https:\/\/renatodias.online\/movimento\/wp-json\/wp\/v2\/media?parent=3503"}],"wp:term":[{"taxonomy":"category","embeddable":true,"href":"https:\/\/renatodias.online\/movimento\/wp-json\/wp\/v2\/categories?post=3503"},{"taxonomy":"post_tag","embeddable":true,"href":"https:\/\/renatodias.online\/movimento\/wp-json\/wp\/v2\/tags?post=3503"}],"curies":[{"name":"wp","href":"https:\/\/api.w.org\/{rel}","templated":true}]}}