{"id":3393,"date":"2020-04-27T19:42:51","date_gmt":"2020-04-27T22:42:51","guid":{"rendered":"https:\/\/renatodias.online\/movimento\/?p=3393"},"modified":"2020-04-27T20:16:03","modified_gmt":"2020-04-27T23:16:03","slug":"bella-ciao-e-a-morte-de-um-fascista","status":"publish","type":"post","link":"https:\/\/renatodias.online\/movimento\/2020\/04\/27\/bella-ciao-e-a-morte-de-um-fascista\/","title":{"rendered":"Bella Ciao e a morte de um fascista"},"content":{"rendered":"<p><strong>28 de abril\u00a0 .\u00a0\u00a0<\/strong><strong>1945-2020<\/strong><\/p>\n<h1><strong>Bella Ciao e a morte de um fascista<\/strong><\/h1>\n<p>&nbsp;<\/p>\n<p><strong>Marcus Vin\u00edcius Beck<\/strong><\/p>\n<p>O que \u00e9 que \u00e9 um \u2018mix\u2019 de culto \u00e0 personalidade, com uma pitada de nacionalismo, temperado com visceral anticomunismo, avesso \u00e0s lutas de classes, contr\u00e1rio \u00e0s ideias de igualitarismo e justi\u00e7a social, o que inclui censura \u00e0 produ\u00e7\u00e3o de cultura, artes e espet\u00e1culos, assim como \u00e0 liberdade de imprensa, pedra angular da democracia. Ah! Com a defesa radical da hipertrofia das For\u00e7as Armadas. Do aparelho policial do Estado. Al\u00e9m da produ\u00e7\u00e3o incessante de crises e inimigos. Para mobilizar a sua base social. Bolsonarismo? N\u00e3o! A efem\u00e9ride, hoje, 28 de abril, de 2020, \u00e9 da morte de Benito Mussolini. Em 1945. \u2018El Duce\u2019.\u00a0 O inventor do fascismo. Na It\u00e1lia. O ber\u00e7o do renascimento. Devassada, hoje, pela crise e Pandemia do Coronav\u00edrus Covid 19.<\/p>\n<p>Sua Excel\u00eancia, Chefe de Governo e Fundador do Imp\u00e9rio. Assim se autoproclamava. Nascido em 29 de julho de 1883, em Predappio,\u00a0 como Benito Amilcare Andrea Mussolini, o baixote, careca e gordinho colocou homens, mulheres e crian\u00e7as de seu Pa\u00eds para marchar, na segunda guerra mundial, desenvolvida, com milh\u00f5es de mortos, desaparecidos e feridos, de 1939 a 1945, seis anos consecutivos, ao lado de Adolf Hitler. Bigodudo e artista pl\u00e1stico med\u00edocre, respons\u00e1vel pelo Holocausto. Al\u00e9m do Jap\u00e3o. Pa\u00eds com voca\u00e7\u00e3o expansionista que declarara guerra \u00e0 R\u00fassia, em 1905, invadira a China, e promovera o atentado, em 1942, a Pearl Harbour, nos Estados Unidos. Am\u00e9rica do Norte. A morte de seis milh\u00f5es de judeus. Genoc\u00eddio.<\/p>\n<figure id=\"attachment_3396\" aria-describedby=\"caption-attachment-3396\" style=\"width: 680px\" class=\"wp-caption aligncenter\"><img loading=\"lazy\" decoding=\"async\" class=\"wp-image-3396 size-full\" title=\"Adolf Hitler\" src=\"https:\/\/renatodias.online\/movimento\/wp-content\/uploads\/2020\/04\/WhatsApp-Image-2020-04-27-at-18.08.33.jpeg\" alt=\"Adolf Hitler\" width=\"680\" height=\"453\" \/><figcaption id=\"caption-attachment-3396\" class=\"wp-caption-text\">Adolf Hitler<\/figcaption><\/figure>\n<p>Ap\u00f3s tomar Paris como quem vira um copo de chopp, de caneca congelada, dois graus negativos, do tradicional Outback,\u00a0 uma estranha derrota da Fran\u00e7a, como anota o historiador Marc Bloch, Pa\u00eds cuja Capital manteve a sua vida noturna e cultural como se nada tivesse ocorrido, de 1939 a 1945, apesar da resist\u00eancia de \u2018partisans\u2019, um deles, Apol\u00f4nio de Carvalho, brasileiro, revolucion\u00e1rio, antifascista, Adolf Hitler avaliou que poderia promover um assalto aos c\u00e9us. Vingar o Tratado de Versailles, superar a crise de 1929, dominar o mundo. \u00c9 o que imaginava o Fuhrer. Com o aux\u00edlio de Benito Mussolini. O suporte do Jap\u00e3o, o gigante da \u00c1sia. As tropas marcharam at\u00e9 a Uni\u00e3o das Rep\u00fablicas Socialistas Sovi\u00e9ticas, com 15 rep\u00fablicas.<\/p>\n<p>Os partisans da It\u00e1lia cantavam \u2018Bella Ciao\u2019. Uma manh\u00e3 eu acordei e encontrei o invasor, diz a letra. Se eu morrer como um partigiano, voc\u00ea deve me enterrar l\u00e1 em cima da montanha, anota a can\u00e7\u00e3o. S\u00edmbolo da resist\u00eancia. Antifascista. At\u00e9 contra a escalada do atual presidente da Rep\u00fablica, capit\u00e3o do Ex\u00e9rcito Brasileiro, que defende o torturador Carlos Alberto Brilhante Ustra, major, coronel e comandante do DOI-CODI, a sucursal do inferno ou a m\u00e1quina de moer carne dos dissidentes pol\u00edticos \u00e0 \u00e9poca da ditadura civil e militar, no Brasil. Uma noite que durou exatos 21 anos. De 1964 a 1985. J\u00e1 o Ex\u00e9rcito Vermelho, fundado por Liev Davidovich Bronstein, codinome Leon Trotski,\u00a0 da URSS, bradava, em alto e bom som, a \u2018Internacional\u2019.<\/p>\n<figure id=\"attachment_3395\" aria-describedby=\"caption-attachment-3395\" style=\"width: 300px\" class=\"wp-caption aligncenter\"><img loading=\"lazy\" decoding=\"async\" class=\"wp-image-3395 size-full\" src=\"https:\/\/renatodias.online\/movimento\/wp-content\/uploads\/2020\/04\/WhatsApp-Image-2020-04-27-at-18.08.34.jpeg\" alt=\"Francisco Franco\" width=\"300\" height=\"168\" \/><figcaption id=\"caption-attachment-3395\" class=\"wp-caption-text\">Francisco Franco<\/figcaption><\/figure>\n<p>\u2018Ay Carmela\u2019, emocionava os republicanos sob a Guerra Civil Espanhola, de 1936 a 1939. Prometemos resistir, ay Carmela, disparavam. N\u00e3o h\u00e1 como n\u00e3o se emocionar. A \u00faltima batalha das utopias. Escritor, George Orwell lutou ao lado dos trotskistas, linha de frente antifascista, atacados, depois, assim como os anarquistas e socialistas, pelos stalinistas. A mando do Kremlin. Ocupado, \u00e0 \u00e9poca, pelo ditador Josep St\u00e1lin [1878-1953].\u00a0 Fascistas, as tropas de Francisco Franco derrubaram a Rep\u00fablica, com um saldo de 200 mortos e desaparecidos pol\u00edticos, com oculta\u00e7\u00f5es de cad\u00e1veres, feridas n\u00e3o cicatrizas e montaram uma ditadura. De 1939 a 1975, com a morte do rotulado \u2018General\u00edssimo\u2019, o \u2018Mito\u2019 daqueles tempos, \u00e9 estabelecida uma transi\u00e7\u00e3o para a democracia, que quase \u00e9 interrompida pela \u2018ocupa\u00e7\u00e3o militar\u2019 do Congresso Nacional, no ano turbulento de 1981. Registros da Hist\u00f3ria.<\/p>\n<p><strong>Resist\u00eancias m\u00faltiplas<\/strong><\/p>\n<figure id=\"attachment_3397\" aria-describedby=\"caption-attachment-3397\" style=\"width: 290px\" class=\"wp-caption aligncenter\"><img loading=\"lazy\" decoding=\"async\" class=\"wp-image-3397 size-full\" title=\"Ant\u00f4nio Oliveira Salazar\" src=\"https:\/\/renatodias.online\/movimento\/wp-content\/uploads\/2020\/04\/WhatsApp-Image-2020-04-27-at-18.08.31.jpeg\" alt=\"Ant\u00f4nio Oliveira Salazar\" width=\"290\" height=\"400\" srcset=\"https:\/\/renatodias.online\/movimento\/wp-content\/uploads\/2020\/04\/WhatsApp-Image-2020-04-27-at-18.08.31.jpeg 290w, https:\/\/renatodias.online\/movimento\/wp-content\/uploads\/2020\/04\/WhatsApp-Image-2020-04-27-at-18.08.31-218x300.jpeg 218w\" sizes=\"auto, (max-width: 290px) 100vw, 290px\" \/><figcaption id=\"caption-attachment-3397\" class=\"wp-caption-text\">Ant\u00f4nio Oliveira Salazar<\/figcaption><\/figure>\n<p>Portugal produziu belas can\u00e7\u00f5es de resist\u00eancia ao \u2018fascismo\u2019. Uma ditadura longeva. Com a impress\u00e3o digital de Ant\u00f4nio de Oliveira Salazar. A Revolu\u00e7\u00e3o dos Cravos, deflagrada em 25 de abril do ano de 1974, inaugurou um novo tempo. No pa\u00eds do Velho Mundo. \u00cdcone da esquerda latino-americana, Chico Buarque, o filho de S\u00e9rgio Buarque de Hollanda, criou uma m\u00fasica, censurada, em elegia \u00e0 Revolu\u00e7\u00e3o dos Cravos. Geraldo Vandr\u00e9 embalou a passeata dos 100 mil. Quando? Dia 26 de junho de 1968, no Rio de Janeiro, a cidade maravilhosa. Estudantes, artistas e intelectuais. Um protesto contra a ditadura civil e militar que dep\u00f4s o presidente da Rep\u00fablica, Jo\u00e3o Belchior Marques Goulart. Com \u2018Pra N\u00e3o Dizer Que N\u00e3o Falei das Flores\u2019, 1968. O Brasil resistente, de 2020, reinventa \u2018Bella Ciao\u2019, can\u00e7\u00e3o secular da It\u00e1lia. Para _ \u2018Ele, n\u00e3o!\u2019<\/p>\n<p>&nbsp;<\/p>\n<p>&nbsp;<\/p>\n<p>&nbsp;<\/p>\n<p><strong>\u00a0<\/strong><\/p>\n<p><strong>Saiba mais<\/strong><\/p>\n<p><strong>Bella Ciao<\/strong><\/p>\n<p><strong>Traduzida para a L\u00edngua Portuguesa<\/strong><\/p>\n<p>Uma manh\u00e3, eu acordei,<br \/>\noh bela, tchau! Bela, tchau! Bela, tchau, tchau, tchau!<br \/>\nUma manh\u00e3, eu acordei<br \/>\ne encontrei o invasor.<\/p>\n<p>Oh partigiano, me leve embora,<br \/>\nOh bela, tchau! Bela, tchau! Bela, tchau, tchau, tchau!<br \/>\nOh partigiano, me leve embora,<br \/>\npois sinto que vou morrer.<\/p>\n<p>E seu eu morrer como partigiano,<br \/>\nOh bela, tchau! Bela, tchau! Bela, tchau, tchau, tchau!<br \/>\nE se eu morrer como partigiano<br \/>\nVoc\u00ea deve me enterrar.<\/p>\n<p>Me\u00a0 enterrar l\u00e1 em cima na montanha,<br \/>\nOh bela, tchau! Bela, tchau! Bela, tchau, tchau, tchau!<br \/>\nMe\u00a0\u00a0 enterrar l\u00e1 em cima na montanha,<br \/>\nsob a sombra de uma bela flor.<\/p>\n<p>E as pessoas que passar\u00e3o,<br \/>\noh bela, tchau! Bela, tchau! Bela, tchau, tchau, tchau!<br \/>\nE as pessoas que passar\u00e3o<br \/>\nte dir\u00e3o: &#8220;Que bela flor&#8221;.<\/p>\n<p>Esta \u00e9 a flor do partigiano,<br \/>\nOh bela, tchau! Bela, tchau! Bela, tchau, tchau, tchau!<br \/>\nEst\u00e1 \u00e9 a flor do partigiano<br \/>\nmorto em nome da liberdade.<\/p>\n<p>&nbsp;<\/p>\n<p><strong>Veja<\/strong><\/p>\n<p><strong>Especial online<\/strong><\/p>\n<p><strong>V\u00eddeos de can\u00e7\u00f5es antifascistas<\/strong><\/p>\n<p><strong>Da It\u00e1lia<\/strong><\/p>\n<p>https:\/\/www.youtube.com\/watch?v=V9sXDNMvZjA<\/p>\n<p>&nbsp;<\/p>\n<p>&nbsp;<\/p>\n<p><iframe loading=\"lazy\" title=\"BELLA CIAO (Canzone Originale + Testo)\" width=\"960\" height=\"540\" src=\"https:\/\/www.youtube.com\/embed\/Lqs2oIBFPxI?feature=oembed\" frameborder=\"0\" allow=\"accelerometer; autoplay; clipboard-write; encrypted-media; gyroscope; picture-in-picture; web-share\" referrerpolicy=\"strict-origin-when-cross-origin\" allowfullscreen><\/iframe><\/p>\n<p><strong>Da Espanha<\/strong><\/p>\n<p><iframe loading=\"lazy\" title=\"Ay Carmela - Viva la Quinta Brigada - Rolando Alarcon\" width=\"960\" height=\"720\" src=\"https:\/\/www.youtube.com\/embed\/Fko5fYIBJFU?feature=oembed\" frameborder=\"0\" allow=\"accelerometer; autoplay; clipboard-write; encrypted-media; gyroscope; picture-in-picture; web-share\" referrerpolicy=\"strict-origin-when-cross-origin\" allowfullscreen><\/iframe><\/p>\n<p>&nbsp;<\/p>\n<p>&nbsp;<\/p>\n<p><strong>De Portugal<\/strong><a href=\"https:\/\/www.youtube.com\/watch?v=HVR6GPACdLg\"><\/a><\/p>\n<p>https:\/\/www.youtube.com\/watch?v=HVR6GPACdLg<\/p>\n<p><strong>\u00a0<\/strong><\/p>\n<p><strong>Do Brasil<\/strong><\/p>\n<p><iframe loading=\"lazy\" title=\"Geraldo Vandr\u00e9 - Pra n\u00e3o dizer que n\u00e3o falei das Flores\" width=\"960\" height=\"720\" src=\"https:\/\/www.youtube.com\/embed\/1KskJDDW93k?feature=oembed\" frameborder=\"0\" allow=\"accelerometer; autoplay; clipboard-write; encrypted-media; gyroscope; picture-in-picture; web-share\" referrerpolicy=\"strict-origin-when-cross-origin\" allowfullscreen><\/iframe><\/p>\n<p>&nbsp;<\/p>\n<p><strong>\u00a0<\/strong><\/p>\n<p><strong>Resist\u00eancia a Jair Bolsonaro<\/strong><\/p>\n<p><iframe loading=\"lazy\" title=\"#ELEN\u00c3O vers\u00e3o &quot;Bella Ciao&quot; que criaram contra Bolsonaro\" width=\"960\" height=\"540\" src=\"https:\/\/www.youtube.com\/embed\/-9O91aH5rzw?feature=oembed\" frameborder=\"0\" allow=\"accelerometer; autoplay; clipboard-write; encrypted-media; gyroscope; picture-in-picture; web-share\" referrerpolicy=\"strict-origin-when-cross-origin\" allowfullscreen><\/iframe><\/p>\n<p><strong>\u00a0<\/strong><\/p>\n","protected":false},"excerpt":{"rendered":"<p>28 de abril\u00a0 .\u00a0\u00a01945-2020 Bella Ciao e a morte de um fascista &nbsp; Marcus Vin\u00edcius Beck O que \u00e9 que \u00e9 um \u2018mix\u2019 de culto \u00e0 personalidade, com uma pitada de nacionalismo, temperado com visceral anticomunismo, avesso \u00e0s lutas de classes, contr\u00e1rio \u00e0s ideias de igualitarismo e justi\u00e7a social, o que inclui censura \u00e0 produ\u00e7\u00e3o<\/p>\n","protected":false},"author":6,"featured_media":3394,"comment_status":"open","ping_status":"open","sticky":false,"template":"","format":"standard","meta":{"_acf_changed":false,"_monsterinsights_skip_tracking":false,"_monsterinsights_sitenote_active":false,"_monsterinsights_sitenote_note":"","_monsterinsights_sitenote_category":0,"footnotes":""},"categories":[1,28,36,4],"tags":[],"class_list":["post-3393","post","type-post","status-publish","format-standard","has-post-thumbnail","hentry","category-cinema","category-cultura","category-internacional","category-politica"],"acf":[],"yoast_head":"<!-- This site is optimized with the Yoast SEO plugin v27.4 - https:\/\/yoast.com\/product\/yoast-seo-wordpress\/ -->\n<title>Bella Ciao e a morte de um fascista -<\/title>\n<meta name=\"robots\" content=\"index, follow, max-snippet:-1, max-image-preview:large, max-video-preview:-1\" \/>\n<link rel=\"canonical\" href=\"https:\/\/renatodias.online\/movimento\/2020\/04\/27\/bella-ciao-e-a-morte-de-um-fascista\/\" \/>\n<meta property=\"og:locale\" content=\"pt_BR\" \/>\n<meta property=\"og:type\" content=\"article\" \/>\n<meta property=\"og:title\" content=\"Bella Ciao e a morte de um fascista -\" \/>\n<meta property=\"og:description\" content=\"28 de abril\u00a0 .\u00a0\u00a01945-2020 Bella Ciao e a morte de um fascista &nbsp; Marcus Vin\u00edcius Beck O que \u00e9 que \u00e9 um \u2018mix\u2019 de culto \u00e0 personalidade, com uma pitada de nacionalismo, temperado com visceral anticomunismo, avesso \u00e0s lutas de classes, contr\u00e1rio \u00e0s ideias de igualitarismo e justi\u00e7a social, o que inclui censura \u00e0 produ\u00e7\u00e3o\" \/>\n<meta property=\"og:url\" content=\"https:\/\/renatodias.online\/movimento\/2020\/04\/27\/bella-ciao-e-a-morte-de-um-fascista\/\" \/>\n<meta property=\"article:publisher\" content=\"https:\/\/www.facebook.com\/renato.dias.37\" \/>\n<meta property=\"article:published_time\" content=\"2020-04-27T22:42:51+00:00\" \/>\n<meta property=\"article:modified_time\" content=\"2020-04-27T23:16:03+00:00\" \/>\n<meta property=\"og:image\" content=\"https:\/\/renatodias.online\/movimento\/wp-content\/uploads\/2020\/04\/WhatsApp-Image-2020-04-27-at-18.08.35.jpeg\" \/>\n\t<meta property=\"og:image:width\" content=\"1440\" \/>\n\t<meta property=\"og:image:height\" content=\"810\" \/>\n\t<meta property=\"og:image:type\" content=\"image\/jpeg\" \/>\n<meta name=\"author\" content=\"Marcus Vini Beck\" \/>\n<meta name=\"twitter:card\" content=\"summary_large_image\" \/>\n<meta name=\"twitter:creator\" content=\"@RenatoDiasBat\" \/>\n<meta name=\"twitter:site\" content=\"@RenatoDiasBat\" \/>\n<meta name=\"twitter:label1\" content=\"Escrito por\" \/>\n\t<meta name=\"twitter:data1\" content=\"Marcus Vini Beck\" \/>\n\t<meta name=\"twitter:label2\" content=\"Est. tempo de leitura\" \/>\n\t<meta name=\"twitter:data2\" content=\"5 minutos\" \/>\n<script type=\"application\/ld+json\" class=\"yoast-schema-graph\">{\"@context\":\"https:\\\/\\\/schema.org\",\"@graph\":[{\"@type\":\"Article\",\"@id\":\"https:\\\/\\\/renatodias.online\\\/movimento\\\/2020\\\/04\\\/27\\\/bella-ciao-e-a-morte-de-um-fascista\\\/#article\",\"isPartOf\":{\"@id\":\"https:\\\/\\\/renatodias.online\\\/movimento\\\/2020\\\/04\\\/27\\\/bella-ciao-e-a-morte-de-um-fascista\\\/\"},\"author\":{\"name\":\"Marcus Vini Beck\",\"@id\":\"https:\\\/\\\/renatodias.online\\\/movimento\\\/#\\\/schema\\\/person\\\/771c07cc4ec4733e906d2249dbadce3f\"},\"headline\":\"Bella Ciao e a morte de um fascista\",\"datePublished\":\"2020-04-27T22:42:51+00:00\",\"dateModified\":\"2020-04-27T23:16:03+00:00\",\"mainEntityOfPage\":{\"@id\":\"https:\\\/\\\/renatodias.online\\\/movimento\\\/2020\\\/04\\\/27\\\/bella-ciao-e-a-morte-de-um-fascista\\\/\"},\"wordCount\":1088,\"commentCount\":0,\"publisher\":{\"@id\":\"https:\\\/\\\/renatodias.online\\\/movimento\\\/#\\\/schema\\\/person\\\/bbab28833b1725a20f4083f49f1fb2a9\"},\"image\":{\"@id\":\"https:\\\/\\\/renatodias.online\\\/movimento\\\/2020\\\/04\\\/27\\\/bella-ciao-e-a-morte-de-um-fascista\\\/#primaryimage\"},\"thumbnailUrl\":\"https:\\\/\\\/renatodias.online\\\/movimento\\\/wp-content\\\/uploads\\\/2020\\\/04\\\/WhatsApp-Image-2020-04-27-at-18.08.35-e1684177289890.jpeg\",\"articleSection\":[\"Cinema\",\"Cultura\",\"Internacional\",\"Pol\u00edtica\"],\"inLanguage\":\"pt-BR\",\"potentialAction\":[{\"@type\":\"CommentAction\",\"name\":\"Comment\",\"target\":[\"https:\\\/\\\/renatodias.online\\\/movimento\\\/2020\\\/04\\\/27\\\/bella-ciao-e-a-morte-de-um-fascista\\\/#respond\"]}]},{\"@type\":\"WebPage\",\"@id\":\"https:\\\/\\\/renatodias.online\\\/movimento\\\/2020\\\/04\\\/27\\\/bella-ciao-e-a-morte-de-um-fascista\\\/\",\"url\":\"https:\\\/\\\/renatodias.online\\\/movimento\\\/2020\\\/04\\\/27\\\/bella-ciao-e-a-morte-de-um-fascista\\\/\",\"name\":\"Bella Ciao e a morte de um fascista -\",\"isPartOf\":{\"@id\":\"https:\\\/\\\/renatodias.online\\\/movimento\\\/#website\"},\"primaryImageOfPage\":{\"@id\":\"https:\\\/\\\/renatodias.online\\\/movimento\\\/2020\\\/04\\\/27\\\/bella-ciao-e-a-morte-de-um-fascista\\\/#primaryimage\"},\"image\":{\"@id\":\"https:\\\/\\\/renatodias.online\\\/movimento\\\/2020\\\/04\\\/27\\\/bella-ciao-e-a-morte-de-um-fascista\\\/#primaryimage\"},\"thumbnailUrl\":\"https:\\\/\\\/renatodias.online\\\/movimento\\\/wp-content\\\/uploads\\\/2020\\\/04\\\/WhatsApp-Image-2020-04-27-at-18.08.35-e1684177289890.jpeg\",\"datePublished\":\"2020-04-27T22:42:51+00:00\",\"dateModified\":\"2020-04-27T23:16:03+00:00\",\"breadcrumb\":{\"@id\":\"https:\\\/\\\/renatodias.online\\\/movimento\\\/2020\\\/04\\\/27\\\/bella-ciao-e-a-morte-de-um-fascista\\\/#breadcrumb\"},\"inLanguage\":\"pt-BR\",\"potentialAction\":[{\"@type\":\"ReadAction\",\"target\":[\"https:\\\/\\\/renatodias.online\\\/movimento\\\/2020\\\/04\\\/27\\\/bella-ciao-e-a-morte-de-um-fascista\\\/\"]}]},{\"@type\":\"ImageObject\",\"inLanguage\":\"pt-BR\",\"@id\":\"https:\\\/\\\/renatodias.online\\\/movimento\\\/2020\\\/04\\\/27\\\/bella-ciao-e-a-morte-de-um-fascista\\\/#primaryimage\",\"url\":\"https:\\\/\\\/renatodias.online\\\/movimento\\\/wp-content\\\/uploads\\\/2020\\\/04\\\/WhatsApp-Image-2020-04-27-at-18.08.35-e1684177289890.jpeg\",\"contentUrl\":\"https:\\\/\\\/renatodias.online\\\/movimento\\\/wp-content\\\/uploads\\\/2020\\\/04\\\/WhatsApp-Image-2020-04-27-at-18.08.35-e1684177289890.jpeg\",\"width\":800,\"height\":450,\"caption\":\"Benito Mussolini\"},{\"@type\":\"BreadcrumbList\",\"@id\":\"https:\\\/\\\/renatodias.online\\\/movimento\\\/2020\\\/04\\\/27\\\/bella-ciao-e-a-morte-de-um-fascista\\\/#breadcrumb\",\"itemListElement\":[{\"@type\":\"ListItem\",\"position\":1,\"name\":\"In\u00edcio\",\"item\":\"https:\\\/\\\/renatodias.online\\\/movimento\\\/\"},{\"@type\":\"ListItem\",\"position\":2,\"name\":\"Bella Ciao e a morte de um fascista\"}]},{\"@type\":\"WebSite\",\"@id\":\"https:\\\/\\\/renatodias.online\\\/movimento\\\/#website\",\"url\":\"https:\\\/\\\/renatodias.online\\\/movimento\\\/\",\"name\":\"\",\"description\":\"\",\"publisher\":{\"@id\":\"https:\\\/\\\/renatodias.online\\\/movimento\\\/#\\\/schema\\\/person\\\/bbab28833b1725a20f4083f49f1fb2a9\"},\"potentialAction\":[{\"@type\":\"SearchAction\",\"target\":{\"@type\":\"EntryPoint\",\"urlTemplate\":\"https:\\\/\\\/renatodias.online\\\/movimento\\\/?s={search_term_string}\"},\"query-input\":{\"@type\":\"PropertyValueSpecification\",\"valueRequired\":true,\"valueName\":\"search_term_string\"}}],\"inLanguage\":\"pt-BR\"},{\"@type\":[\"Person\",\"Organization\"],\"@id\":\"https:\\\/\\\/renatodias.online\\\/movimento\\\/#\\\/schema\\\/person\\\/bbab28833b1725a20f4083f49f1fb2a9\",\"name\":\"Renato Dias\",\"image\":{\"@type\":\"ImageObject\",\"inLanguage\":\"pt-BR\",\"@id\":\"https:\\\/\\\/renatodias.online\\\/movimento\\\/wp-content\\\/uploads\\\/2023\\\/03\\\/cropped-cropped-cropped-logofinal.jpeg\",\"url\":\"https:\\\/\\\/renatodias.online\\\/movimento\\\/wp-content\\\/uploads\\\/2023\\\/03\\\/cropped-cropped-cropped-logofinal.jpeg\",\"contentUrl\":\"https:\\\/\\\/renatodias.online\\\/movimento\\\/wp-content\\\/uploads\\\/2023\\\/03\\\/cropped-cropped-cropped-logofinal.jpeg\",\"width\":1280,\"height\":219,\"caption\":\"Renato Dias\"},\"logo\":{\"@id\":\"https:\\\/\\\/renatodias.online\\\/movimento\\\/wp-content\\\/uploads\\\/2023\\\/03\\\/cropped-cropped-cropped-logofinal.jpeg\"},\"description\":\"Renato Dias, 58 anos, \u00e9 graduado em Jornalismo, formado em Ci\u00eancias Sociais, com p\u00f3s-gradua\u00e7\u00e3o em Pol\u00edticas P\u00fablicas, mestre em Direito e Rela\u00e7\u00f5es Internacionais, ex-aluno extraordin\u00e1rio do Doutorado em Psicologia Social, ex-estudante do Curso de Psican\u00e1lise do Centro de Estudos Psicanal\u00edticos do Estado de Goi\u00e1s, ministrado pelo m\u00e9dico psiquiatra e psicanalista Daniel Em\u00eddio de Souza. \u00c9 autor de 30 livros-reportagem, oito document\u00e1rios, ganhou 30 pr\u00eamios e \u00e9 torcedor apaixonado do maior do Centro-Oeste, o Vila Nova Futebol Clube. Casado com Meirilane Dias, \u00e9 pai de Juliana Dias, jornalista; Daniel Dias, economista; e Maria Rosa Dias, estudante antifascista, socialista e trotskista.\u00a0Com tr\u00eas pets: Porquinho [Bull Dog Franc\u00eas], Dalila [Basset Hound] e Geleia [Basset Hound]. Al\u00e9m do eterno gato Tutuquinho, que virou estrela.\",\"sameAs\":[\"https:\\\/\\\/www.facebook.com\\\/renato.dias.37\",\"#breve\",\"https:\\\/\\\/renatodias.tumblr.com\\\/\"]},{\"@type\":\"Person\",\"@id\":\"https:\\\/\\\/renatodias.online\\\/movimento\\\/#\\\/schema\\\/person\\\/771c07cc4ec4733e906d2249dbadce3f\",\"name\":\"Marcus Vini Beck\",\"image\":{\"@type\":\"ImageObject\",\"inLanguage\":\"pt-BR\",\"@id\":\"https:\\\/\\\/secure.gravatar.com\\\/avatar\\\/975fc2a8faf646f31f7b251e464c44a705879d2cac18056088b62a41d2b2e9cb?s=96&d=mm&r=g\",\"url\":\"https:\\\/\\\/secure.gravatar.com\\\/avatar\\\/975fc2a8faf646f31f7b251e464c44a705879d2cac18056088b62a41d2b2e9cb?s=96&d=mm&r=g\",\"contentUrl\":\"https:\\\/\\\/secure.gravatar.com\\\/avatar\\\/975fc2a8faf646f31f7b251e464c44a705879d2cac18056088b62a41d2b2e9cb?s=96&d=mm&r=g\",\"caption\":\"Marcus Vini Beck\"},\"url\":\"https:\\\/\\\/renatodias.online\\\/movimento\\\/author\\\/mvbeck\\\/\"}]}<\/script>\n<!-- \/ Yoast SEO plugin. -->","yoast_head_json":{"title":"Bella Ciao e a morte de um fascista -","robots":{"index":"index","follow":"follow","max-snippet":"max-snippet:-1","max-image-preview":"max-image-preview:large","max-video-preview":"max-video-preview:-1"},"canonical":"https:\/\/renatodias.online\/movimento\/2020\/04\/27\/bella-ciao-e-a-morte-de-um-fascista\/","og_locale":"pt_BR","og_type":"article","og_title":"Bella Ciao e a morte de um fascista -","og_description":"28 de abril\u00a0 .\u00a0\u00a01945-2020 Bella Ciao e a morte de um fascista &nbsp; Marcus Vin\u00edcius Beck O que \u00e9 que \u00e9 um \u2018mix\u2019 de culto \u00e0 personalidade, com uma pitada de nacionalismo, temperado com visceral anticomunismo, avesso \u00e0s lutas de classes, contr\u00e1rio \u00e0s ideias de igualitarismo e justi\u00e7a social, o que inclui censura \u00e0 produ\u00e7\u00e3o","og_url":"https:\/\/renatodias.online\/movimento\/2020\/04\/27\/bella-ciao-e-a-morte-de-um-fascista\/","article_publisher":"https:\/\/www.facebook.com\/renato.dias.37","article_published_time":"2020-04-27T22:42:51+00:00","article_modified_time":"2020-04-27T23:16:03+00:00","og_image":[{"width":1440,"height":810,"url":"https:\/\/renatodias.online\/movimento\/wp-content\/uploads\/2020\/04\/WhatsApp-Image-2020-04-27-at-18.08.35.jpeg","type":"image\/jpeg"}],"author":"Marcus Vini Beck","twitter_card":"summary_large_image","twitter_creator":"@RenatoDiasBat","twitter_site":"@RenatoDiasBat","twitter_misc":{"Escrito por":"Marcus Vini Beck","Est. tempo de leitura":"5 minutos"},"schema":{"@context":"https:\/\/schema.org","@graph":[{"@type":"Article","@id":"https:\/\/renatodias.online\/movimento\/2020\/04\/27\/bella-ciao-e-a-morte-de-um-fascista\/#article","isPartOf":{"@id":"https:\/\/renatodias.online\/movimento\/2020\/04\/27\/bella-ciao-e-a-morte-de-um-fascista\/"},"author":{"name":"Marcus Vini Beck","@id":"https:\/\/renatodias.online\/movimento\/#\/schema\/person\/771c07cc4ec4733e906d2249dbadce3f"},"headline":"Bella Ciao e a morte de um fascista","datePublished":"2020-04-27T22:42:51+00:00","dateModified":"2020-04-27T23:16:03+00:00","mainEntityOfPage":{"@id":"https:\/\/renatodias.online\/movimento\/2020\/04\/27\/bella-ciao-e-a-morte-de-um-fascista\/"},"wordCount":1088,"commentCount":0,"publisher":{"@id":"https:\/\/renatodias.online\/movimento\/#\/schema\/person\/bbab28833b1725a20f4083f49f1fb2a9"},"image":{"@id":"https:\/\/renatodias.online\/movimento\/2020\/04\/27\/bella-ciao-e-a-morte-de-um-fascista\/#primaryimage"},"thumbnailUrl":"https:\/\/renatodias.online\/movimento\/wp-content\/uploads\/2020\/04\/WhatsApp-Image-2020-04-27-at-18.08.35-e1684177289890.jpeg","articleSection":["Cinema","Cultura","Internacional","Pol\u00edtica"],"inLanguage":"pt-BR","potentialAction":[{"@type":"CommentAction","name":"Comment","target":["https:\/\/renatodias.online\/movimento\/2020\/04\/27\/bella-ciao-e-a-morte-de-um-fascista\/#respond"]}]},{"@type":"WebPage","@id":"https:\/\/renatodias.online\/movimento\/2020\/04\/27\/bella-ciao-e-a-morte-de-um-fascista\/","url":"https:\/\/renatodias.online\/movimento\/2020\/04\/27\/bella-ciao-e-a-morte-de-um-fascista\/","name":"Bella Ciao e a morte de um fascista -","isPartOf":{"@id":"https:\/\/renatodias.online\/movimento\/#website"},"primaryImageOfPage":{"@id":"https:\/\/renatodias.online\/movimento\/2020\/04\/27\/bella-ciao-e-a-morte-de-um-fascista\/#primaryimage"},"image":{"@id":"https:\/\/renatodias.online\/movimento\/2020\/04\/27\/bella-ciao-e-a-morte-de-um-fascista\/#primaryimage"},"thumbnailUrl":"https:\/\/renatodias.online\/movimento\/wp-content\/uploads\/2020\/04\/WhatsApp-Image-2020-04-27-at-18.08.35-e1684177289890.jpeg","datePublished":"2020-04-27T22:42:51+00:00","dateModified":"2020-04-27T23:16:03+00:00","breadcrumb":{"@id":"https:\/\/renatodias.online\/movimento\/2020\/04\/27\/bella-ciao-e-a-morte-de-um-fascista\/#breadcrumb"},"inLanguage":"pt-BR","potentialAction":[{"@type":"ReadAction","target":["https:\/\/renatodias.online\/movimento\/2020\/04\/27\/bella-ciao-e-a-morte-de-um-fascista\/"]}]},{"@type":"ImageObject","inLanguage":"pt-BR","@id":"https:\/\/renatodias.online\/movimento\/2020\/04\/27\/bella-ciao-e-a-morte-de-um-fascista\/#primaryimage","url":"https:\/\/renatodias.online\/movimento\/wp-content\/uploads\/2020\/04\/WhatsApp-Image-2020-04-27-at-18.08.35-e1684177289890.jpeg","contentUrl":"https:\/\/renatodias.online\/movimento\/wp-content\/uploads\/2020\/04\/WhatsApp-Image-2020-04-27-at-18.08.35-e1684177289890.jpeg","width":800,"height":450,"caption":"Benito Mussolini"},{"@type":"BreadcrumbList","@id":"https:\/\/renatodias.online\/movimento\/2020\/04\/27\/bella-ciao-e-a-morte-de-um-fascista\/#breadcrumb","itemListElement":[{"@type":"ListItem","position":1,"name":"In\u00edcio","item":"https:\/\/renatodias.online\/movimento\/"},{"@type":"ListItem","position":2,"name":"Bella Ciao e a morte de um fascista"}]},{"@type":"WebSite","@id":"https:\/\/renatodias.online\/movimento\/#website","url":"https:\/\/renatodias.online\/movimento\/","name":"","description":"","publisher":{"@id":"https:\/\/renatodias.online\/movimento\/#\/schema\/person\/bbab28833b1725a20f4083f49f1fb2a9"},"potentialAction":[{"@type":"SearchAction","target":{"@type":"EntryPoint","urlTemplate":"https:\/\/renatodias.online\/movimento\/?s={search_term_string}"},"query-input":{"@type":"PropertyValueSpecification","valueRequired":true,"valueName":"search_term_string"}}],"inLanguage":"pt-BR"},{"@type":["Person","Organization"],"@id":"https:\/\/renatodias.online\/movimento\/#\/schema\/person\/bbab28833b1725a20f4083f49f1fb2a9","name":"Renato Dias","image":{"@type":"ImageObject","inLanguage":"pt-BR","@id":"https:\/\/renatodias.online\/movimento\/wp-content\/uploads\/2023\/03\/cropped-cropped-cropped-logofinal.jpeg","url":"https:\/\/renatodias.online\/movimento\/wp-content\/uploads\/2023\/03\/cropped-cropped-cropped-logofinal.jpeg","contentUrl":"https:\/\/renatodias.online\/movimento\/wp-content\/uploads\/2023\/03\/cropped-cropped-cropped-logofinal.jpeg","width":1280,"height":219,"caption":"Renato Dias"},"logo":{"@id":"https:\/\/renatodias.online\/movimento\/wp-content\/uploads\/2023\/03\/cropped-cropped-cropped-logofinal.jpeg"},"description":"Renato Dias, 58 anos, \u00e9 graduado em Jornalismo, formado em Ci\u00eancias Sociais, com p\u00f3s-gradua\u00e7\u00e3o em Pol\u00edticas P\u00fablicas, mestre em Direito e Rela\u00e7\u00f5es Internacionais, ex-aluno extraordin\u00e1rio do Doutorado em Psicologia Social, ex-estudante do Curso de Psican\u00e1lise do Centro de Estudos Psicanal\u00edticos do Estado de Goi\u00e1s, ministrado pelo m\u00e9dico psiquiatra e psicanalista Daniel Em\u00eddio de Souza. \u00c9 autor de 30 livros-reportagem, oito document\u00e1rios, ganhou 30 pr\u00eamios e \u00e9 torcedor apaixonado do maior do Centro-Oeste, o Vila Nova Futebol Clube. Casado com Meirilane Dias, \u00e9 pai de Juliana Dias, jornalista; Daniel Dias, economista; e Maria Rosa Dias, estudante antifascista, socialista e trotskista.\u00a0Com tr\u00eas pets: Porquinho [Bull Dog Franc\u00eas], Dalila [Basset Hound] e Geleia [Basset Hound]. Al\u00e9m do eterno gato Tutuquinho, que virou estrela.","sameAs":["https:\/\/www.facebook.com\/renato.dias.37","#breve","https:\/\/renatodias.tumblr.com\/"]},{"@type":"Person","@id":"https:\/\/renatodias.online\/movimento\/#\/schema\/person\/771c07cc4ec4733e906d2249dbadce3f","name":"Marcus Vini Beck","image":{"@type":"ImageObject","inLanguage":"pt-BR","@id":"https:\/\/secure.gravatar.com\/avatar\/975fc2a8faf646f31f7b251e464c44a705879d2cac18056088b62a41d2b2e9cb?s=96&d=mm&r=g","url":"https:\/\/secure.gravatar.com\/avatar\/975fc2a8faf646f31f7b251e464c44a705879d2cac18056088b62a41d2b2e9cb?s=96&d=mm&r=g","contentUrl":"https:\/\/secure.gravatar.com\/avatar\/975fc2a8faf646f31f7b251e464c44a705879d2cac18056088b62a41d2b2e9cb?s=96&d=mm&r=g","caption":"Marcus Vini Beck"},"url":"https:\/\/renatodias.online\/movimento\/author\/mvbeck\/"}]}},"_links":{"self":[{"href":"https:\/\/renatodias.online\/movimento\/wp-json\/wp\/v2\/posts\/3393","targetHints":{"allow":["GET"]}}],"collection":[{"href":"https:\/\/renatodias.online\/movimento\/wp-json\/wp\/v2\/posts"}],"about":[{"href":"https:\/\/renatodias.online\/movimento\/wp-json\/wp\/v2\/types\/post"}],"author":[{"embeddable":true,"href":"https:\/\/renatodias.online\/movimento\/wp-json\/wp\/v2\/users\/6"}],"replies":[{"embeddable":true,"href":"https:\/\/renatodias.online\/movimento\/wp-json\/wp\/v2\/comments?post=3393"}],"version-history":[{"count":4,"href":"https:\/\/renatodias.online\/movimento\/wp-json\/wp\/v2\/posts\/3393\/revisions"}],"predecessor-version":[{"id":3412,"href":"https:\/\/renatodias.online\/movimento\/wp-json\/wp\/v2\/posts\/3393\/revisions\/3412"}],"wp:featuredmedia":[{"embeddable":true,"href":"https:\/\/renatodias.online\/movimento\/wp-json\/wp\/v2\/media\/3394"}],"wp:attachment":[{"href":"https:\/\/renatodias.online\/movimento\/wp-json\/wp\/v2\/media?parent=3393"}],"wp:term":[{"taxonomy":"category","embeddable":true,"href":"https:\/\/renatodias.online\/movimento\/wp-json\/wp\/v2\/categories?post=3393"},{"taxonomy":"post_tag","embeddable":true,"href":"https:\/\/renatodias.online\/movimento\/wp-json\/wp\/v2\/tags?post=3393"}],"curies":[{"name":"wp","href":"https:\/\/api.w.org\/{rel}","templated":true}]}}