{"id":3216,"date":"2020-03-18T23:10:56","date_gmt":"2020-03-19T02:10:56","guid":{"rendered":"https:\/\/renatodias.online\/movimento\/?p=3216"},"modified":"2020-03-18T23:10:56","modified_gmt":"2020-03-19T02:10:56","slug":"3216","status":"publish","type":"post","link":"https:\/\/renatodias.online\/movimento\/2020\/03\/18\/3216\/","title":{"rendered":""},"content":{"rendered":"<p>A China j\u00e1 em fase de realiza\u00e7\u00e3o de testes, em seres humanos, de uma vacina eficaz contra o Coronavirus, diz o m\u00e9dico Jardel Sebba, 71 anos.<\/p>\n<p><strong>&#8211; O v\u00edrus respons\u00e1vel pela Pandemia anunciada pela OMS.<\/strong><\/p>\n<figure id=\"attachment_3218\" aria-describedby=\"caption-attachment-3218\" style=\"width: 300px\" class=\"wp-caption alignnone\"><img loading=\"lazy\" decoding=\"async\" class=\"size-medium wp-image-3218\" src=\"https:\/\/renatodias.online\/movimento\/wp-content\/uploads\/2020\/03\/6c5e1f42-2137-47d2-9b55-00e7786cb44e-300x170.jpg\" alt=\"\" width=\"300\" height=\"170\" srcset=\"https:\/\/renatodias.online\/movimento\/wp-content\/uploads\/2020\/03\/6c5e1f42-2137-47d2-9b55-00e7786cb44e-300x170.jpg 300w, https:\/\/renatodias.online\/movimento\/wp-content\/uploads\/2020\/03\/6c5e1f42-2137-47d2-9b55-00e7786cb44e.jpg 670w\" sizes=\"auto, (max-width: 300px) 100vw, 300px\" \/><figcaption id=\"caption-attachment-3218\" class=\"wp-caption-text\">Ilustra\u00e7\u00e3o &#8211; Foto: Reprodu\u00e7\u00e3o<\/figcaption><\/figure>\n<p>O v\u00edrus surgiu na \u00c1sia, na China, em particular, a segunda maior economia global, e chegou at\u00e9 a Europa e Am\u00e9ricas, relata o pesquisador do tema de Sa\u00fade P\u00fablica mundial.<\/p>\n<p><strong>-A China informa, hoje, ter obtido a estabiliza\u00e7\u00e3o.<\/strong><\/p>\n<p>O cen\u00e1rio de sa\u00fade p\u00fablica, sanit\u00e1rio, \u00e9 grave na It\u00e1lia, velho mundo, atira. \u00c9 a Escolha de Sofia, para ver quem sobreviver, diz, em um tom de lamento.<\/p>\n<p><strong>-Tr\u00e1gico. Triste.<\/strong><\/p>\n<figure id=\"attachment_3219\" aria-describedby=\"caption-attachment-3219\" style=\"width: 139px\" class=\"wp-caption alignnone\"><img loading=\"lazy\" decoding=\"async\" class=\"size-medium wp-image-3219\" src=\"https:\/\/renatodias.online\/movimento\/wp-content\/uploads\/2020\/03\/1adb0e0f-b190-412b-be17-837e62c5b3a7-139x300.jpg\" alt=\"\" width=\"139\" height=\"300\" srcset=\"https:\/\/renatodias.online\/movimento\/wp-content\/uploads\/2020\/03\/1adb0e0f-b190-412b-be17-837e62c5b3a7-139x300.jpg 139w, https:\/\/renatodias.online\/movimento\/wp-content\/uploads\/2020\/03\/1adb0e0f-b190-412b-be17-837e62c5b3a7-473x1024.jpg 473w, https:\/\/renatodias.online\/movimento\/wp-content\/uploads\/2020\/03\/1adb0e0f-b190-412b-be17-837e62c5b3a7.jpg 591w\" sizes=\"auto, (max-width: 139px) 100vw, 139px\" \/><figcaption id=\"caption-attachment-3219\" class=\"wp-caption-text\">Jardel Sebba &#8211; Foto: Reprodu\u00e7\u00e3o<\/figcaption><\/figure>\n<p><strong>Medidas<\/strong><\/p>\n<p>A ordem \u00e9 lavar as m\u00e3os com \u00e1lcool_gel e sabonete, evitar circula\u00e7\u00e3o, n\u00e3o ir a aglomera\u00e7\u00f5es e manter a imunidade alta, com estilo de vida saud\u00e1vel, explica o experiente m\u00e9dico.<\/p>\n<p><strong>-Uma recess\u00e3o global poder\u00e1 ocorrer em 2020.<\/strong><\/p>\n","protected":false},"excerpt":{"rendered":"<p>A China j\u00e1 em fase de realiza\u00e7\u00e3o de testes, em seres humanos, de uma vacina eficaz contra o Coronavirus, diz o m\u00e9dico Jardel Sebba, 71 anos. &#8211; O v\u00edrus respons\u00e1vel pela Pandemia anunciada pela OMS. O v\u00edrus surgiu na \u00c1sia, na China, em particular, a segunda maior economia global, e chegou at\u00e9 a Europa e<\/p>\n","protected":false},"author":2,"featured_media":3217,"comment_status":"open","ping_status":"open","sticky":false,"template":"","format":"standard","meta":{"_acf_changed":false,"_monsterinsights_skip_tracking":false,"_monsterinsights_sitenote_active":false,"_monsterinsights_sitenote_note":"","_monsterinsights_sitenote_category":0,"footnotes":""},"categories":[1],"tags":[],"class_list":["post-3216","post","type-post","status-publish","format-standard","has-post-thumbnail","hentry","category-cinema"],"acf":[],"yoast_head":"<!-- This site is optimized with the Yoast SEO plugin v27.4 - https:\/\/yoast.com\/product\/yoast-seo-wordpress\/ -->\n<title>-<\/title>\n<meta name=\"robots\" content=\"index, follow, max-snippet:-1, max-image-preview:large, max-video-preview:-1\" \/>\n<link rel=\"canonical\" href=\"https:\/\/renatodias.online\/movimento\/2020\/03\/18\/3216\/\" \/>\n<meta property=\"og:locale\" content=\"pt_BR\" \/>\n<meta property=\"og:type\" content=\"article\" \/>\n<meta property=\"og:title\" content=\"-\" \/>\n<meta property=\"og:description\" content=\"A China j\u00e1 em fase de realiza\u00e7\u00e3o de testes, em seres humanos, de uma vacina eficaz contra o Coronavirus, diz o m\u00e9dico Jardel Sebba, 71 anos. &#8211; O v\u00edrus respons\u00e1vel pela Pandemia anunciada pela OMS. O v\u00edrus surgiu na \u00c1sia, na China, em particular, a segunda maior economia global, e chegou at\u00e9 a Europa e\" \/>\n<meta property=\"og:url\" content=\"https:\/\/renatodias.online\/movimento\/2020\/03\/18\/3216\/\" \/>\n<meta property=\"article:publisher\" content=\"https:\/\/www.facebook.com\/renato.dias.37\" \/>\n<meta property=\"article:author\" content=\"https:\/\/www.facebook.com\/renato.dias.37\" \/>\n<meta property=\"article:published_time\" content=\"2020-03-19T02:10:56+00:00\" \/>\n<meta property=\"og:image\" content=\"https:\/\/renatodias.online\/movimento\/wp-content\/uploads\/2020\/03\/9afcd942-2f48-46a5-bec6-eb2559048972-1.jpg\" \/>\n\t<meta property=\"og:image:width\" content=\"600\" \/>\n\t<meta property=\"og:image:height\" content=\"400\" \/>\n\t<meta property=\"og:image:type\" content=\"image\/jpeg\" \/>\n<meta name=\"author\" content=\"Renato Dias\" \/>\n<meta name=\"twitter:card\" content=\"summary_large_image\" \/>\n<meta name=\"twitter:creator\" content=\"@RenatoDiasBat\" \/>\n<meta name=\"twitter:site\" content=\"@RenatoDiasBat\" \/>\n<meta name=\"twitter:label1\" content=\"Escrito por\" \/>\n\t<meta name=\"twitter:data1\" content=\"Renato Dias\" \/>\n\t<meta name=\"twitter:label2\" content=\"Est. tempo de leitura\" \/>\n\t<meta name=\"twitter:data2\" content=\"1 minuto\" \/>\n<script type=\"application\/ld+json\" class=\"yoast-schema-graph\">{\"@context\":\"https:\\\/\\\/schema.org\",\"@graph\":[{\"@type\":\"Article\",\"@id\":\"https:\\\/\\\/renatodias.online\\\/movimento\\\/2020\\\/03\\\/18\\\/3216\\\/#article\",\"isPartOf\":{\"@id\":\"https:\\\/\\\/renatodias.online\\\/movimento\\\/2020\\\/03\\\/18\\\/3216\\\/\"},\"author\":{\"name\":\"Renato Dias\",\"@id\":\"https:\\\/\\\/renatodias.online\\\/movimento\\\/#\\\/schema\\\/person\\\/bbab28833b1725a20f4083f49f1fb2a9\"},\"headline\":\"Sem t\u00edtulo\",\"datePublished\":\"2020-03-19T02:10:56+00:00\",\"mainEntityOfPage\":{\"@id\":\"https:\\\/\\\/renatodias.online\\\/movimento\\\/2020\\\/03\\\/18\\\/3216\\\/\"},\"wordCount\":185,\"commentCount\":0,\"publisher\":{\"@id\":\"https:\\\/\\\/renatodias.online\\\/movimento\\\/#\\\/schema\\\/person\\\/bbab28833b1725a20f4083f49f1fb2a9\"},\"image\":{\"@id\":\"https:\\\/\\\/renatodias.online\\\/movimento\\\/2020\\\/03\\\/18\\\/3216\\\/#primaryimage\"},\"thumbnailUrl\":\"https:\\\/\\\/renatodias.online\\\/movimento\\\/wp-content\\\/uploads\\\/2020\\\/03\\\/9afcd942-2f48-46a5-bec6-eb2559048972-1.jpg\",\"articleSection\":[\"Cinema\"],\"inLanguage\":\"pt-BR\",\"potentialAction\":[{\"@type\":\"CommentAction\",\"name\":\"Comment\",\"target\":[\"https:\\\/\\\/renatodias.online\\\/movimento\\\/2020\\\/03\\\/18\\\/3216\\\/#respond\"]}]},{\"@type\":\"WebPage\",\"@id\":\"https:\\\/\\\/renatodias.online\\\/movimento\\\/2020\\\/03\\\/18\\\/3216\\\/\",\"url\":\"https:\\\/\\\/renatodias.online\\\/movimento\\\/2020\\\/03\\\/18\\\/3216\\\/\",\"name\":\"-\",\"isPartOf\":{\"@id\":\"https:\\\/\\\/renatodias.online\\\/movimento\\\/#website\"},\"primaryImageOfPage\":{\"@id\":\"https:\\\/\\\/renatodias.online\\\/movimento\\\/2020\\\/03\\\/18\\\/3216\\\/#primaryimage\"},\"image\":{\"@id\":\"https:\\\/\\\/renatodias.online\\\/movimento\\\/2020\\\/03\\\/18\\\/3216\\\/#primaryimage\"},\"thumbnailUrl\":\"https:\\\/\\\/renatodias.online\\\/movimento\\\/wp-content\\\/uploads\\\/2020\\\/03\\\/9afcd942-2f48-46a5-bec6-eb2559048972-1.jpg\",\"datePublished\":\"2020-03-19T02:10:56+00:00\",\"inLanguage\":\"pt-BR\",\"potentialAction\":[{\"@type\":\"ReadAction\",\"target\":[\"https:\\\/\\\/renatodias.online\\\/movimento\\\/2020\\\/03\\\/18\\\/3216\\\/\"]}]},{\"@type\":\"ImageObject\",\"inLanguage\":\"pt-BR\",\"@id\":\"https:\\\/\\\/renatodias.online\\\/movimento\\\/2020\\\/03\\\/18\\\/3216\\\/#primaryimage\",\"url\":\"https:\\\/\\\/renatodias.online\\\/movimento\\\/wp-content\\\/uploads\\\/2020\\\/03\\\/9afcd942-2f48-46a5-bec6-eb2559048972-1.jpg\",\"contentUrl\":\"https:\\\/\\\/renatodias.online\\\/movimento\\\/wp-content\\\/uploads\\\/2020\\\/03\\\/9afcd942-2f48-46a5-bec6-eb2559048972-1.jpg\",\"width\":600,\"height\":400,\"caption\":\"Ilustra\u00e7\u00e3o - Foto: Reprodu\u00e7\u00e3o\"},{\"@type\":\"WebSite\",\"@id\":\"https:\\\/\\\/renatodias.online\\\/movimento\\\/#website\",\"url\":\"https:\\\/\\\/renatodias.online\\\/movimento\\\/\",\"name\":\"\",\"description\":\"\",\"publisher\":{\"@id\":\"https:\\\/\\\/renatodias.online\\\/movimento\\\/#\\\/schema\\\/person\\\/bbab28833b1725a20f4083f49f1fb2a9\"},\"potentialAction\":[{\"@type\":\"SearchAction\",\"target\":{\"@type\":\"EntryPoint\",\"urlTemplate\":\"https:\\\/\\\/renatodias.online\\\/movimento\\\/?s={search_term_string}\"},\"query-input\":{\"@type\":\"PropertyValueSpecification\",\"valueRequired\":true,\"valueName\":\"search_term_string\"}}],\"inLanguage\":\"pt-BR\"},{\"@type\":[\"Person\",\"Organization\"],\"@id\":\"https:\\\/\\\/renatodias.online\\\/movimento\\\/#\\\/schema\\\/person\\\/bbab28833b1725a20f4083f49f1fb2a9\",\"name\":\"Renato Dias\",\"image\":{\"@type\":\"ImageObject\",\"inLanguage\":\"pt-BR\",\"@id\":\"https:\\\/\\\/renatodias.online\\\/movimento\\\/wp-content\\\/uploads\\\/2023\\\/03\\\/cropped-cropped-cropped-logofinal.jpeg\",\"url\":\"https:\\\/\\\/renatodias.online\\\/movimento\\\/wp-content\\\/uploads\\\/2023\\\/03\\\/cropped-cropped-cropped-logofinal.jpeg\",\"contentUrl\":\"https:\\\/\\\/renatodias.online\\\/movimento\\\/wp-content\\\/uploads\\\/2023\\\/03\\\/cropped-cropped-cropped-logofinal.jpeg\",\"width\":1280,\"height\":219,\"caption\":\"Renato Dias\"},\"logo\":{\"@id\":\"https:\\\/\\\/renatodias.online\\\/movimento\\\/wp-content\\\/uploads\\\/2023\\\/03\\\/cropped-cropped-cropped-logofinal.jpeg\"},\"description\":\"Renato Dias, 58 anos, \u00e9 graduado em Jornalismo, formado em Ci\u00eancias Sociais, com p\u00f3s-gradua\u00e7\u00e3o em Pol\u00edticas P\u00fablicas, mestre em Direito e Rela\u00e7\u00f5es Internacionais, ex-aluno extraordin\u00e1rio do Doutorado em Psicologia Social, ex-estudante do Curso de Psican\u00e1lise do Centro de Estudos Psicanal\u00edticos do Estado de Goi\u00e1s, ministrado pelo m\u00e9dico psiquiatra e psicanalista Daniel Em\u00eddio de Souza. \u00c9 autor de 30 livros-reportagem, oito document\u00e1rios, ganhou 30 pr\u00eamios e \u00e9 torcedor apaixonado do maior do Centro-Oeste, o Vila Nova Futebol Clube. Casado com Meirilane Dias, \u00e9 pai de Juliana Dias, jornalista; Daniel Dias, economista; e Maria Rosa Dias, estudante antifascista, socialista e trotskista.\u00a0Com tr\u00eas pets: Porquinho [Bull Dog Franc\u00eas], Dalila [Basset Hound] e Geleia [Basset Hound]. Al\u00e9m do eterno gato Tutuquinho, que virou estrela.\",\"sameAs\":[\"https:\\\/\\\/www.facebook.com\\\/renato.dias.37\",\"#breve\",\"https:\\\/\\\/renatodias.tumblr.com\\\/\"],\"url\":\"https:\\\/\\\/renatodias.online\\\/movimento\\\/author\\\/renatodias\\\/\"}]}<\/script>\n<!-- \/ Yoast SEO plugin. -->","yoast_head_json":{"title":"-","robots":{"index":"index","follow":"follow","max-snippet":"max-snippet:-1","max-image-preview":"max-image-preview:large","max-video-preview":"max-video-preview:-1"},"canonical":"https:\/\/renatodias.online\/movimento\/2020\/03\/18\/3216\/","og_locale":"pt_BR","og_type":"article","og_title":"-","og_description":"A China j\u00e1 em fase de realiza\u00e7\u00e3o de testes, em seres humanos, de uma vacina eficaz contra o Coronavirus, diz o m\u00e9dico Jardel Sebba, 71 anos. &#8211; O v\u00edrus respons\u00e1vel pela Pandemia anunciada pela OMS. O v\u00edrus surgiu na \u00c1sia, na China, em particular, a segunda maior economia global, e chegou at\u00e9 a Europa e","og_url":"https:\/\/renatodias.online\/movimento\/2020\/03\/18\/3216\/","article_publisher":"https:\/\/www.facebook.com\/renato.dias.37","article_author":"https:\/\/www.facebook.com\/renato.dias.37","article_published_time":"2020-03-19T02:10:56+00:00","og_image":[{"width":600,"height":400,"url":"https:\/\/renatodias.online\/movimento\/wp-content\/uploads\/2020\/03\/9afcd942-2f48-46a5-bec6-eb2559048972-1.jpg","type":"image\/jpeg"}],"author":"Renato Dias","twitter_card":"summary_large_image","twitter_creator":"@RenatoDiasBat","twitter_site":"@RenatoDiasBat","twitter_misc":{"Escrito por":"Renato Dias","Est. tempo de leitura":"1 minuto"},"schema":{"@context":"https:\/\/schema.org","@graph":[{"@type":"Article","@id":"https:\/\/renatodias.online\/movimento\/2020\/03\/18\/3216\/#article","isPartOf":{"@id":"https:\/\/renatodias.online\/movimento\/2020\/03\/18\/3216\/"},"author":{"name":"Renato Dias","@id":"https:\/\/renatodias.online\/movimento\/#\/schema\/person\/bbab28833b1725a20f4083f49f1fb2a9"},"headline":"Sem t\u00edtulo","datePublished":"2020-03-19T02:10:56+00:00","mainEntityOfPage":{"@id":"https:\/\/renatodias.online\/movimento\/2020\/03\/18\/3216\/"},"wordCount":185,"commentCount":0,"publisher":{"@id":"https:\/\/renatodias.online\/movimento\/#\/schema\/person\/bbab28833b1725a20f4083f49f1fb2a9"},"image":{"@id":"https:\/\/renatodias.online\/movimento\/2020\/03\/18\/3216\/#primaryimage"},"thumbnailUrl":"https:\/\/renatodias.online\/movimento\/wp-content\/uploads\/2020\/03\/9afcd942-2f48-46a5-bec6-eb2559048972-1.jpg","articleSection":["Cinema"],"inLanguage":"pt-BR","potentialAction":[{"@type":"CommentAction","name":"Comment","target":["https:\/\/renatodias.online\/movimento\/2020\/03\/18\/3216\/#respond"]}]},{"@type":"WebPage","@id":"https:\/\/renatodias.online\/movimento\/2020\/03\/18\/3216\/","url":"https:\/\/renatodias.online\/movimento\/2020\/03\/18\/3216\/","name":"-","isPartOf":{"@id":"https:\/\/renatodias.online\/movimento\/#website"},"primaryImageOfPage":{"@id":"https:\/\/renatodias.online\/movimento\/2020\/03\/18\/3216\/#primaryimage"},"image":{"@id":"https:\/\/renatodias.online\/movimento\/2020\/03\/18\/3216\/#primaryimage"},"thumbnailUrl":"https:\/\/renatodias.online\/movimento\/wp-content\/uploads\/2020\/03\/9afcd942-2f48-46a5-bec6-eb2559048972-1.jpg","datePublished":"2020-03-19T02:10:56+00:00","inLanguage":"pt-BR","potentialAction":[{"@type":"ReadAction","target":["https:\/\/renatodias.online\/movimento\/2020\/03\/18\/3216\/"]}]},{"@type":"ImageObject","inLanguage":"pt-BR","@id":"https:\/\/renatodias.online\/movimento\/2020\/03\/18\/3216\/#primaryimage","url":"https:\/\/renatodias.online\/movimento\/wp-content\/uploads\/2020\/03\/9afcd942-2f48-46a5-bec6-eb2559048972-1.jpg","contentUrl":"https:\/\/renatodias.online\/movimento\/wp-content\/uploads\/2020\/03\/9afcd942-2f48-46a5-bec6-eb2559048972-1.jpg","width":600,"height":400,"caption":"Ilustra\u00e7\u00e3o - Foto: Reprodu\u00e7\u00e3o"},{"@type":"WebSite","@id":"https:\/\/renatodias.online\/movimento\/#website","url":"https:\/\/renatodias.online\/movimento\/","name":"","description":"","publisher":{"@id":"https:\/\/renatodias.online\/movimento\/#\/schema\/person\/bbab28833b1725a20f4083f49f1fb2a9"},"potentialAction":[{"@type":"SearchAction","target":{"@type":"EntryPoint","urlTemplate":"https:\/\/renatodias.online\/movimento\/?s={search_term_string}"},"query-input":{"@type":"PropertyValueSpecification","valueRequired":true,"valueName":"search_term_string"}}],"inLanguage":"pt-BR"},{"@type":["Person","Organization"],"@id":"https:\/\/renatodias.online\/movimento\/#\/schema\/person\/bbab28833b1725a20f4083f49f1fb2a9","name":"Renato Dias","image":{"@type":"ImageObject","inLanguage":"pt-BR","@id":"https:\/\/renatodias.online\/movimento\/wp-content\/uploads\/2023\/03\/cropped-cropped-cropped-logofinal.jpeg","url":"https:\/\/renatodias.online\/movimento\/wp-content\/uploads\/2023\/03\/cropped-cropped-cropped-logofinal.jpeg","contentUrl":"https:\/\/renatodias.online\/movimento\/wp-content\/uploads\/2023\/03\/cropped-cropped-cropped-logofinal.jpeg","width":1280,"height":219,"caption":"Renato Dias"},"logo":{"@id":"https:\/\/renatodias.online\/movimento\/wp-content\/uploads\/2023\/03\/cropped-cropped-cropped-logofinal.jpeg"},"description":"Renato Dias, 58 anos, \u00e9 graduado em Jornalismo, formado em Ci\u00eancias Sociais, com p\u00f3s-gradua\u00e7\u00e3o em Pol\u00edticas P\u00fablicas, mestre em Direito e Rela\u00e7\u00f5es Internacionais, ex-aluno extraordin\u00e1rio do Doutorado em Psicologia Social, ex-estudante do Curso de Psican\u00e1lise do Centro de Estudos Psicanal\u00edticos do Estado de Goi\u00e1s, ministrado pelo m\u00e9dico psiquiatra e psicanalista Daniel Em\u00eddio de Souza. \u00c9 autor de 30 livros-reportagem, oito document\u00e1rios, ganhou 30 pr\u00eamios e \u00e9 torcedor apaixonado do maior do Centro-Oeste, o Vila Nova Futebol Clube. Casado com Meirilane Dias, \u00e9 pai de Juliana Dias, jornalista; Daniel Dias, economista; e Maria Rosa Dias, estudante antifascista, socialista e trotskista.\u00a0Com tr\u00eas pets: Porquinho [Bull Dog Franc\u00eas], Dalila [Basset Hound] e Geleia [Basset Hound]. Al\u00e9m do eterno gato Tutuquinho, que virou estrela.","sameAs":["https:\/\/www.facebook.com\/renato.dias.37","#breve","https:\/\/renatodias.tumblr.com\/"],"url":"https:\/\/renatodias.online\/movimento\/author\/renatodias\/"}]}},"_links":{"self":[{"href":"https:\/\/renatodias.online\/movimento\/wp-json\/wp\/v2\/posts\/3216","targetHints":{"allow":["GET"]}}],"collection":[{"href":"https:\/\/renatodias.online\/movimento\/wp-json\/wp\/v2\/posts"}],"about":[{"href":"https:\/\/renatodias.online\/movimento\/wp-json\/wp\/v2\/types\/post"}],"author":[{"embeddable":true,"href":"https:\/\/renatodias.online\/movimento\/wp-json\/wp\/v2\/users\/2"}],"replies":[{"embeddable":true,"href":"https:\/\/renatodias.online\/movimento\/wp-json\/wp\/v2\/comments?post=3216"}],"version-history":[{"count":1,"href":"https:\/\/renatodias.online\/movimento\/wp-json\/wp\/v2\/posts\/3216\/revisions"}],"predecessor-version":[{"id":3220,"href":"https:\/\/renatodias.online\/movimento\/wp-json\/wp\/v2\/posts\/3216\/revisions\/3220"}],"wp:featuredmedia":[{"embeddable":true,"href":"https:\/\/renatodias.online\/movimento\/wp-json\/wp\/v2\/media\/3217"}],"wp:attachment":[{"href":"https:\/\/renatodias.online\/movimento\/wp-json\/wp\/v2\/media?parent=3216"}],"wp:term":[{"taxonomy":"category","embeddable":true,"href":"https:\/\/renatodias.online\/movimento\/wp-json\/wp\/v2\/categories?post=3216"},{"taxonomy":"post_tag","embeddable":true,"href":"https:\/\/renatodias.online\/movimento\/wp-json\/wp\/v2\/tags?post=3216"}],"curies":[{"name":"wp","href":"https:\/\/api.w.org\/{rel}","templated":true}]}}