{"id":3109,"date":"2019-12-27T22:55:54","date_gmt":"2019-12-28T01:55:54","guid":{"rendered":"https:\/\/renatodias.online\/movimento\/?p=3109"},"modified":"2019-12-27T22:59:51","modified_gmt":"2019-12-28T01:59:51","slug":"adib-elias-lidera-rejeicao-gustavo-sebba-e-ameaca","status":"publish","type":"post","link":"https:\/\/renatodias.online\/movimento\/2019\/12\/27\/adib-elias-lidera-rejeicao-gustavo-sebba-e-ameaca\/","title":{"rendered":"Adib Elias lidera rejei\u00e7\u00e3o. Gustavo Sebba \u00e9 amea\u00e7a"},"content":{"rendered":"<p>&nbsp;<\/p>\n<p><em><strong>Texto:<\/strong> Renato Dias<\/em><\/p>\n<p><em><strong>Edi\u00e7\u00e3o:<\/strong> Marcus Vin\u00edcius Beck<\/em><\/p>\n<p>&nbsp;<\/p>\n<p><span style=\"font-weight: 400;\">Pesquisa de opini\u00e3o p\u00fablica realizada no munic\u00edpio de Catal\u00e3o, Estado de Goi\u00e1s, com uma amostra estratificada de 421 eleitores, no m\u00eas de dezembro de 2019, sem registro no Tribunal Regional Eleitoral, como permite a legisla\u00e7\u00e3o em ano n\u00e3o eleitoral, revela que 46,40%\u00a0 dos entrevistados n\u00e3o votariam em um nome, nas elei\u00e7\u00f5es de outubro de 2020, com os suportes pol\u00edtico e institucional, do governador do Estado de Goi\u00e1s, Ronaldo Caiado [Democratas] Mais: 26,40% n\u00e3o sabem se iriam optar\u00a0 pelo candidato oficial da Casa Verde. Um cen\u00e1rio em aberto.<\/span><\/p>\n<p><span style=\"font-weight: 400;\">O prefeito de Catal\u00e3o, <\/span><b>Adib Elias<\/b><span style=\"font-weight: 400;\">, aparece na frente no levantamento estat\u00edstico espont\u00e2neo. O velho chefe do Executivo local atinge 5,90% das inten\u00e7\u00f5es de votos dos entrevistados. O deputado estadual <\/span><b>Gustavo Sebba<\/b><span style=\"font-weight: 400;\"> [PSDB], tucano de alta plumagem, \u00e9 o segundo colocado. Com 3,10% da prefer\u00eancia dos eleitores. N\u00e3o custa lembrar: jovem m\u00e9dico, o parlamentar nunca disputou uma elei\u00e7\u00e3o majorit\u00e1ria. Ex-prefeito, <\/span><b>Velomar Rios<\/b><span style=\"font-weight: 400;\"> e <\/span><b>Andr\u00e9 Solo<\/b><span style=\"font-weight: 400;\"> alcan\u00e7am 0,20. \u00c9 o que mostram os gr\u00e1ficos da <\/span><b>Objetiva\u00a0 Pesquisas<\/b><span style=\"font-weight: 400;\">. <\/span><b>Leovil Jr<\/b><span style=\"font-weight: 400;\"> traz o mesmo percentual estat\u00edstico.<\/span><\/p>\n<div id='gallery-1' class='gallery galleryid-3109 gallery-columns-3 gallery-size-thumbnail'><figure class='gallery-item'>\n\t\t\t<div class='gallery-icon landscape'>\n\t\t\t\t<a href='https:\/\/renatodias.online\/movimento\/2019\/12\/27\/adib-elias-lidera-rejeicao-gustavo-sebba-e-ameaca\/edilberto-de-castro-dias-pesquisa\/'><img loading=\"lazy\" decoding=\"async\" width=\"150\" height=\"150\" src=\"https:\/\/renatodias.online\/movimento\/wp-content\/uploads\/2019\/12\/Edilberto-de-Castro-Dias-Pesquisa-150x150.jpg\" class=\"attachment-thumbnail size-thumbnail\" alt=\"\" aria-describedby=\"gallery-1-3111\" \/><\/a>\n\t\t\t<\/div>\n\t\t\t\t<figcaption class='wp-caption-text gallery-caption' id='gallery-1-3111'>\n\t\t\t\tEdilberto de Castro Dias \n\t\t\t\t<\/figcaption><\/figure><figure class='gallery-item'>\n\t\t\t<div class='gallery-icon landscape'>\n\t\t\t\t<a href='https:\/\/renatodias.online\/movimento\/2019\/12\/27\/adib-elias-lidera-rejeicao-gustavo-sebba-e-ameaca\/giovanny-bueno-pesquisa\/'><img loading=\"lazy\" decoding=\"async\" width=\"150\" height=\"150\" src=\"https:\/\/renatodias.online\/movimento\/wp-content\/uploads\/2019\/12\/Giovanny-Bueno-Pesquisa-150x150.jpg\" class=\"attachment-thumbnail size-thumbnail\" alt=\"\" aria-describedby=\"gallery-1-3112\" \/><\/a>\n\t\t\t<\/div>\n\t\t\t\t<figcaption class='wp-caption-text gallery-caption' id='gallery-1-3112'>\n\t\t\t\tGiovanny Bueno\n\t\t\t\t<\/figcaption><\/figure><figure class='gallery-item'>\n\t\t\t<div class='gallery-icon landscape'>\n\t\t\t\t<a href='https:\/\/renatodias.online\/movimento\/2019\/12\/27\/adib-elias-lidera-rejeicao-gustavo-sebba-e-ameaca\/gustavo-sebba-pesquisa\/'><img loading=\"lazy\" decoding=\"async\" width=\"150\" height=\"150\" src=\"https:\/\/renatodias.online\/movimento\/wp-content\/uploads\/2019\/12\/Gustavo-Sebba-Pesquisa-150x150.jpg\" class=\"attachment-thumbnail size-thumbnail\" alt=\"\" aria-describedby=\"gallery-1-3113\" \/><\/a>\n\t\t\t<\/div>\n\t\t\t\t<figcaption class='wp-caption-text gallery-caption' id='gallery-1-3113'>\n\t\t\t\tGustavo Sebba\n\t\t\t\t<\/figcaption><\/figure><figure class='gallery-item'>\n\t\t\t<div class='gallery-icon landscape'>\n\t\t\t\t<a href='https:\/\/renatodias.online\/movimento\/2019\/12\/27\/adib-elias-lidera-rejeicao-gustavo-sebba-e-ameaca\/ronaldo-caiado-pesquisa\/'><img loading=\"lazy\" decoding=\"async\" width=\"150\" height=\"150\" src=\"https:\/\/renatodias.online\/movimento\/wp-content\/uploads\/2019\/12\/Ronaldo-Caiado-Pesquisa-e1687443304232-150x150.jpg\" class=\"attachment-thumbnail size-thumbnail\" alt=\"\" aria-describedby=\"gallery-1-3114\" \/><\/a>\n\t\t\t<\/div>\n\t\t\t\t<figcaption class='wp-caption-text gallery-caption' id='gallery-1-3114'>\n\t\t\t\tRonaldo Caiado\n\t\t\t\t<\/figcaption><\/figure>\n\t\t<\/div>\n\n<p><span style=\"font-weight: 400;\">Com a exclus\u00e3o, no question\u00e1rio formulado ao entrevistado, na cidade de Catal\u00e3o, das op\u00e7\u00f5es de respostas como, por exemplo, nulo, branco, n\u00e3o sabe ou n\u00e3o avaliou, Adib Elias, dissidente do MDB, alcan\u00e7aria a marca de 57,10 por cento. J\u00e1 Gustavo Sebba subiria para 33,30\u00a0 por cento. O restante, 2, 40. Com a pesquisa estimulada, com a apresenta\u00e7\u00e3o de uma lista pr\u00e9via com os nomes dos pr\u00e9 \u2013 candidatos ao Governo Local, Gustavo Sebba cresce, encostaria\u00a0 em Adib Elias e a diferen\u00e7a seria de 26,90% a 17,40%. Indecisos &#8211; n\u00e3o sabem ou n\u00e3o avaliaram &#8211; 29,80%<\/span><\/p>\n<p><b>O que diz a legisla\u00e7\u00e3o<\/b><\/p>\n<p><span style=\"font-weight: 400;\">Com a exclus\u00e3o das op\u00e7\u00f5es de nulo ou branco, n\u00e3o sabe ou n\u00e3o avaliou ainda, a disputa entre Adib Elias e Gustavo Sebba \u00e9 de 46,10% a 29%. O atual prefeito de Catal\u00e3o apresenta, hoje, em dezembro de 2019, a 10 meses das elei\u00e7\u00f5es, o maior \u00edndice de rejei\u00e7\u00e3o. A Objetiva\u00a0 Pesquisas teria detectado 8,10%. O levantamento com 421 eleitores entrevistou 48,70% de\u00a0 pessoas do sexo masculino e 51,30% do sexo feminino. Os dados foram tabulados no dia 5 de dezembro. Advogados especialistas em legisla\u00e7\u00e3o eleitoral, <\/span><b>Giovanny Bueno e Edilberto de Castro Dias<\/b><span style=\"font-weight: 400;\"> informam ainda que a pesquisa pode ser divulgada, sem registro no TER, at\u00e9 31 de dezembro.<\/span><\/p>\n<table>\n<tbody>\n<tr>\n<td colspan=\"5\"><\/td>\n<td><\/td>\n<\/tr>\n<tr>\n<td><\/td>\n<td>\n<table>\n<tbody>\n<tr>\n<td><\/td>\n<\/tr>\n<\/tbody>\n<\/table>\n<\/td>\n<td><\/td>\n<td><\/td>\n<\/tr>\n<\/tbody>\n<\/table>\n","protected":false},"excerpt":{"rendered":"<p>&nbsp; Texto: Renato Dias Edi\u00e7\u00e3o: Marcus Vin\u00edcius Beck &nbsp; Pesquisa de opini\u00e3o p\u00fablica realizada no munic\u00edpio de Catal\u00e3o, Estado de Goi\u00e1s, com uma amostra estratificada de 421 eleitores, no m\u00eas de dezembro de 2019, sem registro no Tribunal Regional Eleitoral, como permite a legisla\u00e7\u00e3o em ano n\u00e3o eleitoral, revela que 46,40%\u00a0 dos entrevistados n\u00e3o votariam<\/p>\n","protected":false},"author":6,"featured_media":3110,"comment_status":"open","ping_status":"open","sticky":false,"template":"","format":"gallery","meta":{"_acf_changed":false,"_monsterinsights_skip_tracking":false,"_monsterinsights_sitenote_active":false,"_monsterinsights_sitenote_note":"","_monsterinsights_sitenote_category":0,"footnotes":""},"categories":[4],"tags":[61],"class_list":["post-3109","post","type-post","status-publish","format-gallery","has-post-thumbnail","hentry","category-politica","tag-exclusivo","post_format-post-format-gallery"],"acf":[],"yoast_head":"<!-- This site is optimized with the Yoast SEO plugin v27.4 - https:\/\/yoast.com\/product\/yoast-seo-wordpress\/ -->\n<title>Adib Elias lidera rejei\u00e7\u00e3o. Gustavo Sebba \u00e9 amea\u00e7a -<\/title>\n<meta name=\"robots\" content=\"index, follow, max-snippet:-1, max-image-preview:large, max-video-preview:-1\" \/>\n<link rel=\"canonical\" href=\"https:\/\/renatodias.online\/movimento\/2019\/12\/27\/adib-elias-lidera-rejeicao-gustavo-sebba-e-ameaca\/\" \/>\n<meta property=\"og:locale\" content=\"pt_BR\" \/>\n<meta property=\"og:type\" content=\"article\" \/>\n<meta property=\"og:title\" content=\"Adib Elias lidera rejei\u00e7\u00e3o. Gustavo Sebba \u00e9 amea\u00e7a -\" \/>\n<meta property=\"og:description\" content=\"&nbsp; Texto: Renato Dias Edi\u00e7\u00e3o: Marcus Vin\u00edcius Beck &nbsp; Pesquisa de opini\u00e3o p\u00fablica realizada no munic\u00edpio de Catal\u00e3o, Estado de Goi\u00e1s, com uma amostra estratificada de 421 eleitores, no m\u00eas de dezembro de 2019, sem registro no Tribunal Regional Eleitoral, como permite a legisla\u00e7\u00e3o em ano n\u00e3o eleitoral, revela que 46,40%\u00a0 dos entrevistados n\u00e3o votariam\" \/>\n<meta property=\"og:url\" content=\"https:\/\/renatodias.online\/movimento\/2019\/12\/27\/adib-elias-lidera-rejeicao-gustavo-sebba-e-ameaca\/\" \/>\n<meta property=\"article:publisher\" content=\"https:\/\/www.facebook.com\/renato.dias.37\" \/>\n<meta property=\"article:published_time\" content=\"2019-12-28T01:55:54+00:00\" \/>\n<meta property=\"article:modified_time\" content=\"2019-12-28T01:59:51+00:00\" \/>\n<meta property=\"og:image\" content=\"https:\/\/renatodias.online\/movimento\/wp-content\/uploads\/2019\/12\/Adib-Elias-Pesquisa.jpg\" \/>\n\t<meta property=\"og:image:width\" content=\"600\" \/>\n\t<meta property=\"og:image:height\" content=\"539\" \/>\n\t<meta property=\"og:image:type\" content=\"image\/jpeg\" \/>\n<meta name=\"author\" content=\"Marcus Vini Beck\" \/>\n<meta name=\"twitter:card\" content=\"summary_large_image\" \/>\n<meta name=\"twitter:creator\" content=\"@RenatoDiasBat\" \/>\n<meta name=\"twitter:site\" content=\"@RenatoDiasBat\" \/>\n<meta name=\"twitter:label1\" content=\"Escrito por\" \/>\n\t<meta name=\"twitter:data1\" content=\"Marcus Vini Beck\" \/>\n\t<meta name=\"twitter:label2\" content=\"Est. tempo de leitura\" \/>\n\t<meta name=\"twitter:data2\" content=\"2 minutos\" \/>\n<script type=\"application\/ld+json\" class=\"yoast-schema-graph\">{\"@context\":\"https:\\\/\\\/schema.org\",\"@graph\":[{\"@type\":\"Article\",\"@id\":\"https:\\\/\\\/renatodias.online\\\/movimento\\\/2019\\\/12\\\/27\\\/adib-elias-lidera-rejeicao-gustavo-sebba-e-ameaca\\\/#article\",\"isPartOf\":{\"@id\":\"https:\\\/\\\/renatodias.online\\\/movimento\\\/2019\\\/12\\\/27\\\/adib-elias-lidera-rejeicao-gustavo-sebba-e-ameaca\\\/\"},\"author\":{\"name\":\"Marcus Vini Beck\",\"@id\":\"https:\\\/\\\/renatodias.online\\\/movimento\\\/#\\\/schema\\\/person\\\/771c07cc4ec4733e906d2249dbadce3f\"},\"headline\":\"Adib Elias lidera rejei\u00e7\u00e3o. Gustavo Sebba \u00e9 amea\u00e7a\",\"datePublished\":\"2019-12-28T01:55:54+00:00\",\"dateModified\":\"2019-12-28T01:59:51+00:00\",\"mainEntityOfPage\":{\"@id\":\"https:\\\/\\\/renatodias.online\\\/movimento\\\/2019\\\/12\\\/27\\\/adib-elias-lidera-rejeicao-gustavo-sebba-e-ameaca\\\/\"},\"wordCount\":419,\"commentCount\":0,\"publisher\":{\"@id\":\"https:\\\/\\\/renatodias.online\\\/movimento\\\/#\\\/schema\\\/person\\\/bbab28833b1725a20f4083f49f1fb2a9\"},\"image\":{\"@id\":\"https:\\\/\\\/renatodias.online\\\/movimento\\\/2019\\\/12\\\/27\\\/adib-elias-lidera-rejeicao-gustavo-sebba-e-ameaca\\\/#primaryimage\"},\"thumbnailUrl\":\"https:\\\/\\\/renatodias.online\\\/movimento\\\/wp-content\\\/uploads\\\/2019\\\/12\\\/Adib-Elias-Pesquisa.jpg\",\"keywords\":[\"Exclusivo\"],\"articleSection\":[\"Pol\u00edtica\"],\"inLanguage\":\"pt-BR\",\"potentialAction\":[{\"@type\":\"CommentAction\",\"name\":\"Comment\",\"target\":[\"https:\\\/\\\/renatodias.online\\\/movimento\\\/2019\\\/12\\\/27\\\/adib-elias-lidera-rejeicao-gustavo-sebba-e-ameaca\\\/#respond\"]}]},{\"@type\":\"WebPage\",\"@id\":\"https:\\\/\\\/renatodias.online\\\/movimento\\\/2019\\\/12\\\/27\\\/adib-elias-lidera-rejeicao-gustavo-sebba-e-ameaca\\\/\",\"url\":\"https:\\\/\\\/renatodias.online\\\/movimento\\\/2019\\\/12\\\/27\\\/adib-elias-lidera-rejeicao-gustavo-sebba-e-ameaca\\\/\",\"name\":\"Adib Elias lidera rejei\u00e7\u00e3o. Gustavo Sebba \u00e9 amea\u00e7a -\",\"isPartOf\":{\"@id\":\"https:\\\/\\\/renatodias.online\\\/movimento\\\/#website\"},\"primaryImageOfPage\":{\"@id\":\"https:\\\/\\\/renatodias.online\\\/movimento\\\/2019\\\/12\\\/27\\\/adib-elias-lidera-rejeicao-gustavo-sebba-e-ameaca\\\/#primaryimage\"},\"image\":{\"@id\":\"https:\\\/\\\/renatodias.online\\\/movimento\\\/2019\\\/12\\\/27\\\/adib-elias-lidera-rejeicao-gustavo-sebba-e-ameaca\\\/#primaryimage\"},\"thumbnailUrl\":\"https:\\\/\\\/renatodias.online\\\/movimento\\\/wp-content\\\/uploads\\\/2019\\\/12\\\/Adib-Elias-Pesquisa.jpg\",\"datePublished\":\"2019-12-28T01:55:54+00:00\",\"dateModified\":\"2019-12-28T01:59:51+00:00\",\"breadcrumb\":{\"@id\":\"https:\\\/\\\/renatodias.online\\\/movimento\\\/2019\\\/12\\\/27\\\/adib-elias-lidera-rejeicao-gustavo-sebba-e-ameaca\\\/#breadcrumb\"},\"inLanguage\":\"pt-BR\",\"potentialAction\":[{\"@type\":\"ReadAction\",\"target\":[\"https:\\\/\\\/renatodias.online\\\/movimento\\\/2019\\\/12\\\/27\\\/adib-elias-lidera-rejeicao-gustavo-sebba-e-ameaca\\\/\"]}]},{\"@type\":\"ImageObject\",\"inLanguage\":\"pt-BR\",\"@id\":\"https:\\\/\\\/renatodias.online\\\/movimento\\\/2019\\\/12\\\/27\\\/adib-elias-lidera-rejeicao-gustavo-sebba-e-ameaca\\\/#primaryimage\",\"url\":\"https:\\\/\\\/renatodias.online\\\/movimento\\\/wp-content\\\/uploads\\\/2019\\\/12\\\/Adib-Elias-Pesquisa.jpg\",\"contentUrl\":\"https:\\\/\\\/renatodias.online\\\/movimento\\\/wp-content\\\/uploads\\\/2019\\\/12\\\/Adib-Elias-Pesquisa.jpg\",\"width\":600,\"height\":539,\"caption\":\"Adib Elias - Foto: Reprodu\u00e7\u00e3o\"},{\"@type\":\"BreadcrumbList\",\"@id\":\"https:\\\/\\\/renatodias.online\\\/movimento\\\/2019\\\/12\\\/27\\\/adib-elias-lidera-rejeicao-gustavo-sebba-e-ameaca\\\/#breadcrumb\",\"itemListElement\":[{\"@type\":\"ListItem\",\"position\":1,\"name\":\"In\u00edcio\",\"item\":\"https:\\\/\\\/renatodias.online\\\/movimento\\\/\"},{\"@type\":\"ListItem\",\"position\":2,\"name\":\"Adib Elias lidera rejei\u00e7\u00e3o. Gustavo Sebba \u00e9 amea\u00e7a\"}]},{\"@type\":\"WebSite\",\"@id\":\"https:\\\/\\\/renatodias.online\\\/movimento\\\/#website\",\"url\":\"https:\\\/\\\/renatodias.online\\\/movimento\\\/\",\"name\":\"\",\"description\":\"\",\"publisher\":{\"@id\":\"https:\\\/\\\/renatodias.online\\\/movimento\\\/#\\\/schema\\\/person\\\/bbab28833b1725a20f4083f49f1fb2a9\"},\"potentialAction\":[{\"@type\":\"SearchAction\",\"target\":{\"@type\":\"EntryPoint\",\"urlTemplate\":\"https:\\\/\\\/renatodias.online\\\/movimento\\\/?s={search_term_string}\"},\"query-input\":{\"@type\":\"PropertyValueSpecification\",\"valueRequired\":true,\"valueName\":\"search_term_string\"}}],\"inLanguage\":\"pt-BR\"},{\"@type\":[\"Person\",\"Organization\"],\"@id\":\"https:\\\/\\\/renatodias.online\\\/movimento\\\/#\\\/schema\\\/person\\\/bbab28833b1725a20f4083f49f1fb2a9\",\"name\":\"Renato Dias\",\"image\":{\"@type\":\"ImageObject\",\"inLanguage\":\"pt-BR\",\"@id\":\"https:\\\/\\\/renatodias.online\\\/movimento\\\/wp-content\\\/uploads\\\/2023\\\/03\\\/cropped-cropped-cropped-logofinal.jpeg\",\"url\":\"https:\\\/\\\/renatodias.online\\\/movimento\\\/wp-content\\\/uploads\\\/2023\\\/03\\\/cropped-cropped-cropped-logofinal.jpeg\",\"contentUrl\":\"https:\\\/\\\/renatodias.online\\\/movimento\\\/wp-content\\\/uploads\\\/2023\\\/03\\\/cropped-cropped-cropped-logofinal.jpeg\",\"width\":1280,\"height\":219,\"caption\":\"Renato Dias\"},\"logo\":{\"@id\":\"https:\\\/\\\/renatodias.online\\\/movimento\\\/wp-content\\\/uploads\\\/2023\\\/03\\\/cropped-cropped-cropped-logofinal.jpeg\"},\"description\":\"Renato Dias, 58 anos, \u00e9 graduado em Jornalismo, formado em Ci\u00eancias Sociais, com p\u00f3s-gradua\u00e7\u00e3o em Pol\u00edticas P\u00fablicas, mestre em Direito e Rela\u00e7\u00f5es Internacionais, ex-aluno extraordin\u00e1rio do Doutorado em Psicologia Social, ex-estudante do Curso de Psican\u00e1lise do Centro de Estudos Psicanal\u00edticos do Estado de Goi\u00e1s, ministrado pelo m\u00e9dico psiquiatra e psicanalista Daniel Em\u00eddio de Souza. \u00c9 autor de 30 livros-reportagem, oito document\u00e1rios, ganhou 30 pr\u00eamios e \u00e9 torcedor apaixonado do maior do Centro-Oeste, o Vila Nova Futebol Clube. Casado com Meirilane Dias, \u00e9 pai de Juliana Dias, jornalista; Daniel Dias, economista; e Maria Rosa Dias, estudante antifascista, socialista e trotskista.\u00a0Com tr\u00eas pets: Porquinho [Bull Dog Franc\u00eas], Dalila [Basset Hound] e Geleia [Basset Hound]. Al\u00e9m do eterno gato Tutuquinho, que virou estrela.\",\"sameAs\":[\"https:\\\/\\\/www.facebook.com\\\/renato.dias.37\",\"#breve\",\"https:\\\/\\\/renatodias.tumblr.com\\\/\"]},{\"@type\":\"Person\",\"@id\":\"https:\\\/\\\/renatodias.online\\\/movimento\\\/#\\\/schema\\\/person\\\/771c07cc4ec4733e906d2249dbadce3f\",\"name\":\"Marcus Vini Beck\",\"image\":{\"@type\":\"ImageObject\",\"inLanguage\":\"pt-BR\",\"@id\":\"https:\\\/\\\/secure.gravatar.com\\\/avatar\\\/975fc2a8faf646f31f7b251e464c44a705879d2cac18056088b62a41d2b2e9cb?s=96&d=mm&r=g\",\"url\":\"https:\\\/\\\/secure.gravatar.com\\\/avatar\\\/975fc2a8faf646f31f7b251e464c44a705879d2cac18056088b62a41d2b2e9cb?s=96&d=mm&r=g\",\"contentUrl\":\"https:\\\/\\\/secure.gravatar.com\\\/avatar\\\/975fc2a8faf646f31f7b251e464c44a705879d2cac18056088b62a41d2b2e9cb?s=96&d=mm&r=g\",\"caption\":\"Marcus Vini Beck\"},\"url\":\"https:\\\/\\\/renatodias.online\\\/movimento\\\/author\\\/mvbeck\\\/\"}]}<\/script>\n<!-- \/ Yoast SEO plugin. -->","yoast_head_json":{"title":"Adib Elias lidera rejei\u00e7\u00e3o. Gustavo Sebba \u00e9 amea\u00e7a -","robots":{"index":"index","follow":"follow","max-snippet":"max-snippet:-1","max-image-preview":"max-image-preview:large","max-video-preview":"max-video-preview:-1"},"canonical":"https:\/\/renatodias.online\/movimento\/2019\/12\/27\/adib-elias-lidera-rejeicao-gustavo-sebba-e-ameaca\/","og_locale":"pt_BR","og_type":"article","og_title":"Adib Elias lidera rejei\u00e7\u00e3o. Gustavo Sebba \u00e9 amea\u00e7a -","og_description":"&nbsp; Texto: Renato Dias Edi\u00e7\u00e3o: Marcus Vin\u00edcius Beck &nbsp; Pesquisa de opini\u00e3o p\u00fablica realizada no munic\u00edpio de Catal\u00e3o, Estado de Goi\u00e1s, com uma amostra estratificada de 421 eleitores, no m\u00eas de dezembro de 2019, sem registro no Tribunal Regional Eleitoral, como permite a legisla\u00e7\u00e3o em ano n\u00e3o eleitoral, revela que 46,40%\u00a0 dos entrevistados n\u00e3o votariam","og_url":"https:\/\/renatodias.online\/movimento\/2019\/12\/27\/adib-elias-lidera-rejeicao-gustavo-sebba-e-ameaca\/","article_publisher":"https:\/\/www.facebook.com\/renato.dias.37","article_published_time":"2019-12-28T01:55:54+00:00","article_modified_time":"2019-12-28T01:59:51+00:00","og_image":[{"width":600,"height":539,"url":"https:\/\/renatodias.online\/movimento\/wp-content\/uploads\/2019\/12\/Adib-Elias-Pesquisa.jpg","type":"image\/jpeg"}],"author":"Marcus Vini Beck","twitter_card":"summary_large_image","twitter_creator":"@RenatoDiasBat","twitter_site":"@RenatoDiasBat","twitter_misc":{"Escrito por":"Marcus Vini Beck","Est. tempo de leitura":"2 minutos"},"schema":{"@context":"https:\/\/schema.org","@graph":[{"@type":"Article","@id":"https:\/\/renatodias.online\/movimento\/2019\/12\/27\/adib-elias-lidera-rejeicao-gustavo-sebba-e-ameaca\/#article","isPartOf":{"@id":"https:\/\/renatodias.online\/movimento\/2019\/12\/27\/adib-elias-lidera-rejeicao-gustavo-sebba-e-ameaca\/"},"author":{"name":"Marcus Vini Beck","@id":"https:\/\/renatodias.online\/movimento\/#\/schema\/person\/771c07cc4ec4733e906d2249dbadce3f"},"headline":"Adib Elias lidera rejei\u00e7\u00e3o. Gustavo Sebba \u00e9 amea\u00e7a","datePublished":"2019-12-28T01:55:54+00:00","dateModified":"2019-12-28T01:59:51+00:00","mainEntityOfPage":{"@id":"https:\/\/renatodias.online\/movimento\/2019\/12\/27\/adib-elias-lidera-rejeicao-gustavo-sebba-e-ameaca\/"},"wordCount":419,"commentCount":0,"publisher":{"@id":"https:\/\/renatodias.online\/movimento\/#\/schema\/person\/bbab28833b1725a20f4083f49f1fb2a9"},"image":{"@id":"https:\/\/renatodias.online\/movimento\/2019\/12\/27\/adib-elias-lidera-rejeicao-gustavo-sebba-e-ameaca\/#primaryimage"},"thumbnailUrl":"https:\/\/renatodias.online\/movimento\/wp-content\/uploads\/2019\/12\/Adib-Elias-Pesquisa.jpg","keywords":["Exclusivo"],"articleSection":["Pol\u00edtica"],"inLanguage":"pt-BR","potentialAction":[{"@type":"CommentAction","name":"Comment","target":["https:\/\/renatodias.online\/movimento\/2019\/12\/27\/adib-elias-lidera-rejeicao-gustavo-sebba-e-ameaca\/#respond"]}]},{"@type":"WebPage","@id":"https:\/\/renatodias.online\/movimento\/2019\/12\/27\/adib-elias-lidera-rejeicao-gustavo-sebba-e-ameaca\/","url":"https:\/\/renatodias.online\/movimento\/2019\/12\/27\/adib-elias-lidera-rejeicao-gustavo-sebba-e-ameaca\/","name":"Adib Elias lidera rejei\u00e7\u00e3o. Gustavo Sebba \u00e9 amea\u00e7a -","isPartOf":{"@id":"https:\/\/renatodias.online\/movimento\/#website"},"primaryImageOfPage":{"@id":"https:\/\/renatodias.online\/movimento\/2019\/12\/27\/adib-elias-lidera-rejeicao-gustavo-sebba-e-ameaca\/#primaryimage"},"image":{"@id":"https:\/\/renatodias.online\/movimento\/2019\/12\/27\/adib-elias-lidera-rejeicao-gustavo-sebba-e-ameaca\/#primaryimage"},"thumbnailUrl":"https:\/\/renatodias.online\/movimento\/wp-content\/uploads\/2019\/12\/Adib-Elias-Pesquisa.jpg","datePublished":"2019-12-28T01:55:54+00:00","dateModified":"2019-12-28T01:59:51+00:00","breadcrumb":{"@id":"https:\/\/renatodias.online\/movimento\/2019\/12\/27\/adib-elias-lidera-rejeicao-gustavo-sebba-e-ameaca\/#breadcrumb"},"inLanguage":"pt-BR","potentialAction":[{"@type":"ReadAction","target":["https:\/\/renatodias.online\/movimento\/2019\/12\/27\/adib-elias-lidera-rejeicao-gustavo-sebba-e-ameaca\/"]}]},{"@type":"ImageObject","inLanguage":"pt-BR","@id":"https:\/\/renatodias.online\/movimento\/2019\/12\/27\/adib-elias-lidera-rejeicao-gustavo-sebba-e-ameaca\/#primaryimage","url":"https:\/\/renatodias.online\/movimento\/wp-content\/uploads\/2019\/12\/Adib-Elias-Pesquisa.jpg","contentUrl":"https:\/\/renatodias.online\/movimento\/wp-content\/uploads\/2019\/12\/Adib-Elias-Pesquisa.jpg","width":600,"height":539,"caption":"Adib Elias - Foto: Reprodu\u00e7\u00e3o"},{"@type":"BreadcrumbList","@id":"https:\/\/renatodias.online\/movimento\/2019\/12\/27\/adib-elias-lidera-rejeicao-gustavo-sebba-e-ameaca\/#breadcrumb","itemListElement":[{"@type":"ListItem","position":1,"name":"In\u00edcio","item":"https:\/\/renatodias.online\/movimento\/"},{"@type":"ListItem","position":2,"name":"Adib Elias lidera rejei\u00e7\u00e3o. Gustavo Sebba \u00e9 amea\u00e7a"}]},{"@type":"WebSite","@id":"https:\/\/renatodias.online\/movimento\/#website","url":"https:\/\/renatodias.online\/movimento\/","name":"","description":"","publisher":{"@id":"https:\/\/renatodias.online\/movimento\/#\/schema\/person\/bbab28833b1725a20f4083f49f1fb2a9"},"potentialAction":[{"@type":"SearchAction","target":{"@type":"EntryPoint","urlTemplate":"https:\/\/renatodias.online\/movimento\/?s={search_term_string}"},"query-input":{"@type":"PropertyValueSpecification","valueRequired":true,"valueName":"search_term_string"}}],"inLanguage":"pt-BR"},{"@type":["Person","Organization"],"@id":"https:\/\/renatodias.online\/movimento\/#\/schema\/person\/bbab28833b1725a20f4083f49f1fb2a9","name":"Renato Dias","image":{"@type":"ImageObject","inLanguage":"pt-BR","@id":"https:\/\/renatodias.online\/movimento\/wp-content\/uploads\/2023\/03\/cropped-cropped-cropped-logofinal.jpeg","url":"https:\/\/renatodias.online\/movimento\/wp-content\/uploads\/2023\/03\/cropped-cropped-cropped-logofinal.jpeg","contentUrl":"https:\/\/renatodias.online\/movimento\/wp-content\/uploads\/2023\/03\/cropped-cropped-cropped-logofinal.jpeg","width":1280,"height":219,"caption":"Renato Dias"},"logo":{"@id":"https:\/\/renatodias.online\/movimento\/wp-content\/uploads\/2023\/03\/cropped-cropped-cropped-logofinal.jpeg"},"description":"Renato Dias, 58 anos, \u00e9 graduado em Jornalismo, formado em Ci\u00eancias Sociais, com p\u00f3s-gradua\u00e7\u00e3o em Pol\u00edticas P\u00fablicas, mestre em Direito e Rela\u00e7\u00f5es Internacionais, ex-aluno extraordin\u00e1rio do Doutorado em Psicologia Social, ex-estudante do Curso de Psican\u00e1lise do Centro de Estudos Psicanal\u00edticos do Estado de Goi\u00e1s, ministrado pelo m\u00e9dico psiquiatra e psicanalista Daniel Em\u00eddio de Souza. \u00c9 autor de 30 livros-reportagem, oito document\u00e1rios, ganhou 30 pr\u00eamios e \u00e9 torcedor apaixonado do maior do Centro-Oeste, o Vila Nova Futebol Clube. Casado com Meirilane Dias, \u00e9 pai de Juliana Dias, jornalista; Daniel Dias, economista; e Maria Rosa Dias, estudante antifascista, socialista e trotskista.\u00a0Com tr\u00eas pets: Porquinho [Bull Dog Franc\u00eas], Dalila [Basset Hound] e Geleia [Basset Hound]. Al\u00e9m do eterno gato Tutuquinho, que virou estrela.","sameAs":["https:\/\/www.facebook.com\/renato.dias.37","#breve","https:\/\/renatodias.tumblr.com\/"]},{"@type":"Person","@id":"https:\/\/renatodias.online\/movimento\/#\/schema\/person\/771c07cc4ec4733e906d2249dbadce3f","name":"Marcus Vini Beck","image":{"@type":"ImageObject","inLanguage":"pt-BR","@id":"https:\/\/secure.gravatar.com\/avatar\/975fc2a8faf646f31f7b251e464c44a705879d2cac18056088b62a41d2b2e9cb?s=96&d=mm&r=g","url":"https:\/\/secure.gravatar.com\/avatar\/975fc2a8faf646f31f7b251e464c44a705879d2cac18056088b62a41d2b2e9cb?s=96&d=mm&r=g","contentUrl":"https:\/\/secure.gravatar.com\/avatar\/975fc2a8faf646f31f7b251e464c44a705879d2cac18056088b62a41d2b2e9cb?s=96&d=mm&r=g","caption":"Marcus Vini Beck"},"url":"https:\/\/renatodias.online\/movimento\/author\/mvbeck\/"}]}},"_links":{"self":[{"href":"https:\/\/renatodias.online\/movimento\/wp-json\/wp\/v2\/posts\/3109","targetHints":{"allow":["GET"]}}],"collection":[{"href":"https:\/\/renatodias.online\/movimento\/wp-json\/wp\/v2\/posts"}],"about":[{"href":"https:\/\/renatodias.online\/movimento\/wp-json\/wp\/v2\/types\/post"}],"author":[{"embeddable":true,"href":"https:\/\/renatodias.online\/movimento\/wp-json\/wp\/v2\/users\/6"}],"replies":[{"embeddable":true,"href":"https:\/\/renatodias.online\/movimento\/wp-json\/wp\/v2\/comments?post=3109"}],"version-history":[{"count":5,"href":"https:\/\/renatodias.online\/movimento\/wp-json\/wp\/v2\/posts\/3109\/revisions"}],"predecessor-version":[{"id":3120,"href":"https:\/\/renatodias.online\/movimento\/wp-json\/wp\/v2\/posts\/3109\/revisions\/3120"}],"wp:featuredmedia":[{"embeddable":true,"href":"https:\/\/renatodias.online\/movimento\/wp-json\/wp\/v2\/media\/3110"}],"wp:attachment":[{"href":"https:\/\/renatodias.online\/movimento\/wp-json\/wp\/v2\/media?parent=3109"}],"wp:term":[{"taxonomy":"category","embeddable":true,"href":"https:\/\/renatodias.online\/movimento\/wp-json\/wp\/v2\/categories?post=3109"},{"taxonomy":"post_tag","embeddable":true,"href":"https:\/\/renatodias.online\/movimento\/wp-json\/wp\/v2\/tags?post=3109"}],"curies":[{"name":"wp","href":"https:\/\/api.w.org\/{rel}","templated":true}]}}