{"id":3001,"date":"2019-11-06T20:02:39","date_gmt":"2019-11-06T23:02:39","guid":{"rendered":"https:\/\/renatodias.online\/movimento\/?p=3001"},"modified":"2019-11-06T20:17:41","modified_gmt":"2019-11-06T23:17:41","slug":"campeao-do-dragao-de-1947-e-homenageado-no-accioly","status":"publish","type":"post","link":"https:\/\/renatodias.online\/movimento\/2019\/11\/06\/campeao-do-dragao-de-1947-e-homenageado-no-accioly\/","title":{"rendered":"Campe\u00e3o do drag\u00e3o de 1947 \u00e9 homenageado no \u2018Accioly\u2019"},"content":{"rendered":"<p><strong><span style=\"color: #ff0000;\">Hist\u00f3ria rubro-negra<\/span><\/strong><\/p>\n<h2>Campe\u00e3o do drag\u00e3o de 1947 \u00e9 homenageado no \u2018Accioly\u2019<\/h2>\n<p>Roberto Salvador da Costa e Silva, hoje com 90 anos de idade, graduado em Direito, emocionou o Est\u00e1dio Ant\u00f4nio Accioly, na \u00faltima ter\u00e7a-feira, dia 5 de novembro de 2019, 18h45<\/p>\n<p>Renato Dias<br \/>\nCenter-alfe, uma express\u00e3o criada pelo futebol ingl\u00eas, adaptada no Brasil, uma esp\u00e9cie de segundo volante, no Tempo Presente, do Atl\u00e9tico Clube Goianiense, campe\u00e3o no tima\u00e7o de 1947, Roberto Salvador da Costa e Silva, hoje com 90 anos de idade, graduado em Direito, emocionou o Est\u00e1dio Ant\u00f4nio Accioly. Na \u00faltima ter\u00e7a-feira. Dia 5 de novembro de 2019: 18h45<\/p>\n<p>Adson Batista, presidente do rubro-negro da Campininha das Flores, lhe entregou uma camisa oficial da agremia\u00e7\u00e3o esportiva, que permanece em terceiro lugar no G-4. O Grupo de Acesso da S\u00e9rie B rumo \u00e0 elite do futebol nacional. Al\u00e9m de uma placa. Pelos servi\u00e7os hist\u00f3ricos prestados aos apaixonados pela equipe. Sob l\u00e1grimas e uma forte como\u00e7\u00e3o. Da arquibancada.<\/p>\n<p><img loading=\"lazy\" decoding=\"async\" class=\"alignnone size-full wp-image-3003\" src=\"https:\/\/renatodias.online\/movimento\/wp-content\/uploads\/2019\/11\/WhatsApp-Image-2019-11-06-at-19.09.43.jpeg\" alt=\"\" width=\"591\" height=\"1280\" srcset=\"https:\/\/renatodias.online\/movimento\/wp-content\/uploads\/2019\/11\/WhatsApp-Image-2019-11-06-at-19.09.43.jpeg 591w, https:\/\/renatodias.online\/movimento\/wp-content\/uploads\/2019\/11\/WhatsApp-Image-2019-11-06-at-19.09.43-139x300.jpeg 139w, https:\/\/renatodias.online\/movimento\/wp-content\/uploads\/2019\/11\/WhatsApp-Image-2019-11-06-at-19.09.43-473x1024.jpeg 473w\" sizes=\"auto, (max-width: 591px) 100vw, 591px\" \/><\/p>\n<p><strong>Perfil hist\u00f3rico<\/strong><\/p>\n<p>Roberto Salvador da Costa e Silva \u00e9 ex-vice-presidente da Associa\u00e7\u00e3o dos Cronistas Esportivos do Estado de Goi\u00e1s. Ele trabalhou na Folha de Goyaz. Dos Di\u00e1rios Associados. De propriedade \u00e0 \u00e9poca de Assis Chateaubriand. O Chat\u00f4. Bar\u00e3o da comunica\u00e7\u00e3o. Assim como atuou na R\u00e1dio Anhanguera. \u00c9 pai de Jos\u00e9 Eduardo, ex &#8211; rep\u00f3rter esportivo, e av\u00f4 da bela &amp; cult Yael Setmayer.<br \/>\nO ato, simb\u00f3lico, foi costurado pelo ex-presidente da Assembleia Legislativa do Estado de Goi\u00e1s, deputado estadual por quatro mandatos, governador do Estado interino em duas oportunidades hist\u00f3ricas, ex-prefeito de Catal\u00e3o, m\u00e9dico e produtor rural, Jardel Sebba. Com o suporte de Gustavo Sebba, deputado estadual no exerc\u00edcio do segundo mandato e m\u00e9dico.<\/p>\n","protected":false},"excerpt":{"rendered":"<p>Hist\u00f3ria rubro-negra Campe\u00e3o do drag\u00e3o de 1947 \u00e9 homenageado no \u2018Accioly\u2019 Roberto Salvador da Costa e Silva, hoje com 90 anos de idade, graduado em Direito, emocionou o Est\u00e1dio Ant\u00f4nio Accioly, na \u00faltima ter\u00e7a-feira, dia 5 de novembro de 2019, 18h45 Renato Dias Center-alfe, uma express\u00e3o criada pelo futebol ingl\u00eas, adaptada no Brasil, uma esp\u00e9cie<\/p>\n","protected":false},"author":2,"featured_media":3002,"comment_status":"open","ping_status":"open","sticky":false,"template":"","format":"standard","meta":{"_acf_changed":false,"_monsterinsights_skip_tracking":false,"_monsterinsights_sitenote_active":false,"_monsterinsights_sitenote_note":"","_monsterinsights_sitenote_category":0,"footnotes":""},"categories":[33,15],"tags":[],"class_list":["post-3001","post","type-post","status-publish","format-standard","has-post-thumbnail","hentry","category-esporte","category-estilo-de-vida"],"acf":[],"yoast_head":"<!-- This site is optimized with the Yoast SEO plugin v27.4 - https:\/\/yoast.com\/product\/yoast-seo-wordpress\/ -->\n<title>Campe\u00e3o do drag\u00e3o de 1947 \u00e9 homenageado no \u2018Accioly\u2019 -<\/title>\n<meta name=\"robots\" content=\"index, follow, max-snippet:-1, max-image-preview:large, max-video-preview:-1\" \/>\n<link rel=\"canonical\" href=\"https:\/\/renatodias.online\/movimento\/2019\/11\/06\/campeao-do-dragao-de-1947-e-homenageado-no-accioly\/\" \/>\n<meta property=\"og:locale\" content=\"pt_BR\" \/>\n<meta property=\"og:type\" content=\"article\" \/>\n<meta property=\"og:title\" content=\"Campe\u00e3o do drag\u00e3o de 1947 \u00e9 homenageado no \u2018Accioly\u2019 -\" \/>\n<meta property=\"og:description\" content=\"Hist\u00f3ria rubro-negra Campe\u00e3o do drag\u00e3o de 1947 \u00e9 homenageado no \u2018Accioly\u2019 Roberto Salvador da Costa e Silva, hoje com 90 anos de idade, graduado em Direito, emocionou o Est\u00e1dio Ant\u00f4nio Accioly, na \u00faltima ter\u00e7a-feira, dia 5 de novembro de 2019, 18h45 Renato Dias Center-alfe, uma express\u00e3o criada pelo futebol ingl\u00eas, adaptada no Brasil, uma esp\u00e9cie\" \/>\n<meta property=\"og:url\" content=\"https:\/\/renatodias.online\/movimento\/2019\/11\/06\/campeao-do-dragao-de-1947-e-homenageado-no-accioly\/\" \/>\n<meta property=\"article:publisher\" content=\"https:\/\/www.facebook.com\/renato.dias.37\" \/>\n<meta property=\"article:author\" content=\"https:\/\/www.facebook.com\/renato.dias.37\" \/>\n<meta property=\"article:published_time\" content=\"2019-11-06T23:02:39+00:00\" \/>\n<meta property=\"article:modified_time\" content=\"2019-11-06T23:17:41+00:00\" \/>\n<meta property=\"og:image\" content=\"https:\/\/renatodias.online\/movimento\/wp-content\/uploads\/2019\/11\/WhatsApp-Image-2019-11-06-at-19.09.45.jpeg\" \/>\n\t<meta property=\"og:image:width\" content=\"591\" \/>\n\t<meta property=\"og:image:height\" content=\"1280\" \/>\n\t<meta property=\"og:image:type\" content=\"image\/jpeg\" \/>\n<meta name=\"author\" content=\"Renato Dias\" \/>\n<meta name=\"twitter:card\" content=\"summary_large_image\" \/>\n<meta name=\"twitter:creator\" content=\"@RenatoDiasBat\" \/>\n<meta name=\"twitter:site\" content=\"@RenatoDiasBat\" \/>\n<meta name=\"twitter:label1\" content=\"Escrito por\" \/>\n\t<meta name=\"twitter:data1\" content=\"Renato Dias\" \/>\n\t<meta name=\"twitter:label2\" content=\"Est. tempo de leitura\" \/>\n\t<meta name=\"twitter:data2\" content=\"1 minuto\" \/>\n<script type=\"application\/ld+json\" class=\"yoast-schema-graph\">{\"@context\":\"https:\\\/\\\/schema.org\",\"@graph\":[{\"@type\":\"Article\",\"@id\":\"https:\\\/\\\/renatodias.online\\\/movimento\\\/2019\\\/11\\\/06\\\/campeao-do-dragao-de-1947-e-homenageado-no-accioly\\\/#article\",\"isPartOf\":{\"@id\":\"https:\\\/\\\/renatodias.online\\\/movimento\\\/2019\\\/11\\\/06\\\/campeao-do-dragao-de-1947-e-homenageado-no-accioly\\\/\"},\"author\":{\"name\":\"Renato Dias\",\"@id\":\"https:\\\/\\\/renatodias.online\\\/movimento\\\/#\\\/schema\\\/person\\\/bbab28833b1725a20f4083f49f1fb2a9\"},\"headline\":\"Campe\u00e3o do drag\u00e3o de 1947 \u00e9 homenageado no \u2018Accioly\u2019\",\"datePublished\":\"2019-11-06T23:02:39+00:00\",\"dateModified\":\"2019-11-06T23:17:41+00:00\",\"mainEntityOfPage\":{\"@id\":\"https:\\\/\\\/renatodias.online\\\/movimento\\\/2019\\\/11\\\/06\\\/campeao-do-dragao-de-1947-e-homenageado-no-accioly\\\/\"},\"wordCount\":304,\"commentCount\":0,\"publisher\":{\"@id\":\"https:\\\/\\\/renatodias.online\\\/movimento\\\/#\\\/schema\\\/person\\\/bbab28833b1725a20f4083f49f1fb2a9\"},\"image\":{\"@id\":\"https:\\\/\\\/renatodias.online\\\/movimento\\\/2019\\\/11\\\/06\\\/campeao-do-dragao-de-1947-e-homenageado-no-accioly\\\/#primaryimage\"},\"thumbnailUrl\":\"https:\\\/\\\/renatodias.online\\\/movimento\\\/wp-content\\\/uploads\\\/2019\\\/11\\\/WhatsApp-Image-2019-11-06-at-19.09.45.jpeg\",\"articleSection\":[\"Esporte\",\"Estilo de Vida\"],\"inLanguage\":\"pt-BR\",\"potentialAction\":[{\"@type\":\"CommentAction\",\"name\":\"Comment\",\"target\":[\"https:\\\/\\\/renatodias.online\\\/movimento\\\/2019\\\/11\\\/06\\\/campeao-do-dragao-de-1947-e-homenageado-no-accioly\\\/#respond\"]}]},{\"@type\":\"WebPage\",\"@id\":\"https:\\\/\\\/renatodias.online\\\/movimento\\\/2019\\\/11\\\/06\\\/campeao-do-dragao-de-1947-e-homenageado-no-accioly\\\/\",\"url\":\"https:\\\/\\\/renatodias.online\\\/movimento\\\/2019\\\/11\\\/06\\\/campeao-do-dragao-de-1947-e-homenageado-no-accioly\\\/\",\"name\":\"Campe\u00e3o do drag\u00e3o de 1947 \u00e9 homenageado no \u2018Accioly\u2019 -\",\"isPartOf\":{\"@id\":\"https:\\\/\\\/renatodias.online\\\/movimento\\\/#website\"},\"primaryImageOfPage\":{\"@id\":\"https:\\\/\\\/renatodias.online\\\/movimento\\\/2019\\\/11\\\/06\\\/campeao-do-dragao-de-1947-e-homenageado-no-accioly\\\/#primaryimage\"},\"image\":{\"@id\":\"https:\\\/\\\/renatodias.online\\\/movimento\\\/2019\\\/11\\\/06\\\/campeao-do-dragao-de-1947-e-homenageado-no-accioly\\\/#primaryimage\"},\"thumbnailUrl\":\"https:\\\/\\\/renatodias.online\\\/movimento\\\/wp-content\\\/uploads\\\/2019\\\/11\\\/WhatsApp-Image-2019-11-06-at-19.09.45.jpeg\",\"datePublished\":\"2019-11-06T23:02:39+00:00\",\"dateModified\":\"2019-11-06T23:17:41+00:00\",\"breadcrumb\":{\"@id\":\"https:\\\/\\\/renatodias.online\\\/movimento\\\/2019\\\/11\\\/06\\\/campeao-do-dragao-de-1947-e-homenageado-no-accioly\\\/#breadcrumb\"},\"inLanguage\":\"pt-BR\",\"potentialAction\":[{\"@type\":\"ReadAction\",\"target\":[\"https:\\\/\\\/renatodias.online\\\/movimento\\\/2019\\\/11\\\/06\\\/campeao-do-dragao-de-1947-e-homenageado-no-accioly\\\/\"]}]},{\"@type\":\"ImageObject\",\"inLanguage\":\"pt-BR\",\"@id\":\"https:\\\/\\\/renatodias.online\\\/movimento\\\/2019\\\/11\\\/06\\\/campeao-do-dragao-de-1947-e-homenageado-no-accioly\\\/#primaryimage\",\"url\":\"https:\\\/\\\/renatodias.online\\\/movimento\\\/wp-content\\\/uploads\\\/2019\\\/11\\\/WhatsApp-Image-2019-11-06-at-19.09.45.jpeg\",\"contentUrl\":\"https:\\\/\\\/renatodias.online\\\/movimento\\\/wp-content\\\/uploads\\\/2019\\\/11\\\/WhatsApp-Image-2019-11-06-at-19.09.45.jpeg\",\"width\":591,\"height\":1280},{\"@type\":\"BreadcrumbList\",\"@id\":\"https:\\\/\\\/renatodias.online\\\/movimento\\\/2019\\\/11\\\/06\\\/campeao-do-dragao-de-1947-e-homenageado-no-accioly\\\/#breadcrumb\",\"itemListElement\":[{\"@type\":\"ListItem\",\"position\":1,\"name\":\"In\u00edcio\",\"item\":\"https:\\\/\\\/renatodias.online\\\/movimento\\\/\"},{\"@type\":\"ListItem\",\"position\":2,\"name\":\"Campe\u00e3o do drag\u00e3o de 1947 \u00e9 homenageado no \u2018Accioly\u2019\"}]},{\"@type\":\"WebSite\",\"@id\":\"https:\\\/\\\/renatodias.online\\\/movimento\\\/#website\",\"url\":\"https:\\\/\\\/renatodias.online\\\/movimento\\\/\",\"name\":\"\",\"description\":\"\",\"publisher\":{\"@id\":\"https:\\\/\\\/renatodias.online\\\/movimento\\\/#\\\/schema\\\/person\\\/bbab28833b1725a20f4083f49f1fb2a9\"},\"potentialAction\":[{\"@type\":\"SearchAction\",\"target\":{\"@type\":\"EntryPoint\",\"urlTemplate\":\"https:\\\/\\\/renatodias.online\\\/movimento\\\/?s={search_term_string}\"},\"query-input\":{\"@type\":\"PropertyValueSpecification\",\"valueRequired\":true,\"valueName\":\"search_term_string\"}}],\"inLanguage\":\"pt-BR\"},{\"@type\":[\"Person\",\"Organization\"],\"@id\":\"https:\\\/\\\/renatodias.online\\\/movimento\\\/#\\\/schema\\\/person\\\/bbab28833b1725a20f4083f49f1fb2a9\",\"name\":\"Renato Dias\",\"image\":{\"@type\":\"ImageObject\",\"inLanguage\":\"pt-BR\",\"@id\":\"https:\\\/\\\/renatodias.online\\\/movimento\\\/wp-content\\\/uploads\\\/2023\\\/03\\\/cropped-cropped-cropped-logofinal.jpeg\",\"url\":\"https:\\\/\\\/renatodias.online\\\/movimento\\\/wp-content\\\/uploads\\\/2023\\\/03\\\/cropped-cropped-cropped-logofinal.jpeg\",\"contentUrl\":\"https:\\\/\\\/renatodias.online\\\/movimento\\\/wp-content\\\/uploads\\\/2023\\\/03\\\/cropped-cropped-cropped-logofinal.jpeg\",\"width\":1280,\"height\":219,\"caption\":\"Renato Dias\"},\"logo\":{\"@id\":\"https:\\\/\\\/renatodias.online\\\/movimento\\\/wp-content\\\/uploads\\\/2023\\\/03\\\/cropped-cropped-cropped-logofinal.jpeg\"},\"description\":\"Renato Dias, 58 anos, \u00e9 graduado em Jornalismo, formado em Ci\u00eancias Sociais, com p\u00f3s-gradua\u00e7\u00e3o em Pol\u00edticas P\u00fablicas, mestre em Direito e Rela\u00e7\u00f5es Internacionais, ex-aluno extraordin\u00e1rio do Doutorado em Psicologia Social, ex-estudante do Curso de Psican\u00e1lise do Centro de Estudos Psicanal\u00edticos do Estado de Goi\u00e1s, ministrado pelo m\u00e9dico psiquiatra e psicanalista Daniel Em\u00eddio de Souza. \u00c9 autor de 30 livros-reportagem, oito document\u00e1rios, ganhou 30 pr\u00eamios e \u00e9 torcedor apaixonado do maior do Centro-Oeste, o Vila Nova Futebol Clube. Casado com Meirilane Dias, \u00e9 pai de Juliana Dias, jornalista; Daniel Dias, economista; e Maria Rosa Dias, estudante antifascista, socialista e trotskista.\u00a0Com tr\u00eas pets: Porquinho [Bull Dog Franc\u00eas], Dalila [Basset Hound] e Geleia [Basset Hound]. Al\u00e9m do eterno gato Tutuquinho, que virou estrela.\",\"sameAs\":[\"https:\\\/\\\/www.facebook.com\\\/renato.dias.37\",\"#breve\",\"https:\\\/\\\/renatodias.tumblr.com\\\/\"],\"url\":\"https:\\\/\\\/renatodias.online\\\/movimento\\\/author\\\/renatodias\\\/\"}]}<\/script>\n<!-- \/ Yoast SEO plugin. -->","yoast_head_json":{"title":"Campe\u00e3o do drag\u00e3o de 1947 \u00e9 homenageado no \u2018Accioly\u2019 -","robots":{"index":"index","follow":"follow","max-snippet":"max-snippet:-1","max-image-preview":"max-image-preview:large","max-video-preview":"max-video-preview:-1"},"canonical":"https:\/\/renatodias.online\/movimento\/2019\/11\/06\/campeao-do-dragao-de-1947-e-homenageado-no-accioly\/","og_locale":"pt_BR","og_type":"article","og_title":"Campe\u00e3o do drag\u00e3o de 1947 \u00e9 homenageado no \u2018Accioly\u2019 -","og_description":"Hist\u00f3ria rubro-negra Campe\u00e3o do drag\u00e3o de 1947 \u00e9 homenageado no \u2018Accioly\u2019 Roberto Salvador da Costa e Silva, hoje com 90 anos de idade, graduado em Direito, emocionou o Est\u00e1dio Ant\u00f4nio Accioly, na \u00faltima ter\u00e7a-feira, dia 5 de novembro de 2019, 18h45 Renato Dias Center-alfe, uma express\u00e3o criada pelo futebol ingl\u00eas, adaptada no Brasil, uma esp\u00e9cie","og_url":"https:\/\/renatodias.online\/movimento\/2019\/11\/06\/campeao-do-dragao-de-1947-e-homenageado-no-accioly\/","article_publisher":"https:\/\/www.facebook.com\/renato.dias.37","article_author":"https:\/\/www.facebook.com\/renato.dias.37","article_published_time":"2019-11-06T23:02:39+00:00","article_modified_time":"2019-11-06T23:17:41+00:00","og_image":[{"width":591,"height":1280,"url":"https:\/\/renatodias.online\/movimento\/wp-content\/uploads\/2019\/11\/WhatsApp-Image-2019-11-06-at-19.09.45.jpeg","type":"image\/jpeg"}],"author":"Renato Dias","twitter_card":"summary_large_image","twitter_creator":"@RenatoDiasBat","twitter_site":"@RenatoDiasBat","twitter_misc":{"Escrito por":"Renato Dias","Est. tempo de leitura":"1 minuto"},"schema":{"@context":"https:\/\/schema.org","@graph":[{"@type":"Article","@id":"https:\/\/renatodias.online\/movimento\/2019\/11\/06\/campeao-do-dragao-de-1947-e-homenageado-no-accioly\/#article","isPartOf":{"@id":"https:\/\/renatodias.online\/movimento\/2019\/11\/06\/campeao-do-dragao-de-1947-e-homenageado-no-accioly\/"},"author":{"name":"Renato Dias","@id":"https:\/\/renatodias.online\/movimento\/#\/schema\/person\/bbab28833b1725a20f4083f49f1fb2a9"},"headline":"Campe\u00e3o do drag\u00e3o de 1947 \u00e9 homenageado no \u2018Accioly\u2019","datePublished":"2019-11-06T23:02:39+00:00","dateModified":"2019-11-06T23:17:41+00:00","mainEntityOfPage":{"@id":"https:\/\/renatodias.online\/movimento\/2019\/11\/06\/campeao-do-dragao-de-1947-e-homenageado-no-accioly\/"},"wordCount":304,"commentCount":0,"publisher":{"@id":"https:\/\/renatodias.online\/movimento\/#\/schema\/person\/bbab28833b1725a20f4083f49f1fb2a9"},"image":{"@id":"https:\/\/renatodias.online\/movimento\/2019\/11\/06\/campeao-do-dragao-de-1947-e-homenageado-no-accioly\/#primaryimage"},"thumbnailUrl":"https:\/\/renatodias.online\/movimento\/wp-content\/uploads\/2019\/11\/WhatsApp-Image-2019-11-06-at-19.09.45.jpeg","articleSection":["Esporte","Estilo de Vida"],"inLanguage":"pt-BR","potentialAction":[{"@type":"CommentAction","name":"Comment","target":["https:\/\/renatodias.online\/movimento\/2019\/11\/06\/campeao-do-dragao-de-1947-e-homenageado-no-accioly\/#respond"]}]},{"@type":"WebPage","@id":"https:\/\/renatodias.online\/movimento\/2019\/11\/06\/campeao-do-dragao-de-1947-e-homenageado-no-accioly\/","url":"https:\/\/renatodias.online\/movimento\/2019\/11\/06\/campeao-do-dragao-de-1947-e-homenageado-no-accioly\/","name":"Campe\u00e3o do drag\u00e3o de 1947 \u00e9 homenageado no \u2018Accioly\u2019 -","isPartOf":{"@id":"https:\/\/renatodias.online\/movimento\/#website"},"primaryImageOfPage":{"@id":"https:\/\/renatodias.online\/movimento\/2019\/11\/06\/campeao-do-dragao-de-1947-e-homenageado-no-accioly\/#primaryimage"},"image":{"@id":"https:\/\/renatodias.online\/movimento\/2019\/11\/06\/campeao-do-dragao-de-1947-e-homenageado-no-accioly\/#primaryimage"},"thumbnailUrl":"https:\/\/renatodias.online\/movimento\/wp-content\/uploads\/2019\/11\/WhatsApp-Image-2019-11-06-at-19.09.45.jpeg","datePublished":"2019-11-06T23:02:39+00:00","dateModified":"2019-11-06T23:17:41+00:00","breadcrumb":{"@id":"https:\/\/renatodias.online\/movimento\/2019\/11\/06\/campeao-do-dragao-de-1947-e-homenageado-no-accioly\/#breadcrumb"},"inLanguage":"pt-BR","potentialAction":[{"@type":"ReadAction","target":["https:\/\/renatodias.online\/movimento\/2019\/11\/06\/campeao-do-dragao-de-1947-e-homenageado-no-accioly\/"]}]},{"@type":"ImageObject","inLanguage":"pt-BR","@id":"https:\/\/renatodias.online\/movimento\/2019\/11\/06\/campeao-do-dragao-de-1947-e-homenageado-no-accioly\/#primaryimage","url":"https:\/\/renatodias.online\/movimento\/wp-content\/uploads\/2019\/11\/WhatsApp-Image-2019-11-06-at-19.09.45.jpeg","contentUrl":"https:\/\/renatodias.online\/movimento\/wp-content\/uploads\/2019\/11\/WhatsApp-Image-2019-11-06-at-19.09.45.jpeg","width":591,"height":1280},{"@type":"BreadcrumbList","@id":"https:\/\/renatodias.online\/movimento\/2019\/11\/06\/campeao-do-dragao-de-1947-e-homenageado-no-accioly\/#breadcrumb","itemListElement":[{"@type":"ListItem","position":1,"name":"In\u00edcio","item":"https:\/\/renatodias.online\/movimento\/"},{"@type":"ListItem","position":2,"name":"Campe\u00e3o do drag\u00e3o de 1947 \u00e9 homenageado no \u2018Accioly\u2019"}]},{"@type":"WebSite","@id":"https:\/\/renatodias.online\/movimento\/#website","url":"https:\/\/renatodias.online\/movimento\/","name":"","description":"","publisher":{"@id":"https:\/\/renatodias.online\/movimento\/#\/schema\/person\/bbab28833b1725a20f4083f49f1fb2a9"},"potentialAction":[{"@type":"SearchAction","target":{"@type":"EntryPoint","urlTemplate":"https:\/\/renatodias.online\/movimento\/?s={search_term_string}"},"query-input":{"@type":"PropertyValueSpecification","valueRequired":true,"valueName":"search_term_string"}}],"inLanguage":"pt-BR"},{"@type":["Person","Organization"],"@id":"https:\/\/renatodias.online\/movimento\/#\/schema\/person\/bbab28833b1725a20f4083f49f1fb2a9","name":"Renato Dias","image":{"@type":"ImageObject","inLanguage":"pt-BR","@id":"https:\/\/renatodias.online\/movimento\/wp-content\/uploads\/2023\/03\/cropped-cropped-cropped-logofinal.jpeg","url":"https:\/\/renatodias.online\/movimento\/wp-content\/uploads\/2023\/03\/cropped-cropped-cropped-logofinal.jpeg","contentUrl":"https:\/\/renatodias.online\/movimento\/wp-content\/uploads\/2023\/03\/cropped-cropped-cropped-logofinal.jpeg","width":1280,"height":219,"caption":"Renato Dias"},"logo":{"@id":"https:\/\/renatodias.online\/movimento\/wp-content\/uploads\/2023\/03\/cropped-cropped-cropped-logofinal.jpeg"},"description":"Renato Dias, 58 anos, \u00e9 graduado em Jornalismo, formado em Ci\u00eancias Sociais, com p\u00f3s-gradua\u00e7\u00e3o em Pol\u00edticas P\u00fablicas, mestre em Direito e Rela\u00e7\u00f5es Internacionais, ex-aluno extraordin\u00e1rio do Doutorado em Psicologia Social, ex-estudante do Curso de Psican\u00e1lise do Centro de Estudos Psicanal\u00edticos do Estado de Goi\u00e1s, ministrado pelo m\u00e9dico psiquiatra e psicanalista Daniel Em\u00eddio de Souza. \u00c9 autor de 30 livros-reportagem, oito document\u00e1rios, ganhou 30 pr\u00eamios e \u00e9 torcedor apaixonado do maior do Centro-Oeste, o Vila Nova Futebol Clube. Casado com Meirilane Dias, \u00e9 pai de Juliana Dias, jornalista; Daniel Dias, economista; e Maria Rosa Dias, estudante antifascista, socialista e trotskista.\u00a0Com tr\u00eas pets: Porquinho [Bull Dog Franc\u00eas], Dalila [Basset Hound] e Geleia [Basset Hound]. Al\u00e9m do eterno gato Tutuquinho, que virou estrela.","sameAs":["https:\/\/www.facebook.com\/renato.dias.37","#breve","https:\/\/renatodias.tumblr.com\/"],"url":"https:\/\/renatodias.online\/movimento\/author\/renatodias\/"}]}},"_links":{"self":[{"href":"https:\/\/renatodias.online\/movimento\/wp-json\/wp\/v2\/posts\/3001","targetHints":{"allow":["GET"]}}],"collection":[{"href":"https:\/\/renatodias.online\/movimento\/wp-json\/wp\/v2\/posts"}],"about":[{"href":"https:\/\/renatodias.online\/movimento\/wp-json\/wp\/v2\/types\/post"}],"author":[{"embeddable":true,"href":"https:\/\/renatodias.online\/movimento\/wp-json\/wp\/v2\/users\/2"}],"replies":[{"embeddable":true,"href":"https:\/\/renatodias.online\/movimento\/wp-json\/wp\/v2\/comments?post=3001"}],"version-history":[{"count":3,"href":"https:\/\/renatodias.online\/movimento\/wp-json\/wp\/v2\/posts\/3001\/revisions"}],"predecessor-version":[{"id":3006,"href":"https:\/\/renatodias.online\/movimento\/wp-json\/wp\/v2\/posts\/3001\/revisions\/3006"}],"wp:featuredmedia":[{"embeddable":true,"href":"https:\/\/renatodias.online\/movimento\/wp-json\/wp\/v2\/media\/3002"}],"wp:attachment":[{"href":"https:\/\/renatodias.online\/movimento\/wp-json\/wp\/v2\/media?parent=3001"}],"wp:term":[{"taxonomy":"category","embeddable":true,"href":"https:\/\/renatodias.online\/movimento\/wp-json\/wp\/v2\/categories?post=3001"},{"taxonomy":"post_tag","embeddable":true,"href":"https:\/\/renatodias.online\/movimento\/wp-json\/wp\/v2\/tags?post=3001"}],"curies":[{"name":"wp","href":"https:\/\/api.w.org\/{rel}","templated":true}]}}