{"id":2959,"date":"2019-11-02T13:36:16","date_gmt":"2019-11-02T16:36:16","guid":{"rendered":"https:\/\/renatodias.online\/movimento\/?p=2959"},"modified":"2019-11-03T19:59:25","modified_gmt":"2019-11-03T22:59:25","slug":"mesmo-50-anos-depois-aos-desaparecidos","status":"publish","type":"post","link":"https:\/\/renatodias.online\/movimento\/2019\/11\/02\/mesmo-50-anos-depois-aos-desaparecidos\/","title":{"rendered":"55 anos depois Finados sem &#8216;luto&#8217; aos desaparecidos"},"content":{"rendered":"<p><span style=\"color: #ff0000;\"><strong>Exclusivo<\/strong><\/span><\/p>\n<h1><strong>Mesmo 50 anos depois sem &#8216;luto&#8217; <\/strong><strong>aos desaparecidos<\/strong><\/h1>\n<p><strong>Patrim\u00f4nio imaterial da humanidade, o direito de sepultar e chorar pelos seus mortos\u00e9 negado, no Brasil, com anu\u00eancia do Supremo Tribunal Federal, o STF<\/strong><\/p>\n<p><strong>Quem ir\u00e1 chorar por Miguel Pereira dos Santos, Fernando Santa Cruz, Maria Augusta Thomaz, Marcos Ant\u00f4nio Dias Batista, Paulo de Tarso Celestino neste dia 2?<\/strong><\/p>\n<p><strong>Helena Pereira Santos, Olga Aniz Thomaz, Maria de Campos Baptista e Elzita Santa Cruz morreram sem dar o \u00faltimo beijo e o adeus aos seus filhos<\/strong><\/p>\n<p>&nbsp;<\/p>\n<p><strong>E X P L O S I V O <\/strong><\/p>\n<p>&nbsp;<\/p>\n<p><strong>Equipe multim\u00eddia<\/strong><\/p>\n<p><strong>Pauta, texto, edi\u00e7\u00e3o e revis\u00e3o:<\/strong> Renato Dias<\/p>\n<p><strong>Edi\u00e7\u00e3o e tratamento de imagens:<\/strong> Elson Souto e Marcus Vin\u00edcius Beck<\/p>\n<p><strong>Produ\u00e7\u00e3o online:<\/strong> Lucas Pinheiro e Marcus Vin\u00edcius Beck<\/p>\n<p><strong>Infogr\u00e1fico:<\/strong> Elson Souto<\/p>\n<p>&nbsp;<\/p>\n<p><strong>\u00a0<\/strong><\/p>\n<p><strong>Helena Pereira Santos <\/strong><a href=\"https:\/\/renatodias.online\/movimento\/wp-content\/uploads\/2019\/11\/Helena-Pereira-dos-Santos.jpg\"><img loading=\"lazy\" decoding=\"async\" class=\"alignnone img.class=\u201dmouseover\u201d wp-image-2963\" src=\"https:\/\/renatodias.online\/movimento\/wp-content\/uploads\/2019\/11\/Helena-Pereira-dos-Santos.jpg\" alt=\"Helena Pereira Santos \" width=\"20\" height=\"10\" srcset=\"https:\/\/renatodias.online\/movimento\/wp-content\/uploads\/2019\/11\/Helena-Pereira-dos-Santos.jpg 956w, https:\/\/renatodias.online\/movimento\/wp-content\/uploads\/2019\/11\/Helena-Pereira-dos-Santos-300x157.jpg 300w, https:\/\/renatodias.online\/movimento\/wp-content\/uploads\/2019\/11\/Helena-Pereira-dos-Santos-768x402.jpg 768w, https:\/\/renatodias.online\/movimento\/wp-content\/uploads\/2019\/11\/Helena-Pereira-dos-Santos-555x278.jpg 555w, https:\/\/renatodias.online\/movimento\/wp-content\/uploads\/2019\/11\/Helena-Pereira-dos-Santos-750x392.jpg 750w\" sizes=\"auto, (max-width: 20px) 100vw, 20px\" \/><\/a>\u00a0 morreu sem realizar um sonho: dar um sepultamento com ritual e ob\u00adter o direito ao luto, no dia de Finados, celebrado em 2 de novembro, no Brasil. \u00c9 que seu filho, <strong>Miguel Pereira dos Santos<\/strong><a href=\"https:\/\/renatodias.online\/movimento\/wp-content\/uploads\/2019\/11\/Miguel-Pereira-dos-Santos.jpg\"><img loading=\"lazy\" decoding=\"async\" class=\"alignnone wp-image-2965\" src=\"https:\/\/renatodias.online\/movimento\/wp-content\/uploads\/2019\/11\/Miguel-Pereira-dos-Santos.jpg\" alt=\"\" width=\"20\" height=\"25\" srcset=\"https:\/\/renatodias.online\/movimento\/wp-content\/uploads\/2019\/11\/Miguel-Pereira-dos-Santos.jpg 398w, https:\/\/renatodias.online\/movimento\/wp-content\/uploads\/2019\/11\/Miguel-Pereira-dos-Santos-239x300.jpg 239w\" sizes=\"auto, (max-width: 20px) 100vw, 20px\" \/><\/a>, \u2018nom de guerre\u2019 Cazuza, integrante do Destacamento C, integra a lis\u00adta dos guerri\u00adlhei\u00adros mortos na <strong>Guerrilha do Araguaia [1966-1972]<a href=\"https:\/\/renatodias.online\/movimento\/wp-content\/uploads\/2019\/11\/Guerrilha-do-Araguaia.jpg\"><img loading=\"lazy\" decoding=\"async\" class=\"alignnone wp-image-2966\" src=\"https:\/\/renatodias.online\/movimento\/wp-content\/uploads\/2019\/11\/Guerrilha-do-Araguaia.jpg\" alt=\"\" width=\"20\" height=\"11\" \/><\/a>.<\/strong> A sua morte teria ocor\u00adrido dia 20 de setem\u00adbro de 1972. Sob a Opera\u00e7\u00e3o Papagaio. Os dados seriam do <strong>general Ant\u00f4\u00adnio Bandeira<a href=\"https:\/\/renatodias.online\/movimento\/wp-content\/uploads\/2019\/11\/General-Ant\u00f4nio-Bandeira-do-lado-direito.jpg\"><img loading=\"lazy\" decoding=\"async\" class=\"alignnone wp-image-2967\" src=\"https:\/\/renatodias.online\/movimento\/wp-content\/uploads\/2019\/11\/General-Ant\u00f4nio-Bandeira-do-lado-direito.jpg\" alt=\"\" width=\"27\" height=\"17\" srcset=\"https:\/\/renatodias.online\/movimento\/wp-content\/uploads\/2019\/11\/General-Ant\u00f4nio-Bandeira-do-lado-direito.jpg 727w, https:\/\/renatodias.online\/movimento\/wp-content\/uploads\/2019\/11\/General-Ant\u00f4nio-Bandeira-do-lado-direito-300x190.jpg 300w, https:\/\/renatodias.online\/movimento\/wp-content\/uploads\/2019\/11\/General-Ant\u00f4nio-Bandeira-do-lado-direito-360x240.jpg 360w\" sizes=\"auto, (max-width: 27px) 100vw, 27px\" \/><\/a><\/strong>. Do Relat\u00f3rio de Opera\u00e7\u00f5es de Manobra Araguaia. Avesso \u00e0s conven\u00e7\u00f5es e tra\u00adta\u00addos internacionais de guerra: a sua m\u00e3o direita teria sido decepada. Para recolher as suas impress\u00f5es digitais. Com os restos mortais desaparecidos e nunca entregues \u00e0 fam\u00edlia. Crime sem castigo. Tortura sem fim. J\u00e1 Olga Aniz Thomaz, abatida por um c\u00e2ncer, que lhe devastou, deu adeus \u00e0 terra sem poder encontrar, para o \u00faltimo beijo, o corpo de sua filha, Maria Augusta Thomaz, executada na madrugada fria de 17 de maio de 1973, na Fazenda Rio Doce, munic\u00edpio de Rio Verde, Estado de Goi\u00e1s. Codinome M\u00e1rcia, Sophia ou Renata, a estudante de Filosofia da PUC [SP] e revolucion\u00e1ria era integrante do Molipo, uma dissid\u00eancia da ALN. Organiza\u00e7\u00e3o fundada por <strong>Carlos Marighella<a href=\"https:\/\/renatodias.online\/movimento\/wp-content\/uploads\/2019\/11\/Carlos-Marighella-online.jpg\"><img loading=\"lazy\" decoding=\"async\" class=\"alignnone wp-image-2968\" src=\"https:\/\/renatodias.online\/movimento\/wp-content\/uploads\/2019\/11\/Carlos-Marighella-online.jpg\" alt=\"\" width=\"30\" height=\"14\" srcset=\"https:\/\/renatodias.online\/movimento\/wp-content\/uploads\/2019\/11\/Carlos-Marighella-online.jpg 600w, https:\/\/renatodias.online\/movimento\/wp-content\/uploads\/2019\/11\/Carlos-Marighella-online-300x143.jpg 300w, https:\/\/renatodias.online\/movimento\/wp-content\/uploads\/2019\/11\/Carlos-Marighella-online-555x278.jpg 555w\" sizes=\"auto, (max-width: 30px) 100vw, 30px\" \/><\/a><\/strong>, morto em 4 de novembro de 1969. 50 anos atr\u00e1s.<\/p>\n<p>A m\u00e3e de <strong>Fernando Santa Cruz<a href=\"https:\/\/renatodias.online\/movimento\/wp-content\/uploads\/2019\/11\/Fernando-Santa-Cruz-online.png\"><img loading=\"lazy\" decoding=\"async\" class=\"alignnone wp-image-2969\" src=\"https:\/\/renatodias.online\/movimento\/wp-content\/uploads\/2019\/11\/Fernando-Santa-Cruz-online.png\" alt=\"\" width=\"20\" height=\"30\" srcset=\"https:\/\/renatodias.online\/movimento\/wp-content\/uploads\/2019\/11\/Fernando-Santa-Cruz-online.png 1000w, https:\/\/renatodias.online\/movimento\/wp-content\/uploads\/2019\/11\/Fernando-Santa-Cruz-online-200x300.png 200w, https:\/\/renatodias.online\/movimento\/wp-content\/uploads\/2019\/11\/Fernando-Santa-Cruz-online-768x1152.png 768w, https:\/\/renatodias.online\/movimento\/wp-content\/uploads\/2019\/11\/Fernando-Santa-Cruz-online-683x1024.png 683w, https:\/\/renatodias.online\/movimento\/wp-content\/uploads\/2019\/11\/Fernando-Santa-Cruz-online-750x1125.png 750w\" sizes=\"auto, (max-width: 20px) 100vw, 20px\" \/><\/a><\/strong>, <strong>Elzita Santa Cruz<a href=\"https:\/\/renatodias.online\/movimento\/wp-content\/uploads\/2019\/11\/Elzita-Santa-Cruz-online.jpg\"><img loading=\"lazy\" decoding=\"async\" class=\"alignnone wp-image-2970\" src=\"https:\/\/renatodias.online\/movimento\/wp-content\/uploads\/2019\/11\/Elzita-Santa-Cruz-online.jpg\" alt=\"\" width=\"30\" height=\"16\" srcset=\"https:\/\/renatodias.online\/movimento\/wp-content\/uploads\/2019\/11\/Elzita-Santa-Cruz-online.jpg 748w, https:\/\/renatodias.online\/movimento\/wp-content\/uploads\/2019\/11\/Elzita-Santa-Cruz-online-300x164.jpg 300w, https:\/\/renatodias.online\/movimento\/wp-content\/uploads\/2019\/11\/Elzita-Santa-Cruz-online-555x278.jpg 555w\" sizes=\"auto, (max-width: 30px) 100vw, 30px\" \/><\/a><\/strong>, viveu um s\u00e9culo. Para ser exato: 105 anos. Des\u00adde 1974 chorava. Morreu dia 25 de junho de 2019. \u00c0 espera das improv\u00e1veis revela\u00e7\u00f5es dos homens da ditadura civil e militar. Em rela\u00e7\u00e3o ao seu filho <strong>Fernando Santa Cruz<a href=\"https:\/\/renatodias.online\/movimento\/wp-content\/uploads\/2019\/11\/Fernando-Santa-Cruz-online.png\"><img loading=\"lazy\" decoding=\"async\" class=\"alignnone wp-image-2969\" src=\"https:\/\/renatodias.online\/movimento\/wp-content\/uploads\/2019\/11\/Fernando-Santa-Cruz-online.png\" alt=\"\" width=\"19\" height=\"29\" srcset=\"https:\/\/renatodias.online\/movimento\/wp-content\/uploads\/2019\/11\/Fernando-Santa-Cruz-online.png 1000w, https:\/\/renatodias.online\/movimento\/wp-content\/uploads\/2019\/11\/Fernando-Santa-Cruz-online-200x300.png 200w, https:\/\/renatodias.online\/movimento\/wp-content\/uploads\/2019\/11\/Fernando-Santa-Cruz-online-768x1152.png 768w, https:\/\/renatodias.online\/movimento\/wp-content\/uploads\/2019\/11\/Fernando-Santa-Cruz-online-683x1024.png 683w, https:\/\/renatodias.online\/movimento\/wp-content\/uploads\/2019\/11\/Fernando-Santa-Cruz-online-750x1125.png 750w\" sizes=\"auto, (max-width: 19px) 100vw, 19px\" \/><\/a><\/strong>. Ativista da oposicionista AP-ML. Uma dissid\u00eancia da A\u00e7\u00e3o Popular, que acabou incorporada ao PC do B.\u00a0 Um deles, homem sinistro que poderia contar o seu destino atendia pelo nome de <strong>Golbery do Couto e Silva<a href=\"https:\/\/renatodias.online\/movimento\/wp-content\/uploads\/2019\/11\/Golbery-do-Couto-e-Silva-online.jpg\"><img loading=\"lazy\" decoding=\"async\" class=\"alignnone wp-image-2971\" src=\"https:\/\/renatodias.online\/movimento\/wp-content\/uploads\/2019\/11\/Golbery-do-Couto-e-Silva-online.jpg\" alt=\"\" width=\"40\" height=\"21\" srcset=\"https:\/\/renatodias.online\/movimento\/wp-content\/uploads\/2019\/11\/Golbery-do-Couto-e-Silva-online.jpg 940w, https:\/\/renatodias.online\/movimento\/wp-content\/uploads\/2019\/11\/Golbery-do-Couto-e-Silva-online-300x161.jpg 300w, https:\/\/renatodias.online\/movimento\/wp-content\/uploads\/2019\/11\/Golbery-do-Couto-e-Silva-online-768x412.jpg 768w, https:\/\/renatodias.online\/movimento\/wp-content\/uploads\/2019\/11\/Golbery-do-Couto-e-Silva-online-555x278.jpg 555w, https:\/\/renatodias.online\/movimento\/wp-content\/uploads\/2019\/11\/Golbery-do-Couto-e-Silva-online-750x402.jpg 750w\" sizes=\"auto, (max-width: 40px) 100vw, 40px\" \/><\/a><\/strong>. Fardados e civis depuseram o presidente da Rep\u00fablica, <strong>Jo\u00e3o Belchior Marques Goulart<a href=\"https:\/\/renatodias.online\/movimento\/wp-content\/uploads\/2019\/11\/Jo\u00e3o-Belchior-Marques-Goulart-online.jpg\"><img loading=\"lazy\" decoding=\"async\" class=\"alignnone wp-image-2972\" src=\"https:\/\/renatodias.online\/movimento\/wp-content\/uploads\/2019\/11\/Jo\u00e3o-Belchior-Marques-Goulart-online.jpg\" alt=\"\" width=\"35\" height=\"20\" srcset=\"https:\/\/renatodias.online\/movimento\/wp-content\/uploads\/2019\/11\/Jo\u00e3o-Belchior-Marques-Goulart-online.jpg 620w, https:\/\/renatodias.online\/movimento\/wp-content\/uploads\/2019\/11\/Jo\u00e3o-Belchior-Marques-Goulart-online-300x173.jpg 300w\" sizes=\"auto, (max-width: 35px) 100vw, 35px\" \/><\/a><\/strong>, em primeiro e dois de abril de 1964. Com a mobiliza\u00e7\u00e3o das For\u00e7as Armadas, o aval do Congresso Nacional, o suporte da Suprema Corte, o apoio, em editoriais, dos conglomerados de comunica\u00e7\u00e3o do Pa\u00eds, al\u00e9m da b\u00ean\u00e7\u00e3o da CNBB, assim como os referendos da ABI, OAB e o voto envergonhado de <strong>JK <\/strong> <a href=\"https:\/\/renatodias.online\/movimento\/wp-content\/uploads\/2019\/11\/JK-online.jpg\"><img loading=\"lazy\" decoding=\"async\" class=\"alignnone wp-image-2973\" src=\"https:\/\/renatodias.online\/movimento\/wp-content\/uploads\/2019\/11\/JK-online.jpg\" alt=\"\" width=\"30\" height=\"17\" srcset=\"https:\/\/renatodias.online\/movimento\/wp-content\/uploads\/2019\/11\/JK-online.jpg 800w, https:\/\/renatodias.online\/movimento\/wp-content\/uploads\/2019\/11\/JK-online-300x169.jpg 300w, https:\/\/renatodias.online\/movimento\/wp-content\/uploads\/2019\/11\/JK-online-768x432.jpg 768w, https:\/\/renatodias.online\/movimento\/wp-content\/uploads\/2019\/11\/JK-online-750x422.jpg 750w\" sizes=\"auto, (max-width: 30px) 100vw, 30px\" \/><\/a><strong>\u00a0<\/strong>e de <strong>Ulysses Guimar\u00e3es<img loading=\"lazy\" decoding=\"async\" class=\"alignnone wp-image-2974\" src=\"https:\/\/renatodias.online\/movimento\/wp-content\/uploads\/2019\/11\/Ulysses-Guimar\u00e3es-online.jpg\" alt=\"\" width=\"11\" height=\"17\" \/><\/strong> em <strong>Humberto Castello Branco<a href=\"https:\/\/renatodias.online\/movimento\/wp-content\/uploads\/2019\/11\/Marechal-Humberto-Castello-Branco-online.jpg\"><img loading=\"lazy\" decoding=\"async\" class=\"alignnone wp-image-2939\" src=\"https:\/\/renatodias.online\/movimento\/wp-content\/uploads\/2019\/11\/Marechal-Humberto-Castello-Branco-online.jpg\" alt=\"\" width=\"33\" height=\"17\" srcset=\"https:\/\/renatodias.online\/movimento\/wp-content\/uploads\/2019\/11\/Marechal-Humberto-Castello-Branco-online.jpg 956w, https:\/\/renatodias.online\/movimento\/wp-content\/uploads\/2019\/11\/Marechal-Humberto-Castello-Branco-online-300x157.jpg 300w, https:\/\/renatodias.online\/movimento\/wp-content\/uploads\/2019\/11\/Marechal-Humberto-Castello-Branco-online-768x402.jpg 768w, https:\/\/renatodias.online\/movimento\/wp-content\/uploads\/2019\/11\/Marechal-Humberto-Castello-Branco-online-555x278.jpg 555w, https:\/\/renatodias.online\/movimento\/wp-content\/uploads\/2019\/11\/Marechal-Humberto-Castello-Branco-online-750x392.jpg 750w\" sizes=\"auto, (max-width: 33px) 100vw, 33px\" \/><\/a><\/strong>. A genitora queria saber onde estavam os despojos de seu rebento. <strong>Felipe Santa Cruz\u00a0<a href=\"https:\/\/renatodias.online\/movimento\/wp-content\/uploads\/2019\/11\/Felipe-Santa-Cruz-online.jpg\"><img loading=\"lazy\" decoding=\"async\" class=\"alignnone wp-image-2976\" src=\"https:\/\/renatodias.online\/movimento\/wp-content\/uploads\/2019\/11\/Felipe-Santa-Cruz-online.jpg\" alt=\"\" width=\"25\" height=\"15\" srcset=\"https:\/\/renatodias.online\/movimento\/wp-content\/uploads\/2019\/11\/Felipe-Santa-Cruz-online.jpg 1086w, https:\/\/renatodias.online\/movimento\/wp-content\/uploads\/2019\/11\/Felipe-Santa-Cruz-online-300x180.jpg 300w, https:\/\/renatodias.online\/movimento\/wp-content\/uploads\/2019\/11\/Felipe-Santa-Cruz-online-768x461.jpg 768w, https:\/\/renatodias.online\/movimento\/wp-content\/uploads\/2019\/11\/Felipe-Santa-Cruz-online-1024x615.jpg 1024w, https:\/\/renatodias.online\/movimento\/wp-content\/uploads\/2019\/11\/Felipe-Santa-Cruz-online-750x450.jpg 750w\" sizes=\"auto, (max-width: 25px) 100vw, 25px\" \/><\/a><\/strong>, atual presidente Nacional da Ordem dos Advogados do Brasil [OAB], teve a mem\u00f3ria do seu pai \u2018conspurcada\u2019, de forma vil,\u00a0 pelo atual presidente da Rep\u00fablica, capit\u00e3o reformado, <strong>Jair Messias Bolsonaro<a href=\"https:\/\/renatodias.online\/movimento\/wp-content\/uploads\/2019\/11\/Jair-Messias-Bolsonaro-em-2019-online.jpg\"><img loading=\"lazy\" decoding=\"async\" class=\"alignnone wp-image-2977\" src=\"https:\/\/renatodias.online\/movimento\/wp-content\/uploads\/2019\/11\/Jair-Messias-Bolsonaro-em-2019-online.jpg\" alt=\"\" width=\"25\" height=\"18\" \/><\/a><\/strong>.<\/p>\n<p><strong>Maria de Campos Baptista<a href=\"https:\/\/renatodias.online\/movimento\/wp-content\/uploads\/2019\/11\/Maria-de-Campos-Baptista-online.jpg\"><img loading=\"lazy\" decoding=\"async\" class=\"alignnone wp-image-2978\" src=\"https:\/\/renatodias.online\/movimento\/wp-content\/uploads\/2019\/11\/Maria-de-Campos-Baptista-online.jpg\" alt=\"BRAS\u00cdLIA-DFEDITORIA DE CIDADESFAMILIARES DO DESAPARECIDO POL\u00cdTICO MARCOS ANT\u00d4NIO DIAS BAPTISTA, V\u00cdTIMA DA DITADURA. MARIA DE CAMPOS BAPTISTA DE 87 ANOS M\u00c3E DE MARCOS, O ADVOGADO RICARDO DIAS ENTREGAM DOCUMENTOS AO MINISTRO DA DEFESA. MILITARES S\u00c3O RECEBIDOS PELO VICE-PRESIDENTE E MINISTRO DA DEFESA.FOTO: DIOM\u00cdCIO GOMES\/JORNAL O POPULAR 15\/02\/06\" width=\"23\" height=\"35\" srcset=\"https:\/\/renatodias.online\/movimento\/wp-content\/uploads\/2019\/11\/Maria-de-Campos-Baptista-online.jpg 1129w, https:\/\/renatodias.online\/movimento\/wp-content\/uploads\/2019\/11\/Maria-de-Campos-Baptista-online-198x300.jpg 198w, https:\/\/renatodias.online\/movimento\/wp-content\/uploads\/2019\/11\/Maria-de-Campos-Baptista-online-768x1164.jpg 768w, https:\/\/renatodias.online\/movimento\/wp-content\/uploads\/2019\/11\/Maria-de-Campos-Baptista-online-676x1024.jpg 676w, https:\/\/renatodias.online\/movimento\/wp-content\/uploads\/2019\/11\/Maria-de-Campos-Baptista-online-750x1137.jpg 750w\" sizes=\"auto, (max-width: 23px) 100vw, 23px\" \/><\/a><\/strong> morreu em 15 de fevereiro de 2006. Na sa\u00edda de <strong>Bras\u00edlia, Capital da Rep\u00fablica<a href=\"https:\/\/renatodias.online\/movimento\/wp-content\/uploads\/2019\/11\/Bras\u00edlia-a-capital-da-Rep\u00fablica-online.jpg\"><img loading=\"lazy\" decoding=\"async\" class=\"alignnone wp-image-2979\" src=\"https:\/\/renatodias.online\/movimento\/wp-content\/uploads\/2019\/11\/Bras\u00edlia-a-capital-da-Rep\u00fablica-online.jpg\" alt=\"\" width=\"41\" height=\"23\" srcset=\"https:\/\/renatodias.online\/movimento\/wp-content\/uploads\/2019\/11\/Bras\u00edlia-a-capital-da-Rep\u00fablica-online.jpg 640w, https:\/\/renatodias.online\/movimento\/wp-content\/uploads\/2019\/11\/Bras\u00edlia-a-capital-da-Rep\u00fablica-online-300x169.jpg 300w\" sizes=\"auto, (max-width: 41px) 100vw, 41px\" \/><\/a><\/strong>. Ap\u00f3s audi\u00eancia determinada pela Justi\u00e7a Federal, com o ministro da Defesa, o chefe civil das For\u00e7as Armadas \u2013 Ex\u00e9rcito, Marinha e Aeron\u00e1utica \u2013, tamb\u00e9m vice-presidente da Re\u00adp\u00fablica, <strong>Jos\u00e9 de Alencar<a href=\"https:\/\/renatodias.online\/movimento\/wp-content\/uploads\/2019\/11\/Jos\u00e9-de-Alencar-online.jpg\"><img loading=\"lazy\" decoding=\"async\" class=\"alignnone wp-image-2980\" src=\"https:\/\/renatodias.online\/movimento\/wp-content\/uploads\/2019\/11\/Jos\u00e9-de-Alencar-online.jpg\" alt=\"\" width=\"27\" height=\"19\" srcset=\"https:\/\/renatodias.online\/movimento\/wp-content\/uploads\/2019\/11\/Jos\u00e9-de-Alencar-online.jpg 690w, https:\/\/renatodias.online\/movimento\/wp-content\/uploads\/2019\/11\/Jos\u00e9-de-Alencar-online-300x208.jpg 300w, https:\/\/renatodias.online\/movimento\/wp-content\/uploads\/2019\/11\/Jos\u00e9-de-Alencar-online-165x116.jpg 165w, https:\/\/renatodias.online\/movimento\/wp-content\/uploads\/2019\/11\/Jos\u00e9-de-Alencar-online-360x240.jpg 360w, https:\/\/renatodias.online\/movimento\/wp-content\/uploads\/2019\/11\/Jos\u00e9-de-Alencar-online-85x60.jpg 85w\" sizes=\"auto, (max-width: 27px) 100vw, 27px\" \/><\/a>.<\/strong> Para receber, de forma oficial, documentos dos \u00f3rg\u00e3os de re\u00adpress\u00e3o da Uni\u00e3o. \u00c0 \u00e9poca da ditadura civil e militar sobre o seu filho, o estudante do Col\u00e9gio Lyceu de Goi\u00e2nia, secundarista, ligado \u00e0 VAR-Palmares, com apenas 15 anos de idade, <strong>Marcos Ant\u00f4nio Dias Batista<a href=\"https:\/\/renatodias.online\/movimento\/wp-content\/uploads\/2019\/11\/Marcos-Ant\u00f4nio-Dias-Batista-online-2.jpg\"><img loading=\"lazy\" decoding=\"async\" class=\"alignnone wp-image-2981\" src=\"https:\/\/renatodias.online\/movimento\/wp-content\/uploads\/2019\/11\/Marcos-Ant\u00f4nio-Dias-Batista-online-2.jpg\" alt=\"\" width=\"29\" height=\"19\" srcset=\"https:\/\/renatodias.online\/movimento\/wp-content\/uploads\/2019\/11\/Marcos-Ant\u00f4nio-Dias-Batista-online-2.jpg 1081w, https:\/\/renatodias.online\/movimento\/wp-content\/uploads\/2019\/11\/Marcos-Ant\u00f4nio-Dias-Batista-online-2-300x201.jpg 300w, https:\/\/renatodias.online\/movimento\/wp-content\/uploads\/2019\/11\/Marcos-Ant\u00f4nio-Dias-Batista-online-2-768x514.jpg 768w, https:\/\/renatodias.online\/movimento\/wp-content\/uploads\/2019\/11\/Marcos-Ant\u00f4nio-Dias-Batista-online-2-1024x686.jpg 1024w, https:\/\/renatodias.online\/movimento\/wp-content\/uploads\/2019\/11\/Marcos-Ant\u00f4nio-Dias-Batista-online-2-165x116.jpg 165w, https:\/\/renatodias.online\/movimento\/wp-content\/uploads\/2019\/11\/Marcos-Ant\u00f4nio-Dias-Batista-online-2-360x240.jpg 360w, https:\/\/renatodias.online\/movimento\/wp-content\/uploads\/2019\/11\/Marcos-Ant\u00f4nio-Dias-Batista-online-2-750x502.jpg 750w, https:\/\/renatodias.online\/movimento\/wp-content\/uploads\/2019\/11\/Marcos-Ant\u00f4nio-Dias-Batista-online-2-85x60.jpg 85w\" sizes=\"auto, (max-width: 29px) 100vw, 29px\" \/><\/a>.<\/strong> O l\u00edder estudantil preso, torturado, executado extraju\u00addicial\u00admen\u00adte, com os restos mortais enterrados em local sabido e n\u00e3o divulgado. Quando? Em maio de 1970. Dias depois o <strong>Brasil seria Tricampe\u00e3o Mundial de Futebol<\/strong>, no M\u00e9xico. <strong>Com uma vit\u00f3ria de 4 X 1 contra a It\u00e1lia.<\/strong> <strong>Em\u00edlio Garrastazu M\u00e9dici<a href=\"https:\/\/renatodias.online\/movimento\/wp-content\/uploads\/2019\/11\/Em\u00edlio-Garrastazu-M\u00e9dici-online.jpg\"><img loading=\"lazy\" decoding=\"async\" class=\"alignnone wp-image-2982\" src=\"https:\/\/renatodias.online\/movimento\/wp-content\/uploads\/2019\/11\/Em\u00edlio-Garrastazu-M\u00e9dici-online.jpg\" alt=\"\" width=\"27\" height=\"16\" srcset=\"https:\/\/renatodias.online\/movimento\/wp-content\/uploads\/2019\/11\/Em\u00edlio-Garrastazu-M\u00e9dici-online.jpg 685w, https:\/\/renatodias.online\/movimento\/wp-content\/uploads\/2019\/11\/Em\u00edlio-Garrastazu-M\u00e9dici-online-300x169.jpg 300w\" sizes=\"auto, (max-width: 27px) 100vw, 27px\" \/><\/a><\/strong> estava com a popularidade em alta. De 1970 a 1980 a porta de seu casebre esteve aberta. Com a esperan\u00e7a, em v\u00e3o, do retorno do filho que adorava ba\u00adnanas, trabalhava desde os 12 anos de idade e auxiliava no sustento da casa. M\u00e3e e pai, Wal\u00ad\u00addomiro Dias Baptista, caminhoneiro, ganhavam um sal\u00e1rio m\u00ednimo cada. Oito filhos. O lo\u00adte para a constru\u00e7\u00e3o do barrac\u00e3o havia sido dado pelo av\u00f4 materno Ant\u00f4nio Botelho. Triste fim.<\/p>\n<p>&nbsp;<\/p>\n<p><strong>Saiba mais<\/strong><\/p>\n<p><strong>Hist\u00f3ria da Rep\u00fablica<\/strong><\/p>\n<p><strong>O que foi a ditadura civil e militar \u2013 1964 &#8211; 1985<\/strong><\/p>\n<p>Fardados e civis derrubaram em 1\u00ba e 2 de abril de 1964 o presidente da Rep\u00fablica, Jo\u00e3o Belchior Marques Goulart. Com tanques e metralhadoras. Com o aval do Supremo Tribunal Federal, a corte suprema do Brasil. O Congresso Nacional referendou a posse de <strong>Rani\u00e9re Mazzilli<img loading=\"lazy\" decoding=\"async\" class=\"alignnone wp-image-2934\" src=\"https:\/\/renatodias.online\/movimento\/wp-content\/uploads\/2019\/11\/Rani\u00e9re-Mazzili-online-1.jpg\" alt=\"\" width=\"27\" height=\"27\" srcset=\"https:\/\/renatodias.online\/movimento\/wp-content\/uploads\/2019\/11\/Rani\u00e9re-Mazzili-online-1.jpg 320w, https:\/\/renatodias.online\/movimento\/wp-content\/uploads\/2019\/11\/Rani\u00e9re-Mazzili-online-1-150x150.jpg 150w, https:\/\/renatodias.online\/movimento\/wp-content\/uploads\/2019\/11\/Rani\u00e9re-Mazzili-online-1-300x300.jpg 300w\" sizes=\"auto, (max-width: 27px) 100vw, 27px\" \/><\/strong> e a indica\u00e7\u00e3o do primeiro general-presidente, <strong>marechal<\/strong> <strong>Humberto Castello Branco<a href=\"https:\/\/renatodias.online\/movimento\/wp-content\/uploads\/2019\/11\/Marechal-Humberto-Castello-Branco-online.jpg\"><img loading=\"lazy\" decoding=\"async\" class=\"alignnone wp-image-2939\" src=\"https:\/\/renatodias.online\/movimento\/wp-content\/uploads\/2019\/11\/Marechal-Humberto-Castello-Branco-online.jpg\" alt=\"\" width=\"27\" height=\"14\" srcset=\"https:\/\/renatodias.online\/movimento\/wp-content\/uploads\/2019\/11\/Marechal-Humberto-Castello-Branco-online.jpg 956w, https:\/\/renatodias.online\/movimento\/wp-content\/uploads\/2019\/11\/Marechal-Humberto-Castello-Branco-online-300x157.jpg 300w, https:\/\/renatodias.online\/movimento\/wp-content\/uploads\/2019\/11\/Marechal-Humberto-Castello-Branco-online-768x402.jpg 768w, https:\/\/renatodias.online\/movimento\/wp-content\/uploads\/2019\/11\/Marechal-Humberto-Castello-Branco-online-555x278.jpg 555w, https:\/\/renatodias.online\/movimento\/wp-content\/uploads\/2019\/11\/Marechal-Humberto-Castello-Branco-online-750x392.jpg 750w\" sizes=\"auto, (max-width: 27px) 100vw, 27px\" \/><\/a><\/strong>.Ga\u00facho de S\u00e3o Borja, ex-ministro do Trabalho, respons\u00e1vel pelo aumento real do sal\u00e1rio m\u00ednimo, Jango, como era conhecido, \u00e9 herdeiro do nacional-estatismo. Em sua vers\u00e3o trabalhista. De <strong>Get\u00falio Vargas<\/strong>, rotulado de \u2018Pai dos Pobres\u2019. <strong><a href=\"https:\/\/renatodias.online\/movimento\/wp-content\/uploads\/2019\/11\/Get\u00falio-Vargas-suicida-se-online-1.jpg\"><img loading=\"lazy\" decoding=\"async\" class=\"alignnone wp-image-2941\" src=\"https:\/\/renatodias.online\/movimento\/wp-content\/uploads\/2019\/11\/Get\u00falio-Vargas-suicida-se-online-1.jpg\" alt=\"\" width=\"31\" height=\"23\" srcset=\"https:\/\/renatodias.online\/movimento\/wp-content\/uploads\/2019\/11\/Get\u00falio-Vargas-suicida-se-online-1.jpg 900w, https:\/\/renatodias.online\/movimento\/wp-content\/uploads\/2019\/11\/Get\u00falio-Vargas-suicida-se-online-1-300x225.jpg 300w, https:\/\/renatodias.online\/movimento\/wp-content\/uploads\/2019\/11\/Get\u00falio-Vargas-suicida-se-online-1-768x576.jpg 768w, https:\/\/renatodias.online\/movimento\/wp-content\/uploads\/2019\/11\/Get\u00falio-Vargas-suicida-se-online-1-165x116.jpg 165w, https:\/\/renatodias.online\/movimento\/wp-content\/uploads\/2019\/11\/Get\u00falio-Vargas-suicida-se-online-1-750x563.jpg 750w, https:\/\/renatodias.online\/movimento\/wp-content\/uploads\/2019\/11\/Get\u00falio-Vargas-suicida-se-online-1-85x60.jpg 85w\" sizes=\"auto, (max-width: 31px) 100vw, 31px\" \/><\/a><\/strong><strong>Get\u00falio Vargas suicidou-se \u00e0s 8h30, do dia 24 de agosto de 1954, em seus aposentos presidenciais, no Pal\u00e1cio do Catete.<\/strong><\/p>\n<p>A capital do Brasil, \u00e0 \u00e9poca, era o Rio de Janeiro, outrora Cidade Maravilhosa. Com a queda de Jango, 21 anos de ditadura civil e militar [1964-1985]. A opera\u00e7\u00e3o teve a ostensiva participa\u00e7\u00e3o dos Estados Unidos das Am\u00e9ricas. Um saldo societal tr\u00e1gico. Com 479 mortos e desaparecidos pol\u00edticos. Assim como 1.700 trabalhadores rurais executados. Al\u00e9m de 10 mil pessoas exiladas.<\/p>\n<p>O projeto Brasil Nunca Mais, organizado pelo Arcebispo <strong>Dom Paulo Evaristo Arns<\/strong> <a href=\"https:\/\/renatodias.online\/movimento\/wp-content\/uploads\/2019\/11\/Dom-Paulo-Evaristo-Arns-online.jpeg\"><img loading=\"lazy\" decoding=\"async\" class=\"alignnone wp-image-2943\" src=\"https:\/\/renatodias.online\/movimento\/wp-content\/uploads\/2019\/11\/Dom-Paulo-Evaristo-Arns-online.jpeg\" alt=\"\" width=\"26\" height=\"16\" \/><\/a>e pelo <strong>reverendo<\/strong> <strong>Jaime Wright<a href=\"https:\/\/renatodias.online\/movimento\/wp-content\/uploads\/2019\/11\/Reverendo-Jaime-Wright.jpg\"><img loading=\"lazy\" decoding=\"async\" class=\"alignnone wp-image-2944\" src=\"https:\/\/renatodias.online\/movimento\/wp-content\/uploads\/2019\/11\/Reverendo-Jaime-Wright.jpg\" alt=\"\" width=\"25\" height=\"16\" \/><\/a><\/strong>, registra que duas mil pessoas, perante o Superior Tribunal Militar, o STM, denunciaram terem sido torturadas. Na cadeira-do-drag\u00e3o, socos, pontap\u00e9s, telefones, pau-de-arara. A jornalista <strong>M\u00edriam Leit\u00e3o<a href=\"https:\/\/renatodias.online\/movimento\/wp-content\/uploads\/2019\/11\/Jornalista-Miriam-Leit\u00e3o-sob-a-ditadura-online.jpg\"><img loading=\"lazy\" decoding=\"async\" class=\"alignnone wp-image-2983\" src=\"https:\/\/renatodias.online\/movimento\/wp-content\/uploads\/2019\/11\/Jornalista-Miriam-Leit\u00e3o-sob-a-ditadura-online.jpg\" alt=\"\" width=\"24\" height=\"18\" srcset=\"https:\/\/renatodias.online\/movimento\/wp-content\/uploads\/2019\/11\/Jornalista-Miriam-Leit\u00e3o-sob-a-ditadura-online.jpg 620w, https:\/\/renatodias.online\/movimento\/wp-content\/uploads\/2019\/11\/Jornalista-Miriam-Leit\u00e3o-sob-a-ditadura-online-300x225.jpg 300w, https:\/\/renatodias.online\/movimento\/wp-content\/uploads\/2019\/11\/Jornalista-Miriam-Leit\u00e3o-sob-a-ditadura-online-165x116.jpg 165w, https:\/\/renatodias.online\/movimento\/wp-content\/uploads\/2019\/11\/Jornalista-Miriam-Leit\u00e3o-sob-a-ditadura-online-85x60.jpg 85w\" sizes=\"auto, (max-width: 24px) 100vw, 24px\" \/><\/a><\/strong> teve de ficar em uma cela com uma cobra ao seu lado<\/p>\n<p>Relat\u00f3rio da Comiss\u00e3o Nacional da Verdade, instalada em maio de 2012 e encerrada dia 10 de dezembro de 2014, aponta que seis mil membros do Ex\u00e9rcito, Marinha, Aeron\u00e1utica, For\u00e7a P\u00fablica foram demitidos ou reformados. Um Grupo de Trabalho da CNV diz que 12 mil ind\u00ed\u00adgenas morreram sob a ditadura civil e militar, a sua pol\u00edtica indigenista e de obras fara\u00f4nicas.<\/p>\n<p>Um Centro de Deten\u00e7\u00f5es Ind\u00edgenas teria sido constru\u00eddo sob o Territ\u00f3rio Krenak. Depois, na Re\u00adgi\u00e3o de Resplendor, Estado de Minas Gerais. Por \u00faltimo, para a Fazenda Guarani, em Car\u00adm\u00e9sia, em Minas Gerais. No mesmo local funcionava um Quartel da Pol\u00edcia Militar [MG]. Com confinamento de at\u00e9 oito anos. Com documentos comprobat\u00f3rios, diz Cl\u00e1udia Nunes, cineasta<\/p>\n<p>Pasmem: 39 mil trabalhadores e trabalhadoras foram reconhecidas pela Comiss\u00e3o de Anistia, \u00f3rg\u00e3o do Minist\u00e9rio da Justi\u00e7a, na Esplanada dos Minist\u00e9rios, em Bras\u00edlia [DF], a Capital da Rep\u00fablica, a terem direito \u00e0 repara\u00e7\u00e3o econ\u00f4mica ou pens\u00f5es. Por danos materiais, pol\u00edticos, sociais e simb\u00f3licos. Medidas que prejudicaram as suas vidas. Tanto civis quanto militares.<\/p>\n<p>Mais: a ditadura civil e militar, no Brasil e em Goi\u00e1s, promoveu uma violenta censura \u00e0s artes, publica\u00e7\u00e3o de livros, \u00e0 imprensa, aos filmes, pe\u00e7as de teatro. Artistas eram perseguidos, presos, espancados e exilados. Como <strong>Caetano Veloso<\/strong> e <strong>Gilberto Gil<a href=\"https:\/\/renatodias.online\/movimento\/wp-content\/uploads\/2019\/11\/Caetano-Veloso-e-Gilberto-Gil-v\u00e3o-para-o-ex\u00edlio-online.jpg\"><img loading=\"lazy\" decoding=\"async\" class=\"alignnone wp-image-2947\" src=\"https:\/\/renatodias.online\/movimento\/wp-content\/uploads\/2019\/11\/Caetano-Veloso-e-Gilberto-Gil-v\u00e3o-para-o-ex\u00edlio-online.jpg\" alt=\"\" width=\"29\" height=\"17\" srcset=\"https:\/\/renatodias.online\/movimento\/wp-content\/uploads\/2019\/11\/Caetano-Veloso-e-Gilberto-Gil-v\u00e3o-para-o-ex\u00edlio-online.jpg 460w, https:\/\/renatodias.online\/movimento\/wp-content\/uploads\/2019\/11\/Caetano-Veloso-e-Gilberto-Gil-v\u00e3o-para-o-ex\u00edlio-online-300x180.jpg 300w\" sizes=\"auto, (max-width: 29px) 100vw, 29px\" \/><\/a><\/strong>, exilados na Inglaterra; <strong>Chico Buarque<a href=\"https:\/\/renatodias.online\/movimento\/wp-content\/uploads\/2019\/11\/Chico-Buarque-no-ex\u00edlio-na-It\u00e1lia-online.jpg\"><img loading=\"lazy\" decoding=\"async\" class=\"alignnone wp-image-2949\" src=\"https:\/\/renatodias.online\/movimento\/wp-content\/uploads\/2019\/11\/Chico-Buarque-no-ex\u00edlio-na-It\u00e1lia-online.jpg\" alt=\"\" width=\"18\" height=\"13\" srcset=\"https:\/\/renatodias.online\/movimento\/wp-content\/uploads\/2019\/11\/Chico-Buarque-no-ex\u00edlio-na-It\u00e1lia-online.jpg 500w, https:\/\/renatodias.online\/movimento\/wp-content\/uploads\/2019\/11\/Chico-Buarque-no-ex\u00edlio-na-It\u00e1lia-online-300x225.jpg 300w, https:\/\/renatodias.online\/movimento\/wp-content\/uploads\/2019\/11\/Chico-Buarque-no-ex\u00edlio-na-It\u00e1lia-online-165x116.jpg 165w, https:\/\/renatodias.online\/movimento\/wp-content\/uploads\/2019\/11\/Chico-Buarque-no-ex\u00edlio-na-It\u00e1lia-online-360x240.jpg 360w, https:\/\/renatodias.online\/movimento\/wp-content\/uploads\/2019\/11\/Chico-Buarque-no-ex\u00edlio-na-It\u00e1lia-online-85x60.jpg 85w\" sizes=\"auto, (max-width: 18px) 100vw, 18px\" \/><\/a><\/strong>, na It\u00e1lia; <strong>Geraldo <\/strong><strong>\u2018<\/strong><strong>Caminhando<\/strong><strong>\u2019<\/strong><strong> Vandr\u00e9<a href=\"https:\/\/renatodias.online\/movimento\/wp-content\/uploads\/2019\/11\/Geraldo-Caminhando-Vandr\u00e9-online.jpeg\"><img loading=\"lazy\" decoding=\"async\" class=\"alignnone wp-image-2951\" src=\"https:\/\/renatodias.online\/movimento\/wp-content\/uploads\/2019\/11\/Geraldo-Caminhando-Vandr\u00e9-online.jpeg\" alt=\"\" width=\"25\" height=\"16\" srcset=\"https:\/\/renatodias.online\/movimento\/wp-content\/uploads\/2019\/11\/Geraldo-Caminhando-Vandr\u00e9-online.jpeg 909w, https:\/\/renatodias.online\/movimento\/wp-content\/uploads\/2019\/11\/Geraldo-Caminhando-Vandr\u00e9-online-300x198.jpeg 300w, https:\/\/renatodias.online\/movimento\/wp-content\/uploads\/2019\/11\/Geraldo-Caminhando-Vandr\u00e9-online-768x507.jpeg 768w, https:\/\/renatodias.online\/movimento\/wp-content\/uploads\/2019\/11\/Geraldo-Caminhando-Vandr\u00e9-online-360x240.jpeg 360w, https:\/\/renatodias.online\/movimento\/wp-content\/uploads\/2019\/11\/Geraldo-Caminhando-Vandr\u00e9-online-750x495.jpeg 750w\" sizes=\"auto, (max-width: 25px) 100vw, 25px\" \/><\/a><\/strong>. Jornais destru\u00eddos. \u2018Empastelados\u2019.<\/p>\n<p>O Ato Institucional N\u00famero 5, de 13 de dezembro de 1968, fechou o Congresso Nacional, a C\u00e2mara Federal, o Senado da Rep\u00fablica, as assembleias legislativas e as c\u00e2maras municipais. \u00a0Centenas de governadores, prefeitos, senadores da Rep\u00fablica, deputados federais, deputados estaduais, vereadores foram cassados. Em 1980, <strong>Luiz In\u00e1cio Lula da Silva<a href=\"https:\/\/renatodias.online\/movimento\/wp-content\/uploads\/2019\/11\/Luiz-In\u00e1cio-Lula-da-Silva-em-2019-online.jpg\"><img loading=\"lazy\" decoding=\"async\" class=\"alignnone wp-image-2952\" src=\"https:\/\/renatodias.online\/movimento\/wp-content\/uploads\/2019\/11\/Luiz-In\u00e1cio-Lula-da-Silva-em-2019-online.jpg\" alt=\"\" width=\"25\" height=\"14\" \/><\/a><\/strong> foi preso. Por greve.<\/p>\n<p><strong>O Congresso Nacional aprovou, em 26 de agosto de 1979, a Lei de Anistia<\/strong>.<a href=\"https:\/\/renatodias.online\/movimento\/wp-content\/uploads\/2019\/11\/Congresso-Nacional-aprova-Lei-de-Anistia-online.jpg\"><img loading=\"lazy\" decoding=\"async\" class=\"alignnone wp-image-2987\" src=\"https:\/\/renatodias.online\/movimento\/wp-content\/uploads\/2019\/11\/Congresso-Nacional-aprova-Lei-de-Anistia-online.jpg\" alt=\"\" width=\"30\" height=\"18\" srcset=\"https:\/\/renatodias.online\/movimento\/wp-content\/uploads\/2019\/11\/Congresso-Nacional-aprova-Lei-de-Anistia-online.jpg 740w, https:\/\/renatodias.online\/movimento\/wp-content\/uploads\/2019\/11\/Congresso-Nacional-aprova-Lei-de-Anistia-online-300x178.jpg 300w\" sizes=\"auto, (max-width: 30px) 100vw, 30px\" \/><\/a> A medida san\u00adcionada n\u00e3o foi ampla. Nem geral. Muito menos irrestrita. Os agentes do Estado pagos com o dinheiro do contribuinte para garantir a seguran\u00e7a p\u00fablica, respons\u00e1veis por viola\u00e7\u00f5es dos di\u00adreitos humanos, assim como a sua cadeia de comando, receberam uma autoanistia. Da Uni\u00e3o.<\/p>\n<p>A direita explosiva mandou aos ares <strong>bancas de revistas<\/strong>, matou, com uma bomba, a secret\u00e1ria-executiva da OAB, <strong>Lyda Monteiro<a href=\"https:\/\/renatodias.online\/movimento\/wp-content\/uploads\/2019\/11\/Lyda-Monteiro-Morta-na-OAB-1980-online.jpg\"><img loading=\"lazy\" decoding=\"async\" class=\"alignnone wp-image-2984\" src=\"https:\/\/renatodias.online\/movimento\/wp-content\/uploads\/2019\/11\/Lyda-Monteiro-Morta-na-OAB-1980-online.jpg\" alt=\"\" width=\"27\" height=\"16\" srcset=\"https:\/\/renatodias.online\/movimento\/wp-content\/uploads\/2019\/11\/Lyda-Monteiro-Morta-na-OAB-1980-online.jpg 620w, https:\/\/renatodias.online\/movimento\/wp-content\/uploads\/2019\/11\/Lyda-Monteiro-Morta-na-OAB-1980-online-300x180.jpg 300w\" sizes=\"auto, (max-width: 27px) 100vw, 27px\" \/><\/a><\/strong>, em 27 de agosto de 1980. Um atentado \u00e0 bomba no <strong>Rio\u00adcen\u00adtro, Rio de Janeiro, no show de Primeiro de Maio<\/strong>,<a href=\"https:\/\/renatodias.online\/movimento\/wp-content\/uploads\/2019\/11\/Atentado-em-1981-ao-Riocentro-online.jpg\"><img loading=\"lazy\" decoding=\"async\" class=\"alignnone wp-image-2988\" src=\"https:\/\/renatodias.online\/movimento\/wp-content\/uploads\/2019\/11\/Atentado-em-1981-ao-Riocentro-online.jpg\" alt=\"\" width=\"36\" height=\"24\" srcset=\"https:\/\/renatodias.online\/movimento\/wp-content\/uploads\/2019\/11\/Atentado-em-1981-ao-Riocentro-online.jpg 768w, https:\/\/renatodias.online\/movimento\/wp-content\/uploads\/2019\/11\/Atentado-em-1981-ao-Riocentro-online-300x200.jpg 300w, https:\/\/renatodias.online\/movimento\/wp-content\/uploads\/2019\/11\/Atentado-em-1981-ao-Riocentro-online-165x116.jpg 165w, https:\/\/renatodias.online\/movimento\/wp-content\/uploads\/2019\/11\/Atentado-em-1981-ao-Riocentro-online-360x240.jpg 360w, https:\/\/renatodias.online\/movimento\/wp-content\/uploads\/2019\/11\/Atentado-em-1981-ao-Riocentro-online-750x500.jpg 750w, https:\/\/renatodias.online\/movimento\/wp-content\/uploads\/2019\/11\/Atentado-em-1981-ao-Riocentro-online-85x60.jpg 85w\" sizes=\"auto, (max-width: 36px) 100vw, 36px\" \/><\/a> dia internacional dos trabalhadores, deixou os executores feridos. Um morreu. O crime das direitas permanece at\u00e9 hoje impune. Pasmem!<\/p>\n<p>O jornalista <strong>Alexandre Von Baumgarten<\/strong>,<a href=\"https:\/\/renatodias.online\/movimento\/wp-content\/uploads\/2019\/11\/Alexandre-Von-Baumgarten-online.jpg\"><img loading=\"lazy\" decoding=\"async\" class=\"alignnone wp-image-2985\" src=\"https:\/\/renatodias.online\/movimento\/wp-content\/uploads\/2019\/11\/Alexandre-Von-Baumgarten-online.jpg\" alt=\"\" width=\"30\" height=\"19\" \/><\/a> indigesto \u00e0 ditadura civil e militar, acabou assas\u00adsi\u00adna\u00addo, em 1982. <strong>A campanha das diretas de 1983 e 1984<\/strong>,<a href=\"https:\/\/renatodias.online\/movimento\/wp-content\/uploads\/2019\/11\/Diretas-j\u00e1-1-online.jpg\"><img loading=\"lazy\" decoding=\"async\" class=\"alignnone wp-image-2986\" src=\"https:\/\/renatodias.online\/movimento\/wp-content\/uploads\/2019\/11\/Diretas-j\u00e1-1-online.jpg\" alt=\"\" width=\"30\" height=\"19\" srcset=\"https:\/\/renatodias.online\/movimento\/wp-content\/uploads\/2019\/11\/Diretas-j\u00e1-1-online.jpg 652w, https:\/\/renatodias.online\/movimento\/wp-content\/uploads\/2019\/11\/Diretas-j\u00e1-1-online-300x188.jpg 300w, https:\/\/renatodias.online\/movimento\/wp-content\/uploads\/2019\/11\/Diretas-j\u00e1-1-online-360x240.jpg 360w\" sizes=\"auto, (max-width: 30px) 100vw, 30px\" \/><\/a> que exigia o direito elementar de votar, caiu com a derrota da Emenda <strong>Dante de Oliveira<a href=\"https:\/\/renatodias.online\/movimento\/wp-content\/uploads\/2019\/11\/Dante-de-Oliveira-online.jpg\"><img loading=\"lazy\" decoding=\"async\" class=\"alignnone wp-image-2989\" src=\"https:\/\/renatodias.online\/movimento\/wp-content\/uploads\/2019\/11\/Dante-de-Oliveira-online.jpg\" alt=\"\" width=\"29\" height=\"15\" srcset=\"https:\/\/renatodias.online\/movimento\/wp-content\/uploads\/2019\/11\/Dante-de-Oliveira-online.jpg 956w, https:\/\/renatodias.online\/movimento\/wp-content\/uploads\/2019\/11\/Dante-de-Oliveira-online-300x157.jpg 300w, https:\/\/renatodias.online\/movimento\/wp-content\/uploads\/2019\/11\/Dante-de-Oliveira-online-768x402.jpg 768w, https:\/\/renatodias.online\/movimento\/wp-content\/uploads\/2019\/11\/Dante-de-Oliveira-online-555x278.jpg 555w, https:\/\/renatodias.online\/movimento\/wp-content\/uploads\/2019\/11\/Dante-de-Oliveira-online-750x392.jpg 750w\" sizes=\"auto, (max-width: 29px) 100vw, 29px\" \/><\/a><\/strong>, em 25 de abril do ano turbulento de 1984. Contra o que poderia ser uma revolu\u00e7\u00e3o democr\u00e1tica, como aponta Florestan Fernandes.<\/p>\n<p>O Col\u00e9gio Eleitoral \u00e9 instalado. <a href=\"https:\/\/renatodias.online\/movimento\/wp-content\/uploads\/2019\/11\/A-morte-de-Tancredo-Neves-online.jpg\"><img loading=\"lazy\" decoding=\"async\" class=\"alignnone wp-image-2990\" src=\"https:\/\/renatodias.online\/movimento\/wp-content\/uploads\/2019\/11\/A-morte-de-Tancredo-Neves-online.jpg\" alt=\"\" width=\"25\" height=\"39\" \/><\/a><strong>Tancredo Neves morre<\/strong>. <strong>Jos\u00e9 Sarney<a href=\"https:\/\/renatodias.online\/movimento\/wp-content\/uploads\/2019\/11\/Jos\u00e9-Sarney-assume-online.jpg\"><img loading=\"lazy\" decoding=\"async\" class=\"alignnone wp-image-2991\" src=\"https:\/\/renatodias.online\/movimento\/wp-content\/uploads\/2019\/11\/Jos\u00e9-Sarney-assume-online.jpg\" alt=\"\" width=\"31\" height=\"20\" srcset=\"https:\/\/renatodias.online\/movimento\/wp-content\/uploads\/2019\/11\/Jos\u00e9-Sarney-assume-online.jpg 620w, https:\/\/renatodias.online\/movimento\/wp-content\/uploads\/2019\/11\/Jos\u00e9-Sarney-assume-online-300x193.jpg 300w, https:\/\/renatodias.online\/movimento\/wp-content\/uploads\/2019\/11\/Jos\u00e9-Sarney-assume-online-360x240.jpg 360w\" sizes=\"auto, (max-width: 31px) 100vw, 31px\" \/><\/a><\/strong>, ex-presidente da Arena e do PDS, legendas de sustenta\u00e7\u00e3o da ditadura civil e militar, em ironia da Hist\u00f3ria, assume. <strong>A Carta Magna sai em 5 de outubro de 1988<a href=\"https:\/\/renatodias.online\/movimento\/wp-content\/uploads\/2019\/11\/Ulysses-Guimar\u00e3es-nova-Constitui\u00e7\u00e3o-de-1988-online.jpg\"><img loading=\"lazy\" decoding=\"async\" class=\"alignnone wp-image-2992\" src=\"https:\/\/renatodias.online\/movimento\/wp-content\/uploads\/2019\/11\/Ulysses-Guimar\u00e3es-nova-Constitui\u00e7\u00e3o-de-1988-online.jpg\" alt=\"\" width=\"24\" height=\"35\" srcset=\"https:\/\/renatodias.online\/movimento\/wp-content\/uploads\/2019\/11\/Ulysses-Guimar\u00e3es-nova-Constitui\u00e7\u00e3o-de-1988-online.jpg 280w, https:\/\/renatodias.online\/movimento\/wp-content\/uploads\/2019\/11\/Ulysses-Guimar\u00e3es-nova-Constitui\u00e7\u00e3o-de-1988-online-210x300.jpg 210w\" sizes=\"auto, (max-width: 24px) 100vw, 24px\" \/><\/a>. <\/strong>Com a manuten\u00e7\u00e3o da tutela das For\u00e7as Armadas como garantidora da Ordem Pol\u00edtica e Social. Em 2019, militares est\u00e3o em 30 \u00f3rg\u00e3os da Uni\u00e3o. Com <a href=\"https:\/\/renatodias.online\/movimento\/wp-content\/uploads\/2019\/11\/Jair-Bolsonaro-online-3.jpg\"><img loading=\"lazy\" decoding=\"async\" class=\"alignnone wp-image-2994\" src=\"https:\/\/renatodias.online\/movimento\/wp-content\/uploads\/2019\/11\/Jair-Bolsonaro-online-3.jpg\" alt=\"\" width=\"32\" height=\"21\" srcset=\"https:\/\/renatodias.online\/movimento\/wp-content\/uploads\/2019\/11\/Jair-Bolsonaro-online-3.jpg 275w, https:\/\/renatodias.online\/movimento\/wp-content\/uploads\/2019\/11\/Jair-Bolsonaro-online-3-165x116.jpg 165w\" sizes=\"auto, (max-width: 32px) 100vw, 32px\" \/><\/a><strong>Jair Bolsonaro<\/strong>. <strong>Eduardo Bolsonaro<a href=\"https:\/\/renatodias.online\/movimento\/wp-content\/uploads\/2019\/11\/eduardobolsonaro.jpg\"><img loading=\"lazy\" decoding=\"async\" class=\"alignnone wp-image-2993\" src=\"https:\/\/renatodias.online\/movimento\/wp-content\/uploads\/2019\/11\/eduardobolsonaro.jpg\" alt=\"\" width=\"30\" height=\"18\" srcset=\"https:\/\/renatodias.online\/movimento\/wp-content\/uploads\/2019\/11\/eduardobolsonaro.jpg 760w, https:\/\/renatodias.online\/movimento\/wp-content\/uploads\/2019\/11\/eduardobolsonaro-300x184.jpg 300w, https:\/\/renatodias.online\/movimento\/wp-content\/uploads\/2019\/11\/eduardobolsonaro-750x459.jpg 750w\" sizes=\"auto, (max-width: 30px) 100vw, 30px\" \/><\/a><\/strong> pede novo AI-5. <strong>Luiz In\u00e1cio Lula da Silva<\/strong> est\u00e1 preso.<\/p>\n<p><strong>&#8211; Um passado que n\u00e3o passa.<\/strong><\/p>\n","protected":false},"excerpt":{"rendered":"<p>Exclusivo Mesmo 50 anos depois sem &#8216;luto&#8217; aos desaparecidos Patrim\u00f4nio imaterial da humanidade, o direito de sepultar e chorar pelos seus mortos\u00e9 negado, no Brasil, com anu\u00eancia do Supremo Tribunal Federal, o STF Quem ir\u00e1 chorar por Miguel Pereira dos Santos, Fernando Santa Cruz, Maria Augusta Thomaz, Marcos Ant\u00f4nio Dias Batista, Paulo de Tarso Celestino<\/p>\n","protected":false},"author":2,"featured_media":2986,"comment_status":"open","ping_status":"open","sticky":false,"template":"","format":"standard","meta":{"_acf_changed":false,"_monsterinsights_skip_tracking":false,"_monsterinsights_sitenote_active":false,"_monsterinsights_sitenote_note":"","_monsterinsights_sitenote_category":0,"footnotes":""},"categories":[4],"tags":[],"class_list":["post-2959","post","type-post","status-publish","format-standard","has-post-thumbnail","hentry","category-politica"],"acf":[],"yoast_head":"<!-- This site is optimized with the Yoast SEO plugin v27.4 - https:\/\/yoast.com\/product\/yoast-seo-wordpress\/ -->\n<title>55 anos depois Finados sem &#039;luto&#039; aos desaparecidos -<\/title>\n<meta name=\"robots\" content=\"index, follow, max-snippet:-1, max-image-preview:large, max-video-preview:-1\" \/>\n<link rel=\"canonical\" href=\"https:\/\/renatodias.online\/movimento\/2019\/11\/02\/mesmo-50-anos-depois-aos-desaparecidos\/\" \/>\n<meta property=\"og:locale\" content=\"pt_BR\" \/>\n<meta property=\"og:type\" content=\"article\" \/>\n<meta property=\"og:title\" content=\"55 anos depois Finados sem &#039;luto&#039; aos desaparecidos -\" \/>\n<meta property=\"og:description\" content=\"Exclusivo Mesmo 50 anos depois sem &#8216;luto&#8217; aos desaparecidos Patrim\u00f4nio imaterial da humanidade, o direito de sepultar e chorar pelos seus mortos\u00e9 negado, no Brasil, com anu\u00eancia do Supremo Tribunal Federal, o STF Quem ir\u00e1 chorar por Miguel Pereira dos Santos, Fernando Santa Cruz, Maria Augusta Thomaz, Marcos Ant\u00f4nio Dias Batista, Paulo de Tarso Celestino\" \/>\n<meta property=\"og:url\" content=\"https:\/\/renatodias.online\/movimento\/2019\/11\/02\/mesmo-50-anos-depois-aos-desaparecidos\/\" \/>\n<meta property=\"article:publisher\" content=\"https:\/\/www.facebook.com\/renato.dias.37\" \/>\n<meta property=\"article:author\" content=\"https:\/\/www.facebook.com\/renato.dias.37\" \/>\n<meta property=\"article:published_time\" content=\"2019-11-02T16:36:16+00:00\" \/>\n<meta property=\"article:modified_time\" content=\"2019-11-03T22:59:25+00:00\" \/>\n<meta property=\"og:image\" content=\"https:\/\/renatodias.online\/movimento\/wp-content\/uploads\/2019\/11\/Diretas-j\u00e1-1-online.jpg\" \/>\n\t<meta property=\"og:image:width\" content=\"652\" \/>\n\t<meta property=\"og:image:height\" content=\"408\" \/>\n\t<meta property=\"og:image:type\" content=\"image\/jpeg\" \/>\n<meta name=\"author\" content=\"Renato Dias\" \/>\n<meta name=\"twitter:card\" content=\"summary_large_image\" \/>\n<meta name=\"twitter:creator\" content=\"@RenatoDiasBat\" \/>\n<meta name=\"twitter:site\" content=\"@RenatoDiasBat\" \/>\n<meta name=\"twitter:label1\" content=\"Escrito por\" \/>\n\t<meta name=\"twitter:data1\" content=\"Renato Dias\" \/>\n\t<meta name=\"twitter:label2\" content=\"Est. tempo de leitura\" \/>\n\t<meta name=\"twitter:data2\" content=\"8 minutos\" \/>\n<script type=\"application\/ld+json\" class=\"yoast-schema-graph\">{\"@context\":\"https:\\\/\\\/schema.org\",\"@graph\":[{\"@type\":\"Article\",\"@id\":\"https:\\\/\\\/renatodias.online\\\/movimento\\\/2019\\\/11\\\/02\\\/mesmo-50-anos-depois-aos-desaparecidos\\\/#article\",\"isPartOf\":{\"@id\":\"https:\\\/\\\/renatodias.online\\\/movimento\\\/2019\\\/11\\\/02\\\/mesmo-50-anos-depois-aos-desaparecidos\\\/\"},\"author\":{\"name\":\"Renato Dias\",\"@id\":\"https:\\\/\\\/renatodias.online\\\/movimento\\\/#\\\/schema\\\/person\\\/bbab28833b1725a20f4083f49f1fb2a9\"},\"headline\":\"55 anos depois Finados sem &#8216;luto&#8217; aos desaparecidos\",\"datePublished\":\"2019-11-02T16:36:16+00:00\",\"dateModified\":\"2019-11-03T22:59:25+00:00\",\"mainEntityOfPage\":{\"@id\":\"https:\\\/\\\/renatodias.online\\\/movimento\\\/2019\\\/11\\\/02\\\/mesmo-50-anos-depois-aos-desaparecidos\\\/\"},\"wordCount\":1652,\"commentCount\":0,\"publisher\":{\"@id\":\"https:\\\/\\\/renatodias.online\\\/movimento\\\/#\\\/schema\\\/person\\\/bbab28833b1725a20f4083f49f1fb2a9\"},\"image\":{\"@id\":\"https:\\\/\\\/renatodias.online\\\/movimento\\\/2019\\\/11\\\/02\\\/mesmo-50-anos-depois-aos-desaparecidos\\\/#primaryimage\"},\"thumbnailUrl\":\"https:\\\/\\\/renatodias.online\\\/movimento\\\/wp-content\\\/uploads\\\/2019\\\/11\\\/Diretas-j\u00e1-1-online.jpg\",\"articleSection\":[\"Pol\u00edtica\"],\"inLanguage\":\"pt-BR\",\"potentialAction\":[{\"@type\":\"CommentAction\",\"name\":\"Comment\",\"target\":[\"https:\\\/\\\/renatodias.online\\\/movimento\\\/2019\\\/11\\\/02\\\/mesmo-50-anos-depois-aos-desaparecidos\\\/#respond\"]}]},{\"@type\":\"WebPage\",\"@id\":\"https:\\\/\\\/renatodias.online\\\/movimento\\\/2019\\\/11\\\/02\\\/mesmo-50-anos-depois-aos-desaparecidos\\\/\",\"url\":\"https:\\\/\\\/renatodias.online\\\/movimento\\\/2019\\\/11\\\/02\\\/mesmo-50-anos-depois-aos-desaparecidos\\\/\",\"name\":\"55 anos depois Finados sem 'luto' aos desaparecidos -\",\"isPartOf\":{\"@id\":\"https:\\\/\\\/renatodias.online\\\/movimento\\\/#website\"},\"primaryImageOfPage\":{\"@id\":\"https:\\\/\\\/renatodias.online\\\/movimento\\\/2019\\\/11\\\/02\\\/mesmo-50-anos-depois-aos-desaparecidos\\\/#primaryimage\"},\"image\":{\"@id\":\"https:\\\/\\\/renatodias.online\\\/movimento\\\/2019\\\/11\\\/02\\\/mesmo-50-anos-depois-aos-desaparecidos\\\/#primaryimage\"},\"thumbnailUrl\":\"https:\\\/\\\/renatodias.online\\\/movimento\\\/wp-content\\\/uploads\\\/2019\\\/11\\\/Diretas-j\u00e1-1-online.jpg\",\"datePublished\":\"2019-11-02T16:36:16+00:00\",\"dateModified\":\"2019-11-03T22:59:25+00:00\",\"breadcrumb\":{\"@id\":\"https:\\\/\\\/renatodias.online\\\/movimento\\\/2019\\\/11\\\/02\\\/mesmo-50-anos-depois-aos-desaparecidos\\\/#breadcrumb\"},\"inLanguage\":\"pt-BR\",\"potentialAction\":[{\"@type\":\"ReadAction\",\"target\":[\"https:\\\/\\\/renatodias.online\\\/movimento\\\/2019\\\/11\\\/02\\\/mesmo-50-anos-depois-aos-desaparecidos\\\/\"]}]},{\"@type\":\"ImageObject\",\"inLanguage\":\"pt-BR\",\"@id\":\"https:\\\/\\\/renatodias.online\\\/movimento\\\/2019\\\/11\\\/02\\\/mesmo-50-anos-depois-aos-desaparecidos\\\/#primaryimage\",\"url\":\"https:\\\/\\\/renatodias.online\\\/movimento\\\/wp-content\\\/uploads\\\/2019\\\/11\\\/Diretas-j\u00e1-1-online.jpg\",\"contentUrl\":\"https:\\\/\\\/renatodias.online\\\/movimento\\\/wp-content\\\/uploads\\\/2019\\\/11\\\/Diretas-j\u00e1-1-online.jpg\",\"width\":652,\"height\":408,\"caption\":\"Campanha por Diretas j\u00e1\"},{\"@type\":\"BreadcrumbList\",\"@id\":\"https:\\\/\\\/renatodias.online\\\/movimento\\\/2019\\\/11\\\/02\\\/mesmo-50-anos-depois-aos-desaparecidos\\\/#breadcrumb\",\"itemListElement\":[{\"@type\":\"ListItem\",\"position\":1,\"name\":\"In\u00edcio\",\"item\":\"https:\\\/\\\/renatodias.online\\\/movimento\\\/\"},{\"@type\":\"ListItem\",\"position\":2,\"name\":\"55 anos depois Finados sem &#8216;luto&#8217; aos desaparecidos\"}]},{\"@type\":\"WebSite\",\"@id\":\"https:\\\/\\\/renatodias.online\\\/movimento\\\/#website\",\"url\":\"https:\\\/\\\/renatodias.online\\\/movimento\\\/\",\"name\":\"\",\"description\":\"\",\"publisher\":{\"@id\":\"https:\\\/\\\/renatodias.online\\\/movimento\\\/#\\\/schema\\\/person\\\/bbab28833b1725a20f4083f49f1fb2a9\"},\"potentialAction\":[{\"@type\":\"SearchAction\",\"target\":{\"@type\":\"EntryPoint\",\"urlTemplate\":\"https:\\\/\\\/renatodias.online\\\/movimento\\\/?s={search_term_string}\"},\"query-input\":{\"@type\":\"PropertyValueSpecification\",\"valueRequired\":true,\"valueName\":\"search_term_string\"}}],\"inLanguage\":\"pt-BR\"},{\"@type\":[\"Person\",\"Organization\"],\"@id\":\"https:\\\/\\\/renatodias.online\\\/movimento\\\/#\\\/schema\\\/person\\\/bbab28833b1725a20f4083f49f1fb2a9\",\"name\":\"Renato Dias\",\"image\":{\"@type\":\"ImageObject\",\"inLanguage\":\"pt-BR\",\"@id\":\"https:\\\/\\\/renatodias.online\\\/movimento\\\/wp-content\\\/uploads\\\/2023\\\/03\\\/cropped-cropped-cropped-logofinal.jpeg\",\"url\":\"https:\\\/\\\/renatodias.online\\\/movimento\\\/wp-content\\\/uploads\\\/2023\\\/03\\\/cropped-cropped-cropped-logofinal.jpeg\",\"contentUrl\":\"https:\\\/\\\/renatodias.online\\\/movimento\\\/wp-content\\\/uploads\\\/2023\\\/03\\\/cropped-cropped-cropped-logofinal.jpeg\",\"width\":1280,\"height\":219,\"caption\":\"Renato Dias\"},\"logo\":{\"@id\":\"https:\\\/\\\/renatodias.online\\\/movimento\\\/wp-content\\\/uploads\\\/2023\\\/03\\\/cropped-cropped-cropped-logofinal.jpeg\"},\"description\":\"Renato Dias, 58 anos, \u00e9 graduado em Jornalismo, formado em Ci\u00eancias Sociais, com p\u00f3s-gradua\u00e7\u00e3o em Pol\u00edticas P\u00fablicas, mestre em Direito e Rela\u00e7\u00f5es Internacionais, ex-aluno extraordin\u00e1rio do Doutorado em Psicologia Social, ex-estudante do Curso de Psican\u00e1lise do Centro de Estudos Psicanal\u00edticos do Estado de Goi\u00e1s, ministrado pelo m\u00e9dico psiquiatra e psicanalista Daniel Em\u00eddio de Souza. \u00c9 autor de 30 livros-reportagem, oito document\u00e1rios, ganhou 30 pr\u00eamios e \u00e9 torcedor apaixonado do maior do Centro-Oeste, o Vila Nova Futebol Clube. Casado com Meirilane Dias, \u00e9 pai de Juliana Dias, jornalista; Daniel Dias, economista; e Maria Rosa Dias, estudante antifascista, socialista e trotskista.\u00a0Com tr\u00eas pets: Porquinho [Bull Dog Franc\u00eas], Dalila [Basset Hound] e Geleia [Basset Hound]. Al\u00e9m do eterno gato Tutuquinho, que virou estrela.\",\"sameAs\":[\"https:\\\/\\\/www.facebook.com\\\/renato.dias.37\",\"#breve\",\"https:\\\/\\\/renatodias.tumblr.com\\\/\"],\"url\":\"https:\\\/\\\/renatodias.online\\\/movimento\\\/author\\\/renatodias\\\/\"}]}<\/script>\n<!-- \/ Yoast SEO plugin. -->","yoast_head_json":{"title":"55 anos depois Finados sem 'luto' aos desaparecidos -","robots":{"index":"index","follow":"follow","max-snippet":"max-snippet:-1","max-image-preview":"max-image-preview:large","max-video-preview":"max-video-preview:-1"},"canonical":"https:\/\/renatodias.online\/movimento\/2019\/11\/02\/mesmo-50-anos-depois-aos-desaparecidos\/","og_locale":"pt_BR","og_type":"article","og_title":"55 anos depois Finados sem 'luto' aos desaparecidos -","og_description":"Exclusivo Mesmo 50 anos depois sem &#8216;luto&#8217; aos desaparecidos Patrim\u00f4nio imaterial da humanidade, o direito de sepultar e chorar pelos seus mortos\u00e9 negado, no Brasil, com anu\u00eancia do Supremo Tribunal Federal, o STF Quem ir\u00e1 chorar por Miguel Pereira dos Santos, Fernando Santa Cruz, Maria Augusta Thomaz, Marcos Ant\u00f4nio Dias Batista, Paulo de Tarso Celestino","og_url":"https:\/\/renatodias.online\/movimento\/2019\/11\/02\/mesmo-50-anos-depois-aos-desaparecidos\/","article_publisher":"https:\/\/www.facebook.com\/renato.dias.37","article_author":"https:\/\/www.facebook.com\/renato.dias.37","article_published_time":"2019-11-02T16:36:16+00:00","article_modified_time":"2019-11-03T22:59:25+00:00","og_image":[{"width":652,"height":408,"url":"https:\/\/renatodias.online\/movimento\/wp-content\/uploads\/2019\/11\/Diretas-j\u00e1-1-online.jpg","type":"image\/jpeg"}],"author":"Renato Dias","twitter_card":"summary_large_image","twitter_creator":"@RenatoDiasBat","twitter_site":"@RenatoDiasBat","twitter_misc":{"Escrito por":"Renato Dias","Est. tempo de leitura":"8 minutos"},"schema":{"@context":"https:\/\/schema.org","@graph":[{"@type":"Article","@id":"https:\/\/renatodias.online\/movimento\/2019\/11\/02\/mesmo-50-anos-depois-aos-desaparecidos\/#article","isPartOf":{"@id":"https:\/\/renatodias.online\/movimento\/2019\/11\/02\/mesmo-50-anos-depois-aos-desaparecidos\/"},"author":{"name":"Renato Dias","@id":"https:\/\/renatodias.online\/movimento\/#\/schema\/person\/bbab28833b1725a20f4083f49f1fb2a9"},"headline":"55 anos depois Finados sem &#8216;luto&#8217; aos desaparecidos","datePublished":"2019-11-02T16:36:16+00:00","dateModified":"2019-11-03T22:59:25+00:00","mainEntityOfPage":{"@id":"https:\/\/renatodias.online\/movimento\/2019\/11\/02\/mesmo-50-anos-depois-aos-desaparecidos\/"},"wordCount":1652,"commentCount":0,"publisher":{"@id":"https:\/\/renatodias.online\/movimento\/#\/schema\/person\/bbab28833b1725a20f4083f49f1fb2a9"},"image":{"@id":"https:\/\/renatodias.online\/movimento\/2019\/11\/02\/mesmo-50-anos-depois-aos-desaparecidos\/#primaryimage"},"thumbnailUrl":"https:\/\/renatodias.online\/movimento\/wp-content\/uploads\/2019\/11\/Diretas-j\u00e1-1-online.jpg","articleSection":["Pol\u00edtica"],"inLanguage":"pt-BR","potentialAction":[{"@type":"CommentAction","name":"Comment","target":["https:\/\/renatodias.online\/movimento\/2019\/11\/02\/mesmo-50-anos-depois-aos-desaparecidos\/#respond"]}]},{"@type":"WebPage","@id":"https:\/\/renatodias.online\/movimento\/2019\/11\/02\/mesmo-50-anos-depois-aos-desaparecidos\/","url":"https:\/\/renatodias.online\/movimento\/2019\/11\/02\/mesmo-50-anos-depois-aos-desaparecidos\/","name":"55 anos depois Finados sem 'luto' aos desaparecidos -","isPartOf":{"@id":"https:\/\/renatodias.online\/movimento\/#website"},"primaryImageOfPage":{"@id":"https:\/\/renatodias.online\/movimento\/2019\/11\/02\/mesmo-50-anos-depois-aos-desaparecidos\/#primaryimage"},"image":{"@id":"https:\/\/renatodias.online\/movimento\/2019\/11\/02\/mesmo-50-anos-depois-aos-desaparecidos\/#primaryimage"},"thumbnailUrl":"https:\/\/renatodias.online\/movimento\/wp-content\/uploads\/2019\/11\/Diretas-j\u00e1-1-online.jpg","datePublished":"2019-11-02T16:36:16+00:00","dateModified":"2019-11-03T22:59:25+00:00","breadcrumb":{"@id":"https:\/\/renatodias.online\/movimento\/2019\/11\/02\/mesmo-50-anos-depois-aos-desaparecidos\/#breadcrumb"},"inLanguage":"pt-BR","potentialAction":[{"@type":"ReadAction","target":["https:\/\/renatodias.online\/movimento\/2019\/11\/02\/mesmo-50-anos-depois-aos-desaparecidos\/"]}]},{"@type":"ImageObject","inLanguage":"pt-BR","@id":"https:\/\/renatodias.online\/movimento\/2019\/11\/02\/mesmo-50-anos-depois-aos-desaparecidos\/#primaryimage","url":"https:\/\/renatodias.online\/movimento\/wp-content\/uploads\/2019\/11\/Diretas-j\u00e1-1-online.jpg","contentUrl":"https:\/\/renatodias.online\/movimento\/wp-content\/uploads\/2019\/11\/Diretas-j\u00e1-1-online.jpg","width":652,"height":408,"caption":"Campanha por Diretas j\u00e1"},{"@type":"BreadcrumbList","@id":"https:\/\/renatodias.online\/movimento\/2019\/11\/02\/mesmo-50-anos-depois-aos-desaparecidos\/#breadcrumb","itemListElement":[{"@type":"ListItem","position":1,"name":"In\u00edcio","item":"https:\/\/renatodias.online\/movimento\/"},{"@type":"ListItem","position":2,"name":"55 anos depois Finados sem &#8216;luto&#8217; aos desaparecidos"}]},{"@type":"WebSite","@id":"https:\/\/renatodias.online\/movimento\/#website","url":"https:\/\/renatodias.online\/movimento\/","name":"","description":"","publisher":{"@id":"https:\/\/renatodias.online\/movimento\/#\/schema\/person\/bbab28833b1725a20f4083f49f1fb2a9"},"potentialAction":[{"@type":"SearchAction","target":{"@type":"EntryPoint","urlTemplate":"https:\/\/renatodias.online\/movimento\/?s={search_term_string}"},"query-input":{"@type":"PropertyValueSpecification","valueRequired":true,"valueName":"search_term_string"}}],"inLanguage":"pt-BR"},{"@type":["Person","Organization"],"@id":"https:\/\/renatodias.online\/movimento\/#\/schema\/person\/bbab28833b1725a20f4083f49f1fb2a9","name":"Renato Dias","image":{"@type":"ImageObject","inLanguage":"pt-BR","@id":"https:\/\/renatodias.online\/movimento\/wp-content\/uploads\/2023\/03\/cropped-cropped-cropped-logofinal.jpeg","url":"https:\/\/renatodias.online\/movimento\/wp-content\/uploads\/2023\/03\/cropped-cropped-cropped-logofinal.jpeg","contentUrl":"https:\/\/renatodias.online\/movimento\/wp-content\/uploads\/2023\/03\/cropped-cropped-cropped-logofinal.jpeg","width":1280,"height":219,"caption":"Renato Dias"},"logo":{"@id":"https:\/\/renatodias.online\/movimento\/wp-content\/uploads\/2023\/03\/cropped-cropped-cropped-logofinal.jpeg"},"description":"Renato Dias, 58 anos, \u00e9 graduado em Jornalismo, formado em Ci\u00eancias Sociais, com p\u00f3s-gradua\u00e7\u00e3o em Pol\u00edticas P\u00fablicas, mestre em Direito e Rela\u00e7\u00f5es Internacionais, ex-aluno extraordin\u00e1rio do Doutorado em Psicologia Social, ex-estudante do Curso de Psican\u00e1lise do Centro de Estudos Psicanal\u00edticos do Estado de Goi\u00e1s, ministrado pelo m\u00e9dico psiquiatra e psicanalista Daniel Em\u00eddio de Souza. \u00c9 autor de 30 livros-reportagem, oito document\u00e1rios, ganhou 30 pr\u00eamios e \u00e9 torcedor apaixonado do maior do Centro-Oeste, o Vila Nova Futebol Clube. Casado com Meirilane Dias, \u00e9 pai de Juliana Dias, jornalista; Daniel Dias, economista; e Maria Rosa Dias, estudante antifascista, socialista e trotskista.\u00a0Com tr\u00eas pets: Porquinho [Bull Dog Franc\u00eas], Dalila [Basset Hound] e Geleia [Basset Hound]. Al\u00e9m do eterno gato Tutuquinho, que virou estrela.","sameAs":["https:\/\/www.facebook.com\/renato.dias.37","#breve","https:\/\/renatodias.tumblr.com\/"],"url":"https:\/\/renatodias.online\/movimento\/author\/renatodias\/"}]}},"_links":{"self":[{"href":"https:\/\/renatodias.online\/movimento\/wp-json\/wp\/v2\/posts\/2959","targetHints":{"allow":["GET"]}}],"collection":[{"href":"https:\/\/renatodias.online\/movimento\/wp-json\/wp\/v2\/posts"}],"about":[{"href":"https:\/\/renatodias.online\/movimento\/wp-json\/wp\/v2\/types\/post"}],"author":[{"embeddable":true,"href":"https:\/\/renatodias.online\/movimento\/wp-json\/wp\/v2\/users\/2"}],"replies":[{"embeddable":true,"href":"https:\/\/renatodias.online\/movimento\/wp-json\/wp\/v2\/comments?post=2959"}],"version-history":[{"count":7,"href":"https:\/\/renatodias.online\/movimento\/wp-json\/wp\/v2\/posts\/2959\/revisions"}],"predecessor-version":[{"id":2962,"href":"https:\/\/renatodias.online\/movimento\/wp-json\/wp\/v2\/posts\/2959\/revisions\/2962"}],"wp:featuredmedia":[{"embeddable":true,"href":"https:\/\/renatodias.online\/movimento\/wp-json\/wp\/v2\/media\/2986"}],"wp:attachment":[{"href":"https:\/\/renatodias.online\/movimento\/wp-json\/wp\/v2\/media?parent=2959"}],"wp:term":[{"taxonomy":"category","embeddable":true,"href":"https:\/\/renatodias.online\/movimento\/wp-json\/wp\/v2\/categories?post=2959"},{"taxonomy":"post_tag","embeddable":true,"href":"https:\/\/renatodias.online\/movimento\/wp-json\/wp\/v2\/tags?post=2959"}],"curies":[{"name":"wp","href":"https:\/\/api.w.org\/{rel}","templated":true}]}}