{"id":2859,"date":"2019-10-27T18:49:52","date_gmt":"2019-10-27T21:49:52","guid":{"rendered":"https:\/\/renatodias.online\/movimento\/?p=2859"},"modified":"2019-10-27T18:49:52","modified_gmt":"2019-10-27T21:49:52","slug":"inovacao-no-mercado-em-goias","status":"publish","type":"post","link":"https:\/\/renatodias.online\/movimento\/2019\/10\/27\/inovacao-no-mercado-em-goias\/","title":{"rendered":"\u00a0Inova\u00e7\u00e3o no mercado em Goi\u00e1s"},"content":{"rendered":"<p><strong>Empreendedorismo<\/strong><\/p>\n<h1><strong>\u00a0<\/strong><strong>Inova\u00e7\u00e3o no mercado em Goi\u00e1s<\/strong><\/h1>\n<p><strong>Goi\u00e2nia, polo no setor de joias e semijoias, conta com mais de 50 empresas que fabricam e comercializam produtos para o Brasil e exportam para a\u00a0 Am\u00e9rica Latina e at\u00e9 Europa\u00a0\u00a0 <\/strong><\/p>\n<p><strong>\u00a0<\/strong><strong>\u00a0<\/strong><\/p>\n<p><strong>Renato Dias<\/strong><\/p>\n<p>Fundado em edital lan\u00e7ado pela Funda\u00e7\u00e3o de Amparo \u00e0 Pesquisa do Estado de Goi\u00e1s, a Fapeg, Roney Correa, engenheiro de Software, Paulo Medeiros,\u00a0mestre joalheiro, e Wander Kenne, especialista na \u00e1rea de gest\u00e3o e vendas no Brasil e Estados Unidos, participaram e obtiveram destaque no Programa de Ideias Inovadoras. Do Minist\u00e9rio da Ci\u00eancia e Tecnologia\/ FINEP\/ CNPq \/FAPEG. \u00c9 o \u00a0Centelha Goi\u00e1s. Com um total de 900 projetos inscritos. De m\u00faltiplas \u00e1reas.<\/p>\n<figure id=\"attachment_2861\" aria-describedby=\"caption-attachment-2861\" style=\"width: 1024px\" class=\"wp-caption alignnone\"><img loading=\"lazy\" decoding=\"async\" class=\"wp-image-2861 size-large\" src=\"https:\/\/renatodias.online\/movimento\/wp-content\/uploads\/2019\/10\/foto-anel-2-1-1024x1024.jpg\" alt=\"\" width=\"1024\" height=\"1024\" srcset=\"https:\/\/renatodias.online\/movimento\/wp-content\/uploads\/2019\/10\/foto-anel-2-1-1024x1024.jpg 1024w, https:\/\/renatodias.online\/movimento\/wp-content\/uploads\/2019\/10\/foto-anel-2-1-150x150.jpg 150w, https:\/\/renatodias.online\/movimento\/wp-content\/uploads\/2019\/10\/foto-anel-2-1-300x300.jpg 300w, https:\/\/renatodias.online\/movimento\/wp-content\/uploads\/2019\/10\/foto-anel-2-1-768x768.jpg 768w, https:\/\/renatodias.online\/movimento\/wp-content\/uploads\/2019\/10\/foto-anel-2-1-750x750.jpg 750w, https:\/\/renatodias.online\/movimento\/wp-content\/uploads\/2019\/10\/foto-anel-2-1.jpg 1600w\" sizes=\"auto, (max-width: 1024px) 100vw, 1024px\" \/><figcaption id=\"caption-attachment-2861\" class=\"wp-caption-text\">An\u00e9is produzidos em Goi\u00e2nia<\/figcaption><\/figure>\n<p>Uma uni\u00e3o para l\u00e1 de improv\u00e1vel. Apesar disso, deu certo. O que? O estabelecimento de uma rela\u00e7\u00e3o para produ\u00e7\u00e3o de ci\u00eancias &amp; neg\u00f3cios entre um expert\u00a0 em computa\u00e7\u00e3o e automa\u00e7\u00e3o, com um mestre joalheiro e um gestor de neg\u00f3cios. Assim nasceu a MaxInject. Trata-se de um programa revolucion\u00e1rio. Contempor\u00e2neo da modernidade. Inovador. Foco: para atender as necessidades do segmento industrial do setor de joias e semijoias. No Estado de Goi\u00e1s e Brasil<\/p>\n<p><strong>Focar ind\u00fastrias<\/strong><\/p>\n<p>A estrat\u00e9gia \u00e9 focar ind\u00fastrias de joias e semijoias, explica Wander Kenne. O diferencial seria a<\/p>\n<p>qualidade na inje\u00e7\u00e3o das pe\u00e7as, observa. Al\u00e9m da modelagem, pontua. Assim como a precis\u00e3o &amp; excel\u00eancia na produ\u00e7\u00e3o at\u00e9 a entrega do produto final, sublinha o pesquisador. Requisitos b\u00e1sicos para atingir o sucesso, registra o empreendedor estimulado pela Fapeg, Governo de Goi\u00e1s e Minist\u00e9rio da Ci\u00eancia e Tecnologia.\u00a0O resultado \u00e9 concep\u00e7\u00e3o da Injetora MaxInject, diz.<\/p>\n<p>&nbsp;<\/p>\n<p><strong>&#8211; Ap\u00f3s dois anos de pesquisas e desenvolvimento de prot\u00f3tipos,\u00a0 o trio concluiu a vers\u00e3o final. Agora \u00e9preparar \u00a0para o in\u00edcio de\u00a0fabrica\u00e7\u00e3o em Goi\u00e1s.\u00a0 \u00a0\u00a0<\/strong><\/p>\n<p><strong>Ranking mundial<\/strong><\/p>\n<p>O Brasil \u00e9 um dos 15 maiores produtores de joias em ouro do mundo, informa. Vinte toneladas de pe\u00e7as criadas e comercializadas por cerca de tr\u00eas mil empresas no setor em atividade, diz Wander Kenne. Elas faturam\u00a0R$ 600 milh\u00f5es, conta.\u00a0 Dados do Instituto Brasileiro de Gemas e Metais Preciosos. Goi\u00e2nia, polo no setor, conta com mais de 50 empresas que fabricam e co\u00admercializam produtos para o Brasil e exportam para a\u00a0 Am\u00e9rica Latina e at\u00e9 Europa, ele narra.<\/p>\n<p><strong>Servi\u00e7o:<\/strong><\/p>\n<p><iframe loading=\"lazy\" title=\"Programa Centelha Goias 2019  MaxInject\" width=\"960\" height=\"540\" src=\"https:\/\/www.youtube.com\/embed\/FXqL5gYcLv0?start=22&#038;feature=oembed\" frameborder=\"0\" allow=\"accelerometer; autoplay; clipboard-write; encrypted-media; gyroscope; picture-in-picture; web-share\" referrerpolicy=\"strict-origin-when-cross-origin\" allowfullscreen><\/iframe><\/p>\n<p>&nbsp;<\/p>\n<p>&nbsp;<\/p>\n<p>&nbsp;<\/p>\n<p>&nbsp;<\/p>\n<p>&nbsp;<\/p>\n<p>&nbsp;<\/p>\n<p><strong>Roney Correa<\/strong>. Engenheiro de Software, desde os 14 anos de idade j\u00e1 se envolvia no mundo da Eletr\u00f4nica e foi auto didata nesta \u00e1rea.<\/p>\n<p>Aficionado\u00a0por Avia\u00e7\u00e3o, come\u00e7ou como hobby aos 35 anos,\u00a0 habilitado\u00a0 a voar,\u00a0 com pouco tempo fabricou seu pr\u00f3prio Ultra Leve.<\/p>\n<p>Na \u00e1rea da Mec\u00e2nica e automa\u00e7\u00e3o o aprendizado ocorreu mais recente, onde faz projetos de pe\u00e7as em 3D e programa\u00e7\u00e3o de m\u00e1quinas.<\/p>\n<p>Profissional tem 38 anos de experi\u00eancia em An\u00e1lise de Sistemas e programa\u00e7\u00e3o.\u00a0 Atuou com l\u00edder de projetos em Sistemas pela IBM nos EUA, EUROPA E ASIA por quase 15 anos.<\/p>\n<p>&nbsp;<\/p>\n<p><strong>Paulo Medeiros<\/strong>,\u00a0mestre joalheiro possui mais de 35 anos dedicado \u00e1 fabrica\u00e7\u00e3o de j\u00f3ias no Brasil , Estados Unidos e pa\u00edses do norte da \u00e1frica.<\/p>\n<p>Foi consultor da ONU\/ PNUD \u2013 na implementa\u00e7\u00e3o de centros de forma\u00e7\u00e3o para joalheiros no norte da Africa ( Arg\u00e9lia ).<\/p>\n<p>Criativo e com requinte apurado na concep\u00e7\u00e3o e fabrica\u00e7\u00e3o de joias, tem primor por acabamento e perfeccionismo nos detalhes.<\/p>\n<p>&nbsp;<\/p>\n<p><strong>Wander Kenne<\/strong>\u00a0mais de 30 anos de experi\u00eancia na \u00e1rea de gest\u00e3o e vendas no Brasil e Estados Unidos. Foi diretor Comercial em Empresas de Software em Goias e S\u00e3o Paulo.\u00a0 Atuou por 4 anos nos Estados Unidos como Consultor em Projetos e\u00a0 Outsourcing de m\u00e3o de obra especializada.<\/p>\n<p>&nbsp;<\/p>\n","protected":false},"excerpt":{"rendered":"<p>Empreendedorismo \u00a0Inova\u00e7\u00e3o no mercado em Goi\u00e1s Goi\u00e2nia, polo no setor de joias e semijoias, conta com mais de 50 empresas que fabricam e comercializam produtos para o Brasil e exportam para a\u00a0 Am\u00e9rica Latina e at\u00e9 Europa\u00a0\u00a0 \u00a0\u00a0 Renato Dias Fundado em edital lan\u00e7ado pela Funda\u00e7\u00e3o de Amparo \u00e0 Pesquisa do Estado de Goi\u00e1s, a<\/p>\n","protected":false},"author":2,"featured_media":2860,"comment_status":"open","ping_status":"open","sticky":false,"template":"","format":"standard","meta":{"_acf_changed":false,"_monsterinsights_skip_tracking":false,"_monsterinsights_sitenote_active":false,"_monsterinsights_sitenote_note":"","_monsterinsights_sitenote_category":0,"footnotes":""},"categories":[10],"tags":[],"class_list":["post-2859","post","type-post","status-publish","format-standard","has-post-thumbnail","hentry","category-economia"],"acf":[],"yoast_head":"<!-- This site is optimized with the Yoast SEO plugin v27.4 - https:\/\/yoast.com\/product\/yoast-seo-wordpress\/ -->\n<title>\u00a0Inova\u00e7\u00e3o no mercado em Goi\u00e1s -<\/title>\n<meta name=\"robots\" content=\"index, follow, max-snippet:-1, max-image-preview:large, max-video-preview:-1\" \/>\n<link rel=\"canonical\" href=\"https:\/\/renatodias.online\/movimento\/2019\/10\/27\/inovacao-no-mercado-em-goias\/\" \/>\n<meta property=\"og:locale\" content=\"pt_BR\" \/>\n<meta property=\"og:type\" content=\"article\" \/>\n<meta property=\"og:title\" content=\"\u00a0Inova\u00e7\u00e3o no mercado em Goi\u00e1s -\" \/>\n<meta property=\"og:description\" content=\"Empreendedorismo \u00a0Inova\u00e7\u00e3o no mercado em Goi\u00e1s Goi\u00e2nia, polo no setor de joias e semijoias, conta com mais de 50 empresas que fabricam e comercializam produtos para o Brasil e exportam para a\u00a0 Am\u00e9rica Latina e at\u00e9 Europa\u00a0\u00a0 \u00a0\u00a0 Renato Dias Fundado em edital lan\u00e7ado pela Funda\u00e7\u00e3o de Amparo \u00e0 Pesquisa do Estado de Goi\u00e1s, a\" \/>\n<meta property=\"og:url\" content=\"https:\/\/renatodias.online\/movimento\/2019\/10\/27\/inovacao-no-mercado-em-goias\/\" \/>\n<meta property=\"article:publisher\" content=\"https:\/\/www.facebook.com\/renato.dias.37\" \/>\n<meta property=\"article:author\" content=\"https:\/\/www.facebook.com\/renato.dias.37\" \/>\n<meta property=\"article:published_time\" content=\"2019-10-27T21:49:52+00:00\" \/>\n<meta property=\"og:image\" content=\"https:\/\/renatodias.online\/movimento\/wp-content\/uploads\/2019\/10\/foto-anel-1-1.jpg\" \/>\n\t<meta property=\"og:image:width\" content=\"1600\" \/>\n\t<meta property=\"og:image:height\" content=\"1600\" \/>\n\t<meta property=\"og:image:type\" content=\"image\/jpeg\" \/>\n<meta name=\"author\" content=\"Renato Dias\" \/>\n<meta name=\"twitter:card\" content=\"summary_large_image\" \/>\n<meta name=\"twitter:creator\" content=\"@RenatoDiasBat\" \/>\n<meta name=\"twitter:site\" content=\"@RenatoDiasBat\" \/>\n<meta name=\"twitter:label1\" content=\"Escrito por\" \/>\n\t<meta name=\"twitter:data1\" content=\"Renato Dias\" \/>\n\t<meta name=\"twitter:label2\" content=\"Est. tempo de leitura\" \/>\n\t<meta name=\"twitter:data2\" content=\"3 minutos\" \/>\n<script type=\"application\/ld+json\" class=\"yoast-schema-graph\">{\"@context\":\"https:\\\/\\\/schema.org\",\"@graph\":[{\"@type\":\"Article\",\"@id\":\"https:\\\/\\\/renatodias.online\\\/movimento\\\/2019\\\/10\\\/27\\\/inovacao-no-mercado-em-goias\\\/#article\",\"isPartOf\":{\"@id\":\"https:\\\/\\\/renatodias.online\\\/movimento\\\/2019\\\/10\\\/27\\\/inovacao-no-mercado-em-goias\\\/\"},\"author\":{\"name\":\"Renato Dias\",\"@id\":\"https:\\\/\\\/renatodias.online\\\/movimento\\\/#\\\/schema\\\/person\\\/bbab28833b1725a20f4083f49f1fb2a9\"},\"headline\":\"\u00a0Inova\u00e7\u00e3o no mercado em Goi\u00e1s\",\"datePublished\":\"2019-10-27T21:49:52+00:00\",\"mainEntityOfPage\":{\"@id\":\"https:\\\/\\\/renatodias.online\\\/movimento\\\/2019\\\/10\\\/27\\\/inovacao-no-mercado-em-goias\\\/\"},\"wordCount\":669,\"commentCount\":0,\"publisher\":{\"@id\":\"https:\\\/\\\/renatodias.online\\\/movimento\\\/#\\\/schema\\\/person\\\/bbab28833b1725a20f4083f49f1fb2a9\"},\"image\":{\"@id\":\"https:\\\/\\\/renatodias.online\\\/movimento\\\/2019\\\/10\\\/27\\\/inovacao-no-mercado-em-goias\\\/#primaryimage\"},\"thumbnailUrl\":\"https:\\\/\\\/renatodias.online\\\/movimento\\\/wp-content\\\/uploads\\\/2019\\\/10\\\/foto-anel-1-1.jpg\",\"articleSection\":[\"Economia\"],\"inLanguage\":\"pt-BR\",\"potentialAction\":[{\"@type\":\"CommentAction\",\"name\":\"Comment\",\"target\":[\"https:\\\/\\\/renatodias.online\\\/movimento\\\/2019\\\/10\\\/27\\\/inovacao-no-mercado-em-goias\\\/#respond\"]}]},{\"@type\":\"WebPage\",\"@id\":\"https:\\\/\\\/renatodias.online\\\/movimento\\\/2019\\\/10\\\/27\\\/inovacao-no-mercado-em-goias\\\/\",\"url\":\"https:\\\/\\\/renatodias.online\\\/movimento\\\/2019\\\/10\\\/27\\\/inovacao-no-mercado-em-goias\\\/\",\"name\":\"\u00a0Inova\u00e7\u00e3o no mercado em Goi\u00e1s -\",\"isPartOf\":{\"@id\":\"https:\\\/\\\/renatodias.online\\\/movimento\\\/#website\"},\"primaryImageOfPage\":{\"@id\":\"https:\\\/\\\/renatodias.online\\\/movimento\\\/2019\\\/10\\\/27\\\/inovacao-no-mercado-em-goias\\\/#primaryimage\"},\"image\":{\"@id\":\"https:\\\/\\\/renatodias.online\\\/movimento\\\/2019\\\/10\\\/27\\\/inovacao-no-mercado-em-goias\\\/#primaryimage\"},\"thumbnailUrl\":\"https:\\\/\\\/renatodias.online\\\/movimento\\\/wp-content\\\/uploads\\\/2019\\\/10\\\/foto-anel-1-1.jpg\",\"datePublished\":\"2019-10-27T21:49:52+00:00\",\"breadcrumb\":{\"@id\":\"https:\\\/\\\/renatodias.online\\\/movimento\\\/2019\\\/10\\\/27\\\/inovacao-no-mercado-em-goias\\\/#breadcrumb\"},\"inLanguage\":\"pt-BR\",\"potentialAction\":[{\"@type\":\"ReadAction\",\"target\":[\"https:\\\/\\\/renatodias.online\\\/movimento\\\/2019\\\/10\\\/27\\\/inovacao-no-mercado-em-goias\\\/\"]}]},{\"@type\":\"ImageObject\",\"inLanguage\":\"pt-BR\",\"@id\":\"https:\\\/\\\/renatodias.online\\\/movimento\\\/2019\\\/10\\\/27\\\/inovacao-no-mercado-em-goias\\\/#primaryimage\",\"url\":\"https:\\\/\\\/renatodias.online\\\/movimento\\\/wp-content\\\/uploads\\\/2019\\\/10\\\/foto-anel-1-1.jpg\",\"contentUrl\":\"https:\\\/\\\/renatodias.online\\\/movimento\\\/wp-content\\\/uploads\\\/2019\\\/10\\\/foto-anel-1-1.jpg\",\"width\":1600,\"height\":1600,\"caption\":\"An\u00e9is produzidos em Goi\u00e2nia\"},{\"@type\":\"BreadcrumbList\",\"@id\":\"https:\\\/\\\/renatodias.online\\\/movimento\\\/2019\\\/10\\\/27\\\/inovacao-no-mercado-em-goias\\\/#breadcrumb\",\"itemListElement\":[{\"@type\":\"ListItem\",\"position\":1,\"name\":\"In\u00edcio\",\"item\":\"https:\\\/\\\/renatodias.online\\\/movimento\\\/\"},{\"@type\":\"ListItem\",\"position\":2,\"name\":\"\u00a0Inova\u00e7\u00e3o no mercado em Goi\u00e1s\"}]},{\"@type\":\"WebSite\",\"@id\":\"https:\\\/\\\/renatodias.online\\\/movimento\\\/#website\",\"url\":\"https:\\\/\\\/renatodias.online\\\/movimento\\\/\",\"name\":\"\",\"description\":\"\",\"publisher\":{\"@id\":\"https:\\\/\\\/renatodias.online\\\/movimento\\\/#\\\/schema\\\/person\\\/bbab28833b1725a20f4083f49f1fb2a9\"},\"potentialAction\":[{\"@type\":\"SearchAction\",\"target\":{\"@type\":\"EntryPoint\",\"urlTemplate\":\"https:\\\/\\\/renatodias.online\\\/movimento\\\/?s={search_term_string}\"},\"query-input\":{\"@type\":\"PropertyValueSpecification\",\"valueRequired\":true,\"valueName\":\"search_term_string\"}}],\"inLanguage\":\"pt-BR\"},{\"@type\":[\"Person\",\"Organization\"],\"@id\":\"https:\\\/\\\/renatodias.online\\\/movimento\\\/#\\\/schema\\\/person\\\/bbab28833b1725a20f4083f49f1fb2a9\",\"name\":\"Renato Dias\",\"image\":{\"@type\":\"ImageObject\",\"inLanguage\":\"pt-BR\",\"@id\":\"https:\\\/\\\/renatodias.online\\\/movimento\\\/wp-content\\\/uploads\\\/2023\\\/03\\\/cropped-cropped-cropped-logofinal.jpeg\",\"url\":\"https:\\\/\\\/renatodias.online\\\/movimento\\\/wp-content\\\/uploads\\\/2023\\\/03\\\/cropped-cropped-cropped-logofinal.jpeg\",\"contentUrl\":\"https:\\\/\\\/renatodias.online\\\/movimento\\\/wp-content\\\/uploads\\\/2023\\\/03\\\/cropped-cropped-cropped-logofinal.jpeg\",\"width\":1280,\"height\":219,\"caption\":\"Renato Dias\"},\"logo\":{\"@id\":\"https:\\\/\\\/renatodias.online\\\/movimento\\\/wp-content\\\/uploads\\\/2023\\\/03\\\/cropped-cropped-cropped-logofinal.jpeg\"},\"description\":\"Renato Dias, 58 anos, \u00e9 graduado em Jornalismo, formado em Ci\u00eancias Sociais, com p\u00f3s-gradua\u00e7\u00e3o em Pol\u00edticas P\u00fablicas, mestre em Direito e Rela\u00e7\u00f5es Internacionais, ex-aluno extraordin\u00e1rio do Doutorado em Psicologia Social, ex-estudante do Curso de Psican\u00e1lise do Centro de Estudos Psicanal\u00edticos do Estado de Goi\u00e1s, ministrado pelo m\u00e9dico psiquiatra e psicanalista Daniel Em\u00eddio de Souza. \u00c9 autor de 30 livros-reportagem, oito document\u00e1rios, ganhou 30 pr\u00eamios e \u00e9 torcedor apaixonado do maior do Centro-Oeste, o Vila Nova Futebol Clube. Casado com Meirilane Dias, \u00e9 pai de Juliana Dias, jornalista; Daniel Dias, economista; e Maria Rosa Dias, estudante antifascista, socialista e trotskista.\u00a0Com tr\u00eas pets: Porquinho [Bull Dog Franc\u00eas], Dalila [Basset Hound] e Geleia [Basset Hound]. Al\u00e9m do eterno gato Tutuquinho, que virou estrela.\",\"sameAs\":[\"https:\\\/\\\/www.facebook.com\\\/renato.dias.37\",\"#breve\",\"https:\\\/\\\/renatodias.tumblr.com\\\/\"],\"url\":\"https:\\\/\\\/renatodias.online\\\/movimento\\\/author\\\/renatodias\\\/\"}]}<\/script>\n<!-- \/ Yoast SEO plugin. -->","yoast_head_json":{"title":"\u00a0Inova\u00e7\u00e3o no mercado em Goi\u00e1s -","robots":{"index":"index","follow":"follow","max-snippet":"max-snippet:-1","max-image-preview":"max-image-preview:large","max-video-preview":"max-video-preview:-1"},"canonical":"https:\/\/renatodias.online\/movimento\/2019\/10\/27\/inovacao-no-mercado-em-goias\/","og_locale":"pt_BR","og_type":"article","og_title":"\u00a0Inova\u00e7\u00e3o no mercado em Goi\u00e1s -","og_description":"Empreendedorismo \u00a0Inova\u00e7\u00e3o no mercado em Goi\u00e1s Goi\u00e2nia, polo no setor de joias e semijoias, conta com mais de 50 empresas que fabricam e comercializam produtos para o Brasil e exportam para a\u00a0 Am\u00e9rica Latina e at\u00e9 Europa\u00a0\u00a0 \u00a0\u00a0 Renato Dias Fundado em edital lan\u00e7ado pela Funda\u00e7\u00e3o de Amparo \u00e0 Pesquisa do Estado de Goi\u00e1s, a","og_url":"https:\/\/renatodias.online\/movimento\/2019\/10\/27\/inovacao-no-mercado-em-goias\/","article_publisher":"https:\/\/www.facebook.com\/renato.dias.37","article_author":"https:\/\/www.facebook.com\/renato.dias.37","article_published_time":"2019-10-27T21:49:52+00:00","og_image":[{"width":1600,"height":1600,"url":"https:\/\/renatodias.online\/movimento\/wp-content\/uploads\/2019\/10\/foto-anel-1-1.jpg","type":"image\/jpeg"}],"author":"Renato Dias","twitter_card":"summary_large_image","twitter_creator":"@RenatoDiasBat","twitter_site":"@RenatoDiasBat","twitter_misc":{"Escrito por":"Renato Dias","Est. tempo de leitura":"3 minutos"},"schema":{"@context":"https:\/\/schema.org","@graph":[{"@type":"Article","@id":"https:\/\/renatodias.online\/movimento\/2019\/10\/27\/inovacao-no-mercado-em-goias\/#article","isPartOf":{"@id":"https:\/\/renatodias.online\/movimento\/2019\/10\/27\/inovacao-no-mercado-em-goias\/"},"author":{"name":"Renato Dias","@id":"https:\/\/renatodias.online\/movimento\/#\/schema\/person\/bbab28833b1725a20f4083f49f1fb2a9"},"headline":"\u00a0Inova\u00e7\u00e3o no mercado em Goi\u00e1s","datePublished":"2019-10-27T21:49:52+00:00","mainEntityOfPage":{"@id":"https:\/\/renatodias.online\/movimento\/2019\/10\/27\/inovacao-no-mercado-em-goias\/"},"wordCount":669,"commentCount":0,"publisher":{"@id":"https:\/\/renatodias.online\/movimento\/#\/schema\/person\/bbab28833b1725a20f4083f49f1fb2a9"},"image":{"@id":"https:\/\/renatodias.online\/movimento\/2019\/10\/27\/inovacao-no-mercado-em-goias\/#primaryimage"},"thumbnailUrl":"https:\/\/renatodias.online\/movimento\/wp-content\/uploads\/2019\/10\/foto-anel-1-1.jpg","articleSection":["Economia"],"inLanguage":"pt-BR","potentialAction":[{"@type":"CommentAction","name":"Comment","target":["https:\/\/renatodias.online\/movimento\/2019\/10\/27\/inovacao-no-mercado-em-goias\/#respond"]}]},{"@type":"WebPage","@id":"https:\/\/renatodias.online\/movimento\/2019\/10\/27\/inovacao-no-mercado-em-goias\/","url":"https:\/\/renatodias.online\/movimento\/2019\/10\/27\/inovacao-no-mercado-em-goias\/","name":"\u00a0Inova\u00e7\u00e3o no mercado em Goi\u00e1s -","isPartOf":{"@id":"https:\/\/renatodias.online\/movimento\/#website"},"primaryImageOfPage":{"@id":"https:\/\/renatodias.online\/movimento\/2019\/10\/27\/inovacao-no-mercado-em-goias\/#primaryimage"},"image":{"@id":"https:\/\/renatodias.online\/movimento\/2019\/10\/27\/inovacao-no-mercado-em-goias\/#primaryimage"},"thumbnailUrl":"https:\/\/renatodias.online\/movimento\/wp-content\/uploads\/2019\/10\/foto-anel-1-1.jpg","datePublished":"2019-10-27T21:49:52+00:00","breadcrumb":{"@id":"https:\/\/renatodias.online\/movimento\/2019\/10\/27\/inovacao-no-mercado-em-goias\/#breadcrumb"},"inLanguage":"pt-BR","potentialAction":[{"@type":"ReadAction","target":["https:\/\/renatodias.online\/movimento\/2019\/10\/27\/inovacao-no-mercado-em-goias\/"]}]},{"@type":"ImageObject","inLanguage":"pt-BR","@id":"https:\/\/renatodias.online\/movimento\/2019\/10\/27\/inovacao-no-mercado-em-goias\/#primaryimage","url":"https:\/\/renatodias.online\/movimento\/wp-content\/uploads\/2019\/10\/foto-anel-1-1.jpg","contentUrl":"https:\/\/renatodias.online\/movimento\/wp-content\/uploads\/2019\/10\/foto-anel-1-1.jpg","width":1600,"height":1600,"caption":"An\u00e9is produzidos em Goi\u00e2nia"},{"@type":"BreadcrumbList","@id":"https:\/\/renatodias.online\/movimento\/2019\/10\/27\/inovacao-no-mercado-em-goias\/#breadcrumb","itemListElement":[{"@type":"ListItem","position":1,"name":"In\u00edcio","item":"https:\/\/renatodias.online\/movimento\/"},{"@type":"ListItem","position":2,"name":"\u00a0Inova\u00e7\u00e3o no mercado em Goi\u00e1s"}]},{"@type":"WebSite","@id":"https:\/\/renatodias.online\/movimento\/#website","url":"https:\/\/renatodias.online\/movimento\/","name":"","description":"","publisher":{"@id":"https:\/\/renatodias.online\/movimento\/#\/schema\/person\/bbab28833b1725a20f4083f49f1fb2a9"},"potentialAction":[{"@type":"SearchAction","target":{"@type":"EntryPoint","urlTemplate":"https:\/\/renatodias.online\/movimento\/?s={search_term_string}"},"query-input":{"@type":"PropertyValueSpecification","valueRequired":true,"valueName":"search_term_string"}}],"inLanguage":"pt-BR"},{"@type":["Person","Organization"],"@id":"https:\/\/renatodias.online\/movimento\/#\/schema\/person\/bbab28833b1725a20f4083f49f1fb2a9","name":"Renato Dias","image":{"@type":"ImageObject","inLanguage":"pt-BR","@id":"https:\/\/renatodias.online\/movimento\/wp-content\/uploads\/2023\/03\/cropped-cropped-cropped-logofinal.jpeg","url":"https:\/\/renatodias.online\/movimento\/wp-content\/uploads\/2023\/03\/cropped-cropped-cropped-logofinal.jpeg","contentUrl":"https:\/\/renatodias.online\/movimento\/wp-content\/uploads\/2023\/03\/cropped-cropped-cropped-logofinal.jpeg","width":1280,"height":219,"caption":"Renato Dias"},"logo":{"@id":"https:\/\/renatodias.online\/movimento\/wp-content\/uploads\/2023\/03\/cropped-cropped-cropped-logofinal.jpeg"},"description":"Renato Dias, 58 anos, \u00e9 graduado em Jornalismo, formado em Ci\u00eancias Sociais, com p\u00f3s-gradua\u00e7\u00e3o em Pol\u00edticas P\u00fablicas, mestre em Direito e Rela\u00e7\u00f5es Internacionais, ex-aluno extraordin\u00e1rio do Doutorado em Psicologia Social, ex-estudante do Curso de Psican\u00e1lise do Centro de Estudos Psicanal\u00edticos do Estado de Goi\u00e1s, ministrado pelo m\u00e9dico psiquiatra e psicanalista Daniel Em\u00eddio de Souza. \u00c9 autor de 30 livros-reportagem, oito document\u00e1rios, ganhou 30 pr\u00eamios e \u00e9 torcedor apaixonado do maior do Centro-Oeste, o Vila Nova Futebol Clube. Casado com Meirilane Dias, \u00e9 pai de Juliana Dias, jornalista; Daniel Dias, economista; e Maria Rosa Dias, estudante antifascista, socialista e trotskista.\u00a0Com tr\u00eas pets: Porquinho [Bull Dog Franc\u00eas], Dalila [Basset Hound] e Geleia [Basset Hound]. Al\u00e9m do eterno gato Tutuquinho, que virou estrela.","sameAs":["https:\/\/www.facebook.com\/renato.dias.37","#breve","https:\/\/renatodias.tumblr.com\/"],"url":"https:\/\/renatodias.online\/movimento\/author\/renatodias\/"}]}},"_links":{"self":[{"href":"https:\/\/renatodias.online\/movimento\/wp-json\/wp\/v2\/posts\/2859","targetHints":{"allow":["GET"]}}],"collection":[{"href":"https:\/\/renatodias.online\/movimento\/wp-json\/wp\/v2\/posts"}],"about":[{"href":"https:\/\/renatodias.online\/movimento\/wp-json\/wp\/v2\/types\/post"}],"author":[{"embeddable":true,"href":"https:\/\/renatodias.online\/movimento\/wp-json\/wp\/v2\/users\/2"}],"replies":[{"embeddable":true,"href":"https:\/\/renatodias.online\/movimento\/wp-json\/wp\/v2\/comments?post=2859"}],"version-history":[{"count":1,"href":"https:\/\/renatodias.online\/movimento\/wp-json\/wp\/v2\/posts\/2859\/revisions"}],"predecessor-version":[{"id":2862,"href":"https:\/\/renatodias.online\/movimento\/wp-json\/wp\/v2\/posts\/2859\/revisions\/2862"}],"wp:featuredmedia":[{"embeddable":true,"href":"https:\/\/renatodias.online\/movimento\/wp-json\/wp\/v2\/media\/2860"}],"wp:attachment":[{"href":"https:\/\/renatodias.online\/movimento\/wp-json\/wp\/v2\/media?parent=2859"}],"wp:term":[{"taxonomy":"category","embeddable":true,"href":"https:\/\/renatodias.online\/movimento\/wp-json\/wp\/v2\/categories?post=2859"},{"taxonomy":"post_tag","embeddable":true,"href":"https:\/\/renatodias.online\/movimento\/wp-json\/wp\/v2\/tags?post=2859"}],"curies":[{"name":"wp","href":"https:\/\/api.w.org\/{rel}","templated":true}]}}