{"id":2787,"date":"2019-10-15T23:35:21","date_gmt":"2019-10-16T02:35:21","guid":{"rendered":"https:\/\/renatodias.online\/movimento\/?p=2787"},"modified":"2019-10-15T23:39:55","modified_gmt":"2019-10-16T02:39:55","slug":"flavio-sofiati-aborda-o-tema-politica-e-religiao","status":"publish","type":"post","link":"https:\/\/renatodias.online\/movimento\/2019\/10\/15\/flavio-sofiati-aborda-o-tema-politica-e-religiao\/","title":{"rendered":"Fl\u00e1vio Sofiati aborda o tema Pol\u00edtica e Religi\u00e3o"},"content":{"rendered":"<p><strong>Aula P\u00fablica<\/strong><\/p>\n<p><strong>Fl\u00e1vio Sofiati aborda o tema Pol\u00edtica e Religi\u00e3o<\/strong><\/p>\n<p><strong>Doutor da Faculdade de Ci\u00eancias Sociais da Universidade Federal de Goi\u00e1s [UFG], Fl\u00e1vio Sofiati \u00e9\u00a0 ex-aluno do marxista insubordinado Michael L\u00f6wy, hoje radicado, em Paris, Fran\u00e7a<\/strong><\/p>\n<p><img loading=\"lazy\" decoding=\"async\" class=\"alignnone size-full wp-image-2790\" src=\"https:\/\/renatodias.online\/movimento\/wp-content\/uploads\/2019\/10\/WhatsApp-Image-2019-10-15-at-19.36.42-2.jpeg\" alt=\"\" width=\"800\" height=\"490\" srcset=\"https:\/\/renatodias.online\/movimento\/wp-content\/uploads\/2019\/10\/WhatsApp-Image-2019-10-15-at-19.36.42-2.jpeg 800w, https:\/\/renatodias.online\/movimento\/wp-content\/uploads\/2019\/10\/WhatsApp-Image-2019-10-15-at-19.36.42-2-300x184.jpeg 300w, https:\/\/renatodias.online\/movimento\/wp-content\/uploads\/2019\/10\/WhatsApp-Image-2019-10-15-at-19.36.42-2-768x470.jpeg 768w, https:\/\/renatodias.online\/movimento\/wp-content\/uploads\/2019\/10\/WhatsApp-Image-2019-10-15-at-19.36.42-2-750x459.jpeg 750w\" sizes=\"auto, (max-width: 800px) 100vw, 800px\" \/><\/p>\n<p><strong>Renato Dias<\/strong><\/p>\n<p>O doutor da Faculdade de Ci\u00eancias Sociais da Universidade Federal de Goi\u00e1s [UFG], <strong>Fl\u00e1vio Sofiati,<\/strong> ex-aluno do \u2018marxista insubordinado\u2019 <strong>Michael L\u00f6wy<\/strong>, int\u00e9rprete qualificado do projeto ecossocialista e trotskista renovado, ministra, <span style=\"color: #ff0000;\">hoje, nesta quarta-feira, \u00e0s 14h, na Tenda Bacurau,<\/span> uma refer\u00eancia ao filme pol\u00eamico da atualidade, uma aula p\u00fablica. O tema \u00e9 inusitado. <strong>Religi\u00e3o &amp; Pol\u00edtica<\/strong>. A seu lado, o mestrando da institui\u00e7\u00e3o de ensino superior Adam Henrique Sousa. O local onde a <strong>Tenda Bacurau<\/strong> est\u00e1 instalada \u00e9 o Campus Samambaia. Uma dica para quem quer descobrir novas ideias e renovar seu pensamento para as lutas sociais. Em Tempos Sombrios. De regress\u00e3o de direitos. Econ\u00f4micos, culturais, educacionais e sociais.<\/p>\n<figure id=\"attachment_2788\" aria-describedby=\"caption-attachment-2788\" style=\"width: 794px\" class=\"wp-caption alignnone\"><img loading=\"lazy\" decoding=\"async\" class=\"size-full wp-image-2788\" src=\"https:\/\/renatodias.online\/movimento\/wp-content\/uploads\/2019\/10\/WhatsApp-Image-2019-10-15-at-19.36.42.jpeg\" alt=\"\" width=\"794\" height=\"1123\" srcset=\"https:\/\/renatodias.online\/movimento\/wp-content\/uploads\/2019\/10\/WhatsApp-Image-2019-10-15-at-19.36.42.jpeg 794w, https:\/\/renatodias.online\/movimento\/wp-content\/uploads\/2019\/10\/WhatsApp-Image-2019-10-15-at-19.36.42-212x300.jpeg 212w, https:\/\/renatodias.online\/movimento\/wp-content\/uploads\/2019\/10\/WhatsApp-Image-2019-10-15-at-19.36.42-768x1086.jpeg 768w, https:\/\/renatodias.online\/movimento\/wp-content\/uploads\/2019\/10\/WhatsApp-Image-2019-10-15-at-19.36.42-724x1024.jpeg 724w, https:\/\/renatodias.online\/movimento\/wp-content\/uploads\/2019\/10\/WhatsApp-Image-2019-10-15-at-19.36.42-750x1061.jpeg 750w\" sizes=\"auto, (max-width: 794px) 100vw, 794px\" \/><figcaption id=\"caption-attachment-2788\" class=\"wp-caption-text\">Cartaz<\/figcaption><\/figure>\n","protected":false},"excerpt":{"rendered":"<p>Aula P\u00fablica Fl\u00e1vio Sofiati aborda o tema Pol\u00edtica e Religi\u00e3o Doutor da Faculdade de Ci\u00eancias Sociais da Universidade Federal de Goi\u00e1s [UFG], Fl\u00e1vio Sofiati \u00e9\u00a0 ex-aluno do marxista insubordinado Michael L\u00f6wy, hoje radicado, em Paris, Fran\u00e7a Renato Dias O doutor da Faculdade de Ci\u00eancias Sociais da Universidade Federal de Goi\u00e1s [UFG], Fl\u00e1vio Sofiati, ex-aluno do<\/p>\n","protected":false},"author":2,"featured_media":2789,"comment_status":"open","ping_status":"open","sticky":false,"template":"","format":"standard","meta":{"_acf_changed":false,"_monsterinsights_skip_tracking":false,"_monsterinsights_sitenote_active":false,"_monsterinsights_sitenote_note":"","_monsterinsights_sitenote_category":0,"footnotes":""},"categories":[25,28],"tags":[],"class_list":["post-2787","post","type-post","status-publish","format-standard","has-post-thumbnail","hentry","category-agenda","category-cultura"],"acf":[],"yoast_head":"<!-- This site is optimized with the Yoast SEO plugin v27.4 - https:\/\/yoast.com\/product\/yoast-seo-wordpress\/ -->\n<title>Fl\u00e1vio Sofiati aborda o tema Pol\u00edtica e Religi\u00e3o -<\/title>\n<meta name=\"robots\" content=\"index, follow, max-snippet:-1, max-image-preview:large, max-video-preview:-1\" \/>\n<link rel=\"canonical\" href=\"https:\/\/renatodias.online\/movimento\/2019\/10\/15\/flavio-sofiati-aborda-o-tema-politica-e-religiao\/\" \/>\n<meta property=\"og:locale\" content=\"pt_BR\" \/>\n<meta property=\"og:type\" content=\"article\" \/>\n<meta property=\"og:title\" content=\"Fl\u00e1vio Sofiati aborda o tema Pol\u00edtica e Religi\u00e3o -\" \/>\n<meta property=\"og:description\" content=\"Aula P\u00fablica Fl\u00e1vio Sofiati aborda o tema Pol\u00edtica e Religi\u00e3o Doutor da Faculdade de Ci\u00eancias Sociais da Universidade Federal de Goi\u00e1s [UFG], Fl\u00e1vio Sofiati \u00e9\u00a0 ex-aluno do marxista insubordinado Michael L\u00f6wy, hoje radicado, em Paris, Fran\u00e7a Renato Dias O doutor da Faculdade de Ci\u00eancias Sociais da Universidade Federal de Goi\u00e1s [UFG], Fl\u00e1vio Sofiati, ex-aluno do\" \/>\n<meta property=\"og:url\" content=\"https:\/\/renatodias.online\/movimento\/2019\/10\/15\/flavio-sofiati-aborda-o-tema-politica-e-religiao\/\" \/>\n<meta property=\"article:publisher\" content=\"https:\/\/www.facebook.com\/renato.dias.37\" \/>\n<meta property=\"article:author\" content=\"https:\/\/www.facebook.com\/renato.dias.37\" \/>\n<meta property=\"article:published_time\" content=\"2019-10-16T02:35:21+00:00\" \/>\n<meta property=\"article:modified_time\" content=\"2019-10-16T02:39:55+00:00\" \/>\n<meta property=\"og:image\" content=\"https:\/\/renatodias.online\/movimento\/wp-content\/uploads\/2019\/10\/WhatsApp-Image-2019-10-15-at-19.36.42-1.jpeg\" \/>\n\t<meta property=\"og:image:width\" content=\"225\" \/>\n\t<meta property=\"og:image:height\" content=\"225\" \/>\n\t<meta property=\"og:image:type\" content=\"image\/jpeg\" \/>\n<meta name=\"author\" content=\"Renato Dias\" \/>\n<meta name=\"twitter:card\" content=\"summary_large_image\" \/>\n<meta name=\"twitter:creator\" content=\"@RenatoDiasBat\" \/>\n<meta name=\"twitter:site\" content=\"@RenatoDiasBat\" \/>\n<meta name=\"twitter:label1\" content=\"Escrito por\" \/>\n\t<meta name=\"twitter:data1\" content=\"Renato Dias\" \/>\n\t<meta name=\"twitter:label2\" content=\"Est. tempo de leitura\" \/>\n\t<meta name=\"twitter:data2\" content=\"1 minuto\" \/>\n<script type=\"application\/ld+json\" class=\"yoast-schema-graph\">{\"@context\":\"https:\\\/\\\/schema.org\",\"@graph\":[{\"@type\":\"Article\",\"@id\":\"https:\\\/\\\/renatodias.online\\\/movimento\\\/2019\\\/10\\\/15\\\/flavio-sofiati-aborda-o-tema-politica-e-religiao\\\/#article\",\"isPartOf\":{\"@id\":\"https:\\\/\\\/renatodias.online\\\/movimento\\\/2019\\\/10\\\/15\\\/flavio-sofiati-aborda-o-tema-politica-e-religiao\\\/\"},\"author\":{\"name\":\"Renato Dias\",\"@id\":\"https:\\\/\\\/renatodias.online\\\/movimento\\\/#\\\/schema\\\/person\\\/bbab28833b1725a20f4083f49f1fb2a9\"},\"headline\":\"Fl\u00e1vio Sofiati aborda o tema Pol\u00edtica e Religi\u00e3o\",\"datePublished\":\"2019-10-16T02:35:21+00:00\",\"dateModified\":\"2019-10-16T02:39:55+00:00\",\"mainEntityOfPage\":{\"@id\":\"https:\\\/\\\/renatodias.online\\\/movimento\\\/2019\\\/10\\\/15\\\/flavio-sofiati-aborda-o-tema-politica-e-religiao\\\/\"},\"wordCount\":184,\"commentCount\":0,\"publisher\":{\"@id\":\"https:\\\/\\\/renatodias.online\\\/movimento\\\/#\\\/schema\\\/person\\\/bbab28833b1725a20f4083f49f1fb2a9\"},\"image\":{\"@id\":\"https:\\\/\\\/renatodias.online\\\/movimento\\\/2019\\\/10\\\/15\\\/flavio-sofiati-aborda-o-tema-politica-e-religiao\\\/#primaryimage\"},\"thumbnailUrl\":\"https:\\\/\\\/renatodias.online\\\/movimento\\\/wp-content\\\/uploads\\\/2019\\\/10\\\/WhatsApp-Image-2019-10-15-at-19.36.42-1.jpeg\",\"articleSection\":[\"Agenda\",\"Cultura\"],\"inLanguage\":\"pt-BR\",\"potentialAction\":[{\"@type\":\"CommentAction\",\"name\":\"Comment\",\"target\":[\"https:\\\/\\\/renatodias.online\\\/movimento\\\/2019\\\/10\\\/15\\\/flavio-sofiati-aborda-o-tema-politica-e-religiao\\\/#respond\"]}]},{\"@type\":\"WebPage\",\"@id\":\"https:\\\/\\\/renatodias.online\\\/movimento\\\/2019\\\/10\\\/15\\\/flavio-sofiati-aborda-o-tema-politica-e-religiao\\\/\",\"url\":\"https:\\\/\\\/renatodias.online\\\/movimento\\\/2019\\\/10\\\/15\\\/flavio-sofiati-aborda-o-tema-politica-e-religiao\\\/\",\"name\":\"Fl\u00e1vio Sofiati aborda o tema Pol\u00edtica e Religi\u00e3o -\",\"isPartOf\":{\"@id\":\"https:\\\/\\\/renatodias.online\\\/movimento\\\/#website\"},\"primaryImageOfPage\":{\"@id\":\"https:\\\/\\\/renatodias.online\\\/movimento\\\/2019\\\/10\\\/15\\\/flavio-sofiati-aborda-o-tema-politica-e-religiao\\\/#primaryimage\"},\"image\":{\"@id\":\"https:\\\/\\\/renatodias.online\\\/movimento\\\/2019\\\/10\\\/15\\\/flavio-sofiati-aborda-o-tema-politica-e-religiao\\\/#primaryimage\"},\"thumbnailUrl\":\"https:\\\/\\\/renatodias.online\\\/movimento\\\/wp-content\\\/uploads\\\/2019\\\/10\\\/WhatsApp-Image-2019-10-15-at-19.36.42-1.jpeg\",\"datePublished\":\"2019-10-16T02:35:21+00:00\",\"dateModified\":\"2019-10-16T02:39:55+00:00\",\"breadcrumb\":{\"@id\":\"https:\\\/\\\/renatodias.online\\\/movimento\\\/2019\\\/10\\\/15\\\/flavio-sofiati-aborda-o-tema-politica-e-religiao\\\/#breadcrumb\"},\"inLanguage\":\"pt-BR\",\"potentialAction\":[{\"@type\":\"ReadAction\",\"target\":[\"https:\\\/\\\/renatodias.online\\\/movimento\\\/2019\\\/10\\\/15\\\/flavio-sofiati-aborda-o-tema-politica-e-religiao\\\/\"]}]},{\"@type\":\"ImageObject\",\"inLanguage\":\"pt-BR\",\"@id\":\"https:\\\/\\\/renatodias.online\\\/movimento\\\/2019\\\/10\\\/15\\\/flavio-sofiati-aborda-o-tema-politica-e-religiao\\\/#primaryimage\",\"url\":\"https:\\\/\\\/renatodias.online\\\/movimento\\\/wp-content\\\/uploads\\\/2019\\\/10\\\/WhatsApp-Image-2019-10-15-at-19.36.42-1.jpeg\",\"contentUrl\":\"https:\\\/\\\/renatodias.online\\\/movimento\\\/wp-content\\\/uploads\\\/2019\\\/10\\\/WhatsApp-Image-2019-10-15-at-19.36.42-1.jpeg\",\"width\":225,\"height\":225},{\"@type\":\"BreadcrumbList\",\"@id\":\"https:\\\/\\\/renatodias.online\\\/movimento\\\/2019\\\/10\\\/15\\\/flavio-sofiati-aborda-o-tema-politica-e-religiao\\\/#breadcrumb\",\"itemListElement\":[{\"@type\":\"ListItem\",\"position\":1,\"name\":\"In\u00edcio\",\"item\":\"https:\\\/\\\/renatodias.online\\\/movimento\\\/\"},{\"@type\":\"ListItem\",\"position\":2,\"name\":\"Fl\u00e1vio Sofiati aborda o tema Pol\u00edtica e Religi\u00e3o\"}]},{\"@type\":\"WebSite\",\"@id\":\"https:\\\/\\\/renatodias.online\\\/movimento\\\/#website\",\"url\":\"https:\\\/\\\/renatodias.online\\\/movimento\\\/\",\"name\":\"\",\"description\":\"\",\"publisher\":{\"@id\":\"https:\\\/\\\/renatodias.online\\\/movimento\\\/#\\\/schema\\\/person\\\/bbab28833b1725a20f4083f49f1fb2a9\"},\"potentialAction\":[{\"@type\":\"SearchAction\",\"target\":{\"@type\":\"EntryPoint\",\"urlTemplate\":\"https:\\\/\\\/renatodias.online\\\/movimento\\\/?s={search_term_string}\"},\"query-input\":{\"@type\":\"PropertyValueSpecification\",\"valueRequired\":true,\"valueName\":\"search_term_string\"}}],\"inLanguage\":\"pt-BR\"},{\"@type\":[\"Person\",\"Organization\"],\"@id\":\"https:\\\/\\\/renatodias.online\\\/movimento\\\/#\\\/schema\\\/person\\\/bbab28833b1725a20f4083f49f1fb2a9\",\"name\":\"Renato Dias\",\"image\":{\"@type\":\"ImageObject\",\"inLanguage\":\"pt-BR\",\"@id\":\"https:\\\/\\\/renatodias.online\\\/movimento\\\/wp-content\\\/uploads\\\/2023\\\/03\\\/cropped-cropped-cropped-logofinal.jpeg\",\"url\":\"https:\\\/\\\/renatodias.online\\\/movimento\\\/wp-content\\\/uploads\\\/2023\\\/03\\\/cropped-cropped-cropped-logofinal.jpeg\",\"contentUrl\":\"https:\\\/\\\/renatodias.online\\\/movimento\\\/wp-content\\\/uploads\\\/2023\\\/03\\\/cropped-cropped-cropped-logofinal.jpeg\",\"width\":1280,\"height\":219,\"caption\":\"Renato Dias\"},\"logo\":{\"@id\":\"https:\\\/\\\/renatodias.online\\\/movimento\\\/wp-content\\\/uploads\\\/2023\\\/03\\\/cropped-cropped-cropped-logofinal.jpeg\"},\"description\":\"Renato Dias, 58 anos, \u00e9 graduado em Jornalismo, formado em Ci\u00eancias Sociais, com p\u00f3s-gradua\u00e7\u00e3o em Pol\u00edticas P\u00fablicas, mestre em Direito e Rela\u00e7\u00f5es Internacionais, ex-aluno extraordin\u00e1rio do Doutorado em Psicologia Social, ex-estudante do Curso de Psican\u00e1lise do Centro de Estudos Psicanal\u00edticos do Estado de Goi\u00e1s, ministrado pelo m\u00e9dico psiquiatra e psicanalista Daniel Em\u00eddio de Souza. \u00c9 autor de 30 livros-reportagem, oito document\u00e1rios, ganhou 30 pr\u00eamios e \u00e9 torcedor apaixonado do maior do Centro-Oeste, o Vila Nova Futebol Clube. Casado com Meirilane Dias, \u00e9 pai de Juliana Dias, jornalista; Daniel Dias, economista; e Maria Rosa Dias, estudante antifascista, socialista e trotskista.\u00a0Com tr\u00eas pets: Porquinho [Bull Dog Franc\u00eas], Dalila [Basset Hound] e Geleia [Basset Hound]. Al\u00e9m do eterno gato Tutuquinho, que virou estrela.\",\"sameAs\":[\"https:\\\/\\\/www.facebook.com\\\/renato.dias.37\",\"#breve\",\"https:\\\/\\\/renatodias.tumblr.com\\\/\"],\"url\":\"https:\\\/\\\/renatodias.online\\\/movimento\\\/author\\\/renatodias\\\/\"}]}<\/script>\n<!-- \/ Yoast SEO plugin. -->","yoast_head_json":{"title":"Fl\u00e1vio Sofiati aborda o tema Pol\u00edtica e Religi\u00e3o -","robots":{"index":"index","follow":"follow","max-snippet":"max-snippet:-1","max-image-preview":"max-image-preview:large","max-video-preview":"max-video-preview:-1"},"canonical":"https:\/\/renatodias.online\/movimento\/2019\/10\/15\/flavio-sofiati-aborda-o-tema-politica-e-religiao\/","og_locale":"pt_BR","og_type":"article","og_title":"Fl\u00e1vio Sofiati aborda o tema Pol\u00edtica e Religi\u00e3o -","og_description":"Aula P\u00fablica Fl\u00e1vio Sofiati aborda o tema Pol\u00edtica e Religi\u00e3o Doutor da Faculdade de Ci\u00eancias Sociais da Universidade Federal de Goi\u00e1s [UFG], Fl\u00e1vio Sofiati \u00e9\u00a0 ex-aluno do marxista insubordinado Michael L\u00f6wy, hoje radicado, em Paris, Fran\u00e7a Renato Dias O doutor da Faculdade de Ci\u00eancias Sociais da Universidade Federal de Goi\u00e1s [UFG], Fl\u00e1vio Sofiati, ex-aluno do","og_url":"https:\/\/renatodias.online\/movimento\/2019\/10\/15\/flavio-sofiati-aborda-o-tema-politica-e-religiao\/","article_publisher":"https:\/\/www.facebook.com\/renato.dias.37","article_author":"https:\/\/www.facebook.com\/renato.dias.37","article_published_time":"2019-10-16T02:35:21+00:00","article_modified_time":"2019-10-16T02:39:55+00:00","og_image":[{"width":225,"height":225,"url":"https:\/\/renatodias.online\/movimento\/wp-content\/uploads\/2019\/10\/WhatsApp-Image-2019-10-15-at-19.36.42-1.jpeg","type":"image\/jpeg"}],"author":"Renato Dias","twitter_card":"summary_large_image","twitter_creator":"@RenatoDiasBat","twitter_site":"@RenatoDiasBat","twitter_misc":{"Escrito por":"Renato Dias","Est. tempo de leitura":"1 minuto"},"schema":{"@context":"https:\/\/schema.org","@graph":[{"@type":"Article","@id":"https:\/\/renatodias.online\/movimento\/2019\/10\/15\/flavio-sofiati-aborda-o-tema-politica-e-religiao\/#article","isPartOf":{"@id":"https:\/\/renatodias.online\/movimento\/2019\/10\/15\/flavio-sofiati-aborda-o-tema-politica-e-religiao\/"},"author":{"name":"Renato Dias","@id":"https:\/\/renatodias.online\/movimento\/#\/schema\/person\/bbab28833b1725a20f4083f49f1fb2a9"},"headline":"Fl\u00e1vio Sofiati aborda o tema Pol\u00edtica e Religi\u00e3o","datePublished":"2019-10-16T02:35:21+00:00","dateModified":"2019-10-16T02:39:55+00:00","mainEntityOfPage":{"@id":"https:\/\/renatodias.online\/movimento\/2019\/10\/15\/flavio-sofiati-aborda-o-tema-politica-e-religiao\/"},"wordCount":184,"commentCount":0,"publisher":{"@id":"https:\/\/renatodias.online\/movimento\/#\/schema\/person\/bbab28833b1725a20f4083f49f1fb2a9"},"image":{"@id":"https:\/\/renatodias.online\/movimento\/2019\/10\/15\/flavio-sofiati-aborda-o-tema-politica-e-religiao\/#primaryimage"},"thumbnailUrl":"https:\/\/renatodias.online\/movimento\/wp-content\/uploads\/2019\/10\/WhatsApp-Image-2019-10-15-at-19.36.42-1.jpeg","articleSection":["Agenda","Cultura"],"inLanguage":"pt-BR","potentialAction":[{"@type":"CommentAction","name":"Comment","target":["https:\/\/renatodias.online\/movimento\/2019\/10\/15\/flavio-sofiati-aborda-o-tema-politica-e-religiao\/#respond"]}]},{"@type":"WebPage","@id":"https:\/\/renatodias.online\/movimento\/2019\/10\/15\/flavio-sofiati-aborda-o-tema-politica-e-religiao\/","url":"https:\/\/renatodias.online\/movimento\/2019\/10\/15\/flavio-sofiati-aborda-o-tema-politica-e-religiao\/","name":"Fl\u00e1vio Sofiati aborda o tema Pol\u00edtica e Religi\u00e3o -","isPartOf":{"@id":"https:\/\/renatodias.online\/movimento\/#website"},"primaryImageOfPage":{"@id":"https:\/\/renatodias.online\/movimento\/2019\/10\/15\/flavio-sofiati-aborda-o-tema-politica-e-religiao\/#primaryimage"},"image":{"@id":"https:\/\/renatodias.online\/movimento\/2019\/10\/15\/flavio-sofiati-aborda-o-tema-politica-e-religiao\/#primaryimage"},"thumbnailUrl":"https:\/\/renatodias.online\/movimento\/wp-content\/uploads\/2019\/10\/WhatsApp-Image-2019-10-15-at-19.36.42-1.jpeg","datePublished":"2019-10-16T02:35:21+00:00","dateModified":"2019-10-16T02:39:55+00:00","breadcrumb":{"@id":"https:\/\/renatodias.online\/movimento\/2019\/10\/15\/flavio-sofiati-aborda-o-tema-politica-e-religiao\/#breadcrumb"},"inLanguage":"pt-BR","potentialAction":[{"@type":"ReadAction","target":["https:\/\/renatodias.online\/movimento\/2019\/10\/15\/flavio-sofiati-aborda-o-tema-politica-e-religiao\/"]}]},{"@type":"ImageObject","inLanguage":"pt-BR","@id":"https:\/\/renatodias.online\/movimento\/2019\/10\/15\/flavio-sofiati-aborda-o-tema-politica-e-religiao\/#primaryimage","url":"https:\/\/renatodias.online\/movimento\/wp-content\/uploads\/2019\/10\/WhatsApp-Image-2019-10-15-at-19.36.42-1.jpeg","contentUrl":"https:\/\/renatodias.online\/movimento\/wp-content\/uploads\/2019\/10\/WhatsApp-Image-2019-10-15-at-19.36.42-1.jpeg","width":225,"height":225},{"@type":"BreadcrumbList","@id":"https:\/\/renatodias.online\/movimento\/2019\/10\/15\/flavio-sofiati-aborda-o-tema-politica-e-religiao\/#breadcrumb","itemListElement":[{"@type":"ListItem","position":1,"name":"In\u00edcio","item":"https:\/\/renatodias.online\/movimento\/"},{"@type":"ListItem","position":2,"name":"Fl\u00e1vio Sofiati aborda o tema Pol\u00edtica e Religi\u00e3o"}]},{"@type":"WebSite","@id":"https:\/\/renatodias.online\/movimento\/#website","url":"https:\/\/renatodias.online\/movimento\/","name":"","description":"","publisher":{"@id":"https:\/\/renatodias.online\/movimento\/#\/schema\/person\/bbab28833b1725a20f4083f49f1fb2a9"},"potentialAction":[{"@type":"SearchAction","target":{"@type":"EntryPoint","urlTemplate":"https:\/\/renatodias.online\/movimento\/?s={search_term_string}"},"query-input":{"@type":"PropertyValueSpecification","valueRequired":true,"valueName":"search_term_string"}}],"inLanguage":"pt-BR"},{"@type":["Person","Organization"],"@id":"https:\/\/renatodias.online\/movimento\/#\/schema\/person\/bbab28833b1725a20f4083f49f1fb2a9","name":"Renato Dias","image":{"@type":"ImageObject","inLanguage":"pt-BR","@id":"https:\/\/renatodias.online\/movimento\/wp-content\/uploads\/2023\/03\/cropped-cropped-cropped-logofinal.jpeg","url":"https:\/\/renatodias.online\/movimento\/wp-content\/uploads\/2023\/03\/cropped-cropped-cropped-logofinal.jpeg","contentUrl":"https:\/\/renatodias.online\/movimento\/wp-content\/uploads\/2023\/03\/cropped-cropped-cropped-logofinal.jpeg","width":1280,"height":219,"caption":"Renato Dias"},"logo":{"@id":"https:\/\/renatodias.online\/movimento\/wp-content\/uploads\/2023\/03\/cropped-cropped-cropped-logofinal.jpeg"},"description":"Renato Dias, 58 anos, \u00e9 graduado em Jornalismo, formado em Ci\u00eancias Sociais, com p\u00f3s-gradua\u00e7\u00e3o em Pol\u00edticas P\u00fablicas, mestre em Direito e Rela\u00e7\u00f5es Internacionais, ex-aluno extraordin\u00e1rio do Doutorado em Psicologia Social, ex-estudante do Curso de Psican\u00e1lise do Centro de Estudos Psicanal\u00edticos do Estado de Goi\u00e1s, ministrado pelo m\u00e9dico psiquiatra e psicanalista Daniel Em\u00eddio de Souza. \u00c9 autor de 30 livros-reportagem, oito document\u00e1rios, ganhou 30 pr\u00eamios e \u00e9 torcedor apaixonado do maior do Centro-Oeste, o Vila Nova Futebol Clube. Casado com Meirilane Dias, \u00e9 pai de Juliana Dias, jornalista; Daniel Dias, economista; e Maria Rosa Dias, estudante antifascista, socialista e trotskista.\u00a0Com tr\u00eas pets: Porquinho [Bull Dog Franc\u00eas], Dalila [Basset Hound] e Geleia [Basset Hound]. Al\u00e9m do eterno gato Tutuquinho, que virou estrela.","sameAs":["https:\/\/www.facebook.com\/renato.dias.37","#breve","https:\/\/renatodias.tumblr.com\/"],"url":"https:\/\/renatodias.online\/movimento\/author\/renatodias\/"}]}},"_links":{"self":[{"href":"https:\/\/renatodias.online\/movimento\/wp-json\/wp\/v2\/posts\/2787","targetHints":{"allow":["GET"]}}],"collection":[{"href":"https:\/\/renatodias.online\/movimento\/wp-json\/wp\/v2\/posts"}],"about":[{"href":"https:\/\/renatodias.online\/movimento\/wp-json\/wp\/v2\/types\/post"}],"author":[{"embeddable":true,"href":"https:\/\/renatodias.online\/movimento\/wp-json\/wp\/v2\/users\/2"}],"replies":[{"embeddable":true,"href":"https:\/\/renatodias.online\/movimento\/wp-json\/wp\/v2\/comments?post=2787"}],"version-history":[{"count":4,"href":"https:\/\/renatodias.online\/movimento\/wp-json\/wp\/v2\/posts\/2787\/revisions"}],"predecessor-version":[{"id":2794,"href":"https:\/\/renatodias.online\/movimento\/wp-json\/wp\/v2\/posts\/2787\/revisions\/2794"}],"wp:featuredmedia":[{"embeddable":true,"href":"https:\/\/renatodias.online\/movimento\/wp-json\/wp\/v2\/media\/2789"}],"wp:attachment":[{"href":"https:\/\/renatodias.online\/movimento\/wp-json\/wp\/v2\/media?parent=2787"}],"wp:term":[{"taxonomy":"category","embeddable":true,"href":"https:\/\/renatodias.online\/movimento\/wp-json\/wp\/v2\/categories?post=2787"},{"taxonomy":"post_tag","embeddable":true,"href":"https:\/\/renatodias.online\/movimento\/wp-json\/wp\/v2\/tags?post=2787"}],"curies":[{"name":"wp","href":"https:\/\/api.w.org\/{rel}","templated":true}]}}