{"id":2757,"date":"2019-10-14T12:37:24","date_gmt":"2019-10-14T15:37:24","guid":{"rendered":"https:\/\/renatodias.online\/movimento\/?p=2757"},"modified":"2019-10-14T13:31:39","modified_gmt":"2019-10-14T16:31:39","slug":"estetica-que-liga-o-absurdo-o-teatro-danca","status":"publish","type":"post","link":"https:\/\/renatodias.online\/movimento\/2019\/10\/14\/estetica-que-liga-o-absurdo-o-teatro-danca\/","title":{"rendered":"Est\u00e9tica que liga o absurdo &#038; o teatro-dan\u00e7a"},"content":{"rendered":"<p><strong>Tango portenho<\/strong><\/p>\n<h1><strong>Est\u00e9tica que liga o absurdo &amp; o teatro-dan\u00e7a<\/strong><\/h1>\n<p><strong>Agustina Vignau \u00e9 b<\/strong><strong>ailarina, atriz e professora, graduada pela Escola de Arte Dram\u00e1\u00adtica de Buenos Aires, Argentina. J\u00e1 Hugo Mastrolorenzo, um core\u00f3grafo. Para l\u00e1 de provocador<\/strong><\/p>\n<p><iframe loading=\"lazy\" title=\"BAIL\u00c1 VEN\u00cd VOL\u00c1 (Trailer) Hugo Mastrolorenzo. Agustina Vignau. Hugo Daniel Gomez\" width=\"960\" height=\"540\" src=\"https:\/\/www.youtube.com\/embed\/HLww-XnoRwU?feature=oembed\" frameborder=\"0\" allow=\"accelerometer; autoplay; clipboard-write; encrypted-media; gyroscope; picture-in-picture; web-share\" referrerpolicy=\"strict-origin-when-cross-origin\" allowfullscreen><\/iframe><\/p>\n<p>&nbsp;<\/p>\n<p><strong>Renato Dias<\/strong><\/p>\n<p>Tango Vol\u00e1, em Goi\u00e2nia. Um espet\u00e1culo internacional. Programado para o dia 7 de novembro de 2019. Hor\u00e1rio: 21h. Local? Ah! No Teatro Goi\u00e2nia. Os valores dos ingressos variam. De R$ 50,00 a R$ 120,00. Com a op\u00e7\u00e3o de meia-entrada social. Com a doa\u00e7\u00e3o de um quilo de alimen\u00adto n\u00e3o perec\u00edvel no dia da apresenta\u00e7\u00e3o. Um projeto n\u00e3o convencional. Um olhar particular so\u00adbre o tango. Est\u00e9tica que vincula o absurdo &amp; o teatro-dan\u00e7a de objetos. Anote na sua agenda.<\/p>\n<p><img loading=\"lazy\" decoding=\"async\" class=\"alignnone size-full wp-image-2759\" src=\"https:\/\/renatodias.online\/movimento\/wp-content\/uploads\/2019\/10\/332.jpg\" alt=\"\" width=\"1920\" height=\"1282\" srcset=\"https:\/\/renatodias.online\/movimento\/wp-content\/uploads\/2019\/10\/332.jpg 1920w, https:\/\/renatodias.online\/movimento\/wp-content\/uploads\/2019\/10\/332-300x200.jpg 300w, https:\/\/renatodias.online\/movimento\/wp-content\/uploads\/2019\/10\/332-768x513.jpg 768w, https:\/\/renatodias.online\/movimento\/wp-content\/uploads\/2019\/10\/332-1024x684.jpg 1024w, https:\/\/renatodias.online\/movimento\/wp-content\/uploads\/2019\/10\/332-360x240.jpg 360w, https:\/\/renatodias.online\/movimento\/wp-content\/uploads\/2019\/10\/332-750x501.jpg 750w\" sizes=\"auto, (max-width: 1920px) 100vw, 1920px\" \/><\/p>\n<p>&nbsp;<\/p>\n<p>M\u00faltiplos objetos. Em um verdadeiro e l\u00fadico jogo das coreografias. As dan\u00e7as se ressig\u00adni\u00adfi\u00adcam. No transcorrer do espet\u00e1culo. Com bela intensidade dram\u00e1tica. Os textos dos per\u00adso\u00adna\u00adgens s\u00e3o baseados em fragmentos de letras de tango. Com proje\u00e7\u00e3o simult\u00e2nea de \u00e1u\u00addio\u00advisual. Trata-se de uma obra que coloca o passado e presente em constante di\u00e1logo. Na pro\u00adje\u00ad\u00e7\u00e3o, o presente. No palco, o passado e suas recorda\u00e7\u00f5es fugazes. Um espet\u00e1culo multim\u00eddia.<\/p>\n<p>&nbsp;<\/p>\n<p><strong>Agustina Vignau<\/strong> \u00e9 bailarina, atriz e professora, graduada pela Escola de Arte Dram\u00e1tica de Bue\u00adnos Aires. <strong>Hugo Mastrolorenzo, <\/strong>um core\u00f3grafo. Provocador. Artista que conseguiu atravessar as fronteiras do modernismo. Sem perder a pureza do g\u00eanero. Hugo &amp; Agustina se tor\u00adnaram campe\u00f5es de Tango Cen\u00e1rio em 2016. O primeiro casal a obter classifica\u00e7\u00e3o mais al\u00adta [10] dos tr\u00eas jurados. Com pontua\u00e7\u00e3o extraordin\u00e1ria na hist\u00f3ria das dos Mundiais de Tango<\/p>\n<p><img loading=\"lazy\" decoding=\"async\" class=\"alignnone size-full wp-image-2760\" src=\"https:\/\/renatodias.online\/movimento\/wp-content\/uploads\/2019\/10\/366.jpg\" alt=\"\" width=\"1925\" height=\"1285\" srcset=\"https:\/\/renatodias.online\/movimento\/wp-content\/uploads\/2019\/10\/366.jpg 1925w, https:\/\/renatodias.online\/movimento\/wp-content\/uploads\/2019\/10\/366-300x200.jpg 300w, https:\/\/renatodias.online\/movimento\/wp-content\/uploads\/2019\/10\/366-768x513.jpg 768w, https:\/\/renatodias.online\/movimento\/wp-content\/uploads\/2019\/10\/366-1024x684.jpg 1024w, https:\/\/renatodias.online\/movimento\/wp-content\/uploads\/2019\/10\/366-360x240.jpg 360w, https:\/\/renatodias.online\/movimento\/wp-content\/uploads\/2019\/10\/366-750x501.jpg 750w\" sizes=\"auto, (max-width: 1925px) 100vw, 1925px\" \/><\/p>\n<p><strong>Cultura da Argentina<\/strong><\/p>\n<p>O <strong>Projeto Tango Sal\u00e3o em Pauta<\/strong> surgiu no ano turbulento de 2016. Como uma iniciativa de fomento ao Tango Argentino em Goi\u00e2nia. A estrat\u00e9gia do projeto \u00e9 popularizar e dar acesso \u00e0 dan\u00e7a e cultura portenha. A primeira atividade, em junho daquele ano, \u00a0foi uma pr\u00e1tica e aula gratuitas conduzidas pelo criador do projeto, <strong>Guilherme Monteiro<\/strong>. Em tr\u00eas anos de atividades o Tango Sal\u00e3o em Pauta j\u00e1 conquistou seu espa\u00e7o na agenda cultural de Goi\u00e2nia, Goi\u00e1s, Brasil.<\/p>\n<p>&nbsp;<\/p>\n<p><strong>Servi\u00e7o<\/strong><\/p>\n<p><strong>Espet\u00e1culo:<\/strong> Tango Vol\u00e1<\/p>\n<p><strong>Dia:<\/strong> 7 de novembro de 2019<\/p>\n<p><strong>Hor\u00e1rio:<\/strong> 21h<\/p>\n<p><strong>Local<\/strong><strong>:<\/strong> Teatro Goi\u00e2nia [Rua 23, 252 -Centro, Goi\u00e2nia \u2013 GO]<\/p>\n<p><strong>Ingressos<\/strong><strong>:<\/strong> R$ 50,00 a R$ 120,00<\/p>\n<p>Temos meia-entrada social para o espet\u00e1culo Vol\u00e1 [ingresso\u00a0 d\u00e1 direito a pagar o valor da meia-entrada, doando 1 kg de alimento n\u00e3o perec\u00edvel no dia do espet\u00e1culo]<\/p>\n<p><strong>Link para ingressos:<\/strong> <a href=\"https:\/\/volaemgoiania.eventbrite.com.br\/\">https:\/\/volaemgoiania.eventbrite.com.br<\/a><\/p>\n<p><strong>Workshop:<\/strong> Os bailarinos do espet\u00e1culo ministrar\u00e3o de forma in\u00e9dita um workshop na sexta-feira [08\/11] e encerrar\u00e3o sua passagem por Goi\u00e2nia com uma tradicional milonga em um dos caf\u00e9s mais charmosos da cidade. Os dois eventos t\u00eam vagas limitadas e as vendas j\u00e1 est\u00e3o abertas. Confira a programa\u00e7\u00e3o:<\/p>\n<p><iframe loading=\"lazy\" title=\"VOL\u00c1 (trailer) Hugo Mastrolorenzo &amp; Agustina Vignau\" width=\"960\" height=\"540\" src=\"https:\/\/www.youtube.com\/embed\/KcpbFncVoq8?feature=oembed\" frameborder=\"0\" allow=\"accelerometer; autoplay; clipboard-write; encrypted-media; gyroscope; picture-in-picture; web-share\" referrerpolicy=\"strict-origin-when-cross-origin\" allowfullscreen><\/iframe><\/p>\n<p>&nbsp;<\/p>\n","protected":false},"excerpt":{"rendered":"<p>Tango portenho Est\u00e9tica que liga o absurdo &amp; o teatro-dan\u00e7a Agustina Vignau \u00e9 bailarina, atriz e professora, graduada pela Escola de Arte Dram\u00e1\u00adtica de Buenos Aires, Argentina. J\u00e1 Hugo Mastrolorenzo, um core\u00f3grafo. Para l\u00e1 de provocador &nbsp; Renato Dias Tango Vol\u00e1, em Goi\u00e2nia. Um espet\u00e1culo internacional. Programado para o dia 7 de novembro de 2019.<\/p>\n","protected":false},"author":2,"featured_media":2771,"comment_status":"open","ping_status":"open","sticky":false,"template":"","format":"standard","meta":{"_acf_changed":false,"_monsterinsights_skip_tracking":false,"_monsterinsights_sitenote_active":false,"_monsterinsights_sitenote_note":"","_monsterinsights_sitenote_category":0,"footnotes":""},"categories":[25,2],"tags":[],"class_list":["post-2757","post","type-post","status-publish","format-standard","has-post-thumbnail","hentry","category-agenda","category-arte"],"acf":[],"yoast_head":"<!-- This site is optimized with the Yoast SEO plugin v27.4 - https:\/\/yoast.com\/product\/yoast-seo-wordpress\/ -->\n<title>Est\u00e9tica que liga o absurdo &amp; o teatro-dan\u00e7a -<\/title>\n<meta name=\"robots\" content=\"index, follow, max-snippet:-1, max-image-preview:large, max-video-preview:-1\" \/>\n<link rel=\"canonical\" href=\"https:\/\/renatodias.online\/movimento\/2019\/10\/14\/estetica-que-liga-o-absurdo-o-teatro-danca\/\" \/>\n<meta property=\"og:locale\" content=\"pt_BR\" \/>\n<meta property=\"og:type\" content=\"article\" \/>\n<meta property=\"og:title\" content=\"Est\u00e9tica que liga o absurdo &amp; o teatro-dan\u00e7a -\" \/>\n<meta property=\"og:description\" content=\"Tango portenho Est\u00e9tica que liga o absurdo &amp; o teatro-dan\u00e7a Agustina Vignau \u00e9 bailarina, atriz e professora, graduada pela Escola de Arte Dram\u00e1\u00adtica de Buenos Aires, Argentina. J\u00e1 Hugo Mastrolorenzo, um core\u00f3grafo. Para l\u00e1 de provocador &nbsp; Renato Dias Tango Vol\u00e1, em Goi\u00e2nia. Um espet\u00e1culo internacional. Programado para o dia 7 de novembro de 2019.\" \/>\n<meta property=\"og:url\" content=\"https:\/\/renatodias.online\/movimento\/2019\/10\/14\/estetica-que-liga-o-absurdo-o-teatro-danca\/\" \/>\n<meta property=\"article:publisher\" content=\"https:\/\/www.facebook.com\/renato.dias.37\" \/>\n<meta property=\"article:author\" content=\"https:\/\/www.facebook.com\/renato.dias.37\" \/>\n<meta property=\"article:published_time\" content=\"2019-10-14T15:37:24+00:00\" \/>\n<meta property=\"article:modified_time\" content=\"2019-10-14T16:31:39+00:00\" \/>\n<meta property=\"og:image\" content=\"https:\/\/renatodias.online\/movimento\/wp-content\/uploads\/2019\/10\/222b.jpg\" \/>\n\t<meta property=\"og:image:width\" content=\"750\" \/>\n\t<meta property=\"og:image:height\" content=\"540\" \/>\n\t<meta property=\"og:image:type\" content=\"image\/jpeg\" \/>\n<meta name=\"author\" content=\"Renato Dias\" \/>\n<meta name=\"twitter:card\" content=\"summary_large_image\" \/>\n<meta name=\"twitter:creator\" content=\"@RenatoDiasBat\" \/>\n<meta name=\"twitter:site\" content=\"@RenatoDiasBat\" \/>\n<meta name=\"twitter:label1\" content=\"Escrito por\" \/>\n\t<meta name=\"twitter:data1\" content=\"Renato Dias\" \/>\n\t<meta name=\"twitter:label2\" content=\"Est. tempo de leitura\" \/>\n\t<meta name=\"twitter:data2\" content=\"3 minutos\" \/>\n<script type=\"application\/ld+json\" class=\"yoast-schema-graph\">{\"@context\":\"https:\\\/\\\/schema.org\",\"@graph\":[{\"@type\":\"Article\",\"@id\":\"https:\\\/\\\/renatodias.online\\\/movimento\\\/2019\\\/10\\\/14\\\/estetica-que-liga-o-absurdo-o-teatro-danca\\\/#article\",\"isPartOf\":{\"@id\":\"https:\\\/\\\/renatodias.online\\\/movimento\\\/2019\\\/10\\\/14\\\/estetica-que-liga-o-absurdo-o-teatro-danca\\\/\"},\"author\":{\"name\":\"Renato Dias\",\"@id\":\"https:\\\/\\\/renatodias.online\\\/movimento\\\/#\\\/schema\\\/person\\\/bbab28833b1725a20f4083f49f1fb2a9\"},\"headline\":\"Est\u00e9tica que liga o absurdo &#038; o teatro-dan\u00e7a\",\"datePublished\":\"2019-10-14T15:37:24+00:00\",\"dateModified\":\"2019-10-14T16:31:39+00:00\",\"mainEntityOfPage\":{\"@id\":\"https:\\\/\\\/renatodias.online\\\/movimento\\\/2019\\\/10\\\/14\\\/estetica-que-liga-o-absurdo-o-teatro-danca\\\/\"},\"wordCount\":531,\"commentCount\":0,\"publisher\":{\"@id\":\"https:\\\/\\\/renatodias.online\\\/movimento\\\/#\\\/schema\\\/person\\\/bbab28833b1725a20f4083f49f1fb2a9\"},\"image\":{\"@id\":\"https:\\\/\\\/renatodias.online\\\/movimento\\\/2019\\\/10\\\/14\\\/estetica-que-liga-o-absurdo-o-teatro-danca\\\/#primaryimage\"},\"thumbnailUrl\":\"https:\\\/\\\/renatodias.online\\\/movimento\\\/wp-content\\\/uploads\\\/2019\\\/10\\\/222b.jpg\",\"articleSection\":[\"Agenda\",\"Arte\"],\"inLanguage\":\"pt-BR\",\"potentialAction\":[{\"@type\":\"CommentAction\",\"name\":\"Comment\",\"target\":[\"https:\\\/\\\/renatodias.online\\\/movimento\\\/2019\\\/10\\\/14\\\/estetica-que-liga-o-absurdo-o-teatro-danca\\\/#respond\"]}]},{\"@type\":\"WebPage\",\"@id\":\"https:\\\/\\\/renatodias.online\\\/movimento\\\/2019\\\/10\\\/14\\\/estetica-que-liga-o-absurdo-o-teatro-danca\\\/\",\"url\":\"https:\\\/\\\/renatodias.online\\\/movimento\\\/2019\\\/10\\\/14\\\/estetica-que-liga-o-absurdo-o-teatro-danca\\\/\",\"name\":\"Est\u00e9tica que liga o absurdo & o teatro-dan\u00e7a -\",\"isPartOf\":{\"@id\":\"https:\\\/\\\/renatodias.online\\\/movimento\\\/#website\"},\"primaryImageOfPage\":{\"@id\":\"https:\\\/\\\/renatodias.online\\\/movimento\\\/2019\\\/10\\\/14\\\/estetica-que-liga-o-absurdo-o-teatro-danca\\\/#primaryimage\"},\"image\":{\"@id\":\"https:\\\/\\\/renatodias.online\\\/movimento\\\/2019\\\/10\\\/14\\\/estetica-que-liga-o-absurdo-o-teatro-danca\\\/#primaryimage\"},\"thumbnailUrl\":\"https:\\\/\\\/renatodias.online\\\/movimento\\\/wp-content\\\/uploads\\\/2019\\\/10\\\/222b.jpg\",\"datePublished\":\"2019-10-14T15:37:24+00:00\",\"dateModified\":\"2019-10-14T16:31:39+00:00\",\"breadcrumb\":{\"@id\":\"https:\\\/\\\/renatodias.online\\\/movimento\\\/2019\\\/10\\\/14\\\/estetica-que-liga-o-absurdo-o-teatro-danca\\\/#breadcrumb\"},\"inLanguage\":\"pt-BR\",\"potentialAction\":[{\"@type\":\"ReadAction\",\"target\":[\"https:\\\/\\\/renatodias.online\\\/movimento\\\/2019\\\/10\\\/14\\\/estetica-que-liga-o-absurdo-o-teatro-danca\\\/\"]}]},{\"@type\":\"ImageObject\",\"inLanguage\":\"pt-BR\",\"@id\":\"https:\\\/\\\/renatodias.online\\\/movimento\\\/2019\\\/10\\\/14\\\/estetica-que-liga-o-absurdo-o-teatro-danca\\\/#primaryimage\",\"url\":\"https:\\\/\\\/renatodias.online\\\/movimento\\\/wp-content\\\/uploads\\\/2019\\\/10\\\/222b.jpg\",\"contentUrl\":\"https:\\\/\\\/renatodias.online\\\/movimento\\\/wp-content\\\/uploads\\\/2019\\\/10\\\/222b.jpg\",\"width\":750,\"height\":540},{\"@type\":\"BreadcrumbList\",\"@id\":\"https:\\\/\\\/renatodias.online\\\/movimento\\\/2019\\\/10\\\/14\\\/estetica-que-liga-o-absurdo-o-teatro-danca\\\/#breadcrumb\",\"itemListElement\":[{\"@type\":\"ListItem\",\"position\":1,\"name\":\"In\u00edcio\",\"item\":\"https:\\\/\\\/renatodias.online\\\/movimento\\\/\"},{\"@type\":\"ListItem\",\"position\":2,\"name\":\"Est\u00e9tica que liga o absurdo &#038; o teatro-dan\u00e7a\"}]},{\"@type\":\"WebSite\",\"@id\":\"https:\\\/\\\/renatodias.online\\\/movimento\\\/#website\",\"url\":\"https:\\\/\\\/renatodias.online\\\/movimento\\\/\",\"name\":\"\",\"description\":\"\",\"publisher\":{\"@id\":\"https:\\\/\\\/renatodias.online\\\/movimento\\\/#\\\/schema\\\/person\\\/bbab28833b1725a20f4083f49f1fb2a9\"},\"potentialAction\":[{\"@type\":\"SearchAction\",\"target\":{\"@type\":\"EntryPoint\",\"urlTemplate\":\"https:\\\/\\\/renatodias.online\\\/movimento\\\/?s={search_term_string}\"},\"query-input\":{\"@type\":\"PropertyValueSpecification\",\"valueRequired\":true,\"valueName\":\"search_term_string\"}}],\"inLanguage\":\"pt-BR\"},{\"@type\":[\"Person\",\"Organization\"],\"@id\":\"https:\\\/\\\/renatodias.online\\\/movimento\\\/#\\\/schema\\\/person\\\/bbab28833b1725a20f4083f49f1fb2a9\",\"name\":\"Renato Dias\",\"image\":{\"@type\":\"ImageObject\",\"inLanguage\":\"pt-BR\",\"@id\":\"https:\\\/\\\/renatodias.online\\\/movimento\\\/wp-content\\\/uploads\\\/2023\\\/03\\\/cropped-cropped-cropped-logofinal.jpeg\",\"url\":\"https:\\\/\\\/renatodias.online\\\/movimento\\\/wp-content\\\/uploads\\\/2023\\\/03\\\/cropped-cropped-cropped-logofinal.jpeg\",\"contentUrl\":\"https:\\\/\\\/renatodias.online\\\/movimento\\\/wp-content\\\/uploads\\\/2023\\\/03\\\/cropped-cropped-cropped-logofinal.jpeg\",\"width\":1280,\"height\":219,\"caption\":\"Renato Dias\"},\"logo\":{\"@id\":\"https:\\\/\\\/renatodias.online\\\/movimento\\\/wp-content\\\/uploads\\\/2023\\\/03\\\/cropped-cropped-cropped-logofinal.jpeg\"},\"description\":\"Renato Dias, 58 anos, \u00e9 graduado em Jornalismo, formado em Ci\u00eancias Sociais, com p\u00f3s-gradua\u00e7\u00e3o em Pol\u00edticas P\u00fablicas, mestre em Direito e Rela\u00e7\u00f5es Internacionais, ex-aluno extraordin\u00e1rio do Doutorado em Psicologia Social, ex-estudante do Curso de Psican\u00e1lise do Centro de Estudos Psicanal\u00edticos do Estado de Goi\u00e1s, ministrado pelo m\u00e9dico psiquiatra e psicanalista Daniel Em\u00eddio de Souza. \u00c9 autor de 30 livros-reportagem, oito document\u00e1rios, ganhou 30 pr\u00eamios e \u00e9 torcedor apaixonado do maior do Centro-Oeste, o Vila Nova Futebol Clube. Casado com Meirilane Dias, \u00e9 pai de Juliana Dias, jornalista; Daniel Dias, economista; e Maria Rosa Dias, estudante antifascista, socialista e trotskista.\u00a0Com tr\u00eas pets: Porquinho [Bull Dog Franc\u00eas], Dalila [Basset Hound] e Geleia [Basset Hound]. Al\u00e9m do eterno gato Tutuquinho, que virou estrela.\",\"sameAs\":[\"https:\\\/\\\/www.facebook.com\\\/renato.dias.37\",\"#breve\",\"https:\\\/\\\/renatodias.tumblr.com\\\/\"],\"url\":\"https:\\\/\\\/renatodias.online\\\/movimento\\\/author\\\/renatodias\\\/\"}]}<\/script>\n<!-- \/ Yoast SEO plugin. -->","yoast_head_json":{"title":"Est\u00e9tica que liga o absurdo & o teatro-dan\u00e7a -","robots":{"index":"index","follow":"follow","max-snippet":"max-snippet:-1","max-image-preview":"max-image-preview:large","max-video-preview":"max-video-preview:-1"},"canonical":"https:\/\/renatodias.online\/movimento\/2019\/10\/14\/estetica-que-liga-o-absurdo-o-teatro-danca\/","og_locale":"pt_BR","og_type":"article","og_title":"Est\u00e9tica que liga o absurdo & o teatro-dan\u00e7a -","og_description":"Tango portenho Est\u00e9tica que liga o absurdo &amp; o teatro-dan\u00e7a Agustina Vignau \u00e9 bailarina, atriz e professora, graduada pela Escola de Arte Dram\u00e1\u00adtica de Buenos Aires, Argentina. J\u00e1 Hugo Mastrolorenzo, um core\u00f3grafo. Para l\u00e1 de provocador &nbsp; Renato Dias Tango Vol\u00e1, em Goi\u00e2nia. Um espet\u00e1culo internacional. Programado para o dia 7 de novembro de 2019.","og_url":"https:\/\/renatodias.online\/movimento\/2019\/10\/14\/estetica-que-liga-o-absurdo-o-teatro-danca\/","article_publisher":"https:\/\/www.facebook.com\/renato.dias.37","article_author":"https:\/\/www.facebook.com\/renato.dias.37","article_published_time":"2019-10-14T15:37:24+00:00","article_modified_time":"2019-10-14T16:31:39+00:00","og_image":[{"width":750,"height":540,"url":"https:\/\/renatodias.online\/movimento\/wp-content\/uploads\/2019\/10\/222b.jpg","type":"image\/jpeg"}],"author":"Renato Dias","twitter_card":"summary_large_image","twitter_creator":"@RenatoDiasBat","twitter_site":"@RenatoDiasBat","twitter_misc":{"Escrito por":"Renato Dias","Est. tempo de leitura":"3 minutos"},"schema":{"@context":"https:\/\/schema.org","@graph":[{"@type":"Article","@id":"https:\/\/renatodias.online\/movimento\/2019\/10\/14\/estetica-que-liga-o-absurdo-o-teatro-danca\/#article","isPartOf":{"@id":"https:\/\/renatodias.online\/movimento\/2019\/10\/14\/estetica-que-liga-o-absurdo-o-teatro-danca\/"},"author":{"name":"Renato Dias","@id":"https:\/\/renatodias.online\/movimento\/#\/schema\/person\/bbab28833b1725a20f4083f49f1fb2a9"},"headline":"Est\u00e9tica que liga o absurdo &#038; o teatro-dan\u00e7a","datePublished":"2019-10-14T15:37:24+00:00","dateModified":"2019-10-14T16:31:39+00:00","mainEntityOfPage":{"@id":"https:\/\/renatodias.online\/movimento\/2019\/10\/14\/estetica-que-liga-o-absurdo-o-teatro-danca\/"},"wordCount":531,"commentCount":0,"publisher":{"@id":"https:\/\/renatodias.online\/movimento\/#\/schema\/person\/bbab28833b1725a20f4083f49f1fb2a9"},"image":{"@id":"https:\/\/renatodias.online\/movimento\/2019\/10\/14\/estetica-que-liga-o-absurdo-o-teatro-danca\/#primaryimage"},"thumbnailUrl":"https:\/\/renatodias.online\/movimento\/wp-content\/uploads\/2019\/10\/222b.jpg","articleSection":["Agenda","Arte"],"inLanguage":"pt-BR","potentialAction":[{"@type":"CommentAction","name":"Comment","target":["https:\/\/renatodias.online\/movimento\/2019\/10\/14\/estetica-que-liga-o-absurdo-o-teatro-danca\/#respond"]}]},{"@type":"WebPage","@id":"https:\/\/renatodias.online\/movimento\/2019\/10\/14\/estetica-que-liga-o-absurdo-o-teatro-danca\/","url":"https:\/\/renatodias.online\/movimento\/2019\/10\/14\/estetica-que-liga-o-absurdo-o-teatro-danca\/","name":"Est\u00e9tica que liga o absurdo & o teatro-dan\u00e7a -","isPartOf":{"@id":"https:\/\/renatodias.online\/movimento\/#website"},"primaryImageOfPage":{"@id":"https:\/\/renatodias.online\/movimento\/2019\/10\/14\/estetica-que-liga-o-absurdo-o-teatro-danca\/#primaryimage"},"image":{"@id":"https:\/\/renatodias.online\/movimento\/2019\/10\/14\/estetica-que-liga-o-absurdo-o-teatro-danca\/#primaryimage"},"thumbnailUrl":"https:\/\/renatodias.online\/movimento\/wp-content\/uploads\/2019\/10\/222b.jpg","datePublished":"2019-10-14T15:37:24+00:00","dateModified":"2019-10-14T16:31:39+00:00","breadcrumb":{"@id":"https:\/\/renatodias.online\/movimento\/2019\/10\/14\/estetica-que-liga-o-absurdo-o-teatro-danca\/#breadcrumb"},"inLanguage":"pt-BR","potentialAction":[{"@type":"ReadAction","target":["https:\/\/renatodias.online\/movimento\/2019\/10\/14\/estetica-que-liga-o-absurdo-o-teatro-danca\/"]}]},{"@type":"ImageObject","inLanguage":"pt-BR","@id":"https:\/\/renatodias.online\/movimento\/2019\/10\/14\/estetica-que-liga-o-absurdo-o-teatro-danca\/#primaryimage","url":"https:\/\/renatodias.online\/movimento\/wp-content\/uploads\/2019\/10\/222b.jpg","contentUrl":"https:\/\/renatodias.online\/movimento\/wp-content\/uploads\/2019\/10\/222b.jpg","width":750,"height":540},{"@type":"BreadcrumbList","@id":"https:\/\/renatodias.online\/movimento\/2019\/10\/14\/estetica-que-liga-o-absurdo-o-teatro-danca\/#breadcrumb","itemListElement":[{"@type":"ListItem","position":1,"name":"In\u00edcio","item":"https:\/\/renatodias.online\/movimento\/"},{"@type":"ListItem","position":2,"name":"Est\u00e9tica que liga o absurdo &#038; o teatro-dan\u00e7a"}]},{"@type":"WebSite","@id":"https:\/\/renatodias.online\/movimento\/#website","url":"https:\/\/renatodias.online\/movimento\/","name":"","description":"","publisher":{"@id":"https:\/\/renatodias.online\/movimento\/#\/schema\/person\/bbab28833b1725a20f4083f49f1fb2a9"},"potentialAction":[{"@type":"SearchAction","target":{"@type":"EntryPoint","urlTemplate":"https:\/\/renatodias.online\/movimento\/?s={search_term_string}"},"query-input":{"@type":"PropertyValueSpecification","valueRequired":true,"valueName":"search_term_string"}}],"inLanguage":"pt-BR"},{"@type":["Person","Organization"],"@id":"https:\/\/renatodias.online\/movimento\/#\/schema\/person\/bbab28833b1725a20f4083f49f1fb2a9","name":"Renato Dias","image":{"@type":"ImageObject","inLanguage":"pt-BR","@id":"https:\/\/renatodias.online\/movimento\/wp-content\/uploads\/2023\/03\/cropped-cropped-cropped-logofinal.jpeg","url":"https:\/\/renatodias.online\/movimento\/wp-content\/uploads\/2023\/03\/cropped-cropped-cropped-logofinal.jpeg","contentUrl":"https:\/\/renatodias.online\/movimento\/wp-content\/uploads\/2023\/03\/cropped-cropped-cropped-logofinal.jpeg","width":1280,"height":219,"caption":"Renato Dias"},"logo":{"@id":"https:\/\/renatodias.online\/movimento\/wp-content\/uploads\/2023\/03\/cropped-cropped-cropped-logofinal.jpeg"},"description":"Renato Dias, 58 anos, \u00e9 graduado em Jornalismo, formado em Ci\u00eancias Sociais, com p\u00f3s-gradua\u00e7\u00e3o em Pol\u00edticas P\u00fablicas, mestre em Direito e Rela\u00e7\u00f5es Internacionais, ex-aluno extraordin\u00e1rio do Doutorado em Psicologia Social, ex-estudante do Curso de Psican\u00e1lise do Centro de Estudos Psicanal\u00edticos do Estado de Goi\u00e1s, ministrado pelo m\u00e9dico psiquiatra e psicanalista Daniel Em\u00eddio de Souza. \u00c9 autor de 30 livros-reportagem, oito document\u00e1rios, ganhou 30 pr\u00eamios e \u00e9 torcedor apaixonado do maior do Centro-Oeste, o Vila Nova Futebol Clube. Casado com Meirilane Dias, \u00e9 pai de Juliana Dias, jornalista; Daniel Dias, economista; e Maria Rosa Dias, estudante antifascista, socialista e trotskista.\u00a0Com tr\u00eas pets: Porquinho [Bull Dog Franc\u00eas], Dalila [Basset Hound] e Geleia [Basset Hound]. Al\u00e9m do eterno gato Tutuquinho, que virou estrela.","sameAs":["https:\/\/www.facebook.com\/renato.dias.37","#breve","https:\/\/renatodias.tumblr.com\/"],"url":"https:\/\/renatodias.online\/movimento\/author\/renatodias\/"}]}},"_links":{"self":[{"href":"https:\/\/renatodias.online\/movimento\/wp-json\/wp\/v2\/posts\/2757","targetHints":{"allow":["GET"]}}],"collection":[{"href":"https:\/\/renatodias.online\/movimento\/wp-json\/wp\/v2\/posts"}],"about":[{"href":"https:\/\/renatodias.online\/movimento\/wp-json\/wp\/v2\/types\/post"}],"author":[{"embeddable":true,"href":"https:\/\/renatodias.online\/movimento\/wp-json\/wp\/v2\/users\/2"}],"replies":[{"embeddable":true,"href":"https:\/\/renatodias.online\/movimento\/wp-json\/wp\/v2\/comments?post=2757"}],"version-history":[{"count":3,"href":"https:\/\/renatodias.online\/movimento\/wp-json\/wp\/v2\/posts\/2757\/revisions"}],"predecessor-version":[{"id":2772,"href":"https:\/\/renatodias.online\/movimento\/wp-json\/wp\/v2\/posts\/2757\/revisions\/2772"}],"wp:featuredmedia":[{"embeddable":true,"href":"https:\/\/renatodias.online\/movimento\/wp-json\/wp\/v2\/media\/2771"}],"wp:attachment":[{"href":"https:\/\/renatodias.online\/movimento\/wp-json\/wp\/v2\/media?parent=2757"}],"wp:term":[{"taxonomy":"category","embeddable":true,"href":"https:\/\/renatodias.online\/movimento\/wp-json\/wp\/v2\/categories?post=2757"},{"taxonomy":"post_tag","embeddable":true,"href":"https:\/\/renatodias.online\/movimento\/wp-json\/wp\/v2\/tags?post=2757"}],"curies":[{"name":"wp","href":"https:\/\/api.w.org\/{rel}","templated":true}]}}