{"id":2749,"date":"2019-10-13T21:49:29","date_gmt":"2019-10-14T00:49:29","guid":{"rendered":"https:\/\/renatodias.online\/movimento\/?p=2749"},"modified":"2019-10-13T21:56:18","modified_gmt":"2019-10-14T00:56:18","slug":"2749","status":"publish","type":"post","link":"https:\/\/renatodias.online\/movimento\/2019\/10\/13\/2749\/","title":{"rendered":"Bate-papo narra repress\u00e3o na Arg\u00e9lia"},"content":{"rendered":"<p><strong>Hoje, 18h30, Livraria \u00a0Palavrear<\/strong><\/p>\n<h1><strong>Bate-papo narra repress\u00e3o na Arg\u00e9lia<\/strong><\/h1>\n<p><strong>Socialista, a deputada federal do Pa\u00eds da \u00c1frica foi condenada por um Estado de Exce\u00e7\u00e3o, sem direito ao contradit\u00f3rio, e campanha mundial pede a sua imediata liberta\u00e7\u00e3o da \u00a0cadeia<\/strong><\/p>\n<figure id=\"attachment_2750\" aria-describedby=\"caption-attachment-2750\" style=\"width: 219px\" class=\"wp-caption alignnone\"><img loading=\"lazy\" decoding=\"async\" class=\"size-full wp-image-2750\" src=\"https:\/\/renatodias.online\/movimento\/wp-content\/uploads\/2019\/10\/Humberto-Cl\u00edmaco.jpg\" alt=\"\" width=\"219\" height=\"230\" \/><figcaption id=\"caption-attachment-2750\" class=\"wp-caption-text\">Humberto Cl\u00edmaco<\/figcaption><\/figure>\n<p>&nbsp;<\/p>\n<p><strong>Renato Dias<\/strong><\/p>\n<p>A liberdade da socialista <strong>Louisa Hanune<\/strong>, ex-deputada federal do PT da Arg\u00e9lia, condenada por recusar o calend\u00e1rio pol\u00edtico e eleitoral estabelecido pelo Estado de Exce\u00e7\u00e3o no Pa\u00eds, da \u00c1frica, \u00e9 o tema de bate-papo cult, na <strong>Livraria<\/strong> <strong>Palavrear<\/strong>, hoje, nesta segunda-feira, \u00e0s 18h30. Com as participa\u00e7\u00f5es especiais de <strong>Humberto Cl\u00edmaco<\/strong>, doutor da Universidade Federal de Goi\u00e1s e membro da se\u00e7\u00e3o brasileira da Quarta Internacional, a central mundial da revolu\u00e7\u00e3o socialista e internacionalista fundada por <strong>Lev Davidovich Bronstein<\/strong> \u2018nom de guerre\u2019 <strong>Leon Trotsky<\/strong>, morto em 21 de agosto de 1940, e da coordenadora do grupo feminista N\u00e3o \u00e9 N\u00e3o, a psic\u00f3loga <strong>Cida Alves<\/strong>. A entrada \u00e9 gratuita. A Palavrear aparece na rela\u00e7\u00e3o das dez \u00a0livrarias mais bonitas do Brasil. O ranking \u00e9 da <strong>Revista Bula.<\/strong> O editor do site de cultura \u00e9 o poeta <strong>Carlos Willian Leite<\/strong><\/p>\n<figure id=\"attachment_2622\" aria-describedby=\"caption-attachment-2622\" style=\"width: 1107px\" class=\"wp-caption alignnone\"><img loading=\"lazy\" decoding=\"async\" class=\"size-full wp-image-2622\" src=\"https:\/\/renatodias.online\/movimento\/wp-content\/uploads\/2019\/10\/Cida-Alves.jpg\" alt=\"\" width=\"1107\" height=\"1476\" srcset=\"https:\/\/renatodias.online\/movimento\/wp-content\/uploads\/2019\/10\/Cida-Alves.jpg 1107w, https:\/\/renatodias.online\/movimento\/wp-content\/uploads\/2019\/10\/Cida-Alves-225x300.jpg 225w, https:\/\/renatodias.online\/movimento\/wp-content\/uploads\/2019\/10\/Cida-Alves-768x1024.jpg 768w, https:\/\/renatodias.online\/movimento\/wp-content\/uploads\/2019\/10\/Cida-Alves-750x1000.jpg 750w\" sizes=\"auto, (max-width: 1107px) 100vw, 1107px\" \/><figcaption id=\"caption-attachment-2622\" class=\"wp-caption-text\">Cida Alves<\/figcaption><\/figure>\n<p><strong>Tribunal de Exce\u00e7\u00e3o<\/strong><\/p>\n<p>Um \u2018Tribunal de Exce\u00e7\u00e3o\u2019, sem fundamentais legais, o direito ao contradit\u00f3rio, nem bases democr\u00e1ticas, amparadas em uma Constitui\u00e7\u00e3o que n\u00e3o traduz a de um Estado de Direito, \u00a0condenou-a a 15 anos de reclus\u00e3o. A senten\u00e7a feriu de morte a democracia na Arg\u00e9lia. Da cadeia, em Curitiba, Estado do Paran\u00e1, o ex-presidente da Rep\u00fablica Luiz In\u00e1cio Lula da Silva, condenado em primeira e segunda inst\u00e2ncias sem provas robustas, baseadas em convic\u00e7\u00f5es, em um conluio entre o juiz de Direito S\u00e9rgio Moro, o procurador da Rep\u00fablica Deltan Dallagnol, os conglomerados de comunica\u00e7\u00e3o do Brasil, com o suporte do Supremo Tribunal Federal [STF], o Superior Tribunal de Justi\u00e7a, e o Deus-Mercado, al\u00e9m do aval das ag\u00eancias de intelig\u00eancia dos Estados Unidos, escreveu uma carta. Em solidariedade \u00e0 socialista da Arg\u00e9lia.<\/p>\n<figure id=\"attachment_2751\" aria-describedby=\"caption-attachment-2751\" style=\"width: 1280px\" class=\"wp-caption alignnone\"><img loading=\"lazy\" decoding=\"async\" class=\"wp-image-2751 size-full\" src=\"https:\/\/renatodias.online\/movimento\/wp-content\/uploads\/2019\/10\/IMG-20191012-WA0055.jpg\" alt=\"\" width=\"1280\" height=\"1243\" srcset=\"https:\/\/renatodias.online\/movimento\/wp-content\/uploads\/2019\/10\/IMG-20191012-WA0055.jpg 1280w, https:\/\/renatodias.online\/movimento\/wp-content\/uploads\/2019\/10\/IMG-20191012-WA0055-300x291.jpg 300w, https:\/\/renatodias.online\/movimento\/wp-content\/uploads\/2019\/10\/IMG-20191012-WA0055-768x746.jpg 768w, https:\/\/renatodias.online\/movimento\/wp-content\/uploads\/2019\/10\/IMG-20191012-WA0055-1024x994.jpg 1024w, https:\/\/renatodias.online\/movimento\/wp-content\/uploads\/2019\/10\/IMG-20191012-WA0055-750x728.jpg 750w\" sizes=\"auto, (max-width: 1280px) 100vw, 1280px\" \/><figcaption id=\"caption-attachment-2751\" class=\"wp-caption-text\">Convite \u2013 Flyer<\/figcaption><\/figure>\n<p><strong>Servi\u00e7o<\/strong><\/p>\n<p><strong>O qu\u00ea?<\/strong> Bate-papo sobre a crise na Arg\u00e9lia<\/p>\n<p><strong>Tema:<\/strong> A pris\u00e3o ilegal de Louisa Hanune<\/p>\n<p><strong>Data:<\/strong> \u00c9 nesta segunda-feira, 14 de outubro de 2019<\/p>\n<p><strong>Hor\u00e1rio:<\/strong> 18h30<\/p>\n<p><strong>Local:<\/strong> Livraria Palavrear, Setor Universit\u00e1rio, Goi\u00e2nia, Goi\u00e1s<\/p>\n<p><strong>Participantes:<\/strong> Humberto Cl\u00edmaco e Cida Alves<\/p>\n<p><strong>Entrada:<\/strong> Gratuita<\/p>\n","protected":false},"excerpt":{"rendered":"<p>Hoje, 18h30, Livraria \u00a0Palavrear Bate-papo narra repress\u00e3o na Arg\u00e9lia Socialista, a deputada federal do Pa\u00eds da \u00c1frica foi condenada por um Estado de Exce\u00e7\u00e3o, sem direito ao contradit\u00f3rio, e campanha mundial pede a sua imediata liberta\u00e7\u00e3o da \u00a0cadeia &nbsp; Renato Dias A liberdade da socialista Louisa Hanune, ex-deputada federal do PT da Arg\u00e9lia, condenada por<\/p>\n","protected":false},"author":2,"featured_media":2752,"comment_status":"open","ping_status":"open","sticky":false,"template":"","format":"standard","meta":{"_acf_changed":false,"_monsterinsights_skip_tracking":false,"_monsterinsights_sitenote_active":false,"_monsterinsights_sitenote_note":"","_monsterinsights_sitenote_category":0,"footnotes":""},"categories":[25,4],"tags":[],"class_list":["post-2749","post","type-post","status-publish","format-standard","has-post-thumbnail","hentry","category-agenda","category-politica"],"acf":[],"yoast_head":"<!-- This site is optimized with the Yoast SEO plugin v27.4 - https:\/\/yoast.com\/product\/yoast-seo-wordpress\/ -->\n<title>Bate-papo narra repress\u00e3o na Arg\u00e9lia -<\/title>\n<meta name=\"robots\" content=\"index, follow, max-snippet:-1, max-image-preview:large, max-video-preview:-1\" \/>\n<link rel=\"canonical\" href=\"https:\/\/renatodias.online\/movimento\/2019\/10\/13\/2749\/\" \/>\n<meta property=\"og:locale\" content=\"pt_BR\" \/>\n<meta property=\"og:type\" content=\"article\" \/>\n<meta property=\"og:title\" content=\"Bate-papo narra repress\u00e3o na Arg\u00e9lia -\" \/>\n<meta property=\"og:description\" content=\"Hoje, 18h30, Livraria \u00a0Palavrear Bate-papo narra repress\u00e3o na Arg\u00e9lia Socialista, a deputada federal do Pa\u00eds da \u00c1frica foi condenada por um Estado de Exce\u00e7\u00e3o, sem direito ao contradit\u00f3rio, e campanha mundial pede a sua imediata liberta\u00e7\u00e3o da \u00a0cadeia &nbsp; Renato Dias A liberdade da socialista Louisa Hanune, ex-deputada federal do PT da Arg\u00e9lia, condenada por\" \/>\n<meta property=\"og:url\" content=\"https:\/\/renatodias.online\/movimento\/2019\/10\/13\/2749\/\" \/>\n<meta property=\"article:publisher\" content=\"https:\/\/www.facebook.com\/renato.dias.37\" \/>\n<meta property=\"article:author\" content=\"https:\/\/www.facebook.com\/renato.dias.37\" \/>\n<meta property=\"article:published_time\" content=\"2019-10-14T00:49:29+00:00\" \/>\n<meta property=\"article:modified_time\" content=\"2019-10-14T00:56:18+00:00\" \/>\n<meta property=\"og:image\" content=\"https:\/\/renatodias.online\/movimento\/wp-content\/uploads\/2019\/10\/Louisa-Hanune.jpg\" \/>\n\t<meta property=\"og:image:width\" content=\"960\" \/>\n\t<meta property=\"og:image:height\" content=\"1263\" \/>\n\t<meta property=\"og:image:type\" content=\"image\/jpeg\" \/>\n<meta name=\"author\" content=\"Renato Dias\" \/>\n<meta name=\"twitter:card\" content=\"summary_large_image\" \/>\n<meta name=\"twitter:creator\" content=\"@RenatoDiasBat\" \/>\n<meta name=\"twitter:site\" content=\"@RenatoDiasBat\" \/>\n<meta name=\"twitter:label1\" content=\"Escrito por\" \/>\n\t<meta name=\"twitter:data1\" content=\"Renato Dias\" \/>\n\t<meta name=\"twitter:label2\" content=\"Est. tempo de leitura\" \/>\n\t<meta name=\"twitter:data2\" content=\"2 minutos\" \/>\n<script type=\"application\/ld+json\" class=\"yoast-schema-graph\">{\"@context\":\"https:\\\/\\\/schema.org\",\"@graph\":[{\"@type\":\"Article\",\"@id\":\"https:\\\/\\\/renatodias.online\\\/movimento\\\/2019\\\/10\\\/13\\\/2749\\\/#article\",\"isPartOf\":{\"@id\":\"https:\\\/\\\/renatodias.online\\\/movimento\\\/2019\\\/10\\\/13\\\/2749\\\/\"},\"author\":{\"name\":\"Renato Dias\",\"@id\":\"https:\\\/\\\/renatodias.online\\\/movimento\\\/#\\\/schema\\\/person\\\/bbab28833b1725a20f4083f49f1fb2a9\"},\"headline\":\"Bate-papo narra repress\u00e3o na Arg\u00e9lia\",\"datePublished\":\"2019-10-14T00:49:29+00:00\",\"dateModified\":\"2019-10-14T00:56:18+00:00\",\"mainEntityOfPage\":{\"@id\":\"https:\\\/\\\/renatodias.online\\\/movimento\\\/2019\\\/10\\\/13\\\/2749\\\/\"},\"wordCount\":421,\"commentCount\":0,\"publisher\":{\"@id\":\"https:\\\/\\\/renatodias.online\\\/movimento\\\/#\\\/schema\\\/person\\\/bbab28833b1725a20f4083f49f1fb2a9\"},\"image\":{\"@id\":\"https:\\\/\\\/renatodias.online\\\/movimento\\\/2019\\\/10\\\/13\\\/2749\\\/#primaryimage\"},\"thumbnailUrl\":\"https:\\\/\\\/renatodias.online\\\/movimento\\\/wp-content\\\/uploads\\\/2019\\\/10\\\/Louisa-Hanune.jpg\",\"articleSection\":[\"Agenda\",\"Pol\u00edtica\"],\"inLanguage\":\"pt-BR\",\"potentialAction\":[{\"@type\":\"CommentAction\",\"name\":\"Comment\",\"target\":[\"https:\\\/\\\/renatodias.online\\\/movimento\\\/2019\\\/10\\\/13\\\/2749\\\/#respond\"]}]},{\"@type\":\"WebPage\",\"@id\":\"https:\\\/\\\/renatodias.online\\\/movimento\\\/2019\\\/10\\\/13\\\/2749\\\/\",\"url\":\"https:\\\/\\\/renatodias.online\\\/movimento\\\/2019\\\/10\\\/13\\\/2749\\\/\",\"name\":\"Bate-papo narra repress\u00e3o na Arg\u00e9lia -\",\"isPartOf\":{\"@id\":\"https:\\\/\\\/renatodias.online\\\/movimento\\\/#website\"},\"primaryImageOfPage\":{\"@id\":\"https:\\\/\\\/renatodias.online\\\/movimento\\\/2019\\\/10\\\/13\\\/2749\\\/#primaryimage\"},\"image\":{\"@id\":\"https:\\\/\\\/renatodias.online\\\/movimento\\\/2019\\\/10\\\/13\\\/2749\\\/#primaryimage\"},\"thumbnailUrl\":\"https:\\\/\\\/renatodias.online\\\/movimento\\\/wp-content\\\/uploads\\\/2019\\\/10\\\/Louisa-Hanune.jpg\",\"datePublished\":\"2019-10-14T00:49:29+00:00\",\"dateModified\":\"2019-10-14T00:56:18+00:00\",\"breadcrumb\":{\"@id\":\"https:\\\/\\\/renatodias.online\\\/movimento\\\/2019\\\/10\\\/13\\\/2749\\\/#breadcrumb\"},\"inLanguage\":\"pt-BR\",\"potentialAction\":[{\"@type\":\"ReadAction\",\"target\":[\"https:\\\/\\\/renatodias.online\\\/movimento\\\/2019\\\/10\\\/13\\\/2749\\\/\"]}]},{\"@type\":\"ImageObject\",\"inLanguage\":\"pt-BR\",\"@id\":\"https:\\\/\\\/renatodias.online\\\/movimento\\\/2019\\\/10\\\/13\\\/2749\\\/#primaryimage\",\"url\":\"https:\\\/\\\/renatodias.online\\\/movimento\\\/wp-content\\\/uploads\\\/2019\\\/10\\\/Louisa-Hanune.jpg\",\"contentUrl\":\"https:\\\/\\\/renatodias.online\\\/movimento\\\/wp-content\\\/uploads\\\/2019\\\/10\\\/Louisa-Hanune.jpg\",\"width\":960,\"height\":1263},{\"@type\":\"BreadcrumbList\",\"@id\":\"https:\\\/\\\/renatodias.online\\\/movimento\\\/2019\\\/10\\\/13\\\/2749\\\/#breadcrumb\",\"itemListElement\":[{\"@type\":\"ListItem\",\"position\":1,\"name\":\"In\u00edcio\",\"item\":\"https:\\\/\\\/renatodias.online\\\/movimento\\\/\"},{\"@type\":\"ListItem\",\"position\":2,\"name\":\"Bate-papo narra repress\u00e3o na Arg\u00e9lia\"}]},{\"@type\":\"WebSite\",\"@id\":\"https:\\\/\\\/renatodias.online\\\/movimento\\\/#website\",\"url\":\"https:\\\/\\\/renatodias.online\\\/movimento\\\/\",\"name\":\"\",\"description\":\"\",\"publisher\":{\"@id\":\"https:\\\/\\\/renatodias.online\\\/movimento\\\/#\\\/schema\\\/person\\\/bbab28833b1725a20f4083f49f1fb2a9\"},\"potentialAction\":[{\"@type\":\"SearchAction\",\"target\":{\"@type\":\"EntryPoint\",\"urlTemplate\":\"https:\\\/\\\/renatodias.online\\\/movimento\\\/?s={search_term_string}\"},\"query-input\":{\"@type\":\"PropertyValueSpecification\",\"valueRequired\":true,\"valueName\":\"search_term_string\"}}],\"inLanguage\":\"pt-BR\"},{\"@type\":[\"Person\",\"Organization\"],\"@id\":\"https:\\\/\\\/renatodias.online\\\/movimento\\\/#\\\/schema\\\/person\\\/bbab28833b1725a20f4083f49f1fb2a9\",\"name\":\"Renato Dias\",\"image\":{\"@type\":\"ImageObject\",\"inLanguage\":\"pt-BR\",\"@id\":\"https:\\\/\\\/renatodias.online\\\/movimento\\\/wp-content\\\/uploads\\\/2023\\\/03\\\/cropped-cropped-cropped-logofinal.jpeg\",\"url\":\"https:\\\/\\\/renatodias.online\\\/movimento\\\/wp-content\\\/uploads\\\/2023\\\/03\\\/cropped-cropped-cropped-logofinal.jpeg\",\"contentUrl\":\"https:\\\/\\\/renatodias.online\\\/movimento\\\/wp-content\\\/uploads\\\/2023\\\/03\\\/cropped-cropped-cropped-logofinal.jpeg\",\"width\":1280,\"height\":219,\"caption\":\"Renato Dias\"},\"logo\":{\"@id\":\"https:\\\/\\\/renatodias.online\\\/movimento\\\/wp-content\\\/uploads\\\/2023\\\/03\\\/cropped-cropped-cropped-logofinal.jpeg\"},\"description\":\"Renato Dias, 58 anos, \u00e9 graduado em Jornalismo, formado em Ci\u00eancias Sociais, com p\u00f3s-gradua\u00e7\u00e3o em Pol\u00edticas P\u00fablicas, mestre em Direito e Rela\u00e7\u00f5es Internacionais, ex-aluno extraordin\u00e1rio do Doutorado em Psicologia Social, ex-estudante do Curso de Psican\u00e1lise do Centro de Estudos Psicanal\u00edticos do Estado de Goi\u00e1s, ministrado pelo m\u00e9dico psiquiatra e psicanalista Daniel Em\u00eddio de Souza. \u00c9 autor de 30 livros-reportagem, oito document\u00e1rios, ganhou 30 pr\u00eamios e \u00e9 torcedor apaixonado do maior do Centro-Oeste, o Vila Nova Futebol Clube. Casado com Meirilane Dias, \u00e9 pai de Juliana Dias, jornalista; Daniel Dias, economista; e Maria Rosa Dias, estudante antifascista, socialista e trotskista.\u00a0Com tr\u00eas pets: Porquinho [Bull Dog Franc\u00eas], Dalila [Basset Hound] e Geleia [Basset Hound]. Al\u00e9m do eterno gato Tutuquinho, que virou estrela.\",\"sameAs\":[\"https:\\\/\\\/www.facebook.com\\\/renato.dias.37\",\"#breve\",\"https:\\\/\\\/renatodias.tumblr.com\\\/\"],\"url\":\"https:\\\/\\\/renatodias.online\\\/movimento\\\/author\\\/renatodias\\\/\"}]}<\/script>\n<!-- \/ Yoast SEO plugin. -->","yoast_head_json":{"title":"Bate-papo narra repress\u00e3o na Arg\u00e9lia -","robots":{"index":"index","follow":"follow","max-snippet":"max-snippet:-1","max-image-preview":"max-image-preview:large","max-video-preview":"max-video-preview:-1"},"canonical":"https:\/\/renatodias.online\/movimento\/2019\/10\/13\/2749\/","og_locale":"pt_BR","og_type":"article","og_title":"Bate-papo narra repress\u00e3o na Arg\u00e9lia -","og_description":"Hoje, 18h30, Livraria \u00a0Palavrear Bate-papo narra repress\u00e3o na Arg\u00e9lia Socialista, a deputada federal do Pa\u00eds da \u00c1frica foi condenada por um Estado de Exce\u00e7\u00e3o, sem direito ao contradit\u00f3rio, e campanha mundial pede a sua imediata liberta\u00e7\u00e3o da \u00a0cadeia &nbsp; Renato Dias A liberdade da socialista Louisa Hanune, ex-deputada federal do PT da Arg\u00e9lia, condenada por","og_url":"https:\/\/renatodias.online\/movimento\/2019\/10\/13\/2749\/","article_publisher":"https:\/\/www.facebook.com\/renato.dias.37","article_author":"https:\/\/www.facebook.com\/renato.dias.37","article_published_time":"2019-10-14T00:49:29+00:00","article_modified_time":"2019-10-14T00:56:18+00:00","og_image":[{"width":960,"height":1263,"url":"https:\/\/renatodias.online\/movimento\/wp-content\/uploads\/2019\/10\/Louisa-Hanune.jpg","type":"image\/jpeg"}],"author":"Renato Dias","twitter_card":"summary_large_image","twitter_creator":"@RenatoDiasBat","twitter_site":"@RenatoDiasBat","twitter_misc":{"Escrito por":"Renato Dias","Est. tempo de leitura":"2 minutos"},"schema":{"@context":"https:\/\/schema.org","@graph":[{"@type":"Article","@id":"https:\/\/renatodias.online\/movimento\/2019\/10\/13\/2749\/#article","isPartOf":{"@id":"https:\/\/renatodias.online\/movimento\/2019\/10\/13\/2749\/"},"author":{"name":"Renato Dias","@id":"https:\/\/renatodias.online\/movimento\/#\/schema\/person\/bbab28833b1725a20f4083f49f1fb2a9"},"headline":"Bate-papo narra repress\u00e3o na Arg\u00e9lia","datePublished":"2019-10-14T00:49:29+00:00","dateModified":"2019-10-14T00:56:18+00:00","mainEntityOfPage":{"@id":"https:\/\/renatodias.online\/movimento\/2019\/10\/13\/2749\/"},"wordCount":421,"commentCount":0,"publisher":{"@id":"https:\/\/renatodias.online\/movimento\/#\/schema\/person\/bbab28833b1725a20f4083f49f1fb2a9"},"image":{"@id":"https:\/\/renatodias.online\/movimento\/2019\/10\/13\/2749\/#primaryimage"},"thumbnailUrl":"https:\/\/renatodias.online\/movimento\/wp-content\/uploads\/2019\/10\/Louisa-Hanune.jpg","articleSection":["Agenda","Pol\u00edtica"],"inLanguage":"pt-BR","potentialAction":[{"@type":"CommentAction","name":"Comment","target":["https:\/\/renatodias.online\/movimento\/2019\/10\/13\/2749\/#respond"]}]},{"@type":"WebPage","@id":"https:\/\/renatodias.online\/movimento\/2019\/10\/13\/2749\/","url":"https:\/\/renatodias.online\/movimento\/2019\/10\/13\/2749\/","name":"Bate-papo narra repress\u00e3o na Arg\u00e9lia -","isPartOf":{"@id":"https:\/\/renatodias.online\/movimento\/#website"},"primaryImageOfPage":{"@id":"https:\/\/renatodias.online\/movimento\/2019\/10\/13\/2749\/#primaryimage"},"image":{"@id":"https:\/\/renatodias.online\/movimento\/2019\/10\/13\/2749\/#primaryimage"},"thumbnailUrl":"https:\/\/renatodias.online\/movimento\/wp-content\/uploads\/2019\/10\/Louisa-Hanune.jpg","datePublished":"2019-10-14T00:49:29+00:00","dateModified":"2019-10-14T00:56:18+00:00","breadcrumb":{"@id":"https:\/\/renatodias.online\/movimento\/2019\/10\/13\/2749\/#breadcrumb"},"inLanguage":"pt-BR","potentialAction":[{"@type":"ReadAction","target":["https:\/\/renatodias.online\/movimento\/2019\/10\/13\/2749\/"]}]},{"@type":"ImageObject","inLanguage":"pt-BR","@id":"https:\/\/renatodias.online\/movimento\/2019\/10\/13\/2749\/#primaryimage","url":"https:\/\/renatodias.online\/movimento\/wp-content\/uploads\/2019\/10\/Louisa-Hanune.jpg","contentUrl":"https:\/\/renatodias.online\/movimento\/wp-content\/uploads\/2019\/10\/Louisa-Hanune.jpg","width":960,"height":1263},{"@type":"BreadcrumbList","@id":"https:\/\/renatodias.online\/movimento\/2019\/10\/13\/2749\/#breadcrumb","itemListElement":[{"@type":"ListItem","position":1,"name":"In\u00edcio","item":"https:\/\/renatodias.online\/movimento\/"},{"@type":"ListItem","position":2,"name":"Bate-papo narra repress\u00e3o na Arg\u00e9lia"}]},{"@type":"WebSite","@id":"https:\/\/renatodias.online\/movimento\/#website","url":"https:\/\/renatodias.online\/movimento\/","name":"","description":"","publisher":{"@id":"https:\/\/renatodias.online\/movimento\/#\/schema\/person\/bbab28833b1725a20f4083f49f1fb2a9"},"potentialAction":[{"@type":"SearchAction","target":{"@type":"EntryPoint","urlTemplate":"https:\/\/renatodias.online\/movimento\/?s={search_term_string}"},"query-input":{"@type":"PropertyValueSpecification","valueRequired":true,"valueName":"search_term_string"}}],"inLanguage":"pt-BR"},{"@type":["Person","Organization"],"@id":"https:\/\/renatodias.online\/movimento\/#\/schema\/person\/bbab28833b1725a20f4083f49f1fb2a9","name":"Renato Dias","image":{"@type":"ImageObject","inLanguage":"pt-BR","@id":"https:\/\/renatodias.online\/movimento\/wp-content\/uploads\/2023\/03\/cropped-cropped-cropped-logofinal.jpeg","url":"https:\/\/renatodias.online\/movimento\/wp-content\/uploads\/2023\/03\/cropped-cropped-cropped-logofinal.jpeg","contentUrl":"https:\/\/renatodias.online\/movimento\/wp-content\/uploads\/2023\/03\/cropped-cropped-cropped-logofinal.jpeg","width":1280,"height":219,"caption":"Renato Dias"},"logo":{"@id":"https:\/\/renatodias.online\/movimento\/wp-content\/uploads\/2023\/03\/cropped-cropped-cropped-logofinal.jpeg"},"description":"Renato Dias, 58 anos, \u00e9 graduado em Jornalismo, formado em Ci\u00eancias Sociais, com p\u00f3s-gradua\u00e7\u00e3o em Pol\u00edticas P\u00fablicas, mestre em Direito e Rela\u00e7\u00f5es Internacionais, ex-aluno extraordin\u00e1rio do Doutorado em Psicologia Social, ex-estudante do Curso de Psican\u00e1lise do Centro de Estudos Psicanal\u00edticos do Estado de Goi\u00e1s, ministrado pelo m\u00e9dico psiquiatra e psicanalista Daniel Em\u00eddio de Souza. \u00c9 autor de 30 livros-reportagem, oito document\u00e1rios, ganhou 30 pr\u00eamios e \u00e9 torcedor apaixonado do maior do Centro-Oeste, o Vila Nova Futebol Clube. Casado com Meirilane Dias, \u00e9 pai de Juliana Dias, jornalista; Daniel Dias, economista; e Maria Rosa Dias, estudante antifascista, socialista e trotskista.\u00a0Com tr\u00eas pets: Porquinho [Bull Dog Franc\u00eas], Dalila [Basset Hound] e Geleia [Basset Hound]. Al\u00e9m do eterno gato Tutuquinho, que virou estrela.","sameAs":["https:\/\/www.facebook.com\/renato.dias.37","#breve","https:\/\/renatodias.tumblr.com\/"],"url":"https:\/\/renatodias.online\/movimento\/author\/renatodias\/"}]}},"_links":{"self":[{"href":"https:\/\/renatodias.online\/movimento\/wp-json\/wp\/v2\/posts\/2749","targetHints":{"allow":["GET"]}}],"collection":[{"href":"https:\/\/renatodias.online\/movimento\/wp-json\/wp\/v2\/posts"}],"about":[{"href":"https:\/\/renatodias.online\/movimento\/wp-json\/wp\/v2\/types\/post"}],"author":[{"embeddable":true,"href":"https:\/\/renatodias.online\/movimento\/wp-json\/wp\/v2\/users\/2"}],"replies":[{"embeddable":true,"href":"https:\/\/renatodias.online\/movimento\/wp-json\/wp\/v2\/comments?post=2749"}],"version-history":[{"count":4,"href":"https:\/\/renatodias.online\/movimento\/wp-json\/wp\/v2\/posts\/2749\/revisions"}],"predecessor-version":[{"id":2756,"href":"https:\/\/renatodias.online\/movimento\/wp-json\/wp\/v2\/posts\/2749\/revisions\/2756"}],"wp:featuredmedia":[{"embeddable":true,"href":"https:\/\/renatodias.online\/movimento\/wp-json\/wp\/v2\/media\/2752"}],"wp:attachment":[{"href":"https:\/\/renatodias.online\/movimento\/wp-json\/wp\/v2\/media?parent=2749"}],"wp:term":[{"taxonomy":"category","embeddable":true,"href":"https:\/\/renatodias.online\/movimento\/wp-json\/wp\/v2\/categories?post=2749"},{"taxonomy":"post_tag","embeddable":true,"href":"https:\/\/renatodias.online\/movimento\/wp-json\/wp\/v2\/tags?post=2749"}],"curies":[{"name":"wp","href":"https:\/\/api.w.org\/{rel}","templated":true}]}}