{"id":2644,"date":"2019-10-08T20:21:54","date_gmt":"2019-10-08T23:21:54","guid":{"rendered":"https:\/\/renatodias.online\/movimento\/?p=2644"},"modified":"2019-10-08T20:21:54","modified_gmt":"2019-10-08T23:21:54","slug":"mc-d-volt-ja-mostra-um-novo-espetaculo","status":"publish","type":"post","link":"https:\/\/renatodias.online\/movimento\/2019\/10\/08\/mc-d-volt-ja-mostra-um-novo-espetaculo\/","title":{"rendered":"MC D Volt j\u00e1 mostra\u00a0um novo espet\u00e1culo"},"content":{"rendered":"<p><strong>Revolu\u00e7\u00e3o musical<\/strong><\/p>\n<h1><strong>MC D Volt j\u00e1 mostra\u00a0<\/strong><strong>um novo espet\u00e1culo<\/strong><\/h1>\n<p><strong>O rapper e poeta, \u00edcone do circuito underground e da vanguarda est\u00e9tica subir\u00e1 ao palco no pr\u00f3\u00adximo dia 13 de outubro de 2019, 18h30. Onde? \u00c9 na Pra\u00e7a do I\u00f4ne. Jardim Curitiba III<\/strong><\/p>\n<p>&nbsp;<\/p>\n<p><strong>Renato Dias<\/strong><\/p>\n<p>O rapper e poeta MC D Volt apresenta o seu novo espet\u00e1culo, para o circuito underground, no pr\u00f3\u00adximo dia 13 de outubro de 2019: domingo. Onde? \u00c9 na Pra\u00e7a do I\u00f4ne. O \u2018point\u2019 est\u00e1 insta\u00adlado no tra\u00addicional Jardim Curitiba III. Em Goi\u00e2nia [GO]. A cidade fundada por Pedro Funda\u00admen\u00adtal Ludovico Tei\u00adxei\u00adra. Ano de 1933. A metr\u00f3pole faz anivers\u00e1rio dia 24. \u00c9 o projeto da vanguarda est\u00e9tica \u2018Lazer e Cul\u00ad\u00adtura na Pra\u00e7a\u2019. O slogan do show \u00e9 inspirado nas ideias de Karl Marx [1818-1883] e Frie\u00addrich En\u00adgels. Fundadores do Materialismo Hist\u00f3rico e Dial\u00e9tico. Al\u00e9m da Teologia da Liber\u00adta\u00e7\u00e3o. \u201cSe s\u00e3o os trabalhadores que produzem todas as riquezas, porque e\u00adles n\u00e3o ficam com elas?\u201d, pergunta. Marcos Matheus: voz e viol\u00e3o. Os dois a partir de 18h30.<\/p>\n<p><strong>&#8211; Anote a\u00ed!<\/strong><\/p>\n<p><strong>Batalha Break<\/strong><\/p>\n<p>A programa\u00e7\u00e3o estabelece corte de cabelo, em estilos modernos, a partir de 14h. Para as crian\u00e7as. Gincana, para l\u00e1 de legal, \u00e0s 16h30. O Grupo de Teatro \u00a0Arte e Fogo estar\u00e1 no palco. Registro em preto e branco: com a pe\u00e7a infantil \u2018O Dia da Ca\u00e7a\u2019. Uma batalha de Break Dance 1X1 j\u00e1 est\u00e1 marcada, avisa, com exclusividade, o rapper MC D Volt.\u00a0 Um torcedor apaixonado pelo Maior do Centro-Oeste do Brasil, o Vila Nova Futebol Clube, nascido em 29 de julho de 1943, com dois t\u00edtulos do Brasileiro, 15 estaduais, duas Ta\u00e7as da Divis\u00e3o de Acesso, 11 vices do Estadual. Tr\u00eas vices da Copa Centro-Oeste. A organiza\u00e7\u00e3o recomenda aos pais das crian\u00e7as e aos adolescentes e adultos que levem as suas garrafinhas de \u00e1gua para espantar o calor do dia.<\/p>\n","protected":false},"excerpt":{"rendered":"<p>Revolu\u00e7\u00e3o musical MC D Volt j\u00e1 mostra\u00a0um novo espet\u00e1culo O rapper e poeta, \u00edcone do circuito underground e da vanguarda est\u00e9tica subir\u00e1 ao palco no pr\u00f3\u00adximo dia 13 de outubro de 2019, 18h30. Onde? \u00c9 na Pra\u00e7a do I\u00f4ne. Jardim Curitiba III &nbsp; Renato Dias O rapper e poeta MC D Volt apresenta o seu<\/p>\n","protected":false},"author":2,"featured_media":2645,"comment_status":"open","ping_status":"open","sticky":false,"template":"","format":"standard","meta":{"_acf_changed":false,"_monsterinsights_skip_tracking":false,"_monsterinsights_sitenote_active":false,"_monsterinsights_sitenote_note":"","_monsterinsights_sitenote_category":0,"footnotes":""},"categories":[25,2],"tags":[],"class_list":["post-2644","post","type-post","status-publish","format-standard","has-post-thumbnail","hentry","category-agenda","category-arte"],"acf":[],"yoast_head":"<!-- This site is optimized with the Yoast SEO plugin v27.4 - https:\/\/yoast.com\/product\/yoast-seo-wordpress\/ -->\n<title>MC D Volt j\u00e1 mostra\u00a0um novo espet\u00e1culo -<\/title>\n<meta name=\"robots\" content=\"index, follow, max-snippet:-1, max-image-preview:large, max-video-preview:-1\" \/>\n<link rel=\"canonical\" href=\"https:\/\/renatodias.online\/movimento\/2019\/10\/08\/mc-d-volt-ja-mostra-um-novo-espetaculo\/\" \/>\n<meta property=\"og:locale\" content=\"pt_BR\" \/>\n<meta property=\"og:type\" content=\"article\" \/>\n<meta property=\"og:title\" content=\"MC D Volt j\u00e1 mostra\u00a0um novo espet\u00e1culo -\" \/>\n<meta property=\"og:description\" content=\"Revolu\u00e7\u00e3o musical MC D Volt j\u00e1 mostra\u00a0um novo espet\u00e1culo O rapper e poeta, \u00edcone do circuito underground e da vanguarda est\u00e9tica subir\u00e1 ao palco no pr\u00f3\u00adximo dia 13 de outubro de 2019, 18h30. Onde? \u00c9 na Pra\u00e7a do I\u00f4ne. Jardim Curitiba III &nbsp; Renato Dias O rapper e poeta MC D Volt apresenta o seu\" \/>\n<meta property=\"og:url\" content=\"https:\/\/renatodias.online\/movimento\/2019\/10\/08\/mc-d-volt-ja-mostra-um-novo-espetaculo\/\" \/>\n<meta property=\"article:publisher\" content=\"https:\/\/www.facebook.com\/renato.dias.37\" \/>\n<meta property=\"article:author\" content=\"https:\/\/www.facebook.com\/renato.dias.37\" \/>\n<meta property=\"article:published_time\" content=\"2019-10-08T23:21:54+00:00\" \/>\n<meta property=\"og:image\" content=\"https:\/\/renatodias.online\/movimento\/wp-content\/uploads\/2019\/10\/IMG-20191008-WA0028-e1570576889701.jpg\" \/>\n\t<meta property=\"og:image:width\" content=\"671\" \/>\n\t<meta property=\"og:image:height\" content=\"680\" \/>\n\t<meta property=\"og:image:type\" content=\"image\/jpeg\" \/>\n<meta name=\"author\" content=\"Renato Dias\" \/>\n<meta name=\"twitter:card\" content=\"summary_large_image\" \/>\n<meta name=\"twitter:creator\" content=\"@RenatoDiasBat\" \/>\n<meta name=\"twitter:site\" content=\"@RenatoDiasBat\" \/>\n<meta name=\"twitter:label1\" content=\"Escrito por\" \/>\n\t<meta name=\"twitter:data1\" content=\"Renato Dias\" \/>\n\t<meta name=\"twitter:label2\" content=\"Est. tempo de leitura\" \/>\n\t<meta name=\"twitter:data2\" content=\"2 minutos\" \/>\n<script type=\"application\/ld+json\" class=\"yoast-schema-graph\">{\"@context\":\"https:\\\/\\\/schema.org\",\"@graph\":[{\"@type\":\"Article\",\"@id\":\"https:\\\/\\\/renatodias.online\\\/movimento\\\/2019\\\/10\\\/08\\\/mc-d-volt-ja-mostra-um-novo-espetaculo\\\/#article\",\"isPartOf\":{\"@id\":\"https:\\\/\\\/renatodias.online\\\/movimento\\\/2019\\\/10\\\/08\\\/mc-d-volt-ja-mostra-um-novo-espetaculo\\\/\"},\"author\":{\"name\":\"Renato Dias\",\"@id\":\"https:\\\/\\\/renatodias.online\\\/movimento\\\/#\\\/schema\\\/person\\\/bbab28833b1725a20f4083f49f1fb2a9\"},\"headline\":\"MC D Volt j\u00e1 mostra\u00a0um novo espet\u00e1culo\",\"datePublished\":\"2019-10-08T23:21:54+00:00\",\"mainEntityOfPage\":{\"@id\":\"https:\\\/\\\/renatodias.online\\\/movimento\\\/2019\\\/10\\\/08\\\/mc-d-volt-ja-mostra-um-novo-espetaculo\\\/\"},\"wordCount\":344,\"commentCount\":0,\"publisher\":{\"@id\":\"https:\\\/\\\/renatodias.online\\\/movimento\\\/#\\\/schema\\\/person\\\/bbab28833b1725a20f4083f49f1fb2a9\"},\"image\":{\"@id\":\"https:\\\/\\\/renatodias.online\\\/movimento\\\/2019\\\/10\\\/08\\\/mc-d-volt-ja-mostra-um-novo-espetaculo\\\/#primaryimage\"},\"thumbnailUrl\":\"https:\\\/\\\/renatodias.online\\\/movimento\\\/wp-content\\\/uploads\\\/2019\\\/10\\\/IMG-20191008-WA0028-e1570576889701.jpg\",\"articleSection\":[\"Agenda\",\"Arte\"],\"inLanguage\":\"pt-BR\",\"potentialAction\":[{\"@type\":\"CommentAction\",\"name\":\"Comment\",\"target\":[\"https:\\\/\\\/renatodias.online\\\/movimento\\\/2019\\\/10\\\/08\\\/mc-d-volt-ja-mostra-um-novo-espetaculo\\\/#respond\"]}]},{\"@type\":\"WebPage\",\"@id\":\"https:\\\/\\\/renatodias.online\\\/movimento\\\/2019\\\/10\\\/08\\\/mc-d-volt-ja-mostra-um-novo-espetaculo\\\/\",\"url\":\"https:\\\/\\\/renatodias.online\\\/movimento\\\/2019\\\/10\\\/08\\\/mc-d-volt-ja-mostra-um-novo-espetaculo\\\/\",\"name\":\"MC D Volt j\u00e1 mostra\u00a0um novo espet\u00e1culo -\",\"isPartOf\":{\"@id\":\"https:\\\/\\\/renatodias.online\\\/movimento\\\/#website\"},\"primaryImageOfPage\":{\"@id\":\"https:\\\/\\\/renatodias.online\\\/movimento\\\/2019\\\/10\\\/08\\\/mc-d-volt-ja-mostra-um-novo-espetaculo\\\/#primaryimage\"},\"image\":{\"@id\":\"https:\\\/\\\/renatodias.online\\\/movimento\\\/2019\\\/10\\\/08\\\/mc-d-volt-ja-mostra-um-novo-espetaculo\\\/#primaryimage\"},\"thumbnailUrl\":\"https:\\\/\\\/renatodias.online\\\/movimento\\\/wp-content\\\/uploads\\\/2019\\\/10\\\/IMG-20191008-WA0028-e1570576889701.jpg\",\"datePublished\":\"2019-10-08T23:21:54+00:00\",\"breadcrumb\":{\"@id\":\"https:\\\/\\\/renatodias.online\\\/movimento\\\/2019\\\/10\\\/08\\\/mc-d-volt-ja-mostra-um-novo-espetaculo\\\/#breadcrumb\"},\"inLanguage\":\"pt-BR\",\"potentialAction\":[{\"@type\":\"ReadAction\",\"target\":[\"https:\\\/\\\/renatodias.online\\\/movimento\\\/2019\\\/10\\\/08\\\/mc-d-volt-ja-mostra-um-novo-espetaculo\\\/\"]}]},{\"@type\":\"ImageObject\",\"inLanguage\":\"pt-BR\",\"@id\":\"https:\\\/\\\/renatodias.online\\\/movimento\\\/2019\\\/10\\\/08\\\/mc-d-volt-ja-mostra-um-novo-espetaculo\\\/#primaryimage\",\"url\":\"https:\\\/\\\/renatodias.online\\\/movimento\\\/wp-content\\\/uploads\\\/2019\\\/10\\\/IMG-20191008-WA0028-e1570576889701.jpg\",\"contentUrl\":\"https:\\\/\\\/renatodias.online\\\/movimento\\\/wp-content\\\/uploads\\\/2019\\\/10\\\/IMG-20191008-WA0028-e1570576889701.jpg\",\"width\":671,\"height\":680},{\"@type\":\"BreadcrumbList\",\"@id\":\"https:\\\/\\\/renatodias.online\\\/movimento\\\/2019\\\/10\\\/08\\\/mc-d-volt-ja-mostra-um-novo-espetaculo\\\/#breadcrumb\",\"itemListElement\":[{\"@type\":\"ListItem\",\"position\":1,\"name\":\"In\u00edcio\",\"item\":\"https:\\\/\\\/renatodias.online\\\/movimento\\\/\"},{\"@type\":\"ListItem\",\"position\":2,\"name\":\"MC D Volt j\u00e1 mostra\u00a0um novo espet\u00e1culo\"}]},{\"@type\":\"WebSite\",\"@id\":\"https:\\\/\\\/renatodias.online\\\/movimento\\\/#website\",\"url\":\"https:\\\/\\\/renatodias.online\\\/movimento\\\/\",\"name\":\"\",\"description\":\"\",\"publisher\":{\"@id\":\"https:\\\/\\\/renatodias.online\\\/movimento\\\/#\\\/schema\\\/person\\\/bbab28833b1725a20f4083f49f1fb2a9\"},\"potentialAction\":[{\"@type\":\"SearchAction\",\"target\":{\"@type\":\"EntryPoint\",\"urlTemplate\":\"https:\\\/\\\/renatodias.online\\\/movimento\\\/?s={search_term_string}\"},\"query-input\":{\"@type\":\"PropertyValueSpecification\",\"valueRequired\":true,\"valueName\":\"search_term_string\"}}],\"inLanguage\":\"pt-BR\"},{\"@type\":[\"Person\",\"Organization\"],\"@id\":\"https:\\\/\\\/renatodias.online\\\/movimento\\\/#\\\/schema\\\/person\\\/bbab28833b1725a20f4083f49f1fb2a9\",\"name\":\"Renato Dias\",\"image\":{\"@type\":\"ImageObject\",\"inLanguage\":\"pt-BR\",\"@id\":\"https:\\\/\\\/renatodias.online\\\/movimento\\\/wp-content\\\/uploads\\\/2023\\\/03\\\/cropped-cropped-cropped-logofinal.jpeg\",\"url\":\"https:\\\/\\\/renatodias.online\\\/movimento\\\/wp-content\\\/uploads\\\/2023\\\/03\\\/cropped-cropped-cropped-logofinal.jpeg\",\"contentUrl\":\"https:\\\/\\\/renatodias.online\\\/movimento\\\/wp-content\\\/uploads\\\/2023\\\/03\\\/cropped-cropped-cropped-logofinal.jpeg\",\"width\":1280,\"height\":219,\"caption\":\"Renato Dias\"},\"logo\":{\"@id\":\"https:\\\/\\\/renatodias.online\\\/movimento\\\/wp-content\\\/uploads\\\/2023\\\/03\\\/cropped-cropped-cropped-logofinal.jpeg\"},\"description\":\"Renato Dias, 58 anos, \u00e9 graduado em Jornalismo, formado em Ci\u00eancias Sociais, com p\u00f3s-gradua\u00e7\u00e3o em Pol\u00edticas P\u00fablicas, mestre em Direito e Rela\u00e7\u00f5es Internacionais, ex-aluno extraordin\u00e1rio do Doutorado em Psicologia Social, ex-estudante do Curso de Psican\u00e1lise do Centro de Estudos Psicanal\u00edticos do Estado de Goi\u00e1s, ministrado pelo m\u00e9dico psiquiatra e psicanalista Daniel Em\u00eddio de Souza. \u00c9 autor de 30 livros-reportagem, oito document\u00e1rios, ganhou 30 pr\u00eamios e \u00e9 torcedor apaixonado do maior do Centro-Oeste, o Vila Nova Futebol Clube. Casado com Meirilane Dias, \u00e9 pai de Juliana Dias, jornalista; Daniel Dias, economista; e Maria Rosa Dias, estudante antifascista, socialista e trotskista.\u00a0Com tr\u00eas pets: Porquinho [Bull Dog Franc\u00eas], Dalila [Basset Hound] e Geleia [Basset Hound]. Al\u00e9m do eterno gato Tutuquinho, que virou estrela.\",\"sameAs\":[\"https:\\\/\\\/www.facebook.com\\\/renato.dias.37\",\"#breve\",\"https:\\\/\\\/renatodias.tumblr.com\\\/\"],\"url\":\"https:\\\/\\\/renatodias.online\\\/movimento\\\/author\\\/renatodias\\\/\"}]}<\/script>\n<!-- \/ Yoast SEO plugin. -->","yoast_head_json":{"title":"MC D Volt j\u00e1 mostra\u00a0um novo espet\u00e1culo -","robots":{"index":"index","follow":"follow","max-snippet":"max-snippet:-1","max-image-preview":"max-image-preview:large","max-video-preview":"max-video-preview:-1"},"canonical":"https:\/\/renatodias.online\/movimento\/2019\/10\/08\/mc-d-volt-ja-mostra-um-novo-espetaculo\/","og_locale":"pt_BR","og_type":"article","og_title":"MC D Volt j\u00e1 mostra\u00a0um novo espet\u00e1culo -","og_description":"Revolu\u00e7\u00e3o musical MC D Volt j\u00e1 mostra\u00a0um novo espet\u00e1culo O rapper e poeta, \u00edcone do circuito underground e da vanguarda est\u00e9tica subir\u00e1 ao palco no pr\u00f3\u00adximo dia 13 de outubro de 2019, 18h30. Onde? \u00c9 na Pra\u00e7a do I\u00f4ne. Jardim Curitiba III &nbsp; Renato Dias O rapper e poeta MC D Volt apresenta o seu","og_url":"https:\/\/renatodias.online\/movimento\/2019\/10\/08\/mc-d-volt-ja-mostra-um-novo-espetaculo\/","article_publisher":"https:\/\/www.facebook.com\/renato.dias.37","article_author":"https:\/\/www.facebook.com\/renato.dias.37","article_published_time":"2019-10-08T23:21:54+00:00","og_image":[{"width":671,"height":680,"url":"https:\/\/renatodias.online\/movimento\/wp-content\/uploads\/2019\/10\/IMG-20191008-WA0028-e1570576889701.jpg","type":"image\/jpeg"}],"author":"Renato Dias","twitter_card":"summary_large_image","twitter_creator":"@RenatoDiasBat","twitter_site":"@RenatoDiasBat","twitter_misc":{"Escrito por":"Renato Dias","Est. tempo de leitura":"2 minutos"},"schema":{"@context":"https:\/\/schema.org","@graph":[{"@type":"Article","@id":"https:\/\/renatodias.online\/movimento\/2019\/10\/08\/mc-d-volt-ja-mostra-um-novo-espetaculo\/#article","isPartOf":{"@id":"https:\/\/renatodias.online\/movimento\/2019\/10\/08\/mc-d-volt-ja-mostra-um-novo-espetaculo\/"},"author":{"name":"Renato Dias","@id":"https:\/\/renatodias.online\/movimento\/#\/schema\/person\/bbab28833b1725a20f4083f49f1fb2a9"},"headline":"MC D Volt j\u00e1 mostra\u00a0um novo espet\u00e1culo","datePublished":"2019-10-08T23:21:54+00:00","mainEntityOfPage":{"@id":"https:\/\/renatodias.online\/movimento\/2019\/10\/08\/mc-d-volt-ja-mostra-um-novo-espetaculo\/"},"wordCount":344,"commentCount":0,"publisher":{"@id":"https:\/\/renatodias.online\/movimento\/#\/schema\/person\/bbab28833b1725a20f4083f49f1fb2a9"},"image":{"@id":"https:\/\/renatodias.online\/movimento\/2019\/10\/08\/mc-d-volt-ja-mostra-um-novo-espetaculo\/#primaryimage"},"thumbnailUrl":"https:\/\/renatodias.online\/movimento\/wp-content\/uploads\/2019\/10\/IMG-20191008-WA0028-e1570576889701.jpg","articleSection":["Agenda","Arte"],"inLanguage":"pt-BR","potentialAction":[{"@type":"CommentAction","name":"Comment","target":["https:\/\/renatodias.online\/movimento\/2019\/10\/08\/mc-d-volt-ja-mostra-um-novo-espetaculo\/#respond"]}]},{"@type":"WebPage","@id":"https:\/\/renatodias.online\/movimento\/2019\/10\/08\/mc-d-volt-ja-mostra-um-novo-espetaculo\/","url":"https:\/\/renatodias.online\/movimento\/2019\/10\/08\/mc-d-volt-ja-mostra-um-novo-espetaculo\/","name":"MC D Volt j\u00e1 mostra\u00a0um novo espet\u00e1culo -","isPartOf":{"@id":"https:\/\/renatodias.online\/movimento\/#website"},"primaryImageOfPage":{"@id":"https:\/\/renatodias.online\/movimento\/2019\/10\/08\/mc-d-volt-ja-mostra-um-novo-espetaculo\/#primaryimage"},"image":{"@id":"https:\/\/renatodias.online\/movimento\/2019\/10\/08\/mc-d-volt-ja-mostra-um-novo-espetaculo\/#primaryimage"},"thumbnailUrl":"https:\/\/renatodias.online\/movimento\/wp-content\/uploads\/2019\/10\/IMG-20191008-WA0028-e1570576889701.jpg","datePublished":"2019-10-08T23:21:54+00:00","breadcrumb":{"@id":"https:\/\/renatodias.online\/movimento\/2019\/10\/08\/mc-d-volt-ja-mostra-um-novo-espetaculo\/#breadcrumb"},"inLanguage":"pt-BR","potentialAction":[{"@type":"ReadAction","target":["https:\/\/renatodias.online\/movimento\/2019\/10\/08\/mc-d-volt-ja-mostra-um-novo-espetaculo\/"]}]},{"@type":"ImageObject","inLanguage":"pt-BR","@id":"https:\/\/renatodias.online\/movimento\/2019\/10\/08\/mc-d-volt-ja-mostra-um-novo-espetaculo\/#primaryimage","url":"https:\/\/renatodias.online\/movimento\/wp-content\/uploads\/2019\/10\/IMG-20191008-WA0028-e1570576889701.jpg","contentUrl":"https:\/\/renatodias.online\/movimento\/wp-content\/uploads\/2019\/10\/IMG-20191008-WA0028-e1570576889701.jpg","width":671,"height":680},{"@type":"BreadcrumbList","@id":"https:\/\/renatodias.online\/movimento\/2019\/10\/08\/mc-d-volt-ja-mostra-um-novo-espetaculo\/#breadcrumb","itemListElement":[{"@type":"ListItem","position":1,"name":"In\u00edcio","item":"https:\/\/renatodias.online\/movimento\/"},{"@type":"ListItem","position":2,"name":"MC D Volt j\u00e1 mostra\u00a0um novo espet\u00e1culo"}]},{"@type":"WebSite","@id":"https:\/\/renatodias.online\/movimento\/#website","url":"https:\/\/renatodias.online\/movimento\/","name":"","description":"","publisher":{"@id":"https:\/\/renatodias.online\/movimento\/#\/schema\/person\/bbab28833b1725a20f4083f49f1fb2a9"},"potentialAction":[{"@type":"SearchAction","target":{"@type":"EntryPoint","urlTemplate":"https:\/\/renatodias.online\/movimento\/?s={search_term_string}"},"query-input":{"@type":"PropertyValueSpecification","valueRequired":true,"valueName":"search_term_string"}}],"inLanguage":"pt-BR"},{"@type":["Person","Organization"],"@id":"https:\/\/renatodias.online\/movimento\/#\/schema\/person\/bbab28833b1725a20f4083f49f1fb2a9","name":"Renato Dias","image":{"@type":"ImageObject","inLanguage":"pt-BR","@id":"https:\/\/renatodias.online\/movimento\/wp-content\/uploads\/2023\/03\/cropped-cropped-cropped-logofinal.jpeg","url":"https:\/\/renatodias.online\/movimento\/wp-content\/uploads\/2023\/03\/cropped-cropped-cropped-logofinal.jpeg","contentUrl":"https:\/\/renatodias.online\/movimento\/wp-content\/uploads\/2023\/03\/cropped-cropped-cropped-logofinal.jpeg","width":1280,"height":219,"caption":"Renato Dias"},"logo":{"@id":"https:\/\/renatodias.online\/movimento\/wp-content\/uploads\/2023\/03\/cropped-cropped-cropped-logofinal.jpeg"},"description":"Renato Dias, 58 anos, \u00e9 graduado em Jornalismo, formado em Ci\u00eancias Sociais, com p\u00f3s-gradua\u00e7\u00e3o em Pol\u00edticas P\u00fablicas, mestre em Direito e Rela\u00e7\u00f5es Internacionais, ex-aluno extraordin\u00e1rio do Doutorado em Psicologia Social, ex-estudante do Curso de Psican\u00e1lise do Centro de Estudos Psicanal\u00edticos do Estado de Goi\u00e1s, ministrado pelo m\u00e9dico psiquiatra e psicanalista Daniel Em\u00eddio de Souza. \u00c9 autor de 30 livros-reportagem, oito document\u00e1rios, ganhou 30 pr\u00eamios e \u00e9 torcedor apaixonado do maior do Centro-Oeste, o Vila Nova Futebol Clube. Casado com Meirilane Dias, \u00e9 pai de Juliana Dias, jornalista; Daniel Dias, economista; e Maria Rosa Dias, estudante antifascista, socialista e trotskista.\u00a0Com tr\u00eas pets: Porquinho [Bull Dog Franc\u00eas], Dalila [Basset Hound] e Geleia [Basset Hound]. Al\u00e9m do eterno gato Tutuquinho, que virou estrela.","sameAs":["https:\/\/www.facebook.com\/renato.dias.37","#breve","https:\/\/renatodias.tumblr.com\/"],"url":"https:\/\/renatodias.online\/movimento\/author\/renatodias\/"}]}},"_links":{"self":[{"href":"https:\/\/renatodias.online\/movimento\/wp-json\/wp\/v2\/posts\/2644","targetHints":{"allow":["GET"]}}],"collection":[{"href":"https:\/\/renatodias.online\/movimento\/wp-json\/wp\/v2\/posts"}],"about":[{"href":"https:\/\/renatodias.online\/movimento\/wp-json\/wp\/v2\/types\/post"}],"author":[{"embeddable":true,"href":"https:\/\/renatodias.online\/movimento\/wp-json\/wp\/v2\/users\/2"}],"replies":[{"embeddable":true,"href":"https:\/\/renatodias.online\/movimento\/wp-json\/wp\/v2\/comments?post=2644"}],"version-history":[{"count":1,"href":"https:\/\/renatodias.online\/movimento\/wp-json\/wp\/v2\/posts\/2644\/revisions"}],"predecessor-version":[{"id":2646,"href":"https:\/\/renatodias.online\/movimento\/wp-json\/wp\/v2\/posts\/2644\/revisions\/2646"}],"wp:featuredmedia":[{"embeddable":true,"href":"https:\/\/renatodias.online\/movimento\/wp-json\/wp\/v2\/media\/2645"}],"wp:attachment":[{"href":"https:\/\/renatodias.online\/movimento\/wp-json\/wp\/v2\/media?parent=2644"}],"wp:term":[{"taxonomy":"category","embeddable":true,"href":"https:\/\/renatodias.online\/movimento\/wp-json\/wp\/v2\/categories?post=2644"},{"taxonomy":"post_tag","embeddable":true,"href":"https:\/\/renatodias.online\/movimento\/wp-json\/wp\/v2\/tags?post=2644"}],"curies":[{"name":"wp","href":"https:\/\/api.w.org\/{rel}","templated":true}]}}