{"id":2587,"date":"2019-10-02T21:17:05","date_gmt":"2019-10-03T00:17:05","guid":{"rendered":"https:\/\/renatodias.online\/movimento\/?p=2587"},"modified":"2019-10-02T21:28:43","modified_gmt":"2019-10-03T00:28:43","slug":"show-dancante-rei-da-mpb-samba-forro","status":"publish","type":"post","link":"https:\/\/renatodias.online\/movimento\/2019\/10\/02\/show-dancante-rei-da-mpb-samba-forro\/","title":{"rendered":"Show dan\u00e7ante  Rei da MPB, samba \u00a0&#038; Forr\u00f3"},"content":{"rendered":"<p><span style=\"color: #ff0000;\"><strong>Show dan\u00e7ante<\/strong><\/span><\/p>\n<h1><strong>Rei da MPB, samba \u00a0&amp; Forr\u00f3<\/strong><\/h1>\n<p><strong>O int\u00e9rprete musical do Brasil Xex\u00e9u anuncia para s\u00e1bado, dia 5 de outubro de 2019, \u00e0s 13h30, no Aquarius Restaurante, Marista, uma nova edi\u00e7\u00e3o do velho Encontro de Bambas<\/strong><\/p>\n<p><iframe loading=\"lazy\" title=\"Desiguais - Xex\u00e9u. Carreira SOLO.\" width=\"960\" height=\"720\" src=\"https:\/\/www.youtube.com\/embed\/Uaei38y36Sc?feature=oembed\" frameborder=\"0\" allow=\"accelerometer; autoplay; clipboard-write; encrypted-media; gyroscope; picture-in-picture; web-share\" referrerpolicy=\"strict-origin-when-cross-origin\" allowfullscreen><\/iframe><\/p>\n<p><strong>Renato Dias<\/strong><\/p>\n<p>O rei da MPB, do samba e do forr\u00f3 nas Terras Goyazes, Xex\u00e9u, anuncia para s\u00e1bado, dia 5 de outubro de 2019, \u00e0s 13h30, no Aquarius Restaurante, Marista, uma nova edi\u00e7\u00e3o do Encontro de Bambas. Ao lado do \u00edcone dos g\u00eaneros musicais Jo\u00e3o Garoto e da bela, cult &amp; doce Grace Carvalho. Um encontro do \u2018balacobaco\u2019. O couvert art\u00edstico \u00e9 simb\u00f3lico. Somente: R$ 15,00.<\/p>\n<figure id=\"attachment_2589\" aria-describedby=\"caption-attachment-2589\" style=\"width: 800px\" class=\"wp-caption alignnone\"><img loading=\"lazy\" decoding=\"async\" class=\"wp-image-2589 size-full\" src=\"https:\/\/renatodias.online\/movimento\/wp-content\/uploads\/2019\/10\/Jo\u00e3o-Garoto-cantor-goiano.jpg\" alt=\"\" width=\"800\" height=\"511\" \/><figcaption id=\"caption-attachment-2589\" class=\"wp-caption-text\">Jo\u00e3o Garoto<\/figcaption><\/figure>\n<p><strong>&#8211; O Aquarius Restaurante Marista est\u00e1 instalado \u00e0 Rua 1.134, N\u00famero 135, Marista, Goi\u00e2nia.<\/strong><\/p>\n<p>&nbsp;<\/p>\n<p><strong>Participa\u00e7\u00e3o especial<\/strong><\/p>\n<p>O espet\u00e1culo contar\u00e1 tamb\u00e9m com a participa\u00e7\u00e3o especial de Maximira, no Cavaco e ainda Percuss\u00e3o. Al\u00e9m de Andr\u00e9 da Velha, com seu inigual\u00e1vel Trombone de Vara. Assim como com o aux\u00edlio do pandeiro de Diego Amaral. N\u00e3o custa lembrar: Xex\u00e9u \u00e9 fundador h\u00e1 exatos 39 anos do grupo mais antigo em atividade musical no cen\u00e1rio do Estado de Goi\u00e1s: o N\u00f3ys \u00e9 N\u00f3ys.<\/p>\n<figure id=\"attachment_2588\" aria-describedby=\"caption-attachment-2588\" style=\"width: 795px\" class=\"wp-caption alignnone\"><img loading=\"lazy\" decoding=\"async\" class=\"wp-image-2588 size-full\" src=\"https:\/\/renatodias.online\/movimento\/wp-content\/uploads\/2019\/10\/Grace-Carvalho.png\" alt=\"\" width=\"795\" height=\"657\" srcset=\"https:\/\/renatodias.online\/movimento\/wp-content\/uploads\/2019\/10\/Grace-Carvalho.png 795w, https:\/\/renatodias.online\/movimento\/wp-content\/uploads\/2019\/10\/Grace-Carvalho-300x248.png 300w, https:\/\/renatodias.online\/movimento\/wp-content\/uploads\/2019\/10\/Grace-Carvalho-768x635.png 768w, https:\/\/renatodias.online\/movimento\/wp-content\/uploads\/2019\/10\/Grace-Carvalho-750x620.png 750w\" sizes=\"auto, (max-width: 795px) 100vw, 795px\" \/><figcaption id=\"caption-attachment-2588\" class=\"wp-caption-text\">Grace Carvalho<\/figcaption><\/figure>\n<p><strong>Servi\u00e7o<\/strong><\/p>\n<p><strong>Show:<\/strong> Encontro de Bambas<\/p>\n<p><strong>G\u00eaneros musicais: <\/strong>cl\u00e1ssicos da MPB, samba e forr\u00f3<\/p>\n<p><strong>Data e hor\u00e1rio:<\/strong> S\u00e1bado, 5 de outubro de 2019, 13h30<\/p>\n<p><strong>Atra\u00e7\u00f5es:<\/strong> Xex\u00e9u, Jo\u00e3o Garoto &amp; Grace Carvalho<\/p>\n<p><strong>Local:<\/strong> Aquarius Restaurante Marista<\/p>\n<p><strong>Endere\u00e7o:<\/strong> Rua 1.134, N\u00famero 135<\/p>\n<p><strong>Informa\u00e7\u00f5es:<\/strong> [62] 3070-9030<\/p>\n<p><strong>Couvert art\u00edstico:<\/strong> R$ 15,00<\/p>\n","protected":false},"excerpt":{"rendered":"<p>Show dan\u00e7ante Rei da MPB, samba \u00a0&amp; Forr\u00f3 O int\u00e9rprete musical do Brasil Xex\u00e9u anuncia para s\u00e1bado, dia 5 de outubro de 2019, \u00e0s 13h30, no Aquarius Restaurante, Marista, uma nova edi\u00e7\u00e3o do velho Encontro de Bambas Renato Dias O rei da MPB, do samba e do forr\u00f3 nas Terras Goyazes, Xex\u00e9u, anuncia para s\u00e1bado,<\/p>\n","protected":false},"author":2,"featured_media":2590,"comment_status":"open","ping_status":"open","sticky":false,"template":"","format":"video","meta":{"_acf_changed":false,"_monsterinsights_skip_tracking":false,"_monsterinsights_sitenote_active":false,"_monsterinsights_sitenote_note":"","_monsterinsights_sitenote_category":0,"footnotes":""},"categories":[25,2],"tags":[],"class_list":["post-2587","post","type-post","status-publish","format-video","has-post-thumbnail","hentry","category-agenda","category-arte","post_format-post-format-video"],"acf":[],"yoast_head":"<!-- This site is optimized with the Yoast SEO plugin v27.4 - https:\/\/yoast.com\/product\/yoast-seo-wordpress\/ -->\n<title>Show dan\u00e7ante Rei da MPB, samba \u00a0&amp; Forr\u00f3 -<\/title>\n<meta name=\"robots\" content=\"index, follow, max-snippet:-1, max-image-preview:large, max-video-preview:-1\" \/>\n<link rel=\"canonical\" href=\"https:\/\/renatodias.online\/movimento\/2019\/10\/02\/show-dancante-rei-da-mpb-samba-forro\/\" \/>\n<meta property=\"og:locale\" content=\"pt_BR\" \/>\n<meta property=\"og:type\" content=\"article\" \/>\n<meta property=\"og:title\" content=\"Show dan\u00e7ante Rei da MPB, samba \u00a0&amp; Forr\u00f3 -\" \/>\n<meta property=\"og:description\" content=\"Show dan\u00e7ante Rei da MPB, samba \u00a0&amp; Forr\u00f3 O int\u00e9rprete musical do Brasil Xex\u00e9u anuncia para s\u00e1bado, dia 5 de outubro de 2019, \u00e0s 13h30, no Aquarius Restaurante, Marista, uma nova edi\u00e7\u00e3o do velho Encontro de Bambas Renato Dias O rei da MPB, do samba e do forr\u00f3 nas Terras Goyazes, Xex\u00e9u, anuncia para s\u00e1bado,\" \/>\n<meta property=\"og:url\" content=\"https:\/\/renatodias.online\/movimento\/2019\/10\/02\/show-dancante-rei-da-mpb-samba-forro\/\" \/>\n<meta property=\"article:publisher\" content=\"https:\/\/www.facebook.com\/renato.dias.37\" \/>\n<meta property=\"article:author\" content=\"https:\/\/www.facebook.com\/renato.dias.37\" \/>\n<meta property=\"article:published_time\" content=\"2019-10-03T00:17:05+00:00\" \/>\n<meta property=\"article:modified_time\" content=\"2019-10-03T00:28:43+00:00\" \/>\n<meta property=\"og:image\" content=\"https:\/\/renatodias.online\/movimento\/wp-content\/uploads\/2019\/10\/Xex\u00e9u.jpg\" \/>\n\t<meta property=\"og:image:width\" content=\"800\" \/>\n\t<meta property=\"og:image:height\" content=\"825\" \/>\n\t<meta property=\"og:image:type\" content=\"image\/jpeg\" \/>\n<meta name=\"author\" content=\"Renato Dias\" \/>\n<meta name=\"twitter:card\" content=\"summary_large_image\" \/>\n<meta name=\"twitter:creator\" content=\"@RenatoDiasBat\" \/>\n<meta name=\"twitter:site\" content=\"@RenatoDiasBat\" \/>\n<meta name=\"twitter:label1\" content=\"Escrito por\" \/>\n\t<meta name=\"twitter:data1\" content=\"Renato Dias\" \/>\n\t<meta name=\"twitter:label2\" content=\"Est. tempo de leitura\" \/>\n\t<meta name=\"twitter:data2\" content=\"1 minuto\" \/>\n<script type=\"application\/ld+json\" class=\"yoast-schema-graph\">{\"@context\":\"https:\\\/\\\/schema.org\",\"@graph\":[{\"@type\":\"Article\",\"@id\":\"https:\\\/\\\/renatodias.online\\\/movimento\\\/2019\\\/10\\\/02\\\/show-dancante-rei-da-mpb-samba-forro\\\/#article\",\"isPartOf\":{\"@id\":\"https:\\\/\\\/renatodias.online\\\/movimento\\\/2019\\\/10\\\/02\\\/show-dancante-rei-da-mpb-samba-forro\\\/\"},\"author\":{\"name\":\"Renato Dias\",\"@id\":\"https:\\\/\\\/renatodias.online\\\/movimento\\\/#\\\/schema\\\/person\\\/bbab28833b1725a20f4083f49f1fb2a9\"},\"headline\":\"Show dan\u00e7ante Rei da MPB, samba \u00a0&#038; Forr\u00f3\",\"datePublished\":\"2019-10-03T00:17:05+00:00\",\"dateModified\":\"2019-10-03T00:28:43+00:00\",\"mainEntityOfPage\":{\"@id\":\"https:\\\/\\\/renatodias.online\\\/movimento\\\/2019\\\/10\\\/02\\\/show-dancante-rei-da-mpb-samba-forro\\\/\"},\"wordCount\":284,\"commentCount\":0,\"publisher\":{\"@id\":\"https:\\\/\\\/renatodias.online\\\/movimento\\\/#\\\/schema\\\/person\\\/bbab28833b1725a20f4083f49f1fb2a9\"},\"image\":{\"@id\":\"https:\\\/\\\/renatodias.online\\\/movimento\\\/2019\\\/10\\\/02\\\/show-dancante-rei-da-mpb-samba-forro\\\/#primaryimage\"},\"thumbnailUrl\":\"https:\\\/\\\/renatodias.online\\\/movimento\\\/wp-content\\\/uploads\\\/2019\\\/10\\\/Xex\u00e9u.jpg\",\"articleSection\":[\"Agenda\",\"Arte\"],\"inLanguage\":\"pt-BR\",\"potentialAction\":[{\"@type\":\"CommentAction\",\"name\":\"Comment\",\"target\":[\"https:\\\/\\\/renatodias.online\\\/movimento\\\/2019\\\/10\\\/02\\\/show-dancante-rei-da-mpb-samba-forro\\\/#respond\"]}]},{\"@type\":\"WebPage\",\"@id\":\"https:\\\/\\\/renatodias.online\\\/movimento\\\/2019\\\/10\\\/02\\\/show-dancante-rei-da-mpb-samba-forro\\\/\",\"url\":\"https:\\\/\\\/renatodias.online\\\/movimento\\\/2019\\\/10\\\/02\\\/show-dancante-rei-da-mpb-samba-forro\\\/\",\"name\":\"Show dan\u00e7ante Rei da MPB, samba \u00a0& Forr\u00f3 -\",\"isPartOf\":{\"@id\":\"https:\\\/\\\/renatodias.online\\\/movimento\\\/#website\"},\"primaryImageOfPage\":{\"@id\":\"https:\\\/\\\/renatodias.online\\\/movimento\\\/2019\\\/10\\\/02\\\/show-dancante-rei-da-mpb-samba-forro\\\/#primaryimage\"},\"image\":{\"@id\":\"https:\\\/\\\/renatodias.online\\\/movimento\\\/2019\\\/10\\\/02\\\/show-dancante-rei-da-mpb-samba-forro\\\/#primaryimage\"},\"thumbnailUrl\":\"https:\\\/\\\/renatodias.online\\\/movimento\\\/wp-content\\\/uploads\\\/2019\\\/10\\\/Xex\u00e9u.jpg\",\"datePublished\":\"2019-10-03T00:17:05+00:00\",\"dateModified\":\"2019-10-03T00:28:43+00:00\",\"breadcrumb\":{\"@id\":\"https:\\\/\\\/renatodias.online\\\/movimento\\\/2019\\\/10\\\/02\\\/show-dancante-rei-da-mpb-samba-forro\\\/#breadcrumb\"},\"inLanguage\":\"pt-BR\",\"potentialAction\":[{\"@type\":\"ReadAction\",\"target\":[\"https:\\\/\\\/renatodias.online\\\/movimento\\\/2019\\\/10\\\/02\\\/show-dancante-rei-da-mpb-samba-forro\\\/\"]}]},{\"@type\":\"ImageObject\",\"inLanguage\":\"pt-BR\",\"@id\":\"https:\\\/\\\/renatodias.online\\\/movimento\\\/2019\\\/10\\\/02\\\/show-dancante-rei-da-mpb-samba-forro\\\/#primaryimage\",\"url\":\"https:\\\/\\\/renatodias.online\\\/movimento\\\/wp-content\\\/uploads\\\/2019\\\/10\\\/Xex\u00e9u.jpg\",\"contentUrl\":\"https:\\\/\\\/renatodias.online\\\/movimento\\\/wp-content\\\/uploads\\\/2019\\\/10\\\/Xex\u00e9u.jpg\",\"width\":800,\"height\":825,\"caption\":\"Xex\u00e9u\"},{\"@type\":\"BreadcrumbList\",\"@id\":\"https:\\\/\\\/renatodias.online\\\/movimento\\\/2019\\\/10\\\/02\\\/show-dancante-rei-da-mpb-samba-forro\\\/#breadcrumb\",\"itemListElement\":[{\"@type\":\"ListItem\",\"position\":1,\"name\":\"In\u00edcio\",\"item\":\"https:\\\/\\\/renatodias.online\\\/movimento\\\/\"},{\"@type\":\"ListItem\",\"position\":2,\"name\":\"Show dan\u00e7ante Rei da MPB, samba \u00a0&#038; Forr\u00f3\"}]},{\"@type\":\"WebSite\",\"@id\":\"https:\\\/\\\/renatodias.online\\\/movimento\\\/#website\",\"url\":\"https:\\\/\\\/renatodias.online\\\/movimento\\\/\",\"name\":\"\",\"description\":\"\",\"publisher\":{\"@id\":\"https:\\\/\\\/renatodias.online\\\/movimento\\\/#\\\/schema\\\/person\\\/bbab28833b1725a20f4083f49f1fb2a9\"},\"potentialAction\":[{\"@type\":\"SearchAction\",\"target\":{\"@type\":\"EntryPoint\",\"urlTemplate\":\"https:\\\/\\\/renatodias.online\\\/movimento\\\/?s={search_term_string}\"},\"query-input\":{\"@type\":\"PropertyValueSpecification\",\"valueRequired\":true,\"valueName\":\"search_term_string\"}}],\"inLanguage\":\"pt-BR\"},{\"@type\":[\"Person\",\"Organization\"],\"@id\":\"https:\\\/\\\/renatodias.online\\\/movimento\\\/#\\\/schema\\\/person\\\/bbab28833b1725a20f4083f49f1fb2a9\",\"name\":\"Renato Dias\",\"image\":{\"@type\":\"ImageObject\",\"inLanguage\":\"pt-BR\",\"@id\":\"https:\\\/\\\/renatodias.online\\\/movimento\\\/wp-content\\\/uploads\\\/2023\\\/03\\\/cropped-cropped-cropped-logofinal.jpeg\",\"url\":\"https:\\\/\\\/renatodias.online\\\/movimento\\\/wp-content\\\/uploads\\\/2023\\\/03\\\/cropped-cropped-cropped-logofinal.jpeg\",\"contentUrl\":\"https:\\\/\\\/renatodias.online\\\/movimento\\\/wp-content\\\/uploads\\\/2023\\\/03\\\/cropped-cropped-cropped-logofinal.jpeg\",\"width\":1280,\"height\":219,\"caption\":\"Renato Dias\"},\"logo\":{\"@id\":\"https:\\\/\\\/renatodias.online\\\/movimento\\\/wp-content\\\/uploads\\\/2023\\\/03\\\/cropped-cropped-cropped-logofinal.jpeg\"},\"description\":\"Renato Dias, 58 anos, \u00e9 graduado em Jornalismo, formado em Ci\u00eancias Sociais, com p\u00f3s-gradua\u00e7\u00e3o em Pol\u00edticas P\u00fablicas, mestre em Direito e Rela\u00e7\u00f5es Internacionais, ex-aluno extraordin\u00e1rio do Doutorado em Psicologia Social, ex-estudante do Curso de Psican\u00e1lise do Centro de Estudos Psicanal\u00edticos do Estado de Goi\u00e1s, ministrado pelo m\u00e9dico psiquiatra e psicanalista Daniel Em\u00eddio de Souza. \u00c9 autor de 30 livros-reportagem, oito document\u00e1rios, ganhou 30 pr\u00eamios e \u00e9 torcedor apaixonado do maior do Centro-Oeste, o Vila Nova Futebol Clube. Casado com Meirilane Dias, \u00e9 pai de Juliana Dias, jornalista; Daniel Dias, economista; e Maria Rosa Dias, estudante antifascista, socialista e trotskista.\u00a0Com tr\u00eas pets: Porquinho [Bull Dog Franc\u00eas], Dalila [Basset Hound] e Geleia [Basset Hound]. Al\u00e9m do eterno gato Tutuquinho, que virou estrela.\",\"sameAs\":[\"https:\\\/\\\/www.facebook.com\\\/renato.dias.37\",\"#breve\",\"https:\\\/\\\/renatodias.tumblr.com\\\/\"],\"url\":\"https:\\\/\\\/renatodias.online\\\/movimento\\\/author\\\/renatodias\\\/\"}]}<\/script>\n<!-- \/ Yoast SEO plugin. -->","yoast_head_json":{"title":"Show dan\u00e7ante Rei da MPB, samba \u00a0& Forr\u00f3 -","robots":{"index":"index","follow":"follow","max-snippet":"max-snippet:-1","max-image-preview":"max-image-preview:large","max-video-preview":"max-video-preview:-1"},"canonical":"https:\/\/renatodias.online\/movimento\/2019\/10\/02\/show-dancante-rei-da-mpb-samba-forro\/","og_locale":"pt_BR","og_type":"article","og_title":"Show dan\u00e7ante Rei da MPB, samba \u00a0& Forr\u00f3 -","og_description":"Show dan\u00e7ante Rei da MPB, samba \u00a0&amp; Forr\u00f3 O int\u00e9rprete musical do Brasil Xex\u00e9u anuncia para s\u00e1bado, dia 5 de outubro de 2019, \u00e0s 13h30, no Aquarius Restaurante, Marista, uma nova edi\u00e7\u00e3o do velho Encontro de Bambas Renato Dias O rei da MPB, do samba e do forr\u00f3 nas Terras Goyazes, Xex\u00e9u, anuncia para s\u00e1bado,","og_url":"https:\/\/renatodias.online\/movimento\/2019\/10\/02\/show-dancante-rei-da-mpb-samba-forro\/","article_publisher":"https:\/\/www.facebook.com\/renato.dias.37","article_author":"https:\/\/www.facebook.com\/renato.dias.37","article_published_time":"2019-10-03T00:17:05+00:00","article_modified_time":"2019-10-03T00:28:43+00:00","og_image":[{"width":800,"height":825,"url":"https:\/\/renatodias.online\/movimento\/wp-content\/uploads\/2019\/10\/Xex\u00e9u.jpg","type":"image\/jpeg"}],"author":"Renato Dias","twitter_card":"summary_large_image","twitter_creator":"@RenatoDiasBat","twitter_site":"@RenatoDiasBat","twitter_misc":{"Escrito por":"Renato Dias","Est. tempo de leitura":"1 minuto"},"schema":{"@context":"https:\/\/schema.org","@graph":[{"@type":"Article","@id":"https:\/\/renatodias.online\/movimento\/2019\/10\/02\/show-dancante-rei-da-mpb-samba-forro\/#article","isPartOf":{"@id":"https:\/\/renatodias.online\/movimento\/2019\/10\/02\/show-dancante-rei-da-mpb-samba-forro\/"},"author":{"name":"Renato Dias","@id":"https:\/\/renatodias.online\/movimento\/#\/schema\/person\/bbab28833b1725a20f4083f49f1fb2a9"},"headline":"Show dan\u00e7ante Rei da MPB, samba \u00a0&#038; Forr\u00f3","datePublished":"2019-10-03T00:17:05+00:00","dateModified":"2019-10-03T00:28:43+00:00","mainEntityOfPage":{"@id":"https:\/\/renatodias.online\/movimento\/2019\/10\/02\/show-dancante-rei-da-mpb-samba-forro\/"},"wordCount":284,"commentCount":0,"publisher":{"@id":"https:\/\/renatodias.online\/movimento\/#\/schema\/person\/bbab28833b1725a20f4083f49f1fb2a9"},"image":{"@id":"https:\/\/renatodias.online\/movimento\/2019\/10\/02\/show-dancante-rei-da-mpb-samba-forro\/#primaryimage"},"thumbnailUrl":"https:\/\/renatodias.online\/movimento\/wp-content\/uploads\/2019\/10\/Xex\u00e9u.jpg","articleSection":["Agenda","Arte"],"inLanguage":"pt-BR","potentialAction":[{"@type":"CommentAction","name":"Comment","target":["https:\/\/renatodias.online\/movimento\/2019\/10\/02\/show-dancante-rei-da-mpb-samba-forro\/#respond"]}]},{"@type":"WebPage","@id":"https:\/\/renatodias.online\/movimento\/2019\/10\/02\/show-dancante-rei-da-mpb-samba-forro\/","url":"https:\/\/renatodias.online\/movimento\/2019\/10\/02\/show-dancante-rei-da-mpb-samba-forro\/","name":"Show dan\u00e7ante Rei da MPB, samba \u00a0& Forr\u00f3 -","isPartOf":{"@id":"https:\/\/renatodias.online\/movimento\/#website"},"primaryImageOfPage":{"@id":"https:\/\/renatodias.online\/movimento\/2019\/10\/02\/show-dancante-rei-da-mpb-samba-forro\/#primaryimage"},"image":{"@id":"https:\/\/renatodias.online\/movimento\/2019\/10\/02\/show-dancante-rei-da-mpb-samba-forro\/#primaryimage"},"thumbnailUrl":"https:\/\/renatodias.online\/movimento\/wp-content\/uploads\/2019\/10\/Xex\u00e9u.jpg","datePublished":"2019-10-03T00:17:05+00:00","dateModified":"2019-10-03T00:28:43+00:00","breadcrumb":{"@id":"https:\/\/renatodias.online\/movimento\/2019\/10\/02\/show-dancante-rei-da-mpb-samba-forro\/#breadcrumb"},"inLanguage":"pt-BR","potentialAction":[{"@type":"ReadAction","target":["https:\/\/renatodias.online\/movimento\/2019\/10\/02\/show-dancante-rei-da-mpb-samba-forro\/"]}]},{"@type":"ImageObject","inLanguage":"pt-BR","@id":"https:\/\/renatodias.online\/movimento\/2019\/10\/02\/show-dancante-rei-da-mpb-samba-forro\/#primaryimage","url":"https:\/\/renatodias.online\/movimento\/wp-content\/uploads\/2019\/10\/Xex\u00e9u.jpg","contentUrl":"https:\/\/renatodias.online\/movimento\/wp-content\/uploads\/2019\/10\/Xex\u00e9u.jpg","width":800,"height":825,"caption":"Xex\u00e9u"},{"@type":"BreadcrumbList","@id":"https:\/\/renatodias.online\/movimento\/2019\/10\/02\/show-dancante-rei-da-mpb-samba-forro\/#breadcrumb","itemListElement":[{"@type":"ListItem","position":1,"name":"In\u00edcio","item":"https:\/\/renatodias.online\/movimento\/"},{"@type":"ListItem","position":2,"name":"Show dan\u00e7ante Rei da MPB, samba \u00a0&#038; Forr\u00f3"}]},{"@type":"WebSite","@id":"https:\/\/renatodias.online\/movimento\/#website","url":"https:\/\/renatodias.online\/movimento\/","name":"","description":"","publisher":{"@id":"https:\/\/renatodias.online\/movimento\/#\/schema\/person\/bbab28833b1725a20f4083f49f1fb2a9"},"potentialAction":[{"@type":"SearchAction","target":{"@type":"EntryPoint","urlTemplate":"https:\/\/renatodias.online\/movimento\/?s={search_term_string}"},"query-input":{"@type":"PropertyValueSpecification","valueRequired":true,"valueName":"search_term_string"}}],"inLanguage":"pt-BR"},{"@type":["Person","Organization"],"@id":"https:\/\/renatodias.online\/movimento\/#\/schema\/person\/bbab28833b1725a20f4083f49f1fb2a9","name":"Renato Dias","image":{"@type":"ImageObject","inLanguage":"pt-BR","@id":"https:\/\/renatodias.online\/movimento\/wp-content\/uploads\/2023\/03\/cropped-cropped-cropped-logofinal.jpeg","url":"https:\/\/renatodias.online\/movimento\/wp-content\/uploads\/2023\/03\/cropped-cropped-cropped-logofinal.jpeg","contentUrl":"https:\/\/renatodias.online\/movimento\/wp-content\/uploads\/2023\/03\/cropped-cropped-cropped-logofinal.jpeg","width":1280,"height":219,"caption":"Renato Dias"},"logo":{"@id":"https:\/\/renatodias.online\/movimento\/wp-content\/uploads\/2023\/03\/cropped-cropped-cropped-logofinal.jpeg"},"description":"Renato Dias, 58 anos, \u00e9 graduado em Jornalismo, formado em Ci\u00eancias Sociais, com p\u00f3s-gradua\u00e7\u00e3o em Pol\u00edticas P\u00fablicas, mestre em Direito e Rela\u00e7\u00f5es Internacionais, ex-aluno extraordin\u00e1rio do Doutorado em Psicologia Social, ex-estudante do Curso de Psican\u00e1lise do Centro de Estudos Psicanal\u00edticos do Estado de Goi\u00e1s, ministrado pelo m\u00e9dico psiquiatra e psicanalista Daniel Em\u00eddio de Souza. \u00c9 autor de 30 livros-reportagem, oito document\u00e1rios, ganhou 30 pr\u00eamios e \u00e9 torcedor apaixonado do maior do Centro-Oeste, o Vila Nova Futebol Clube. Casado com Meirilane Dias, \u00e9 pai de Juliana Dias, jornalista; Daniel Dias, economista; e Maria Rosa Dias, estudante antifascista, socialista e trotskista.\u00a0Com tr\u00eas pets: Porquinho [Bull Dog Franc\u00eas], Dalila [Basset Hound] e Geleia [Basset Hound]. Al\u00e9m do eterno gato Tutuquinho, que virou estrela.","sameAs":["https:\/\/www.facebook.com\/renato.dias.37","#breve","https:\/\/renatodias.tumblr.com\/"],"url":"https:\/\/renatodias.online\/movimento\/author\/renatodias\/"}]}},"_links":{"self":[{"href":"https:\/\/renatodias.online\/movimento\/wp-json\/wp\/v2\/posts\/2587","targetHints":{"allow":["GET"]}}],"collection":[{"href":"https:\/\/renatodias.online\/movimento\/wp-json\/wp\/v2\/posts"}],"about":[{"href":"https:\/\/renatodias.online\/movimento\/wp-json\/wp\/v2\/types\/post"}],"author":[{"embeddable":true,"href":"https:\/\/renatodias.online\/movimento\/wp-json\/wp\/v2\/users\/2"}],"replies":[{"embeddable":true,"href":"https:\/\/renatodias.online\/movimento\/wp-json\/wp\/v2\/comments?post=2587"}],"version-history":[{"count":5,"href":"https:\/\/renatodias.online\/movimento\/wp-json\/wp\/v2\/posts\/2587\/revisions"}],"predecessor-version":[{"id":2595,"href":"https:\/\/renatodias.online\/movimento\/wp-json\/wp\/v2\/posts\/2587\/revisions\/2595"}],"wp:featuredmedia":[{"embeddable":true,"href":"https:\/\/renatodias.online\/movimento\/wp-json\/wp\/v2\/media\/2590"}],"wp:attachment":[{"href":"https:\/\/renatodias.online\/movimento\/wp-json\/wp\/v2\/media?parent=2587"}],"wp:term":[{"taxonomy":"category","embeddable":true,"href":"https:\/\/renatodias.online\/movimento\/wp-json\/wp\/v2\/categories?post=2587"},{"taxonomy":"post_tag","embeddable":true,"href":"https:\/\/renatodias.online\/movimento\/wp-json\/wp\/v2\/tags?post=2587"}],"curies":[{"name":"wp","href":"https:\/\/api.w.org\/{rel}","templated":true}]}}