{"id":2503,"date":"2019-09-21T00:23:36","date_gmt":"2019-09-21T03:23:36","guid":{"rendered":"https:\/\/renatodias.online\/movimento\/?p=2503"},"modified":"2019-09-21T00:24:27","modified_gmt":"2019-09-21T03:24:27","slug":"tempos-sombrios-d-volt-lanca-folheto-rap-de-cordel","status":"publish","type":"post","link":"https:\/\/renatodias.online\/movimento\/2019\/09\/21\/tempos-sombrios-d-volt-lanca-folheto-rap-de-cordel\/","title":{"rendered":"Tempos Sombrios  D Volt lan\u00e7a Folheto Rap de Cordel"},"content":{"rendered":"<p><strong>Tempos Sombrios<\/strong><\/p>\n<p><strong>D Volt lan\u00e7a Folheto Rap de Cordel<\/strong><\/p>\n<p><strong>Artista do circuito underground da Capital do Estado de Goi\u00e1s traz letras de rap autoral. Registro: em formato inusitado de literatura de cordel.\u00a0 Com m\u00e9tricas &amp; rimas alternadas<\/strong><\/p>\n<p>&nbsp;<\/p>\n<figure id=\"attachment_2504\" aria-describedby=\"caption-attachment-2504\" style=\"width: 480px\" class=\"wp-caption aligncenter\"><img loading=\"lazy\" decoding=\"async\" class=\"wp-image-2504 size-full\" src=\"https:\/\/renatodias.online\/movimento\/wp-content\/uploads\/2019\/09\/IMG-20190920-WA0026.jpg\" alt=\"\" width=\"480\" height=\"433\" srcset=\"https:\/\/renatodias.online\/movimento\/wp-content\/uploads\/2019\/09\/IMG-20190920-WA0026.jpg 480w, https:\/\/renatodias.online\/movimento\/wp-content\/uploads\/2019\/09\/IMG-20190920-WA0026-300x271.jpg 300w\" sizes=\"auto, (max-width: 480px) 100vw, 480px\" \/><figcaption id=\"caption-attachment-2504\" class=\"wp-caption-text\">O palco como companhia<\/figcaption><\/figure>\n<p>&nbsp;<\/p>\n<p>&nbsp;<\/p>\n<p><strong>Renato Dias<\/strong><\/p>\n<p>Nascido em Goi\u00e2nia como Danilo Joaquim da Silva, o rapper D Volt lan\u00e7ou no circuito un\u00adderground o Folheto Rap de Cordel \u2013 Na Resist\u00eancia. Uma voz contra a regress\u00e3o de direitos. Em Tempos Sombrios no Brasil e na Am\u00e9rica Latina. No s\u00e9culo 21. Com letras de rap autoral. Registro: em formato inusitado de literatura de cordel.\u00a0 Com m\u00e9tricas &amp; rimas alternadas.<\/p>\n<figure id=\"attachment_2505\" aria-describedby=\"caption-attachment-2505\" style=\"width: 1024px\" class=\"wp-caption aligncenter\"><img loading=\"lazy\" decoding=\"async\" class=\"wp-image-2505 size-large\" src=\"https:\/\/renatodias.online\/movimento\/wp-content\/uploads\/2019\/09\/Rapper-D-Volt-2-1024x950.jpg\" alt=\"\" width=\"1024\" height=\"950\" srcset=\"https:\/\/renatodias.online\/movimento\/wp-content\/uploads\/2019\/09\/Rapper-D-Volt-2-1024x950.jpg 1024w, https:\/\/renatodias.online\/movimento\/wp-content\/uploads\/2019\/09\/Rapper-D-Volt-2-300x278.jpg 300w, https:\/\/renatodias.online\/movimento\/wp-content\/uploads\/2019\/09\/Rapper-D-Volt-2-768x712.jpg 768w, https:\/\/renatodias.online\/movimento\/wp-content\/uploads\/2019\/09\/Rapper-D-Volt-2-750x696.jpg 750w, https:\/\/renatodias.online\/movimento\/wp-content\/uploads\/2019\/09\/Rapper-D-Volt-2.jpg 1280w\" sizes=\"auto, (max-width: 1024px) 100vw, 1024px\" \/><figcaption id=\"caption-attachment-2505\" class=\"wp-caption-text\">D Volt<\/figcaption><\/figure>\n<p>Com os p\u00e9s no Nordeste, rotulado de Para\u00edba, por Jair Bolsonaro, o presidente da Rep\u00fablica de linhagem conservadora eleito com \u2018Fake News\u2019, em 2018, com Luiz In\u00e1cio Lula da Silva preso desde 7 de abril, sem direito a disputar elei\u00e7\u00f5es, um pleito antidemocr\u00e1tico, o rapper conta com exclusi\u00advidade que traz em sua narrativa influ\u00eancias da Embolada, Coco, Ciranda e Cantigas<\/p>\n<p><strong>Diretoria do Gueto<\/strong><\/p>\n<p>N\u00e3o custa lembrar: D Volt \u00e9 o \u2018band leader\u2019 do Coletivo Cultural Diretoria do Gueto. Mais: \u00e9 membro da Na\u00e7\u00e3o Hip Hop Brasil \u2013 Setorial do Centro-Oeste. \u00cdcone da contracultura das Terras Goyazes, ele j\u00e1 prepara a sua nova produ\u00e7\u00e3o est\u00e9tica. Em \u00e1udio \u2013 EP \u2013 Na Resist\u00eancia. O projeto \u00e9 lan\u00e7\u00e1-lo em novembro. De 2019. \u00c9 o m\u00eas da consci\u00eancia negra, avisa o ativista radical<\/p>\n<p><strong>Servi\u00e7o<\/strong><\/p>\n<p><strong>Lan\u00e7amento: <\/strong>Folheto Rap de Cordel \u2013 Na Resist\u00eancia<\/p>\n<p><strong>Autor:<\/strong> Rapper D Volt [Danilo Joaquim da Silva]<\/p>\n<p><strong>\u00c1udio EP \u2013 Na Resist\u00eancia:<\/strong> Novembro de 2019<\/p>\n<p><strong>Avalia\u00e7\u00e3o cr\u00edtica:<\/strong> Excelente<\/p>\n<p>&nbsp;<\/p>\n<p>&nbsp;<\/p>\n","protected":false},"excerpt":{"rendered":"<p>Tempos Sombrios D Volt lan\u00e7a Folheto Rap de Cordel Artista do circuito underground da Capital do Estado de Goi\u00e1s traz letras de rap autoral. Registro: em formato inusitado de literatura de cordel.\u00a0 Com m\u00e9tricas &amp; rimas alternadas &nbsp; &nbsp; &nbsp; Renato Dias Nascido em Goi\u00e2nia como Danilo Joaquim da Silva, o rapper D Volt lan\u00e7ou<\/p>\n","protected":false},"author":2,"featured_media":2506,"comment_status":"open","ping_status":"open","sticky":false,"template":"","format":"standard","meta":{"_acf_changed":false,"_monsterinsights_skip_tracking":false,"_monsterinsights_sitenote_active":false,"_monsterinsights_sitenote_note":"","_monsterinsights_sitenote_category":0,"footnotes":""},"categories":[25,2],"tags":[],"class_list":["post-2503","post","type-post","status-publish","format-standard","has-post-thumbnail","hentry","category-agenda","category-arte"],"acf":[],"yoast_head":"<!-- This site is optimized with the Yoast SEO plugin v27.4 - https:\/\/yoast.com\/product\/yoast-seo-wordpress\/ -->\n<title>Tempos Sombrios D Volt lan\u00e7a Folheto Rap de Cordel -<\/title>\n<meta name=\"robots\" content=\"index, follow, max-snippet:-1, max-image-preview:large, max-video-preview:-1\" \/>\n<link rel=\"canonical\" href=\"https:\/\/renatodias.online\/movimento\/2019\/09\/21\/tempos-sombrios-d-volt-lanca-folheto-rap-de-cordel\/\" \/>\n<meta property=\"og:locale\" content=\"pt_BR\" \/>\n<meta property=\"og:type\" content=\"article\" \/>\n<meta property=\"og:title\" content=\"Tempos Sombrios D Volt lan\u00e7a Folheto Rap de Cordel -\" \/>\n<meta property=\"og:description\" content=\"Tempos Sombrios D Volt lan\u00e7a Folheto Rap de Cordel Artista do circuito underground da Capital do Estado de Goi\u00e1s traz letras de rap autoral. Registro: em formato inusitado de literatura de cordel.\u00a0 Com m\u00e9tricas &amp; rimas alternadas &nbsp; &nbsp; &nbsp; Renato Dias Nascido em Goi\u00e2nia como Danilo Joaquim da Silva, o rapper D Volt lan\u00e7ou\" \/>\n<meta property=\"og:url\" content=\"https:\/\/renatodias.online\/movimento\/2019\/09\/21\/tempos-sombrios-d-volt-lanca-folheto-rap-de-cordel\/\" \/>\n<meta property=\"article:publisher\" content=\"https:\/\/www.facebook.com\/renato.dias.37\" \/>\n<meta property=\"article:author\" content=\"https:\/\/www.facebook.com\/renato.dias.37\" \/>\n<meta property=\"article:published_time\" content=\"2019-09-21T03:23:36+00:00\" \/>\n<meta property=\"article:modified_time\" content=\"2019-09-21T03:24:27+00:00\" \/>\n<meta property=\"og:image\" content=\"https:\/\/renatodias.online\/movimento\/wp-content\/uploads\/2019\/09\/Rapper-D-Volt-1.jpg\" \/>\n\t<meta property=\"og:image:width\" content=\"671\" \/>\n\t<meta property=\"og:image:height\" content=\"680\" \/>\n\t<meta property=\"og:image:type\" content=\"image\/jpeg\" \/>\n<meta name=\"author\" content=\"Renato Dias\" \/>\n<meta name=\"twitter:card\" content=\"summary_large_image\" \/>\n<meta name=\"twitter:creator\" content=\"@RenatoDiasBat\" \/>\n<meta name=\"twitter:site\" content=\"@RenatoDiasBat\" \/>\n<meta name=\"twitter:label1\" content=\"Escrito por\" \/>\n\t<meta name=\"twitter:data1\" content=\"Renato Dias\" \/>\n\t<meta name=\"twitter:label2\" content=\"Est. tempo de leitura\" \/>\n\t<meta name=\"twitter:data2\" content=\"2 minutos\" \/>\n<script type=\"application\/ld+json\" class=\"yoast-schema-graph\">{\"@context\":\"https:\\\/\\\/schema.org\",\"@graph\":[{\"@type\":\"Article\",\"@id\":\"https:\\\/\\\/renatodias.online\\\/movimento\\\/2019\\\/09\\\/21\\\/tempos-sombrios-d-volt-lanca-folheto-rap-de-cordel\\\/#article\",\"isPartOf\":{\"@id\":\"https:\\\/\\\/renatodias.online\\\/movimento\\\/2019\\\/09\\\/21\\\/tempos-sombrios-d-volt-lanca-folheto-rap-de-cordel\\\/\"},\"author\":{\"name\":\"Renato Dias\",\"@id\":\"https:\\\/\\\/renatodias.online\\\/movimento\\\/#\\\/schema\\\/person\\\/bbab28833b1725a20f4083f49f1fb2a9\"},\"headline\":\"Tempos Sombrios D Volt lan\u00e7a Folheto Rap de Cordel\",\"datePublished\":\"2019-09-21T03:23:36+00:00\",\"dateModified\":\"2019-09-21T03:24:27+00:00\",\"mainEntityOfPage\":{\"@id\":\"https:\\\/\\\/renatodias.online\\\/movimento\\\/2019\\\/09\\\/21\\\/tempos-sombrios-d-volt-lanca-folheto-rap-de-cordel\\\/\"},\"wordCount\":310,\"commentCount\":0,\"publisher\":{\"@id\":\"https:\\\/\\\/renatodias.online\\\/movimento\\\/#\\\/schema\\\/person\\\/bbab28833b1725a20f4083f49f1fb2a9\"},\"image\":{\"@id\":\"https:\\\/\\\/renatodias.online\\\/movimento\\\/2019\\\/09\\\/21\\\/tempos-sombrios-d-volt-lanca-folheto-rap-de-cordel\\\/#primaryimage\"},\"thumbnailUrl\":\"https:\\\/\\\/renatodias.online\\\/movimento\\\/wp-content\\\/uploads\\\/2019\\\/09\\\/Rapper-D-Volt-1.jpg\",\"articleSection\":[\"Agenda\",\"Arte\"],\"inLanguage\":\"pt-BR\",\"potentialAction\":[{\"@type\":\"CommentAction\",\"name\":\"Comment\",\"target\":[\"https:\\\/\\\/renatodias.online\\\/movimento\\\/2019\\\/09\\\/21\\\/tempos-sombrios-d-volt-lanca-folheto-rap-de-cordel\\\/#respond\"]}]},{\"@type\":\"WebPage\",\"@id\":\"https:\\\/\\\/renatodias.online\\\/movimento\\\/2019\\\/09\\\/21\\\/tempos-sombrios-d-volt-lanca-folheto-rap-de-cordel\\\/\",\"url\":\"https:\\\/\\\/renatodias.online\\\/movimento\\\/2019\\\/09\\\/21\\\/tempos-sombrios-d-volt-lanca-folheto-rap-de-cordel\\\/\",\"name\":\"Tempos Sombrios D Volt lan\u00e7a Folheto Rap de Cordel -\",\"isPartOf\":{\"@id\":\"https:\\\/\\\/renatodias.online\\\/movimento\\\/#website\"},\"primaryImageOfPage\":{\"@id\":\"https:\\\/\\\/renatodias.online\\\/movimento\\\/2019\\\/09\\\/21\\\/tempos-sombrios-d-volt-lanca-folheto-rap-de-cordel\\\/#primaryimage\"},\"image\":{\"@id\":\"https:\\\/\\\/renatodias.online\\\/movimento\\\/2019\\\/09\\\/21\\\/tempos-sombrios-d-volt-lanca-folheto-rap-de-cordel\\\/#primaryimage\"},\"thumbnailUrl\":\"https:\\\/\\\/renatodias.online\\\/movimento\\\/wp-content\\\/uploads\\\/2019\\\/09\\\/Rapper-D-Volt-1.jpg\",\"datePublished\":\"2019-09-21T03:23:36+00:00\",\"dateModified\":\"2019-09-21T03:24:27+00:00\",\"breadcrumb\":{\"@id\":\"https:\\\/\\\/renatodias.online\\\/movimento\\\/2019\\\/09\\\/21\\\/tempos-sombrios-d-volt-lanca-folheto-rap-de-cordel\\\/#breadcrumb\"},\"inLanguage\":\"pt-BR\",\"potentialAction\":[{\"@type\":\"ReadAction\",\"target\":[\"https:\\\/\\\/renatodias.online\\\/movimento\\\/2019\\\/09\\\/21\\\/tempos-sombrios-d-volt-lanca-folheto-rap-de-cordel\\\/\"]}]},{\"@type\":\"ImageObject\",\"inLanguage\":\"pt-BR\",\"@id\":\"https:\\\/\\\/renatodias.online\\\/movimento\\\/2019\\\/09\\\/21\\\/tempos-sombrios-d-volt-lanca-folheto-rap-de-cordel\\\/#primaryimage\",\"url\":\"https:\\\/\\\/renatodias.online\\\/movimento\\\/wp-content\\\/uploads\\\/2019\\\/09\\\/Rapper-D-Volt-1.jpg\",\"contentUrl\":\"https:\\\/\\\/renatodias.online\\\/movimento\\\/wp-content\\\/uploads\\\/2019\\\/09\\\/Rapper-D-Volt-1.jpg\",\"width\":671,\"height\":680,\"caption\":\"Artista na resist\u00eancia\"},{\"@type\":\"BreadcrumbList\",\"@id\":\"https:\\\/\\\/renatodias.online\\\/movimento\\\/2019\\\/09\\\/21\\\/tempos-sombrios-d-volt-lanca-folheto-rap-de-cordel\\\/#breadcrumb\",\"itemListElement\":[{\"@type\":\"ListItem\",\"position\":1,\"name\":\"In\u00edcio\",\"item\":\"https:\\\/\\\/renatodias.online\\\/movimento\\\/\"},{\"@type\":\"ListItem\",\"position\":2,\"name\":\"Tempos Sombrios D Volt lan\u00e7a Folheto Rap de Cordel\"}]},{\"@type\":\"WebSite\",\"@id\":\"https:\\\/\\\/renatodias.online\\\/movimento\\\/#website\",\"url\":\"https:\\\/\\\/renatodias.online\\\/movimento\\\/\",\"name\":\"\",\"description\":\"\",\"publisher\":{\"@id\":\"https:\\\/\\\/renatodias.online\\\/movimento\\\/#\\\/schema\\\/person\\\/bbab28833b1725a20f4083f49f1fb2a9\"},\"potentialAction\":[{\"@type\":\"SearchAction\",\"target\":{\"@type\":\"EntryPoint\",\"urlTemplate\":\"https:\\\/\\\/renatodias.online\\\/movimento\\\/?s={search_term_string}\"},\"query-input\":{\"@type\":\"PropertyValueSpecification\",\"valueRequired\":true,\"valueName\":\"search_term_string\"}}],\"inLanguage\":\"pt-BR\"},{\"@type\":[\"Person\",\"Organization\"],\"@id\":\"https:\\\/\\\/renatodias.online\\\/movimento\\\/#\\\/schema\\\/person\\\/bbab28833b1725a20f4083f49f1fb2a9\",\"name\":\"Renato Dias\",\"image\":{\"@type\":\"ImageObject\",\"inLanguage\":\"pt-BR\",\"@id\":\"https:\\\/\\\/renatodias.online\\\/movimento\\\/wp-content\\\/uploads\\\/2023\\\/03\\\/cropped-cropped-cropped-logofinal.jpeg\",\"url\":\"https:\\\/\\\/renatodias.online\\\/movimento\\\/wp-content\\\/uploads\\\/2023\\\/03\\\/cropped-cropped-cropped-logofinal.jpeg\",\"contentUrl\":\"https:\\\/\\\/renatodias.online\\\/movimento\\\/wp-content\\\/uploads\\\/2023\\\/03\\\/cropped-cropped-cropped-logofinal.jpeg\",\"width\":1280,\"height\":219,\"caption\":\"Renato Dias\"},\"logo\":{\"@id\":\"https:\\\/\\\/renatodias.online\\\/movimento\\\/wp-content\\\/uploads\\\/2023\\\/03\\\/cropped-cropped-cropped-logofinal.jpeg\"},\"description\":\"Renato Dias, 58 anos, \u00e9 graduado em Jornalismo, formado em Ci\u00eancias Sociais, com p\u00f3s-gradua\u00e7\u00e3o em Pol\u00edticas P\u00fablicas, mestre em Direito e Rela\u00e7\u00f5es Internacionais, ex-aluno extraordin\u00e1rio do Doutorado em Psicologia Social, ex-estudante do Curso de Psican\u00e1lise do Centro de Estudos Psicanal\u00edticos do Estado de Goi\u00e1s, ministrado pelo m\u00e9dico psiquiatra e psicanalista Daniel Em\u00eddio de Souza. \u00c9 autor de 30 livros-reportagem, oito document\u00e1rios, ganhou 30 pr\u00eamios e \u00e9 torcedor apaixonado do maior do Centro-Oeste, o Vila Nova Futebol Clube. Casado com Meirilane Dias, \u00e9 pai de Juliana Dias, jornalista; Daniel Dias, economista; e Maria Rosa Dias, estudante antifascista, socialista e trotskista.\u00a0Com tr\u00eas pets: Porquinho [Bull Dog Franc\u00eas], Dalila [Basset Hound] e Geleia [Basset Hound]. Al\u00e9m do eterno gato Tutuquinho, que virou estrela.\",\"sameAs\":[\"https:\\\/\\\/www.facebook.com\\\/renato.dias.37\",\"#breve\",\"https:\\\/\\\/renatodias.tumblr.com\\\/\"],\"url\":\"https:\\\/\\\/renatodias.online\\\/movimento\\\/author\\\/renatodias\\\/\"}]}<\/script>\n<!-- \/ Yoast SEO plugin. -->","yoast_head_json":{"title":"Tempos Sombrios D Volt lan\u00e7a Folheto Rap de Cordel -","robots":{"index":"index","follow":"follow","max-snippet":"max-snippet:-1","max-image-preview":"max-image-preview:large","max-video-preview":"max-video-preview:-1"},"canonical":"https:\/\/renatodias.online\/movimento\/2019\/09\/21\/tempos-sombrios-d-volt-lanca-folheto-rap-de-cordel\/","og_locale":"pt_BR","og_type":"article","og_title":"Tempos Sombrios D Volt lan\u00e7a Folheto Rap de Cordel -","og_description":"Tempos Sombrios D Volt lan\u00e7a Folheto Rap de Cordel Artista do circuito underground da Capital do Estado de Goi\u00e1s traz letras de rap autoral. Registro: em formato inusitado de literatura de cordel.\u00a0 Com m\u00e9tricas &amp; rimas alternadas &nbsp; &nbsp; &nbsp; Renato Dias Nascido em Goi\u00e2nia como Danilo Joaquim da Silva, o rapper D Volt lan\u00e7ou","og_url":"https:\/\/renatodias.online\/movimento\/2019\/09\/21\/tempos-sombrios-d-volt-lanca-folheto-rap-de-cordel\/","article_publisher":"https:\/\/www.facebook.com\/renato.dias.37","article_author":"https:\/\/www.facebook.com\/renato.dias.37","article_published_time":"2019-09-21T03:23:36+00:00","article_modified_time":"2019-09-21T03:24:27+00:00","og_image":[{"width":671,"height":680,"url":"https:\/\/renatodias.online\/movimento\/wp-content\/uploads\/2019\/09\/Rapper-D-Volt-1.jpg","type":"image\/jpeg"}],"author":"Renato Dias","twitter_card":"summary_large_image","twitter_creator":"@RenatoDiasBat","twitter_site":"@RenatoDiasBat","twitter_misc":{"Escrito por":"Renato Dias","Est. tempo de leitura":"2 minutos"},"schema":{"@context":"https:\/\/schema.org","@graph":[{"@type":"Article","@id":"https:\/\/renatodias.online\/movimento\/2019\/09\/21\/tempos-sombrios-d-volt-lanca-folheto-rap-de-cordel\/#article","isPartOf":{"@id":"https:\/\/renatodias.online\/movimento\/2019\/09\/21\/tempos-sombrios-d-volt-lanca-folheto-rap-de-cordel\/"},"author":{"name":"Renato Dias","@id":"https:\/\/renatodias.online\/movimento\/#\/schema\/person\/bbab28833b1725a20f4083f49f1fb2a9"},"headline":"Tempos Sombrios D Volt lan\u00e7a Folheto Rap de Cordel","datePublished":"2019-09-21T03:23:36+00:00","dateModified":"2019-09-21T03:24:27+00:00","mainEntityOfPage":{"@id":"https:\/\/renatodias.online\/movimento\/2019\/09\/21\/tempos-sombrios-d-volt-lanca-folheto-rap-de-cordel\/"},"wordCount":310,"commentCount":0,"publisher":{"@id":"https:\/\/renatodias.online\/movimento\/#\/schema\/person\/bbab28833b1725a20f4083f49f1fb2a9"},"image":{"@id":"https:\/\/renatodias.online\/movimento\/2019\/09\/21\/tempos-sombrios-d-volt-lanca-folheto-rap-de-cordel\/#primaryimage"},"thumbnailUrl":"https:\/\/renatodias.online\/movimento\/wp-content\/uploads\/2019\/09\/Rapper-D-Volt-1.jpg","articleSection":["Agenda","Arte"],"inLanguage":"pt-BR","potentialAction":[{"@type":"CommentAction","name":"Comment","target":["https:\/\/renatodias.online\/movimento\/2019\/09\/21\/tempos-sombrios-d-volt-lanca-folheto-rap-de-cordel\/#respond"]}]},{"@type":"WebPage","@id":"https:\/\/renatodias.online\/movimento\/2019\/09\/21\/tempos-sombrios-d-volt-lanca-folheto-rap-de-cordel\/","url":"https:\/\/renatodias.online\/movimento\/2019\/09\/21\/tempos-sombrios-d-volt-lanca-folheto-rap-de-cordel\/","name":"Tempos Sombrios D Volt lan\u00e7a Folheto Rap de Cordel -","isPartOf":{"@id":"https:\/\/renatodias.online\/movimento\/#website"},"primaryImageOfPage":{"@id":"https:\/\/renatodias.online\/movimento\/2019\/09\/21\/tempos-sombrios-d-volt-lanca-folheto-rap-de-cordel\/#primaryimage"},"image":{"@id":"https:\/\/renatodias.online\/movimento\/2019\/09\/21\/tempos-sombrios-d-volt-lanca-folheto-rap-de-cordel\/#primaryimage"},"thumbnailUrl":"https:\/\/renatodias.online\/movimento\/wp-content\/uploads\/2019\/09\/Rapper-D-Volt-1.jpg","datePublished":"2019-09-21T03:23:36+00:00","dateModified":"2019-09-21T03:24:27+00:00","breadcrumb":{"@id":"https:\/\/renatodias.online\/movimento\/2019\/09\/21\/tempos-sombrios-d-volt-lanca-folheto-rap-de-cordel\/#breadcrumb"},"inLanguage":"pt-BR","potentialAction":[{"@type":"ReadAction","target":["https:\/\/renatodias.online\/movimento\/2019\/09\/21\/tempos-sombrios-d-volt-lanca-folheto-rap-de-cordel\/"]}]},{"@type":"ImageObject","inLanguage":"pt-BR","@id":"https:\/\/renatodias.online\/movimento\/2019\/09\/21\/tempos-sombrios-d-volt-lanca-folheto-rap-de-cordel\/#primaryimage","url":"https:\/\/renatodias.online\/movimento\/wp-content\/uploads\/2019\/09\/Rapper-D-Volt-1.jpg","contentUrl":"https:\/\/renatodias.online\/movimento\/wp-content\/uploads\/2019\/09\/Rapper-D-Volt-1.jpg","width":671,"height":680,"caption":"Artista na resist\u00eancia"},{"@type":"BreadcrumbList","@id":"https:\/\/renatodias.online\/movimento\/2019\/09\/21\/tempos-sombrios-d-volt-lanca-folheto-rap-de-cordel\/#breadcrumb","itemListElement":[{"@type":"ListItem","position":1,"name":"In\u00edcio","item":"https:\/\/renatodias.online\/movimento\/"},{"@type":"ListItem","position":2,"name":"Tempos Sombrios D Volt lan\u00e7a Folheto Rap de Cordel"}]},{"@type":"WebSite","@id":"https:\/\/renatodias.online\/movimento\/#website","url":"https:\/\/renatodias.online\/movimento\/","name":"","description":"","publisher":{"@id":"https:\/\/renatodias.online\/movimento\/#\/schema\/person\/bbab28833b1725a20f4083f49f1fb2a9"},"potentialAction":[{"@type":"SearchAction","target":{"@type":"EntryPoint","urlTemplate":"https:\/\/renatodias.online\/movimento\/?s={search_term_string}"},"query-input":{"@type":"PropertyValueSpecification","valueRequired":true,"valueName":"search_term_string"}}],"inLanguage":"pt-BR"},{"@type":["Person","Organization"],"@id":"https:\/\/renatodias.online\/movimento\/#\/schema\/person\/bbab28833b1725a20f4083f49f1fb2a9","name":"Renato Dias","image":{"@type":"ImageObject","inLanguage":"pt-BR","@id":"https:\/\/renatodias.online\/movimento\/wp-content\/uploads\/2023\/03\/cropped-cropped-cropped-logofinal.jpeg","url":"https:\/\/renatodias.online\/movimento\/wp-content\/uploads\/2023\/03\/cropped-cropped-cropped-logofinal.jpeg","contentUrl":"https:\/\/renatodias.online\/movimento\/wp-content\/uploads\/2023\/03\/cropped-cropped-cropped-logofinal.jpeg","width":1280,"height":219,"caption":"Renato Dias"},"logo":{"@id":"https:\/\/renatodias.online\/movimento\/wp-content\/uploads\/2023\/03\/cropped-cropped-cropped-logofinal.jpeg"},"description":"Renato Dias, 58 anos, \u00e9 graduado em Jornalismo, formado em Ci\u00eancias Sociais, com p\u00f3s-gradua\u00e7\u00e3o em Pol\u00edticas P\u00fablicas, mestre em Direito e Rela\u00e7\u00f5es Internacionais, ex-aluno extraordin\u00e1rio do Doutorado em Psicologia Social, ex-estudante do Curso de Psican\u00e1lise do Centro de Estudos Psicanal\u00edticos do Estado de Goi\u00e1s, ministrado pelo m\u00e9dico psiquiatra e psicanalista Daniel Em\u00eddio de Souza. \u00c9 autor de 30 livros-reportagem, oito document\u00e1rios, ganhou 30 pr\u00eamios e \u00e9 torcedor apaixonado do maior do Centro-Oeste, o Vila Nova Futebol Clube. Casado com Meirilane Dias, \u00e9 pai de Juliana Dias, jornalista; Daniel Dias, economista; e Maria Rosa Dias, estudante antifascista, socialista e trotskista.\u00a0Com tr\u00eas pets: Porquinho [Bull Dog Franc\u00eas], Dalila [Basset Hound] e Geleia [Basset Hound]. Al\u00e9m do eterno gato Tutuquinho, que virou estrela.","sameAs":["https:\/\/www.facebook.com\/renato.dias.37","#breve","https:\/\/renatodias.tumblr.com\/"],"url":"https:\/\/renatodias.online\/movimento\/author\/renatodias\/"}]}},"_links":{"self":[{"href":"https:\/\/renatodias.online\/movimento\/wp-json\/wp\/v2\/posts\/2503","targetHints":{"allow":["GET"]}}],"collection":[{"href":"https:\/\/renatodias.online\/movimento\/wp-json\/wp\/v2\/posts"}],"about":[{"href":"https:\/\/renatodias.online\/movimento\/wp-json\/wp\/v2\/types\/post"}],"author":[{"embeddable":true,"href":"https:\/\/renatodias.online\/movimento\/wp-json\/wp\/v2\/users\/2"}],"replies":[{"embeddable":true,"href":"https:\/\/renatodias.online\/movimento\/wp-json\/wp\/v2\/comments?post=2503"}],"version-history":[{"count":1,"href":"https:\/\/renatodias.online\/movimento\/wp-json\/wp\/v2\/posts\/2503\/revisions"}],"predecessor-version":[{"id":2507,"href":"https:\/\/renatodias.online\/movimento\/wp-json\/wp\/v2\/posts\/2503\/revisions\/2507"}],"wp:featuredmedia":[{"embeddable":true,"href":"https:\/\/renatodias.online\/movimento\/wp-json\/wp\/v2\/media\/2506"}],"wp:attachment":[{"href":"https:\/\/renatodias.online\/movimento\/wp-json\/wp\/v2\/media?parent=2503"}],"wp:term":[{"taxonomy":"category","embeddable":true,"href":"https:\/\/renatodias.online\/movimento\/wp-json\/wp\/v2\/categories?post=2503"},{"taxonomy":"post_tag","embeddable":true,"href":"https:\/\/renatodias.online\/movimento\/wp-json\/wp\/v2\/tags?post=2503"}],"curies":[{"name":"wp","href":"https:\/\/api.w.org\/{rel}","templated":true}]}}