{"id":2496,"date":"2019-09-21T00:09:30","date_gmt":"2019-09-21T03:09:30","guid":{"rendered":"https:\/\/renatodias.online\/movimento\/?p=2496"},"modified":"2019-09-21T00:12:10","modified_gmt":"2019-09-21T03:12:10","slug":"brasil-peru-costa-rica-e-colombia-filme-aborda-desconstrucao-de-direitos","status":"publish","type":"post","link":"https:\/\/renatodias.online\/movimento\/2019\/09\/21\/brasil-peru-costa-rica-e-colombia-filme-aborda-desconstrucao-de-direitos\/","title":{"rendered":"Brasil, Peru, Costa Rica e Col\u00f4mbia  Filme aborda desconstru\u00e7\u00e3o de direitos"},"content":{"rendered":"<p><strong>Brasil, Peru, Costa Rica e Col\u00f4mbia<\/strong><\/p>\n<p><strong>Filme aborda desconstru\u00e7\u00e3o de direitos<\/strong><\/p>\n<p><strong>Doutora da Faculdade de Hist\u00f3ria da Universidade Federal de Goi\u00e1s, Alcilene Cavalcante debate tema, dia 30 de setembro, de 12h \u00e0s 14h, no Audit\u00f3rio do ICB, da UFG. Gratuito<\/strong><\/p>\n<p><strong>\u00a0<\/strong><strong>\u00a0<\/strong><\/p>\n<p><strong>Renato Dias<\/strong><\/p>\n<p>O Cine [Des] Constru\u00e7\u00e3o exibe, no pr\u00f3ximo dia 30 de setembro de 2019, de 12h \u00e0s 14h, no Au\u00addi\u00adt\u00f3rio dos Cursos de Ci\u00eancias Biol\u00f3gicas [ICB]III, da Universidade Federal de Goi\u00e1s, o do\u00adcument\u00e1rio de resist\u00eancia \u2018G\u00eanero sob Ataque\u2019. A organiza\u00e7\u00e3o \u00e9 do Grupo de Estudos Mulhe\u00adres na Ci\u00eancia. A exposi\u00e7\u00e3o ser\u00e1 da historiadora <strong>Alcilene Cavalcante<\/strong>, doutora da Faculdade de Hist\u00f3ria da institui\u00e7\u00e3o de ensino superior [IES]. A entrada \u00e9 gratuita. Franca. Sob a dire\u00e7\u00e3o \u2013 executiva da professora <strong>Zilene Soares<\/strong>. O filme \u00e9 dirigido pelo jornalista peruano <strong>Jer\u00f3nimo Centuri\u00f3n Aguirre. <\/strong>A produ\u00e7\u00e3o acaba de entrar no circuito em Quito, a capital do Equador.<\/p>\n<figure id=\"attachment_2498\" aria-describedby=\"caption-attachment-2498\" style=\"width: 720px\" class=\"wp-caption aligncenter\"><img loading=\"lazy\" decoding=\"async\" class=\"wp-image-2498 size-full\" src=\"https:\/\/renatodias.online\/movimento\/wp-content\/uploads\/2019\/09\/A-luta-das-mulheres-no-Brasil.jpg\" alt=\"\" width=\"720\" height=\"400\" srcset=\"https:\/\/renatodias.online\/movimento\/wp-content\/uploads\/2019\/09\/A-luta-das-mulheres-no-Brasil.jpg 720w, https:\/\/renatodias.online\/movimento\/wp-content\/uploads\/2019\/09\/A-luta-das-mulheres-no-Brasil-300x167.jpg 300w\" sizes=\"auto, (max-width: 720px) 100vw, 720px\" \/><figcaption id=\"caption-attachment-2498\" class=\"wp-caption-text\">Bras\u00edlia &#8211; Marcha das Mulheres Negras Contra o Racismo, a Viol\u00eancia e pelo Bem Viver em Bras\u00edlia, re\u00fane mulheres de todos os estados e regi\u00f5es do Brasil (Marcello Casal Jr\/Ag\u00eancia Brasil)<\/figcaption><\/figure>\n<p><strong>Am\u00e9rica Latina<\/strong><\/p>\n<p>O document\u00e1rio aborda o compl\u00f4 que ocorreria, hoje, s\u00e9culo 21,\u00a0 em quatro Pa\u00edses da Am\u00e9rica Latina. Integram a rela\u00e7\u00e3o: Peru, Costa Rica, Col\u00f4mbia e Brasil. Cen\u00e1rios pol\u00edticos conserva\u00addores, crises institucionais, mis\u00e9ria social, processos eleitorais turbulentos, reformas que constituem retrocessos nos curr\u00edculos escolares. Movimentos que semeiam o \u00f3dio, \u00a0cultivam a intoler\u00e2ncia, imprimem a cultura da discrimina\u00e7\u00e3o. O que geraria medo e desconfian\u00e7a da sociedade civil organizada. Direitos fundamentais est\u00e3o em risco, diagnostica o filme de <strong>Jer\u00f3nimo Centuri\u00f3n Aguirre<\/strong>. A narrativa registra campanha antig\u00eanero. Nas quatro na\u00e7\u00f5es.<\/p>\n<p><strong>&#8211; De Nuestra Am\u00e9rica.<\/strong><\/p>\n<p><strong>Servi\u00e7o<\/strong><\/p>\n<p><strong>Cinema<\/strong>: exibi\u00e7\u00e3o de filme<\/p>\n<p><strong>Document\u00e1rio: [<\/strong>Des] Constru\u00e7\u00e3o<\/p>\n<p><strong>Dire\u00e7\u00e3o:<\/strong> Jeronimo Centuri\u00f3n Aguirre [Peru]<\/p>\n<p><strong>Data:<\/strong> 30 de setembro de 2019<\/p>\n<p><strong>Hor\u00e1rio:<\/strong> de 14h \u00e0s 19h<\/p>\n<p><strong>Local:<\/strong> Au\u00addi\u00adt\u00f3rio dos Cursos de Ci\u00eancias Biol\u00f3gicas [ICB], da Universidade Federal de Goi\u00e1s<\/p>\n<p><strong>Avalia\u00e7\u00e3o cr\u00edtica:<\/strong> Excelente<\/p>\n<p><strong>Debatedora:<\/strong> Alcilene Cavalcante, doutora da Faculdade de Hist\u00f3ria da UFG<\/p>\n","protected":false},"excerpt":{"rendered":"<p>Brasil, Peru, Costa Rica e Col\u00f4mbia Filme aborda desconstru\u00e7\u00e3o de direitos Doutora da Faculdade de Hist\u00f3ria da Universidade Federal de Goi\u00e1s, Alcilene Cavalcante debate tema, dia 30 de setembro, de 12h \u00e0s 14h, no Audit\u00f3rio do ICB, da UFG. Gratuito \u00a0\u00a0 Renato Dias O Cine [Des] Constru\u00e7\u00e3o exibe, no pr\u00f3ximo dia 30 de setembro de<\/p>\n","protected":false},"author":2,"featured_media":2497,"comment_status":"open","ping_status":"open","sticky":false,"template":"","format":"standard","meta":{"_acf_changed":false,"_monsterinsights_skip_tracking":false,"_monsterinsights_sitenote_active":false,"_monsterinsights_sitenote_note":"","_monsterinsights_sitenote_category":0,"footnotes":""},"categories":[25,2],"tags":[],"class_list":["post-2496","post","type-post","status-publish","format-standard","has-post-thumbnail","hentry","category-agenda","category-arte"],"acf":[],"yoast_head":"<!-- This site is optimized with the Yoast SEO plugin v27.4 - https:\/\/yoast.com\/product\/yoast-seo-wordpress\/ -->\n<title>Brasil, Peru, Costa Rica e Col\u00f4mbia Filme aborda desconstru\u00e7\u00e3o de direitos -<\/title>\n<meta name=\"robots\" content=\"index, follow, max-snippet:-1, max-image-preview:large, max-video-preview:-1\" \/>\n<link rel=\"canonical\" href=\"https:\/\/renatodias.online\/movimento\/2019\/09\/21\/brasil-peru-costa-rica-e-colombia-filme-aborda-desconstrucao-de-direitos\/\" \/>\n<meta property=\"og:locale\" content=\"pt_BR\" \/>\n<meta property=\"og:type\" content=\"article\" \/>\n<meta property=\"og:title\" content=\"Brasil, Peru, Costa Rica e Col\u00f4mbia Filme aborda desconstru\u00e7\u00e3o de direitos -\" \/>\n<meta property=\"og:description\" content=\"Brasil, Peru, Costa Rica e Col\u00f4mbia Filme aborda desconstru\u00e7\u00e3o de direitos Doutora da Faculdade de Hist\u00f3ria da Universidade Federal de Goi\u00e1s, Alcilene Cavalcante debate tema, dia 30 de setembro, de 12h \u00e0s 14h, no Audit\u00f3rio do ICB, da UFG. Gratuito \u00a0\u00a0 Renato Dias O Cine [Des] Constru\u00e7\u00e3o exibe, no pr\u00f3ximo dia 30 de setembro de\" \/>\n<meta property=\"og:url\" content=\"https:\/\/renatodias.online\/movimento\/2019\/09\/21\/brasil-peru-costa-rica-e-colombia-filme-aborda-desconstrucao-de-direitos\/\" \/>\n<meta property=\"article:publisher\" content=\"https:\/\/www.facebook.com\/renato.dias.37\" \/>\n<meta property=\"article:author\" content=\"https:\/\/www.facebook.com\/renato.dias.37\" \/>\n<meta property=\"article:published_time\" content=\"2019-09-21T03:09:30+00:00\" \/>\n<meta property=\"article:modified_time\" content=\"2019-09-21T03:12:10+00:00\" \/>\n<meta property=\"og:image\" content=\"https:\/\/renatodias.online\/movimento\/wp-content\/uploads\/2019\/09\/Alcilene-Cavalcante-coordenadora.jpg\" \/>\n\t<meta property=\"og:image:width\" content=\"714\" \/>\n\t<meta property=\"og:image:height\" content=\"960\" \/>\n\t<meta property=\"og:image:type\" content=\"image\/jpeg\" \/>\n<meta name=\"author\" content=\"Renato Dias\" \/>\n<meta name=\"twitter:card\" content=\"summary_large_image\" \/>\n<meta name=\"twitter:creator\" content=\"@RenatoDiasBat\" \/>\n<meta name=\"twitter:site\" content=\"@RenatoDiasBat\" \/>\n<meta name=\"twitter:label1\" content=\"Escrito por\" \/>\n\t<meta name=\"twitter:data1\" content=\"Renato Dias\" \/>\n\t<meta name=\"twitter:label2\" content=\"Est. tempo de leitura\" \/>\n\t<meta name=\"twitter:data2\" content=\"2 minutos\" \/>\n<script type=\"application\/ld+json\" class=\"yoast-schema-graph\">{\"@context\":\"https:\\\/\\\/schema.org\",\"@graph\":[{\"@type\":\"Article\",\"@id\":\"https:\\\/\\\/renatodias.online\\\/movimento\\\/2019\\\/09\\\/21\\\/brasil-peru-costa-rica-e-colombia-filme-aborda-desconstrucao-de-direitos\\\/#article\",\"isPartOf\":{\"@id\":\"https:\\\/\\\/renatodias.online\\\/movimento\\\/2019\\\/09\\\/21\\\/brasil-peru-costa-rica-e-colombia-filme-aborda-desconstrucao-de-direitos\\\/\"},\"author\":{\"name\":\"Renato Dias\",\"@id\":\"https:\\\/\\\/renatodias.online\\\/movimento\\\/#\\\/schema\\\/person\\\/bbab28833b1725a20f4083f49f1fb2a9\"},\"headline\":\"Brasil, Peru, Costa Rica e Col\u00f4mbia Filme aborda desconstru\u00e7\u00e3o de direitos\",\"datePublished\":\"2019-09-21T03:09:30+00:00\",\"dateModified\":\"2019-09-21T03:12:10+00:00\",\"mainEntityOfPage\":{\"@id\":\"https:\\\/\\\/renatodias.online\\\/movimento\\\/2019\\\/09\\\/21\\\/brasil-peru-costa-rica-e-colombia-filme-aborda-desconstrucao-de-direitos\\\/\"},\"wordCount\":398,\"commentCount\":0,\"publisher\":{\"@id\":\"https:\\\/\\\/renatodias.online\\\/movimento\\\/#\\\/schema\\\/person\\\/bbab28833b1725a20f4083f49f1fb2a9\"},\"image\":{\"@id\":\"https:\\\/\\\/renatodias.online\\\/movimento\\\/2019\\\/09\\\/21\\\/brasil-peru-costa-rica-e-colombia-filme-aborda-desconstrucao-de-direitos\\\/#primaryimage\"},\"thumbnailUrl\":\"https:\\\/\\\/renatodias.online\\\/movimento\\\/wp-content\\\/uploads\\\/2019\\\/09\\\/Alcilene-Cavalcante-coordenadora.jpg\",\"articleSection\":[\"Agenda\",\"Arte\"],\"inLanguage\":\"pt-BR\",\"potentialAction\":[{\"@type\":\"CommentAction\",\"name\":\"Comment\",\"target\":[\"https:\\\/\\\/renatodias.online\\\/movimento\\\/2019\\\/09\\\/21\\\/brasil-peru-costa-rica-e-colombia-filme-aborda-desconstrucao-de-direitos\\\/#respond\"]}]},{\"@type\":\"WebPage\",\"@id\":\"https:\\\/\\\/renatodias.online\\\/movimento\\\/2019\\\/09\\\/21\\\/brasil-peru-costa-rica-e-colombia-filme-aborda-desconstrucao-de-direitos\\\/\",\"url\":\"https:\\\/\\\/renatodias.online\\\/movimento\\\/2019\\\/09\\\/21\\\/brasil-peru-costa-rica-e-colombia-filme-aborda-desconstrucao-de-direitos\\\/\",\"name\":\"Brasil, Peru, Costa Rica e Col\u00f4mbia Filme aborda desconstru\u00e7\u00e3o de direitos -\",\"isPartOf\":{\"@id\":\"https:\\\/\\\/renatodias.online\\\/movimento\\\/#website\"},\"primaryImageOfPage\":{\"@id\":\"https:\\\/\\\/renatodias.online\\\/movimento\\\/2019\\\/09\\\/21\\\/brasil-peru-costa-rica-e-colombia-filme-aborda-desconstrucao-de-direitos\\\/#primaryimage\"},\"image\":{\"@id\":\"https:\\\/\\\/renatodias.online\\\/movimento\\\/2019\\\/09\\\/21\\\/brasil-peru-costa-rica-e-colombia-filme-aborda-desconstrucao-de-direitos\\\/#primaryimage\"},\"thumbnailUrl\":\"https:\\\/\\\/renatodias.online\\\/movimento\\\/wp-content\\\/uploads\\\/2019\\\/09\\\/Alcilene-Cavalcante-coordenadora.jpg\",\"datePublished\":\"2019-09-21T03:09:30+00:00\",\"dateModified\":\"2019-09-21T03:12:10+00:00\",\"breadcrumb\":{\"@id\":\"https:\\\/\\\/renatodias.online\\\/movimento\\\/2019\\\/09\\\/21\\\/brasil-peru-costa-rica-e-colombia-filme-aborda-desconstrucao-de-direitos\\\/#breadcrumb\"},\"inLanguage\":\"pt-BR\",\"potentialAction\":[{\"@type\":\"ReadAction\",\"target\":[\"https:\\\/\\\/renatodias.online\\\/movimento\\\/2019\\\/09\\\/21\\\/brasil-peru-costa-rica-e-colombia-filme-aborda-desconstrucao-de-direitos\\\/\"]}]},{\"@type\":\"ImageObject\",\"inLanguage\":\"pt-BR\",\"@id\":\"https:\\\/\\\/renatodias.online\\\/movimento\\\/2019\\\/09\\\/21\\\/brasil-peru-costa-rica-e-colombia-filme-aborda-desconstrucao-de-direitos\\\/#primaryimage\",\"url\":\"https:\\\/\\\/renatodias.online\\\/movimento\\\/wp-content\\\/uploads\\\/2019\\\/09\\\/Alcilene-Cavalcante-coordenadora.jpg\",\"contentUrl\":\"https:\\\/\\\/renatodias.online\\\/movimento\\\/wp-content\\\/uploads\\\/2019\\\/09\\\/Alcilene-Cavalcante-coordenadora.jpg\",\"width\":714,\"height\":960,\"caption\":\"A doutora da Faculdade de Hist\u00f3ria da UFG, Alcilene Cavalcante\"},{\"@type\":\"BreadcrumbList\",\"@id\":\"https:\\\/\\\/renatodias.online\\\/movimento\\\/2019\\\/09\\\/21\\\/brasil-peru-costa-rica-e-colombia-filme-aborda-desconstrucao-de-direitos\\\/#breadcrumb\",\"itemListElement\":[{\"@type\":\"ListItem\",\"position\":1,\"name\":\"In\u00edcio\",\"item\":\"https:\\\/\\\/renatodias.online\\\/movimento\\\/\"},{\"@type\":\"ListItem\",\"position\":2,\"name\":\"Brasil, Peru, Costa Rica e Col\u00f4mbia Filme aborda desconstru\u00e7\u00e3o de direitos\"}]},{\"@type\":\"WebSite\",\"@id\":\"https:\\\/\\\/renatodias.online\\\/movimento\\\/#website\",\"url\":\"https:\\\/\\\/renatodias.online\\\/movimento\\\/\",\"name\":\"\",\"description\":\"\",\"publisher\":{\"@id\":\"https:\\\/\\\/renatodias.online\\\/movimento\\\/#\\\/schema\\\/person\\\/bbab28833b1725a20f4083f49f1fb2a9\"},\"potentialAction\":[{\"@type\":\"SearchAction\",\"target\":{\"@type\":\"EntryPoint\",\"urlTemplate\":\"https:\\\/\\\/renatodias.online\\\/movimento\\\/?s={search_term_string}\"},\"query-input\":{\"@type\":\"PropertyValueSpecification\",\"valueRequired\":true,\"valueName\":\"search_term_string\"}}],\"inLanguage\":\"pt-BR\"},{\"@type\":[\"Person\",\"Organization\"],\"@id\":\"https:\\\/\\\/renatodias.online\\\/movimento\\\/#\\\/schema\\\/person\\\/bbab28833b1725a20f4083f49f1fb2a9\",\"name\":\"Renato Dias\",\"image\":{\"@type\":\"ImageObject\",\"inLanguage\":\"pt-BR\",\"@id\":\"https:\\\/\\\/renatodias.online\\\/movimento\\\/wp-content\\\/uploads\\\/2023\\\/03\\\/cropped-cropped-cropped-logofinal.jpeg\",\"url\":\"https:\\\/\\\/renatodias.online\\\/movimento\\\/wp-content\\\/uploads\\\/2023\\\/03\\\/cropped-cropped-cropped-logofinal.jpeg\",\"contentUrl\":\"https:\\\/\\\/renatodias.online\\\/movimento\\\/wp-content\\\/uploads\\\/2023\\\/03\\\/cropped-cropped-cropped-logofinal.jpeg\",\"width\":1280,\"height\":219,\"caption\":\"Renato Dias\"},\"logo\":{\"@id\":\"https:\\\/\\\/renatodias.online\\\/movimento\\\/wp-content\\\/uploads\\\/2023\\\/03\\\/cropped-cropped-cropped-logofinal.jpeg\"},\"description\":\"Renato Dias, 58 anos, \u00e9 graduado em Jornalismo, formado em Ci\u00eancias Sociais, com p\u00f3s-gradua\u00e7\u00e3o em Pol\u00edticas P\u00fablicas, mestre em Direito e Rela\u00e7\u00f5es Internacionais, ex-aluno extraordin\u00e1rio do Doutorado em Psicologia Social, ex-estudante do Curso de Psican\u00e1lise do Centro de Estudos Psicanal\u00edticos do Estado de Goi\u00e1s, ministrado pelo m\u00e9dico psiquiatra e psicanalista Daniel Em\u00eddio de Souza. \u00c9 autor de 30 livros-reportagem, oito document\u00e1rios, ganhou 30 pr\u00eamios e \u00e9 torcedor apaixonado do maior do Centro-Oeste, o Vila Nova Futebol Clube. Casado com Meirilane Dias, \u00e9 pai de Juliana Dias, jornalista; Daniel Dias, economista; e Maria Rosa Dias, estudante antifascista, socialista e trotskista.\u00a0Com tr\u00eas pets: Porquinho [Bull Dog Franc\u00eas], Dalila [Basset Hound] e Geleia [Basset Hound]. Al\u00e9m do eterno gato Tutuquinho, que virou estrela.\",\"sameAs\":[\"https:\\\/\\\/www.facebook.com\\\/renato.dias.37\",\"#breve\",\"https:\\\/\\\/renatodias.tumblr.com\\\/\"],\"url\":\"https:\\\/\\\/renatodias.online\\\/movimento\\\/author\\\/renatodias\\\/\"}]}<\/script>\n<!-- \/ Yoast SEO plugin. -->","yoast_head_json":{"title":"Brasil, Peru, Costa Rica e Col\u00f4mbia Filme aborda desconstru\u00e7\u00e3o de direitos -","robots":{"index":"index","follow":"follow","max-snippet":"max-snippet:-1","max-image-preview":"max-image-preview:large","max-video-preview":"max-video-preview:-1"},"canonical":"https:\/\/renatodias.online\/movimento\/2019\/09\/21\/brasil-peru-costa-rica-e-colombia-filme-aborda-desconstrucao-de-direitos\/","og_locale":"pt_BR","og_type":"article","og_title":"Brasil, Peru, Costa Rica e Col\u00f4mbia Filme aborda desconstru\u00e7\u00e3o de direitos -","og_description":"Brasil, Peru, Costa Rica e Col\u00f4mbia Filme aborda desconstru\u00e7\u00e3o de direitos Doutora da Faculdade de Hist\u00f3ria da Universidade Federal de Goi\u00e1s, Alcilene Cavalcante debate tema, dia 30 de setembro, de 12h \u00e0s 14h, no Audit\u00f3rio do ICB, da UFG. Gratuito \u00a0\u00a0 Renato Dias O Cine [Des] Constru\u00e7\u00e3o exibe, no pr\u00f3ximo dia 30 de setembro de","og_url":"https:\/\/renatodias.online\/movimento\/2019\/09\/21\/brasil-peru-costa-rica-e-colombia-filme-aborda-desconstrucao-de-direitos\/","article_publisher":"https:\/\/www.facebook.com\/renato.dias.37","article_author":"https:\/\/www.facebook.com\/renato.dias.37","article_published_time":"2019-09-21T03:09:30+00:00","article_modified_time":"2019-09-21T03:12:10+00:00","og_image":[{"width":714,"height":960,"url":"https:\/\/renatodias.online\/movimento\/wp-content\/uploads\/2019\/09\/Alcilene-Cavalcante-coordenadora.jpg","type":"image\/jpeg"}],"author":"Renato Dias","twitter_card":"summary_large_image","twitter_creator":"@RenatoDiasBat","twitter_site":"@RenatoDiasBat","twitter_misc":{"Escrito por":"Renato Dias","Est. tempo de leitura":"2 minutos"},"schema":{"@context":"https:\/\/schema.org","@graph":[{"@type":"Article","@id":"https:\/\/renatodias.online\/movimento\/2019\/09\/21\/brasil-peru-costa-rica-e-colombia-filme-aborda-desconstrucao-de-direitos\/#article","isPartOf":{"@id":"https:\/\/renatodias.online\/movimento\/2019\/09\/21\/brasil-peru-costa-rica-e-colombia-filme-aborda-desconstrucao-de-direitos\/"},"author":{"name":"Renato Dias","@id":"https:\/\/renatodias.online\/movimento\/#\/schema\/person\/bbab28833b1725a20f4083f49f1fb2a9"},"headline":"Brasil, Peru, Costa Rica e Col\u00f4mbia Filme aborda desconstru\u00e7\u00e3o de direitos","datePublished":"2019-09-21T03:09:30+00:00","dateModified":"2019-09-21T03:12:10+00:00","mainEntityOfPage":{"@id":"https:\/\/renatodias.online\/movimento\/2019\/09\/21\/brasil-peru-costa-rica-e-colombia-filme-aborda-desconstrucao-de-direitos\/"},"wordCount":398,"commentCount":0,"publisher":{"@id":"https:\/\/renatodias.online\/movimento\/#\/schema\/person\/bbab28833b1725a20f4083f49f1fb2a9"},"image":{"@id":"https:\/\/renatodias.online\/movimento\/2019\/09\/21\/brasil-peru-costa-rica-e-colombia-filme-aborda-desconstrucao-de-direitos\/#primaryimage"},"thumbnailUrl":"https:\/\/renatodias.online\/movimento\/wp-content\/uploads\/2019\/09\/Alcilene-Cavalcante-coordenadora.jpg","articleSection":["Agenda","Arte"],"inLanguage":"pt-BR","potentialAction":[{"@type":"CommentAction","name":"Comment","target":["https:\/\/renatodias.online\/movimento\/2019\/09\/21\/brasil-peru-costa-rica-e-colombia-filme-aborda-desconstrucao-de-direitos\/#respond"]}]},{"@type":"WebPage","@id":"https:\/\/renatodias.online\/movimento\/2019\/09\/21\/brasil-peru-costa-rica-e-colombia-filme-aborda-desconstrucao-de-direitos\/","url":"https:\/\/renatodias.online\/movimento\/2019\/09\/21\/brasil-peru-costa-rica-e-colombia-filme-aborda-desconstrucao-de-direitos\/","name":"Brasil, Peru, Costa Rica e Col\u00f4mbia Filme aborda desconstru\u00e7\u00e3o de direitos -","isPartOf":{"@id":"https:\/\/renatodias.online\/movimento\/#website"},"primaryImageOfPage":{"@id":"https:\/\/renatodias.online\/movimento\/2019\/09\/21\/brasil-peru-costa-rica-e-colombia-filme-aborda-desconstrucao-de-direitos\/#primaryimage"},"image":{"@id":"https:\/\/renatodias.online\/movimento\/2019\/09\/21\/brasil-peru-costa-rica-e-colombia-filme-aborda-desconstrucao-de-direitos\/#primaryimage"},"thumbnailUrl":"https:\/\/renatodias.online\/movimento\/wp-content\/uploads\/2019\/09\/Alcilene-Cavalcante-coordenadora.jpg","datePublished":"2019-09-21T03:09:30+00:00","dateModified":"2019-09-21T03:12:10+00:00","breadcrumb":{"@id":"https:\/\/renatodias.online\/movimento\/2019\/09\/21\/brasil-peru-costa-rica-e-colombia-filme-aborda-desconstrucao-de-direitos\/#breadcrumb"},"inLanguage":"pt-BR","potentialAction":[{"@type":"ReadAction","target":["https:\/\/renatodias.online\/movimento\/2019\/09\/21\/brasil-peru-costa-rica-e-colombia-filme-aborda-desconstrucao-de-direitos\/"]}]},{"@type":"ImageObject","inLanguage":"pt-BR","@id":"https:\/\/renatodias.online\/movimento\/2019\/09\/21\/brasil-peru-costa-rica-e-colombia-filme-aborda-desconstrucao-de-direitos\/#primaryimage","url":"https:\/\/renatodias.online\/movimento\/wp-content\/uploads\/2019\/09\/Alcilene-Cavalcante-coordenadora.jpg","contentUrl":"https:\/\/renatodias.online\/movimento\/wp-content\/uploads\/2019\/09\/Alcilene-Cavalcante-coordenadora.jpg","width":714,"height":960,"caption":"A doutora da Faculdade de Hist\u00f3ria da UFG, Alcilene Cavalcante"},{"@type":"BreadcrumbList","@id":"https:\/\/renatodias.online\/movimento\/2019\/09\/21\/brasil-peru-costa-rica-e-colombia-filme-aborda-desconstrucao-de-direitos\/#breadcrumb","itemListElement":[{"@type":"ListItem","position":1,"name":"In\u00edcio","item":"https:\/\/renatodias.online\/movimento\/"},{"@type":"ListItem","position":2,"name":"Brasil, Peru, Costa Rica e Col\u00f4mbia Filme aborda desconstru\u00e7\u00e3o de direitos"}]},{"@type":"WebSite","@id":"https:\/\/renatodias.online\/movimento\/#website","url":"https:\/\/renatodias.online\/movimento\/","name":"","description":"","publisher":{"@id":"https:\/\/renatodias.online\/movimento\/#\/schema\/person\/bbab28833b1725a20f4083f49f1fb2a9"},"potentialAction":[{"@type":"SearchAction","target":{"@type":"EntryPoint","urlTemplate":"https:\/\/renatodias.online\/movimento\/?s={search_term_string}"},"query-input":{"@type":"PropertyValueSpecification","valueRequired":true,"valueName":"search_term_string"}}],"inLanguage":"pt-BR"},{"@type":["Person","Organization"],"@id":"https:\/\/renatodias.online\/movimento\/#\/schema\/person\/bbab28833b1725a20f4083f49f1fb2a9","name":"Renato Dias","image":{"@type":"ImageObject","inLanguage":"pt-BR","@id":"https:\/\/renatodias.online\/movimento\/wp-content\/uploads\/2023\/03\/cropped-cropped-cropped-logofinal.jpeg","url":"https:\/\/renatodias.online\/movimento\/wp-content\/uploads\/2023\/03\/cropped-cropped-cropped-logofinal.jpeg","contentUrl":"https:\/\/renatodias.online\/movimento\/wp-content\/uploads\/2023\/03\/cropped-cropped-cropped-logofinal.jpeg","width":1280,"height":219,"caption":"Renato Dias"},"logo":{"@id":"https:\/\/renatodias.online\/movimento\/wp-content\/uploads\/2023\/03\/cropped-cropped-cropped-logofinal.jpeg"},"description":"Renato Dias, 58 anos, \u00e9 graduado em Jornalismo, formado em Ci\u00eancias Sociais, com p\u00f3s-gradua\u00e7\u00e3o em Pol\u00edticas P\u00fablicas, mestre em Direito e Rela\u00e7\u00f5es Internacionais, ex-aluno extraordin\u00e1rio do Doutorado em Psicologia Social, ex-estudante do Curso de Psican\u00e1lise do Centro de Estudos Psicanal\u00edticos do Estado de Goi\u00e1s, ministrado pelo m\u00e9dico psiquiatra e psicanalista Daniel Em\u00eddio de Souza. \u00c9 autor de 30 livros-reportagem, oito document\u00e1rios, ganhou 30 pr\u00eamios e \u00e9 torcedor apaixonado do maior do Centro-Oeste, o Vila Nova Futebol Clube. Casado com Meirilane Dias, \u00e9 pai de Juliana Dias, jornalista; Daniel Dias, economista; e Maria Rosa Dias, estudante antifascista, socialista e trotskista.\u00a0Com tr\u00eas pets: Porquinho [Bull Dog Franc\u00eas], Dalila [Basset Hound] e Geleia [Basset Hound]. Al\u00e9m do eterno gato Tutuquinho, que virou estrela.","sameAs":["https:\/\/www.facebook.com\/renato.dias.37","#breve","https:\/\/renatodias.tumblr.com\/"],"url":"https:\/\/renatodias.online\/movimento\/author\/renatodias\/"}]}},"_links":{"self":[{"href":"https:\/\/renatodias.online\/movimento\/wp-json\/wp\/v2\/posts\/2496","targetHints":{"allow":["GET"]}}],"collection":[{"href":"https:\/\/renatodias.online\/movimento\/wp-json\/wp\/v2\/posts"}],"about":[{"href":"https:\/\/renatodias.online\/movimento\/wp-json\/wp\/v2\/types\/post"}],"author":[{"embeddable":true,"href":"https:\/\/renatodias.online\/movimento\/wp-json\/wp\/v2\/users\/2"}],"replies":[{"embeddable":true,"href":"https:\/\/renatodias.online\/movimento\/wp-json\/wp\/v2\/comments?post=2496"}],"version-history":[{"count":4,"href":"https:\/\/renatodias.online\/movimento\/wp-json\/wp\/v2\/posts\/2496\/revisions"}],"predecessor-version":[{"id":2502,"href":"https:\/\/renatodias.online\/movimento\/wp-json\/wp\/v2\/posts\/2496\/revisions\/2502"}],"wp:featuredmedia":[{"embeddable":true,"href":"https:\/\/renatodias.online\/movimento\/wp-json\/wp\/v2\/media\/2497"}],"wp:attachment":[{"href":"https:\/\/renatodias.online\/movimento\/wp-json\/wp\/v2\/media?parent=2496"}],"wp:term":[{"taxonomy":"category","embeddable":true,"href":"https:\/\/renatodias.online\/movimento\/wp-json\/wp\/v2\/categories?post=2496"},{"taxonomy":"post_tag","embeddable":true,"href":"https:\/\/renatodias.online\/movimento\/wp-json\/wp\/v2\/tags?post=2496"}],"curies":[{"name":"wp","href":"https:\/\/api.w.org\/{rel}","templated":true}]}}