{"id":2444,"date":"2019-09-13T22:28:38","date_gmt":"2019-09-14T01:28:38","guid":{"rendered":"https:\/\/renatodias.online\/movimento\/?p=2444"},"modified":"2020-05-18T10:25:43","modified_gmt":"2020-05-18T13:25:43","slug":"alma-clandestina-trailer","status":"publish","type":"post","link":"https:\/\/renatodias.online\/movimento\/2019\/09\/13\/alma-clandestina-trailer\/","title":{"rendered":"Atriz da est\u00e9tica da revolu\u00e7\u00e3o"},"content":{"rendered":"<div><strong>Cinema &amp; teatro<\/strong><\/div>\n<div>\n<h1><strong>Atriz da est\u00e9tica da revolu\u00e7\u00e3o<\/strong><\/h1>\n<p><strong>Sara Antunes estreia <\/strong><strong>\u2018<\/strong><strong>Alma Clandestina<\/strong><strong>\u2019<\/strong><strong>, a hist\u00f3ria tr\u00e1gica de Maria Auxiliadora Lara Barce\u00adlos, protagoniza <\/strong><strong>\u2018<\/strong><strong>Deslembro<\/strong><strong>\u2019<\/strong><strong> e est\u00e1 no palco com <\/strong><strong>\u2018<\/strong><strong>Guerrilheiras<\/strong><strong>\u2019<\/strong><\/p>\n<p><strong>Artista \u00e9 personagem na s\u00e9rie <\/strong><strong>\u2018<\/strong><strong>Segunda Chamada<\/strong><strong>\u2019<\/strong><strong>, da TV Globo, que se inicia j\u00e1 no m\u00eas de outubro, de 2019, de Carla Faour\u00a0e\u00a0Julia Spadaccini, dirigida por Joana Jabace<\/strong><\/p>\n<p><strong>\u00a0<\/strong><\/p>\n<p><strong>\u00a0<\/strong><\/p>\n<p><strong>Renato Dias<\/strong><\/p>\n<p><strong>Especial<\/strong><\/p>\n<p><strong>G<\/strong>raduada em Filosofia e formada em Arte Dram\u00e1tica, a \u2018uspiana\u2019 <strong>Sara Antunes<\/strong> protagoniza \u2018<strong>Alma Clandestina<\/strong><strong>\u2019<\/strong>, que deve estrear em 2020, no Brasil. Ap\u00f3s apresenta\u00e7\u00f5es em festivais. O filme conta a tr\u00e1gica hist\u00f3ria da guerrilheira urbana Maria Auxiliadora Lara Barcelos, ex \u2013 mili\u00adtan\u00adte da\u00a0 VAR-Palmares, presa, torturada e trocada pelo embaixador da Su\u00ed\u00e7a no Brasil, Giova\u00adnny Enrich Bucher, em 16 de janeiro de 1971. Setenta presos pol\u00edticos foram para o Chile. Sob Salvador Allende, deposto, em um golpe de Estado civil e militar, em 11 de setembro de 1973. A dissidente pol\u00edtica exilou-se na Alemanha e suicidou-se. A artista circula, hoje, o Brasil, com a pe\u00e7a \u2018<strong>Guerrilheiras<\/strong>\u2019. A revolu\u00e7\u00e3o nas selvas do Araguaia, conflito organizado pelo PC do B, de 1966 a 1975, com um saldo de mais de 70 mortos e desaparecidos. Pela viol\u00eancia da repress\u00e3o da ditadura civil e militar instalada em 1964. Pe\u00e7a de teatro cult, rebelde, singular, sem o dirigismo cultural do realismo socialista. Inventiva, multifacetada, atua ainda no filme de Fl\u00e1via Castro, a mesma diretora de \u2018<strong>Di\u00e1rio de Uma Busca<\/strong><strong>\u2019<\/strong>, cujo t\u00edtulo \u00e9 \u2018<strong>Deslembro<\/strong>\u2019. Uma produ\u00e7\u00e3o cinematogr\u00e1fica do \u2018balacobaco\u2019. De derramar l\u00e1grimas e l\u00e1grimas pela face. Em outubro, ela estar\u00e1 na S\u00e9rie \u2018<strong>Segunda Chamada<\/strong>\u2019, da TV Globo. Sinal de vida inteligente na v\u00eanus platinada. \u00c9 filha de In\u00e1cio Loyola Bueno, ex-padre, envolvido em revoltas oper\u00e1rias, exilado, e de \u00c2ngela Bicalho, ex-freira, psic\u00f3loga que trabalhou com Nise da Silveira, uma m\u00e9dica psiquiatra, antimanicomial, mulher al\u00e9m do seu tempo. M\u00e3e de dois filhos e irm\u00e3 de Pepe Bueno, artista, Sara Antunes anuncia a participa\u00e7\u00e3o, em 2020, na S\u00e9rie \u2018<strong>Todas as Mulheres do Mundo<\/strong><strong>\u2019<\/strong>.Globo.<\/p>\n<p><strong>Leia a \u00edntegra da entrevista:<\/strong><\/p>\n<p><strong>\u00a0<\/strong><strong>\u00a0<\/strong><\/p>\n<p><strong>Qual a sinopse, quem dirige e quando estreia\u00a0 Alma Clandestina?<\/strong><\/p>\n<p><strong>Sara Antunes &#8211; Alma Clandestina<\/strong>\u00a0\u00e9 uma biografia sensorial e emocional\u00a0de uma guerrilheira. Maria Auxiliadora Lara Barcelos. Uma militante pol\u00edtica que lutou contra a ditadura militar instaurada no Brasil em 1964. Presa, torturada e banida do pa\u00eds, ela acabou se suicidando durante o ex\u00edlio, em Berlim. O filme \u00e9 um doc-drama. Dirigido pelo\u00a0portugu\u00eas Jos\u00e9 Barahona e esteve j\u00e1 no pa\u00eds na Mostra de S\u00e3o Paulo e em outros Festivais pelo Brasil e pelo mundo. Ele j\u00e1 estreou em Portugal. Estamos lutando para que ele saia por aqui\u00a0tamb\u00e9m ou tentando criar\u00a0possibilidades para\u00a0sess\u00f5es especiais.<\/p>\n<p><strong>\u00a0<\/strong><\/p>\n<p><strong>Presa, submetida a torturas, trocada na turma dos 70, em 1971, militante da \u00a0VAR &#8211; Palmares, quem era a estudante de Medicina Maria Auxiliadora Lara Barcelos?<\/strong><\/p>\n<p><strong>Sara Antunes &#8211;<\/strong> Uma mulher fundamental, curiosa, inquieta, inteligent\u00edssima, apaixonada, corajosa e com uma sensibilidade aflorada. Veja: parece elogios, mas\u00a0s\u00e3o caracter\u00edsticas dif\u00edceis para uma mulher neste mundo mis\u00f3gino, sobretudo em plena ditadura, quando todos os monstros e toda\u00a0a obscuridade que a sociedade alimenta est\u00e3o legitimados e tem o aval\u00a0para agir e se mostrar.<\/p>\n<p><img loading=\"lazy\" decoding=\"async\" class=\"alignnone wp-image-2449 size-large\" src=\"https:\/\/renatodias.online\/movimento\/wp-content\/uploads\/2019\/09\/AlmaClandestina_4-1024x576.png\" alt=\"\" width=\"1024\" height=\"576\" srcset=\"https:\/\/renatodias.online\/movimento\/wp-content\/uploads\/2019\/09\/AlmaClandestina_4-1024x576.png 1024w, https:\/\/renatodias.online\/movimento\/wp-content\/uploads\/2019\/09\/AlmaClandestina_4-300x169.png 300w, https:\/\/renatodias.online\/movimento\/wp-content\/uploads\/2019\/09\/AlmaClandestina_4-768x432.png 768w, https:\/\/renatodias.online\/movimento\/wp-content\/uploads\/2019\/09\/AlmaClandestina_4-750x422.png 750w, https:\/\/renatodias.online\/movimento\/wp-content\/uploads\/2019\/09\/AlmaClandestina_4.png 1920w\" sizes=\"auto, (max-width: 1024px) 100vw, 1024px\" \/><\/p>\n<p><strong>\u00a0<\/strong><\/p>\n<p><strong>O que a levou ao suic\u00eddio, na Alemanha, sob seu ex\u00edlio?<\/strong><\/p>\n<p><strong>Sara Antunes &#8211;<\/strong> \u00c9 complexo. Nunca vamos saber ao certo. O filme levanta os pontos. Aproximar-me\u00a0 cada vez mais dela e do que passou me fez conhecer uma dor nova, imensa. Um peso que Dora precisou carregar por sua escolha, ela teve enfrentamento direto, ficou cara -a -cara\u00a0com esse monstro verde-amarelo\u00a0que citei.<\/p>\n<p>&nbsp;<\/p>\n<p><strong>Qual a sua leitura hist\u00f3rica e est\u00e9tica de\u00a0 Guerrilheiras? Longe dos c\u00e2nones do dirigismo cultural do Realismo Socialista e da arte engajada? Um sopro po\u00e9tico, dramat\u00fargico que dialoga com o cinema.<\/strong><\/p>\n<p><img loading=\"lazy\" decoding=\"async\" class=\"aligncenter wp-image-2450 size-large\" src=\"https:\/\/renatodias.online\/movimento\/wp-content\/uploads\/2019\/09\/captura-sem-nome-162-798x1024.jpg\" alt=\"\" width=\"798\" height=\"1024\" srcset=\"https:\/\/renatodias.online\/movimento\/wp-content\/uploads\/2019\/09\/captura-sem-nome-162-798x1024.jpg 798w, https:\/\/renatodias.online\/movimento\/wp-content\/uploads\/2019\/09\/captura-sem-nome-162-234x300.jpg 234w, https:\/\/renatodias.online\/movimento\/wp-content\/uploads\/2019\/09\/captura-sem-nome-162-768x986.jpg 768w, https:\/\/renatodias.online\/movimento\/wp-content\/uploads\/2019\/09\/captura-sem-nome-162-750x963.jpg 750w\" sizes=\"auto, (max-width: 798px) 100vw, 798px\" \/><\/p>\n<p><strong>Sara Antunes &#8211;<\/strong> <strong>Guerrilheiras ou Para a Terra N\u00e3o H\u00e1 Desaparecidos <\/strong>\u00e9 uma pe\u00e7a que me marcou profundamente. J\u00e1 que aborda a hist\u00f3ria das mulheres que lutaram na Guerrilha do Araguaia. Mulheres que n\u00e3o puderam dar o testemunho da viol\u00eancia que sofreram, que \u00a0entregaram muito jovens a vida na luta por um mundo mais justo e foram assassinadas pelo Estado Brasileiro. Os corpos n\u00e3o foram encontrados. Ent\u00e3o trouxemos a perspectiva da Terra. A Terra sabe onde esses corpos est\u00e3o e de algum ponto do nosso solo brasileiro elas ainda gritam para serem encontrados. Para serem ouvidos. Elas ainda gritam as \u00a0injusti\u00e7as que as levaram a luta armada. Fizemos a pe\u00e7a antes do golpe contra Dilma Rousseff e tudo isso que estamos vivendo. Ach\u00e1vamos que era uma\u00a0pe\u00e7a homenagem. O passado nos atropelou e hoje \u00e9 atual,\u00a0necess\u00e1ria e temos ouvido que \u00e9 perigosa. A arte tem isso, antecipa momentos,\u00a0afinal\u00a0n\u00e3o era uma homenagem, eram\u00a0elas que voltavam para continuar a luta, nos apoiar nesse momento t\u00e3o dif\u00edcil. \u00a0\u00c9\u00a0uma perspectiva bonita de esp\u00edritos que ainda est\u00e3o aqui nos ajudando. Tal como canta Mercedes Sosa no fim da pe\u00e7a. \u201cTantas vezes me mataram.\u00a0 Tanta vezes eu morri. Mas agora estou aqui. Ressuscitando\u201d.<\/p>\n<p>&nbsp;<\/p>\n<p><strong>\u2018<\/strong><strong>Deslembro<\/strong><strong>\u2019<\/strong><strong>, de Fl\u00e1via Castro, tem um tom autobiogr\u00e1fico da diretora, n\u00e3o? Como o mesmo itiner\u00e1rio de ex\u00edlio do seu pai: Brasil, Chile, Fran\u00e7a, anistia. Celso Castro, trotskista, presente no pimpolho Leon. Uma morte violenta. Como a de Eduardo. A an\u00e1lise possui fundamento? Como viu o seu papel no drama pol\u00edtico?<\/strong><\/p>\n<p><strong>Sara Antunes &#8211;<\/strong> Fl\u00e1via Castro talvez respondesse melhor [risos], mas, j\u00e1 vi ela falando que durante\u00a0a feitura do\u00a0bel\u00edssimo document\u00e1rio sobre o pai <strong>\u2018<\/strong><strong>Di\u00e1rio de Uma Busca<\/strong><strong>\u2019<\/strong> surgiu a ideia de fazer <strong>\u2018<\/strong><strong>Deslembro<\/strong><strong>\u2019<\/strong><strong>, <\/strong>ent\u00e3o sim, vejo que h\u00e1 cruzamento de realidade e fic\u00e7\u00e3o mas,\u00a0sobretudo porque Fl\u00e1via Castro viveu o ex\u00edlio crian\u00e7a e adolescente, voltou para o Brasil na Anistia. H\u00e1 muita propriedade no sentimento do filme. Todo campo sensorial de reencontro com o Brasil \u00e9 muito precioso, singular, jamais encontraremos em livros de hist\u00f3ria, mas, a hist\u00f3ria exata de Cel\u00adso de Castro n\u00e3o \u00e9 a mesma de Eduardo, do filme. Em <strong>\u2018<\/strong><strong>Deslembro<\/strong><strong>\u2019<\/strong> fa\u00e7o Ana, que perde o com\u00adpanheiro para a ditadura, precisa criar uma filha, cria uma fam\u00edlia na luta, \u00a0cheia de sin\u00adgularidades e carrega a\u00a0marca do per\u00edodo. Com o sil\u00eancio necess\u00e1rio para continuar vivendo.\u00a0A filha Joana que vai fazer sair essas palavras, como num rito tardio de luto e entendimento da pr\u00f3pria hist\u00f3ria. O filme \u00e9 bonito e j\u00e1 est\u00e1 dispon\u00edvel nas plataformas digitais. \u00a0 \u00a0 \u00a0 \u00a0<strong>\u00a0<\/strong><\/p>\n<p>&nbsp;<\/p>\n<p><strong>Como \u00e9 trabalhar com Fl\u00e1via Castro?<\/strong><\/p>\n<p><strong>Sara Antunes &#8211;<\/strong> Para mim foi\u00a0um grande encontro da vida. Encontrar parceiros art\u00edsticos com afinidade \u00e9 um presente.\u00a0Eu admiro e respeito Fl\u00e1via Castro t\u00e3o profundamente&#8230; Nem sei dizer.\u00a0Ela fez uma equipe de mulheres fant\u00e1sticas e n\u00e3o perdeu nunca a escuta, o respeito. \u00c9 uma artista sens\u00edvel, delicada, ficamos amigas e\u00a0quero muito poder trabalhar mais\u00a0com ela nessa vida e com certeza\u00a0acompanhar de perto toda sua cria\u00e7\u00e3o.<\/p>\n<p><img loading=\"lazy\" decoding=\"async\" class=\"wp-image-2451 size-full aligncenter\" src=\"https:\/\/renatodias.online\/movimento\/wp-content\/uploads\/2019\/09\/Deslembro.jpg\" alt=\"\" width=\"777\" height=\"435\" srcset=\"https:\/\/renatodias.online\/movimento\/wp-content\/uploads\/2019\/09\/Deslembro.jpg 777w, https:\/\/renatodias.online\/movimento\/wp-content\/uploads\/2019\/09\/Deslembro-300x168.jpg 300w, https:\/\/renatodias.online\/movimento\/wp-content\/uploads\/2019\/09\/Deslembro-768x430.jpg 768w, https:\/\/renatodias.online\/movimento\/wp-content\/uploads\/2019\/09\/Deslembro-750x420.jpg 750w\" sizes=\"auto, (max-width: 777px) 100vw, 777px\" \/><\/p>\n<p>&nbsp;<\/p>\n<p><strong>O que \u00e9 a produ\u00e7\u00e3o de outubro da Tv Globo &#8211; Paulo Freire?<\/strong><\/p>\n<p><strong>Sara Antunes &#8211;<\/strong>\u00a0\u00a0A s\u00e9rie se\u00a0chama <strong>\u2018<\/strong><strong>Segunda Chamada<\/strong><strong>\u2019,<\/strong><strong> \u00a0<\/strong>escrita por duas\u00a0mulheres\u00a0<strong>Carla Faour<\/strong>\u00a0e\u00a0<strong>Julia Spadaccini, <\/strong>dirigida por\u00a0<strong>Joana Jabace <\/strong>e se passa em uma escola que homenageia outra mulher\u00a0EJA Carolina Maria de Jesus. Ent\u00e3o, repare, estou com sorte, de estar t\u00e3o bem acompanhada sempre ao lado de mulheres profundas e comprometidas. Tenho a\u00a0 impress\u00e3o que ser\u00e1 importante por conta do alcance da\u00a0 televis\u00e3o, nesse momento de tanta\u00a0 invers\u00e3o de paradigmas falar sobre\u00a0educa\u00e7\u00e3o,\u00a0enaltecer Paulo Freire e todo seu legado, reconhecer a\u00a0import\u00e2ncia dos professores \u00e9 \u00a0importante e fundamental. \u00a0Al\u00e9m disso, a s\u00e9rie vai tocar em\u00a0assuntos\u00a0pol\u00eamicos como a\u00a0discuss\u00e3o de\u00a0g\u00eanero, aborto,\u00a0amamenta\u00e7\u00e3o, preconceito. Cada\u00a0problem\u00e1tica de um aluno vai ecoar em um capitulo. Eu fa\u00e7o M\u00e1rcia que \u00e9 uma mulher\u00a0evang\u00e9lica prestes a ser m\u00e3e. Tentei fazer com respeito para que\u00a0justamente a gente consiga se aproximar e entender essa onda religiosa. Onda t\u00e3o perigosa, mas, ao mesmo tempo t\u00e3o atraente para grande parte da\u00a0popula\u00e7\u00e3o. E mostrar a realidade da maternidade na periferia para a mulher que quer continuar os estudos. Estou curiosa!<\/p>\n<p><strong>\u00a0<\/strong><\/p>\n<p><strong>Projetos seus para 2019 e 2020?<\/strong><\/p>\n<p><strong>Sara Antunes &#8211;<\/strong> Em 2020 vai estrear outra s\u00e9rie na Globo que estou gravando agora chamada \u00a0<strong>\u2018<\/strong><strong>Todas as Mulheres do Mundo<\/strong><strong>\u2019<\/strong> que homenageia a obra do meu grande amigo Domingos Oliveira. Ent\u00e3o, esse \u00e9 um trabalho tamb\u00e9m feito com muito cora\u00e7\u00e3o. Poder estar perto dele novamente numa cria\u00e7\u00e3o\u00a0\u00e9 um respiro neste ano. Em 2020 espero\u00a0fazer\u00a0as pe\u00e7as do repert\u00f3rio: Corpos Opacos, dire\u00e7\u00e3o de Yara de Novaes; Leopoldina Independ\u00eancia e Morte, di\u00adre\u00ad\u00e7\u00e3o de Marcos Damigo. Um pouco de sa\u00fade \u00e0 minha vida diante da toxidade atual do Brasil.<\/p>\n<p>&nbsp;<\/p>\n<p><strong>Tempo Presente &#8211; A Era Jair Bolsonaro: o que dizer?<\/strong><\/p>\n<p><strong>Sara Antunes &#8211;<\/strong> \u00c9 a nega\u00e7\u00e3o de tudo o que eu acredito, tudo que fui ensinada, tudo que espero em termos de postura no mundo para os meus filhos. \u00c9 um per\u00edodo muito triste mas, eu li uma entrevista da minha amiga e colega Linn da Quebrada [ela faz a s\u00e9rie comigo] quando questionada pelo\u00a0fato de ser uma mulher \u2018trans\u2019 se a\u00a0onda conservadora lhe causava medo,\u00a0ela respondeu\u00a0\u201cN\u00f3s estamos ocupando espa\u00e7os. Quem est\u00e1 assustada \u00e9 uma classe conservadora, que se v\u00ea perdendo territ\u00f3rio. Eu tamb\u00e9m estaria se estivesse na pele deles\u201d. Achei linda e\u00a0esperan\u00e7osa a\u00a0invers\u00e3o de perspectiva. Essa onda fascista que estamos vivendo \u00e9 resposta \u00a0de um medo da classe conservadora, elitista e preconceituosa que n\u00e3o estava aguentando ver\u00a0os passos\u00a0m\u00ednimos sendo dados\u00a0em\u00a0dire\u00e7\u00e3o a um mundo mais diverso, tolerante, \u00a0menos injusto e como sempre vimos na hist\u00f3ria, eles reagem com viol\u00eancia e\u00a0ignor\u00e2ncia extrema. Mas a onda vai e volta. Precisamos nos organizar cada qual na sua\u00a0\u00e1rea e nos unirmos para virar a mar\u00e9.<\/p>\n<p><img loading=\"lazy\" decoding=\"async\" class=\"aligncenter wp-image-2452 size-large\" src=\"https:\/\/renatodias.online\/movimento\/wp-content\/uploads\/2019\/09\/Guerrilheiras-1024x1022.jpg\" alt=\"\" width=\"1024\" height=\"1022\" srcset=\"https:\/\/renatodias.online\/movimento\/wp-content\/uploads\/2019\/09\/Guerrilheiras-1024x1022.jpg 1024w, https:\/\/renatodias.online\/movimento\/wp-content\/uploads\/2019\/09\/Guerrilheiras-150x150.jpg 150w, https:\/\/renatodias.online\/movimento\/wp-content\/uploads\/2019\/09\/Guerrilheiras-300x300.jpg 300w, https:\/\/renatodias.online\/movimento\/wp-content\/uploads\/2019\/09\/Guerrilheiras-768x767.jpg 768w, https:\/\/renatodias.online\/movimento\/wp-content\/uploads\/2019\/09\/Guerrilheiras-750x749.jpg 750w, https:\/\/renatodias.online\/movimento\/wp-content\/uploads\/2019\/09\/Guerrilheiras.jpg 1073w\" sizes=\"auto, (max-width: 1024px) 100vw, 1024px\" \/><\/p>\n<p>&nbsp;<\/p>\n<p><strong>Qual \u00e9 a singular\u00a0 hist\u00f3ria de seu pai, da sua fam\u00edlia e o mix de influ\u00eancias na sua carreira?<\/strong><\/p>\n<p><strong>Sara Antunes \u2013<\/strong> O meu pai, j\u00e1 falecido, era de 1926. \u00a0In\u00e1cio\u00a0de Loyola Bueno\u00a0foi 30 anos padre e exilado pela ditadura militar por se envolver na luta oper\u00e1ria de Volta Redonda aonde atuava na Igreja Cat\u00f3lica. J\u00e1 a minha m\u00e3e \u00c2ngela Bicalho foi freira durante nove anos. Ela saiu para trabalhar com a m\u00e9dica psiquiatra revolucion\u00e1ria, al\u00e9m do seu tempo, Nise da Silveira, e exercer psicologia. Os dois se conheceram, ele como psicanalista, ela como\u00a0psic\u00f3loga. Na volta dele do\u00a0ex\u00edlio. \u00a0Pessoas muito singulares. Eu tenho muito orgulho da hist\u00f3ria deles. Como precisaram sair da\u00a0religi\u00e3o para exercer a\u00a0voca\u00e7\u00e3o\u00a0humanit\u00e1ria. Como tentaram dar pra mim e para o meu\u00a0irm\u00e3o Pepe Bueno,\u00a0tamb\u00e9m artista, uma\u00a0cria\u00e7\u00e3o libert\u00e1ria. Eles sempre foram muito politizados. Pol\u00edtica era um assunto cotidiano, importante. Em tudo que fa\u00e7o vejo a hist\u00f3ria deles. Sigo honrando e prolongando as suas escolhas.<\/p>\n<p>&nbsp;<\/p>\n<p><strong>Qual a sua hist\u00f3ria e refer\u00eancias na dramaturgia e no cinema?<\/strong><\/p>\n<p><strong>Sara Antunes &#8211;<\/strong> Sou formada em Filosofia pela USP e tamb\u00e9m em arte dram\u00e1tica. Eu\u00a0 tenho dois filhos. Venho trabalhando sobre o corpo da mulher em m\u00faltiplas perspectivas. Desde a\u00a0minha primeira pe\u00e7a teatral, que escrevi conjuntamente, com 18 para 19\u00a0anos, chamada <strong>\u2018<\/strong><strong>Hysteria<\/strong><strong>\u2019<\/strong>. Uma trajet\u00f3ria art\u00edstica de quase 20 anos. Com mais de 15 obras teatrais. Com temporadas no Brasil e fora tamb\u00e9m. Premiadas, 10 longas-metragens, curtas e trabalhos para a TV. Tenho muito orgulho de ser uma trabalhadora de Cultura do Brasil e fazer uma trajet\u00f3ria coerente, conseguir sobreviver e\u00a0criar meus filhos sendo artista.<\/p>\n<p>&nbsp;<\/p>\n<\/div>\n<div><\/div>\n<div><\/div>\n<div>\n<p><iframe loading=\"lazy\" title=\"Alma Clandestina, Trailer\" width=\"960\" height=\"540\" src=\"https:\/\/www.youtube.com\/embed\/leU_yLzndzk?feature=oembed\" frameborder=\"0\" allow=\"accelerometer; autoplay; clipboard-write; encrypted-media; gyroscope; picture-in-picture; web-share\" referrerpolicy=\"strict-origin-when-cross-origin\" allowfullscreen><\/iframe><\/p>\n<\/div>\n<div><\/div>\n<div><\/div>\n<div>\n<div id=\"m_3742680342636041978m_-2971083431941845695m_6439126109831688721m_-506823642910808851m_-5447601220903389722m_-7474637739460551616LPTitle_15680027420000.7796629059594125\">Alma Clandestina, Trailer<\/div>\n<div id=\"m_3742680342636041978m_-2971083431941845695m_6439126109831688721m_-506823642910808851m_-5447601220903389722m_-7474637739460551616LPMetadata_15680027420010.7499722291249782\"><\/div>\n<div id=\"m_3742680342636041978m_-2971083431941845695m_6439126109831688721m_-506823642910808851m_-5447601220903389722m_-7474637739460551616LPDescription_15680027420010.6195720075629652\">Refinaria Filmes (Brasil), Document\u00e1rio, 100min, 2018. SINOPSE Maria Auxiliadora Lara Barcellos foi uma militante pol\u00edtica que lutou contra a ditadura brasileira nos anos 1960. Ela foi presa, torturada, banida e acabou se suicidando no ex\u00edlio, em Berlim, em 1976. \u201cAlma Clandestina\u201d \u00e9 um filme sensorial e emocional. Uma biografia, mas &#8230;<\/div>\n<\/div>\n<div><\/div>\n<div><\/div>\n<div><\/div>\n","protected":false},"excerpt":{"rendered":"<p>Cinema &amp; teatro Atriz da est\u00e9tica da revolu\u00e7\u00e3o Sara Antunes estreia \u2018Alma Clandestina\u2019, a hist\u00f3ria tr\u00e1gica de Maria Auxiliadora Lara Barce\u00adlos, protagoniza \u2018Deslembro\u2019 e est\u00e1 no palco com \u2018Guerrilheiras\u2019 Artista \u00e9 personagem na s\u00e9rie \u2018Segunda Chamada\u2019, da TV Globo, que se inicia j\u00e1 no m\u00eas de outubro, de 2019, de Carla Faour\u00a0e\u00a0Julia Spadaccini, dirigida por<\/p>\n","protected":false},"author":2,"featured_media":2453,"comment_status":"open","ping_status":"open","sticky":false,"template":"","format":"video","meta":{"_acf_changed":false,"_monsterinsights_skip_tracking":false,"_monsterinsights_sitenote_active":false,"_monsterinsights_sitenote_note":"","_monsterinsights_sitenote_category":0,"footnotes":""},"categories":[2,1,57],"tags":[],"class_list":["post-2444","post","type-post","status-publish","format-video","has-post-thumbnail","hentry","category-arte","category-cinema","category-entrevista","post_format-post-format-video"],"acf":[],"yoast_head":"<!-- This site is optimized with the Yoast SEO plugin v27.4 - https:\/\/yoast.com\/product\/yoast-seo-wordpress\/ -->\n<title>Atriz da est\u00e9tica da revolu\u00e7\u00e3o -<\/title>\n<meta name=\"robots\" content=\"index, follow, max-snippet:-1, max-image-preview:large, max-video-preview:-1\" \/>\n<link rel=\"canonical\" href=\"https:\/\/renatodias.online\/movimento\/2019\/09\/13\/alma-clandestina-trailer\/\" \/>\n<meta property=\"og:locale\" content=\"pt_BR\" \/>\n<meta property=\"og:type\" content=\"article\" \/>\n<meta property=\"og:title\" content=\"Atriz da est\u00e9tica da revolu\u00e7\u00e3o -\" \/>\n<meta property=\"og:description\" content=\"Cinema &amp; teatro Atriz da est\u00e9tica da revolu\u00e7\u00e3o Sara Antunes estreia \u2018Alma Clandestina\u2019, a hist\u00f3ria tr\u00e1gica de Maria Auxiliadora Lara Barce\u00adlos, protagoniza \u2018Deslembro\u2019 e est\u00e1 no palco com \u2018Guerrilheiras\u2019 Artista \u00e9 personagem na s\u00e9rie \u2018Segunda Chamada\u2019, da TV Globo, que se inicia j\u00e1 no m\u00eas de outubro, de 2019, de Carla Faour\u00a0e\u00a0Julia Spadaccini, dirigida por\" \/>\n<meta property=\"og:url\" content=\"https:\/\/renatodias.online\/movimento\/2019\/09\/13\/alma-clandestina-trailer\/\" \/>\n<meta property=\"article:publisher\" content=\"https:\/\/www.facebook.com\/renato.dias.37\" \/>\n<meta property=\"article:author\" content=\"https:\/\/www.facebook.com\/renato.dias.37\" \/>\n<meta property=\"article:published_time\" content=\"2019-09-14T01:28:38+00:00\" \/>\n<meta property=\"article:modified_time\" content=\"2020-05-18T13:25:43+00:00\" \/>\n<meta property=\"og:image\" content=\"https:\/\/renatodias.online\/movimento\/wp-content\/uploads\/2019\/09\/Sara-Antunes.jpg\" \/>\n\t<meta property=\"og:image:width\" content=\"620\" \/>\n\t<meta property=\"og:image:height\" content=\"450\" \/>\n\t<meta property=\"og:image:type\" content=\"image\/jpeg\" \/>\n<meta name=\"author\" content=\"Renato Dias\" \/>\n<meta name=\"twitter:card\" content=\"summary_large_image\" \/>\n<meta name=\"twitter:creator\" content=\"@RenatoDiasBat\" \/>\n<meta name=\"twitter:site\" content=\"@RenatoDiasBat\" \/>\n<meta name=\"twitter:label1\" content=\"Escrito por\" \/>\n\t<meta name=\"twitter:data1\" content=\"Renato Dias\" \/>\n\t<meta name=\"twitter:label2\" content=\"Est. tempo de leitura\" \/>\n\t<meta name=\"twitter:data2\" content=\"10 minutos\" \/>\n<script type=\"application\/ld+json\" class=\"yoast-schema-graph\">{\"@context\":\"https:\\\/\\\/schema.org\",\"@graph\":[{\"@type\":\"Article\",\"@id\":\"https:\\\/\\\/renatodias.online\\\/movimento\\\/2019\\\/09\\\/13\\\/alma-clandestina-trailer\\\/#article\",\"isPartOf\":{\"@id\":\"https:\\\/\\\/renatodias.online\\\/movimento\\\/2019\\\/09\\\/13\\\/alma-clandestina-trailer\\\/\"},\"author\":{\"name\":\"Renato Dias\",\"@id\":\"https:\\\/\\\/renatodias.online\\\/movimento\\\/#\\\/schema\\\/person\\\/bbab28833b1725a20f4083f49f1fb2a9\"},\"headline\":\"Atriz da est\u00e9tica da revolu\u00e7\u00e3o\",\"datePublished\":\"2019-09-14T01:28:38+00:00\",\"dateModified\":\"2020-05-18T13:25:43+00:00\",\"mainEntityOfPage\":{\"@id\":\"https:\\\/\\\/renatodias.online\\\/movimento\\\/2019\\\/09\\\/13\\\/alma-clandestina-trailer\\\/\"},\"wordCount\":2086,\"commentCount\":0,\"publisher\":{\"@id\":\"https:\\\/\\\/renatodias.online\\\/movimento\\\/#\\\/schema\\\/person\\\/bbab28833b1725a20f4083f49f1fb2a9\"},\"image\":{\"@id\":\"https:\\\/\\\/renatodias.online\\\/movimento\\\/2019\\\/09\\\/13\\\/alma-clandestina-trailer\\\/#primaryimage\"},\"thumbnailUrl\":\"https:\\\/\\\/renatodias.online\\\/movimento\\\/wp-content\\\/uploads\\\/2019\\\/09\\\/Sara-Antunes.jpg\",\"articleSection\":[\"Arte\",\"Cinema\",\"Entrevista\"],\"inLanguage\":\"pt-BR\",\"potentialAction\":[{\"@type\":\"CommentAction\",\"name\":\"Comment\",\"target\":[\"https:\\\/\\\/renatodias.online\\\/movimento\\\/2019\\\/09\\\/13\\\/alma-clandestina-trailer\\\/#respond\"]}]},{\"@type\":\"WebPage\",\"@id\":\"https:\\\/\\\/renatodias.online\\\/movimento\\\/2019\\\/09\\\/13\\\/alma-clandestina-trailer\\\/\",\"url\":\"https:\\\/\\\/renatodias.online\\\/movimento\\\/2019\\\/09\\\/13\\\/alma-clandestina-trailer\\\/\",\"name\":\"Atriz da est\u00e9tica da revolu\u00e7\u00e3o -\",\"isPartOf\":{\"@id\":\"https:\\\/\\\/renatodias.online\\\/movimento\\\/#website\"},\"primaryImageOfPage\":{\"@id\":\"https:\\\/\\\/renatodias.online\\\/movimento\\\/2019\\\/09\\\/13\\\/alma-clandestina-trailer\\\/#primaryimage\"},\"image\":{\"@id\":\"https:\\\/\\\/renatodias.online\\\/movimento\\\/2019\\\/09\\\/13\\\/alma-clandestina-trailer\\\/#primaryimage\"},\"thumbnailUrl\":\"https:\\\/\\\/renatodias.online\\\/movimento\\\/wp-content\\\/uploads\\\/2019\\\/09\\\/Sara-Antunes.jpg\",\"datePublished\":\"2019-09-14T01:28:38+00:00\",\"dateModified\":\"2020-05-18T13:25:43+00:00\",\"breadcrumb\":{\"@id\":\"https:\\\/\\\/renatodias.online\\\/movimento\\\/2019\\\/09\\\/13\\\/alma-clandestina-trailer\\\/#breadcrumb\"},\"inLanguage\":\"pt-BR\",\"potentialAction\":[{\"@type\":\"ReadAction\",\"target\":[\"https:\\\/\\\/renatodias.online\\\/movimento\\\/2019\\\/09\\\/13\\\/alma-clandestina-trailer\\\/\"]}]},{\"@type\":\"ImageObject\",\"inLanguage\":\"pt-BR\",\"@id\":\"https:\\\/\\\/renatodias.online\\\/movimento\\\/2019\\\/09\\\/13\\\/alma-clandestina-trailer\\\/#primaryimage\",\"url\":\"https:\\\/\\\/renatodias.online\\\/movimento\\\/wp-content\\\/uploads\\\/2019\\\/09\\\/Sara-Antunes.jpg\",\"contentUrl\":\"https:\\\/\\\/renatodias.online\\\/movimento\\\/wp-content\\\/uploads\\\/2019\\\/09\\\/Sara-Antunes.jpg\",\"width\":620,\"height\":450,\"caption\":\"Sara Antunes\"},{\"@type\":\"BreadcrumbList\",\"@id\":\"https:\\\/\\\/renatodias.online\\\/movimento\\\/2019\\\/09\\\/13\\\/alma-clandestina-trailer\\\/#breadcrumb\",\"itemListElement\":[{\"@type\":\"ListItem\",\"position\":1,\"name\":\"In\u00edcio\",\"item\":\"https:\\\/\\\/renatodias.online\\\/movimento\\\/\"},{\"@type\":\"ListItem\",\"position\":2,\"name\":\"Atriz da est\u00e9tica da revolu\u00e7\u00e3o\"}]},{\"@type\":\"WebSite\",\"@id\":\"https:\\\/\\\/renatodias.online\\\/movimento\\\/#website\",\"url\":\"https:\\\/\\\/renatodias.online\\\/movimento\\\/\",\"name\":\"\",\"description\":\"\",\"publisher\":{\"@id\":\"https:\\\/\\\/renatodias.online\\\/movimento\\\/#\\\/schema\\\/person\\\/bbab28833b1725a20f4083f49f1fb2a9\"},\"potentialAction\":[{\"@type\":\"SearchAction\",\"target\":{\"@type\":\"EntryPoint\",\"urlTemplate\":\"https:\\\/\\\/renatodias.online\\\/movimento\\\/?s={search_term_string}\"},\"query-input\":{\"@type\":\"PropertyValueSpecification\",\"valueRequired\":true,\"valueName\":\"search_term_string\"}}],\"inLanguage\":\"pt-BR\"},{\"@type\":[\"Person\",\"Organization\"],\"@id\":\"https:\\\/\\\/renatodias.online\\\/movimento\\\/#\\\/schema\\\/person\\\/bbab28833b1725a20f4083f49f1fb2a9\",\"name\":\"Renato Dias\",\"image\":{\"@type\":\"ImageObject\",\"inLanguage\":\"pt-BR\",\"@id\":\"https:\\\/\\\/renatodias.online\\\/movimento\\\/wp-content\\\/uploads\\\/2023\\\/03\\\/cropped-cropped-cropped-logofinal.jpeg\",\"url\":\"https:\\\/\\\/renatodias.online\\\/movimento\\\/wp-content\\\/uploads\\\/2023\\\/03\\\/cropped-cropped-cropped-logofinal.jpeg\",\"contentUrl\":\"https:\\\/\\\/renatodias.online\\\/movimento\\\/wp-content\\\/uploads\\\/2023\\\/03\\\/cropped-cropped-cropped-logofinal.jpeg\",\"width\":1280,\"height\":219,\"caption\":\"Renato Dias\"},\"logo\":{\"@id\":\"https:\\\/\\\/renatodias.online\\\/movimento\\\/wp-content\\\/uploads\\\/2023\\\/03\\\/cropped-cropped-cropped-logofinal.jpeg\"},\"description\":\"Renato Dias, 58 anos, \u00e9 graduado em Jornalismo, formado em Ci\u00eancias Sociais, com p\u00f3s-gradua\u00e7\u00e3o em Pol\u00edticas P\u00fablicas, mestre em Direito e Rela\u00e7\u00f5es Internacionais, ex-aluno extraordin\u00e1rio do Doutorado em Psicologia Social, ex-estudante do Curso de Psican\u00e1lise do Centro de Estudos Psicanal\u00edticos do Estado de Goi\u00e1s, ministrado pelo m\u00e9dico psiquiatra e psicanalista Daniel Em\u00eddio de Souza. \u00c9 autor de 30 livros-reportagem, oito document\u00e1rios, ganhou 30 pr\u00eamios e \u00e9 torcedor apaixonado do maior do Centro-Oeste, o Vila Nova Futebol Clube. Casado com Meirilane Dias, \u00e9 pai de Juliana Dias, jornalista; Daniel Dias, economista; e Maria Rosa Dias, estudante antifascista, socialista e trotskista.\u00a0Com tr\u00eas pets: Porquinho [Bull Dog Franc\u00eas], Dalila [Basset Hound] e Geleia [Basset Hound]. Al\u00e9m do eterno gato Tutuquinho, que virou estrela.\",\"sameAs\":[\"https:\\\/\\\/www.facebook.com\\\/renato.dias.37\",\"#breve\",\"https:\\\/\\\/renatodias.tumblr.com\\\/\"],\"url\":\"https:\\\/\\\/renatodias.online\\\/movimento\\\/author\\\/renatodias\\\/\"}]}<\/script>\n<!-- \/ Yoast SEO plugin. -->","yoast_head_json":{"title":"Atriz da est\u00e9tica da revolu\u00e7\u00e3o -","robots":{"index":"index","follow":"follow","max-snippet":"max-snippet:-1","max-image-preview":"max-image-preview:large","max-video-preview":"max-video-preview:-1"},"canonical":"https:\/\/renatodias.online\/movimento\/2019\/09\/13\/alma-clandestina-trailer\/","og_locale":"pt_BR","og_type":"article","og_title":"Atriz da est\u00e9tica da revolu\u00e7\u00e3o -","og_description":"Cinema &amp; teatro Atriz da est\u00e9tica da revolu\u00e7\u00e3o Sara Antunes estreia \u2018Alma Clandestina\u2019, a hist\u00f3ria tr\u00e1gica de Maria Auxiliadora Lara Barce\u00adlos, protagoniza \u2018Deslembro\u2019 e est\u00e1 no palco com \u2018Guerrilheiras\u2019 Artista \u00e9 personagem na s\u00e9rie \u2018Segunda Chamada\u2019, da TV Globo, que se inicia j\u00e1 no m\u00eas de outubro, de 2019, de Carla Faour\u00a0e\u00a0Julia Spadaccini, dirigida por","og_url":"https:\/\/renatodias.online\/movimento\/2019\/09\/13\/alma-clandestina-trailer\/","article_publisher":"https:\/\/www.facebook.com\/renato.dias.37","article_author":"https:\/\/www.facebook.com\/renato.dias.37","article_published_time":"2019-09-14T01:28:38+00:00","article_modified_time":"2020-05-18T13:25:43+00:00","og_image":[{"width":620,"height":450,"url":"https:\/\/renatodias.online\/movimento\/wp-content\/uploads\/2019\/09\/Sara-Antunes.jpg","type":"image\/jpeg"}],"author":"Renato Dias","twitter_card":"summary_large_image","twitter_creator":"@RenatoDiasBat","twitter_site":"@RenatoDiasBat","twitter_misc":{"Escrito por":"Renato Dias","Est. tempo de leitura":"10 minutos"},"schema":{"@context":"https:\/\/schema.org","@graph":[{"@type":"Article","@id":"https:\/\/renatodias.online\/movimento\/2019\/09\/13\/alma-clandestina-trailer\/#article","isPartOf":{"@id":"https:\/\/renatodias.online\/movimento\/2019\/09\/13\/alma-clandestina-trailer\/"},"author":{"name":"Renato Dias","@id":"https:\/\/renatodias.online\/movimento\/#\/schema\/person\/bbab28833b1725a20f4083f49f1fb2a9"},"headline":"Atriz da est\u00e9tica da revolu\u00e7\u00e3o","datePublished":"2019-09-14T01:28:38+00:00","dateModified":"2020-05-18T13:25:43+00:00","mainEntityOfPage":{"@id":"https:\/\/renatodias.online\/movimento\/2019\/09\/13\/alma-clandestina-trailer\/"},"wordCount":2086,"commentCount":0,"publisher":{"@id":"https:\/\/renatodias.online\/movimento\/#\/schema\/person\/bbab28833b1725a20f4083f49f1fb2a9"},"image":{"@id":"https:\/\/renatodias.online\/movimento\/2019\/09\/13\/alma-clandestina-trailer\/#primaryimage"},"thumbnailUrl":"https:\/\/renatodias.online\/movimento\/wp-content\/uploads\/2019\/09\/Sara-Antunes.jpg","articleSection":["Arte","Cinema","Entrevista"],"inLanguage":"pt-BR","potentialAction":[{"@type":"CommentAction","name":"Comment","target":["https:\/\/renatodias.online\/movimento\/2019\/09\/13\/alma-clandestina-trailer\/#respond"]}]},{"@type":"WebPage","@id":"https:\/\/renatodias.online\/movimento\/2019\/09\/13\/alma-clandestina-trailer\/","url":"https:\/\/renatodias.online\/movimento\/2019\/09\/13\/alma-clandestina-trailer\/","name":"Atriz da est\u00e9tica da revolu\u00e7\u00e3o -","isPartOf":{"@id":"https:\/\/renatodias.online\/movimento\/#website"},"primaryImageOfPage":{"@id":"https:\/\/renatodias.online\/movimento\/2019\/09\/13\/alma-clandestina-trailer\/#primaryimage"},"image":{"@id":"https:\/\/renatodias.online\/movimento\/2019\/09\/13\/alma-clandestina-trailer\/#primaryimage"},"thumbnailUrl":"https:\/\/renatodias.online\/movimento\/wp-content\/uploads\/2019\/09\/Sara-Antunes.jpg","datePublished":"2019-09-14T01:28:38+00:00","dateModified":"2020-05-18T13:25:43+00:00","breadcrumb":{"@id":"https:\/\/renatodias.online\/movimento\/2019\/09\/13\/alma-clandestina-trailer\/#breadcrumb"},"inLanguage":"pt-BR","potentialAction":[{"@type":"ReadAction","target":["https:\/\/renatodias.online\/movimento\/2019\/09\/13\/alma-clandestina-trailer\/"]}]},{"@type":"ImageObject","inLanguage":"pt-BR","@id":"https:\/\/renatodias.online\/movimento\/2019\/09\/13\/alma-clandestina-trailer\/#primaryimage","url":"https:\/\/renatodias.online\/movimento\/wp-content\/uploads\/2019\/09\/Sara-Antunes.jpg","contentUrl":"https:\/\/renatodias.online\/movimento\/wp-content\/uploads\/2019\/09\/Sara-Antunes.jpg","width":620,"height":450,"caption":"Sara Antunes"},{"@type":"BreadcrumbList","@id":"https:\/\/renatodias.online\/movimento\/2019\/09\/13\/alma-clandestina-trailer\/#breadcrumb","itemListElement":[{"@type":"ListItem","position":1,"name":"In\u00edcio","item":"https:\/\/renatodias.online\/movimento\/"},{"@type":"ListItem","position":2,"name":"Atriz da est\u00e9tica da revolu\u00e7\u00e3o"}]},{"@type":"WebSite","@id":"https:\/\/renatodias.online\/movimento\/#website","url":"https:\/\/renatodias.online\/movimento\/","name":"","description":"","publisher":{"@id":"https:\/\/renatodias.online\/movimento\/#\/schema\/person\/bbab28833b1725a20f4083f49f1fb2a9"},"potentialAction":[{"@type":"SearchAction","target":{"@type":"EntryPoint","urlTemplate":"https:\/\/renatodias.online\/movimento\/?s={search_term_string}"},"query-input":{"@type":"PropertyValueSpecification","valueRequired":true,"valueName":"search_term_string"}}],"inLanguage":"pt-BR"},{"@type":["Person","Organization"],"@id":"https:\/\/renatodias.online\/movimento\/#\/schema\/person\/bbab28833b1725a20f4083f49f1fb2a9","name":"Renato Dias","image":{"@type":"ImageObject","inLanguage":"pt-BR","@id":"https:\/\/renatodias.online\/movimento\/wp-content\/uploads\/2023\/03\/cropped-cropped-cropped-logofinal.jpeg","url":"https:\/\/renatodias.online\/movimento\/wp-content\/uploads\/2023\/03\/cropped-cropped-cropped-logofinal.jpeg","contentUrl":"https:\/\/renatodias.online\/movimento\/wp-content\/uploads\/2023\/03\/cropped-cropped-cropped-logofinal.jpeg","width":1280,"height":219,"caption":"Renato Dias"},"logo":{"@id":"https:\/\/renatodias.online\/movimento\/wp-content\/uploads\/2023\/03\/cropped-cropped-cropped-logofinal.jpeg"},"description":"Renato Dias, 58 anos, \u00e9 graduado em Jornalismo, formado em Ci\u00eancias Sociais, com p\u00f3s-gradua\u00e7\u00e3o em Pol\u00edticas P\u00fablicas, mestre em Direito e Rela\u00e7\u00f5es Internacionais, ex-aluno extraordin\u00e1rio do Doutorado em Psicologia Social, ex-estudante do Curso de Psican\u00e1lise do Centro de Estudos Psicanal\u00edticos do Estado de Goi\u00e1s, ministrado pelo m\u00e9dico psiquiatra e psicanalista Daniel Em\u00eddio de Souza. \u00c9 autor de 30 livros-reportagem, oito document\u00e1rios, ganhou 30 pr\u00eamios e \u00e9 torcedor apaixonado do maior do Centro-Oeste, o Vila Nova Futebol Clube. Casado com Meirilane Dias, \u00e9 pai de Juliana Dias, jornalista; Daniel Dias, economista; e Maria Rosa Dias, estudante antifascista, socialista e trotskista.\u00a0Com tr\u00eas pets: Porquinho [Bull Dog Franc\u00eas], Dalila [Basset Hound] e Geleia [Basset Hound]. Al\u00e9m do eterno gato Tutuquinho, que virou estrela.","sameAs":["https:\/\/www.facebook.com\/renato.dias.37","#breve","https:\/\/renatodias.tumblr.com\/"],"url":"https:\/\/renatodias.online\/movimento\/author\/renatodias\/"}]}},"_links":{"self":[{"href":"https:\/\/renatodias.online\/movimento\/wp-json\/wp\/v2\/posts\/2444","targetHints":{"allow":["GET"]}}],"collection":[{"href":"https:\/\/renatodias.online\/movimento\/wp-json\/wp\/v2\/posts"}],"about":[{"href":"https:\/\/renatodias.online\/movimento\/wp-json\/wp\/v2\/types\/post"}],"author":[{"embeddable":true,"href":"https:\/\/renatodias.online\/movimento\/wp-json\/wp\/v2\/users\/2"}],"replies":[{"embeddable":true,"href":"https:\/\/renatodias.online\/movimento\/wp-json\/wp\/v2\/comments?post=2444"}],"version-history":[{"count":4,"href":"https:\/\/renatodias.online\/movimento\/wp-json\/wp\/v2\/posts\/2444\/revisions"}],"predecessor-version":[{"id":2448,"href":"https:\/\/renatodias.online\/movimento\/wp-json\/wp\/v2\/posts\/2444\/revisions\/2448"}],"wp:featuredmedia":[{"embeddable":true,"href":"https:\/\/renatodias.online\/movimento\/wp-json\/wp\/v2\/media\/2453"}],"wp:attachment":[{"href":"https:\/\/renatodias.online\/movimento\/wp-json\/wp\/v2\/media?parent=2444"}],"wp:term":[{"taxonomy":"category","embeddable":true,"href":"https:\/\/renatodias.online\/movimento\/wp-json\/wp\/v2\/categories?post=2444"},{"taxonomy":"post_tag","embeddable":true,"href":"https:\/\/renatodias.online\/movimento\/wp-json\/wp\/v2\/tags?post=2444"}],"curies":[{"name":"wp","href":"https:\/\/api.w.org\/{rel}","templated":true}]}}