{"id":2437,"date":"2019-09-13T22:11:34","date_gmt":"2019-09-14T01:11:34","guid":{"rendered":"https:\/\/renatodias.online\/movimento\/?p=2437"},"modified":"2019-09-13T22:20:40","modified_gmt":"2019-09-14T01:20:40","slug":"ptc-podera-sair-em-faixa-propria-em-goiania-diz-claudio-meirelles","status":"publish","type":"post","link":"https:\/\/renatodias.online\/movimento\/2019\/09\/13\/ptc-podera-sair-em-faixa-propria-em-goiania-diz-claudio-meirelles\/","title":{"rendered":"PTC poder\u00e1 sair em \u2018faixa pr\u00f3pria\u2019 em Goi\u00e2nia, diz Cl\u00e1udio Meirelles"},"content":{"rendered":"<p><strong>2020<\/strong><\/p>\n<p><strong>PTC poder\u00e1 sair em <\/strong><strong>\u2018<\/strong><strong>faixa pr\u00f3pria<\/strong><strong>\u2019<\/strong><\/p>\n<p><strong>em Goi\u00e2nia, diz Cl\u00e1udio Meirelles<\/strong><\/p>\n<p><strong>Deputado estadual afirma que Minirreforma Trabalhista e Reforma da Previd\u00eancia Social, amargas, constituem medidas necess\u00e1rias para equilibrar as finan\u00e7as p\u00fablicas<\/strong><\/p>\n<p><strong>Parlamentar acha que pris\u00e3o do ex-presidente da Rep\u00fablica Luiz In\u00e1cio Lula da Silva, desde o dia 7 de abril de 2018, ap\u00f3s condena\u00e7\u00e3o em segunda inst\u00e2ncia, seria desnecess\u00e1ria<\/strong><\/p>\n<p><strong>Deputado estadual do PTC recorda-se que a criminaliza\u00e7\u00e3o da pol\u00edtica levou, com a ditadura civil e militar instalada em 2 de abril de 1964, \u00e0 cassa\u00e7\u00e3o do seu pai Olinto Meirelles<\/strong><\/p>\n<p><strong>Ronaldo Caiado n\u00e3o teria cumprido os compromissos e pode acabar com Vapt Vupt, Bolsa Uni\u00adversit\u00e1ria, Cheque Moradia, Renda Cidad\u00e3, n\u00e3o pagar data-base e sal\u00e1rio no dia 30, diz<\/strong><\/p>\n<p>&nbsp;<\/p>\n<p>&nbsp;<\/p>\n<p><em>5 \u2013 \u00a0Caricatura de Paulo Guedes<\/em><\/p>\n<p>&nbsp;<\/p>\n<p><strong>Renato Dias<\/strong><\/p>\n<p>O PTC pode lan\u00e7ar nome pr\u00f3prio na corrida \u00e0 Prefeitura Municipal de Goi\u00e2nia, no ano de 2020, informa, com exclusividade, o deputado estadual da legenda Cl\u00e1udio Meirelles. O projeto \u00e9 obter uma ampla capilaridade social e pol\u00edtica, diz. Nos 246 munic\u00edpios do Estado de Goi\u00e1s, afir\u00adma o parlamentar. Sigla possui nomes com densidades eleitoral, ideol\u00f3gica e pol\u00edtica, frisa.<\/p>\n<p><strong>\u00a0&#8211; Quem n\u00e3o disputa campeonatos n\u00e3o possui torcida. Nem chega \u00e0 S\u00e9rie A.<\/strong><\/p>\n<p>Homem de ideias liberais, inspiradas tanto na Escola Austr\u00edaca de Economia, com Friedrich von Hayek, quanto na Escola de Economia de Chicago, com Milton Friedman &amp; George Stigler, o trabalhista crist\u00e3o defende a redu\u00e7\u00e3o do tamanho do Estado. Um mamute estatal que drena recursos dos setores produtivos, prim\u00e1rio, secund\u00e1rio e terci\u00e1rio e dos contribuintes, dispara.<\/p>\n<p>&nbsp;<\/p>\n<p><strong>&#8211; O Estado deve possuir a dimens\u00e3o necess\u00e1ria.<\/strong><\/p>\n<p><strong>Receitas amargas<\/strong><\/p>\n<p>Apesar de as receitas adotadas serem amargas, Cl\u00e1udio Meirelles relata que a Minirreforma Trabalhista e a Reforma da Previd\u00eancia Social, em tramita\u00e7\u00e3o, hoje, no Senado da Rep\u00fablica, a C\u00e2\u00admara Alta do Congresso Nacional, em Bras\u00edlia, Capital da Rep\u00fablica, constituem medidas ne\u00adcess\u00e1rias. Para liquidar com o suposto rombo previdenci\u00e1rio e tentar gerar empregos no Pa\u00eds.<\/p>\n<figure id=\"attachment_2441\" aria-describedby=\"caption-attachment-2441\" style=\"width: 191px\" class=\"wp-caption aligncenter\"><img loading=\"lazy\" decoding=\"async\" class=\"wp-image-2441 size-full\" src=\"https:\/\/renatodias.online\/movimento\/wp-content\/uploads\/2019\/09\/Caricatura-de-Jair-Bolsonaro.jpg\" alt=\"\" width=\"191\" height=\"263\" \/><figcaption id=\"caption-attachment-2441\" class=\"wp-caption-text\">Caricatura de Jair Bolsonaro<\/figcaption><\/figure>\n<p><strong>&#8211; Um enxugamento das fraudes, despesas, gastos para o equil\u00edbrio das contas p\u00fablicas e garantir a aposentadoria no presente e no futuro. Concep\u00e7\u00e3o de Paulo Guedes.<\/strong><\/p>\n<p>C\u00e1ustico, Cl\u00e1udio Meirelles destaca que a pris\u00e3o do ex-presidente da Rep\u00fablica por dois mandatos consecutivos Luiz In\u00e1cio Lula da Silva, desde o dia 7 de abril de 2018, ap\u00f3s condena\u00e7\u00e3o em segunda inst\u00e2ncia, seria desnecess\u00e1ria. O que contribui para a polariza\u00e7\u00e3o sect\u00e1ria e violenta da sociedade civil no Brasil, lamenta. Tempos de \u00f3dio nas redes sociais, diz.<\/p>\n<figure id=\"attachment_2440\" aria-describedby=\"caption-attachment-2440\" style=\"width: 347px\" class=\"wp-caption aligncenter\"><img loading=\"lazy\" decoding=\"async\" class=\"wp-image-2440 size-full\" src=\"https:\/\/renatodias.online\/movimento\/wp-content\/uploads\/2019\/09\/Caricatura-de-Luiz-In\u00e1cio-Lula-da-Silva.jpg\" alt=\"\" width=\"347\" height=\"591\" srcset=\"https:\/\/renatodias.online\/movimento\/wp-content\/uploads\/2019\/09\/Caricatura-de-Luiz-In\u00e1cio-Lula-da-Silva.jpg 347w, https:\/\/renatodias.online\/movimento\/wp-content\/uploads\/2019\/09\/Caricatura-de-Luiz-In\u00e1cio-Lula-da-Silva-176x300.jpg 176w\" sizes=\"auto, (max-width: 347px) 100vw, 347px\" \/><figcaption id=\"caption-attachment-2440\" class=\"wp-caption-text\">Caricatura de Lula<\/figcaption><\/figure>\n<p><strong>&#8211; Os vazamentos do site The Intercept Brasil mostram que o juiz de Direito S\u00e9rgio Moro viola o C\u00f3digo da Magistratura, pisoteia lei e faz tabelinha com Deltan Dallagnol. N\u00e3o \u00e9 imparcial<\/strong><\/p>\n<p><strong>Crise da Economia<\/strong><\/p>\n<p>O destempero verbal do presidente da Rep\u00fablica, Jair Bolsonaro, n\u00e3o acalma os \u00e2nimos do Bra\u00adsil, desabafa. Nem aponta rumos para a redu\u00e7\u00e3o imediata do n\u00famero de desempregados e desalentados, hoje de 27,7 milh\u00f5es, diz. Com 36 milh\u00f5es de pessoas no mercado de trabalho in\u00adformal ou invis\u00edvel, frisa. \u201cMuito menos resolve a situa\u00e7\u00e3o de 48, 5 mi em pobreza extrema\u201d.<\/p>\n<p><img loading=\"lazy\" decoding=\"async\" class=\"wp-image-2442 size-full aligncenter\" src=\"https:\/\/renatodias.online\/movimento\/wp-content\/uploads\/2019\/09\/Caricatura-de-Paulo-Guedes.jpg\" alt=\"\" width=\"500\" height=\"583\" \/><\/p>\n<p><strong>&#8211; O PIB, produto interno bruto, a soma de todas as riquezas do Pa\u00eds, n\u00e3o d\u00e1 sinais de crescimento. Assim como n\u00e3o estimula investidores nacionais e estrangeiros<\/strong>.<\/p>\n<p>O deputado estadual do PTC recorda-se que a \u2018criminaliza\u00e7\u00e3o da pol\u00edtica\u2019 levou, com a ditadura civil e militar instalada em 2 de abril de 1964, no Brasil, ap\u00f3s a queda do ent\u00e3o presidente da Rep\u00fablica, Jango, ga\u00facho de S\u00e3o Borja, \u00e0 cassa\u00e7\u00e3o do seu pai, com um mandato na Assembleia Legislativa do Estado de Goi\u00e1s, advogado Olinto Meirelles. Democracia \u00e9 fundamental, atira.<\/p>\n<p><strong>&#8211; \u00c9pocas sombrias aqueles. De perda de direitos pol\u00edticos e de fechamento institucional<\/strong>. <strong>Claro que houve, sim, ditadura civil e militar no Brasil. De 1964 a 1985.<\/strong><\/p>\n<p><strong>Constitucionalista<\/strong><\/p>\n<p>O membro da Mesa Diretora, um operador do Direito, constitucionalista, relata que rompeu, em 2018, com Marconi Perillo [PSDB], subiu no palanque do senador da Rep\u00fablica Ronaldo Caiado [DEM], que ganhou as elei\u00e7\u00f5es ao Pal\u00e1cio das Esmeraldas, j\u00e1 no primeiro turno. Apesar disso, o parlamentar revela que se arrependeu e que faz parte, hoje, do bunker da oposi\u00e7\u00e3o.<\/p>\n<figure id=\"attachment_2439\" aria-describedby=\"caption-attachment-2439\" style=\"width: 400px\" class=\"wp-caption aligncenter\"><img loading=\"lazy\" decoding=\"async\" class=\"wp-image-2439 size-full\" src=\"https:\/\/renatodias.online\/movimento\/wp-content\/uploads\/2019\/09\/Ronaldo-Caiado-nova.jpg\" alt=\"\" width=\"400\" height=\"400\" srcset=\"https:\/\/renatodias.online\/movimento\/wp-content\/uploads\/2019\/09\/Ronaldo-Caiado-nova.jpg 400w, https:\/\/renatodias.online\/movimento\/wp-content\/uploads\/2019\/09\/Ronaldo-Caiado-nova-150x150.jpg 150w, https:\/\/renatodias.online\/movimento\/wp-content\/uploads\/2019\/09\/Ronaldo-Caiado-nova-300x300.jpg 300w\" sizes=\"auto, (max-width: 400px) 100vw, 400px\" \/><figcaption id=\"caption-attachment-2439\" class=\"wp-caption-text\">Ronaldo Caiado<\/figcaption><\/figure>\n<p><strong>&#8211; Ronaldo Caiado n\u00e3o teria cumprido os compromissos e pode acabar com o Vapt Vupt, Bolsa Uni\u00adversit\u00e1ria, Cheque Moradia, Renda Cidad\u00e3, n\u00e3o pagar data-base e sal\u00e1rio no dia 30<\/strong>.<\/p>\n","protected":false},"excerpt":{"rendered":"<p>2020 PTC poder\u00e1 sair em \u2018faixa pr\u00f3pria\u2019 em Goi\u00e2nia, diz Cl\u00e1udio Meirelles Deputado estadual afirma que Minirreforma Trabalhista e Reforma da Previd\u00eancia Social, amargas, constituem medidas necess\u00e1rias para equilibrar as finan\u00e7as p\u00fablicas Parlamentar acha que pris\u00e3o do ex-presidente da Rep\u00fablica Luiz In\u00e1cio Lula da Silva, desde o dia 7 de abril de 2018, ap\u00f3s condena\u00e7\u00e3o<\/p>\n","protected":false},"author":2,"featured_media":2438,"comment_status":"open","ping_status":"open","sticky":false,"template":"","format":"standard","meta":{"_acf_changed":false,"_monsterinsights_skip_tracking":false,"_monsterinsights_sitenote_active":false,"_monsterinsights_sitenote_note":"","_monsterinsights_sitenote_category":0,"footnotes":""},"categories":[4],"tags":[],"class_list":["post-2437","post","type-post","status-publish","format-standard","has-post-thumbnail","hentry","category-politica"],"acf":[],"yoast_head":"<!-- This site is optimized with the Yoast SEO plugin v27.4 - https:\/\/yoast.com\/product\/yoast-seo-wordpress\/ -->\n<title>PTC poder\u00e1 sair em \u2018faixa pr\u00f3pria\u2019 em Goi\u00e2nia, diz Cl\u00e1udio Meirelles -<\/title>\n<meta name=\"robots\" content=\"index, follow, max-snippet:-1, max-image-preview:large, max-video-preview:-1\" \/>\n<link rel=\"canonical\" href=\"https:\/\/renatodias.online\/movimento\/2019\/09\/13\/ptc-podera-sair-em-faixa-propria-em-goiania-diz-claudio-meirelles\/\" \/>\n<meta property=\"og:locale\" content=\"pt_BR\" \/>\n<meta property=\"og:type\" content=\"article\" \/>\n<meta property=\"og:title\" content=\"PTC poder\u00e1 sair em \u2018faixa pr\u00f3pria\u2019 em Goi\u00e2nia, diz Cl\u00e1udio Meirelles -\" \/>\n<meta property=\"og:description\" content=\"2020 PTC poder\u00e1 sair em \u2018faixa pr\u00f3pria\u2019 em Goi\u00e2nia, diz Cl\u00e1udio Meirelles Deputado estadual afirma que Minirreforma Trabalhista e Reforma da Previd\u00eancia Social, amargas, constituem medidas necess\u00e1rias para equilibrar as finan\u00e7as p\u00fablicas Parlamentar acha que pris\u00e3o do ex-presidente da Rep\u00fablica Luiz In\u00e1cio Lula da Silva, desde o dia 7 de abril de 2018, ap\u00f3s condena\u00e7\u00e3o\" \/>\n<meta property=\"og:url\" content=\"https:\/\/renatodias.online\/movimento\/2019\/09\/13\/ptc-podera-sair-em-faixa-propria-em-goiania-diz-claudio-meirelles\/\" \/>\n<meta property=\"article:publisher\" content=\"https:\/\/www.facebook.com\/renato.dias.37\" \/>\n<meta property=\"article:author\" content=\"https:\/\/www.facebook.com\/renato.dias.37\" \/>\n<meta property=\"article:published_time\" content=\"2019-09-14T01:11:34+00:00\" \/>\n<meta property=\"article:modified_time\" content=\"2019-09-14T01:20:40+00:00\" \/>\n<meta property=\"og:image\" content=\"https:\/\/renatodias.online\/movimento\/wp-content\/uploads\/2019\/09\/Cl\u00e1udio-Meirelles-deputado-estadual.jpg\" \/>\n\t<meta property=\"og:image:width\" content=\"2464\" \/>\n\t<meta property=\"og:image:height\" content=\"1640\" \/>\n\t<meta property=\"og:image:type\" content=\"image\/jpeg\" \/>\n<meta name=\"author\" content=\"Renato Dias\" \/>\n<meta name=\"twitter:card\" content=\"summary_large_image\" \/>\n<meta name=\"twitter:creator\" content=\"@RenatoDiasBat\" \/>\n<meta name=\"twitter:site\" content=\"@RenatoDiasBat\" \/>\n<meta name=\"twitter:label1\" content=\"Escrito por\" \/>\n\t<meta name=\"twitter:data1\" content=\"Renato Dias\" \/>\n\t<meta name=\"twitter:label2\" content=\"Est. tempo de leitura\" \/>\n\t<meta name=\"twitter:data2\" content=\"4 minutos\" \/>\n<script type=\"application\/ld+json\" class=\"yoast-schema-graph\">{\"@context\":\"https:\\\/\\\/schema.org\",\"@graph\":[{\"@type\":\"Article\",\"@id\":\"https:\\\/\\\/renatodias.online\\\/movimento\\\/2019\\\/09\\\/13\\\/ptc-podera-sair-em-faixa-propria-em-goiania-diz-claudio-meirelles\\\/#article\",\"isPartOf\":{\"@id\":\"https:\\\/\\\/renatodias.online\\\/movimento\\\/2019\\\/09\\\/13\\\/ptc-podera-sair-em-faixa-propria-em-goiania-diz-claudio-meirelles\\\/\"},\"author\":{\"name\":\"Renato Dias\",\"@id\":\"https:\\\/\\\/renatodias.online\\\/movimento\\\/#\\\/schema\\\/person\\\/bbab28833b1725a20f4083f49f1fb2a9\"},\"headline\":\"PTC poder\u00e1 sair em \u2018faixa pr\u00f3pria\u2019 em Goi\u00e2nia, diz Cl\u00e1udio Meirelles\",\"datePublished\":\"2019-09-14T01:11:34+00:00\",\"dateModified\":\"2019-09-14T01:20:40+00:00\",\"mainEntityOfPage\":{\"@id\":\"https:\\\/\\\/renatodias.online\\\/movimento\\\/2019\\\/09\\\/13\\\/ptc-podera-sair-em-faixa-propria-em-goiania-diz-claudio-meirelles\\\/\"},\"wordCount\":820,\"commentCount\":0,\"publisher\":{\"@id\":\"https:\\\/\\\/renatodias.online\\\/movimento\\\/#\\\/schema\\\/person\\\/bbab28833b1725a20f4083f49f1fb2a9\"},\"image\":{\"@id\":\"https:\\\/\\\/renatodias.online\\\/movimento\\\/2019\\\/09\\\/13\\\/ptc-podera-sair-em-faixa-propria-em-goiania-diz-claudio-meirelles\\\/#primaryimage\"},\"thumbnailUrl\":\"https:\\\/\\\/renatodias.online\\\/movimento\\\/wp-content\\\/uploads\\\/2019\\\/09\\\/Cl\u00e1udio-Meirelles-deputado-estadual.jpg\",\"articleSection\":[\"Pol\u00edtica\"],\"inLanguage\":\"pt-BR\",\"potentialAction\":[{\"@type\":\"CommentAction\",\"name\":\"Comment\",\"target\":[\"https:\\\/\\\/renatodias.online\\\/movimento\\\/2019\\\/09\\\/13\\\/ptc-podera-sair-em-faixa-propria-em-goiania-diz-claudio-meirelles\\\/#respond\"]}]},{\"@type\":\"WebPage\",\"@id\":\"https:\\\/\\\/renatodias.online\\\/movimento\\\/2019\\\/09\\\/13\\\/ptc-podera-sair-em-faixa-propria-em-goiania-diz-claudio-meirelles\\\/\",\"url\":\"https:\\\/\\\/renatodias.online\\\/movimento\\\/2019\\\/09\\\/13\\\/ptc-podera-sair-em-faixa-propria-em-goiania-diz-claudio-meirelles\\\/\",\"name\":\"PTC poder\u00e1 sair em \u2018faixa pr\u00f3pria\u2019 em Goi\u00e2nia, diz Cl\u00e1udio Meirelles -\",\"isPartOf\":{\"@id\":\"https:\\\/\\\/renatodias.online\\\/movimento\\\/#website\"},\"primaryImageOfPage\":{\"@id\":\"https:\\\/\\\/renatodias.online\\\/movimento\\\/2019\\\/09\\\/13\\\/ptc-podera-sair-em-faixa-propria-em-goiania-diz-claudio-meirelles\\\/#primaryimage\"},\"image\":{\"@id\":\"https:\\\/\\\/renatodias.online\\\/movimento\\\/2019\\\/09\\\/13\\\/ptc-podera-sair-em-faixa-propria-em-goiania-diz-claudio-meirelles\\\/#primaryimage\"},\"thumbnailUrl\":\"https:\\\/\\\/renatodias.online\\\/movimento\\\/wp-content\\\/uploads\\\/2019\\\/09\\\/Cl\u00e1udio-Meirelles-deputado-estadual.jpg\",\"datePublished\":\"2019-09-14T01:11:34+00:00\",\"dateModified\":\"2019-09-14T01:20:40+00:00\",\"breadcrumb\":{\"@id\":\"https:\\\/\\\/renatodias.online\\\/movimento\\\/2019\\\/09\\\/13\\\/ptc-podera-sair-em-faixa-propria-em-goiania-diz-claudio-meirelles\\\/#breadcrumb\"},\"inLanguage\":\"pt-BR\",\"potentialAction\":[{\"@type\":\"ReadAction\",\"target\":[\"https:\\\/\\\/renatodias.online\\\/movimento\\\/2019\\\/09\\\/13\\\/ptc-podera-sair-em-faixa-propria-em-goiania-diz-claudio-meirelles\\\/\"]}]},{\"@type\":\"ImageObject\",\"inLanguage\":\"pt-BR\",\"@id\":\"https:\\\/\\\/renatodias.online\\\/movimento\\\/2019\\\/09\\\/13\\\/ptc-podera-sair-em-faixa-propria-em-goiania-diz-claudio-meirelles\\\/#primaryimage\",\"url\":\"https:\\\/\\\/renatodias.online\\\/movimento\\\/wp-content\\\/uploads\\\/2019\\\/09\\\/Cl\u00e1udio-Meirelles-deputado-estadual.jpg\",\"contentUrl\":\"https:\\\/\\\/renatodias.online\\\/movimento\\\/wp-content\\\/uploads\\\/2019\\\/09\\\/Cl\u00e1udio-Meirelles-deputado-estadual.jpg\",\"width\":2464,\"height\":1640,\"caption\":\"Cl\u00e1udio Meirelles, primeiro secret\u00e1rio da Mesa Diretora da Alego\"},{\"@type\":\"BreadcrumbList\",\"@id\":\"https:\\\/\\\/renatodias.online\\\/movimento\\\/2019\\\/09\\\/13\\\/ptc-podera-sair-em-faixa-propria-em-goiania-diz-claudio-meirelles\\\/#breadcrumb\",\"itemListElement\":[{\"@type\":\"ListItem\",\"position\":1,\"name\":\"In\u00edcio\",\"item\":\"https:\\\/\\\/renatodias.online\\\/movimento\\\/\"},{\"@type\":\"ListItem\",\"position\":2,\"name\":\"PTC poder\u00e1 sair em \u2018faixa pr\u00f3pria\u2019 em Goi\u00e2nia, diz Cl\u00e1udio Meirelles\"}]},{\"@type\":\"WebSite\",\"@id\":\"https:\\\/\\\/renatodias.online\\\/movimento\\\/#website\",\"url\":\"https:\\\/\\\/renatodias.online\\\/movimento\\\/\",\"name\":\"\",\"description\":\"\",\"publisher\":{\"@id\":\"https:\\\/\\\/renatodias.online\\\/movimento\\\/#\\\/schema\\\/person\\\/bbab28833b1725a20f4083f49f1fb2a9\"},\"potentialAction\":[{\"@type\":\"SearchAction\",\"target\":{\"@type\":\"EntryPoint\",\"urlTemplate\":\"https:\\\/\\\/renatodias.online\\\/movimento\\\/?s={search_term_string}\"},\"query-input\":{\"@type\":\"PropertyValueSpecification\",\"valueRequired\":true,\"valueName\":\"search_term_string\"}}],\"inLanguage\":\"pt-BR\"},{\"@type\":[\"Person\",\"Organization\"],\"@id\":\"https:\\\/\\\/renatodias.online\\\/movimento\\\/#\\\/schema\\\/person\\\/bbab28833b1725a20f4083f49f1fb2a9\",\"name\":\"Renato Dias\",\"image\":{\"@type\":\"ImageObject\",\"inLanguage\":\"pt-BR\",\"@id\":\"https:\\\/\\\/renatodias.online\\\/movimento\\\/wp-content\\\/uploads\\\/2023\\\/03\\\/cropped-cropped-cropped-logofinal.jpeg\",\"url\":\"https:\\\/\\\/renatodias.online\\\/movimento\\\/wp-content\\\/uploads\\\/2023\\\/03\\\/cropped-cropped-cropped-logofinal.jpeg\",\"contentUrl\":\"https:\\\/\\\/renatodias.online\\\/movimento\\\/wp-content\\\/uploads\\\/2023\\\/03\\\/cropped-cropped-cropped-logofinal.jpeg\",\"width\":1280,\"height\":219,\"caption\":\"Renato Dias\"},\"logo\":{\"@id\":\"https:\\\/\\\/renatodias.online\\\/movimento\\\/wp-content\\\/uploads\\\/2023\\\/03\\\/cropped-cropped-cropped-logofinal.jpeg\"},\"description\":\"Renato Dias, 58 anos, \u00e9 graduado em Jornalismo, formado em Ci\u00eancias Sociais, com p\u00f3s-gradua\u00e7\u00e3o em Pol\u00edticas P\u00fablicas, mestre em Direito e Rela\u00e7\u00f5es Internacionais, ex-aluno extraordin\u00e1rio do Doutorado em Psicologia Social, ex-estudante do Curso de Psican\u00e1lise do Centro de Estudos Psicanal\u00edticos do Estado de Goi\u00e1s, ministrado pelo m\u00e9dico psiquiatra e psicanalista Daniel Em\u00eddio de Souza. \u00c9 autor de 30 livros-reportagem, oito document\u00e1rios, ganhou 30 pr\u00eamios e \u00e9 torcedor apaixonado do maior do Centro-Oeste, o Vila Nova Futebol Clube. Casado com Meirilane Dias, \u00e9 pai de Juliana Dias, jornalista; Daniel Dias, economista; e Maria Rosa Dias, estudante antifascista, socialista e trotskista.\u00a0Com tr\u00eas pets: Porquinho [Bull Dog Franc\u00eas], Dalila [Basset Hound] e Geleia [Basset Hound]. Al\u00e9m do eterno gato Tutuquinho, que virou estrela.\",\"sameAs\":[\"https:\\\/\\\/www.facebook.com\\\/renato.dias.37\",\"#breve\",\"https:\\\/\\\/renatodias.tumblr.com\\\/\"],\"url\":\"https:\\\/\\\/renatodias.online\\\/movimento\\\/author\\\/renatodias\\\/\"}]}<\/script>\n<!-- \/ Yoast SEO plugin. -->","yoast_head_json":{"title":"PTC poder\u00e1 sair em \u2018faixa pr\u00f3pria\u2019 em Goi\u00e2nia, diz Cl\u00e1udio Meirelles -","robots":{"index":"index","follow":"follow","max-snippet":"max-snippet:-1","max-image-preview":"max-image-preview:large","max-video-preview":"max-video-preview:-1"},"canonical":"https:\/\/renatodias.online\/movimento\/2019\/09\/13\/ptc-podera-sair-em-faixa-propria-em-goiania-diz-claudio-meirelles\/","og_locale":"pt_BR","og_type":"article","og_title":"PTC poder\u00e1 sair em \u2018faixa pr\u00f3pria\u2019 em Goi\u00e2nia, diz Cl\u00e1udio Meirelles -","og_description":"2020 PTC poder\u00e1 sair em \u2018faixa pr\u00f3pria\u2019 em Goi\u00e2nia, diz Cl\u00e1udio Meirelles Deputado estadual afirma que Minirreforma Trabalhista e Reforma da Previd\u00eancia Social, amargas, constituem medidas necess\u00e1rias para equilibrar as finan\u00e7as p\u00fablicas Parlamentar acha que pris\u00e3o do ex-presidente da Rep\u00fablica Luiz In\u00e1cio Lula da Silva, desde o dia 7 de abril de 2018, ap\u00f3s condena\u00e7\u00e3o","og_url":"https:\/\/renatodias.online\/movimento\/2019\/09\/13\/ptc-podera-sair-em-faixa-propria-em-goiania-diz-claudio-meirelles\/","article_publisher":"https:\/\/www.facebook.com\/renato.dias.37","article_author":"https:\/\/www.facebook.com\/renato.dias.37","article_published_time":"2019-09-14T01:11:34+00:00","article_modified_time":"2019-09-14T01:20:40+00:00","og_image":[{"width":2464,"height":1640,"url":"https:\/\/renatodias.online\/movimento\/wp-content\/uploads\/2019\/09\/Cl\u00e1udio-Meirelles-deputado-estadual.jpg","type":"image\/jpeg"}],"author":"Renato Dias","twitter_card":"summary_large_image","twitter_creator":"@RenatoDiasBat","twitter_site":"@RenatoDiasBat","twitter_misc":{"Escrito por":"Renato Dias","Est. tempo de leitura":"4 minutos"},"schema":{"@context":"https:\/\/schema.org","@graph":[{"@type":"Article","@id":"https:\/\/renatodias.online\/movimento\/2019\/09\/13\/ptc-podera-sair-em-faixa-propria-em-goiania-diz-claudio-meirelles\/#article","isPartOf":{"@id":"https:\/\/renatodias.online\/movimento\/2019\/09\/13\/ptc-podera-sair-em-faixa-propria-em-goiania-diz-claudio-meirelles\/"},"author":{"name":"Renato Dias","@id":"https:\/\/renatodias.online\/movimento\/#\/schema\/person\/bbab28833b1725a20f4083f49f1fb2a9"},"headline":"PTC poder\u00e1 sair em \u2018faixa pr\u00f3pria\u2019 em Goi\u00e2nia, diz Cl\u00e1udio Meirelles","datePublished":"2019-09-14T01:11:34+00:00","dateModified":"2019-09-14T01:20:40+00:00","mainEntityOfPage":{"@id":"https:\/\/renatodias.online\/movimento\/2019\/09\/13\/ptc-podera-sair-em-faixa-propria-em-goiania-diz-claudio-meirelles\/"},"wordCount":820,"commentCount":0,"publisher":{"@id":"https:\/\/renatodias.online\/movimento\/#\/schema\/person\/bbab28833b1725a20f4083f49f1fb2a9"},"image":{"@id":"https:\/\/renatodias.online\/movimento\/2019\/09\/13\/ptc-podera-sair-em-faixa-propria-em-goiania-diz-claudio-meirelles\/#primaryimage"},"thumbnailUrl":"https:\/\/renatodias.online\/movimento\/wp-content\/uploads\/2019\/09\/Cl\u00e1udio-Meirelles-deputado-estadual.jpg","articleSection":["Pol\u00edtica"],"inLanguage":"pt-BR","potentialAction":[{"@type":"CommentAction","name":"Comment","target":["https:\/\/renatodias.online\/movimento\/2019\/09\/13\/ptc-podera-sair-em-faixa-propria-em-goiania-diz-claudio-meirelles\/#respond"]}]},{"@type":"WebPage","@id":"https:\/\/renatodias.online\/movimento\/2019\/09\/13\/ptc-podera-sair-em-faixa-propria-em-goiania-diz-claudio-meirelles\/","url":"https:\/\/renatodias.online\/movimento\/2019\/09\/13\/ptc-podera-sair-em-faixa-propria-em-goiania-diz-claudio-meirelles\/","name":"PTC poder\u00e1 sair em \u2018faixa pr\u00f3pria\u2019 em Goi\u00e2nia, diz Cl\u00e1udio Meirelles -","isPartOf":{"@id":"https:\/\/renatodias.online\/movimento\/#website"},"primaryImageOfPage":{"@id":"https:\/\/renatodias.online\/movimento\/2019\/09\/13\/ptc-podera-sair-em-faixa-propria-em-goiania-diz-claudio-meirelles\/#primaryimage"},"image":{"@id":"https:\/\/renatodias.online\/movimento\/2019\/09\/13\/ptc-podera-sair-em-faixa-propria-em-goiania-diz-claudio-meirelles\/#primaryimage"},"thumbnailUrl":"https:\/\/renatodias.online\/movimento\/wp-content\/uploads\/2019\/09\/Cl\u00e1udio-Meirelles-deputado-estadual.jpg","datePublished":"2019-09-14T01:11:34+00:00","dateModified":"2019-09-14T01:20:40+00:00","breadcrumb":{"@id":"https:\/\/renatodias.online\/movimento\/2019\/09\/13\/ptc-podera-sair-em-faixa-propria-em-goiania-diz-claudio-meirelles\/#breadcrumb"},"inLanguage":"pt-BR","potentialAction":[{"@type":"ReadAction","target":["https:\/\/renatodias.online\/movimento\/2019\/09\/13\/ptc-podera-sair-em-faixa-propria-em-goiania-diz-claudio-meirelles\/"]}]},{"@type":"ImageObject","inLanguage":"pt-BR","@id":"https:\/\/renatodias.online\/movimento\/2019\/09\/13\/ptc-podera-sair-em-faixa-propria-em-goiania-diz-claudio-meirelles\/#primaryimage","url":"https:\/\/renatodias.online\/movimento\/wp-content\/uploads\/2019\/09\/Cl\u00e1udio-Meirelles-deputado-estadual.jpg","contentUrl":"https:\/\/renatodias.online\/movimento\/wp-content\/uploads\/2019\/09\/Cl\u00e1udio-Meirelles-deputado-estadual.jpg","width":2464,"height":1640,"caption":"Cl\u00e1udio Meirelles, primeiro secret\u00e1rio da Mesa Diretora da Alego"},{"@type":"BreadcrumbList","@id":"https:\/\/renatodias.online\/movimento\/2019\/09\/13\/ptc-podera-sair-em-faixa-propria-em-goiania-diz-claudio-meirelles\/#breadcrumb","itemListElement":[{"@type":"ListItem","position":1,"name":"In\u00edcio","item":"https:\/\/renatodias.online\/movimento\/"},{"@type":"ListItem","position":2,"name":"PTC poder\u00e1 sair em \u2018faixa pr\u00f3pria\u2019 em Goi\u00e2nia, diz Cl\u00e1udio Meirelles"}]},{"@type":"WebSite","@id":"https:\/\/renatodias.online\/movimento\/#website","url":"https:\/\/renatodias.online\/movimento\/","name":"","description":"","publisher":{"@id":"https:\/\/renatodias.online\/movimento\/#\/schema\/person\/bbab28833b1725a20f4083f49f1fb2a9"},"potentialAction":[{"@type":"SearchAction","target":{"@type":"EntryPoint","urlTemplate":"https:\/\/renatodias.online\/movimento\/?s={search_term_string}"},"query-input":{"@type":"PropertyValueSpecification","valueRequired":true,"valueName":"search_term_string"}}],"inLanguage":"pt-BR"},{"@type":["Person","Organization"],"@id":"https:\/\/renatodias.online\/movimento\/#\/schema\/person\/bbab28833b1725a20f4083f49f1fb2a9","name":"Renato Dias","image":{"@type":"ImageObject","inLanguage":"pt-BR","@id":"https:\/\/renatodias.online\/movimento\/wp-content\/uploads\/2023\/03\/cropped-cropped-cropped-logofinal.jpeg","url":"https:\/\/renatodias.online\/movimento\/wp-content\/uploads\/2023\/03\/cropped-cropped-cropped-logofinal.jpeg","contentUrl":"https:\/\/renatodias.online\/movimento\/wp-content\/uploads\/2023\/03\/cropped-cropped-cropped-logofinal.jpeg","width":1280,"height":219,"caption":"Renato Dias"},"logo":{"@id":"https:\/\/renatodias.online\/movimento\/wp-content\/uploads\/2023\/03\/cropped-cropped-cropped-logofinal.jpeg"},"description":"Renato Dias, 58 anos, \u00e9 graduado em Jornalismo, formado em Ci\u00eancias Sociais, com p\u00f3s-gradua\u00e7\u00e3o em Pol\u00edticas P\u00fablicas, mestre em Direito e Rela\u00e7\u00f5es Internacionais, ex-aluno extraordin\u00e1rio do Doutorado em Psicologia Social, ex-estudante do Curso de Psican\u00e1lise do Centro de Estudos Psicanal\u00edticos do Estado de Goi\u00e1s, ministrado pelo m\u00e9dico psiquiatra e psicanalista Daniel Em\u00eddio de Souza. \u00c9 autor de 30 livros-reportagem, oito document\u00e1rios, ganhou 30 pr\u00eamios e \u00e9 torcedor apaixonado do maior do Centro-Oeste, o Vila Nova Futebol Clube. Casado com Meirilane Dias, \u00e9 pai de Juliana Dias, jornalista; Daniel Dias, economista; e Maria Rosa Dias, estudante antifascista, socialista e trotskista.\u00a0Com tr\u00eas pets: Porquinho [Bull Dog Franc\u00eas], Dalila [Basset Hound] e Geleia [Basset Hound]. Al\u00e9m do eterno gato Tutuquinho, que virou estrela.","sameAs":["https:\/\/www.facebook.com\/renato.dias.37","#breve","https:\/\/renatodias.tumblr.com\/"],"url":"https:\/\/renatodias.online\/movimento\/author\/renatodias\/"}]}},"_links":{"self":[{"href":"https:\/\/renatodias.online\/movimento\/wp-json\/wp\/v2\/posts\/2437","targetHints":{"allow":["GET"]}}],"collection":[{"href":"https:\/\/renatodias.online\/movimento\/wp-json\/wp\/v2\/posts"}],"about":[{"href":"https:\/\/renatodias.online\/movimento\/wp-json\/wp\/v2\/types\/post"}],"author":[{"embeddable":true,"href":"https:\/\/renatodias.online\/movimento\/wp-json\/wp\/v2\/users\/2"}],"replies":[{"embeddable":true,"href":"https:\/\/renatodias.online\/movimento\/wp-json\/wp\/v2\/comments?post=2437"}],"version-history":[{"count":1,"href":"https:\/\/renatodias.online\/movimento\/wp-json\/wp\/v2\/posts\/2437\/revisions"}],"predecessor-version":[{"id":2443,"href":"https:\/\/renatodias.online\/movimento\/wp-json\/wp\/v2\/posts\/2437\/revisions\/2443"}],"wp:featuredmedia":[{"embeddable":true,"href":"https:\/\/renatodias.online\/movimento\/wp-json\/wp\/v2\/media\/2438"}],"wp:attachment":[{"href":"https:\/\/renatodias.online\/movimento\/wp-json\/wp\/v2\/media?parent=2437"}],"wp:term":[{"taxonomy":"category","embeddable":true,"href":"https:\/\/renatodias.online\/movimento\/wp-json\/wp\/v2\/categories?post=2437"},{"taxonomy":"post_tag","embeddable":true,"href":"https:\/\/renatodias.online\/movimento\/wp-json\/wp\/v2\/tags?post=2437"}],"curies":[{"name":"wp","href":"https:\/\/api.w.org\/{rel}","templated":true}]}}