{"id":2426,"date":"2019-09-13T21:30:53","date_gmt":"2019-09-14T00:30:53","guid":{"rendered":"https:\/\/renatodias.online\/movimento\/?p=2426"},"modified":"2019-09-13T21:32:14","modified_gmt":"2019-09-14T00:32:14","slug":"casablanca-seis-e-meia-marly-prates-no-palco-neste-sabado","status":"publish","type":"post","link":"https:\/\/renatodias.online\/movimento\/2019\/09\/13\/casablanca-seis-e-meia-marly-prates-no-palco-neste-sabado\/","title":{"rendered":"Casablanca Seis e Meia  Marly Prates no palco neste s\u00e1bado"},"content":{"rendered":"<p><strong>Casablanca Seis e Meia<\/strong><\/p>\n<h1><strong>Marly Prates no palco neste s\u00e1bado<\/strong><\/h1>\n<p><strong>A diva da noite em edi\u00e7\u00e3o especial. Underground. Da vanguarda est\u00e9tica musical nas <\/strong><strong>\u2018Terras Goyazes<\/strong><strong>\u2019.\u00a0 O point \u00e9 o descolado Emp\u00f3rio Casablanca, em Goi\u00e2nia. Show come\u00e7a \u00e0s 21h<\/strong><\/p>\n<p>&nbsp;<\/p>\n<p><strong>Renato Dias<\/strong><\/p>\n<p>Uma edi\u00e7\u00e3o especial. Underground. Da vanguarda est\u00e9tica musical nas \u2018Terras Goyazes\u2019.\u00a0 \u00c9 o Casablanca Sess\u00e3o Seis e Meia deste s\u00e1bado, dia 14 de setembro de 2019, no Emp\u00f3rio Casablanca, em Goi\u00e2nia. A diva da noite, \u00e0s 21h, \u00e9 Marly Prates. Propriet\u00e1ria de uma voz aveludada, com agudo espetacular. Um show diferente. \u00c9 o que anuncia Itamar Correia Viana Filho. O coordenador do Projeto De Volta \u00e0 Vila Oper\u00e1ria, produtor-executivo dos espet\u00e1culos.<\/p>\n<p><strong>Divis\u00e3o de elite<\/strong><\/p>\n<p>A cantora Marly Prates estar\u00e1 acompanhada de um time de instrumentistas feras. Da Divis\u00e3o de Elite da Musica Nacional. Integram a lista seleta: Osvaldinho, Marrom Fernandes e Gustavo Lo\u00adpes. Com repert\u00f3rio ecl\u00e9tico, avisa. Inventivo, registra a artista. Multifacetado, narra.\u00a0 Com cl\u00e1ssicos da m\u00fasica internacional e sucessos nacionais, atira.\u00a0 A estrela \u00e9 vocalista da cult e tra\u00addicional Banda Ciclone. Com anos &amp; anos na estrada e na ind\u00fastria do entretenimento, frisa.<\/p>\n<p><strong>Servi\u00e7o<\/strong><\/p>\n<p><strong>Show:<\/strong> Marly Prates<\/p>\n<p><strong>Data:<\/strong> Neste s\u00e1bado, 14 de setembro de 2019<\/p>\n<p><strong>Hor\u00e1rio:<\/strong> 21h<\/p>\n<p><strong>Local:<\/strong> Emp\u00f3rio Casablanca<\/p>\n<p><strong>Produ\u00e7\u00e3o-executiva:<\/strong> Itamar Correia<\/p>\n<p><strong>Avalia\u00e7\u00e3o cr\u00edtica:<\/strong> Excelente<\/p>\n<p>&nbsp;<\/p>\n<p>&nbsp;<\/p>\n","protected":false},"excerpt":{"rendered":"<p>Casablanca Seis e Meia Marly Prates no palco neste s\u00e1bado A diva da noite em edi\u00e7\u00e3o especial. Underground. Da vanguarda est\u00e9tica musical nas \u2018Terras Goyazes\u2019.\u00a0 O point \u00e9 o descolado Emp\u00f3rio Casablanca, em Goi\u00e2nia. Show come\u00e7a \u00e0s 21h &nbsp; Renato Dias Uma edi\u00e7\u00e3o especial. Underground. Da vanguarda est\u00e9tica musical nas \u2018Terras Goyazes\u2019.\u00a0 \u00c9 o Casablanca<\/p>\n","protected":false},"author":2,"featured_media":2427,"comment_status":"open","ping_status":"open","sticky":false,"template":"","format":"standard","meta":{"_acf_changed":false,"_monsterinsights_skip_tracking":false,"_monsterinsights_sitenote_active":false,"_monsterinsights_sitenote_note":"","_monsterinsights_sitenote_category":0,"footnotes":""},"categories":[25,2],"tags":[],"class_list":["post-2426","post","type-post","status-publish","format-standard","has-post-thumbnail","hentry","category-agenda","category-arte"],"acf":[],"yoast_head":"<!-- This site is optimized with the Yoast SEO plugin v27.4 - https:\/\/yoast.com\/product\/yoast-seo-wordpress\/ -->\n<title>Casablanca Seis e Meia Marly Prates no palco neste s\u00e1bado -<\/title>\n<meta name=\"robots\" content=\"index, follow, max-snippet:-1, max-image-preview:large, max-video-preview:-1\" \/>\n<link rel=\"canonical\" href=\"https:\/\/renatodias.online\/movimento\/2019\/09\/13\/casablanca-seis-e-meia-marly-prates-no-palco-neste-sabado\/\" \/>\n<meta property=\"og:locale\" content=\"pt_BR\" \/>\n<meta property=\"og:type\" content=\"article\" \/>\n<meta property=\"og:title\" content=\"Casablanca Seis e Meia Marly Prates no palco neste s\u00e1bado -\" \/>\n<meta property=\"og:description\" content=\"Casablanca Seis e Meia Marly Prates no palco neste s\u00e1bado A diva da noite em edi\u00e7\u00e3o especial. Underground. Da vanguarda est\u00e9tica musical nas \u2018Terras Goyazes\u2019.\u00a0 O point \u00e9 o descolado Emp\u00f3rio Casablanca, em Goi\u00e2nia. Show come\u00e7a \u00e0s 21h &nbsp; Renato Dias Uma edi\u00e7\u00e3o especial. Underground. Da vanguarda est\u00e9tica musical nas \u2018Terras Goyazes\u2019.\u00a0 \u00c9 o Casablanca\" \/>\n<meta property=\"og:url\" content=\"https:\/\/renatodias.online\/movimento\/2019\/09\/13\/casablanca-seis-e-meia-marly-prates-no-palco-neste-sabado\/\" \/>\n<meta property=\"article:publisher\" content=\"https:\/\/www.facebook.com\/renato.dias.37\" \/>\n<meta property=\"article:author\" content=\"https:\/\/www.facebook.com\/renato.dias.37\" \/>\n<meta property=\"article:published_time\" content=\"2019-09-14T00:30:53+00:00\" \/>\n<meta property=\"article:modified_time\" content=\"2019-09-14T00:32:14+00:00\" \/>\n<meta property=\"og:image\" content=\"https:\/\/renatodias.online\/movimento\/wp-content\/uploads\/2019\/09\/Marly.jpg\" \/>\n\t<meta property=\"og:image:width\" content=\"519\" \/>\n\t<meta property=\"og:image:height\" content=\"841\" \/>\n\t<meta property=\"og:image:type\" content=\"image\/jpeg\" \/>\n<meta name=\"author\" content=\"Renato Dias\" \/>\n<meta name=\"twitter:card\" content=\"summary_large_image\" \/>\n<meta name=\"twitter:creator\" content=\"@RenatoDiasBat\" \/>\n<meta name=\"twitter:site\" content=\"@RenatoDiasBat\" \/>\n<meta name=\"twitter:label1\" content=\"Escrito por\" \/>\n\t<meta name=\"twitter:data1\" content=\"Renato Dias\" \/>\n\t<meta name=\"twitter:label2\" content=\"Est. tempo de leitura\" \/>\n\t<meta name=\"twitter:data2\" content=\"1 minuto\" \/>\n<script type=\"application\/ld+json\" class=\"yoast-schema-graph\">{\"@context\":\"https:\\\/\\\/schema.org\",\"@graph\":[{\"@type\":\"Article\",\"@id\":\"https:\\\/\\\/renatodias.online\\\/movimento\\\/2019\\\/09\\\/13\\\/casablanca-seis-e-meia-marly-prates-no-palco-neste-sabado\\\/#article\",\"isPartOf\":{\"@id\":\"https:\\\/\\\/renatodias.online\\\/movimento\\\/2019\\\/09\\\/13\\\/casablanca-seis-e-meia-marly-prates-no-palco-neste-sabado\\\/\"},\"author\":{\"name\":\"Renato Dias\",\"@id\":\"https:\\\/\\\/renatodias.online\\\/movimento\\\/#\\\/schema\\\/person\\\/bbab28833b1725a20f4083f49f1fb2a9\"},\"headline\":\"Casablanca Seis e Meia Marly Prates no palco neste s\u00e1bado\",\"datePublished\":\"2019-09-14T00:30:53+00:00\",\"dateModified\":\"2019-09-14T00:32:14+00:00\",\"mainEntityOfPage\":{\"@id\":\"https:\\\/\\\/renatodias.online\\\/movimento\\\/2019\\\/09\\\/13\\\/casablanca-seis-e-meia-marly-prates-no-palco-neste-sabado\\\/\"},\"wordCount\":242,\"commentCount\":0,\"publisher\":{\"@id\":\"https:\\\/\\\/renatodias.online\\\/movimento\\\/#\\\/schema\\\/person\\\/bbab28833b1725a20f4083f49f1fb2a9\"},\"image\":{\"@id\":\"https:\\\/\\\/renatodias.online\\\/movimento\\\/2019\\\/09\\\/13\\\/casablanca-seis-e-meia-marly-prates-no-palco-neste-sabado\\\/#primaryimage\"},\"thumbnailUrl\":\"https:\\\/\\\/renatodias.online\\\/movimento\\\/wp-content\\\/uploads\\\/2019\\\/09\\\/Marly.jpg\",\"articleSection\":[\"Agenda\",\"Arte\"],\"inLanguage\":\"pt-BR\",\"potentialAction\":[{\"@type\":\"CommentAction\",\"name\":\"Comment\",\"target\":[\"https:\\\/\\\/renatodias.online\\\/movimento\\\/2019\\\/09\\\/13\\\/casablanca-seis-e-meia-marly-prates-no-palco-neste-sabado\\\/#respond\"]}]},{\"@type\":\"WebPage\",\"@id\":\"https:\\\/\\\/renatodias.online\\\/movimento\\\/2019\\\/09\\\/13\\\/casablanca-seis-e-meia-marly-prates-no-palco-neste-sabado\\\/\",\"url\":\"https:\\\/\\\/renatodias.online\\\/movimento\\\/2019\\\/09\\\/13\\\/casablanca-seis-e-meia-marly-prates-no-palco-neste-sabado\\\/\",\"name\":\"Casablanca Seis e Meia Marly Prates no palco neste s\u00e1bado -\",\"isPartOf\":{\"@id\":\"https:\\\/\\\/renatodias.online\\\/movimento\\\/#website\"},\"primaryImageOfPage\":{\"@id\":\"https:\\\/\\\/renatodias.online\\\/movimento\\\/2019\\\/09\\\/13\\\/casablanca-seis-e-meia-marly-prates-no-palco-neste-sabado\\\/#primaryimage\"},\"image\":{\"@id\":\"https:\\\/\\\/renatodias.online\\\/movimento\\\/2019\\\/09\\\/13\\\/casablanca-seis-e-meia-marly-prates-no-palco-neste-sabado\\\/#primaryimage\"},\"thumbnailUrl\":\"https:\\\/\\\/renatodias.online\\\/movimento\\\/wp-content\\\/uploads\\\/2019\\\/09\\\/Marly.jpg\",\"datePublished\":\"2019-09-14T00:30:53+00:00\",\"dateModified\":\"2019-09-14T00:32:14+00:00\",\"breadcrumb\":{\"@id\":\"https:\\\/\\\/renatodias.online\\\/movimento\\\/2019\\\/09\\\/13\\\/casablanca-seis-e-meia-marly-prates-no-palco-neste-sabado\\\/#breadcrumb\"},\"inLanguage\":\"pt-BR\",\"potentialAction\":[{\"@type\":\"ReadAction\",\"target\":[\"https:\\\/\\\/renatodias.online\\\/movimento\\\/2019\\\/09\\\/13\\\/casablanca-seis-e-meia-marly-prates-no-palco-neste-sabado\\\/\"]}]},{\"@type\":\"ImageObject\",\"inLanguage\":\"pt-BR\",\"@id\":\"https:\\\/\\\/renatodias.online\\\/movimento\\\/2019\\\/09\\\/13\\\/casablanca-seis-e-meia-marly-prates-no-palco-neste-sabado\\\/#primaryimage\",\"url\":\"https:\\\/\\\/renatodias.online\\\/movimento\\\/wp-content\\\/uploads\\\/2019\\\/09\\\/Marly.jpg\",\"contentUrl\":\"https:\\\/\\\/renatodias.online\\\/movimento\\\/wp-content\\\/uploads\\\/2019\\\/09\\\/Marly.jpg\",\"width\":519,\"height\":841,\"caption\":\"Marly\"},{\"@type\":\"BreadcrumbList\",\"@id\":\"https:\\\/\\\/renatodias.online\\\/movimento\\\/2019\\\/09\\\/13\\\/casablanca-seis-e-meia-marly-prates-no-palco-neste-sabado\\\/#breadcrumb\",\"itemListElement\":[{\"@type\":\"ListItem\",\"position\":1,\"name\":\"In\u00edcio\",\"item\":\"https:\\\/\\\/renatodias.online\\\/movimento\\\/\"},{\"@type\":\"ListItem\",\"position\":2,\"name\":\"Casablanca Seis e Meia Marly Prates no palco neste s\u00e1bado\"}]},{\"@type\":\"WebSite\",\"@id\":\"https:\\\/\\\/renatodias.online\\\/movimento\\\/#website\",\"url\":\"https:\\\/\\\/renatodias.online\\\/movimento\\\/\",\"name\":\"\",\"description\":\"\",\"publisher\":{\"@id\":\"https:\\\/\\\/renatodias.online\\\/movimento\\\/#\\\/schema\\\/person\\\/bbab28833b1725a20f4083f49f1fb2a9\"},\"potentialAction\":[{\"@type\":\"SearchAction\",\"target\":{\"@type\":\"EntryPoint\",\"urlTemplate\":\"https:\\\/\\\/renatodias.online\\\/movimento\\\/?s={search_term_string}\"},\"query-input\":{\"@type\":\"PropertyValueSpecification\",\"valueRequired\":true,\"valueName\":\"search_term_string\"}}],\"inLanguage\":\"pt-BR\"},{\"@type\":[\"Person\",\"Organization\"],\"@id\":\"https:\\\/\\\/renatodias.online\\\/movimento\\\/#\\\/schema\\\/person\\\/bbab28833b1725a20f4083f49f1fb2a9\",\"name\":\"Renato Dias\",\"image\":{\"@type\":\"ImageObject\",\"inLanguage\":\"pt-BR\",\"@id\":\"https:\\\/\\\/renatodias.online\\\/movimento\\\/wp-content\\\/uploads\\\/2023\\\/03\\\/cropped-cropped-cropped-logofinal.jpeg\",\"url\":\"https:\\\/\\\/renatodias.online\\\/movimento\\\/wp-content\\\/uploads\\\/2023\\\/03\\\/cropped-cropped-cropped-logofinal.jpeg\",\"contentUrl\":\"https:\\\/\\\/renatodias.online\\\/movimento\\\/wp-content\\\/uploads\\\/2023\\\/03\\\/cropped-cropped-cropped-logofinal.jpeg\",\"width\":1280,\"height\":219,\"caption\":\"Renato Dias\"},\"logo\":{\"@id\":\"https:\\\/\\\/renatodias.online\\\/movimento\\\/wp-content\\\/uploads\\\/2023\\\/03\\\/cropped-cropped-cropped-logofinal.jpeg\"},\"description\":\"Renato Dias, 58 anos, \u00e9 graduado em Jornalismo, formado em Ci\u00eancias Sociais, com p\u00f3s-gradua\u00e7\u00e3o em Pol\u00edticas P\u00fablicas, mestre em Direito e Rela\u00e7\u00f5es Internacionais, ex-aluno extraordin\u00e1rio do Doutorado em Psicologia Social, ex-estudante do Curso de Psican\u00e1lise do Centro de Estudos Psicanal\u00edticos do Estado de Goi\u00e1s, ministrado pelo m\u00e9dico psiquiatra e psicanalista Daniel Em\u00eddio de Souza. \u00c9 autor de 30 livros-reportagem, oito document\u00e1rios, ganhou 30 pr\u00eamios e \u00e9 torcedor apaixonado do maior do Centro-Oeste, o Vila Nova Futebol Clube. Casado com Meirilane Dias, \u00e9 pai de Juliana Dias, jornalista; Daniel Dias, economista; e Maria Rosa Dias, estudante antifascista, socialista e trotskista.\u00a0Com tr\u00eas pets: Porquinho [Bull Dog Franc\u00eas], Dalila [Basset Hound] e Geleia [Basset Hound]. Al\u00e9m do eterno gato Tutuquinho, que virou estrela.\",\"sameAs\":[\"https:\\\/\\\/www.facebook.com\\\/renato.dias.37\",\"#breve\",\"https:\\\/\\\/renatodias.tumblr.com\\\/\"],\"url\":\"https:\\\/\\\/renatodias.online\\\/movimento\\\/author\\\/renatodias\\\/\"}]}<\/script>\n<!-- \/ Yoast SEO plugin. -->","yoast_head_json":{"title":"Casablanca Seis e Meia Marly Prates no palco neste s\u00e1bado -","robots":{"index":"index","follow":"follow","max-snippet":"max-snippet:-1","max-image-preview":"max-image-preview:large","max-video-preview":"max-video-preview:-1"},"canonical":"https:\/\/renatodias.online\/movimento\/2019\/09\/13\/casablanca-seis-e-meia-marly-prates-no-palco-neste-sabado\/","og_locale":"pt_BR","og_type":"article","og_title":"Casablanca Seis e Meia Marly Prates no palco neste s\u00e1bado -","og_description":"Casablanca Seis e Meia Marly Prates no palco neste s\u00e1bado A diva da noite em edi\u00e7\u00e3o especial. Underground. Da vanguarda est\u00e9tica musical nas \u2018Terras Goyazes\u2019.\u00a0 O point \u00e9 o descolado Emp\u00f3rio Casablanca, em Goi\u00e2nia. Show come\u00e7a \u00e0s 21h &nbsp; Renato Dias Uma edi\u00e7\u00e3o especial. Underground. Da vanguarda est\u00e9tica musical nas \u2018Terras Goyazes\u2019.\u00a0 \u00c9 o Casablanca","og_url":"https:\/\/renatodias.online\/movimento\/2019\/09\/13\/casablanca-seis-e-meia-marly-prates-no-palco-neste-sabado\/","article_publisher":"https:\/\/www.facebook.com\/renato.dias.37","article_author":"https:\/\/www.facebook.com\/renato.dias.37","article_published_time":"2019-09-14T00:30:53+00:00","article_modified_time":"2019-09-14T00:32:14+00:00","og_image":[{"width":519,"height":841,"url":"https:\/\/renatodias.online\/movimento\/wp-content\/uploads\/2019\/09\/Marly.jpg","type":"image\/jpeg"}],"author":"Renato Dias","twitter_card":"summary_large_image","twitter_creator":"@RenatoDiasBat","twitter_site":"@RenatoDiasBat","twitter_misc":{"Escrito por":"Renato Dias","Est. tempo de leitura":"1 minuto"},"schema":{"@context":"https:\/\/schema.org","@graph":[{"@type":"Article","@id":"https:\/\/renatodias.online\/movimento\/2019\/09\/13\/casablanca-seis-e-meia-marly-prates-no-palco-neste-sabado\/#article","isPartOf":{"@id":"https:\/\/renatodias.online\/movimento\/2019\/09\/13\/casablanca-seis-e-meia-marly-prates-no-palco-neste-sabado\/"},"author":{"name":"Renato Dias","@id":"https:\/\/renatodias.online\/movimento\/#\/schema\/person\/bbab28833b1725a20f4083f49f1fb2a9"},"headline":"Casablanca Seis e Meia Marly Prates no palco neste s\u00e1bado","datePublished":"2019-09-14T00:30:53+00:00","dateModified":"2019-09-14T00:32:14+00:00","mainEntityOfPage":{"@id":"https:\/\/renatodias.online\/movimento\/2019\/09\/13\/casablanca-seis-e-meia-marly-prates-no-palco-neste-sabado\/"},"wordCount":242,"commentCount":0,"publisher":{"@id":"https:\/\/renatodias.online\/movimento\/#\/schema\/person\/bbab28833b1725a20f4083f49f1fb2a9"},"image":{"@id":"https:\/\/renatodias.online\/movimento\/2019\/09\/13\/casablanca-seis-e-meia-marly-prates-no-palco-neste-sabado\/#primaryimage"},"thumbnailUrl":"https:\/\/renatodias.online\/movimento\/wp-content\/uploads\/2019\/09\/Marly.jpg","articleSection":["Agenda","Arte"],"inLanguage":"pt-BR","potentialAction":[{"@type":"CommentAction","name":"Comment","target":["https:\/\/renatodias.online\/movimento\/2019\/09\/13\/casablanca-seis-e-meia-marly-prates-no-palco-neste-sabado\/#respond"]}]},{"@type":"WebPage","@id":"https:\/\/renatodias.online\/movimento\/2019\/09\/13\/casablanca-seis-e-meia-marly-prates-no-palco-neste-sabado\/","url":"https:\/\/renatodias.online\/movimento\/2019\/09\/13\/casablanca-seis-e-meia-marly-prates-no-palco-neste-sabado\/","name":"Casablanca Seis e Meia Marly Prates no palco neste s\u00e1bado -","isPartOf":{"@id":"https:\/\/renatodias.online\/movimento\/#website"},"primaryImageOfPage":{"@id":"https:\/\/renatodias.online\/movimento\/2019\/09\/13\/casablanca-seis-e-meia-marly-prates-no-palco-neste-sabado\/#primaryimage"},"image":{"@id":"https:\/\/renatodias.online\/movimento\/2019\/09\/13\/casablanca-seis-e-meia-marly-prates-no-palco-neste-sabado\/#primaryimage"},"thumbnailUrl":"https:\/\/renatodias.online\/movimento\/wp-content\/uploads\/2019\/09\/Marly.jpg","datePublished":"2019-09-14T00:30:53+00:00","dateModified":"2019-09-14T00:32:14+00:00","breadcrumb":{"@id":"https:\/\/renatodias.online\/movimento\/2019\/09\/13\/casablanca-seis-e-meia-marly-prates-no-palco-neste-sabado\/#breadcrumb"},"inLanguage":"pt-BR","potentialAction":[{"@type":"ReadAction","target":["https:\/\/renatodias.online\/movimento\/2019\/09\/13\/casablanca-seis-e-meia-marly-prates-no-palco-neste-sabado\/"]}]},{"@type":"ImageObject","inLanguage":"pt-BR","@id":"https:\/\/renatodias.online\/movimento\/2019\/09\/13\/casablanca-seis-e-meia-marly-prates-no-palco-neste-sabado\/#primaryimage","url":"https:\/\/renatodias.online\/movimento\/wp-content\/uploads\/2019\/09\/Marly.jpg","contentUrl":"https:\/\/renatodias.online\/movimento\/wp-content\/uploads\/2019\/09\/Marly.jpg","width":519,"height":841,"caption":"Marly"},{"@type":"BreadcrumbList","@id":"https:\/\/renatodias.online\/movimento\/2019\/09\/13\/casablanca-seis-e-meia-marly-prates-no-palco-neste-sabado\/#breadcrumb","itemListElement":[{"@type":"ListItem","position":1,"name":"In\u00edcio","item":"https:\/\/renatodias.online\/movimento\/"},{"@type":"ListItem","position":2,"name":"Casablanca Seis e Meia Marly Prates no palco neste s\u00e1bado"}]},{"@type":"WebSite","@id":"https:\/\/renatodias.online\/movimento\/#website","url":"https:\/\/renatodias.online\/movimento\/","name":"","description":"","publisher":{"@id":"https:\/\/renatodias.online\/movimento\/#\/schema\/person\/bbab28833b1725a20f4083f49f1fb2a9"},"potentialAction":[{"@type":"SearchAction","target":{"@type":"EntryPoint","urlTemplate":"https:\/\/renatodias.online\/movimento\/?s={search_term_string}"},"query-input":{"@type":"PropertyValueSpecification","valueRequired":true,"valueName":"search_term_string"}}],"inLanguage":"pt-BR"},{"@type":["Person","Organization"],"@id":"https:\/\/renatodias.online\/movimento\/#\/schema\/person\/bbab28833b1725a20f4083f49f1fb2a9","name":"Renato Dias","image":{"@type":"ImageObject","inLanguage":"pt-BR","@id":"https:\/\/renatodias.online\/movimento\/wp-content\/uploads\/2023\/03\/cropped-cropped-cropped-logofinal.jpeg","url":"https:\/\/renatodias.online\/movimento\/wp-content\/uploads\/2023\/03\/cropped-cropped-cropped-logofinal.jpeg","contentUrl":"https:\/\/renatodias.online\/movimento\/wp-content\/uploads\/2023\/03\/cropped-cropped-cropped-logofinal.jpeg","width":1280,"height":219,"caption":"Renato Dias"},"logo":{"@id":"https:\/\/renatodias.online\/movimento\/wp-content\/uploads\/2023\/03\/cropped-cropped-cropped-logofinal.jpeg"},"description":"Renato Dias, 58 anos, \u00e9 graduado em Jornalismo, formado em Ci\u00eancias Sociais, com p\u00f3s-gradua\u00e7\u00e3o em Pol\u00edticas P\u00fablicas, mestre em Direito e Rela\u00e7\u00f5es Internacionais, ex-aluno extraordin\u00e1rio do Doutorado em Psicologia Social, ex-estudante do Curso de Psican\u00e1lise do Centro de Estudos Psicanal\u00edticos do Estado de Goi\u00e1s, ministrado pelo m\u00e9dico psiquiatra e psicanalista Daniel Em\u00eddio de Souza. \u00c9 autor de 30 livros-reportagem, oito document\u00e1rios, ganhou 30 pr\u00eamios e \u00e9 torcedor apaixonado do maior do Centro-Oeste, o Vila Nova Futebol Clube. Casado com Meirilane Dias, \u00e9 pai de Juliana Dias, jornalista; Daniel Dias, economista; e Maria Rosa Dias, estudante antifascista, socialista e trotskista.\u00a0Com tr\u00eas pets: Porquinho [Bull Dog Franc\u00eas], Dalila [Basset Hound] e Geleia [Basset Hound]. Al\u00e9m do eterno gato Tutuquinho, que virou estrela.","sameAs":["https:\/\/www.facebook.com\/renato.dias.37","#breve","https:\/\/renatodias.tumblr.com\/"],"url":"https:\/\/renatodias.online\/movimento\/author\/renatodias\/"}]}},"_links":{"self":[{"href":"https:\/\/renatodias.online\/movimento\/wp-json\/wp\/v2\/posts\/2426","targetHints":{"allow":["GET"]}}],"collection":[{"href":"https:\/\/renatodias.online\/movimento\/wp-json\/wp\/v2\/posts"}],"about":[{"href":"https:\/\/renatodias.online\/movimento\/wp-json\/wp\/v2\/types\/post"}],"author":[{"embeddable":true,"href":"https:\/\/renatodias.online\/movimento\/wp-json\/wp\/v2\/users\/2"}],"replies":[{"embeddable":true,"href":"https:\/\/renatodias.online\/movimento\/wp-json\/wp\/v2\/comments?post=2426"}],"version-history":[{"count":2,"href":"https:\/\/renatodias.online\/movimento\/wp-json\/wp\/v2\/posts\/2426\/revisions"}],"predecessor-version":[{"id":2429,"href":"https:\/\/renatodias.online\/movimento\/wp-json\/wp\/v2\/posts\/2426\/revisions\/2429"}],"wp:featuredmedia":[{"embeddable":true,"href":"https:\/\/renatodias.online\/movimento\/wp-json\/wp\/v2\/media\/2427"}],"wp:attachment":[{"href":"https:\/\/renatodias.online\/movimento\/wp-json\/wp\/v2\/media?parent=2426"}],"wp:term":[{"taxonomy":"category","embeddable":true,"href":"https:\/\/renatodias.online\/movimento\/wp-json\/wp\/v2\/categories?post=2426"},{"taxonomy":"post_tag","embeddable":true,"href":"https:\/\/renatodias.online\/movimento\/wp-json\/wp\/v2\/tags?post=2426"}],"curies":[{"name":"wp","href":"https:\/\/api.w.org\/{rel}","templated":true}]}}