{"id":2421,"date":"2019-09-12T18:44:46","date_gmt":"2019-09-12T21:44:46","guid":{"rendered":"https:\/\/renatodias.online\/movimento\/?p=2421"},"modified":"2019-09-14T14:42:02","modified_gmt":"2019-09-14T17:42:02","slug":"mostra-traz-imagens-do-cerrado","status":"publish","type":"post","link":"https:\/\/renatodias.online\/movimento\/2019\/09\/12\/mostra-traz-imagens-do-cerrado\/","title":{"rendered":"Mostra traz imagens do Cerrado"},"content":{"rendered":"<h1><span style=\"color: #ff0000;\"><strong>Educa\u00e7\u00e3o <\/strong><\/span><\/h1>\n<h1><strong>Mostra traz imagens do Cerrado<\/strong><\/h1>\n<p><strong>Exposi\u00e7\u00e3o educativa conta com 48 fotografias de alunos, com curadoria de Jo\u00e3o Caetano, di\u00advulga\u00e7\u00e3o de Lila Nascimento, no Shopping Center Bougainville, at\u00e9 o dia 19 de setembro <\/strong><\/p>\n<p><strong>\u00a0<\/strong><\/p>\n<figure id=\"attachment_2423\" aria-describedby=\"caption-attachment-2423\" style=\"width: 1024px\" class=\"wp-caption alignnone\"><img loading=\"lazy\" decoding=\"async\" class=\"wp-image-2423 size-large\" src=\"https:\/\/renatodias.online\/movimento\/wp-content\/uploads\/2019\/09\/IMG_1845-1024x683.jpg\" alt=\"\" width=\"1024\" height=\"683\" srcset=\"https:\/\/renatodias.online\/movimento\/wp-content\/uploads\/2019\/09\/IMG_1845-1024x683.jpg 1024w, https:\/\/renatodias.online\/movimento\/wp-content\/uploads\/2019\/09\/IMG_1845-300x200.jpg 300w, https:\/\/renatodias.online\/movimento\/wp-content\/uploads\/2019\/09\/IMG_1845-768x512.jpg 768w, https:\/\/renatodias.online\/movimento\/wp-content\/uploads\/2019\/09\/IMG_1845-360x240.jpg 360w, https:\/\/renatodias.online\/movimento\/wp-content\/uploads\/2019\/09\/IMG_1845-750x500.jpg 750w\" sizes=\"auto, (max-width: 1024px) 100vw, 1024px\" \/><figcaption id=\"caption-attachment-2423\" class=\"wp-caption-text\">Palestra do fot\u00f3grafo internacional Jo\u00e3o Caetano\u00a0<\/figcaption><\/figure>\n<p><strong>\u00a0<\/strong><\/p>\n<p><strong>Renato Dias<\/strong><\/p>\n<p>Exposi\u00e7\u00e3o de fotografias da Interschool Brasil. Anote na sua agenda: at\u00e9 o dia 19 de setembro, no Shopping Bougainvile, \u00e0 Rua 9, Setor Marista, em Goi\u00e2nia, Goi\u00e1s. De alunos do 6\u00ba ao 9\u00ba ano. \u00c9 a mostra de imagens ic\u00f4nicas \u2018NaturalMENTE\u2019.\u00a0 Premiado no Brasil e no exterior, o fot\u00f3grafo Jo\u00e3o Caetano, que coleciona 350 pr\u00eamios internacionais, \u00e9 um dos entusiastas do projeto.<\/p>\n<p>Com um olhar \u00fanico, o artista capturou imagens e eternizou rochas, \u00e1rvores e flores do Cerra\u00addo com suas lentes. As fotografias \u00a0expressam diferentes formas e \u00e2ngulos para atrair a aten\u00ad\u00e7\u00e3o do mundo sobre a import\u00e2ncia estrat\u00e9gica de salvar o segundo maior bioma brasileiro. Sem\u00adpre com uma vis\u00e3o ecol\u00f3gica sobre a vida: quando registra um tronco queimado e morto.<\/p>\n<p><img loading=\"lazy\" decoding=\"async\" class=\"aligncenter wp-image-2424 size-large\" src=\"https:\/\/renatodias.online\/movimento\/wp-content\/uploads\/2019\/09\/Amanda-Torres-preparando-para-o-v\u00f4o-8-Ano-1024x768.jpg\" alt=\"\" width=\"1024\" height=\"768\" srcset=\"https:\/\/renatodias.online\/movimento\/wp-content\/uploads\/2019\/09\/Amanda-Torres-preparando-para-o-v\u00f4o-8-Ano-1024x768.jpg 1024w, https:\/\/renatodias.online\/movimento\/wp-content\/uploads\/2019\/09\/Amanda-Torres-preparando-para-o-v\u00f4o-8-Ano-300x225.jpg 300w, https:\/\/renatodias.online\/movimento\/wp-content\/uploads\/2019\/09\/Amanda-Torres-preparando-para-o-v\u00f4o-8-Ano-768x576.jpg 768w, https:\/\/renatodias.online\/movimento\/wp-content\/uploads\/2019\/09\/Amanda-Torres-preparando-para-o-v\u00f4o-8-Ano-750x563.jpg 750w\" sizes=\"auto, (max-width: 1024px) 100vw, 1024px\" \/><\/p>\n<p>&nbsp;<\/p>\n<p>Jo\u00e3o Caetano diz, com exclusividade, que est\u00e1 reciclando a natureza em arte. A ideia \u00e9 contribuir para plantar, nesta nova gera\u00e7\u00e3o, a semente referente \u00e0 \u00a0import\u00e2ncia estrat\u00e9gica de preservar o meio ambiente, explica. O que n\u00e3o tem pre\u00e7o, registra. \u201cOs estudantes sair\u00e3o para fotografar a natureza com um novo olhar\u201d, anima-se. A semente poder\u00e1 render frutos, cr\u00ea.<\/p>\n<p><strong>J\u00fari Especial<\/strong><\/p>\n<p>A sele\u00e7\u00e3o possui 48 fotografias. As imagens foram escolhidas por um j\u00fari. A Comiss\u00e3o Especial \u00e9 formada por professores, fot\u00f3grafos e profissionais da m\u00eddia de Goi\u00e1s. A mostra n\u00e3o tem ca\u00adr\u00e1\u00ad\u00adter competitivo, diz o coordenador, professor V\u00edttor Campos. O objetivo \u00e9 des\u00adper\u00adtar cria\u00adtivi\u00addade e consci\u00eancia humana nos alunos, com a observa\u00e7\u00e3o dos fen\u00f4menos da natu\u00adre\u00adza, frisa.<\/p>\n<p><strong>&#8211; A exposi\u00e7\u00e3o fotogr\u00e1fica faz parte do projeto 2019 da Interschool Brasil, que tem como tema \u2018Natureza \u2013 voc\u00ea colhe o que voc\u00ea planta\u2019<\/strong>.<\/p>\n<p>Com extensa programa\u00e7\u00e3o, que atinge todas as disciplinas do curr\u00edculo escolar, a proposta \u00e9 preparar os alunos para os desafios que a rela\u00e7\u00e3o sociedade-natureza imp\u00f5e aos dias atuais, diante da necessidade de equilibrar essa rela\u00e7\u00e3o para garantir a sobreviv\u00eancia do planeta e o aproveitamento dos recursos naturais com consci\u00eancia e responsabilidade, dispara ele.<\/p>\n<p>&nbsp;<\/p>\n<p>&nbsp;<\/p>\n<p>&nbsp;<\/p>\n<p>&nbsp;<\/p>\n","protected":false},"excerpt":{"rendered":"<p>Educa\u00e7\u00e3o Mostra traz imagens do Cerrado Exposi\u00e7\u00e3o educativa conta com 48 fotografias de alunos, com curadoria de Jo\u00e3o Caetano, di\u00advulga\u00e7\u00e3o de Lila Nascimento, no Shopping Center Bougainville, at\u00e9 o dia 19 de setembro \u00a0 \u00a0 Renato Dias Exposi\u00e7\u00e3o de fotografias da Interschool Brasil. Anote na sua agenda: at\u00e9 o dia 19 de setembro, no Shopping<\/p>\n","protected":false},"author":2,"featured_media":2422,"comment_status":"open","ping_status":"open","sticky":false,"template":"","format":"standard","meta":{"_acf_changed":false,"_monsterinsights_skip_tracking":false,"_monsterinsights_sitenote_active":false,"_monsterinsights_sitenote_note":"","_monsterinsights_sitenote_category":0,"footnotes":""},"categories":[25],"tags":[],"class_list":["post-2421","post","type-post","status-publish","format-standard","has-post-thumbnail","hentry","category-agenda"],"acf":[],"yoast_head":"<!-- This site is optimized with the Yoast SEO plugin v27.4 - https:\/\/yoast.com\/product\/yoast-seo-wordpress\/ -->\n<title>Mostra traz imagens do Cerrado -<\/title>\n<meta name=\"robots\" content=\"index, follow, max-snippet:-1, max-image-preview:large, max-video-preview:-1\" \/>\n<link rel=\"canonical\" href=\"https:\/\/renatodias.online\/movimento\/2019\/09\/12\/mostra-traz-imagens-do-cerrado\/\" \/>\n<meta property=\"og:locale\" content=\"pt_BR\" \/>\n<meta property=\"og:type\" content=\"article\" \/>\n<meta property=\"og:title\" content=\"Mostra traz imagens do Cerrado -\" \/>\n<meta property=\"og:description\" content=\"Educa\u00e7\u00e3o Mostra traz imagens do Cerrado Exposi\u00e7\u00e3o educativa conta com 48 fotografias de alunos, com curadoria de Jo\u00e3o Caetano, di\u00advulga\u00e7\u00e3o de Lila Nascimento, no Shopping Center Bougainville, at\u00e9 o dia 19 de setembro \u00a0 \u00a0 Renato Dias Exposi\u00e7\u00e3o de fotografias da Interschool Brasil. Anote na sua agenda: at\u00e9 o dia 19 de setembro, no Shopping\" \/>\n<meta property=\"og:url\" content=\"https:\/\/renatodias.online\/movimento\/2019\/09\/12\/mostra-traz-imagens-do-cerrado\/\" \/>\n<meta property=\"article:publisher\" content=\"https:\/\/www.facebook.com\/renato.dias.37\" \/>\n<meta property=\"article:author\" content=\"https:\/\/www.facebook.com\/renato.dias.37\" \/>\n<meta property=\"article:published_time\" content=\"2019-09-12T21:44:46+00:00\" \/>\n<meta property=\"article:modified_time\" content=\"2019-09-14T17:42:02+00:00\" \/>\n<meta property=\"og:image\" content=\"https:\/\/renatodias.online\/movimento\/wp-content\/uploads\/2019\/09\/Yasmin-Mageste-7-Ano.jpg\" \/>\n\t<meta property=\"og:image:width\" content=\"931\" \/>\n\t<meta property=\"og:image:height\" content=\"1206\" \/>\n\t<meta property=\"og:image:type\" content=\"image\/jpeg\" \/>\n<meta name=\"author\" content=\"Renato Dias\" \/>\n<meta name=\"twitter:card\" content=\"summary_large_image\" \/>\n<meta name=\"twitter:creator\" content=\"@RenatoDiasBat\" \/>\n<meta name=\"twitter:site\" content=\"@RenatoDiasBat\" \/>\n<meta name=\"twitter:label1\" content=\"Escrito por\" \/>\n\t<meta name=\"twitter:data1\" content=\"Renato Dias\" \/>\n\t<meta name=\"twitter:label2\" content=\"Est. tempo de leitura\" \/>\n\t<meta name=\"twitter:data2\" content=\"2 minutos\" \/>\n<script type=\"application\/ld+json\" class=\"yoast-schema-graph\">{\"@context\":\"https:\\\/\\\/schema.org\",\"@graph\":[{\"@type\":\"Article\",\"@id\":\"https:\\\/\\\/renatodias.online\\\/movimento\\\/2019\\\/09\\\/12\\\/mostra-traz-imagens-do-cerrado\\\/#article\",\"isPartOf\":{\"@id\":\"https:\\\/\\\/renatodias.online\\\/movimento\\\/2019\\\/09\\\/12\\\/mostra-traz-imagens-do-cerrado\\\/\"},\"author\":{\"name\":\"Renato Dias\",\"@id\":\"https:\\\/\\\/renatodias.online\\\/movimento\\\/#\\\/schema\\\/person\\\/bbab28833b1725a20f4083f49f1fb2a9\"},\"headline\":\"Mostra traz imagens do Cerrado\",\"datePublished\":\"2019-09-12T21:44:46+00:00\",\"dateModified\":\"2019-09-14T17:42:02+00:00\",\"mainEntityOfPage\":{\"@id\":\"https:\\\/\\\/renatodias.online\\\/movimento\\\/2019\\\/09\\\/12\\\/mostra-traz-imagens-do-cerrado\\\/\"},\"wordCount\":409,\"commentCount\":0,\"publisher\":{\"@id\":\"https:\\\/\\\/renatodias.online\\\/movimento\\\/#\\\/schema\\\/person\\\/bbab28833b1725a20f4083f49f1fb2a9\"},\"image\":{\"@id\":\"https:\\\/\\\/renatodias.online\\\/movimento\\\/2019\\\/09\\\/12\\\/mostra-traz-imagens-do-cerrado\\\/#primaryimage\"},\"thumbnailUrl\":\"https:\\\/\\\/renatodias.online\\\/movimento\\\/wp-content\\\/uploads\\\/2019\\\/09\\\/Yasmin-Mageste-7-Ano.jpg\",\"articleSection\":[\"Agenda\"],\"inLanguage\":\"pt-BR\",\"potentialAction\":[{\"@type\":\"CommentAction\",\"name\":\"Comment\",\"target\":[\"https:\\\/\\\/renatodias.online\\\/movimento\\\/2019\\\/09\\\/12\\\/mostra-traz-imagens-do-cerrado\\\/#respond\"]}]},{\"@type\":\"WebPage\",\"@id\":\"https:\\\/\\\/renatodias.online\\\/movimento\\\/2019\\\/09\\\/12\\\/mostra-traz-imagens-do-cerrado\\\/\",\"url\":\"https:\\\/\\\/renatodias.online\\\/movimento\\\/2019\\\/09\\\/12\\\/mostra-traz-imagens-do-cerrado\\\/\",\"name\":\"Mostra traz imagens do Cerrado -\",\"isPartOf\":{\"@id\":\"https:\\\/\\\/renatodias.online\\\/movimento\\\/#website\"},\"primaryImageOfPage\":{\"@id\":\"https:\\\/\\\/renatodias.online\\\/movimento\\\/2019\\\/09\\\/12\\\/mostra-traz-imagens-do-cerrado\\\/#primaryimage\"},\"image\":{\"@id\":\"https:\\\/\\\/renatodias.online\\\/movimento\\\/2019\\\/09\\\/12\\\/mostra-traz-imagens-do-cerrado\\\/#primaryimage\"},\"thumbnailUrl\":\"https:\\\/\\\/renatodias.online\\\/movimento\\\/wp-content\\\/uploads\\\/2019\\\/09\\\/Yasmin-Mageste-7-Ano.jpg\",\"datePublished\":\"2019-09-12T21:44:46+00:00\",\"dateModified\":\"2019-09-14T17:42:02+00:00\",\"breadcrumb\":{\"@id\":\"https:\\\/\\\/renatodias.online\\\/movimento\\\/2019\\\/09\\\/12\\\/mostra-traz-imagens-do-cerrado\\\/#breadcrumb\"},\"inLanguage\":\"pt-BR\",\"potentialAction\":[{\"@type\":\"ReadAction\",\"target\":[\"https:\\\/\\\/renatodias.online\\\/movimento\\\/2019\\\/09\\\/12\\\/mostra-traz-imagens-do-cerrado\\\/\"]}]},{\"@type\":\"ImageObject\",\"inLanguage\":\"pt-BR\",\"@id\":\"https:\\\/\\\/renatodias.online\\\/movimento\\\/2019\\\/09\\\/12\\\/mostra-traz-imagens-do-cerrado\\\/#primaryimage\",\"url\":\"https:\\\/\\\/renatodias.online\\\/movimento\\\/wp-content\\\/uploads\\\/2019\\\/09\\\/Yasmin-Mageste-7-Ano.jpg\",\"contentUrl\":\"https:\\\/\\\/renatodias.online\\\/movimento\\\/wp-content\\\/uploads\\\/2019\\\/09\\\/Yasmin-Mageste-7-Ano.jpg\",\"width\":931,\"height\":1206},{\"@type\":\"BreadcrumbList\",\"@id\":\"https:\\\/\\\/renatodias.online\\\/movimento\\\/2019\\\/09\\\/12\\\/mostra-traz-imagens-do-cerrado\\\/#breadcrumb\",\"itemListElement\":[{\"@type\":\"ListItem\",\"position\":1,\"name\":\"In\u00edcio\",\"item\":\"https:\\\/\\\/renatodias.online\\\/movimento\\\/\"},{\"@type\":\"ListItem\",\"position\":2,\"name\":\"Mostra traz imagens do Cerrado\"}]},{\"@type\":\"WebSite\",\"@id\":\"https:\\\/\\\/renatodias.online\\\/movimento\\\/#website\",\"url\":\"https:\\\/\\\/renatodias.online\\\/movimento\\\/\",\"name\":\"\",\"description\":\"\",\"publisher\":{\"@id\":\"https:\\\/\\\/renatodias.online\\\/movimento\\\/#\\\/schema\\\/person\\\/bbab28833b1725a20f4083f49f1fb2a9\"},\"potentialAction\":[{\"@type\":\"SearchAction\",\"target\":{\"@type\":\"EntryPoint\",\"urlTemplate\":\"https:\\\/\\\/renatodias.online\\\/movimento\\\/?s={search_term_string}\"},\"query-input\":{\"@type\":\"PropertyValueSpecification\",\"valueRequired\":true,\"valueName\":\"search_term_string\"}}],\"inLanguage\":\"pt-BR\"},{\"@type\":[\"Person\",\"Organization\"],\"@id\":\"https:\\\/\\\/renatodias.online\\\/movimento\\\/#\\\/schema\\\/person\\\/bbab28833b1725a20f4083f49f1fb2a9\",\"name\":\"Renato Dias\",\"image\":{\"@type\":\"ImageObject\",\"inLanguage\":\"pt-BR\",\"@id\":\"https:\\\/\\\/renatodias.online\\\/movimento\\\/wp-content\\\/uploads\\\/2023\\\/03\\\/cropped-cropped-cropped-logofinal.jpeg\",\"url\":\"https:\\\/\\\/renatodias.online\\\/movimento\\\/wp-content\\\/uploads\\\/2023\\\/03\\\/cropped-cropped-cropped-logofinal.jpeg\",\"contentUrl\":\"https:\\\/\\\/renatodias.online\\\/movimento\\\/wp-content\\\/uploads\\\/2023\\\/03\\\/cropped-cropped-cropped-logofinal.jpeg\",\"width\":1280,\"height\":219,\"caption\":\"Renato Dias\"},\"logo\":{\"@id\":\"https:\\\/\\\/renatodias.online\\\/movimento\\\/wp-content\\\/uploads\\\/2023\\\/03\\\/cropped-cropped-cropped-logofinal.jpeg\"},\"description\":\"Renato Dias, 58 anos, \u00e9 graduado em Jornalismo, formado em Ci\u00eancias Sociais, com p\u00f3s-gradua\u00e7\u00e3o em Pol\u00edticas P\u00fablicas, mestre em Direito e Rela\u00e7\u00f5es Internacionais, ex-aluno extraordin\u00e1rio do Doutorado em Psicologia Social, ex-estudante do Curso de Psican\u00e1lise do Centro de Estudos Psicanal\u00edticos do Estado de Goi\u00e1s, ministrado pelo m\u00e9dico psiquiatra e psicanalista Daniel Em\u00eddio de Souza. \u00c9 autor de 30 livros-reportagem, oito document\u00e1rios, ganhou 30 pr\u00eamios e \u00e9 torcedor apaixonado do maior do Centro-Oeste, o Vila Nova Futebol Clube. Casado com Meirilane Dias, \u00e9 pai de Juliana Dias, jornalista; Daniel Dias, economista; e Maria Rosa Dias, estudante antifascista, socialista e trotskista.\u00a0Com tr\u00eas pets: Porquinho [Bull Dog Franc\u00eas], Dalila [Basset Hound] e Geleia [Basset Hound]. Al\u00e9m do eterno gato Tutuquinho, que virou estrela.\",\"sameAs\":[\"https:\\\/\\\/www.facebook.com\\\/renato.dias.37\",\"#breve\",\"https:\\\/\\\/renatodias.tumblr.com\\\/\"],\"url\":\"https:\\\/\\\/renatodias.online\\\/movimento\\\/author\\\/renatodias\\\/\"}]}<\/script>\n<!-- \/ Yoast SEO plugin. -->","yoast_head_json":{"title":"Mostra traz imagens do Cerrado -","robots":{"index":"index","follow":"follow","max-snippet":"max-snippet:-1","max-image-preview":"max-image-preview:large","max-video-preview":"max-video-preview:-1"},"canonical":"https:\/\/renatodias.online\/movimento\/2019\/09\/12\/mostra-traz-imagens-do-cerrado\/","og_locale":"pt_BR","og_type":"article","og_title":"Mostra traz imagens do Cerrado -","og_description":"Educa\u00e7\u00e3o Mostra traz imagens do Cerrado Exposi\u00e7\u00e3o educativa conta com 48 fotografias de alunos, com curadoria de Jo\u00e3o Caetano, di\u00advulga\u00e7\u00e3o de Lila Nascimento, no Shopping Center Bougainville, at\u00e9 o dia 19 de setembro \u00a0 \u00a0 Renato Dias Exposi\u00e7\u00e3o de fotografias da Interschool Brasil. Anote na sua agenda: at\u00e9 o dia 19 de setembro, no Shopping","og_url":"https:\/\/renatodias.online\/movimento\/2019\/09\/12\/mostra-traz-imagens-do-cerrado\/","article_publisher":"https:\/\/www.facebook.com\/renato.dias.37","article_author":"https:\/\/www.facebook.com\/renato.dias.37","article_published_time":"2019-09-12T21:44:46+00:00","article_modified_time":"2019-09-14T17:42:02+00:00","og_image":[{"width":931,"height":1206,"url":"https:\/\/renatodias.online\/movimento\/wp-content\/uploads\/2019\/09\/Yasmin-Mageste-7-Ano.jpg","type":"image\/jpeg"}],"author":"Renato Dias","twitter_card":"summary_large_image","twitter_creator":"@RenatoDiasBat","twitter_site":"@RenatoDiasBat","twitter_misc":{"Escrito por":"Renato Dias","Est. tempo de leitura":"2 minutos"},"schema":{"@context":"https:\/\/schema.org","@graph":[{"@type":"Article","@id":"https:\/\/renatodias.online\/movimento\/2019\/09\/12\/mostra-traz-imagens-do-cerrado\/#article","isPartOf":{"@id":"https:\/\/renatodias.online\/movimento\/2019\/09\/12\/mostra-traz-imagens-do-cerrado\/"},"author":{"name":"Renato Dias","@id":"https:\/\/renatodias.online\/movimento\/#\/schema\/person\/bbab28833b1725a20f4083f49f1fb2a9"},"headline":"Mostra traz imagens do Cerrado","datePublished":"2019-09-12T21:44:46+00:00","dateModified":"2019-09-14T17:42:02+00:00","mainEntityOfPage":{"@id":"https:\/\/renatodias.online\/movimento\/2019\/09\/12\/mostra-traz-imagens-do-cerrado\/"},"wordCount":409,"commentCount":0,"publisher":{"@id":"https:\/\/renatodias.online\/movimento\/#\/schema\/person\/bbab28833b1725a20f4083f49f1fb2a9"},"image":{"@id":"https:\/\/renatodias.online\/movimento\/2019\/09\/12\/mostra-traz-imagens-do-cerrado\/#primaryimage"},"thumbnailUrl":"https:\/\/renatodias.online\/movimento\/wp-content\/uploads\/2019\/09\/Yasmin-Mageste-7-Ano.jpg","articleSection":["Agenda"],"inLanguage":"pt-BR","potentialAction":[{"@type":"CommentAction","name":"Comment","target":["https:\/\/renatodias.online\/movimento\/2019\/09\/12\/mostra-traz-imagens-do-cerrado\/#respond"]}]},{"@type":"WebPage","@id":"https:\/\/renatodias.online\/movimento\/2019\/09\/12\/mostra-traz-imagens-do-cerrado\/","url":"https:\/\/renatodias.online\/movimento\/2019\/09\/12\/mostra-traz-imagens-do-cerrado\/","name":"Mostra traz imagens do Cerrado -","isPartOf":{"@id":"https:\/\/renatodias.online\/movimento\/#website"},"primaryImageOfPage":{"@id":"https:\/\/renatodias.online\/movimento\/2019\/09\/12\/mostra-traz-imagens-do-cerrado\/#primaryimage"},"image":{"@id":"https:\/\/renatodias.online\/movimento\/2019\/09\/12\/mostra-traz-imagens-do-cerrado\/#primaryimage"},"thumbnailUrl":"https:\/\/renatodias.online\/movimento\/wp-content\/uploads\/2019\/09\/Yasmin-Mageste-7-Ano.jpg","datePublished":"2019-09-12T21:44:46+00:00","dateModified":"2019-09-14T17:42:02+00:00","breadcrumb":{"@id":"https:\/\/renatodias.online\/movimento\/2019\/09\/12\/mostra-traz-imagens-do-cerrado\/#breadcrumb"},"inLanguage":"pt-BR","potentialAction":[{"@type":"ReadAction","target":["https:\/\/renatodias.online\/movimento\/2019\/09\/12\/mostra-traz-imagens-do-cerrado\/"]}]},{"@type":"ImageObject","inLanguage":"pt-BR","@id":"https:\/\/renatodias.online\/movimento\/2019\/09\/12\/mostra-traz-imagens-do-cerrado\/#primaryimage","url":"https:\/\/renatodias.online\/movimento\/wp-content\/uploads\/2019\/09\/Yasmin-Mageste-7-Ano.jpg","contentUrl":"https:\/\/renatodias.online\/movimento\/wp-content\/uploads\/2019\/09\/Yasmin-Mageste-7-Ano.jpg","width":931,"height":1206},{"@type":"BreadcrumbList","@id":"https:\/\/renatodias.online\/movimento\/2019\/09\/12\/mostra-traz-imagens-do-cerrado\/#breadcrumb","itemListElement":[{"@type":"ListItem","position":1,"name":"In\u00edcio","item":"https:\/\/renatodias.online\/movimento\/"},{"@type":"ListItem","position":2,"name":"Mostra traz imagens do Cerrado"}]},{"@type":"WebSite","@id":"https:\/\/renatodias.online\/movimento\/#website","url":"https:\/\/renatodias.online\/movimento\/","name":"","description":"","publisher":{"@id":"https:\/\/renatodias.online\/movimento\/#\/schema\/person\/bbab28833b1725a20f4083f49f1fb2a9"},"potentialAction":[{"@type":"SearchAction","target":{"@type":"EntryPoint","urlTemplate":"https:\/\/renatodias.online\/movimento\/?s={search_term_string}"},"query-input":{"@type":"PropertyValueSpecification","valueRequired":true,"valueName":"search_term_string"}}],"inLanguage":"pt-BR"},{"@type":["Person","Organization"],"@id":"https:\/\/renatodias.online\/movimento\/#\/schema\/person\/bbab28833b1725a20f4083f49f1fb2a9","name":"Renato Dias","image":{"@type":"ImageObject","inLanguage":"pt-BR","@id":"https:\/\/renatodias.online\/movimento\/wp-content\/uploads\/2023\/03\/cropped-cropped-cropped-logofinal.jpeg","url":"https:\/\/renatodias.online\/movimento\/wp-content\/uploads\/2023\/03\/cropped-cropped-cropped-logofinal.jpeg","contentUrl":"https:\/\/renatodias.online\/movimento\/wp-content\/uploads\/2023\/03\/cropped-cropped-cropped-logofinal.jpeg","width":1280,"height":219,"caption":"Renato Dias"},"logo":{"@id":"https:\/\/renatodias.online\/movimento\/wp-content\/uploads\/2023\/03\/cropped-cropped-cropped-logofinal.jpeg"},"description":"Renato Dias, 58 anos, \u00e9 graduado em Jornalismo, formado em Ci\u00eancias Sociais, com p\u00f3s-gradua\u00e7\u00e3o em Pol\u00edticas P\u00fablicas, mestre em Direito e Rela\u00e7\u00f5es Internacionais, ex-aluno extraordin\u00e1rio do Doutorado em Psicologia Social, ex-estudante do Curso de Psican\u00e1lise do Centro de Estudos Psicanal\u00edticos do Estado de Goi\u00e1s, ministrado pelo m\u00e9dico psiquiatra e psicanalista Daniel Em\u00eddio de Souza. \u00c9 autor de 30 livros-reportagem, oito document\u00e1rios, ganhou 30 pr\u00eamios e \u00e9 torcedor apaixonado do maior do Centro-Oeste, o Vila Nova Futebol Clube. Casado com Meirilane Dias, \u00e9 pai de Juliana Dias, jornalista; Daniel Dias, economista; e Maria Rosa Dias, estudante antifascista, socialista e trotskista.\u00a0Com tr\u00eas pets: Porquinho [Bull Dog Franc\u00eas], Dalila [Basset Hound] e Geleia [Basset Hound]. Al\u00e9m do eterno gato Tutuquinho, que virou estrela.","sameAs":["https:\/\/www.facebook.com\/renato.dias.37","#breve","https:\/\/renatodias.tumblr.com\/"],"url":"https:\/\/renatodias.online\/movimento\/author\/renatodias\/"}]}},"_links":{"self":[{"href":"https:\/\/renatodias.online\/movimento\/wp-json\/wp\/v2\/posts\/2421","targetHints":{"allow":["GET"]}}],"collection":[{"href":"https:\/\/renatodias.online\/movimento\/wp-json\/wp\/v2\/posts"}],"about":[{"href":"https:\/\/renatodias.online\/movimento\/wp-json\/wp\/v2\/types\/post"}],"author":[{"embeddable":true,"href":"https:\/\/renatodias.online\/movimento\/wp-json\/wp\/v2\/users\/2"}],"replies":[{"embeddable":true,"href":"https:\/\/renatodias.online\/movimento\/wp-json\/wp\/v2\/comments?post=2421"}],"version-history":[{"count":1,"href":"https:\/\/renatodias.online\/movimento\/wp-json\/wp\/v2\/posts\/2421\/revisions"}],"predecessor-version":[{"id":2425,"href":"https:\/\/renatodias.online\/movimento\/wp-json\/wp\/v2\/posts\/2421\/revisions\/2425"}],"wp:featuredmedia":[{"embeddable":true,"href":"https:\/\/renatodias.online\/movimento\/wp-json\/wp\/v2\/media\/2422"}],"wp:attachment":[{"href":"https:\/\/renatodias.online\/movimento\/wp-json\/wp\/v2\/media?parent=2421"}],"wp:term":[{"taxonomy":"category","embeddable":true,"href":"https:\/\/renatodias.online\/movimento\/wp-json\/wp\/v2\/categories?post=2421"},{"taxonomy":"post_tag","embeddable":true,"href":"https:\/\/renatodias.online\/movimento\/wp-json\/wp\/v2\/tags?post=2421"}],"curies":[{"name":"wp","href":"https:\/\/api.w.org\/{rel}","templated":true}]}}