{"id":2415,"date":"2019-09-12T13:04:55","date_gmt":"2019-09-12T16:04:55","guid":{"rendered":"https:\/\/renatodias.online\/movimento\/?p=2415"},"modified":"2019-09-12T13:04:55","modified_gmt":"2019-09-12T16:04:55","slug":"curso-psicanalista-abre-ciclo-nesta-sexta","status":"publish","type":"post","link":"https:\/\/renatodias.online\/movimento\/2019\/09\/12\/curso-psicanalista-abre-ciclo-nesta-sexta\/","title":{"rendered":"Curso\u00a0 Psicanalista abre ciclo nesta sexta"},"content":{"rendered":"<p><span style=\"color: #ff0000;\"><strong>Curso\u00a0<\/strong><\/span><\/p>\n<h1><strong>Psicanalista abre ciclo nesta sexta<\/strong><\/h1>\n<h2><strong>Promo\u00e7\u00e3o especial \u00e9 do Grupo de Estudos Psicanal\u00edticos de Goi\u00e2nia<\/strong><\/h2>\n<p>&nbsp;<\/p>\n<p>O psicanalista <strong>Cl\u00e1udio Castelo Filho<\/strong>\u00a0 \u00e9 o conferencista do curso \u2018Sobre a condi\u00e7\u00e3o para se observar em Psican\u00e1lise\u2019.\u00a0 O ciclo de ideias ser\u00e1 aberto nesta sexta-feira, dia 13 de setembro de 2019, \u00e0s 18h. O encerramento do primeiro dia ocorrer\u00e1 \u00e0s 21h.<\/p>\n<p>&nbsp;<\/p>\n<p>O local do encontro, que \u00e9 baseado nas ideias de <strong>Sigmund Freud<\/strong>, morto no dia 23 setembro de 1939, em Londres, Inglaterra, h\u00e1 exatos 80 anos, \u00e9 o Audit\u00f3rio do Flamboyant Shopping Center. Instalado no Jardim Goi\u00e1s, em Goi\u00e2nia, a capital do Estado de Goi\u00e1s.<\/p>\n<figure id=\"attachment_2418\" aria-describedby=\"caption-attachment-2418\" style=\"width: 753px\" class=\"wp-caption aligncenter\"><img loading=\"lazy\" decoding=\"async\" class=\"wp-image-2418 size-large\" src=\"https:\/\/renatodias.online\/movimento\/wp-content\/uploads\/2019\/09\/Sigmund-Freud-1-753x1024.jpg\" alt=\"\" width=\"753\" height=\"1024\" srcset=\"https:\/\/renatodias.online\/movimento\/wp-content\/uploads\/2019\/09\/Sigmund-Freud-1-753x1024.jpg 753w, https:\/\/renatodias.online\/movimento\/wp-content\/uploads\/2019\/09\/Sigmund-Freud-1-221x300.jpg 221w, https:\/\/renatodias.online\/movimento\/wp-content\/uploads\/2019\/09\/Sigmund-Freud-1-768x1045.jpg 768w, https:\/\/renatodias.online\/movimento\/wp-content\/uploads\/2019\/09\/Sigmund-Freud-1-750x1020.jpg 750w, https:\/\/renatodias.online\/movimento\/wp-content\/uploads\/2019\/09\/Sigmund-Freud-1.jpg 1647w\" sizes=\"auto, (max-width: 753px) 100vw, 753px\" \/><figcaption id=\"caption-attachment-2418\" class=\"wp-caption-text\">igmund Freud<\/figcaption><\/figure>\n<p>A programa\u00e7\u00e3o estabelece nova exposi\u00e7\u00e3o do palestrante do curso para s\u00e1bado, dia 14. Hor\u00e1\u00adrio: de 9h \u00e0s 12h. No mesmo local. As inscri\u00e7\u00f5es poder\u00e3o ser realizadas no local ou por telefone. Disque: 62-3-225-33-16. O n\u00famero \u00e9 do <strong>Grupo de Estudos Psicanal\u00edticos de Goi\u00e2nia<\/strong>.<\/p>\n<p>A <strong>Diretoria Cient\u00edfica<\/strong> do Grupo de Estudos Psicanal\u00edticos de Goi\u00e2nia diz que o objetivo do cur\u00adso, estrat\u00e9gico e conceitual, \u00e9 o oferecimento de subs\u00eddios te\u00f3ricos e cl\u00ednicos. Para a com\u00adpreen\u00ads\u00e3o e reflex\u00e3o sobre o que \u00e9 fundamental a ser observado na pr\u00e1tica psicanal\u00edtica.<\/p>\n<figure id=\"attachment_2419\" aria-describedby=\"caption-attachment-2419\" style=\"width: 504px\" class=\"wp-caption aligncenter\"><img loading=\"lazy\" decoding=\"async\" class=\"wp-image-2419 size-full\" src=\"https:\/\/renatodias.online\/movimento\/wp-content\/uploads\/2019\/09\/Sigmund-Freud-caricatura.jpg\" alt=\"\" width=\"504\" height=\"664\" \/><figcaption id=\"caption-attachment-2419\" class=\"wp-caption-text\">igmund Freud<\/figcaption><\/figure>\n<p><strong>Condi\u00e7\u00f5es ps\u00edquicas<\/strong><\/p>\n<p>A ideia original \u00e9 compreender quais s\u00e3o condi\u00e7\u00f5es ps\u00edquicas requisitadas ao psicanalista para a tarefa. Assim como entender as condi\u00e7\u00f5es m\u00ednimas a um poss\u00edvel atendimento em psica\u00adn\u00e1lise. Al\u00e9m de diferenciar o atendimento psicanal\u00edtico de outras pr\u00e1ticas psicoter\u00e1picas.<\/p>\n<figure id=\"attachment_2416\" aria-describedby=\"caption-attachment-2416\" style=\"width: 320px\" class=\"wp-caption alignnone\"><img loading=\"lazy\" decoding=\"async\" class=\"wp-image-2416 size-full\" src=\"https:\/\/renatodias.online\/movimento\/wp-content\/uploads\/2019\/09\/Cartaz-do-curso-de-Cl\u00e1udio-Castelo-Filho.jpg\" alt=\"\" width=\"320\" height=\"320\" srcset=\"https:\/\/renatodias.online\/movimento\/wp-content\/uploads\/2019\/09\/Cartaz-do-curso-de-Cl\u00e1udio-Castelo-Filho.jpg 320w, https:\/\/renatodias.online\/movimento\/wp-content\/uploads\/2019\/09\/Cartaz-do-curso-de-Cl\u00e1udio-Castelo-Filho-150x150.jpg 150w, https:\/\/renatodias.online\/movimento\/wp-content\/uploads\/2019\/09\/Cartaz-do-curso-de-Cl\u00e1udio-Castelo-Filho-300x300.jpg 300w\" sizes=\"auto, (max-width: 320px) 100vw, 320px\" \/><figcaption id=\"caption-attachment-2416\" class=\"wp-caption-text\">Cartaz<\/figcaption><\/figure>\n<p>&nbsp;<\/p>\n<p><strong>Servi\u00e7o<\/strong><\/p>\n<p><strong>Curso:<\/strong> \u2018Sobre a condi\u00e7\u00e3o para se observar em Psican\u00e1lise\u2019<\/p>\n<p><strong>Conferencista: <\/strong>Cl\u00e1udio Castelo Filho<\/p>\n<p><strong>Datas:<\/strong> nesta sexta-feira, e ainda no s\u00e1bado, 13 e 14 de setembro de 2019<\/p>\n<p><strong>Hor\u00e1rios:<\/strong> sexta-feira, 18h \u00e0s 21h; s\u00e1bado, 9h \u00e0s 12h<\/p>\n<p><strong>Local:<\/strong> Audit\u00f3rio do Flamboyant Shopping Center<\/p>\n<p><strong>Promo\u00e7\u00e3o:<\/strong> Grupo de Estudos Psicanal\u00edticos de Goi\u00e2nia<\/p>\n<p><strong>Inscri\u00e7\u00f5es:<\/strong> 62-3-2253316<\/p>\n","protected":false},"excerpt":{"rendered":"<p>Curso\u00a0 Psicanalista abre ciclo nesta sexta Promo\u00e7\u00e3o especial \u00e9 do Grupo de Estudos Psicanal\u00edticos de Goi\u00e2nia &nbsp; O psicanalista Cl\u00e1udio Castelo Filho\u00a0 \u00e9 o conferencista do curso \u2018Sobre a condi\u00e7\u00e3o para se observar em Psican\u00e1lise\u2019.\u00a0 O ciclo de ideias ser\u00e1 aberto nesta sexta-feira, dia 13 de setembro de 2019, \u00e0s 18h. O encerramento do primeiro<\/p>\n","protected":false},"author":2,"featured_media":2417,"comment_status":"open","ping_status":"open","sticky":false,"template":"","format":"standard","meta":{"_acf_changed":false,"_monsterinsights_skip_tracking":false,"_monsterinsights_sitenote_active":false,"_monsterinsights_sitenote_note":"","_monsterinsights_sitenote_category":0,"footnotes":""},"categories":[25],"tags":[],"class_list":["post-2415","post","type-post","status-publish","format-standard","has-post-thumbnail","hentry","category-agenda"],"acf":[],"yoast_head":"<!-- This site is optimized with the Yoast SEO plugin v27.4 - https:\/\/yoast.com\/product\/yoast-seo-wordpress\/ -->\n<title>Curso\u00a0 Psicanalista abre ciclo nesta sexta -<\/title>\n<meta name=\"robots\" content=\"index, follow, max-snippet:-1, max-image-preview:large, max-video-preview:-1\" \/>\n<link rel=\"canonical\" href=\"https:\/\/renatodias.online\/movimento\/2019\/09\/12\/curso-psicanalista-abre-ciclo-nesta-sexta\/\" \/>\n<meta property=\"og:locale\" content=\"pt_BR\" \/>\n<meta property=\"og:type\" content=\"article\" \/>\n<meta property=\"og:title\" content=\"Curso\u00a0 Psicanalista abre ciclo nesta sexta -\" \/>\n<meta property=\"og:description\" content=\"Curso\u00a0 Psicanalista abre ciclo nesta sexta Promo\u00e7\u00e3o especial \u00e9 do Grupo de Estudos Psicanal\u00edticos de Goi\u00e2nia &nbsp; O psicanalista Cl\u00e1udio Castelo Filho\u00a0 \u00e9 o conferencista do curso \u2018Sobre a condi\u00e7\u00e3o para se observar em Psican\u00e1lise\u2019.\u00a0 O ciclo de ideias ser\u00e1 aberto nesta sexta-feira, dia 13 de setembro de 2019, \u00e0s 18h. O encerramento do primeiro\" \/>\n<meta property=\"og:url\" content=\"https:\/\/renatodias.online\/movimento\/2019\/09\/12\/curso-psicanalista-abre-ciclo-nesta-sexta\/\" \/>\n<meta property=\"article:publisher\" content=\"https:\/\/www.facebook.com\/renato.dias.37\" \/>\n<meta property=\"article:author\" content=\"https:\/\/www.facebook.com\/renato.dias.37\" \/>\n<meta property=\"article:published_time\" content=\"2019-09-12T16:04:55+00:00\" \/>\n<meta property=\"og:image\" content=\"https:\/\/renatodias.online\/movimento\/wp-content\/uploads\/2019\/09\/Cl\u00e1udio-Castelo-Filho-psicanalista.jpg\" \/>\n\t<meta property=\"og:image:width\" content=\"1080\" \/>\n\t<meta property=\"og:image:height\" content=\"675\" \/>\n\t<meta property=\"og:image:type\" content=\"image\/jpeg\" \/>\n<meta name=\"author\" content=\"Renato Dias\" \/>\n<meta name=\"twitter:card\" content=\"summary_large_image\" \/>\n<meta name=\"twitter:creator\" content=\"@RenatoDiasBat\" \/>\n<meta name=\"twitter:site\" content=\"@RenatoDiasBat\" \/>\n<meta name=\"twitter:label1\" content=\"Escrito por\" \/>\n\t<meta name=\"twitter:data1\" content=\"Renato Dias\" \/>\n\t<meta name=\"twitter:label2\" content=\"Est. tempo de leitura\" \/>\n\t<meta name=\"twitter:data2\" content=\"2 minutos\" \/>\n<script type=\"application\/ld+json\" class=\"yoast-schema-graph\">{\"@context\":\"https:\\\/\\\/schema.org\",\"@graph\":[{\"@type\":\"Article\",\"@id\":\"https:\\\/\\\/renatodias.online\\\/movimento\\\/2019\\\/09\\\/12\\\/curso-psicanalista-abre-ciclo-nesta-sexta\\\/#article\",\"isPartOf\":{\"@id\":\"https:\\\/\\\/renatodias.online\\\/movimento\\\/2019\\\/09\\\/12\\\/curso-psicanalista-abre-ciclo-nesta-sexta\\\/\"},\"author\":{\"name\":\"Renato Dias\",\"@id\":\"https:\\\/\\\/renatodias.online\\\/movimento\\\/#\\\/schema\\\/person\\\/bbab28833b1725a20f4083f49f1fb2a9\"},\"headline\":\"Curso\u00a0 Psicanalista abre ciclo nesta sexta\",\"datePublished\":\"2019-09-12T16:04:55+00:00\",\"mainEntityOfPage\":{\"@id\":\"https:\\\/\\\/renatodias.online\\\/movimento\\\/2019\\\/09\\\/12\\\/curso-psicanalista-abre-ciclo-nesta-sexta\\\/\"},\"wordCount\":361,\"commentCount\":0,\"publisher\":{\"@id\":\"https:\\\/\\\/renatodias.online\\\/movimento\\\/#\\\/schema\\\/person\\\/bbab28833b1725a20f4083f49f1fb2a9\"},\"image\":{\"@id\":\"https:\\\/\\\/renatodias.online\\\/movimento\\\/2019\\\/09\\\/12\\\/curso-psicanalista-abre-ciclo-nesta-sexta\\\/#primaryimage\"},\"thumbnailUrl\":\"https:\\\/\\\/renatodias.online\\\/movimento\\\/wp-content\\\/uploads\\\/2019\\\/09\\\/Cl\u00e1udio-Castelo-Filho-psicanalista.jpg\",\"articleSection\":[\"Agenda\"],\"inLanguage\":\"pt-BR\",\"potentialAction\":[{\"@type\":\"CommentAction\",\"name\":\"Comment\",\"target\":[\"https:\\\/\\\/renatodias.online\\\/movimento\\\/2019\\\/09\\\/12\\\/curso-psicanalista-abre-ciclo-nesta-sexta\\\/#respond\"]}]},{\"@type\":\"WebPage\",\"@id\":\"https:\\\/\\\/renatodias.online\\\/movimento\\\/2019\\\/09\\\/12\\\/curso-psicanalista-abre-ciclo-nesta-sexta\\\/\",\"url\":\"https:\\\/\\\/renatodias.online\\\/movimento\\\/2019\\\/09\\\/12\\\/curso-psicanalista-abre-ciclo-nesta-sexta\\\/\",\"name\":\"Curso\u00a0 Psicanalista abre ciclo nesta sexta -\",\"isPartOf\":{\"@id\":\"https:\\\/\\\/renatodias.online\\\/movimento\\\/#website\"},\"primaryImageOfPage\":{\"@id\":\"https:\\\/\\\/renatodias.online\\\/movimento\\\/2019\\\/09\\\/12\\\/curso-psicanalista-abre-ciclo-nesta-sexta\\\/#primaryimage\"},\"image\":{\"@id\":\"https:\\\/\\\/renatodias.online\\\/movimento\\\/2019\\\/09\\\/12\\\/curso-psicanalista-abre-ciclo-nesta-sexta\\\/#primaryimage\"},\"thumbnailUrl\":\"https:\\\/\\\/renatodias.online\\\/movimento\\\/wp-content\\\/uploads\\\/2019\\\/09\\\/Cl\u00e1udio-Castelo-Filho-psicanalista.jpg\",\"datePublished\":\"2019-09-12T16:04:55+00:00\",\"breadcrumb\":{\"@id\":\"https:\\\/\\\/renatodias.online\\\/movimento\\\/2019\\\/09\\\/12\\\/curso-psicanalista-abre-ciclo-nesta-sexta\\\/#breadcrumb\"},\"inLanguage\":\"pt-BR\",\"potentialAction\":[{\"@type\":\"ReadAction\",\"target\":[\"https:\\\/\\\/renatodias.online\\\/movimento\\\/2019\\\/09\\\/12\\\/curso-psicanalista-abre-ciclo-nesta-sexta\\\/\"]}]},{\"@type\":\"ImageObject\",\"inLanguage\":\"pt-BR\",\"@id\":\"https:\\\/\\\/renatodias.online\\\/movimento\\\/2019\\\/09\\\/12\\\/curso-psicanalista-abre-ciclo-nesta-sexta\\\/#primaryimage\",\"url\":\"https:\\\/\\\/renatodias.online\\\/movimento\\\/wp-content\\\/uploads\\\/2019\\\/09\\\/Cl\u00e1udio-Castelo-Filho-psicanalista.jpg\",\"contentUrl\":\"https:\\\/\\\/renatodias.online\\\/movimento\\\/wp-content\\\/uploads\\\/2019\\\/09\\\/Cl\u00e1udio-Castelo-Filho-psicanalista.jpg\",\"width\":1080,\"height\":675,\"caption\":\"Cl\u00e1udio Castelo Filho\u00a0\"},{\"@type\":\"BreadcrumbList\",\"@id\":\"https:\\\/\\\/renatodias.online\\\/movimento\\\/2019\\\/09\\\/12\\\/curso-psicanalista-abre-ciclo-nesta-sexta\\\/#breadcrumb\",\"itemListElement\":[{\"@type\":\"ListItem\",\"position\":1,\"name\":\"In\u00edcio\",\"item\":\"https:\\\/\\\/renatodias.online\\\/movimento\\\/\"},{\"@type\":\"ListItem\",\"position\":2,\"name\":\"Curso\u00a0 Psicanalista abre ciclo nesta sexta\"}]},{\"@type\":\"WebSite\",\"@id\":\"https:\\\/\\\/renatodias.online\\\/movimento\\\/#website\",\"url\":\"https:\\\/\\\/renatodias.online\\\/movimento\\\/\",\"name\":\"\",\"description\":\"\",\"publisher\":{\"@id\":\"https:\\\/\\\/renatodias.online\\\/movimento\\\/#\\\/schema\\\/person\\\/bbab28833b1725a20f4083f49f1fb2a9\"},\"potentialAction\":[{\"@type\":\"SearchAction\",\"target\":{\"@type\":\"EntryPoint\",\"urlTemplate\":\"https:\\\/\\\/renatodias.online\\\/movimento\\\/?s={search_term_string}\"},\"query-input\":{\"@type\":\"PropertyValueSpecification\",\"valueRequired\":true,\"valueName\":\"search_term_string\"}}],\"inLanguage\":\"pt-BR\"},{\"@type\":[\"Person\",\"Organization\"],\"@id\":\"https:\\\/\\\/renatodias.online\\\/movimento\\\/#\\\/schema\\\/person\\\/bbab28833b1725a20f4083f49f1fb2a9\",\"name\":\"Renato Dias\",\"image\":{\"@type\":\"ImageObject\",\"inLanguage\":\"pt-BR\",\"@id\":\"https:\\\/\\\/renatodias.online\\\/movimento\\\/wp-content\\\/uploads\\\/2023\\\/03\\\/cropped-cropped-cropped-logofinal.jpeg\",\"url\":\"https:\\\/\\\/renatodias.online\\\/movimento\\\/wp-content\\\/uploads\\\/2023\\\/03\\\/cropped-cropped-cropped-logofinal.jpeg\",\"contentUrl\":\"https:\\\/\\\/renatodias.online\\\/movimento\\\/wp-content\\\/uploads\\\/2023\\\/03\\\/cropped-cropped-cropped-logofinal.jpeg\",\"width\":1280,\"height\":219,\"caption\":\"Renato Dias\"},\"logo\":{\"@id\":\"https:\\\/\\\/renatodias.online\\\/movimento\\\/wp-content\\\/uploads\\\/2023\\\/03\\\/cropped-cropped-cropped-logofinal.jpeg\"},\"description\":\"Renato Dias, 58 anos, \u00e9 graduado em Jornalismo, formado em Ci\u00eancias Sociais, com p\u00f3s-gradua\u00e7\u00e3o em Pol\u00edticas P\u00fablicas, mestre em Direito e Rela\u00e7\u00f5es Internacionais, ex-aluno extraordin\u00e1rio do Doutorado em Psicologia Social, ex-estudante do Curso de Psican\u00e1lise do Centro de Estudos Psicanal\u00edticos do Estado de Goi\u00e1s, ministrado pelo m\u00e9dico psiquiatra e psicanalista Daniel Em\u00eddio de Souza. \u00c9 autor de 30 livros-reportagem, oito document\u00e1rios, ganhou 30 pr\u00eamios e \u00e9 torcedor apaixonado do maior do Centro-Oeste, o Vila Nova Futebol Clube. Casado com Meirilane Dias, \u00e9 pai de Juliana Dias, jornalista; Daniel Dias, economista; e Maria Rosa Dias, estudante antifascista, socialista e trotskista.\u00a0Com tr\u00eas pets: Porquinho [Bull Dog Franc\u00eas], Dalila [Basset Hound] e Geleia [Basset Hound]. Al\u00e9m do eterno gato Tutuquinho, que virou estrela.\",\"sameAs\":[\"https:\\\/\\\/www.facebook.com\\\/renato.dias.37\",\"#breve\",\"https:\\\/\\\/renatodias.tumblr.com\\\/\"],\"url\":\"https:\\\/\\\/renatodias.online\\\/movimento\\\/author\\\/renatodias\\\/\"}]}<\/script>\n<!-- \/ Yoast SEO plugin. -->","yoast_head_json":{"title":"Curso\u00a0 Psicanalista abre ciclo nesta sexta -","robots":{"index":"index","follow":"follow","max-snippet":"max-snippet:-1","max-image-preview":"max-image-preview:large","max-video-preview":"max-video-preview:-1"},"canonical":"https:\/\/renatodias.online\/movimento\/2019\/09\/12\/curso-psicanalista-abre-ciclo-nesta-sexta\/","og_locale":"pt_BR","og_type":"article","og_title":"Curso\u00a0 Psicanalista abre ciclo nesta sexta -","og_description":"Curso\u00a0 Psicanalista abre ciclo nesta sexta Promo\u00e7\u00e3o especial \u00e9 do Grupo de Estudos Psicanal\u00edticos de Goi\u00e2nia &nbsp; O psicanalista Cl\u00e1udio Castelo Filho\u00a0 \u00e9 o conferencista do curso \u2018Sobre a condi\u00e7\u00e3o para se observar em Psican\u00e1lise\u2019.\u00a0 O ciclo de ideias ser\u00e1 aberto nesta sexta-feira, dia 13 de setembro de 2019, \u00e0s 18h. O encerramento do primeiro","og_url":"https:\/\/renatodias.online\/movimento\/2019\/09\/12\/curso-psicanalista-abre-ciclo-nesta-sexta\/","article_publisher":"https:\/\/www.facebook.com\/renato.dias.37","article_author":"https:\/\/www.facebook.com\/renato.dias.37","article_published_time":"2019-09-12T16:04:55+00:00","og_image":[{"width":1080,"height":675,"url":"https:\/\/renatodias.online\/movimento\/wp-content\/uploads\/2019\/09\/Cl\u00e1udio-Castelo-Filho-psicanalista.jpg","type":"image\/jpeg"}],"author":"Renato Dias","twitter_card":"summary_large_image","twitter_creator":"@RenatoDiasBat","twitter_site":"@RenatoDiasBat","twitter_misc":{"Escrito por":"Renato Dias","Est. tempo de leitura":"2 minutos"},"schema":{"@context":"https:\/\/schema.org","@graph":[{"@type":"Article","@id":"https:\/\/renatodias.online\/movimento\/2019\/09\/12\/curso-psicanalista-abre-ciclo-nesta-sexta\/#article","isPartOf":{"@id":"https:\/\/renatodias.online\/movimento\/2019\/09\/12\/curso-psicanalista-abre-ciclo-nesta-sexta\/"},"author":{"name":"Renato Dias","@id":"https:\/\/renatodias.online\/movimento\/#\/schema\/person\/bbab28833b1725a20f4083f49f1fb2a9"},"headline":"Curso\u00a0 Psicanalista abre ciclo nesta sexta","datePublished":"2019-09-12T16:04:55+00:00","mainEntityOfPage":{"@id":"https:\/\/renatodias.online\/movimento\/2019\/09\/12\/curso-psicanalista-abre-ciclo-nesta-sexta\/"},"wordCount":361,"commentCount":0,"publisher":{"@id":"https:\/\/renatodias.online\/movimento\/#\/schema\/person\/bbab28833b1725a20f4083f49f1fb2a9"},"image":{"@id":"https:\/\/renatodias.online\/movimento\/2019\/09\/12\/curso-psicanalista-abre-ciclo-nesta-sexta\/#primaryimage"},"thumbnailUrl":"https:\/\/renatodias.online\/movimento\/wp-content\/uploads\/2019\/09\/Cl\u00e1udio-Castelo-Filho-psicanalista.jpg","articleSection":["Agenda"],"inLanguage":"pt-BR","potentialAction":[{"@type":"CommentAction","name":"Comment","target":["https:\/\/renatodias.online\/movimento\/2019\/09\/12\/curso-psicanalista-abre-ciclo-nesta-sexta\/#respond"]}]},{"@type":"WebPage","@id":"https:\/\/renatodias.online\/movimento\/2019\/09\/12\/curso-psicanalista-abre-ciclo-nesta-sexta\/","url":"https:\/\/renatodias.online\/movimento\/2019\/09\/12\/curso-psicanalista-abre-ciclo-nesta-sexta\/","name":"Curso\u00a0 Psicanalista abre ciclo nesta sexta -","isPartOf":{"@id":"https:\/\/renatodias.online\/movimento\/#website"},"primaryImageOfPage":{"@id":"https:\/\/renatodias.online\/movimento\/2019\/09\/12\/curso-psicanalista-abre-ciclo-nesta-sexta\/#primaryimage"},"image":{"@id":"https:\/\/renatodias.online\/movimento\/2019\/09\/12\/curso-psicanalista-abre-ciclo-nesta-sexta\/#primaryimage"},"thumbnailUrl":"https:\/\/renatodias.online\/movimento\/wp-content\/uploads\/2019\/09\/Cl\u00e1udio-Castelo-Filho-psicanalista.jpg","datePublished":"2019-09-12T16:04:55+00:00","breadcrumb":{"@id":"https:\/\/renatodias.online\/movimento\/2019\/09\/12\/curso-psicanalista-abre-ciclo-nesta-sexta\/#breadcrumb"},"inLanguage":"pt-BR","potentialAction":[{"@type":"ReadAction","target":["https:\/\/renatodias.online\/movimento\/2019\/09\/12\/curso-psicanalista-abre-ciclo-nesta-sexta\/"]}]},{"@type":"ImageObject","inLanguage":"pt-BR","@id":"https:\/\/renatodias.online\/movimento\/2019\/09\/12\/curso-psicanalista-abre-ciclo-nesta-sexta\/#primaryimage","url":"https:\/\/renatodias.online\/movimento\/wp-content\/uploads\/2019\/09\/Cl\u00e1udio-Castelo-Filho-psicanalista.jpg","contentUrl":"https:\/\/renatodias.online\/movimento\/wp-content\/uploads\/2019\/09\/Cl\u00e1udio-Castelo-Filho-psicanalista.jpg","width":1080,"height":675,"caption":"Cl\u00e1udio Castelo Filho\u00a0"},{"@type":"BreadcrumbList","@id":"https:\/\/renatodias.online\/movimento\/2019\/09\/12\/curso-psicanalista-abre-ciclo-nesta-sexta\/#breadcrumb","itemListElement":[{"@type":"ListItem","position":1,"name":"In\u00edcio","item":"https:\/\/renatodias.online\/movimento\/"},{"@type":"ListItem","position":2,"name":"Curso\u00a0 Psicanalista abre ciclo nesta sexta"}]},{"@type":"WebSite","@id":"https:\/\/renatodias.online\/movimento\/#website","url":"https:\/\/renatodias.online\/movimento\/","name":"","description":"","publisher":{"@id":"https:\/\/renatodias.online\/movimento\/#\/schema\/person\/bbab28833b1725a20f4083f49f1fb2a9"},"potentialAction":[{"@type":"SearchAction","target":{"@type":"EntryPoint","urlTemplate":"https:\/\/renatodias.online\/movimento\/?s={search_term_string}"},"query-input":{"@type":"PropertyValueSpecification","valueRequired":true,"valueName":"search_term_string"}}],"inLanguage":"pt-BR"},{"@type":["Person","Organization"],"@id":"https:\/\/renatodias.online\/movimento\/#\/schema\/person\/bbab28833b1725a20f4083f49f1fb2a9","name":"Renato Dias","image":{"@type":"ImageObject","inLanguage":"pt-BR","@id":"https:\/\/renatodias.online\/movimento\/wp-content\/uploads\/2023\/03\/cropped-cropped-cropped-logofinal.jpeg","url":"https:\/\/renatodias.online\/movimento\/wp-content\/uploads\/2023\/03\/cropped-cropped-cropped-logofinal.jpeg","contentUrl":"https:\/\/renatodias.online\/movimento\/wp-content\/uploads\/2023\/03\/cropped-cropped-cropped-logofinal.jpeg","width":1280,"height":219,"caption":"Renato Dias"},"logo":{"@id":"https:\/\/renatodias.online\/movimento\/wp-content\/uploads\/2023\/03\/cropped-cropped-cropped-logofinal.jpeg"},"description":"Renato Dias, 58 anos, \u00e9 graduado em Jornalismo, formado em Ci\u00eancias Sociais, com p\u00f3s-gradua\u00e7\u00e3o em Pol\u00edticas P\u00fablicas, mestre em Direito e Rela\u00e7\u00f5es Internacionais, ex-aluno extraordin\u00e1rio do Doutorado em Psicologia Social, ex-estudante do Curso de Psican\u00e1lise do Centro de Estudos Psicanal\u00edticos do Estado de Goi\u00e1s, ministrado pelo m\u00e9dico psiquiatra e psicanalista Daniel Em\u00eddio de Souza. \u00c9 autor de 30 livros-reportagem, oito document\u00e1rios, ganhou 30 pr\u00eamios e \u00e9 torcedor apaixonado do maior do Centro-Oeste, o Vila Nova Futebol Clube. Casado com Meirilane Dias, \u00e9 pai de Juliana Dias, jornalista; Daniel Dias, economista; e Maria Rosa Dias, estudante antifascista, socialista e trotskista.\u00a0Com tr\u00eas pets: Porquinho [Bull Dog Franc\u00eas], Dalila [Basset Hound] e Geleia [Basset Hound]. Al\u00e9m do eterno gato Tutuquinho, que virou estrela.","sameAs":["https:\/\/www.facebook.com\/renato.dias.37","#breve","https:\/\/renatodias.tumblr.com\/"],"url":"https:\/\/renatodias.online\/movimento\/author\/renatodias\/"}]}},"_links":{"self":[{"href":"https:\/\/renatodias.online\/movimento\/wp-json\/wp\/v2\/posts\/2415","targetHints":{"allow":["GET"]}}],"collection":[{"href":"https:\/\/renatodias.online\/movimento\/wp-json\/wp\/v2\/posts"}],"about":[{"href":"https:\/\/renatodias.online\/movimento\/wp-json\/wp\/v2\/types\/post"}],"author":[{"embeddable":true,"href":"https:\/\/renatodias.online\/movimento\/wp-json\/wp\/v2\/users\/2"}],"replies":[{"embeddable":true,"href":"https:\/\/renatodias.online\/movimento\/wp-json\/wp\/v2\/comments?post=2415"}],"version-history":[{"count":1,"href":"https:\/\/renatodias.online\/movimento\/wp-json\/wp\/v2\/posts\/2415\/revisions"}],"predecessor-version":[{"id":2420,"href":"https:\/\/renatodias.online\/movimento\/wp-json\/wp\/v2\/posts\/2415\/revisions\/2420"}],"wp:featuredmedia":[{"embeddable":true,"href":"https:\/\/renatodias.online\/movimento\/wp-json\/wp\/v2\/media\/2417"}],"wp:attachment":[{"href":"https:\/\/renatodias.online\/movimento\/wp-json\/wp\/v2\/media?parent=2415"}],"wp:term":[{"taxonomy":"category","embeddable":true,"href":"https:\/\/renatodias.online\/movimento\/wp-json\/wp\/v2\/categories?post=2415"},{"taxonomy":"post_tag","embeddable":true,"href":"https:\/\/renatodias.online\/movimento\/wp-json\/wp\/v2\/tags?post=2415"}],"curies":[{"name":"wp","href":"https:\/\/api.w.org\/{rel}","templated":true}]}}