{"id":22790,"date":"2026-09-01T14:46:16","date_gmt":"2026-09-01T17:46:16","guid":{"rendered":"https:\/\/renatodias.online\/movimento\/?p=22790"},"modified":"2026-09-01T14:46:17","modified_gmt":"2026-09-01T17:46:17","slug":"sucessao-embolada","status":"publish","type":"post","link":"https:\/\/renatodias.online\/movimento\/2026\/09\/01\/sucessao-embolada\/","title":{"rendered":"Sucess\u00e3o embolada"},"content":{"rendered":"\n<p class=\"has-text-align-center\"><strong>4 de outubro de 2026<\/strong><\/p>\n\n\n\n<figure class=\"wp-block-image aligncenter size-full\"><img loading=\"lazy\" decoding=\"async\" width=\"300\" height=\"144\" src=\"https:\/\/renatodias.online\/movimento\/wp-content\/uploads\/2026\/05\/Eleicoes-2026-e1778614026436.png\" alt=\"\" class=\"wp-image-22509\"\/><\/figure>\n\n\n\n<p class=\"has-text-align-center\"><strong>Cen\u00e1rio aberto, diz Traldi&nbsp;<\/strong><\/p>\n\n\n\n<figure class=\"wp-block-image aligncenter size-full\"><img loading=\"lazy\" decoding=\"async\" width=\"200\" height=\"200\" src=\"https:\/\/renatodias.online\/movimento\/wp-content\/uploads\/2019\/09\/Tucano-e1637493554237.gif\" alt=\"\" class=\"wp-image-2542\"\/><figcaption class=\"wp-element-caption\">Tucano, o s\u00edmbolo do PSDB<\/figcaption><\/figure>\n\n\n\n<p class=\"has-text-align-center\"><strong>Ele \u00e9 suplente de Ernesto Roller&nbsp;<\/strong><\/p>\n\n\n\n<figure class=\"wp-block-audio\"><audio controls src=\"https:\/\/renatodias.online\/movimento\/wp-content\/uploads\/2026\/02\/Guilherme-Arantes-Amanha-Album-_Ronda-Noturna_-Audio-OficialMP3_160K.mp3\"><\/audio><figcaption class=\"wp-element-caption\"><strong>Amanh\u00e3, Guilherme Arantes<\/strong><\/figcaption><\/figure>\n\n\n\n<p class=\"has-text-align-center\"><strong><mark style=\"background-color:rgba(0, 0, 0, 0)\" class=\"has-inline-color has-vivid-red-color\">Renato Dias<\/mark>\u00a0<\/strong><\/p>\n\n\n\n<p><strong>Suplente de Ernesto Roller, candidato ao Senado da coliga\u00e7\u00e3o PSDB, Cidadania, PDC e PRTB, o ex-presidente da Agexp Hermes Traldi diz que Goi\u00e1s ter\u00e1 segundo turno nas elei\u00e7\u00f5es ao Governo do Estado. Marconi Perillo e Daniel Vilela, observa.<\/strong><\/p>\n\n\n\n<p>&nbsp;<\/p>\n\n\n\n<figure class=\"wp-block-image aligncenter size-full\"><img loading=\"lazy\" decoding=\"async\" width=\"400\" height=\"200\" src=\"https:\/\/renatodias.online\/movimento\/wp-content\/uploads\/2024\/04\/Marconi-Perillo-1-e1712449987856.jpg\" alt=\"\" class=\"wp-image-19953\" srcset=\"https:\/\/renatodias.online\/movimento\/wp-content\/uploads\/2024\/04\/Marconi-Perillo-1-e1712449987856.jpg 400w, https:\/\/renatodias.online\/movimento\/wp-content\/uploads\/2024\/04\/Marconi-Perillo-1-e1712449987856-300x150.jpg 300w, https:\/\/renatodias.online\/movimento\/wp-content\/uploads\/2024\/04\/Marconi-Perillo-1-e1712449987856-150x75.jpg 150w\" sizes=\"auto, (max-width: 400px) 100vw, 400px\" \/><\/figure>\n\n\n\n<p><strong>Ex-prefeito de Goiatuba, ele informa tamb\u00e9m que a disputa \u00e0 C\u00e2mara Alta do Congresso Nacional, com duas vagas abertas, continua indefinida com um elevado percentual de indecisos. A defini\u00e7\u00e3o ocorrer\u00e1 apenas no dia 4 de outubro, prev\u00ea.<\/strong><\/p>\n\n\n\n<figure class=\"wp-block-image aligncenter size-full\"><img loading=\"lazy\" decoding=\"async\" width=\"400\" height=\"50\" src=\"https:\/\/renatodias.online\/movimento\/wp-content\/uploads\/2025\/10\/Saiba-mais-e1761237415476.jpg\" alt=\"\" class=\"wp-image-21922\"\/><\/figure>\n\n\n\n<p><strong>Analista do cen\u00e1rio nacional, Hermes Traldi avalia que o eleitor no Brasil, nos 26 estados e no DF, 5.700 munic\u00edpios, estaria hoje exausto com a polariza\u00e7\u00e3o pol\u00edtica e ideol\u00f3gica repetitiva entre o petismo e o bolsonarismo no pa\u00eds.<\/strong><\/p>\n\n\n\n<figure class=\"wp-block-image aligncenter size-full\"><img loading=\"lazy\" decoding=\"async\" width=\"400\" height=\"200\" src=\"https:\/\/renatodias.online\/movimento\/wp-content\/uploads\/2025\/05\/Hermes-Traldi-2-e1773948348440.jpg\" alt=\"\" class=\"wp-image-20855\"\/><\/figure>\n\n\n\n<figure class=\"wp-block-image aligncenter size-full\"><img loading=\"lazy\" decoding=\"async\" width=\"150\" height=\"74\" src=\"https:\/\/renatodias.online\/movimento\/wp-content\/uploads\/2024\/03\/Poder-e1710783884411.png\" alt=\"\" class=\"wp-image-19883\"\/><\/figure>\n\n\n\n<p><strong>O jogo ainda est\u00e1 bem aberto, cr\u00ea. Ali\u00e1s faz sentido, v\u00ea. Uma diferen\u00e7a expressiva entre a aprova\u00e7\u00e3o do governo estadual e a inten\u00e7\u00e3o de votos na chapa governista, relata.&nbsp; &#8220;J\u00e1 que n\u00e3o h\u00e1 rela\u00e7\u00e3o hist\u00f3rica entre eleitores de Ronaldo Caiado e Vilela&#8221;<\/strong>.<\/p>\n\n\n\n<figure class=\"wp-block-image aligncenter size-full\"><img loading=\"lazy\" decoding=\"async\" width=\"400\" height=\"200\" src=\"https:\/\/renatodias.online\/movimento\/wp-content\/uploads\/2024\/03\/Ronaldo-Caiado-e1720494907285.jpg\" alt=\"\" class=\"wp-image-19754\" srcset=\"https:\/\/renatodias.online\/movimento\/wp-content\/uploads\/2024\/03\/Ronaldo-Caiado-e1720494907285.jpg 400w, https:\/\/renatodias.online\/movimento\/wp-content\/uploads\/2024\/03\/Ronaldo-Caiado-e1720494907285-300x150.jpg 300w, https:\/\/renatodias.online\/movimento\/wp-content\/uploads\/2024\/03\/Ronaldo-Caiado-e1720494907285-150x75.jpg 150w\" sizes=\"auto, (max-width: 400px) 100vw, 400px\" \/><\/figure>\n","protected":false},"excerpt":{"rendered":"<p>4 de outubro de 2026 Cen\u00e1rio aberto, diz Traldi&nbsp; Ele \u00e9 suplente de Ernesto Roller&nbsp; Renato Dias\u00a0 Suplente de Ernesto Roller, candidato ao Senado da coliga\u00e7\u00e3o PSDB, Cidadania, PDC e PRTB, o ex-presidente da Agexp Hermes Traldi diz que Goi\u00e1s ter\u00e1 segundo turno nas elei\u00e7\u00f5es ao Governo do Estado. Marconi Perillo e Daniel Vilela, observa.<\/p>\n","protected":false},"author":2,"featured_media":22793,"comment_status":"open","ping_status":"open","sticky":false,"template":"","format":"standard","meta":{"_acf_changed":false,"_monsterinsights_skip_tracking":false,"footnotes":""},"categories":[4],"tags":[],"class_list":["post-22790","post","type-post","status-publish","format-standard","has-post-thumbnail","hentry","category-politica"],"acf":[],"yoast_head":"<!-- This site is optimized with the Yoast SEO plugin v28.2 - https:\/\/yoast.com\/product\/yoast-seo-wordpress\/ -->\n<title>Sucess\u00e3o embolada -<\/title>\n<meta name=\"robots\" content=\"index, follow, max-snippet:-1, max-image-preview:large, max-video-preview:-1\" \/>\n<link rel=\"canonical\" href=\"https:\/\/renatodias.online\/movimento\/2026\/09\/01\/sucessao-embolada\/\" \/>\n<meta property=\"og:locale\" content=\"pt_BR\" \/>\n<meta property=\"og:type\" content=\"article\" \/>\n<meta property=\"og:title\" content=\"Sucess\u00e3o embolada -\" \/>\n<meta property=\"og:description\" content=\"4 de outubro de 2026 Cen\u00e1rio aberto, diz Traldi&nbsp; Ele \u00e9 suplente de Ernesto Roller&nbsp; Renato Dias\u00a0 Suplente de Ernesto Roller, candidato ao Senado da coliga\u00e7\u00e3o PSDB, Cidadania, PDC e PRTB, o ex-presidente da Agexp Hermes Traldi diz que Goi\u00e1s ter\u00e1 segundo turno nas elei\u00e7\u00f5es ao Governo do Estado. Marconi Perillo e Daniel Vilela, observa.\" \/>\n<meta property=\"og:url\" content=\"https:\/\/renatodias.online\/movimento\/2026\/09\/01\/sucessao-embolada\/\" \/>\n<meta property=\"article:publisher\" content=\"https:\/\/www.facebook.com\/renato.dias.37\" \/>\n<meta property=\"article:author\" content=\"https:\/\/www.facebook.com\/renato.dias.37\" \/>\n<meta property=\"article:published_time\" content=\"2026-09-01T17:46:16+00:00\" \/>\n<meta property=\"article:modified_time\" content=\"2026-09-01T17:46:17+00:00\" \/>\n<meta property=\"og:image\" content=\"https:\/\/renatodias.online\/movimento\/wp-content\/uploads\/2026\/09\/Hermes-Traldi-e1788284754289.jpg\" \/>\n\t<meta property=\"og:image:width\" content=\"700\" \/>\n\t<meta property=\"og:image:height\" content=\"1029\" \/>\n\t<meta property=\"og:image:type\" content=\"image\/jpeg\" \/>\n<meta name=\"author\" content=\"Renato Dias\" \/>\n<meta name=\"twitter:card\" content=\"summary_large_image\" \/>\n<meta name=\"twitter:creator\" content=\"@RenatoDiasBat\" \/>\n<meta name=\"twitter:site\" content=\"@RenatoDiasBat\" \/>\n<meta name=\"twitter:label1\" content=\"Escrito por\" \/>\n\t<meta name=\"twitter:data1\" content=\"Renato Dias\" \/>\n\t<meta name=\"twitter:label2\" content=\"Est. tempo de leitura\" \/>\n\t<meta name=\"twitter:data2\" content=\"3 minutos\" \/>\n<script type=\"application\/ld+json\" class=\"yoast-schema-graph\">{\"@context\":\"https:\\\/\\\/schema.org\",\"@graph\":[{\"@type\":\"Article\",\"@id\":\"https:\\\/\\\/renatodias.online\\\/movimento\\\/2026\\\/09\\\/01\\\/sucessao-embolada\\\/#article\",\"isPartOf\":{\"@id\":\"https:\\\/\\\/renatodias.online\\\/movimento\\\/2026\\\/09\\\/01\\\/sucessao-embolada\\\/\"},\"author\":{\"name\":\"Renato Dias\",\"@id\":\"https:\\\/\\\/renatodias.online\\\/movimento\\\/#\\\/schema\\\/person\\\/bbab28833b1725a20f4083f49f1fb2a9\"},\"headline\":\"Sucess\u00e3o embolada\",\"datePublished\":\"2026-09-01T17:46:16+00:00\",\"dateModified\":\"2026-09-01T17:46:17+00:00\",\"mainEntityOfPage\":{\"@id\":\"https:\\\/\\\/renatodias.online\\\/movimento\\\/2026\\\/09\\\/01\\\/sucessao-embolada\\\/\"},\"wordCount\":201,\"commentCount\":0,\"publisher\":{\"@id\":\"https:\\\/\\\/renatodias.online\\\/movimento\\\/#\\\/schema\\\/person\\\/bbab28833b1725a20f4083f49f1fb2a9\"},\"image\":{\"@id\":\"https:\\\/\\\/renatodias.online\\\/movimento\\\/2026\\\/09\\\/01\\\/sucessao-embolada\\\/#primaryimage\"},\"thumbnailUrl\":\"https:\\\/\\\/renatodias.online\\\/movimento\\\/wp-content\\\/uploads\\\/2026\\\/09\\\/Hermes-Traldi-e1788284754289.jpg\",\"articleSection\":[\"Pol\u00edtica\"],\"inLanguage\":\"pt-BR\",\"potentialAction\":[{\"@type\":\"CommentAction\",\"name\":\"Comment\",\"target\":[\"https:\\\/\\\/renatodias.online\\\/movimento\\\/2026\\\/09\\\/01\\\/sucessao-embolada\\\/#respond\"]}]},{\"@type\":\"WebPage\",\"@id\":\"https:\\\/\\\/renatodias.online\\\/movimento\\\/2026\\\/09\\\/01\\\/sucessao-embolada\\\/\",\"url\":\"https:\\\/\\\/renatodias.online\\\/movimento\\\/2026\\\/09\\\/01\\\/sucessao-embolada\\\/\",\"name\":\"Sucess\u00e3o embolada -\",\"isPartOf\":{\"@id\":\"https:\\\/\\\/renatodias.online\\\/movimento\\\/#website\"},\"primaryImageOfPage\":{\"@id\":\"https:\\\/\\\/renatodias.online\\\/movimento\\\/2026\\\/09\\\/01\\\/sucessao-embolada\\\/#primaryimage\"},\"image\":{\"@id\":\"https:\\\/\\\/renatodias.online\\\/movimento\\\/2026\\\/09\\\/01\\\/sucessao-embolada\\\/#primaryimage\"},\"thumbnailUrl\":\"https:\\\/\\\/renatodias.online\\\/movimento\\\/wp-content\\\/uploads\\\/2026\\\/09\\\/Hermes-Traldi-e1788284754289.jpg\",\"datePublished\":\"2026-09-01T17:46:16+00:00\",\"dateModified\":\"2026-09-01T17:46:17+00:00\",\"breadcrumb\":{\"@id\":\"https:\\\/\\\/renatodias.online\\\/movimento\\\/2026\\\/09\\\/01\\\/sucessao-embolada\\\/#breadcrumb\"},\"inLanguage\":\"pt-BR\",\"potentialAction\":[{\"@type\":\"ReadAction\",\"target\":[\"https:\\\/\\\/renatodias.online\\\/movimento\\\/2026\\\/09\\\/01\\\/sucessao-embolada\\\/\"]}]},{\"@type\":\"ImageObject\",\"inLanguage\":\"pt-BR\",\"@id\":\"https:\\\/\\\/renatodias.online\\\/movimento\\\/2026\\\/09\\\/01\\\/sucessao-embolada\\\/#primaryimage\",\"url\":\"https:\\\/\\\/renatodias.online\\\/movimento\\\/wp-content\\\/uploads\\\/2026\\\/09\\\/Hermes-Traldi-e1788284754289.jpg\",\"contentUrl\":\"https:\\\/\\\/renatodias.online\\\/movimento\\\/wp-content\\\/uploads\\\/2026\\\/09\\\/Hermes-Traldi-e1788284754289.jpg\",\"width\":700,\"height\":1029,\"caption\":\"Hermes Traldi\"},{\"@type\":\"BreadcrumbList\",\"@id\":\"https:\\\/\\\/renatodias.online\\\/movimento\\\/2026\\\/09\\\/01\\\/sucessao-embolada\\\/#breadcrumb\",\"itemListElement\":[{\"@type\":\"ListItem\",\"position\":1,\"name\":\"In\u00edcio\",\"item\":\"https:\\\/\\\/renatodias.online\\\/movimento\\\/\"},{\"@type\":\"ListItem\",\"position\":2,\"name\":\"Sucess\u00e3o embolada\"}]},{\"@type\":\"WebSite\",\"@id\":\"https:\\\/\\\/renatodias.online\\\/movimento\\\/#website\",\"url\":\"https:\\\/\\\/renatodias.online\\\/movimento\\\/\",\"name\":\"\",\"description\":\"\",\"publisher\":{\"@id\":\"https:\\\/\\\/renatodias.online\\\/movimento\\\/#\\\/schema\\\/person\\\/bbab28833b1725a20f4083f49f1fb2a9\"},\"potentialAction\":[{\"@type\":\"SearchAction\",\"target\":{\"@type\":\"EntryPoint\",\"urlTemplate\":\"https:\\\/\\\/renatodias.online\\\/movimento\\\/?s={search_term_string}\"},\"query-input\":{\"@type\":\"PropertyValueSpecification\",\"valueRequired\":true,\"valueName\":\"search_term_string\"}}],\"inLanguage\":\"pt-BR\"},{\"@type\":[\"Person\",\"Organization\"],\"@id\":\"https:\\\/\\\/renatodias.online\\\/movimento\\\/#\\\/schema\\\/person\\\/bbab28833b1725a20f4083f49f1fb2a9\",\"name\":\"Renato Dias\",\"image\":{\"@type\":\"ImageObject\",\"inLanguage\":\"pt-BR\",\"@id\":\"https:\\\/\\\/renatodias.online\\\/movimento\\\/wp-content\\\/uploads\\\/2023\\\/03\\\/cropped-cropped-cropped-logofinal.jpeg\",\"url\":\"https:\\\/\\\/renatodias.online\\\/movimento\\\/wp-content\\\/uploads\\\/2023\\\/03\\\/cropped-cropped-cropped-logofinal.jpeg\",\"contentUrl\":\"https:\\\/\\\/renatodias.online\\\/movimento\\\/wp-content\\\/uploads\\\/2023\\\/03\\\/cropped-cropped-cropped-logofinal.jpeg\",\"width\":1280,\"height\":219,\"caption\":\"Renato Dias\"},\"logo\":{\"@id\":\"https:\\\/\\\/renatodias.online\\\/movimento\\\/wp-content\\\/uploads\\\/2023\\\/03\\\/cropped-cropped-cropped-logofinal.jpeg\"},\"description\":\"Renato Dias, 58 anos, \u00e9 graduado em Jornalismo, formado em Ci\u00eancias Sociais, com p\u00f3s-gradua\u00e7\u00e3o em Pol\u00edticas P\u00fablicas, mestre em Direito e Rela\u00e7\u00f5es Internacionais, ex-aluno extraordin\u00e1rio do Doutorado em Psicologia Social, ex-estudante do Curso de Psican\u00e1lise do Centro de Estudos Psicanal\u00edticos do Estado de Goi\u00e1s, ministrado pelo m\u00e9dico psiquiatra e psicanalista Daniel Em\u00eddio de Souza. \u00c9 autor de 30 livros-reportagem, oito document\u00e1rios, ganhou 30 pr\u00eamios e \u00e9 torcedor apaixonado do maior do Centro-Oeste, o Vila Nova Futebol Clube. Casado com Meirilane Dias, \u00e9 pai de Juliana Dias, jornalista; Daniel Dias, economista; e Maria Rosa Dias, estudante antifascista, socialista e trotskista.\u00a0Com tr\u00eas pets: Porquinho [Bull Dog Franc\u00eas], Dalila [Basset Hound] e Geleia [Basset Hound]. Al\u00e9m do eterno gato Tutuquinho, que virou estrela.\",\"sameAs\":[\"https:\\\/\\\/www.facebook.com\\\/renato.dias.37\",\"#breve\",\"https:\\\/\\\/renatodias.tumblr.com\\\/\"],\"url\":\"https:\\\/\\\/renatodias.online\\\/movimento\\\/author\\\/renatodias\\\/\"}]}<\/script>\n<!-- \/ Yoast SEO plugin. -->","yoast_head_json":{"title":"Sucess\u00e3o embolada -","robots":{"index":"index","follow":"follow","max-snippet":"max-snippet:-1","max-image-preview":"max-image-preview:large","max-video-preview":"max-video-preview:-1"},"canonical":"https:\/\/renatodias.online\/movimento\/2026\/09\/01\/sucessao-embolada\/","og_locale":"pt_BR","og_type":"article","og_title":"Sucess\u00e3o embolada -","og_description":"4 de outubro de 2026 Cen\u00e1rio aberto, diz Traldi&nbsp; Ele \u00e9 suplente de Ernesto Roller&nbsp; Renato Dias\u00a0 Suplente de Ernesto Roller, candidato ao Senado da coliga\u00e7\u00e3o PSDB, Cidadania, PDC e PRTB, o ex-presidente da Agexp Hermes Traldi diz que Goi\u00e1s ter\u00e1 segundo turno nas elei\u00e7\u00f5es ao Governo do Estado. Marconi Perillo e Daniel Vilela, observa.","og_url":"https:\/\/renatodias.online\/movimento\/2026\/09\/01\/sucessao-embolada\/","article_publisher":"https:\/\/www.facebook.com\/renato.dias.37","article_author":"https:\/\/www.facebook.com\/renato.dias.37","article_published_time":"2026-09-01T17:46:16+00:00","article_modified_time":"2026-09-01T17:46:17+00:00","og_image":[{"width":700,"height":1029,"url":"https:\/\/renatodias.online\/movimento\/wp-content\/uploads\/2026\/09\/Hermes-Traldi-e1788284754289.jpg","type":"image\/jpeg"}],"author":"Renato Dias","twitter_card":"summary_large_image","twitter_creator":"@RenatoDiasBat","twitter_site":"@RenatoDiasBat","twitter_misc":{"Escrito por":"Renato Dias","Est. tempo de leitura":"3 minutos"},"schema":{"@context":"https:\/\/schema.org","@graph":[{"@type":"Article","@id":"https:\/\/renatodias.online\/movimento\/2026\/09\/01\/sucessao-embolada\/#article","isPartOf":{"@id":"https:\/\/renatodias.online\/movimento\/2026\/09\/01\/sucessao-embolada\/"},"author":{"name":"Renato Dias","@id":"https:\/\/renatodias.online\/movimento\/#\/schema\/person\/bbab28833b1725a20f4083f49f1fb2a9"},"headline":"Sucess\u00e3o embolada","datePublished":"2026-09-01T17:46:16+00:00","dateModified":"2026-09-01T17:46:17+00:00","mainEntityOfPage":{"@id":"https:\/\/renatodias.online\/movimento\/2026\/09\/01\/sucessao-embolada\/"},"wordCount":201,"commentCount":0,"publisher":{"@id":"https:\/\/renatodias.online\/movimento\/#\/schema\/person\/bbab28833b1725a20f4083f49f1fb2a9"},"image":{"@id":"https:\/\/renatodias.online\/movimento\/2026\/09\/01\/sucessao-embolada\/#primaryimage"},"thumbnailUrl":"https:\/\/renatodias.online\/movimento\/wp-content\/uploads\/2026\/09\/Hermes-Traldi-e1788284754289.jpg","articleSection":["Pol\u00edtica"],"inLanguage":"pt-BR","potentialAction":[{"@type":"CommentAction","name":"Comment","target":["https:\/\/renatodias.online\/movimento\/2026\/09\/01\/sucessao-embolada\/#respond"]}]},{"@type":"WebPage","@id":"https:\/\/renatodias.online\/movimento\/2026\/09\/01\/sucessao-embolada\/","url":"https:\/\/renatodias.online\/movimento\/2026\/09\/01\/sucessao-embolada\/","name":"Sucess\u00e3o embolada -","isPartOf":{"@id":"https:\/\/renatodias.online\/movimento\/#website"},"primaryImageOfPage":{"@id":"https:\/\/renatodias.online\/movimento\/2026\/09\/01\/sucessao-embolada\/#primaryimage"},"image":{"@id":"https:\/\/renatodias.online\/movimento\/2026\/09\/01\/sucessao-embolada\/#primaryimage"},"thumbnailUrl":"https:\/\/renatodias.online\/movimento\/wp-content\/uploads\/2026\/09\/Hermes-Traldi-e1788284754289.jpg","datePublished":"2026-09-01T17:46:16+00:00","dateModified":"2026-09-01T17:46:17+00:00","breadcrumb":{"@id":"https:\/\/renatodias.online\/movimento\/2026\/09\/01\/sucessao-embolada\/#breadcrumb"},"inLanguage":"pt-BR","potentialAction":[{"@type":"ReadAction","target":["https:\/\/renatodias.online\/movimento\/2026\/09\/01\/sucessao-embolada\/"]}]},{"@type":"ImageObject","inLanguage":"pt-BR","@id":"https:\/\/renatodias.online\/movimento\/2026\/09\/01\/sucessao-embolada\/#primaryimage","url":"https:\/\/renatodias.online\/movimento\/wp-content\/uploads\/2026\/09\/Hermes-Traldi-e1788284754289.jpg","contentUrl":"https:\/\/renatodias.online\/movimento\/wp-content\/uploads\/2026\/09\/Hermes-Traldi-e1788284754289.jpg","width":700,"height":1029,"caption":"Hermes Traldi"},{"@type":"BreadcrumbList","@id":"https:\/\/renatodias.online\/movimento\/2026\/09\/01\/sucessao-embolada\/#breadcrumb","itemListElement":[{"@type":"ListItem","position":1,"name":"In\u00edcio","item":"https:\/\/renatodias.online\/movimento\/"},{"@type":"ListItem","position":2,"name":"Sucess\u00e3o embolada"}]},{"@type":"WebSite","@id":"https:\/\/renatodias.online\/movimento\/#website","url":"https:\/\/renatodias.online\/movimento\/","name":"","description":"","publisher":{"@id":"https:\/\/renatodias.online\/movimento\/#\/schema\/person\/bbab28833b1725a20f4083f49f1fb2a9"},"potentialAction":[{"@type":"SearchAction","target":{"@type":"EntryPoint","urlTemplate":"https:\/\/renatodias.online\/movimento\/?s={search_term_string}"},"query-input":{"@type":"PropertyValueSpecification","valueRequired":true,"valueName":"search_term_string"}}],"inLanguage":"pt-BR"},{"@type":["Person","Organization"],"@id":"https:\/\/renatodias.online\/movimento\/#\/schema\/person\/bbab28833b1725a20f4083f49f1fb2a9","name":"Renato Dias","image":{"@type":"ImageObject","inLanguage":"pt-BR","@id":"https:\/\/renatodias.online\/movimento\/wp-content\/uploads\/2023\/03\/cropped-cropped-cropped-logofinal.jpeg","url":"https:\/\/renatodias.online\/movimento\/wp-content\/uploads\/2023\/03\/cropped-cropped-cropped-logofinal.jpeg","contentUrl":"https:\/\/renatodias.online\/movimento\/wp-content\/uploads\/2023\/03\/cropped-cropped-cropped-logofinal.jpeg","width":1280,"height":219,"caption":"Renato Dias"},"logo":{"@id":"https:\/\/renatodias.online\/movimento\/wp-content\/uploads\/2023\/03\/cropped-cropped-cropped-logofinal.jpeg"},"description":"Renato Dias, 58 anos, \u00e9 graduado em Jornalismo, formado em Ci\u00eancias Sociais, com p\u00f3s-gradua\u00e7\u00e3o em Pol\u00edticas P\u00fablicas, mestre em Direito e Rela\u00e7\u00f5es Internacionais, ex-aluno extraordin\u00e1rio do Doutorado em Psicologia Social, ex-estudante do Curso de Psican\u00e1lise do Centro de Estudos Psicanal\u00edticos do Estado de Goi\u00e1s, ministrado pelo m\u00e9dico psiquiatra e psicanalista Daniel Em\u00eddio de Souza. \u00c9 autor de 30 livros-reportagem, oito document\u00e1rios, ganhou 30 pr\u00eamios e \u00e9 torcedor apaixonado do maior do Centro-Oeste, o Vila Nova Futebol Clube. Casado com Meirilane Dias, \u00e9 pai de Juliana Dias, jornalista; Daniel Dias, economista; e Maria Rosa Dias, estudante antifascista, socialista e trotskista.\u00a0Com tr\u00eas pets: Porquinho [Bull Dog Franc\u00eas], Dalila [Basset Hound] e Geleia [Basset Hound]. Al\u00e9m do eterno gato Tutuquinho, que virou estrela.","sameAs":["https:\/\/www.facebook.com\/renato.dias.37","#breve","https:\/\/renatodias.tumblr.com\/"],"url":"https:\/\/renatodias.online\/movimento\/author\/renatodias\/"}]}},"_links":{"self":[{"href":"https:\/\/renatodias.online\/movimento\/wp-json\/wp\/v2\/posts\/22790","targetHints":{"allow":["GET"]}}],"collection":[{"href":"https:\/\/renatodias.online\/movimento\/wp-json\/wp\/v2\/posts"}],"about":[{"href":"https:\/\/renatodias.online\/movimento\/wp-json\/wp\/v2\/types\/post"}],"author":[{"embeddable":true,"href":"https:\/\/renatodias.online\/movimento\/wp-json\/wp\/v2\/users\/2"}],"replies":[{"embeddable":true,"href":"https:\/\/renatodias.online\/movimento\/wp-json\/wp\/v2\/comments?post=22790"}],"version-history":[{"count":2,"href":"https:\/\/renatodias.online\/movimento\/wp-json\/wp\/v2\/posts\/22790\/revisions"}],"predecessor-version":[{"id":22794,"href":"https:\/\/renatodias.online\/movimento\/wp-json\/wp\/v2\/posts\/22790\/revisions\/22794"}],"wp:featuredmedia":[{"embeddable":true,"href":"https:\/\/renatodias.online\/movimento\/wp-json\/wp\/v2\/media\/22793"}],"wp:attachment":[{"href":"https:\/\/renatodias.online\/movimento\/wp-json\/wp\/v2\/media?parent=22790"}],"wp:term":[{"taxonomy":"category","embeddable":true,"href":"https:\/\/renatodias.online\/movimento\/wp-json\/wp\/v2\/categories?post=22790"},{"taxonomy":"post_tag","embeddable":true,"href":"https:\/\/renatodias.online\/movimento\/wp-json\/wp\/v2\/tags?post=22790"}],"curies":[{"name":"wp","href":"https:\/\/api.w.org\/{rel}","templated":true}]}}