{"id":22355,"date":"2026-03-16T12:58:06","date_gmt":"2026-03-16T15:58:06","guid":{"rendered":"https:\/\/renatodias.online\/movimento\/?p=22355"},"modified":"2026-03-19T16:40:55","modified_gmt":"2026-03-19T19:40:55","slug":"vicios-privados","status":"publish","type":"post","link":"https:\/\/renatodias.online\/movimento\/2026\/03\/16\/vicios-privados\/","title":{"rendered":"V\u00edcios privados"},"content":{"rendered":"\n<figure class=\"wp-block-image aligncenter size-full\"><img loading=\"lazy\" decoding=\"async\" width=\"150\" height=\"150\" src=\"https:\/\/renatodias.online\/movimento\/wp-content\/uploads\/2021\/04\/Bomba-A-morte-da-Politica-e1683416532524.jpg\" alt=\"explosivo\" class=\"wp-image-5888\" srcset=\"https:\/\/renatodias.online\/movimento\/wp-content\/uploads\/2021\/04\/Bomba-A-morte-da-Politica-e1683416532524.jpg 150w, https:\/\/renatodias.online\/movimento\/wp-content\/uploads\/2021\/04\/Bomba-A-morte-da-Politica-e1683416532524-96x96.jpg 96w\" sizes=\"auto, (max-width: 150px) 100vw, 150px\" \/><\/figure>\n\n\n\n<p class=\"has-text-align-center\"><\/p>\n\n\n\n<figure class=\"wp-block-audio\"><audio controls src=\"https:\/\/renatodias.online\/movimento\/wp-content\/uploads\/2024\/02\/AUD-20240202-WA0029-online-audio-converter.com_.mp3\"><\/audio><figcaption class=\"wp-element-caption\"><strong><mark style=\"background-color:rgba(0, 0, 0, 0)\" class=\"has-inline-color has-vivid-cyan-blue-color\">Chico Buarque, Apesar de voc\u00ea<\/mark><\/strong><\/figcaption><\/figure>\n\n\n\n<p class=\"has-text-align-center\"><strong><mark style=\"background-color:rgba(0, 0, 0, 0)\" class=\"has-inline-color has-vivid-red-color\">Renato Dias&nbsp;<\/mark><\/strong><\/p>\n\n\n\n<p><strong>Dois esc\u00e2ndalos financeiros&nbsp; [Master e INSS], dois personagens principais [Daniel Vorcaro e Ant\u00f4nio Carlos Camilo Antunes, o &#8220;careca do INSS&#8221;]. Eles come\u00e7aram a operar e desviar recursos do er\u00e1rio sob o mesmo cen\u00e1rio pol\u00edtico, a Era Jair Messias Bolsonaro. Os beneficiados possuem \u00e2ncoras no mesmo espectro pol\u00edtico: a extrema direita no Brasil. Ambos somente foram investigados no Luiz In\u00e1cio Lula da Silva 3. Pela Pol\u00edcia Federal. Os dois casos tiveram rea\u00e7\u00e3o semelhante. Os que tinham as m\u00e3os sujas tentaram jogar a culpa da crise no colo da esquerda.&nbsp;<\/strong><\/p>\n\n\n\n<figure class=\"wp-block-image aligncenter size-full\"><img loading=\"lazy\" decoding=\"async\" width=\"400\" height=\"231\" src=\"https:\/\/renatodias.online\/movimento\/wp-content\/uploads\/2026\/03\/Banco-Master-Daniel-Vorcaro-e1773625967374.jpg\" alt=\"\" class=\"wp-image-22359\"\/><\/figure>\n\n\n\n<p><strong>Primeiro, em Frei Chico. Segundo, em F\u00e1bio da Silva, o Lulinha. N\u00e3o colou. Mesmo assim confundiu a cabe\u00e7a do eleitor. Narrativas moralistas como as de 1954, que abateu Get\u00falio Vargas. De1960, que elege J\u00e2nio da&nbsp; Silva Quadros. J\u00e1 no ano de 1964 derrubam Jo\u00e3o Goulart. Para instalar a mais longeva ditadura. Fernando Collor de Mello, embalado como &#8220;Ca\u00e7ador de Maraj\u00e1s&#8221;, 1989. O udenismo volta em 2013, 2016 e atinge o patamar em 2018. Com a elei\u00e7\u00e3o de um suposto outsider. Jair Messias Bolsonaro, hoje atr\u00e1s das grades. O filme quer se repetir em 2026.<\/strong><\/p>\n\n\n\n<figure class=\"wp-block-image aligncenter size-full\"><img loading=\"lazy\" decoding=\"async\" width=\"400\" height=\"231\" src=\"https:\/\/renatodias.online\/movimento\/wp-content\/uploads\/2026\/03\/Banco-Master-Jair-Messias-Bolsonaro-e1773625921544.jpg\" alt=\"\" class=\"wp-image-22362\"\/><\/figure>\n\n\n\n<p><strong>Inabilitado de 2016 at\u00e9 2018, o Banco Master obt\u00e9m a autoriza\u00e7\u00e3o para operar, do presidente do BC, Roberto Campos Neto, em 2019. O inquilino do Pal\u00e1cio do Planalto era Jair Messias Bolsonaro. Ex-cantor gospel e apresentador de um programa da Tv controlada pela Igreja Batista da Lagoinha, de Belo Horizonte [MG], Daniel Vorcaro entra no mercado de empr\u00e9stimos consignados para aposentados em 2020.&nbsp; Sob a Pandemia do Coronav\u00edrus Covid 19. O Brasil notifica 700 mil mortes. O endividamento das fam\u00edlias aumenta. O PIB cai 5%. Os lucros da institui\u00e7\u00e3o financeira explodem.<\/strong><\/p>\n\n\n\n<figure class=\"wp-block-image aligncenter size-full\"><img loading=\"lazy\" decoding=\"async\" width=\"400\" height=\"231\" src=\"https:\/\/renatodias.online\/movimento\/wp-content\/uploads\/2026\/03\/Banco-Master-Roberto-Campos-Neto-e1773625891976.jpg\" alt=\"\" class=\"wp-image-22364\"\/><\/figure>\n\n\n\n<p><strong>Sedutor, Daniel Vorcaro diz em di\u00e1logo interceptado que Ciro Nogueira \u00e9 um amigo para a vida. Ex-ministro da Casa Civil de Jair Messias Bolsonaro, o atual presidente nacional do PP apresentara a PEC Master no Senado. J\u00e1 o governador do DF, Ibaneis Rocha [MDB], injetaria, do Banco Regional de Bras\u00edlia, R$ 16,1 bilh\u00f5es em t\u00edtulos podres. O BRB j\u00e1 havia financiado com juros reduzidos uma mans\u00e3o de luxo de 1,1 mil M2, na capital da Rep\u00fablica, a Fl\u00e1vio Bolsonaro. Acusado pelo MP-RJ de rachadinhas. Por uma suposta consultoria, ACM Neto recebe generosa quantia de R$ 3,6 mi.<\/strong><\/p>\n\n\n\n<figure class=\"wp-block-image aligncenter size-full\"><img loading=\"lazy\" decoding=\"async\" width=\"400\" height=\"231\" src=\"https:\/\/renatodias.online\/movimento\/wp-content\/uploads\/2026\/03\/Banco-Master-Ciro-Nogueira-e1773625983533.jpg\" alt=\"\" class=\"wp-image-22358\"\/><\/figure>\n\n\n\n<figure class=\"wp-block-image aligncenter size-full\"><img loading=\"lazy\" decoding=\"async\" width=\"400\" height=\"231\" src=\"https:\/\/renatodias.online\/movimento\/wp-content\/uploads\/2026\/03\/Banco-Master-ACM-Neto-e1773626005509.jpg\" alt=\"\" class=\"wp-image-22356\"\/><\/figure>\n\n\n\n<p><strong>Daniel Vorcaro sabia como movimentar as pe\u00e7as do xadrez e usava o seu poder econ\u00f4mico para abrir portas. Ele recorria tamb\u00e9m \u00e0s amea\u00e7as e \u00e0 viol\u00eancia. Com o seu &#8220;Sic\u00e1rio&#8221;. Com dois diretores do BC na sua gorda folha de pagamento, Paulo S\u00e9rgio Neves de Souza e Belline Santana, ele dribla a fiscaliza\u00e7\u00e3o, atrai tamb\u00e9m investimentos de R$ 2,6 bi do Rio Previd\u00eancia, com a anu\u00eancia de Cl\u00e1udio Castro, de R$ 400 mi, do Instituto de Previd\u00eancia do Amap\u00e1, Estado que \u00e9 reduto de Davi Alcolumbre, o atual presidente do Congresso Nacional. Ele fazia interlocu\u00e7\u00e3o com Hugo Motta.<\/strong><\/p>\n\n\n\n<figure class=\"wp-block-image aligncenter size-full\"><img loading=\"lazy\" decoding=\"async\" width=\"400\" height=\"231\" src=\"https:\/\/renatodias.online\/movimento\/wp-content\/uploads\/2026\/03\/Banco-Master-Nikolas-Ferreira-e1773625907592.jpg\" alt=\"\" class=\"wp-image-22363\"\/><\/figure>\n\n\n\n<p><strong>Nikolas Ferreira, deputado federal da extrema direita, \u00e9 flagrado no ar em voos no avi\u00e3o particular de Daniel Vorcaro, sem declara\u00e7\u00e3o de gastos ao TSE, em 2022, na campanha de Jair Messias Bolsonaro. Um sinal de reprova\u00e7\u00e3o do c\u00e9u aparece na forma de um raio. Cunhado de Daniel Vorcaro, pastor da Igreja Batista da Lagoinha, Fabiano Zettel doou R$ 5 milh\u00f5es \u00e0s campanhas de Jair Messias Bolsonaro e Tarc\u00edsio Vieira.<\/strong> <strong>Um fundo de investimento ligado aos operadores teria negociado um resort em valores altos com uma empresa que tem Dias Tofolli, ministro do STF, como s\u00f3cio.<\/strong><\/p>\n\n\n\n<figure class=\"wp-block-image aligncenter size-full\"><img loading=\"lazy\" decoding=\"async\" width=\"400\" height=\"231\" src=\"https:\/\/renatodias.online\/movimento\/wp-content\/uploads\/2026\/03\/Banco-Master-Fabiano-Zettel-e1773625937551.jpg\" alt=\"\" class=\"wp-image-22361\"\/><\/figure>\n\n\n\n<p><strong>O escrit\u00f3rio de advocacia de Viviane Barci de Moraes celebra contrato com o Banco Master, informa ter feito 94 reuni\u00f5es, 34 pareceres, incorporado \u00e0 defesa bancas e conta que nunca operou na suprema corte. Sob Luiz In\u00e1cio Lula da Silva, a PF atua como institui\u00e7\u00e3o de Estado e n\u00e3o de governo. Gabriel Gal\u00edpolo decreta a liquida\u00e7\u00e3o do Master. Daniel Vorcaro \u00e9 preso. Luiz Phillipi Mour\u00e3o, o Sic\u00e1rio [Assassino de aluguel], morre nas depend\u00eancias da PF. Mais: a PF diz ter as&nbsp; grava\u00e7\u00f5es do v\u00eddeo de suposto suic\u00eddio. O STF mant\u00e9m a pris\u00e3o. O acusado troca de advogado e ensaia fazer uma dela\u00e7\u00e3o.<\/strong><\/p>\n\n\n\n<figure class=\"wp-block-image aligncenter size-full\"><img loading=\"lazy\" decoding=\"async\" width=\"400\" height=\"231\" src=\"https:\/\/renatodias.online\/movimento\/wp-content\/uploads\/2026\/03\/Banco-Master-Dias-Toffoli-e1773625952200.jpg\" alt=\"\" class=\"wp-image-22360\"\/><\/figure>\n\n\n\n<p class=\"has-text-align-center\"><\/p>\n\n\n\n<figure class=\"wp-block-image aligncenter size-full\"><img loading=\"lazy\" decoding=\"async\" width=\"400\" height=\"50\" src=\"https:\/\/renatodias.online\/movimento\/wp-content\/uploads\/2025\/10\/Saiba-mais-e1761237415476.jpg\" alt=\"\" class=\"wp-image-21922\"\/><\/figure>\n\n\n\n<p class=\"has-text-align-center\"><strong>Desvios do er\u00e1rio&nbsp;<\/strong><\/p>\n\n\n\n<p class=\"has-text-align-center\"><strong>Anatomia de um esc\u00e2ndalo&nbsp;<\/strong><\/p>\n\n\n\n<p><strong>Os dados divulgados at\u00e9 hoje apontariam \u00e0 montagem em 2019 de um suposto quebra &#8211; cabe\u00e7as de que o Banco Master teria sido criado para captar recursos financeiros em valores estratosf\u00e9ricos destinados a personagens de extrema direita, no Brasil, adeptos de Jair Messias Bolsonaro [PL], cr\u00ea o professor doutor da Faculdade de Hist\u00f3ria da UFG, <mark style=\"background-color:rgba(0, 0, 0, 0)\" class=\"has-inline-color has-vivid-green-cyan-color\">David Maciel<\/mark>. Com fraudes banc\u00e1rias, atira.<\/strong><\/p>\n\n\n\n<figure class=\"wp-block-image aligncenter size-full\"><img loading=\"lazy\" decoding=\"async\" width=\"400\" height=\"240\" src=\"https:\/\/renatodias.online\/movimento\/wp-content\/uploads\/2023\/07\/David-Maciel-UFG-e1714098623392.jpg\" alt=\"\" class=\"wp-image-17576\" srcset=\"https:\/\/renatodias.online\/movimento\/wp-content\/uploads\/2023\/07\/David-Maciel-UFG-e1714098623392.jpg 400w, https:\/\/renatodias.online\/movimento\/wp-content\/uploads\/2023\/07\/David-Maciel-UFG-e1714098623392-300x180.jpg 300w, https:\/\/renatodias.online\/movimento\/wp-content\/uploads\/2023\/07\/David-Maciel-UFG-e1714098623392-150x90.jpg 150w\" sizes=\"auto, (max-width: 400px) 100vw, 400px\" \/><\/figure>\n\n\n\n<p><strong>As doa\u00e7\u00f5es \u00e0s campanhas eleitorais de Jair Messias Bolsonaro e Tarc\u00edsio de Freitas, em 2022, a disponibiliza\u00e7\u00e3o de avi\u00e3o ao deputado federal Nikolas Ferreira, os aportes financeiros do Rio Previd\u00eancia, do Instituto de Previd\u00eancia do Amap\u00e1, por exemplo, constitu\u00edram fortes ind\u00edcios de uma eventual conex\u00e3o pol\u00edtica com o referido campo pol\u00edtico e ideol\u00f3gico, detecta o docente marxista.<\/strong><\/p>\n\n\n\n<p><strong>O Pal\u00e1cio do Planalto e a sua atual base pol\u00edtica e parlamentar no Congresso Nacional n\u00e3o reagem, hoje, \u00e0 ofensiva, d\u00e1 o diagn\u00f3stico. Um cen\u00e1rio que pode se agravar mais com a possibilidade de interven\u00e7\u00e3o de Donald Trump [EUA] nas elei\u00e7\u00f5es no Brasil, insiste. O STF enfrenta dificuldades para julgar o esc\u00e2ndalo, diz. H\u00e1 uma opera\u00e7\u00e3o pol\u00edtica e midi\u00e1tica para atribuir a crise ao Lula 3, v\u00ea.<\/strong><\/p>\n\n\n\n<p><strong>A extrema direita est\u00e1 encalacrada at\u00e9 o pesco\u00e7o no esc\u00e2ndalo do Banco Master, afirma o professor doutor em Educa\u00e7\u00e3o aposentado da Universidade de Sorocaba [Uniso-SP], <mark style=\"background-color:rgba(0, 0, 0, 0)\" class=\"has-inline-color has-vivid-cyan-blue-color\">Fernando Casadei Salles<\/mark>. \u00c9 a maior fraude financeira da hist\u00f3ria econ\u00f4mica do Brasil, como a define Fernando Haddad, explica. Os n\u00fameros s\u00e3o impressionantes, admite. O assalto assusta pelos envolvidos, ressalta.<\/strong><\/p>\n\n\n\n<figure class=\"wp-block-image aligncenter size-full\"><img loading=\"lazy\" decoding=\"async\" width=\"400\" height=\"240\" src=\"https:\/\/renatodias.online\/movimento\/wp-content\/uploads\/2023\/07\/Fernando-Casadei-Salles-especial-e1709836248562.jpg\" alt=\"\" class=\"wp-image-17574\" srcset=\"https:\/\/renatodias.online\/movimento\/wp-content\/uploads\/2023\/07\/Fernando-Casadei-Salles-especial-e1709836248562.jpg 400w, https:\/\/renatodias.online\/movimento\/wp-content\/uploads\/2023\/07\/Fernando-Casadei-Salles-especial-e1709836248562-300x180.jpg 300w, https:\/\/renatodias.online\/movimento\/wp-content\/uploads\/2023\/07\/Fernando-Casadei-Salles-especial-e1709836248562-150x90.jpg 150w\" sizes=\"auto, (max-width: 400px) 100vw, 400px\" \/><\/figure>\n\n\n\n<p><strong>Eles, sem exce\u00e7\u00e3o, ocupam espa\u00e7os pol\u00edticos no espectro \u00e0 direita, enfatiza. Personagens que enfrentam momentos existenciais dif\u00edceis diante da possibilidade de Daniel Vorcaro fazer uma dela\u00e7\u00e3o premiada, observa. A mudan\u00e7a de advogado aponta na dire\u00e7\u00e3o. A direita pode ser exposta criminalmente, alerta. O que provoca uma tens\u00e3o no referido campo pol\u00edtico, revela.<\/strong><\/p>\n\n\n\n<p><strong>Daniel Vorcaro est\u00e1, hoje, com as cartas nas m\u00e3os, analisa Fernando Casadei Salles. \u00c9 aguardar a sa\u00edda do banqueiro do isolamento a que est\u00e1 submetido no pres\u00eddio federal de seguran\u00e7a m\u00e1xima, pontua. N\u00e3o h\u00e1 o que fazer, dispara. A vez no jogo \u00e9 do dono do Banco Master e a extrema direita est\u00e1 em suas m\u00e3os, o docente examina o terreno em que os lances e a partida estar\u00e3o em disputa.<\/strong><\/p>\n\n\n\n<p><strong>O mundo est\u00e1, hoje, nas m\u00e3os do capital financeiro, desabafa o professor doutor de Hist\u00f3ria Contempor\u00e2nea da Universidade Federal Fluminense [UFF], <mark style=\"background-color:rgba(0, 0, 0, 0)\" class=\"has-inline-color has-vivid-red-color\">Daniel Aar\u00e3o Reis Filho<\/mark>. A regulamenta\u00e7\u00e3o do setor sofre acelerado processo de desmonte, alerta. Um descontrole absoluto, dispara. A Rep\u00fablica se desfaz, lamenta. Daniel Vorcaro \u00e9 um aventureiro, ataca o pesquisador do Tempo Presente.<\/strong><\/p>\n\n\n\n<figure class=\"wp-block-image aligncenter size-full\"><img loading=\"lazy\" decoding=\"async\" width=\"400\" height=\"286\" src=\"https:\/\/renatodias.online\/movimento\/wp-content\/uploads\/2023\/08\/Daniel-Aarao-Reis-Filho-e1707234475381.jpg\" alt=\"\" class=\"wp-image-17768\" srcset=\"https:\/\/renatodias.online\/movimento\/wp-content\/uploads\/2023\/08\/Daniel-Aarao-Reis-Filho-e1707234475381.jpg 400w, https:\/\/renatodias.online\/movimento\/wp-content\/uploads\/2023\/08\/Daniel-Aarao-Reis-Filho-e1707234475381-300x215.jpg 300w, https:\/\/renatodias.online\/movimento\/wp-content\/uploads\/2023\/08\/Daniel-Aarao-Reis-Filho-e1707234475381-150x107.jpg 150w\" sizes=\"auto, (max-width: 400px) 100vw, 400px\" \/><\/figure>\n\n\n\n<p><br><strong>O escritor Daniel Aar\u00e3o Reis Filho insiste que a proposta de ado\u00e7\u00e3o de um c\u00f3digo de \u00e9tica para o STF est\u00e1 congelada. Ela deixou os ministros da corte irritados, recorda-se. Como se fossem virgens ofendidas, ironiza. Nenhuma institui\u00e7\u00e3o pode pairar acima dos valores \u00e9ticos, republicanos e democr\u00e1ticos, critica. As esquerdas deveriam estar na linha de frente das den\u00fancias, ele lamenta<\/strong><\/p>\n\n\n\n<p><strong>O intelectual p\u00fablico aponta que as esquerdas se tornaram gestoras da crise do capitalismo. O escritor faz refer\u00eancia a PT, PC do B, PSB, PDT [Mesmo o PSOL, com Marcelo Freixo e Guilherme Boulos]. O estatismo sugou a esquerda com o Varguismo [1930-1945, 1950-1954], Janguismo [1961-1964],, Brizolismo e o Lulismo [2003-2016, 2023-2026], ele formula tamb\u00e9m uma \u00e1cida critica.<\/strong><\/p>\n\n\n\n<p><strong>Nascido no Peru, o professor doutor da Faculdade de Ci\u00eancias Sociais da Universidade Federal de Goi\u00e1s [UFG], <mark style=\"background-color:rgba(0, 0, 0, 0)\" class=\"has-inline-color has-vivid-purple-color\">Carlos Ugo Santander<\/mark>, observa que a extrema direita \u00e9 eficiente ainda para pautar a sua agenda e identidade pol\u00edtica. N\u00e3o parece ter perdido, hoje, no Brasil, capital simb\u00f3lico e a bolha conservadora permanece coesa e impenetr\u00e1vel, aponta a @renatodias.online o soci\u00f3logo.<\/strong><\/p>\n\n\n\n<figure class=\"wp-block-image aligncenter size-full\"><img loading=\"lazy\" decoding=\"async\" width=\"400\" height=\"266\" src=\"https:\/\/renatodias.online\/movimento\/wp-content\/uploads\/2023\/08\/Carlos-Ugo-Santander-e1709829349361.jpg\" alt=\"\" class=\"wp-image-17733\" srcset=\"https:\/\/renatodias.online\/movimento\/wp-content\/uploads\/2023\/08\/Carlos-Ugo-Santander-e1709829349361.jpg 400w, https:\/\/renatodias.online\/movimento\/wp-content\/uploads\/2023\/08\/Carlos-Ugo-Santander-e1709829349361-300x200.jpg 300w, https:\/\/renatodias.online\/movimento\/wp-content\/uploads\/2023\/08\/Carlos-Ugo-Santander-e1709829349361-150x100.jpg 150w\" sizes=\"auto, (max-width: 400px) 100vw, 400px\" \/><\/figure>\n\n\n\n<p><strong>O especialista em Am\u00e9rica Latina avalia que o Pal\u00e1cio do Planalto continua com estrat\u00e9gias err\u00e1ticas de comunica\u00e7\u00e3o social. Ele aponta um hiato, uma barreira, entre os atuais indicadores econ\u00f4micos, sociais e culturais positivos e os \u00edndices de aprova\u00e7\u00e3o do governo federal e a popularidade do presidente da Rep\u00fablica, Luiz In\u00e1cio Lula da Silva. O descompasso \u00e9 explorado pela extrema direita, analisa.<\/strong><\/p>\n\n\n\n<p><strong>O caso do Banco Master \u00e9 a volta ao suposto, normal, ao esc\u00e2ndalo, sublinha Carlos Ugo Santander. Terreno em que &#8220;pisam em ovos, diz. A crise mostra que o poder do sistema financeiro e seus interesses patrimonialistas e n\u00e3o republicanos consegue penetrar no Executivo, Legislativo, Judici\u00e1rio, conglomerados de m\u00eddia. Com a gera\u00e7\u00e3o de ru\u00eddos e desconfian\u00e7a nas institui\u00e7\u00f5es<\/strong><\/p>\n\n\n\n<p><strong>N\u00e3o se fazem as liga\u00e7\u00f5es devidas com as vari\u00e1veis pol\u00edticas de um sistema pol\u00edtico manco, afirma o professor doutor de Economia Urbana e Arquitetura da PUC Goi\u00e1s, <mark style=\"background-color:rgba(0, 0, 0, 0)\" class=\"has-inline-color has-luminous-vivid-orange-color\">Lenine Bueno Monteiro<\/mark>. O que seria estrutural e revelado como &#8220;eventual corrup\u00e7\u00e3o&#8221;, ironiza. Analista de cen\u00e1rio, ele v\u00ea opera\u00e7\u00f5es do Centr\u00e3o para impedir dela\u00e7\u00e3o premiada de Daniel Vorcaro, dono do Master. Bar\u00e3o ladr\u00e3o, define &#8211; o.<\/strong><\/p>\n\n\n\n<figure class=\"wp-block-image aligncenter size-full\"><img loading=\"lazy\" decoding=\"async\" width=\"400\" height=\"275\" src=\"https:\/\/renatodias.online\/movimento\/wp-content\/uploads\/2025\/05\/Lenine-Bueno-Monteiro-e1748313870767.jpg\" alt=\"\" class=\"wp-image-20877\" srcset=\"https:\/\/renatodias.online\/movimento\/wp-content\/uploads\/2025\/05\/Lenine-Bueno-Monteiro-e1748313870767.jpg 400w, https:\/\/renatodias.online\/movimento\/wp-content\/uploads\/2025\/05\/Lenine-Bueno-Monteiro-e1748313870767-300x206.jpg 300w, https:\/\/renatodias.online\/movimento\/wp-content\/uploads\/2025\/05\/Lenine-Bueno-Monteiro-e1748313870767-130x90.jpg 130w, https:\/\/renatodias.online\/movimento\/wp-content\/uploads\/2025\/05\/Lenine-Bueno-Monteiro-e1748313870767-150x103.jpg 150w\" sizes=\"auto, (max-width: 400px) 100vw, 400px\" \/><\/figure>\n\n\n\n<p><strong>Com o &#8220;jogo do abafa&#8221;, \u00e9 constru\u00eddo passo a passo o tecido da impunidade, registra. Com pe\u00e7as impunes e blindadas teremos um &#8220;faz de conta&#8221; pol\u00edtico, relata. Montado para salvar as cabe\u00e7as que seriam cortadas por quebrar o er\u00e1rio, perpetuar desigualdades econ\u00f4micas, sociais e manter a estrutura assim\u00e9trica e desonesta hist\u00f3rica instalada no pa\u00eds, pontua. Em um alto tom de indigna\u00e7\u00e3o.<\/strong><\/p>\n\n\n\n<p><strong>\u00c9 apenas um aperitivo do processo eleitoral de outubro de 2026, fuzila Lenine Bueno Monteiro. A estrat\u00e9gia \u00e9 manter a hegemonia do Centr\u00e3o, da extrema direita, dispara. Para eleger cada vez menos representantes dos trabalhadores, dos exclu\u00eddos, do povo, denuncia. Bertolt Brecht perguntaria: &#8220;Qual \u00e9 o real criminoso: quem assalta um banco ou aquele que funda e opera um banco?&#8221;<\/strong><\/p>\n\n\n\n<figure class=\"wp-block-image aligncenter size-full\"><img loading=\"lazy\" decoding=\"async\" width=\"250\" height=\"135\" src=\"https:\/\/renatodias.online\/movimento\/wp-content\/uploads\/2022\/03\/A-boca-no-trombone-e1687625083876.jpg\" alt=\"\" class=\"wp-image-11514\" srcset=\"https:\/\/renatodias.online\/movimento\/wp-content\/uploads\/2022\/03\/A-boca-no-trombone-e1687625083876.jpg 250w, https:\/\/renatodias.online\/movimento\/wp-content\/uploads\/2022\/03\/A-boca-no-trombone-e1687625083876-150x81.jpg 150w\" sizes=\"auto, (max-width: 250px) 100vw, 250px\" \/><\/figure>\n\n\n\n<p class=\"has-text-align-center\"><strong>Liberais&nbsp;<\/strong><\/p>\n\n\n\n<p class=\"has-text-align-center\"><strong>Sebba e Traldi examinam crise<\/strong><\/p>\n\n\n\n<p><strong>O ex-presidente da Assembleia Legislativa do Estado de Goi\u00e1s <mark style=\"background-color:rgba(0, 0, 0, 0)\" class=\"has-inline-color has-vivid-cyan-blue-color\">Jardel Sebba<\/mark> [PSDB] torce para que o dono do Banco Master Daniel Vorcaro fa\u00e7a dela\u00e7\u00e3o premiada prevista em lei. Com a divulga\u00e7\u00e3o de nomes dos poderes Executivo, Legislativo e Judici\u00e1rio, emenda. Sem exce\u00e7\u00e3o, defende. Para que sejam processados, julgados e condenados, explica o l\u00edder tucano.<\/strong><\/p>\n\n\n\n<figure class=\"wp-block-image aligncenter size-full\"><img loading=\"lazy\" decoding=\"async\" width=\"400\" height=\"267\" src=\"https:\/\/renatodias.online\/movimento\/wp-content\/uploads\/2025\/11\/Jardel-Sebba-e1762199694338.jpg\" alt=\"\" class=\"wp-image-21967\"\/><\/figure>\n\n\n\n<p><strong>Deputado estadual por quatro mandatos consecutivos, governador do Estado de Goi\u00e1s interino em dois epis\u00f3dios hist\u00f3ricos, ex-prefeito de Catal\u00e3o, o dirigente pol\u00edtico considera que supostas ilegalidades cometidas por ministros do Supremo Tribunal Federal [STF] precisam ser investigadas e esclarecidas. Um verdadeiro esc\u00e1rnio caso as acusa\u00e7\u00f5es sejam verdadeiras, ele eleva as criticas.<\/strong><\/p>\n\n\n\n<p><strong>O Brasil ainda est\u00e1 longe de conhecer o tamanho do esc\u00e2ndalo do Banco Master, a totalidade dos nomes envolvidos com Daniel Vorcaro e Fabiano Zettel e os valores movimentados, afirma o ex-presidente da Associa\u00e7\u00e3o Goiana dos Ex-prefeitos, cr\u00ea <mark style=\"background-color:rgba(0, 0, 0, 0)\" class=\"has-inline-color has-vivid-green-cyan-color\">Hermes Traldi<\/mark>. &#8220;Atos republicanos, doa\u00e7\u00f5es legais, conversas amenas, al\u00e9m de a\u00e7\u00f5es ilegais e esp\u00farias de membros Tr\u00eas Poderes da Rep\u00fablica.&#8221;<\/strong><\/p>\n\n\n\n<figure class=\"wp-block-image aligncenter size-full\"><img loading=\"lazy\" decoding=\"async\" width=\"400\" height=\"350\" src=\"https:\/\/renatodias.online\/movimento\/wp-content\/uploads\/2025\/05\/Hermes-Traldi-3-e1747879717212.jpg\" alt=\"\" class=\"wp-image-20856\" srcset=\"https:\/\/renatodias.online\/movimento\/wp-content\/uploads\/2025\/05\/Hermes-Traldi-3-e1747879717212.jpg 400w, https:\/\/renatodias.online\/movimento\/wp-content\/uploads\/2025\/05\/Hermes-Traldi-3-e1747879717212-300x263.jpg 300w, https:\/\/renatodias.online\/movimento\/wp-content\/uploads\/2025\/05\/Hermes-Traldi-3-e1747879717212-150x131.jpg 150w\" sizes=\"auto, (max-width: 400px) 100vw, 400px\" \/><\/figure>\n\n\n\n<p><strong>De todos os lados, alfineta o ex-prefeito de Goiatuba e engenheiro agr\u00f4nomo. At\u00e9 no Judici\u00e1rio, exp\u00f5e o produtor rural. Magistrado deveria se manifestar somente nos autos do processo judicial, registra o liberal de forma\u00e7\u00e3o ilustrada. Al\u00e9m poderia ser classificado sim como suspeito, admite. Falta elucidar as extensas den\u00fancias e \u00e9 indispens\u00e1vel a elucida\u00e7\u00e3o total, ele metralha.<\/strong><\/p>\n\n\n\n<p class=\"has-text-align-center\"><strong>Esquerdas do div\u00e3&nbsp;<\/strong><\/p>\n\n\n\n<figure class=\"wp-block-image aligncenter size-full\"><img loading=\"lazy\" decoding=\"async\" width=\"210\" height=\"280\" src=\"https:\/\/renatodias.online\/movimento\/wp-content\/uploads\/2021\/03\/Sigmund-Freud.jpg\" alt=\"Sigmund Freud\" class=\"wp-image-5544\"\/><figcaption class=\"wp-element-caption\"><strong><mark style=\"background-color:rgba(0, 0, 0, 0)\" class=\"has-inline-color has-vivid-purple-color\">Sigmund Freud<\/mark><\/strong><\/figcaption><\/figure>\n\n\n\n<p class=\"has-text-align-center\"><strong>Extrema direita sob a mira da PF<\/strong><\/p>\n\n\n\n<figure class=\"wp-block-image aligncenter size-full\"><img loading=\"lazy\" decoding=\"async\" width=\"150\" height=\"149\" src=\"https:\/\/renatodias.online\/movimento\/wp-content\/uploads\/2023\/02\/A-crise-no-Peru-Mira-e1704731651532.png\" alt=\"\" class=\"wp-image-15687\" srcset=\"https:\/\/renatodias.online\/movimento\/wp-content\/uploads\/2023\/02\/A-crise-no-Peru-Mira-e1704731651532.png 150w, https:\/\/renatodias.online\/movimento\/wp-content\/uploads\/2023\/02\/A-crise-no-Peru-Mira-e1704731651532-96x96.png 96w\" sizes=\"auto, (max-width: 150px) 100vw, 150px\" \/><\/figure>\n\n\n\n<p><strong>A crise \u00e9 o sintoma de hipertrofia do sistema financeiro, da financeiriza\u00e7\u00e3o da economia, viciada em crescer com falta de transpar\u00eancia e de regula\u00e7\u00e3o, dispara o presidente do PT [Primeira zona de Goi\u00e2nia],<mark style=\"background-color:rgba(0, 0, 0, 0)\" class=\"has-inline-color has-vivid-red-color\"> Edilberto de Castro Dias<\/mark>. O advogado denuncia a aplica\u00e7\u00e3o de R$ 40 mi da Prefeitura de Aparecida de Goi\u00e2nia.<\/strong><\/p>\n\n\n\n<figure class=\"wp-block-image aligncenter size-full\"><img loading=\"lazy\" decoding=\"async\" width=\"400\" height=\"267\" src=\"https:\/\/renatodias.online\/movimento\/wp-content\/uploads\/2025\/11\/Edilberto-de-Castro-Dias-e1762802178632.jpg\" alt=\"\" class=\"wp-image-22014\"\/><\/figure>\n\n\n\n<p><strong>A extrema direita est\u00e1 sim enrolada com o esc\u00e2ndalo do Banco Master, aposta <mark style=\"background-color:rgba(0, 0, 0, 0)\" class=\"has-inline-color has-cyan-bluish-gray-color\">Jordaci Matos<\/mark>. Membro do Diret\u00f3rio Nacional do PDT. Legenda fundada em 1980 por Leonel de Moura Brizola. Com as supostas participa\u00e7\u00f5es de Jair Messias Bolsonaro e Roberto Campos Neto, observa o l\u00edder comunit\u00e1rio.<\/strong><\/p>\n\n\n\n<figure class=\"wp-block-image aligncenter size-full\"><img loading=\"lazy\" decoding=\"async\" width=\"400\" height=\"253\" src=\"https:\/\/renatodias.online\/movimento\/wp-content\/uploads\/2025\/12\/IMG-20251221-WA0211-e1766435227440.jpg\" alt=\"\" class=\"wp-image-22091\"\/><\/figure>\n\n\n\n<p><strong>O Banco Master e as estrepolias, hoje, de Daniel Vorcaro e Fabiano Zettel constituem pe\u00e7as da engrenagem do capitalismo, conceitua o historiador marxista <mark style=\"background-color:rgba(0, 0, 0, 0)\" class=\"has-inline-color has-pale-pink-color\">Reinaldo Pantale\u00e3o<\/mark>, da Unidade Popular. N\u00e3o existe sa\u00edda para os trabalhadores sem a revolu\u00e7\u00e3o, atira. O que resta \u00e9 a luta de classes, diz.<\/strong><\/p>\n\n\n\n<figure class=\"wp-block-image aligncenter size-full\"><img decoding=\"async\" src=\"https:\/\/renatodias.online\/movimento\/wp-content\/uploads\/2024\/03\/Israel-3-Reinaldo-Pantaleao-e1709829295628.jpg\" alt=\"\" class=\"wp-image-19662\"\/><\/figure>\n\n\n\n<p><strong>As medidas de desregulamenta\u00e7\u00e3o do mercado financeiro s\u00e3o um convite ao crime, pontua o professor de Hist\u00f3ria trotskista <mark style=\"background-color:rgba(0, 0, 0, 0)\" class=\"has-inline-color has-luminous-vivid-amber-color\">Fred Fraz\u00e3o [PSOL]<\/mark>.&nbsp; Ao banditismo, metralha. O \u00fanico caminho \u00e9 a estatiza\u00e7\u00e3o dos bancos, ele prop\u00f5e. Com a cassa\u00e7\u00e3o e inelegibilidade de pol\u00edticos e magistrados, defende.<\/strong><\/p>\n\n\n\n<figure class=\"wp-block-image aligncenter size-full\"><img loading=\"lazy\" decoding=\"async\" width=\"400\" height=\"240\" src=\"https:\/\/renatodias.online\/movimento\/wp-content\/uploads\/2023\/07\/Fred-Frazao-e1709401971865.jpg\" alt=\"\" class=\"wp-image-17588\" srcset=\"https:\/\/renatodias.online\/movimento\/wp-content\/uploads\/2023\/07\/Fred-Frazao-e1709401971865.jpg 400w, https:\/\/renatodias.online\/movimento\/wp-content\/uploads\/2023\/07\/Fred-Frazao-e1709401971865-300x180.jpg 300w, https:\/\/renatodias.online\/movimento\/wp-content\/uploads\/2023\/07\/Fred-Frazao-e1709401971865-150x90.jpg 150w\" sizes=\"auto, (max-width: 400px) 100vw, 400px\" \/><\/figure>\n\n\n\n<p><strong>F\u00edsico e mestre em Engenharia Nuclear, <mark style=\"background-color:rgba(0, 0, 0, 0)\" class=\"has-inline-color has-pale-cyan-blue-color\">Arthur Otto [Cidadania]<\/mark> detecta suposto movimento de novo golpe contra o Estado Democr\u00e1tico de Direito no Brasil. Com a participa\u00e7\u00e3o dos conglomerados de comunica\u00e7\u00e3o, monop\u00f3lios de m\u00eddia, Big Techs e sua l\u00f3gica de algoritmos, al\u00e9m do capital financeiro, afirma.<\/strong><\/p>\n\n\n\n<figure class=\"wp-block-image aligncenter size-full\"><img loading=\"lazy\" decoding=\"async\" width=\"400\" height=\"267\" src=\"https:\/\/renatodias.online\/movimento\/wp-content\/uploads\/2025\/11\/Arthur-Otto-e1762802224957.jpg\" alt=\"\" class=\"wp-image-22012\"\/><\/figure>\n\n\n\n<p><strong>Banc\u00e1rio de Xapuri, no Acre,<mark style=\"background-color:rgba(0, 0, 0, 0)\" class=\"has-inline-color has-light-green-cyan-color\"> Lu\u00eds Celso [PC do B]<\/mark> v\u00ea um esquema financeiro e pol\u00edtico iniciado sob Jair Messias Bolsonaro e Roberto Campos Neto e que produz fraudes banc\u00e1rias, financiamento ilegal de campanha eleitoral da extrema direita e enriquecimento il\u00edcito de personagens do cen\u00e1rio nacional.<\/strong><\/p>\n\n\n\n<figure class=\"wp-block-image aligncenter size-full\"><img loading=\"lazy\" decoding=\"async\" width=\"200\" height=\"200\" src=\"https:\/\/renatodias.online\/movimento\/wp-content\/uploads\/2024\/10\/2024-Intelectuais-publicos-e1728587031625.jpg\" alt=\"\" class=\"wp-image-20626\" srcset=\"https:\/\/renatodias.online\/movimento\/wp-content\/uploads\/2024\/10\/2024-Intelectuais-publicos-e1728587031625.jpg 200w, https:\/\/renatodias.online\/movimento\/wp-content\/uploads\/2024\/10\/2024-Intelectuais-publicos-e1728587031625-150x150.jpg 150w, https:\/\/renatodias.online\/movimento\/wp-content\/uploads\/2024\/10\/2024-Intelectuais-publicos-e1728587031625-96x96.jpg 96w\" sizes=\"auto, (max-width: 200px) 100vw, 200px\" \/><\/figure>\n\n\n\n<p class=\"has-text-align-center\"><strong>Jogo do poder<\/strong><\/p>\n\n\n\n<p class=\"has-text-align-center\"><strong>As artimanhas do Centr\u00e3o&nbsp;<\/strong><\/p>\n\n\n\n<p><strong>O advogado <mark style=\"background-color:rgba(0, 0, 0, 0)\" class=\"has-inline-color has-vivid-purple-color\">Luiz Fernando Dolci<\/mark>, cr\u00edtico, diagnostica uma estrat\u00e9gia da extrema direita [do Centr\u00e3o]. Ela opera, hoje, uma ferramenta para obter polpudos recursos financeiros e financiar vis campanhas de \u00f3dio nas redes digitais e nas m\u00eddias tradicionais para voltar ao poder. Com a s\u00f3rdida manipula\u00e7\u00e3o de pesquisas para impulsionar Fl\u00e1vio Bolsonaro, frisa.<\/strong><\/p>\n\n\n\n<figure class=\"wp-block-image aligncenter size-full\"><img loading=\"lazy\" decoding=\"async\" width=\"400\" height=\"240\" src=\"https:\/\/renatodias.online\/movimento\/wp-content\/uploads\/2023\/07\/Fernando-Dolci-e1711419770512.jpg\" alt=\"\" class=\"wp-image-17581\" srcset=\"https:\/\/renatodias.online\/movimento\/wp-content\/uploads\/2023\/07\/Fernando-Dolci-e1711419770512.jpg 400w, https:\/\/renatodias.online\/movimento\/wp-content\/uploads\/2023\/07\/Fernando-Dolci-e1711419770512-300x180.jpg 300w, https:\/\/renatodias.online\/movimento\/wp-content\/uploads\/2023\/07\/Fernando-Dolci-e1711419770512-150x90.jpg 150w\" sizes=\"auto, (max-width: 400px) 100vw, 400px\" \/><\/figure>\n\n\n\n<p><strong>J\u00e1 o advogado <mark style=\"background-color:rgba(0, 0, 0, 0)\" class=\"has-inline-color has-vivid-cyan-blue-color\">Gustavo Alves de Oliveira <\/mark>diz a @renatodias.online resumir a \u00f3pera. &#8220;A crise deveria ser do todo poderoso Centr\u00e3o&#8221;, explica. O operador do Direito diz que o poder do referido campo pol\u00edtico, ideol\u00f3gico e econ\u00f4mico \u00e9 de tal magnitude t\u00e3o poderoso que o esc\u00e2ndalo pode explodir no colo do PT e o Centr\u00e3o ficar como v\u00edtima.&nbsp; &#8220;\u00c9 assim desde 1.500&#8221;<\/strong>.<\/p>\n\n\n\n<figure class=\"wp-block-image aligncenter size-full\"><img loading=\"lazy\" decoding=\"async\" width=\"400\" height=\"267\" src=\"https:\/\/renatodias.online\/movimento\/wp-content\/uploads\/2025\/11\/Gustavo-Alves-de-Oliveira-e1762200015873.jpg\" alt=\"\" class=\"wp-image-21969\"\/><\/figure>\n\n\n\n<p><strong>O rombo nos cofres p\u00fablicos \u00e9 colossal, reclama o engenheiro eletricista <mark style=\"background-color:rgba(0, 0, 0, 0)\" class=\"has-inline-color has-luminous-vivid-orange-color\">Rosemar Cardoso Maciel<\/mark>. Executivo e Judici\u00e1rio devem partir para cima de quem lesou o er\u00e1rio, insiste. \u00c9 preciso implodir o Centr\u00e3o, bloco pol\u00edtico hegem\u00f4nico no Congresso Nacional que captura o or\u00e7amento da Uni\u00e3o com emendas, e derrotar a extrema direita, destaca.<\/strong><\/p>\n\n\n\n<figure class=\"wp-block-image aligncenter size-full\"><img loading=\"lazy\" decoding=\"async\" width=\"400\" height=\"267\" src=\"https:\/\/renatodias.online\/movimento\/wp-content\/uploads\/2025\/11\/Rosemar-Cardoso-Maciel-e1762200087387.jpg\" alt=\"\" class=\"wp-image-21970\"\/><\/figure>\n\n\n\n<p><strong>Conglomerados de comunica\u00e7\u00e3o e as Big Techs querem vender a narrativa inver\u00eddica de que a roubalheira do Banco Master seria ecum\u00eanica, v\u00ea <mark style=\"background-color:rgba(0, 0, 0, 0)\" class=\"has-inline-color has-vivid-red-color\">Altino Barros<\/mark>. Com envolvimento tanto da direita quanto da esquerda, sublinha. &#8220;Mentira&#8221;. Bomba que explodiria em Bras\u00edlia, para que a conta seja paga pelo Governo Federal, relata. Um absurdo midi\u00e1tico, ataca.<\/strong><\/p>\n\n\n\n<figure class=\"wp-block-image aligncenter size-full\"><img loading=\"lazy\" decoding=\"async\" width=\"400\" height=\"253\" src=\"https:\/\/renatodias.online\/movimento\/wp-content\/uploads\/2025\/12\/Altino-Barros-e1765675824317.jpg\" alt=\"\" class=\"wp-image-22073\"\/><\/figure>\n\n\n\n<figure class=\"wp-block-audio\"><audio controls src=\"https:\/\/renatodias.online\/movimento\/wp-content\/uploads\/2026\/02\/Guilherme-Arantes-Amanha-Album-_Ronda-Noturna_-Audio-OficialMP3_160K.mp3\"><\/audio><figcaption class=\"wp-element-caption\"><strong><mark style=\"background-color:rgba(0, 0, 0, 0)\" class=\"has-inline-color has-vivid-cyan-blue-color\">Amanh\u00e3, Guilherme Arantes<\/mark><\/strong><\/figcaption><\/figure>\n\n\n\n<figure class=\"wp-block-image aligncenter size-full\"><img loading=\"lazy\" decoding=\"async\" width=\"150\" height=\"79\" src=\"https:\/\/renatodias.online\/movimento\/wp-content\/uploads\/2023\/01\/Para-entender-logo-e1773676482999.png\" alt=\"\" class=\"wp-image-15364\"\/><\/figure>\n\n\n\n<figure class=\"wp-block-embed is-type-video is-provider-youtube wp-block-embed-youtube wp-embed-aspect-16-9 wp-has-aspect-ratio\"><div class=\"wp-block-embed__wrapper\">\n<iframe loading=\"lazy\" title=\"Caso Master: Entenda a &quot;teia&quot; de fraudes do banco | BASTIDORESCNN\" width=\"960\" height=\"540\" src=\"https:\/\/www.youtube.com\/embed\/n570IRQdogY?feature=oembed\" frameborder=\"0\" allow=\"accelerometer; autoplay; clipboard-write; encrypted-media; gyroscope; picture-in-picture; web-share\" referrerpolicy=\"strict-origin-when-cross-origin\" allowfullscreen><\/iframe>\n<\/div><\/figure>\n\n\n\n<figure class=\"wp-block-image aligncenter size-full\"><img loading=\"lazy\" decoding=\"async\" width=\"150\" height=\"150\" src=\"https:\/\/renatodias.online\/movimento\/wp-content\/uploads\/2023\/01\/Para-entender-e1706569858999.png\" alt=\"\" class=\"wp-image-15239\" srcset=\"https:\/\/renatodias.online\/movimento\/wp-content\/uploads\/2023\/01\/Para-entender-e1706569858999.png 150w, https:\/\/renatodias.online\/movimento\/wp-content\/uploads\/2023\/01\/Para-entender-e1706569858999-96x96.png 96w\" sizes=\"auto, (max-width: 150px) 100vw, 150px\" \/><\/figure>\n\n\n\n<p class=\"has-text-align-center\"><a href=\"https:\/\/www.instagram.com\/p\/DVtPma5GSuv\/?img_index=1&amp;igsh=eDd0bmo3MzY3M2Rl\"><strong>https:\/\/www.instagram.com\/p\/DVtPma5GSuv\/?img_index=1&amp;igsh=eDd0bmo3MzY3M2Rl<\/strong><\/a><\/p>\n\n\n\n<p class=\"has-text-align-center\"><a href=\"https:\/\/www.instagram.com\/p\/DVuXRPKmj9B\/?img_index=10&amp;igsh=a2xld20wYnExZ3Fy\"><strong>https:\/\/www.instagram.com\/p\/DVuXRPKmj9B\/?img_index=10&amp;igsh=a2xld20wYnExZ3Fy<\/strong><\/a><\/p>\n\n\n\n<p class=\"has-text-align-center\"><a href=\"https:\/\/www.instagram.com\/reel\/DV6PTrNDYLW\/?igsh=MWJkbG5qYzduYmc1eQ==\"><strong>https:\/\/www.instagram.com\/reel\/DV6PTrNDYLW\/?igsh=MWJkbG5qYzduYmc1eQ==<\/strong><\/a><\/p>\n\n\n\n<p><\/p>\n","protected":false},"excerpt":{"rendered":"<p>Renato Dias&nbsp; Dois esc\u00e2ndalos financeiros&nbsp; [Master e INSS], dois personagens principais [Daniel Vorcaro e Ant\u00f4nio Carlos Camilo Antunes, o &#8220;careca do INSS&#8221;]. Eles come\u00e7aram a operar e desviar recursos do er\u00e1rio sob o mesmo cen\u00e1rio pol\u00edtico, a Era Jair Messias Bolsonaro. Os beneficiados possuem \u00e2ncoras no mesmo espectro pol\u00edtico: a extrema direita no Brasil. Ambos<\/p>\n","protected":false},"author":2,"featured_media":22357,"comment_status":"open","ping_status":"open","sticky":false,"template":"","format":"standard","meta":{"_acf_changed":false,"_monsterinsights_skip_tracking":false,"_monsterinsights_sitenote_active":false,"_monsterinsights_sitenote_note":"","_monsterinsights_sitenote_category":0,"footnotes":""},"categories":[10,159,57,4,16],"tags":[],"class_list":["post-22355","post","type-post","status-publish","format-standard","has-post-thumbnail","hentry","category-economia","category-eleicoes","category-entrevista","category-politica","category-tendencias"],"acf":[],"yoast_head":"<!-- This site is optimized with the Yoast SEO plugin v27.4 - https:\/\/yoast.com\/product\/yoast-seo-wordpress\/ -->\n<title>V\u00edcios privados -<\/title>\n<meta name=\"robots\" content=\"index, follow, max-snippet:-1, max-image-preview:large, max-video-preview:-1\" \/>\n<link rel=\"canonical\" href=\"https:\/\/renatodias.online\/movimento\/2026\/03\/16\/vicios-privados\/\" \/>\n<meta property=\"og:locale\" content=\"pt_BR\" \/>\n<meta property=\"og:type\" content=\"article\" \/>\n<meta property=\"og:title\" content=\"V\u00edcios privados -\" \/>\n<meta property=\"og:description\" content=\"Renato Dias&nbsp; Dois esc\u00e2ndalos financeiros&nbsp; [Master e INSS], dois personagens principais [Daniel Vorcaro e Ant\u00f4nio Carlos Camilo Antunes, o &#8220;careca do INSS&#8221;]. Eles come\u00e7aram a operar e desviar recursos do er\u00e1rio sob o mesmo cen\u00e1rio pol\u00edtico, a Era Jair Messias Bolsonaro. Os beneficiados possuem \u00e2ncoras no mesmo espectro pol\u00edtico: a extrema direita no Brasil. Ambos\" \/>\n<meta property=\"og:url\" content=\"https:\/\/renatodias.online\/movimento\/2026\/03\/16\/vicios-privados\/\" \/>\n<meta property=\"article:publisher\" content=\"https:\/\/www.facebook.com\/renato.dias.37\" \/>\n<meta property=\"article:author\" content=\"https:\/\/www.facebook.com\/renato.dias.37\" \/>\n<meta property=\"article:published_time\" content=\"2026-03-16T15:58:06+00:00\" \/>\n<meta property=\"article:modified_time\" content=\"2026-03-19T19:40:55+00:00\" \/>\n<meta property=\"og:image\" content=\"https:\/\/renatodias.online\/movimento\/wp-content\/uploads\/2026\/03\/Banco-Master-capa.jpg\" \/>\n\t<meta property=\"og:image:width\" content=\"800\" \/>\n\t<meta property=\"og:image:height\" content=\"533\" \/>\n\t<meta property=\"og:image:type\" content=\"image\/jpeg\" \/>\n<meta name=\"author\" content=\"Renato Dias\" \/>\n<meta name=\"twitter:card\" content=\"summary_large_image\" \/>\n<meta name=\"twitter:creator\" content=\"@RenatoDiasBat\" \/>\n<meta name=\"twitter:site\" content=\"@RenatoDiasBat\" \/>\n<meta name=\"twitter:label1\" content=\"Escrito por\" \/>\n\t<meta name=\"twitter:data1\" content=\"Renato Dias\" \/>\n\t<meta name=\"twitter:label2\" content=\"Est. tempo de leitura\" \/>\n\t<meta name=\"twitter:data2\" content=\"20 minutos\" \/>\n<script type=\"application\/ld+json\" class=\"yoast-schema-graph\">{\"@context\":\"https:\\\/\\\/schema.org\",\"@graph\":[{\"@type\":\"Article\",\"@id\":\"https:\\\/\\\/renatodias.online\\\/movimento\\\/2026\\\/03\\\/16\\\/vicios-privados\\\/#article\",\"isPartOf\":{\"@id\":\"https:\\\/\\\/renatodias.online\\\/movimento\\\/2026\\\/03\\\/16\\\/vicios-privados\\\/\"},\"author\":{\"name\":\"Renato Dias\",\"@id\":\"https:\\\/\\\/renatodias.online\\\/movimento\\\/#\\\/schema\\\/person\\\/bbab28833b1725a20f4083f49f1fb2a9\"},\"headline\":\"V\u00edcios privados\",\"datePublished\":\"2026-03-16T15:58:06+00:00\",\"dateModified\":\"2026-03-19T19:40:55+00:00\",\"mainEntityOfPage\":{\"@id\":\"https:\\\/\\\/renatodias.online\\\/movimento\\\/2026\\\/03\\\/16\\\/vicios-privados\\\/\"},\"wordCount\":2621,\"commentCount\":0,\"publisher\":{\"@id\":\"https:\\\/\\\/renatodias.online\\\/movimento\\\/#\\\/schema\\\/person\\\/bbab28833b1725a20f4083f49f1fb2a9\"},\"image\":{\"@id\":\"https:\\\/\\\/renatodias.online\\\/movimento\\\/2026\\\/03\\\/16\\\/vicios-privados\\\/#primaryimage\"},\"thumbnailUrl\":\"https:\\\/\\\/renatodias.online\\\/movimento\\\/wp-content\\\/uploads\\\/2026\\\/03\\\/Banco-Master-capa.jpg\",\"articleSection\":[\"Economia\",\"Elei\u00e7\u00f5es\",\"Entrevista\",\"Pol\u00edtica\",\"Tend\u00eancias\"],\"inLanguage\":\"pt-BR\",\"potentialAction\":[{\"@type\":\"CommentAction\",\"name\":\"Comment\",\"target\":[\"https:\\\/\\\/renatodias.online\\\/movimento\\\/2026\\\/03\\\/16\\\/vicios-privados\\\/#respond\"]}]},{\"@type\":\"WebPage\",\"@id\":\"https:\\\/\\\/renatodias.online\\\/movimento\\\/2026\\\/03\\\/16\\\/vicios-privados\\\/\",\"url\":\"https:\\\/\\\/renatodias.online\\\/movimento\\\/2026\\\/03\\\/16\\\/vicios-privados\\\/\",\"name\":\"V\u00edcios privados -\",\"isPartOf\":{\"@id\":\"https:\\\/\\\/renatodias.online\\\/movimento\\\/#website\"},\"primaryImageOfPage\":{\"@id\":\"https:\\\/\\\/renatodias.online\\\/movimento\\\/2026\\\/03\\\/16\\\/vicios-privados\\\/#primaryimage\"},\"image\":{\"@id\":\"https:\\\/\\\/renatodias.online\\\/movimento\\\/2026\\\/03\\\/16\\\/vicios-privados\\\/#primaryimage\"},\"thumbnailUrl\":\"https:\\\/\\\/renatodias.online\\\/movimento\\\/wp-content\\\/uploads\\\/2026\\\/03\\\/Banco-Master-capa.jpg\",\"datePublished\":\"2026-03-16T15:58:06+00:00\",\"dateModified\":\"2026-03-19T19:40:55+00:00\",\"breadcrumb\":{\"@id\":\"https:\\\/\\\/renatodias.online\\\/movimento\\\/2026\\\/03\\\/16\\\/vicios-privados\\\/#breadcrumb\"},\"inLanguage\":\"pt-BR\",\"potentialAction\":[{\"@type\":\"ReadAction\",\"target\":[\"https:\\\/\\\/renatodias.online\\\/movimento\\\/2026\\\/03\\\/16\\\/vicios-privados\\\/\"]}]},{\"@type\":\"ImageObject\",\"inLanguage\":\"pt-BR\",\"@id\":\"https:\\\/\\\/renatodias.online\\\/movimento\\\/2026\\\/03\\\/16\\\/vicios-privados\\\/#primaryimage\",\"url\":\"https:\\\/\\\/renatodias.online\\\/movimento\\\/wp-content\\\/uploads\\\/2026\\\/03\\\/Banco-Master-capa.jpg\",\"contentUrl\":\"https:\\\/\\\/renatodias.online\\\/movimento\\\/wp-content\\\/uploads\\\/2026\\\/03\\\/Banco-Master-capa.jpg\",\"width\":800,\"height\":533},{\"@type\":\"BreadcrumbList\",\"@id\":\"https:\\\/\\\/renatodias.online\\\/movimento\\\/2026\\\/03\\\/16\\\/vicios-privados\\\/#breadcrumb\",\"itemListElement\":[{\"@type\":\"ListItem\",\"position\":1,\"name\":\"In\u00edcio\",\"item\":\"https:\\\/\\\/renatodias.online\\\/movimento\\\/\"},{\"@type\":\"ListItem\",\"position\":2,\"name\":\"V\u00edcios privados\"}]},{\"@type\":\"WebSite\",\"@id\":\"https:\\\/\\\/renatodias.online\\\/movimento\\\/#website\",\"url\":\"https:\\\/\\\/renatodias.online\\\/movimento\\\/\",\"name\":\"\",\"description\":\"\",\"publisher\":{\"@id\":\"https:\\\/\\\/renatodias.online\\\/movimento\\\/#\\\/schema\\\/person\\\/bbab28833b1725a20f4083f49f1fb2a9\"},\"potentialAction\":[{\"@type\":\"SearchAction\",\"target\":{\"@type\":\"EntryPoint\",\"urlTemplate\":\"https:\\\/\\\/renatodias.online\\\/movimento\\\/?s={search_term_string}\"},\"query-input\":{\"@type\":\"PropertyValueSpecification\",\"valueRequired\":true,\"valueName\":\"search_term_string\"}}],\"inLanguage\":\"pt-BR\"},{\"@type\":[\"Person\",\"Organization\"],\"@id\":\"https:\\\/\\\/renatodias.online\\\/movimento\\\/#\\\/schema\\\/person\\\/bbab28833b1725a20f4083f49f1fb2a9\",\"name\":\"Renato Dias\",\"image\":{\"@type\":\"ImageObject\",\"inLanguage\":\"pt-BR\",\"@id\":\"https:\\\/\\\/renatodias.online\\\/movimento\\\/wp-content\\\/uploads\\\/2023\\\/03\\\/cropped-cropped-cropped-logofinal.jpeg\",\"url\":\"https:\\\/\\\/renatodias.online\\\/movimento\\\/wp-content\\\/uploads\\\/2023\\\/03\\\/cropped-cropped-cropped-logofinal.jpeg\",\"contentUrl\":\"https:\\\/\\\/renatodias.online\\\/movimento\\\/wp-content\\\/uploads\\\/2023\\\/03\\\/cropped-cropped-cropped-logofinal.jpeg\",\"width\":1280,\"height\":219,\"caption\":\"Renato Dias\"},\"logo\":{\"@id\":\"https:\\\/\\\/renatodias.online\\\/movimento\\\/wp-content\\\/uploads\\\/2023\\\/03\\\/cropped-cropped-cropped-logofinal.jpeg\"},\"description\":\"Renato Dias, 58 anos, \u00e9 graduado em Jornalismo, formado em Ci\u00eancias Sociais, com p\u00f3s-gradua\u00e7\u00e3o em Pol\u00edticas P\u00fablicas, mestre em Direito e Rela\u00e7\u00f5es Internacionais, ex-aluno extraordin\u00e1rio do Doutorado em Psicologia Social, ex-estudante do Curso de Psican\u00e1lise do Centro de Estudos Psicanal\u00edticos do Estado de Goi\u00e1s, ministrado pelo m\u00e9dico psiquiatra e psicanalista Daniel Em\u00eddio de Souza. \u00c9 autor de 30 livros-reportagem, oito document\u00e1rios, ganhou 30 pr\u00eamios e \u00e9 torcedor apaixonado do maior do Centro-Oeste, o Vila Nova Futebol Clube. Casado com Meirilane Dias, \u00e9 pai de Juliana Dias, jornalista; Daniel Dias, economista; e Maria Rosa Dias, estudante antifascista, socialista e trotskista.\u00a0Com tr\u00eas pets: Porquinho [Bull Dog Franc\u00eas], Dalila [Basset Hound] e Geleia [Basset Hound]. Al\u00e9m do eterno gato Tutuquinho, que virou estrela.\",\"sameAs\":[\"https:\\\/\\\/www.facebook.com\\\/renato.dias.37\",\"#breve\",\"https:\\\/\\\/renatodias.tumblr.com\\\/\"],\"url\":\"https:\\\/\\\/renatodias.online\\\/movimento\\\/author\\\/renatodias\\\/\"}]}<\/script>\n<!-- \/ Yoast SEO plugin. -->","yoast_head_json":{"title":"V\u00edcios privados -","robots":{"index":"index","follow":"follow","max-snippet":"max-snippet:-1","max-image-preview":"max-image-preview:large","max-video-preview":"max-video-preview:-1"},"canonical":"https:\/\/renatodias.online\/movimento\/2026\/03\/16\/vicios-privados\/","og_locale":"pt_BR","og_type":"article","og_title":"V\u00edcios privados -","og_description":"Renato Dias&nbsp; Dois esc\u00e2ndalos financeiros&nbsp; [Master e INSS], dois personagens principais [Daniel Vorcaro e Ant\u00f4nio Carlos Camilo Antunes, o &#8220;careca do INSS&#8221;]. Eles come\u00e7aram a operar e desviar recursos do er\u00e1rio sob o mesmo cen\u00e1rio pol\u00edtico, a Era Jair Messias Bolsonaro. Os beneficiados possuem \u00e2ncoras no mesmo espectro pol\u00edtico: a extrema direita no Brasil. Ambos","og_url":"https:\/\/renatodias.online\/movimento\/2026\/03\/16\/vicios-privados\/","article_publisher":"https:\/\/www.facebook.com\/renato.dias.37","article_author":"https:\/\/www.facebook.com\/renato.dias.37","article_published_time":"2026-03-16T15:58:06+00:00","article_modified_time":"2026-03-19T19:40:55+00:00","og_image":[{"width":800,"height":533,"url":"https:\/\/renatodias.online\/movimento\/wp-content\/uploads\/2026\/03\/Banco-Master-capa.jpg","type":"image\/jpeg"}],"author":"Renato Dias","twitter_card":"summary_large_image","twitter_creator":"@RenatoDiasBat","twitter_site":"@RenatoDiasBat","twitter_misc":{"Escrito por":"Renato Dias","Est. tempo de leitura":"20 minutos"},"schema":{"@context":"https:\/\/schema.org","@graph":[{"@type":"Article","@id":"https:\/\/renatodias.online\/movimento\/2026\/03\/16\/vicios-privados\/#article","isPartOf":{"@id":"https:\/\/renatodias.online\/movimento\/2026\/03\/16\/vicios-privados\/"},"author":{"name":"Renato Dias","@id":"https:\/\/renatodias.online\/movimento\/#\/schema\/person\/bbab28833b1725a20f4083f49f1fb2a9"},"headline":"V\u00edcios privados","datePublished":"2026-03-16T15:58:06+00:00","dateModified":"2026-03-19T19:40:55+00:00","mainEntityOfPage":{"@id":"https:\/\/renatodias.online\/movimento\/2026\/03\/16\/vicios-privados\/"},"wordCount":2621,"commentCount":0,"publisher":{"@id":"https:\/\/renatodias.online\/movimento\/#\/schema\/person\/bbab28833b1725a20f4083f49f1fb2a9"},"image":{"@id":"https:\/\/renatodias.online\/movimento\/2026\/03\/16\/vicios-privados\/#primaryimage"},"thumbnailUrl":"https:\/\/renatodias.online\/movimento\/wp-content\/uploads\/2026\/03\/Banco-Master-capa.jpg","articleSection":["Economia","Elei\u00e7\u00f5es","Entrevista","Pol\u00edtica","Tend\u00eancias"],"inLanguage":"pt-BR","potentialAction":[{"@type":"CommentAction","name":"Comment","target":["https:\/\/renatodias.online\/movimento\/2026\/03\/16\/vicios-privados\/#respond"]}]},{"@type":"WebPage","@id":"https:\/\/renatodias.online\/movimento\/2026\/03\/16\/vicios-privados\/","url":"https:\/\/renatodias.online\/movimento\/2026\/03\/16\/vicios-privados\/","name":"V\u00edcios privados -","isPartOf":{"@id":"https:\/\/renatodias.online\/movimento\/#website"},"primaryImageOfPage":{"@id":"https:\/\/renatodias.online\/movimento\/2026\/03\/16\/vicios-privados\/#primaryimage"},"image":{"@id":"https:\/\/renatodias.online\/movimento\/2026\/03\/16\/vicios-privados\/#primaryimage"},"thumbnailUrl":"https:\/\/renatodias.online\/movimento\/wp-content\/uploads\/2026\/03\/Banco-Master-capa.jpg","datePublished":"2026-03-16T15:58:06+00:00","dateModified":"2026-03-19T19:40:55+00:00","breadcrumb":{"@id":"https:\/\/renatodias.online\/movimento\/2026\/03\/16\/vicios-privados\/#breadcrumb"},"inLanguage":"pt-BR","potentialAction":[{"@type":"ReadAction","target":["https:\/\/renatodias.online\/movimento\/2026\/03\/16\/vicios-privados\/"]}]},{"@type":"ImageObject","inLanguage":"pt-BR","@id":"https:\/\/renatodias.online\/movimento\/2026\/03\/16\/vicios-privados\/#primaryimage","url":"https:\/\/renatodias.online\/movimento\/wp-content\/uploads\/2026\/03\/Banco-Master-capa.jpg","contentUrl":"https:\/\/renatodias.online\/movimento\/wp-content\/uploads\/2026\/03\/Banco-Master-capa.jpg","width":800,"height":533},{"@type":"BreadcrumbList","@id":"https:\/\/renatodias.online\/movimento\/2026\/03\/16\/vicios-privados\/#breadcrumb","itemListElement":[{"@type":"ListItem","position":1,"name":"In\u00edcio","item":"https:\/\/renatodias.online\/movimento\/"},{"@type":"ListItem","position":2,"name":"V\u00edcios privados"}]},{"@type":"WebSite","@id":"https:\/\/renatodias.online\/movimento\/#website","url":"https:\/\/renatodias.online\/movimento\/","name":"","description":"","publisher":{"@id":"https:\/\/renatodias.online\/movimento\/#\/schema\/person\/bbab28833b1725a20f4083f49f1fb2a9"},"potentialAction":[{"@type":"SearchAction","target":{"@type":"EntryPoint","urlTemplate":"https:\/\/renatodias.online\/movimento\/?s={search_term_string}"},"query-input":{"@type":"PropertyValueSpecification","valueRequired":true,"valueName":"search_term_string"}}],"inLanguage":"pt-BR"},{"@type":["Person","Organization"],"@id":"https:\/\/renatodias.online\/movimento\/#\/schema\/person\/bbab28833b1725a20f4083f49f1fb2a9","name":"Renato Dias","image":{"@type":"ImageObject","inLanguage":"pt-BR","@id":"https:\/\/renatodias.online\/movimento\/wp-content\/uploads\/2023\/03\/cropped-cropped-cropped-logofinal.jpeg","url":"https:\/\/renatodias.online\/movimento\/wp-content\/uploads\/2023\/03\/cropped-cropped-cropped-logofinal.jpeg","contentUrl":"https:\/\/renatodias.online\/movimento\/wp-content\/uploads\/2023\/03\/cropped-cropped-cropped-logofinal.jpeg","width":1280,"height":219,"caption":"Renato Dias"},"logo":{"@id":"https:\/\/renatodias.online\/movimento\/wp-content\/uploads\/2023\/03\/cropped-cropped-cropped-logofinal.jpeg"},"description":"Renato Dias, 58 anos, \u00e9 graduado em Jornalismo, formado em Ci\u00eancias Sociais, com p\u00f3s-gradua\u00e7\u00e3o em Pol\u00edticas P\u00fablicas, mestre em Direito e Rela\u00e7\u00f5es Internacionais, ex-aluno extraordin\u00e1rio do Doutorado em Psicologia Social, ex-estudante do Curso de Psican\u00e1lise do Centro de Estudos Psicanal\u00edticos do Estado de Goi\u00e1s, ministrado pelo m\u00e9dico psiquiatra e psicanalista Daniel Em\u00eddio de Souza. \u00c9 autor de 30 livros-reportagem, oito document\u00e1rios, ganhou 30 pr\u00eamios e \u00e9 torcedor apaixonado do maior do Centro-Oeste, o Vila Nova Futebol Clube. Casado com Meirilane Dias, \u00e9 pai de Juliana Dias, jornalista; Daniel Dias, economista; e Maria Rosa Dias, estudante antifascista, socialista e trotskista.\u00a0Com tr\u00eas pets: Porquinho [Bull Dog Franc\u00eas], Dalila [Basset Hound] e Geleia [Basset Hound]. Al\u00e9m do eterno gato Tutuquinho, que virou estrela.","sameAs":["https:\/\/www.facebook.com\/renato.dias.37","#breve","https:\/\/renatodias.tumblr.com\/"],"url":"https:\/\/renatodias.online\/movimento\/author\/renatodias\/"}]}},"_links":{"self":[{"href":"https:\/\/renatodias.online\/movimento\/wp-json\/wp\/v2\/posts\/22355","targetHints":{"allow":["GET"]}}],"collection":[{"href":"https:\/\/renatodias.online\/movimento\/wp-json\/wp\/v2\/posts"}],"about":[{"href":"https:\/\/renatodias.online\/movimento\/wp-json\/wp\/v2\/types\/post"}],"author":[{"embeddable":true,"href":"https:\/\/renatodias.online\/movimento\/wp-json\/wp\/v2\/users\/2"}],"replies":[{"embeddable":true,"href":"https:\/\/renatodias.online\/movimento\/wp-json\/wp\/v2\/comments?post=22355"}],"version-history":[{"count":3,"href":"https:\/\/renatodias.online\/movimento\/wp-json\/wp\/v2\/posts\/22355\/revisions"}],"predecessor-version":[{"id":22368,"href":"https:\/\/renatodias.online\/movimento\/wp-json\/wp\/v2\/posts\/22355\/revisions\/22368"}],"wp:featuredmedia":[{"embeddable":true,"href":"https:\/\/renatodias.online\/movimento\/wp-json\/wp\/v2\/media\/22357"}],"wp:attachment":[{"href":"https:\/\/renatodias.online\/movimento\/wp-json\/wp\/v2\/media?parent=22355"}],"wp:term":[{"taxonomy":"category","embeddable":true,"href":"https:\/\/renatodias.online\/movimento\/wp-json\/wp\/v2\/categories?post=22355"},{"taxonomy":"post_tag","embeddable":true,"href":"https:\/\/renatodias.online\/movimento\/wp-json\/wp\/v2\/tags?post=22355"}],"curies":[{"name":"wp","href":"https:\/\/api.w.org\/{rel}","templated":true}]}}