{"id":22225,"date":"2026-02-01T17:31:20","date_gmt":"2026-02-01T20:31:20","guid":{"rendered":"https:\/\/renatodias.online\/movimento\/?p=22225"},"modified":"2026-03-19T16:51:47","modified_gmt":"2026-03-19T19:51:47","slug":"saneago-sob-ameaca","status":"publish","type":"post","link":"https:\/\/renatodias.online\/movimento\/2026\/02\/01\/saneago-sob-ameaca\/","title":{"rendered":"Saneago sob amea\u00e7a\u00a0"},"content":{"rendered":"\n<figure class=\"wp-block-image aligncenter size-full\"><img loading=\"lazy\" decoding=\"async\" width=\"253\" height=\"102\" src=\"https:\/\/renatodias.online\/movimento\/wp-content\/uploads\/2023\/02\/Nao-a-privatizacao-e1769977518255.jpg\" alt=\"\" class=\"wp-image-15537\"\/><\/figure>\n\n\n\n<p class=\"has-text-align-center\"><strong>Stiueg promove reuni\u00e3o ampliada nesta segunda, \u00e0s 14h<\/strong><\/p>\n\n\n\n<figure class=\"wp-block-audio\"><audio controls src=\"https:\/\/renatodias.online\/movimento\/wp-content\/uploads\/2023\/10\/AUD-20231001-WA0032.mp3\"><\/audio><figcaption class=\"wp-element-caption\"><strong><mark style=\"background-color:rgba(0, 0, 0, 0)\" class=\"has-inline-color has-vivid-cyan-blue-color\">A Internacional Comunista<\/mark><\/strong><\/figcaption><\/figure>\n\n\n\n<p class=\"has-text-align-center\"><strong><mark style=\"background-color:rgba(0, 0, 0, 0)\" class=\"has-inline-color has-vivid-red-color\">Renato Dias\u00a0<\/mark><\/strong><\/p>\n\n\n\n<p><strong>O Sindicato dos Trabalhadores das Ind\u00fastrias Urbanit\u00e1rias do Estado de Goi\u00e1s [Stiueg] mobilizar\u00e1 nesta segunda-feira, de 2 de fevereiro, \u00e0s 14h, em sua sede, instalada \u00e0 Rua R2, n\u00b0 290, Setor Oeste, deputados federais e estaduais, vereadores, sindicatos, movimentos sociais urbanos e rurais para condenar a privatiza\u00e7\u00e3o da Saneago. Com uma eventual PPP.<\/strong>.<\/p>\n\n\n\n<figure class=\"wp-block-image aligncenter size-full\"><img loading=\"lazy\" decoding=\"async\" width=\"400\" height=\"227\" src=\"https:\/\/renatodias.online\/movimento\/wp-content\/uploads\/2026\/02\/Washington-Fraga-e1769977725112.jpg\" alt=\"\" class=\"wp-image-22226\"\/><figcaption class=\"wp-element-caption\"><strong>Washington Fraga, sindicalista<\/strong><\/figcaption><\/figure>\n\n\n\n<p><strong>\u00a0<\/strong><\/p>\n\n\n\n<figure class=\"wp-block-image aligncenter size-full\"><img loading=\"lazy\" decoding=\"async\" width=\"400\" height=\"50\" src=\"https:\/\/renatodias.online\/movimento\/wp-content\/uploads\/2025\/10\/Saiba-mais-e1761237415476.jpg\" alt=\"\" class=\"wp-image-21922\"\/><\/figure>\n\n\n\n<p><strong>O projeto de Parceria P\u00fablico Privada afetar\u00e1 a universaliza\u00e7\u00e3o da oferta de servi\u00e7os de sanea\u00admento b\u00e1sico \u00e0 popula\u00e7\u00e3o dos 246 munic\u00edpios do Estado, diz a nota. N\u00e3o custa lembrar: da desestabiliza\u00e7\u00e3o de Cachoeira Dourada, Celg e Celg Par com den\u00fancias de supostas irregu\u00adlari\u00addades e queda elevada na qualidade do servi\u00e7o oferecido \u00e0 popula\u00e7\u00e3o de 7 mi de habitantes.<\/strong><\/p>\n\n\n\n<p><\/p>\n","protected":false},"excerpt":{"rendered":"<p>Stiueg promove reuni\u00e3o ampliada nesta segunda, \u00e0s 14h Renato Dias\u00a0 O Sindicato dos Trabalhadores das Ind\u00fastrias Urbanit\u00e1rias do Estado de Goi\u00e1s [Stiueg] mobilizar\u00e1 nesta segunda-feira, de 2 de fevereiro, \u00e0s 14h, em sua sede, instalada \u00e0 Rua R2, n\u00b0 290, Setor Oeste, deputados federais e estaduais, vereadores, sindicatos, movimentos sociais urbanos e rurais para condenar<\/p>\n","protected":false},"author":2,"featured_media":22227,"comment_status":"open","ping_status":"open","sticky":false,"template":"","format":"standard","meta":{"_acf_changed":false,"_monsterinsights_skip_tracking":false,"_monsterinsights_sitenote_active":false,"_monsterinsights_sitenote_note":"","_monsterinsights_sitenote_category":0,"footnotes":""},"categories":[58,165],"tags":[],"class_list":["post-22225","post","type-post","status-publish","format-standard","has-post-thumbnail","hentry","category-medicina-e-saude","category-meio-ambiente"],"acf":[],"yoast_head":"<!-- This site is optimized with the Yoast SEO plugin v27.4 - https:\/\/yoast.com\/product\/yoast-seo-wordpress\/ -->\n<title>Saneago sob amea\u00e7a\u00a0 -<\/title>\n<meta name=\"robots\" content=\"index, follow, max-snippet:-1, max-image-preview:large, max-video-preview:-1\" \/>\n<link rel=\"canonical\" href=\"https:\/\/renatodias.online\/movimento\/2026\/02\/01\/saneago-sob-ameaca\/\" \/>\n<meta property=\"og:locale\" content=\"pt_BR\" \/>\n<meta property=\"og:type\" content=\"article\" \/>\n<meta property=\"og:title\" content=\"Saneago sob amea\u00e7a\u00a0 -\" \/>\n<meta property=\"og:description\" content=\"Stiueg promove reuni\u00e3o ampliada nesta segunda, \u00e0s 14h Renato Dias\u00a0 O Sindicato dos Trabalhadores das Ind\u00fastrias Urbanit\u00e1rias do Estado de Goi\u00e1s [Stiueg] mobilizar\u00e1 nesta segunda-feira, de 2 de fevereiro, \u00e0s 14h, em sua sede, instalada \u00e0 Rua R2, n\u00b0 290, Setor Oeste, deputados federais e estaduais, vereadores, sindicatos, movimentos sociais urbanos e rurais para condenar\" \/>\n<meta property=\"og:url\" content=\"https:\/\/renatodias.online\/movimento\/2026\/02\/01\/saneago-sob-ameaca\/\" \/>\n<meta property=\"article:publisher\" content=\"https:\/\/www.facebook.com\/renato.dias.37\" \/>\n<meta property=\"article:author\" content=\"https:\/\/www.facebook.com\/renato.dias.37\" \/>\n<meta property=\"article:published_time\" content=\"2026-02-01T20:31:20+00:00\" \/>\n<meta property=\"article:modified_time\" content=\"2026-03-19T19:51:47+00:00\" \/>\n<meta property=\"og:image\" content=\"https:\/\/renatodias.online\/movimento\/wp-content\/uploads\/2026\/02\/Washington-Fraga-e-Joao-Maria-e1769977704418.jpg\" \/>\n\t<meta property=\"og:image:width\" content=\"720\" \/>\n\t<meta property=\"og:image:height\" content=\"439\" \/>\n\t<meta property=\"og:image:type\" content=\"image\/jpeg\" \/>\n<meta name=\"author\" content=\"Renato Dias\" \/>\n<meta name=\"twitter:card\" content=\"summary_large_image\" \/>\n<meta name=\"twitter:creator\" content=\"@RenatoDiasBat\" \/>\n<meta name=\"twitter:site\" content=\"@RenatoDiasBat\" \/>\n<meta name=\"twitter:label1\" content=\"Escrito por\" \/>\n\t<meta name=\"twitter:data1\" content=\"Renato Dias\" \/>\n\t<meta name=\"twitter:label2\" content=\"Est. tempo de leitura\" \/>\n\t<meta name=\"twitter:data2\" content=\"2 minutos\" \/>\n<script type=\"application\/ld+json\" class=\"yoast-schema-graph\">{\"@context\":\"https:\\\/\\\/schema.org\",\"@graph\":[{\"@type\":\"Article\",\"@id\":\"https:\\\/\\\/renatodias.online\\\/movimento\\\/2026\\\/02\\\/01\\\/saneago-sob-ameaca\\\/#article\",\"isPartOf\":{\"@id\":\"https:\\\/\\\/renatodias.online\\\/movimento\\\/2026\\\/02\\\/01\\\/saneago-sob-ameaca\\\/\"},\"author\":{\"name\":\"Renato Dias\",\"@id\":\"https:\\\/\\\/renatodias.online\\\/movimento\\\/#\\\/schema\\\/person\\\/bbab28833b1725a20f4083f49f1fb2a9\"},\"headline\":\"Saneago sob amea\u00e7a\u00a0\",\"datePublished\":\"2026-02-01T20:31:20+00:00\",\"dateModified\":\"2026-03-19T19:51:47+00:00\",\"mainEntityOfPage\":{\"@id\":\"https:\\\/\\\/renatodias.online\\\/movimento\\\/2026\\\/02\\\/01\\\/saneago-sob-ameaca\\\/\"},\"wordCount\":143,\"commentCount\":0,\"publisher\":{\"@id\":\"https:\\\/\\\/renatodias.online\\\/movimento\\\/#\\\/schema\\\/person\\\/bbab28833b1725a20f4083f49f1fb2a9\"},\"image\":{\"@id\":\"https:\\\/\\\/renatodias.online\\\/movimento\\\/2026\\\/02\\\/01\\\/saneago-sob-ameaca\\\/#primaryimage\"},\"thumbnailUrl\":\"https:\\\/\\\/renatodias.online\\\/movimento\\\/wp-content\\\/uploads\\\/2026\\\/02\\\/Washington-Fraga-e-Joao-Maria-e1769977704418.jpg\",\"articleSection\":[\"Medicina e Sa\u00fade\",\"Meio Ambiente\"],\"inLanguage\":\"pt-BR\",\"potentialAction\":[{\"@type\":\"CommentAction\",\"name\":\"Comment\",\"target\":[\"https:\\\/\\\/renatodias.online\\\/movimento\\\/2026\\\/02\\\/01\\\/saneago-sob-ameaca\\\/#respond\"]}]},{\"@type\":\"WebPage\",\"@id\":\"https:\\\/\\\/renatodias.online\\\/movimento\\\/2026\\\/02\\\/01\\\/saneago-sob-ameaca\\\/\",\"url\":\"https:\\\/\\\/renatodias.online\\\/movimento\\\/2026\\\/02\\\/01\\\/saneago-sob-ameaca\\\/\",\"name\":\"Saneago sob amea\u00e7a\u00a0 -\",\"isPartOf\":{\"@id\":\"https:\\\/\\\/renatodias.online\\\/movimento\\\/#website\"},\"primaryImageOfPage\":{\"@id\":\"https:\\\/\\\/renatodias.online\\\/movimento\\\/2026\\\/02\\\/01\\\/saneago-sob-ameaca\\\/#primaryimage\"},\"image\":{\"@id\":\"https:\\\/\\\/renatodias.online\\\/movimento\\\/2026\\\/02\\\/01\\\/saneago-sob-ameaca\\\/#primaryimage\"},\"thumbnailUrl\":\"https:\\\/\\\/renatodias.online\\\/movimento\\\/wp-content\\\/uploads\\\/2026\\\/02\\\/Washington-Fraga-e-Joao-Maria-e1769977704418.jpg\",\"datePublished\":\"2026-02-01T20:31:20+00:00\",\"dateModified\":\"2026-03-19T19:51:47+00:00\",\"breadcrumb\":{\"@id\":\"https:\\\/\\\/renatodias.online\\\/movimento\\\/2026\\\/02\\\/01\\\/saneago-sob-ameaca\\\/#breadcrumb\"},\"inLanguage\":\"pt-BR\",\"potentialAction\":[{\"@type\":\"ReadAction\",\"target\":[\"https:\\\/\\\/renatodias.online\\\/movimento\\\/2026\\\/02\\\/01\\\/saneago-sob-ameaca\\\/\"]}]},{\"@type\":\"ImageObject\",\"inLanguage\":\"pt-BR\",\"@id\":\"https:\\\/\\\/renatodias.online\\\/movimento\\\/2026\\\/02\\\/01\\\/saneago-sob-ameaca\\\/#primaryimage\",\"url\":\"https:\\\/\\\/renatodias.online\\\/movimento\\\/wp-content\\\/uploads\\\/2026\\\/02\\\/Washington-Fraga-e-Joao-Maria-e1769977704418.jpg\",\"contentUrl\":\"https:\\\/\\\/renatodias.online\\\/movimento\\\/wp-content\\\/uploads\\\/2026\\\/02\\\/Washington-Fraga-e-Joao-Maria-e1769977704418.jpg\",\"width\":720,\"height\":439},{\"@type\":\"BreadcrumbList\",\"@id\":\"https:\\\/\\\/renatodias.online\\\/movimento\\\/2026\\\/02\\\/01\\\/saneago-sob-ameaca\\\/#breadcrumb\",\"itemListElement\":[{\"@type\":\"ListItem\",\"position\":1,\"name\":\"In\u00edcio\",\"item\":\"https:\\\/\\\/renatodias.online\\\/movimento\\\/\"},{\"@type\":\"ListItem\",\"position\":2,\"name\":\"Saneago sob amea\u00e7a\u00a0\"}]},{\"@type\":\"WebSite\",\"@id\":\"https:\\\/\\\/renatodias.online\\\/movimento\\\/#website\",\"url\":\"https:\\\/\\\/renatodias.online\\\/movimento\\\/\",\"name\":\"\",\"description\":\"\",\"publisher\":{\"@id\":\"https:\\\/\\\/renatodias.online\\\/movimento\\\/#\\\/schema\\\/person\\\/bbab28833b1725a20f4083f49f1fb2a9\"},\"potentialAction\":[{\"@type\":\"SearchAction\",\"target\":{\"@type\":\"EntryPoint\",\"urlTemplate\":\"https:\\\/\\\/renatodias.online\\\/movimento\\\/?s={search_term_string}\"},\"query-input\":{\"@type\":\"PropertyValueSpecification\",\"valueRequired\":true,\"valueName\":\"search_term_string\"}}],\"inLanguage\":\"pt-BR\"},{\"@type\":[\"Person\",\"Organization\"],\"@id\":\"https:\\\/\\\/renatodias.online\\\/movimento\\\/#\\\/schema\\\/person\\\/bbab28833b1725a20f4083f49f1fb2a9\",\"name\":\"Renato Dias\",\"image\":{\"@type\":\"ImageObject\",\"inLanguage\":\"pt-BR\",\"@id\":\"https:\\\/\\\/renatodias.online\\\/movimento\\\/wp-content\\\/uploads\\\/2023\\\/03\\\/cropped-cropped-cropped-logofinal.jpeg\",\"url\":\"https:\\\/\\\/renatodias.online\\\/movimento\\\/wp-content\\\/uploads\\\/2023\\\/03\\\/cropped-cropped-cropped-logofinal.jpeg\",\"contentUrl\":\"https:\\\/\\\/renatodias.online\\\/movimento\\\/wp-content\\\/uploads\\\/2023\\\/03\\\/cropped-cropped-cropped-logofinal.jpeg\",\"width\":1280,\"height\":219,\"caption\":\"Renato Dias\"},\"logo\":{\"@id\":\"https:\\\/\\\/renatodias.online\\\/movimento\\\/wp-content\\\/uploads\\\/2023\\\/03\\\/cropped-cropped-cropped-logofinal.jpeg\"},\"description\":\"Renato Dias, 58 anos, \u00e9 graduado em Jornalismo, formado em Ci\u00eancias Sociais, com p\u00f3s-gradua\u00e7\u00e3o em Pol\u00edticas P\u00fablicas, mestre em Direito e Rela\u00e7\u00f5es Internacionais, ex-aluno extraordin\u00e1rio do Doutorado em Psicologia Social, ex-estudante do Curso de Psican\u00e1lise do Centro de Estudos Psicanal\u00edticos do Estado de Goi\u00e1s, ministrado pelo m\u00e9dico psiquiatra e psicanalista Daniel Em\u00eddio de Souza. \u00c9 autor de 30 livros-reportagem, oito document\u00e1rios, ganhou 30 pr\u00eamios e \u00e9 torcedor apaixonado do maior do Centro-Oeste, o Vila Nova Futebol Clube. Casado com Meirilane Dias, \u00e9 pai de Juliana Dias, jornalista; Daniel Dias, economista; e Maria Rosa Dias, estudante antifascista, socialista e trotskista.\u00a0Com tr\u00eas pets: Porquinho [Bull Dog Franc\u00eas], Dalila [Basset Hound] e Geleia [Basset Hound]. Al\u00e9m do eterno gato Tutuquinho, que virou estrela.\",\"sameAs\":[\"https:\\\/\\\/www.facebook.com\\\/renato.dias.37\",\"#breve\",\"https:\\\/\\\/renatodias.tumblr.com\\\/\"],\"url\":\"https:\\\/\\\/renatodias.online\\\/movimento\\\/author\\\/renatodias\\\/\"}]}<\/script>\n<!-- \/ Yoast SEO plugin. -->","yoast_head_json":{"title":"Saneago sob amea\u00e7a\u00a0 -","robots":{"index":"index","follow":"follow","max-snippet":"max-snippet:-1","max-image-preview":"max-image-preview:large","max-video-preview":"max-video-preview:-1"},"canonical":"https:\/\/renatodias.online\/movimento\/2026\/02\/01\/saneago-sob-ameaca\/","og_locale":"pt_BR","og_type":"article","og_title":"Saneago sob amea\u00e7a\u00a0 -","og_description":"Stiueg promove reuni\u00e3o ampliada nesta segunda, \u00e0s 14h Renato Dias\u00a0 O Sindicato dos Trabalhadores das Ind\u00fastrias Urbanit\u00e1rias do Estado de Goi\u00e1s [Stiueg] mobilizar\u00e1 nesta segunda-feira, de 2 de fevereiro, \u00e0s 14h, em sua sede, instalada \u00e0 Rua R2, n\u00b0 290, Setor Oeste, deputados federais e estaduais, vereadores, sindicatos, movimentos sociais urbanos e rurais para condenar","og_url":"https:\/\/renatodias.online\/movimento\/2026\/02\/01\/saneago-sob-ameaca\/","article_publisher":"https:\/\/www.facebook.com\/renato.dias.37","article_author":"https:\/\/www.facebook.com\/renato.dias.37","article_published_time":"2026-02-01T20:31:20+00:00","article_modified_time":"2026-03-19T19:51:47+00:00","og_image":[{"width":720,"height":439,"url":"https:\/\/renatodias.online\/movimento\/wp-content\/uploads\/2026\/02\/Washington-Fraga-e-Joao-Maria-e1769977704418.jpg","type":"image\/jpeg"}],"author":"Renato Dias","twitter_card":"summary_large_image","twitter_creator":"@RenatoDiasBat","twitter_site":"@RenatoDiasBat","twitter_misc":{"Escrito por":"Renato Dias","Est. tempo de leitura":"2 minutos"},"schema":{"@context":"https:\/\/schema.org","@graph":[{"@type":"Article","@id":"https:\/\/renatodias.online\/movimento\/2026\/02\/01\/saneago-sob-ameaca\/#article","isPartOf":{"@id":"https:\/\/renatodias.online\/movimento\/2026\/02\/01\/saneago-sob-ameaca\/"},"author":{"name":"Renato Dias","@id":"https:\/\/renatodias.online\/movimento\/#\/schema\/person\/bbab28833b1725a20f4083f49f1fb2a9"},"headline":"Saneago sob amea\u00e7a\u00a0","datePublished":"2026-02-01T20:31:20+00:00","dateModified":"2026-03-19T19:51:47+00:00","mainEntityOfPage":{"@id":"https:\/\/renatodias.online\/movimento\/2026\/02\/01\/saneago-sob-ameaca\/"},"wordCount":143,"commentCount":0,"publisher":{"@id":"https:\/\/renatodias.online\/movimento\/#\/schema\/person\/bbab28833b1725a20f4083f49f1fb2a9"},"image":{"@id":"https:\/\/renatodias.online\/movimento\/2026\/02\/01\/saneago-sob-ameaca\/#primaryimage"},"thumbnailUrl":"https:\/\/renatodias.online\/movimento\/wp-content\/uploads\/2026\/02\/Washington-Fraga-e-Joao-Maria-e1769977704418.jpg","articleSection":["Medicina e Sa\u00fade","Meio Ambiente"],"inLanguage":"pt-BR","potentialAction":[{"@type":"CommentAction","name":"Comment","target":["https:\/\/renatodias.online\/movimento\/2026\/02\/01\/saneago-sob-ameaca\/#respond"]}]},{"@type":"WebPage","@id":"https:\/\/renatodias.online\/movimento\/2026\/02\/01\/saneago-sob-ameaca\/","url":"https:\/\/renatodias.online\/movimento\/2026\/02\/01\/saneago-sob-ameaca\/","name":"Saneago sob amea\u00e7a\u00a0 -","isPartOf":{"@id":"https:\/\/renatodias.online\/movimento\/#website"},"primaryImageOfPage":{"@id":"https:\/\/renatodias.online\/movimento\/2026\/02\/01\/saneago-sob-ameaca\/#primaryimage"},"image":{"@id":"https:\/\/renatodias.online\/movimento\/2026\/02\/01\/saneago-sob-ameaca\/#primaryimage"},"thumbnailUrl":"https:\/\/renatodias.online\/movimento\/wp-content\/uploads\/2026\/02\/Washington-Fraga-e-Joao-Maria-e1769977704418.jpg","datePublished":"2026-02-01T20:31:20+00:00","dateModified":"2026-03-19T19:51:47+00:00","breadcrumb":{"@id":"https:\/\/renatodias.online\/movimento\/2026\/02\/01\/saneago-sob-ameaca\/#breadcrumb"},"inLanguage":"pt-BR","potentialAction":[{"@type":"ReadAction","target":["https:\/\/renatodias.online\/movimento\/2026\/02\/01\/saneago-sob-ameaca\/"]}]},{"@type":"ImageObject","inLanguage":"pt-BR","@id":"https:\/\/renatodias.online\/movimento\/2026\/02\/01\/saneago-sob-ameaca\/#primaryimage","url":"https:\/\/renatodias.online\/movimento\/wp-content\/uploads\/2026\/02\/Washington-Fraga-e-Joao-Maria-e1769977704418.jpg","contentUrl":"https:\/\/renatodias.online\/movimento\/wp-content\/uploads\/2026\/02\/Washington-Fraga-e-Joao-Maria-e1769977704418.jpg","width":720,"height":439},{"@type":"BreadcrumbList","@id":"https:\/\/renatodias.online\/movimento\/2026\/02\/01\/saneago-sob-ameaca\/#breadcrumb","itemListElement":[{"@type":"ListItem","position":1,"name":"In\u00edcio","item":"https:\/\/renatodias.online\/movimento\/"},{"@type":"ListItem","position":2,"name":"Saneago sob amea\u00e7a\u00a0"}]},{"@type":"WebSite","@id":"https:\/\/renatodias.online\/movimento\/#website","url":"https:\/\/renatodias.online\/movimento\/","name":"","description":"","publisher":{"@id":"https:\/\/renatodias.online\/movimento\/#\/schema\/person\/bbab28833b1725a20f4083f49f1fb2a9"},"potentialAction":[{"@type":"SearchAction","target":{"@type":"EntryPoint","urlTemplate":"https:\/\/renatodias.online\/movimento\/?s={search_term_string}"},"query-input":{"@type":"PropertyValueSpecification","valueRequired":true,"valueName":"search_term_string"}}],"inLanguage":"pt-BR"},{"@type":["Person","Organization"],"@id":"https:\/\/renatodias.online\/movimento\/#\/schema\/person\/bbab28833b1725a20f4083f49f1fb2a9","name":"Renato Dias","image":{"@type":"ImageObject","inLanguage":"pt-BR","@id":"https:\/\/renatodias.online\/movimento\/wp-content\/uploads\/2023\/03\/cropped-cropped-cropped-logofinal.jpeg","url":"https:\/\/renatodias.online\/movimento\/wp-content\/uploads\/2023\/03\/cropped-cropped-cropped-logofinal.jpeg","contentUrl":"https:\/\/renatodias.online\/movimento\/wp-content\/uploads\/2023\/03\/cropped-cropped-cropped-logofinal.jpeg","width":1280,"height":219,"caption":"Renato Dias"},"logo":{"@id":"https:\/\/renatodias.online\/movimento\/wp-content\/uploads\/2023\/03\/cropped-cropped-cropped-logofinal.jpeg"},"description":"Renato Dias, 58 anos, \u00e9 graduado em Jornalismo, formado em Ci\u00eancias Sociais, com p\u00f3s-gradua\u00e7\u00e3o em Pol\u00edticas P\u00fablicas, mestre em Direito e Rela\u00e7\u00f5es Internacionais, ex-aluno extraordin\u00e1rio do Doutorado em Psicologia Social, ex-estudante do Curso de Psican\u00e1lise do Centro de Estudos Psicanal\u00edticos do Estado de Goi\u00e1s, ministrado pelo m\u00e9dico psiquiatra e psicanalista Daniel Em\u00eddio de Souza. \u00c9 autor de 30 livros-reportagem, oito document\u00e1rios, ganhou 30 pr\u00eamios e \u00e9 torcedor apaixonado do maior do Centro-Oeste, o Vila Nova Futebol Clube. Casado com Meirilane Dias, \u00e9 pai de Juliana Dias, jornalista; Daniel Dias, economista; e Maria Rosa Dias, estudante antifascista, socialista e trotskista.\u00a0Com tr\u00eas pets: Porquinho [Bull Dog Franc\u00eas], Dalila [Basset Hound] e Geleia [Basset Hound]. Al\u00e9m do eterno gato Tutuquinho, que virou estrela.","sameAs":["https:\/\/www.facebook.com\/renato.dias.37","#breve","https:\/\/renatodias.tumblr.com\/"],"url":"https:\/\/renatodias.online\/movimento\/author\/renatodias\/"}]}},"_links":{"self":[{"href":"https:\/\/renatodias.online\/movimento\/wp-json\/wp\/v2\/posts\/22225","targetHints":{"allow":["GET"]}}],"collection":[{"href":"https:\/\/renatodias.online\/movimento\/wp-json\/wp\/v2\/posts"}],"about":[{"href":"https:\/\/renatodias.online\/movimento\/wp-json\/wp\/v2\/types\/post"}],"author":[{"embeddable":true,"href":"https:\/\/renatodias.online\/movimento\/wp-json\/wp\/v2\/users\/2"}],"replies":[{"embeddable":true,"href":"https:\/\/renatodias.online\/movimento\/wp-json\/wp\/v2\/comments?post=22225"}],"version-history":[{"count":1,"href":"https:\/\/renatodias.online\/movimento\/wp-json\/wp\/v2\/posts\/22225\/revisions"}],"predecessor-version":[{"id":22228,"href":"https:\/\/renatodias.online\/movimento\/wp-json\/wp\/v2\/posts\/22225\/revisions\/22228"}],"wp:featuredmedia":[{"embeddable":true,"href":"https:\/\/renatodias.online\/movimento\/wp-json\/wp\/v2\/media\/22227"}],"wp:attachment":[{"href":"https:\/\/renatodias.online\/movimento\/wp-json\/wp\/v2\/media?parent=22225"}],"wp:term":[{"taxonomy":"category","embeddable":true,"href":"https:\/\/renatodias.online\/movimento\/wp-json\/wp\/v2\/categories?post=22225"},{"taxonomy":"post_tag","embeddable":true,"href":"https:\/\/renatodias.online\/movimento\/wp-json\/wp\/v2\/tags?post=22225"}],"curies":[{"name":"wp","href":"https:\/\/api.w.org\/{rel}","templated":true}]}}