{"id":22177,"date":"2026-01-28T17:58:42","date_gmt":"2026-01-28T20:58:42","guid":{"rendered":"https:\/\/renatodias.online\/movimento\/?p=22177"},"modified":"2026-01-28T18:03:33","modified_gmt":"2026-01-28T21:03:33","slug":"esquerda-dispara-em-portugal","status":"publish","type":"post","link":"https:\/\/renatodias.online\/movimento\/2026\/01\/28\/esquerda-dispara-em-portugal\/","title":{"rendered":"Esquerda dispara em Portugal"},"content":{"rendered":"\n<p class=\"has-text-align-center\"><strong><mark style=\"background-color:rgba(0, 0, 0, 0)\" class=\"has-inline-color has-vivid-purple-color\">2\u00b0 turno<\/mark><\/strong>&nbsp;<\/p>\n\n\n\n<p class=\"has-text-align-center\"><strong><mark style=\"background-color:rgba(0, 0, 0, 0)\" class=\"has-inline-color has-vivid-cyan-blue-color\">Seguro lidera. Socialista \u00e9 favorito para 8 de fevereiro<\/mark><\/strong><\/p>\n\n\n\n<p class=\"has-text-align-center\"><\/p>\n\n\n\n<figure class=\"wp-block-image aligncenter size-full\"><img loading=\"lazy\" decoding=\"async\" width=\"125\" height=\"125\" src=\"https:\/\/renatodias.online\/movimento\/wp-content\/uploads\/2023\/06\/Esquerda-e1767719420996.png\" alt=\"\" class=\"wp-image-17269\"\/><figcaption class=\"wp-element-caption\"><strong>Esquerda<\/strong><\/figcaption><\/figure>\n\n\n\n<p class=\"has-text-align-center\">&nbsp;<\/p>\n\n\n\n<figure class=\"wp-block-audio\"><audio controls src=\"https:\/\/renatodias.online\/movimento\/wp-content\/uploads\/2024\/04\/Tanto-Mar-Versao-OriginalM4A_128K-online-audio-converter.com_.mp3\"><\/audio><figcaption class=\"wp-element-caption\"><strong><mark style=\"background-color:rgba(0, 0, 0, 0)\" class=\"has-inline-color has-luminous-vivid-orange-color\">Tanto Mar &#8211; Vers\u00e3o Original<\/mark><\/strong><\/figcaption><\/figure>\n\n\n\n<figure class=\"wp-block-audio\"><audio controls src=\"https:\/\/renatodias.online\/movimento\/wp-content\/uploads\/2024\/04\/Zeca-Afonso-Grandola_-Vila-MorenaM4A_128K-online-audio-converter.com_.mp3\"><\/audio><figcaption class=\"wp-element-caption\"><strong><mark style=\"background-color:rgba(0, 0, 0, 0)\" class=\"has-inline-color has-vivid-green-cyan-color\">Zeca Afonso &#8211; Gr\u00e2ndola, Vila Morena<\/mark><\/strong><\/figcaption><\/figure>\n\n\n\n<p class=\"has-text-align-center\"><strong><mark style=\"background-color:rgba(0, 0, 0, 0)\" class=\"has-inline-color has-vivid-red-color\">Renato Dias<\/mark>&nbsp;<\/strong><\/p>\n\n\n\n<p><strong>O socialista Antonio Jos\u00e9 Seguro lidera a corrida eleitoral ao Pal\u00e1cio de Bel\u00e9m, sede da presid\u00eancia da Rep\u00fablica desde o ano de 1910, localizado em Lisboa, em Portugal. A dez dias das elei\u00e7\u00f5es no pa\u00eds. O segundo turno ser\u00e1 realizado no dia 8 de fevereiro. O l\u00edder da esquerda democr\u00e1tica aparece na pesquisa de opini\u00e3o p\u00fablica da Universidade Cat\u00f3lica com 70% das inten\u00e7\u00f5es de votos<\/strong>.<\/p>\n\n\n\n<figure class=\"wp-block-image aligncenter size-full\"><img loading=\"lazy\" decoding=\"async\" width=\"400\" height=\"497\" src=\"https:\/\/renatodias.online\/movimento\/wp-content\/uploads\/2026\/01\/Pesquisa-e1769633412501.jpg\" alt=\"\" class=\"wp-image-22178\"\/><\/figure>\n\n\n\n<p><strong>Extrema direita isolada&nbsp;<\/strong><\/p>\n\n\n\n<p><strong>O candidato da extrema direita, Andr\u00e9 Ventura, da sigla Chega, seu advers\u00e1rio nas urnas, adepto tanto de republicano Donald Trump quanto de Jair Messias Bolsonaro, defensor da distopia do antiglobalismo, aparece com 30% da prefer\u00eancia dos eleitores entrevistados. Ele \u00e9 membro do parlamento, quer a ado\u00e7\u00e3o de medidas contra imigrantes e formula ataques ao Estado do Bem-Estar<\/strong>.<\/p>\n\n\n\n<figure class=\"wp-block-image aligncenter size-full\"><img loading=\"lazy\" decoding=\"async\" width=\"400\" height=\"200\" src=\"https:\/\/renatodias.online\/movimento\/wp-content\/uploads\/2024\/04\/Antonio-de-Oliveira-Salazar-Portugal-e1714098508690.jpg\" alt=\"\" class=\"wp-image-20177\" srcset=\"https:\/\/renatodias.online\/movimento\/wp-content\/uploads\/2024\/04\/Antonio-de-Oliveira-Salazar-Portugal-e1714098508690.jpg 400w, https:\/\/renatodias.online\/movimento\/wp-content\/uploads\/2024\/04\/Antonio-de-Oliveira-Salazar-Portugal-e1714098508690-300x150.jpg 300w, https:\/\/renatodias.online\/movimento\/wp-content\/uploads\/2024\/04\/Antonio-de-Oliveira-Salazar-Portugal-e1714098508690-150x75.jpg 150w\" sizes=\"auto, (max-width: 400px) 100vw, 400px\" \/><\/figure>\n\n\n\n<figure class=\"wp-block-table\"><table class=\"has-fixed-layout\"><tbody><tr><td colspan=\"3\"><img decoding=\"async\" src=\"https:\/\/mail.google.com\/mail\/u\/0\/images\/cleardot.gif\" alt=\"\"><\/td><\/tr><\/tbody><\/table><\/figure>\n\n\n\n<figure class=\"wp-block-embed is-type-video is-provider-youtube wp-block-embed-youtube wp-embed-aspect-16-9 wp-has-aspect-ratio\"><div class=\"wp-block-embed__wrapper\">\n<iframe loading=\"lazy\" title=\"Qual a diferen\u00e7a entre direita e ultradireita?\" width=\"960\" height=\"540\" src=\"https:\/\/www.youtube.com\/embed\/2304k6RcdzE?feature=oembed\" frameborder=\"0\" allow=\"accelerometer; autoplay; clipboard-write; encrypted-media; gyroscope; picture-in-picture; web-share\" referrerpolicy=\"strict-origin-when-cross-origin\" allowfullscreen><\/iframe>\n<\/div><\/figure>\n\n\n\n<p><a href=\"https:\/\/www.youtube.com\/watch?v=2304k6RcdzE&amp;authuser=0\" target=\"_blank\" rel=\"noreferrer noopener\"><strong><mark style=\"background-color:rgba(0, 0, 0, 0)\" class=\"has-inline-color has-vivid-purple-color\">Visualizar o v\u00eddeo Qual a diferen\u00e7a entre direita e ultradireita? do YouTubeVisualizar o v\u00eddeo Qual a diferen\u00e7a entre direita e ultradireita? do YouTube<\/mark><\/strong><\/a><\/p>\n\n\n\n<figure class=\"wp-block-image\"><a class=\"aQy e aZR\" href=\"https:\/\/www.youtube.com\/watch?v=2304k6RcdzE&amp;authuser=0\" target=\"_blank\" rel=\"noreferrer noopener\"><img decoding=\"async\" src=\"https:\/\/ssl.gstatic.com\/docs\/doclist\/images\/mediatype\/icon_2_youtube_x16.png\" alt=\"\"\/><\/a><\/figure>\n\n\n\n<p><a href=\"https:\/\/www.youtube.com\/watch?v=2304k6RcdzE&amp;authuser=0\" target=\"_blank\" rel=\"noreferrer noopener\"><\/a><\/p>\n\n\n\n<p><\/p>\n","protected":false},"excerpt":{"rendered":"<p>2\u00b0 turno&nbsp; Seguro lidera. Socialista \u00e9 favorito para 8 de fevereiro &nbsp; Renato Dias&nbsp; O socialista Antonio Jos\u00e9 Seguro lidera a corrida eleitoral ao Pal\u00e1cio de Bel\u00e9m, sede da presid\u00eancia da Rep\u00fablica desde o ano de 1910, localizado em Lisboa, em Portugal. A dez dias das elei\u00e7\u00f5es no pa\u00eds. O segundo turno ser\u00e1 realizado no<\/p>\n","protected":false},"author":2,"featured_media":0,"comment_status":"open","ping_status":"open","sticky":false,"template":"","format":"standard","meta":{"_acf_changed":false,"_monsterinsights_skip_tracking":false,"_monsterinsights_sitenote_active":false,"_monsterinsights_sitenote_note":"","_monsterinsights_sitenote_category":0,"footnotes":""},"categories":[4],"tags":[],"class_list":["post-22177","post","type-post","status-publish","format-standard","hentry","category-politica"],"acf":[],"yoast_head":"<!-- This site is optimized with the Yoast SEO plugin v27.4 - https:\/\/yoast.com\/product\/yoast-seo-wordpress\/ -->\n<title>Esquerda dispara em Portugal -<\/title>\n<meta name=\"robots\" content=\"index, follow, max-snippet:-1, max-image-preview:large, max-video-preview:-1\" \/>\n<link rel=\"canonical\" href=\"https:\/\/renatodias.online\/movimento\/2026\/01\/28\/esquerda-dispara-em-portugal\/\" \/>\n<meta property=\"og:locale\" content=\"pt_BR\" \/>\n<meta property=\"og:type\" content=\"article\" \/>\n<meta property=\"og:title\" content=\"Esquerda dispara em Portugal -\" \/>\n<meta property=\"og:description\" content=\"2\u00b0 turno&nbsp; Seguro lidera. Socialista \u00e9 favorito para 8 de fevereiro &nbsp; Renato Dias&nbsp; O socialista Antonio Jos\u00e9 Seguro lidera a corrida eleitoral ao Pal\u00e1cio de Bel\u00e9m, sede da presid\u00eancia da Rep\u00fablica desde o ano de 1910, localizado em Lisboa, em Portugal. A dez dias das elei\u00e7\u00f5es no pa\u00eds. O segundo turno ser\u00e1 realizado no\" \/>\n<meta property=\"og:url\" content=\"https:\/\/renatodias.online\/movimento\/2026\/01\/28\/esquerda-dispara-em-portugal\/\" \/>\n<meta property=\"article:publisher\" content=\"https:\/\/www.facebook.com\/renato.dias.37\" \/>\n<meta property=\"article:author\" content=\"https:\/\/www.facebook.com\/renato.dias.37\" \/>\n<meta property=\"article:published_time\" content=\"2026-01-28T20:58:42+00:00\" \/>\n<meta property=\"article:modified_time\" content=\"2026-01-28T21:03:33+00:00\" \/>\n<meta property=\"og:image\" content=\"https:\/\/renatodias.online\/movimento\/wp-content\/uploads\/2026\/01\/Antonio-Jose-Seguro.webp\" \/>\n\t<meta property=\"og:image:width\" content=\"849\" \/>\n\t<meta property=\"og:image:height\" content=\"478\" \/>\n\t<meta property=\"og:image:type\" content=\"image\/webp\" \/>\n<meta name=\"author\" content=\"Renato Dias\" \/>\n<meta name=\"twitter:card\" content=\"summary_large_image\" \/>\n<meta name=\"twitter:creator\" content=\"@RenatoDiasBat\" \/>\n<meta name=\"twitter:site\" content=\"@RenatoDiasBat\" \/>\n<meta name=\"twitter:label1\" content=\"Escrito por\" \/>\n\t<meta name=\"twitter:data1\" content=\"Renato Dias\" \/>\n\t<meta name=\"twitter:label2\" content=\"Est. tempo de leitura\" \/>\n\t<meta name=\"twitter:data2\" content=\"3 minutos\" \/>\n<script type=\"application\/ld+json\" class=\"yoast-schema-graph\">{\"@context\":\"https:\\\/\\\/schema.org\",\"@graph\":[{\"@type\":\"Article\",\"@id\":\"https:\\\/\\\/renatodias.online\\\/movimento\\\/2026\\\/01\\\/28\\\/esquerda-dispara-em-portugal\\\/#article\",\"isPartOf\":{\"@id\":\"https:\\\/\\\/renatodias.online\\\/movimento\\\/2026\\\/01\\\/28\\\/esquerda-dispara-em-portugal\\\/\"},\"author\":{\"name\":\"Renato Dias\",\"@id\":\"https:\\\/\\\/renatodias.online\\\/movimento\\\/#\\\/schema\\\/person\\\/bbab28833b1725a20f4083f49f1fb2a9\"},\"headline\":\"Esquerda dispara em Portugal\",\"datePublished\":\"2026-01-28T20:58:42+00:00\",\"dateModified\":\"2026-01-28T21:03:33+00:00\",\"mainEntityOfPage\":{\"@id\":\"https:\\\/\\\/renatodias.online\\\/movimento\\\/2026\\\/01\\\/28\\\/esquerda-dispara-em-portugal\\\/\"},\"wordCount\":204,\"commentCount\":0,\"publisher\":{\"@id\":\"https:\\\/\\\/renatodias.online\\\/movimento\\\/#\\\/schema\\\/person\\\/bbab28833b1725a20f4083f49f1fb2a9\"},\"image\":{\"@id\":\"https:\\\/\\\/renatodias.online\\\/movimento\\\/2026\\\/01\\\/28\\\/esquerda-dispara-em-portugal\\\/#primaryimage\"},\"thumbnailUrl\":\"https:\\\/\\\/renatodias.online\\\/movimento\\\/wp-content\\\/uploads\\\/2023\\\/06\\\/Esquerda-e1767719420996.png\",\"articleSection\":[\"Pol\u00edtica\"],\"inLanguage\":\"pt-BR\",\"potentialAction\":[{\"@type\":\"CommentAction\",\"name\":\"Comment\",\"target\":[\"https:\\\/\\\/renatodias.online\\\/movimento\\\/2026\\\/01\\\/28\\\/esquerda-dispara-em-portugal\\\/#respond\"]}]},{\"@type\":\"WebPage\",\"@id\":\"https:\\\/\\\/renatodias.online\\\/movimento\\\/2026\\\/01\\\/28\\\/esquerda-dispara-em-portugal\\\/\",\"url\":\"https:\\\/\\\/renatodias.online\\\/movimento\\\/2026\\\/01\\\/28\\\/esquerda-dispara-em-portugal\\\/\",\"name\":\"Esquerda dispara em Portugal -\",\"isPartOf\":{\"@id\":\"https:\\\/\\\/renatodias.online\\\/movimento\\\/#website\"},\"primaryImageOfPage\":{\"@id\":\"https:\\\/\\\/renatodias.online\\\/movimento\\\/2026\\\/01\\\/28\\\/esquerda-dispara-em-portugal\\\/#primaryimage\"},\"image\":{\"@id\":\"https:\\\/\\\/renatodias.online\\\/movimento\\\/2026\\\/01\\\/28\\\/esquerda-dispara-em-portugal\\\/#primaryimage\"},\"thumbnailUrl\":\"https:\\\/\\\/renatodias.online\\\/movimento\\\/wp-content\\\/uploads\\\/2023\\\/06\\\/Esquerda-e1767719420996.png\",\"datePublished\":\"2026-01-28T20:58:42+00:00\",\"dateModified\":\"2026-01-28T21:03:33+00:00\",\"breadcrumb\":{\"@id\":\"https:\\\/\\\/renatodias.online\\\/movimento\\\/2026\\\/01\\\/28\\\/esquerda-dispara-em-portugal\\\/#breadcrumb\"},\"inLanguage\":\"pt-BR\",\"potentialAction\":[{\"@type\":\"ReadAction\",\"target\":[\"https:\\\/\\\/renatodias.online\\\/movimento\\\/2026\\\/01\\\/28\\\/esquerda-dispara-em-portugal\\\/\"]}]},{\"@type\":\"ImageObject\",\"inLanguage\":\"pt-BR\",\"@id\":\"https:\\\/\\\/renatodias.online\\\/movimento\\\/2026\\\/01\\\/28\\\/esquerda-dispara-em-portugal\\\/#primaryimage\",\"url\":\"https:\\\/\\\/renatodias.online\\\/movimento\\\/wp-content\\\/uploads\\\/2023\\\/06\\\/Esquerda-e1767719420996.png\",\"contentUrl\":\"https:\\\/\\\/renatodias.online\\\/movimento\\\/wp-content\\\/uploads\\\/2023\\\/06\\\/Esquerda-e1767719420996.png\",\"width\":125,\"height\":125,\"caption\":\"Esquerda\"},{\"@type\":\"BreadcrumbList\",\"@id\":\"https:\\\/\\\/renatodias.online\\\/movimento\\\/2026\\\/01\\\/28\\\/esquerda-dispara-em-portugal\\\/#breadcrumb\",\"itemListElement\":[{\"@type\":\"ListItem\",\"position\":1,\"name\":\"In\u00edcio\",\"item\":\"https:\\\/\\\/renatodias.online\\\/movimento\\\/\"},{\"@type\":\"ListItem\",\"position\":2,\"name\":\"Esquerda dispara em Portugal\"}]},{\"@type\":\"WebSite\",\"@id\":\"https:\\\/\\\/renatodias.online\\\/movimento\\\/#website\",\"url\":\"https:\\\/\\\/renatodias.online\\\/movimento\\\/\",\"name\":\"\",\"description\":\"\",\"publisher\":{\"@id\":\"https:\\\/\\\/renatodias.online\\\/movimento\\\/#\\\/schema\\\/person\\\/bbab28833b1725a20f4083f49f1fb2a9\"},\"potentialAction\":[{\"@type\":\"SearchAction\",\"target\":{\"@type\":\"EntryPoint\",\"urlTemplate\":\"https:\\\/\\\/renatodias.online\\\/movimento\\\/?s={search_term_string}\"},\"query-input\":{\"@type\":\"PropertyValueSpecification\",\"valueRequired\":true,\"valueName\":\"search_term_string\"}}],\"inLanguage\":\"pt-BR\"},{\"@type\":[\"Person\",\"Organization\"],\"@id\":\"https:\\\/\\\/renatodias.online\\\/movimento\\\/#\\\/schema\\\/person\\\/bbab28833b1725a20f4083f49f1fb2a9\",\"name\":\"Renato Dias\",\"image\":{\"@type\":\"ImageObject\",\"inLanguage\":\"pt-BR\",\"@id\":\"https:\\\/\\\/renatodias.online\\\/movimento\\\/wp-content\\\/uploads\\\/2023\\\/03\\\/cropped-cropped-cropped-logofinal.jpeg\",\"url\":\"https:\\\/\\\/renatodias.online\\\/movimento\\\/wp-content\\\/uploads\\\/2023\\\/03\\\/cropped-cropped-cropped-logofinal.jpeg\",\"contentUrl\":\"https:\\\/\\\/renatodias.online\\\/movimento\\\/wp-content\\\/uploads\\\/2023\\\/03\\\/cropped-cropped-cropped-logofinal.jpeg\",\"width\":1280,\"height\":219,\"caption\":\"Renato Dias\"},\"logo\":{\"@id\":\"https:\\\/\\\/renatodias.online\\\/movimento\\\/wp-content\\\/uploads\\\/2023\\\/03\\\/cropped-cropped-cropped-logofinal.jpeg\"},\"description\":\"Renato Dias, 58 anos, \u00e9 graduado em Jornalismo, formado em Ci\u00eancias Sociais, com p\u00f3s-gradua\u00e7\u00e3o em Pol\u00edticas P\u00fablicas, mestre em Direito e Rela\u00e7\u00f5es Internacionais, ex-aluno extraordin\u00e1rio do Doutorado em Psicologia Social, ex-estudante do Curso de Psican\u00e1lise do Centro de Estudos Psicanal\u00edticos do Estado de Goi\u00e1s, ministrado pelo m\u00e9dico psiquiatra e psicanalista Daniel Em\u00eddio de Souza. \u00c9 autor de 30 livros-reportagem, oito document\u00e1rios, ganhou 30 pr\u00eamios e \u00e9 torcedor apaixonado do maior do Centro-Oeste, o Vila Nova Futebol Clube. Casado com Meirilane Dias, \u00e9 pai de Juliana Dias, jornalista; Daniel Dias, economista; e Maria Rosa Dias, estudante antifascista, socialista e trotskista.\u00a0Com tr\u00eas pets: Porquinho [Bull Dog Franc\u00eas], Dalila [Basset Hound] e Geleia [Basset Hound]. Al\u00e9m do eterno gato Tutuquinho, que virou estrela.\",\"sameAs\":[\"https:\\\/\\\/www.facebook.com\\\/renato.dias.37\",\"#breve\",\"https:\\\/\\\/renatodias.tumblr.com\\\/\"],\"url\":\"https:\\\/\\\/renatodias.online\\\/movimento\\\/author\\\/renatodias\\\/\"}]}<\/script>\n<!-- \/ Yoast SEO plugin. -->","yoast_head_json":{"title":"Esquerda dispara em Portugal -","robots":{"index":"index","follow":"follow","max-snippet":"max-snippet:-1","max-image-preview":"max-image-preview:large","max-video-preview":"max-video-preview:-1"},"canonical":"https:\/\/renatodias.online\/movimento\/2026\/01\/28\/esquerda-dispara-em-portugal\/","og_locale":"pt_BR","og_type":"article","og_title":"Esquerda dispara em Portugal -","og_description":"2\u00b0 turno&nbsp; Seguro lidera. Socialista \u00e9 favorito para 8 de fevereiro &nbsp; Renato Dias&nbsp; O socialista Antonio Jos\u00e9 Seguro lidera a corrida eleitoral ao Pal\u00e1cio de Bel\u00e9m, sede da presid\u00eancia da Rep\u00fablica desde o ano de 1910, localizado em Lisboa, em Portugal. A dez dias das elei\u00e7\u00f5es no pa\u00eds. O segundo turno ser\u00e1 realizado no","og_url":"https:\/\/renatodias.online\/movimento\/2026\/01\/28\/esquerda-dispara-em-portugal\/","article_publisher":"https:\/\/www.facebook.com\/renato.dias.37","article_author":"https:\/\/www.facebook.com\/renato.dias.37","article_published_time":"2026-01-28T20:58:42+00:00","article_modified_time":"2026-01-28T21:03:33+00:00","og_image":[{"width":849,"height":478,"url":"https:\/\/renatodias.online\/movimento\/wp-content\/uploads\/2026\/01\/Antonio-Jose-Seguro.webp","type":"image\/webp"}],"author":"Renato Dias","twitter_card":"summary_large_image","twitter_creator":"@RenatoDiasBat","twitter_site":"@RenatoDiasBat","twitter_misc":{"Escrito por":"Renato Dias","Est. tempo de leitura":"3 minutos"},"schema":{"@context":"https:\/\/schema.org","@graph":[{"@type":"Article","@id":"https:\/\/renatodias.online\/movimento\/2026\/01\/28\/esquerda-dispara-em-portugal\/#article","isPartOf":{"@id":"https:\/\/renatodias.online\/movimento\/2026\/01\/28\/esquerda-dispara-em-portugal\/"},"author":{"name":"Renato Dias","@id":"https:\/\/renatodias.online\/movimento\/#\/schema\/person\/bbab28833b1725a20f4083f49f1fb2a9"},"headline":"Esquerda dispara em Portugal","datePublished":"2026-01-28T20:58:42+00:00","dateModified":"2026-01-28T21:03:33+00:00","mainEntityOfPage":{"@id":"https:\/\/renatodias.online\/movimento\/2026\/01\/28\/esquerda-dispara-em-portugal\/"},"wordCount":204,"commentCount":0,"publisher":{"@id":"https:\/\/renatodias.online\/movimento\/#\/schema\/person\/bbab28833b1725a20f4083f49f1fb2a9"},"image":{"@id":"https:\/\/renatodias.online\/movimento\/2026\/01\/28\/esquerda-dispara-em-portugal\/#primaryimage"},"thumbnailUrl":"https:\/\/renatodias.online\/movimento\/wp-content\/uploads\/2023\/06\/Esquerda-e1767719420996.png","articleSection":["Pol\u00edtica"],"inLanguage":"pt-BR","potentialAction":[{"@type":"CommentAction","name":"Comment","target":["https:\/\/renatodias.online\/movimento\/2026\/01\/28\/esquerda-dispara-em-portugal\/#respond"]}]},{"@type":"WebPage","@id":"https:\/\/renatodias.online\/movimento\/2026\/01\/28\/esquerda-dispara-em-portugal\/","url":"https:\/\/renatodias.online\/movimento\/2026\/01\/28\/esquerda-dispara-em-portugal\/","name":"Esquerda dispara em Portugal -","isPartOf":{"@id":"https:\/\/renatodias.online\/movimento\/#website"},"primaryImageOfPage":{"@id":"https:\/\/renatodias.online\/movimento\/2026\/01\/28\/esquerda-dispara-em-portugal\/#primaryimage"},"image":{"@id":"https:\/\/renatodias.online\/movimento\/2026\/01\/28\/esquerda-dispara-em-portugal\/#primaryimage"},"thumbnailUrl":"https:\/\/renatodias.online\/movimento\/wp-content\/uploads\/2023\/06\/Esquerda-e1767719420996.png","datePublished":"2026-01-28T20:58:42+00:00","dateModified":"2026-01-28T21:03:33+00:00","breadcrumb":{"@id":"https:\/\/renatodias.online\/movimento\/2026\/01\/28\/esquerda-dispara-em-portugal\/#breadcrumb"},"inLanguage":"pt-BR","potentialAction":[{"@type":"ReadAction","target":["https:\/\/renatodias.online\/movimento\/2026\/01\/28\/esquerda-dispara-em-portugal\/"]}]},{"@type":"ImageObject","inLanguage":"pt-BR","@id":"https:\/\/renatodias.online\/movimento\/2026\/01\/28\/esquerda-dispara-em-portugal\/#primaryimage","url":"https:\/\/renatodias.online\/movimento\/wp-content\/uploads\/2023\/06\/Esquerda-e1767719420996.png","contentUrl":"https:\/\/renatodias.online\/movimento\/wp-content\/uploads\/2023\/06\/Esquerda-e1767719420996.png","width":125,"height":125,"caption":"Esquerda"},{"@type":"BreadcrumbList","@id":"https:\/\/renatodias.online\/movimento\/2026\/01\/28\/esquerda-dispara-em-portugal\/#breadcrumb","itemListElement":[{"@type":"ListItem","position":1,"name":"In\u00edcio","item":"https:\/\/renatodias.online\/movimento\/"},{"@type":"ListItem","position":2,"name":"Esquerda dispara em Portugal"}]},{"@type":"WebSite","@id":"https:\/\/renatodias.online\/movimento\/#website","url":"https:\/\/renatodias.online\/movimento\/","name":"","description":"","publisher":{"@id":"https:\/\/renatodias.online\/movimento\/#\/schema\/person\/bbab28833b1725a20f4083f49f1fb2a9"},"potentialAction":[{"@type":"SearchAction","target":{"@type":"EntryPoint","urlTemplate":"https:\/\/renatodias.online\/movimento\/?s={search_term_string}"},"query-input":{"@type":"PropertyValueSpecification","valueRequired":true,"valueName":"search_term_string"}}],"inLanguage":"pt-BR"},{"@type":["Person","Organization"],"@id":"https:\/\/renatodias.online\/movimento\/#\/schema\/person\/bbab28833b1725a20f4083f49f1fb2a9","name":"Renato Dias","image":{"@type":"ImageObject","inLanguage":"pt-BR","@id":"https:\/\/renatodias.online\/movimento\/wp-content\/uploads\/2023\/03\/cropped-cropped-cropped-logofinal.jpeg","url":"https:\/\/renatodias.online\/movimento\/wp-content\/uploads\/2023\/03\/cropped-cropped-cropped-logofinal.jpeg","contentUrl":"https:\/\/renatodias.online\/movimento\/wp-content\/uploads\/2023\/03\/cropped-cropped-cropped-logofinal.jpeg","width":1280,"height":219,"caption":"Renato Dias"},"logo":{"@id":"https:\/\/renatodias.online\/movimento\/wp-content\/uploads\/2023\/03\/cropped-cropped-cropped-logofinal.jpeg"},"description":"Renato Dias, 58 anos, \u00e9 graduado em Jornalismo, formado em Ci\u00eancias Sociais, com p\u00f3s-gradua\u00e7\u00e3o em Pol\u00edticas P\u00fablicas, mestre em Direito e Rela\u00e7\u00f5es Internacionais, ex-aluno extraordin\u00e1rio do Doutorado em Psicologia Social, ex-estudante do Curso de Psican\u00e1lise do Centro de Estudos Psicanal\u00edticos do Estado de Goi\u00e1s, ministrado pelo m\u00e9dico psiquiatra e psicanalista Daniel Em\u00eddio de Souza. \u00c9 autor de 30 livros-reportagem, oito document\u00e1rios, ganhou 30 pr\u00eamios e \u00e9 torcedor apaixonado do maior do Centro-Oeste, o Vila Nova Futebol Clube. Casado com Meirilane Dias, \u00e9 pai de Juliana Dias, jornalista; Daniel Dias, economista; e Maria Rosa Dias, estudante antifascista, socialista e trotskista.\u00a0Com tr\u00eas pets: Porquinho [Bull Dog Franc\u00eas], Dalila [Basset Hound] e Geleia [Basset Hound]. Al\u00e9m do eterno gato Tutuquinho, que virou estrela.","sameAs":["https:\/\/www.facebook.com\/renato.dias.37","#breve","https:\/\/renatodias.tumblr.com\/"],"url":"https:\/\/renatodias.online\/movimento\/author\/renatodias\/"}]}},"_links":{"self":[{"href":"https:\/\/renatodias.online\/movimento\/wp-json\/wp\/v2\/posts\/22177","targetHints":{"allow":["GET"]}}],"collection":[{"href":"https:\/\/renatodias.online\/movimento\/wp-json\/wp\/v2\/posts"}],"about":[{"href":"https:\/\/renatodias.online\/movimento\/wp-json\/wp\/v2\/types\/post"}],"author":[{"embeddable":true,"href":"https:\/\/renatodias.online\/movimento\/wp-json\/wp\/v2\/users\/2"}],"replies":[{"embeddable":true,"href":"https:\/\/renatodias.online\/movimento\/wp-json\/wp\/v2\/comments?post=22177"}],"version-history":[{"count":3,"href":"https:\/\/renatodias.online\/movimento\/wp-json\/wp\/v2\/posts\/22177\/revisions"}],"predecessor-version":[{"id":22185,"href":"https:\/\/renatodias.online\/movimento\/wp-json\/wp\/v2\/posts\/22177\/revisions\/22185"}],"wp:attachment":[{"href":"https:\/\/renatodias.online\/movimento\/wp-json\/wp\/v2\/media?parent=22177"}],"wp:term":[{"taxonomy":"category","embeddable":true,"href":"https:\/\/renatodias.online\/movimento\/wp-json\/wp\/v2\/categories?post=22177"},{"taxonomy":"post_tag","embeddable":true,"href":"https:\/\/renatodias.online\/movimento\/wp-json\/wp\/v2\/tags?post=22177"}],"curies":[{"name":"wp","href":"https:\/\/api.w.org\/{rel}","templated":true}]}}