{"id":22170,"date":"2026-01-28T17:38:21","date_gmt":"2026-01-28T20:38:21","guid":{"rendered":"https:\/\/renatodias.online\/movimento\/?p=22170"},"modified":"2026-01-28T17:38:22","modified_gmt":"2026-01-28T20:38:22","slug":"a-invisibilidade-do-campo","status":"publish","type":"post","link":"https:\/\/renatodias.online\/movimento\/2026\/01\/28\/a-invisibilidade-do-campo\/","title":{"rendered":"A invisibilidade do campo"},"content":{"rendered":"\n<figure class=\"wp-block-image aligncenter size-full\"><img loading=\"lazy\" decoding=\"async\" width=\"150\" height=\"150\" src=\"https:\/\/renatodias.online\/movimento\/wp-content\/uploads\/2021\/04\/Bomba-A-morte-da-Politica-e1683416532524.jpg\" alt=\"explosivo\" class=\"wp-image-5888\" srcset=\"https:\/\/renatodias.online\/movimento\/wp-content\/uploads\/2021\/04\/Bomba-A-morte-da-Politica-e1683416532524.jpg 150w, https:\/\/renatodias.online\/movimento\/wp-content\/uploads\/2021\/04\/Bomba-A-morte-da-Politica-e1683416532524-96x96.jpg 96w\" sizes=\"auto, (max-width: 150px) 100vw, 150px\" \/><\/figure>\n\n\n\n<p class=\"has-text-align-center\"><strong><mark style=\"background-color:rgba(0, 0, 0, 0)\" class=\"has-inline-color has-vivid-purple-color\">Sal da terra<\/mark><\/strong><\/p>\n\n\n\n<p class=\"has-text-align-center\"><strong><mark style=\"background-color:rgba(0, 0, 0, 0)\" class=\"has-inline-color has-luminous-vivid-orange-color\">Cine Gerpop exibe tr\u00eas filmes, nesta quinta-feira, 8h30<\/mark><\/strong><\/p>\n\n\n\n<figure class=\"wp-block-audio\"><audio controls src=\"https:\/\/renatodias.online\/movimento\/wp-content\/uploads\/2024\/02\/CIO-DA-TERRA-letra-e-video-com-MILTON-NASCIMENTO-e-CHICO-BUARQUE_-video-MOACIR-SILVEIRAM4A_128K.m4a\"><\/audio><figcaption class=\"wp-element-caption\"><strong><mark style=\"background-color:rgba(0, 0, 0, 0)\" class=\"has-inline-color has-vivid-cyan-blue-color\">O Cio da Terra<\/mark><\/strong><\/figcaption><\/figure>\n\n\n\n<p class=\"has-text-align-center\"><strong><mark style=\"background-color:rgba(0, 0, 0, 0)\" class=\"has-inline-color has-vivid-red-color\">Renato Dias\u00a0<\/mark><\/strong><\/p>\n\n\n\n<p><strong>A invisibilidade dos trabalhadores e trabalhadoras rurais, jornadas de trabalho excessivas, com den\u00fancias de trabalho an\u00e1logo \u00e0 escravid\u00e3o, demandas por reforma agr\u00e1ria, viola\u00e7\u00e3o dos direitos dos povos origin\u00e1rios, conflitos, avan\u00e7o do capital no campo, destrui\u00e7\u00e3o do meio ambiente e os efeitos do aquecimento global na terra constituem temas da s\u00e9tima edi\u00e7\u00e3o do Cine Gerpop, nesta quinta-feira, \u00e0s 8h30, audit\u00f3rio do CES.<\/strong><\/p>\n\n\n\n<figure class=\"wp-block-image aligncenter size-full\"><img loading=\"lazy\" decoding=\"async\" width=\"400\" height=\"272\" src=\"https:\/\/renatodias.online\/movimento\/wp-content\/uploads\/2025\/07\/IMG-20250718-WA0109-e1760120516978.jpg\" alt=\"\" class=\"wp-image-20990\"\/><\/figure>\n\n\n\n<p><strong>Tr\u00eas document\u00e1rios ser\u00e3o exibidos. \u201cSert\u00e3o Cerrado\u201d, com dire\u00e7\u00e3o, roteiro e montagem de Dagmar Talga, integra a seleta lista. A produ\u00e7\u00e3o cinematogr\u00e1fica \u201cTerra para Rose\u201d \u00e9 um document\u00e1rio realizado por Tet\u00ea Morais. Ele recupera a hist\u00f3ria do MST, fundado em 1984, no Brasil, Fazenda Anoni [RS], e o drama de uma sem-terra. J\u00e1 Mulheres do campo, da floresta aborda as pol\u00edticas p\u00fablicas de sa\u00fade da mulher. Selo UFSC<\/strong>.<\/p>\n\n\n\n<figure class=\"wp-block-image aligncenter size-full\"><img loading=\"lazy\" decoding=\"async\" width=\"400\" height=\"272\" src=\"https:\/\/renatodias.online\/movimento\/wp-content\/uploads\/2025\/07\/IMG-20250718-WA0112-e1753110009331.jpg\" alt=\"\" class=\"wp-image-20987\" srcset=\"https:\/\/renatodias.online\/movimento\/wp-content\/uploads\/2025\/07\/IMG-20250718-WA0112-e1753110009331.jpg 400w, https:\/\/renatodias.online\/movimento\/wp-content\/uploads\/2025\/07\/IMG-20250718-WA0112-e1753110009331-300x204.jpg 300w, https:\/\/renatodias.online\/movimento\/wp-content\/uploads\/2025\/07\/IMG-20250718-WA0112-e1753110009331-150x102.jpg 150w\" sizes=\"auto, (max-width: 400px) 100vw, 400px\" \/><\/figure>\n\n\n\n<figure class=\"wp-block-image aligncenter size-full\"><img loading=\"lazy\" decoding=\"async\" width=\"400\" height=\"50\" src=\"https:\/\/renatodias.online\/movimento\/wp-content\/uploads\/2025\/10\/Saiba-mais-e1761237415476.jpg\" alt=\"\" class=\"wp-image-21922\"\/><\/figure>\n\n\n\n<p><strong>Ap\u00f3s o cinema, roda de conversa. Com participa\u00e7\u00f5es de Pedro C\u00e9lio, presidente da Fetaergo, Dominique Vit\u00f3ria, assessora jur\u00eddica de DH do MP [GO], Helen Carolina, Programa Mais M\u00e9dicos, e Laylla Adiele, secret\u00e1ria da Juventude da Fetaeg. Joana Darc [Spais] Gizela Ramos [Spais] e Maria Sena [Gerpop]. Daya Laryssa, coordenadora do Cine Gerpop e subcoordenadora de Educa\u00e7\u00e3o Permanente, promove o evento.<\/strong><\/p>\n\n\n\n<figure class=\"wp-block-image aligncenter size-full\"><img loading=\"lazy\" decoding=\"async\" width=\"400\" height=\"272\" src=\"https:\/\/renatodias.online\/movimento\/wp-content\/uploads\/2025\/07\/IMG-20250718-WA0111-e1753110109562.jpg\" alt=\"\" class=\"wp-image-20989\" srcset=\"https:\/\/renatodias.online\/movimento\/wp-content\/uploads\/2025\/07\/IMG-20250718-WA0111-e1753110109562.jpg 400w, https:\/\/renatodias.online\/movimento\/wp-content\/uploads\/2025\/07\/IMG-20250718-WA0111-e1753110109562-300x204.jpg 300w, https:\/\/renatodias.online\/movimento\/wp-content\/uploads\/2025\/07\/IMG-20250718-WA0111-e1753110109562-150x102.jpg 150w\" sizes=\"auto, (max-width: 400px) 100vw, 400px\" \/><\/figure>\n\n\n\n<p class=\"has-text-align-center\"><strong><mark style=\"background-color:rgba(0, 0, 0, 0)\" class=\"has-inline-color has-vivid-green-cyan-color\">Servi\u00e7o\u00a0<\/mark><\/strong><\/p>\n\n\n\n<p class=\"has-text-align-center\"><strong>Cine Gerpop: nesta quinta-feira, 29, 8h30 \u00e0s 12h30<\/strong><\/p>\n\n\n\n<p class=\"has-text-align-center\"><strong>Local: audit\u00f3rio do CES, 4\u00ba andar<\/strong><\/p>\n\n\n\n<p class=\"has-text-align-center\"><strong>Local: Avenida Rep\u00fablica do L\u00edbano, Setor Oeste, Goi\u00e2nia, Goi\u00e1s<\/strong><\/p>\n\n\n\n<p class=\"has-text-align-center\"><strong>Entrada: Gratuita<\/strong><\/p>\n\n\n\n<figure class=\"wp-block-video\"><video controls src=\"https:\/\/renatodias.online\/movimento\/wp-content\/uploads\/2026\/01\/Cine-Gerpop.mp4\"><\/video><\/figure>\n","protected":false},"excerpt":{"rendered":"<p>Sal da terra Cine Gerpop exibe tr\u00eas filmes, nesta quinta-feira, 8h30 Renato Dias\u00a0 A invisibilidade dos trabalhadores e trabalhadoras rurais, jornadas de trabalho excessivas, com den\u00fancias de trabalho an\u00e1logo \u00e0 escravid\u00e3o, demandas por reforma agr\u00e1ria, viola\u00e7\u00e3o dos direitos dos povos origin\u00e1rios, conflitos, avan\u00e7o do capital no campo, destrui\u00e7\u00e3o do meio ambiente e os efeitos do<\/p>\n","protected":false},"author":2,"featured_media":0,"comment_status":"open","ping_status":"open","sticky":false,"template":"","format":"standard","meta":{"_acf_changed":false,"_monsterinsights_skip_tracking":false,"_monsterinsights_sitenote_active":false,"_monsterinsights_sitenote_note":"","_monsterinsights_sitenote_category":0,"footnotes":""},"categories":[4],"tags":[],"class_list":["post-22170","post","type-post","status-publish","format-standard","hentry","category-politica"],"acf":[],"yoast_head":"<!-- This site is optimized with the Yoast SEO plugin v27.4 - https:\/\/yoast.com\/product\/yoast-seo-wordpress\/ -->\n<title>A invisibilidade do campo -<\/title>\n<meta name=\"robots\" content=\"index, follow, max-snippet:-1, max-image-preview:large, max-video-preview:-1\" \/>\n<link rel=\"canonical\" href=\"https:\/\/renatodias.online\/movimento\/2026\/01\/28\/a-invisibilidade-do-campo\/\" \/>\n<meta property=\"og:locale\" content=\"pt_BR\" \/>\n<meta property=\"og:type\" content=\"article\" \/>\n<meta property=\"og:title\" content=\"A invisibilidade do campo -\" \/>\n<meta property=\"og:description\" content=\"Sal da terra Cine Gerpop exibe tr\u00eas filmes, nesta quinta-feira, 8h30 Renato Dias\u00a0 A invisibilidade dos trabalhadores e trabalhadoras rurais, jornadas de trabalho excessivas, com den\u00fancias de trabalho an\u00e1logo \u00e0 escravid\u00e3o, demandas por reforma agr\u00e1ria, viola\u00e7\u00e3o dos direitos dos povos origin\u00e1rios, conflitos, avan\u00e7o do capital no campo, destrui\u00e7\u00e3o do meio ambiente e os efeitos do\" \/>\n<meta property=\"og:url\" content=\"https:\/\/renatodias.online\/movimento\/2026\/01\/28\/a-invisibilidade-do-campo\/\" \/>\n<meta property=\"article:publisher\" content=\"https:\/\/www.facebook.com\/renato.dias.37\" \/>\n<meta property=\"article:author\" content=\"https:\/\/www.facebook.com\/renato.dias.37\" \/>\n<meta property=\"article:published_time\" content=\"2026-01-28T20:38:21+00:00\" \/>\n<meta property=\"article:modified_time\" content=\"2026-01-28T20:38:22+00:00\" \/>\n<meta property=\"og:image\" content=\"https:\/\/renatodias.online\/movimento\/wp-content\/uploads\/2026\/01\/Card-Cine-Gerpop-e1769632688989.jpg\" \/>\n\t<meta property=\"og:image:width\" content=\"620\" \/>\n\t<meta property=\"og:image:height\" content=\"626\" \/>\n\t<meta property=\"og:image:type\" content=\"image\/jpeg\" \/>\n<meta name=\"author\" content=\"Renato Dias\" \/>\n<meta name=\"twitter:card\" content=\"summary_large_image\" \/>\n<meta name=\"twitter:creator\" content=\"@RenatoDiasBat\" \/>\n<meta name=\"twitter:site\" content=\"@RenatoDiasBat\" \/>\n<meta name=\"twitter:label1\" content=\"Escrito por\" \/>\n\t<meta name=\"twitter:data1\" content=\"Renato Dias\" \/>\n\t<meta name=\"twitter:label2\" content=\"Est. tempo de leitura\" \/>\n\t<meta name=\"twitter:data2\" content=\"3 minutos\" \/>\n<script type=\"application\/ld+json\" class=\"yoast-schema-graph\">{\"@context\":\"https:\\\/\\\/schema.org\",\"@graph\":[{\"@type\":\"Article\",\"@id\":\"https:\\\/\\\/renatodias.online\\\/movimento\\\/2026\\\/01\\\/28\\\/a-invisibilidade-do-campo\\\/#article\",\"isPartOf\":{\"@id\":\"https:\\\/\\\/renatodias.online\\\/movimento\\\/2026\\\/01\\\/28\\\/a-invisibilidade-do-campo\\\/\"},\"author\":{\"name\":\"Renato Dias\",\"@id\":\"https:\\\/\\\/renatodias.online\\\/movimento\\\/#\\\/schema\\\/person\\\/bbab28833b1725a20f4083f49f1fb2a9\"},\"headline\":\"A invisibilidade do campo\",\"datePublished\":\"2026-01-28T20:38:21+00:00\",\"dateModified\":\"2026-01-28T20:38:22+00:00\",\"mainEntityOfPage\":{\"@id\":\"https:\\\/\\\/renatodias.online\\\/movimento\\\/2026\\\/01\\\/28\\\/a-invisibilidade-do-campo\\\/\"},\"wordCount\":268,\"commentCount\":0,\"publisher\":{\"@id\":\"https:\\\/\\\/renatodias.online\\\/movimento\\\/#\\\/schema\\\/person\\\/bbab28833b1725a20f4083f49f1fb2a9\"},\"image\":{\"@id\":\"https:\\\/\\\/renatodias.online\\\/movimento\\\/2026\\\/01\\\/28\\\/a-invisibilidade-do-campo\\\/#primaryimage\"},\"thumbnailUrl\":\"https:\\\/\\\/renatodias.online\\\/movimento\\\/wp-content\\\/uploads\\\/2021\\\/04\\\/Bomba-A-morte-da-Politica-e1683416532524.jpg\",\"articleSection\":[\"Pol\u00edtica\"],\"inLanguage\":\"pt-BR\",\"potentialAction\":[{\"@type\":\"CommentAction\",\"name\":\"Comment\",\"target\":[\"https:\\\/\\\/renatodias.online\\\/movimento\\\/2026\\\/01\\\/28\\\/a-invisibilidade-do-campo\\\/#respond\"]}]},{\"@type\":\"WebPage\",\"@id\":\"https:\\\/\\\/renatodias.online\\\/movimento\\\/2026\\\/01\\\/28\\\/a-invisibilidade-do-campo\\\/\",\"url\":\"https:\\\/\\\/renatodias.online\\\/movimento\\\/2026\\\/01\\\/28\\\/a-invisibilidade-do-campo\\\/\",\"name\":\"A invisibilidade do campo -\",\"isPartOf\":{\"@id\":\"https:\\\/\\\/renatodias.online\\\/movimento\\\/#website\"},\"primaryImageOfPage\":{\"@id\":\"https:\\\/\\\/renatodias.online\\\/movimento\\\/2026\\\/01\\\/28\\\/a-invisibilidade-do-campo\\\/#primaryimage\"},\"image\":{\"@id\":\"https:\\\/\\\/renatodias.online\\\/movimento\\\/2026\\\/01\\\/28\\\/a-invisibilidade-do-campo\\\/#primaryimage\"},\"thumbnailUrl\":\"https:\\\/\\\/renatodias.online\\\/movimento\\\/wp-content\\\/uploads\\\/2021\\\/04\\\/Bomba-A-morte-da-Politica-e1683416532524.jpg\",\"datePublished\":\"2026-01-28T20:38:21+00:00\",\"dateModified\":\"2026-01-28T20:38:22+00:00\",\"breadcrumb\":{\"@id\":\"https:\\\/\\\/renatodias.online\\\/movimento\\\/2026\\\/01\\\/28\\\/a-invisibilidade-do-campo\\\/#breadcrumb\"},\"inLanguage\":\"pt-BR\",\"potentialAction\":[{\"@type\":\"ReadAction\",\"target\":[\"https:\\\/\\\/renatodias.online\\\/movimento\\\/2026\\\/01\\\/28\\\/a-invisibilidade-do-campo\\\/\"]}]},{\"@type\":\"ImageObject\",\"inLanguage\":\"pt-BR\",\"@id\":\"https:\\\/\\\/renatodias.online\\\/movimento\\\/2026\\\/01\\\/28\\\/a-invisibilidade-do-campo\\\/#primaryimage\",\"url\":\"https:\\\/\\\/renatodias.online\\\/movimento\\\/wp-content\\\/uploads\\\/2021\\\/04\\\/Bomba-A-morte-da-Politica-e1683416532524.jpg\",\"contentUrl\":\"https:\\\/\\\/renatodias.online\\\/movimento\\\/wp-content\\\/uploads\\\/2021\\\/04\\\/Bomba-A-morte-da-Politica-e1683416532524.jpg\",\"width\":150,\"height\":150,\"caption\":\"explosivo\"},{\"@type\":\"BreadcrumbList\",\"@id\":\"https:\\\/\\\/renatodias.online\\\/movimento\\\/2026\\\/01\\\/28\\\/a-invisibilidade-do-campo\\\/#breadcrumb\",\"itemListElement\":[{\"@type\":\"ListItem\",\"position\":1,\"name\":\"In\u00edcio\",\"item\":\"https:\\\/\\\/renatodias.online\\\/movimento\\\/\"},{\"@type\":\"ListItem\",\"position\":2,\"name\":\"A invisibilidade do campo\"}]},{\"@type\":\"WebSite\",\"@id\":\"https:\\\/\\\/renatodias.online\\\/movimento\\\/#website\",\"url\":\"https:\\\/\\\/renatodias.online\\\/movimento\\\/\",\"name\":\"\",\"description\":\"\",\"publisher\":{\"@id\":\"https:\\\/\\\/renatodias.online\\\/movimento\\\/#\\\/schema\\\/person\\\/bbab28833b1725a20f4083f49f1fb2a9\"},\"potentialAction\":[{\"@type\":\"SearchAction\",\"target\":{\"@type\":\"EntryPoint\",\"urlTemplate\":\"https:\\\/\\\/renatodias.online\\\/movimento\\\/?s={search_term_string}\"},\"query-input\":{\"@type\":\"PropertyValueSpecification\",\"valueRequired\":true,\"valueName\":\"search_term_string\"}}],\"inLanguage\":\"pt-BR\"},{\"@type\":[\"Person\",\"Organization\"],\"@id\":\"https:\\\/\\\/renatodias.online\\\/movimento\\\/#\\\/schema\\\/person\\\/bbab28833b1725a20f4083f49f1fb2a9\",\"name\":\"Renato Dias\",\"image\":{\"@type\":\"ImageObject\",\"inLanguage\":\"pt-BR\",\"@id\":\"https:\\\/\\\/renatodias.online\\\/movimento\\\/wp-content\\\/uploads\\\/2023\\\/03\\\/cropped-cropped-cropped-logofinal.jpeg\",\"url\":\"https:\\\/\\\/renatodias.online\\\/movimento\\\/wp-content\\\/uploads\\\/2023\\\/03\\\/cropped-cropped-cropped-logofinal.jpeg\",\"contentUrl\":\"https:\\\/\\\/renatodias.online\\\/movimento\\\/wp-content\\\/uploads\\\/2023\\\/03\\\/cropped-cropped-cropped-logofinal.jpeg\",\"width\":1280,\"height\":219,\"caption\":\"Renato Dias\"},\"logo\":{\"@id\":\"https:\\\/\\\/renatodias.online\\\/movimento\\\/wp-content\\\/uploads\\\/2023\\\/03\\\/cropped-cropped-cropped-logofinal.jpeg\"},\"description\":\"Renato Dias, 58 anos, \u00e9 graduado em Jornalismo, formado em Ci\u00eancias Sociais, com p\u00f3s-gradua\u00e7\u00e3o em Pol\u00edticas P\u00fablicas, mestre em Direito e Rela\u00e7\u00f5es Internacionais, ex-aluno extraordin\u00e1rio do Doutorado em Psicologia Social, ex-estudante do Curso de Psican\u00e1lise do Centro de Estudos Psicanal\u00edticos do Estado de Goi\u00e1s, ministrado pelo m\u00e9dico psiquiatra e psicanalista Daniel Em\u00eddio de Souza. \u00c9 autor de 30 livros-reportagem, oito document\u00e1rios, ganhou 30 pr\u00eamios e \u00e9 torcedor apaixonado do maior do Centro-Oeste, o Vila Nova Futebol Clube. Casado com Meirilane Dias, \u00e9 pai de Juliana Dias, jornalista; Daniel Dias, economista; e Maria Rosa Dias, estudante antifascista, socialista e trotskista.\u00a0Com tr\u00eas pets: Porquinho [Bull Dog Franc\u00eas], Dalila [Basset Hound] e Geleia [Basset Hound]. Al\u00e9m do eterno gato Tutuquinho, que virou estrela.\",\"sameAs\":[\"https:\\\/\\\/www.facebook.com\\\/renato.dias.37\",\"#breve\",\"https:\\\/\\\/renatodias.tumblr.com\\\/\"],\"url\":\"https:\\\/\\\/renatodias.online\\\/movimento\\\/author\\\/renatodias\\\/\"}]}<\/script>\n<!-- \/ Yoast SEO plugin. -->","yoast_head_json":{"title":"A invisibilidade do campo -","robots":{"index":"index","follow":"follow","max-snippet":"max-snippet:-1","max-image-preview":"max-image-preview:large","max-video-preview":"max-video-preview:-1"},"canonical":"https:\/\/renatodias.online\/movimento\/2026\/01\/28\/a-invisibilidade-do-campo\/","og_locale":"pt_BR","og_type":"article","og_title":"A invisibilidade do campo -","og_description":"Sal da terra Cine Gerpop exibe tr\u00eas filmes, nesta quinta-feira, 8h30 Renato Dias\u00a0 A invisibilidade dos trabalhadores e trabalhadoras rurais, jornadas de trabalho excessivas, com den\u00fancias de trabalho an\u00e1logo \u00e0 escravid\u00e3o, demandas por reforma agr\u00e1ria, viola\u00e7\u00e3o dos direitos dos povos origin\u00e1rios, conflitos, avan\u00e7o do capital no campo, destrui\u00e7\u00e3o do meio ambiente e os efeitos do","og_url":"https:\/\/renatodias.online\/movimento\/2026\/01\/28\/a-invisibilidade-do-campo\/","article_publisher":"https:\/\/www.facebook.com\/renato.dias.37","article_author":"https:\/\/www.facebook.com\/renato.dias.37","article_published_time":"2026-01-28T20:38:21+00:00","article_modified_time":"2026-01-28T20:38:22+00:00","og_image":[{"width":620,"height":626,"url":"https:\/\/renatodias.online\/movimento\/wp-content\/uploads\/2026\/01\/Card-Cine-Gerpop-e1769632688989.jpg","type":"image\/jpeg"}],"author":"Renato Dias","twitter_card":"summary_large_image","twitter_creator":"@RenatoDiasBat","twitter_site":"@RenatoDiasBat","twitter_misc":{"Escrito por":"Renato Dias","Est. tempo de leitura":"3 minutos"},"schema":{"@context":"https:\/\/schema.org","@graph":[{"@type":"Article","@id":"https:\/\/renatodias.online\/movimento\/2026\/01\/28\/a-invisibilidade-do-campo\/#article","isPartOf":{"@id":"https:\/\/renatodias.online\/movimento\/2026\/01\/28\/a-invisibilidade-do-campo\/"},"author":{"name":"Renato Dias","@id":"https:\/\/renatodias.online\/movimento\/#\/schema\/person\/bbab28833b1725a20f4083f49f1fb2a9"},"headline":"A invisibilidade do campo","datePublished":"2026-01-28T20:38:21+00:00","dateModified":"2026-01-28T20:38:22+00:00","mainEntityOfPage":{"@id":"https:\/\/renatodias.online\/movimento\/2026\/01\/28\/a-invisibilidade-do-campo\/"},"wordCount":268,"commentCount":0,"publisher":{"@id":"https:\/\/renatodias.online\/movimento\/#\/schema\/person\/bbab28833b1725a20f4083f49f1fb2a9"},"image":{"@id":"https:\/\/renatodias.online\/movimento\/2026\/01\/28\/a-invisibilidade-do-campo\/#primaryimage"},"thumbnailUrl":"https:\/\/renatodias.online\/movimento\/wp-content\/uploads\/2021\/04\/Bomba-A-morte-da-Politica-e1683416532524.jpg","articleSection":["Pol\u00edtica"],"inLanguage":"pt-BR","potentialAction":[{"@type":"CommentAction","name":"Comment","target":["https:\/\/renatodias.online\/movimento\/2026\/01\/28\/a-invisibilidade-do-campo\/#respond"]}]},{"@type":"WebPage","@id":"https:\/\/renatodias.online\/movimento\/2026\/01\/28\/a-invisibilidade-do-campo\/","url":"https:\/\/renatodias.online\/movimento\/2026\/01\/28\/a-invisibilidade-do-campo\/","name":"A invisibilidade do campo -","isPartOf":{"@id":"https:\/\/renatodias.online\/movimento\/#website"},"primaryImageOfPage":{"@id":"https:\/\/renatodias.online\/movimento\/2026\/01\/28\/a-invisibilidade-do-campo\/#primaryimage"},"image":{"@id":"https:\/\/renatodias.online\/movimento\/2026\/01\/28\/a-invisibilidade-do-campo\/#primaryimage"},"thumbnailUrl":"https:\/\/renatodias.online\/movimento\/wp-content\/uploads\/2021\/04\/Bomba-A-morte-da-Politica-e1683416532524.jpg","datePublished":"2026-01-28T20:38:21+00:00","dateModified":"2026-01-28T20:38:22+00:00","breadcrumb":{"@id":"https:\/\/renatodias.online\/movimento\/2026\/01\/28\/a-invisibilidade-do-campo\/#breadcrumb"},"inLanguage":"pt-BR","potentialAction":[{"@type":"ReadAction","target":["https:\/\/renatodias.online\/movimento\/2026\/01\/28\/a-invisibilidade-do-campo\/"]}]},{"@type":"ImageObject","inLanguage":"pt-BR","@id":"https:\/\/renatodias.online\/movimento\/2026\/01\/28\/a-invisibilidade-do-campo\/#primaryimage","url":"https:\/\/renatodias.online\/movimento\/wp-content\/uploads\/2021\/04\/Bomba-A-morte-da-Politica-e1683416532524.jpg","contentUrl":"https:\/\/renatodias.online\/movimento\/wp-content\/uploads\/2021\/04\/Bomba-A-morte-da-Politica-e1683416532524.jpg","width":150,"height":150,"caption":"explosivo"},{"@type":"BreadcrumbList","@id":"https:\/\/renatodias.online\/movimento\/2026\/01\/28\/a-invisibilidade-do-campo\/#breadcrumb","itemListElement":[{"@type":"ListItem","position":1,"name":"In\u00edcio","item":"https:\/\/renatodias.online\/movimento\/"},{"@type":"ListItem","position":2,"name":"A invisibilidade do campo"}]},{"@type":"WebSite","@id":"https:\/\/renatodias.online\/movimento\/#website","url":"https:\/\/renatodias.online\/movimento\/","name":"","description":"","publisher":{"@id":"https:\/\/renatodias.online\/movimento\/#\/schema\/person\/bbab28833b1725a20f4083f49f1fb2a9"},"potentialAction":[{"@type":"SearchAction","target":{"@type":"EntryPoint","urlTemplate":"https:\/\/renatodias.online\/movimento\/?s={search_term_string}"},"query-input":{"@type":"PropertyValueSpecification","valueRequired":true,"valueName":"search_term_string"}}],"inLanguage":"pt-BR"},{"@type":["Person","Organization"],"@id":"https:\/\/renatodias.online\/movimento\/#\/schema\/person\/bbab28833b1725a20f4083f49f1fb2a9","name":"Renato Dias","image":{"@type":"ImageObject","inLanguage":"pt-BR","@id":"https:\/\/renatodias.online\/movimento\/wp-content\/uploads\/2023\/03\/cropped-cropped-cropped-logofinal.jpeg","url":"https:\/\/renatodias.online\/movimento\/wp-content\/uploads\/2023\/03\/cropped-cropped-cropped-logofinal.jpeg","contentUrl":"https:\/\/renatodias.online\/movimento\/wp-content\/uploads\/2023\/03\/cropped-cropped-cropped-logofinal.jpeg","width":1280,"height":219,"caption":"Renato Dias"},"logo":{"@id":"https:\/\/renatodias.online\/movimento\/wp-content\/uploads\/2023\/03\/cropped-cropped-cropped-logofinal.jpeg"},"description":"Renato Dias, 58 anos, \u00e9 graduado em Jornalismo, formado em Ci\u00eancias Sociais, com p\u00f3s-gradua\u00e7\u00e3o em Pol\u00edticas P\u00fablicas, mestre em Direito e Rela\u00e7\u00f5es Internacionais, ex-aluno extraordin\u00e1rio do Doutorado em Psicologia Social, ex-estudante do Curso de Psican\u00e1lise do Centro de Estudos Psicanal\u00edticos do Estado de Goi\u00e1s, ministrado pelo m\u00e9dico psiquiatra e psicanalista Daniel Em\u00eddio de Souza. \u00c9 autor de 30 livros-reportagem, oito document\u00e1rios, ganhou 30 pr\u00eamios e \u00e9 torcedor apaixonado do maior do Centro-Oeste, o Vila Nova Futebol Clube. Casado com Meirilane Dias, \u00e9 pai de Juliana Dias, jornalista; Daniel Dias, economista; e Maria Rosa Dias, estudante antifascista, socialista e trotskista.\u00a0Com tr\u00eas pets: Porquinho [Bull Dog Franc\u00eas], Dalila [Basset Hound] e Geleia [Basset Hound]. Al\u00e9m do eterno gato Tutuquinho, que virou estrela.","sameAs":["https:\/\/www.facebook.com\/renato.dias.37","#breve","https:\/\/renatodias.tumblr.com\/"],"url":"https:\/\/renatodias.online\/movimento\/author\/renatodias\/"}]}},"_links":{"self":[{"href":"https:\/\/renatodias.online\/movimento\/wp-json\/wp\/v2\/posts\/22170","targetHints":{"allow":["GET"]}}],"collection":[{"href":"https:\/\/renatodias.online\/movimento\/wp-json\/wp\/v2\/posts"}],"about":[{"href":"https:\/\/renatodias.online\/movimento\/wp-json\/wp\/v2\/types\/post"}],"author":[{"embeddable":true,"href":"https:\/\/renatodias.online\/movimento\/wp-json\/wp\/v2\/users\/2"}],"replies":[{"embeddable":true,"href":"https:\/\/renatodias.online\/movimento\/wp-json\/wp\/v2\/comments?post=22170"}],"version-history":[{"count":1,"href":"https:\/\/renatodias.online\/movimento\/wp-json\/wp\/v2\/posts\/22170\/revisions"}],"predecessor-version":[{"id":22173,"href":"https:\/\/renatodias.online\/movimento\/wp-json\/wp\/v2\/posts\/22170\/revisions\/22173"}],"wp:attachment":[{"href":"https:\/\/renatodias.online\/movimento\/wp-json\/wp\/v2\/media?parent=22170"}],"wp:term":[{"taxonomy":"category","embeddable":true,"href":"https:\/\/renatodias.online\/movimento\/wp-json\/wp\/v2\/categories?post=22170"},{"taxonomy":"post_tag","embeddable":true,"href":"https:\/\/renatodias.online\/movimento\/wp-json\/wp\/v2\/tags?post=22170"}],"curies":[{"name":"wp","href":"https:\/\/api.w.org\/{rel}","templated":true}]}}