{"id":21863,"date":"2025-09-29T19:01:20","date_gmt":"2025-09-29T22:01:20","guid":{"rendered":"https:\/\/renatodias.online\/movimento\/?p=21863"},"modified":"2025-09-29T19:01:21","modified_gmt":"2025-09-29T22:01:21","slug":"traldi-animado-com-perillo","status":"publish","type":"post","link":"https:\/\/renatodias.online\/movimento\/2025\/09\/29\/traldi-animado-com-perillo\/","title":{"rendered":"Traldi animado com Perillo\u00a0"},"content":{"rendered":"\n<p class=\"has-text-align-center\"><strong><mark style=\"background-color:rgba(0, 0, 0, 0)\" class=\"has-inline-color has-luminous-vivid-orange-color\">Momento \u00fanico\u00a0<\/mark><\/strong><\/p>\n\n\n\n<figure class=\"wp-block-image aligncenter size-full\"><img loading=\"lazy\" decoding=\"async\" width=\"180\" height=\"114\" src=\"https:\/\/renatodias.online\/movimento\/wp-content\/uploads\/2025\/09\/2026-e1759182468111.jpg\" alt=\"\" class=\"wp-image-21865\"\/><\/figure>\n\n\n\n<p class=\"has-text-align-center\"><strong><mark style=\"background-color:rgba(0, 0, 0, 0)\" class=\"has-inline-color has-vivid-red-color\">Renato Dias<\/mark>\u00a0<\/strong><\/p>\n\n\n\n<p><strong>Um momento \u00fanico. \u00c9 o que afirma o ex-presidente da Associa\u00e7\u00e3o Goiana dos Ex-prefeitos [Agexp] Hermes Traldi. Ele se refere ao ato de lan\u00e7amento da pr\u00e9 &#8211; candidatura de Marconi Perillo ao Governo do Estado de Goi\u00e1s. As elei\u00e7\u00f5es ocorrer\u00e3o em outubro do ano de 2026.<\/strong><\/p>\n\n\n\n<figure class=\"wp-block-image aligncenter size-full\"><img decoding=\"async\" src=\"https:\/\/renatodias.online\/movimento\/wp-content\/uploads\/2025\/09\/IMG-20250926-WA0173-e1758918503172.jpg\" alt=\"\" class=\"wp-image-21860\"\/><figcaption class=\"wp-element-caption\">Hermes Traldi<\/figcaption><\/figure>\n\n\n\n<p><strong>Mais: presidente nacional do PSDB e ex-governador por quatro mandatos, ele aparece em cen\u00e1rio de empate t\u00e9cnico, hoje, com o seu principal rival nas urnas eletr\u00f4nicas. O atual vice &#8211; governador Daniel Vilela [MDB]. Com a previs\u00e3o de uma disputa acirrada no segundo turno.<\/strong><\/p>\n\n\n\n<figure class=\"wp-block-image aligncenter size-full\"><img loading=\"lazy\" decoding=\"async\" width=\"400\" height=\"200\" src=\"https:\/\/renatodias.online\/movimento\/wp-content\/uploads\/2024\/04\/Marconi-Perillo-1-e1712449987856.jpg\" alt=\"\" class=\"wp-image-19953\" srcset=\"https:\/\/renatodias.online\/movimento\/wp-content\/uploads\/2024\/04\/Marconi-Perillo-1-e1712449987856.jpg 400w, https:\/\/renatodias.online\/movimento\/wp-content\/uploads\/2024\/04\/Marconi-Perillo-1-e1712449987856-300x150.jpg 300w, https:\/\/renatodias.online\/movimento\/wp-content\/uploads\/2024\/04\/Marconi-Perillo-1-e1712449987856-150x75.jpg 150w\" sizes=\"auto, (max-width: 400px) 100vw, 400px\" \/><\/figure>\n\n\n\n<p><strong>O ex-prefeito de Goiatuba cr\u00ea na cria\u00e7\u00e3o de uma real frente ampla para ganhar as elei\u00e7\u00f5es e garantir a governabilidade. Nomes com capilaridade social, s\u00f3lida experi\u00eancia administrativa, al\u00e9m de fichas limpas \u00e0 vice, senado, supl\u00eancia e para chapas proporcionais, ele informa.<\/strong><\/p>\n\n\n\n<figure class=\"wp-block-image aligncenter size-full\"><img loading=\"lazy\" decoding=\"async\" width=\"200\" height=\"200\" src=\"https:\/\/renatodias.online\/movimento\/wp-content\/uploads\/2022\/07\/Podcast.jpg\" alt=\"\" class=\"wp-image-13381\" srcset=\"https:\/\/renatodias.online\/movimento\/wp-content\/uploads\/2022\/07\/Podcast.jpg 200w, https:\/\/renatodias.online\/movimento\/wp-content\/uploads\/2022\/07\/Podcast-150x150.jpg 150w\" sizes=\"auto, (max-width: 200px) 100vw, 200px\" \/><\/figure>\n\n\n\n<figure class=\"wp-block-audio\"><audio controls src=\"https:\/\/renatodias.online\/movimento\/wp-content\/uploads\/2025\/09\/HT-1.ogg\"><\/audio><figcaption class=\"wp-element-caption\">Hermes Traldi<\/figcaption><\/figure>\n\n\n\n<figure class=\"wp-block-audio\"><audio controls src=\"https:\/\/renatodias.online\/movimento\/wp-content\/uploads\/2025\/09\/Hermes-Traldi.ogg\"><\/audio><figcaption class=\"wp-element-caption\">Hermes Traldi<\/figcaption><\/figure>\n\n\n\n<p><strong>Um adepto das ideias de John Maynard Keynes, defensor do meio ambiente, homem de vanguarda do agroneg\u00f3cio, com esp\u00edrito republicano, assim como n\u00e3o patrimonialista e vis\u00e3o humanista de gest\u00e3o, o l\u00edder pol\u00edtico descarta disputar as elei\u00e7\u00f5es do ano que vem. &#8220;N\u00e3o irei&#8221;.<\/strong><\/p>\n\n\n\n<figure class=\"wp-block-image aligncenter size-full\"><img loading=\"lazy\" decoding=\"async\" width=\"150\" height=\"70\" src=\"https:\/\/renatodias.online\/movimento\/wp-content\/uploads\/2024\/03\/Saiba-mais-e1710783943468.png\" alt=\"\" class=\"wp-image-19880\"\/><\/figure>\n\n\n\n<p><strong>Penso em apoiar projetos com os quais tenho identidade e deposito confian\u00e7a, relata. Quem conhece Marconi Perillo confia, sublinha o engenheiro agr\u00f4nomo graduado na USP e empres\u00e1rio Hermes Traldi. O ex-governador tem legado, \u00e9 competitivo, agrega e se renova, frisa.<\/strong><\/p>\n\n\n\n<figure class=\"wp-block-image aligncenter size-full\"><img loading=\"lazy\" decoding=\"async\" width=\"200\" height=\"200\" src=\"https:\/\/renatodias.online\/movimento\/wp-content\/uploads\/2019\/09\/Tucano-e1637493554237.gif\" alt=\"\" class=\"wp-image-2542\"\/><figcaption class=\"wp-element-caption\">Tucano, o s\u00edmbolo do PSDB<\/figcaption><\/figure>\n\n\n\n<figure class=\"wp-block-audio\"><audio controls src=\"https:\/\/renatodias.online\/movimento\/wp-content\/uploads\/2024\/02\/AUD-20240202-WA0029-online-audio-converter.com_.mp3\"><\/audio><figcaption class=\"wp-element-caption\"><strong><mark style=\"background-color:rgba(0, 0, 0, 0)\" class=\"has-inline-color has-vivid-green-cyan-color\">Chico Buarque, Apesar de voc\u00ea<\/mark><\/strong><\/figcaption><\/figure>\n\n\n\n<p><\/p>\n","protected":false},"excerpt":{"rendered":"<p>Momento \u00fanico\u00a0 Renato Dias\u00a0 Um momento \u00fanico. \u00c9 o que afirma o ex-presidente da Associa\u00e7\u00e3o Goiana dos Ex-prefeitos [Agexp] Hermes Traldi. Ele se refere ao ato de lan\u00e7amento da pr\u00e9 &#8211; candidatura de Marconi Perillo ao Governo do Estado de Goi\u00e1s. As elei\u00e7\u00f5es ocorrer\u00e3o em outubro do ano de 2026. Mais: presidente nacional do PSDB<\/p>\n","protected":false},"author":2,"featured_media":21864,"comment_status":"open","ping_status":"open","sticky":false,"template":"","format":"standard","meta":{"_acf_changed":false,"_monsterinsights_skip_tracking":false,"_monsterinsights_sitenote_active":false,"_monsterinsights_sitenote_note":"","_monsterinsights_sitenote_category":0,"footnotes":""},"categories":[4],"tags":[],"class_list":["post-21863","post","type-post","status-publish","format-standard","has-post-thumbnail","hentry","category-politica"],"acf":[],"yoast_head":"<!-- This site is optimized with the Yoast SEO plugin v27.4 - https:\/\/yoast.com\/product\/yoast-seo-wordpress\/ -->\n<title>Traldi animado com Perillo\u00a0 -<\/title>\n<meta name=\"robots\" content=\"index, follow, max-snippet:-1, max-image-preview:large, max-video-preview:-1\" \/>\n<link rel=\"canonical\" href=\"https:\/\/renatodias.online\/movimento\/2025\/09\/29\/traldi-animado-com-perillo\/\" \/>\n<meta property=\"og:locale\" content=\"pt_BR\" \/>\n<meta property=\"og:type\" content=\"article\" \/>\n<meta property=\"og:title\" content=\"Traldi animado com Perillo\u00a0 -\" \/>\n<meta property=\"og:description\" content=\"Momento \u00fanico\u00a0 Renato Dias\u00a0 Um momento \u00fanico. \u00c9 o que afirma o ex-presidente da Associa\u00e7\u00e3o Goiana dos Ex-prefeitos [Agexp] Hermes Traldi. Ele se refere ao ato de lan\u00e7amento da pr\u00e9 &#8211; candidatura de Marconi Perillo ao Governo do Estado de Goi\u00e1s. As elei\u00e7\u00f5es ocorrer\u00e3o em outubro do ano de 2026. Mais: presidente nacional do PSDB\" \/>\n<meta property=\"og:url\" content=\"https:\/\/renatodias.online\/movimento\/2025\/09\/29\/traldi-animado-com-perillo\/\" \/>\n<meta property=\"article:publisher\" content=\"https:\/\/www.facebook.com\/renato.dias.37\" \/>\n<meta property=\"article:author\" content=\"https:\/\/www.facebook.com\/renato.dias.37\" \/>\n<meta property=\"article:published_time\" content=\"2025-09-29T22:01:20+00:00\" \/>\n<meta property=\"article:modified_time\" content=\"2025-09-29T22:01:21+00:00\" \/>\n<meta property=\"og:image\" content=\"https:\/\/renatodias.online\/movimento\/wp-content\/uploads\/2025\/09\/Screenshot_2025-09-29-17-36-43-021_com.whatsapp-edit1-e1759182505875.jpg\" \/>\n\t<meta property=\"og:image:width\" content=\"700\" \/>\n\t<meta property=\"og:image:height\" content=\"548\" \/>\n\t<meta property=\"og:image:type\" content=\"image\/jpeg\" \/>\n<meta name=\"author\" content=\"Renato Dias\" \/>\n<meta name=\"twitter:card\" content=\"summary_large_image\" \/>\n<meta name=\"twitter:creator\" content=\"@RenatoDiasBat\" \/>\n<meta name=\"twitter:site\" content=\"@RenatoDiasBat\" \/>\n<meta name=\"twitter:label1\" content=\"Escrito por\" \/>\n\t<meta name=\"twitter:data1\" content=\"Renato Dias\" \/>\n\t<meta name=\"twitter:label2\" content=\"Est. tempo de leitura\" \/>\n\t<meta name=\"twitter:data2\" content=\"3 minutos\" \/>\n<script type=\"application\/ld+json\" class=\"yoast-schema-graph\">{\"@context\":\"https:\\\/\\\/schema.org\",\"@graph\":[{\"@type\":\"Article\",\"@id\":\"https:\\\/\\\/renatodias.online\\\/movimento\\\/2025\\\/09\\\/29\\\/traldi-animado-com-perillo\\\/#article\",\"isPartOf\":{\"@id\":\"https:\\\/\\\/renatodias.online\\\/movimento\\\/2025\\\/09\\\/29\\\/traldi-animado-com-perillo\\\/\"},\"author\":{\"name\":\"Renato Dias\",\"@id\":\"https:\\\/\\\/renatodias.online\\\/movimento\\\/#\\\/schema\\\/person\\\/bbab28833b1725a20f4083f49f1fb2a9\"},\"headline\":\"Traldi animado com Perillo\u00a0\",\"datePublished\":\"2025-09-29T22:01:20+00:00\",\"dateModified\":\"2025-09-29T22:01:21+00:00\",\"mainEntityOfPage\":{\"@id\":\"https:\\\/\\\/renatodias.online\\\/movimento\\\/2025\\\/09\\\/29\\\/traldi-animado-com-perillo\\\/\"},\"wordCount\":261,\"commentCount\":0,\"publisher\":{\"@id\":\"https:\\\/\\\/renatodias.online\\\/movimento\\\/#\\\/schema\\\/person\\\/bbab28833b1725a20f4083f49f1fb2a9\"},\"image\":{\"@id\":\"https:\\\/\\\/renatodias.online\\\/movimento\\\/2025\\\/09\\\/29\\\/traldi-animado-com-perillo\\\/#primaryimage\"},\"thumbnailUrl\":\"https:\\\/\\\/renatodias.online\\\/movimento\\\/wp-content\\\/uploads\\\/2025\\\/09\\\/Screenshot_2025-09-29-17-36-43-021_com.whatsapp-edit1-e1759182505875.jpg\",\"articleSection\":[\"Pol\u00edtica\"],\"inLanguage\":\"pt-BR\",\"potentialAction\":[{\"@type\":\"CommentAction\",\"name\":\"Comment\",\"target\":[\"https:\\\/\\\/renatodias.online\\\/movimento\\\/2025\\\/09\\\/29\\\/traldi-animado-com-perillo\\\/#respond\"]}]},{\"@type\":\"WebPage\",\"@id\":\"https:\\\/\\\/renatodias.online\\\/movimento\\\/2025\\\/09\\\/29\\\/traldi-animado-com-perillo\\\/\",\"url\":\"https:\\\/\\\/renatodias.online\\\/movimento\\\/2025\\\/09\\\/29\\\/traldi-animado-com-perillo\\\/\",\"name\":\"Traldi animado com Perillo\u00a0 -\",\"isPartOf\":{\"@id\":\"https:\\\/\\\/renatodias.online\\\/movimento\\\/#website\"},\"primaryImageOfPage\":{\"@id\":\"https:\\\/\\\/renatodias.online\\\/movimento\\\/2025\\\/09\\\/29\\\/traldi-animado-com-perillo\\\/#primaryimage\"},\"image\":{\"@id\":\"https:\\\/\\\/renatodias.online\\\/movimento\\\/2025\\\/09\\\/29\\\/traldi-animado-com-perillo\\\/#primaryimage\"},\"thumbnailUrl\":\"https:\\\/\\\/renatodias.online\\\/movimento\\\/wp-content\\\/uploads\\\/2025\\\/09\\\/Screenshot_2025-09-29-17-36-43-021_com.whatsapp-edit1-e1759182505875.jpg\",\"datePublished\":\"2025-09-29T22:01:20+00:00\",\"dateModified\":\"2025-09-29T22:01:21+00:00\",\"breadcrumb\":{\"@id\":\"https:\\\/\\\/renatodias.online\\\/movimento\\\/2025\\\/09\\\/29\\\/traldi-animado-com-perillo\\\/#breadcrumb\"},\"inLanguage\":\"pt-BR\",\"potentialAction\":[{\"@type\":\"ReadAction\",\"target\":[\"https:\\\/\\\/renatodias.online\\\/movimento\\\/2025\\\/09\\\/29\\\/traldi-animado-com-perillo\\\/\"]}]},{\"@type\":\"ImageObject\",\"inLanguage\":\"pt-BR\",\"@id\":\"https:\\\/\\\/renatodias.online\\\/movimento\\\/2025\\\/09\\\/29\\\/traldi-animado-com-perillo\\\/#primaryimage\",\"url\":\"https:\\\/\\\/renatodias.online\\\/movimento\\\/wp-content\\\/uploads\\\/2025\\\/09\\\/Screenshot_2025-09-29-17-36-43-021_com.whatsapp-edit1-e1759182505875.jpg\",\"contentUrl\":\"https:\\\/\\\/renatodias.online\\\/movimento\\\/wp-content\\\/uploads\\\/2025\\\/09\\\/Screenshot_2025-09-29-17-36-43-021_com.whatsapp-edit1-e1759182505875.jpg\",\"width\":700,\"height\":548,\"caption\":\"Hermes Traldi e Marconi Perillo\"},{\"@type\":\"BreadcrumbList\",\"@id\":\"https:\\\/\\\/renatodias.online\\\/movimento\\\/2025\\\/09\\\/29\\\/traldi-animado-com-perillo\\\/#breadcrumb\",\"itemListElement\":[{\"@type\":\"ListItem\",\"position\":1,\"name\":\"In\u00edcio\",\"item\":\"https:\\\/\\\/renatodias.online\\\/movimento\\\/\"},{\"@type\":\"ListItem\",\"position\":2,\"name\":\"Traldi animado com Perillo\u00a0\"}]},{\"@type\":\"WebSite\",\"@id\":\"https:\\\/\\\/renatodias.online\\\/movimento\\\/#website\",\"url\":\"https:\\\/\\\/renatodias.online\\\/movimento\\\/\",\"name\":\"\",\"description\":\"\",\"publisher\":{\"@id\":\"https:\\\/\\\/renatodias.online\\\/movimento\\\/#\\\/schema\\\/person\\\/bbab28833b1725a20f4083f49f1fb2a9\"},\"potentialAction\":[{\"@type\":\"SearchAction\",\"target\":{\"@type\":\"EntryPoint\",\"urlTemplate\":\"https:\\\/\\\/renatodias.online\\\/movimento\\\/?s={search_term_string}\"},\"query-input\":{\"@type\":\"PropertyValueSpecification\",\"valueRequired\":true,\"valueName\":\"search_term_string\"}}],\"inLanguage\":\"pt-BR\"},{\"@type\":[\"Person\",\"Organization\"],\"@id\":\"https:\\\/\\\/renatodias.online\\\/movimento\\\/#\\\/schema\\\/person\\\/bbab28833b1725a20f4083f49f1fb2a9\",\"name\":\"Renato Dias\",\"image\":{\"@type\":\"ImageObject\",\"inLanguage\":\"pt-BR\",\"@id\":\"https:\\\/\\\/renatodias.online\\\/movimento\\\/wp-content\\\/uploads\\\/2023\\\/03\\\/cropped-cropped-cropped-logofinal.jpeg\",\"url\":\"https:\\\/\\\/renatodias.online\\\/movimento\\\/wp-content\\\/uploads\\\/2023\\\/03\\\/cropped-cropped-cropped-logofinal.jpeg\",\"contentUrl\":\"https:\\\/\\\/renatodias.online\\\/movimento\\\/wp-content\\\/uploads\\\/2023\\\/03\\\/cropped-cropped-cropped-logofinal.jpeg\",\"width\":1280,\"height\":219,\"caption\":\"Renato Dias\"},\"logo\":{\"@id\":\"https:\\\/\\\/renatodias.online\\\/movimento\\\/wp-content\\\/uploads\\\/2023\\\/03\\\/cropped-cropped-cropped-logofinal.jpeg\"},\"description\":\"Renato Dias, 58 anos, \u00e9 graduado em Jornalismo, formado em Ci\u00eancias Sociais, com p\u00f3s-gradua\u00e7\u00e3o em Pol\u00edticas P\u00fablicas, mestre em Direito e Rela\u00e7\u00f5es Internacionais, ex-aluno extraordin\u00e1rio do Doutorado em Psicologia Social, ex-estudante do Curso de Psican\u00e1lise do Centro de Estudos Psicanal\u00edticos do Estado de Goi\u00e1s, ministrado pelo m\u00e9dico psiquiatra e psicanalista Daniel Em\u00eddio de Souza. \u00c9 autor de 30 livros-reportagem, oito document\u00e1rios, ganhou 30 pr\u00eamios e \u00e9 torcedor apaixonado do maior do Centro-Oeste, o Vila Nova Futebol Clube. Casado com Meirilane Dias, \u00e9 pai de Juliana Dias, jornalista; Daniel Dias, economista; e Maria Rosa Dias, estudante antifascista, socialista e trotskista.\u00a0Com tr\u00eas pets: Porquinho [Bull Dog Franc\u00eas], Dalila [Basset Hound] e Geleia [Basset Hound]. Al\u00e9m do eterno gato Tutuquinho, que virou estrela.\",\"sameAs\":[\"https:\\\/\\\/www.facebook.com\\\/renato.dias.37\",\"#breve\",\"https:\\\/\\\/renatodias.tumblr.com\\\/\"],\"url\":\"https:\\\/\\\/renatodias.online\\\/movimento\\\/author\\\/renatodias\\\/\"}]}<\/script>\n<!-- \/ Yoast SEO plugin. -->","yoast_head_json":{"title":"Traldi animado com Perillo\u00a0 -","robots":{"index":"index","follow":"follow","max-snippet":"max-snippet:-1","max-image-preview":"max-image-preview:large","max-video-preview":"max-video-preview:-1"},"canonical":"https:\/\/renatodias.online\/movimento\/2025\/09\/29\/traldi-animado-com-perillo\/","og_locale":"pt_BR","og_type":"article","og_title":"Traldi animado com Perillo\u00a0 -","og_description":"Momento \u00fanico\u00a0 Renato Dias\u00a0 Um momento \u00fanico. \u00c9 o que afirma o ex-presidente da Associa\u00e7\u00e3o Goiana dos Ex-prefeitos [Agexp] Hermes Traldi. Ele se refere ao ato de lan\u00e7amento da pr\u00e9 &#8211; candidatura de Marconi Perillo ao Governo do Estado de Goi\u00e1s. As elei\u00e7\u00f5es ocorrer\u00e3o em outubro do ano de 2026. Mais: presidente nacional do PSDB","og_url":"https:\/\/renatodias.online\/movimento\/2025\/09\/29\/traldi-animado-com-perillo\/","article_publisher":"https:\/\/www.facebook.com\/renato.dias.37","article_author":"https:\/\/www.facebook.com\/renato.dias.37","article_published_time":"2025-09-29T22:01:20+00:00","article_modified_time":"2025-09-29T22:01:21+00:00","og_image":[{"width":700,"height":548,"url":"https:\/\/renatodias.online\/movimento\/wp-content\/uploads\/2025\/09\/Screenshot_2025-09-29-17-36-43-021_com.whatsapp-edit1-e1759182505875.jpg","type":"image\/jpeg"}],"author":"Renato Dias","twitter_card":"summary_large_image","twitter_creator":"@RenatoDiasBat","twitter_site":"@RenatoDiasBat","twitter_misc":{"Escrito por":"Renato Dias","Est. tempo de leitura":"3 minutos"},"schema":{"@context":"https:\/\/schema.org","@graph":[{"@type":"Article","@id":"https:\/\/renatodias.online\/movimento\/2025\/09\/29\/traldi-animado-com-perillo\/#article","isPartOf":{"@id":"https:\/\/renatodias.online\/movimento\/2025\/09\/29\/traldi-animado-com-perillo\/"},"author":{"name":"Renato Dias","@id":"https:\/\/renatodias.online\/movimento\/#\/schema\/person\/bbab28833b1725a20f4083f49f1fb2a9"},"headline":"Traldi animado com Perillo\u00a0","datePublished":"2025-09-29T22:01:20+00:00","dateModified":"2025-09-29T22:01:21+00:00","mainEntityOfPage":{"@id":"https:\/\/renatodias.online\/movimento\/2025\/09\/29\/traldi-animado-com-perillo\/"},"wordCount":261,"commentCount":0,"publisher":{"@id":"https:\/\/renatodias.online\/movimento\/#\/schema\/person\/bbab28833b1725a20f4083f49f1fb2a9"},"image":{"@id":"https:\/\/renatodias.online\/movimento\/2025\/09\/29\/traldi-animado-com-perillo\/#primaryimage"},"thumbnailUrl":"https:\/\/renatodias.online\/movimento\/wp-content\/uploads\/2025\/09\/Screenshot_2025-09-29-17-36-43-021_com.whatsapp-edit1-e1759182505875.jpg","articleSection":["Pol\u00edtica"],"inLanguage":"pt-BR","potentialAction":[{"@type":"CommentAction","name":"Comment","target":["https:\/\/renatodias.online\/movimento\/2025\/09\/29\/traldi-animado-com-perillo\/#respond"]}]},{"@type":"WebPage","@id":"https:\/\/renatodias.online\/movimento\/2025\/09\/29\/traldi-animado-com-perillo\/","url":"https:\/\/renatodias.online\/movimento\/2025\/09\/29\/traldi-animado-com-perillo\/","name":"Traldi animado com Perillo\u00a0 -","isPartOf":{"@id":"https:\/\/renatodias.online\/movimento\/#website"},"primaryImageOfPage":{"@id":"https:\/\/renatodias.online\/movimento\/2025\/09\/29\/traldi-animado-com-perillo\/#primaryimage"},"image":{"@id":"https:\/\/renatodias.online\/movimento\/2025\/09\/29\/traldi-animado-com-perillo\/#primaryimage"},"thumbnailUrl":"https:\/\/renatodias.online\/movimento\/wp-content\/uploads\/2025\/09\/Screenshot_2025-09-29-17-36-43-021_com.whatsapp-edit1-e1759182505875.jpg","datePublished":"2025-09-29T22:01:20+00:00","dateModified":"2025-09-29T22:01:21+00:00","breadcrumb":{"@id":"https:\/\/renatodias.online\/movimento\/2025\/09\/29\/traldi-animado-com-perillo\/#breadcrumb"},"inLanguage":"pt-BR","potentialAction":[{"@type":"ReadAction","target":["https:\/\/renatodias.online\/movimento\/2025\/09\/29\/traldi-animado-com-perillo\/"]}]},{"@type":"ImageObject","inLanguage":"pt-BR","@id":"https:\/\/renatodias.online\/movimento\/2025\/09\/29\/traldi-animado-com-perillo\/#primaryimage","url":"https:\/\/renatodias.online\/movimento\/wp-content\/uploads\/2025\/09\/Screenshot_2025-09-29-17-36-43-021_com.whatsapp-edit1-e1759182505875.jpg","contentUrl":"https:\/\/renatodias.online\/movimento\/wp-content\/uploads\/2025\/09\/Screenshot_2025-09-29-17-36-43-021_com.whatsapp-edit1-e1759182505875.jpg","width":700,"height":548,"caption":"Hermes Traldi e Marconi Perillo"},{"@type":"BreadcrumbList","@id":"https:\/\/renatodias.online\/movimento\/2025\/09\/29\/traldi-animado-com-perillo\/#breadcrumb","itemListElement":[{"@type":"ListItem","position":1,"name":"In\u00edcio","item":"https:\/\/renatodias.online\/movimento\/"},{"@type":"ListItem","position":2,"name":"Traldi animado com Perillo\u00a0"}]},{"@type":"WebSite","@id":"https:\/\/renatodias.online\/movimento\/#website","url":"https:\/\/renatodias.online\/movimento\/","name":"","description":"","publisher":{"@id":"https:\/\/renatodias.online\/movimento\/#\/schema\/person\/bbab28833b1725a20f4083f49f1fb2a9"},"potentialAction":[{"@type":"SearchAction","target":{"@type":"EntryPoint","urlTemplate":"https:\/\/renatodias.online\/movimento\/?s={search_term_string}"},"query-input":{"@type":"PropertyValueSpecification","valueRequired":true,"valueName":"search_term_string"}}],"inLanguage":"pt-BR"},{"@type":["Person","Organization"],"@id":"https:\/\/renatodias.online\/movimento\/#\/schema\/person\/bbab28833b1725a20f4083f49f1fb2a9","name":"Renato Dias","image":{"@type":"ImageObject","inLanguage":"pt-BR","@id":"https:\/\/renatodias.online\/movimento\/wp-content\/uploads\/2023\/03\/cropped-cropped-cropped-logofinal.jpeg","url":"https:\/\/renatodias.online\/movimento\/wp-content\/uploads\/2023\/03\/cropped-cropped-cropped-logofinal.jpeg","contentUrl":"https:\/\/renatodias.online\/movimento\/wp-content\/uploads\/2023\/03\/cropped-cropped-cropped-logofinal.jpeg","width":1280,"height":219,"caption":"Renato Dias"},"logo":{"@id":"https:\/\/renatodias.online\/movimento\/wp-content\/uploads\/2023\/03\/cropped-cropped-cropped-logofinal.jpeg"},"description":"Renato Dias, 58 anos, \u00e9 graduado em Jornalismo, formado em Ci\u00eancias Sociais, com p\u00f3s-gradua\u00e7\u00e3o em Pol\u00edticas P\u00fablicas, mestre em Direito e Rela\u00e7\u00f5es Internacionais, ex-aluno extraordin\u00e1rio do Doutorado em Psicologia Social, ex-estudante do Curso de Psican\u00e1lise do Centro de Estudos Psicanal\u00edticos do Estado de Goi\u00e1s, ministrado pelo m\u00e9dico psiquiatra e psicanalista Daniel Em\u00eddio de Souza. \u00c9 autor de 30 livros-reportagem, oito document\u00e1rios, ganhou 30 pr\u00eamios e \u00e9 torcedor apaixonado do maior do Centro-Oeste, o Vila Nova Futebol Clube. Casado com Meirilane Dias, \u00e9 pai de Juliana Dias, jornalista; Daniel Dias, economista; e Maria Rosa Dias, estudante antifascista, socialista e trotskista.\u00a0Com tr\u00eas pets: Porquinho [Bull Dog Franc\u00eas], Dalila [Basset Hound] e Geleia [Basset Hound]. Al\u00e9m do eterno gato Tutuquinho, que virou estrela.","sameAs":["https:\/\/www.facebook.com\/renato.dias.37","#breve","https:\/\/renatodias.tumblr.com\/"],"url":"https:\/\/renatodias.online\/movimento\/author\/renatodias\/"}]}},"_links":{"self":[{"href":"https:\/\/renatodias.online\/movimento\/wp-json\/wp\/v2\/posts\/21863","targetHints":{"allow":["GET"]}}],"collection":[{"href":"https:\/\/renatodias.online\/movimento\/wp-json\/wp\/v2\/posts"}],"about":[{"href":"https:\/\/renatodias.online\/movimento\/wp-json\/wp\/v2\/types\/post"}],"author":[{"embeddable":true,"href":"https:\/\/renatodias.online\/movimento\/wp-json\/wp\/v2\/users\/2"}],"replies":[{"embeddable":true,"href":"https:\/\/renatodias.online\/movimento\/wp-json\/wp\/v2\/comments?post=21863"}],"version-history":[{"count":1,"href":"https:\/\/renatodias.online\/movimento\/wp-json\/wp\/v2\/posts\/21863\/revisions"}],"predecessor-version":[{"id":21870,"href":"https:\/\/renatodias.online\/movimento\/wp-json\/wp\/v2\/posts\/21863\/revisions\/21870"}],"wp:featuredmedia":[{"embeddable":true,"href":"https:\/\/renatodias.online\/movimento\/wp-json\/wp\/v2\/media\/21864"}],"wp:attachment":[{"href":"https:\/\/renatodias.online\/movimento\/wp-json\/wp\/v2\/media?parent=21863"}],"wp:term":[{"taxonomy":"category","embeddable":true,"href":"https:\/\/renatodias.online\/movimento\/wp-json\/wp\/v2\/categories?post=21863"},{"taxonomy":"post_tag","embeddable":true,"href":"https:\/\/renatodias.online\/movimento\/wp-json\/wp\/v2\/tags?post=21863"}],"curies":[{"name":"wp","href":"https:\/\/api.w.org\/{rel}","templated":true}]}}