{"id":2186,"date":"2019-09-05T12:47:50","date_gmt":"2019-09-05T15:47:50","guid":{"rendered":"https:\/\/renatodias.online\/movimento\/?p=2186"},"modified":"2019-09-05T13:16:36","modified_gmt":"2019-09-05T16:16:36","slug":"elas-fazem-cinema-torre-das-donzelas-abre-mostra-hoje-as-19h","status":"publish","type":"post","link":"https:\/\/renatodias.online\/movimento\/2019\/09\/05\/elas-fazem-cinema-torre-das-donzelas-abre-mostra-hoje-as-19h\/","title":{"rendered":"Elas fazem cinema \u2018Torre das Donzelas\u2019 abre mostra, hoje, \u00e0s 19h"},"content":{"rendered":"\n<p><strong>Elas fazem cinema<\/strong><\/p>\n\n\n\n<p><strong>\u2018<\/strong><strong>Torre das Donzelas<\/strong><strong>\u2019<\/strong><strong> abre mostra, hoje, \u00e0s 19h<\/strong><\/p>\n\n\n\n<p><strong>Doutora da Faculdade de\nHist\u00f3ria da UFG, Alcilene Cavalcante, uma trotskista na juventude, &nbsp;orga\u00adniza a quarta edi\u00e7\u00e3o com abordagem da\nviol\u00eancia contra as mulheres &amp; protagonismo<\/strong><\/p>\n\n\n\n<p><strong>Renato Dias <\/strong><\/p>\n\n\n\n<p>\u2018Torre\nda Donzelas\u2019, filme de Suzana\nLira, abre, hoje, nesta quinta-feira, 5 de setembro de 2019, 19h, no Cine\nCultura, Pra\u00e7a C\u00edvica, em Goi\u00e2nia, a quarta edi\u00e7\u00e3o de \u2018Elas Fazem Cinema: mostra de Filmes Dirigidos por Mulheres\u2019. Sob a coordena\u00e7\u00e3o da doutora da\nFaculdade de Hist\u00f3ria, da Universidade Federal de Goi\u00e1s [UFG], Alcilene\nCavalcante. Um projeto de extens\u00e3o. Sem fins lucrativos. Para revelar o\nprotagonismo das mulheres. Por tr\u00e1s e diante das c\u00e2meras. Assim como quest\u00f5es\nde g\u00eanero como temas em suas produ\u00e7\u00f5es cinematogr\u00e1ficas.<\/p>\n\n\n\n<figure class=\"wp-block-image\"><img loading=\"lazy\" decoding=\"async\" width=\"714\" height=\"960\" src=\"https:\/\/renatodias.online\/movimento\/wp-content\/uploads\/2019\/09\/Alcilene-Cavalcante-coordenadora-da-mostra-Elas-Fazem-Cinema.jpg\" alt=\"\" class=\"wp-image-2187\" srcset=\"https:\/\/renatodias.online\/movimento\/wp-content\/uploads\/2019\/09\/Alcilene-Cavalcante-coordenadora-da-mostra-Elas-Fazem-Cinema.jpg 714w, https:\/\/renatodias.online\/movimento\/wp-content\/uploads\/2019\/09\/Alcilene-Cavalcante-coordenadora-da-mostra-Elas-Fazem-Cinema-223x300.jpg 223w\" sizes=\"auto, (max-width: 714px) 100vw, 714px\" \/><figcaption> <strong>Suzana Lira,&nbsp; cineasta<\/strong> <\/figcaption><\/figure>\n\n\n\n<p>A unidade tem\u00e1tica \u00e9 \u2018A\nViol\u00eancia Contra as Mulheres\u2019.\nCom o suporte institucional de Fernanda Fernandes, do N\u00facleo de Direitos\nHumanos, da Defensoria P\u00fablica do Estado de Goi\u00e1s. A curadoria \u00e9 oriunda de estudos de\nG\u00eanero, Cinema e Hist\u00f3ria. Tema: viol\u00eancia. Uma esp\u00e9cie de guia para o levantamento\nde filmes realizados por mulheres no Brasil \u2013 promovido, inicialmente, por\nPatr\u00edcia Guedes e com a colabora\u00e7\u00e3o da professora Cei\u00e7a Ferreira. Sob&nbsp; os crit\u00e9rios que marcam as curadorias do\nprojeto (protagonismo, diversidade, regional e \u00e9tica.<\/p>\n\n\n\n<figure class=\"wp-block-image\"><img loading=\"lazy\" decoding=\"async\" width=\"799\" height=\"601\" src=\"https:\/\/renatodias.online\/movimento\/wp-content\/uploads\/2019\/09\/Suzana-Lira-cineasta.jpg\" alt=\"\" class=\"wp-image-2188\" srcset=\"https:\/\/renatodias.online\/movimento\/wp-content\/uploads\/2019\/09\/Suzana-Lira-cineasta.jpg 799w, https:\/\/renatodias.online\/movimento\/wp-content\/uploads\/2019\/09\/Suzana-Lira-cineasta-300x226.jpg 300w, https:\/\/renatodias.online\/movimento\/wp-content\/uploads\/2019\/09\/Suzana-Lira-cineasta-768x578.jpg 768w, https:\/\/renatodias.online\/movimento\/wp-content\/uploads\/2019\/09\/Suzana-Lira-cineasta-750x564.jpg 750w\" sizes=\"auto, (max-width: 799px) 100vw, 799px\" \/><figcaption> <strong>Alcilene Cavalcante<\/strong> <\/figcaption><\/figure>\n\n\n\n<p>O GECI estabeleceu a programa\u00e7\u00e3o da 4\u00aa edi\u00e7\u00e3o da \u2018Elas fazem\ncinema\u2019 para pautar o\nperverso fen\u00f4meno, cujos \u00edndices se acentuam, revelam que a viol\u00eancia atravessa\na sociedade, em seus estratos [g\u00eanero, classe, ra\u00e7a-etnia, geracional, sexual,\nregional] e afeta ainda mais as mulheres, no atual cen\u00e1rio pol\u00edtico-cultural\nbrasileiro. Curtas e longas-metragens, entre fic\u00e7\u00f5es e document\u00e1rios, de\ndiretoras de Goi\u00e1s e de m\u00faltiplas regi\u00f5es do pa\u00eds, comp\u00f5em a mostra, que prev\u00ea debates\nap\u00f3s as exibi\u00e7\u00f5es com a presen\u00e7a de diretoras, atrizes e personagens.<\/p>\n\n\n\n<p>Aparecem na rela\u00e7\u00e3o: Maria Aparecida Skorupsky, professora da PUC\n[GO] e ex-prisioneira pol\u00edtica; a professora Cei\u00e7a Ferreira, do Curso de Cinema\ne Audiovisual da UEG; Eronilde Nascimento, lideran\u00e7a do movimento M\u00e3es de Maio\ndo Cerrado de Goi\u00e1s; Fabiana Fernandes, cineasta mato-grossense do sul; &nbsp;Fernanda Fernandes, do N\u00facleo Especializado de\nDireitos Humanos, da Defensoria P\u00fablica de Goi\u00e1s; Iara Prado, professora,\nex-prisioneira pol\u00edtica, personagem do filme \u201cTorre das Donzelas\u201d; L\u00edvia de\nPaiva, cineasta cearense. <\/p>\n\n\n\n<p><strong>Pr\u00e9-abertura<\/strong><\/p>\n\n\n\n<p>A pr\u00e9-abertura da mostra ocorrer\u00e1, hoje, no audit\u00f3rio da Faculdade\nde Letras da UFG, \u00e0s 14 h, com a exibi\u00e7\u00e3o do filme \u201cKu\u00f1a Por\u00e3 &#8211; Matriarcas\nKaiowa e Guarani\u201d. Dire\u00e7\u00e3o de Fabiana Fernandes e Daniela Jorge Jo\u00e3o. Logo ap\u00f3s\no filme, uma mesa de debate composta pelas diretoras, pela antrop\u00f3loga M\u00f4nica\nPechincha e com a participa\u00e7\u00e3o especial do professor de Hist\u00f3ria, Losandro Tedeschi\n[UFGD], coordenador da C\u00e1tedra Unesco em G\u00eanero e Fronteira na UFGD. &nbsp;A media\u00e7\u00e3o da professora Alcilene Cavalcante. A\nentrada \u00e9 gratuita. Confira a programa\u00e7\u00e3o completa em: <a href=\"https:\/\/web.facebook.com\/elasfazemcinema\/\">https:\/\/web.facebook.com\/elasfazemcinema\/<\/a> ou [62] 98106-1711 <\/p>\n\n\n\n<figure class=\"wp-block-image\"><img loading=\"lazy\" decoding=\"async\" width=\"1024\" height=\"683\" src=\"https:\/\/renatodias.online\/movimento\/wp-content\/uploads\/2019\/09\/Torre-das-Donzelas-1-1024x683.png\" alt=\"\" class=\"wp-image-2189\" srcset=\"https:\/\/renatodias.online\/movimento\/wp-content\/uploads\/2019\/09\/Torre-das-Donzelas-1.png 1024w, https:\/\/renatodias.online\/movimento\/wp-content\/uploads\/2019\/09\/Torre-das-Donzelas-1-300x200.png 300w, https:\/\/renatodias.online\/movimento\/wp-content\/uploads\/2019\/09\/Torre-das-Donzelas-1-768x512.png 768w, https:\/\/renatodias.online\/movimento\/wp-content\/uploads\/2019\/09\/Torre-das-Donzelas-1-360x240.png 360w, https:\/\/renatodias.online\/movimento\/wp-content\/uploads\/2019\/09\/Torre-das-Donzelas-1-750x500.png 750w\" sizes=\"auto, (max-width: 1024px) 100vw, 1024px\" \/><figcaption> <strong>Cena de Torre das Donzelas<\/strong> <\/figcaption><\/figure>\n\n\n\n<p><strong>Programa\u00e7\u00e3o<\/strong><\/p>\n\n\n\n<p><strong>5\/09<\/strong><\/p>\n\n\n\n<p><strong>Pr\u00e9-abertura<\/strong><\/p>\n\n\n\n<p>14h &#8211;\nCine UFG &#8211; Audit\u00f3rio da Faculdade de Letras da UFG &#8211; Campus II (Samambaia)<\/p>\n\n\n\n<p><strong>Ku\u00f1a\nPor\u00e3 &#8211; Matriarcas Kaiowa e Guarani <\/strong>(2018, document\u00e1rio, 28\u2019) &#8211; MS<\/p>\n\n\n\n<p>Dire\u00e7\u00e3o:\nFabiana Fernandes e Daniela Jorge Jo\u00e3o<\/p>\n\n\n\n<p>Classifica\u00e7\u00e3o:\nLivre<\/p>\n\n\n\n<p><strong>Mesa\nredonda<\/strong><\/p>\n\n\n\n<p>Fabiana\nFernandes (Ku\u00f1a Por\u00e3), Losandro Tedeschi (UFGD), M\u00f4nica Pechincha (UFG), Mariane\nNeves (UFG\/GECI).<\/p>\n\n\n\n<p><strong>Abertura<\/strong><\/p>\n\n\n\n<p>19h &#8211;\nCine Cultura<\/p>\n\n\n\n<p><strong>Torre\ndas Donzelas<\/strong> (2018,\ndocument\u00e1rio, 97\u2019) &#8211; RJ<\/p>\n\n\n\n<p>Dire\u00e7\u00e3o:\nSuzanna Lira<\/p>\n\n\n\n<p>Classifica\u00e7\u00e3o:\n14 anos<\/p>\n\n\n\n<p><strong>Mesa\nredonda<\/strong><\/p>\n\n\n\n<p>Iara\nPrado (Torre das Donzelas), Aparecida Skorupsky (PUC-GO), Alcilene Cavalcante (UFG\/GECI)\ne Virg\u00ednia Pe\u00e7anha (UFG\/GECI)<\/p>\n\n\n\n<p><strong>6\/09<\/strong><\/p>\n\n\n\n<p>19h &#8211;\nCine Cultura <\/p>\n\n\n\n<p><strong>\u00c0\nTona<\/strong> (2018, document\u00e1rio,\n14\u201950\u201d) &#8211; DF<\/p>\n\n\n\n<p>Dire\u00e7\u00e3o:\nDaniella Cronemberger<\/p>\n\n\n\n<p>Classifica\u00e7\u00e3o:\n12 anos<\/p>\n\n\n\n<p><strong>A\nBicicleta<\/strong> (2019, fic\u00e7\u00e3o, 12\u201905\u201d)\n&#8211; GO<\/p>\n\n\n\n<p>Dire\u00e7\u00e3o:\nMilena Ribeiro<\/p>\n\n\n\n<p>Classifica\u00e7\u00e3o:\ns\/id<\/p>\n\n\n\n<p><strong>Assim<\/strong> (2013, fic\u00e7\u00e3o, 13\u2019) &#8211; AM<\/p>\n\n\n\n<p>Dire\u00e7\u00e3o:\nKeila Serruya<\/p>\n\n\n\n<p>Classifica\u00e7\u00e3o: s\/id<\/p>\n\n\n\n<p><strong>Peripat\u00e9tico<\/strong> (2017, fic\u00e7\u00e3o, 15\u2019) &#8211; SP<\/p>\n\n\n\n<p>Dire\u00e7\u00e3o:\nJ\u00e9ssica Queiroz<\/p>\n\n\n\n<p>Classifica\u00e7\u00e3o:\nLivre<\/p>\n\n\n\n<p><strong>Mesa\nredonda:<\/strong><\/p>\n\n\n\n<p>Cei\u00e7a\nFerreira (UEG), Dr.\u00aa Fernanda Fernandes (NED \u2013 Defensoria P\u00fablica de Goi\u00e1s), Larissa\nFernandes (GECI\/ Panaceia Filmes) e Milena Ribeiro (\u201cA Bicicleta\u201d)<\/p>\n\n\n\n<p><strong>7\/09<\/strong><\/p>\n\n\n\n<p><strong>15h &#8211; Cine Cultura <\/strong><\/p>\n\n\n\n<p><strong>O\nRetorno de V\u00eanus<\/strong> (2019,\nfic\u00e7\u00e3o, 16\u201953\u201d) &#8211; GO<\/p>\n\n\n\n<p>Dire\u00e7\u00e3o:\nVanessa Goveia<\/p>\n\n\n\n<p>Classifica\u00e7\u00e3o:\n12 anos<\/p>\n\n\n\n<p><strong>Desvelo\n<\/strong>(2012, fic\u00e7\u00e3o, 15\u2019)\n&#8211; BA<\/p>\n\n\n\n<p>Dire\u00e7\u00e3o:\nClarissa Rebou\u00e7as<\/p>\n\n\n\n<p>Classifica\u00e7\u00e3o:\n16 anos<\/p>\n\n\n\n<p><strong>Ku\u00f1a\nPor\u00e3 &#8211; Matriarcas Kaiowa e Guarani <\/strong>(2018, document\u00e1rio, 28\u2019) \u2013 MS <\/p>\n\n\n\n<p>Dire\u00e7\u00e3o:\nFabiana Fernandes e Daniela Jorge Jo\u00e3o<\/p>\n\n\n\n<p>Classifica\u00e7\u00e3o:\nLivre<\/p>\n\n\n\n<p><strong>Mesa\nRedonda:<\/strong><\/p>\n\n\n\n<p>Fabiana\nFernandes\/Daneila Jorge Jo\u00e3o (MS), Naira Rosana (IFG\/ UFG\/ GECI), Pollyanna Vaz\n(UEG) e Vanessa Goveia (GO)<\/p>\n\n\n\n<p><strong>19h &#8211; Cine Cultura<\/strong><\/p>\n\n\n\n<p><strong>Tremor\nI\u00ea <\/strong>(2019, fic\u00e7\u00e3o, 89\nmin) &#8211; CE<\/p>\n\n\n\n<p>Dire\u00e7\u00e3o:\nElena Meirelles e L\u00edvia de Paiva<\/p>\n\n\n\n<p>Classifica\u00e7\u00e3o\nindicativa: 14 anos<\/p>\n\n\n\n<p><strong>Mesa Redonda:<\/strong><\/p>\n\n\n\n<p>L\u00edvia\nde Paiva e Polly Di (Tremor L\u00ea), Eronilde Nascimento (M\u00e3es de Maio do Cerrado),\nLara Marinho (UFG\/GECI) e Patr\u00edcia Guedes da Silva (UFG\/GECI)<\/p>\n\n\n\n<p><strong>Endere\u00e7os<\/strong><\/p>\n\n\n\n<p><strong>Cine\nCultura<\/strong><\/p>\n\n\n\n<p>Centro\nCultural Marieta Telles Machado<\/p>\n\n\n\n<p>Pra\u00e7a\nDoutor Pedro Ludovico Teixeira (Pra\u00e7a C\u00edvica), n. 2, Setor Central, Goi\u00e2nia-GO,\nCEP: 74003-010<\/p>\n\n\n\n<figure class=\"wp-block-embed is-type-link is-provider-cine-cultura\"><div class=\"wp-block-embed__wrapper\">\n<blockquote class=\"wp-embedded-content\" data-secret=\"YtmUeX6ql9\"><a href=\"https:\/\/cineculturagoias.wordpress.com\/como-chegar\/\">COMO CHEGAR<\/a><\/blockquote><iframe loading=\"lazy\" class=\"wp-embedded-content\" sandbox=\"allow-scripts\" security=\"restricted\" style=\"position: absolute; visibility: hidden;\" title=\"&#8220;COMO CHEGAR&#8221; &#8212; Cine Cultura\" src=\"https:\/\/cineculturagoias.wordpress.com\/como-chegar\/embed\/#?secret=NonLAiA9FH#?secret=YtmUeX6ql9\" data-secret=\"YtmUeX6ql9\" width=\"600\" height=\"338\" frameborder=\"0\" marginwidth=\"0\" marginheight=\"0\" scrolling=\"no\"><\/iframe>\n<\/div><\/figure>\n\n\n\n<p><strong>Cine\nUFG &#8211; Audit\u00f3rio da Faculdade de Letras<\/strong><\/p>\n\n\n\n<p>Universidade\nFederal de Goi\u00e1s, Campus Samambaia (Campus II), Av. Esperan\u00e7a, s\/n \u2013 Ch\u00e1caras\nCalif\u00f3rnia, Goi\u00e2nia-GO, CEP: 74690-900<\/p>\n\n\n\n<figure class=\"wp-block-embed\"><div class=\"wp-block-embed__wrapper\">\nhttps:\/\/letras.ufg.br\/\n<\/div><\/figure>\n\n\n\n<p><strong>GECI\n\u2013 Grupo de Estudos e Pesquisa em Cinema e G\u00eanero (2019)<\/strong><\/p>\n\n\n\n<p>Alcilene\nCavalcante de Oliveira (coordenadora)<\/p>\n\n\n\n<p>Ana\nLuiza Ariza de Castro Carvalho Rocha<\/p>\n\n\n\n<p>Cei\u00e7a\nFerreira (professora-colaboradora)<\/p>\n\n\n\n<p>Daryellen\nRamos Arantes (professora-colaboradora)<\/p>\n\n\n\n<p>Lara\nMarinho<\/p>\n\n\n\n<p>Larissa\nFernandes Santos<\/p>\n\n\n\n<p>Jo\u00e3o\nMarcos Santiago Monteiro Barbosa<\/p>\n\n\n\n<p>Mariane\nOliveira Neves<\/p>\n\n\n\n<p>Naira\nRosana Dias da Silva<\/p>\n\n\n\n<p>Patr\u00edcia\nGuedes da Silva<\/p>\n\n\n\n<p>Virg\u00ednia\nGeneroso Pe\u00e7anha<\/p>\n","protected":false},"excerpt":{"rendered":"<p>Elas fazem cinema \u2018Torre das Donzelas\u2019 abre mostra, hoje, \u00e0s 19h Doutora da Faculdade de Hist\u00f3ria da UFG, Alcilene Cavalcante, uma trotskista na juventude, &nbsp;orga\u00adniza a quarta edi\u00e7\u00e3o com abordagem da viol\u00eancia contra as mulheres &amp; protagonismo Renato Dias \u2018Torre da Donzelas\u2019, filme de Suzana Lira, abre, hoje, nesta quinta-feira, 5 de setembro de 2019,<\/p>\n","protected":false},"author":2,"featured_media":2187,"comment_status":"open","ping_status":"open","sticky":false,"template":"","format":"standard","meta":{"_acf_changed":false,"_monsterinsights_skip_tracking":false,"_monsterinsights_sitenote_active":false,"_monsterinsights_sitenote_note":"","_monsterinsights_sitenote_category":0,"footnotes":""},"categories":[2],"tags":[],"class_list":["post-2186","post","type-post","status-publish","format-standard","has-post-thumbnail","hentry","category-arte"],"acf":[],"yoast_head":"<!-- This site is optimized with the Yoast SEO plugin v27.4 - https:\/\/yoast.com\/product\/yoast-seo-wordpress\/ -->\n<title>Elas fazem cinema \u2018Torre das Donzelas\u2019 abre mostra, hoje, \u00e0s 19h -<\/title>\n<meta name=\"robots\" content=\"index, follow, max-snippet:-1, max-image-preview:large, max-video-preview:-1\" \/>\n<link rel=\"canonical\" href=\"https:\/\/renatodias.online\/movimento\/2019\/09\/05\/elas-fazem-cinema-torre-das-donzelas-abre-mostra-hoje-as-19h\/\" \/>\n<meta property=\"og:locale\" content=\"pt_BR\" \/>\n<meta property=\"og:type\" content=\"article\" \/>\n<meta property=\"og:title\" content=\"Elas fazem cinema \u2018Torre das Donzelas\u2019 abre mostra, hoje, \u00e0s 19h -\" \/>\n<meta property=\"og:description\" content=\"Elas fazem cinema \u2018Torre das Donzelas\u2019 abre mostra, hoje, \u00e0s 19h Doutora da Faculdade de Hist\u00f3ria da UFG, Alcilene Cavalcante, uma trotskista na juventude, &nbsp;orga\u00adniza a quarta edi\u00e7\u00e3o com abordagem da viol\u00eancia contra as mulheres &amp; protagonismo Renato Dias \u2018Torre da Donzelas\u2019, filme de Suzana Lira, abre, hoje, nesta quinta-feira, 5 de setembro de 2019,\" \/>\n<meta property=\"og:url\" content=\"https:\/\/renatodias.online\/movimento\/2019\/09\/05\/elas-fazem-cinema-torre-das-donzelas-abre-mostra-hoje-as-19h\/\" \/>\n<meta property=\"article:publisher\" content=\"https:\/\/www.facebook.com\/renato.dias.37\" \/>\n<meta property=\"article:author\" content=\"https:\/\/www.facebook.com\/renato.dias.37\" \/>\n<meta property=\"article:published_time\" content=\"2019-09-05T15:47:50+00:00\" \/>\n<meta property=\"article:modified_time\" content=\"2019-09-05T16:16:36+00:00\" \/>\n<meta property=\"og:image\" content=\"https:\/\/renatodias.online\/movimento\/wp-content\/uploads\/2019\/09\/Alcilene-Cavalcante-coordenadora-da-mostra-Elas-Fazem-Cinema.jpg\" \/>\n\t<meta property=\"og:image:width\" content=\"714\" \/>\n\t<meta property=\"og:image:height\" content=\"960\" \/>\n\t<meta property=\"og:image:type\" content=\"image\/jpeg\" \/>\n<meta name=\"author\" content=\"Renato Dias\" \/>\n<meta name=\"twitter:card\" content=\"summary_large_image\" \/>\n<meta name=\"twitter:creator\" content=\"@RenatoDiasBat\" \/>\n<meta name=\"twitter:site\" content=\"@RenatoDiasBat\" \/>\n<meta name=\"twitter:label1\" content=\"Escrito por\" \/>\n\t<meta name=\"twitter:data1\" content=\"Renato Dias\" \/>\n\t<meta name=\"twitter:label2\" content=\"Est. tempo de leitura\" \/>\n\t<meta name=\"twitter:data2\" content=\"5 minutos\" \/>\n<script type=\"application\/ld+json\" class=\"yoast-schema-graph\">{\"@context\":\"https:\\\/\\\/schema.org\",\"@graph\":[{\"@type\":\"Article\",\"@id\":\"https:\\\/\\\/renatodias.online\\\/movimento\\\/2019\\\/09\\\/05\\\/elas-fazem-cinema-torre-das-donzelas-abre-mostra-hoje-as-19h\\\/#article\",\"isPartOf\":{\"@id\":\"https:\\\/\\\/renatodias.online\\\/movimento\\\/2019\\\/09\\\/05\\\/elas-fazem-cinema-torre-das-donzelas-abre-mostra-hoje-as-19h\\\/\"},\"author\":{\"name\":\"Renato Dias\",\"@id\":\"https:\\\/\\\/renatodias.online\\\/movimento\\\/#\\\/schema\\\/person\\\/bbab28833b1725a20f4083f49f1fb2a9\"},\"headline\":\"Elas fazem cinema \u2018Torre das Donzelas\u2019 abre mostra, hoje, \u00e0s 19h\",\"datePublished\":\"2019-09-05T15:47:50+00:00\",\"dateModified\":\"2019-09-05T16:16:36+00:00\",\"mainEntityOfPage\":{\"@id\":\"https:\\\/\\\/renatodias.online\\\/movimento\\\/2019\\\/09\\\/05\\\/elas-fazem-cinema-torre-das-donzelas-abre-mostra-hoje-as-19h\\\/\"},\"wordCount\":995,\"commentCount\":0,\"publisher\":{\"@id\":\"https:\\\/\\\/renatodias.online\\\/movimento\\\/#\\\/schema\\\/person\\\/bbab28833b1725a20f4083f49f1fb2a9\"},\"image\":{\"@id\":\"https:\\\/\\\/renatodias.online\\\/movimento\\\/2019\\\/09\\\/05\\\/elas-fazem-cinema-torre-das-donzelas-abre-mostra-hoje-as-19h\\\/#primaryimage\"},\"thumbnailUrl\":\"https:\\\/\\\/renatodias.online\\\/movimento\\\/wp-content\\\/uploads\\\/2019\\\/09\\\/Alcilene-Cavalcante-coordenadora-da-mostra-Elas-Fazem-Cinema.jpg\",\"articleSection\":[\"Arte\"],\"inLanguage\":\"pt-BR\",\"potentialAction\":[{\"@type\":\"CommentAction\",\"name\":\"Comment\",\"target\":[\"https:\\\/\\\/renatodias.online\\\/movimento\\\/2019\\\/09\\\/05\\\/elas-fazem-cinema-torre-das-donzelas-abre-mostra-hoje-as-19h\\\/#respond\"]}]},{\"@type\":\"WebPage\",\"@id\":\"https:\\\/\\\/renatodias.online\\\/movimento\\\/2019\\\/09\\\/05\\\/elas-fazem-cinema-torre-das-donzelas-abre-mostra-hoje-as-19h\\\/\",\"url\":\"https:\\\/\\\/renatodias.online\\\/movimento\\\/2019\\\/09\\\/05\\\/elas-fazem-cinema-torre-das-donzelas-abre-mostra-hoje-as-19h\\\/\",\"name\":\"Elas fazem cinema \u2018Torre das Donzelas\u2019 abre mostra, hoje, \u00e0s 19h -\",\"isPartOf\":{\"@id\":\"https:\\\/\\\/renatodias.online\\\/movimento\\\/#website\"},\"primaryImageOfPage\":{\"@id\":\"https:\\\/\\\/renatodias.online\\\/movimento\\\/2019\\\/09\\\/05\\\/elas-fazem-cinema-torre-das-donzelas-abre-mostra-hoje-as-19h\\\/#primaryimage\"},\"image\":{\"@id\":\"https:\\\/\\\/renatodias.online\\\/movimento\\\/2019\\\/09\\\/05\\\/elas-fazem-cinema-torre-das-donzelas-abre-mostra-hoje-as-19h\\\/#primaryimage\"},\"thumbnailUrl\":\"https:\\\/\\\/renatodias.online\\\/movimento\\\/wp-content\\\/uploads\\\/2019\\\/09\\\/Alcilene-Cavalcante-coordenadora-da-mostra-Elas-Fazem-Cinema.jpg\",\"datePublished\":\"2019-09-05T15:47:50+00:00\",\"dateModified\":\"2019-09-05T16:16:36+00:00\",\"breadcrumb\":{\"@id\":\"https:\\\/\\\/renatodias.online\\\/movimento\\\/2019\\\/09\\\/05\\\/elas-fazem-cinema-torre-das-donzelas-abre-mostra-hoje-as-19h\\\/#breadcrumb\"},\"inLanguage\":\"pt-BR\",\"potentialAction\":[{\"@type\":\"ReadAction\",\"target\":[\"https:\\\/\\\/renatodias.online\\\/movimento\\\/2019\\\/09\\\/05\\\/elas-fazem-cinema-torre-das-donzelas-abre-mostra-hoje-as-19h\\\/\"]}]},{\"@type\":\"ImageObject\",\"inLanguage\":\"pt-BR\",\"@id\":\"https:\\\/\\\/renatodias.online\\\/movimento\\\/2019\\\/09\\\/05\\\/elas-fazem-cinema-torre-das-donzelas-abre-mostra-hoje-as-19h\\\/#primaryimage\",\"url\":\"https:\\\/\\\/renatodias.online\\\/movimento\\\/wp-content\\\/uploads\\\/2019\\\/09\\\/Alcilene-Cavalcante-coordenadora-da-mostra-Elas-Fazem-Cinema.jpg\",\"contentUrl\":\"https:\\\/\\\/renatodias.online\\\/movimento\\\/wp-content\\\/uploads\\\/2019\\\/09\\\/Alcilene-Cavalcante-coordenadora-da-mostra-Elas-Fazem-Cinema.jpg\",\"width\":714,\"height\":960,\"caption\":\"Suzana Lira, cineasta\"},{\"@type\":\"BreadcrumbList\",\"@id\":\"https:\\\/\\\/renatodias.online\\\/movimento\\\/2019\\\/09\\\/05\\\/elas-fazem-cinema-torre-das-donzelas-abre-mostra-hoje-as-19h\\\/#breadcrumb\",\"itemListElement\":[{\"@type\":\"ListItem\",\"position\":1,\"name\":\"In\u00edcio\",\"item\":\"https:\\\/\\\/renatodias.online\\\/movimento\\\/\"},{\"@type\":\"ListItem\",\"position\":2,\"name\":\"Elas fazem cinema \u2018Torre das Donzelas\u2019 abre mostra, hoje, \u00e0s 19h\"}]},{\"@type\":\"WebSite\",\"@id\":\"https:\\\/\\\/renatodias.online\\\/movimento\\\/#website\",\"url\":\"https:\\\/\\\/renatodias.online\\\/movimento\\\/\",\"name\":\"\",\"description\":\"\",\"publisher\":{\"@id\":\"https:\\\/\\\/renatodias.online\\\/movimento\\\/#\\\/schema\\\/person\\\/bbab28833b1725a20f4083f49f1fb2a9\"},\"potentialAction\":[{\"@type\":\"SearchAction\",\"target\":{\"@type\":\"EntryPoint\",\"urlTemplate\":\"https:\\\/\\\/renatodias.online\\\/movimento\\\/?s={search_term_string}\"},\"query-input\":{\"@type\":\"PropertyValueSpecification\",\"valueRequired\":true,\"valueName\":\"search_term_string\"}}],\"inLanguage\":\"pt-BR\"},{\"@type\":[\"Person\",\"Organization\"],\"@id\":\"https:\\\/\\\/renatodias.online\\\/movimento\\\/#\\\/schema\\\/person\\\/bbab28833b1725a20f4083f49f1fb2a9\",\"name\":\"Renato Dias\",\"image\":{\"@type\":\"ImageObject\",\"inLanguage\":\"pt-BR\",\"@id\":\"https:\\\/\\\/renatodias.online\\\/movimento\\\/wp-content\\\/uploads\\\/2023\\\/03\\\/cropped-cropped-cropped-logofinal.jpeg\",\"url\":\"https:\\\/\\\/renatodias.online\\\/movimento\\\/wp-content\\\/uploads\\\/2023\\\/03\\\/cropped-cropped-cropped-logofinal.jpeg\",\"contentUrl\":\"https:\\\/\\\/renatodias.online\\\/movimento\\\/wp-content\\\/uploads\\\/2023\\\/03\\\/cropped-cropped-cropped-logofinal.jpeg\",\"width\":1280,\"height\":219,\"caption\":\"Renato Dias\"},\"logo\":{\"@id\":\"https:\\\/\\\/renatodias.online\\\/movimento\\\/wp-content\\\/uploads\\\/2023\\\/03\\\/cropped-cropped-cropped-logofinal.jpeg\"},\"description\":\"Renato Dias, 58 anos, \u00e9 graduado em Jornalismo, formado em Ci\u00eancias Sociais, com p\u00f3s-gradua\u00e7\u00e3o em Pol\u00edticas P\u00fablicas, mestre em Direito e Rela\u00e7\u00f5es Internacionais, ex-aluno extraordin\u00e1rio do Doutorado em Psicologia Social, ex-estudante do Curso de Psican\u00e1lise do Centro de Estudos Psicanal\u00edticos do Estado de Goi\u00e1s, ministrado pelo m\u00e9dico psiquiatra e psicanalista Daniel Em\u00eddio de Souza. \u00c9 autor de 30 livros-reportagem, oito document\u00e1rios, ganhou 30 pr\u00eamios e \u00e9 torcedor apaixonado do maior do Centro-Oeste, o Vila Nova Futebol Clube. Casado com Meirilane Dias, \u00e9 pai de Juliana Dias, jornalista; Daniel Dias, economista; e Maria Rosa Dias, estudante antifascista, socialista e trotskista.\u00a0Com tr\u00eas pets: Porquinho [Bull Dog Franc\u00eas], Dalila [Basset Hound] e Geleia [Basset Hound]. Al\u00e9m do eterno gato Tutuquinho, que virou estrela.\",\"sameAs\":[\"https:\\\/\\\/www.facebook.com\\\/renato.dias.37\",\"#breve\",\"https:\\\/\\\/renatodias.tumblr.com\\\/\"],\"url\":\"https:\\\/\\\/renatodias.online\\\/movimento\\\/author\\\/renatodias\\\/\"}]}<\/script>\n<!-- \/ Yoast SEO plugin. -->","yoast_head_json":{"title":"Elas fazem cinema \u2018Torre das Donzelas\u2019 abre mostra, hoje, \u00e0s 19h -","robots":{"index":"index","follow":"follow","max-snippet":"max-snippet:-1","max-image-preview":"max-image-preview:large","max-video-preview":"max-video-preview:-1"},"canonical":"https:\/\/renatodias.online\/movimento\/2019\/09\/05\/elas-fazem-cinema-torre-das-donzelas-abre-mostra-hoje-as-19h\/","og_locale":"pt_BR","og_type":"article","og_title":"Elas fazem cinema \u2018Torre das Donzelas\u2019 abre mostra, hoje, \u00e0s 19h -","og_description":"Elas fazem cinema \u2018Torre das Donzelas\u2019 abre mostra, hoje, \u00e0s 19h Doutora da Faculdade de Hist\u00f3ria da UFG, Alcilene Cavalcante, uma trotskista na juventude, &nbsp;orga\u00adniza a quarta edi\u00e7\u00e3o com abordagem da viol\u00eancia contra as mulheres &amp; protagonismo Renato Dias \u2018Torre da Donzelas\u2019, filme de Suzana Lira, abre, hoje, nesta quinta-feira, 5 de setembro de 2019,","og_url":"https:\/\/renatodias.online\/movimento\/2019\/09\/05\/elas-fazem-cinema-torre-das-donzelas-abre-mostra-hoje-as-19h\/","article_publisher":"https:\/\/www.facebook.com\/renato.dias.37","article_author":"https:\/\/www.facebook.com\/renato.dias.37","article_published_time":"2019-09-05T15:47:50+00:00","article_modified_time":"2019-09-05T16:16:36+00:00","og_image":[{"width":714,"height":960,"url":"https:\/\/renatodias.online\/movimento\/wp-content\/uploads\/2019\/09\/Alcilene-Cavalcante-coordenadora-da-mostra-Elas-Fazem-Cinema.jpg","type":"image\/jpeg"}],"author":"Renato Dias","twitter_card":"summary_large_image","twitter_creator":"@RenatoDiasBat","twitter_site":"@RenatoDiasBat","twitter_misc":{"Escrito por":"Renato Dias","Est. tempo de leitura":"5 minutos"},"schema":{"@context":"https:\/\/schema.org","@graph":[{"@type":"Article","@id":"https:\/\/renatodias.online\/movimento\/2019\/09\/05\/elas-fazem-cinema-torre-das-donzelas-abre-mostra-hoje-as-19h\/#article","isPartOf":{"@id":"https:\/\/renatodias.online\/movimento\/2019\/09\/05\/elas-fazem-cinema-torre-das-donzelas-abre-mostra-hoje-as-19h\/"},"author":{"name":"Renato Dias","@id":"https:\/\/renatodias.online\/movimento\/#\/schema\/person\/bbab28833b1725a20f4083f49f1fb2a9"},"headline":"Elas fazem cinema \u2018Torre das Donzelas\u2019 abre mostra, hoje, \u00e0s 19h","datePublished":"2019-09-05T15:47:50+00:00","dateModified":"2019-09-05T16:16:36+00:00","mainEntityOfPage":{"@id":"https:\/\/renatodias.online\/movimento\/2019\/09\/05\/elas-fazem-cinema-torre-das-donzelas-abre-mostra-hoje-as-19h\/"},"wordCount":995,"commentCount":0,"publisher":{"@id":"https:\/\/renatodias.online\/movimento\/#\/schema\/person\/bbab28833b1725a20f4083f49f1fb2a9"},"image":{"@id":"https:\/\/renatodias.online\/movimento\/2019\/09\/05\/elas-fazem-cinema-torre-das-donzelas-abre-mostra-hoje-as-19h\/#primaryimage"},"thumbnailUrl":"https:\/\/renatodias.online\/movimento\/wp-content\/uploads\/2019\/09\/Alcilene-Cavalcante-coordenadora-da-mostra-Elas-Fazem-Cinema.jpg","articleSection":["Arte"],"inLanguage":"pt-BR","potentialAction":[{"@type":"CommentAction","name":"Comment","target":["https:\/\/renatodias.online\/movimento\/2019\/09\/05\/elas-fazem-cinema-torre-das-donzelas-abre-mostra-hoje-as-19h\/#respond"]}]},{"@type":"WebPage","@id":"https:\/\/renatodias.online\/movimento\/2019\/09\/05\/elas-fazem-cinema-torre-das-donzelas-abre-mostra-hoje-as-19h\/","url":"https:\/\/renatodias.online\/movimento\/2019\/09\/05\/elas-fazem-cinema-torre-das-donzelas-abre-mostra-hoje-as-19h\/","name":"Elas fazem cinema \u2018Torre das Donzelas\u2019 abre mostra, hoje, \u00e0s 19h -","isPartOf":{"@id":"https:\/\/renatodias.online\/movimento\/#website"},"primaryImageOfPage":{"@id":"https:\/\/renatodias.online\/movimento\/2019\/09\/05\/elas-fazem-cinema-torre-das-donzelas-abre-mostra-hoje-as-19h\/#primaryimage"},"image":{"@id":"https:\/\/renatodias.online\/movimento\/2019\/09\/05\/elas-fazem-cinema-torre-das-donzelas-abre-mostra-hoje-as-19h\/#primaryimage"},"thumbnailUrl":"https:\/\/renatodias.online\/movimento\/wp-content\/uploads\/2019\/09\/Alcilene-Cavalcante-coordenadora-da-mostra-Elas-Fazem-Cinema.jpg","datePublished":"2019-09-05T15:47:50+00:00","dateModified":"2019-09-05T16:16:36+00:00","breadcrumb":{"@id":"https:\/\/renatodias.online\/movimento\/2019\/09\/05\/elas-fazem-cinema-torre-das-donzelas-abre-mostra-hoje-as-19h\/#breadcrumb"},"inLanguage":"pt-BR","potentialAction":[{"@type":"ReadAction","target":["https:\/\/renatodias.online\/movimento\/2019\/09\/05\/elas-fazem-cinema-torre-das-donzelas-abre-mostra-hoje-as-19h\/"]}]},{"@type":"ImageObject","inLanguage":"pt-BR","@id":"https:\/\/renatodias.online\/movimento\/2019\/09\/05\/elas-fazem-cinema-torre-das-donzelas-abre-mostra-hoje-as-19h\/#primaryimage","url":"https:\/\/renatodias.online\/movimento\/wp-content\/uploads\/2019\/09\/Alcilene-Cavalcante-coordenadora-da-mostra-Elas-Fazem-Cinema.jpg","contentUrl":"https:\/\/renatodias.online\/movimento\/wp-content\/uploads\/2019\/09\/Alcilene-Cavalcante-coordenadora-da-mostra-Elas-Fazem-Cinema.jpg","width":714,"height":960,"caption":"Suzana Lira, cineasta"},{"@type":"BreadcrumbList","@id":"https:\/\/renatodias.online\/movimento\/2019\/09\/05\/elas-fazem-cinema-torre-das-donzelas-abre-mostra-hoje-as-19h\/#breadcrumb","itemListElement":[{"@type":"ListItem","position":1,"name":"In\u00edcio","item":"https:\/\/renatodias.online\/movimento\/"},{"@type":"ListItem","position":2,"name":"Elas fazem cinema \u2018Torre das Donzelas\u2019 abre mostra, hoje, \u00e0s 19h"}]},{"@type":"WebSite","@id":"https:\/\/renatodias.online\/movimento\/#website","url":"https:\/\/renatodias.online\/movimento\/","name":"","description":"","publisher":{"@id":"https:\/\/renatodias.online\/movimento\/#\/schema\/person\/bbab28833b1725a20f4083f49f1fb2a9"},"potentialAction":[{"@type":"SearchAction","target":{"@type":"EntryPoint","urlTemplate":"https:\/\/renatodias.online\/movimento\/?s={search_term_string}"},"query-input":{"@type":"PropertyValueSpecification","valueRequired":true,"valueName":"search_term_string"}}],"inLanguage":"pt-BR"},{"@type":["Person","Organization"],"@id":"https:\/\/renatodias.online\/movimento\/#\/schema\/person\/bbab28833b1725a20f4083f49f1fb2a9","name":"Renato Dias","image":{"@type":"ImageObject","inLanguage":"pt-BR","@id":"https:\/\/renatodias.online\/movimento\/wp-content\/uploads\/2023\/03\/cropped-cropped-cropped-logofinal.jpeg","url":"https:\/\/renatodias.online\/movimento\/wp-content\/uploads\/2023\/03\/cropped-cropped-cropped-logofinal.jpeg","contentUrl":"https:\/\/renatodias.online\/movimento\/wp-content\/uploads\/2023\/03\/cropped-cropped-cropped-logofinal.jpeg","width":1280,"height":219,"caption":"Renato Dias"},"logo":{"@id":"https:\/\/renatodias.online\/movimento\/wp-content\/uploads\/2023\/03\/cropped-cropped-cropped-logofinal.jpeg"},"description":"Renato Dias, 58 anos, \u00e9 graduado em Jornalismo, formado em Ci\u00eancias Sociais, com p\u00f3s-gradua\u00e7\u00e3o em Pol\u00edticas P\u00fablicas, mestre em Direito e Rela\u00e7\u00f5es Internacionais, ex-aluno extraordin\u00e1rio do Doutorado em Psicologia Social, ex-estudante do Curso de Psican\u00e1lise do Centro de Estudos Psicanal\u00edticos do Estado de Goi\u00e1s, ministrado pelo m\u00e9dico psiquiatra e psicanalista Daniel Em\u00eddio de Souza. \u00c9 autor de 30 livros-reportagem, oito document\u00e1rios, ganhou 30 pr\u00eamios e \u00e9 torcedor apaixonado do maior do Centro-Oeste, o Vila Nova Futebol Clube. Casado com Meirilane Dias, \u00e9 pai de Juliana Dias, jornalista; Daniel Dias, economista; e Maria Rosa Dias, estudante antifascista, socialista e trotskista.\u00a0Com tr\u00eas pets: Porquinho [Bull Dog Franc\u00eas], Dalila [Basset Hound] e Geleia [Basset Hound]. Al\u00e9m do eterno gato Tutuquinho, que virou estrela.","sameAs":["https:\/\/www.facebook.com\/renato.dias.37","#breve","https:\/\/renatodias.tumblr.com\/"],"url":"https:\/\/renatodias.online\/movimento\/author\/renatodias\/"}]}},"_links":{"self":[{"href":"https:\/\/renatodias.online\/movimento\/wp-json\/wp\/v2\/posts\/2186","targetHints":{"allow":["GET"]}}],"collection":[{"href":"https:\/\/renatodias.online\/movimento\/wp-json\/wp\/v2\/posts"}],"about":[{"href":"https:\/\/renatodias.online\/movimento\/wp-json\/wp\/v2\/types\/post"}],"author":[{"embeddable":true,"href":"https:\/\/renatodias.online\/movimento\/wp-json\/wp\/v2\/users\/2"}],"replies":[{"embeddable":true,"href":"https:\/\/renatodias.online\/movimento\/wp-json\/wp\/v2\/comments?post=2186"}],"version-history":[{"count":2,"href":"https:\/\/renatodias.online\/movimento\/wp-json\/wp\/v2\/posts\/2186\/revisions"}],"predecessor-version":[{"id":2204,"href":"https:\/\/renatodias.online\/movimento\/wp-json\/wp\/v2\/posts\/2186\/revisions\/2204"}],"wp:featuredmedia":[{"embeddable":true,"href":"https:\/\/renatodias.online\/movimento\/wp-json\/wp\/v2\/media\/2187"}],"wp:attachment":[{"href":"https:\/\/renatodias.online\/movimento\/wp-json\/wp\/v2\/media?parent=2186"}],"wp:term":[{"taxonomy":"category","embeddable":true,"href":"https:\/\/renatodias.online\/movimento\/wp-json\/wp\/v2\/categories?post=2186"},{"taxonomy":"post_tag","embeddable":true,"href":"https:\/\/renatodias.online\/movimento\/wp-json\/wp\/v2\/tags?post=2186"}],"curies":[{"name":"wp","href":"https:\/\/api.w.org\/{rel}","templated":true}]}}