{"id":21856,"date":"2025-09-26T17:56:47","date_gmt":"2025-09-26T20:56:47","guid":{"rendered":"https:\/\/renatodias.online\/movimento\/?p=21856"},"modified":"2025-09-26T17:56:49","modified_gmt":"2025-09-26T20:56:49","slug":"psdb-lanca-marconi-perillo","status":"publish","type":"post","link":"https:\/\/renatodias.online\/movimento\/2025\/09\/26\/psdb-lanca-marconi-perillo\/","title":{"rendered":"PSDB lan\u00e7a Marconi\u00a0Perillo"},"content":{"rendered":"\n<p class=\"has-text-align-center\"><strong><kbd><mark style=\"background-color:rgba(0, 0, 0, 0)\" class=\"has-inline-color has-vivid-cyan-blue-color\">2026<\/mark><\/kbd><\/strong><\/p>\n\n\n\n<figure class=\"wp-block-image aligncenter size-full\"><img loading=\"lazy\" decoding=\"async\" width=\"225\" height=\"225\" src=\"https:\/\/renatodias.online\/movimento\/wp-content\/uploads\/2022\/03\/Entrevista-Especial.png\" alt=\"\" class=\"wp-image-11298\" srcset=\"https:\/\/renatodias.online\/movimento\/wp-content\/uploads\/2022\/03\/Entrevista-Especial.png 225w, https:\/\/renatodias.online\/movimento\/wp-content\/uploads\/2022\/03\/Entrevista-Especial-150x150.png 150w\" sizes=\"auto, (max-width: 225px) 100vw, 225px\" \/><\/figure>\n\n\n\n<p class=\"has-text-align-center\"><strong><mark style=\"background-color:rgba(0, 0, 0, 0)\" class=\"has-inline-color has-vivid-red-color\">Renato Dias\u00a0<\/mark><\/strong><\/p>\n\n\n\n<p><strong>O ex-presidente da Associa\u00e7\u00e3o Goiana dos Ex-prefeitos <mark style=\"background-color:rgba(0, 0, 0, 0)\" class=\"has-inline-color has-vivid-cyan-blue-color\">Hermes Traldi <\/mark>participa, s\u00e1bado, 27 de setembro, a partir de 9h, na Assembleia Legislativa, do ato alusivo aos 30 anos do ingresso de Marconi Perillo no PSDB. Encontro hist\u00f3rico.<\/strong><\/p>\n\n\n\n<figure class=\"wp-block-image aligncenter size-full\"><img decoding=\"async\" src=\"https:\/\/renatodias.online\/movimento\/wp-content\/uploads\/2025\/09\/IMG-20250926-WA0173-e1758918503172.jpg\" alt=\"\" class=\"wp-image-21860\"\/><\/figure>\n\n\n\n<p><strong>Engenheiro agr\u00f4nomo graduado na USP, ex-prefeito de Goiatuba, homem de vanguarda do mercado e do agroneg\u00f3cio que preserva o meio ambiente, ele lembra que o l\u00edder tucano j\u00e1 est\u00e1 em um empate t\u00e9cnico com <mark style=\"background-color:rgba(0, 0, 0, 0)\" class=\"has-inline-color has-pale-cyan-blue-color\">Daniel Vilela <\/mark>[MDB].<\/strong><\/p>\n\n\n\n<figure class=\"wp-block-image aligncenter size-full\"><img loading=\"lazy\" decoding=\"async\" width=\"400\" height=\"200\" src=\"https:\/\/renatodias.online\/movimento\/wp-content\/uploads\/2024\/04\/Marconi-Perillo-1-e1712449987856.jpg\" alt=\"\" class=\"wp-image-19953\" srcset=\"https:\/\/renatodias.online\/movimento\/wp-content\/uploads\/2024\/04\/Marconi-Perillo-1-e1712449987856.jpg 400w, https:\/\/renatodias.online\/movimento\/wp-content\/uploads\/2024\/04\/Marconi-Perillo-1-e1712449987856-300x150.jpg 300w, https:\/\/renatodias.online\/movimento\/wp-content\/uploads\/2024\/04\/Marconi-Perillo-1-e1712449987856-150x75.jpg 150w\" sizes=\"auto, (max-width: 400px) 100vw, 400px\" \/><\/figure>\n\n\n\n<p><strong>O ativista pol\u00edtico diz que o <mark style=\"background-color:rgba(0, 0, 0, 0)\" class=\"has-inline-color has-vivid-purple-color\">Plano Real [1994-2025]<\/mark> acabou com o pesadelo da infla\u00e7\u00e3o, estabilizou a economia nacional, distribuiu renda, \u00e9 a principal heran\u00e7a do PSDB. A implanta\u00e7\u00e3o da LSR e a Lei de Anistia mostra apre\u00e7o por direitos, diz.<\/strong><\/p>\n\n\n\n<figure class=\"wp-block-image aligncenter size-full\"><img loading=\"lazy\" decoding=\"async\" width=\"400\" height=\"272\" src=\"https:\/\/renatodias.online\/movimento\/wp-content\/uploads\/2025\/09\/IMG-20250926-WA0174-e1758918457437.jpg\" alt=\"\" class=\"wp-image-21858\"\/><\/figure>\n\n\n\n<p><strong>Pragm\u00e1tico, ele quer a amplia\u00e7\u00e3o do leque de alian\u00e7as pol\u00edticas e eleitorais do PSDB para outubro de 2026. T\u00e1tica para ganhar as elei\u00e7\u00f5es e a estrat\u00e9gia para garantir a governabilidade e constru\u00e7\u00e3o de nova hegemonia em Goi\u00e1s, afirma.<\/strong><\/p>\n\n\n\n<figure class=\"wp-block-image aligncenter size-full\"><img loading=\"lazy\" decoding=\"async\" width=\"400\" height=\"272\" src=\"https:\/\/renatodias.online\/movimento\/wp-content\/uploads\/2025\/09\/IMG-20250926-WA0172-e1758918480711.jpg\" alt=\"\" class=\"wp-image-21857\"\/><\/figure>\n\n\n\n<p><strong>Republicano e n\u00e3o patrimonialista, <mark style=\"background-color:rgba(0, 0, 0, 0)\" class=\"has-inline-color has-vivid-cyan-blue-color\">Marconi Perillo <\/mark>possui uma extensa folha de servi\u00e7os, observa. Como a cria\u00e7\u00e3o do Renda Cidad\u00e3, Bolsa Universit\u00e1ria, Cheque Moradia, FICA, Vapt Vupt, atraiu empresas, gerou renda e empregos, atira.<\/strong><\/p>\n\n\n\n<figure class=\"wp-block-image aligncenter size-full\"><img loading=\"lazy\" decoding=\"async\" width=\"400\" height=\"272\" src=\"https:\/\/renatodias.online\/movimento\/wp-content\/uploads\/2025\/09\/IMG-20250926-WA0175-e1758918428791.jpg\" alt=\"\" class=\"wp-image-21859\"\/><\/figure>\n\n\n\n<p><strong>De forma\u00e7\u00e3o humanista, al\u00e9m de cultura iluminista e enciclop\u00e9dica, preocupado com o aquecimento global e a desordem clim\u00e1tica, Hermes Traldi espera o fim da guerra na Ucr\u00e2nia e do genoc\u00eddio dos palestinos promovido, hoje, por Israel.<\/strong><\/p>\n\n\n\n<figure class=\"wp-block-image aligncenter size-full\"><img loading=\"lazy\" decoding=\"async\" width=\"400\" height=\"200\" src=\"https:\/\/renatodias.online\/movimento\/wp-content\/uploads\/2024\/10\/Palestina-destruida-e1729045600134.jpg\" alt=\"\" class=\"wp-image-20656\" srcset=\"https:\/\/renatodias.online\/movimento\/wp-content\/uploads\/2024\/10\/Palestina-destruida-e1729045600134.jpg 400w, https:\/\/renatodias.online\/movimento\/wp-content\/uploads\/2024\/10\/Palestina-destruida-e1729045600134-300x150.jpg 300w, https:\/\/renatodias.online\/movimento\/wp-content\/uploads\/2024\/10\/Palestina-destruida-e1729045600134-150x75.jpg 150w\" sizes=\"auto, (max-width: 400px) 100vw, 400px\" \/><\/figure>\n\n\n\n<p><strong>Ele diz ter executado na presid\u00eancia da Associa\u00e7\u00e3o Goiana dos Ex-prefeitos uma gest\u00e3o de supera\u00e7\u00e3o. Cen\u00e1rio pol\u00edtico de turbul\u00eancia e polariza\u00e7\u00e3o, sublinha. Para evitar fraturas e dissid\u00eancias na entidade, frisa o cult gestor p\u00fablico e privado.<\/strong><\/p>\n\n\n\n<figure class=\"wp-block-image aligncenter size-full\"><img loading=\"lazy\" decoding=\"async\" width=\"400\" height=\"200\" src=\"https:\/\/renatodias.online\/movimento\/wp-content\/uploads\/2024\/03\/Goiania-e1713552932594.jpg\" alt=\"\" class=\"wp-image-19738\" srcset=\"https:\/\/renatodias.online\/movimento\/wp-content\/uploads\/2024\/03\/Goiania-e1713552932594.jpg 400w, https:\/\/renatodias.online\/movimento\/wp-content\/uploads\/2024\/03\/Goiania-e1713552932594-300x150.jpg 300w, https:\/\/renatodias.online\/movimento\/wp-content\/uploads\/2024\/03\/Goiania-e1713552932594-150x75.jpg 150w\" sizes=\"auto, (max-width: 400px) 100vw, 400px\" \/><\/figure>\n\n\n\n<figure class=\"wp-block-image aligncenter size-full\"><img loading=\"lazy\" decoding=\"async\" width=\"150\" height=\"70\" src=\"https:\/\/renatodias.online\/movimento\/wp-content\/uploads\/2024\/03\/Saiba-mais-e1710783943468.png\" alt=\"\" class=\"wp-image-19880\"\/><\/figure>\n\n\n\n<p><strong><mark style=\"background-color:rgba(0, 0, 0, 0)\" class=\"has-inline-color has-luminous-vivid-orange-color\">Agexp de cara nova<\/mark><\/strong><\/p>\n\n\n\n<p><strong><mark style=\"background-color:rgba(0, 0, 0, 0)\" class=\"has-inline-color has-vivid-green-cyan-color\">Ronan Rosa Batista<\/mark>, ex-prefeito de Niquel\u00e2ndia, \u00e9 o novo presidente da Agexp. De agenda moderna, projeto de interioriza\u00e7\u00e3o, para dar capilaridade social e pol\u00edtica \u00e0 entidade. Nome certo, no momento exato, para o cargo, v\u00ea.<\/strong><\/p>\n\n\n\n<figure class=\"wp-block-image aligncenter size-full\"><img loading=\"lazy\" decoding=\"async\" width=\"200\" height=\"200\" src=\"https:\/\/renatodias.online\/movimento\/wp-content\/uploads\/2019\/09\/Tucano-e1637493554237.gif\" alt=\"\" class=\"wp-image-2542\"\/><figcaption class=\"wp-element-caption\">Tucano, o s\u00edmbolo do PSDB<\/figcaption><\/figure>\n","protected":false},"excerpt":{"rendered":"<p>2026 Renato Dias\u00a0 O ex-presidente da Associa\u00e7\u00e3o Goiana dos Ex-prefeitos Hermes Traldi participa, s\u00e1bado, 27 de setembro, a partir de 9h, na Assembleia Legislativa, do ato alusivo aos 30 anos do ingresso de Marconi Perillo no PSDB. Encontro hist\u00f3rico. Engenheiro agr\u00f4nomo graduado na USP, ex-prefeito de Goiatuba, homem de vanguarda do mercado e do agroneg\u00f3cio<\/p>\n","protected":false},"author":2,"featured_media":21861,"comment_status":"open","ping_status":"open","sticky":false,"template":"","format":"standard","meta":{"_acf_changed":false,"_monsterinsights_skip_tracking":false,"_monsterinsights_sitenote_active":false,"_monsterinsights_sitenote_note":"","_monsterinsights_sitenote_category":0,"footnotes":""},"categories":[4],"tags":[],"class_list":["post-21856","post","type-post","status-publish","format-standard","has-post-thumbnail","hentry","category-politica"],"acf":[],"yoast_head":"<!-- This site is optimized with the Yoast SEO plugin v27.4 - https:\/\/yoast.com\/product\/yoast-seo-wordpress\/ -->\n<title>PSDB lan\u00e7a Marconi\u00a0Perillo -<\/title>\n<meta name=\"robots\" content=\"index, follow, max-snippet:-1, max-image-preview:large, max-video-preview:-1\" \/>\n<link rel=\"canonical\" href=\"https:\/\/renatodias.online\/movimento\/2025\/09\/26\/psdb-lanca-marconi-perillo\/\" \/>\n<meta property=\"og:locale\" content=\"pt_BR\" \/>\n<meta property=\"og:type\" content=\"article\" \/>\n<meta property=\"og:title\" content=\"PSDB lan\u00e7a Marconi\u00a0Perillo -\" \/>\n<meta property=\"og:description\" content=\"2026 Renato Dias\u00a0 O ex-presidente da Associa\u00e7\u00e3o Goiana dos Ex-prefeitos Hermes Traldi participa, s\u00e1bado, 27 de setembro, a partir de 9h, na Assembleia Legislativa, do ato alusivo aos 30 anos do ingresso de Marconi Perillo no PSDB. Encontro hist\u00f3rico. Engenheiro agr\u00f4nomo graduado na USP, ex-prefeito de Goiatuba, homem de vanguarda do mercado e do agroneg\u00f3cio\" \/>\n<meta property=\"og:url\" content=\"https:\/\/renatodias.online\/movimento\/2025\/09\/26\/psdb-lanca-marconi-perillo\/\" \/>\n<meta property=\"article:publisher\" content=\"https:\/\/www.facebook.com\/renato.dias.37\" \/>\n<meta property=\"article:author\" content=\"https:\/\/www.facebook.com\/renato.dias.37\" \/>\n<meta property=\"article:published_time\" content=\"2025-09-26T20:56:47+00:00\" \/>\n<meta property=\"article:modified_time\" content=\"2025-09-26T20:56:49+00:00\" \/>\n<meta property=\"og:image\" content=\"https:\/\/renatodias.online\/movimento\/wp-content\/uploads\/2025\/09\/Hermes-Traldi-e1758919900125.jpg\" \/>\n\t<meta property=\"og:image:width\" content=\"700\" \/>\n\t<meta property=\"og:image:height\" content=\"700\" \/>\n\t<meta property=\"og:image:type\" content=\"image\/jpeg\" \/>\n<meta name=\"author\" content=\"Renato Dias\" \/>\n<meta name=\"twitter:card\" content=\"summary_large_image\" \/>\n<meta name=\"twitter:creator\" content=\"@RenatoDiasBat\" \/>\n<meta name=\"twitter:site\" content=\"@RenatoDiasBat\" \/>\n<meta name=\"twitter:label1\" content=\"Escrito por\" \/>\n\t<meta name=\"twitter:data1\" content=\"Renato Dias\" \/>\n\t<meta name=\"twitter:label2\" content=\"Est. tempo de leitura\" \/>\n\t<meta name=\"twitter:data2\" content=\"4 minutos\" \/>\n<script type=\"application\/ld+json\" class=\"yoast-schema-graph\">{\"@context\":\"https:\\\/\\\/schema.org\",\"@graph\":[{\"@type\":\"Article\",\"@id\":\"https:\\\/\\\/renatodias.online\\\/movimento\\\/2025\\\/09\\\/26\\\/psdb-lanca-marconi-perillo\\\/#article\",\"isPartOf\":{\"@id\":\"https:\\\/\\\/renatodias.online\\\/movimento\\\/2025\\\/09\\\/26\\\/psdb-lanca-marconi-perillo\\\/\"},\"author\":{\"name\":\"Renato Dias\",\"@id\":\"https:\\\/\\\/renatodias.online\\\/movimento\\\/#\\\/schema\\\/person\\\/bbab28833b1725a20f4083f49f1fb2a9\"},\"headline\":\"PSDB lan\u00e7a Marconi\u00a0Perillo\",\"datePublished\":\"2025-09-26T20:56:47+00:00\",\"dateModified\":\"2025-09-26T20:56:49+00:00\",\"mainEntityOfPage\":{\"@id\":\"https:\\\/\\\/renatodias.online\\\/movimento\\\/2025\\\/09\\\/26\\\/psdb-lanca-marconi-perillo\\\/\"},\"wordCount\":347,\"commentCount\":0,\"publisher\":{\"@id\":\"https:\\\/\\\/renatodias.online\\\/movimento\\\/#\\\/schema\\\/person\\\/bbab28833b1725a20f4083f49f1fb2a9\"},\"image\":{\"@id\":\"https:\\\/\\\/renatodias.online\\\/movimento\\\/2025\\\/09\\\/26\\\/psdb-lanca-marconi-perillo\\\/#primaryimage\"},\"thumbnailUrl\":\"https:\\\/\\\/renatodias.online\\\/movimento\\\/wp-content\\\/uploads\\\/2025\\\/09\\\/Hermes-Traldi-e1758919900125.jpg\",\"articleSection\":[\"Pol\u00edtica\"],\"inLanguage\":\"pt-BR\",\"potentialAction\":[{\"@type\":\"CommentAction\",\"name\":\"Comment\",\"target\":[\"https:\\\/\\\/renatodias.online\\\/movimento\\\/2025\\\/09\\\/26\\\/psdb-lanca-marconi-perillo\\\/#respond\"]}]},{\"@type\":\"WebPage\",\"@id\":\"https:\\\/\\\/renatodias.online\\\/movimento\\\/2025\\\/09\\\/26\\\/psdb-lanca-marconi-perillo\\\/\",\"url\":\"https:\\\/\\\/renatodias.online\\\/movimento\\\/2025\\\/09\\\/26\\\/psdb-lanca-marconi-perillo\\\/\",\"name\":\"PSDB lan\u00e7a Marconi\u00a0Perillo -\",\"isPartOf\":{\"@id\":\"https:\\\/\\\/renatodias.online\\\/movimento\\\/#website\"},\"primaryImageOfPage\":{\"@id\":\"https:\\\/\\\/renatodias.online\\\/movimento\\\/2025\\\/09\\\/26\\\/psdb-lanca-marconi-perillo\\\/#primaryimage\"},\"image\":{\"@id\":\"https:\\\/\\\/renatodias.online\\\/movimento\\\/2025\\\/09\\\/26\\\/psdb-lanca-marconi-perillo\\\/#primaryimage\"},\"thumbnailUrl\":\"https:\\\/\\\/renatodias.online\\\/movimento\\\/wp-content\\\/uploads\\\/2025\\\/09\\\/Hermes-Traldi-e1758919900125.jpg\",\"datePublished\":\"2025-09-26T20:56:47+00:00\",\"dateModified\":\"2025-09-26T20:56:49+00:00\",\"breadcrumb\":{\"@id\":\"https:\\\/\\\/renatodias.online\\\/movimento\\\/2025\\\/09\\\/26\\\/psdb-lanca-marconi-perillo\\\/#breadcrumb\"},\"inLanguage\":\"pt-BR\",\"potentialAction\":[{\"@type\":\"ReadAction\",\"target\":[\"https:\\\/\\\/renatodias.online\\\/movimento\\\/2025\\\/09\\\/26\\\/psdb-lanca-marconi-perillo\\\/\"]}]},{\"@type\":\"ImageObject\",\"inLanguage\":\"pt-BR\",\"@id\":\"https:\\\/\\\/renatodias.online\\\/movimento\\\/2025\\\/09\\\/26\\\/psdb-lanca-marconi-perillo\\\/#primaryimage\",\"url\":\"https:\\\/\\\/renatodias.online\\\/movimento\\\/wp-content\\\/uploads\\\/2025\\\/09\\\/Hermes-Traldi-e1758919900125.jpg\",\"contentUrl\":\"https:\\\/\\\/renatodias.online\\\/movimento\\\/wp-content\\\/uploads\\\/2025\\\/09\\\/Hermes-Traldi-e1758919900125.jpg\",\"width\":700,\"height\":700},{\"@type\":\"BreadcrumbList\",\"@id\":\"https:\\\/\\\/renatodias.online\\\/movimento\\\/2025\\\/09\\\/26\\\/psdb-lanca-marconi-perillo\\\/#breadcrumb\",\"itemListElement\":[{\"@type\":\"ListItem\",\"position\":1,\"name\":\"In\u00edcio\",\"item\":\"https:\\\/\\\/renatodias.online\\\/movimento\\\/\"},{\"@type\":\"ListItem\",\"position\":2,\"name\":\"PSDB lan\u00e7a Marconi\u00a0Perillo\"}]},{\"@type\":\"WebSite\",\"@id\":\"https:\\\/\\\/renatodias.online\\\/movimento\\\/#website\",\"url\":\"https:\\\/\\\/renatodias.online\\\/movimento\\\/\",\"name\":\"\",\"description\":\"\",\"publisher\":{\"@id\":\"https:\\\/\\\/renatodias.online\\\/movimento\\\/#\\\/schema\\\/person\\\/bbab28833b1725a20f4083f49f1fb2a9\"},\"potentialAction\":[{\"@type\":\"SearchAction\",\"target\":{\"@type\":\"EntryPoint\",\"urlTemplate\":\"https:\\\/\\\/renatodias.online\\\/movimento\\\/?s={search_term_string}\"},\"query-input\":{\"@type\":\"PropertyValueSpecification\",\"valueRequired\":true,\"valueName\":\"search_term_string\"}}],\"inLanguage\":\"pt-BR\"},{\"@type\":[\"Person\",\"Organization\"],\"@id\":\"https:\\\/\\\/renatodias.online\\\/movimento\\\/#\\\/schema\\\/person\\\/bbab28833b1725a20f4083f49f1fb2a9\",\"name\":\"Renato Dias\",\"image\":{\"@type\":\"ImageObject\",\"inLanguage\":\"pt-BR\",\"@id\":\"https:\\\/\\\/renatodias.online\\\/movimento\\\/wp-content\\\/uploads\\\/2023\\\/03\\\/cropped-cropped-cropped-logofinal.jpeg\",\"url\":\"https:\\\/\\\/renatodias.online\\\/movimento\\\/wp-content\\\/uploads\\\/2023\\\/03\\\/cropped-cropped-cropped-logofinal.jpeg\",\"contentUrl\":\"https:\\\/\\\/renatodias.online\\\/movimento\\\/wp-content\\\/uploads\\\/2023\\\/03\\\/cropped-cropped-cropped-logofinal.jpeg\",\"width\":1280,\"height\":219,\"caption\":\"Renato Dias\"},\"logo\":{\"@id\":\"https:\\\/\\\/renatodias.online\\\/movimento\\\/wp-content\\\/uploads\\\/2023\\\/03\\\/cropped-cropped-cropped-logofinal.jpeg\"},\"description\":\"Renato Dias, 58 anos, \u00e9 graduado em Jornalismo, formado em Ci\u00eancias Sociais, com p\u00f3s-gradua\u00e7\u00e3o em Pol\u00edticas P\u00fablicas, mestre em Direito e Rela\u00e7\u00f5es Internacionais, ex-aluno extraordin\u00e1rio do Doutorado em Psicologia Social, ex-estudante do Curso de Psican\u00e1lise do Centro de Estudos Psicanal\u00edticos do Estado de Goi\u00e1s, ministrado pelo m\u00e9dico psiquiatra e psicanalista Daniel Em\u00eddio de Souza. \u00c9 autor de 30 livros-reportagem, oito document\u00e1rios, ganhou 30 pr\u00eamios e \u00e9 torcedor apaixonado do maior do Centro-Oeste, o Vila Nova Futebol Clube. Casado com Meirilane Dias, \u00e9 pai de Juliana Dias, jornalista; Daniel Dias, economista; e Maria Rosa Dias, estudante antifascista, socialista e trotskista.\u00a0Com tr\u00eas pets: Porquinho [Bull Dog Franc\u00eas], Dalila [Basset Hound] e Geleia [Basset Hound]. Al\u00e9m do eterno gato Tutuquinho, que virou estrela.\",\"sameAs\":[\"https:\\\/\\\/www.facebook.com\\\/renato.dias.37\",\"#breve\",\"https:\\\/\\\/renatodias.tumblr.com\\\/\"],\"url\":\"https:\\\/\\\/renatodias.online\\\/movimento\\\/author\\\/renatodias\\\/\"}]}<\/script>\n<!-- \/ Yoast SEO plugin. -->","yoast_head_json":{"title":"PSDB lan\u00e7a Marconi\u00a0Perillo -","robots":{"index":"index","follow":"follow","max-snippet":"max-snippet:-1","max-image-preview":"max-image-preview:large","max-video-preview":"max-video-preview:-1"},"canonical":"https:\/\/renatodias.online\/movimento\/2025\/09\/26\/psdb-lanca-marconi-perillo\/","og_locale":"pt_BR","og_type":"article","og_title":"PSDB lan\u00e7a Marconi\u00a0Perillo -","og_description":"2026 Renato Dias\u00a0 O ex-presidente da Associa\u00e7\u00e3o Goiana dos Ex-prefeitos Hermes Traldi participa, s\u00e1bado, 27 de setembro, a partir de 9h, na Assembleia Legislativa, do ato alusivo aos 30 anos do ingresso de Marconi Perillo no PSDB. Encontro hist\u00f3rico. Engenheiro agr\u00f4nomo graduado na USP, ex-prefeito de Goiatuba, homem de vanguarda do mercado e do agroneg\u00f3cio","og_url":"https:\/\/renatodias.online\/movimento\/2025\/09\/26\/psdb-lanca-marconi-perillo\/","article_publisher":"https:\/\/www.facebook.com\/renato.dias.37","article_author":"https:\/\/www.facebook.com\/renato.dias.37","article_published_time":"2025-09-26T20:56:47+00:00","article_modified_time":"2025-09-26T20:56:49+00:00","og_image":[{"width":700,"height":700,"url":"https:\/\/renatodias.online\/movimento\/wp-content\/uploads\/2025\/09\/Hermes-Traldi-e1758919900125.jpg","type":"image\/jpeg"}],"author":"Renato Dias","twitter_card":"summary_large_image","twitter_creator":"@RenatoDiasBat","twitter_site":"@RenatoDiasBat","twitter_misc":{"Escrito por":"Renato Dias","Est. tempo de leitura":"4 minutos"},"schema":{"@context":"https:\/\/schema.org","@graph":[{"@type":"Article","@id":"https:\/\/renatodias.online\/movimento\/2025\/09\/26\/psdb-lanca-marconi-perillo\/#article","isPartOf":{"@id":"https:\/\/renatodias.online\/movimento\/2025\/09\/26\/psdb-lanca-marconi-perillo\/"},"author":{"name":"Renato Dias","@id":"https:\/\/renatodias.online\/movimento\/#\/schema\/person\/bbab28833b1725a20f4083f49f1fb2a9"},"headline":"PSDB lan\u00e7a Marconi\u00a0Perillo","datePublished":"2025-09-26T20:56:47+00:00","dateModified":"2025-09-26T20:56:49+00:00","mainEntityOfPage":{"@id":"https:\/\/renatodias.online\/movimento\/2025\/09\/26\/psdb-lanca-marconi-perillo\/"},"wordCount":347,"commentCount":0,"publisher":{"@id":"https:\/\/renatodias.online\/movimento\/#\/schema\/person\/bbab28833b1725a20f4083f49f1fb2a9"},"image":{"@id":"https:\/\/renatodias.online\/movimento\/2025\/09\/26\/psdb-lanca-marconi-perillo\/#primaryimage"},"thumbnailUrl":"https:\/\/renatodias.online\/movimento\/wp-content\/uploads\/2025\/09\/Hermes-Traldi-e1758919900125.jpg","articleSection":["Pol\u00edtica"],"inLanguage":"pt-BR","potentialAction":[{"@type":"CommentAction","name":"Comment","target":["https:\/\/renatodias.online\/movimento\/2025\/09\/26\/psdb-lanca-marconi-perillo\/#respond"]}]},{"@type":"WebPage","@id":"https:\/\/renatodias.online\/movimento\/2025\/09\/26\/psdb-lanca-marconi-perillo\/","url":"https:\/\/renatodias.online\/movimento\/2025\/09\/26\/psdb-lanca-marconi-perillo\/","name":"PSDB lan\u00e7a Marconi\u00a0Perillo -","isPartOf":{"@id":"https:\/\/renatodias.online\/movimento\/#website"},"primaryImageOfPage":{"@id":"https:\/\/renatodias.online\/movimento\/2025\/09\/26\/psdb-lanca-marconi-perillo\/#primaryimage"},"image":{"@id":"https:\/\/renatodias.online\/movimento\/2025\/09\/26\/psdb-lanca-marconi-perillo\/#primaryimage"},"thumbnailUrl":"https:\/\/renatodias.online\/movimento\/wp-content\/uploads\/2025\/09\/Hermes-Traldi-e1758919900125.jpg","datePublished":"2025-09-26T20:56:47+00:00","dateModified":"2025-09-26T20:56:49+00:00","breadcrumb":{"@id":"https:\/\/renatodias.online\/movimento\/2025\/09\/26\/psdb-lanca-marconi-perillo\/#breadcrumb"},"inLanguage":"pt-BR","potentialAction":[{"@type":"ReadAction","target":["https:\/\/renatodias.online\/movimento\/2025\/09\/26\/psdb-lanca-marconi-perillo\/"]}]},{"@type":"ImageObject","inLanguage":"pt-BR","@id":"https:\/\/renatodias.online\/movimento\/2025\/09\/26\/psdb-lanca-marconi-perillo\/#primaryimage","url":"https:\/\/renatodias.online\/movimento\/wp-content\/uploads\/2025\/09\/Hermes-Traldi-e1758919900125.jpg","contentUrl":"https:\/\/renatodias.online\/movimento\/wp-content\/uploads\/2025\/09\/Hermes-Traldi-e1758919900125.jpg","width":700,"height":700},{"@type":"BreadcrumbList","@id":"https:\/\/renatodias.online\/movimento\/2025\/09\/26\/psdb-lanca-marconi-perillo\/#breadcrumb","itemListElement":[{"@type":"ListItem","position":1,"name":"In\u00edcio","item":"https:\/\/renatodias.online\/movimento\/"},{"@type":"ListItem","position":2,"name":"PSDB lan\u00e7a Marconi\u00a0Perillo"}]},{"@type":"WebSite","@id":"https:\/\/renatodias.online\/movimento\/#website","url":"https:\/\/renatodias.online\/movimento\/","name":"","description":"","publisher":{"@id":"https:\/\/renatodias.online\/movimento\/#\/schema\/person\/bbab28833b1725a20f4083f49f1fb2a9"},"potentialAction":[{"@type":"SearchAction","target":{"@type":"EntryPoint","urlTemplate":"https:\/\/renatodias.online\/movimento\/?s={search_term_string}"},"query-input":{"@type":"PropertyValueSpecification","valueRequired":true,"valueName":"search_term_string"}}],"inLanguage":"pt-BR"},{"@type":["Person","Organization"],"@id":"https:\/\/renatodias.online\/movimento\/#\/schema\/person\/bbab28833b1725a20f4083f49f1fb2a9","name":"Renato Dias","image":{"@type":"ImageObject","inLanguage":"pt-BR","@id":"https:\/\/renatodias.online\/movimento\/wp-content\/uploads\/2023\/03\/cropped-cropped-cropped-logofinal.jpeg","url":"https:\/\/renatodias.online\/movimento\/wp-content\/uploads\/2023\/03\/cropped-cropped-cropped-logofinal.jpeg","contentUrl":"https:\/\/renatodias.online\/movimento\/wp-content\/uploads\/2023\/03\/cropped-cropped-cropped-logofinal.jpeg","width":1280,"height":219,"caption":"Renato Dias"},"logo":{"@id":"https:\/\/renatodias.online\/movimento\/wp-content\/uploads\/2023\/03\/cropped-cropped-cropped-logofinal.jpeg"},"description":"Renato Dias, 58 anos, \u00e9 graduado em Jornalismo, formado em Ci\u00eancias Sociais, com p\u00f3s-gradua\u00e7\u00e3o em Pol\u00edticas P\u00fablicas, mestre em Direito e Rela\u00e7\u00f5es Internacionais, ex-aluno extraordin\u00e1rio do Doutorado em Psicologia Social, ex-estudante do Curso de Psican\u00e1lise do Centro de Estudos Psicanal\u00edticos do Estado de Goi\u00e1s, ministrado pelo m\u00e9dico psiquiatra e psicanalista Daniel Em\u00eddio de Souza. \u00c9 autor de 30 livros-reportagem, oito document\u00e1rios, ganhou 30 pr\u00eamios e \u00e9 torcedor apaixonado do maior do Centro-Oeste, o Vila Nova Futebol Clube. Casado com Meirilane Dias, \u00e9 pai de Juliana Dias, jornalista; Daniel Dias, economista; e Maria Rosa Dias, estudante antifascista, socialista e trotskista.\u00a0Com tr\u00eas pets: Porquinho [Bull Dog Franc\u00eas], Dalila [Basset Hound] e Geleia [Basset Hound]. Al\u00e9m do eterno gato Tutuquinho, que virou estrela.","sameAs":["https:\/\/www.facebook.com\/renato.dias.37","#breve","https:\/\/renatodias.tumblr.com\/"],"url":"https:\/\/renatodias.online\/movimento\/author\/renatodias\/"}]}},"_links":{"self":[{"href":"https:\/\/renatodias.online\/movimento\/wp-json\/wp\/v2\/posts\/21856","targetHints":{"allow":["GET"]}}],"collection":[{"href":"https:\/\/renatodias.online\/movimento\/wp-json\/wp\/v2\/posts"}],"about":[{"href":"https:\/\/renatodias.online\/movimento\/wp-json\/wp\/v2\/types\/post"}],"author":[{"embeddable":true,"href":"https:\/\/renatodias.online\/movimento\/wp-json\/wp\/v2\/users\/2"}],"replies":[{"embeddable":true,"href":"https:\/\/renatodias.online\/movimento\/wp-json\/wp\/v2\/comments?post=21856"}],"version-history":[{"count":1,"href":"https:\/\/renatodias.online\/movimento\/wp-json\/wp\/v2\/posts\/21856\/revisions"}],"predecessor-version":[{"id":21862,"href":"https:\/\/renatodias.online\/movimento\/wp-json\/wp\/v2\/posts\/21856\/revisions\/21862"}],"wp:featuredmedia":[{"embeddable":true,"href":"https:\/\/renatodias.online\/movimento\/wp-json\/wp\/v2\/media\/21861"}],"wp:attachment":[{"href":"https:\/\/renatodias.online\/movimento\/wp-json\/wp\/v2\/media?parent=21856"}],"wp:term":[{"taxonomy":"category","embeddable":true,"href":"https:\/\/renatodias.online\/movimento\/wp-json\/wp\/v2\/categories?post=21856"},{"taxonomy":"post_tag","embeddable":true,"href":"https:\/\/renatodias.online\/movimento\/wp-json\/wp\/v2\/tags?post=21856"}],"curies":[{"name":"wp","href":"https:\/\/api.w.org\/{rel}","templated":true}]}}