{"id":21835,"date":"2025-09-23T18:00:13","date_gmt":"2025-09-23T21:00:13","guid":{"rendered":"https:\/\/renatodias.online\/movimento\/?p=21835"},"modified":"2025-09-23T18:00:14","modified_gmt":"2025-09-23T21:00:14","slug":"drama-na-saneago","status":"publish","type":"post","link":"https:\/\/renatodias.online\/movimento\/2025\/09\/23\/drama-na-saneago\/","title":{"rendered":"Drama na Saneago\u00a0"},"content":{"rendered":"\n<figure class=\"wp-block-image aligncenter size-full\"><img loading=\"lazy\" decoding=\"async\" width=\"150\" height=\"150\" src=\"https:\/\/renatodias.online\/movimento\/wp-content\/uploads\/2021\/04\/Bomba-A-morte-da-Politica-e1683416532524.jpg\" alt=\"explosivo\" class=\"wp-image-5888\" srcset=\"https:\/\/renatodias.online\/movimento\/wp-content\/uploads\/2021\/04\/Bomba-A-morte-da-Politica-e1683416532524.jpg 150w, https:\/\/renatodias.online\/movimento\/wp-content\/uploads\/2021\/04\/Bomba-A-morte-da-Politica-e1683416532524-96x96.jpg 96w\" sizes=\"auto, (max-width: 150px) 100vw, 150px\" \/><\/figure>\n\n\n\n<p class=\"has-text-align-center\"><strong><mark style=\"background-color:rgba(0, 0, 0, 0)\" class=\"has-inline-color has-luminous-vivid-orange-color\">Stiueg v\u00ea descaso\u00a0<\/mark><\/strong><\/p>\n\n\n\n<figure class=\"wp-block-audio\"><audio controls src=\"https:\/\/renatodias.online\/movimento\/wp-content\/uploads\/2024\/02\/AUD-20240202-WA0029-online-audio-converter.com_.mp3\"><\/audio><figcaption class=\"wp-element-caption\">Chico Buarque, Apesar de voc\u00ea<\/figcaption><\/figure>\n\n\n\n<p class=\"has-text-align-center\"><strong><mark style=\"background-color:rgba(0, 0, 0, 0)\" class=\"has-inline-color has-vivid-cyan-blue-color\">Da Reda\u00e7\u00e3o\u00a0<\/mark><\/strong><\/p>\n\n\n\n<p><strong>Depress\u00e3o, medo e ansiedade. \u00c9 drama enfrentado, hoje, por empregados da Saneago que est\u00e3o prestes ou acabam de completar 70 anos. H\u00e1 pelo menos um caso de uma servidora que foi desligada, mesmo ainda estando em recupera\u00e7\u00e3o de um Acidente Vascular Cerebral (AVC). Cinco dias ap\u00f3s o anivers\u00e1rio de 70 anos.&nbsp;<\/strong><\/p>\n\n\n\n<figure class=\"wp-block-image aligncenter size-full\"><img loading=\"lazy\" decoding=\"async\" width=\"180\" height=\"237\" src=\"https:\/\/renatodias.online\/movimento\/wp-content\/uploads\/2019\/09\/Sigmund-Freud-caricatura-1-e1728588252231.jpg\" alt=\"\" class=\"wp-image-2554\" srcset=\"https:\/\/renatodias.online\/movimento\/wp-content\/uploads\/2019\/09\/Sigmund-Freud-caricatura-1-e1728588252231.jpg 180w, https:\/\/renatodias.online\/movimento\/wp-content\/uploads\/2019\/09\/Sigmund-Freud-caricatura-1-e1728588252231-150x198.jpg 150w\" sizes=\"auto, (max-width: 180px) 100vw, 180px\" \/><figcaption class=\"wp-element-caption\">Sigmund Freud &#8211; depress\u00e3o<\/figcaption><\/figure>\n\n\n\n<p><strong>A empresa tem promovido demiss\u00f5es rotineiramente, mantendo-se alheia ao debate existente hoje nos tribunais. De equiparar a aposentadoria compuls\u00f3ria dos empregados p\u00fablicos aos servidores p\u00fablicos. O STF est\u00e1 prestes a decidir se aposentadoria compuls\u00f3ria para empregado p\u00fablico aos 75 anos depende de regulamenta\u00e7\u00e3o.<\/strong><\/p>\n\n\n\n<figure class=\"wp-block-image aligncenter size-full\"><img loading=\"lazy\" decoding=\"async\" width=\"400\" height=\"200\" src=\"https:\/\/renatodias.online\/movimento\/wp-content\/uploads\/2024\/03\/Jair-Bolsonaro-3-STF-e1712453711712.jpg\" alt=\"\" class=\"wp-image-19666\" srcset=\"https:\/\/renatodias.online\/movimento\/wp-content\/uploads\/2024\/03\/Jair-Bolsonaro-3-STF-e1712453711712.jpg 400w, https:\/\/renatodias.online\/movimento\/wp-content\/uploads\/2024\/03\/Jair-Bolsonaro-3-STF-e1712453711712-300x150.jpg 300w, https:\/\/renatodias.online\/movimento\/wp-content\/uploads\/2024\/03\/Jair-Bolsonaro-3-STF-e1712453711712-150x75.jpg 150w\" sizes=\"auto, (max-width: 400px) 100vw, 400px\" \/><\/figure>\n\n\n\n<p><strong>O mais recente caso envolve uma empregada que, mesmo sofrendo os efeitos delet\u00e9rios de um AVC, foi desligada na semana do anivers\u00e1rio de 70 anos e ainda em tratamento da isquemia cerebral. Al\u00e9m de ter sido exclu\u00edda do sistema eletr\u00f4nico da empresa, ela nem mesmo p\u00f4de entregar um atestado m\u00e9dico porque o acesso a Saneago lhe fora negado.<\/strong><\/p>\n\n\n\n<p><strong>Se n\u00e3o bastasse isso, a empregada obteve na justi\u00e7a liminar para continuar trabalhando, datada de 4 de setembro, e a Saneago, mesmo sendo alertada de multa caso n\u00e3o promovesse a reintegra\u00e7\u00e3o em cinco dias, realizou, dia 10 de setembro, o dep\u00f3sito acerto trabalhalista, descumprindo flagrantemente a determina\u00e7\u00e3o judicial.<\/strong><\/p>\n\n\n\n<p><strong>O desligamento foi concretizado sem a aquiesc\u00eancia da empregada e em meio a press\u00f5es da chefia. E os casos n\u00e3o param por a\u00ed. O mais recente envolve outro empregado, que tamb\u00e9m impetrou mandado de seguran\u00e7a preventivo, em tramita\u00e7\u00e3o na 5\u00aa&nbsp; Vara do Trabalho de Goi\u00e2nia, para se resguardar do iminente desligamento compuls\u00f3rio por completar 70 anos.<\/strong><\/p>\n\n\n\n<figure class=\"wp-block-image aligncenter size-full\"><img loading=\"lazy\" decoding=\"async\" width=\"150\" height=\"70\" src=\"https:\/\/renatodias.online\/movimento\/wp-content\/uploads\/2024\/03\/Saiba-mais-e1710783943468.png\" alt=\"\" class=\"wp-image-19880\"\/><\/figure>\n\n\n\n<p><strong>A exemplo do caso anterior, o STIUEG pediu a Saneago que aguarde a resolu\u00e7\u00e3o terminativa do mandado de seguran\u00e7a, de modo que seja suspenso do ato de desligamento do empregado, at\u00e9 a decis\u00e3o do m\u00e9rito processo. O presidente do STIUEG, Jo\u00e3o Maria, afirma que o que est\u00e1 acontecendo hoje na Saneago \u00e9 um verdadeiro descaso, um abandono por parte da empresa dos profissionais que chegaram aos 70 anos.<\/strong><\/p>\n\n\n\n<p><strong>Segundo ele, a empresa tem feito o desligamento compuls\u00f3rio, n\u00e3o observando direitos, julgados trabalhistas e n\u00e3o acatando determina\u00e7\u00f5es judiciais. Jo\u00e3o Maria ressalta que o STIUEG tem feito uma luta grande na defesa da honra e da dignidade desses profissionais que dedicaram uma vida inteira \u00e0 Saneago, levando qualidade de vida \u00e0 popula\u00e7\u00e3o, por meio do saneamento b\u00e1sico.<\/strong><\/p>\n\n\n\n<p><strong>&#8220;A empresa simplesmente descarta esses profissionais, sem o m\u00ednimo de acerto o indeniza\u00e7\u00e3o, baseada numa lei que j\u00e1 est\u00e1 superada&#8221;. O sindicalista argumenta ainda que os tribunais t\u00eam entendido que o desligamento deve ocorrer como todo servidor p\u00fablico, aos 75 anos. &#8220;A dire\u00e7\u00e3o da Saneago tem impedido que as pessoas exer\u00e7am seus direitos e at\u00e9 mesmo que esses servidores acessem \u00e0 empresa&#8221;.<\/strong><\/p>\n\n\n\n<figure class=\"wp-block-image aligncenter size-full\"><img loading=\"lazy\" decoding=\"async\" width=\"125\" height=\"125\" src=\"https:\/\/renatodias.online\/movimento\/wp-content\/uploads\/2022\/08\/Outro-lado-1-e1758660768242.png\" alt=\"\" class=\"wp-image-13860\"\/><\/figure>\n\n\n\n<p><strong>A Saneago tem evitado falar sobre o assunto&nbsp; e utiliza apenas uma manifesta\u00e7\u00e3o formal, denominada &#8220;Aviso ao Empregado Sobre Medidas Adotadas (Aesma), na qual diz laconicamente que apenas cumpre&nbsp; a legisla\u00e7\u00e3o<\/strong><\/p>\n","protected":false},"excerpt":{"rendered":"<p>Stiueg v\u00ea descaso\u00a0 Da Reda\u00e7\u00e3o\u00a0 Depress\u00e3o, medo e ansiedade. \u00c9 drama enfrentado, hoje, por empregados da Saneago que est\u00e3o prestes ou acabam de completar 70 anos. H\u00e1 pelo menos um caso de uma servidora que foi desligada, mesmo ainda estando em recupera\u00e7\u00e3o de um Acidente Vascular Cerebral (AVC). Cinco dias ap\u00f3s o anivers\u00e1rio de 70<\/p>\n","protected":false},"author":2,"featured_media":21836,"comment_status":"open","ping_status":"open","sticky":false,"template":"","format":"standard","meta":{"_acf_changed":false,"_monsterinsights_skip_tracking":false,"_monsterinsights_sitenote_active":false,"_monsterinsights_sitenote_note":"","_monsterinsights_sitenote_category":0,"footnotes":""},"categories":[4],"tags":[],"class_list":["post-21835","post","type-post","status-publish","format-standard","has-post-thumbnail","hentry","category-politica"],"acf":[],"yoast_head":"<!-- This site is optimized with the Yoast SEO plugin v27.4 - https:\/\/yoast.com\/product\/yoast-seo-wordpress\/ -->\n<title>Drama na Saneago\u00a0 -<\/title>\n<meta name=\"robots\" content=\"index, follow, max-snippet:-1, max-image-preview:large, max-video-preview:-1\" \/>\n<link rel=\"canonical\" href=\"https:\/\/renatodias.online\/movimento\/2025\/09\/23\/drama-na-saneago\/\" \/>\n<meta property=\"og:locale\" content=\"pt_BR\" \/>\n<meta property=\"og:type\" content=\"article\" \/>\n<meta property=\"og:title\" content=\"Drama na Saneago\u00a0 -\" \/>\n<meta property=\"og:description\" content=\"Stiueg v\u00ea descaso\u00a0 Da Reda\u00e7\u00e3o\u00a0 Depress\u00e3o, medo e ansiedade. \u00c9 drama enfrentado, hoje, por empregados da Saneago que est\u00e3o prestes ou acabam de completar 70 anos. H\u00e1 pelo menos um caso de uma servidora que foi desligada, mesmo ainda estando em recupera\u00e7\u00e3o de um Acidente Vascular Cerebral (AVC). Cinco dias ap\u00f3s o anivers\u00e1rio de 70\" \/>\n<meta property=\"og:url\" content=\"https:\/\/renatodias.online\/movimento\/2025\/09\/23\/drama-na-saneago\/\" \/>\n<meta property=\"article:publisher\" content=\"https:\/\/www.facebook.com\/renato.dias.37\" \/>\n<meta property=\"article:author\" content=\"https:\/\/www.facebook.com\/renato.dias.37\" \/>\n<meta property=\"article:published_time\" content=\"2025-09-23T21:00:13+00:00\" \/>\n<meta property=\"article:modified_time\" content=\"2025-09-23T21:00:14+00:00\" \/>\n<meta property=\"og:image\" content=\"https:\/\/renatodias.online\/movimento\/wp-content\/uploads\/2025\/09\/Joao-Maria-e1758661113593.jpg\" \/>\n\t<meta property=\"og:image:width\" content=\"700\" \/>\n\t<meta property=\"og:image:height\" content=\"523\" \/>\n\t<meta property=\"og:image:type\" content=\"image\/jpeg\" \/>\n<meta name=\"author\" content=\"Renato Dias\" \/>\n<meta name=\"twitter:card\" content=\"summary_large_image\" \/>\n<meta name=\"twitter:creator\" content=\"@RenatoDiasBat\" \/>\n<meta name=\"twitter:site\" content=\"@RenatoDiasBat\" \/>\n<meta name=\"twitter:label1\" content=\"Escrito por\" \/>\n\t<meta name=\"twitter:data1\" content=\"Renato Dias\" \/>\n\t<meta name=\"twitter:label2\" content=\"Est. tempo de leitura\" \/>\n\t<meta name=\"twitter:data2\" content=\"4 minutos\" \/>\n<script type=\"application\/ld+json\" class=\"yoast-schema-graph\">{\"@context\":\"https:\\\/\\\/schema.org\",\"@graph\":[{\"@type\":\"Article\",\"@id\":\"https:\\\/\\\/renatodias.online\\\/movimento\\\/2025\\\/09\\\/23\\\/drama-na-saneago\\\/#article\",\"isPartOf\":{\"@id\":\"https:\\\/\\\/renatodias.online\\\/movimento\\\/2025\\\/09\\\/23\\\/drama-na-saneago\\\/\"},\"author\":{\"name\":\"Renato Dias\",\"@id\":\"https:\\\/\\\/renatodias.online\\\/movimento\\\/#\\\/schema\\\/person\\\/bbab28833b1725a20f4083f49f1fb2a9\"},\"headline\":\"Drama na Saneago\u00a0\",\"datePublished\":\"2025-09-23T21:00:13+00:00\",\"dateModified\":\"2025-09-23T21:00:14+00:00\",\"mainEntityOfPage\":{\"@id\":\"https:\\\/\\\/renatodias.online\\\/movimento\\\/2025\\\/09\\\/23\\\/drama-na-saneago\\\/\"},\"wordCount\":535,\"commentCount\":0,\"publisher\":{\"@id\":\"https:\\\/\\\/renatodias.online\\\/movimento\\\/#\\\/schema\\\/person\\\/bbab28833b1725a20f4083f49f1fb2a9\"},\"image\":{\"@id\":\"https:\\\/\\\/renatodias.online\\\/movimento\\\/2025\\\/09\\\/23\\\/drama-na-saneago\\\/#primaryimage\"},\"thumbnailUrl\":\"https:\\\/\\\/renatodias.online\\\/movimento\\\/wp-content\\\/uploads\\\/2025\\\/09\\\/Joao-Maria-e1758661113593.jpg\",\"articleSection\":[\"Pol\u00edtica\"],\"inLanguage\":\"pt-BR\",\"potentialAction\":[{\"@type\":\"CommentAction\",\"name\":\"Comment\",\"target\":[\"https:\\\/\\\/renatodias.online\\\/movimento\\\/2025\\\/09\\\/23\\\/drama-na-saneago\\\/#respond\"]}]},{\"@type\":\"WebPage\",\"@id\":\"https:\\\/\\\/renatodias.online\\\/movimento\\\/2025\\\/09\\\/23\\\/drama-na-saneago\\\/\",\"url\":\"https:\\\/\\\/renatodias.online\\\/movimento\\\/2025\\\/09\\\/23\\\/drama-na-saneago\\\/\",\"name\":\"Drama na Saneago\u00a0 -\",\"isPartOf\":{\"@id\":\"https:\\\/\\\/renatodias.online\\\/movimento\\\/#website\"},\"primaryImageOfPage\":{\"@id\":\"https:\\\/\\\/renatodias.online\\\/movimento\\\/2025\\\/09\\\/23\\\/drama-na-saneago\\\/#primaryimage\"},\"image\":{\"@id\":\"https:\\\/\\\/renatodias.online\\\/movimento\\\/2025\\\/09\\\/23\\\/drama-na-saneago\\\/#primaryimage\"},\"thumbnailUrl\":\"https:\\\/\\\/renatodias.online\\\/movimento\\\/wp-content\\\/uploads\\\/2025\\\/09\\\/Joao-Maria-e1758661113593.jpg\",\"datePublished\":\"2025-09-23T21:00:13+00:00\",\"dateModified\":\"2025-09-23T21:00:14+00:00\",\"breadcrumb\":{\"@id\":\"https:\\\/\\\/renatodias.online\\\/movimento\\\/2025\\\/09\\\/23\\\/drama-na-saneago\\\/#breadcrumb\"},\"inLanguage\":\"pt-BR\",\"potentialAction\":[{\"@type\":\"ReadAction\",\"target\":[\"https:\\\/\\\/renatodias.online\\\/movimento\\\/2025\\\/09\\\/23\\\/drama-na-saneago\\\/\"]}]},{\"@type\":\"ImageObject\",\"inLanguage\":\"pt-BR\",\"@id\":\"https:\\\/\\\/renatodias.online\\\/movimento\\\/2025\\\/09\\\/23\\\/drama-na-saneago\\\/#primaryimage\",\"url\":\"https:\\\/\\\/renatodias.online\\\/movimento\\\/wp-content\\\/uploads\\\/2025\\\/09\\\/Joao-Maria-e1758661113593.jpg\",\"contentUrl\":\"https:\\\/\\\/renatodias.online\\\/movimento\\\/wp-content\\\/uploads\\\/2025\\\/09\\\/Joao-Maria-e1758661113593.jpg\",\"width\":700,\"height\":523,\"caption\":\"Jo\u00e3o Maria\"},{\"@type\":\"BreadcrumbList\",\"@id\":\"https:\\\/\\\/renatodias.online\\\/movimento\\\/2025\\\/09\\\/23\\\/drama-na-saneago\\\/#breadcrumb\",\"itemListElement\":[{\"@type\":\"ListItem\",\"position\":1,\"name\":\"In\u00edcio\",\"item\":\"https:\\\/\\\/renatodias.online\\\/movimento\\\/\"},{\"@type\":\"ListItem\",\"position\":2,\"name\":\"Drama na Saneago\u00a0\"}]},{\"@type\":\"WebSite\",\"@id\":\"https:\\\/\\\/renatodias.online\\\/movimento\\\/#website\",\"url\":\"https:\\\/\\\/renatodias.online\\\/movimento\\\/\",\"name\":\"\",\"description\":\"\",\"publisher\":{\"@id\":\"https:\\\/\\\/renatodias.online\\\/movimento\\\/#\\\/schema\\\/person\\\/bbab28833b1725a20f4083f49f1fb2a9\"},\"potentialAction\":[{\"@type\":\"SearchAction\",\"target\":{\"@type\":\"EntryPoint\",\"urlTemplate\":\"https:\\\/\\\/renatodias.online\\\/movimento\\\/?s={search_term_string}\"},\"query-input\":{\"@type\":\"PropertyValueSpecification\",\"valueRequired\":true,\"valueName\":\"search_term_string\"}}],\"inLanguage\":\"pt-BR\"},{\"@type\":[\"Person\",\"Organization\"],\"@id\":\"https:\\\/\\\/renatodias.online\\\/movimento\\\/#\\\/schema\\\/person\\\/bbab28833b1725a20f4083f49f1fb2a9\",\"name\":\"Renato Dias\",\"image\":{\"@type\":\"ImageObject\",\"inLanguage\":\"pt-BR\",\"@id\":\"https:\\\/\\\/renatodias.online\\\/movimento\\\/wp-content\\\/uploads\\\/2023\\\/03\\\/cropped-cropped-cropped-logofinal.jpeg\",\"url\":\"https:\\\/\\\/renatodias.online\\\/movimento\\\/wp-content\\\/uploads\\\/2023\\\/03\\\/cropped-cropped-cropped-logofinal.jpeg\",\"contentUrl\":\"https:\\\/\\\/renatodias.online\\\/movimento\\\/wp-content\\\/uploads\\\/2023\\\/03\\\/cropped-cropped-cropped-logofinal.jpeg\",\"width\":1280,\"height\":219,\"caption\":\"Renato Dias\"},\"logo\":{\"@id\":\"https:\\\/\\\/renatodias.online\\\/movimento\\\/wp-content\\\/uploads\\\/2023\\\/03\\\/cropped-cropped-cropped-logofinal.jpeg\"},\"description\":\"Renato Dias, 58 anos, \u00e9 graduado em Jornalismo, formado em Ci\u00eancias Sociais, com p\u00f3s-gradua\u00e7\u00e3o em Pol\u00edticas P\u00fablicas, mestre em Direito e Rela\u00e7\u00f5es Internacionais, ex-aluno extraordin\u00e1rio do Doutorado em Psicologia Social, ex-estudante do Curso de Psican\u00e1lise do Centro de Estudos Psicanal\u00edticos do Estado de Goi\u00e1s, ministrado pelo m\u00e9dico psiquiatra e psicanalista Daniel Em\u00eddio de Souza. \u00c9 autor de 30 livros-reportagem, oito document\u00e1rios, ganhou 30 pr\u00eamios e \u00e9 torcedor apaixonado do maior do Centro-Oeste, o Vila Nova Futebol Clube. Casado com Meirilane Dias, \u00e9 pai de Juliana Dias, jornalista; Daniel Dias, economista; e Maria Rosa Dias, estudante antifascista, socialista e trotskista.\u00a0Com tr\u00eas pets: Porquinho [Bull Dog Franc\u00eas], Dalila [Basset Hound] e Geleia [Basset Hound]. Al\u00e9m do eterno gato Tutuquinho, que virou estrela.\",\"sameAs\":[\"https:\\\/\\\/www.facebook.com\\\/renato.dias.37\",\"#breve\",\"https:\\\/\\\/renatodias.tumblr.com\\\/\"],\"url\":\"https:\\\/\\\/renatodias.online\\\/movimento\\\/author\\\/renatodias\\\/\"}]}<\/script>\n<!-- \/ Yoast SEO plugin. -->","yoast_head_json":{"title":"Drama na Saneago\u00a0 -","robots":{"index":"index","follow":"follow","max-snippet":"max-snippet:-1","max-image-preview":"max-image-preview:large","max-video-preview":"max-video-preview:-1"},"canonical":"https:\/\/renatodias.online\/movimento\/2025\/09\/23\/drama-na-saneago\/","og_locale":"pt_BR","og_type":"article","og_title":"Drama na Saneago\u00a0 -","og_description":"Stiueg v\u00ea descaso\u00a0 Da Reda\u00e7\u00e3o\u00a0 Depress\u00e3o, medo e ansiedade. \u00c9 drama enfrentado, hoje, por empregados da Saneago que est\u00e3o prestes ou acabam de completar 70 anos. H\u00e1 pelo menos um caso de uma servidora que foi desligada, mesmo ainda estando em recupera\u00e7\u00e3o de um Acidente Vascular Cerebral (AVC). Cinco dias ap\u00f3s o anivers\u00e1rio de 70","og_url":"https:\/\/renatodias.online\/movimento\/2025\/09\/23\/drama-na-saneago\/","article_publisher":"https:\/\/www.facebook.com\/renato.dias.37","article_author":"https:\/\/www.facebook.com\/renato.dias.37","article_published_time":"2025-09-23T21:00:13+00:00","article_modified_time":"2025-09-23T21:00:14+00:00","og_image":[{"width":700,"height":523,"url":"https:\/\/renatodias.online\/movimento\/wp-content\/uploads\/2025\/09\/Joao-Maria-e1758661113593.jpg","type":"image\/jpeg"}],"author":"Renato Dias","twitter_card":"summary_large_image","twitter_creator":"@RenatoDiasBat","twitter_site":"@RenatoDiasBat","twitter_misc":{"Escrito por":"Renato Dias","Est. tempo de leitura":"4 minutos"},"schema":{"@context":"https:\/\/schema.org","@graph":[{"@type":"Article","@id":"https:\/\/renatodias.online\/movimento\/2025\/09\/23\/drama-na-saneago\/#article","isPartOf":{"@id":"https:\/\/renatodias.online\/movimento\/2025\/09\/23\/drama-na-saneago\/"},"author":{"name":"Renato Dias","@id":"https:\/\/renatodias.online\/movimento\/#\/schema\/person\/bbab28833b1725a20f4083f49f1fb2a9"},"headline":"Drama na Saneago\u00a0","datePublished":"2025-09-23T21:00:13+00:00","dateModified":"2025-09-23T21:00:14+00:00","mainEntityOfPage":{"@id":"https:\/\/renatodias.online\/movimento\/2025\/09\/23\/drama-na-saneago\/"},"wordCount":535,"commentCount":0,"publisher":{"@id":"https:\/\/renatodias.online\/movimento\/#\/schema\/person\/bbab28833b1725a20f4083f49f1fb2a9"},"image":{"@id":"https:\/\/renatodias.online\/movimento\/2025\/09\/23\/drama-na-saneago\/#primaryimage"},"thumbnailUrl":"https:\/\/renatodias.online\/movimento\/wp-content\/uploads\/2025\/09\/Joao-Maria-e1758661113593.jpg","articleSection":["Pol\u00edtica"],"inLanguage":"pt-BR","potentialAction":[{"@type":"CommentAction","name":"Comment","target":["https:\/\/renatodias.online\/movimento\/2025\/09\/23\/drama-na-saneago\/#respond"]}]},{"@type":"WebPage","@id":"https:\/\/renatodias.online\/movimento\/2025\/09\/23\/drama-na-saneago\/","url":"https:\/\/renatodias.online\/movimento\/2025\/09\/23\/drama-na-saneago\/","name":"Drama na Saneago\u00a0 -","isPartOf":{"@id":"https:\/\/renatodias.online\/movimento\/#website"},"primaryImageOfPage":{"@id":"https:\/\/renatodias.online\/movimento\/2025\/09\/23\/drama-na-saneago\/#primaryimage"},"image":{"@id":"https:\/\/renatodias.online\/movimento\/2025\/09\/23\/drama-na-saneago\/#primaryimage"},"thumbnailUrl":"https:\/\/renatodias.online\/movimento\/wp-content\/uploads\/2025\/09\/Joao-Maria-e1758661113593.jpg","datePublished":"2025-09-23T21:00:13+00:00","dateModified":"2025-09-23T21:00:14+00:00","breadcrumb":{"@id":"https:\/\/renatodias.online\/movimento\/2025\/09\/23\/drama-na-saneago\/#breadcrumb"},"inLanguage":"pt-BR","potentialAction":[{"@type":"ReadAction","target":["https:\/\/renatodias.online\/movimento\/2025\/09\/23\/drama-na-saneago\/"]}]},{"@type":"ImageObject","inLanguage":"pt-BR","@id":"https:\/\/renatodias.online\/movimento\/2025\/09\/23\/drama-na-saneago\/#primaryimage","url":"https:\/\/renatodias.online\/movimento\/wp-content\/uploads\/2025\/09\/Joao-Maria-e1758661113593.jpg","contentUrl":"https:\/\/renatodias.online\/movimento\/wp-content\/uploads\/2025\/09\/Joao-Maria-e1758661113593.jpg","width":700,"height":523,"caption":"Jo\u00e3o Maria"},{"@type":"BreadcrumbList","@id":"https:\/\/renatodias.online\/movimento\/2025\/09\/23\/drama-na-saneago\/#breadcrumb","itemListElement":[{"@type":"ListItem","position":1,"name":"In\u00edcio","item":"https:\/\/renatodias.online\/movimento\/"},{"@type":"ListItem","position":2,"name":"Drama na Saneago\u00a0"}]},{"@type":"WebSite","@id":"https:\/\/renatodias.online\/movimento\/#website","url":"https:\/\/renatodias.online\/movimento\/","name":"","description":"","publisher":{"@id":"https:\/\/renatodias.online\/movimento\/#\/schema\/person\/bbab28833b1725a20f4083f49f1fb2a9"},"potentialAction":[{"@type":"SearchAction","target":{"@type":"EntryPoint","urlTemplate":"https:\/\/renatodias.online\/movimento\/?s={search_term_string}"},"query-input":{"@type":"PropertyValueSpecification","valueRequired":true,"valueName":"search_term_string"}}],"inLanguage":"pt-BR"},{"@type":["Person","Organization"],"@id":"https:\/\/renatodias.online\/movimento\/#\/schema\/person\/bbab28833b1725a20f4083f49f1fb2a9","name":"Renato Dias","image":{"@type":"ImageObject","inLanguage":"pt-BR","@id":"https:\/\/renatodias.online\/movimento\/wp-content\/uploads\/2023\/03\/cropped-cropped-cropped-logofinal.jpeg","url":"https:\/\/renatodias.online\/movimento\/wp-content\/uploads\/2023\/03\/cropped-cropped-cropped-logofinal.jpeg","contentUrl":"https:\/\/renatodias.online\/movimento\/wp-content\/uploads\/2023\/03\/cropped-cropped-cropped-logofinal.jpeg","width":1280,"height":219,"caption":"Renato Dias"},"logo":{"@id":"https:\/\/renatodias.online\/movimento\/wp-content\/uploads\/2023\/03\/cropped-cropped-cropped-logofinal.jpeg"},"description":"Renato Dias, 58 anos, \u00e9 graduado em Jornalismo, formado em Ci\u00eancias Sociais, com p\u00f3s-gradua\u00e7\u00e3o em Pol\u00edticas P\u00fablicas, mestre em Direito e Rela\u00e7\u00f5es Internacionais, ex-aluno extraordin\u00e1rio do Doutorado em Psicologia Social, ex-estudante do Curso de Psican\u00e1lise do Centro de Estudos Psicanal\u00edticos do Estado de Goi\u00e1s, ministrado pelo m\u00e9dico psiquiatra e psicanalista Daniel Em\u00eddio de Souza. \u00c9 autor de 30 livros-reportagem, oito document\u00e1rios, ganhou 30 pr\u00eamios e \u00e9 torcedor apaixonado do maior do Centro-Oeste, o Vila Nova Futebol Clube. Casado com Meirilane Dias, \u00e9 pai de Juliana Dias, jornalista; Daniel Dias, economista; e Maria Rosa Dias, estudante antifascista, socialista e trotskista.\u00a0Com tr\u00eas pets: Porquinho [Bull Dog Franc\u00eas], Dalila [Basset Hound] e Geleia [Basset Hound]. Al\u00e9m do eterno gato Tutuquinho, que virou estrela.","sameAs":["https:\/\/www.facebook.com\/renato.dias.37","#breve","https:\/\/renatodias.tumblr.com\/"],"url":"https:\/\/renatodias.online\/movimento\/author\/renatodias\/"}]}},"_links":{"self":[{"href":"https:\/\/renatodias.online\/movimento\/wp-json\/wp\/v2\/posts\/21835","targetHints":{"allow":["GET"]}}],"collection":[{"href":"https:\/\/renatodias.online\/movimento\/wp-json\/wp\/v2\/posts"}],"about":[{"href":"https:\/\/renatodias.online\/movimento\/wp-json\/wp\/v2\/types\/post"}],"author":[{"embeddable":true,"href":"https:\/\/renatodias.online\/movimento\/wp-json\/wp\/v2\/users\/2"}],"replies":[{"embeddable":true,"href":"https:\/\/renatodias.online\/movimento\/wp-json\/wp\/v2\/comments?post=21835"}],"version-history":[{"count":1,"href":"https:\/\/renatodias.online\/movimento\/wp-json\/wp\/v2\/posts\/21835\/revisions"}],"predecessor-version":[{"id":21837,"href":"https:\/\/renatodias.online\/movimento\/wp-json\/wp\/v2\/posts\/21835\/revisions\/21837"}],"wp:featuredmedia":[{"embeddable":true,"href":"https:\/\/renatodias.online\/movimento\/wp-json\/wp\/v2\/media\/21836"}],"wp:attachment":[{"href":"https:\/\/renatodias.online\/movimento\/wp-json\/wp\/v2\/media?parent=21835"}],"wp:term":[{"taxonomy":"category","embeddable":true,"href":"https:\/\/renatodias.online\/movimento\/wp-json\/wp\/v2\/categories?post=21835"},{"taxonomy":"post_tag","embeddable":true,"href":"https:\/\/renatodias.online\/movimento\/wp-json\/wp\/v2\/tags?post=21835"}],"curies":[{"name":"wp","href":"https:\/\/api.w.org\/{rel}","templated":true}]}}