{"id":21768,"date":"2025-09-03T12:50:34","date_gmt":"2025-09-03T15:50:34","guid":{"rendered":"https:\/\/renatodias.online\/movimento\/?p=21768"},"modified":"2025-09-03T13:03:39","modified_gmt":"2025-09-03T16:03:39","slug":"ato-mundial-de-limpeza-urbana","status":"publish","type":"post","link":"https:\/\/renatodias.online\/movimento\/2025\/09\/03\/ato-mundial-de-limpeza-urbana\/","title":{"rendered":"Ato mundial de limpeza urbana\u00a0"},"content":{"rendered":"\n<figure class=\"wp-block-image aligncenter size-full\"><img decoding=\"async\" src=\"https:\/\/renatodias.online\/movimento\/wp-content\/uploads\/2025\/09\/Arte-e1756914046578.jpg\" alt=\"\" class=\"wp-image-21772\"\/><\/figure>\n\n\n\n<p class=\"has-text-align-center\"><strong><mark style=\"background-color:rgba(0, 0, 0, 0)\" class=\"has-inline-color has-luminous-vivid-orange-color\">Dia 20, s\u00e1bado, de 9h \u00e0s 14h, Pra\u00e7a Universit\u00e1ria, Goi\u00e2nia&nbsp;<\/mark><\/strong><\/p>\n\n\n\n<p class=\"has-text-align-center\"><strong><mark style=\"background-color:rgba(0, 0, 0, 0)\" class=\"has-inline-color has-vivid-red-color\">Renato Dias<\/mark>&nbsp;<\/strong><\/p>\n\n\n\n<p><strong>Com amplo mutir\u00e3o de limpeza urbana, coleta seletiva, drive thru, al\u00e9m de preserva\u00e7\u00e3o do meio ambiente, medidas contra a desordem clim\u00e1tica e educa\u00e7\u00e3o ambiental. Assim Goi\u00e2nia participar\u00e1 do <mark style=\"background-color:rgba(0, 0, 0, 0)\" class=\"has-inline-color has-vivid-green-cyan-color\">Dia Mundial da Limpeza. A<\/mark> opera\u00e7\u00e3o de cidadania ser\u00e1 realizada s\u00e1bado, dia 20, de 9h \u00e0s 14h, na Pra\u00e7a Universit\u00e1ria, em Goi\u00e2nia. Capital fundada no ano de 1933.<\/strong><\/p>\n\n\n\n<figure class=\"wp-block-image aligncenter size-full\"><img decoding=\"async\" src=\"https:\/\/renatodias.online\/movimento\/wp-content\/uploads\/2025\/09\/Prraca-Universitaria-e1756914132509.jpg\" alt=\"\" class=\"wp-image-21769\"\/><figcaption class=\"wp-element-caption\"><strong>Pra\u00e7a Universit\u00e1ria<\/strong><\/figcaption><\/figure>\n\n\n\n<p><strong>O ato \u00e9 promovido pelo Coletivo Ideias Urbanas. Em parceria com institui\u00e7\u00f5es p\u00fablicas e privadas. Com a participa\u00e7\u00e3o de movimentos sociais. Papel, papel\u00e3o, vidros, pl\u00e1stico, metais, \u00f3leo de cozinha usado poder\u00e3o ser descartados. Mais:&nbsp; eletr\u00f4nicos como celular, baterias, pilhas, equipamentos eletr\u00f4nicos comp\u00f5em tamb\u00e9m a rela\u00e7\u00e3o dos produtos.<\/strong><\/p>\n\n\n\n<figure class=\"wp-block-image aligncenter size-full\"><img decoding=\"async\" src=\"https:\/\/renatodias.online\/movimento\/wp-content\/uploads\/2025\/09\/Coro-de-Pau-e1756915267689.jpg\" alt=\"\" class=\"wp-image-21770\"\/><figcaption class=\"wp-element-caption\"><strong>Cor\u00f3 de Pau<\/strong><\/figcaption><\/figure>\n\n\n\n<p><strong>Duas atra\u00e7\u00f5es musicais est\u00e3o ainda na extensa programa\u00e7\u00e3o. Primeiro, o grupo inventivo Cor\u00f3 de Pau. Segundo, a banda do Corpo de Bombeiros. A doa\u00e7\u00e3o de mudas e de pets para ado\u00e7\u00e3o respons\u00e1vel aparecem na agenda. Uma feira ecol\u00f3gica dar\u00e1 uma diversidade especial ao encontro. A atividade ocorre em 195 pa\u00edses ligados \u00e0 ONU.<\/strong><\/p>\n\n\n\n<p class=\"has-text-align-center\"><\/p>\n\n\n\n<figure class=\"wp-block-image aligncenter size-full\"><img loading=\"lazy\" decoding=\"async\" width=\"150\" height=\"70\" src=\"https:\/\/renatodias.online\/movimento\/wp-content\/uploads\/2024\/03\/Saiba-mais-e1710783943468.png\" alt=\"\" class=\"wp-image-19880\"\/><\/figure>\n\n\n\n<p class=\"has-text-align-center\"><strong>Evento: Dia Mundial da Limpeza&nbsp;<\/strong><\/p>\n\n\n\n<p class=\"has-text-align-center\"><strong>Data: S\u00e1bado, 20 de setembro&nbsp;<\/strong><\/p>\n\n\n\n<p class=\"has-text-align-center\"><strong>Hor\u00e1rio: 9h \u00e0s 14h<\/strong><\/p>\n\n\n\n<p class=\"has-text-align-center\"><strong>Local: Pra\u00e7a Universit\u00e1ria&nbsp;<\/strong><\/p>\n\n\n\n<p class=\"has-text-align-center\"><strong>Cidade: Goi\u00e2nia [GO]<\/strong><\/p>\n\n\n\n<figure class=\"wp-block-audio\"><audio controls src=\"https:\/\/renatodias.online\/movimento\/wp-content\/uploads\/2024\/02\/AUD-20240202-WA0029-online-audio-converter.com_.mp3\"><\/audio><figcaption class=\"wp-element-caption\"><strong><mark style=\"background-color:rgba(0, 0, 0, 0)\" class=\"has-inline-color has-vivid-cyan-blue-color\">Chico Buarque, Apesar de voc\u00ea<\/mark><\/strong><\/figcaption><\/figure>\n\n\n\n<p><\/p>\n","protected":false},"excerpt":{"rendered":"<p>Dia 20, s\u00e1bado, de 9h \u00e0s 14h, Pra\u00e7a Universit\u00e1ria, Goi\u00e2nia&nbsp; Renato Dias&nbsp; Com amplo mutir\u00e3o de limpeza urbana, coleta seletiva, drive thru, al\u00e9m de preserva\u00e7\u00e3o do meio ambiente, medidas contra a desordem clim\u00e1tica e educa\u00e7\u00e3o ambiental. Assim Goi\u00e2nia participar\u00e1 do Dia Mundial da Limpeza. A opera\u00e7\u00e3o de cidadania ser\u00e1 realizada s\u00e1bado, dia 20, de 9h<\/p>\n","protected":false},"author":2,"featured_media":17177,"comment_status":"open","ping_status":"open","sticky":false,"template":"","format":"standard","meta":{"_acf_changed":false,"_monsterinsights_skip_tracking":false,"_monsterinsights_sitenote_active":false,"_monsterinsights_sitenote_note":"","_monsterinsights_sitenote_category":0,"footnotes":""},"categories":[4],"tags":[],"class_list":["post-21768","post","type-post","status-publish","format-standard","has-post-thumbnail","hentry","category-politica"],"acf":[],"yoast_head":"<!-- This site is optimized with the Yoast SEO plugin v27.4 - https:\/\/yoast.com\/product\/yoast-seo-wordpress\/ -->\n<title>Ato mundial de limpeza urbana\u00a0 -<\/title>\n<meta name=\"robots\" content=\"index, follow, max-snippet:-1, max-image-preview:large, max-video-preview:-1\" \/>\n<link rel=\"canonical\" href=\"https:\/\/renatodias.online\/movimento\/2025\/09\/03\/ato-mundial-de-limpeza-urbana\/\" \/>\n<meta property=\"og:locale\" content=\"pt_BR\" \/>\n<meta property=\"og:type\" content=\"article\" \/>\n<meta property=\"og:title\" content=\"Ato mundial de limpeza urbana\u00a0 -\" \/>\n<meta property=\"og:description\" content=\"Dia 20, s\u00e1bado, de 9h \u00e0s 14h, Pra\u00e7a Universit\u00e1ria, Goi\u00e2nia&nbsp; Renato Dias&nbsp; Com amplo mutir\u00e3o de limpeza urbana, coleta seletiva, drive thru, al\u00e9m de preserva\u00e7\u00e3o do meio ambiente, medidas contra a desordem clim\u00e1tica e educa\u00e7\u00e3o ambiental. Assim Goi\u00e2nia participar\u00e1 do Dia Mundial da Limpeza. A opera\u00e7\u00e3o de cidadania ser\u00e1 realizada s\u00e1bado, dia 20, de 9h\" \/>\n<meta property=\"og:url\" content=\"https:\/\/renatodias.online\/movimento\/2025\/09\/03\/ato-mundial-de-limpeza-urbana\/\" \/>\n<meta property=\"article:publisher\" content=\"https:\/\/www.facebook.com\/renato.dias.37\" \/>\n<meta property=\"article:author\" content=\"https:\/\/www.facebook.com\/renato.dias.37\" \/>\n<meta property=\"article:published_time\" content=\"2025-09-03T15:50:34+00:00\" \/>\n<meta property=\"article:modified_time\" content=\"2025-09-03T16:03:39+00:00\" \/>\n<meta property=\"og:image\" content=\"https:\/\/renatodias.online\/movimento\/wp-content\/uploads\/2023\/06\/Meio-ambiente-preservacao-e1756915393378.jpg\" \/>\n\t<meta property=\"og:image:width\" content=\"800\" \/>\n\t<meta property=\"og:image:height\" content=\"496\" \/>\n\t<meta property=\"og:image:type\" content=\"image\/jpeg\" \/>\n<meta name=\"author\" content=\"Renato Dias\" \/>\n<meta name=\"twitter:card\" content=\"summary_large_image\" \/>\n<meta name=\"twitter:creator\" content=\"@RenatoDiasBat\" \/>\n<meta name=\"twitter:site\" content=\"@RenatoDiasBat\" \/>\n<meta name=\"twitter:label1\" content=\"Escrito por\" \/>\n\t<meta name=\"twitter:data1\" content=\"Renato Dias\" \/>\n\t<meta name=\"twitter:label2\" content=\"Est. tempo de leitura\" \/>\n\t<meta name=\"twitter:data2\" content=\"3 minutos\" \/>\n<script type=\"application\/ld+json\" class=\"yoast-schema-graph\">{\"@context\":\"https:\\\/\\\/schema.org\",\"@graph\":[{\"@type\":\"Article\",\"@id\":\"https:\\\/\\\/renatodias.online\\\/movimento\\\/2025\\\/09\\\/03\\\/ato-mundial-de-limpeza-urbana\\\/#article\",\"isPartOf\":{\"@id\":\"https:\\\/\\\/renatodias.online\\\/movimento\\\/2025\\\/09\\\/03\\\/ato-mundial-de-limpeza-urbana\\\/\"},\"author\":{\"name\":\"Renato Dias\",\"@id\":\"https:\\\/\\\/renatodias.online\\\/movimento\\\/#\\\/schema\\\/person\\\/bbab28833b1725a20f4083f49f1fb2a9\"},\"headline\":\"Ato mundial de limpeza urbana\u00a0\",\"datePublished\":\"2025-09-03T15:50:34+00:00\",\"dateModified\":\"2025-09-03T16:03:39+00:00\",\"mainEntityOfPage\":{\"@id\":\"https:\\\/\\\/renatodias.online\\\/movimento\\\/2025\\\/09\\\/03\\\/ato-mundial-de-limpeza-urbana\\\/\"},\"wordCount\":243,\"commentCount\":0,\"publisher\":{\"@id\":\"https:\\\/\\\/renatodias.online\\\/movimento\\\/#\\\/schema\\\/person\\\/bbab28833b1725a20f4083f49f1fb2a9\"},\"image\":{\"@id\":\"https:\\\/\\\/renatodias.online\\\/movimento\\\/2025\\\/09\\\/03\\\/ato-mundial-de-limpeza-urbana\\\/#primaryimage\"},\"thumbnailUrl\":\"https:\\\/\\\/renatodias.online\\\/movimento\\\/wp-content\\\/uploads\\\/2023\\\/06\\\/Meio-ambiente-preservacao-e1756915393378.jpg\",\"articleSection\":[\"Pol\u00edtica\"],\"inLanguage\":\"pt-BR\",\"potentialAction\":[{\"@type\":\"CommentAction\",\"name\":\"Comment\",\"target\":[\"https:\\\/\\\/renatodias.online\\\/movimento\\\/2025\\\/09\\\/03\\\/ato-mundial-de-limpeza-urbana\\\/#respond\"]}]},{\"@type\":\"WebPage\",\"@id\":\"https:\\\/\\\/renatodias.online\\\/movimento\\\/2025\\\/09\\\/03\\\/ato-mundial-de-limpeza-urbana\\\/\",\"url\":\"https:\\\/\\\/renatodias.online\\\/movimento\\\/2025\\\/09\\\/03\\\/ato-mundial-de-limpeza-urbana\\\/\",\"name\":\"Ato mundial de limpeza urbana\u00a0 -\",\"isPartOf\":{\"@id\":\"https:\\\/\\\/renatodias.online\\\/movimento\\\/#website\"},\"primaryImageOfPage\":{\"@id\":\"https:\\\/\\\/renatodias.online\\\/movimento\\\/2025\\\/09\\\/03\\\/ato-mundial-de-limpeza-urbana\\\/#primaryimage\"},\"image\":{\"@id\":\"https:\\\/\\\/renatodias.online\\\/movimento\\\/2025\\\/09\\\/03\\\/ato-mundial-de-limpeza-urbana\\\/#primaryimage\"},\"thumbnailUrl\":\"https:\\\/\\\/renatodias.online\\\/movimento\\\/wp-content\\\/uploads\\\/2023\\\/06\\\/Meio-ambiente-preservacao-e1756915393378.jpg\",\"datePublished\":\"2025-09-03T15:50:34+00:00\",\"dateModified\":\"2025-09-03T16:03:39+00:00\",\"breadcrumb\":{\"@id\":\"https:\\\/\\\/renatodias.online\\\/movimento\\\/2025\\\/09\\\/03\\\/ato-mundial-de-limpeza-urbana\\\/#breadcrumb\"},\"inLanguage\":\"pt-BR\",\"potentialAction\":[{\"@type\":\"ReadAction\",\"target\":[\"https:\\\/\\\/renatodias.online\\\/movimento\\\/2025\\\/09\\\/03\\\/ato-mundial-de-limpeza-urbana\\\/\"]}]},{\"@type\":\"ImageObject\",\"inLanguage\":\"pt-BR\",\"@id\":\"https:\\\/\\\/renatodias.online\\\/movimento\\\/2025\\\/09\\\/03\\\/ato-mundial-de-limpeza-urbana\\\/#primaryimage\",\"url\":\"https:\\\/\\\/renatodias.online\\\/movimento\\\/wp-content\\\/uploads\\\/2023\\\/06\\\/Meio-ambiente-preservacao-e1756915393378.jpg\",\"contentUrl\":\"https:\\\/\\\/renatodias.online\\\/movimento\\\/wp-content\\\/uploads\\\/2023\\\/06\\\/Meio-ambiente-preservacao-e1756915393378.jpg\",\"width\":800,\"height\":496},{\"@type\":\"BreadcrumbList\",\"@id\":\"https:\\\/\\\/renatodias.online\\\/movimento\\\/2025\\\/09\\\/03\\\/ato-mundial-de-limpeza-urbana\\\/#breadcrumb\",\"itemListElement\":[{\"@type\":\"ListItem\",\"position\":1,\"name\":\"In\u00edcio\",\"item\":\"https:\\\/\\\/renatodias.online\\\/movimento\\\/\"},{\"@type\":\"ListItem\",\"position\":2,\"name\":\"Ato mundial de limpeza urbana\u00a0\"}]},{\"@type\":\"WebSite\",\"@id\":\"https:\\\/\\\/renatodias.online\\\/movimento\\\/#website\",\"url\":\"https:\\\/\\\/renatodias.online\\\/movimento\\\/\",\"name\":\"\",\"description\":\"\",\"publisher\":{\"@id\":\"https:\\\/\\\/renatodias.online\\\/movimento\\\/#\\\/schema\\\/person\\\/bbab28833b1725a20f4083f49f1fb2a9\"},\"potentialAction\":[{\"@type\":\"SearchAction\",\"target\":{\"@type\":\"EntryPoint\",\"urlTemplate\":\"https:\\\/\\\/renatodias.online\\\/movimento\\\/?s={search_term_string}\"},\"query-input\":{\"@type\":\"PropertyValueSpecification\",\"valueRequired\":true,\"valueName\":\"search_term_string\"}}],\"inLanguage\":\"pt-BR\"},{\"@type\":[\"Person\",\"Organization\"],\"@id\":\"https:\\\/\\\/renatodias.online\\\/movimento\\\/#\\\/schema\\\/person\\\/bbab28833b1725a20f4083f49f1fb2a9\",\"name\":\"Renato Dias\",\"image\":{\"@type\":\"ImageObject\",\"inLanguage\":\"pt-BR\",\"@id\":\"https:\\\/\\\/renatodias.online\\\/movimento\\\/wp-content\\\/uploads\\\/2023\\\/03\\\/cropped-cropped-cropped-logofinal.jpeg\",\"url\":\"https:\\\/\\\/renatodias.online\\\/movimento\\\/wp-content\\\/uploads\\\/2023\\\/03\\\/cropped-cropped-cropped-logofinal.jpeg\",\"contentUrl\":\"https:\\\/\\\/renatodias.online\\\/movimento\\\/wp-content\\\/uploads\\\/2023\\\/03\\\/cropped-cropped-cropped-logofinal.jpeg\",\"width\":1280,\"height\":219,\"caption\":\"Renato Dias\"},\"logo\":{\"@id\":\"https:\\\/\\\/renatodias.online\\\/movimento\\\/wp-content\\\/uploads\\\/2023\\\/03\\\/cropped-cropped-cropped-logofinal.jpeg\"},\"description\":\"Renato Dias, 58 anos, \u00e9 graduado em Jornalismo, formado em Ci\u00eancias Sociais, com p\u00f3s-gradua\u00e7\u00e3o em Pol\u00edticas P\u00fablicas, mestre em Direito e Rela\u00e7\u00f5es Internacionais, ex-aluno extraordin\u00e1rio do Doutorado em Psicologia Social, ex-estudante do Curso de Psican\u00e1lise do Centro de Estudos Psicanal\u00edticos do Estado de Goi\u00e1s, ministrado pelo m\u00e9dico psiquiatra e psicanalista Daniel Em\u00eddio de Souza. \u00c9 autor de 30 livros-reportagem, oito document\u00e1rios, ganhou 30 pr\u00eamios e \u00e9 torcedor apaixonado do maior do Centro-Oeste, o Vila Nova Futebol Clube. Casado com Meirilane Dias, \u00e9 pai de Juliana Dias, jornalista; Daniel Dias, economista; e Maria Rosa Dias, estudante antifascista, socialista e trotskista.\u00a0Com tr\u00eas pets: Porquinho [Bull Dog Franc\u00eas], Dalila [Basset Hound] e Geleia [Basset Hound]. Al\u00e9m do eterno gato Tutuquinho, que virou estrela.\",\"sameAs\":[\"https:\\\/\\\/www.facebook.com\\\/renato.dias.37\",\"#breve\",\"https:\\\/\\\/renatodias.tumblr.com\\\/\"],\"url\":\"https:\\\/\\\/renatodias.online\\\/movimento\\\/author\\\/renatodias\\\/\"}]}<\/script>\n<!-- \/ Yoast SEO plugin. -->","yoast_head_json":{"title":"Ato mundial de limpeza urbana\u00a0 -","robots":{"index":"index","follow":"follow","max-snippet":"max-snippet:-1","max-image-preview":"max-image-preview:large","max-video-preview":"max-video-preview:-1"},"canonical":"https:\/\/renatodias.online\/movimento\/2025\/09\/03\/ato-mundial-de-limpeza-urbana\/","og_locale":"pt_BR","og_type":"article","og_title":"Ato mundial de limpeza urbana\u00a0 -","og_description":"Dia 20, s\u00e1bado, de 9h \u00e0s 14h, Pra\u00e7a Universit\u00e1ria, Goi\u00e2nia&nbsp; Renato Dias&nbsp; Com amplo mutir\u00e3o de limpeza urbana, coleta seletiva, drive thru, al\u00e9m de preserva\u00e7\u00e3o do meio ambiente, medidas contra a desordem clim\u00e1tica e educa\u00e7\u00e3o ambiental. Assim Goi\u00e2nia participar\u00e1 do Dia Mundial da Limpeza. A opera\u00e7\u00e3o de cidadania ser\u00e1 realizada s\u00e1bado, dia 20, de 9h","og_url":"https:\/\/renatodias.online\/movimento\/2025\/09\/03\/ato-mundial-de-limpeza-urbana\/","article_publisher":"https:\/\/www.facebook.com\/renato.dias.37","article_author":"https:\/\/www.facebook.com\/renato.dias.37","article_published_time":"2025-09-03T15:50:34+00:00","article_modified_time":"2025-09-03T16:03:39+00:00","og_image":[{"width":800,"height":496,"url":"https:\/\/renatodias.online\/movimento\/wp-content\/uploads\/2023\/06\/Meio-ambiente-preservacao-e1756915393378.jpg","type":"image\/jpeg"}],"author":"Renato Dias","twitter_card":"summary_large_image","twitter_creator":"@RenatoDiasBat","twitter_site":"@RenatoDiasBat","twitter_misc":{"Escrito por":"Renato Dias","Est. tempo de leitura":"3 minutos"},"schema":{"@context":"https:\/\/schema.org","@graph":[{"@type":"Article","@id":"https:\/\/renatodias.online\/movimento\/2025\/09\/03\/ato-mundial-de-limpeza-urbana\/#article","isPartOf":{"@id":"https:\/\/renatodias.online\/movimento\/2025\/09\/03\/ato-mundial-de-limpeza-urbana\/"},"author":{"name":"Renato Dias","@id":"https:\/\/renatodias.online\/movimento\/#\/schema\/person\/bbab28833b1725a20f4083f49f1fb2a9"},"headline":"Ato mundial de limpeza urbana\u00a0","datePublished":"2025-09-03T15:50:34+00:00","dateModified":"2025-09-03T16:03:39+00:00","mainEntityOfPage":{"@id":"https:\/\/renatodias.online\/movimento\/2025\/09\/03\/ato-mundial-de-limpeza-urbana\/"},"wordCount":243,"commentCount":0,"publisher":{"@id":"https:\/\/renatodias.online\/movimento\/#\/schema\/person\/bbab28833b1725a20f4083f49f1fb2a9"},"image":{"@id":"https:\/\/renatodias.online\/movimento\/2025\/09\/03\/ato-mundial-de-limpeza-urbana\/#primaryimage"},"thumbnailUrl":"https:\/\/renatodias.online\/movimento\/wp-content\/uploads\/2023\/06\/Meio-ambiente-preservacao-e1756915393378.jpg","articleSection":["Pol\u00edtica"],"inLanguage":"pt-BR","potentialAction":[{"@type":"CommentAction","name":"Comment","target":["https:\/\/renatodias.online\/movimento\/2025\/09\/03\/ato-mundial-de-limpeza-urbana\/#respond"]}]},{"@type":"WebPage","@id":"https:\/\/renatodias.online\/movimento\/2025\/09\/03\/ato-mundial-de-limpeza-urbana\/","url":"https:\/\/renatodias.online\/movimento\/2025\/09\/03\/ato-mundial-de-limpeza-urbana\/","name":"Ato mundial de limpeza urbana\u00a0 -","isPartOf":{"@id":"https:\/\/renatodias.online\/movimento\/#website"},"primaryImageOfPage":{"@id":"https:\/\/renatodias.online\/movimento\/2025\/09\/03\/ato-mundial-de-limpeza-urbana\/#primaryimage"},"image":{"@id":"https:\/\/renatodias.online\/movimento\/2025\/09\/03\/ato-mundial-de-limpeza-urbana\/#primaryimage"},"thumbnailUrl":"https:\/\/renatodias.online\/movimento\/wp-content\/uploads\/2023\/06\/Meio-ambiente-preservacao-e1756915393378.jpg","datePublished":"2025-09-03T15:50:34+00:00","dateModified":"2025-09-03T16:03:39+00:00","breadcrumb":{"@id":"https:\/\/renatodias.online\/movimento\/2025\/09\/03\/ato-mundial-de-limpeza-urbana\/#breadcrumb"},"inLanguage":"pt-BR","potentialAction":[{"@type":"ReadAction","target":["https:\/\/renatodias.online\/movimento\/2025\/09\/03\/ato-mundial-de-limpeza-urbana\/"]}]},{"@type":"ImageObject","inLanguage":"pt-BR","@id":"https:\/\/renatodias.online\/movimento\/2025\/09\/03\/ato-mundial-de-limpeza-urbana\/#primaryimage","url":"https:\/\/renatodias.online\/movimento\/wp-content\/uploads\/2023\/06\/Meio-ambiente-preservacao-e1756915393378.jpg","contentUrl":"https:\/\/renatodias.online\/movimento\/wp-content\/uploads\/2023\/06\/Meio-ambiente-preservacao-e1756915393378.jpg","width":800,"height":496},{"@type":"BreadcrumbList","@id":"https:\/\/renatodias.online\/movimento\/2025\/09\/03\/ato-mundial-de-limpeza-urbana\/#breadcrumb","itemListElement":[{"@type":"ListItem","position":1,"name":"In\u00edcio","item":"https:\/\/renatodias.online\/movimento\/"},{"@type":"ListItem","position":2,"name":"Ato mundial de limpeza urbana\u00a0"}]},{"@type":"WebSite","@id":"https:\/\/renatodias.online\/movimento\/#website","url":"https:\/\/renatodias.online\/movimento\/","name":"","description":"","publisher":{"@id":"https:\/\/renatodias.online\/movimento\/#\/schema\/person\/bbab28833b1725a20f4083f49f1fb2a9"},"potentialAction":[{"@type":"SearchAction","target":{"@type":"EntryPoint","urlTemplate":"https:\/\/renatodias.online\/movimento\/?s={search_term_string}"},"query-input":{"@type":"PropertyValueSpecification","valueRequired":true,"valueName":"search_term_string"}}],"inLanguage":"pt-BR"},{"@type":["Person","Organization"],"@id":"https:\/\/renatodias.online\/movimento\/#\/schema\/person\/bbab28833b1725a20f4083f49f1fb2a9","name":"Renato Dias","image":{"@type":"ImageObject","inLanguage":"pt-BR","@id":"https:\/\/renatodias.online\/movimento\/wp-content\/uploads\/2023\/03\/cropped-cropped-cropped-logofinal.jpeg","url":"https:\/\/renatodias.online\/movimento\/wp-content\/uploads\/2023\/03\/cropped-cropped-cropped-logofinal.jpeg","contentUrl":"https:\/\/renatodias.online\/movimento\/wp-content\/uploads\/2023\/03\/cropped-cropped-cropped-logofinal.jpeg","width":1280,"height":219,"caption":"Renato Dias"},"logo":{"@id":"https:\/\/renatodias.online\/movimento\/wp-content\/uploads\/2023\/03\/cropped-cropped-cropped-logofinal.jpeg"},"description":"Renato Dias, 58 anos, \u00e9 graduado em Jornalismo, formado em Ci\u00eancias Sociais, com p\u00f3s-gradua\u00e7\u00e3o em Pol\u00edticas P\u00fablicas, mestre em Direito e Rela\u00e7\u00f5es Internacionais, ex-aluno extraordin\u00e1rio do Doutorado em Psicologia Social, ex-estudante do Curso de Psican\u00e1lise do Centro de Estudos Psicanal\u00edticos do Estado de Goi\u00e1s, ministrado pelo m\u00e9dico psiquiatra e psicanalista Daniel Em\u00eddio de Souza. \u00c9 autor de 30 livros-reportagem, oito document\u00e1rios, ganhou 30 pr\u00eamios e \u00e9 torcedor apaixonado do maior do Centro-Oeste, o Vila Nova Futebol Clube. Casado com Meirilane Dias, \u00e9 pai de Juliana Dias, jornalista; Daniel Dias, economista; e Maria Rosa Dias, estudante antifascista, socialista e trotskista.\u00a0Com tr\u00eas pets: Porquinho [Bull Dog Franc\u00eas], Dalila [Basset Hound] e Geleia [Basset Hound]. Al\u00e9m do eterno gato Tutuquinho, que virou estrela.","sameAs":["https:\/\/www.facebook.com\/renato.dias.37","#breve","https:\/\/renatodias.tumblr.com\/"],"url":"https:\/\/renatodias.online\/movimento\/author\/renatodias\/"}]}},"_links":{"self":[{"href":"https:\/\/renatodias.online\/movimento\/wp-json\/wp\/v2\/posts\/21768","targetHints":{"allow":["GET"]}}],"collection":[{"href":"https:\/\/renatodias.online\/movimento\/wp-json\/wp\/v2\/posts"}],"about":[{"href":"https:\/\/renatodias.online\/movimento\/wp-json\/wp\/v2\/types\/post"}],"author":[{"embeddable":true,"href":"https:\/\/renatodias.online\/movimento\/wp-json\/wp\/v2\/users\/2"}],"replies":[{"embeddable":true,"href":"https:\/\/renatodias.online\/movimento\/wp-json\/wp\/v2\/comments?post=21768"}],"version-history":[{"count":2,"href":"https:\/\/renatodias.online\/movimento\/wp-json\/wp\/v2\/posts\/21768\/revisions"}],"predecessor-version":[{"id":21776,"href":"https:\/\/renatodias.online\/movimento\/wp-json\/wp\/v2\/posts\/21768\/revisions\/21776"}],"wp:featuredmedia":[{"embeddable":true,"href":"https:\/\/renatodias.online\/movimento\/wp-json\/wp\/v2\/media\/17177"}],"wp:attachment":[{"href":"https:\/\/renatodias.online\/movimento\/wp-json\/wp\/v2\/media?parent=21768"}],"wp:term":[{"taxonomy":"category","embeddable":true,"href":"https:\/\/renatodias.online\/movimento\/wp-json\/wp\/v2\/categories?post=21768"},{"taxonomy":"post_tag","embeddable":true,"href":"https:\/\/renatodias.online\/movimento\/wp-json\/wp\/v2\/tags?post=21768"}],"curies":[{"name":"wp","href":"https:\/\/api.w.org\/{rel}","templated":true}]}}