{"id":21765,"date":"2025-09-02T16:59:31","date_gmt":"2025-09-02T19:59:31","guid":{"rendered":"https:\/\/renatodias.online\/movimento\/?p=21765"},"modified":"2025-09-02T16:59:32","modified_gmt":"2025-09-02T19:59:32","slug":"paulo-cezar-propoe-fim-da-taxa-do-agro","status":"publish","type":"post","link":"https:\/\/renatodias.online\/movimento\/2025\/09\/02\/paulo-cezar-propoe-fim-da-taxa-do-agro\/","title":{"rendered":"Paulo Cezar prop\u00f5e fim da Taxa do Agro"},"content":{"rendered":"\n<p><strong>Tarifa de 50% dos EUA<\/strong><\/p>\n\n\n\n<figure class=\"wp-block-image aligncenter size-full\"><img loading=\"lazy\" decoding=\"async\" width=\"150\" height=\"150\" src=\"https:\/\/renatodias.online\/movimento\/wp-content\/uploads\/2021\/04\/Bomba-A-morte-da-Politica-e1683416532524.jpg\" alt=\"explosivo\" class=\"wp-image-5888\" srcset=\"https:\/\/renatodias.online\/movimento\/wp-content\/uploads\/2021\/04\/Bomba-A-morte-da-Politica-e1683416532524.jpg 150w, https:\/\/renatodias.online\/movimento\/wp-content\/uploads\/2021\/04\/Bomba-A-morte-da-Politica-e1683416532524-96x96.jpg 96w\" sizes=\"auto, (max-width: 150px) 100vw, 150px\" \/><\/figure>\n\n\n\n<p class=\"has-text-align-center\"><strong><mark style=\"background-color:rgba(0, 0, 0, 0)\" class=\"has-inline-color has-vivid-cyan-blue-color\">Marcos Cipriano<\/mark><\/strong><\/p>\n\n\n\n<p class=\"has-text-align-center\"><strong><mark style=\"background-color:rgba(0, 0, 0, 0)\" class=\"has-inline-color has-vivid-green-cyan-color\">Especial para renatodias.online<\/mark><\/strong><\/p>\n\n\n\n<p><strong>Diante das incertezas geradas pela guerra tarif\u00e1ria entre Brasil e os Estados Unidos, com penaliza\u00e7\u00e3o do agroneg\u00f3cio, o deputado estadual Paulo Cezar Martins (PL) apresentou projeto de lei que prop\u00f5e a extin\u00e7\u00e3o integral da taxa do agro. Ao justificar o projeto, ele alega que, com a imposi\u00e7\u00e3o de tarifa de 50% para commodities agr\u00edcolas brasileiras pelo governo Donald Trump, o agro brasileiro vive um momento de grandes dificuldades.<\/strong><\/p>\n\n\n\n<figure class=\"wp-block-image aligncenter size-full\"><img loading=\"lazy\" decoding=\"async\" width=\"400\" height=\"200\" src=\"https:\/\/renatodias.online\/movimento\/wp-content\/uploads\/2024\/03\/Donald-Trump-e1710526667851.jpg\" alt=\"\" class=\"wp-image-19797\" srcset=\"https:\/\/renatodias.online\/movimento\/wp-content\/uploads\/2024\/03\/Donald-Trump-e1710526667851.jpg 400w, https:\/\/renatodias.online\/movimento\/wp-content\/uploads\/2024\/03\/Donald-Trump-e1710526667851-300x150.jpg 300w, https:\/\/renatodias.online\/movimento\/wp-content\/uploads\/2024\/03\/Donald-Trump-e1710526667851-150x75.jpg 150w\" sizes=\"auto, (max-width: 400px) 100vw, 400px\" \/><\/figure>\n\n\n\n<p><strong>Segundo ele, o governador de Goi\u00e1s, Ronaldo Caiado, deveria aproveitar a oportunidade e concordar com a extin\u00e7\u00e3o da taxa, dado o momento de crise que toma conta do agroneg\u00f3cio, \u201co maior gerador de emprego e renda no Brasil\u201d. O parlamentar argumenta que a mudan\u00e7a repentina do cen\u00e1rio internacional criou uma nova realidade. \u201cSe a taxa do agro j\u00e1 era injusta, agora muito mais\u201d, sublinha. O l\u00edder pol\u00edtico enfatizou que n\u00e3o podemos perder nossa \u201cgalinha dos ovos de ouro\u201d, que \u00e9 o agroneg\u00f3cio.<\/strong><\/p>\n\n\n\n<figure class=\"wp-block-image aligncenter size-full\"><img loading=\"lazy\" decoding=\"async\" width=\"400\" height=\"200\" src=\"https:\/\/renatodias.online\/movimento\/wp-content\/uploads\/2024\/03\/Agronegocio-e1713822388938.jpg\" alt=\"\" class=\"wp-image-19725\" srcset=\"https:\/\/renatodias.online\/movimento\/wp-content\/uploads\/2024\/03\/Agronegocio-e1713822388938.jpg 400w, https:\/\/renatodias.online\/movimento\/wp-content\/uploads\/2024\/03\/Agronegocio-e1713822388938-300x150.jpg 300w, https:\/\/renatodias.online\/movimento\/wp-content\/uploads\/2024\/03\/Agronegocio-e1713822388938-150x75.jpg 150w\" sizes=\"auto, (max-width: 400px) 100vw, 400px\" \/><\/figure>\n\n\n\n<p><strong>Na vis\u00e3o do decano, n\u00e3o h\u00e1 nenhuma justificativa t\u00e9cnica para a continuidade da taxa do agro. Ele avalia que, se o governo estadual n\u00e3o voltar atr\u00e1s, corre-se o risco de um \u201cendividamento irrevers\u00edvel\u201d dos produtores rurais e uma onda de demiss\u00f5es no campo sem precedentes na hist\u00f3ria de Goi\u00e1s. \u201cAssuntos s\u00e9rios exigem decis\u00f5es respons\u00e1veis\u201d, diz Paulo Cezar, para quem o governador n\u00e3o pode mais continuar penalizando o agro.<\/strong><\/p>\n\n\n\n<figure class=\"wp-block-image aligncenter size-full\"><img loading=\"lazy\" decoding=\"async\" width=\"400\" height=\"200\" src=\"https:\/\/renatodias.online\/movimento\/wp-content\/uploads\/2024\/03\/Ronaldo-Caiado-e1720494907285.jpg\" alt=\"\" class=\"wp-image-19754\" srcset=\"https:\/\/renatodias.online\/movimento\/wp-content\/uploads\/2024\/03\/Ronaldo-Caiado-e1720494907285.jpg 400w, https:\/\/renatodias.online\/movimento\/wp-content\/uploads\/2024\/03\/Ronaldo-Caiado-e1720494907285-300x150.jpg 300w, https:\/\/renatodias.online\/movimento\/wp-content\/uploads\/2024\/03\/Ronaldo-Caiado-e1720494907285-150x75.jpg 150w\" sizes=\"auto, (max-width: 400px) 100vw, 400px\" \/><\/figure>\n\n\n\n<p><strong>O projeto revoga a Lei Estadual n\u00ba 21.670, de 11 de agosto de 2022, que criou o Fundo Estadual de Infraestrutura \u2013 FUNDEINFRA. \u201cEssa taxa vem onerando de forma injusta o agroneg\u00f3cio goiano, setor respons\u00e1vel por impulsionar a economia do nosso estado e garantir alimento nas mesas dos goianos\u201d, sublinha. Ele enfatiza que os produtores rurais t\u00eam sido obrigados a recolher valores adicionais para acessar incentivos fiscais e regimes especiais do ICMS, mesmo em opera\u00e7\u00f5es de exporta\u00e7\u00e3o.<\/strong><\/p>\n\n\n\n<figure class=\"wp-block-image aligncenter size-full\"><img loading=\"lazy\" decoding=\"async\" width=\"150\" height=\"70\" src=\"https:\/\/renatodias.online\/movimento\/wp-content\/uploads\/2024\/03\/Saiba-mais-e1710783943468.png\" alt=\"\" class=\"wp-image-19880\"\/><\/figure>\n\n\n\n<p>\u201c<strong>Essa exig\u00eancia, em um contexto de instabilidade internacional, tem gerado um efeito contr\u00e1rio ao desejado: penaliza quem produz e enfraquece justamente aqueles que garantem o alimento de cada dia ao povo goiano\u201d, afirma. Em recente discurso da tribuna, Paulo Cezar convocou os colegas a votarem a favor do projeto: \u201cPe\u00e7o aos deputados que revoguem essa lei maldita\u201d.<\/strong><\/p>\n","protected":false},"excerpt":{"rendered":"<p>Tarifa de 50% dos EUA Marcos Cipriano Especial para renatodias.online Diante das incertezas geradas pela guerra tarif\u00e1ria entre Brasil e os Estados Unidos, com penaliza\u00e7\u00e3o do agroneg\u00f3cio, o deputado estadual Paulo Cezar Martins (PL) apresentou projeto de lei que prop\u00f5e a extin\u00e7\u00e3o integral da taxa do agro. Ao justificar o projeto, ele alega que, com<\/p>\n","protected":false},"author":2,"featured_media":0,"comment_status":"open","ping_status":"open","sticky":false,"template":"","format":"standard","meta":{"_acf_changed":false,"_monsterinsights_skip_tracking":false,"_monsterinsights_sitenote_active":false,"_monsterinsights_sitenote_note":"","_monsterinsights_sitenote_category":0,"footnotes":""},"categories":[4],"tags":[],"class_list":["post-21765","post","type-post","status-publish","format-standard","hentry","category-politica"],"acf":[],"yoast_head":"<!-- This site is optimized with the Yoast SEO plugin v27.4 - https:\/\/yoast.com\/product\/yoast-seo-wordpress\/ -->\n<title>Paulo Cezar prop\u00f5e fim da Taxa do Agro -<\/title>\n<meta name=\"robots\" content=\"index, follow, max-snippet:-1, max-image-preview:large, max-video-preview:-1\" \/>\n<link rel=\"canonical\" href=\"https:\/\/renatodias.online\/movimento\/2025\/09\/02\/paulo-cezar-propoe-fim-da-taxa-do-agro\/\" \/>\n<meta property=\"og:locale\" content=\"pt_BR\" \/>\n<meta property=\"og:type\" content=\"article\" \/>\n<meta property=\"og:title\" content=\"Paulo Cezar prop\u00f5e fim da Taxa do Agro -\" \/>\n<meta property=\"og:description\" content=\"Tarifa de 50% dos EUA Marcos Cipriano Especial para renatodias.online Diante das incertezas geradas pela guerra tarif\u00e1ria entre Brasil e os Estados Unidos, com penaliza\u00e7\u00e3o do agroneg\u00f3cio, o deputado estadual Paulo Cezar Martins (PL) apresentou projeto de lei que prop\u00f5e a extin\u00e7\u00e3o integral da taxa do agro. Ao justificar o projeto, ele alega que, com\" \/>\n<meta property=\"og:url\" content=\"https:\/\/renatodias.online\/movimento\/2025\/09\/02\/paulo-cezar-propoe-fim-da-taxa-do-agro\/\" \/>\n<meta property=\"article:publisher\" content=\"https:\/\/www.facebook.com\/renato.dias.37\" \/>\n<meta property=\"article:author\" content=\"https:\/\/www.facebook.com\/renato.dias.37\" \/>\n<meta property=\"article:published_time\" content=\"2025-09-02T19:59:31+00:00\" \/>\n<meta property=\"article:modified_time\" content=\"2025-09-02T19:59:32+00:00\" \/>\n<meta property=\"og:image\" content=\"https:\/\/renatodias.online\/movimento\/wp-content\/uploads\/2025\/09\/Paulo-Cezar-Martins-e1756843144231.jpg\" \/>\n\t<meta property=\"og:image:width\" content=\"800\" \/>\n\t<meta property=\"og:image:height\" content=\"600\" \/>\n\t<meta property=\"og:image:type\" content=\"image\/jpeg\" \/>\n<meta name=\"author\" content=\"Renato Dias\" \/>\n<meta name=\"twitter:card\" content=\"summary_large_image\" \/>\n<meta name=\"twitter:creator\" content=\"@RenatoDiasBat\" \/>\n<meta name=\"twitter:site\" content=\"@RenatoDiasBat\" \/>\n<meta name=\"twitter:label1\" content=\"Escrito por\" \/>\n\t<meta name=\"twitter:data1\" content=\"Renato Dias\" \/>\n\t<meta name=\"twitter:label2\" content=\"Est. tempo de leitura\" \/>\n\t<meta name=\"twitter:data2\" content=\"4 minutos\" \/>\n<script type=\"application\/ld+json\" class=\"yoast-schema-graph\">{\"@context\":\"https:\\\/\\\/schema.org\",\"@graph\":[{\"@type\":\"Article\",\"@id\":\"https:\\\/\\\/renatodias.online\\\/movimento\\\/2025\\\/09\\\/02\\\/paulo-cezar-propoe-fim-da-taxa-do-agro\\\/#article\",\"isPartOf\":{\"@id\":\"https:\\\/\\\/renatodias.online\\\/movimento\\\/2025\\\/09\\\/02\\\/paulo-cezar-propoe-fim-da-taxa-do-agro\\\/\"},\"author\":{\"name\":\"Renato Dias\",\"@id\":\"https:\\\/\\\/renatodias.online\\\/movimento\\\/#\\\/schema\\\/person\\\/bbab28833b1725a20f4083f49f1fb2a9\"},\"headline\":\"Paulo Cezar prop\u00f5e fim da Taxa do Agro\",\"datePublished\":\"2025-09-02T19:59:31+00:00\",\"dateModified\":\"2025-09-02T19:59:32+00:00\",\"mainEntityOfPage\":{\"@id\":\"https:\\\/\\\/renatodias.online\\\/movimento\\\/2025\\\/09\\\/02\\\/paulo-cezar-propoe-fim-da-taxa-do-agro\\\/\"},\"wordCount\":402,\"commentCount\":0,\"publisher\":{\"@id\":\"https:\\\/\\\/renatodias.online\\\/movimento\\\/#\\\/schema\\\/person\\\/bbab28833b1725a20f4083f49f1fb2a9\"},\"image\":{\"@id\":\"https:\\\/\\\/renatodias.online\\\/movimento\\\/2025\\\/09\\\/02\\\/paulo-cezar-propoe-fim-da-taxa-do-agro\\\/#primaryimage\"},\"thumbnailUrl\":\"https:\\\/\\\/renatodias.online\\\/movimento\\\/wp-content\\\/uploads\\\/2021\\\/04\\\/Bomba-A-morte-da-Politica-e1683416532524.jpg\",\"articleSection\":[\"Pol\u00edtica\"],\"inLanguage\":\"pt-BR\",\"potentialAction\":[{\"@type\":\"CommentAction\",\"name\":\"Comment\",\"target\":[\"https:\\\/\\\/renatodias.online\\\/movimento\\\/2025\\\/09\\\/02\\\/paulo-cezar-propoe-fim-da-taxa-do-agro\\\/#respond\"]}]},{\"@type\":\"WebPage\",\"@id\":\"https:\\\/\\\/renatodias.online\\\/movimento\\\/2025\\\/09\\\/02\\\/paulo-cezar-propoe-fim-da-taxa-do-agro\\\/\",\"url\":\"https:\\\/\\\/renatodias.online\\\/movimento\\\/2025\\\/09\\\/02\\\/paulo-cezar-propoe-fim-da-taxa-do-agro\\\/\",\"name\":\"Paulo Cezar prop\u00f5e fim da Taxa do Agro -\",\"isPartOf\":{\"@id\":\"https:\\\/\\\/renatodias.online\\\/movimento\\\/#website\"},\"primaryImageOfPage\":{\"@id\":\"https:\\\/\\\/renatodias.online\\\/movimento\\\/2025\\\/09\\\/02\\\/paulo-cezar-propoe-fim-da-taxa-do-agro\\\/#primaryimage\"},\"image\":{\"@id\":\"https:\\\/\\\/renatodias.online\\\/movimento\\\/2025\\\/09\\\/02\\\/paulo-cezar-propoe-fim-da-taxa-do-agro\\\/#primaryimage\"},\"thumbnailUrl\":\"https:\\\/\\\/renatodias.online\\\/movimento\\\/wp-content\\\/uploads\\\/2021\\\/04\\\/Bomba-A-morte-da-Politica-e1683416532524.jpg\",\"datePublished\":\"2025-09-02T19:59:31+00:00\",\"dateModified\":\"2025-09-02T19:59:32+00:00\",\"breadcrumb\":{\"@id\":\"https:\\\/\\\/renatodias.online\\\/movimento\\\/2025\\\/09\\\/02\\\/paulo-cezar-propoe-fim-da-taxa-do-agro\\\/#breadcrumb\"},\"inLanguage\":\"pt-BR\",\"potentialAction\":[{\"@type\":\"ReadAction\",\"target\":[\"https:\\\/\\\/renatodias.online\\\/movimento\\\/2025\\\/09\\\/02\\\/paulo-cezar-propoe-fim-da-taxa-do-agro\\\/\"]}]},{\"@type\":\"ImageObject\",\"inLanguage\":\"pt-BR\",\"@id\":\"https:\\\/\\\/renatodias.online\\\/movimento\\\/2025\\\/09\\\/02\\\/paulo-cezar-propoe-fim-da-taxa-do-agro\\\/#primaryimage\",\"url\":\"https:\\\/\\\/renatodias.online\\\/movimento\\\/wp-content\\\/uploads\\\/2021\\\/04\\\/Bomba-A-morte-da-Politica-e1683416532524.jpg\",\"contentUrl\":\"https:\\\/\\\/renatodias.online\\\/movimento\\\/wp-content\\\/uploads\\\/2021\\\/04\\\/Bomba-A-morte-da-Politica-e1683416532524.jpg\",\"width\":150,\"height\":150,\"caption\":\"explosivo\"},{\"@type\":\"BreadcrumbList\",\"@id\":\"https:\\\/\\\/renatodias.online\\\/movimento\\\/2025\\\/09\\\/02\\\/paulo-cezar-propoe-fim-da-taxa-do-agro\\\/#breadcrumb\",\"itemListElement\":[{\"@type\":\"ListItem\",\"position\":1,\"name\":\"In\u00edcio\",\"item\":\"https:\\\/\\\/renatodias.online\\\/movimento\\\/\"},{\"@type\":\"ListItem\",\"position\":2,\"name\":\"Paulo Cezar prop\u00f5e fim da Taxa do Agro\"}]},{\"@type\":\"WebSite\",\"@id\":\"https:\\\/\\\/renatodias.online\\\/movimento\\\/#website\",\"url\":\"https:\\\/\\\/renatodias.online\\\/movimento\\\/\",\"name\":\"\",\"description\":\"\",\"publisher\":{\"@id\":\"https:\\\/\\\/renatodias.online\\\/movimento\\\/#\\\/schema\\\/person\\\/bbab28833b1725a20f4083f49f1fb2a9\"},\"potentialAction\":[{\"@type\":\"SearchAction\",\"target\":{\"@type\":\"EntryPoint\",\"urlTemplate\":\"https:\\\/\\\/renatodias.online\\\/movimento\\\/?s={search_term_string}\"},\"query-input\":{\"@type\":\"PropertyValueSpecification\",\"valueRequired\":true,\"valueName\":\"search_term_string\"}}],\"inLanguage\":\"pt-BR\"},{\"@type\":[\"Person\",\"Organization\"],\"@id\":\"https:\\\/\\\/renatodias.online\\\/movimento\\\/#\\\/schema\\\/person\\\/bbab28833b1725a20f4083f49f1fb2a9\",\"name\":\"Renato Dias\",\"image\":{\"@type\":\"ImageObject\",\"inLanguage\":\"pt-BR\",\"@id\":\"https:\\\/\\\/renatodias.online\\\/movimento\\\/wp-content\\\/uploads\\\/2023\\\/03\\\/cropped-cropped-cropped-logofinal.jpeg\",\"url\":\"https:\\\/\\\/renatodias.online\\\/movimento\\\/wp-content\\\/uploads\\\/2023\\\/03\\\/cropped-cropped-cropped-logofinal.jpeg\",\"contentUrl\":\"https:\\\/\\\/renatodias.online\\\/movimento\\\/wp-content\\\/uploads\\\/2023\\\/03\\\/cropped-cropped-cropped-logofinal.jpeg\",\"width\":1280,\"height\":219,\"caption\":\"Renato Dias\"},\"logo\":{\"@id\":\"https:\\\/\\\/renatodias.online\\\/movimento\\\/wp-content\\\/uploads\\\/2023\\\/03\\\/cropped-cropped-cropped-logofinal.jpeg\"},\"description\":\"Renato Dias, 58 anos, \u00e9 graduado em Jornalismo, formado em Ci\u00eancias Sociais, com p\u00f3s-gradua\u00e7\u00e3o em Pol\u00edticas P\u00fablicas, mestre em Direito e Rela\u00e7\u00f5es Internacionais, ex-aluno extraordin\u00e1rio do Doutorado em Psicologia Social, ex-estudante do Curso de Psican\u00e1lise do Centro de Estudos Psicanal\u00edticos do Estado de Goi\u00e1s, ministrado pelo m\u00e9dico psiquiatra e psicanalista Daniel Em\u00eddio de Souza. \u00c9 autor de 30 livros-reportagem, oito document\u00e1rios, ganhou 30 pr\u00eamios e \u00e9 torcedor apaixonado do maior do Centro-Oeste, o Vila Nova Futebol Clube. Casado com Meirilane Dias, \u00e9 pai de Juliana Dias, jornalista; Daniel Dias, economista; e Maria Rosa Dias, estudante antifascista, socialista e trotskista.\u00a0Com tr\u00eas pets: Porquinho [Bull Dog Franc\u00eas], Dalila [Basset Hound] e Geleia [Basset Hound]. Al\u00e9m do eterno gato Tutuquinho, que virou estrela.\",\"sameAs\":[\"https:\\\/\\\/www.facebook.com\\\/renato.dias.37\",\"#breve\",\"https:\\\/\\\/renatodias.tumblr.com\\\/\"],\"url\":\"https:\\\/\\\/renatodias.online\\\/movimento\\\/author\\\/renatodias\\\/\"}]}<\/script>\n<!-- \/ Yoast SEO plugin. -->","yoast_head_json":{"title":"Paulo Cezar prop\u00f5e fim da Taxa do Agro -","robots":{"index":"index","follow":"follow","max-snippet":"max-snippet:-1","max-image-preview":"max-image-preview:large","max-video-preview":"max-video-preview:-1"},"canonical":"https:\/\/renatodias.online\/movimento\/2025\/09\/02\/paulo-cezar-propoe-fim-da-taxa-do-agro\/","og_locale":"pt_BR","og_type":"article","og_title":"Paulo Cezar prop\u00f5e fim da Taxa do Agro -","og_description":"Tarifa de 50% dos EUA Marcos Cipriano Especial para renatodias.online Diante das incertezas geradas pela guerra tarif\u00e1ria entre Brasil e os Estados Unidos, com penaliza\u00e7\u00e3o do agroneg\u00f3cio, o deputado estadual Paulo Cezar Martins (PL) apresentou projeto de lei que prop\u00f5e a extin\u00e7\u00e3o integral da taxa do agro. Ao justificar o projeto, ele alega que, com","og_url":"https:\/\/renatodias.online\/movimento\/2025\/09\/02\/paulo-cezar-propoe-fim-da-taxa-do-agro\/","article_publisher":"https:\/\/www.facebook.com\/renato.dias.37","article_author":"https:\/\/www.facebook.com\/renato.dias.37","article_published_time":"2025-09-02T19:59:31+00:00","article_modified_time":"2025-09-02T19:59:32+00:00","og_image":[{"width":800,"height":600,"url":"https:\/\/renatodias.online\/movimento\/wp-content\/uploads\/2025\/09\/Paulo-Cezar-Martins-e1756843144231.jpg","type":"image\/jpeg"}],"author":"Renato Dias","twitter_card":"summary_large_image","twitter_creator":"@RenatoDiasBat","twitter_site":"@RenatoDiasBat","twitter_misc":{"Escrito por":"Renato Dias","Est. tempo de leitura":"4 minutos"},"schema":{"@context":"https:\/\/schema.org","@graph":[{"@type":"Article","@id":"https:\/\/renatodias.online\/movimento\/2025\/09\/02\/paulo-cezar-propoe-fim-da-taxa-do-agro\/#article","isPartOf":{"@id":"https:\/\/renatodias.online\/movimento\/2025\/09\/02\/paulo-cezar-propoe-fim-da-taxa-do-agro\/"},"author":{"name":"Renato Dias","@id":"https:\/\/renatodias.online\/movimento\/#\/schema\/person\/bbab28833b1725a20f4083f49f1fb2a9"},"headline":"Paulo Cezar prop\u00f5e fim da Taxa do Agro","datePublished":"2025-09-02T19:59:31+00:00","dateModified":"2025-09-02T19:59:32+00:00","mainEntityOfPage":{"@id":"https:\/\/renatodias.online\/movimento\/2025\/09\/02\/paulo-cezar-propoe-fim-da-taxa-do-agro\/"},"wordCount":402,"commentCount":0,"publisher":{"@id":"https:\/\/renatodias.online\/movimento\/#\/schema\/person\/bbab28833b1725a20f4083f49f1fb2a9"},"image":{"@id":"https:\/\/renatodias.online\/movimento\/2025\/09\/02\/paulo-cezar-propoe-fim-da-taxa-do-agro\/#primaryimage"},"thumbnailUrl":"https:\/\/renatodias.online\/movimento\/wp-content\/uploads\/2021\/04\/Bomba-A-morte-da-Politica-e1683416532524.jpg","articleSection":["Pol\u00edtica"],"inLanguage":"pt-BR","potentialAction":[{"@type":"CommentAction","name":"Comment","target":["https:\/\/renatodias.online\/movimento\/2025\/09\/02\/paulo-cezar-propoe-fim-da-taxa-do-agro\/#respond"]}]},{"@type":"WebPage","@id":"https:\/\/renatodias.online\/movimento\/2025\/09\/02\/paulo-cezar-propoe-fim-da-taxa-do-agro\/","url":"https:\/\/renatodias.online\/movimento\/2025\/09\/02\/paulo-cezar-propoe-fim-da-taxa-do-agro\/","name":"Paulo Cezar prop\u00f5e fim da Taxa do Agro -","isPartOf":{"@id":"https:\/\/renatodias.online\/movimento\/#website"},"primaryImageOfPage":{"@id":"https:\/\/renatodias.online\/movimento\/2025\/09\/02\/paulo-cezar-propoe-fim-da-taxa-do-agro\/#primaryimage"},"image":{"@id":"https:\/\/renatodias.online\/movimento\/2025\/09\/02\/paulo-cezar-propoe-fim-da-taxa-do-agro\/#primaryimage"},"thumbnailUrl":"https:\/\/renatodias.online\/movimento\/wp-content\/uploads\/2021\/04\/Bomba-A-morte-da-Politica-e1683416532524.jpg","datePublished":"2025-09-02T19:59:31+00:00","dateModified":"2025-09-02T19:59:32+00:00","breadcrumb":{"@id":"https:\/\/renatodias.online\/movimento\/2025\/09\/02\/paulo-cezar-propoe-fim-da-taxa-do-agro\/#breadcrumb"},"inLanguage":"pt-BR","potentialAction":[{"@type":"ReadAction","target":["https:\/\/renatodias.online\/movimento\/2025\/09\/02\/paulo-cezar-propoe-fim-da-taxa-do-agro\/"]}]},{"@type":"ImageObject","inLanguage":"pt-BR","@id":"https:\/\/renatodias.online\/movimento\/2025\/09\/02\/paulo-cezar-propoe-fim-da-taxa-do-agro\/#primaryimage","url":"https:\/\/renatodias.online\/movimento\/wp-content\/uploads\/2021\/04\/Bomba-A-morte-da-Politica-e1683416532524.jpg","contentUrl":"https:\/\/renatodias.online\/movimento\/wp-content\/uploads\/2021\/04\/Bomba-A-morte-da-Politica-e1683416532524.jpg","width":150,"height":150,"caption":"explosivo"},{"@type":"BreadcrumbList","@id":"https:\/\/renatodias.online\/movimento\/2025\/09\/02\/paulo-cezar-propoe-fim-da-taxa-do-agro\/#breadcrumb","itemListElement":[{"@type":"ListItem","position":1,"name":"In\u00edcio","item":"https:\/\/renatodias.online\/movimento\/"},{"@type":"ListItem","position":2,"name":"Paulo Cezar prop\u00f5e fim da Taxa do Agro"}]},{"@type":"WebSite","@id":"https:\/\/renatodias.online\/movimento\/#website","url":"https:\/\/renatodias.online\/movimento\/","name":"","description":"","publisher":{"@id":"https:\/\/renatodias.online\/movimento\/#\/schema\/person\/bbab28833b1725a20f4083f49f1fb2a9"},"potentialAction":[{"@type":"SearchAction","target":{"@type":"EntryPoint","urlTemplate":"https:\/\/renatodias.online\/movimento\/?s={search_term_string}"},"query-input":{"@type":"PropertyValueSpecification","valueRequired":true,"valueName":"search_term_string"}}],"inLanguage":"pt-BR"},{"@type":["Person","Organization"],"@id":"https:\/\/renatodias.online\/movimento\/#\/schema\/person\/bbab28833b1725a20f4083f49f1fb2a9","name":"Renato Dias","image":{"@type":"ImageObject","inLanguage":"pt-BR","@id":"https:\/\/renatodias.online\/movimento\/wp-content\/uploads\/2023\/03\/cropped-cropped-cropped-logofinal.jpeg","url":"https:\/\/renatodias.online\/movimento\/wp-content\/uploads\/2023\/03\/cropped-cropped-cropped-logofinal.jpeg","contentUrl":"https:\/\/renatodias.online\/movimento\/wp-content\/uploads\/2023\/03\/cropped-cropped-cropped-logofinal.jpeg","width":1280,"height":219,"caption":"Renato Dias"},"logo":{"@id":"https:\/\/renatodias.online\/movimento\/wp-content\/uploads\/2023\/03\/cropped-cropped-cropped-logofinal.jpeg"},"description":"Renato Dias, 58 anos, \u00e9 graduado em Jornalismo, formado em Ci\u00eancias Sociais, com p\u00f3s-gradua\u00e7\u00e3o em Pol\u00edticas P\u00fablicas, mestre em Direito e Rela\u00e7\u00f5es Internacionais, ex-aluno extraordin\u00e1rio do Doutorado em Psicologia Social, ex-estudante do Curso de Psican\u00e1lise do Centro de Estudos Psicanal\u00edticos do Estado de Goi\u00e1s, ministrado pelo m\u00e9dico psiquiatra e psicanalista Daniel Em\u00eddio de Souza. \u00c9 autor de 30 livros-reportagem, oito document\u00e1rios, ganhou 30 pr\u00eamios e \u00e9 torcedor apaixonado do maior do Centro-Oeste, o Vila Nova Futebol Clube. Casado com Meirilane Dias, \u00e9 pai de Juliana Dias, jornalista; Daniel Dias, economista; e Maria Rosa Dias, estudante antifascista, socialista e trotskista.\u00a0Com tr\u00eas pets: Porquinho [Bull Dog Franc\u00eas], Dalila [Basset Hound] e Geleia [Basset Hound]. Al\u00e9m do eterno gato Tutuquinho, que virou estrela.","sameAs":["https:\/\/www.facebook.com\/renato.dias.37","#breve","https:\/\/renatodias.tumblr.com\/"],"url":"https:\/\/renatodias.online\/movimento\/author\/renatodias\/"}]}},"_links":{"self":[{"href":"https:\/\/renatodias.online\/movimento\/wp-json\/wp\/v2\/posts\/21765","targetHints":{"allow":["GET"]}}],"collection":[{"href":"https:\/\/renatodias.online\/movimento\/wp-json\/wp\/v2\/posts"}],"about":[{"href":"https:\/\/renatodias.online\/movimento\/wp-json\/wp\/v2\/types\/post"}],"author":[{"embeddable":true,"href":"https:\/\/renatodias.online\/movimento\/wp-json\/wp\/v2\/users\/2"}],"replies":[{"embeddable":true,"href":"https:\/\/renatodias.online\/movimento\/wp-json\/wp\/v2\/comments?post=21765"}],"version-history":[{"count":1,"href":"https:\/\/renatodias.online\/movimento\/wp-json\/wp\/v2\/posts\/21765\/revisions"}],"predecessor-version":[{"id":21767,"href":"https:\/\/renatodias.online\/movimento\/wp-json\/wp\/v2\/posts\/21765\/revisions\/21767"}],"wp:attachment":[{"href":"https:\/\/renatodias.online\/movimento\/wp-json\/wp\/v2\/media?parent=21765"}],"wp:term":[{"taxonomy":"category","embeddable":true,"href":"https:\/\/renatodias.online\/movimento\/wp-json\/wp\/v2\/categories?post=21765"},{"taxonomy":"post_tag","embeddable":true,"href":"https:\/\/renatodias.online\/movimento\/wp-json\/wp\/v2\/tags?post=21765"}],"curies":[{"name":"wp","href":"https:\/\/api.w.org\/{rel}","templated":true}]}}