{"id":21756,"date":"2025-09-02T16:29:04","date_gmt":"2025-09-02T19:29:04","guid":{"rendered":"https:\/\/renatodias.online\/movimento\/?p=21756"},"modified":"2025-09-02T16:29:05","modified_gmt":"2025-09-02T19:29:05","slug":"violencia","status":"publish","type":"post","link":"https:\/\/renatodias.online\/movimento\/2025\/09\/02\/violencia\/","title":{"rendered":"Viol\u00eancia"},"content":{"rendered":"\n<figure class=\"wp-block-image aligncenter size-full\"><img loading=\"lazy\" decoding=\"async\" width=\"150\" height=\"93\" src=\"https:\/\/renatodias.online\/movimento\/wp-content\/uploads\/2020\/11\/Logo-Exclusivo-e1704564162266.jpg\" alt=\"\" class=\"wp-image-4887\"\/><\/figure>\n\n\n\n<p class=\"has-text-align-center\"><strong><mark style=\"background-color:rgba(0, 0, 0, 0)\" class=\"has-inline-color has-vivid-purple-color\">Cine Gerpop aborda direitos LGBTSQIAP+<\/mark><\/strong><\/p>\n\n\n\n<p class=\"has-text-align-center\"><strong><mark style=\"background-color:rgba(0, 0, 0, 0)\" class=\"has-inline-color has-luminous-vivid-orange-color\">_Dia 30 de setembro, 9h, CES de Goi\u00e1s_<\/mark><\/strong><\/p>\n\n\n\n<p class=\"has-text-align-center\"><strong><mark style=\"background-color:rgba(0, 0, 0, 0)\" class=\"has-inline-color has-vivid-red-color\">Renato Dias\u00a0<\/mark><\/strong><\/p>\n\n\n\n<p><strong>Discrimina\u00e7\u00e3o, viol\u00eancia, assassinatos e a luta por direitos dos LGBTSQIAP+ constituem os temas da pr\u00f3xima edi\u00e7\u00e3o do Cine Gerpop. Com exibi\u00e7\u00e3o de filme e di\u00e1logos contempor\u00e2neos. Sess\u00e3o presencial dia 30 de setembro. No audit\u00f3rio do Conselho Estadual de Sa\u00fade. O CES funciona \u00e0 Avenida Rep\u00fablica do L\u00edbano, n\u00b0 1.875, Setor Oeste, Goi\u00e2nia.<\/strong><\/p>\n\n\n\n<figure class=\"wp-block-image aligncenter size-full\"><img loading=\"lazy\" decoding=\"async\" width=\"400\" height=\"272\" src=\"https:\/\/renatodias.online\/movimento\/wp-content\/uploads\/2025\/07\/IMG-20250718-WA0112-e1753110009331.jpg\" alt=\"\" class=\"wp-image-20987\" srcset=\"https:\/\/renatodias.online\/movimento\/wp-content\/uploads\/2025\/07\/IMG-20250718-WA0112-e1753110009331.jpg 400w, https:\/\/renatodias.online\/movimento\/wp-content\/uploads\/2025\/07\/IMG-20250718-WA0112-e1753110009331-300x204.jpg 300w, https:\/\/renatodias.online\/movimento\/wp-content\/uploads\/2025\/07\/IMG-20250718-WA0112-e1753110009331-150x102.jpg 150w\" sizes=\"auto, (max-width: 400px) 100vw, 400px\" \/><\/figure>\n\n\n\n<p><strong>O evento \u00e9 organizado pela Ger\u00eancia de Aten\u00e7\u00e3o \u00e0s Popula\u00e7\u00f5es Espec\u00edficas [Vulner\u00e1veis] sob a coordena\u00e7\u00e3o de <mark style=\"background-color:rgba(0, 0, 0, 0)\" class=\"has-inline-color has-vivid-cyan-blue-color\">Maria Senna<\/mark>. A Gerpop \u00e9 uma unidade da Superintend\u00eancia de Aten\u00e7\u00e3o Integral \u00e0 Sa\u00fade. A\u00a0 Spais comp\u00f5e a estrutura da SES-GO. O cine tem a anu\u00eancia de <mark style=\"background-color:rgba(0, 0, 0, 0)\" class=\"has-inline-color has-vivid-green-cyan-color\">Amanda Limongi<\/mark>. A atriz <mark style=\"background-color:rgba(0, 0, 0, 0)\" class=\"has-inline-color has-pale-pink-color\">Daya Laryssa<\/mark> est\u00e1 na vanguarda das atividades.<\/strong><\/p>\n\n\n\n<figure class=\"wp-block-image aligncenter size-full\"><img decoding=\"async\" src=\"https:\/\/renatodias.online\/movimento\/wp-content\/uploads\/2025\/07\/IMG-20250718-WA0109-e1754426671633.jpg\" alt=\"\" class=\"wp-image-20990\"\/><\/figure>\n\n\n\n<figure class=\"wp-block-image aligncenter size-full\"><img loading=\"lazy\" decoding=\"async\" width=\"150\" height=\"70\" src=\"https:\/\/renatodias.online\/movimento\/wp-content\/uploads\/2024\/03\/Saiba-mais-e1710783943468.png\" alt=\"\" class=\"wp-image-19880\"\/><\/figure>\n\n\n\n<p><strong>Mais: a viol\u00eancia contra l\u00e9sbicas, gays, bissexuais, pessoas trans, queers, indefinidos, assexuados, pansexuais cresceu 1.193% de 2014 a 2023, no Brasil. \u00c9 o que aponta pesquisa realizada pelo <mark style=\"background-color:rgba(0, 0, 0, 0)\" class=\"has-inline-color has-luminous-vivid-orange-color\">Atlas da Viol\u00eancia 2024. <\/mark>Homens brancos, gays, na faixa et\u00e1ria de 20 a 40 anos seriam os maiores percentuais, hoje, dos denunciantes de homofobia.<\/strong><\/p>\n\n\n\n<figure class=\"wp-block-image aligncenter size-full\"><img loading=\"lazy\" decoding=\"async\" width=\"400\" height=\"272\" src=\"https:\/\/renatodias.online\/movimento\/wp-content\/uploads\/2025\/07\/IMG-20250718-WA0111-e1753110109562.jpg\" alt=\"\" class=\"wp-image-20989\" srcset=\"https:\/\/renatodias.online\/movimento\/wp-content\/uploads\/2025\/07\/IMG-20250718-WA0111-e1753110109562.jpg 400w, https:\/\/renatodias.online\/movimento\/wp-content\/uploads\/2025\/07\/IMG-20250718-WA0111-e1753110109562-300x204.jpg 300w, https:\/\/renatodias.online\/movimento\/wp-content\/uploads\/2025\/07\/IMG-20250718-WA0111-e1753110109562-150x102.jpg 150w\" sizes=\"auto, (max-width: 400px) 100vw, 400px\" \/><\/figure>\n\n\n\n<p class=\"has-text-align-center\"><strong><mark style=\"background-color:rgba(0, 0, 0, 0)\" class=\"has-inline-color has-luminous-vivid-amber-color\">Servi\u00e7o<\/mark><\/strong><\/p>\n\n\n\n<p class=\"has-text-align-center\"><strong>Sess\u00e3o: Cine Gerpop LGBTsQIAP+<\/strong><\/p>\n\n\n\n<p class=\"has-text-align-center\"><strong>Data: 30 de setembro&nbsp;<\/strong><\/p>\n\n\n\n<p class=\"has-text-align-center\"><strong>Hor\u00e1rio: 9h<\/strong><\/p>\n\n\n\n<p class=\"has-text-align-center\"><strong>Local: Audit\u00f3rio do Conselho Estadual de Sa\u00fade de Goi\u00e1s&nbsp;<\/strong><\/p>\n\n\n\n<p class=\"has-text-align-center\"><strong>Endere\u00e7o: Avenida Rep\u00fablica do L\u00edbano, n\u00b0 1.875, Setor Oeste, Goi\u00e2nia&nbsp;<\/strong><\/p>\n\n\n\n<p class=\"has-text-align-center\"><strong>Entrada: gratuita&nbsp;<\/strong><\/p>\n\n\n\n<p class=\"has-text-align-center\"><strong>Promo\u00e7\u00e3o: Gerpop, Spais, SES-GO<\/strong><\/p>\n\n\n\n<figure class=\"wp-block-video\"><video controls src=\"https:\/\/renatodias.online\/movimento\/wp-content\/uploads\/2025\/09\/Video-Gerpop.mp4\"><\/video><\/figure>\n","protected":false},"excerpt":{"rendered":"<p>Cine Gerpop aborda direitos LGBTSQIAP+ _Dia 30 de setembro, 9h, CES de Goi\u00e1s_ Renato Dias\u00a0 Discrimina\u00e7\u00e3o, viol\u00eancia, assassinatos e a luta por direitos dos LGBTSQIAP+ constituem os temas da pr\u00f3xima edi\u00e7\u00e3o do Cine Gerpop. Com exibi\u00e7\u00e3o de filme e di\u00e1logos contempor\u00e2neos. Sess\u00e3o presencial dia 30 de setembro. No audit\u00f3rio do Conselho Estadual de Sa\u00fade. O<\/p>\n","protected":false},"author":2,"featured_media":0,"comment_status":"open","ping_status":"open","sticky":false,"template":"","format":"standard","meta":{"_acf_changed":false,"_monsterinsights_skip_tracking":false,"_monsterinsights_sitenote_active":false,"_monsterinsights_sitenote_note":"","_monsterinsights_sitenote_category":0,"footnotes":""},"categories":[4],"tags":[],"class_list":["post-21756","post","type-post","status-publish","format-standard","hentry","category-politica"],"acf":[],"yoast_head":"<!-- This site is optimized with the Yoast SEO plugin v27.4 - https:\/\/yoast.com\/product\/yoast-seo-wordpress\/ -->\n<title>Viol\u00eancia -<\/title>\n<meta name=\"robots\" content=\"index, follow, max-snippet:-1, max-image-preview:large, max-video-preview:-1\" \/>\n<link rel=\"canonical\" href=\"https:\/\/renatodias.online\/movimento\/2025\/09\/02\/violencia\/\" \/>\n<meta property=\"og:locale\" content=\"pt_BR\" \/>\n<meta property=\"og:type\" content=\"article\" \/>\n<meta property=\"og:title\" content=\"Viol\u00eancia -\" \/>\n<meta property=\"og:description\" content=\"Cine Gerpop aborda direitos LGBTSQIAP+ _Dia 30 de setembro, 9h, CES de Goi\u00e1s_ Renato Dias\u00a0 Discrimina\u00e7\u00e3o, viol\u00eancia, assassinatos e a luta por direitos dos LGBTSQIAP+ constituem os temas da pr\u00f3xima edi\u00e7\u00e3o do Cine Gerpop. Com exibi\u00e7\u00e3o de filme e di\u00e1logos contempor\u00e2neos. Sess\u00e3o presencial dia 30 de setembro. No audit\u00f3rio do Conselho Estadual de Sa\u00fade. O\" \/>\n<meta property=\"og:url\" content=\"https:\/\/renatodias.online\/movimento\/2025\/09\/02\/violencia\/\" \/>\n<meta property=\"article:publisher\" content=\"https:\/\/www.facebook.com\/renato.dias.37\" \/>\n<meta property=\"article:author\" content=\"https:\/\/www.facebook.com\/renato.dias.37\" \/>\n<meta property=\"article:published_time\" content=\"2025-09-02T19:29:04+00:00\" \/>\n<meta property=\"article:modified_time\" content=\"2025-09-02T19:29:05+00:00\" \/>\n<meta property=\"og:image\" content=\"https:\/\/renatodias.online\/movimento\/wp-content\/uploads\/2025\/09\/Cine-Gerpop-e1756841272258.jpg\" \/>\n\t<meta property=\"og:image:width\" content=\"700\" \/>\n\t<meta property=\"og:image:height\" content=\"700\" \/>\n\t<meta property=\"og:image:type\" content=\"image\/jpeg\" \/>\n<meta name=\"author\" content=\"Renato Dias\" \/>\n<meta name=\"twitter:card\" content=\"summary_large_image\" \/>\n<meta name=\"twitter:creator\" content=\"@RenatoDiasBat\" \/>\n<meta name=\"twitter:site\" content=\"@RenatoDiasBat\" \/>\n<meta name=\"twitter:label1\" content=\"Escrito por\" \/>\n\t<meta name=\"twitter:data1\" content=\"Renato Dias\" \/>\n\t<meta name=\"twitter:label2\" content=\"Est. tempo de leitura\" \/>\n\t<meta name=\"twitter:data2\" content=\"3 minutos\" \/>\n<script type=\"application\/ld+json\" class=\"yoast-schema-graph\">{\"@context\":\"https:\\\/\\\/schema.org\",\"@graph\":[{\"@type\":\"Article\",\"@id\":\"https:\\\/\\\/renatodias.online\\\/movimento\\\/2025\\\/09\\\/02\\\/violencia\\\/#article\",\"isPartOf\":{\"@id\":\"https:\\\/\\\/renatodias.online\\\/movimento\\\/2025\\\/09\\\/02\\\/violencia\\\/\"},\"author\":{\"name\":\"Renato Dias\",\"@id\":\"https:\\\/\\\/renatodias.online\\\/movimento\\\/#\\\/schema\\\/person\\\/bbab28833b1725a20f4083f49f1fb2a9\"},\"headline\":\"Viol\u00eancia\",\"datePublished\":\"2025-09-02T19:29:04+00:00\",\"dateModified\":\"2025-09-02T19:29:05+00:00\",\"mainEntityOfPage\":{\"@id\":\"https:\\\/\\\/renatodias.online\\\/movimento\\\/2025\\\/09\\\/02\\\/violencia\\\/\"},\"wordCount\":239,\"commentCount\":0,\"publisher\":{\"@id\":\"https:\\\/\\\/renatodias.online\\\/movimento\\\/#\\\/schema\\\/person\\\/bbab28833b1725a20f4083f49f1fb2a9\"},\"image\":{\"@id\":\"https:\\\/\\\/renatodias.online\\\/movimento\\\/2025\\\/09\\\/02\\\/violencia\\\/#primaryimage\"},\"thumbnailUrl\":\"https:\\\/\\\/renatodias.online\\\/movimento\\\/wp-content\\\/uploads\\\/2020\\\/11\\\/Logo-Exclusivo-e1704564162266.jpg\",\"articleSection\":[\"Pol\u00edtica\"],\"inLanguage\":\"pt-BR\",\"potentialAction\":[{\"@type\":\"CommentAction\",\"name\":\"Comment\",\"target\":[\"https:\\\/\\\/renatodias.online\\\/movimento\\\/2025\\\/09\\\/02\\\/violencia\\\/#respond\"]}]},{\"@type\":\"WebPage\",\"@id\":\"https:\\\/\\\/renatodias.online\\\/movimento\\\/2025\\\/09\\\/02\\\/violencia\\\/\",\"url\":\"https:\\\/\\\/renatodias.online\\\/movimento\\\/2025\\\/09\\\/02\\\/violencia\\\/\",\"name\":\"Viol\u00eancia -\",\"isPartOf\":{\"@id\":\"https:\\\/\\\/renatodias.online\\\/movimento\\\/#website\"},\"primaryImageOfPage\":{\"@id\":\"https:\\\/\\\/renatodias.online\\\/movimento\\\/2025\\\/09\\\/02\\\/violencia\\\/#primaryimage\"},\"image\":{\"@id\":\"https:\\\/\\\/renatodias.online\\\/movimento\\\/2025\\\/09\\\/02\\\/violencia\\\/#primaryimage\"},\"thumbnailUrl\":\"https:\\\/\\\/renatodias.online\\\/movimento\\\/wp-content\\\/uploads\\\/2020\\\/11\\\/Logo-Exclusivo-e1704564162266.jpg\",\"datePublished\":\"2025-09-02T19:29:04+00:00\",\"dateModified\":\"2025-09-02T19:29:05+00:00\",\"breadcrumb\":{\"@id\":\"https:\\\/\\\/renatodias.online\\\/movimento\\\/2025\\\/09\\\/02\\\/violencia\\\/#breadcrumb\"},\"inLanguage\":\"pt-BR\",\"potentialAction\":[{\"@type\":\"ReadAction\",\"target\":[\"https:\\\/\\\/renatodias.online\\\/movimento\\\/2025\\\/09\\\/02\\\/violencia\\\/\"]}]},{\"@type\":\"ImageObject\",\"inLanguage\":\"pt-BR\",\"@id\":\"https:\\\/\\\/renatodias.online\\\/movimento\\\/2025\\\/09\\\/02\\\/violencia\\\/#primaryimage\",\"url\":\"https:\\\/\\\/renatodias.online\\\/movimento\\\/wp-content\\\/uploads\\\/2020\\\/11\\\/Logo-Exclusivo-e1704564162266.jpg\",\"contentUrl\":\"https:\\\/\\\/renatodias.online\\\/movimento\\\/wp-content\\\/uploads\\\/2020\\\/11\\\/Logo-Exclusivo-e1704564162266.jpg\",\"width\":150,\"height\":93},{\"@type\":\"BreadcrumbList\",\"@id\":\"https:\\\/\\\/renatodias.online\\\/movimento\\\/2025\\\/09\\\/02\\\/violencia\\\/#breadcrumb\",\"itemListElement\":[{\"@type\":\"ListItem\",\"position\":1,\"name\":\"In\u00edcio\",\"item\":\"https:\\\/\\\/renatodias.online\\\/movimento\\\/\"},{\"@type\":\"ListItem\",\"position\":2,\"name\":\"Viol\u00eancia\"}]},{\"@type\":\"WebSite\",\"@id\":\"https:\\\/\\\/renatodias.online\\\/movimento\\\/#website\",\"url\":\"https:\\\/\\\/renatodias.online\\\/movimento\\\/\",\"name\":\"\",\"description\":\"\",\"publisher\":{\"@id\":\"https:\\\/\\\/renatodias.online\\\/movimento\\\/#\\\/schema\\\/person\\\/bbab28833b1725a20f4083f49f1fb2a9\"},\"potentialAction\":[{\"@type\":\"SearchAction\",\"target\":{\"@type\":\"EntryPoint\",\"urlTemplate\":\"https:\\\/\\\/renatodias.online\\\/movimento\\\/?s={search_term_string}\"},\"query-input\":{\"@type\":\"PropertyValueSpecification\",\"valueRequired\":true,\"valueName\":\"search_term_string\"}}],\"inLanguage\":\"pt-BR\"},{\"@type\":[\"Person\",\"Organization\"],\"@id\":\"https:\\\/\\\/renatodias.online\\\/movimento\\\/#\\\/schema\\\/person\\\/bbab28833b1725a20f4083f49f1fb2a9\",\"name\":\"Renato Dias\",\"image\":{\"@type\":\"ImageObject\",\"inLanguage\":\"pt-BR\",\"@id\":\"https:\\\/\\\/renatodias.online\\\/movimento\\\/wp-content\\\/uploads\\\/2023\\\/03\\\/cropped-cropped-cropped-logofinal.jpeg\",\"url\":\"https:\\\/\\\/renatodias.online\\\/movimento\\\/wp-content\\\/uploads\\\/2023\\\/03\\\/cropped-cropped-cropped-logofinal.jpeg\",\"contentUrl\":\"https:\\\/\\\/renatodias.online\\\/movimento\\\/wp-content\\\/uploads\\\/2023\\\/03\\\/cropped-cropped-cropped-logofinal.jpeg\",\"width\":1280,\"height\":219,\"caption\":\"Renato Dias\"},\"logo\":{\"@id\":\"https:\\\/\\\/renatodias.online\\\/movimento\\\/wp-content\\\/uploads\\\/2023\\\/03\\\/cropped-cropped-cropped-logofinal.jpeg\"},\"description\":\"Renato Dias, 58 anos, \u00e9 graduado em Jornalismo, formado em Ci\u00eancias Sociais, com p\u00f3s-gradua\u00e7\u00e3o em Pol\u00edticas P\u00fablicas, mestre em Direito e Rela\u00e7\u00f5es Internacionais, ex-aluno extraordin\u00e1rio do Doutorado em Psicologia Social, ex-estudante do Curso de Psican\u00e1lise do Centro de Estudos Psicanal\u00edticos do Estado de Goi\u00e1s, ministrado pelo m\u00e9dico psiquiatra e psicanalista Daniel Em\u00eddio de Souza. \u00c9 autor de 30 livros-reportagem, oito document\u00e1rios, ganhou 30 pr\u00eamios e \u00e9 torcedor apaixonado do maior do Centro-Oeste, o Vila Nova Futebol Clube. Casado com Meirilane Dias, \u00e9 pai de Juliana Dias, jornalista; Daniel Dias, economista; e Maria Rosa Dias, estudante antifascista, socialista e trotskista.\u00a0Com tr\u00eas pets: Porquinho [Bull Dog Franc\u00eas], Dalila [Basset Hound] e Geleia [Basset Hound]. Al\u00e9m do eterno gato Tutuquinho, que virou estrela.\",\"sameAs\":[\"https:\\\/\\\/www.facebook.com\\\/renato.dias.37\",\"#breve\",\"https:\\\/\\\/renatodias.tumblr.com\\\/\"],\"url\":\"https:\\\/\\\/renatodias.online\\\/movimento\\\/author\\\/renatodias\\\/\"}]}<\/script>\n<!-- \/ Yoast SEO plugin. -->","yoast_head_json":{"title":"Viol\u00eancia -","robots":{"index":"index","follow":"follow","max-snippet":"max-snippet:-1","max-image-preview":"max-image-preview:large","max-video-preview":"max-video-preview:-1"},"canonical":"https:\/\/renatodias.online\/movimento\/2025\/09\/02\/violencia\/","og_locale":"pt_BR","og_type":"article","og_title":"Viol\u00eancia -","og_description":"Cine Gerpop aborda direitos LGBTSQIAP+ _Dia 30 de setembro, 9h, CES de Goi\u00e1s_ Renato Dias\u00a0 Discrimina\u00e7\u00e3o, viol\u00eancia, assassinatos e a luta por direitos dos LGBTSQIAP+ constituem os temas da pr\u00f3xima edi\u00e7\u00e3o do Cine Gerpop. Com exibi\u00e7\u00e3o de filme e di\u00e1logos contempor\u00e2neos. Sess\u00e3o presencial dia 30 de setembro. No audit\u00f3rio do Conselho Estadual de Sa\u00fade. O","og_url":"https:\/\/renatodias.online\/movimento\/2025\/09\/02\/violencia\/","article_publisher":"https:\/\/www.facebook.com\/renato.dias.37","article_author":"https:\/\/www.facebook.com\/renato.dias.37","article_published_time":"2025-09-02T19:29:04+00:00","article_modified_time":"2025-09-02T19:29:05+00:00","og_image":[{"width":700,"height":700,"url":"https:\/\/renatodias.online\/movimento\/wp-content\/uploads\/2025\/09\/Cine-Gerpop-e1756841272258.jpg","type":"image\/jpeg"}],"author":"Renato Dias","twitter_card":"summary_large_image","twitter_creator":"@RenatoDiasBat","twitter_site":"@RenatoDiasBat","twitter_misc":{"Escrito por":"Renato Dias","Est. tempo de leitura":"3 minutos"},"schema":{"@context":"https:\/\/schema.org","@graph":[{"@type":"Article","@id":"https:\/\/renatodias.online\/movimento\/2025\/09\/02\/violencia\/#article","isPartOf":{"@id":"https:\/\/renatodias.online\/movimento\/2025\/09\/02\/violencia\/"},"author":{"name":"Renato Dias","@id":"https:\/\/renatodias.online\/movimento\/#\/schema\/person\/bbab28833b1725a20f4083f49f1fb2a9"},"headline":"Viol\u00eancia","datePublished":"2025-09-02T19:29:04+00:00","dateModified":"2025-09-02T19:29:05+00:00","mainEntityOfPage":{"@id":"https:\/\/renatodias.online\/movimento\/2025\/09\/02\/violencia\/"},"wordCount":239,"commentCount":0,"publisher":{"@id":"https:\/\/renatodias.online\/movimento\/#\/schema\/person\/bbab28833b1725a20f4083f49f1fb2a9"},"image":{"@id":"https:\/\/renatodias.online\/movimento\/2025\/09\/02\/violencia\/#primaryimage"},"thumbnailUrl":"https:\/\/renatodias.online\/movimento\/wp-content\/uploads\/2020\/11\/Logo-Exclusivo-e1704564162266.jpg","articleSection":["Pol\u00edtica"],"inLanguage":"pt-BR","potentialAction":[{"@type":"CommentAction","name":"Comment","target":["https:\/\/renatodias.online\/movimento\/2025\/09\/02\/violencia\/#respond"]}]},{"@type":"WebPage","@id":"https:\/\/renatodias.online\/movimento\/2025\/09\/02\/violencia\/","url":"https:\/\/renatodias.online\/movimento\/2025\/09\/02\/violencia\/","name":"Viol\u00eancia -","isPartOf":{"@id":"https:\/\/renatodias.online\/movimento\/#website"},"primaryImageOfPage":{"@id":"https:\/\/renatodias.online\/movimento\/2025\/09\/02\/violencia\/#primaryimage"},"image":{"@id":"https:\/\/renatodias.online\/movimento\/2025\/09\/02\/violencia\/#primaryimage"},"thumbnailUrl":"https:\/\/renatodias.online\/movimento\/wp-content\/uploads\/2020\/11\/Logo-Exclusivo-e1704564162266.jpg","datePublished":"2025-09-02T19:29:04+00:00","dateModified":"2025-09-02T19:29:05+00:00","breadcrumb":{"@id":"https:\/\/renatodias.online\/movimento\/2025\/09\/02\/violencia\/#breadcrumb"},"inLanguage":"pt-BR","potentialAction":[{"@type":"ReadAction","target":["https:\/\/renatodias.online\/movimento\/2025\/09\/02\/violencia\/"]}]},{"@type":"ImageObject","inLanguage":"pt-BR","@id":"https:\/\/renatodias.online\/movimento\/2025\/09\/02\/violencia\/#primaryimage","url":"https:\/\/renatodias.online\/movimento\/wp-content\/uploads\/2020\/11\/Logo-Exclusivo-e1704564162266.jpg","contentUrl":"https:\/\/renatodias.online\/movimento\/wp-content\/uploads\/2020\/11\/Logo-Exclusivo-e1704564162266.jpg","width":150,"height":93},{"@type":"BreadcrumbList","@id":"https:\/\/renatodias.online\/movimento\/2025\/09\/02\/violencia\/#breadcrumb","itemListElement":[{"@type":"ListItem","position":1,"name":"In\u00edcio","item":"https:\/\/renatodias.online\/movimento\/"},{"@type":"ListItem","position":2,"name":"Viol\u00eancia"}]},{"@type":"WebSite","@id":"https:\/\/renatodias.online\/movimento\/#website","url":"https:\/\/renatodias.online\/movimento\/","name":"","description":"","publisher":{"@id":"https:\/\/renatodias.online\/movimento\/#\/schema\/person\/bbab28833b1725a20f4083f49f1fb2a9"},"potentialAction":[{"@type":"SearchAction","target":{"@type":"EntryPoint","urlTemplate":"https:\/\/renatodias.online\/movimento\/?s={search_term_string}"},"query-input":{"@type":"PropertyValueSpecification","valueRequired":true,"valueName":"search_term_string"}}],"inLanguage":"pt-BR"},{"@type":["Person","Organization"],"@id":"https:\/\/renatodias.online\/movimento\/#\/schema\/person\/bbab28833b1725a20f4083f49f1fb2a9","name":"Renato Dias","image":{"@type":"ImageObject","inLanguage":"pt-BR","@id":"https:\/\/renatodias.online\/movimento\/wp-content\/uploads\/2023\/03\/cropped-cropped-cropped-logofinal.jpeg","url":"https:\/\/renatodias.online\/movimento\/wp-content\/uploads\/2023\/03\/cropped-cropped-cropped-logofinal.jpeg","contentUrl":"https:\/\/renatodias.online\/movimento\/wp-content\/uploads\/2023\/03\/cropped-cropped-cropped-logofinal.jpeg","width":1280,"height":219,"caption":"Renato Dias"},"logo":{"@id":"https:\/\/renatodias.online\/movimento\/wp-content\/uploads\/2023\/03\/cropped-cropped-cropped-logofinal.jpeg"},"description":"Renato Dias, 58 anos, \u00e9 graduado em Jornalismo, formado em Ci\u00eancias Sociais, com p\u00f3s-gradua\u00e7\u00e3o em Pol\u00edticas P\u00fablicas, mestre em Direito e Rela\u00e7\u00f5es Internacionais, ex-aluno extraordin\u00e1rio do Doutorado em Psicologia Social, ex-estudante do Curso de Psican\u00e1lise do Centro de Estudos Psicanal\u00edticos do Estado de Goi\u00e1s, ministrado pelo m\u00e9dico psiquiatra e psicanalista Daniel Em\u00eddio de Souza. \u00c9 autor de 30 livros-reportagem, oito document\u00e1rios, ganhou 30 pr\u00eamios e \u00e9 torcedor apaixonado do maior do Centro-Oeste, o Vila Nova Futebol Clube. Casado com Meirilane Dias, \u00e9 pai de Juliana Dias, jornalista; Daniel Dias, economista; e Maria Rosa Dias, estudante antifascista, socialista e trotskista.\u00a0Com tr\u00eas pets: Porquinho [Bull Dog Franc\u00eas], Dalila [Basset Hound] e Geleia [Basset Hound]. Al\u00e9m do eterno gato Tutuquinho, que virou estrela.","sameAs":["https:\/\/www.facebook.com\/renato.dias.37","#breve","https:\/\/renatodias.tumblr.com\/"],"url":"https:\/\/renatodias.online\/movimento\/author\/renatodias\/"}]}},"_links":{"self":[{"href":"https:\/\/renatodias.online\/movimento\/wp-json\/wp\/v2\/posts\/21756","targetHints":{"allow":["GET"]}}],"collection":[{"href":"https:\/\/renatodias.online\/movimento\/wp-json\/wp\/v2\/posts"}],"about":[{"href":"https:\/\/renatodias.online\/movimento\/wp-json\/wp\/v2\/types\/post"}],"author":[{"embeddable":true,"href":"https:\/\/renatodias.online\/movimento\/wp-json\/wp\/v2\/users\/2"}],"replies":[{"embeddable":true,"href":"https:\/\/renatodias.online\/movimento\/wp-json\/wp\/v2\/comments?post=21756"}],"version-history":[{"count":1,"href":"https:\/\/renatodias.online\/movimento\/wp-json\/wp\/v2\/posts\/21756\/revisions"}],"predecessor-version":[{"id":21759,"href":"https:\/\/renatodias.online\/movimento\/wp-json\/wp\/v2\/posts\/21756\/revisions\/21759"}],"wp:attachment":[{"href":"https:\/\/renatodias.online\/movimento\/wp-json\/wp\/v2\/media?parent=21756"}],"wp:term":[{"taxonomy":"category","embeddable":true,"href":"https:\/\/renatodias.online\/movimento\/wp-json\/wp\/v2\/categories?post=21756"},{"taxonomy":"post_tag","embeddable":true,"href":"https:\/\/renatodias.online\/movimento\/wp-json\/wp\/v2\/tags?post=21756"}],"curies":[{"name":"wp","href":"https:\/\/api.w.org\/{rel}","templated":true}]}}