{"id":21290,"date":"2025-08-11T16:42:48","date_gmt":"2025-08-11T19:42:48","guid":{"rendered":"https:\/\/renatodias.online\/movimento\/?p=21290"},"modified":"2025-08-11T16:42:49","modified_gmt":"2025-08-11T19:42:49","slug":"numeros-alarmantes","status":"publish","type":"post","link":"https:\/\/renatodias.online\/movimento\/2025\/08\/11\/numeros-alarmantes\/","title":{"rendered":"N\u00fameros alarmantes"},"content":{"rendered":"\n<figure class=\"wp-block-image aligncenter size-full\"><img loading=\"lazy\" decoding=\"async\" width=\"150\" height=\"150\" src=\"https:\/\/renatodias.online\/movimento\/wp-content\/uploads\/2021\/04\/Bomba-A-morte-da-Politica-e1683416532524.jpg\" alt=\"explosivo\" class=\"wp-image-5888\" srcset=\"https:\/\/renatodias.online\/movimento\/wp-content\/uploads\/2021\/04\/Bomba-A-morte-da-Politica-e1683416532524.jpg 150w, https:\/\/renatodias.online\/movimento\/wp-content\/uploads\/2021\/04\/Bomba-A-morte-da-Politica-e1683416532524-96x96.jpg 96w\" sizes=\"auto, (max-width: 150px) 100vw, 150px\" \/><figcaption class=\"wp-element-caption\"><mark style=\"background-color:rgba(0, 0, 0, 0)\" class=\"has-inline-color has-luminous-vivid-orange-color\">explosivo<\/mark><\/figcaption><\/figure>\n\n\n\n<p class=\"has-text-align-center\"><strong><mark style=\"background-color:rgba(0, 0, 0, 0)\" class=\"has-inline-color has-vivid-red-color\">Renato Dias<\/mark><\/strong><\/p>\n\n\n\n<p><strong>Projeto de lei de autoria do deputado estadual <mark style=\"background-color:rgba(0, 0, 0, 0)\" class=\"has-inline-color has-vivid-cyan-blue-color\">Ant\u00f4nio Roberto Gomide<\/mark> prop\u00f5e a cria\u00e7\u00e3o, no Estado de Goi\u00e1s, do \u201cSOS Sa\u00fade\u201d. Com o estabelecimento de medidas protetivas e procedimentos espec\u00edficos para prevenir e combater a viol\u00eancia contra profissionais da sa\u00fade. Em institui\u00e7\u00f5es p\u00fablicas e privadas.<\/strong><\/p>\n\n\n\n<figure class=\"wp-block-image aligncenter size-full\"><img loading=\"lazy\" decoding=\"async\" width=\"100\" height=\"71\" src=\"https:\/\/renatodias.online\/movimento\/wp-content\/uploads\/2023\/08\/Sangue-1-e1710526772650.jpg\" alt=\"\" class=\"wp-image-17742\"\/><\/figure>\n\n\n\n<p><strong>O parlamentar petista quer combater a viol\u00eancia, garantir suporte jur\u00eddico, psicol\u00f3gico e administrativo \u00e0s v\u00edtimas. Assim como criar um ambiente seguro, explica. Al\u00e9m de estabelecer protocolos para registro e apura\u00e7\u00e3o dos casos e conscientizar a sociedade sobre o respeito aos profissionais da sa\u00fade, diz.<\/strong>.<\/p>\n\n\n\n<figure class=\"wp-block-image aligncenter size-full\"><img loading=\"lazy\" decoding=\"async\" width=\"150\" height=\"70\" src=\"https:\/\/renatodias.online\/movimento\/wp-content\/uploads\/2024\/03\/Saiba-mais-e1710783943468.png\" alt=\"\" class=\"wp-image-19880\"\/><\/figure>\n\n\n\n<p><strong>Dados recentes apontam para um aumento alarmante de casos de viol\u00eancia na \u00e1rea de sa\u00fade, seja em hospitais, unidades de pronto atendimento ou cl\u00ednicas, tanto no setor p\u00fablico quanto no privado, executados por pacientes, acompanhantes ou at\u00e9 mesmo trabalhadores da sa\u00fade<\/strong>.<\/p>\n\n\n\n<figure class=\"wp-block-image aligncenter size-full\"><img loading=\"lazy\" decoding=\"async\" width=\"212\" height=\"210\" src=\"https:\/\/renatodias.online\/movimento\/wp-content\/uploads\/2021\/10\/Nao--e1704406592133.jpg\" alt=\"\" class=\"wp-image-9231\" srcset=\"https:\/\/renatodias.online\/movimento\/wp-content\/uploads\/2021\/10\/Nao--e1704406592133.jpg 212w, https:\/\/renatodias.online\/movimento\/wp-content\/uploads\/2021\/10\/Nao--e1704406592133-150x149.jpg 150w, https:\/\/renatodias.online\/movimento\/wp-content\/uploads\/2021\/10\/Nao--e1704406592133-96x96.jpg 96w\" sizes=\"auto, (max-width: 212px) 100vw, 212px\" \/><\/figure>\n","protected":false},"excerpt":{"rendered":"<p>Renato Dias Projeto de lei de autoria do deputado estadual Ant\u00f4nio Roberto Gomide prop\u00f5e a cria\u00e7\u00e3o, no Estado de Goi\u00e1s, do \u201cSOS Sa\u00fade\u201d. Com o estabelecimento de medidas protetivas e procedimentos espec\u00edficos para prevenir e combater a viol\u00eancia contra profissionais da sa\u00fade. Em institui\u00e7\u00f5es p\u00fablicas e privadas. O parlamentar petista quer combater a viol\u00eancia, garantir<\/p>\n","protected":false},"author":2,"featured_media":21291,"comment_status":"open","ping_status":"open","sticky":false,"template":"","format":"standard","meta":{"_acf_changed":false,"_monsterinsights_skip_tracking":false,"_monsterinsights_sitenote_active":false,"_monsterinsights_sitenote_note":"","_monsterinsights_sitenote_category":0,"footnotes":""},"categories":[4],"tags":[],"class_list":["post-21290","post","type-post","status-publish","format-standard","has-post-thumbnail","hentry","category-politica"],"acf":[],"yoast_head":"<!-- This site is optimized with the Yoast SEO plugin v27.4 - https:\/\/yoast.com\/product\/yoast-seo-wordpress\/ -->\n<title>N\u00fameros alarmantes -<\/title>\n<meta name=\"robots\" content=\"index, follow, max-snippet:-1, max-image-preview:large, max-video-preview:-1\" \/>\n<link rel=\"canonical\" href=\"https:\/\/renatodias.online\/movimento\/2025\/08\/11\/numeros-alarmantes\/\" \/>\n<meta property=\"og:locale\" content=\"pt_BR\" \/>\n<meta property=\"og:type\" content=\"article\" \/>\n<meta property=\"og:title\" content=\"N\u00fameros alarmantes -\" \/>\n<meta property=\"og:description\" content=\"Renato Dias Projeto de lei de autoria do deputado estadual Ant\u00f4nio Roberto Gomide prop\u00f5e a cria\u00e7\u00e3o, no Estado de Goi\u00e1s, do \u201cSOS Sa\u00fade\u201d. Com o estabelecimento de medidas protetivas e procedimentos espec\u00edficos para prevenir e combater a viol\u00eancia contra profissionais da sa\u00fade. Em institui\u00e7\u00f5es p\u00fablicas e privadas. O parlamentar petista quer combater a viol\u00eancia, garantir\" \/>\n<meta property=\"og:url\" content=\"https:\/\/renatodias.online\/movimento\/2025\/08\/11\/numeros-alarmantes\/\" \/>\n<meta property=\"article:publisher\" content=\"https:\/\/www.facebook.com\/renato.dias.37\" \/>\n<meta property=\"article:author\" content=\"https:\/\/www.facebook.com\/renato.dias.37\" \/>\n<meta property=\"article:published_time\" content=\"2025-08-11T19:42:48+00:00\" \/>\n<meta property=\"article:modified_time\" content=\"2025-08-11T19:42:49+00:00\" \/>\n<meta property=\"og:image\" content=\"https:\/\/renatodias.online\/movimento\/wp-content\/uploads\/2025\/08\/Post-Facebook-Novembro-Azul-Moderno-Minimalista-Delicado-Azul-Branco_20250811_124323_0000-e1754941122689.png\" \/>\n\t<meta property=\"og:image:width\" content=\"700\" \/>\n\t<meta property=\"og:image:height\" content=\"587\" \/>\n\t<meta property=\"og:image:type\" content=\"image\/png\" \/>\n<meta name=\"author\" content=\"Renato Dias\" \/>\n<meta name=\"twitter:card\" content=\"summary_large_image\" \/>\n<meta name=\"twitter:creator\" content=\"@RenatoDiasBat\" \/>\n<meta name=\"twitter:site\" content=\"@RenatoDiasBat\" \/>\n<meta name=\"twitter:label1\" content=\"Escrito por\" \/>\n\t<meta name=\"twitter:data1\" content=\"Renato Dias\" \/>\n\t<meta name=\"twitter:label2\" content=\"Est. tempo de leitura\" \/>\n\t<meta name=\"twitter:data2\" content=\"2 minutos\" \/>\n<script type=\"application\/ld+json\" class=\"yoast-schema-graph\">{\"@context\":\"https:\\\/\\\/schema.org\",\"@graph\":[{\"@type\":\"Article\",\"@id\":\"https:\\\/\\\/renatodias.online\\\/movimento\\\/2025\\\/08\\\/11\\\/numeros-alarmantes\\\/#article\",\"isPartOf\":{\"@id\":\"https:\\\/\\\/renatodias.online\\\/movimento\\\/2025\\\/08\\\/11\\\/numeros-alarmantes\\\/\"},\"author\":{\"name\":\"Renato Dias\",\"@id\":\"https:\\\/\\\/renatodias.online\\\/movimento\\\/#\\\/schema\\\/person\\\/bbab28833b1725a20f4083f49f1fb2a9\"},\"headline\":\"N\u00fameros alarmantes\",\"datePublished\":\"2025-08-11T19:42:48+00:00\",\"dateModified\":\"2025-08-11T19:42:49+00:00\",\"mainEntityOfPage\":{\"@id\":\"https:\\\/\\\/renatodias.online\\\/movimento\\\/2025\\\/08\\\/11\\\/numeros-alarmantes\\\/\"},\"wordCount\":158,\"commentCount\":0,\"publisher\":{\"@id\":\"https:\\\/\\\/renatodias.online\\\/movimento\\\/#\\\/schema\\\/person\\\/bbab28833b1725a20f4083f49f1fb2a9\"},\"image\":{\"@id\":\"https:\\\/\\\/renatodias.online\\\/movimento\\\/2025\\\/08\\\/11\\\/numeros-alarmantes\\\/#primaryimage\"},\"thumbnailUrl\":\"https:\\\/\\\/renatodias.online\\\/movimento\\\/wp-content\\\/uploads\\\/2025\\\/08\\\/Post-Facebook-Novembro-Azul-Moderno-Minimalista-Delicado-Azul-Branco_20250811_124323_0000-e1754941122689.png\",\"articleSection\":[\"Pol\u00edtica\"],\"inLanguage\":\"pt-BR\",\"potentialAction\":[{\"@type\":\"CommentAction\",\"name\":\"Comment\",\"target\":[\"https:\\\/\\\/renatodias.online\\\/movimento\\\/2025\\\/08\\\/11\\\/numeros-alarmantes\\\/#respond\"]}]},{\"@type\":\"WebPage\",\"@id\":\"https:\\\/\\\/renatodias.online\\\/movimento\\\/2025\\\/08\\\/11\\\/numeros-alarmantes\\\/\",\"url\":\"https:\\\/\\\/renatodias.online\\\/movimento\\\/2025\\\/08\\\/11\\\/numeros-alarmantes\\\/\",\"name\":\"N\u00fameros alarmantes -\",\"isPartOf\":{\"@id\":\"https:\\\/\\\/renatodias.online\\\/movimento\\\/#website\"},\"primaryImageOfPage\":{\"@id\":\"https:\\\/\\\/renatodias.online\\\/movimento\\\/2025\\\/08\\\/11\\\/numeros-alarmantes\\\/#primaryimage\"},\"image\":{\"@id\":\"https:\\\/\\\/renatodias.online\\\/movimento\\\/2025\\\/08\\\/11\\\/numeros-alarmantes\\\/#primaryimage\"},\"thumbnailUrl\":\"https:\\\/\\\/renatodias.online\\\/movimento\\\/wp-content\\\/uploads\\\/2025\\\/08\\\/Post-Facebook-Novembro-Azul-Moderno-Minimalista-Delicado-Azul-Branco_20250811_124323_0000-e1754941122689.png\",\"datePublished\":\"2025-08-11T19:42:48+00:00\",\"dateModified\":\"2025-08-11T19:42:49+00:00\",\"breadcrumb\":{\"@id\":\"https:\\\/\\\/renatodias.online\\\/movimento\\\/2025\\\/08\\\/11\\\/numeros-alarmantes\\\/#breadcrumb\"},\"inLanguage\":\"pt-BR\",\"potentialAction\":[{\"@type\":\"ReadAction\",\"target\":[\"https:\\\/\\\/renatodias.online\\\/movimento\\\/2025\\\/08\\\/11\\\/numeros-alarmantes\\\/\"]}]},{\"@type\":\"ImageObject\",\"inLanguage\":\"pt-BR\",\"@id\":\"https:\\\/\\\/renatodias.online\\\/movimento\\\/2025\\\/08\\\/11\\\/numeros-alarmantes\\\/#primaryimage\",\"url\":\"https:\\\/\\\/renatodias.online\\\/movimento\\\/wp-content\\\/uploads\\\/2025\\\/08\\\/Post-Facebook-Novembro-Azul-Moderno-Minimalista-Delicado-Azul-Branco_20250811_124323_0000-e1754941122689.png\",\"contentUrl\":\"https:\\\/\\\/renatodias.online\\\/movimento\\\/wp-content\\\/uploads\\\/2025\\\/08\\\/Post-Facebook-Novembro-Azul-Moderno-Minimalista-Delicado-Azul-Branco_20250811_124323_0000-e1754941122689.png\",\"width\":700,\"height\":587},{\"@type\":\"BreadcrumbList\",\"@id\":\"https:\\\/\\\/renatodias.online\\\/movimento\\\/2025\\\/08\\\/11\\\/numeros-alarmantes\\\/#breadcrumb\",\"itemListElement\":[{\"@type\":\"ListItem\",\"position\":1,\"name\":\"In\u00edcio\",\"item\":\"https:\\\/\\\/renatodias.online\\\/movimento\\\/\"},{\"@type\":\"ListItem\",\"position\":2,\"name\":\"N\u00fameros alarmantes\"}]},{\"@type\":\"WebSite\",\"@id\":\"https:\\\/\\\/renatodias.online\\\/movimento\\\/#website\",\"url\":\"https:\\\/\\\/renatodias.online\\\/movimento\\\/\",\"name\":\"\",\"description\":\"\",\"publisher\":{\"@id\":\"https:\\\/\\\/renatodias.online\\\/movimento\\\/#\\\/schema\\\/person\\\/bbab28833b1725a20f4083f49f1fb2a9\"},\"potentialAction\":[{\"@type\":\"SearchAction\",\"target\":{\"@type\":\"EntryPoint\",\"urlTemplate\":\"https:\\\/\\\/renatodias.online\\\/movimento\\\/?s={search_term_string}\"},\"query-input\":{\"@type\":\"PropertyValueSpecification\",\"valueRequired\":true,\"valueName\":\"search_term_string\"}}],\"inLanguage\":\"pt-BR\"},{\"@type\":[\"Person\",\"Organization\"],\"@id\":\"https:\\\/\\\/renatodias.online\\\/movimento\\\/#\\\/schema\\\/person\\\/bbab28833b1725a20f4083f49f1fb2a9\",\"name\":\"Renato Dias\",\"image\":{\"@type\":\"ImageObject\",\"inLanguage\":\"pt-BR\",\"@id\":\"https:\\\/\\\/renatodias.online\\\/movimento\\\/wp-content\\\/uploads\\\/2023\\\/03\\\/cropped-cropped-cropped-logofinal.jpeg\",\"url\":\"https:\\\/\\\/renatodias.online\\\/movimento\\\/wp-content\\\/uploads\\\/2023\\\/03\\\/cropped-cropped-cropped-logofinal.jpeg\",\"contentUrl\":\"https:\\\/\\\/renatodias.online\\\/movimento\\\/wp-content\\\/uploads\\\/2023\\\/03\\\/cropped-cropped-cropped-logofinal.jpeg\",\"width\":1280,\"height\":219,\"caption\":\"Renato Dias\"},\"logo\":{\"@id\":\"https:\\\/\\\/renatodias.online\\\/movimento\\\/wp-content\\\/uploads\\\/2023\\\/03\\\/cropped-cropped-cropped-logofinal.jpeg\"},\"description\":\"Renato Dias, 58 anos, \u00e9 graduado em Jornalismo, formado em Ci\u00eancias Sociais, com p\u00f3s-gradua\u00e7\u00e3o em Pol\u00edticas P\u00fablicas, mestre em Direito e Rela\u00e7\u00f5es Internacionais, ex-aluno extraordin\u00e1rio do Doutorado em Psicologia Social, ex-estudante do Curso de Psican\u00e1lise do Centro de Estudos Psicanal\u00edticos do Estado de Goi\u00e1s, ministrado pelo m\u00e9dico psiquiatra e psicanalista Daniel Em\u00eddio de Souza. \u00c9 autor de 30 livros-reportagem, oito document\u00e1rios, ganhou 30 pr\u00eamios e \u00e9 torcedor apaixonado do maior do Centro-Oeste, o Vila Nova Futebol Clube. Casado com Meirilane Dias, \u00e9 pai de Juliana Dias, jornalista; Daniel Dias, economista; e Maria Rosa Dias, estudante antifascista, socialista e trotskista.\u00a0Com tr\u00eas pets: Porquinho [Bull Dog Franc\u00eas], Dalila [Basset Hound] e Geleia [Basset Hound]. Al\u00e9m do eterno gato Tutuquinho, que virou estrela.\",\"sameAs\":[\"https:\\\/\\\/www.facebook.com\\\/renato.dias.37\",\"#breve\",\"https:\\\/\\\/renatodias.tumblr.com\\\/\"],\"url\":\"https:\\\/\\\/renatodias.online\\\/movimento\\\/author\\\/renatodias\\\/\"}]}<\/script>\n<!-- \/ Yoast SEO plugin. -->","yoast_head_json":{"title":"N\u00fameros alarmantes -","robots":{"index":"index","follow":"follow","max-snippet":"max-snippet:-1","max-image-preview":"max-image-preview:large","max-video-preview":"max-video-preview:-1"},"canonical":"https:\/\/renatodias.online\/movimento\/2025\/08\/11\/numeros-alarmantes\/","og_locale":"pt_BR","og_type":"article","og_title":"N\u00fameros alarmantes -","og_description":"Renato Dias Projeto de lei de autoria do deputado estadual Ant\u00f4nio Roberto Gomide prop\u00f5e a cria\u00e7\u00e3o, no Estado de Goi\u00e1s, do \u201cSOS Sa\u00fade\u201d. Com o estabelecimento de medidas protetivas e procedimentos espec\u00edficos para prevenir e combater a viol\u00eancia contra profissionais da sa\u00fade. Em institui\u00e7\u00f5es p\u00fablicas e privadas. O parlamentar petista quer combater a viol\u00eancia, garantir","og_url":"https:\/\/renatodias.online\/movimento\/2025\/08\/11\/numeros-alarmantes\/","article_publisher":"https:\/\/www.facebook.com\/renato.dias.37","article_author":"https:\/\/www.facebook.com\/renato.dias.37","article_published_time":"2025-08-11T19:42:48+00:00","article_modified_time":"2025-08-11T19:42:49+00:00","og_image":[{"width":700,"height":587,"url":"https:\/\/renatodias.online\/movimento\/wp-content\/uploads\/2025\/08\/Post-Facebook-Novembro-Azul-Moderno-Minimalista-Delicado-Azul-Branco_20250811_124323_0000-e1754941122689.png","type":"image\/png"}],"author":"Renato Dias","twitter_card":"summary_large_image","twitter_creator":"@RenatoDiasBat","twitter_site":"@RenatoDiasBat","twitter_misc":{"Escrito por":"Renato Dias","Est. tempo de leitura":"2 minutos"},"schema":{"@context":"https:\/\/schema.org","@graph":[{"@type":"Article","@id":"https:\/\/renatodias.online\/movimento\/2025\/08\/11\/numeros-alarmantes\/#article","isPartOf":{"@id":"https:\/\/renatodias.online\/movimento\/2025\/08\/11\/numeros-alarmantes\/"},"author":{"name":"Renato Dias","@id":"https:\/\/renatodias.online\/movimento\/#\/schema\/person\/bbab28833b1725a20f4083f49f1fb2a9"},"headline":"N\u00fameros alarmantes","datePublished":"2025-08-11T19:42:48+00:00","dateModified":"2025-08-11T19:42:49+00:00","mainEntityOfPage":{"@id":"https:\/\/renatodias.online\/movimento\/2025\/08\/11\/numeros-alarmantes\/"},"wordCount":158,"commentCount":0,"publisher":{"@id":"https:\/\/renatodias.online\/movimento\/#\/schema\/person\/bbab28833b1725a20f4083f49f1fb2a9"},"image":{"@id":"https:\/\/renatodias.online\/movimento\/2025\/08\/11\/numeros-alarmantes\/#primaryimage"},"thumbnailUrl":"https:\/\/renatodias.online\/movimento\/wp-content\/uploads\/2025\/08\/Post-Facebook-Novembro-Azul-Moderno-Minimalista-Delicado-Azul-Branco_20250811_124323_0000-e1754941122689.png","articleSection":["Pol\u00edtica"],"inLanguage":"pt-BR","potentialAction":[{"@type":"CommentAction","name":"Comment","target":["https:\/\/renatodias.online\/movimento\/2025\/08\/11\/numeros-alarmantes\/#respond"]}]},{"@type":"WebPage","@id":"https:\/\/renatodias.online\/movimento\/2025\/08\/11\/numeros-alarmantes\/","url":"https:\/\/renatodias.online\/movimento\/2025\/08\/11\/numeros-alarmantes\/","name":"N\u00fameros alarmantes -","isPartOf":{"@id":"https:\/\/renatodias.online\/movimento\/#website"},"primaryImageOfPage":{"@id":"https:\/\/renatodias.online\/movimento\/2025\/08\/11\/numeros-alarmantes\/#primaryimage"},"image":{"@id":"https:\/\/renatodias.online\/movimento\/2025\/08\/11\/numeros-alarmantes\/#primaryimage"},"thumbnailUrl":"https:\/\/renatodias.online\/movimento\/wp-content\/uploads\/2025\/08\/Post-Facebook-Novembro-Azul-Moderno-Minimalista-Delicado-Azul-Branco_20250811_124323_0000-e1754941122689.png","datePublished":"2025-08-11T19:42:48+00:00","dateModified":"2025-08-11T19:42:49+00:00","breadcrumb":{"@id":"https:\/\/renatodias.online\/movimento\/2025\/08\/11\/numeros-alarmantes\/#breadcrumb"},"inLanguage":"pt-BR","potentialAction":[{"@type":"ReadAction","target":["https:\/\/renatodias.online\/movimento\/2025\/08\/11\/numeros-alarmantes\/"]}]},{"@type":"ImageObject","inLanguage":"pt-BR","@id":"https:\/\/renatodias.online\/movimento\/2025\/08\/11\/numeros-alarmantes\/#primaryimage","url":"https:\/\/renatodias.online\/movimento\/wp-content\/uploads\/2025\/08\/Post-Facebook-Novembro-Azul-Moderno-Minimalista-Delicado-Azul-Branco_20250811_124323_0000-e1754941122689.png","contentUrl":"https:\/\/renatodias.online\/movimento\/wp-content\/uploads\/2025\/08\/Post-Facebook-Novembro-Azul-Moderno-Minimalista-Delicado-Azul-Branco_20250811_124323_0000-e1754941122689.png","width":700,"height":587},{"@type":"BreadcrumbList","@id":"https:\/\/renatodias.online\/movimento\/2025\/08\/11\/numeros-alarmantes\/#breadcrumb","itemListElement":[{"@type":"ListItem","position":1,"name":"In\u00edcio","item":"https:\/\/renatodias.online\/movimento\/"},{"@type":"ListItem","position":2,"name":"N\u00fameros alarmantes"}]},{"@type":"WebSite","@id":"https:\/\/renatodias.online\/movimento\/#website","url":"https:\/\/renatodias.online\/movimento\/","name":"","description":"","publisher":{"@id":"https:\/\/renatodias.online\/movimento\/#\/schema\/person\/bbab28833b1725a20f4083f49f1fb2a9"},"potentialAction":[{"@type":"SearchAction","target":{"@type":"EntryPoint","urlTemplate":"https:\/\/renatodias.online\/movimento\/?s={search_term_string}"},"query-input":{"@type":"PropertyValueSpecification","valueRequired":true,"valueName":"search_term_string"}}],"inLanguage":"pt-BR"},{"@type":["Person","Organization"],"@id":"https:\/\/renatodias.online\/movimento\/#\/schema\/person\/bbab28833b1725a20f4083f49f1fb2a9","name":"Renato Dias","image":{"@type":"ImageObject","inLanguage":"pt-BR","@id":"https:\/\/renatodias.online\/movimento\/wp-content\/uploads\/2023\/03\/cropped-cropped-cropped-logofinal.jpeg","url":"https:\/\/renatodias.online\/movimento\/wp-content\/uploads\/2023\/03\/cropped-cropped-cropped-logofinal.jpeg","contentUrl":"https:\/\/renatodias.online\/movimento\/wp-content\/uploads\/2023\/03\/cropped-cropped-cropped-logofinal.jpeg","width":1280,"height":219,"caption":"Renato Dias"},"logo":{"@id":"https:\/\/renatodias.online\/movimento\/wp-content\/uploads\/2023\/03\/cropped-cropped-cropped-logofinal.jpeg"},"description":"Renato Dias, 58 anos, \u00e9 graduado em Jornalismo, formado em Ci\u00eancias Sociais, com p\u00f3s-gradua\u00e7\u00e3o em Pol\u00edticas P\u00fablicas, mestre em Direito e Rela\u00e7\u00f5es Internacionais, ex-aluno extraordin\u00e1rio do Doutorado em Psicologia Social, ex-estudante do Curso de Psican\u00e1lise do Centro de Estudos Psicanal\u00edticos do Estado de Goi\u00e1s, ministrado pelo m\u00e9dico psiquiatra e psicanalista Daniel Em\u00eddio de Souza. \u00c9 autor de 30 livros-reportagem, oito document\u00e1rios, ganhou 30 pr\u00eamios e \u00e9 torcedor apaixonado do maior do Centro-Oeste, o Vila Nova Futebol Clube. Casado com Meirilane Dias, \u00e9 pai de Juliana Dias, jornalista; Daniel Dias, economista; e Maria Rosa Dias, estudante antifascista, socialista e trotskista.\u00a0Com tr\u00eas pets: Porquinho [Bull Dog Franc\u00eas], Dalila [Basset Hound] e Geleia [Basset Hound]. Al\u00e9m do eterno gato Tutuquinho, que virou estrela.","sameAs":["https:\/\/www.facebook.com\/renato.dias.37","#breve","https:\/\/renatodias.tumblr.com\/"],"url":"https:\/\/renatodias.online\/movimento\/author\/renatodias\/"}]}},"_links":{"self":[{"href":"https:\/\/renatodias.online\/movimento\/wp-json\/wp\/v2\/posts\/21290","targetHints":{"allow":["GET"]}}],"collection":[{"href":"https:\/\/renatodias.online\/movimento\/wp-json\/wp\/v2\/posts"}],"about":[{"href":"https:\/\/renatodias.online\/movimento\/wp-json\/wp\/v2\/types\/post"}],"author":[{"embeddable":true,"href":"https:\/\/renatodias.online\/movimento\/wp-json\/wp\/v2\/users\/2"}],"replies":[{"embeddable":true,"href":"https:\/\/renatodias.online\/movimento\/wp-json\/wp\/v2\/comments?post=21290"}],"version-history":[{"count":1,"href":"https:\/\/renatodias.online\/movimento\/wp-json\/wp\/v2\/posts\/21290\/revisions"}],"predecessor-version":[{"id":21292,"href":"https:\/\/renatodias.online\/movimento\/wp-json\/wp\/v2\/posts\/21290\/revisions\/21292"}],"wp:featuredmedia":[{"embeddable":true,"href":"https:\/\/renatodias.online\/movimento\/wp-json\/wp\/v2\/media\/21291"}],"wp:attachment":[{"href":"https:\/\/renatodias.online\/movimento\/wp-json\/wp\/v2\/media?parent=21290"}],"wp:term":[{"taxonomy":"category","embeddable":true,"href":"https:\/\/renatodias.online\/movimento\/wp-json\/wp\/v2\/categories?post=21290"},{"taxonomy":"post_tag","embeddable":true,"href":"https:\/\/renatodias.online\/movimento\/wp-json\/wp\/v2\/tags?post=21290"}],"curies":[{"name":"wp","href":"https:\/\/api.w.org\/{rel}","templated":true}]}}