{"id":21287,"date":"2025-08-11T16:24:43","date_gmt":"2025-08-11T19:24:43","guid":{"rendered":"https:\/\/renatodias.online\/movimento\/?p=21287"},"modified":"2025-08-11T16:24:44","modified_gmt":"2025-08-11T19:24:44","slug":"pelo-fim-da-taxa-do-agro","status":"publish","type":"post","link":"https:\/\/renatodias.online\/movimento\/2025\/08\/11\/pelo-fim-da-taxa-do-agro\/","title":{"rendered":"Pelo fim da taxa do agro"},"content":{"rendered":"\n<figure class=\"wp-block-image aligncenter size-full\"><img loading=\"lazy\" decoding=\"async\" width=\"340\" height=\"210\" src=\"https:\/\/renatodias.online\/movimento\/wp-content\/uploads\/2021\/01\/Logo-Exclusivo.jpg\" alt=\"\" class=\"wp-image-5078\" srcset=\"https:\/\/renatodias.online\/movimento\/wp-content\/uploads\/2021\/01\/Logo-Exclusivo.jpg 340w, https:\/\/renatodias.online\/movimento\/wp-content\/uploads\/2021\/01\/Logo-Exclusivo-300x185.jpg 300w\" sizes=\"auto, (max-width: 340px) 100vw, 340px\" \/><\/figure>\n\n\n\n<figure class=\"wp-block-audio\"><audio controls src=\"https:\/\/renatodias.online\/movimento\/wp-content\/uploads\/2024\/02\/AUD-20240202-WA0029-online-audio-converter.com_.mp3\"><\/audio><figcaption class=\"wp-element-caption\">Chico Buarque, Apesar de voc\u00ea<\/figcaption><\/figure>\n\n\n\n<p class=\"has-text-align-center\"><strong><mark style=\"background-color:rgba(0, 0, 0, 0)\" class=\"has-inline-color has-vivid-red-color\">Renato Dias<\/mark><\/strong><\/p>\n\n\n\n<p><strong>Projeto de lei e autoria do deputado estadual <mark style=\"background-color:rgba(0, 0, 0, 0)\" class=\"has-inline-color has-vivid-cyan-blue-color\">Gustavo Sebba<\/mark> [PSDB] prop\u00f5e, hoje, a revoga\u00e7\u00e3o do dispositivo da Lei n\u00ba 21.670\/2022. Medida que criou o Fundo Estadual de Infraestrutura [Fundeinfra]. A proposta, \u00e9 impedir que os Estados Unidos apliquem sobretaxas de at\u00e9 50% sobre produtos brasileiros. Os exportados por Goi\u00e1s, explica a renatodias.online. \u201cUma resposta urgente, clara e necess\u00e1ria \u00e0 amea\u00e7a que paira em rela\u00e7\u00e3o \u00e0s exporta\u00e7\u00f5es goianas taxadas por <mark style=\"background-color:rgba(0, 0, 0, 0)\" class=\"has-inline-color has-luminous-vivid-orange-color\">Donald Trump<\/mark>\u201d, afirma o parlamentar.<\/strong><\/p>\n\n\n\n<figure class=\"wp-block-image aligncenter size-full\"><img loading=\"lazy\" decoding=\"async\" width=\"400\" height=\"200\" src=\"https:\/\/renatodias.online\/movimento\/wp-content\/uploads\/2024\/03\/Donald-Trump-e1710526667851.jpg\" alt=\"\" class=\"wp-image-19797\" srcset=\"https:\/\/renatodias.online\/movimento\/wp-content\/uploads\/2024\/03\/Donald-Trump-e1710526667851.jpg 400w, https:\/\/renatodias.online\/movimento\/wp-content\/uploads\/2024\/03\/Donald-Trump-e1710526667851-300x150.jpg 300w, https:\/\/renatodias.online\/movimento\/wp-content\/uploads\/2024\/03\/Donald-Trump-e1710526667851-150x75.jpg 150w\" sizes=\"auto, (max-width: 400px) 100vw, 400px\" \/><\/figure>\n\n\n\n<figure class=\"wp-block-image aligncenter size-full\"><img loading=\"lazy\" decoding=\"async\" width=\"150\" height=\"70\" src=\"https:\/\/renatodias.online\/movimento\/wp-content\/uploads\/2024\/03\/Saiba-mais-e1710783943468.png\" alt=\"\" class=\"wp-image-19880\"\/><\/figure>\n\n\n\n<p><strong>O l\u00edder tucano observa que a narrativa para a cria\u00e7\u00e3o da Taxa do Agro \u2014 que seria uma eventual compensa\u00e7\u00e3o da suposta perda de arrecada\u00e7\u00e3o do ICMS sobre combust\u00edveis \u2014 n\u00e3o possui mais a validade ap\u00f3s o restabelecimento da cobran\u00e7a pelo governo federal. \u201cHoje existem recursos dispon\u00edveis e n\u00e3o h\u00e1 mais necessidade de manter a abusiva taxa que penaliza o setor produtivo, dispara. O m\u00e9dico e produtor rural concorda com as cr\u00edticas formuladas por<mark style=\"background-color:rgba(0, 0, 0, 0)\" class=\"has-inline-color has-vivid-purple-color\"> Marconi Perillo<\/mark>, ex-governador de Goi\u00e1s.<\/strong><\/p>\n\n\n\n<figure class=\"wp-block-image aligncenter size-full\"><img loading=\"lazy\" decoding=\"async\" width=\"400\" height=\"200\" src=\"https:\/\/renatodias.online\/movimento\/wp-content\/uploads\/2024\/03\/Ronaldo-Caiado-e1720494907285.jpg\" alt=\"\" class=\"wp-image-19754\" srcset=\"https:\/\/renatodias.online\/movimento\/wp-content\/uploads\/2024\/03\/Ronaldo-Caiado-e1720494907285.jpg 400w, https:\/\/renatodias.online\/movimento\/wp-content\/uploads\/2024\/03\/Ronaldo-Caiado-e1720494907285-300x150.jpg 300w, https:\/\/renatodias.online\/movimento\/wp-content\/uploads\/2024\/03\/Ronaldo-Caiado-e1720494907285-150x75.jpg 150w\" sizes=\"auto, (max-width: 400px) 100vw, 400px\" \/><\/figure>\n","protected":false},"excerpt":{"rendered":"<p>Renato Dias Projeto de lei e autoria do deputado estadual Gustavo Sebba [PSDB] prop\u00f5e, hoje, a revoga\u00e7\u00e3o do dispositivo da Lei n\u00ba 21.670\/2022. Medida que criou o Fundo Estadual de Infraestrutura [Fundeinfra]. A proposta, \u00e9 impedir que os Estados Unidos apliquem sobretaxas de at\u00e9 50% sobre produtos brasileiros. Os exportados por Goi\u00e1s, explica a renatodias.online.<\/p>\n","protected":false},"author":2,"featured_media":21288,"comment_status":"open","ping_status":"open","sticky":false,"template":"","format":"standard","meta":{"_acf_changed":false,"_monsterinsights_skip_tracking":false,"_monsterinsights_sitenote_active":false,"_monsterinsights_sitenote_note":"","_monsterinsights_sitenote_category":0,"footnotes":""},"categories":[4],"tags":[],"class_list":["post-21287","post","type-post","status-publish","format-standard","has-post-thumbnail","hentry","category-politica"],"acf":[],"yoast_head":"<!-- This site is optimized with the Yoast SEO plugin v27.4 - https:\/\/yoast.com\/product\/yoast-seo-wordpress\/ -->\n<title>Pelo fim da taxa do agro -<\/title>\n<meta name=\"robots\" content=\"index, follow, max-snippet:-1, max-image-preview:large, max-video-preview:-1\" \/>\n<link rel=\"canonical\" href=\"https:\/\/renatodias.online\/movimento\/2025\/08\/11\/pelo-fim-da-taxa-do-agro\/\" \/>\n<meta property=\"og:locale\" content=\"pt_BR\" \/>\n<meta property=\"og:type\" content=\"article\" \/>\n<meta property=\"og:title\" content=\"Pelo fim da taxa do agro -\" \/>\n<meta property=\"og:description\" content=\"Renato Dias Projeto de lei e autoria do deputado estadual Gustavo Sebba [PSDB] prop\u00f5e, hoje, a revoga\u00e7\u00e3o do dispositivo da Lei n\u00ba 21.670\/2022. Medida que criou o Fundo Estadual de Infraestrutura [Fundeinfra]. A proposta, \u00e9 impedir que os Estados Unidos apliquem sobretaxas de at\u00e9 50% sobre produtos brasileiros. Os exportados por Goi\u00e1s, explica a renatodias.online.\" \/>\n<meta property=\"og:url\" content=\"https:\/\/renatodias.online\/movimento\/2025\/08\/11\/pelo-fim-da-taxa-do-agro\/\" \/>\n<meta property=\"article:publisher\" content=\"https:\/\/www.facebook.com\/renato.dias.37\" \/>\n<meta property=\"article:author\" content=\"https:\/\/www.facebook.com\/renato.dias.37\" \/>\n<meta property=\"article:published_time\" content=\"2025-08-11T19:24:43+00:00\" \/>\n<meta property=\"article:modified_time\" content=\"2025-08-11T19:24:44+00:00\" \/>\n<meta property=\"og:image\" content=\"https:\/\/renatodias.online\/movimento\/wp-content\/uploads\/2025\/08\/1_20250811_123411_0000-e1754939931502.png\" \/>\n\t<meta property=\"og:image:width\" content=\"700\" \/>\n\t<meta property=\"og:image:height\" content=\"700\" \/>\n\t<meta property=\"og:image:type\" content=\"image\/png\" \/>\n<meta name=\"author\" content=\"Renato Dias\" \/>\n<meta name=\"twitter:card\" content=\"summary_large_image\" \/>\n<meta name=\"twitter:creator\" content=\"@RenatoDiasBat\" \/>\n<meta name=\"twitter:site\" content=\"@RenatoDiasBat\" \/>\n<meta name=\"twitter:label1\" content=\"Escrito por\" \/>\n\t<meta name=\"twitter:data1\" content=\"Renato Dias\" \/>\n\t<meta name=\"twitter:label2\" content=\"Est. tempo de leitura\" \/>\n\t<meta name=\"twitter:data2\" content=\"2 minutos\" \/>\n<script type=\"application\/ld+json\" class=\"yoast-schema-graph\">{\"@context\":\"https:\\\/\\\/schema.org\",\"@graph\":[{\"@type\":\"Article\",\"@id\":\"https:\\\/\\\/renatodias.online\\\/movimento\\\/2025\\\/08\\\/11\\\/pelo-fim-da-taxa-do-agro\\\/#article\",\"isPartOf\":{\"@id\":\"https:\\\/\\\/renatodias.online\\\/movimento\\\/2025\\\/08\\\/11\\\/pelo-fim-da-taxa-do-agro\\\/\"},\"author\":{\"name\":\"Renato Dias\",\"@id\":\"https:\\\/\\\/renatodias.online\\\/movimento\\\/#\\\/schema\\\/person\\\/bbab28833b1725a20f4083f49f1fb2a9\"},\"headline\":\"Pelo fim da taxa do agro\",\"datePublished\":\"2025-08-11T19:24:43+00:00\",\"dateModified\":\"2025-08-11T19:24:44+00:00\",\"mainEntityOfPage\":{\"@id\":\"https:\\\/\\\/renatodias.online\\\/movimento\\\/2025\\\/08\\\/11\\\/pelo-fim-da-taxa-do-agro\\\/\"},\"wordCount\":182,\"commentCount\":0,\"publisher\":{\"@id\":\"https:\\\/\\\/renatodias.online\\\/movimento\\\/#\\\/schema\\\/person\\\/bbab28833b1725a20f4083f49f1fb2a9\"},\"image\":{\"@id\":\"https:\\\/\\\/renatodias.online\\\/movimento\\\/2025\\\/08\\\/11\\\/pelo-fim-da-taxa-do-agro\\\/#primaryimage\"},\"thumbnailUrl\":\"https:\\\/\\\/renatodias.online\\\/movimento\\\/wp-content\\\/uploads\\\/2025\\\/08\\\/1_20250811_123411_0000-e1754939931502.png\",\"articleSection\":[\"Pol\u00edtica\"],\"inLanguage\":\"pt-BR\",\"potentialAction\":[{\"@type\":\"CommentAction\",\"name\":\"Comment\",\"target\":[\"https:\\\/\\\/renatodias.online\\\/movimento\\\/2025\\\/08\\\/11\\\/pelo-fim-da-taxa-do-agro\\\/#respond\"]}]},{\"@type\":\"WebPage\",\"@id\":\"https:\\\/\\\/renatodias.online\\\/movimento\\\/2025\\\/08\\\/11\\\/pelo-fim-da-taxa-do-agro\\\/\",\"url\":\"https:\\\/\\\/renatodias.online\\\/movimento\\\/2025\\\/08\\\/11\\\/pelo-fim-da-taxa-do-agro\\\/\",\"name\":\"Pelo fim da taxa do agro -\",\"isPartOf\":{\"@id\":\"https:\\\/\\\/renatodias.online\\\/movimento\\\/#website\"},\"primaryImageOfPage\":{\"@id\":\"https:\\\/\\\/renatodias.online\\\/movimento\\\/2025\\\/08\\\/11\\\/pelo-fim-da-taxa-do-agro\\\/#primaryimage\"},\"image\":{\"@id\":\"https:\\\/\\\/renatodias.online\\\/movimento\\\/2025\\\/08\\\/11\\\/pelo-fim-da-taxa-do-agro\\\/#primaryimage\"},\"thumbnailUrl\":\"https:\\\/\\\/renatodias.online\\\/movimento\\\/wp-content\\\/uploads\\\/2025\\\/08\\\/1_20250811_123411_0000-e1754939931502.png\",\"datePublished\":\"2025-08-11T19:24:43+00:00\",\"dateModified\":\"2025-08-11T19:24:44+00:00\",\"breadcrumb\":{\"@id\":\"https:\\\/\\\/renatodias.online\\\/movimento\\\/2025\\\/08\\\/11\\\/pelo-fim-da-taxa-do-agro\\\/#breadcrumb\"},\"inLanguage\":\"pt-BR\",\"potentialAction\":[{\"@type\":\"ReadAction\",\"target\":[\"https:\\\/\\\/renatodias.online\\\/movimento\\\/2025\\\/08\\\/11\\\/pelo-fim-da-taxa-do-agro\\\/\"]}]},{\"@type\":\"ImageObject\",\"inLanguage\":\"pt-BR\",\"@id\":\"https:\\\/\\\/renatodias.online\\\/movimento\\\/2025\\\/08\\\/11\\\/pelo-fim-da-taxa-do-agro\\\/#primaryimage\",\"url\":\"https:\\\/\\\/renatodias.online\\\/movimento\\\/wp-content\\\/uploads\\\/2025\\\/08\\\/1_20250811_123411_0000-e1754939931502.png\",\"contentUrl\":\"https:\\\/\\\/renatodias.online\\\/movimento\\\/wp-content\\\/uploads\\\/2025\\\/08\\\/1_20250811_123411_0000-e1754939931502.png\",\"width\":700,\"height\":700},{\"@type\":\"BreadcrumbList\",\"@id\":\"https:\\\/\\\/renatodias.online\\\/movimento\\\/2025\\\/08\\\/11\\\/pelo-fim-da-taxa-do-agro\\\/#breadcrumb\",\"itemListElement\":[{\"@type\":\"ListItem\",\"position\":1,\"name\":\"In\u00edcio\",\"item\":\"https:\\\/\\\/renatodias.online\\\/movimento\\\/\"},{\"@type\":\"ListItem\",\"position\":2,\"name\":\"Pelo fim da taxa do agro\"}]},{\"@type\":\"WebSite\",\"@id\":\"https:\\\/\\\/renatodias.online\\\/movimento\\\/#website\",\"url\":\"https:\\\/\\\/renatodias.online\\\/movimento\\\/\",\"name\":\"\",\"description\":\"\",\"publisher\":{\"@id\":\"https:\\\/\\\/renatodias.online\\\/movimento\\\/#\\\/schema\\\/person\\\/bbab28833b1725a20f4083f49f1fb2a9\"},\"potentialAction\":[{\"@type\":\"SearchAction\",\"target\":{\"@type\":\"EntryPoint\",\"urlTemplate\":\"https:\\\/\\\/renatodias.online\\\/movimento\\\/?s={search_term_string}\"},\"query-input\":{\"@type\":\"PropertyValueSpecification\",\"valueRequired\":true,\"valueName\":\"search_term_string\"}}],\"inLanguage\":\"pt-BR\"},{\"@type\":[\"Person\",\"Organization\"],\"@id\":\"https:\\\/\\\/renatodias.online\\\/movimento\\\/#\\\/schema\\\/person\\\/bbab28833b1725a20f4083f49f1fb2a9\",\"name\":\"Renato Dias\",\"image\":{\"@type\":\"ImageObject\",\"inLanguage\":\"pt-BR\",\"@id\":\"https:\\\/\\\/renatodias.online\\\/movimento\\\/wp-content\\\/uploads\\\/2023\\\/03\\\/cropped-cropped-cropped-logofinal.jpeg\",\"url\":\"https:\\\/\\\/renatodias.online\\\/movimento\\\/wp-content\\\/uploads\\\/2023\\\/03\\\/cropped-cropped-cropped-logofinal.jpeg\",\"contentUrl\":\"https:\\\/\\\/renatodias.online\\\/movimento\\\/wp-content\\\/uploads\\\/2023\\\/03\\\/cropped-cropped-cropped-logofinal.jpeg\",\"width\":1280,\"height\":219,\"caption\":\"Renato Dias\"},\"logo\":{\"@id\":\"https:\\\/\\\/renatodias.online\\\/movimento\\\/wp-content\\\/uploads\\\/2023\\\/03\\\/cropped-cropped-cropped-logofinal.jpeg\"},\"description\":\"Renato Dias, 58 anos, \u00e9 graduado em Jornalismo, formado em Ci\u00eancias Sociais, com p\u00f3s-gradua\u00e7\u00e3o em Pol\u00edticas P\u00fablicas, mestre em Direito e Rela\u00e7\u00f5es Internacionais, ex-aluno extraordin\u00e1rio do Doutorado em Psicologia Social, ex-estudante do Curso de Psican\u00e1lise do Centro de Estudos Psicanal\u00edticos do Estado de Goi\u00e1s, ministrado pelo m\u00e9dico psiquiatra e psicanalista Daniel Em\u00eddio de Souza. \u00c9 autor de 30 livros-reportagem, oito document\u00e1rios, ganhou 30 pr\u00eamios e \u00e9 torcedor apaixonado do maior do Centro-Oeste, o Vila Nova Futebol Clube. Casado com Meirilane Dias, \u00e9 pai de Juliana Dias, jornalista; Daniel Dias, economista; e Maria Rosa Dias, estudante antifascista, socialista e trotskista.\u00a0Com tr\u00eas pets: Porquinho [Bull Dog Franc\u00eas], Dalila [Basset Hound] e Geleia [Basset Hound]. Al\u00e9m do eterno gato Tutuquinho, que virou estrela.\",\"sameAs\":[\"https:\\\/\\\/www.facebook.com\\\/renato.dias.37\",\"#breve\",\"https:\\\/\\\/renatodias.tumblr.com\\\/\"],\"url\":\"https:\\\/\\\/renatodias.online\\\/movimento\\\/author\\\/renatodias\\\/\"}]}<\/script>\n<!-- \/ Yoast SEO plugin. -->","yoast_head_json":{"title":"Pelo fim da taxa do agro -","robots":{"index":"index","follow":"follow","max-snippet":"max-snippet:-1","max-image-preview":"max-image-preview:large","max-video-preview":"max-video-preview:-1"},"canonical":"https:\/\/renatodias.online\/movimento\/2025\/08\/11\/pelo-fim-da-taxa-do-agro\/","og_locale":"pt_BR","og_type":"article","og_title":"Pelo fim da taxa do agro -","og_description":"Renato Dias Projeto de lei e autoria do deputado estadual Gustavo Sebba [PSDB] prop\u00f5e, hoje, a revoga\u00e7\u00e3o do dispositivo da Lei n\u00ba 21.670\/2022. Medida que criou o Fundo Estadual de Infraestrutura [Fundeinfra]. A proposta, \u00e9 impedir que os Estados Unidos apliquem sobretaxas de at\u00e9 50% sobre produtos brasileiros. Os exportados por Goi\u00e1s, explica a renatodias.online.","og_url":"https:\/\/renatodias.online\/movimento\/2025\/08\/11\/pelo-fim-da-taxa-do-agro\/","article_publisher":"https:\/\/www.facebook.com\/renato.dias.37","article_author":"https:\/\/www.facebook.com\/renato.dias.37","article_published_time":"2025-08-11T19:24:43+00:00","article_modified_time":"2025-08-11T19:24:44+00:00","og_image":[{"width":700,"height":700,"url":"https:\/\/renatodias.online\/movimento\/wp-content\/uploads\/2025\/08\/1_20250811_123411_0000-e1754939931502.png","type":"image\/png"}],"author":"Renato Dias","twitter_card":"summary_large_image","twitter_creator":"@RenatoDiasBat","twitter_site":"@RenatoDiasBat","twitter_misc":{"Escrito por":"Renato Dias","Est. tempo de leitura":"2 minutos"},"schema":{"@context":"https:\/\/schema.org","@graph":[{"@type":"Article","@id":"https:\/\/renatodias.online\/movimento\/2025\/08\/11\/pelo-fim-da-taxa-do-agro\/#article","isPartOf":{"@id":"https:\/\/renatodias.online\/movimento\/2025\/08\/11\/pelo-fim-da-taxa-do-agro\/"},"author":{"name":"Renato Dias","@id":"https:\/\/renatodias.online\/movimento\/#\/schema\/person\/bbab28833b1725a20f4083f49f1fb2a9"},"headline":"Pelo fim da taxa do agro","datePublished":"2025-08-11T19:24:43+00:00","dateModified":"2025-08-11T19:24:44+00:00","mainEntityOfPage":{"@id":"https:\/\/renatodias.online\/movimento\/2025\/08\/11\/pelo-fim-da-taxa-do-agro\/"},"wordCount":182,"commentCount":0,"publisher":{"@id":"https:\/\/renatodias.online\/movimento\/#\/schema\/person\/bbab28833b1725a20f4083f49f1fb2a9"},"image":{"@id":"https:\/\/renatodias.online\/movimento\/2025\/08\/11\/pelo-fim-da-taxa-do-agro\/#primaryimage"},"thumbnailUrl":"https:\/\/renatodias.online\/movimento\/wp-content\/uploads\/2025\/08\/1_20250811_123411_0000-e1754939931502.png","articleSection":["Pol\u00edtica"],"inLanguage":"pt-BR","potentialAction":[{"@type":"CommentAction","name":"Comment","target":["https:\/\/renatodias.online\/movimento\/2025\/08\/11\/pelo-fim-da-taxa-do-agro\/#respond"]}]},{"@type":"WebPage","@id":"https:\/\/renatodias.online\/movimento\/2025\/08\/11\/pelo-fim-da-taxa-do-agro\/","url":"https:\/\/renatodias.online\/movimento\/2025\/08\/11\/pelo-fim-da-taxa-do-agro\/","name":"Pelo fim da taxa do agro -","isPartOf":{"@id":"https:\/\/renatodias.online\/movimento\/#website"},"primaryImageOfPage":{"@id":"https:\/\/renatodias.online\/movimento\/2025\/08\/11\/pelo-fim-da-taxa-do-agro\/#primaryimage"},"image":{"@id":"https:\/\/renatodias.online\/movimento\/2025\/08\/11\/pelo-fim-da-taxa-do-agro\/#primaryimage"},"thumbnailUrl":"https:\/\/renatodias.online\/movimento\/wp-content\/uploads\/2025\/08\/1_20250811_123411_0000-e1754939931502.png","datePublished":"2025-08-11T19:24:43+00:00","dateModified":"2025-08-11T19:24:44+00:00","breadcrumb":{"@id":"https:\/\/renatodias.online\/movimento\/2025\/08\/11\/pelo-fim-da-taxa-do-agro\/#breadcrumb"},"inLanguage":"pt-BR","potentialAction":[{"@type":"ReadAction","target":["https:\/\/renatodias.online\/movimento\/2025\/08\/11\/pelo-fim-da-taxa-do-agro\/"]}]},{"@type":"ImageObject","inLanguage":"pt-BR","@id":"https:\/\/renatodias.online\/movimento\/2025\/08\/11\/pelo-fim-da-taxa-do-agro\/#primaryimage","url":"https:\/\/renatodias.online\/movimento\/wp-content\/uploads\/2025\/08\/1_20250811_123411_0000-e1754939931502.png","contentUrl":"https:\/\/renatodias.online\/movimento\/wp-content\/uploads\/2025\/08\/1_20250811_123411_0000-e1754939931502.png","width":700,"height":700},{"@type":"BreadcrumbList","@id":"https:\/\/renatodias.online\/movimento\/2025\/08\/11\/pelo-fim-da-taxa-do-agro\/#breadcrumb","itemListElement":[{"@type":"ListItem","position":1,"name":"In\u00edcio","item":"https:\/\/renatodias.online\/movimento\/"},{"@type":"ListItem","position":2,"name":"Pelo fim da taxa do agro"}]},{"@type":"WebSite","@id":"https:\/\/renatodias.online\/movimento\/#website","url":"https:\/\/renatodias.online\/movimento\/","name":"","description":"","publisher":{"@id":"https:\/\/renatodias.online\/movimento\/#\/schema\/person\/bbab28833b1725a20f4083f49f1fb2a9"},"potentialAction":[{"@type":"SearchAction","target":{"@type":"EntryPoint","urlTemplate":"https:\/\/renatodias.online\/movimento\/?s={search_term_string}"},"query-input":{"@type":"PropertyValueSpecification","valueRequired":true,"valueName":"search_term_string"}}],"inLanguage":"pt-BR"},{"@type":["Person","Organization"],"@id":"https:\/\/renatodias.online\/movimento\/#\/schema\/person\/bbab28833b1725a20f4083f49f1fb2a9","name":"Renato Dias","image":{"@type":"ImageObject","inLanguage":"pt-BR","@id":"https:\/\/renatodias.online\/movimento\/wp-content\/uploads\/2023\/03\/cropped-cropped-cropped-logofinal.jpeg","url":"https:\/\/renatodias.online\/movimento\/wp-content\/uploads\/2023\/03\/cropped-cropped-cropped-logofinal.jpeg","contentUrl":"https:\/\/renatodias.online\/movimento\/wp-content\/uploads\/2023\/03\/cropped-cropped-cropped-logofinal.jpeg","width":1280,"height":219,"caption":"Renato Dias"},"logo":{"@id":"https:\/\/renatodias.online\/movimento\/wp-content\/uploads\/2023\/03\/cropped-cropped-cropped-logofinal.jpeg"},"description":"Renato Dias, 58 anos, \u00e9 graduado em Jornalismo, formado em Ci\u00eancias Sociais, com p\u00f3s-gradua\u00e7\u00e3o em Pol\u00edticas P\u00fablicas, mestre em Direito e Rela\u00e7\u00f5es Internacionais, ex-aluno extraordin\u00e1rio do Doutorado em Psicologia Social, ex-estudante do Curso de Psican\u00e1lise do Centro de Estudos Psicanal\u00edticos do Estado de Goi\u00e1s, ministrado pelo m\u00e9dico psiquiatra e psicanalista Daniel Em\u00eddio de Souza. \u00c9 autor de 30 livros-reportagem, oito document\u00e1rios, ganhou 30 pr\u00eamios e \u00e9 torcedor apaixonado do maior do Centro-Oeste, o Vila Nova Futebol Clube. Casado com Meirilane Dias, \u00e9 pai de Juliana Dias, jornalista; Daniel Dias, economista; e Maria Rosa Dias, estudante antifascista, socialista e trotskista.\u00a0Com tr\u00eas pets: Porquinho [Bull Dog Franc\u00eas], Dalila [Basset Hound] e Geleia [Basset Hound]. Al\u00e9m do eterno gato Tutuquinho, que virou estrela.","sameAs":["https:\/\/www.facebook.com\/renato.dias.37","#breve","https:\/\/renatodias.tumblr.com\/"],"url":"https:\/\/renatodias.online\/movimento\/author\/renatodias\/"}]}},"_links":{"self":[{"href":"https:\/\/renatodias.online\/movimento\/wp-json\/wp\/v2\/posts\/21287","targetHints":{"allow":["GET"]}}],"collection":[{"href":"https:\/\/renatodias.online\/movimento\/wp-json\/wp\/v2\/posts"}],"about":[{"href":"https:\/\/renatodias.online\/movimento\/wp-json\/wp\/v2\/types\/post"}],"author":[{"embeddable":true,"href":"https:\/\/renatodias.online\/movimento\/wp-json\/wp\/v2\/users\/2"}],"replies":[{"embeddable":true,"href":"https:\/\/renatodias.online\/movimento\/wp-json\/wp\/v2\/comments?post=21287"}],"version-history":[{"count":1,"href":"https:\/\/renatodias.online\/movimento\/wp-json\/wp\/v2\/posts\/21287\/revisions"}],"predecessor-version":[{"id":21289,"href":"https:\/\/renatodias.online\/movimento\/wp-json\/wp\/v2\/posts\/21287\/revisions\/21289"}],"wp:featuredmedia":[{"embeddable":true,"href":"https:\/\/renatodias.online\/movimento\/wp-json\/wp\/v2\/media\/21288"}],"wp:attachment":[{"href":"https:\/\/renatodias.online\/movimento\/wp-json\/wp\/v2\/media?parent=21287"}],"wp:term":[{"taxonomy":"category","embeddable":true,"href":"https:\/\/renatodias.online\/movimento\/wp-json\/wp\/v2\/categories?post=21287"},{"taxonomy":"post_tag","embeddable":true,"href":"https:\/\/renatodias.online\/movimento\/wp-json\/wp\/v2\/tags?post=21287"}],"curies":[{"name":"wp","href":"https:\/\/api.w.org\/{rel}","templated":true}]}}