{"id":20999,"date":"2025-07-21T12:30:35","date_gmt":"2025-07-21T15:30:35","guid":{"rendered":"https:\/\/renatodias.online\/movimento\/?p=20999"},"modified":"2025-07-21T12:30:36","modified_gmt":"2025-07-21T15:30:36","slug":"censura-sob-a-ditadura","status":"publish","type":"post","link":"https:\/\/renatodias.online\/movimento\/2025\/07\/21\/censura-sob-a-ditadura\/","title":{"rendered":"Censura\u00a0 sob  a ditadura"},"content":{"rendered":"\n<p class=\"has-text-align-center\"><strong><mark style=\"background-color:rgba(0, 0, 0, 0)\" class=\"has-inline-color has-vivid-purple-color\">Cineasta Edson Nunes em ascens\u00e3o\u00a0<\/mark><\/strong><\/p>\n\n\n\n<figure class=\"wp-block-audio\"><audio controls src=\"https:\/\/renatodias.online\/movimento\/wp-content\/uploads\/2024\/02\/AUD-20240202-WA0029-online-audio-converter.com_.mp3\"><\/audio><figcaption class=\"wp-element-caption\"><strong>Apesar de voc\u00ea amanh\u00e3 h\u00e1 de ser outro dia, Chico Buarque<\/strong><\/figcaption><\/figure>\n\n\n\n<p class=\"has-text-align-center\"><strong><mark style=\"background-color:rgba(0, 0, 0, 0)\" class=\"has-inline-color has-vivid-red-color\">Renato Dias<\/mark>&nbsp;<\/strong><\/p>\n\n\n\n<p><strong>O filme document\u00e1rio Censura, uma hist\u00f3ria sem fim 2 foi agraciado com o pr\u00eamio de melhor dire\u00e7\u00e3o no Cine Fest Santana realizado em An\u00e1polis, Goi\u00e1s.<\/strong><\/p>\n\n\n\n<figure class=\"wp-block-image aligncenter size-full\"><img loading=\"lazy\" decoding=\"async\" width=\"400\" height=\"217\" src=\"https:\/\/renatodias.online\/movimento\/wp-content\/uploads\/2025\/07\/Screenshot_2025-07-21-11-44-29-906_com.android.chrome-edit-e1753111141276.jpg\" alt=\"\" class=\"wp-image-21004\" srcset=\"https:\/\/renatodias.online\/movimento\/wp-content\/uploads\/2025\/07\/Screenshot_2025-07-21-11-44-29-906_com.android.chrome-edit-e1753111141276.jpg 400w, https:\/\/renatodias.online\/movimento\/wp-content\/uploads\/2025\/07\/Screenshot_2025-07-21-11-44-29-906_com.android.chrome-edit-e1753111141276-300x163.jpg 300w, https:\/\/renatodias.online\/movimento\/wp-content\/uploads\/2025\/07\/Screenshot_2025-07-21-11-44-29-906_com.android.chrome-edit-e1753111141276-150x81.jpg 150w\" sizes=\"auto, (max-width: 400px) 100vw, 400px\" \/><figcaption class=\"wp-element-caption\"><strong>Iuri Rinc\u00f3n Godinho<\/strong><\/figcaption><\/figure>\n\n\n\n<p><strong>A produ\u00e7\u00e3o cinematogr\u00e1fica tem a assinatura do cineasta e jornalista Edson Nunes. Ela conta uma s\u00e9rie de crimes sob a ditadura civil e militar no Brasil.<\/strong><\/p>\n\n\n\n<figure class=\"wp-block-image aligncenter size-full\"><img loading=\"lazy\" decoding=\"async\" width=\"400\" height=\"238\" src=\"https:\/\/renatodias.online\/movimento\/wp-content\/uploads\/2025\/07\/Screenshot_2025-07-21-11-46-15-397_com.android.chrome-edit-e1753111164636.jpg\" alt=\"\" class=\"wp-image-21005\" srcset=\"https:\/\/renatodias.online\/movimento\/wp-content\/uploads\/2025\/07\/Screenshot_2025-07-21-11-46-15-397_com.android.chrome-edit-e1753111164636.jpg 400w, https:\/\/renatodias.online\/movimento\/wp-content\/uploads\/2025\/07\/Screenshot_2025-07-21-11-46-15-397_com.android.chrome-edit-e1753111164636-300x179.jpg 300w, https:\/\/renatodias.online\/movimento\/wp-content\/uploads\/2025\/07\/Screenshot_2025-07-21-11-46-15-397_com.android.chrome-edit-e1753111164636-150x89.jpg 150w\" sizes=\"auto, (max-width: 400px) 100vw, 400px\" \/><figcaption class=\"wp-element-caption\"><strong>Valterli Guedes<\/strong><\/figcaption><\/figure>\n\n\n\n<p><strong>O doc traz depoimentos de Valterli Leite Guedes, Ulisses Aesse, Iuri Godinho, Laurenice Noleto, Renato Dias. Tempos sombrios. De vil repress\u00e3o e censura.<\/strong><\/p>\n\n\n\n<figure class=\"wp-block-image aligncenter size-full\"><img loading=\"lazy\" decoding=\"async\" width=\"400\" height=\"231\" src=\"https:\/\/renatodias.online\/movimento\/wp-content\/uploads\/2025\/07\/Screenshot_2025-07-21-11-44-04-676_com.android.chrome-edit-e1753111094694.jpg\" alt=\"\" class=\"wp-image-21002\" srcset=\"https:\/\/renatodias.online\/movimento\/wp-content\/uploads\/2025\/07\/Screenshot_2025-07-21-11-44-04-676_com.android.chrome-edit-e1753111094694.jpg 400w, https:\/\/renatodias.online\/movimento\/wp-content\/uploads\/2025\/07\/Screenshot_2025-07-21-11-44-04-676_com.android.chrome-edit-e1753111094694-300x173.jpg 300w, https:\/\/renatodias.online\/movimento\/wp-content\/uploads\/2025\/07\/Screenshot_2025-07-21-11-44-04-676_com.android.chrome-edit-e1753111094694-150x87.jpg 150w\" sizes=\"auto, (max-width: 400px) 100vw, 400px\" \/><figcaption class=\"wp-element-caption\"><strong>Laurenice Noleto<\/strong><\/figcaption><\/figure>\n\n\n\n<figure class=\"wp-block-image aligncenter size-full\"><img loading=\"lazy\" decoding=\"async\" width=\"150\" height=\"70\" src=\"https:\/\/renatodias.online\/movimento\/wp-content\/uploads\/2024\/03\/Saiba-mais-e1710783943468.png\" alt=\"\" class=\"wp-image-19880\"\/><\/figure>\n\n\n\n<p><strong>Em tempo: um cinema de combate. Mais do que uma c\u00e2mera nas m\u00e3os e uma ideia na cabe\u00e7a. O diretor Edson Nunes \u00e9 uma estrela em ascens\u00e3o nacional.<\/strong><\/p>\n\n\n\n<figure class=\"wp-block-image aligncenter size-full\"><img loading=\"lazy\" decoding=\"async\" width=\"400\" height=\"231\" src=\"https:\/\/renatodias.online\/movimento\/wp-content\/uploads\/2025\/07\/Screenshot_2025-07-21-11-45-46-347_com.android.chrome-edit-e1753111120427.jpg\" alt=\"\" class=\"wp-image-21003\" srcset=\"https:\/\/renatodias.online\/movimento\/wp-content\/uploads\/2025\/07\/Screenshot_2025-07-21-11-45-46-347_com.android.chrome-edit-e1753111120427.jpg 400w, https:\/\/renatodias.online\/movimento\/wp-content\/uploads\/2025\/07\/Screenshot_2025-07-21-11-45-46-347_com.android.chrome-edit-e1753111120427-300x173.jpg 300w, https:\/\/renatodias.online\/movimento\/wp-content\/uploads\/2025\/07\/Screenshot_2025-07-21-11-45-46-347_com.android.chrome-edit-e1753111120427-150x87.jpg 150w\" sizes=\"auto, (max-width: 400px) 100vw, 400px\" \/><figcaption class=\"wp-element-caption\"><strong>Ulisses Aesse<\/strong><\/figcaption><\/figure>\n\n\n\n<p><strong>Veja: o realizador fez uma homenagem visceral para Ismael Silva de Jesus [PCB]. Secundarista assassinado em 9 de agosto de 1972. Dentro do 10\u00b0 BC [EB].<\/strong><\/p>\n\n\n\n<figure class=\"wp-block-image aligncenter size-full\"><img loading=\"lazy\" decoding=\"async\" width=\"100\" height=\"71\" src=\"https:\/\/renatodias.online\/movimento\/wp-content\/uploads\/2023\/08\/Sangue-1-e1710526772650.jpg\" alt=\"\" class=\"wp-image-17742\"\/><\/figure>\n","protected":false},"excerpt":{"rendered":"<p>Cineasta Edson Nunes em ascens\u00e3o\u00a0 Renato Dias&nbsp; O filme document\u00e1rio Censura, uma hist\u00f3ria sem fim 2 foi agraciado com o pr\u00eamio de melhor dire\u00e7\u00e3o no Cine Fest Santana realizado em An\u00e1polis, Goi\u00e1s. A produ\u00e7\u00e3o cinematogr\u00e1fica tem a assinatura do cineasta e jornalista Edson Nunes. Ela conta uma s\u00e9rie de crimes sob a ditadura civil e<\/p>\n","protected":false},"author":2,"featured_media":21006,"comment_status":"open","ping_status":"open","sticky":false,"template":"","format":"standard","meta":{"_acf_changed":false,"_monsterinsights_skip_tracking":false,"_monsterinsights_sitenote_active":false,"_monsterinsights_sitenote_note":"","_monsterinsights_sitenote_category":0,"footnotes":""},"categories":[4],"tags":[],"class_list":["post-20999","post","type-post","status-publish","format-standard","has-post-thumbnail","hentry","category-politica"],"acf":[],"yoast_head":"<!-- This site is optimized with the Yoast SEO plugin v27.4 - https:\/\/yoast.com\/product\/yoast-seo-wordpress\/ -->\n<title>Censura\u00a0 sob a ditadura -<\/title>\n<meta name=\"robots\" content=\"index, follow, max-snippet:-1, max-image-preview:large, max-video-preview:-1\" \/>\n<link rel=\"canonical\" href=\"https:\/\/renatodias.online\/movimento\/2025\/07\/21\/censura-sob-a-ditadura\/\" \/>\n<meta property=\"og:locale\" content=\"pt_BR\" \/>\n<meta property=\"og:type\" content=\"article\" \/>\n<meta property=\"og:title\" content=\"Censura\u00a0 sob a ditadura -\" \/>\n<meta property=\"og:description\" content=\"Cineasta Edson Nunes em ascens\u00e3o\u00a0 Renato Dias&nbsp; O filme document\u00e1rio Censura, uma hist\u00f3ria sem fim 2 foi agraciado com o pr\u00eamio de melhor dire\u00e7\u00e3o no Cine Fest Santana realizado em An\u00e1polis, Goi\u00e1s. A produ\u00e7\u00e3o cinematogr\u00e1fica tem a assinatura do cineasta e jornalista Edson Nunes. Ela conta uma s\u00e9rie de crimes sob a ditadura civil e\" \/>\n<meta property=\"og:url\" content=\"https:\/\/renatodias.online\/movimento\/2025\/07\/21\/censura-sob-a-ditadura\/\" \/>\n<meta property=\"article:publisher\" content=\"https:\/\/www.facebook.com\/renato.dias.37\" \/>\n<meta property=\"article:author\" content=\"https:\/\/www.facebook.com\/renato.dias.37\" \/>\n<meta property=\"article:published_time\" content=\"2025-07-21T15:30:35+00:00\" \/>\n<meta property=\"article:modified_time\" content=\"2025-07-21T15:30:36+00:00\" \/>\n<meta property=\"og:image\" content=\"https:\/\/renatodias.online\/movimento\/wp-content\/uploads\/2025\/07\/Aprenda-a-cuidar-do-seu-cabelo-como-um-profissional-facebook-post_20250721_115402_00001-e1753111699342.png\" \/>\n\t<meta property=\"og:image:width\" content=\"700\" \/>\n\t<meta property=\"og:image:height\" content=\"587\" \/>\n\t<meta property=\"og:image:type\" content=\"image\/png\" \/>\n<meta name=\"author\" content=\"Renato Dias\" \/>\n<meta name=\"twitter:card\" content=\"summary_large_image\" \/>\n<meta name=\"twitter:creator\" content=\"@RenatoDiasBat\" \/>\n<meta name=\"twitter:site\" content=\"@RenatoDiasBat\" \/>\n<meta name=\"twitter:label1\" content=\"Escrito por\" \/>\n\t<meta name=\"twitter:data1\" content=\"Renato Dias\" \/>\n\t<meta name=\"twitter:label2\" content=\"Est. tempo de leitura\" \/>\n\t<meta name=\"twitter:data2\" content=\"3 minutos\" \/>\n<script type=\"application\/ld+json\" class=\"yoast-schema-graph\">{\"@context\":\"https:\\\/\\\/schema.org\",\"@graph\":[{\"@type\":\"Article\",\"@id\":\"https:\\\/\\\/renatodias.online\\\/movimento\\\/2025\\\/07\\\/21\\\/censura-sob-a-ditadura\\\/#article\",\"isPartOf\":{\"@id\":\"https:\\\/\\\/renatodias.online\\\/movimento\\\/2025\\\/07\\\/21\\\/censura-sob-a-ditadura\\\/\"},\"author\":{\"name\":\"Renato Dias\",\"@id\":\"https:\\\/\\\/renatodias.online\\\/movimento\\\/#\\\/schema\\\/person\\\/bbab28833b1725a20f4083f49f1fb2a9\"},\"headline\":\"Censura\u00a0 sob a ditadura\",\"datePublished\":\"2025-07-21T15:30:35+00:00\",\"dateModified\":\"2025-07-21T15:30:36+00:00\",\"mainEntityOfPage\":{\"@id\":\"https:\\\/\\\/renatodias.online\\\/movimento\\\/2025\\\/07\\\/21\\\/censura-sob-a-ditadura\\\/\"},\"wordCount\":171,\"commentCount\":0,\"publisher\":{\"@id\":\"https:\\\/\\\/renatodias.online\\\/movimento\\\/#\\\/schema\\\/person\\\/bbab28833b1725a20f4083f49f1fb2a9\"},\"image\":{\"@id\":\"https:\\\/\\\/renatodias.online\\\/movimento\\\/2025\\\/07\\\/21\\\/censura-sob-a-ditadura\\\/#primaryimage\"},\"thumbnailUrl\":\"https:\\\/\\\/renatodias.online\\\/movimento\\\/wp-content\\\/uploads\\\/2025\\\/07\\\/Aprenda-a-cuidar-do-seu-cabelo-como-um-profissional-facebook-post_20250721_115402_00001-e1753111699342.png\",\"articleSection\":[\"Pol\u00edtica\"],\"inLanguage\":\"pt-BR\",\"potentialAction\":[{\"@type\":\"CommentAction\",\"name\":\"Comment\",\"target\":[\"https:\\\/\\\/renatodias.online\\\/movimento\\\/2025\\\/07\\\/21\\\/censura-sob-a-ditadura\\\/#respond\"]}]},{\"@type\":\"WebPage\",\"@id\":\"https:\\\/\\\/renatodias.online\\\/movimento\\\/2025\\\/07\\\/21\\\/censura-sob-a-ditadura\\\/\",\"url\":\"https:\\\/\\\/renatodias.online\\\/movimento\\\/2025\\\/07\\\/21\\\/censura-sob-a-ditadura\\\/\",\"name\":\"Censura\u00a0 sob a ditadura -\",\"isPartOf\":{\"@id\":\"https:\\\/\\\/renatodias.online\\\/movimento\\\/#website\"},\"primaryImageOfPage\":{\"@id\":\"https:\\\/\\\/renatodias.online\\\/movimento\\\/2025\\\/07\\\/21\\\/censura-sob-a-ditadura\\\/#primaryimage\"},\"image\":{\"@id\":\"https:\\\/\\\/renatodias.online\\\/movimento\\\/2025\\\/07\\\/21\\\/censura-sob-a-ditadura\\\/#primaryimage\"},\"thumbnailUrl\":\"https:\\\/\\\/renatodias.online\\\/movimento\\\/wp-content\\\/uploads\\\/2025\\\/07\\\/Aprenda-a-cuidar-do-seu-cabelo-como-um-profissional-facebook-post_20250721_115402_00001-e1753111699342.png\",\"datePublished\":\"2025-07-21T15:30:35+00:00\",\"dateModified\":\"2025-07-21T15:30:36+00:00\",\"breadcrumb\":{\"@id\":\"https:\\\/\\\/renatodias.online\\\/movimento\\\/2025\\\/07\\\/21\\\/censura-sob-a-ditadura\\\/#breadcrumb\"},\"inLanguage\":\"pt-BR\",\"potentialAction\":[{\"@type\":\"ReadAction\",\"target\":[\"https:\\\/\\\/renatodias.online\\\/movimento\\\/2025\\\/07\\\/21\\\/censura-sob-a-ditadura\\\/\"]}]},{\"@type\":\"ImageObject\",\"inLanguage\":\"pt-BR\",\"@id\":\"https:\\\/\\\/renatodias.online\\\/movimento\\\/2025\\\/07\\\/21\\\/censura-sob-a-ditadura\\\/#primaryimage\",\"url\":\"https:\\\/\\\/renatodias.online\\\/movimento\\\/wp-content\\\/uploads\\\/2025\\\/07\\\/Aprenda-a-cuidar-do-seu-cabelo-como-um-profissional-facebook-post_20250721_115402_00001-e1753111699342.png\",\"contentUrl\":\"https:\\\/\\\/renatodias.online\\\/movimento\\\/wp-content\\\/uploads\\\/2025\\\/07\\\/Aprenda-a-cuidar-do-seu-cabelo-como-um-profissional-facebook-post_20250721_115402_00001-e1753111699342.png\",\"width\":700,\"height\":587},{\"@type\":\"BreadcrumbList\",\"@id\":\"https:\\\/\\\/renatodias.online\\\/movimento\\\/2025\\\/07\\\/21\\\/censura-sob-a-ditadura\\\/#breadcrumb\",\"itemListElement\":[{\"@type\":\"ListItem\",\"position\":1,\"name\":\"In\u00edcio\",\"item\":\"https:\\\/\\\/renatodias.online\\\/movimento\\\/\"},{\"@type\":\"ListItem\",\"position\":2,\"name\":\"Censura\u00a0 sob a ditadura\"}]},{\"@type\":\"WebSite\",\"@id\":\"https:\\\/\\\/renatodias.online\\\/movimento\\\/#website\",\"url\":\"https:\\\/\\\/renatodias.online\\\/movimento\\\/\",\"name\":\"\",\"description\":\"\",\"publisher\":{\"@id\":\"https:\\\/\\\/renatodias.online\\\/movimento\\\/#\\\/schema\\\/person\\\/bbab28833b1725a20f4083f49f1fb2a9\"},\"potentialAction\":[{\"@type\":\"SearchAction\",\"target\":{\"@type\":\"EntryPoint\",\"urlTemplate\":\"https:\\\/\\\/renatodias.online\\\/movimento\\\/?s={search_term_string}\"},\"query-input\":{\"@type\":\"PropertyValueSpecification\",\"valueRequired\":true,\"valueName\":\"search_term_string\"}}],\"inLanguage\":\"pt-BR\"},{\"@type\":[\"Person\",\"Organization\"],\"@id\":\"https:\\\/\\\/renatodias.online\\\/movimento\\\/#\\\/schema\\\/person\\\/bbab28833b1725a20f4083f49f1fb2a9\",\"name\":\"Renato Dias\",\"image\":{\"@type\":\"ImageObject\",\"inLanguage\":\"pt-BR\",\"@id\":\"https:\\\/\\\/renatodias.online\\\/movimento\\\/wp-content\\\/uploads\\\/2023\\\/03\\\/cropped-cropped-cropped-logofinal.jpeg\",\"url\":\"https:\\\/\\\/renatodias.online\\\/movimento\\\/wp-content\\\/uploads\\\/2023\\\/03\\\/cropped-cropped-cropped-logofinal.jpeg\",\"contentUrl\":\"https:\\\/\\\/renatodias.online\\\/movimento\\\/wp-content\\\/uploads\\\/2023\\\/03\\\/cropped-cropped-cropped-logofinal.jpeg\",\"width\":1280,\"height\":219,\"caption\":\"Renato Dias\"},\"logo\":{\"@id\":\"https:\\\/\\\/renatodias.online\\\/movimento\\\/wp-content\\\/uploads\\\/2023\\\/03\\\/cropped-cropped-cropped-logofinal.jpeg\"},\"description\":\"Renato Dias, 58 anos, \u00e9 graduado em Jornalismo, formado em Ci\u00eancias Sociais, com p\u00f3s-gradua\u00e7\u00e3o em Pol\u00edticas P\u00fablicas, mestre em Direito e Rela\u00e7\u00f5es Internacionais, ex-aluno extraordin\u00e1rio do Doutorado em Psicologia Social, ex-estudante do Curso de Psican\u00e1lise do Centro de Estudos Psicanal\u00edticos do Estado de Goi\u00e1s, ministrado pelo m\u00e9dico psiquiatra e psicanalista Daniel Em\u00eddio de Souza. \u00c9 autor de 30 livros-reportagem, oito document\u00e1rios, ganhou 30 pr\u00eamios e \u00e9 torcedor apaixonado do maior do Centro-Oeste, o Vila Nova Futebol Clube. Casado com Meirilane Dias, \u00e9 pai de Juliana Dias, jornalista; Daniel Dias, economista; e Maria Rosa Dias, estudante antifascista, socialista e trotskista.\u00a0Com tr\u00eas pets: Porquinho [Bull Dog Franc\u00eas], Dalila [Basset Hound] e Geleia [Basset Hound]. Al\u00e9m do eterno gato Tutuquinho, que virou estrela.\",\"sameAs\":[\"https:\\\/\\\/www.facebook.com\\\/renato.dias.37\",\"#breve\",\"https:\\\/\\\/renatodias.tumblr.com\\\/\"],\"url\":\"https:\\\/\\\/renatodias.online\\\/movimento\\\/author\\\/renatodias\\\/\"}]}<\/script>\n<!-- \/ Yoast SEO plugin. -->","yoast_head_json":{"title":"Censura\u00a0 sob a ditadura -","robots":{"index":"index","follow":"follow","max-snippet":"max-snippet:-1","max-image-preview":"max-image-preview:large","max-video-preview":"max-video-preview:-1"},"canonical":"https:\/\/renatodias.online\/movimento\/2025\/07\/21\/censura-sob-a-ditadura\/","og_locale":"pt_BR","og_type":"article","og_title":"Censura\u00a0 sob a ditadura -","og_description":"Cineasta Edson Nunes em ascens\u00e3o\u00a0 Renato Dias&nbsp; O filme document\u00e1rio Censura, uma hist\u00f3ria sem fim 2 foi agraciado com o pr\u00eamio de melhor dire\u00e7\u00e3o no Cine Fest Santana realizado em An\u00e1polis, Goi\u00e1s. A produ\u00e7\u00e3o cinematogr\u00e1fica tem a assinatura do cineasta e jornalista Edson Nunes. Ela conta uma s\u00e9rie de crimes sob a ditadura civil e","og_url":"https:\/\/renatodias.online\/movimento\/2025\/07\/21\/censura-sob-a-ditadura\/","article_publisher":"https:\/\/www.facebook.com\/renato.dias.37","article_author":"https:\/\/www.facebook.com\/renato.dias.37","article_published_time":"2025-07-21T15:30:35+00:00","article_modified_time":"2025-07-21T15:30:36+00:00","og_image":[{"width":700,"height":587,"url":"https:\/\/renatodias.online\/movimento\/wp-content\/uploads\/2025\/07\/Aprenda-a-cuidar-do-seu-cabelo-como-um-profissional-facebook-post_20250721_115402_00001-e1753111699342.png","type":"image\/png"}],"author":"Renato Dias","twitter_card":"summary_large_image","twitter_creator":"@RenatoDiasBat","twitter_site":"@RenatoDiasBat","twitter_misc":{"Escrito por":"Renato Dias","Est. tempo de leitura":"3 minutos"},"schema":{"@context":"https:\/\/schema.org","@graph":[{"@type":"Article","@id":"https:\/\/renatodias.online\/movimento\/2025\/07\/21\/censura-sob-a-ditadura\/#article","isPartOf":{"@id":"https:\/\/renatodias.online\/movimento\/2025\/07\/21\/censura-sob-a-ditadura\/"},"author":{"name":"Renato Dias","@id":"https:\/\/renatodias.online\/movimento\/#\/schema\/person\/bbab28833b1725a20f4083f49f1fb2a9"},"headline":"Censura\u00a0 sob a ditadura","datePublished":"2025-07-21T15:30:35+00:00","dateModified":"2025-07-21T15:30:36+00:00","mainEntityOfPage":{"@id":"https:\/\/renatodias.online\/movimento\/2025\/07\/21\/censura-sob-a-ditadura\/"},"wordCount":171,"commentCount":0,"publisher":{"@id":"https:\/\/renatodias.online\/movimento\/#\/schema\/person\/bbab28833b1725a20f4083f49f1fb2a9"},"image":{"@id":"https:\/\/renatodias.online\/movimento\/2025\/07\/21\/censura-sob-a-ditadura\/#primaryimage"},"thumbnailUrl":"https:\/\/renatodias.online\/movimento\/wp-content\/uploads\/2025\/07\/Aprenda-a-cuidar-do-seu-cabelo-como-um-profissional-facebook-post_20250721_115402_00001-e1753111699342.png","articleSection":["Pol\u00edtica"],"inLanguage":"pt-BR","potentialAction":[{"@type":"CommentAction","name":"Comment","target":["https:\/\/renatodias.online\/movimento\/2025\/07\/21\/censura-sob-a-ditadura\/#respond"]}]},{"@type":"WebPage","@id":"https:\/\/renatodias.online\/movimento\/2025\/07\/21\/censura-sob-a-ditadura\/","url":"https:\/\/renatodias.online\/movimento\/2025\/07\/21\/censura-sob-a-ditadura\/","name":"Censura\u00a0 sob a ditadura -","isPartOf":{"@id":"https:\/\/renatodias.online\/movimento\/#website"},"primaryImageOfPage":{"@id":"https:\/\/renatodias.online\/movimento\/2025\/07\/21\/censura-sob-a-ditadura\/#primaryimage"},"image":{"@id":"https:\/\/renatodias.online\/movimento\/2025\/07\/21\/censura-sob-a-ditadura\/#primaryimage"},"thumbnailUrl":"https:\/\/renatodias.online\/movimento\/wp-content\/uploads\/2025\/07\/Aprenda-a-cuidar-do-seu-cabelo-como-um-profissional-facebook-post_20250721_115402_00001-e1753111699342.png","datePublished":"2025-07-21T15:30:35+00:00","dateModified":"2025-07-21T15:30:36+00:00","breadcrumb":{"@id":"https:\/\/renatodias.online\/movimento\/2025\/07\/21\/censura-sob-a-ditadura\/#breadcrumb"},"inLanguage":"pt-BR","potentialAction":[{"@type":"ReadAction","target":["https:\/\/renatodias.online\/movimento\/2025\/07\/21\/censura-sob-a-ditadura\/"]}]},{"@type":"ImageObject","inLanguage":"pt-BR","@id":"https:\/\/renatodias.online\/movimento\/2025\/07\/21\/censura-sob-a-ditadura\/#primaryimage","url":"https:\/\/renatodias.online\/movimento\/wp-content\/uploads\/2025\/07\/Aprenda-a-cuidar-do-seu-cabelo-como-um-profissional-facebook-post_20250721_115402_00001-e1753111699342.png","contentUrl":"https:\/\/renatodias.online\/movimento\/wp-content\/uploads\/2025\/07\/Aprenda-a-cuidar-do-seu-cabelo-como-um-profissional-facebook-post_20250721_115402_00001-e1753111699342.png","width":700,"height":587},{"@type":"BreadcrumbList","@id":"https:\/\/renatodias.online\/movimento\/2025\/07\/21\/censura-sob-a-ditadura\/#breadcrumb","itemListElement":[{"@type":"ListItem","position":1,"name":"In\u00edcio","item":"https:\/\/renatodias.online\/movimento\/"},{"@type":"ListItem","position":2,"name":"Censura\u00a0 sob a ditadura"}]},{"@type":"WebSite","@id":"https:\/\/renatodias.online\/movimento\/#website","url":"https:\/\/renatodias.online\/movimento\/","name":"","description":"","publisher":{"@id":"https:\/\/renatodias.online\/movimento\/#\/schema\/person\/bbab28833b1725a20f4083f49f1fb2a9"},"potentialAction":[{"@type":"SearchAction","target":{"@type":"EntryPoint","urlTemplate":"https:\/\/renatodias.online\/movimento\/?s={search_term_string}"},"query-input":{"@type":"PropertyValueSpecification","valueRequired":true,"valueName":"search_term_string"}}],"inLanguage":"pt-BR"},{"@type":["Person","Organization"],"@id":"https:\/\/renatodias.online\/movimento\/#\/schema\/person\/bbab28833b1725a20f4083f49f1fb2a9","name":"Renato Dias","image":{"@type":"ImageObject","inLanguage":"pt-BR","@id":"https:\/\/renatodias.online\/movimento\/wp-content\/uploads\/2023\/03\/cropped-cropped-cropped-logofinal.jpeg","url":"https:\/\/renatodias.online\/movimento\/wp-content\/uploads\/2023\/03\/cropped-cropped-cropped-logofinal.jpeg","contentUrl":"https:\/\/renatodias.online\/movimento\/wp-content\/uploads\/2023\/03\/cropped-cropped-cropped-logofinal.jpeg","width":1280,"height":219,"caption":"Renato Dias"},"logo":{"@id":"https:\/\/renatodias.online\/movimento\/wp-content\/uploads\/2023\/03\/cropped-cropped-cropped-logofinal.jpeg"},"description":"Renato Dias, 58 anos, \u00e9 graduado em Jornalismo, formado em Ci\u00eancias Sociais, com p\u00f3s-gradua\u00e7\u00e3o em Pol\u00edticas P\u00fablicas, mestre em Direito e Rela\u00e7\u00f5es Internacionais, ex-aluno extraordin\u00e1rio do Doutorado em Psicologia Social, ex-estudante do Curso de Psican\u00e1lise do Centro de Estudos Psicanal\u00edticos do Estado de Goi\u00e1s, ministrado pelo m\u00e9dico psiquiatra e psicanalista Daniel Em\u00eddio de Souza. \u00c9 autor de 30 livros-reportagem, oito document\u00e1rios, ganhou 30 pr\u00eamios e \u00e9 torcedor apaixonado do maior do Centro-Oeste, o Vila Nova Futebol Clube. Casado com Meirilane Dias, \u00e9 pai de Juliana Dias, jornalista; Daniel Dias, economista; e Maria Rosa Dias, estudante antifascista, socialista e trotskista.\u00a0Com tr\u00eas pets: Porquinho [Bull Dog Franc\u00eas], Dalila [Basset Hound] e Geleia [Basset Hound]. Al\u00e9m do eterno gato Tutuquinho, que virou estrela.","sameAs":["https:\/\/www.facebook.com\/renato.dias.37","#breve","https:\/\/renatodias.tumblr.com\/"],"url":"https:\/\/renatodias.online\/movimento\/author\/renatodias\/"}]}},"_links":{"self":[{"href":"https:\/\/renatodias.online\/movimento\/wp-json\/wp\/v2\/posts\/20999","targetHints":{"allow":["GET"]}}],"collection":[{"href":"https:\/\/renatodias.online\/movimento\/wp-json\/wp\/v2\/posts"}],"about":[{"href":"https:\/\/renatodias.online\/movimento\/wp-json\/wp\/v2\/types\/post"}],"author":[{"embeddable":true,"href":"https:\/\/renatodias.online\/movimento\/wp-json\/wp\/v2\/users\/2"}],"replies":[{"embeddable":true,"href":"https:\/\/renatodias.online\/movimento\/wp-json\/wp\/v2\/comments?post=20999"}],"version-history":[{"count":1,"href":"https:\/\/renatodias.online\/movimento\/wp-json\/wp\/v2\/posts\/20999\/revisions"}],"predecessor-version":[{"id":21007,"href":"https:\/\/renatodias.online\/movimento\/wp-json\/wp\/v2\/posts\/20999\/revisions\/21007"}],"wp:featuredmedia":[{"embeddable":true,"href":"https:\/\/renatodias.online\/movimento\/wp-json\/wp\/v2\/media\/21006"}],"wp:attachment":[{"href":"https:\/\/renatodias.online\/movimento\/wp-json\/wp\/v2\/media?parent=20999"}],"wp:term":[{"taxonomy":"category","embeddable":true,"href":"https:\/\/renatodias.online\/movimento\/wp-json\/wp\/v2\/categories?post=20999"},{"taxonomy":"post_tag","embeddable":true,"href":"https:\/\/renatodias.online\/movimento\/wp-json\/wp\/v2\/tags?post=20999"}],"curies":[{"name":"wp","href":"https:\/\/api.w.org\/{rel}","templated":true}]}}