{"id":20252,"date":"2024-05-01T15:33:24","date_gmt":"2024-05-01T18:33:24","guid":{"rendered":"https:\/\/renatodias.online\/movimento\/?p=20252"},"modified":"2024-05-01T15:33:25","modified_gmt":"2024-05-01T18:33:25","slug":"a-luta-e-permanente","status":"publish","type":"post","link":"https:\/\/renatodias.online\/movimento\/2024\/05\/01\/a-luta-e-permanente\/","title":{"rendered":"A luta \u00e9 permanente"},"content":{"rendered":"\n<figure class=\"wp-block-image aligncenter size-full\"><img loading=\"lazy\" decoding=\"async\" width=\"200\" height=\"200\" src=\"https:\/\/renatodias.online\/movimento\/wp-content\/uploads\/2022\/07\/Podcast.jpg\" alt=\"\" class=\"wp-image-13381\" srcset=\"https:\/\/renatodias.online\/movimento\/wp-content\/uploads\/2022\/07\/Podcast.jpg 200w, https:\/\/renatodias.online\/movimento\/wp-content\/uploads\/2022\/07\/Podcast-150x150.jpg 150w\" sizes=\"auto, (max-width: 200px) 100vw, 200px\" \/><\/figure>\n\n\n\n<figure class=\"wp-block-audio\"><audio controls src=\"https:\/\/renatodias.online\/movimento\/wp-content\/uploads\/2024\/05\/Audio-Aldo-Arantes-online-audio-converter.com_.mp3\"><\/audio><figcaption class=\"wp-element-caption\"><strong><mark style=\"background-color:rgba(0, 0, 0, 0)\" class=\"has-inline-color has-vivid-purple-color\">Aldo Arantes, de Lisboa, Portugal<\/mark><\/strong><\/figcaption><\/figure>\n\n\n\n<p class=\"has-text-align-center\"><strong><mark style=\"background-color:rgba(0, 0, 0, 0)\" class=\"has-inline-color has-vivid-red-color\">Renato Dias\u00a0<\/mark><\/strong><\/p>\n\n\n\n<p><strong>O ex-deputado federal Aldo Arantes [PC do B] testemunhou in loco, em Lisboa, a capital de Portugal, manifesta\u00e7\u00e3o em rever\u00eancia aos 50 anos da Revolu\u00e7\u00e3o dos Cravos.<\/strong><\/p>\n\n\n\n<figure class=\"wp-block-audio\"><audio controls src=\"https:\/\/renatodias.online\/movimento\/wp-content\/uploads\/2024\/04\/Zeca-Afonso-Grandola_-Vila-MorenaM4A_128K-online-audio-converter.com_.mp3\"><\/audio><figcaption class=\"wp-element-caption\"><strong><mark style=\"background-color:rgba(0, 0, 0, 0)\" class=\"has-inline-color has-vivid-green-cyan-color\">Grandola, Vila Morena _ Zeca Afonso<\/mark><\/strong><\/figcaption><\/figure>\n\n\n\n<figure class=\"wp-block-audio\"><audio controls src=\"https:\/\/renatodias.online\/movimento\/wp-content\/uploads\/2024\/04\/Tanto-Mar-Versao-OriginalM4A_128K-online-audio-converter.com_.mp3\"><\/audio><figcaption class=\"wp-element-caption\"><strong><mark style=\"background-color:rgba(0, 0, 0, 0)\" class=\"has-inline-color has-luminous-vivid-orange-color\">Tanto Mar, Chico Buarque [Sem os cortes da censura<\/mark><\/strong>]<\/figcaption><\/figure>\n\n\n\n<figure class=\"wp-block-image aligncenter size-full\"><img loading=\"lazy\" decoding=\"async\" width=\"400\" height=\"200\" src=\"https:\/\/renatodias.online\/movimento\/wp-content\/uploads\/2024\/05\/Revolucao-dos-Cravos-Aldo-Arantes-e1714587865281.jpg\" alt=\"\" class=\"wp-image-20244\" srcset=\"https:\/\/renatodias.online\/movimento\/wp-content\/uploads\/2024\/05\/Revolucao-dos-Cravos-Aldo-Arantes-e1714587865281.jpg 400w, https:\/\/renatodias.online\/movimento\/wp-content\/uploads\/2024\/05\/Revolucao-dos-Cravos-Aldo-Arantes-e1714587865281-300x150.jpg 300w, https:\/\/renatodias.online\/movimento\/wp-content\/uploads\/2024\/05\/Revolucao-dos-Cravos-Aldo-Arantes-e1714587865281-150x75.jpg 150w\" sizes=\"auto, (max-width: 400px) 100vw, 400px\" \/><\/figure>\n\n\n\n<p><strong>Capit\u00e3es das For\u00e7as Armadas, com tanques e fuzis, derrubaram em 25 de abril de 1974, a mais longeva ditadura civil e militar da Europa. Veja: com 48 anos de dura\u00e7\u00e3o.<\/strong><\/p>\n\n\n\n<figure class=\"wp-block-image aligncenter size-full\"><img loading=\"lazy\" decoding=\"async\" width=\"400\" height=\"200\" src=\"https:\/\/renatodias.online\/movimento\/wp-content\/uploads\/2024\/04\/A-Revolucao-dos-Cravos-1-e1714098439673.jpg\" alt=\"\" class=\"wp-image-20176\" srcset=\"https:\/\/renatodias.online\/movimento\/wp-content\/uploads\/2024\/04\/A-Revolucao-dos-Cravos-1-e1714098439673.jpg 400w, https:\/\/renatodias.online\/movimento\/wp-content\/uploads\/2024\/04\/A-Revolucao-dos-Cravos-1-e1714098439673-300x150.jpg 300w, https:\/\/renatodias.online\/movimento\/wp-content\/uploads\/2024\/04\/A-Revolucao-dos-Cravos-1-e1714098439673-150x75.jpg 150w\" sizes=\"auto, (max-width: 400px) 100vw, 400px\" \/><\/figure>\n\n\n\n<p><strong>Economista, de linhagens nacionalista e fascista, Ant\u00f4nio de Oliveira Salazar assume o poder em 1933, morre em 1970, e \u00e9 sucedido por Marcelo Caetano, que cai.<\/strong><\/p>\n\n\n\n<figure class=\"wp-block-image aligncenter size-full\"><img loading=\"lazy\" decoding=\"async\" width=\"400\" height=\"200\" src=\"https:\/\/renatodias.online\/movimento\/wp-content\/uploads\/2024\/04\/Antonio-de-Oliveira-Salazar-Portugal-e1714098508690.jpg\" alt=\"\" class=\"wp-image-20177\" srcset=\"https:\/\/renatodias.online\/movimento\/wp-content\/uploads\/2024\/04\/Antonio-de-Oliveira-Salazar-Portugal-e1714098508690.jpg 400w, https:\/\/renatodias.online\/movimento\/wp-content\/uploads\/2024\/04\/Antonio-de-Oliveira-Salazar-Portugal-e1714098508690-300x150.jpg 300w, https:\/\/renatodias.online\/movimento\/wp-content\/uploads\/2024\/04\/Antonio-de-Oliveira-Salazar-Portugal-e1714098508690-150x75.jpg 150w\" sizes=\"auto, (max-width: 400px) 100vw, 400px\" \/><\/figure>\n\n\n\n<figure class=\"wp-block-image aligncenter size-full\"><img loading=\"lazy\" decoding=\"async\" width=\"150\" height=\"93\" src=\"https:\/\/renatodias.online\/movimento\/wp-content\/uploads\/2020\/11\/Logo-Exclusivo-e1704564162266.jpg\" alt=\"\" class=\"wp-image-4887\"\/><\/figure>\n\n\n\n<figure class=\"wp-block-video\"><video controls src=\"https:\/\/renatodias.online\/movimento\/wp-content\/uploads\/2024\/05\/Video-Aldo-Arantes.mp4\"><\/video><\/figure>\n","protected":false},"excerpt":{"rendered":"<p>Renato Dias\u00a0 O ex-deputado federal Aldo Arantes [PC do B] testemunhou in loco, em Lisboa, a capital de Portugal, manifesta\u00e7\u00e3o em rever\u00eancia aos 50 anos da Revolu\u00e7\u00e3o dos Cravos. Capit\u00e3es das For\u00e7as Armadas, com tanques e fuzis, derrubaram em 25 de abril de 1974, a mais longeva ditadura civil e militar da Europa. Veja: com<\/p>\n","protected":false},"author":2,"featured_media":20232,"comment_status":"open","ping_status":"open","sticky":false,"template":"","format":"standard","meta":{"_acf_changed":false,"_monsterinsights_skip_tracking":false,"_monsterinsights_sitenote_active":false,"_monsterinsights_sitenote_note":"","_monsterinsights_sitenote_category":0,"footnotes":""},"categories":[57,160,36,4],"tags":[],"class_list":["post-20252","post","type-post","status-publish","format-standard","has-post-thumbnail","hentry","category-entrevista","category-historia","category-internacional","category-politica"],"acf":[],"yoast_head":"<!-- This site is optimized with the Yoast SEO plugin v27.4 - https:\/\/yoast.com\/product\/yoast-seo-wordpress\/ -->\n<title>A luta \u00e9 permanente -<\/title>\n<meta name=\"robots\" content=\"index, follow, max-snippet:-1, max-image-preview:large, max-video-preview:-1\" \/>\n<link rel=\"canonical\" href=\"https:\/\/renatodias.online\/movimento\/2024\/05\/01\/a-luta-e-permanente\/\" \/>\n<meta property=\"og:locale\" content=\"pt_BR\" \/>\n<meta property=\"og:type\" content=\"article\" \/>\n<meta property=\"og:title\" content=\"A luta \u00e9 permanente -\" \/>\n<meta property=\"og:description\" content=\"Renato Dias\u00a0 O ex-deputado federal Aldo Arantes [PC do B] testemunhou in loco, em Lisboa, a capital de Portugal, manifesta\u00e7\u00e3o em rever\u00eancia aos 50 anos da Revolu\u00e7\u00e3o dos Cravos. Capit\u00e3es das For\u00e7as Armadas, com tanques e fuzis, derrubaram em 25 de abril de 1974, a mais longeva ditadura civil e militar da Europa. Veja: com\" \/>\n<meta property=\"og:url\" content=\"https:\/\/renatodias.online\/movimento\/2024\/05\/01\/a-luta-e-permanente\/\" \/>\n<meta property=\"article:publisher\" content=\"https:\/\/www.facebook.com\/renato.dias.37\" \/>\n<meta property=\"article:author\" content=\"https:\/\/www.facebook.com\/renato.dias.37\" \/>\n<meta property=\"article:published_time\" content=\"2024-05-01T18:33:24+00:00\" \/>\n<meta property=\"article:modified_time\" content=\"2024-05-01T18:33:25+00:00\" \/>\n<meta property=\"og:image\" content=\"https:\/\/renatodias.online\/movimento\/wp-content\/uploads\/2024\/05\/Aldo-Arantes.jpg\" \/>\n\t<meta property=\"og:image:width\" content=\"800\" \/>\n\t<meta property=\"og:image:height\" content=\"533\" \/>\n\t<meta property=\"og:image:type\" content=\"image\/jpeg\" \/>\n<meta name=\"author\" content=\"Renato Dias\" \/>\n<meta name=\"twitter:card\" content=\"summary_large_image\" \/>\n<meta name=\"twitter:creator\" content=\"@RenatoDiasBat\" \/>\n<meta name=\"twitter:site\" content=\"@RenatoDiasBat\" \/>\n<meta name=\"twitter:label1\" content=\"Escrito por\" \/>\n\t<meta name=\"twitter:data1\" content=\"Renato Dias\" \/>\n\t<meta name=\"twitter:label2\" content=\"Est. tempo de leitura\" \/>\n\t<meta name=\"twitter:data2\" content=\"2 minutos\" \/>\n<script type=\"application\/ld+json\" class=\"yoast-schema-graph\">{\"@context\":\"https:\\\/\\\/schema.org\",\"@graph\":[{\"@type\":\"Article\",\"@id\":\"https:\\\/\\\/renatodias.online\\\/movimento\\\/2024\\\/05\\\/01\\\/a-luta-e-permanente\\\/#article\",\"isPartOf\":{\"@id\":\"https:\\\/\\\/renatodias.online\\\/movimento\\\/2024\\\/05\\\/01\\\/a-luta-e-permanente\\\/\"},\"author\":{\"name\":\"Renato Dias\",\"@id\":\"https:\\\/\\\/renatodias.online\\\/movimento\\\/#\\\/schema\\\/person\\\/bbab28833b1725a20f4083f49f1fb2a9\"},\"headline\":\"A luta \u00e9 permanente\",\"datePublished\":\"2024-05-01T18:33:24+00:00\",\"dateModified\":\"2024-05-01T18:33:25+00:00\",\"mainEntityOfPage\":{\"@id\":\"https:\\\/\\\/renatodias.online\\\/movimento\\\/2024\\\/05\\\/01\\\/a-luta-e-permanente\\\/\"},\"wordCount\":107,\"commentCount\":0,\"publisher\":{\"@id\":\"https:\\\/\\\/renatodias.online\\\/movimento\\\/#\\\/schema\\\/person\\\/bbab28833b1725a20f4083f49f1fb2a9\"},\"image\":{\"@id\":\"https:\\\/\\\/renatodias.online\\\/movimento\\\/2024\\\/05\\\/01\\\/a-luta-e-permanente\\\/#primaryimage\"},\"thumbnailUrl\":\"https:\\\/\\\/renatodias.online\\\/movimento\\\/wp-content\\\/uploads\\\/2024\\\/05\\\/Aldo-Arantes.jpg\",\"articleSection\":[\"Entrevista\",\"Hist\u00f3ria\",\"Internacional\",\"Pol\u00edtica\"],\"inLanguage\":\"pt-BR\",\"potentialAction\":[{\"@type\":\"CommentAction\",\"name\":\"Comment\",\"target\":[\"https:\\\/\\\/renatodias.online\\\/movimento\\\/2024\\\/05\\\/01\\\/a-luta-e-permanente\\\/#respond\"]}]},{\"@type\":\"WebPage\",\"@id\":\"https:\\\/\\\/renatodias.online\\\/movimento\\\/2024\\\/05\\\/01\\\/a-luta-e-permanente\\\/\",\"url\":\"https:\\\/\\\/renatodias.online\\\/movimento\\\/2024\\\/05\\\/01\\\/a-luta-e-permanente\\\/\",\"name\":\"A luta \u00e9 permanente -\",\"isPartOf\":{\"@id\":\"https:\\\/\\\/renatodias.online\\\/movimento\\\/#website\"},\"primaryImageOfPage\":{\"@id\":\"https:\\\/\\\/renatodias.online\\\/movimento\\\/2024\\\/05\\\/01\\\/a-luta-e-permanente\\\/#primaryimage\"},\"image\":{\"@id\":\"https:\\\/\\\/renatodias.online\\\/movimento\\\/2024\\\/05\\\/01\\\/a-luta-e-permanente\\\/#primaryimage\"},\"thumbnailUrl\":\"https:\\\/\\\/renatodias.online\\\/movimento\\\/wp-content\\\/uploads\\\/2024\\\/05\\\/Aldo-Arantes.jpg\",\"datePublished\":\"2024-05-01T18:33:24+00:00\",\"dateModified\":\"2024-05-01T18:33:25+00:00\",\"breadcrumb\":{\"@id\":\"https:\\\/\\\/renatodias.online\\\/movimento\\\/2024\\\/05\\\/01\\\/a-luta-e-permanente\\\/#breadcrumb\"},\"inLanguage\":\"pt-BR\",\"potentialAction\":[{\"@type\":\"ReadAction\",\"target\":[\"https:\\\/\\\/renatodias.online\\\/movimento\\\/2024\\\/05\\\/01\\\/a-luta-e-permanente\\\/\"]}]},{\"@type\":\"ImageObject\",\"inLanguage\":\"pt-BR\",\"@id\":\"https:\\\/\\\/renatodias.online\\\/movimento\\\/2024\\\/05\\\/01\\\/a-luta-e-permanente\\\/#primaryimage\",\"url\":\"https:\\\/\\\/renatodias.online\\\/movimento\\\/wp-content\\\/uploads\\\/2024\\\/05\\\/Aldo-Arantes.jpg\",\"contentUrl\":\"https:\\\/\\\/renatodias.online\\\/movimento\\\/wp-content\\\/uploads\\\/2024\\\/05\\\/Aldo-Arantes.jpg\",\"width\":800,\"height\":533},{\"@type\":\"BreadcrumbList\",\"@id\":\"https:\\\/\\\/renatodias.online\\\/movimento\\\/2024\\\/05\\\/01\\\/a-luta-e-permanente\\\/#breadcrumb\",\"itemListElement\":[{\"@type\":\"ListItem\",\"position\":1,\"name\":\"In\u00edcio\",\"item\":\"https:\\\/\\\/renatodias.online\\\/movimento\\\/\"},{\"@type\":\"ListItem\",\"position\":2,\"name\":\"A luta \u00e9 permanente\"}]},{\"@type\":\"WebSite\",\"@id\":\"https:\\\/\\\/renatodias.online\\\/movimento\\\/#website\",\"url\":\"https:\\\/\\\/renatodias.online\\\/movimento\\\/\",\"name\":\"\",\"description\":\"\",\"publisher\":{\"@id\":\"https:\\\/\\\/renatodias.online\\\/movimento\\\/#\\\/schema\\\/person\\\/bbab28833b1725a20f4083f49f1fb2a9\"},\"potentialAction\":[{\"@type\":\"SearchAction\",\"target\":{\"@type\":\"EntryPoint\",\"urlTemplate\":\"https:\\\/\\\/renatodias.online\\\/movimento\\\/?s={search_term_string}\"},\"query-input\":{\"@type\":\"PropertyValueSpecification\",\"valueRequired\":true,\"valueName\":\"search_term_string\"}}],\"inLanguage\":\"pt-BR\"},{\"@type\":[\"Person\",\"Organization\"],\"@id\":\"https:\\\/\\\/renatodias.online\\\/movimento\\\/#\\\/schema\\\/person\\\/bbab28833b1725a20f4083f49f1fb2a9\",\"name\":\"Renato Dias\",\"image\":{\"@type\":\"ImageObject\",\"inLanguage\":\"pt-BR\",\"@id\":\"https:\\\/\\\/renatodias.online\\\/movimento\\\/wp-content\\\/uploads\\\/2023\\\/03\\\/cropped-cropped-cropped-logofinal.jpeg\",\"url\":\"https:\\\/\\\/renatodias.online\\\/movimento\\\/wp-content\\\/uploads\\\/2023\\\/03\\\/cropped-cropped-cropped-logofinal.jpeg\",\"contentUrl\":\"https:\\\/\\\/renatodias.online\\\/movimento\\\/wp-content\\\/uploads\\\/2023\\\/03\\\/cropped-cropped-cropped-logofinal.jpeg\",\"width\":1280,\"height\":219,\"caption\":\"Renato Dias\"},\"logo\":{\"@id\":\"https:\\\/\\\/renatodias.online\\\/movimento\\\/wp-content\\\/uploads\\\/2023\\\/03\\\/cropped-cropped-cropped-logofinal.jpeg\"},\"description\":\"Renato Dias, 58 anos, \u00e9 graduado em Jornalismo, formado em Ci\u00eancias Sociais, com p\u00f3s-gradua\u00e7\u00e3o em Pol\u00edticas P\u00fablicas, mestre em Direito e Rela\u00e7\u00f5es Internacionais, ex-aluno extraordin\u00e1rio do Doutorado em Psicologia Social, ex-estudante do Curso de Psican\u00e1lise do Centro de Estudos Psicanal\u00edticos do Estado de Goi\u00e1s, ministrado pelo m\u00e9dico psiquiatra e psicanalista Daniel Em\u00eddio de Souza. \u00c9 autor de 30 livros-reportagem, oito document\u00e1rios, ganhou 30 pr\u00eamios e \u00e9 torcedor apaixonado do maior do Centro-Oeste, o Vila Nova Futebol Clube. Casado com Meirilane Dias, \u00e9 pai de Juliana Dias, jornalista; Daniel Dias, economista; e Maria Rosa Dias, estudante antifascista, socialista e trotskista.\u00a0Com tr\u00eas pets: Porquinho [Bull Dog Franc\u00eas], Dalila [Basset Hound] e Geleia [Basset Hound]. Al\u00e9m do eterno gato Tutuquinho, que virou estrela.\",\"sameAs\":[\"https:\\\/\\\/www.facebook.com\\\/renato.dias.37\",\"#breve\",\"https:\\\/\\\/renatodias.tumblr.com\\\/\"],\"url\":\"https:\\\/\\\/renatodias.online\\\/movimento\\\/author\\\/renatodias\\\/\"}]}<\/script>\n<!-- \/ Yoast SEO plugin. -->","yoast_head_json":{"title":"A luta \u00e9 permanente -","robots":{"index":"index","follow":"follow","max-snippet":"max-snippet:-1","max-image-preview":"max-image-preview:large","max-video-preview":"max-video-preview:-1"},"canonical":"https:\/\/renatodias.online\/movimento\/2024\/05\/01\/a-luta-e-permanente\/","og_locale":"pt_BR","og_type":"article","og_title":"A luta \u00e9 permanente -","og_description":"Renato Dias\u00a0 O ex-deputado federal Aldo Arantes [PC do B] testemunhou in loco, em Lisboa, a capital de Portugal, manifesta\u00e7\u00e3o em rever\u00eancia aos 50 anos da Revolu\u00e7\u00e3o dos Cravos. Capit\u00e3es das For\u00e7as Armadas, com tanques e fuzis, derrubaram em 25 de abril de 1974, a mais longeva ditadura civil e militar da Europa. Veja: com","og_url":"https:\/\/renatodias.online\/movimento\/2024\/05\/01\/a-luta-e-permanente\/","article_publisher":"https:\/\/www.facebook.com\/renato.dias.37","article_author":"https:\/\/www.facebook.com\/renato.dias.37","article_published_time":"2024-05-01T18:33:24+00:00","article_modified_time":"2024-05-01T18:33:25+00:00","og_image":[{"width":800,"height":533,"url":"https:\/\/renatodias.online\/movimento\/wp-content\/uploads\/2024\/05\/Aldo-Arantes.jpg","type":"image\/jpeg"}],"author":"Renato Dias","twitter_card":"summary_large_image","twitter_creator":"@RenatoDiasBat","twitter_site":"@RenatoDiasBat","twitter_misc":{"Escrito por":"Renato Dias","Est. tempo de leitura":"2 minutos"},"schema":{"@context":"https:\/\/schema.org","@graph":[{"@type":"Article","@id":"https:\/\/renatodias.online\/movimento\/2024\/05\/01\/a-luta-e-permanente\/#article","isPartOf":{"@id":"https:\/\/renatodias.online\/movimento\/2024\/05\/01\/a-luta-e-permanente\/"},"author":{"name":"Renato Dias","@id":"https:\/\/renatodias.online\/movimento\/#\/schema\/person\/bbab28833b1725a20f4083f49f1fb2a9"},"headline":"A luta \u00e9 permanente","datePublished":"2024-05-01T18:33:24+00:00","dateModified":"2024-05-01T18:33:25+00:00","mainEntityOfPage":{"@id":"https:\/\/renatodias.online\/movimento\/2024\/05\/01\/a-luta-e-permanente\/"},"wordCount":107,"commentCount":0,"publisher":{"@id":"https:\/\/renatodias.online\/movimento\/#\/schema\/person\/bbab28833b1725a20f4083f49f1fb2a9"},"image":{"@id":"https:\/\/renatodias.online\/movimento\/2024\/05\/01\/a-luta-e-permanente\/#primaryimage"},"thumbnailUrl":"https:\/\/renatodias.online\/movimento\/wp-content\/uploads\/2024\/05\/Aldo-Arantes.jpg","articleSection":["Entrevista","Hist\u00f3ria","Internacional","Pol\u00edtica"],"inLanguage":"pt-BR","potentialAction":[{"@type":"CommentAction","name":"Comment","target":["https:\/\/renatodias.online\/movimento\/2024\/05\/01\/a-luta-e-permanente\/#respond"]}]},{"@type":"WebPage","@id":"https:\/\/renatodias.online\/movimento\/2024\/05\/01\/a-luta-e-permanente\/","url":"https:\/\/renatodias.online\/movimento\/2024\/05\/01\/a-luta-e-permanente\/","name":"A luta \u00e9 permanente -","isPartOf":{"@id":"https:\/\/renatodias.online\/movimento\/#website"},"primaryImageOfPage":{"@id":"https:\/\/renatodias.online\/movimento\/2024\/05\/01\/a-luta-e-permanente\/#primaryimage"},"image":{"@id":"https:\/\/renatodias.online\/movimento\/2024\/05\/01\/a-luta-e-permanente\/#primaryimage"},"thumbnailUrl":"https:\/\/renatodias.online\/movimento\/wp-content\/uploads\/2024\/05\/Aldo-Arantes.jpg","datePublished":"2024-05-01T18:33:24+00:00","dateModified":"2024-05-01T18:33:25+00:00","breadcrumb":{"@id":"https:\/\/renatodias.online\/movimento\/2024\/05\/01\/a-luta-e-permanente\/#breadcrumb"},"inLanguage":"pt-BR","potentialAction":[{"@type":"ReadAction","target":["https:\/\/renatodias.online\/movimento\/2024\/05\/01\/a-luta-e-permanente\/"]}]},{"@type":"ImageObject","inLanguage":"pt-BR","@id":"https:\/\/renatodias.online\/movimento\/2024\/05\/01\/a-luta-e-permanente\/#primaryimage","url":"https:\/\/renatodias.online\/movimento\/wp-content\/uploads\/2024\/05\/Aldo-Arantes.jpg","contentUrl":"https:\/\/renatodias.online\/movimento\/wp-content\/uploads\/2024\/05\/Aldo-Arantes.jpg","width":800,"height":533},{"@type":"BreadcrumbList","@id":"https:\/\/renatodias.online\/movimento\/2024\/05\/01\/a-luta-e-permanente\/#breadcrumb","itemListElement":[{"@type":"ListItem","position":1,"name":"In\u00edcio","item":"https:\/\/renatodias.online\/movimento\/"},{"@type":"ListItem","position":2,"name":"A luta \u00e9 permanente"}]},{"@type":"WebSite","@id":"https:\/\/renatodias.online\/movimento\/#website","url":"https:\/\/renatodias.online\/movimento\/","name":"","description":"","publisher":{"@id":"https:\/\/renatodias.online\/movimento\/#\/schema\/person\/bbab28833b1725a20f4083f49f1fb2a9"},"potentialAction":[{"@type":"SearchAction","target":{"@type":"EntryPoint","urlTemplate":"https:\/\/renatodias.online\/movimento\/?s={search_term_string}"},"query-input":{"@type":"PropertyValueSpecification","valueRequired":true,"valueName":"search_term_string"}}],"inLanguage":"pt-BR"},{"@type":["Person","Organization"],"@id":"https:\/\/renatodias.online\/movimento\/#\/schema\/person\/bbab28833b1725a20f4083f49f1fb2a9","name":"Renato Dias","image":{"@type":"ImageObject","inLanguage":"pt-BR","@id":"https:\/\/renatodias.online\/movimento\/wp-content\/uploads\/2023\/03\/cropped-cropped-cropped-logofinal.jpeg","url":"https:\/\/renatodias.online\/movimento\/wp-content\/uploads\/2023\/03\/cropped-cropped-cropped-logofinal.jpeg","contentUrl":"https:\/\/renatodias.online\/movimento\/wp-content\/uploads\/2023\/03\/cropped-cropped-cropped-logofinal.jpeg","width":1280,"height":219,"caption":"Renato Dias"},"logo":{"@id":"https:\/\/renatodias.online\/movimento\/wp-content\/uploads\/2023\/03\/cropped-cropped-cropped-logofinal.jpeg"},"description":"Renato Dias, 58 anos, \u00e9 graduado em Jornalismo, formado em Ci\u00eancias Sociais, com p\u00f3s-gradua\u00e7\u00e3o em Pol\u00edticas P\u00fablicas, mestre em Direito e Rela\u00e7\u00f5es Internacionais, ex-aluno extraordin\u00e1rio do Doutorado em Psicologia Social, ex-estudante do Curso de Psican\u00e1lise do Centro de Estudos Psicanal\u00edticos do Estado de Goi\u00e1s, ministrado pelo m\u00e9dico psiquiatra e psicanalista Daniel Em\u00eddio de Souza. \u00c9 autor de 30 livros-reportagem, oito document\u00e1rios, ganhou 30 pr\u00eamios e \u00e9 torcedor apaixonado do maior do Centro-Oeste, o Vila Nova Futebol Clube. Casado com Meirilane Dias, \u00e9 pai de Juliana Dias, jornalista; Daniel Dias, economista; e Maria Rosa Dias, estudante antifascista, socialista e trotskista.\u00a0Com tr\u00eas pets: Porquinho [Bull Dog Franc\u00eas], Dalila [Basset Hound] e Geleia [Basset Hound]. Al\u00e9m do eterno gato Tutuquinho, que virou estrela.","sameAs":["https:\/\/www.facebook.com\/renato.dias.37","#breve","https:\/\/renatodias.tumblr.com\/"],"url":"https:\/\/renatodias.online\/movimento\/author\/renatodias\/"}]}},"_links":{"self":[{"href":"https:\/\/renatodias.online\/movimento\/wp-json\/wp\/v2\/posts\/20252","targetHints":{"allow":["GET"]}}],"collection":[{"href":"https:\/\/renatodias.online\/movimento\/wp-json\/wp\/v2\/posts"}],"about":[{"href":"https:\/\/renatodias.online\/movimento\/wp-json\/wp\/v2\/types\/post"}],"author":[{"embeddable":true,"href":"https:\/\/renatodias.online\/movimento\/wp-json\/wp\/v2\/users\/2"}],"replies":[{"embeddable":true,"href":"https:\/\/renatodias.online\/movimento\/wp-json\/wp\/v2\/comments?post=20252"}],"version-history":[{"count":1,"href":"https:\/\/renatodias.online\/movimento\/wp-json\/wp\/v2\/posts\/20252\/revisions"}],"predecessor-version":[{"id":20254,"href":"https:\/\/renatodias.online\/movimento\/wp-json\/wp\/v2\/posts\/20252\/revisions\/20254"}],"wp:featuredmedia":[{"embeddable":true,"href":"https:\/\/renatodias.online\/movimento\/wp-json\/wp\/v2\/media\/20232"}],"wp:attachment":[{"href":"https:\/\/renatodias.online\/movimento\/wp-json\/wp\/v2\/media?parent=20252"}],"wp:term":[{"taxonomy":"category","embeddable":true,"href":"https:\/\/renatodias.online\/movimento\/wp-json\/wp\/v2\/categories?post=20252"},{"taxonomy":"post_tag","embeddable":true,"href":"https:\/\/renatodias.online\/movimento\/wp-json\/wp\/v2\/tags?post=20252"}],"curies":[{"name":"wp","href":"https:\/\/api.w.org\/{rel}","templated":true}]}}