{"id":2025,"date":"2019-09-01T15:12:39","date_gmt":"2019-09-01T18:12:39","guid":{"rendered":"https:\/\/renatodias.online\/movimento\/?p=2025"},"modified":"2019-09-04T00:11:15","modified_gmt":"2019-09-04T03:11:15","slug":"sessao-casablanca-seis-e-meia-walter-jade-mustafe-no-palco","status":"publish","type":"post","link":"https:\/\/renatodias.online\/movimento\/2019\/09\/01\/sessao-casablanca-seis-e-meia-walter-jade-mustafe-no-palco\/","title":{"rendered":"Sess\u00e3o Casablanca Seis e Meia  Walter &#038; Jade Mustaf\u00e9 no palco"},"content":{"rendered":"\n<p>Sess\u00e3o Casablanca Seis e Meia<br>\nWalter &amp; Jade Mustaf\u00e9 no palco<br>\nEspet\u00e1culo est\u00e1 programado para quarta-feira, 18h30, no Emp\u00f3rio Casablanca, atr\u00e1s da Vila Cultural Cora Coralina, em Goi\u00e2nia. Renato Castelo abrir\u00e1 o show. Produ\u00e7\u00e3o: Itamar Correia<\/p>\n\n\n\n<p>Renato Dias<br>\nO cantores e compositores  Walter Mustaf\u00e9 &amp; Jade Mustaf\u00e9 s\u00e3o os convidados especiais do \u2018Projeto Musical Vila Oper\u00e1ria Sess\u00e3o Casablanca Seis e Meia\u2019, nesta quarta-feira, \u00e0s 18h30, no Emp\u00f3rio Casablanca. Atr\u00e1s da Vila Cultural Cora Coralina. O point descolado da vanguarda est\u00e9tica e da gastronomia refinada no Centro de Goi\u00e2nia. A capital fundada por Pedro Fundamental Ludovico Teixeira. Em 1933.  Sob a inspira\u00e7\u00e3o na \u2018Art D\u00e9co\u2019, de Paris, Fran\u00e7a, Velho Mundo. Com a impress\u00e3o digital de Att\u00edlio Correia Lima, arquiteto e urbanista. A produ\u00e7\u00e3o-executiva \u00e9 de Itamar Correia. O artista inventivo Renato Castello abrir\u00e1 o espet\u00e1culo cult.<br>\nEntretenimento<br>\nCom d\u00e9cadas de estrada na ind\u00fastria das artes e do entretenimento, Walter Mustaf\u00e9 \u00e9 pai de Jade Mustaf\u00e9. A artista \u00e9 uma estrela em ascens\u00e3o no cen\u00e1rio da M\u00fasica Popular Brasileira universal produzida nas \u2018Terras Goyazes\u2019. Um som multifacetado, leve, dan\u00e7ante.  Dona de uma voz aveludada, j\u00e1 ensaia voos nacionais e at\u00e9 internacionais. Propriet\u00e1ria de rara beleza pl\u00e1stica, ela apresentar\u00e1 as suas \u00faltimas produ\u00e7\u00f5es. Para um p\u00fablico especializado. A cantora tem sido sucesso de cr\u00edtica e de p\u00fablico. Walter Mustaf\u00e9, cancioneiro popular, criativo, com um amplo repert\u00f3rio, \u00e9 uma figura central. Na Hist\u00f3ria da Cultura. no Estado de Goi\u00e1s e do Brasil. <br>\nServi\u00e7o<br>\nShow: Musical<br>\nG\u00eaneros: MPB, pop, rock e blues<br>\nArtistas: Walter Mustaf\u00e9 &amp; Jade Mustaf\u00e9<br>\nData: quarta-feira, 4 de setembro de 2019<br>\nHor\u00e1rio: 18h30<br>\nLocal: Emp\u00f3rio Casablanca<br>\nAvalia\u00e7\u00e3o cr\u00edtica: excelente<br>\nEndere\u00e7o: Rua 3, atr\u00e1s da Vila Cultural Cora Coralina, Centro, Goi\u00e2nia, Goi\u00e1s<\/p>\n","protected":false},"excerpt":{"rendered":"<p>Sess\u00e3o Casablanca Seis e Meia Walter &amp; Jade Mustaf\u00e9 no palco Espet\u00e1culo est\u00e1 programado para quarta-feira, 18h30, no Emp\u00f3rio Casablanca, atr\u00e1s da Vila Cultural Cora Coralina, em Goi\u00e2nia. Renato Castelo abrir\u00e1 o show. Produ\u00e7\u00e3o: Itamar Correia Renato Dias O cantores e compositores Walter Mustaf\u00e9 &amp; Jade Mustaf\u00e9 s\u00e3o os convidados especiais do \u2018Projeto Musical Vila<\/p>\n","protected":false},"author":2,"featured_media":2026,"comment_status":"open","ping_status":"open","sticky":false,"template":"","format":"standard","meta":{"_acf_changed":false,"_monsterinsights_skip_tracking":false,"_monsterinsights_sitenote_active":false,"_monsterinsights_sitenote_note":"","_monsterinsights_sitenote_category":0,"footnotes":""},"categories":[2,37],"tags":[],"class_list":["post-2025","post","type-post","status-publish","format-standard","has-post-thumbnail","hentry","category-arte","category-espetaculos"],"acf":[],"yoast_head":"<!-- This site is optimized with the Yoast SEO plugin v27.4 - https:\/\/yoast.com\/product\/yoast-seo-wordpress\/ -->\n<title>Sess\u00e3o Casablanca Seis e Meia Walter &amp; Jade Mustaf\u00e9 no palco -<\/title>\n<meta name=\"robots\" content=\"index, follow, max-snippet:-1, max-image-preview:large, max-video-preview:-1\" \/>\n<link rel=\"canonical\" href=\"https:\/\/renatodias.online\/movimento\/2019\/09\/01\/sessao-casablanca-seis-e-meia-walter-jade-mustafe-no-palco\/\" \/>\n<meta property=\"og:locale\" content=\"pt_BR\" \/>\n<meta property=\"og:type\" content=\"article\" \/>\n<meta property=\"og:title\" content=\"Sess\u00e3o Casablanca Seis e Meia Walter &amp; Jade Mustaf\u00e9 no palco -\" \/>\n<meta property=\"og:description\" content=\"Sess\u00e3o Casablanca Seis e Meia Walter &amp; Jade Mustaf\u00e9 no palco Espet\u00e1culo est\u00e1 programado para quarta-feira, 18h30, no Emp\u00f3rio Casablanca, atr\u00e1s da Vila Cultural Cora Coralina, em Goi\u00e2nia. Renato Castelo abrir\u00e1 o show. Produ\u00e7\u00e3o: Itamar Correia Renato Dias O cantores e compositores Walter Mustaf\u00e9 &amp; Jade Mustaf\u00e9 s\u00e3o os convidados especiais do \u2018Projeto Musical Vila\" \/>\n<meta property=\"og:url\" content=\"https:\/\/renatodias.online\/movimento\/2019\/09\/01\/sessao-casablanca-seis-e-meia-walter-jade-mustafe-no-palco\/\" \/>\n<meta property=\"article:publisher\" content=\"https:\/\/www.facebook.com\/renato.dias.37\" \/>\n<meta property=\"article:author\" content=\"https:\/\/www.facebook.com\/renato.dias.37\" \/>\n<meta property=\"article:published_time\" content=\"2019-09-01T18:12:39+00:00\" \/>\n<meta property=\"article:modified_time\" content=\"2019-09-04T03:11:15+00:00\" \/>\n<meta property=\"og:image\" content=\"https:\/\/renatodias.online\/movimento\/wp-content\/uploads\/2019\/09\/IMG-20190831-WA0006-e1669428410890.jpg\" \/>\n\t<meta property=\"og:image:width\" content=\"300\" \/>\n\t<meta property=\"og:image:height\" content=\"291\" \/>\n\t<meta property=\"og:image:type\" content=\"image\/jpeg\" \/>\n<meta name=\"author\" content=\"Renato Dias\" \/>\n<meta name=\"twitter:card\" content=\"summary_large_image\" \/>\n<meta name=\"twitter:creator\" content=\"@RenatoDiasBat\" \/>\n<meta name=\"twitter:site\" content=\"@RenatoDiasBat\" \/>\n<meta name=\"twitter:label1\" content=\"Escrito por\" \/>\n\t<meta name=\"twitter:data1\" content=\"Renato Dias\" \/>\n\t<meta name=\"twitter:label2\" content=\"Est. tempo de leitura\" \/>\n\t<meta name=\"twitter:data2\" content=\"2 minutos\" \/>\n<script type=\"application\/ld+json\" class=\"yoast-schema-graph\">{\"@context\":\"https:\\\/\\\/schema.org\",\"@graph\":[{\"@type\":\"Article\",\"@id\":\"https:\\\/\\\/renatodias.online\\\/movimento\\\/2019\\\/09\\\/01\\\/sessao-casablanca-seis-e-meia-walter-jade-mustafe-no-palco\\\/#article\",\"isPartOf\":{\"@id\":\"https:\\\/\\\/renatodias.online\\\/movimento\\\/2019\\\/09\\\/01\\\/sessao-casablanca-seis-e-meia-walter-jade-mustafe-no-palco\\\/\"},\"author\":{\"name\":\"Renato Dias\",\"@id\":\"https:\\\/\\\/renatodias.online\\\/movimento\\\/#\\\/schema\\\/person\\\/bbab28833b1725a20f4083f49f1fb2a9\"},\"headline\":\"Sess\u00e3o Casablanca Seis e Meia Walter &#038; Jade Mustaf\u00e9 no palco\",\"datePublished\":\"2019-09-01T18:12:39+00:00\",\"dateModified\":\"2019-09-04T03:11:15+00:00\",\"mainEntityOfPage\":{\"@id\":\"https:\\\/\\\/renatodias.online\\\/movimento\\\/2019\\\/09\\\/01\\\/sessao-casablanca-seis-e-meia-walter-jade-mustafe-no-palco\\\/\"},\"wordCount\":328,\"commentCount\":0,\"publisher\":{\"@id\":\"https:\\\/\\\/renatodias.online\\\/movimento\\\/#\\\/schema\\\/person\\\/bbab28833b1725a20f4083f49f1fb2a9\"},\"image\":{\"@id\":\"https:\\\/\\\/renatodias.online\\\/movimento\\\/2019\\\/09\\\/01\\\/sessao-casablanca-seis-e-meia-walter-jade-mustafe-no-palco\\\/#primaryimage\"},\"thumbnailUrl\":\"https:\\\/\\\/renatodias.online\\\/movimento\\\/wp-content\\\/uploads\\\/2019\\\/09\\\/IMG-20190831-WA0006-e1669428410890.jpg\",\"articleSection\":[\"Arte\",\"Espet\u00e1culos\"],\"inLanguage\":\"pt-BR\",\"potentialAction\":[{\"@type\":\"CommentAction\",\"name\":\"Comment\",\"target\":[\"https:\\\/\\\/renatodias.online\\\/movimento\\\/2019\\\/09\\\/01\\\/sessao-casablanca-seis-e-meia-walter-jade-mustafe-no-palco\\\/#respond\"]}]},{\"@type\":\"WebPage\",\"@id\":\"https:\\\/\\\/renatodias.online\\\/movimento\\\/2019\\\/09\\\/01\\\/sessao-casablanca-seis-e-meia-walter-jade-mustafe-no-palco\\\/\",\"url\":\"https:\\\/\\\/renatodias.online\\\/movimento\\\/2019\\\/09\\\/01\\\/sessao-casablanca-seis-e-meia-walter-jade-mustafe-no-palco\\\/\",\"name\":\"Sess\u00e3o Casablanca Seis e Meia Walter & Jade Mustaf\u00e9 no palco -\",\"isPartOf\":{\"@id\":\"https:\\\/\\\/renatodias.online\\\/movimento\\\/#website\"},\"primaryImageOfPage\":{\"@id\":\"https:\\\/\\\/renatodias.online\\\/movimento\\\/2019\\\/09\\\/01\\\/sessao-casablanca-seis-e-meia-walter-jade-mustafe-no-palco\\\/#primaryimage\"},\"image\":{\"@id\":\"https:\\\/\\\/renatodias.online\\\/movimento\\\/2019\\\/09\\\/01\\\/sessao-casablanca-seis-e-meia-walter-jade-mustafe-no-palco\\\/#primaryimage\"},\"thumbnailUrl\":\"https:\\\/\\\/renatodias.online\\\/movimento\\\/wp-content\\\/uploads\\\/2019\\\/09\\\/IMG-20190831-WA0006-e1669428410890.jpg\",\"datePublished\":\"2019-09-01T18:12:39+00:00\",\"dateModified\":\"2019-09-04T03:11:15+00:00\",\"breadcrumb\":{\"@id\":\"https:\\\/\\\/renatodias.online\\\/movimento\\\/2019\\\/09\\\/01\\\/sessao-casablanca-seis-e-meia-walter-jade-mustafe-no-palco\\\/#breadcrumb\"},\"inLanguage\":\"pt-BR\",\"potentialAction\":[{\"@type\":\"ReadAction\",\"target\":[\"https:\\\/\\\/renatodias.online\\\/movimento\\\/2019\\\/09\\\/01\\\/sessao-casablanca-seis-e-meia-walter-jade-mustafe-no-palco\\\/\"]}]},{\"@type\":\"ImageObject\",\"inLanguage\":\"pt-BR\",\"@id\":\"https:\\\/\\\/renatodias.online\\\/movimento\\\/2019\\\/09\\\/01\\\/sessao-casablanca-seis-e-meia-walter-jade-mustafe-no-palco\\\/#primaryimage\",\"url\":\"https:\\\/\\\/renatodias.online\\\/movimento\\\/wp-content\\\/uploads\\\/2019\\\/09\\\/IMG-20190831-WA0006-e1669428410890.jpg\",\"contentUrl\":\"https:\\\/\\\/renatodias.online\\\/movimento\\\/wp-content\\\/uploads\\\/2019\\\/09\\\/IMG-20190831-WA0006-e1669428410890.jpg\",\"width\":300,\"height\":291,\"caption\":\"Walter e Jade Mustaf\u00e9\"},{\"@type\":\"BreadcrumbList\",\"@id\":\"https:\\\/\\\/renatodias.online\\\/movimento\\\/2019\\\/09\\\/01\\\/sessao-casablanca-seis-e-meia-walter-jade-mustafe-no-palco\\\/#breadcrumb\",\"itemListElement\":[{\"@type\":\"ListItem\",\"position\":1,\"name\":\"In\u00edcio\",\"item\":\"https:\\\/\\\/renatodias.online\\\/movimento\\\/\"},{\"@type\":\"ListItem\",\"position\":2,\"name\":\"Sess\u00e3o Casablanca Seis e Meia Walter &#038; Jade Mustaf\u00e9 no palco\"}]},{\"@type\":\"WebSite\",\"@id\":\"https:\\\/\\\/renatodias.online\\\/movimento\\\/#website\",\"url\":\"https:\\\/\\\/renatodias.online\\\/movimento\\\/\",\"name\":\"\",\"description\":\"\",\"publisher\":{\"@id\":\"https:\\\/\\\/renatodias.online\\\/movimento\\\/#\\\/schema\\\/person\\\/bbab28833b1725a20f4083f49f1fb2a9\"},\"potentialAction\":[{\"@type\":\"SearchAction\",\"target\":{\"@type\":\"EntryPoint\",\"urlTemplate\":\"https:\\\/\\\/renatodias.online\\\/movimento\\\/?s={search_term_string}\"},\"query-input\":{\"@type\":\"PropertyValueSpecification\",\"valueRequired\":true,\"valueName\":\"search_term_string\"}}],\"inLanguage\":\"pt-BR\"},{\"@type\":[\"Person\",\"Organization\"],\"@id\":\"https:\\\/\\\/renatodias.online\\\/movimento\\\/#\\\/schema\\\/person\\\/bbab28833b1725a20f4083f49f1fb2a9\",\"name\":\"Renato Dias\",\"image\":{\"@type\":\"ImageObject\",\"inLanguage\":\"pt-BR\",\"@id\":\"https:\\\/\\\/renatodias.online\\\/movimento\\\/wp-content\\\/uploads\\\/2023\\\/03\\\/cropped-cropped-cropped-logofinal.jpeg\",\"url\":\"https:\\\/\\\/renatodias.online\\\/movimento\\\/wp-content\\\/uploads\\\/2023\\\/03\\\/cropped-cropped-cropped-logofinal.jpeg\",\"contentUrl\":\"https:\\\/\\\/renatodias.online\\\/movimento\\\/wp-content\\\/uploads\\\/2023\\\/03\\\/cropped-cropped-cropped-logofinal.jpeg\",\"width\":1280,\"height\":219,\"caption\":\"Renato Dias\"},\"logo\":{\"@id\":\"https:\\\/\\\/renatodias.online\\\/movimento\\\/wp-content\\\/uploads\\\/2023\\\/03\\\/cropped-cropped-cropped-logofinal.jpeg\"},\"description\":\"Renato Dias, 58 anos, \u00e9 graduado em Jornalismo, formado em Ci\u00eancias Sociais, com p\u00f3s-gradua\u00e7\u00e3o em Pol\u00edticas P\u00fablicas, mestre em Direito e Rela\u00e7\u00f5es Internacionais, ex-aluno extraordin\u00e1rio do Doutorado em Psicologia Social, ex-estudante do Curso de Psican\u00e1lise do Centro de Estudos Psicanal\u00edticos do Estado de Goi\u00e1s, ministrado pelo m\u00e9dico psiquiatra e psicanalista Daniel Em\u00eddio de Souza. \u00c9 autor de 30 livros-reportagem, oito document\u00e1rios, ganhou 30 pr\u00eamios e \u00e9 torcedor apaixonado do maior do Centro-Oeste, o Vila Nova Futebol Clube. Casado com Meirilane Dias, \u00e9 pai de Juliana Dias, jornalista; Daniel Dias, economista; e Maria Rosa Dias, estudante antifascista, socialista e trotskista.\u00a0Com tr\u00eas pets: Porquinho [Bull Dog Franc\u00eas], Dalila [Basset Hound] e Geleia [Basset Hound]. Al\u00e9m do eterno gato Tutuquinho, que virou estrela.\",\"sameAs\":[\"https:\\\/\\\/www.facebook.com\\\/renato.dias.37\",\"#breve\",\"https:\\\/\\\/renatodias.tumblr.com\\\/\"],\"url\":\"https:\\\/\\\/renatodias.online\\\/movimento\\\/author\\\/renatodias\\\/\"}]}<\/script>\n<!-- \/ Yoast SEO plugin. -->","yoast_head_json":{"title":"Sess\u00e3o Casablanca Seis e Meia Walter & Jade Mustaf\u00e9 no palco -","robots":{"index":"index","follow":"follow","max-snippet":"max-snippet:-1","max-image-preview":"max-image-preview:large","max-video-preview":"max-video-preview:-1"},"canonical":"https:\/\/renatodias.online\/movimento\/2019\/09\/01\/sessao-casablanca-seis-e-meia-walter-jade-mustafe-no-palco\/","og_locale":"pt_BR","og_type":"article","og_title":"Sess\u00e3o Casablanca Seis e Meia Walter & Jade Mustaf\u00e9 no palco -","og_description":"Sess\u00e3o Casablanca Seis e Meia Walter &amp; Jade Mustaf\u00e9 no palco Espet\u00e1culo est\u00e1 programado para quarta-feira, 18h30, no Emp\u00f3rio Casablanca, atr\u00e1s da Vila Cultural Cora Coralina, em Goi\u00e2nia. Renato Castelo abrir\u00e1 o show. Produ\u00e7\u00e3o: Itamar Correia Renato Dias O cantores e compositores Walter Mustaf\u00e9 &amp; Jade Mustaf\u00e9 s\u00e3o os convidados especiais do \u2018Projeto Musical Vila","og_url":"https:\/\/renatodias.online\/movimento\/2019\/09\/01\/sessao-casablanca-seis-e-meia-walter-jade-mustafe-no-palco\/","article_publisher":"https:\/\/www.facebook.com\/renato.dias.37","article_author":"https:\/\/www.facebook.com\/renato.dias.37","article_published_time":"2019-09-01T18:12:39+00:00","article_modified_time":"2019-09-04T03:11:15+00:00","og_image":[{"width":300,"height":291,"url":"https:\/\/renatodias.online\/movimento\/wp-content\/uploads\/2019\/09\/IMG-20190831-WA0006-e1669428410890.jpg","type":"image\/jpeg"}],"author":"Renato Dias","twitter_card":"summary_large_image","twitter_creator":"@RenatoDiasBat","twitter_site":"@RenatoDiasBat","twitter_misc":{"Escrito por":"Renato Dias","Est. tempo de leitura":"2 minutos"},"schema":{"@context":"https:\/\/schema.org","@graph":[{"@type":"Article","@id":"https:\/\/renatodias.online\/movimento\/2019\/09\/01\/sessao-casablanca-seis-e-meia-walter-jade-mustafe-no-palco\/#article","isPartOf":{"@id":"https:\/\/renatodias.online\/movimento\/2019\/09\/01\/sessao-casablanca-seis-e-meia-walter-jade-mustafe-no-palco\/"},"author":{"name":"Renato Dias","@id":"https:\/\/renatodias.online\/movimento\/#\/schema\/person\/bbab28833b1725a20f4083f49f1fb2a9"},"headline":"Sess\u00e3o Casablanca Seis e Meia Walter &#038; Jade Mustaf\u00e9 no palco","datePublished":"2019-09-01T18:12:39+00:00","dateModified":"2019-09-04T03:11:15+00:00","mainEntityOfPage":{"@id":"https:\/\/renatodias.online\/movimento\/2019\/09\/01\/sessao-casablanca-seis-e-meia-walter-jade-mustafe-no-palco\/"},"wordCount":328,"commentCount":0,"publisher":{"@id":"https:\/\/renatodias.online\/movimento\/#\/schema\/person\/bbab28833b1725a20f4083f49f1fb2a9"},"image":{"@id":"https:\/\/renatodias.online\/movimento\/2019\/09\/01\/sessao-casablanca-seis-e-meia-walter-jade-mustafe-no-palco\/#primaryimage"},"thumbnailUrl":"https:\/\/renatodias.online\/movimento\/wp-content\/uploads\/2019\/09\/IMG-20190831-WA0006-e1669428410890.jpg","articleSection":["Arte","Espet\u00e1culos"],"inLanguage":"pt-BR","potentialAction":[{"@type":"CommentAction","name":"Comment","target":["https:\/\/renatodias.online\/movimento\/2019\/09\/01\/sessao-casablanca-seis-e-meia-walter-jade-mustafe-no-palco\/#respond"]}]},{"@type":"WebPage","@id":"https:\/\/renatodias.online\/movimento\/2019\/09\/01\/sessao-casablanca-seis-e-meia-walter-jade-mustafe-no-palco\/","url":"https:\/\/renatodias.online\/movimento\/2019\/09\/01\/sessao-casablanca-seis-e-meia-walter-jade-mustafe-no-palco\/","name":"Sess\u00e3o Casablanca Seis e Meia Walter & Jade Mustaf\u00e9 no palco -","isPartOf":{"@id":"https:\/\/renatodias.online\/movimento\/#website"},"primaryImageOfPage":{"@id":"https:\/\/renatodias.online\/movimento\/2019\/09\/01\/sessao-casablanca-seis-e-meia-walter-jade-mustafe-no-palco\/#primaryimage"},"image":{"@id":"https:\/\/renatodias.online\/movimento\/2019\/09\/01\/sessao-casablanca-seis-e-meia-walter-jade-mustafe-no-palco\/#primaryimage"},"thumbnailUrl":"https:\/\/renatodias.online\/movimento\/wp-content\/uploads\/2019\/09\/IMG-20190831-WA0006-e1669428410890.jpg","datePublished":"2019-09-01T18:12:39+00:00","dateModified":"2019-09-04T03:11:15+00:00","breadcrumb":{"@id":"https:\/\/renatodias.online\/movimento\/2019\/09\/01\/sessao-casablanca-seis-e-meia-walter-jade-mustafe-no-palco\/#breadcrumb"},"inLanguage":"pt-BR","potentialAction":[{"@type":"ReadAction","target":["https:\/\/renatodias.online\/movimento\/2019\/09\/01\/sessao-casablanca-seis-e-meia-walter-jade-mustafe-no-palco\/"]}]},{"@type":"ImageObject","inLanguage":"pt-BR","@id":"https:\/\/renatodias.online\/movimento\/2019\/09\/01\/sessao-casablanca-seis-e-meia-walter-jade-mustafe-no-palco\/#primaryimage","url":"https:\/\/renatodias.online\/movimento\/wp-content\/uploads\/2019\/09\/IMG-20190831-WA0006-e1669428410890.jpg","contentUrl":"https:\/\/renatodias.online\/movimento\/wp-content\/uploads\/2019\/09\/IMG-20190831-WA0006-e1669428410890.jpg","width":300,"height":291,"caption":"Walter e Jade Mustaf\u00e9"},{"@type":"BreadcrumbList","@id":"https:\/\/renatodias.online\/movimento\/2019\/09\/01\/sessao-casablanca-seis-e-meia-walter-jade-mustafe-no-palco\/#breadcrumb","itemListElement":[{"@type":"ListItem","position":1,"name":"In\u00edcio","item":"https:\/\/renatodias.online\/movimento\/"},{"@type":"ListItem","position":2,"name":"Sess\u00e3o Casablanca Seis e Meia Walter &#038; Jade Mustaf\u00e9 no palco"}]},{"@type":"WebSite","@id":"https:\/\/renatodias.online\/movimento\/#website","url":"https:\/\/renatodias.online\/movimento\/","name":"","description":"","publisher":{"@id":"https:\/\/renatodias.online\/movimento\/#\/schema\/person\/bbab28833b1725a20f4083f49f1fb2a9"},"potentialAction":[{"@type":"SearchAction","target":{"@type":"EntryPoint","urlTemplate":"https:\/\/renatodias.online\/movimento\/?s={search_term_string}"},"query-input":{"@type":"PropertyValueSpecification","valueRequired":true,"valueName":"search_term_string"}}],"inLanguage":"pt-BR"},{"@type":["Person","Organization"],"@id":"https:\/\/renatodias.online\/movimento\/#\/schema\/person\/bbab28833b1725a20f4083f49f1fb2a9","name":"Renato Dias","image":{"@type":"ImageObject","inLanguage":"pt-BR","@id":"https:\/\/renatodias.online\/movimento\/wp-content\/uploads\/2023\/03\/cropped-cropped-cropped-logofinal.jpeg","url":"https:\/\/renatodias.online\/movimento\/wp-content\/uploads\/2023\/03\/cropped-cropped-cropped-logofinal.jpeg","contentUrl":"https:\/\/renatodias.online\/movimento\/wp-content\/uploads\/2023\/03\/cropped-cropped-cropped-logofinal.jpeg","width":1280,"height":219,"caption":"Renato Dias"},"logo":{"@id":"https:\/\/renatodias.online\/movimento\/wp-content\/uploads\/2023\/03\/cropped-cropped-cropped-logofinal.jpeg"},"description":"Renato Dias, 58 anos, \u00e9 graduado em Jornalismo, formado em Ci\u00eancias Sociais, com p\u00f3s-gradua\u00e7\u00e3o em Pol\u00edticas P\u00fablicas, mestre em Direito e Rela\u00e7\u00f5es Internacionais, ex-aluno extraordin\u00e1rio do Doutorado em Psicologia Social, ex-estudante do Curso de Psican\u00e1lise do Centro de Estudos Psicanal\u00edticos do Estado de Goi\u00e1s, ministrado pelo m\u00e9dico psiquiatra e psicanalista Daniel Em\u00eddio de Souza. \u00c9 autor de 30 livros-reportagem, oito document\u00e1rios, ganhou 30 pr\u00eamios e \u00e9 torcedor apaixonado do maior do Centro-Oeste, o Vila Nova Futebol Clube. Casado com Meirilane Dias, \u00e9 pai de Juliana Dias, jornalista; Daniel Dias, economista; e Maria Rosa Dias, estudante antifascista, socialista e trotskista.\u00a0Com tr\u00eas pets: Porquinho [Bull Dog Franc\u00eas], Dalila [Basset Hound] e Geleia [Basset Hound]. Al\u00e9m do eterno gato Tutuquinho, que virou estrela.","sameAs":["https:\/\/www.facebook.com\/renato.dias.37","#breve","https:\/\/renatodias.tumblr.com\/"],"url":"https:\/\/renatodias.online\/movimento\/author\/renatodias\/"}]}},"_links":{"self":[{"href":"https:\/\/renatodias.online\/movimento\/wp-json\/wp\/v2\/posts\/2025","targetHints":{"allow":["GET"]}}],"collection":[{"href":"https:\/\/renatodias.online\/movimento\/wp-json\/wp\/v2\/posts"}],"about":[{"href":"https:\/\/renatodias.online\/movimento\/wp-json\/wp\/v2\/types\/post"}],"author":[{"embeddable":true,"href":"https:\/\/renatodias.online\/movimento\/wp-json\/wp\/v2\/users\/2"}],"replies":[{"embeddable":true,"href":"https:\/\/renatodias.online\/movimento\/wp-json\/wp\/v2\/comments?post=2025"}],"version-history":[{"count":2,"href":"https:\/\/renatodias.online\/movimento\/wp-json\/wp\/v2\/posts\/2025\/revisions"}],"predecessor-version":[{"id":2028,"href":"https:\/\/renatodias.online\/movimento\/wp-json\/wp\/v2\/posts\/2025\/revisions\/2028"}],"wp:featuredmedia":[{"embeddable":true,"href":"https:\/\/renatodias.online\/movimento\/wp-json\/wp\/v2\/media\/2026"}],"wp:attachment":[{"href":"https:\/\/renatodias.online\/movimento\/wp-json\/wp\/v2\/media?parent=2025"}],"wp:term":[{"taxonomy":"category","embeddable":true,"href":"https:\/\/renatodias.online\/movimento\/wp-json\/wp\/v2\/categories?post=2025"},{"taxonomy":"post_tag","embeddable":true,"href":"https:\/\/renatodias.online\/movimento\/wp-json\/wp\/v2\/tags?post=2025"}],"curies":[{"name":"wp","href":"https:\/\/api.w.org\/{rel}","templated":true}]}}