{"id":20060,"date":"2024-04-09T18:50:05","date_gmt":"2024-04-09T21:50:05","guid":{"rendered":"https:\/\/renatodias.online\/movimento\/?p=20060"},"modified":"2024-04-09T18:50:06","modified_gmt":"2024-04-09T21:50:06","slug":"gustavo-sebba-e-novo-presidente-do-psdb","status":"publish","type":"post","link":"https:\/\/renatodias.online\/movimento\/2024\/04\/09\/gustavo-sebba-e-novo-presidente-do-psdb\/","title":{"rendered":"Gustavo Sebba \u00e9 novo presidente do PSDB"},"content":{"rendered":"\n<figure class=\"wp-block-image aligncenter size-full\"><img loading=\"lazy\" decoding=\"async\" width=\"150\" height=\"74\" src=\"https:\/\/renatodias.online\/movimento\/wp-content\/uploads\/2024\/03\/Poder-e1710783884411.png\" alt=\"\" class=\"wp-image-19883\"\/><\/figure>\n\n\n\n<figure class=\"wp-block-image aligncenter size-full\"><img loading=\"lazy\" decoding=\"async\" width=\"200\" height=\"200\" src=\"https:\/\/renatodias.online\/movimento\/wp-content\/uploads\/2019\/09\/Tucano-e1637493554237.gif\" alt=\"\" class=\"wp-image-2542\"\/><figcaption class=\"wp-element-caption\"><em><mark style=\"background-color:rgba(0, 0, 0, 0)\" class=\"has-inline-color has-vivid-green-cyan-color\"><strong>Tucano, o s\u00edmbolo do PSDB<\/strong><\/mark><\/em><\/figcaption><\/figure>\n\n\n\n<p class=\"has-text-align-center\"><strong><mark style=\"background-color:rgba(0, 0, 0, 0)\" class=\"has-inline-color has-luminous-vivid-orange-color\">Marconi Perillo avaliza mudan\u00e7a\u00a0<\/mark><\/strong><\/p>\n\n\n\n<p class=\"has-text-align-center\"><strong><mark style=\"background-color:rgba(0, 0, 0, 0)\" class=\"has-inline-color has-vivid-red-color\">Renato Dias\u00a0<\/mark><\/strong><\/p>\n\n\n\n<p>O deputado estadual <strong>Gustavo Sebba<\/strong> \u00e9 o <strong>novo presidente do PSDB<\/strong> no Estado de Goi\u00e1s. O l\u00edder tucano assume a vaga de H\u00e9lio de Sousa, que se licenciou do cargo.<\/p>\n\n\n\n<figure class=\"wp-block-image aligncenter size-full\"><img loading=\"lazy\" decoding=\"async\" width=\"200\" height=\"200\" src=\"https:\/\/renatodias.online\/movimento\/wp-content\/uploads\/2022\/07\/Podcast.jpg\" alt=\"\" class=\"wp-image-13381\" srcset=\"https:\/\/renatodias.online\/movimento\/wp-content\/uploads\/2022\/07\/Podcast.jpg 200w, https:\/\/renatodias.online\/movimento\/wp-content\/uploads\/2022\/07\/Podcast-150x150.jpg 150w\" sizes=\"auto, (max-width: 200px) 100vw, 200px\" \/><\/figure>\n\n\n\n<figure class=\"wp-block-audio\"><audio controls src=\"https:\/\/renatodias.online\/movimento\/wp-content\/uploads\/2024\/04\/Audio-Jardel-Sebba-online-audio-converter.com_.mp3\"><\/audio><figcaption class=\"wp-element-caption\"><strong><mark style=\"background-color:rgba(0, 0, 0, 0)\" class=\"has-inline-color has-vivid-purple-color\">Jardel Sebba<\/mark><\/strong><\/figcaption><\/figure>\n\n\n\n<p>O parlamentar ocupa tamb\u00e9m a presid\u00eancia, hoje, da Comiss\u00e3o de Sa\u00fade da Assembleia Legislativa do Estado de Goi\u00e1s. O dirigente\u00a0\u00e9 m\u00e9dico e produtor rural, em <strong>Catal\u00e3o<\/strong>.<\/p>\n\n\n\n<figure class=\"wp-block-image aligncenter size-full\"><img loading=\"lazy\" decoding=\"async\" width=\"400\" height=\"200\" src=\"https:\/\/renatodias.online\/movimento\/wp-content\/uploads\/2024\/03\/Gustavo-Sebba-2-e1710529223395.jpg\" alt=\"\" class=\"wp-image-19739\" srcset=\"https:\/\/renatodias.online\/movimento\/wp-content\/uploads\/2024\/03\/Gustavo-Sebba-2-e1710529223395.jpg 400w, https:\/\/renatodias.online\/movimento\/wp-content\/uploads\/2024\/03\/Gustavo-Sebba-2-e1710529223395-300x150.jpg 300w, https:\/\/renatodias.online\/movimento\/wp-content\/uploads\/2024\/03\/Gustavo-Sebba-2-e1710529223395-150x75.jpg 150w\" sizes=\"auto, (max-width: 400px) 100vw, 400px\" \/><\/figure>\n\n\n\n<p>Filho do ex-presidente da Assembleia <strong>Jardel Sebba<\/strong> e de Anna Sebba, ex-secret\u00e1ria de A\u00e7\u00e3o Social, \u00e9 irm\u00e3o de <strong>Mar\u00edlia Sebba<\/strong>, vice nas elei\u00e7\u00f5es de 2024 \u00e0 Prefeitura de Catal\u00e3o.<\/p>\n\n\n\n<figure class=\"wp-block-image aligncenter size-full\"><img loading=\"lazy\" decoding=\"async\" width=\"400\" height=\"200\" src=\"https:\/\/renatodias.online\/movimento\/wp-content\/uploads\/2024\/03\/Marilia-Sebba-PSDB-e1710529130665.jpg\" alt=\"\" class=\"wp-image-19810\" srcset=\"https:\/\/renatodias.online\/movimento\/wp-content\/uploads\/2024\/03\/Marilia-Sebba-PSDB-e1710529130665.jpg 400w, https:\/\/renatodias.online\/movimento\/wp-content\/uploads\/2024\/03\/Marilia-Sebba-PSDB-e1710529130665-300x150.jpg 300w, https:\/\/renatodias.online\/movimento\/wp-content\/uploads\/2024\/03\/Marilia-Sebba-PSDB-e1710529130665-150x75.jpg 150w\" sizes=\"auto, (max-width: 400px) 100vw, 400px\" \/><\/figure>\n\n\n\n<p>A fam\u00edlia Sebba tem la\u00e7o pol\u00edtico, afinidade ideol\u00f3gica com o atual presidente nacional da sigla, <strong>Marconi Perillo<\/strong>. Ex-governador do Estado de Goi\u00e1s. Veja: por quatro mandatos.<\/p>\n\n\n\n<figure class=\"wp-block-image aligncenter size-full\"><img loading=\"lazy\" decoding=\"async\" width=\"400\" height=\"200\" src=\"https:\/\/renatodias.online\/movimento\/wp-content\/uploads\/2024\/03\/Jardel-Sebba-e1712699180590.jpg\" alt=\"\" class=\"wp-image-19744\" srcset=\"https:\/\/renatodias.online\/movimento\/wp-content\/uploads\/2024\/03\/Jardel-Sebba-e1712699180590.jpg 400w, https:\/\/renatodias.online\/movimento\/wp-content\/uploads\/2024\/03\/Jardel-Sebba-e1712699180590-300x150.jpg 300w, https:\/\/renatodias.online\/movimento\/wp-content\/uploads\/2024\/03\/Jardel-Sebba-e1712699180590-150x75.jpg 150w\" sizes=\"auto, (max-width: 400px) 100vw, 400px\" \/><\/figure>\n\n\n\n<p>Marconi Perillo admite disputar em 2026 a corrida ao Pal\u00e1cio das Esmeraldas. O PSDB quer lan\u00e7ar nome pr\u00f3prio \u00e0 sucess\u00e3o presidencial. <strong>Eduardo Leite [RS] \u00e9 cotado<\/strong>.<\/p>\n\n\n\n<figure class=\"wp-block-image aligncenter size-full\"><img loading=\"lazy\" decoding=\"async\" width=\"400\" height=\"200\" src=\"https:\/\/renatodias.online\/movimento\/wp-content\/uploads\/2024\/04\/Marconi-Perillo-1-e1712449987856.jpg\" alt=\"\" class=\"wp-image-19953\" srcset=\"https:\/\/renatodias.online\/movimento\/wp-content\/uploads\/2024\/04\/Marconi-Perillo-1-e1712449987856.jpg 400w, https:\/\/renatodias.online\/movimento\/wp-content\/uploads\/2024\/04\/Marconi-Perillo-1-e1712449987856-300x150.jpg 300w, https:\/\/renatodias.online\/movimento\/wp-content\/uploads\/2024\/04\/Marconi-Perillo-1-e1712449987856-150x75.jpg 150w\" sizes=\"auto, (max-width: 400px) 100vw, 400px\" \/><\/figure>\n","protected":false},"excerpt":{"rendered":"<p>Marconi Perillo avaliza mudan\u00e7a\u00a0 Renato Dias\u00a0 O deputado estadual Gustavo Sebba \u00e9 o novo presidente do PSDB no Estado de Goi\u00e1s. O l\u00edder tucano assume a vaga de H\u00e9lio de Sousa, que se licenciou do cargo. O parlamentar ocupa tamb\u00e9m a presid\u00eancia, hoje, da Comiss\u00e3o de Sa\u00fade da Assembleia Legislativa do Estado de Goi\u00e1s. O<\/p>\n","protected":false},"author":2,"featured_media":19740,"comment_status":"open","ping_status":"open","sticky":false,"template":"","format":"standard","meta":{"_acf_changed":false,"_monsterinsights_skip_tracking":false,"_monsterinsights_sitenote_active":false,"_monsterinsights_sitenote_note":"","_monsterinsights_sitenote_category":0,"footnotes":""},"categories":[159,57,4],"tags":[],"class_list":["post-20060","post","type-post","status-publish","format-standard","has-post-thumbnail","hentry","category-eleicoes","category-entrevista","category-politica"],"acf":[],"yoast_head":"<!-- This site is optimized with the Yoast SEO plugin v27.4 - https:\/\/yoast.com\/product\/yoast-seo-wordpress\/ -->\n<title>Gustavo Sebba \u00e9 novo presidente do PSDB -<\/title>\n<meta name=\"robots\" content=\"index, follow, max-snippet:-1, max-image-preview:large, max-video-preview:-1\" \/>\n<link rel=\"canonical\" href=\"https:\/\/renatodias.online\/movimento\/2024\/04\/09\/gustavo-sebba-e-novo-presidente-do-psdb\/\" \/>\n<meta property=\"og:locale\" content=\"pt_BR\" \/>\n<meta property=\"og:type\" content=\"article\" \/>\n<meta property=\"og:title\" content=\"Gustavo Sebba \u00e9 novo presidente do PSDB -\" \/>\n<meta property=\"og:description\" content=\"Marconi Perillo avaliza mudan\u00e7a\u00a0 Renato Dias\u00a0 O deputado estadual Gustavo Sebba \u00e9 o novo presidente do PSDB no Estado de Goi\u00e1s. O l\u00edder tucano assume a vaga de H\u00e9lio de Sousa, que se licenciou do cargo. O parlamentar ocupa tamb\u00e9m a presid\u00eancia, hoje, da Comiss\u00e3o de Sa\u00fade da Assembleia Legislativa do Estado de Goi\u00e1s. O\" \/>\n<meta property=\"og:url\" content=\"https:\/\/renatodias.online\/movimento\/2024\/04\/09\/gustavo-sebba-e-novo-presidente-do-psdb\/\" \/>\n<meta property=\"article:publisher\" content=\"https:\/\/www.facebook.com\/renato.dias.37\" \/>\n<meta property=\"article:author\" content=\"https:\/\/www.facebook.com\/renato.dias.37\" \/>\n<meta property=\"article:published_time\" content=\"2024-04-09T21:50:05+00:00\" \/>\n<meta property=\"article:modified_time\" content=\"2024-04-09T21:50:06+00:00\" \/>\n<meta property=\"og:image\" content=\"https:\/\/renatodias.online\/movimento\/wp-content\/uploads\/2024\/03\/Gustavo-Sebba.jpg\" \/>\n\t<meta property=\"og:image:width\" content=\"800\" \/>\n\t<meta property=\"og:image:height\" content=\"400\" \/>\n\t<meta property=\"og:image:type\" content=\"image\/jpeg\" \/>\n<meta name=\"author\" content=\"Renato Dias\" \/>\n<meta name=\"twitter:card\" content=\"summary_large_image\" \/>\n<meta name=\"twitter:creator\" content=\"@RenatoDiasBat\" \/>\n<meta name=\"twitter:site\" content=\"@RenatoDiasBat\" \/>\n<meta name=\"twitter:label1\" content=\"Escrito por\" \/>\n\t<meta name=\"twitter:data1\" content=\"Renato Dias\" \/>\n\t<meta name=\"twitter:label2\" content=\"Est. tempo de leitura\" \/>\n\t<meta name=\"twitter:data2\" content=\"3 minutos\" \/>\n<script type=\"application\/ld+json\" class=\"yoast-schema-graph\">{\"@context\":\"https:\\\/\\\/schema.org\",\"@graph\":[{\"@type\":\"Article\",\"@id\":\"https:\\\/\\\/renatodias.online\\\/movimento\\\/2024\\\/04\\\/09\\\/gustavo-sebba-e-novo-presidente-do-psdb\\\/#article\",\"isPartOf\":{\"@id\":\"https:\\\/\\\/renatodias.online\\\/movimento\\\/2024\\\/04\\\/09\\\/gustavo-sebba-e-novo-presidente-do-psdb\\\/\"},\"author\":{\"name\":\"Renato Dias\",\"@id\":\"https:\\\/\\\/renatodias.online\\\/movimento\\\/#\\\/schema\\\/person\\\/bbab28833b1725a20f4083f49f1fb2a9\"},\"headline\":\"Gustavo Sebba \u00e9 novo presidente do PSDB\",\"datePublished\":\"2024-04-09T21:50:05+00:00\",\"dateModified\":\"2024-04-09T21:50:06+00:00\",\"mainEntityOfPage\":{\"@id\":\"https:\\\/\\\/renatodias.online\\\/movimento\\\/2024\\\/04\\\/09\\\/gustavo-sebba-e-novo-presidente-do-psdb\\\/\"},\"wordCount\":176,\"commentCount\":0,\"publisher\":{\"@id\":\"https:\\\/\\\/renatodias.online\\\/movimento\\\/#\\\/schema\\\/person\\\/bbab28833b1725a20f4083f49f1fb2a9\"},\"image\":{\"@id\":\"https:\\\/\\\/renatodias.online\\\/movimento\\\/2024\\\/04\\\/09\\\/gustavo-sebba-e-novo-presidente-do-psdb\\\/#primaryimage\"},\"thumbnailUrl\":\"https:\\\/\\\/renatodias.online\\\/movimento\\\/wp-content\\\/uploads\\\/2024\\\/03\\\/Gustavo-Sebba.jpg\",\"articleSection\":[\"Elei\u00e7\u00f5es\",\"Entrevista\",\"Pol\u00edtica\"],\"inLanguage\":\"pt-BR\",\"potentialAction\":[{\"@type\":\"CommentAction\",\"name\":\"Comment\",\"target\":[\"https:\\\/\\\/renatodias.online\\\/movimento\\\/2024\\\/04\\\/09\\\/gustavo-sebba-e-novo-presidente-do-psdb\\\/#respond\"]}]},{\"@type\":\"WebPage\",\"@id\":\"https:\\\/\\\/renatodias.online\\\/movimento\\\/2024\\\/04\\\/09\\\/gustavo-sebba-e-novo-presidente-do-psdb\\\/\",\"url\":\"https:\\\/\\\/renatodias.online\\\/movimento\\\/2024\\\/04\\\/09\\\/gustavo-sebba-e-novo-presidente-do-psdb\\\/\",\"name\":\"Gustavo Sebba \u00e9 novo presidente do PSDB -\",\"isPartOf\":{\"@id\":\"https:\\\/\\\/renatodias.online\\\/movimento\\\/#website\"},\"primaryImageOfPage\":{\"@id\":\"https:\\\/\\\/renatodias.online\\\/movimento\\\/2024\\\/04\\\/09\\\/gustavo-sebba-e-novo-presidente-do-psdb\\\/#primaryimage\"},\"image\":{\"@id\":\"https:\\\/\\\/renatodias.online\\\/movimento\\\/2024\\\/04\\\/09\\\/gustavo-sebba-e-novo-presidente-do-psdb\\\/#primaryimage\"},\"thumbnailUrl\":\"https:\\\/\\\/renatodias.online\\\/movimento\\\/wp-content\\\/uploads\\\/2024\\\/03\\\/Gustavo-Sebba.jpg\",\"datePublished\":\"2024-04-09T21:50:05+00:00\",\"dateModified\":\"2024-04-09T21:50:06+00:00\",\"breadcrumb\":{\"@id\":\"https:\\\/\\\/renatodias.online\\\/movimento\\\/2024\\\/04\\\/09\\\/gustavo-sebba-e-novo-presidente-do-psdb\\\/#breadcrumb\"},\"inLanguage\":\"pt-BR\",\"potentialAction\":[{\"@type\":\"ReadAction\",\"target\":[\"https:\\\/\\\/renatodias.online\\\/movimento\\\/2024\\\/04\\\/09\\\/gustavo-sebba-e-novo-presidente-do-psdb\\\/\"]}]},{\"@type\":\"ImageObject\",\"inLanguage\":\"pt-BR\",\"@id\":\"https:\\\/\\\/renatodias.online\\\/movimento\\\/2024\\\/04\\\/09\\\/gustavo-sebba-e-novo-presidente-do-psdb\\\/#primaryimage\",\"url\":\"https:\\\/\\\/renatodias.online\\\/movimento\\\/wp-content\\\/uploads\\\/2024\\\/03\\\/Gustavo-Sebba.jpg\",\"contentUrl\":\"https:\\\/\\\/renatodias.online\\\/movimento\\\/wp-content\\\/uploads\\\/2024\\\/03\\\/Gustavo-Sebba.jpg\",\"width\":800,\"height\":400},{\"@type\":\"BreadcrumbList\",\"@id\":\"https:\\\/\\\/renatodias.online\\\/movimento\\\/2024\\\/04\\\/09\\\/gustavo-sebba-e-novo-presidente-do-psdb\\\/#breadcrumb\",\"itemListElement\":[{\"@type\":\"ListItem\",\"position\":1,\"name\":\"In\u00edcio\",\"item\":\"https:\\\/\\\/renatodias.online\\\/movimento\\\/\"},{\"@type\":\"ListItem\",\"position\":2,\"name\":\"Gustavo Sebba \u00e9 novo presidente do PSDB\"}]},{\"@type\":\"WebSite\",\"@id\":\"https:\\\/\\\/renatodias.online\\\/movimento\\\/#website\",\"url\":\"https:\\\/\\\/renatodias.online\\\/movimento\\\/\",\"name\":\"\",\"description\":\"\",\"publisher\":{\"@id\":\"https:\\\/\\\/renatodias.online\\\/movimento\\\/#\\\/schema\\\/person\\\/bbab28833b1725a20f4083f49f1fb2a9\"},\"potentialAction\":[{\"@type\":\"SearchAction\",\"target\":{\"@type\":\"EntryPoint\",\"urlTemplate\":\"https:\\\/\\\/renatodias.online\\\/movimento\\\/?s={search_term_string}\"},\"query-input\":{\"@type\":\"PropertyValueSpecification\",\"valueRequired\":true,\"valueName\":\"search_term_string\"}}],\"inLanguage\":\"pt-BR\"},{\"@type\":[\"Person\",\"Organization\"],\"@id\":\"https:\\\/\\\/renatodias.online\\\/movimento\\\/#\\\/schema\\\/person\\\/bbab28833b1725a20f4083f49f1fb2a9\",\"name\":\"Renato Dias\",\"image\":{\"@type\":\"ImageObject\",\"inLanguage\":\"pt-BR\",\"@id\":\"https:\\\/\\\/renatodias.online\\\/movimento\\\/wp-content\\\/uploads\\\/2023\\\/03\\\/cropped-cropped-cropped-logofinal.jpeg\",\"url\":\"https:\\\/\\\/renatodias.online\\\/movimento\\\/wp-content\\\/uploads\\\/2023\\\/03\\\/cropped-cropped-cropped-logofinal.jpeg\",\"contentUrl\":\"https:\\\/\\\/renatodias.online\\\/movimento\\\/wp-content\\\/uploads\\\/2023\\\/03\\\/cropped-cropped-cropped-logofinal.jpeg\",\"width\":1280,\"height\":219,\"caption\":\"Renato Dias\"},\"logo\":{\"@id\":\"https:\\\/\\\/renatodias.online\\\/movimento\\\/wp-content\\\/uploads\\\/2023\\\/03\\\/cropped-cropped-cropped-logofinal.jpeg\"},\"description\":\"Renato Dias, 58 anos, \u00e9 graduado em Jornalismo, formado em Ci\u00eancias Sociais, com p\u00f3s-gradua\u00e7\u00e3o em Pol\u00edticas P\u00fablicas, mestre em Direito e Rela\u00e7\u00f5es Internacionais, ex-aluno extraordin\u00e1rio do Doutorado em Psicologia Social, ex-estudante do Curso de Psican\u00e1lise do Centro de Estudos Psicanal\u00edticos do Estado de Goi\u00e1s, ministrado pelo m\u00e9dico psiquiatra e psicanalista Daniel Em\u00eddio de Souza. \u00c9 autor de 30 livros-reportagem, oito document\u00e1rios, ganhou 30 pr\u00eamios e \u00e9 torcedor apaixonado do maior do Centro-Oeste, o Vila Nova Futebol Clube. Casado com Meirilane Dias, \u00e9 pai de Juliana Dias, jornalista; Daniel Dias, economista; e Maria Rosa Dias, estudante antifascista, socialista e trotskista.\u00a0Com tr\u00eas pets: Porquinho [Bull Dog Franc\u00eas], Dalila [Basset Hound] e Geleia [Basset Hound]. Al\u00e9m do eterno gato Tutuquinho, que virou estrela.\",\"sameAs\":[\"https:\\\/\\\/www.facebook.com\\\/renato.dias.37\",\"#breve\",\"https:\\\/\\\/renatodias.tumblr.com\\\/\"],\"url\":\"https:\\\/\\\/renatodias.online\\\/movimento\\\/author\\\/renatodias\\\/\"}]}<\/script>\n<!-- \/ Yoast SEO plugin. -->","yoast_head_json":{"title":"Gustavo Sebba \u00e9 novo presidente do PSDB -","robots":{"index":"index","follow":"follow","max-snippet":"max-snippet:-1","max-image-preview":"max-image-preview:large","max-video-preview":"max-video-preview:-1"},"canonical":"https:\/\/renatodias.online\/movimento\/2024\/04\/09\/gustavo-sebba-e-novo-presidente-do-psdb\/","og_locale":"pt_BR","og_type":"article","og_title":"Gustavo Sebba \u00e9 novo presidente do PSDB -","og_description":"Marconi Perillo avaliza mudan\u00e7a\u00a0 Renato Dias\u00a0 O deputado estadual Gustavo Sebba \u00e9 o novo presidente do PSDB no Estado de Goi\u00e1s. O l\u00edder tucano assume a vaga de H\u00e9lio de Sousa, que se licenciou do cargo. O parlamentar ocupa tamb\u00e9m a presid\u00eancia, hoje, da Comiss\u00e3o de Sa\u00fade da Assembleia Legislativa do Estado de Goi\u00e1s. O","og_url":"https:\/\/renatodias.online\/movimento\/2024\/04\/09\/gustavo-sebba-e-novo-presidente-do-psdb\/","article_publisher":"https:\/\/www.facebook.com\/renato.dias.37","article_author":"https:\/\/www.facebook.com\/renato.dias.37","article_published_time":"2024-04-09T21:50:05+00:00","article_modified_time":"2024-04-09T21:50:06+00:00","og_image":[{"width":800,"height":400,"url":"https:\/\/renatodias.online\/movimento\/wp-content\/uploads\/2024\/03\/Gustavo-Sebba.jpg","type":"image\/jpeg"}],"author":"Renato Dias","twitter_card":"summary_large_image","twitter_creator":"@RenatoDiasBat","twitter_site":"@RenatoDiasBat","twitter_misc":{"Escrito por":"Renato Dias","Est. tempo de leitura":"3 minutos"},"schema":{"@context":"https:\/\/schema.org","@graph":[{"@type":"Article","@id":"https:\/\/renatodias.online\/movimento\/2024\/04\/09\/gustavo-sebba-e-novo-presidente-do-psdb\/#article","isPartOf":{"@id":"https:\/\/renatodias.online\/movimento\/2024\/04\/09\/gustavo-sebba-e-novo-presidente-do-psdb\/"},"author":{"name":"Renato Dias","@id":"https:\/\/renatodias.online\/movimento\/#\/schema\/person\/bbab28833b1725a20f4083f49f1fb2a9"},"headline":"Gustavo Sebba \u00e9 novo presidente do PSDB","datePublished":"2024-04-09T21:50:05+00:00","dateModified":"2024-04-09T21:50:06+00:00","mainEntityOfPage":{"@id":"https:\/\/renatodias.online\/movimento\/2024\/04\/09\/gustavo-sebba-e-novo-presidente-do-psdb\/"},"wordCount":176,"commentCount":0,"publisher":{"@id":"https:\/\/renatodias.online\/movimento\/#\/schema\/person\/bbab28833b1725a20f4083f49f1fb2a9"},"image":{"@id":"https:\/\/renatodias.online\/movimento\/2024\/04\/09\/gustavo-sebba-e-novo-presidente-do-psdb\/#primaryimage"},"thumbnailUrl":"https:\/\/renatodias.online\/movimento\/wp-content\/uploads\/2024\/03\/Gustavo-Sebba.jpg","articleSection":["Elei\u00e7\u00f5es","Entrevista","Pol\u00edtica"],"inLanguage":"pt-BR","potentialAction":[{"@type":"CommentAction","name":"Comment","target":["https:\/\/renatodias.online\/movimento\/2024\/04\/09\/gustavo-sebba-e-novo-presidente-do-psdb\/#respond"]}]},{"@type":"WebPage","@id":"https:\/\/renatodias.online\/movimento\/2024\/04\/09\/gustavo-sebba-e-novo-presidente-do-psdb\/","url":"https:\/\/renatodias.online\/movimento\/2024\/04\/09\/gustavo-sebba-e-novo-presidente-do-psdb\/","name":"Gustavo Sebba \u00e9 novo presidente do PSDB -","isPartOf":{"@id":"https:\/\/renatodias.online\/movimento\/#website"},"primaryImageOfPage":{"@id":"https:\/\/renatodias.online\/movimento\/2024\/04\/09\/gustavo-sebba-e-novo-presidente-do-psdb\/#primaryimage"},"image":{"@id":"https:\/\/renatodias.online\/movimento\/2024\/04\/09\/gustavo-sebba-e-novo-presidente-do-psdb\/#primaryimage"},"thumbnailUrl":"https:\/\/renatodias.online\/movimento\/wp-content\/uploads\/2024\/03\/Gustavo-Sebba.jpg","datePublished":"2024-04-09T21:50:05+00:00","dateModified":"2024-04-09T21:50:06+00:00","breadcrumb":{"@id":"https:\/\/renatodias.online\/movimento\/2024\/04\/09\/gustavo-sebba-e-novo-presidente-do-psdb\/#breadcrumb"},"inLanguage":"pt-BR","potentialAction":[{"@type":"ReadAction","target":["https:\/\/renatodias.online\/movimento\/2024\/04\/09\/gustavo-sebba-e-novo-presidente-do-psdb\/"]}]},{"@type":"ImageObject","inLanguage":"pt-BR","@id":"https:\/\/renatodias.online\/movimento\/2024\/04\/09\/gustavo-sebba-e-novo-presidente-do-psdb\/#primaryimage","url":"https:\/\/renatodias.online\/movimento\/wp-content\/uploads\/2024\/03\/Gustavo-Sebba.jpg","contentUrl":"https:\/\/renatodias.online\/movimento\/wp-content\/uploads\/2024\/03\/Gustavo-Sebba.jpg","width":800,"height":400},{"@type":"BreadcrumbList","@id":"https:\/\/renatodias.online\/movimento\/2024\/04\/09\/gustavo-sebba-e-novo-presidente-do-psdb\/#breadcrumb","itemListElement":[{"@type":"ListItem","position":1,"name":"In\u00edcio","item":"https:\/\/renatodias.online\/movimento\/"},{"@type":"ListItem","position":2,"name":"Gustavo Sebba \u00e9 novo presidente do PSDB"}]},{"@type":"WebSite","@id":"https:\/\/renatodias.online\/movimento\/#website","url":"https:\/\/renatodias.online\/movimento\/","name":"","description":"","publisher":{"@id":"https:\/\/renatodias.online\/movimento\/#\/schema\/person\/bbab28833b1725a20f4083f49f1fb2a9"},"potentialAction":[{"@type":"SearchAction","target":{"@type":"EntryPoint","urlTemplate":"https:\/\/renatodias.online\/movimento\/?s={search_term_string}"},"query-input":{"@type":"PropertyValueSpecification","valueRequired":true,"valueName":"search_term_string"}}],"inLanguage":"pt-BR"},{"@type":["Person","Organization"],"@id":"https:\/\/renatodias.online\/movimento\/#\/schema\/person\/bbab28833b1725a20f4083f49f1fb2a9","name":"Renato Dias","image":{"@type":"ImageObject","inLanguage":"pt-BR","@id":"https:\/\/renatodias.online\/movimento\/wp-content\/uploads\/2023\/03\/cropped-cropped-cropped-logofinal.jpeg","url":"https:\/\/renatodias.online\/movimento\/wp-content\/uploads\/2023\/03\/cropped-cropped-cropped-logofinal.jpeg","contentUrl":"https:\/\/renatodias.online\/movimento\/wp-content\/uploads\/2023\/03\/cropped-cropped-cropped-logofinal.jpeg","width":1280,"height":219,"caption":"Renato Dias"},"logo":{"@id":"https:\/\/renatodias.online\/movimento\/wp-content\/uploads\/2023\/03\/cropped-cropped-cropped-logofinal.jpeg"},"description":"Renato Dias, 58 anos, \u00e9 graduado em Jornalismo, formado em Ci\u00eancias Sociais, com p\u00f3s-gradua\u00e7\u00e3o em Pol\u00edticas P\u00fablicas, mestre em Direito e Rela\u00e7\u00f5es Internacionais, ex-aluno extraordin\u00e1rio do Doutorado em Psicologia Social, ex-estudante do Curso de Psican\u00e1lise do Centro de Estudos Psicanal\u00edticos do Estado de Goi\u00e1s, ministrado pelo m\u00e9dico psiquiatra e psicanalista Daniel Em\u00eddio de Souza. \u00c9 autor de 30 livros-reportagem, oito document\u00e1rios, ganhou 30 pr\u00eamios e \u00e9 torcedor apaixonado do maior do Centro-Oeste, o Vila Nova Futebol Clube. Casado com Meirilane Dias, \u00e9 pai de Juliana Dias, jornalista; Daniel Dias, economista; e Maria Rosa Dias, estudante antifascista, socialista e trotskista.\u00a0Com tr\u00eas pets: Porquinho [Bull Dog Franc\u00eas], Dalila [Basset Hound] e Geleia [Basset Hound]. Al\u00e9m do eterno gato Tutuquinho, que virou estrela.","sameAs":["https:\/\/www.facebook.com\/renato.dias.37","#breve","https:\/\/renatodias.tumblr.com\/"],"url":"https:\/\/renatodias.online\/movimento\/author\/renatodias\/"}]}},"_links":{"self":[{"href":"https:\/\/renatodias.online\/movimento\/wp-json\/wp\/v2\/posts\/20060","targetHints":{"allow":["GET"]}}],"collection":[{"href":"https:\/\/renatodias.online\/movimento\/wp-json\/wp\/v2\/posts"}],"about":[{"href":"https:\/\/renatodias.online\/movimento\/wp-json\/wp\/v2\/types\/post"}],"author":[{"embeddable":true,"href":"https:\/\/renatodias.online\/movimento\/wp-json\/wp\/v2\/users\/2"}],"replies":[{"embeddable":true,"href":"https:\/\/renatodias.online\/movimento\/wp-json\/wp\/v2\/comments?post=20060"}],"version-history":[{"count":1,"href":"https:\/\/renatodias.online\/movimento\/wp-json\/wp\/v2\/posts\/20060\/revisions"}],"predecessor-version":[{"id":20062,"href":"https:\/\/renatodias.online\/movimento\/wp-json\/wp\/v2\/posts\/20060\/revisions\/20062"}],"wp:featuredmedia":[{"embeddable":true,"href":"https:\/\/renatodias.online\/movimento\/wp-json\/wp\/v2\/media\/19740"}],"wp:attachment":[{"href":"https:\/\/renatodias.online\/movimento\/wp-json\/wp\/v2\/media?parent=20060"}],"wp:term":[{"taxonomy":"category","embeddable":true,"href":"https:\/\/renatodias.online\/movimento\/wp-json\/wp\/v2\/categories?post=20060"},{"taxonomy":"post_tag","embeddable":true,"href":"https:\/\/renatodias.online\/movimento\/wp-json\/wp\/v2\/tags?post=20060"}],"curies":[{"name":"wp","href":"https:\/\/api.w.org\/{rel}","templated":true}]}}