{"id":19994,"date":"2024-04-06T22:16:11","date_gmt":"2024-04-07T01:16:11","guid":{"rendered":"https:\/\/renatodias.online\/movimento\/?p=19994"},"modified":"2024-04-06T22:16:18","modified_gmt":"2024-04-07T01:16:18","slug":"policarpo-viabiliza-reforma-no-vila-nova","status":"publish","type":"post","link":"https:\/\/renatodias.online\/movimento\/2024\/04\/06\/policarpo-viabiliza-reforma-no-vila-nova\/","title":{"rendered":"Policarpo viabiliza reforma no Vila Nova"},"content":{"rendered":"\n<p class=\"has-text-align-center\"><mark style=\"background-color:rgba(0, 0, 0, 0)\" class=\"has-inline-color has-vivid-red-color\"><strong>Da parte administrativa d<\/strong>a sede<\/mark><\/p>\n\n\n\n<p class=\"has-text-align-center\"><strong><mark style=\"background-color:rgba(0, 0, 0, 0)\" class=\"has-inline-color has-vivid-cyan-blue-color\">Al\u00e9m da constru\u00e7\u00e3o do Espa\u00e7o de Conviv\u00eancia no OBA<\/mark><\/strong><\/p>\n\n\n\n<figure class=\"wp-block-image aligncenter size-full\"><img loading=\"lazy\" decoding=\"async\" width=\"150\" height=\"93\" src=\"https:\/\/renatodias.online\/movimento\/wp-content\/uploads\/2020\/11\/Logo-Exclusivo-e1704564162266.jpg\" alt=\"\" class=\"wp-image-4887\"\/><\/figure>\n\n\n\n<p class=\"has-text-align-center\"><strong><mark style=\"background-color:rgba(0, 0, 0, 0)\" class=\"has-inline-color has-vivid-purple-color\">Presidente da C\u00e2mara Municipal de Goi\u00e2nia \u00e9 dirigente da equipe desde 2020 e, de l\u00e1 para c\u00e1, participou ativamente nas reformas e constru\u00e7\u00f5es do clube colorado<\/mark><\/strong><\/p>\n\n\n\n<p><strong>Desde 2020, a atual gest\u00e3o diretiva do Vila Nova \u00e9 marcada, tamb\u00e9m, pelas melhorias estruturais do clube. Da reforma da sede administrativa \u00e0 constru\u00e7\u00e3o de novos espa\u00e7os, o vereador Rom\u00e1rio Policarpo foi o respons\u00e1vel por viabilizar grande parte das empreitadas.<\/strong><\/p>\n\n\n\n<figure class=\"wp-block-image aligncenter size-full\"><img decoding=\"async\" src=\"https:\/\/renatodias.online\/movimento\/wp-content\/uploads\/2024\/03\/Romario-Policarpo-e1712452460814.jpg\" alt=\"\" class=\"wp-image-19753\"\/><\/figure>\n\n\n\n<p><strong><mark style=\"background-color:rgba(0, 0, 0, 0)\" class=\"has-inline-color has-vivid-red-color\">A come\u00e7ar pelo Estacionamento do Bosque. No ano de 2021, o clube colorado construiu e inaugurou o Espa\u00e7o de Conviv\u00eancia Jaime Monteiro, no Bosque, sendo um quiosque utilizado pelos e para os funcion\u00e1rios do clube em rotinas do dia a dia do time e tamb\u00e9m em confraterniza\u00e7\u00f5es internas, como o Dia das M\u00e3es, Dia dos Pais, Dia da Mulher e demais datas comemorativas. Para este espa\u00e7o, o vereador foi respons\u00e1vel por custear cerca de R$30 mil reais do total da obra.<\/mark><\/strong><\/p>\n\n\n\n<figure class=\"wp-block-image aligncenter size-full\"><img loading=\"lazy\" decoding=\"async\" width=\"400\" height=\"200\" src=\"https:\/\/renatodias.online\/movimento\/wp-content\/uploads\/2024\/03\/Luciano-Naninho-Vila-Nova-e1710531158234.jpg\" alt=\"\" class=\"wp-image-19808\" srcset=\"https:\/\/renatodias.online\/movimento\/wp-content\/uploads\/2024\/03\/Luciano-Naninho-Vila-Nova-e1710531158234.jpg 400w, https:\/\/renatodias.online\/movimento\/wp-content\/uploads\/2024\/03\/Luciano-Naninho-Vila-Nova-e1710531158234-300x150.jpg 300w, https:\/\/renatodias.online\/movimento\/wp-content\/uploads\/2024\/03\/Luciano-Naninho-Vila-Nova-e1710531158234-150x75.jpg 150w\" sizes=\"auto, (max-width: 400px) 100vw, 400px\" \/><\/figure>\n\n\n\n<p><strong>\u201cN\u00f3s da diretoria sempre quisemos o melhor para o clube em todas as \u00e1reas. Fora de campo, a parte estrutural foi uma das que mais cresceram desde 2020. J\u00e1 no primeiro ano aqui dentro, come\u00e7amos com as obras e reformas. Seguimos reformando o OBA, o CT, construindo espa\u00e7os novos. Isso tudo engrandece o Vila Nova e nos engrandece enquanto diretores, mas principalmente enquanto torcedores que somos, antes de qualquer coisa\u201d, ressaltou o vereador e diretor vilanovense.<\/strong><\/p>\n\n\n\n<figure class=\"wp-block-image aligncenter size-full\"><img loading=\"lazy\" decoding=\"async\" width=\"400\" height=\"200\" src=\"https:\/\/renatodias.online\/movimento\/wp-content\/uploads\/2024\/03\/Ralf-Vila-Nova-e1710531193716.jpg\" alt=\"\" class=\"wp-image-19821\" srcset=\"https:\/\/renatodias.online\/movimento\/wp-content\/uploads\/2024\/03\/Ralf-Vila-Nova-e1710531193716.jpg 400w, https:\/\/renatodias.online\/movimento\/wp-content\/uploads\/2024\/03\/Ralf-Vila-Nova-e1710531193716-300x150.jpg 300w, https:\/\/renatodias.online\/movimento\/wp-content\/uploads\/2024\/03\/Ralf-Vila-Nova-e1710531193716-150x75.jpg 150w\" sizes=\"auto, (max-width: 400px) 100vw, 400px\" \/><\/figure>\n\n\n\n<p><strong>Ainda no OBA, mas desta vez na sede administrativa do clube, Rom\u00e1rio viabilizou grande parte da m\u00e3o de obra contratada na reforma completa do pr\u00e9dio. Na ocasi\u00e3o, foram refeitos toda a estrutura de salas administrativas, banheiros, troca de piso completa, instala\u00e7\u00e3o de toda parte de arm\u00e1rios e marcenaria e pintura geral. A obra representou um grande salto qualitativo na rotina do Vila Nova, tanto di\u00e1ria quanto a de jogo.<\/strong><\/p>\n\n\n\n<figure class=\"wp-block-image aligncenter size-full\"><img loading=\"lazy\" decoding=\"async\" width=\"400\" height=\"200\" src=\"https:\/\/renatodias.online\/movimento\/wp-content\/uploads\/2024\/03\/Denis-Juniior-Vila-Nova-e1712452402582.jpg\" alt=\"\" class=\"wp-image-19796\" srcset=\"https:\/\/renatodias.online\/movimento\/wp-content\/uploads\/2024\/03\/Denis-Juniior-Vila-Nova-e1712452402582.jpg 400w, https:\/\/renatodias.online\/movimento\/wp-content\/uploads\/2024\/03\/Denis-Juniior-Vila-Nova-e1712452402582-300x150.jpg 300w, https:\/\/renatodias.online\/movimento\/wp-content\/uploads\/2024\/03\/Denis-Juniior-Vila-Nova-e1712452402582-150x75.jpg 150w\" sizes=\"auto, (max-width: 400px) 100vw, 400px\" \/><\/figure>\n","protected":false},"excerpt":{"rendered":"<p>Da parte administrativa da sede Al\u00e9m da constru\u00e7\u00e3o do Espa\u00e7o de Conviv\u00eancia no OBA Presidente da C\u00e2mara Municipal de Goi\u00e2nia \u00e9 dirigente da equipe desde 2020 e, de l\u00e1 para c\u00e1, participou ativamente nas reformas e constru\u00e7\u00f5es do clube colorado Desde 2020, a atual gest\u00e3o diretiva do Vila Nova \u00e9 marcada, tamb\u00e9m, pelas melhorias estruturais<\/p>\n","protected":false},"author":2,"featured_media":19962,"comment_status":"open","ping_status":"open","sticky":false,"template":"","format":"standard","meta":{"_acf_changed":false,"_monsterinsights_skip_tracking":false,"_monsterinsights_sitenote_active":false,"_monsterinsights_sitenote_note":"","_monsterinsights_sitenote_category":0,"footnotes":""},"categories":[9,159,33,4],"tags":[],"class_list":["post-19994","post","type-post","status-publish","format-standard","has-post-thumbnail","hentry","category-cidade","category-eleicoes","category-esporte","category-politica"],"acf":[],"yoast_head":"<!-- This site is optimized with the Yoast SEO plugin v27.4 - https:\/\/yoast.com\/product\/yoast-seo-wordpress\/ -->\n<title>Policarpo viabiliza reforma no Vila Nova -<\/title>\n<meta name=\"robots\" content=\"index, follow, max-snippet:-1, max-image-preview:large, max-video-preview:-1\" \/>\n<link rel=\"canonical\" href=\"https:\/\/renatodias.online\/movimento\/2024\/04\/06\/policarpo-viabiliza-reforma-no-vila-nova\/\" \/>\n<meta property=\"og:locale\" content=\"pt_BR\" \/>\n<meta property=\"og:type\" content=\"article\" \/>\n<meta property=\"og:title\" content=\"Policarpo viabiliza reforma no Vila Nova -\" \/>\n<meta property=\"og:description\" content=\"Da parte administrativa da sede Al\u00e9m da constru\u00e7\u00e3o do Espa\u00e7o de Conviv\u00eancia no OBA Presidente da C\u00e2mara Municipal de Goi\u00e2nia \u00e9 dirigente da equipe desde 2020 e, de l\u00e1 para c\u00e1, participou ativamente nas reformas e constru\u00e7\u00f5es do clube colorado Desde 2020, a atual gest\u00e3o diretiva do Vila Nova \u00e9 marcada, tamb\u00e9m, pelas melhorias estruturais\" \/>\n<meta property=\"og:url\" content=\"https:\/\/renatodias.online\/movimento\/2024\/04\/06\/policarpo-viabiliza-reforma-no-vila-nova\/\" \/>\n<meta property=\"article:publisher\" content=\"https:\/\/www.facebook.com\/renato.dias.37\" \/>\n<meta property=\"article:author\" content=\"https:\/\/www.facebook.com\/renato.dias.37\" \/>\n<meta property=\"article:published_time\" content=\"2024-04-07T01:16:11+00:00\" \/>\n<meta property=\"article:modified_time\" content=\"2024-04-07T01:16:18+00:00\" \/>\n<meta property=\"og:image\" content=\"https:\/\/renatodias.online\/movimento\/wp-content\/uploads\/2024\/04\/Romario-Policarpo-e1712452548251.jpg\" \/>\n\t<meta property=\"og:image:width\" content=\"700\" \/>\n\t<meta property=\"og:image:height\" content=\"466\" \/>\n\t<meta property=\"og:image:type\" content=\"image\/jpeg\" \/>\n<meta name=\"author\" content=\"Renato Dias\" \/>\n<meta name=\"twitter:card\" content=\"summary_large_image\" \/>\n<meta name=\"twitter:creator\" content=\"@RenatoDiasBat\" \/>\n<meta name=\"twitter:site\" content=\"@RenatoDiasBat\" \/>\n<meta name=\"twitter:label1\" content=\"Escrito por\" \/>\n\t<meta name=\"twitter:data1\" content=\"Renato Dias\" \/>\n\t<meta name=\"twitter:label2\" content=\"Est. tempo de leitura\" \/>\n\t<meta name=\"twitter:data2\" content=\"3 minutos\" \/>\n<script type=\"application\/ld+json\" class=\"yoast-schema-graph\">{\"@context\":\"https:\\\/\\\/schema.org\",\"@graph\":[{\"@type\":\"Article\",\"@id\":\"https:\\\/\\\/renatodias.online\\\/movimento\\\/2024\\\/04\\\/06\\\/policarpo-viabiliza-reforma-no-vila-nova\\\/#article\",\"isPartOf\":{\"@id\":\"https:\\\/\\\/renatodias.online\\\/movimento\\\/2024\\\/04\\\/06\\\/policarpo-viabiliza-reforma-no-vila-nova\\\/\"},\"author\":{\"name\":\"Renato Dias\",\"@id\":\"https:\\\/\\\/renatodias.online\\\/movimento\\\/#\\\/schema\\\/person\\\/bbab28833b1725a20f4083f49f1fb2a9\"},\"headline\":\"Policarpo viabiliza reforma no Vila Nova\",\"datePublished\":\"2024-04-07T01:16:11+00:00\",\"dateModified\":\"2024-04-07T01:16:18+00:00\",\"mainEntityOfPage\":{\"@id\":\"https:\\\/\\\/renatodias.online\\\/movimento\\\/2024\\\/04\\\/06\\\/policarpo-viabiliza-reforma-no-vila-nova\\\/\"},\"wordCount\":337,\"commentCount\":0,\"publisher\":{\"@id\":\"https:\\\/\\\/renatodias.online\\\/movimento\\\/#\\\/schema\\\/person\\\/bbab28833b1725a20f4083f49f1fb2a9\"},\"image\":{\"@id\":\"https:\\\/\\\/renatodias.online\\\/movimento\\\/2024\\\/04\\\/06\\\/policarpo-viabiliza-reforma-no-vila-nova\\\/#primaryimage\"},\"thumbnailUrl\":\"https:\\\/\\\/renatodias.online\\\/movimento\\\/wp-content\\\/uploads\\\/2024\\\/04\\\/Romario-Policarpo-e1712452548251.jpg\",\"articleSection\":[\"Cidade\",\"Elei\u00e7\u00f5es\",\"Esporte\",\"Pol\u00edtica\"],\"inLanguage\":\"pt-BR\",\"potentialAction\":[{\"@type\":\"CommentAction\",\"name\":\"Comment\",\"target\":[\"https:\\\/\\\/renatodias.online\\\/movimento\\\/2024\\\/04\\\/06\\\/policarpo-viabiliza-reforma-no-vila-nova\\\/#respond\"]}]},{\"@type\":\"WebPage\",\"@id\":\"https:\\\/\\\/renatodias.online\\\/movimento\\\/2024\\\/04\\\/06\\\/policarpo-viabiliza-reforma-no-vila-nova\\\/\",\"url\":\"https:\\\/\\\/renatodias.online\\\/movimento\\\/2024\\\/04\\\/06\\\/policarpo-viabiliza-reforma-no-vila-nova\\\/\",\"name\":\"Policarpo viabiliza reforma no Vila Nova -\",\"isPartOf\":{\"@id\":\"https:\\\/\\\/renatodias.online\\\/movimento\\\/#website\"},\"primaryImageOfPage\":{\"@id\":\"https:\\\/\\\/renatodias.online\\\/movimento\\\/2024\\\/04\\\/06\\\/policarpo-viabiliza-reforma-no-vila-nova\\\/#primaryimage\"},\"image\":{\"@id\":\"https:\\\/\\\/renatodias.online\\\/movimento\\\/2024\\\/04\\\/06\\\/policarpo-viabiliza-reforma-no-vila-nova\\\/#primaryimage\"},\"thumbnailUrl\":\"https:\\\/\\\/renatodias.online\\\/movimento\\\/wp-content\\\/uploads\\\/2024\\\/04\\\/Romario-Policarpo-e1712452548251.jpg\",\"datePublished\":\"2024-04-07T01:16:11+00:00\",\"dateModified\":\"2024-04-07T01:16:18+00:00\",\"breadcrumb\":{\"@id\":\"https:\\\/\\\/renatodias.online\\\/movimento\\\/2024\\\/04\\\/06\\\/policarpo-viabiliza-reforma-no-vila-nova\\\/#breadcrumb\"},\"inLanguage\":\"pt-BR\",\"potentialAction\":[{\"@type\":\"ReadAction\",\"target\":[\"https:\\\/\\\/renatodias.online\\\/movimento\\\/2024\\\/04\\\/06\\\/policarpo-viabiliza-reforma-no-vila-nova\\\/\"]}]},{\"@type\":\"ImageObject\",\"inLanguage\":\"pt-BR\",\"@id\":\"https:\\\/\\\/renatodias.online\\\/movimento\\\/2024\\\/04\\\/06\\\/policarpo-viabiliza-reforma-no-vila-nova\\\/#primaryimage\",\"url\":\"https:\\\/\\\/renatodias.online\\\/movimento\\\/wp-content\\\/uploads\\\/2024\\\/04\\\/Romario-Policarpo-e1712452548251.jpg\",\"contentUrl\":\"https:\\\/\\\/renatodias.online\\\/movimento\\\/wp-content\\\/uploads\\\/2024\\\/04\\\/Romario-Policarpo-e1712452548251.jpg\",\"width\":700,\"height\":466,\"caption\":\"Rom\u00e1rio Policarpo\"},{\"@type\":\"BreadcrumbList\",\"@id\":\"https:\\\/\\\/renatodias.online\\\/movimento\\\/2024\\\/04\\\/06\\\/policarpo-viabiliza-reforma-no-vila-nova\\\/#breadcrumb\",\"itemListElement\":[{\"@type\":\"ListItem\",\"position\":1,\"name\":\"In\u00edcio\",\"item\":\"https:\\\/\\\/renatodias.online\\\/movimento\\\/\"},{\"@type\":\"ListItem\",\"position\":2,\"name\":\"Policarpo viabiliza reforma no Vila Nova\"}]},{\"@type\":\"WebSite\",\"@id\":\"https:\\\/\\\/renatodias.online\\\/movimento\\\/#website\",\"url\":\"https:\\\/\\\/renatodias.online\\\/movimento\\\/\",\"name\":\"\",\"description\":\"\",\"publisher\":{\"@id\":\"https:\\\/\\\/renatodias.online\\\/movimento\\\/#\\\/schema\\\/person\\\/bbab28833b1725a20f4083f49f1fb2a9\"},\"potentialAction\":[{\"@type\":\"SearchAction\",\"target\":{\"@type\":\"EntryPoint\",\"urlTemplate\":\"https:\\\/\\\/renatodias.online\\\/movimento\\\/?s={search_term_string}\"},\"query-input\":{\"@type\":\"PropertyValueSpecification\",\"valueRequired\":true,\"valueName\":\"search_term_string\"}}],\"inLanguage\":\"pt-BR\"},{\"@type\":[\"Person\",\"Organization\"],\"@id\":\"https:\\\/\\\/renatodias.online\\\/movimento\\\/#\\\/schema\\\/person\\\/bbab28833b1725a20f4083f49f1fb2a9\",\"name\":\"Renato Dias\",\"image\":{\"@type\":\"ImageObject\",\"inLanguage\":\"pt-BR\",\"@id\":\"https:\\\/\\\/renatodias.online\\\/movimento\\\/wp-content\\\/uploads\\\/2023\\\/03\\\/cropped-cropped-cropped-logofinal.jpeg\",\"url\":\"https:\\\/\\\/renatodias.online\\\/movimento\\\/wp-content\\\/uploads\\\/2023\\\/03\\\/cropped-cropped-cropped-logofinal.jpeg\",\"contentUrl\":\"https:\\\/\\\/renatodias.online\\\/movimento\\\/wp-content\\\/uploads\\\/2023\\\/03\\\/cropped-cropped-cropped-logofinal.jpeg\",\"width\":1280,\"height\":219,\"caption\":\"Renato Dias\"},\"logo\":{\"@id\":\"https:\\\/\\\/renatodias.online\\\/movimento\\\/wp-content\\\/uploads\\\/2023\\\/03\\\/cropped-cropped-cropped-logofinal.jpeg\"},\"description\":\"Renato Dias, 58 anos, \u00e9 graduado em Jornalismo, formado em Ci\u00eancias Sociais, com p\u00f3s-gradua\u00e7\u00e3o em Pol\u00edticas P\u00fablicas, mestre em Direito e Rela\u00e7\u00f5es Internacionais, ex-aluno extraordin\u00e1rio do Doutorado em Psicologia Social, ex-estudante do Curso de Psican\u00e1lise do Centro de Estudos Psicanal\u00edticos do Estado de Goi\u00e1s, ministrado pelo m\u00e9dico psiquiatra e psicanalista Daniel Em\u00eddio de Souza. \u00c9 autor de 30 livros-reportagem, oito document\u00e1rios, ganhou 30 pr\u00eamios e \u00e9 torcedor apaixonado do maior do Centro-Oeste, o Vila Nova Futebol Clube. Casado com Meirilane Dias, \u00e9 pai de Juliana Dias, jornalista; Daniel Dias, economista; e Maria Rosa Dias, estudante antifascista, socialista e trotskista.\u00a0Com tr\u00eas pets: Porquinho [Bull Dog Franc\u00eas], Dalila [Basset Hound] e Geleia [Basset Hound]. Al\u00e9m do eterno gato Tutuquinho, que virou estrela.\",\"sameAs\":[\"https:\\\/\\\/www.facebook.com\\\/renato.dias.37\",\"#breve\",\"https:\\\/\\\/renatodias.tumblr.com\\\/\"],\"url\":\"https:\\\/\\\/renatodias.online\\\/movimento\\\/author\\\/renatodias\\\/\"}]}<\/script>\n<!-- \/ Yoast SEO plugin. -->","yoast_head_json":{"title":"Policarpo viabiliza reforma no Vila Nova -","robots":{"index":"index","follow":"follow","max-snippet":"max-snippet:-1","max-image-preview":"max-image-preview:large","max-video-preview":"max-video-preview:-1"},"canonical":"https:\/\/renatodias.online\/movimento\/2024\/04\/06\/policarpo-viabiliza-reforma-no-vila-nova\/","og_locale":"pt_BR","og_type":"article","og_title":"Policarpo viabiliza reforma no Vila Nova -","og_description":"Da parte administrativa da sede Al\u00e9m da constru\u00e7\u00e3o do Espa\u00e7o de Conviv\u00eancia no OBA Presidente da C\u00e2mara Municipal de Goi\u00e2nia \u00e9 dirigente da equipe desde 2020 e, de l\u00e1 para c\u00e1, participou ativamente nas reformas e constru\u00e7\u00f5es do clube colorado Desde 2020, a atual gest\u00e3o diretiva do Vila Nova \u00e9 marcada, tamb\u00e9m, pelas melhorias estruturais","og_url":"https:\/\/renatodias.online\/movimento\/2024\/04\/06\/policarpo-viabiliza-reforma-no-vila-nova\/","article_publisher":"https:\/\/www.facebook.com\/renato.dias.37","article_author":"https:\/\/www.facebook.com\/renato.dias.37","article_published_time":"2024-04-07T01:16:11+00:00","article_modified_time":"2024-04-07T01:16:18+00:00","og_image":[{"width":700,"height":466,"url":"https:\/\/renatodias.online\/movimento\/wp-content\/uploads\/2024\/04\/Romario-Policarpo-e1712452548251.jpg","type":"image\/jpeg"}],"author":"Renato Dias","twitter_card":"summary_large_image","twitter_creator":"@RenatoDiasBat","twitter_site":"@RenatoDiasBat","twitter_misc":{"Escrito por":"Renato Dias","Est. tempo de leitura":"3 minutos"},"schema":{"@context":"https:\/\/schema.org","@graph":[{"@type":"Article","@id":"https:\/\/renatodias.online\/movimento\/2024\/04\/06\/policarpo-viabiliza-reforma-no-vila-nova\/#article","isPartOf":{"@id":"https:\/\/renatodias.online\/movimento\/2024\/04\/06\/policarpo-viabiliza-reforma-no-vila-nova\/"},"author":{"name":"Renato Dias","@id":"https:\/\/renatodias.online\/movimento\/#\/schema\/person\/bbab28833b1725a20f4083f49f1fb2a9"},"headline":"Policarpo viabiliza reforma no Vila Nova","datePublished":"2024-04-07T01:16:11+00:00","dateModified":"2024-04-07T01:16:18+00:00","mainEntityOfPage":{"@id":"https:\/\/renatodias.online\/movimento\/2024\/04\/06\/policarpo-viabiliza-reforma-no-vila-nova\/"},"wordCount":337,"commentCount":0,"publisher":{"@id":"https:\/\/renatodias.online\/movimento\/#\/schema\/person\/bbab28833b1725a20f4083f49f1fb2a9"},"image":{"@id":"https:\/\/renatodias.online\/movimento\/2024\/04\/06\/policarpo-viabiliza-reforma-no-vila-nova\/#primaryimage"},"thumbnailUrl":"https:\/\/renatodias.online\/movimento\/wp-content\/uploads\/2024\/04\/Romario-Policarpo-e1712452548251.jpg","articleSection":["Cidade","Elei\u00e7\u00f5es","Esporte","Pol\u00edtica"],"inLanguage":"pt-BR","potentialAction":[{"@type":"CommentAction","name":"Comment","target":["https:\/\/renatodias.online\/movimento\/2024\/04\/06\/policarpo-viabiliza-reforma-no-vila-nova\/#respond"]}]},{"@type":"WebPage","@id":"https:\/\/renatodias.online\/movimento\/2024\/04\/06\/policarpo-viabiliza-reforma-no-vila-nova\/","url":"https:\/\/renatodias.online\/movimento\/2024\/04\/06\/policarpo-viabiliza-reforma-no-vila-nova\/","name":"Policarpo viabiliza reforma no Vila Nova -","isPartOf":{"@id":"https:\/\/renatodias.online\/movimento\/#website"},"primaryImageOfPage":{"@id":"https:\/\/renatodias.online\/movimento\/2024\/04\/06\/policarpo-viabiliza-reforma-no-vila-nova\/#primaryimage"},"image":{"@id":"https:\/\/renatodias.online\/movimento\/2024\/04\/06\/policarpo-viabiliza-reforma-no-vila-nova\/#primaryimage"},"thumbnailUrl":"https:\/\/renatodias.online\/movimento\/wp-content\/uploads\/2024\/04\/Romario-Policarpo-e1712452548251.jpg","datePublished":"2024-04-07T01:16:11+00:00","dateModified":"2024-04-07T01:16:18+00:00","breadcrumb":{"@id":"https:\/\/renatodias.online\/movimento\/2024\/04\/06\/policarpo-viabiliza-reforma-no-vila-nova\/#breadcrumb"},"inLanguage":"pt-BR","potentialAction":[{"@type":"ReadAction","target":["https:\/\/renatodias.online\/movimento\/2024\/04\/06\/policarpo-viabiliza-reforma-no-vila-nova\/"]}]},{"@type":"ImageObject","inLanguage":"pt-BR","@id":"https:\/\/renatodias.online\/movimento\/2024\/04\/06\/policarpo-viabiliza-reforma-no-vila-nova\/#primaryimage","url":"https:\/\/renatodias.online\/movimento\/wp-content\/uploads\/2024\/04\/Romario-Policarpo-e1712452548251.jpg","contentUrl":"https:\/\/renatodias.online\/movimento\/wp-content\/uploads\/2024\/04\/Romario-Policarpo-e1712452548251.jpg","width":700,"height":466,"caption":"Rom\u00e1rio Policarpo"},{"@type":"BreadcrumbList","@id":"https:\/\/renatodias.online\/movimento\/2024\/04\/06\/policarpo-viabiliza-reforma-no-vila-nova\/#breadcrumb","itemListElement":[{"@type":"ListItem","position":1,"name":"In\u00edcio","item":"https:\/\/renatodias.online\/movimento\/"},{"@type":"ListItem","position":2,"name":"Policarpo viabiliza reforma no Vila Nova"}]},{"@type":"WebSite","@id":"https:\/\/renatodias.online\/movimento\/#website","url":"https:\/\/renatodias.online\/movimento\/","name":"","description":"","publisher":{"@id":"https:\/\/renatodias.online\/movimento\/#\/schema\/person\/bbab28833b1725a20f4083f49f1fb2a9"},"potentialAction":[{"@type":"SearchAction","target":{"@type":"EntryPoint","urlTemplate":"https:\/\/renatodias.online\/movimento\/?s={search_term_string}"},"query-input":{"@type":"PropertyValueSpecification","valueRequired":true,"valueName":"search_term_string"}}],"inLanguage":"pt-BR"},{"@type":["Person","Organization"],"@id":"https:\/\/renatodias.online\/movimento\/#\/schema\/person\/bbab28833b1725a20f4083f49f1fb2a9","name":"Renato Dias","image":{"@type":"ImageObject","inLanguage":"pt-BR","@id":"https:\/\/renatodias.online\/movimento\/wp-content\/uploads\/2023\/03\/cropped-cropped-cropped-logofinal.jpeg","url":"https:\/\/renatodias.online\/movimento\/wp-content\/uploads\/2023\/03\/cropped-cropped-cropped-logofinal.jpeg","contentUrl":"https:\/\/renatodias.online\/movimento\/wp-content\/uploads\/2023\/03\/cropped-cropped-cropped-logofinal.jpeg","width":1280,"height":219,"caption":"Renato Dias"},"logo":{"@id":"https:\/\/renatodias.online\/movimento\/wp-content\/uploads\/2023\/03\/cropped-cropped-cropped-logofinal.jpeg"},"description":"Renato Dias, 58 anos, \u00e9 graduado em Jornalismo, formado em Ci\u00eancias Sociais, com p\u00f3s-gradua\u00e7\u00e3o em Pol\u00edticas P\u00fablicas, mestre em Direito e Rela\u00e7\u00f5es Internacionais, ex-aluno extraordin\u00e1rio do Doutorado em Psicologia Social, ex-estudante do Curso de Psican\u00e1lise do Centro de Estudos Psicanal\u00edticos do Estado de Goi\u00e1s, ministrado pelo m\u00e9dico psiquiatra e psicanalista Daniel Em\u00eddio de Souza. \u00c9 autor de 30 livros-reportagem, oito document\u00e1rios, ganhou 30 pr\u00eamios e \u00e9 torcedor apaixonado do maior do Centro-Oeste, o Vila Nova Futebol Clube. Casado com Meirilane Dias, \u00e9 pai de Juliana Dias, jornalista; Daniel Dias, economista; e Maria Rosa Dias, estudante antifascista, socialista e trotskista.\u00a0Com tr\u00eas pets: Porquinho [Bull Dog Franc\u00eas], Dalila [Basset Hound] e Geleia [Basset Hound]. Al\u00e9m do eterno gato Tutuquinho, que virou estrela.","sameAs":["https:\/\/www.facebook.com\/renato.dias.37","#breve","https:\/\/renatodias.tumblr.com\/"],"url":"https:\/\/renatodias.online\/movimento\/author\/renatodias\/"}]}},"_links":{"self":[{"href":"https:\/\/renatodias.online\/movimento\/wp-json\/wp\/v2\/posts\/19994","targetHints":{"allow":["GET"]}}],"collection":[{"href":"https:\/\/renatodias.online\/movimento\/wp-json\/wp\/v2\/posts"}],"about":[{"href":"https:\/\/renatodias.online\/movimento\/wp-json\/wp\/v2\/types\/post"}],"author":[{"embeddable":true,"href":"https:\/\/renatodias.online\/movimento\/wp-json\/wp\/v2\/users\/2"}],"replies":[{"embeddable":true,"href":"https:\/\/renatodias.online\/movimento\/wp-json\/wp\/v2\/comments?post=19994"}],"version-history":[{"count":1,"href":"https:\/\/renatodias.online\/movimento\/wp-json\/wp\/v2\/posts\/19994\/revisions"}],"predecessor-version":[{"id":19995,"href":"https:\/\/renatodias.online\/movimento\/wp-json\/wp\/v2\/posts\/19994\/revisions\/19995"}],"wp:featuredmedia":[{"embeddable":true,"href":"https:\/\/renatodias.online\/movimento\/wp-json\/wp\/v2\/media\/19962"}],"wp:attachment":[{"href":"https:\/\/renatodias.online\/movimento\/wp-json\/wp\/v2\/media?parent=19994"}],"wp:term":[{"taxonomy":"category","embeddable":true,"href":"https:\/\/renatodias.online\/movimento\/wp-json\/wp\/v2\/categories?post=19994"},{"taxonomy":"post_tag","embeddable":true,"href":"https:\/\/renatodias.online\/movimento\/wp-json\/wp\/v2\/tags?post=19994"}],"curies":[{"name":"wp","href":"https:\/\/api.w.org\/{rel}","templated":true}]}}