{"id":19783,"date":"2024-03-11T22:51:28","date_gmt":"2024-03-12T01:51:28","guid":{"rendered":"https:\/\/renatodias.online\/movimento\/?p=19783"},"modified":"2024-03-11T22:51:29","modified_gmt":"2024-03-12T01:51:29","slug":"karlos-cabral-quer-federalizacao","status":"publish","type":"post","link":"https:\/\/renatodias.online\/movimento\/2024\/03\/11\/karlos-cabral-quer-federalizacao\/","title":{"rendered":"<strong>Karlos Cabral quer federaliza\u00e7\u00e3o<\/strong>"},"content":{"rendered":"\n<figure class=\"wp-block-image aligncenter size-full\"><img loading=\"lazy\" decoding=\"async\" width=\"150\" height=\"98\" src=\"https:\/\/renatodias.online\/movimento\/wp-content\/uploads\/2023\/07\/Direitos-humanos-especial-e1688772453717.png\" alt=\"\" class=\"wp-image-17426\"\/><\/figure>\n\n\n\n<p class=\"has-text-align-center\"><strong><mark style=\"background-color:rgba(0, 0, 0, 0)\" class=\"has-inline-color has-vivid-cyan-blue-color\">Na\u00a0investiga\u00e7\u00e3o<\/mark><\/strong><\/p>\n\n\n\n<p class=\"has-text-align-center\"><strong><mark style=\"background-color:rgba(0, 0, 0, 0)\" class=\"has-inline-color has-vivid-green-cyan-color\">Da morte de goiano<\/mark><\/strong><\/p>\n\n\n\n<p class=\"has-text-align-center\"><strong><mark style=\"background-color:rgba(0, 0, 0, 0)\" class=\"has-inline-color has-luminous-vivid-orange-color\">Jovem de Caiap\u00f4nia morreu durante treinamento do Corpo dos Bombeiros do Mato Grosso. Suspeitas sobre as circunst\u00e2ncias do afogamento levaram deputado goiano a pedir ao Minist\u00e9rio da Justi\u00e7a que acompanhe as investiga\u00e7\u00f5es<\/mark><\/strong><\/p>\n\n\n\n<p><strong>O deputado estadual Karlos Cabral (PSB) solicitou ao Minist\u00e9rio da Justi\u00e7a e Seguran\u00e7a P\u00fablica que investigue a morte do goiano Lucas Veloso Peres, de 27 anos de idade, ocorrida em treinamento do Corpo de Bombeiros do Mato Grosso, em Cuiab\u00e1. Natural de Caiap\u00f4nia (GO), Lucas participava de aula de salvamento aqu\u00e1tico em 27 de fevereiro, quando supostamente se afogou. Embora levado para um hospital particular, n\u00e3o resistiu.\u00a0O corpo foi levado para Caiap\u00f4nia e enterrado no cemit\u00e9rio S\u00e3o Judas Tadeu. Lucas era noivo e estava com casamento marcado para julho.<\/strong><\/p>\n\n\n\n<figure class=\"wp-block-image aligncenter size-full\"><img loading=\"lazy\" decoding=\"async\" width=\"150\" height=\"150\" src=\"https:\/\/renatodias.online\/movimento\/wp-content\/uploads\/2023\/01\/Para-entender-e1706569858999.png\" alt=\"\" class=\"wp-image-15239\" srcset=\"https:\/\/renatodias.online\/movimento\/wp-content\/uploads\/2023\/01\/Para-entender-e1706569858999.png 150w, https:\/\/renatodias.online\/movimento\/wp-content\/uploads\/2023\/01\/Para-entender-e1706569858999-96x96.png 96w\" sizes=\"auto, (max-width: 150px) 100vw, 150px\" \/><\/figure>\n\n\n\n<p><strong><mark style=\"background-color:rgba(0, 0, 0, 0)\" class=\"has-inline-color has-vivid-cyan-blue-color\">Karlos Cabral\u00a0est\u00e1 indignado com o caso e a dor da fam\u00edlia em Goi\u00e1s. O deputado exige maior rigor na investiga\u00e7\u00e3o pelas autoridades do Mato Grosso e recorreu ao Minist\u00e9rio da Justi\u00e7a para federalizar as investiga\u00e7\u00f5es. H\u00e1 d\u00favidas e suspeitas sobre como ocorreu o suposto afogamento do jovem goiano e as investiga\u00e7\u00f5es est\u00e3o sob a responsabilidade do Corpo de Bombeiros e n\u00e3o pela Pol\u00edcia Civil daquele estado.<\/mark><\/strong><\/p>\n\n\n\n<p><strong>\u201cSe trata de um cidad\u00e3o goiano, nascido em Caiap\u00f4nia, e que a princ\u00edpio as not\u00edcias davam conta de que ele teria se afogado, que teria tido um mal s\u00fabito. Mas aos poucos foram relevando-se fatos que nos deixaram extremamente perplexos. Pedimos ao Minist\u00e9rio da Justi\u00e7a os meios para que essa investiga\u00e7\u00e3o possa ser federalizada. N\u00e3o podemos admitir que mais um caso, que n\u00e3o \u00e9 isolado, caia no esquecimento\u201d, disse o deputado.<\/strong><\/p>\n\n\n\n<figure class=\"wp-block-image aligncenter size-full\"><img decoding=\"async\" src=\"https:\/\/renatodias.online\/movimento\/wp-content\/uploads\/2022\/08\/Raio-X-especial-e1680139645191.png\" alt=\"\" class=\"wp-image-13781\"\/><\/figure>\n\n\n\n<p><strong>Em pronunciamento na Assembleia Legislativa de Goi\u00e1s (Alego) nesta semana, Karlos Cabral afirmou que a morte de Lucas n\u00e3o \u00e9 a primeira em treinamentos dos Bombeiros de Mato Grosso. Em 2016, o aluno Rodrigo Claro morreu durante atividades aqu\u00e1ticas, tamb\u00e9m na Lagoa Trevisan, em Cuiab\u00e1.<\/strong><\/p>\n\n\n\n<p class=\"has-text-align-center\"><strong><mark style=\"background-color:rgba(0, 0, 0, 0)\" class=\"has-inline-color has-vivid-green-cyan-color\">Repercuss\u00e3o<\/mark><\/strong><\/p>\n\n\n\n<p><strong>A mobiliza\u00e7\u00e3o realizada por Karlos Cabral teve ampla repercuss\u00e3o na imprensa de Mato Grosso. Com isso, o presidente da Assembleia Legislativa de Mato Grosso (ALMT), o deputado Eduardo Botelho (Uni\u00e3o Brasil), cobrou  provid\u00eancias sobre a investiga\u00e7\u00e3o da morte do goiano\u00a0Lucas Veloso.\u00a0Cobrou tamb\u00e9m posicionamento do comandante-geral do Corpo de Bombeiros daquele estado, o coronel Alessandro\u00a0Borges.<\/strong><\/p>\n\n\n\n<p><strong>Al\u00e9m disso, os deputados estaduais apresentaram nesta semana no Legislativo do Mato Grosso um projeto de lei que torna obrigat\u00f3ria a grava\u00e7\u00e3o de treinamentos do Corpo de Bombeiros e da Pol\u00edcia Militar no estado. Uma iniciativa como resposta \u00e0 morte de Lucas Veloso. O projeto determina que as filmagens devem ser armazenadas em ambientes seguros e protegidos, garantindo a confidencialidade, integridade e disponibilidade dos dados. Botelho j\u00e1 declarou apoio \u00e0 proposta.<\/strong><\/p>\n\n\n\n<figure class=\"wp-block-image aligncenter size-full\"><img loading=\"lazy\" decoding=\"async\" width=\"300\" height=\"103\" src=\"https:\/\/renatodias.online\/movimento\/wp-content\/uploads\/2022\/08\/Saiba-mais-e1680139445250.png\" alt=\"\" class=\"wp-image-13698\" srcset=\"https:\/\/renatodias.online\/movimento\/wp-content\/uploads\/2022\/08\/Saiba-mais-e1680139445250.png 300w, https:\/\/renatodias.online\/movimento\/wp-content\/uploads\/2022\/08\/Saiba-mais-e1680139445250-150x52.png 150w\" sizes=\"auto, (max-width: 300px) 100vw, 300px\" \/><\/figure>\n\n\n\n<p class=\"has-text-align-center\"><strong><mark style=\"background-color:rgba(0, 0, 0, 0)\" class=\"has-inline-color has-luminous-vivid-orange-color\">Desabafo de m\u00e3e<\/mark><\/strong><\/p>\n\n\n\n<p><strong>A m\u00e3e do aluno Rodrigo Claro, Jane Patr\u00edcia Claro, enviou mensagem pelas redes sociais \u00e0 Karlos Cabral o parabenizando por sua mobiliza\u00e7\u00e3o em prol de maior investiga\u00e7\u00e3o sobre a morte do jovem goiano. \u201cParab\u00e9ns deputado. Infelizmente em Mato Grosso, na \u00e9poca em meu filho Rodrigo Claro foi morto em treinamento dos Bombeiros, nenhum deputado teve a coragem que o senhor est\u00e1 tendo em defesa dessa Justi\u00e7a\u201d, afirmou a m\u00e3e.<\/strong><\/p>\n\n\n\n<p><strong>\u201cMe vi abandonada pelas ditas autoridades do Estado, que poderiam fazer algo e simplesmente cruzaram os bra\u00e7os. Eu, como m\u00e3e, lutei sozinha. Lutei muito para evitar a morte do Lucas, lutei muito para que esses treinamentos mudassem. Mas a mudan\u00e7a, infelizmente, foi para pior e Lucas foi morto\u201d, enfatizou Jane Patr\u00edcia Claro.<\/strong><\/p>\n\n\n\n<p><strong>Karlos Cabral tamb\u00e9m pede que a Comiss\u00e3o de Direitos Humanos da Assembleia Legislativa de Goi\u00e1s acompanhe o caso. Ele solicitou audi\u00eancia com o governador Ronaldo Caiado (UB) para levar o caso ao seu conhecimento.\u00a0\u201cDefendemos que seja realizada uma investiga\u00e7\u00e3o isenta e ampla. O nosso jovem Lucas n\u00e3o vai voltar, mas podemos evitar que outros tenham esse mesmo destino\u201d, enfatiza.<\/strong><\/p>\n\n\n\n<figure class=\"wp-block-image aligncenter size-full\"><img decoding=\"async\" src=\"https:\/\/renatodias.online\/movimento\/wp-content\/uploads\/2024\/03\/Ronaldo-Caiado-e1710125376141.jpg\" alt=\"\" class=\"wp-image-19754\"\/><\/figure>\n","protected":false},"excerpt":{"rendered":"<p>Na\u00a0investiga\u00e7\u00e3o Da morte de goiano Jovem de Caiap\u00f4nia morreu durante treinamento do Corpo dos Bombeiros do Mato Grosso. Suspeitas sobre as circunst\u00e2ncias do afogamento levaram deputado goiano a pedir ao Minist\u00e9rio da Justi\u00e7a que acompanhe as investiga\u00e7\u00f5es O deputado estadual Karlos Cabral (PSB) solicitou ao Minist\u00e9rio da Justi\u00e7a e Seguran\u00e7a P\u00fablica que investigue a morte<\/p>\n","protected":false},"author":2,"featured_media":12287,"comment_status":"open","ping_status":"open","sticky":false,"template":"","format":"standard","meta":{"_acf_changed":false,"_monsterinsights_skip_tracking":false,"_monsterinsights_sitenote_active":false,"_monsterinsights_sitenote_note":"","_monsterinsights_sitenote_category":0,"footnotes":""},"categories":[4],"tags":[],"class_list":["post-19783","post","type-post","status-publish","format-standard","has-post-thumbnail","hentry","category-politica"],"acf":[],"yoast_head":"<!-- This site is optimized with the Yoast SEO plugin v27.4 - https:\/\/yoast.com\/product\/yoast-seo-wordpress\/ -->\n<title>Karlos Cabral quer federaliza\u00e7\u00e3o -<\/title>\n<meta name=\"robots\" content=\"index, follow, max-snippet:-1, max-image-preview:large, max-video-preview:-1\" \/>\n<link rel=\"canonical\" href=\"https:\/\/renatodias.online\/movimento\/2024\/03\/11\/karlos-cabral-quer-federalizacao\/\" \/>\n<meta property=\"og:locale\" content=\"pt_BR\" \/>\n<meta property=\"og:type\" content=\"article\" \/>\n<meta property=\"og:title\" content=\"Karlos Cabral quer federaliza\u00e7\u00e3o -\" \/>\n<meta property=\"og:description\" content=\"Na\u00a0investiga\u00e7\u00e3o Da morte de goiano Jovem de Caiap\u00f4nia morreu durante treinamento do Corpo dos Bombeiros do Mato Grosso. Suspeitas sobre as circunst\u00e2ncias do afogamento levaram deputado goiano a pedir ao Minist\u00e9rio da Justi\u00e7a que acompanhe as investiga\u00e7\u00f5es O deputado estadual Karlos Cabral (PSB) solicitou ao Minist\u00e9rio da Justi\u00e7a e Seguran\u00e7a P\u00fablica que investigue a morte\" \/>\n<meta property=\"og:url\" content=\"https:\/\/renatodias.online\/movimento\/2024\/03\/11\/karlos-cabral-quer-federalizacao\/\" \/>\n<meta property=\"article:publisher\" content=\"https:\/\/www.facebook.com\/renato.dias.37\" \/>\n<meta property=\"article:author\" content=\"https:\/\/www.facebook.com\/renato.dias.37\" \/>\n<meta property=\"article:published_time\" content=\"2024-03-12T01:51:28+00:00\" \/>\n<meta property=\"article:modified_time\" content=\"2024-03-12T01:51:29+00:00\" \/>\n<meta property=\"og:image\" content=\"https:\/\/renatodias.online\/movimento\/wp-content\/uploads\/2022\/05\/Karlos-Cabral.jpg\" \/>\n\t<meta property=\"og:image:width\" content=\"810\" \/>\n\t<meta property=\"og:image:height\" content=\"540\" \/>\n\t<meta property=\"og:image:type\" content=\"image\/jpeg\" \/>\n<meta name=\"author\" content=\"Renato Dias\" \/>\n<meta name=\"twitter:card\" content=\"summary_large_image\" \/>\n<meta name=\"twitter:creator\" content=\"@RenatoDiasBat\" \/>\n<meta name=\"twitter:site\" content=\"@RenatoDiasBat\" \/>\n<meta name=\"twitter:label1\" content=\"Escrito por\" \/>\n\t<meta name=\"twitter:data1\" content=\"Renato Dias\" \/>\n\t<meta name=\"twitter:label2\" content=\"Est. tempo de leitura\" \/>\n\t<meta name=\"twitter:data2\" content=\"5 minutos\" \/>\n<script type=\"application\/ld+json\" class=\"yoast-schema-graph\">{\"@context\":\"https:\\\/\\\/schema.org\",\"@graph\":[{\"@type\":\"Article\",\"@id\":\"https:\\\/\\\/renatodias.online\\\/movimento\\\/2024\\\/03\\\/11\\\/karlos-cabral-quer-federalizacao\\\/#article\",\"isPartOf\":{\"@id\":\"https:\\\/\\\/renatodias.online\\\/movimento\\\/2024\\\/03\\\/11\\\/karlos-cabral-quer-federalizacao\\\/\"},\"author\":{\"name\":\"Renato Dias\",\"@id\":\"https:\\\/\\\/renatodias.online\\\/movimento\\\/#\\\/schema\\\/person\\\/bbab28833b1725a20f4083f49f1fb2a9\"},\"headline\":\"Karlos Cabral quer federaliza\u00e7\u00e3o\",\"datePublished\":\"2024-03-12T01:51:28+00:00\",\"dateModified\":\"2024-03-12T01:51:29+00:00\",\"mainEntityOfPage\":{\"@id\":\"https:\\\/\\\/renatodias.online\\\/movimento\\\/2024\\\/03\\\/11\\\/karlos-cabral-quer-federalizacao\\\/\"},\"wordCount\":691,\"commentCount\":0,\"publisher\":{\"@id\":\"https:\\\/\\\/renatodias.online\\\/movimento\\\/#\\\/schema\\\/person\\\/bbab28833b1725a20f4083f49f1fb2a9\"},\"image\":{\"@id\":\"https:\\\/\\\/renatodias.online\\\/movimento\\\/2024\\\/03\\\/11\\\/karlos-cabral-quer-federalizacao\\\/#primaryimage\"},\"thumbnailUrl\":\"https:\\\/\\\/renatodias.online\\\/movimento\\\/wp-content\\\/uploads\\\/2022\\\/05\\\/Karlos-Cabral.jpg\",\"articleSection\":[\"Pol\u00edtica\"],\"inLanguage\":\"pt-BR\",\"potentialAction\":[{\"@type\":\"CommentAction\",\"name\":\"Comment\",\"target\":[\"https:\\\/\\\/renatodias.online\\\/movimento\\\/2024\\\/03\\\/11\\\/karlos-cabral-quer-federalizacao\\\/#respond\"]}]},{\"@type\":\"WebPage\",\"@id\":\"https:\\\/\\\/renatodias.online\\\/movimento\\\/2024\\\/03\\\/11\\\/karlos-cabral-quer-federalizacao\\\/\",\"url\":\"https:\\\/\\\/renatodias.online\\\/movimento\\\/2024\\\/03\\\/11\\\/karlos-cabral-quer-federalizacao\\\/\",\"name\":\"Karlos Cabral quer federaliza\u00e7\u00e3o -\",\"isPartOf\":{\"@id\":\"https:\\\/\\\/renatodias.online\\\/movimento\\\/#website\"},\"primaryImageOfPage\":{\"@id\":\"https:\\\/\\\/renatodias.online\\\/movimento\\\/2024\\\/03\\\/11\\\/karlos-cabral-quer-federalizacao\\\/#primaryimage\"},\"image\":{\"@id\":\"https:\\\/\\\/renatodias.online\\\/movimento\\\/2024\\\/03\\\/11\\\/karlos-cabral-quer-federalizacao\\\/#primaryimage\"},\"thumbnailUrl\":\"https:\\\/\\\/renatodias.online\\\/movimento\\\/wp-content\\\/uploads\\\/2022\\\/05\\\/Karlos-Cabral.jpg\",\"datePublished\":\"2024-03-12T01:51:28+00:00\",\"dateModified\":\"2024-03-12T01:51:29+00:00\",\"breadcrumb\":{\"@id\":\"https:\\\/\\\/renatodias.online\\\/movimento\\\/2024\\\/03\\\/11\\\/karlos-cabral-quer-federalizacao\\\/#breadcrumb\"},\"inLanguage\":\"pt-BR\",\"potentialAction\":[{\"@type\":\"ReadAction\",\"target\":[\"https:\\\/\\\/renatodias.online\\\/movimento\\\/2024\\\/03\\\/11\\\/karlos-cabral-quer-federalizacao\\\/\"]}]},{\"@type\":\"ImageObject\",\"inLanguage\":\"pt-BR\",\"@id\":\"https:\\\/\\\/renatodias.online\\\/movimento\\\/2024\\\/03\\\/11\\\/karlos-cabral-quer-federalizacao\\\/#primaryimage\",\"url\":\"https:\\\/\\\/renatodias.online\\\/movimento\\\/wp-content\\\/uploads\\\/2022\\\/05\\\/Karlos-Cabral.jpg\",\"contentUrl\":\"https:\\\/\\\/renatodias.online\\\/movimento\\\/wp-content\\\/uploads\\\/2022\\\/05\\\/Karlos-Cabral.jpg\",\"width\":810,\"height\":540,\"caption\":\"Karlos Cabral\"},{\"@type\":\"BreadcrumbList\",\"@id\":\"https:\\\/\\\/renatodias.online\\\/movimento\\\/2024\\\/03\\\/11\\\/karlos-cabral-quer-federalizacao\\\/#breadcrumb\",\"itemListElement\":[{\"@type\":\"ListItem\",\"position\":1,\"name\":\"In\u00edcio\",\"item\":\"https:\\\/\\\/renatodias.online\\\/movimento\\\/\"},{\"@type\":\"ListItem\",\"position\":2,\"name\":\"Karlos Cabral quer federaliza\u00e7\u00e3o\"}]},{\"@type\":\"WebSite\",\"@id\":\"https:\\\/\\\/renatodias.online\\\/movimento\\\/#website\",\"url\":\"https:\\\/\\\/renatodias.online\\\/movimento\\\/\",\"name\":\"\",\"description\":\"\",\"publisher\":{\"@id\":\"https:\\\/\\\/renatodias.online\\\/movimento\\\/#\\\/schema\\\/person\\\/bbab28833b1725a20f4083f49f1fb2a9\"},\"potentialAction\":[{\"@type\":\"SearchAction\",\"target\":{\"@type\":\"EntryPoint\",\"urlTemplate\":\"https:\\\/\\\/renatodias.online\\\/movimento\\\/?s={search_term_string}\"},\"query-input\":{\"@type\":\"PropertyValueSpecification\",\"valueRequired\":true,\"valueName\":\"search_term_string\"}}],\"inLanguage\":\"pt-BR\"},{\"@type\":[\"Person\",\"Organization\"],\"@id\":\"https:\\\/\\\/renatodias.online\\\/movimento\\\/#\\\/schema\\\/person\\\/bbab28833b1725a20f4083f49f1fb2a9\",\"name\":\"Renato Dias\",\"image\":{\"@type\":\"ImageObject\",\"inLanguage\":\"pt-BR\",\"@id\":\"https:\\\/\\\/renatodias.online\\\/movimento\\\/wp-content\\\/uploads\\\/2023\\\/03\\\/cropped-cropped-cropped-logofinal.jpeg\",\"url\":\"https:\\\/\\\/renatodias.online\\\/movimento\\\/wp-content\\\/uploads\\\/2023\\\/03\\\/cropped-cropped-cropped-logofinal.jpeg\",\"contentUrl\":\"https:\\\/\\\/renatodias.online\\\/movimento\\\/wp-content\\\/uploads\\\/2023\\\/03\\\/cropped-cropped-cropped-logofinal.jpeg\",\"width\":1280,\"height\":219,\"caption\":\"Renato Dias\"},\"logo\":{\"@id\":\"https:\\\/\\\/renatodias.online\\\/movimento\\\/wp-content\\\/uploads\\\/2023\\\/03\\\/cropped-cropped-cropped-logofinal.jpeg\"},\"description\":\"Renato Dias, 58 anos, \u00e9 graduado em Jornalismo, formado em Ci\u00eancias Sociais, com p\u00f3s-gradua\u00e7\u00e3o em Pol\u00edticas P\u00fablicas, mestre em Direito e Rela\u00e7\u00f5es Internacionais, ex-aluno extraordin\u00e1rio do Doutorado em Psicologia Social, ex-estudante do Curso de Psican\u00e1lise do Centro de Estudos Psicanal\u00edticos do Estado de Goi\u00e1s, ministrado pelo m\u00e9dico psiquiatra e psicanalista Daniel Em\u00eddio de Souza. \u00c9 autor de 30 livros-reportagem, oito document\u00e1rios, ganhou 30 pr\u00eamios e \u00e9 torcedor apaixonado do maior do Centro-Oeste, o Vila Nova Futebol Clube. Casado com Meirilane Dias, \u00e9 pai de Juliana Dias, jornalista; Daniel Dias, economista; e Maria Rosa Dias, estudante antifascista, socialista e trotskista.\u00a0Com tr\u00eas pets: Porquinho [Bull Dog Franc\u00eas], Dalila [Basset Hound] e Geleia [Basset Hound]. Al\u00e9m do eterno gato Tutuquinho, que virou estrela.\",\"sameAs\":[\"https:\\\/\\\/www.facebook.com\\\/renato.dias.37\",\"#breve\",\"https:\\\/\\\/renatodias.tumblr.com\\\/\"],\"url\":\"https:\\\/\\\/renatodias.online\\\/movimento\\\/author\\\/renatodias\\\/\"}]}<\/script>\n<!-- \/ Yoast SEO plugin. -->","yoast_head_json":{"title":"Karlos Cabral quer federaliza\u00e7\u00e3o -","robots":{"index":"index","follow":"follow","max-snippet":"max-snippet:-1","max-image-preview":"max-image-preview:large","max-video-preview":"max-video-preview:-1"},"canonical":"https:\/\/renatodias.online\/movimento\/2024\/03\/11\/karlos-cabral-quer-federalizacao\/","og_locale":"pt_BR","og_type":"article","og_title":"Karlos Cabral quer federaliza\u00e7\u00e3o -","og_description":"Na\u00a0investiga\u00e7\u00e3o Da morte de goiano Jovem de Caiap\u00f4nia morreu durante treinamento do Corpo dos Bombeiros do Mato Grosso. Suspeitas sobre as circunst\u00e2ncias do afogamento levaram deputado goiano a pedir ao Minist\u00e9rio da Justi\u00e7a que acompanhe as investiga\u00e7\u00f5es O deputado estadual Karlos Cabral (PSB) solicitou ao Minist\u00e9rio da Justi\u00e7a e Seguran\u00e7a P\u00fablica que investigue a morte","og_url":"https:\/\/renatodias.online\/movimento\/2024\/03\/11\/karlos-cabral-quer-federalizacao\/","article_publisher":"https:\/\/www.facebook.com\/renato.dias.37","article_author":"https:\/\/www.facebook.com\/renato.dias.37","article_published_time":"2024-03-12T01:51:28+00:00","article_modified_time":"2024-03-12T01:51:29+00:00","og_image":[{"width":810,"height":540,"url":"https:\/\/renatodias.online\/movimento\/wp-content\/uploads\/2022\/05\/Karlos-Cabral.jpg","type":"image\/jpeg"}],"author":"Renato Dias","twitter_card":"summary_large_image","twitter_creator":"@RenatoDiasBat","twitter_site":"@RenatoDiasBat","twitter_misc":{"Escrito por":"Renato Dias","Est. tempo de leitura":"5 minutos"},"schema":{"@context":"https:\/\/schema.org","@graph":[{"@type":"Article","@id":"https:\/\/renatodias.online\/movimento\/2024\/03\/11\/karlos-cabral-quer-federalizacao\/#article","isPartOf":{"@id":"https:\/\/renatodias.online\/movimento\/2024\/03\/11\/karlos-cabral-quer-federalizacao\/"},"author":{"name":"Renato Dias","@id":"https:\/\/renatodias.online\/movimento\/#\/schema\/person\/bbab28833b1725a20f4083f49f1fb2a9"},"headline":"Karlos Cabral quer federaliza\u00e7\u00e3o","datePublished":"2024-03-12T01:51:28+00:00","dateModified":"2024-03-12T01:51:29+00:00","mainEntityOfPage":{"@id":"https:\/\/renatodias.online\/movimento\/2024\/03\/11\/karlos-cabral-quer-federalizacao\/"},"wordCount":691,"commentCount":0,"publisher":{"@id":"https:\/\/renatodias.online\/movimento\/#\/schema\/person\/bbab28833b1725a20f4083f49f1fb2a9"},"image":{"@id":"https:\/\/renatodias.online\/movimento\/2024\/03\/11\/karlos-cabral-quer-federalizacao\/#primaryimage"},"thumbnailUrl":"https:\/\/renatodias.online\/movimento\/wp-content\/uploads\/2022\/05\/Karlos-Cabral.jpg","articleSection":["Pol\u00edtica"],"inLanguage":"pt-BR","potentialAction":[{"@type":"CommentAction","name":"Comment","target":["https:\/\/renatodias.online\/movimento\/2024\/03\/11\/karlos-cabral-quer-federalizacao\/#respond"]}]},{"@type":"WebPage","@id":"https:\/\/renatodias.online\/movimento\/2024\/03\/11\/karlos-cabral-quer-federalizacao\/","url":"https:\/\/renatodias.online\/movimento\/2024\/03\/11\/karlos-cabral-quer-federalizacao\/","name":"Karlos Cabral quer federaliza\u00e7\u00e3o -","isPartOf":{"@id":"https:\/\/renatodias.online\/movimento\/#website"},"primaryImageOfPage":{"@id":"https:\/\/renatodias.online\/movimento\/2024\/03\/11\/karlos-cabral-quer-federalizacao\/#primaryimage"},"image":{"@id":"https:\/\/renatodias.online\/movimento\/2024\/03\/11\/karlos-cabral-quer-federalizacao\/#primaryimage"},"thumbnailUrl":"https:\/\/renatodias.online\/movimento\/wp-content\/uploads\/2022\/05\/Karlos-Cabral.jpg","datePublished":"2024-03-12T01:51:28+00:00","dateModified":"2024-03-12T01:51:29+00:00","breadcrumb":{"@id":"https:\/\/renatodias.online\/movimento\/2024\/03\/11\/karlos-cabral-quer-federalizacao\/#breadcrumb"},"inLanguage":"pt-BR","potentialAction":[{"@type":"ReadAction","target":["https:\/\/renatodias.online\/movimento\/2024\/03\/11\/karlos-cabral-quer-federalizacao\/"]}]},{"@type":"ImageObject","inLanguage":"pt-BR","@id":"https:\/\/renatodias.online\/movimento\/2024\/03\/11\/karlos-cabral-quer-federalizacao\/#primaryimage","url":"https:\/\/renatodias.online\/movimento\/wp-content\/uploads\/2022\/05\/Karlos-Cabral.jpg","contentUrl":"https:\/\/renatodias.online\/movimento\/wp-content\/uploads\/2022\/05\/Karlos-Cabral.jpg","width":810,"height":540,"caption":"Karlos Cabral"},{"@type":"BreadcrumbList","@id":"https:\/\/renatodias.online\/movimento\/2024\/03\/11\/karlos-cabral-quer-federalizacao\/#breadcrumb","itemListElement":[{"@type":"ListItem","position":1,"name":"In\u00edcio","item":"https:\/\/renatodias.online\/movimento\/"},{"@type":"ListItem","position":2,"name":"Karlos Cabral quer federaliza\u00e7\u00e3o"}]},{"@type":"WebSite","@id":"https:\/\/renatodias.online\/movimento\/#website","url":"https:\/\/renatodias.online\/movimento\/","name":"","description":"","publisher":{"@id":"https:\/\/renatodias.online\/movimento\/#\/schema\/person\/bbab28833b1725a20f4083f49f1fb2a9"},"potentialAction":[{"@type":"SearchAction","target":{"@type":"EntryPoint","urlTemplate":"https:\/\/renatodias.online\/movimento\/?s={search_term_string}"},"query-input":{"@type":"PropertyValueSpecification","valueRequired":true,"valueName":"search_term_string"}}],"inLanguage":"pt-BR"},{"@type":["Person","Organization"],"@id":"https:\/\/renatodias.online\/movimento\/#\/schema\/person\/bbab28833b1725a20f4083f49f1fb2a9","name":"Renato Dias","image":{"@type":"ImageObject","inLanguage":"pt-BR","@id":"https:\/\/renatodias.online\/movimento\/wp-content\/uploads\/2023\/03\/cropped-cropped-cropped-logofinal.jpeg","url":"https:\/\/renatodias.online\/movimento\/wp-content\/uploads\/2023\/03\/cropped-cropped-cropped-logofinal.jpeg","contentUrl":"https:\/\/renatodias.online\/movimento\/wp-content\/uploads\/2023\/03\/cropped-cropped-cropped-logofinal.jpeg","width":1280,"height":219,"caption":"Renato Dias"},"logo":{"@id":"https:\/\/renatodias.online\/movimento\/wp-content\/uploads\/2023\/03\/cropped-cropped-cropped-logofinal.jpeg"},"description":"Renato Dias, 58 anos, \u00e9 graduado em Jornalismo, formado em Ci\u00eancias Sociais, com p\u00f3s-gradua\u00e7\u00e3o em Pol\u00edticas P\u00fablicas, mestre em Direito e Rela\u00e7\u00f5es Internacionais, ex-aluno extraordin\u00e1rio do Doutorado em Psicologia Social, ex-estudante do Curso de Psican\u00e1lise do Centro de Estudos Psicanal\u00edticos do Estado de Goi\u00e1s, ministrado pelo m\u00e9dico psiquiatra e psicanalista Daniel Em\u00eddio de Souza. \u00c9 autor de 30 livros-reportagem, oito document\u00e1rios, ganhou 30 pr\u00eamios e \u00e9 torcedor apaixonado do maior do Centro-Oeste, o Vila Nova Futebol Clube. Casado com Meirilane Dias, \u00e9 pai de Juliana Dias, jornalista; Daniel Dias, economista; e Maria Rosa Dias, estudante antifascista, socialista e trotskista.\u00a0Com tr\u00eas pets: Porquinho [Bull Dog Franc\u00eas], Dalila [Basset Hound] e Geleia [Basset Hound]. Al\u00e9m do eterno gato Tutuquinho, que virou estrela.","sameAs":["https:\/\/www.facebook.com\/renato.dias.37","#breve","https:\/\/renatodias.tumblr.com\/"],"url":"https:\/\/renatodias.online\/movimento\/author\/renatodias\/"}]}},"_links":{"self":[{"href":"https:\/\/renatodias.online\/movimento\/wp-json\/wp\/v2\/posts\/19783","targetHints":{"allow":["GET"]}}],"collection":[{"href":"https:\/\/renatodias.online\/movimento\/wp-json\/wp\/v2\/posts"}],"about":[{"href":"https:\/\/renatodias.online\/movimento\/wp-json\/wp\/v2\/types\/post"}],"author":[{"embeddable":true,"href":"https:\/\/renatodias.online\/movimento\/wp-json\/wp\/v2\/users\/2"}],"replies":[{"embeddable":true,"href":"https:\/\/renatodias.online\/movimento\/wp-json\/wp\/v2\/comments?post=19783"}],"version-history":[{"count":1,"href":"https:\/\/renatodias.online\/movimento\/wp-json\/wp\/v2\/posts\/19783\/revisions"}],"predecessor-version":[{"id":19784,"href":"https:\/\/renatodias.online\/movimento\/wp-json\/wp\/v2\/posts\/19783\/revisions\/19784"}],"wp:featuredmedia":[{"embeddable":true,"href":"https:\/\/renatodias.online\/movimento\/wp-json\/wp\/v2\/media\/12287"}],"wp:attachment":[{"href":"https:\/\/renatodias.online\/movimento\/wp-json\/wp\/v2\/media?parent=19783"}],"wp:term":[{"taxonomy":"category","embeddable":true,"href":"https:\/\/renatodias.online\/movimento\/wp-json\/wp\/v2\/categories?post=19783"},{"taxonomy":"post_tag","embeddable":true,"href":"https:\/\/renatodias.online\/movimento\/wp-json\/wp\/v2\/tags?post=19783"}],"curies":[{"name":"wp","href":"https:\/\/api.w.org\/{rel}","templated":true}]}}