{"id":19645,"date":"2024-03-02T22:21:54","date_gmt":"2024-03-03T01:21:54","guid":{"rendered":"https:\/\/renatodias.online\/movimento\/?p=19645"},"modified":"2024-03-02T22:21:55","modified_gmt":"2024-03-03T01:21:55","slug":"fla-e-campeao","status":"publish","type":"post","link":"https:\/\/renatodias.online\/movimento\/2024\/03\/02\/fla-e-campeao\/","title":{"rendered":"Fla \u00e9 campe\u00e3o"},"content":{"rendered":"\n<p class=\"has-text-align-center\"><strong><mark style=\"background-color:rgba(0, 0, 0, 0)\" class=\"has-inline-color has-vivid-purple-color\">Da Ta\u00e7a Guanabara<\/mark><\/strong><\/p>\n\n\n\n<figure class=\"wp-block-image aligncenter size-full\"><img loading=\"lazy\" decoding=\"async\" width=\"720\" height=\"381\" src=\"https:\/\/renatodias.online\/movimento\/wp-content\/uploads\/2024\/03\/Fla-2.png\" alt=\"\" class=\"wp-image-19647\" srcset=\"https:\/\/renatodias.online\/movimento\/wp-content\/uploads\/2024\/03\/Fla-2.png 720w, https:\/\/renatodias.online\/movimento\/wp-content\/uploads\/2024\/03\/Fla-2-300x159.png 300w, https:\/\/renatodias.online\/movimento\/wp-content\/uploads\/2024\/03\/Fla-2-390x205.png 390w, https:\/\/renatodias.online\/movimento\/wp-content\/uploads\/2024\/03\/Fla-2-150x79.png 150w\" sizes=\"auto, (max-width: 720px) 100vw, 720px\" \/><\/figure>\n\n\n\n<p class=\"has-text-align-center\"><strong><mark style=\"background-color:rgba(0, 0, 0, 0)\" class=\"has-inline-color has-vivid-cyan-blue-color\">Para a alegria de Jardel Sebba<\/mark><\/strong><\/p>\n\n\n\n<p class=\"has-text-align-center\"><strong><mark style=\"background-color:rgba(0, 0, 0, 0)\" class=\"has-inline-color has-vivid-red-color\">Renato Dias<\/mark><\/strong><\/p>\n\n\n\n<p><strong>Com gola\u00e7os de Arrascaeta, Pedro e L\u00e9o Pereira, o Flamengo aplicou uma goleada no Madureira por 3 X 0 e sagrou-se campe\u00e3o da Ta\u00e7a Guanabara edi\u00e7\u00e3o de 2024.<\/strong><\/p>\n\n\n\n<figure class=\"wp-block-image aligncenter size-full\"><img decoding=\"async\" src=\"https:\/\/renatodias.online\/movimento\/wp-content\/uploads\/2024\/03\/Fla-3-e1709428600171.png\" alt=\"\" class=\"wp-image-19648\"\/><\/figure>\n\n\n\n<figure class=\"wp-block-audio\"><audio controls src=\"https:\/\/renatodias.online\/movimento\/wp-content\/uploads\/2023\/11\/hino-flamengo.mp3\"><\/audio><figcaption class=\"wp-element-caption\"><strong><mark style=\"background-color:rgba(0, 0, 0, 0)\" class=\"has-inline-color has-luminous-vivid-orange-color\">Hino do Flamengo<\/mark><\/strong><\/figcaption><\/figure>\n\n\n\n<p><strong>O jejum de t\u00edtulos acabou em alto estilo, com um Maracan\u00e3 lotado, em animada festa rubro-negro, dia inspirado do time e promessas de conquistas para a temporada.<\/strong><\/p>\n\n\n\n<figure class=\"wp-block-image aligncenter size-large\"><img loading=\"lazy\" decoding=\"async\" width=\"1359\" height=\"1024\" src=\"https:\/\/renatodias.online\/movimento\/wp-content\/uploads\/2023\/11\/JS-4-1359x1024.jpg\" alt=\"\" class=\"wp-image-18828\"\/><figcaption class=\"wp-element-caption\"><strong>A fam\u00edlia de Jardel Sebba<\/strong><\/figcaption><\/figure>\n\n\n\n<p><strong>O Flamengo sonha ainda com o Carioca, a Copa do Brasil, o Campeonato Brasileiro da S\u00e9rie A e a Libertadores da Am\u00e9rica. Veja: para a alegria de <mark style=\"background-color:rgba(0, 0, 0, 0)\" class=\"has-inline-color has-vivid-purple-color\">Jardel Sebba [PSDB].<\/mark><\/strong><\/p>\n\n\n\n<figure class=\"wp-block-embed is-type-video is-provider-youtube wp-block-embed-youtube wp-embed-aspect-16-9 wp-has-aspect-ratio\"><div class=\"wp-block-embed__wrapper\">\n<iframe loading=\"lazy\" title=\"FLAMENGO 3 X 0 MADUREIRA | MELHORES MOMENTOS | CAMPEONATO CARIOCA 2024 | ge.globo\" width=\"960\" height=\"540\" src=\"https:\/\/www.youtube.com\/embed\/eXqUijXCoME?feature=oembed\" frameborder=\"0\" allow=\"accelerometer; autoplay; clipboard-write; encrypted-media; gyroscope; picture-in-picture; web-share\" referrerpolicy=\"strict-origin-when-cross-origin\" allowfullscreen><\/iframe>\n<\/div><\/figure>\n","protected":false},"excerpt":{"rendered":"<p>Da Ta\u00e7a Guanabara Para a alegria de Jardel Sebba Renato Dias Com gola\u00e7os de Arrascaeta, Pedro e L\u00e9o Pereira, o Flamengo aplicou uma goleada no Madureira por 3 X 0 e sagrou-se campe\u00e3o da Ta\u00e7a Guanabara edi\u00e7\u00e3o de 2024. O jejum de t\u00edtulos acabou em alto estilo, com um Maracan\u00e3 lotado, em animada festa rubro-negro,<\/p>\n","protected":false},"author":2,"featured_media":0,"comment_status":"open","ping_status":"open","sticky":false,"template":"","format":"standard","meta":{"_acf_changed":false,"_monsterinsights_skip_tracking":false,"_monsterinsights_sitenote_active":false,"_monsterinsights_sitenote_note":"","_monsterinsights_sitenote_category":0,"footnotes":""},"categories":[33],"tags":[],"class_list":["post-19645","post","type-post","status-publish","format-standard","hentry","category-esporte"],"acf":[],"yoast_head":"<!-- This site is optimized with the Yoast SEO plugin v27.4 - https:\/\/yoast.com\/product\/yoast-seo-wordpress\/ -->\n<title>Fla \u00e9 campe\u00e3o -<\/title>\n<meta name=\"robots\" content=\"index, follow, max-snippet:-1, max-image-preview:large, max-video-preview:-1\" \/>\n<link rel=\"canonical\" href=\"https:\/\/renatodias.online\/movimento\/2024\/03\/02\/fla-e-campeao\/\" \/>\n<meta property=\"og:locale\" content=\"pt_BR\" \/>\n<meta property=\"og:type\" content=\"article\" \/>\n<meta property=\"og:title\" content=\"Fla \u00e9 campe\u00e3o -\" \/>\n<meta property=\"og:description\" content=\"Da Ta\u00e7a Guanabara Para a alegria de Jardel Sebba Renato Dias Com gola\u00e7os de Arrascaeta, Pedro e L\u00e9o Pereira, o Flamengo aplicou uma goleada no Madureira por 3 X 0 e sagrou-se campe\u00e3o da Ta\u00e7a Guanabara edi\u00e7\u00e3o de 2024. O jejum de t\u00edtulos acabou em alto estilo, com um Maracan\u00e3 lotado, em animada festa rubro-negro,\" \/>\n<meta property=\"og:url\" content=\"https:\/\/renatodias.online\/movimento\/2024\/03\/02\/fla-e-campeao\/\" \/>\n<meta property=\"article:publisher\" content=\"https:\/\/www.facebook.com\/renato.dias.37\" \/>\n<meta property=\"article:author\" content=\"https:\/\/www.facebook.com\/renato.dias.37\" \/>\n<meta property=\"article:published_time\" content=\"2024-03-03T01:21:54+00:00\" \/>\n<meta property=\"article:modified_time\" content=\"2024-03-03T01:21:55+00:00\" \/>\n<meta property=\"og:image\" content=\"https:\/\/renatodias.online\/movimento\/wp-content\/uploads\/2024\/03\/Fla-1.png\" \/>\n\t<meta property=\"og:image:width\" content=\"641\" \/>\n\t<meta property=\"og:image:height\" content=\"403\" \/>\n\t<meta property=\"og:image:type\" content=\"image\/png\" \/>\n<meta name=\"author\" content=\"Renato Dias\" \/>\n<meta name=\"twitter:card\" content=\"summary_large_image\" \/>\n<meta name=\"twitter:creator\" content=\"@RenatoDiasBat\" \/>\n<meta name=\"twitter:site\" content=\"@RenatoDiasBat\" \/>\n<meta name=\"twitter:label1\" content=\"Escrito por\" \/>\n\t<meta name=\"twitter:data1\" content=\"Renato Dias\" \/>\n\t<meta name=\"twitter:label2\" content=\"Est. tempo de leitura\" \/>\n\t<meta name=\"twitter:data2\" content=\"2 minutos\" \/>\n<script type=\"application\/ld+json\" class=\"yoast-schema-graph\">{\"@context\":\"https:\\\/\\\/schema.org\",\"@graph\":[{\"@type\":\"Article\",\"@id\":\"https:\\\/\\\/renatodias.online\\\/movimento\\\/2024\\\/03\\\/02\\\/fla-e-campeao\\\/#article\",\"isPartOf\":{\"@id\":\"https:\\\/\\\/renatodias.online\\\/movimento\\\/2024\\\/03\\\/02\\\/fla-e-campeao\\\/\"},\"author\":{\"name\":\"Renato Dias\",\"@id\":\"https:\\\/\\\/renatodias.online\\\/movimento\\\/#\\\/schema\\\/person\\\/bbab28833b1725a20f4083f49f1fb2a9\"},\"headline\":\"Fla \u00e9 campe\u00e3o\",\"datePublished\":\"2024-03-03T01:21:54+00:00\",\"dateModified\":\"2024-03-03T01:21:55+00:00\",\"mainEntityOfPage\":{\"@id\":\"https:\\\/\\\/renatodias.online\\\/movimento\\\/2024\\\/03\\\/02\\\/fla-e-campeao\\\/\"},\"wordCount\":121,\"commentCount\":0,\"publisher\":{\"@id\":\"https:\\\/\\\/renatodias.online\\\/movimento\\\/#\\\/schema\\\/person\\\/bbab28833b1725a20f4083f49f1fb2a9\"},\"image\":{\"@id\":\"https:\\\/\\\/renatodias.online\\\/movimento\\\/2024\\\/03\\\/02\\\/fla-e-campeao\\\/#primaryimage\"},\"thumbnailUrl\":\"https:\\\/\\\/renatodias.online\\\/movimento\\\/wp-content\\\/uploads\\\/2024\\\/03\\\/Fla-2.png\",\"articleSection\":[\"Esporte\"],\"inLanguage\":\"pt-BR\",\"potentialAction\":[{\"@type\":\"CommentAction\",\"name\":\"Comment\",\"target\":[\"https:\\\/\\\/renatodias.online\\\/movimento\\\/2024\\\/03\\\/02\\\/fla-e-campeao\\\/#respond\"]}]},{\"@type\":\"WebPage\",\"@id\":\"https:\\\/\\\/renatodias.online\\\/movimento\\\/2024\\\/03\\\/02\\\/fla-e-campeao\\\/\",\"url\":\"https:\\\/\\\/renatodias.online\\\/movimento\\\/2024\\\/03\\\/02\\\/fla-e-campeao\\\/\",\"name\":\"Fla \u00e9 campe\u00e3o -\",\"isPartOf\":{\"@id\":\"https:\\\/\\\/renatodias.online\\\/movimento\\\/#website\"},\"primaryImageOfPage\":{\"@id\":\"https:\\\/\\\/renatodias.online\\\/movimento\\\/2024\\\/03\\\/02\\\/fla-e-campeao\\\/#primaryimage\"},\"image\":{\"@id\":\"https:\\\/\\\/renatodias.online\\\/movimento\\\/2024\\\/03\\\/02\\\/fla-e-campeao\\\/#primaryimage\"},\"thumbnailUrl\":\"https:\\\/\\\/renatodias.online\\\/movimento\\\/wp-content\\\/uploads\\\/2024\\\/03\\\/Fla-2.png\",\"datePublished\":\"2024-03-03T01:21:54+00:00\",\"dateModified\":\"2024-03-03T01:21:55+00:00\",\"breadcrumb\":{\"@id\":\"https:\\\/\\\/renatodias.online\\\/movimento\\\/2024\\\/03\\\/02\\\/fla-e-campeao\\\/#breadcrumb\"},\"inLanguage\":\"pt-BR\",\"potentialAction\":[{\"@type\":\"ReadAction\",\"target\":[\"https:\\\/\\\/renatodias.online\\\/movimento\\\/2024\\\/03\\\/02\\\/fla-e-campeao\\\/\"]}]},{\"@type\":\"ImageObject\",\"inLanguage\":\"pt-BR\",\"@id\":\"https:\\\/\\\/renatodias.online\\\/movimento\\\/2024\\\/03\\\/02\\\/fla-e-campeao\\\/#primaryimage\",\"url\":\"https:\\\/\\\/renatodias.online\\\/movimento\\\/wp-content\\\/uploads\\\/2024\\\/03\\\/Fla-2.png\",\"contentUrl\":\"https:\\\/\\\/renatodias.online\\\/movimento\\\/wp-content\\\/uploads\\\/2024\\\/03\\\/Fla-2.png\",\"width\":720,\"height\":381},{\"@type\":\"BreadcrumbList\",\"@id\":\"https:\\\/\\\/renatodias.online\\\/movimento\\\/2024\\\/03\\\/02\\\/fla-e-campeao\\\/#breadcrumb\",\"itemListElement\":[{\"@type\":\"ListItem\",\"position\":1,\"name\":\"In\u00edcio\",\"item\":\"https:\\\/\\\/renatodias.online\\\/movimento\\\/\"},{\"@type\":\"ListItem\",\"position\":2,\"name\":\"Fla \u00e9 campe\u00e3o\"}]},{\"@type\":\"WebSite\",\"@id\":\"https:\\\/\\\/renatodias.online\\\/movimento\\\/#website\",\"url\":\"https:\\\/\\\/renatodias.online\\\/movimento\\\/\",\"name\":\"\",\"description\":\"\",\"publisher\":{\"@id\":\"https:\\\/\\\/renatodias.online\\\/movimento\\\/#\\\/schema\\\/person\\\/bbab28833b1725a20f4083f49f1fb2a9\"},\"potentialAction\":[{\"@type\":\"SearchAction\",\"target\":{\"@type\":\"EntryPoint\",\"urlTemplate\":\"https:\\\/\\\/renatodias.online\\\/movimento\\\/?s={search_term_string}\"},\"query-input\":{\"@type\":\"PropertyValueSpecification\",\"valueRequired\":true,\"valueName\":\"search_term_string\"}}],\"inLanguage\":\"pt-BR\"},{\"@type\":[\"Person\",\"Organization\"],\"@id\":\"https:\\\/\\\/renatodias.online\\\/movimento\\\/#\\\/schema\\\/person\\\/bbab28833b1725a20f4083f49f1fb2a9\",\"name\":\"Renato Dias\",\"image\":{\"@type\":\"ImageObject\",\"inLanguage\":\"pt-BR\",\"@id\":\"https:\\\/\\\/renatodias.online\\\/movimento\\\/wp-content\\\/uploads\\\/2023\\\/03\\\/cropped-cropped-cropped-logofinal.jpeg\",\"url\":\"https:\\\/\\\/renatodias.online\\\/movimento\\\/wp-content\\\/uploads\\\/2023\\\/03\\\/cropped-cropped-cropped-logofinal.jpeg\",\"contentUrl\":\"https:\\\/\\\/renatodias.online\\\/movimento\\\/wp-content\\\/uploads\\\/2023\\\/03\\\/cropped-cropped-cropped-logofinal.jpeg\",\"width\":1280,\"height\":219,\"caption\":\"Renato Dias\"},\"logo\":{\"@id\":\"https:\\\/\\\/renatodias.online\\\/movimento\\\/wp-content\\\/uploads\\\/2023\\\/03\\\/cropped-cropped-cropped-logofinal.jpeg\"},\"description\":\"Renato Dias, 58 anos, \u00e9 graduado em Jornalismo, formado em Ci\u00eancias Sociais, com p\u00f3s-gradua\u00e7\u00e3o em Pol\u00edticas P\u00fablicas, mestre em Direito e Rela\u00e7\u00f5es Internacionais, ex-aluno extraordin\u00e1rio do Doutorado em Psicologia Social, ex-estudante do Curso de Psican\u00e1lise do Centro de Estudos Psicanal\u00edticos do Estado de Goi\u00e1s, ministrado pelo m\u00e9dico psiquiatra e psicanalista Daniel Em\u00eddio de Souza. \u00c9 autor de 30 livros-reportagem, oito document\u00e1rios, ganhou 30 pr\u00eamios e \u00e9 torcedor apaixonado do maior do Centro-Oeste, o Vila Nova Futebol Clube. Casado com Meirilane Dias, \u00e9 pai de Juliana Dias, jornalista; Daniel Dias, economista; e Maria Rosa Dias, estudante antifascista, socialista e trotskista.\u00a0Com tr\u00eas pets: Porquinho [Bull Dog Franc\u00eas], Dalila [Basset Hound] e Geleia [Basset Hound]. Al\u00e9m do eterno gato Tutuquinho, que virou estrela.\",\"sameAs\":[\"https:\\\/\\\/www.facebook.com\\\/renato.dias.37\",\"#breve\",\"https:\\\/\\\/renatodias.tumblr.com\\\/\"],\"url\":\"https:\\\/\\\/renatodias.online\\\/movimento\\\/author\\\/renatodias\\\/\"}]}<\/script>\n<!-- \/ Yoast SEO plugin. -->","yoast_head_json":{"title":"Fla \u00e9 campe\u00e3o -","robots":{"index":"index","follow":"follow","max-snippet":"max-snippet:-1","max-image-preview":"max-image-preview:large","max-video-preview":"max-video-preview:-1"},"canonical":"https:\/\/renatodias.online\/movimento\/2024\/03\/02\/fla-e-campeao\/","og_locale":"pt_BR","og_type":"article","og_title":"Fla \u00e9 campe\u00e3o -","og_description":"Da Ta\u00e7a Guanabara Para a alegria de Jardel Sebba Renato Dias Com gola\u00e7os de Arrascaeta, Pedro e L\u00e9o Pereira, o Flamengo aplicou uma goleada no Madureira por 3 X 0 e sagrou-se campe\u00e3o da Ta\u00e7a Guanabara edi\u00e7\u00e3o de 2024. O jejum de t\u00edtulos acabou em alto estilo, com um Maracan\u00e3 lotado, em animada festa rubro-negro,","og_url":"https:\/\/renatodias.online\/movimento\/2024\/03\/02\/fla-e-campeao\/","article_publisher":"https:\/\/www.facebook.com\/renato.dias.37","article_author":"https:\/\/www.facebook.com\/renato.dias.37","article_published_time":"2024-03-03T01:21:54+00:00","article_modified_time":"2024-03-03T01:21:55+00:00","og_image":[{"width":641,"height":403,"url":"https:\/\/renatodias.online\/movimento\/wp-content\/uploads\/2024\/03\/Fla-1.png","type":"image\/png"}],"author":"Renato Dias","twitter_card":"summary_large_image","twitter_creator":"@RenatoDiasBat","twitter_site":"@RenatoDiasBat","twitter_misc":{"Escrito por":"Renato Dias","Est. tempo de leitura":"2 minutos"},"schema":{"@context":"https:\/\/schema.org","@graph":[{"@type":"Article","@id":"https:\/\/renatodias.online\/movimento\/2024\/03\/02\/fla-e-campeao\/#article","isPartOf":{"@id":"https:\/\/renatodias.online\/movimento\/2024\/03\/02\/fla-e-campeao\/"},"author":{"name":"Renato Dias","@id":"https:\/\/renatodias.online\/movimento\/#\/schema\/person\/bbab28833b1725a20f4083f49f1fb2a9"},"headline":"Fla \u00e9 campe\u00e3o","datePublished":"2024-03-03T01:21:54+00:00","dateModified":"2024-03-03T01:21:55+00:00","mainEntityOfPage":{"@id":"https:\/\/renatodias.online\/movimento\/2024\/03\/02\/fla-e-campeao\/"},"wordCount":121,"commentCount":0,"publisher":{"@id":"https:\/\/renatodias.online\/movimento\/#\/schema\/person\/bbab28833b1725a20f4083f49f1fb2a9"},"image":{"@id":"https:\/\/renatodias.online\/movimento\/2024\/03\/02\/fla-e-campeao\/#primaryimage"},"thumbnailUrl":"https:\/\/renatodias.online\/movimento\/wp-content\/uploads\/2024\/03\/Fla-2.png","articleSection":["Esporte"],"inLanguage":"pt-BR","potentialAction":[{"@type":"CommentAction","name":"Comment","target":["https:\/\/renatodias.online\/movimento\/2024\/03\/02\/fla-e-campeao\/#respond"]}]},{"@type":"WebPage","@id":"https:\/\/renatodias.online\/movimento\/2024\/03\/02\/fla-e-campeao\/","url":"https:\/\/renatodias.online\/movimento\/2024\/03\/02\/fla-e-campeao\/","name":"Fla \u00e9 campe\u00e3o -","isPartOf":{"@id":"https:\/\/renatodias.online\/movimento\/#website"},"primaryImageOfPage":{"@id":"https:\/\/renatodias.online\/movimento\/2024\/03\/02\/fla-e-campeao\/#primaryimage"},"image":{"@id":"https:\/\/renatodias.online\/movimento\/2024\/03\/02\/fla-e-campeao\/#primaryimage"},"thumbnailUrl":"https:\/\/renatodias.online\/movimento\/wp-content\/uploads\/2024\/03\/Fla-2.png","datePublished":"2024-03-03T01:21:54+00:00","dateModified":"2024-03-03T01:21:55+00:00","breadcrumb":{"@id":"https:\/\/renatodias.online\/movimento\/2024\/03\/02\/fla-e-campeao\/#breadcrumb"},"inLanguage":"pt-BR","potentialAction":[{"@type":"ReadAction","target":["https:\/\/renatodias.online\/movimento\/2024\/03\/02\/fla-e-campeao\/"]}]},{"@type":"ImageObject","inLanguage":"pt-BR","@id":"https:\/\/renatodias.online\/movimento\/2024\/03\/02\/fla-e-campeao\/#primaryimage","url":"https:\/\/renatodias.online\/movimento\/wp-content\/uploads\/2024\/03\/Fla-2.png","contentUrl":"https:\/\/renatodias.online\/movimento\/wp-content\/uploads\/2024\/03\/Fla-2.png","width":720,"height":381},{"@type":"BreadcrumbList","@id":"https:\/\/renatodias.online\/movimento\/2024\/03\/02\/fla-e-campeao\/#breadcrumb","itemListElement":[{"@type":"ListItem","position":1,"name":"In\u00edcio","item":"https:\/\/renatodias.online\/movimento\/"},{"@type":"ListItem","position":2,"name":"Fla \u00e9 campe\u00e3o"}]},{"@type":"WebSite","@id":"https:\/\/renatodias.online\/movimento\/#website","url":"https:\/\/renatodias.online\/movimento\/","name":"","description":"","publisher":{"@id":"https:\/\/renatodias.online\/movimento\/#\/schema\/person\/bbab28833b1725a20f4083f49f1fb2a9"},"potentialAction":[{"@type":"SearchAction","target":{"@type":"EntryPoint","urlTemplate":"https:\/\/renatodias.online\/movimento\/?s={search_term_string}"},"query-input":{"@type":"PropertyValueSpecification","valueRequired":true,"valueName":"search_term_string"}}],"inLanguage":"pt-BR"},{"@type":["Person","Organization"],"@id":"https:\/\/renatodias.online\/movimento\/#\/schema\/person\/bbab28833b1725a20f4083f49f1fb2a9","name":"Renato Dias","image":{"@type":"ImageObject","inLanguage":"pt-BR","@id":"https:\/\/renatodias.online\/movimento\/wp-content\/uploads\/2023\/03\/cropped-cropped-cropped-logofinal.jpeg","url":"https:\/\/renatodias.online\/movimento\/wp-content\/uploads\/2023\/03\/cropped-cropped-cropped-logofinal.jpeg","contentUrl":"https:\/\/renatodias.online\/movimento\/wp-content\/uploads\/2023\/03\/cropped-cropped-cropped-logofinal.jpeg","width":1280,"height":219,"caption":"Renato Dias"},"logo":{"@id":"https:\/\/renatodias.online\/movimento\/wp-content\/uploads\/2023\/03\/cropped-cropped-cropped-logofinal.jpeg"},"description":"Renato Dias, 58 anos, \u00e9 graduado em Jornalismo, formado em Ci\u00eancias Sociais, com p\u00f3s-gradua\u00e7\u00e3o em Pol\u00edticas P\u00fablicas, mestre em Direito e Rela\u00e7\u00f5es Internacionais, ex-aluno extraordin\u00e1rio do Doutorado em Psicologia Social, ex-estudante do Curso de Psican\u00e1lise do Centro de Estudos Psicanal\u00edticos do Estado de Goi\u00e1s, ministrado pelo m\u00e9dico psiquiatra e psicanalista Daniel Em\u00eddio de Souza. \u00c9 autor de 30 livros-reportagem, oito document\u00e1rios, ganhou 30 pr\u00eamios e \u00e9 torcedor apaixonado do maior do Centro-Oeste, o Vila Nova Futebol Clube. Casado com Meirilane Dias, \u00e9 pai de Juliana Dias, jornalista; Daniel Dias, economista; e Maria Rosa Dias, estudante antifascista, socialista e trotskista.\u00a0Com tr\u00eas pets: Porquinho [Bull Dog Franc\u00eas], Dalila [Basset Hound] e Geleia [Basset Hound]. Al\u00e9m do eterno gato Tutuquinho, que virou estrela.","sameAs":["https:\/\/www.facebook.com\/renato.dias.37","#breve","https:\/\/renatodias.tumblr.com\/"],"url":"https:\/\/renatodias.online\/movimento\/author\/renatodias\/"}]}},"_links":{"self":[{"href":"https:\/\/renatodias.online\/movimento\/wp-json\/wp\/v2\/posts\/19645","targetHints":{"allow":["GET"]}}],"collection":[{"href":"https:\/\/renatodias.online\/movimento\/wp-json\/wp\/v2\/posts"}],"about":[{"href":"https:\/\/renatodias.online\/movimento\/wp-json\/wp\/v2\/types\/post"}],"author":[{"embeddable":true,"href":"https:\/\/renatodias.online\/movimento\/wp-json\/wp\/v2\/users\/2"}],"replies":[{"embeddable":true,"href":"https:\/\/renatodias.online\/movimento\/wp-json\/wp\/v2\/comments?post=19645"}],"version-history":[{"count":1,"href":"https:\/\/renatodias.online\/movimento\/wp-json\/wp\/v2\/posts\/19645\/revisions"}],"predecessor-version":[{"id":19649,"href":"https:\/\/renatodias.online\/movimento\/wp-json\/wp\/v2\/posts\/19645\/revisions\/19649"}],"wp:attachment":[{"href":"https:\/\/renatodias.online\/movimento\/wp-json\/wp\/v2\/media?parent=19645"}],"wp:term":[{"taxonomy":"category","embeddable":true,"href":"https:\/\/renatodias.online\/movimento\/wp-json\/wp\/v2\/categories?post=19645"},{"taxonomy":"post_tag","embeddable":true,"href":"https:\/\/renatodias.online\/movimento\/wp-json\/wp\/v2\/tags?post=19645"}],"curies":[{"name":"wp","href":"https:\/\/api.w.org\/{rel}","templated":true}]}}