{"id":19482,"date":"2024-02-18T22:19:30","date_gmt":"2024-02-19T01:19:30","guid":{"rendered":"https:\/\/renatodias.online\/movimento\/?p=19482"},"modified":"2025-08-08T09:03:24","modified_gmt":"2025-08-08T12:03:24","slug":"classico","status":"publish","type":"post","link":"https:\/\/renatodias.online\/movimento\/2024\/02\/18\/classico\/","title":{"rendered":"Cl\u00e1ssico\u00a0"},"content":{"rendered":"\n<figure class=\"wp-block-image aligncenter size-full\"><img loading=\"lazy\" decoding=\"async\" width=\"150\" height=\"93\" src=\"https:\/\/renatodias.online\/movimento\/wp-content\/uploads\/2020\/11\/Logo-Exclusivo-e1704564162266.jpg\" alt=\"\" class=\"wp-image-4887\"\/><\/figure>\n\n\n\n<p class=\"has-text-align-center\"><strong><mark style=\"background-color:rgba(0, 0, 0, 0)\" class=\"has-inline-color has-vivid-red-color\">Renato Dias<\/mark><\/strong><\/p>\n\n\n\n<p><strong>Vila Nova e Goi\u00e2nia<\/strong> disputam tradicional cl\u00e1ssico nesta segunda-feira, \u00e0s 19h30, no est\u00e1dio On\u00e9sio Brasileiro Alvarenga, pela d\u00e9cima rodada do Goian\u00e3o 2024.<\/p>\n\n\n\n<p>O <strong>Tigr\u00e3o<\/strong> est\u00e1 a um ponto do seu maior rival. A equipe colorada necessita da vit\u00f3ria para chegar com chances de virar l\u00edder na \u00faltima rodada. O pr\u00f3ximo advers\u00e1rio \u00e9 o Ipor\u00e1.<\/p>\n\n\n\n<p>O <strong>Galo Carij\u00f3<\/strong> ocupa, hoje, a s\u00e9tima posi\u00e7\u00e3o e projeta aumentar a sua pontua\u00e7\u00e3o para classificar &#8211; se \u00e0 segunda fase do Estadual. Equilibrado, o alvinegro est\u00e1 perto da meta.<\/p>\n\n\n\n<p>O t\u00e9cnico <strong>Higo Magalh\u00e3es<\/strong> pode adotar a sua forma\u00e7\u00e3o ideal. Com Denis Jr., Piv\u00f4, Juan, Concei\u00e7\u00e3o e Roberto; Ralf Fernando, Naninho; Bolt, Fernand\u00e3o e Alesson.<\/p>\n\n\n\n<p>J\u00e1 o treinador do Goi\u00e2nia, <strong>Glauber Ramos<\/strong> pode manter a escala\u00e7\u00e3o de quinta. L\u00e9o; Murilo, Eduardo, Guilherme, Marc\u00e3o, Lucas; Jeferson, Richard, Luan; S\u00e1vio, Vintecinco.<\/p>\n\n\n\n<figure class=\"wp-block-image aligncenter size-full\"><img loading=\"lazy\" decoding=\"async\" width=\"300\" height=\"103\" src=\"https:\/\/renatodias.online\/movimento\/wp-content\/uploads\/2022\/08\/Saiba-mais-e1680139445250.png\" alt=\"\" class=\"wp-image-13698\" srcset=\"https:\/\/renatodias.online\/movimento\/wp-content\/uploads\/2022\/08\/Saiba-mais-e1680139445250.png 300w, https:\/\/renatodias.online\/movimento\/wp-content\/uploads\/2022\/08\/Saiba-mais-e1680139445250-150x52.png 150w\" sizes=\"auto, (max-width: 300px) 100vw, 300px\" \/><\/figure>\n\n\n\n<p class=\"has-text-align-center\"><strong><mark style=\"background-color:rgba(0, 0, 0, 0)\" class=\"has-inline-color has-luminous-vivid-orange-color\">Galo refor\u00e7a meio de campo<\/mark><\/strong><\/p>\n\n\n\n<p class=\"has-text-align-center\"><strong><mark style=\"background-color:rgba(0, 0, 0, 0)\" class=\"has-inline-color has-vivid-cyan-blue-color\">Com Arthur Fernandes, ex-Vila Nova e Remo<\/mark><\/strong><\/p>\n\n\n\n<p>O Goi\u00e2nia refor\u00e7ou o meio de campo com a contrata\u00e7\u00e3o do vers\u00e1til jogador <strong>Arthur Fernandes<\/strong>. Ele joga tanto como primeiro volante, como segundo volante, meia e ala.<\/p>\n\n\n\n<figure class=\"wp-block-image aligncenter size-full\"><img loading=\"lazy\" decoding=\"async\" width=\"300\" height=\"297\" src=\"https:\/\/renatodias.online\/movimento\/wp-content\/uploads\/2024\/02\/Arthur-Fernandes-1-e1708305248351.png\" alt=\"\" class=\"wp-image-19483\" srcset=\"https:\/\/renatodias.online\/movimento\/wp-content\/uploads\/2024\/02\/Arthur-Fernandes-1-e1708305248351.png 300w, https:\/\/renatodias.online\/movimento\/wp-content\/uploads\/2024\/02\/Arthur-Fernandes-1-e1708305248351-150x149.png 150w, https:\/\/renatodias.online\/movimento\/wp-content\/uploads\/2024\/02\/Arthur-Fernandes-1-e1708305248351-96x96.png 96w\" sizes=\"auto, (max-width: 300px) 100vw, 300px\" \/><figcaption class=\"wp-element-caption\"><strong>Arthur Fernandes<\/strong><\/figcaption><\/figure>\n\n\n\n<p>O atleta subiu para o profissional e impediu a queda do Vila Nova no Estadual de 2013, obteve o acesso no mesmo ano \u00e0 S\u00e9rie B e conquistou tamb\u00e9m <strong>dois t\u00edtulos em 2015<\/strong>.<\/p>\n\n\n\n<figure class=\"wp-block-image aligncenter size-full\"><img loading=\"lazy\" decoding=\"async\" width=\"300\" height=\"299\" src=\"https:\/\/renatodias.online\/movimento\/wp-content\/uploads\/2024\/02\/Arthur-Fernandes-2-e1708305302291.png\" alt=\"\" class=\"wp-image-19484\" srcset=\"https:\/\/renatodias.online\/movimento\/wp-content\/uploads\/2024\/02\/Arthur-Fernandes-2-e1708305302291.png 300w, https:\/\/renatodias.online\/movimento\/wp-content\/uploads\/2024\/02\/Arthur-Fernandes-2-e1708305302291-150x150.png 150w, https:\/\/renatodias.online\/movimento\/wp-content\/uploads\/2024\/02\/Arthur-Fernandes-2-e1708305302291-96x96.png 96w\" sizes=\"auto, (max-width: 300px) 100vw, 300px\" \/><figcaption class=\"wp-element-caption\"><strong>Arthur <\/strong>Fernandes<\/figcaption><\/figure>\n\n\n\n<p>Mais: Arthur Fernandes ganhou a <strong>Divis\u00e3o de Acesso<\/strong> logo no primeiro semestre e o <strong>bicampeonato da S\u00e9rie C<\/strong> em uma final eletrizante contra o Londrina [PR], no Serra.<\/p>\n\n\n\n<figure class=\"wp-block-image aligncenter size-full\"><img loading=\"lazy\" decoding=\"async\" width=\"300\" height=\"320\" src=\"https:\/\/renatodias.online\/movimento\/wp-content\/uploads\/2024\/02\/Arthur-Fernandes-3-e1708305356586.png\" alt=\"\" class=\"wp-image-19485\" srcset=\"https:\/\/renatodias.online\/movimento\/wp-content\/uploads\/2024\/02\/Arthur-Fernandes-3-e1708305356586.png 300w, https:\/\/renatodias.online\/movimento\/wp-content\/uploads\/2024\/02\/Arthur-Fernandes-3-e1708305356586-281x300.png 281w, https:\/\/renatodias.online\/movimento\/wp-content\/uploads\/2024\/02\/Arthur-Fernandes-3-e1708305356586-150x160.png 150w\" sizes=\"auto, (max-width: 300px) 100vw, 300px\" \/><figcaption class=\"wp-element-caption\"><strong>Arthur Fernandes<\/strong><\/figcaption><\/figure>\n\n\n\n<p>O craque possui <strong>vis\u00e3o perif\u00e9rica, passes qualificados, lan\u00e7amentos precisos, al\u00e9m de velocidade, efici\u00eancia na marca\u00e7\u00e3o, <\/strong>com chutes e cruzamentos de excel\u00eancia.<\/p>\n\n\n\n<figure class=\"wp-block-image aligncenter size-full\"><img decoding=\"async\" src=\"https:\/\/renatodias.online\/movimento\/wp-content\/uploads\/2022\/08\/Raio-X-especial-e1680139645191.png\" alt=\"\" class=\"wp-image-13781\"\/><\/figure>\n\n\n\n<p class=\"has-text-align-center\"><strong><mark style=\"background-color:rgba(0, 0, 0, 0)\" class=\"has-inline-color has-vivid-red-color\">Fernand\u00e3o desencanta e marca<\/mark><\/strong><\/p>\n\n\n\n<p class=\"has-text-align-center\"><strong><mark style=\"background-color:rgba(0, 0, 0, 0)\" class=\"has-inline-color has-vivid-purple-color\">Artilheiro retira peso das costas<\/mark><\/strong><\/p>\n\n\n\n<p>Contratado para ser o novo homem-gol do Tigr\u00e3o na temporada de 2024, no Goian\u00e3o, na Copa Verde e na S\u00e9rie B, o centroavante Fernand\u00e3o marcou um na goleada contra o Morrinhos de 3 X 0 e <strong>quebrou longo jejum<\/strong>.<\/p>\n\n\n\n<p>O atacante deu assist\u00eancia ao ala <strong>Apodi<\/strong> na vit\u00f3ria em Catal\u00e3o, participou do lance do primeiro gol no Atl\u00e9tico e tabelou com Igor Bolt no ataque que terminou com a bola no fundo das redes na \u00faltima rodada.<\/p>\n\n\n\n<p><strong>Higo Magalh\u00e3es<\/strong> acredita que Fernand\u00e3o ganhar\u00e1 mais confian\u00e7a e ajudar\u00e1 o time na reta final da competi\u00e7\u00e3o. Faltam duas partidas para o fim da primeira fase. Os advers\u00e1rios do clube s\u00e3o Goi\u00e2nia e Ipor\u00e1.<\/p>\n\n\n\n<figure class=\"wp-block-image aligncenter size-full\"><img loading=\"lazy\" decoding=\"async\" width=\"300\" height=\"200\" src=\"https:\/\/renatodias.online\/movimento\/wp-content\/uploads\/2021\/12\/Higo-Magalhaes-e1708305425824.jpg\" alt=\"\" class=\"wp-image-9937\" srcset=\"https:\/\/renatodias.online\/movimento\/wp-content\/uploads\/2021\/12\/Higo-Magalhaes-e1708305425824.jpg 300w, https:\/\/renatodias.online\/movimento\/wp-content\/uploads\/2021\/12\/Higo-Magalhaes-e1708305425824-150x100.jpg 150w\" sizes=\"auto, (max-width: 300px) 100vw, 300px\" \/><figcaption class=\"wp-element-caption\">Higo Magalh\u00e3es<\/figcaption><\/figure>\n","protected":false},"excerpt":{"rendered":"<p>Renato Dias Vila Nova e Goi\u00e2nia disputam tradicional cl\u00e1ssico nesta segunda-feira, \u00e0s 19h30, no est\u00e1dio On\u00e9sio Brasileiro Alvarenga, pela d\u00e9cima rodada do Goian\u00e3o 2024. O Tigr\u00e3o est\u00e1 a um ponto do seu maior rival. A equipe colorada necessita da vit\u00f3ria para chegar com chances de virar l\u00edder na \u00faltima rodada. O pr\u00f3ximo advers\u00e1rio \u00e9 o<\/p>\n","protected":false},"author":2,"featured_media":19486,"comment_status":"open","ping_status":"open","sticky":false,"template":"","format":"standard","meta":{"_acf_changed":false,"_monsterinsights_skip_tracking":false,"_monsterinsights_sitenote_active":false,"_monsterinsights_sitenote_note":"","_monsterinsights_sitenote_category":0,"footnotes":""},"categories":[9,33,160],"tags":[],"class_list":["post-19482","post","type-post","status-publish","format-standard","has-post-thumbnail","hentry","category-cidade","category-esporte","category-historia"],"acf":[],"yoast_head":"<!-- This site is optimized with the Yoast SEO plugin v27.4 - https:\/\/yoast.com\/product\/yoast-seo-wordpress\/ -->\n<title>Cl\u00e1ssico\u00a0 -<\/title>\n<meta name=\"robots\" content=\"index, follow, max-snippet:-1, max-image-preview:large, max-video-preview:-1\" \/>\n<link rel=\"canonical\" href=\"https:\/\/renatodias.online\/movimento\/2024\/02\/18\/classico\/\" \/>\n<meta property=\"og:locale\" content=\"pt_BR\" \/>\n<meta property=\"og:type\" content=\"article\" \/>\n<meta property=\"og:title\" content=\"Cl\u00e1ssico\u00a0 -\" \/>\n<meta property=\"og:description\" content=\"Renato Dias Vila Nova e Goi\u00e2nia disputam tradicional cl\u00e1ssico nesta segunda-feira, \u00e0s 19h30, no est\u00e1dio On\u00e9sio Brasileiro Alvarenga, pela d\u00e9cima rodada do Goian\u00e3o 2024. O Tigr\u00e3o est\u00e1 a um ponto do seu maior rival. A equipe colorada necessita da vit\u00f3ria para chegar com chances de virar l\u00edder na \u00faltima rodada. O pr\u00f3ximo advers\u00e1rio \u00e9 o\" \/>\n<meta property=\"og:url\" content=\"https:\/\/renatodias.online\/movimento\/2024\/02\/18\/classico\/\" \/>\n<meta property=\"article:publisher\" content=\"https:\/\/www.facebook.com\/renato.dias.37\" \/>\n<meta property=\"article:author\" content=\"https:\/\/www.facebook.com\/renato.dias.37\" \/>\n<meta property=\"article:published_time\" content=\"2024-02-19T01:19:30+00:00\" \/>\n<meta property=\"article:modified_time\" content=\"2025-08-08T12:03:24+00:00\" \/>\n<meta property=\"og:image\" content=\"https:\/\/renatodias.online\/movimento\/wp-content\/uploads\/2024\/02\/Vila-Nova-X-Goiania-e1708305557106.jpg\" \/>\n\t<meta property=\"og:image:width\" content=\"800\" \/>\n\t<meta property=\"og:image:height\" content=\"533\" \/>\n\t<meta property=\"og:image:type\" content=\"image\/jpeg\" \/>\n<meta name=\"author\" content=\"Renato Dias\" \/>\n<meta name=\"twitter:card\" content=\"summary_large_image\" \/>\n<meta name=\"twitter:creator\" content=\"@RenatoDiasBat\" \/>\n<meta name=\"twitter:site\" content=\"@RenatoDiasBat\" \/>\n<meta name=\"twitter:label1\" content=\"Escrito por\" \/>\n\t<meta name=\"twitter:data1\" content=\"Renato Dias\" \/>\n\t<meta name=\"twitter:label2\" content=\"Est. tempo de leitura\" \/>\n\t<meta name=\"twitter:data2\" content=\"4 minutos\" \/>\n<script type=\"application\/ld+json\" class=\"yoast-schema-graph\">{\"@context\":\"https:\\\/\\\/schema.org\",\"@graph\":[{\"@type\":\"Article\",\"@id\":\"https:\\\/\\\/renatodias.online\\\/movimento\\\/2024\\\/02\\\/18\\\/classico\\\/#article\",\"isPartOf\":{\"@id\":\"https:\\\/\\\/renatodias.online\\\/movimento\\\/2024\\\/02\\\/18\\\/classico\\\/\"},\"author\":{\"name\":\"Renato Dias\",\"@id\":\"https:\\\/\\\/renatodias.online\\\/movimento\\\/#\\\/schema\\\/person\\\/bbab28833b1725a20f4083f49f1fb2a9\"},\"headline\":\"Cl\u00e1ssico\u00a0\",\"datePublished\":\"2024-02-19T01:19:30+00:00\",\"dateModified\":\"2025-08-08T12:03:24+00:00\",\"mainEntityOfPage\":{\"@id\":\"https:\\\/\\\/renatodias.online\\\/movimento\\\/2024\\\/02\\\/18\\\/classico\\\/\"},\"wordCount\":435,\"commentCount\":0,\"publisher\":{\"@id\":\"https:\\\/\\\/renatodias.online\\\/movimento\\\/#\\\/schema\\\/person\\\/bbab28833b1725a20f4083f49f1fb2a9\"},\"image\":{\"@id\":\"https:\\\/\\\/renatodias.online\\\/movimento\\\/2024\\\/02\\\/18\\\/classico\\\/#primaryimage\"},\"thumbnailUrl\":\"https:\\\/\\\/renatodias.online\\\/movimento\\\/wp-content\\\/uploads\\\/2024\\\/02\\\/Vila-Nova-X-Goiania-e1708305557106.jpg\",\"articleSection\":[\"Cidade\",\"Esporte\",\"Hist\u00f3ria\"],\"inLanguage\":\"pt-BR\",\"potentialAction\":[{\"@type\":\"CommentAction\",\"name\":\"Comment\",\"target\":[\"https:\\\/\\\/renatodias.online\\\/movimento\\\/2024\\\/02\\\/18\\\/classico\\\/#respond\"]}]},{\"@type\":\"WebPage\",\"@id\":\"https:\\\/\\\/renatodias.online\\\/movimento\\\/2024\\\/02\\\/18\\\/classico\\\/\",\"url\":\"https:\\\/\\\/renatodias.online\\\/movimento\\\/2024\\\/02\\\/18\\\/classico\\\/\",\"name\":\"Cl\u00e1ssico\u00a0 -\",\"isPartOf\":{\"@id\":\"https:\\\/\\\/renatodias.online\\\/movimento\\\/#website\"},\"primaryImageOfPage\":{\"@id\":\"https:\\\/\\\/renatodias.online\\\/movimento\\\/2024\\\/02\\\/18\\\/classico\\\/#primaryimage\"},\"image\":{\"@id\":\"https:\\\/\\\/renatodias.online\\\/movimento\\\/2024\\\/02\\\/18\\\/classico\\\/#primaryimage\"},\"thumbnailUrl\":\"https:\\\/\\\/renatodias.online\\\/movimento\\\/wp-content\\\/uploads\\\/2024\\\/02\\\/Vila-Nova-X-Goiania-e1708305557106.jpg\",\"datePublished\":\"2024-02-19T01:19:30+00:00\",\"dateModified\":\"2025-08-08T12:03:24+00:00\",\"breadcrumb\":{\"@id\":\"https:\\\/\\\/renatodias.online\\\/movimento\\\/2024\\\/02\\\/18\\\/classico\\\/#breadcrumb\"},\"inLanguage\":\"pt-BR\",\"potentialAction\":[{\"@type\":\"ReadAction\",\"target\":[\"https:\\\/\\\/renatodias.online\\\/movimento\\\/2024\\\/02\\\/18\\\/classico\\\/\"]}]},{\"@type\":\"ImageObject\",\"inLanguage\":\"pt-BR\",\"@id\":\"https:\\\/\\\/renatodias.online\\\/movimento\\\/2024\\\/02\\\/18\\\/classico\\\/#primaryimage\",\"url\":\"https:\\\/\\\/renatodias.online\\\/movimento\\\/wp-content\\\/uploads\\\/2024\\\/02\\\/Vila-Nova-X-Goiania-e1708305557106.jpg\",\"contentUrl\":\"https:\\\/\\\/renatodias.online\\\/movimento\\\/wp-content\\\/uploads\\\/2024\\\/02\\\/Vila-Nova-X-Goiania-e1708305557106.jpg\",\"width\":800,\"height\":533},{\"@type\":\"BreadcrumbList\",\"@id\":\"https:\\\/\\\/renatodias.online\\\/movimento\\\/2024\\\/02\\\/18\\\/classico\\\/#breadcrumb\",\"itemListElement\":[{\"@type\":\"ListItem\",\"position\":1,\"name\":\"In\u00edcio\",\"item\":\"https:\\\/\\\/renatodias.online\\\/movimento\\\/\"},{\"@type\":\"ListItem\",\"position\":2,\"name\":\"Cl\u00e1ssico\u00a0\"}]},{\"@type\":\"WebSite\",\"@id\":\"https:\\\/\\\/renatodias.online\\\/movimento\\\/#website\",\"url\":\"https:\\\/\\\/renatodias.online\\\/movimento\\\/\",\"name\":\"\",\"description\":\"\",\"publisher\":{\"@id\":\"https:\\\/\\\/renatodias.online\\\/movimento\\\/#\\\/schema\\\/person\\\/bbab28833b1725a20f4083f49f1fb2a9\"},\"potentialAction\":[{\"@type\":\"SearchAction\",\"target\":{\"@type\":\"EntryPoint\",\"urlTemplate\":\"https:\\\/\\\/renatodias.online\\\/movimento\\\/?s={search_term_string}\"},\"query-input\":{\"@type\":\"PropertyValueSpecification\",\"valueRequired\":true,\"valueName\":\"search_term_string\"}}],\"inLanguage\":\"pt-BR\"},{\"@type\":[\"Person\",\"Organization\"],\"@id\":\"https:\\\/\\\/renatodias.online\\\/movimento\\\/#\\\/schema\\\/person\\\/bbab28833b1725a20f4083f49f1fb2a9\",\"name\":\"Renato Dias\",\"image\":{\"@type\":\"ImageObject\",\"inLanguage\":\"pt-BR\",\"@id\":\"https:\\\/\\\/renatodias.online\\\/movimento\\\/wp-content\\\/uploads\\\/2023\\\/03\\\/cropped-cropped-cropped-logofinal.jpeg\",\"url\":\"https:\\\/\\\/renatodias.online\\\/movimento\\\/wp-content\\\/uploads\\\/2023\\\/03\\\/cropped-cropped-cropped-logofinal.jpeg\",\"contentUrl\":\"https:\\\/\\\/renatodias.online\\\/movimento\\\/wp-content\\\/uploads\\\/2023\\\/03\\\/cropped-cropped-cropped-logofinal.jpeg\",\"width\":1280,\"height\":219,\"caption\":\"Renato Dias\"},\"logo\":{\"@id\":\"https:\\\/\\\/renatodias.online\\\/movimento\\\/wp-content\\\/uploads\\\/2023\\\/03\\\/cropped-cropped-cropped-logofinal.jpeg\"},\"description\":\"Renato Dias, 58 anos, \u00e9 graduado em Jornalismo, formado em Ci\u00eancias Sociais, com p\u00f3s-gradua\u00e7\u00e3o em Pol\u00edticas P\u00fablicas, mestre em Direito e Rela\u00e7\u00f5es Internacionais, ex-aluno extraordin\u00e1rio do Doutorado em Psicologia Social, ex-estudante do Curso de Psican\u00e1lise do Centro de Estudos Psicanal\u00edticos do Estado de Goi\u00e1s, ministrado pelo m\u00e9dico psiquiatra e psicanalista Daniel Em\u00eddio de Souza. \u00c9 autor de 30 livros-reportagem, oito document\u00e1rios, ganhou 30 pr\u00eamios e \u00e9 torcedor apaixonado do maior do Centro-Oeste, o Vila Nova Futebol Clube. Casado com Meirilane Dias, \u00e9 pai de Juliana Dias, jornalista; Daniel Dias, economista; e Maria Rosa Dias, estudante antifascista, socialista e trotskista.\u00a0Com tr\u00eas pets: Porquinho [Bull Dog Franc\u00eas], Dalila [Basset Hound] e Geleia [Basset Hound]. Al\u00e9m do eterno gato Tutuquinho, que virou estrela.\",\"sameAs\":[\"https:\\\/\\\/www.facebook.com\\\/renato.dias.37\",\"#breve\",\"https:\\\/\\\/renatodias.tumblr.com\\\/\"],\"url\":\"https:\\\/\\\/renatodias.online\\\/movimento\\\/author\\\/renatodias\\\/\"}]}<\/script>\n<!-- \/ Yoast SEO plugin. -->","yoast_head_json":{"title":"Cl\u00e1ssico\u00a0 -","robots":{"index":"index","follow":"follow","max-snippet":"max-snippet:-1","max-image-preview":"max-image-preview:large","max-video-preview":"max-video-preview:-1"},"canonical":"https:\/\/renatodias.online\/movimento\/2024\/02\/18\/classico\/","og_locale":"pt_BR","og_type":"article","og_title":"Cl\u00e1ssico\u00a0 -","og_description":"Renato Dias Vila Nova e Goi\u00e2nia disputam tradicional cl\u00e1ssico nesta segunda-feira, \u00e0s 19h30, no est\u00e1dio On\u00e9sio Brasileiro Alvarenga, pela d\u00e9cima rodada do Goian\u00e3o 2024. O Tigr\u00e3o est\u00e1 a um ponto do seu maior rival. A equipe colorada necessita da vit\u00f3ria para chegar com chances de virar l\u00edder na \u00faltima rodada. O pr\u00f3ximo advers\u00e1rio \u00e9 o","og_url":"https:\/\/renatodias.online\/movimento\/2024\/02\/18\/classico\/","article_publisher":"https:\/\/www.facebook.com\/renato.dias.37","article_author":"https:\/\/www.facebook.com\/renato.dias.37","article_published_time":"2024-02-19T01:19:30+00:00","article_modified_time":"2025-08-08T12:03:24+00:00","og_image":[{"width":800,"height":533,"url":"https:\/\/renatodias.online\/movimento\/wp-content\/uploads\/2024\/02\/Vila-Nova-X-Goiania-e1708305557106.jpg","type":"image\/jpeg"}],"author":"Renato Dias","twitter_card":"summary_large_image","twitter_creator":"@RenatoDiasBat","twitter_site":"@RenatoDiasBat","twitter_misc":{"Escrito por":"Renato Dias","Est. tempo de leitura":"4 minutos"},"schema":{"@context":"https:\/\/schema.org","@graph":[{"@type":"Article","@id":"https:\/\/renatodias.online\/movimento\/2024\/02\/18\/classico\/#article","isPartOf":{"@id":"https:\/\/renatodias.online\/movimento\/2024\/02\/18\/classico\/"},"author":{"name":"Renato Dias","@id":"https:\/\/renatodias.online\/movimento\/#\/schema\/person\/bbab28833b1725a20f4083f49f1fb2a9"},"headline":"Cl\u00e1ssico\u00a0","datePublished":"2024-02-19T01:19:30+00:00","dateModified":"2025-08-08T12:03:24+00:00","mainEntityOfPage":{"@id":"https:\/\/renatodias.online\/movimento\/2024\/02\/18\/classico\/"},"wordCount":435,"commentCount":0,"publisher":{"@id":"https:\/\/renatodias.online\/movimento\/#\/schema\/person\/bbab28833b1725a20f4083f49f1fb2a9"},"image":{"@id":"https:\/\/renatodias.online\/movimento\/2024\/02\/18\/classico\/#primaryimage"},"thumbnailUrl":"https:\/\/renatodias.online\/movimento\/wp-content\/uploads\/2024\/02\/Vila-Nova-X-Goiania-e1708305557106.jpg","articleSection":["Cidade","Esporte","Hist\u00f3ria"],"inLanguage":"pt-BR","potentialAction":[{"@type":"CommentAction","name":"Comment","target":["https:\/\/renatodias.online\/movimento\/2024\/02\/18\/classico\/#respond"]}]},{"@type":"WebPage","@id":"https:\/\/renatodias.online\/movimento\/2024\/02\/18\/classico\/","url":"https:\/\/renatodias.online\/movimento\/2024\/02\/18\/classico\/","name":"Cl\u00e1ssico\u00a0 -","isPartOf":{"@id":"https:\/\/renatodias.online\/movimento\/#website"},"primaryImageOfPage":{"@id":"https:\/\/renatodias.online\/movimento\/2024\/02\/18\/classico\/#primaryimage"},"image":{"@id":"https:\/\/renatodias.online\/movimento\/2024\/02\/18\/classico\/#primaryimage"},"thumbnailUrl":"https:\/\/renatodias.online\/movimento\/wp-content\/uploads\/2024\/02\/Vila-Nova-X-Goiania-e1708305557106.jpg","datePublished":"2024-02-19T01:19:30+00:00","dateModified":"2025-08-08T12:03:24+00:00","breadcrumb":{"@id":"https:\/\/renatodias.online\/movimento\/2024\/02\/18\/classico\/#breadcrumb"},"inLanguage":"pt-BR","potentialAction":[{"@type":"ReadAction","target":["https:\/\/renatodias.online\/movimento\/2024\/02\/18\/classico\/"]}]},{"@type":"ImageObject","inLanguage":"pt-BR","@id":"https:\/\/renatodias.online\/movimento\/2024\/02\/18\/classico\/#primaryimage","url":"https:\/\/renatodias.online\/movimento\/wp-content\/uploads\/2024\/02\/Vila-Nova-X-Goiania-e1708305557106.jpg","contentUrl":"https:\/\/renatodias.online\/movimento\/wp-content\/uploads\/2024\/02\/Vila-Nova-X-Goiania-e1708305557106.jpg","width":800,"height":533},{"@type":"BreadcrumbList","@id":"https:\/\/renatodias.online\/movimento\/2024\/02\/18\/classico\/#breadcrumb","itemListElement":[{"@type":"ListItem","position":1,"name":"In\u00edcio","item":"https:\/\/renatodias.online\/movimento\/"},{"@type":"ListItem","position":2,"name":"Cl\u00e1ssico\u00a0"}]},{"@type":"WebSite","@id":"https:\/\/renatodias.online\/movimento\/#website","url":"https:\/\/renatodias.online\/movimento\/","name":"","description":"","publisher":{"@id":"https:\/\/renatodias.online\/movimento\/#\/schema\/person\/bbab28833b1725a20f4083f49f1fb2a9"},"potentialAction":[{"@type":"SearchAction","target":{"@type":"EntryPoint","urlTemplate":"https:\/\/renatodias.online\/movimento\/?s={search_term_string}"},"query-input":{"@type":"PropertyValueSpecification","valueRequired":true,"valueName":"search_term_string"}}],"inLanguage":"pt-BR"},{"@type":["Person","Organization"],"@id":"https:\/\/renatodias.online\/movimento\/#\/schema\/person\/bbab28833b1725a20f4083f49f1fb2a9","name":"Renato Dias","image":{"@type":"ImageObject","inLanguage":"pt-BR","@id":"https:\/\/renatodias.online\/movimento\/wp-content\/uploads\/2023\/03\/cropped-cropped-cropped-logofinal.jpeg","url":"https:\/\/renatodias.online\/movimento\/wp-content\/uploads\/2023\/03\/cropped-cropped-cropped-logofinal.jpeg","contentUrl":"https:\/\/renatodias.online\/movimento\/wp-content\/uploads\/2023\/03\/cropped-cropped-cropped-logofinal.jpeg","width":1280,"height":219,"caption":"Renato Dias"},"logo":{"@id":"https:\/\/renatodias.online\/movimento\/wp-content\/uploads\/2023\/03\/cropped-cropped-cropped-logofinal.jpeg"},"description":"Renato Dias, 58 anos, \u00e9 graduado em Jornalismo, formado em Ci\u00eancias Sociais, com p\u00f3s-gradua\u00e7\u00e3o em Pol\u00edticas P\u00fablicas, mestre em Direito e Rela\u00e7\u00f5es Internacionais, ex-aluno extraordin\u00e1rio do Doutorado em Psicologia Social, ex-estudante do Curso de Psican\u00e1lise do Centro de Estudos Psicanal\u00edticos do Estado de Goi\u00e1s, ministrado pelo m\u00e9dico psiquiatra e psicanalista Daniel Em\u00eddio de Souza. \u00c9 autor de 30 livros-reportagem, oito document\u00e1rios, ganhou 30 pr\u00eamios e \u00e9 torcedor apaixonado do maior do Centro-Oeste, o Vila Nova Futebol Clube. Casado com Meirilane Dias, \u00e9 pai de Juliana Dias, jornalista; Daniel Dias, economista; e Maria Rosa Dias, estudante antifascista, socialista e trotskista.\u00a0Com tr\u00eas pets: Porquinho [Bull Dog Franc\u00eas], Dalila [Basset Hound] e Geleia [Basset Hound]. Al\u00e9m do eterno gato Tutuquinho, que virou estrela.","sameAs":["https:\/\/www.facebook.com\/renato.dias.37","#breve","https:\/\/renatodias.tumblr.com\/"],"url":"https:\/\/renatodias.online\/movimento\/author\/renatodias\/"}]}},"_links":{"self":[{"href":"https:\/\/renatodias.online\/movimento\/wp-json\/wp\/v2\/posts\/19482","targetHints":{"allow":["GET"]}}],"collection":[{"href":"https:\/\/renatodias.online\/movimento\/wp-json\/wp\/v2\/posts"}],"about":[{"href":"https:\/\/renatodias.online\/movimento\/wp-json\/wp\/v2\/types\/post"}],"author":[{"embeddable":true,"href":"https:\/\/renatodias.online\/movimento\/wp-json\/wp\/v2\/users\/2"}],"replies":[{"embeddable":true,"href":"https:\/\/renatodias.online\/movimento\/wp-json\/wp\/v2\/comments?post=19482"}],"version-history":[{"count":2,"href":"https:\/\/renatodias.online\/movimento\/wp-json\/wp\/v2\/posts\/19482\/revisions"}],"predecessor-version":[{"id":21232,"href":"https:\/\/renatodias.online\/movimento\/wp-json\/wp\/v2\/posts\/19482\/revisions\/21232"}],"wp:featuredmedia":[{"embeddable":true,"href":"https:\/\/renatodias.online\/movimento\/wp-json\/wp\/v2\/media\/19486"}],"wp:attachment":[{"href":"https:\/\/renatodias.online\/movimento\/wp-json\/wp\/v2\/media?parent=19482"}],"wp:term":[{"taxonomy":"category","embeddable":true,"href":"https:\/\/renatodias.online\/movimento\/wp-json\/wp\/v2\/categories?post=19482"},{"taxonomy":"post_tag","embeddable":true,"href":"https:\/\/renatodias.online\/movimento\/wp-json\/wp\/v2\/tags?post=19482"}],"curies":[{"name":"wp","href":"https:\/\/api.w.org\/{rel}","templated":true}]}}